{"id":33323,"date":"2023-03-22T14:49:08","date_gmt":"2023-03-22T13:49:08","guid":{"rendered":"https:\/?p=33323"},"modified":"2023-03-22T14:49:08","modified_gmt":"2023-03-22T13:49:08","slug":"ya-esta-disponible-la-grabacion-de-dialogos-luxonomy-esic-con-el-ganso","status":"publish","type":"post","link":"https:\/\/luxonomy.net\/es\/ya-esta-disponible-la-grabacion-de-dialogos-luxonomy-esic-con-el-ganso\/","title":{"rendered":"Ya est\u00e1 disponible la grabaci\u00f3n de Di\u00e1logos LUXONOMY-ESIC con EL GANSO"},"content":{"rendered":"<p>Si no has podido asistir hoy 22 de marzo a <strong>Di\u00e1logos LUXONOMY-ESIC <\/strong>con<strong> Clemente Cebri\u00e1n, cofundador de EL GANSO<\/strong>, o quieres volver a verlo, <strong>ya tienes aqu\u00ed disponible la grabaci\u00f3n<\/strong>.<\/p>\n<div class=\"flex-video widescreen vimeo\"><iframe loading=\"lazy\" title=\"EL GANSO DIA\u0301LOGOS LUXONOMY-ESIC.mp4\" src=\"https:\/\/player.vimeo.com\/video\/810503862?h=84504b04e5&amp;dnt=1&amp;app_id=122963\" width=\"1170\" height=\"658\" frameborder=\"0\" allow=\"autoplay; fullscreen; picture-in-picture\" allowfullscreen><\/iframe><\/div>\n<p>Te recordamos que puedes ver las grabaciones de todos los eventos anteriores\u00a0desde <strong><a href=\"https:\/live\/\" target=\"_blank\" rel=\"noopener\">https:\/live\/<\/a><\/strong><\/p>\n","protected":false},"excerpt":{"rendered":"<p>Si no has podido asistir hoy 22 de marzo a Di\u00e1logos LUXONOMY-ESIC con Clemente Cebri\u00e1n, cofundador de EL GANSO, o quieres volver a verlo, ya tienes aqu\u00ed disponible la grabaci\u00f3n. Te recordamos que puedes ver las grabaciones de todos los eventos anteriores\u00a0desde https:\/live\/<\/p>\n","protected":false},"author":1,"featured_media":33324,"comment_status":"open","ping_status":"open","sticky":false,"template":"","format":"video","meta":{"_jetpack_newsletter_access":"","_jetpack_dont_email_post_to_subs":false,"_jetpack_newsletter_tier_id":0,"_jetpack_memberships_contains_paywalled_content":false,"_jetpack_feature_clip_id":0,"_jetpack_memberships_contains_paid_content":false,"footnotes":"","jetpack_publicize_message":"","jetpack_publicize_feature_enabled":true,"jetpack_social_post_already_shared":true,"jetpack_social_options":{"image_generator_settings":{"template":"edge","default_image_id":0,"font":"","enabled":false},"version":2},"jetpack_post_was_ever_published":false},"categories":[227,799],"tags":[2082,1846,2081,228],"thb-sponsors":[],"class_list":["post-33323","post","type-post","status-publish","format-video","has-post-thumbnail","hentry","category-eventos","category-luxonomy-tv","tag-clemente-cebrian","tag-dialogos-luxonomy-esic","tag-el-ganso","tag-eventos","post_format-post-format-video"],"yoast_head":"<!-- This site is optimized with the Yoast SEO plugin v28.4 - https:\/\/yoast.com\/product\/yoast-seo-wordpress\/ -->\n<title>Ya est\u00e1 disponible la grabaci\u00f3n de Di\u00e1logos LUXONOMY-ESIC con EL GANSO | LUXONOMY<\/title>\n<meta name=\"robots\" content=\"index, follow, max-snippet:-1, max-image-preview:large, max-video-preview:-1\" \/>\n<link rel=\"canonical\" href=\"https:\/\/luxonomy.net\/es\/ya-esta-disponible-la-grabacion-de-dialogos-luxonomy-esic-con-el-ganso\/\" \/>\n<meta property=\"og:locale\" content=\"es_ES\" \/>\n<meta property=\"og:type\" content=\"article\" \/>\n<meta property=\"og:title\" content=\"Ya est\u00e1 disponible la grabaci\u00f3n de Di\u00e1logos LUXONOMY-ESIC con EL GANSO | LUXONOMY\" \/>\n<meta property=\"og:description\" content=\"Si no has podido asistir hoy 22 de marzo a Di\u00e1logos LUXONOMY-ESIC con Clemente Cebri\u00e1n, cofundador de EL GANSO, o quieres volver a verlo, ya tienes aqu\u00ed disponible la grabaci\u00f3n. Te recordamos que puedes ver las grabaciones de todos los eventos anteriores\u00a0desde https:\/live\/\" \/>\n<meta property=\"og:url\" content=\"https:\/\/luxonomy.net\/es\/ya-esta-disponible-la-grabacion-de-dialogos-luxonomy-esic-con-el-ganso\/\" \/>\n<meta property=\"og:site_name\" content=\"LUXONOMY\" \/>\n<meta property=\"article:publisher\" content=\"https:\/\/www.facebook.com\/luxonomy\" \/>\n<meta property=\"article:published_time\" content=\"2023-03-22T13:49:08+00:00\" \/>\n<meta property=\"og:image\" content=\"https:\/\/i0.wp.com\/luxonomy.net\/wp-content\/uploads\/2023\/03\/Captura-de-pantalla-2023-03-22-a-las-14.30.49.png?fit=1660%2C942&quality=80&ssl=1\" \/>\n\t<meta property=\"og:image:width\" content=\"1660\" \/>\n\t<meta property=\"og:image:height\" content=\"942\" \/>\n\t<meta property=\"og:image:type\" content=\"image\/png\" \/>\n<meta name=\"author\" content=\"LUXONOMY\" \/>\n<meta name=\"twitter:card\" content=\"summary_large_image\" \/>\n<meta name=\"twitter:label1\" content=\"Escrito por\" \/>\n\t<meta name=\"twitter:data1\" content=\"LUXONOMY\" \/>\n\t<meta name=\"twitter:label2\" content=\"Tiempo de lectura\" \/>\n\t<meta name=\"twitter:data2\" content=\"1 minuto\" \/>\n<script type=\"application\/ld+json\" class=\"yoast-schema-graph\">{\"@context\":\"https:\\\/\\\/schema.org\",\"@graph\":[{\"@type\":\"Article\",\"@id\":\"https:\\\/\\\/luxonomy.net\\\/es\\\/ya-esta-disponible-la-grabacion-de-dialogos-luxonomy-esic-con-el-ganso\\\/#article\",\"isPartOf\":{\"@id\":\"https:\\\/\\\/luxonomy.net\\\/es\\\/ya-esta-disponible-la-grabacion-de-dialogos-luxonomy-esic-con-el-ganso\\\/\"},\"author\":{\"name\":\"LUXONOMY\",\"@id\":\"https:\\\/\\\/luxonomy.net\\\/es\\\/#\\\/schema\\\/person\\\/ca588d8b741a1fdd9065289c8d98ee8c\"},\"headline\":\"Ya est\u00e1 disponible la grabaci\u00f3n de Di\u00e1logos LUXONOMY-ESIC con EL GANSO\",\"datePublished\":\"2023-03-22T13:49:08+00:00\",\"mainEntityOfPage\":{\"@id\":\"https:\\\/\\\/luxonomy.net\\\/es\\\/ya-esta-disponible-la-grabacion-de-dialogos-luxonomy-esic-con-el-ganso\\\/\"},\"wordCount\":65,\"commentCount\":0,\"publisher\":{\"@id\":\"https:\\\/\\\/luxonomy.net\\\/es\\\/#organization\"},\"image\":{\"@id\":\"https:\\\/\\\/luxonomy.net\\\/es\\\/ya-esta-disponible-la-grabacion-de-dialogos-luxonomy-esic-con-el-ganso\\\/#primaryimage\"},\"thumbnailUrl\":\"https:\\\/\\\/i0.wp.com\\\/luxonomy.net\\\/wp-content\\\/uploads\\\/2023\\\/03\\\/Captura-de-pantalla-2023-03-22-a-las-14.30.49.png?fit=1660%2C942&ssl=1\",\"keywords\":[\"Clemente Cebri\u00e1n\",\"DIALOGOS LUXONOMY-ESIC\",\"El Ganso\",\"Eventos\"],\"articleSection\":[\"Eventos\",\"LUXONOMY TV\"],\"inLanguage\":\"es\",\"potentialAction\":[{\"@type\":\"CommentAction\",\"name\":\"Comment\",\"target\":[\"https:\\\/\\\/luxonomy.net\\\/es\\\/ya-esta-disponible-la-grabacion-de-dialogos-luxonomy-esic-con-el-ganso\\\/#respond\"]}]},{\"@type\":\"WebPage\",\"@id\":\"https:\\\/\\\/luxonomy.net\\\/es\\\/ya-esta-disponible-la-grabacion-de-dialogos-luxonomy-esic-con-el-ganso\\\/\",\"url\":\"https:\\\/\\\/luxonomy.net\\\/es\\\/ya-esta-disponible-la-grabacion-de-dialogos-luxonomy-esic-con-el-ganso\\\/\",\"name\":\"Ya est\u00e1 disponible la grabaci\u00f3n de Di\u00e1logos LUXONOMY-ESIC con EL GANSO | LUXONOMY\",\"isPartOf\":{\"@id\":\"https:\\\/\\\/luxonomy.net\\\/es\\\/#website\"},\"primaryImageOfPage\":{\"@id\":\"https:\\\/\\\/luxonomy.net\\\/es\\\/ya-esta-disponible-la-grabacion-de-dialogos-luxonomy-esic-con-el-ganso\\\/#primaryimage\"},\"image\":{\"@id\":\"https:\\\/\\\/luxonomy.net\\\/es\\\/ya-esta-disponible-la-grabacion-de-dialogos-luxonomy-esic-con-el-ganso\\\/#primaryimage\"},\"thumbnailUrl\":\"https:\\\/\\\/i0.wp.com\\\/luxonomy.net\\\/wp-content\\\/uploads\\\/2023\\\/03\\\/Captura-de-pantalla-2023-03-22-a-las-14.30.49.png?fit=1660%2C942&ssl=1\",\"datePublished\":\"2023-03-22T13:49:08+00:00\",\"breadcrumb\":{\"@id\":\"https:\\\/\\\/luxonomy.net\\\/es\\\/ya-esta-disponible-la-grabacion-de-dialogos-luxonomy-esic-con-el-ganso\\\/#breadcrumb\"},\"inLanguage\":\"es\",\"potentialAction\":[{\"@type\":\"ReadAction\",\"target\":[\"https:\\\/\\\/luxonomy.net\\\/es\\\/ya-esta-disponible-la-grabacion-de-dialogos-luxonomy-esic-con-el-ganso\\\/\"]}]},{\"@type\":\"ImageObject\",\"inLanguage\":\"es\",\"@id\":\"https:\\\/\\\/luxonomy.net\\\/es\\\/ya-esta-disponible-la-grabacion-de-dialogos-luxonomy-esic-con-el-ganso\\\/#primaryimage\",\"url\":\"https:\\\/\\\/i0.wp.com\\\/luxonomy.net\\\/wp-content\\\/uploads\\\/2023\\\/03\\\/Captura-de-pantalla-2023-03-22-a-las-14.30.49.png?fit=1660%2C942&ssl=1\",\"contentUrl\":\"https:\\\/\\\/i0.wp.com\\\/luxonomy.net\\\/wp-content\\\/uploads\\\/2023\\\/03\\\/Captura-de-pantalla-2023-03-22-a-las-14.30.49.png?fit=1660%2C942&ssl=1\",\"width\":1660,\"height\":942},{\"@type\":\"BreadcrumbList\",\"@id\":\"https:\\\/\\\/luxonomy.net\\\/es\\\/ya-esta-disponible-la-grabacion-de-dialogos-luxonomy-esic-con-el-ganso\\\/#breadcrumb\",\"itemListElement\":[{\"@type\":\"ListItem\",\"position\":1,\"name\":\"Portada\",\"item\":\"https:\\\/\\\/luxonomy.net\\\/es\\\/\"},{\"@type\":\"ListItem\",\"position\":2,\"name\":\"Ya est\u00e1 disponible la grabaci\u00f3n de Di\u00e1logos LUXONOMY-ESIC con EL GANSO\"}]},{\"@type\":\"WebSite\",\"@id\":\"https:\\\/\\\/luxonomy.net\\\/es\\\/#website\",\"url\":\"https:\\\/\\\/luxonomy.net\\\/es\\\/\",\"name\":\"LUXONOMY\",\"description\":\"The Economy of Fashion &amp; Luxury\",\"publisher\":{\"@id\":\"https:\\\/\\\/luxonomy.net\\\/es\\\/#organization\"},\"potentialAction\":[{\"@type\":\"SearchAction\",\"target\":{\"@type\":\"EntryPoint\",\"urlTemplate\":\"https:\\\/\\\/luxonomy.net\\\/es\\\/?s={search_term_string}\"},\"query-input\":{\"@type\":\"PropertyValueSpecification\",\"valueRequired\":true,\"valueName\":\"search_term_string\"}}],\"inLanguage\":\"es\"},{\"@type\":\"Organization\",\"@id\":\"https:\\\/\\\/luxonomy.net\\\/es\\\/#organization\",\"name\":\"LUXONOMY\",\"url\":\"https:\\\/\\\/luxonomy.net\\\/es\\\/\",\"logo\":{\"@type\":\"ImageObject\",\"inLanguage\":\"es\",\"@id\":\"https:\\\/\\\/luxonomy.net\\\/es\\\/#\\\/schema\\\/logo\\\/image\\\/\",\"url\":\"https:\\\/\\\/i2.wp.com\\\/luxonomy.net\\\/wp-content\\\/uploads\\\/2021\\\/09\\\/MOCKUP-TODOS-LUXONOMY.jpg?fit=1000%2C515&ssl=1\",\"contentUrl\":\"https:\\\/\\\/i2.wp.com\\\/luxonomy.net\\\/wp-content\\\/uploads\\\/2021\\\/09\\\/MOCKUP-TODOS-LUXONOMY.jpg?fit=1000%2C515&ssl=1\",\"width\":1000,\"height\":515,\"caption\":\"LUXONOMY\"},\"image\":{\"@id\":\"https:\\\/\\\/luxonomy.net\\\/es\\\/#\\\/schema\\\/logo\\\/image\\\/\"},\"sameAs\":[\"https:\\\/\\\/www.facebook.com\\\/luxonomy\",\"https:\\\/\\\/www.instagram.com\\\/luxonomy\\\/\",\"https:\\\/\\\/www.linkedin.com\\\/company\\\/luxonomy\\\/\"]},{\"@type\":\"Person\",\"@id\":\"https:\\\/\\\/luxonomy.net\\\/es\\\/#\\\/schema\\\/person\\\/ca588d8b741a1fdd9065289c8d98ee8c\",\"name\":\"LUXONOMY\",\"image\":{\"@type\":\"ImageObject\",\"inLanguage\":\"es\",\"@id\":\"https:\\\/\\\/luxonomy.net\\\/wp-content\\\/litespeed\\\/avatar\\\/a6436cdb14fdaf9c21808e63d0da2055.jpg?ver=1788366758\",\"url\":\"https:\\\/\\\/luxonomy.net\\\/wp-content\\\/litespeed\\\/avatar\\\/a6436cdb14fdaf9c21808e63d0da2055.jpg?ver=1788366758\",\"contentUrl\":\"https:\\\/\\\/luxonomy.net\\\/wp-content\\\/litespeed\\\/avatar\\\/a6436cdb14fdaf9c21808e63d0da2055.jpg?ver=1788366758\",\"caption\":\"LUXONOMY\"},\"sameAs\":[\"https:\\\/\"],\"url\":\"https:\\\/\\\/luxonomy.net\\\/es\\\/author\\\/luxonomy\\\/\"}]}<\/script>\n<!-- \/ Yoast SEO plugin. -->","yoast_head_json":{"title":"Ya est\u00e1 disponible la grabaci\u00f3n de Di\u00e1logos LUXONOMY-ESIC con EL GANSO | LUXONOMY","robots":{"index":"index","follow":"follow","max-snippet":"max-snippet:-1","max-image-preview":"max-image-preview:large","max-video-preview":"max-video-preview:-1"},"canonical":"https:\/\/luxonomy.net\/es\/ya-esta-disponible-la-grabacion-de-dialogos-luxonomy-esic-con-el-ganso\/","og_locale":"es_ES","og_type":"article","og_title":"Ya est\u00e1 disponible la grabaci\u00f3n de Di\u00e1logos LUXONOMY-ESIC con EL GANSO | LUXONOMY","og_description":"Si no has podido asistir hoy 22 de marzo a Di\u00e1logos LUXONOMY-ESIC con Clemente Cebri\u00e1n, cofundador de EL GANSO, o quieres volver a verlo, ya tienes aqu\u00ed disponible la grabaci\u00f3n. Te recordamos que puedes ver las grabaciones de todos los eventos anteriores\u00a0desde https:\/live\/","og_url":"https:\/\/luxonomy.net\/es\/ya-esta-disponible-la-grabacion-de-dialogos-luxonomy-esic-con-el-ganso\/","og_site_name":"LUXONOMY","article_publisher":"https:\/\/www.facebook.com\/luxonomy","article_published_time":"2023-03-22T13:49:08+00:00","og_image":[{"width":1660,"height":942,"url":"https:\/\/i0.wp.com\/luxonomy.net\/wp-content\/uploads\/2023\/03\/Captura-de-pantalla-2023-03-22-a-las-14.30.49.png?fit=1660%2C942&quality=80&ssl=1","type":"image\/png"}],"author":"LUXONOMY","twitter_card":"summary_large_image","twitter_misc":{"Escrito por":"LUXONOMY","Tiempo de lectura":"1 minuto"},"schema":{"@context":"https:\/\/schema.org","@graph":[{"@type":"Article","@id":"https:\/\/luxonomy.net\/es\/ya-esta-disponible-la-grabacion-de-dialogos-luxonomy-esic-con-el-ganso\/#article","isPartOf":{"@id":"https:\/\/luxonomy.net\/es\/ya-esta-disponible-la-grabacion-de-dialogos-luxonomy-esic-con-el-ganso\/"},"author":{"name":"LUXONOMY","@id":"https:\/\/luxonomy.net\/es\/#\/schema\/person\/ca588d8b741a1fdd9065289c8d98ee8c"},"headline":"Ya est\u00e1 disponible la grabaci\u00f3n de Di\u00e1logos LUXONOMY-ESIC con EL GANSO","datePublished":"2023-03-22T13:49:08+00:00","mainEntityOfPage":{"@id":"https:\/\/luxonomy.net\/es\/ya-esta-disponible-la-grabacion-de-dialogos-luxonomy-esic-con-el-ganso\/"},"wordCount":65,"commentCount":0,"publisher":{"@id":"https:\/\/luxonomy.net\/es\/#organization"},"image":{"@id":"https:\/\/luxonomy.net\/es\/ya-esta-disponible-la-grabacion-de-dialogos-luxonomy-esic-con-el-ganso\/#primaryimage"},"thumbnailUrl":"https:\/\/i0.wp.com\/luxonomy.net\/wp-content\/uploads\/2023\/03\/Captura-de-pantalla-2023-03-22-a-las-14.30.49.png?fit=1660%2C942&ssl=1","keywords":["Clemente Cebri\u00e1n","DIALOGOS LUXONOMY-ESIC","El Ganso","Eventos"],"articleSection":["Eventos","LUXONOMY TV"],"inLanguage":"es","potentialAction":[{"@type":"CommentAction","name":"Comment","target":["https:\/\/luxonomy.net\/es\/ya-esta-disponible-la-grabacion-de-dialogos-luxonomy-esic-con-el-ganso\/#respond"]}]},{"@type":"WebPage","@id":"https:\/\/luxonomy.net\/es\/ya-esta-disponible-la-grabacion-de-dialogos-luxonomy-esic-con-el-ganso\/","url":"https:\/\/luxonomy.net\/es\/ya-esta-disponible-la-grabacion-de-dialogos-luxonomy-esic-con-el-ganso\/","name":"Ya est\u00e1 disponible la grabaci\u00f3n de Di\u00e1logos LUXONOMY-ESIC con EL GANSO | LUXONOMY","isPartOf":{"@id":"https:\/\/luxonomy.net\/es\/#website"},"primaryImageOfPage":{"@id":"https:\/\/luxonomy.net\/es\/ya-esta-disponible-la-grabacion-de-dialogos-luxonomy-esic-con-el-ganso\/#primaryimage"},"image":{"@id":"https:\/\/luxonomy.net\/es\/ya-esta-disponible-la-grabacion-de-dialogos-luxonomy-esic-con-el-ganso\/#primaryimage"},"thumbnailUrl":"https:\/\/i0.wp.com\/luxonomy.net\/wp-content\/uploads\/2023\/03\/Captura-de-pantalla-2023-03-22-a-las-14.30.49.png?fit=1660%2C942&ssl=1","datePublished":"2023-03-22T13:49:08+00:00","breadcrumb":{"@id":"https:\/\/luxonomy.net\/es\/ya-esta-disponible-la-grabacion-de-dialogos-luxonomy-esic-con-el-ganso\/#breadcrumb"},"inLanguage":"es","potentialAction":[{"@type":"ReadAction","target":["https:\/\/luxonomy.net\/es\/ya-esta-disponible-la-grabacion-de-dialogos-luxonomy-esic-con-el-ganso\/"]}]},{"@type":"ImageObject","inLanguage":"es","@id":"https:\/\/luxonomy.net\/es\/ya-esta-disponible-la-grabacion-de-dialogos-luxonomy-esic-con-el-ganso\/#primaryimage","url":"https:\/\/i0.wp.com\/luxonomy.net\/wp-content\/uploads\/2023\/03\/Captura-de-pantalla-2023-03-22-a-las-14.30.49.png?fit=1660%2C942&ssl=1","contentUrl":"https:\/\/i0.wp.com\/luxonomy.net\/wp-content\/uploads\/2023\/03\/Captura-de-pantalla-2023-03-22-a-las-14.30.49.png?fit=1660%2C942&ssl=1","width":1660,"height":942},{"@type":"BreadcrumbList","@id":"https:\/\/luxonomy.net\/es\/ya-esta-disponible-la-grabacion-de-dialogos-luxonomy-esic-con-el-ganso\/#breadcrumb","itemListElement":[{"@type":"ListItem","position":1,"name":"Portada","item":"https:\/\/luxonomy.net\/es\/"},{"@type":"ListItem","position":2,"name":"Ya est\u00e1 disponible la grabaci\u00f3n de Di\u00e1logos LUXONOMY-ESIC con EL GANSO"}]},{"@type":"WebSite","@id":"https:\/\/luxonomy.net\/es\/#website","url":"https:\/\/luxonomy.net\/es\/","name":"LUXONOMY","description":"The Economy of Fashion &amp; Luxury","publisher":{"@id":"https:\/\/luxonomy.net\/es\/#organization"},"potentialAction":[{"@type":"SearchAction","target":{"@type":"EntryPoint","urlTemplate":"https:\/\/luxonomy.net\/es\/?s={search_term_string}"},"query-input":{"@type":"PropertyValueSpecification","valueRequired":true,"valueName":"search_term_string"}}],"inLanguage":"es"},{"@type":"Organization","@id":"https:\/\/luxonomy.net\/es\/#organization","name":"LUXONOMY","url":"https:\/\/luxonomy.net\/es\/","logo":{"@type":"ImageObject","inLanguage":"es","@id":"https:\/\/luxonomy.net\/es\/#\/schema\/logo\/image\/","url":"https:\/\/i2.wp.com\/luxonomy.net\/wp-content\/uploads\/2021\/09\/MOCKUP-TODOS-LUXONOMY.jpg?fit=1000%2C515&ssl=1","contentUrl":"https:\/\/i2.wp.com\/luxonomy.net\/wp-content\/uploads\/2021\/09\/MOCKUP-TODOS-LUXONOMY.jpg?fit=1000%2C515&ssl=1","width":1000,"height":515,"caption":"LUXONOMY"},"image":{"@id":"https:\/\/luxonomy.net\/es\/#\/schema\/logo\/image\/"},"sameAs":["https:\/\/www.facebook.com\/luxonomy","https:\/\/www.instagram.com\/luxonomy\/","https:\/\/www.linkedin.com\/company\/luxonomy\/"]},{"@type":"Person","@id":"https:\/\/luxonomy.net\/es\/#\/schema\/person\/ca588d8b741a1fdd9065289c8d98ee8c","name":"LUXONOMY","image":{"@type":"ImageObject","inLanguage":"es","@id":"https:\/\/luxonomy.net\/wp-content\/litespeed\/avatar\/a6436cdb14fdaf9c21808e63d0da2055.jpg?ver=1788366758","url":"https:\/\/luxonomy.net\/wp-content\/litespeed\/avatar\/a6436cdb14fdaf9c21808e63d0da2055.jpg?ver=1788366758","contentUrl":"https:\/\/luxonomy.net\/wp-content\/litespeed\/avatar\/a6436cdb14fdaf9c21808e63d0da2055.jpg?ver=1788366758","caption":"LUXONOMY"},"sameAs":["https:\/"],"url":"https:\/\/luxonomy.net\/es\/author\/luxonomy\/"}]}},"jetpack_publicize_connections":[],"jetpack_shortlink":"https:\/\/wp.me\/paPhBa-8Ft","jetpack_sharing_enabled":true,"jetpack_featured_media_url":"https:\/\/i0.wp.com\/luxonomy.net\/wp-content\/uploads\/2023\/03\/Captura-de-pantalla-2023-03-22-a-las-14.30.49.png?fit=1660%2C942&ssl=1","_links":{"self":[{"href":"https:\/\/luxonomy.net\/es\/wp-json\/wp\/v2\/posts\/33323","targetHints":{"allow":["GET"]}}],"collection":[{"href":"https:\/\/luxonomy.net\/es\/wp-json\/wp\/v2\/posts"}],"about":[{"href":"https:\/\/luxonomy.net\/es\/wp-json\/wp\/v2\/types\/post"}],"author":[{"embeddable":true,"href":"https:\/\/luxonomy.net\/es\/wp-json\/wp\/v2\/users\/1"}],"replies":[{"embeddable":true,"href":"https:\/\/luxonomy.net\/es\/wp-json\/wp\/v2\/comments?post=33323"}],"version-history":[{"count":1,"href":"https:\/\/luxonomy.net\/es\/wp-json\/wp\/v2\/posts\/33323\/revisions"}],"predecessor-version":[{"id":33326,"href":"https:\/\/luxonomy.net\/es\/wp-json\/wp\/v2\/posts\/33323\/revisions\/33326"}],"wp:featuredmedia":[{"embeddable":true,"href":"https:\/\/luxonomy.net\/es\/wp-json\/wp\/v2\/media\/33324"}],"wp:attachment":[{"href":"https:\/\/luxonomy.net\/es\/wp-json\/wp\/v2\/media?parent=33323"}],"wp:term":[{"taxonomy":"category","embeddable":true,"href":"https:\/\/luxonomy.net\/es\/wp-json\/wp\/v2\/categories?post=33323"},{"taxonomy":"post_tag","embeddable":true,"href":"https:\/\/luxonomy.net\/es\/wp-json\/wp\/v2\/tags?post=33323"},{"taxonomy":"thb-sponsors","embeddable":true,"href":"https:\/\/luxonomy.net\/es\/wp-json\/wp\/v2\/thb-sponsors?post=33323"}],"curies":[{"name":"wp","href":"https:\/\/api.w.org\/{rel}","templated":true}]}}