{"id":32978,"date":"2023-02-28T16:24:10","date_gmt":"2023-02-28T15:24:10","guid":{"rendered":"https:\/?p=32978"},"modified":"2023-02-28T16:36:05","modified_gmt":"2023-02-28T15:36:05","slug":"lvmh-fija-sus-objetivos-en-la-compra-de-cartier","status":"publish","type":"post","link":"https:\/\/luxonomy.net\/es\/lvmh-fija-sus-objetivos-en-la-compra-de-cartier\/","title":{"rendered":"LVMH fija sus objetivos en la compra de Cartier"},"content":{"rendered":"<p>Seg\u00fan un informe del peri\u00f3dico suizo Finanz und Wirtschaft, <strong>LVMH est\u00e1 buscando adquirir a Cartier de Richemont<\/strong>, como complemento a Tiffany &amp; Co., que compr\u00f3 en 2021. El conglomerado de lujo franc\u00e9s LVMH ha puesto su mirada en Cartier, uni\u00e9ndolo a su cartera de marcas de joyer\u00eda, incluyendo <strong>Tiffany &amp; Co. y Hublot<\/strong>.<\/p>\n<p>Mejor conocido por sus joyas y relojes de lujo, la adquisici\u00f3n de <strong>la marca de joyer\u00eda francesa ayudar\u00eda a LVMH a crecer su segmento de joyer\u00eda<\/strong> para igualar su sector de cuero y moda de lujo.<\/p>\n<p>De acuerdo con el informe, la familia <strong>Rupert<\/strong>, que tiene una participaci\u00f3n controladora en Cartier, es <strong>reacia a la venta<\/strong> y probablemente intentar\u00e1 resistir la venta.<\/p><div id=\"luxon-1945246521\" class=\"luxon-3er-parrafo luxon-entity-placement\" style=\"margin-top: 20px;margin-bottom: 20px;margin-left: auto;margin-right: auto;text-align: center;\"><a href=\"https:\/\/luxonomy.university\/course\/master-turismo-de-lujo\" target=\"_blank\" aria-label=\"master-turismo-lujo-2026-2027\"><img loading=\"lazy\" decoding=\"async\" src=\"https:\/\/i0.wp.com\/luxonomy.net\/wp-content\/uploads\/2020\/07\/master-turismo-lujo-2026-2027.jpg?fit=1672%2C941&#038;ssl=1\" alt=\"\"  srcset=\"https:\/\/i0.wp.com\/luxonomy.net\/wp-content\/uploads\/2020\/07\/master-turismo-lujo-2026-2027.jpg?w=1672&ssl=1 1672w, https:\/\/i0.wp.com\/luxonomy.net\/wp-content\/uploads\/2020\/07\/master-turismo-lujo-2026-2027.jpg?resize=300%2C169&ssl=1 300w, https:\/\/i0.wp.com\/luxonomy.net\/wp-content\/uploads\/2020\/07\/master-turismo-lujo-2026-2027.jpg?resize=1024%2C576&ssl=1 1024w, https:\/\/i0.wp.com\/luxonomy.net\/wp-content\/uploads\/2020\/07\/master-turismo-lujo-2026-2027.jpg?resize=768%2C432&ssl=1 768w, https:\/\/i0.wp.com\/luxonomy.net\/wp-content\/uploads\/2020\/07\/master-turismo-lujo-2026-2027.jpg?resize=1536%2C864&ssl=1 1536w, https:\/\/i0.wp.com\/luxonomy.net\/wp-content\/uploads\/2020\/07\/master-turismo-lujo-2026-2027.jpg?resize=370%2C208&ssl=1 370w, https:\/\/i0.wp.com\/luxonomy.net\/wp-content\/uploads\/2020\/07\/master-turismo-lujo-2026-2027.jpg?resize=800%2C450&ssl=1 800w, https:\/\/i0.wp.com\/luxonomy.net\/wp-content\/uploads\/2020\/07\/master-turismo-lujo-2026-2027.jpg?resize=20%2C11&ssl=1 20w, https:\/\/i0.wp.com\/luxonomy.net\/wp-content\/uploads\/2020\/07\/master-turismo-lujo-2026-2027.jpg?resize=740%2C416&ssl=1 740w, https:\/\/i0.wp.com\/luxonomy.net\/wp-content\/uploads\/2020\/07\/master-turismo-lujo-2026-2027.jpg?resize=1600%2C900&ssl=1 1600w, https:\/\/i0.wp.com\/luxonomy.net\/wp-content\/uploads\/2020\/07\/master-turismo-lujo-2026-2027.jpg?resize=1200%2C675&ssl=1 1200w, https:\/\/i0.wp.com\/luxonomy.net\/wp-content\/uploads\/2020\/07\/master-turismo-lujo-2026-2027.jpg?resize=85%2C48&ssl=1 85w\" sizes=\"(max-width: 1170px) 100vw, 1170px\" class=\"no-lazyload\" width=\"1672\" height=\"941\"   \/><\/a><\/div>\n<p><strong>LVMH, con m\u00e1s de 75 marcas de lujo<\/strong>, inform\u00f3 un <strong>crecimiento de las ventas del 23%, \u20ac79.1 mil millones en 2022<\/strong>, con el segmento de moda y art\u00edculos de cuero alcanzando <strong>niveles &#8220;r\u00e9cord&#8221;.<\/strong><\/p>\n<p>El conglomerado de lujo vio un <strong>aumento de las ventas del 25%, \u20ac38.6 mil millones<\/strong>, con las ventas de <strong>Louis Vuitton<\/strong> superando los \u20ac20 mil millones por primera vez. El crecimiento tambi\u00e9n fue impulsado por <strong>Christian Dior, Celine, Fendi, Loewe y Marc Jacobs.<\/strong><\/p>\n<p>El <strong>\u00e1rea de negocio de relojes y joyer\u00eda registr\u00f3 un crecimiento de las ventas del 18%, \u20ac10.5 mil millones<\/strong>, con &#8220;sostenido impulso creativo&#8221; de <strong>Tiffany, Bulgari y TAG Heuer<\/strong>.<\/p>\n","protected":false},"excerpt":{"rendered":"<p>Seg\u00fan un informe del peri\u00f3dico suizo Finanz und Wirtschaft, LVMH est\u00e1 buscando adquirir a Cartier de Richemont, como complemento a Tiffany &amp; Co., que compr\u00f3 en 2021. El conglomerado de lujo franc\u00e9s LVMH ha puesto su mirada en Cartier, uni\u00e9ndolo a su cartera de marcas de joyer\u00eda, incluyendo Tiffany &amp; Co. y Hublot. Mejor conocido&hellip;<\/p>\n","protected":false},"author":19,"featured_media":32977,"comment_status":"open","ping_status":"open","sticky":false,"template":"","format":"standard","meta":{"_jetpack_newsletter_access":"","_jetpack_dont_email_post_to_subs":false,"_jetpack_newsletter_tier_id":0,"_jetpack_memberships_contains_paywalled_content":false,"_jetpack_feature_clip_id":0,"_jetpack_memberships_contains_paid_content":false,"footnotes":"","jetpack_publicize_message":"","jetpack_publicize_feature_enabled":true,"jetpack_social_post_already_shared":true,"jetpack_social_options":{"image_generator_settings":{"template":"edge","default_image_id":0,"font":"","enabled":false},"version":2},"jetpack_post_was_ever_published":false},"categories":[1128],"tags":[878,552,789],"thb-sponsors":[],"class_list":["post-32978","post","type-post","status-publish","format-standard","has-post-thumbnail","hentry","category-economia","tag-cartier","tag-economia","tag-richemont"],"yoast_head":"<!-- This site is optimized with the Yoast SEO plugin v28.4 - https:\/\/yoast.com\/product\/yoast-seo-wordpress\/ -->\n<title>LVMH fija sus objetivos en la compra de Cartier | LUXONOMY<\/title>\n<meta name=\"robots\" content=\"index, follow, max-snippet:-1, max-image-preview:large, max-video-preview:-1\" \/>\n<link rel=\"canonical\" href=\"https:\/\/luxonomy.net\/es\/lvmh-fija-sus-objetivos-en-la-compra-de-cartier\/\" \/>\n<meta property=\"og:locale\" content=\"es_ES\" \/>\n<meta property=\"og:type\" content=\"article\" \/>\n<meta property=\"og:title\" content=\"LVMH fija sus objetivos en la compra de Cartier | LUXONOMY\" \/>\n<meta property=\"og:description\" content=\"Seg\u00fan un informe del peri\u00f3dico suizo Finanz und Wirtschaft, LVMH est\u00e1 buscando adquirir a Cartier de Richemont, como complemento a Tiffany &amp; Co., que compr\u00f3 en 2021. El conglomerado de lujo franc\u00e9s LVMH ha puesto su mirada en Cartier, uni\u00e9ndolo a su cartera de marcas de joyer\u00eda, incluyendo Tiffany &amp; Co. y Hublot. Mejor conocido&hellip;\" \/>\n<meta property=\"og:url\" content=\"https:\/\/luxonomy.net\/es\/lvmh-fija-sus-objetivos-en-la-compra-de-cartier\/\" \/>\n<meta property=\"og:site_name\" content=\"LUXONOMY\" \/>\n<meta property=\"article:publisher\" content=\"https:\/\/www.facebook.com\/luxonomy\" \/>\n<meta property=\"article:published_time\" content=\"2023-02-28T15:24:10+00:00\" \/>\n<meta property=\"article:modified_time\" content=\"2023-02-28T15:36:05+00:00\" \/>\n<meta property=\"og:image\" content=\"https:\/\/i0.wp.com\/luxonomy.net\/wp-content\/uploads\/2023\/02\/Captura-de-pantalla-2023-02-28-a-las-16.23.32.png?fit=1726%2C1190&quality=80&ssl=1\" \/>\n\t<meta property=\"og:image:width\" content=\"1726\" \/>\n\t<meta property=\"og:image:height\" content=\"1190\" \/>\n\t<meta property=\"og:image:type\" content=\"image\/png\" \/>\n<meta name=\"author\" content=\"Pablo Guti\u00e9rrez-Rav\u00e9 Villal\u00f3n\" \/>\n<meta name=\"twitter:card\" content=\"summary_large_image\" \/>\n<meta name=\"twitter:label1\" content=\"Escrito por\" \/>\n\t<meta name=\"twitter:data1\" content=\"Pablo Guti\u00e9rrez-Rav\u00e9 Villal\u00f3n\" \/>\n\t<meta name=\"twitter:label2\" content=\"Tiempo de lectura\" \/>\n\t<meta name=\"twitter:data2\" content=\"1 minuto\" \/>\n<script type=\"application\/ld+json\" class=\"yoast-schema-graph\">{\"@context\":\"https:\\\/\\\/schema.org\",\"@graph\":[{\"@type\":\"Article\",\"@id\":\"https:\\\/\\\/luxonomy.net\\\/es\\\/lvmh-fija-sus-objetivos-en-la-compra-de-cartier\\\/#article\",\"isPartOf\":{\"@id\":\"https:\\\/\\\/luxonomy.net\\\/es\\\/lvmh-fija-sus-objetivos-en-la-compra-de-cartier\\\/\"},\"author\":{\"name\":\"Pablo Guti\u00e9rrez-Rav\u00e9 Villal\u00f3n\",\"@id\":\"https:\\\/\\\/luxonomy.net\\\/es\\\/#\\\/schema\\\/person\\\/aca186356f30a813f61bbf19ba52c031\"},\"headline\":\"LVMH fija sus objetivos en la compra de Cartier\",\"datePublished\":\"2023-02-28T15:24:10+00:00\",\"dateModified\":\"2023-02-28T15:36:05+00:00\",\"mainEntityOfPage\":{\"@id\":\"https:\\\/\\\/luxonomy.net\\\/es\\\/lvmh-fija-sus-objetivos-en-la-compra-de-cartier\\\/\"},\"wordCount\":234,\"commentCount\":0,\"publisher\":{\"@id\":\"https:\\\/\\\/luxonomy.net\\\/es\\\/#organization\"},\"image\":{\"@id\":\"https:\\\/\\\/luxonomy.net\\\/es\\\/lvmh-fija-sus-objetivos-en-la-compra-de-cartier\\\/#primaryimage\"},\"thumbnailUrl\":\"https:\\\/\\\/i0.wp.com\\\/luxonomy.net\\\/wp-content\\\/uploads\\\/2023\\\/02\\\/Captura-de-pantalla-2023-02-28-a-las-16.23.32.png?fit=1726%2C1190&ssl=1\",\"keywords\":[\"Cartier\",\"econom\u00eda\",\"Richemont\"],\"articleSection\":[\"Econom\u00eda\"],\"inLanguage\":\"es\",\"potentialAction\":[{\"@type\":\"CommentAction\",\"name\":\"Comment\",\"target\":[\"https:\\\/\\\/luxonomy.net\\\/es\\\/lvmh-fija-sus-objetivos-en-la-compra-de-cartier\\\/#respond\"]}]},{\"@type\":\"WebPage\",\"@id\":\"https:\\\/\\\/luxonomy.net\\\/es\\\/lvmh-fija-sus-objetivos-en-la-compra-de-cartier\\\/\",\"url\":\"https:\\\/\\\/luxonomy.net\\\/es\\\/lvmh-fija-sus-objetivos-en-la-compra-de-cartier\\\/\",\"name\":\"LVMH fija sus objetivos en la compra de Cartier | LUXONOMY\",\"isPartOf\":{\"@id\":\"https:\\\/\\\/luxonomy.net\\\/es\\\/#website\"},\"primaryImageOfPage\":{\"@id\":\"https:\\\/\\\/luxonomy.net\\\/es\\\/lvmh-fija-sus-objetivos-en-la-compra-de-cartier\\\/#primaryimage\"},\"image\":{\"@id\":\"https:\\\/\\\/luxonomy.net\\\/es\\\/lvmh-fija-sus-objetivos-en-la-compra-de-cartier\\\/#primaryimage\"},\"thumbnailUrl\":\"https:\\\/\\\/i0.wp.com\\\/luxonomy.net\\\/wp-content\\\/uploads\\\/2023\\\/02\\\/Captura-de-pantalla-2023-02-28-a-las-16.23.32.png?fit=1726%2C1190&ssl=1\",\"datePublished\":\"2023-02-28T15:24:10+00:00\",\"dateModified\":\"2023-02-28T15:36:05+00:00\",\"breadcrumb\":{\"@id\":\"https:\\\/\\\/luxonomy.net\\\/es\\\/lvmh-fija-sus-objetivos-en-la-compra-de-cartier\\\/#breadcrumb\"},\"inLanguage\":\"es\",\"potentialAction\":[{\"@type\":\"ReadAction\",\"target\":[\"https:\\\/\\\/luxonomy.net\\\/es\\\/lvmh-fija-sus-objetivos-en-la-compra-de-cartier\\\/\"]}]},{\"@type\":\"ImageObject\",\"inLanguage\":\"es\",\"@id\":\"https:\\\/\\\/luxonomy.net\\\/es\\\/lvmh-fija-sus-objetivos-en-la-compra-de-cartier\\\/#primaryimage\",\"url\":\"https:\\\/\\\/i0.wp.com\\\/luxonomy.net\\\/wp-content\\\/uploads\\\/2023\\\/02\\\/Captura-de-pantalla-2023-02-28-a-las-16.23.32.png?fit=1726%2C1190&ssl=1\",\"contentUrl\":\"https:\\\/\\\/i0.wp.com\\\/luxonomy.net\\\/wp-content\\\/uploads\\\/2023\\\/02\\\/Captura-de-pantalla-2023-02-28-a-las-16.23.32.png?fit=1726%2C1190&ssl=1\",\"width\":1726,\"height\":1190},{\"@type\":\"BreadcrumbList\",\"@id\":\"https:\\\/\\\/luxonomy.net\\\/es\\\/lvmh-fija-sus-objetivos-en-la-compra-de-cartier\\\/#breadcrumb\",\"itemListElement\":[{\"@type\":\"ListItem\",\"position\":1,\"name\":\"Portada\",\"item\":\"https:\\\/\\\/luxonomy.net\\\/es\\\/\"},{\"@type\":\"ListItem\",\"position\":2,\"name\":\"LVMH fija sus objetivos en la compra de Cartier\"}]},{\"@type\":\"WebSite\",\"@id\":\"https:\\\/\\\/luxonomy.net\\\/es\\\/#website\",\"url\":\"https:\\\/\\\/luxonomy.net\\\/es\\\/\",\"name\":\"LUXONOMY\",\"description\":\"The Economy of Fashion &amp; Luxury\",\"publisher\":{\"@id\":\"https:\\\/\\\/luxonomy.net\\\/es\\\/#organization\"},\"potentialAction\":[{\"@type\":\"SearchAction\",\"target\":{\"@type\":\"EntryPoint\",\"urlTemplate\":\"https:\\\/\\\/luxonomy.net\\\/es\\\/?s={search_term_string}\"},\"query-input\":{\"@type\":\"PropertyValueSpecification\",\"valueRequired\":true,\"valueName\":\"search_term_string\"}}],\"inLanguage\":\"es\"},{\"@type\":\"Organization\",\"@id\":\"https:\\\/\\\/luxonomy.net\\\/es\\\/#organization\",\"name\":\"LUXONOMY\",\"url\":\"https:\\\/\\\/luxonomy.net\\\/es\\\/\",\"logo\":{\"@type\":\"ImageObject\",\"inLanguage\":\"es\",\"@id\":\"https:\\\/\\\/luxonomy.net\\\/es\\\/#\\\/schema\\\/logo\\\/image\\\/\",\"url\":\"https:\\\/\\\/i2.wp.com\\\/luxonomy.net\\\/wp-content\\\/uploads\\\/2021\\\/09\\\/MOCKUP-TODOS-LUXONOMY.jpg?fit=1000%2C515&ssl=1\",\"contentUrl\":\"https:\\\/\\\/i2.wp.com\\\/luxonomy.net\\\/wp-content\\\/uploads\\\/2021\\\/09\\\/MOCKUP-TODOS-LUXONOMY.jpg?fit=1000%2C515&ssl=1\",\"width\":1000,\"height\":515,\"caption\":\"LUXONOMY\"},\"image\":{\"@id\":\"https:\\\/\\\/luxonomy.net\\\/es\\\/#\\\/schema\\\/logo\\\/image\\\/\"},\"sameAs\":[\"https:\\\/\\\/www.facebook.com\\\/luxonomy\",\"https:\\\/\\\/www.instagram.com\\\/luxonomy\\\/\",\"https:\\\/\\\/www.linkedin.com\\\/company\\\/luxonomy\\\/\"]},{\"@type\":\"Person\",\"@id\":\"https:\\\/\\\/luxonomy.net\\\/es\\\/#\\\/schema\\\/person\\\/aca186356f30a813f61bbf19ba52c031\",\"name\":\"Pablo Guti\u00e9rrez-Rav\u00e9 Villal\u00f3n\",\"image\":{\"@type\":\"ImageObject\",\"inLanguage\":\"es\",\"@id\":\"https:\\\/\\\/luxonomy.net\\\/wp-content\\\/litespeed\\\/avatar\\\/b80839bcd1d7840754b71e72cad801ce.jpg?ver=1788213692\",\"url\":\"https:\\\/\\\/luxonomy.net\\\/wp-content\\\/litespeed\\\/avatar\\\/b80839bcd1d7840754b71e72cad801ce.jpg?ver=1788213692\",\"contentUrl\":\"https:\\\/\\\/luxonomy.net\\\/wp-content\\\/litespeed\\\/avatar\\\/b80839bcd1d7840754b71e72cad801ce.jpg?ver=1788213692\",\"caption\":\"Pablo Guti\u00e9rrez-Rav\u00e9 Villal\u00f3n\"},\"description\":\"president LUXONOMY\u2122 Group\",\"sameAs\":[\"https:\\\/\\\/www.linkedin.com\\\/in\\\/pablogutierrezrave\\\/\"],\"url\":\"https:\\\/\\\/luxonomy.net\\\/es\\\/author\\\/pablo\\\/\"}]}<\/script>\n<!-- \/ Yoast SEO plugin. -->","yoast_head_json":{"title":"LVMH fija sus objetivos en la compra de Cartier | LUXONOMY","robots":{"index":"index","follow":"follow","max-snippet":"max-snippet:-1","max-image-preview":"max-image-preview:large","max-video-preview":"max-video-preview:-1"},"canonical":"https:\/\/luxonomy.net\/es\/lvmh-fija-sus-objetivos-en-la-compra-de-cartier\/","og_locale":"es_ES","og_type":"article","og_title":"LVMH fija sus objetivos en la compra de Cartier | LUXONOMY","og_description":"Seg\u00fan un informe del peri\u00f3dico suizo Finanz und Wirtschaft, LVMH est\u00e1 buscando adquirir a Cartier de Richemont, como complemento a Tiffany &amp; Co., que compr\u00f3 en 2021. El conglomerado de lujo franc\u00e9s LVMH ha puesto su mirada en Cartier, uni\u00e9ndolo a su cartera de marcas de joyer\u00eda, incluyendo Tiffany &amp; Co. y Hublot. Mejor conocido&hellip;","og_url":"https:\/\/luxonomy.net\/es\/lvmh-fija-sus-objetivos-en-la-compra-de-cartier\/","og_site_name":"LUXONOMY","article_publisher":"https:\/\/www.facebook.com\/luxonomy","article_published_time":"2023-02-28T15:24:10+00:00","article_modified_time":"2023-02-28T15:36:05+00:00","og_image":[{"width":1726,"height":1190,"url":"https:\/\/i0.wp.com\/luxonomy.net\/wp-content\/uploads\/2023\/02\/Captura-de-pantalla-2023-02-28-a-las-16.23.32.png?fit=1726%2C1190&quality=80&ssl=1","type":"image\/png"}],"author":"Pablo Guti\u00e9rrez-Rav\u00e9 Villal\u00f3n","twitter_card":"summary_large_image","twitter_misc":{"Escrito por":"Pablo Guti\u00e9rrez-Rav\u00e9 Villal\u00f3n","Tiempo de lectura":"1 minuto"},"schema":{"@context":"https:\/\/schema.org","@graph":[{"@type":"Article","@id":"https:\/\/luxonomy.net\/es\/lvmh-fija-sus-objetivos-en-la-compra-de-cartier\/#article","isPartOf":{"@id":"https:\/\/luxonomy.net\/es\/lvmh-fija-sus-objetivos-en-la-compra-de-cartier\/"},"author":{"name":"Pablo Guti\u00e9rrez-Rav\u00e9 Villal\u00f3n","@id":"https:\/\/luxonomy.net\/es\/#\/schema\/person\/aca186356f30a813f61bbf19ba52c031"},"headline":"LVMH fija sus objetivos en la compra de Cartier","datePublished":"2023-02-28T15:24:10+00:00","dateModified":"2023-02-28T15:36:05+00:00","mainEntityOfPage":{"@id":"https:\/\/luxonomy.net\/es\/lvmh-fija-sus-objetivos-en-la-compra-de-cartier\/"},"wordCount":234,"commentCount":0,"publisher":{"@id":"https:\/\/luxonomy.net\/es\/#organization"},"image":{"@id":"https:\/\/luxonomy.net\/es\/lvmh-fija-sus-objetivos-en-la-compra-de-cartier\/#primaryimage"},"thumbnailUrl":"https:\/\/i0.wp.com\/luxonomy.net\/wp-content\/uploads\/2023\/02\/Captura-de-pantalla-2023-02-28-a-las-16.23.32.png?fit=1726%2C1190&ssl=1","keywords":["Cartier","econom\u00eda","Richemont"],"articleSection":["Econom\u00eda"],"inLanguage":"es","potentialAction":[{"@type":"CommentAction","name":"Comment","target":["https:\/\/luxonomy.net\/es\/lvmh-fija-sus-objetivos-en-la-compra-de-cartier\/#respond"]}]},{"@type":"WebPage","@id":"https:\/\/luxonomy.net\/es\/lvmh-fija-sus-objetivos-en-la-compra-de-cartier\/","url":"https:\/\/luxonomy.net\/es\/lvmh-fija-sus-objetivos-en-la-compra-de-cartier\/","name":"LVMH fija sus objetivos en la compra de Cartier | LUXONOMY","isPartOf":{"@id":"https:\/\/luxonomy.net\/es\/#website"},"primaryImageOfPage":{"@id":"https:\/\/luxonomy.net\/es\/lvmh-fija-sus-objetivos-en-la-compra-de-cartier\/#primaryimage"},"image":{"@id":"https:\/\/luxonomy.net\/es\/lvmh-fija-sus-objetivos-en-la-compra-de-cartier\/#primaryimage"},"thumbnailUrl":"https:\/\/i0.wp.com\/luxonomy.net\/wp-content\/uploads\/2023\/02\/Captura-de-pantalla-2023-02-28-a-las-16.23.32.png?fit=1726%2C1190&ssl=1","datePublished":"2023-02-28T15:24:10+00:00","dateModified":"2023-02-28T15:36:05+00:00","breadcrumb":{"@id":"https:\/\/luxonomy.net\/es\/lvmh-fija-sus-objetivos-en-la-compra-de-cartier\/#breadcrumb"},"inLanguage":"es","potentialAction":[{"@type":"ReadAction","target":["https:\/\/luxonomy.net\/es\/lvmh-fija-sus-objetivos-en-la-compra-de-cartier\/"]}]},{"@type":"ImageObject","inLanguage":"es","@id":"https:\/\/luxonomy.net\/es\/lvmh-fija-sus-objetivos-en-la-compra-de-cartier\/#primaryimage","url":"https:\/\/i0.wp.com\/luxonomy.net\/wp-content\/uploads\/2023\/02\/Captura-de-pantalla-2023-02-28-a-las-16.23.32.png?fit=1726%2C1190&ssl=1","contentUrl":"https:\/\/i0.wp.com\/luxonomy.net\/wp-content\/uploads\/2023\/02\/Captura-de-pantalla-2023-02-28-a-las-16.23.32.png?fit=1726%2C1190&ssl=1","width":1726,"height":1190},{"@type":"BreadcrumbList","@id":"https:\/\/luxonomy.net\/es\/lvmh-fija-sus-objetivos-en-la-compra-de-cartier\/#breadcrumb","itemListElement":[{"@type":"ListItem","position":1,"name":"Portada","item":"https:\/\/luxonomy.net\/es\/"},{"@type":"ListItem","position":2,"name":"LVMH fija sus objetivos en la compra de Cartier"}]},{"@type":"WebSite","@id":"https:\/\/luxonomy.net\/es\/#website","url":"https:\/\/luxonomy.net\/es\/","name":"LUXONOMY","description":"The Economy of Fashion &amp; Luxury","publisher":{"@id":"https:\/\/luxonomy.net\/es\/#organization"},"potentialAction":[{"@type":"SearchAction","target":{"@type":"EntryPoint","urlTemplate":"https:\/\/luxonomy.net\/es\/?s={search_term_string}"},"query-input":{"@type":"PropertyValueSpecification","valueRequired":true,"valueName":"search_term_string"}}],"inLanguage":"es"},{"@type":"Organization","@id":"https:\/\/luxonomy.net\/es\/#organization","name":"LUXONOMY","url":"https:\/\/luxonomy.net\/es\/","logo":{"@type":"ImageObject","inLanguage":"es","@id":"https:\/\/luxonomy.net\/es\/#\/schema\/logo\/image\/","url":"https:\/\/i2.wp.com\/luxonomy.net\/wp-content\/uploads\/2021\/09\/MOCKUP-TODOS-LUXONOMY.jpg?fit=1000%2C515&ssl=1","contentUrl":"https:\/\/i2.wp.com\/luxonomy.net\/wp-content\/uploads\/2021\/09\/MOCKUP-TODOS-LUXONOMY.jpg?fit=1000%2C515&ssl=1","width":1000,"height":515,"caption":"LUXONOMY"},"image":{"@id":"https:\/\/luxonomy.net\/es\/#\/schema\/logo\/image\/"},"sameAs":["https:\/\/www.facebook.com\/luxonomy","https:\/\/www.instagram.com\/luxonomy\/","https:\/\/www.linkedin.com\/company\/luxonomy\/"]},{"@type":"Person","@id":"https:\/\/luxonomy.net\/es\/#\/schema\/person\/aca186356f30a813f61bbf19ba52c031","name":"Pablo Guti\u00e9rrez-Rav\u00e9 Villal\u00f3n","image":{"@type":"ImageObject","inLanguage":"es","@id":"https:\/\/luxonomy.net\/wp-content\/litespeed\/avatar\/b80839bcd1d7840754b71e72cad801ce.jpg?ver=1788213692","url":"https:\/\/luxonomy.net\/wp-content\/litespeed\/avatar\/b80839bcd1d7840754b71e72cad801ce.jpg?ver=1788213692","contentUrl":"https:\/\/luxonomy.net\/wp-content\/litespeed\/avatar\/b80839bcd1d7840754b71e72cad801ce.jpg?ver=1788213692","caption":"Pablo Guti\u00e9rrez-Rav\u00e9 Villal\u00f3n"},"description":"president LUXONOMY\u2122 Group","sameAs":["https:\/\/www.linkedin.com\/in\/pablogutierrezrave\/"],"url":"https:\/\/luxonomy.net\/es\/author\/pablo\/"}]}},"jetpack_publicize_connections":[],"jetpack_shortlink":"https:\/\/wp.me\/paPhBa-8zU","jetpack_sharing_enabled":true,"jetpack_featured_media_url":"https:\/\/i0.wp.com\/luxonomy.net\/wp-content\/uploads\/2023\/02\/Captura-de-pantalla-2023-02-28-a-las-16.23.32.png?fit=1726%2C1190&ssl=1","_links":{"self":[{"href":"https:\/\/luxonomy.net\/es\/wp-json\/wp\/v2\/posts\/32978","targetHints":{"allow":["GET"]}}],"collection":[{"href":"https:\/\/luxonomy.net\/es\/wp-json\/wp\/v2\/posts"}],"about":[{"href":"https:\/\/luxonomy.net\/es\/wp-json\/wp\/v2\/types\/post"}],"author":[{"embeddable":true,"href":"https:\/\/luxonomy.net\/es\/wp-json\/wp\/v2\/users\/19"}],"replies":[{"embeddable":true,"href":"https:\/\/luxonomy.net\/es\/wp-json\/wp\/v2\/comments?post=32978"}],"version-history":[{"count":2,"href":"https:\/\/luxonomy.net\/es\/wp-json\/wp\/v2\/posts\/32978\/revisions"}],"predecessor-version":[{"id":32980,"href":"https:\/\/luxonomy.net\/es\/wp-json\/wp\/v2\/posts\/32978\/revisions\/32980"}],"wp:featuredmedia":[{"embeddable":true,"href":"https:\/\/luxonomy.net\/es\/wp-json\/wp\/v2\/media\/32977"}],"wp:attachment":[{"href":"https:\/\/luxonomy.net\/es\/wp-json\/wp\/v2\/media?parent=32978"}],"wp:term":[{"taxonomy":"category","embeddable":true,"href":"https:\/\/luxonomy.net\/es\/wp-json\/wp\/v2\/categories?post=32978"},{"taxonomy":"post_tag","embeddable":true,"href":"https:\/\/luxonomy.net\/es\/wp-json\/wp\/v2\/tags?post=32978"},{"taxonomy":"thb-sponsors","embeddable":true,"href":"https:\/\/luxonomy.net\/es\/wp-json\/wp\/v2\/thb-sponsors?post=32978"}],"curies":[{"name":"wp","href":"https:\/\/api.w.org\/{rel}","templated":true}]}}