{"id":32848,"date":"2023-02-20T12:09:16","date_gmt":"2023-02-20T11:09:16","guid":{"rendered":"https:\/?p=32848"},"modified":"2023-02-21T12:13:55","modified_gmt":"2023-02-21T11:13:55","slug":"lvmh-da-a-conocer-la-lista-de-los-22-candidatos-preseleccionados-para-la-semifinal-del-premio-lvmh-2023","status":"publish","type":"post","link":"https:\/\/luxonomy.net\/es\/lvmh-da-a-conocer-la-lista-de-los-22-candidatos-preseleccionados-para-la-semifinal-del-premio-lvmh-2023\/","title":{"rendered":"LVMH da a conocer la lista de los 22 candidatos preseleccionados para la semifinal del Premio LVMH 2023"},"content":{"rendered":"<p>En su d\u00e9cimo aniversario, el Premio LVMH para J\u00f3venes Dise\u00f1adores de Moda ha confirmado su \u00e9xito y alcance internacional: m\u00e1s de 2.400 candidatos se postularon para la edici\u00f3n de 2023, un n\u00famero r\u00e9cord de entradas de todo el mundo.<\/p>\n<p>Cuando se cerraron las inscripciones, 22 marcas j\u00f3venes fueron seleccionadas para la semifinal. Los dise\u00f1adores provienen de 15 pa\u00edses, incluidos, por primera vez, de Brasil y Jamaica, celebrando una gran diversidad de culturas y talentos.<\/p>\n<p>Los 22 semifinalistas presentar\u00e1n sus colecciones y su mundo creativo con motivo de un showroom en Par\u00eds los d\u00edas 2 y 3 de marzo de 2023. Este a\u00f1o , el Premio LVMH volver\u00e1 a celebrarse digitalmente en el sitio web dedicado lvmhprize.com e involucrar\u00e1 al p\u00fablico en general: del 1 al 5 de marzo , el p\u00fablico podr\u00e1 descubrir a los dise\u00f1adores y votar por su candidato favorito. Este voto se sumar\u00e1 al voto de los expertos.<\/p><div id=\"luxon-3392797314\" class=\"luxon-3er-parrafo luxon-entity-placement\" style=\"margin-top: 20px;margin-bottom: 20px;margin-left: auto;margin-right: auto;text-align: center;\"><a href=\"https:\/\/luxonomy.university\/course\/master-turismo-de-lujo\" target=\"_blank\" aria-label=\"master-turismo-lujo-2026-2027\"><img loading=\"lazy\" decoding=\"async\" src=\"https:\/\/i0.wp.com\/luxonomy.net\/wp-content\/uploads\/2020\/07\/master-turismo-lujo-2026-2027.jpg?fit=1672%2C941&#038;ssl=1\" alt=\"\"  srcset=\"https:\/\/i0.wp.com\/luxonomy.net\/wp-content\/uploads\/2020\/07\/master-turismo-lujo-2026-2027.jpg?w=1672&ssl=1 1672w, https:\/\/i0.wp.com\/luxonomy.net\/wp-content\/uploads\/2020\/07\/master-turismo-lujo-2026-2027.jpg?resize=300%2C169&ssl=1 300w, https:\/\/i0.wp.com\/luxonomy.net\/wp-content\/uploads\/2020\/07\/master-turismo-lujo-2026-2027.jpg?resize=1024%2C576&ssl=1 1024w, https:\/\/i0.wp.com\/luxonomy.net\/wp-content\/uploads\/2020\/07\/master-turismo-lujo-2026-2027.jpg?resize=768%2C432&ssl=1 768w, https:\/\/i0.wp.com\/luxonomy.net\/wp-content\/uploads\/2020\/07\/master-turismo-lujo-2026-2027.jpg?resize=1536%2C864&ssl=1 1536w, https:\/\/i0.wp.com\/luxonomy.net\/wp-content\/uploads\/2020\/07\/master-turismo-lujo-2026-2027.jpg?resize=370%2C208&ssl=1 370w, https:\/\/i0.wp.com\/luxonomy.net\/wp-content\/uploads\/2020\/07\/master-turismo-lujo-2026-2027.jpg?resize=800%2C450&ssl=1 800w, https:\/\/i0.wp.com\/luxonomy.net\/wp-content\/uploads\/2020\/07\/master-turismo-lujo-2026-2027.jpg?resize=20%2C11&ssl=1 20w, https:\/\/i0.wp.com\/luxonomy.net\/wp-content\/uploads\/2020\/07\/master-turismo-lujo-2026-2027.jpg?resize=740%2C416&ssl=1 740w, https:\/\/i0.wp.com\/luxonomy.net\/wp-content\/uploads\/2020\/07\/master-turismo-lujo-2026-2027.jpg?resize=1600%2C900&ssl=1 1600w, https:\/\/i0.wp.com\/luxonomy.net\/wp-content\/uploads\/2020\/07\/master-turismo-lujo-2026-2027.jpg?resize=1200%2C675&ssl=1 1200w, https:\/\/i0.wp.com\/luxonomy.net\/wp-content\/uploads\/2020\/07\/master-turismo-lujo-2026-2027.jpg?resize=85%2C48&ssl=1 85w\" sizes=\"(max-width: 1170px) 100vw, 1170px\" class=\"no-lazyload\" width=\"1672\" height=\"941\"   \/><\/a><\/div>\n<p>Durante esta semifinal, que tiene la forma de un showroom digital y una presentaci\u00f3n f\u00edsica, el Comit\u00e9 Internacional de Expertos del Premio LVMH, compuesto por especialistas del mundo de la moda (que se enumeran a continuaci\u00f3n) y el p\u00fablico, votar\u00e1 para seleccionar el ocho finalistas.<\/p>\n<p>Delphine Arnault declara:<\/p>\n<p>\u201cEstoy muy contento de dar la bienvenida a estos j\u00f3venes dise\u00f1adores talentosos y estoy muy agradecido a los candidatos de todo el mundo que participaron en esta edici\u00f3n. Los 22 semifinalistas est\u00e1n todos impulsados \u200b\u200bpor una visi\u00f3n muy innovadora y tambi\u00e9n muestran una gran madurez creativa. Muchos de ellos colocan la cultura y la artesan\u00eda de su pa\u00eds natal en el centro de su enfoque de dise\u00f1o. La responsabilidad ecol\u00f3gica tambi\u00e9n es una apuesta importante para ellos, ya que utilizan materiales innovadores o reciclados y adoptan un sistema de producci\u00f3n m\u00e1s local y \u00e9tico. La fluidez entre ropa masculina y femenina es otra de sus caracter\u00edsticas clave este a\u00f1o, ya que no menos de nueve dise\u00f1adores crean colecciones sin g\u00e9nero. Los valores de inclusi\u00f3n y diversidad mostrados en la selecci\u00f3n tambi\u00e9n se hacen eco del giro que han tomado las industrias de la moda y el lujo. Quisiera agradecer calurosamente a todos nuestros Expertos que contribuyen cada a\u00f1o a hacer del Premio LVMH un referente para los j\u00f3venes dise\u00f1adores. La edici\u00f3n de 2023 promete ser excepcional\u201d.<\/p>\n<p>El ganador del Premio LVMH para J\u00f3venes Dise\u00f1adores de Moda recibe una dotaci\u00f3n de 300.000 euros y disfruta de una tutor\u00eda de un a\u00f1o por parte de un equipo dedicado de LVMH.<\/p><div id=\"luxon-1508762943\" class=\"luxon-7-parrafo luxon-entity-placement\" style=\"margin-top: 20px;margin-bottom: 20px;margin-left: auto;margin-right: auto;text-align: center;\"><a href=\"https:\/\/theintelligence.institute\/course\/inteligencia-artificial-para-directivos\" target=\"_blank\" aria-label=\"CSIAD_empresas_THEI_horizontal_4x3_v5\"><img loading=\"lazy\" decoding=\"async\" src=\"https:\/\/i0.wp.com\/luxonomy.net\/wp-content\/uploads\/2025\/08\/CSIAD_empresas_THEI_horizontal_4x3_v5.png?fit=2000%2C1500&#038;ssl=1\" alt=\"\"  srcset=\"https:\/\/i0.wp.com\/luxonomy.net\/wp-content\/uploads\/2025\/08\/CSIAD_empresas_THEI_horizontal_4x3_v5.png?w=2000&ssl=1 2000w, https:\/\/i0.wp.com\/luxonomy.net\/wp-content\/uploads\/2025\/08\/CSIAD_empresas_THEI_horizontal_4x3_v5.png?resize=300%2C225&ssl=1 300w, https:\/\/i0.wp.com\/luxonomy.net\/wp-content\/uploads\/2025\/08\/CSIAD_empresas_THEI_horizontal_4x3_v5.png?resize=1024%2C768&ssl=1 1024w, https:\/\/i0.wp.com\/luxonomy.net\/wp-content\/uploads\/2025\/08\/CSIAD_empresas_THEI_horizontal_4x3_v5.png?resize=768%2C576&ssl=1 768w, https:\/\/i0.wp.com\/luxonomy.net\/wp-content\/uploads\/2025\/08\/CSIAD_empresas_THEI_horizontal_4x3_v5.png?resize=1536%2C1152&ssl=1 1536w, https:\/\/i0.wp.com\/luxonomy.net\/wp-content\/uploads\/2025\/08\/CSIAD_empresas_THEI_horizontal_4x3_v5.png?resize=370%2C278&ssl=1 370w, https:\/\/i0.wp.com\/luxonomy.net\/wp-content\/uploads\/2025\/08\/CSIAD_empresas_THEI_horizontal_4x3_v5.png?resize=800%2C600&ssl=1 800w, https:\/\/i0.wp.com\/luxonomy.net\/wp-content\/uploads\/2025\/08\/CSIAD_empresas_THEI_horizontal_4x3_v5.png?resize=20%2C15&ssl=1 20w, https:\/\/i0.wp.com\/luxonomy.net\/wp-content\/uploads\/2025\/08\/CSIAD_empresas_THEI_horizontal_4x3_v5.png?resize=740%2C555&ssl=1 740w, https:\/\/i0.wp.com\/luxonomy.net\/wp-content\/uploads\/2025\/08\/CSIAD_empresas_THEI_horizontal_4x3_v5.png?resize=1600%2C1200&ssl=1 1600w, https:\/\/i0.wp.com\/luxonomy.net\/wp-content\/uploads\/2025\/08\/CSIAD_empresas_THEI_horizontal_4x3_v5.png?resize=1200%2C900&ssl=1 1200w, https:\/\/i0.wp.com\/luxonomy.net\/wp-content\/uploads\/2025\/08\/CSIAD_empresas_THEI_horizontal_4x3_v5.png?resize=64%2C48&ssl=1 64w\" sizes=\"(max-width: 1170px) 100vw, 1170px\" class=\"no-lazyload\" width=\"2000\" height=\"1500\"   \/><\/a><\/div>\n<p>El Premio Karl Lagerfeld tambi\u00e9n premia a un joven dise\u00f1ador con una dotaci\u00f3n de 150.000 euros y le permite beneficiarse de un a\u00f1o de tutor\u00eda.<\/p>\n<p>Finalmente, el Premio distingue a tres estudiantes que se graduar\u00e1n de las escuelas de moda en 2022. Los estudiantes recibir\u00e1n 10.000 euros cada uno y se incorporar\u00e1n al estudio de dise\u00f1o de una de las casas del grupo durante un a\u00f1o. Pueden postularse en el sitio web lvmhprize.com hasta el 19 de marzo de 2023.<\/p>\n<h3>LISTA DE LAS MARCAS SELECCIONADAS PARA LA SEMIFINAL DEL PREMIO LVMH<\/h3>\n<p>AARON ESH by Aaron Esh, Reino Unido, moda masculina<\/p>\n<p>ANNE ISABELLA de Anne Isabella, Francia, ropa de mujer<\/p>\n<p>BETTTER de Julie Pelipas, Ucrania, ropa de mujer<\/p>\n<p>BLOKE de Faith Oluwajimi, Nigeria, colecciones sin g\u00e9nero<\/p>\n<p>BURC AKYOL de Burc Akyol, Francia, colecciones femeninas, masculinas y sin g\u00e9nero<\/p>\n<p>CHARLIE CONSTANTINOU by Charlie Constantinou, Reino Unido, colecciones masculinas y sin g\u00e9nero<\/p>\n<p>DIOTIMA de Rachel Scott, Jamaica, ropa de mujer<\/p>\n<p>JOAO MARASCHIN by Joao Maraschin, Brasil, moda femenina y masculina<\/p>\n<p>JOHANNA PARV de Johanna Parv, Estonia, ropa de mujer<\/p>\n<p>JUNTAE KIM de Juntae Kim, Corea del Sur, colecciones sin g\u00e9nero<\/p>\n<p>KARU RESEARCH de Kartik Kumra, India, moda masculina<\/p>\n<p>KUSIKOH C de Giseok Cho, Corea del Sur, colecciones sin g\u00e9nero<\/p>\n<p>LOUIS SHENGTAO CHEN de Louis Shengtao Chen, China, ropa de mujer<\/p>\n<p>LUAR by Raul Lopez, Estados Unidos, colecciones de mujer, hombre y sin g\u00e9nero<\/p>\n<p>MAGLIANO de Luca Magliano, Italia, moda masculina<\/p>\n<p>MARRKNULL de Wei Wang y Tian Shi, China, colecciones sin g\u00e9nero<\/p>\n<p>NAMESAKE de Michael, Richard y Steve Hsieh, Taiw\u00e1n, colecciones masculinas y sin g\u00e9nero<\/p>\n<p>PAOLINA RUSSO de Paolina Russo, Canad\u00e1, y Lucile Guilmard, Francia, ropa de mujer<\/p>\n<p>QUIRA by Veronica Leoni, Italia, moda femenina<\/p>\n<p>SETCHU de Satoshi Kuwata, Jap\u00f3n, colecciones sin g\u00e9nero<\/p>\n<p>STINARAND de Stina Randestad, Suecia, colecciones sin g\u00e9nero<\/p>\n<p>WATARU TOMINAGA por Wataru Tominaga, Jap\u00f3n, colecci\u00f3n sin g\u00e9nero<\/p>\n<h3>LOS GANADORES DE LAS EDICIONES ANTERIORES<\/h3>\n<p>SS Daley (ganador de 2022)<\/p>\n<p>ERL, Winnie NY (Premio Karl Lagerfeld 2022)<\/p>\n<p>Nensi Dojaka (ganador 2021)<\/p>\n<p>KidSuper, Lukhanyo Mdingi, Rui (Premio Karl Lagerfeld 2021)<\/p>\n<p>Ahluwalia, Casablanca, Chopova Lowena, Nicholas Daley, Peter Do, Sindiso Khumalo,<\/p>\n<p>Supriya Lele, Tomo Koizumi (finalistas 2020)<\/p>\n<p>Thebe Magugu (ganadora de 2019)<\/p>\n<p>Hed Mayner (Premio Karl Lagerfeld 2019)<\/p>\n<p>Doblete (ganador 2018)<\/p>\n<p>Rokh (Premio Especial 2018)<\/p>\n<p>Marine Serre (ganadora 2017)<\/p>\n<p>Kozaburo Akasaka (Premio Especial 2017)<\/p>\n<p>Grace Wales Bonner (ganadora de 2016)<\/p>\n<p>Vejas (Premio Especial 2016)<\/p>\n<p>Marques&#8217;Almeida (ganador 2015)<\/p>\n<p>Jacquemus (Premio Especial 2015)<\/p>\n<p>Thomas Tait (ganador de 2014)<\/p>\n<p>Hood by Air (Premio Especial 2014)<\/p>\n<p>Miuniku (Premio Especial 2014)<\/p>\n<h3>LOS NUEVOS EXPERTOS<\/h3>\n<p>Piergiorgio Del Moro, Tiffany Godoy, Gabriella Karefa-Johnson, Lina Kutsovskaya, Harry Lambert y Law Roach.<\/p>\n<h3>LISTA DE EXPERTOS<\/h3>\n<p>Emmanuelle Alt , estilista y consultora de moda<\/p>\n<p>Imran Amed , fundador y editor en jefe de The Business of Fashion<\/p>\n<p>Sarah Andelman , fundadora de Solo una idea<\/p>\n<p>Rami Atallah , cofundador y director ejecutivo de la plataforma global SSENSE<\/p>\n<p>Fabien Baron , director de arte y fundador de Baron &amp; Baron<\/p>\n<p>Tim Blanks , editor general de The Business of Fashion<\/p>\n<p>Derek Blasberg , director ejecutivo, Gagosian Quaterly<\/p>\n<p>Alexandre de Betak , Fundador de Bureau Betak<\/p>\n<p>Fr\u00e9d\u00e9ric Bodenes , Director de Arte de Le Bon March\u00e9 Rive Gauche<\/p>\n<p>Carmen Busquets , Inversora en BoF, Farfetch, Net-\u00e0-Porter, Lyst, Moda Operandi<\/p>\n<p>Burak Cakmak , CEO, Comisi\u00f3n de Moda del Ministerio de Cultura de Arabia Saudita<\/p>\n<p>Marie Chaix , estilista<\/p>\n<p>Camille Charri\u00e8re , locutora, escritora y directora creativa<\/p>\n<p>Eva Chen , directora de asociaciones de moda en Instagram, autora<\/p>\n<p>Anne-Sophie von Claer , directora editorial adjunta de Le Figaro<\/p>\n<p>Ben Cobb , editor en jefe de la revista ES<\/p>\n<p>Ronnie Cooke Newhouse , director art\u00edstico<\/p>\n<p>Caroline Daur , emprendedora digital<\/p>\n<p>Godfrey Deeny , editor en jefe internacional de Fashion Network<\/p>\n<p>Piergiorgio Del Moro , director de reparto<\/p>\n<p>Babeth Djian , editora en jefe de Num\u00e9ro<\/p>\n<p>Jo Ellison , editora de HTSI y editora adjunta de Financial Times Weekend<\/p>\n<p>Edward Enninful , OBE, editor en jefe de British Vogue y director editorial europeo<\/p>\n<p>Linda Fargo , vicepresidenta s\u00e9nior de Bergdorf Goodman<\/p>\n<p>Angelo Flaccavento , Periodista de moda<\/p>\n<p>Jo-Ann Furniss , Periodista y directora creativa<\/p>\n<p>Chantal Gaemperle , Vicepresidenta Ejecutiva de Recursos Humanos y Sinergias del Grupo LVMH<\/p>\n<p>Michel Gaubert, dise\u00f1ador de sonido<\/p>\n<p>Julie Gilhart , consultora y presidenta de Tomorrow Project<\/p>\n<p>Tiffany Godoy , Jefa de Contenido Editorial de Vogue Jap\u00f3n<\/p>\n<p>Ikram Goldman , Fundador de ikram<\/p>\n<p>Elizabeth Von Guttman , cofundadora de la revista System y Altava Group<\/p>\n<p>Jefferson Hack , cofundador y director editorial de Dazed Group<\/p>\n<p>Bella Hadid , modelo<\/p>\n<p>Amanda Harlech , consultora creativa<\/p>\n<p>Ashley Heath , directora editorial de Pop y Arena Homme+<\/p>\n<p>Laure H\u00e9riard Dubreuil , fundadora y directora creativa de The Webster<\/p>\n<p>Adrian Joffe , director general de Dover Street Market International<\/p>\n<p>Sylvia Jorif , directora editorial de Vogue Francia<\/p>\n<p>Ibrahim Kamara, editor en jefe de la revista Dazed y director de arte e imagen de Off White<\/p>\n<p>Gabriella Karefa-Johnson , consultora y editora de moda colaboradora global en Vogue<\/p>\n<p>Natalie Kingham , asesora de moda<\/p>\n<p>Karlie Kloss , modelo y fil\u00e1ntropa<\/p>\n<p>Suzanne Koller , Estilista y consultora<\/p>\n<p>Hirofumi Kurino , director creativo de United Arrows<\/p>\n<p>Lina Kutsovskaya , fundadora y directora creativa de Be Good Studios<\/p>\n<p>Harry Lambert , estilista<\/p>\n<p>Susie Lau , Fundadora de StyleBubble y periodista<\/p>\n<p>Linda Loppa , Consultora, Asesora de Estrategia y Visi\u00f3n en Polimoda<\/p>\n<p>Pat McGrath , DBE, maquilladora<\/p>\n<p>Kevin Ma , fundador y director ejecutivo de Hypebeast<\/p>\n<p>Sara Maino , Asesora Educativa y Scouting de Vogue Italia<\/p>\n<p>Pierre A. M&#8217;Pel\u00e9 , responsable de contenido editorial de GQ Francia<\/p>\n<p>Suzy Menkes , Periodista<\/p>\n<p>Sarah Mower , cr\u00edtica de moda Vogue EE. UU.<\/p>\n<p>Samira Nasr , editora en jefe de Harper&#8217;s Bazaar EE. UU.<\/p>\n<p>Alexia Niedzielski , cofundadora de la revista System y Altava Group<\/p>\n<p>Mel Ottenberg , editor en jefe de la revista Interview<\/p>\n<p>Ezra Petronio , Editor y Director Creativo de Self Service y fot\u00f3grafo<\/p>\n<p>Fabio Piras , director del curso de MA Fashion en Central Saint Martins College of Art and Design<\/p>\n<p>Peter Philips , director creativo y de imagen de Christian Dior Makeup<\/p>\n<p>Lo\u00efc Prigent , Cineasta<\/p>\n<p>Gaia Repossi , directora creativa de Repossi<\/p>\n<p>Law Roach , estilista<\/p>\n<p>Carine Roitfeld , fundadora de CR Fashion Book<\/p>\n<p>Lauren Santo Domingo , cofundadora y directora de marca de Moda Operandi<\/p>\n<p>Julia Sarr-Jamois , estilista y directora de moda de Vogue Reino Unido<\/p>\n<p>Marie-Am\u00e9lie Sauv\u00e9 , estilista, cofundadora y directora creativa de Mastermind<\/p>\n<p>Anne-Florence Schmitt , directora editorial de Madame Figaro<\/p>\n<p>L\u00e9a Seydoux , Actriz<\/p>\n<p>Cindy Sherman , Artista<\/p>\n<p>Aimee Song , Influencer y fundadora de Song of Style<\/p>\n<p>Carla Sozzani , Fundadora de 10 Corso Como y Presidenta de la Fundaci\u00f3n Ala\u00efa<\/p>\n<p>Stefano Tonchi , director editorial de Palmer<\/p>\n<p>Eug\u00e9nie Trochu , responsable de contenido editorial de Vogue Francia<\/p>\n<p>Aizel Trudel , Fundadora de la Plataforma de Moda Aizel<\/p>\n<p>Natalia Vodianova , modelo y fil\u00e1ntropa<\/p>\n<p>Aleksandra Woroniecka , estilista y asesora de moda<\/p>\n<p>Margaret Zhang , editora en jefe de Vogue China<\/p>\n<h3>LVMH CELEBRA 25 A\u00d1OS IMPULSANDO A J\u00d3VENES DISE\u00d1ADORES DE MODA<\/h3>\n<p>Durante los 25 a\u00f1os transcurridos desde la fundaci\u00f3n de LVMH, las Casas del Grupo se han inspirado en la pasi\u00f3n por la creatividad y la innovaci\u00f3n, al mismo tiempo que alimentan un legado excepcional arraigado en el saber hacer tradicional. Como explica Bernard Arnault: \u201cLa innovaci\u00f3n es m\u00e1s poderosa cuando surge de un patrimonio preservado\u201d.<\/p>\n<p>En oficios tan diversos como la moda, la joyer\u00eda, los perfumes, la marroquiner\u00eda, la vinificaci\u00f3n o la relojer\u00eda, las marcas y los dise\u00f1adores de LVMH destacan por su b\u00fasqueda de la excelencia y su pasi\u00f3n \u00fanica por la innovaci\u00f3n, la invenci\u00f3n y la creatividad.<\/p>\n<p>Debido a que tanto sus ra\u00edces como su futuro est\u00e1n \u00edntimamente ligados a la creatividad, LVMH y sus marcas siempre han alimentado activamente el talento creativo. La creatividad es uno de los valores fundamentales del Grupo, que gu\u00eda a todos sus equipos, desde los dise\u00f1adores hasta los narices y los maestros bodegueros. Este compromiso inspira a todas las casas de LVMH a apoyar activamente la creatividad en todas sus formas. Por esa raz\u00f3n, la Fundaci\u00f3n Louis Vuitton para el arte contempor\u00e1neo se abri\u00f3 al p\u00fablico en octubre de 2014 en un suntuoso edificio creado por Frank Gehry, lo que se suma al patrocinio duradero de las artes de LVMH.<\/p>\n<p>Motivado por esta \u201cpasi\u00f3n por la creatividad\u201d, LVMH ha apoyado durante muchos a\u00f1os el mundo de la moda a nivel mundial a trav\u00e9s de iniciativas filantr\u00f3picas corporativas, que incluyen:<\/p>\n<ul>\n<li>los Premios de la Moda ANDAM (Association Nationale de D\u00e9veloppement des Arts de la Mode)<\/li>\n<li>el Festival Internacional de Fotograf\u00eda y Moda de Hy\u00e8res<\/li>\n<li>Central Saint Martins College of Art and Design de Londres<\/li>\n<li>el fondo de inversi\u00f3n para j\u00f3venes dise\u00f1adores creado por el Ministerio franc\u00e9s de Cultura y Comunicaci\u00f3n.<\/li>\n<\/ul>\n<p>Esta misma pasi\u00f3n ha llevado al Grupo LVMH a lanzar el Premio LVMH para J\u00f3venes Dise\u00f1adores de Moda. Esta iniciativa ayuda a impulsar el impulso y el surgimiento de nuevos talentos que son esenciales para la vitalidad y diversidad del ecosistema de la moda, un rol que est\u00e1 perfectamente en sinton\u00eda con las responsabilidades del l\u00edder mundial en lujo.<\/p>\n","protected":false},"excerpt":{"rendered":"<p>En su d\u00e9cimo aniversario, el Premio LVMH para J\u00f3venes Dise\u00f1adores de Moda ha confirmado su \u00e9xito y alcance internacional: m\u00e1s de 2.400 candidatos se postularon para la edici\u00f3n de 2023, un n\u00famero r\u00e9cord de entradas de todo el mundo. Cuando se cerraron las inscripciones, 22 marcas j\u00f3venes fueron seleccionadas para la semifinal. Los dise\u00f1adores provienen&hellip;<\/p>\n","protected":false},"author":1,"featured_media":32849,"comment_status":"open","ping_status":"open","sticky":false,"template":"","format":"standard","meta":{"_jetpack_newsletter_access":"","_jetpack_dont_email_post_to_subs":false,"_jetpack_newsletter_tier_id":0,"_jetpack_memberships_contains_paywalled_content":false,"_jetpack_feature_clip_id":0,"_jetpack_memberships_contains_paid_content":false,"footnotes":"","jetpack_publicize_message":"LVMH da a conocer la lista de los 22 candidatos preseleccionados para la semifinal del Premio LVMH 2023","jetpack_publicize_feature_enabled":true,"jetpack_social_post_already_shared":true,"jetpack_social_options":{"image_generator_settings":{"template":"edge","default_image_id":0,"font":"","enabled":false},"version":2},"jetpack_post_was_ever_published":false},"categories":[227],"tags":[228,1022],"thb-sponsors":[1183],"class_list":["post-32848","post","type-post","status-publish","format-standard","has-post-thumbnail","hentry","category-eventos","tag-eventos","tag-premios-lvmh"],"yoast_head":"<!-- This site is optimized with the Yoast SEO plugin v28.4 - https:\/\/yoast.com\/product\/yoast-seo-wordpress\/ -->\n<title>LVMH da a conocer la lista de los 22 candidatos preseleccionados para la semifinal del Premio LVMH 2023 | LUXONOMY<\/title>\n<meta name=\"robots\" content=\"index, follow, max-snippet:-1, max-image-preview:large, max-video-preview:-1\" \/>\n<link rel=\"canonical\" href=\"https:\/\/luxonomy.net\/es\/lvmh-da-a-conocer-la-lista-de-los-22-candidatos-preseleccionados-para-la-semifinal-del-premio-lvmh-2023\/\" \/>\n<meta property=\"og:locale\" content=\"es_ES\" \/>\n<meta property=\"og:type\" content=\"article\" \/>\n<meta property=\"og:title\" content=\"LVMH da a conocer la lista de los 22 candidatos preseleccionados para la semifinal del Premio LVMH 2023 | LUXONOMY\" \/>\n<meta property=\"og:description\" content=\"En su d\u00e9cimo aniversario, el Premio LVMH para J\u00f3venes Dise\u00f1adores de Moda ha confirmado su \u00e9xito y alcance internacional: m\u00e1s de 2.400 candidatos se postularon para la edici\u00f3n de 2023, un n\u00famero r\u00e9cord de entradas de todo el mundo. Cuando se cerraron las inscripciones, 22 marcas j\u00f3venes fueron seleccionadas para la semifinal. Los dise\u00f1adores provienen&hellip;\" \/>\n<meta property=\"og:url\" content=\"https:\/\/luxonomy.net\/es\/lvmh-da-a-conocer-la-lista-de-los-22-candidatos-preseleccionados-para-la-semifinal-del-premio-lvmh-2023\/\" \/>\n<meta property=\"og:site_name\" content=\"LUXONOMY\" \/>\n<meta property=\"article:publisher\" content=\"https:\/\/www.facebook.com\/luxonomy\" \/>\n<meta property=\"article:published_time\" content=\"2023-02-20T11:09:16+00:00\" \/>\n<meta property=\"article:modified_time\" content=\"2023-02-21T11:13:55+00:00\" \/>\n<meta property=\"og:image\" content=\"https:\/\/luxonomy.net\/wp-content\/uploads\/2023\/02\/LVMH-da-a-conocer-la-lista-de-los-22-candidatos-preseleccionados-para-la-semifinal-del-Premio-LVMH-2023-1024x563.png\" \/>\n\t<meta property=\"og:image:width\" content=\"1024\" \/>\n\t<meta property=\"og:image:height\" content=\"563\" \/>\n\t<meta property=\"og:image:type\" content=\"image\/png\" \/>\n<meta name=\"author\" content=\"LUXONOMY\" \/>\n<meta name=\"twitter:card\" content=\"summary_large_image\" \/>\n<meta name=\"twitter:label1\" content=\"Escrito por\" \/>\n\t<meta name=\"twitter:data1\" content=\"LUXONOMY\" \/>\n\t<meta name=\"twitter:label2\" content=\"Tiempo de lectura\" \/>\n\t<meta name=\"twitter:data2\" content=\"9 minutos\" \/>\n<script type=\"application\/ld+json\" class=\"yoast-schema-graph\">{\"@context\":\"https:\\\/\\\/schema.org\",\"@graph\":[{\"@type\":\"Article\",\"@id\":\"https:\\\/\\\/luxonomy.net\\\/es\\\/lvmh-da-a-conocer-la-lista-de-los-22-candidatos-preseleccionados-para-la-semifinal-del-premio-lvmh-2023\\\/#article\",\"isPartOf\":{\"@id\":\"https:\\\/\\\/luxonomy.net\\\/es\\\/lvmh-da-a-conocer-la-lista-de-los-22-candidatos-preseleccionados-para-la-semifinal-del-premio-lvmh-2023\\\/\"},\"author\":{\"name\":\"LUXONOMY\",\"@id\":\"https:\\\/\\\/luxonomy.net\\\/es\\\/#\\\/schema\\\/person\\\/ca588d8b741a1fdd9065289c8d98ee8c\"},\"headline\":\"LVMH da a conocer la lista de los 22 candidatos preseleccionados para la semifinal del Premio LVMH 2023\",\"datePublished\":\"2023-02-20T11:09:16+00:00\",\"dateModified\":\"2023-02-21T11:13:55+00:00\",\"mainEntityOfPage\":{\"@id\":\"https:\\\/\\\/luxonomy.net\\\/es\\\/lvmh-da-a-conocer-la-lista-de-los-22-candidatos-preseleccionados-para-la-semifinal-del-premio-lvmh-2023\\\/\"},\"wordCount\":1950,\"commentCount\":0,\"publisher\":{\"@id\":\"https:\\\/\\\/luxonomy.net\\\/es\\\/#organization\"},\"image\":{\"@id\":\"https:\\\/\\\/luxonomy.net\\\/es\\\/lvmh-da-a-conocer-la-lista-de-los-22-candidatos-preseleccionados-para-la-semifinal-del-premio-lvmh-2023\\\/#primaryimage\"},\"thumbnailUrl\":\"https:\\\/\\\/i0.wp.com\\\/luxonomy.net\\\/wp-content\\\/uploads\\\/2023\\\/02\\\/LVMH-da-a-conocer-la-lista-de-los-22-candidatos-preseleccionados-para-la-semifinal-del-Premio-LVMH-2023.png?fit=2000%2C1100&ssl=1\",\"keywords\":[\"Eventos\",\"Premios LVMH\"],\"articleSection\":[\"Eventos\"],\"inLanguage\":\"es\",\"potentialAction\":[{\"@type\":\"CommentAction\",\"name\":\"Comment\",\"target\":[\"https:\\\/\\\/luxonomy.net\\\/es\\\/lvmh-da-a-conocer-la-lista-de-los-22-candidatos-preseleccionados-para-la-semifinal-del-premio-lvmh-2023\\\/#respond\"]}]},{\"@type\":\"WebPage\",\"@id\":\"https:\\\/\\\/luxonomy.net\\\/es\\\/lvmh-da-a-conocer-la-lista-de-los-22-candidatos-preseleccionados-para-la-semifinal-del-premio-lvmh-2023\\\/\",\"url\":\"https:\\\/\\\/luxonomy.net\\\/es\\\/lvmh-da-a-conocer-la-lista-de-los-22-candidatos-preseleccionados-para-la-semifinal-del-premio-lvmh-2023\\\/\",\"name\":\"LVMH da a conocer la lista de los 22 candidatos preseleccionados para la semifinal del Premio LVMH 2023 | LUXONOMY\",\"isPartOf\":{\"@id\":\"https:\\\/\\\/luxonomy.net\\\/es\\\/#website\"},\"primaryImageOfPage\":{\"@id\":\"https:\\\/\\\/luxonomy.net\\\/es\\\/lvmh-da-a-conocer-la-lista-de-los-22-candidatos-preseleccionados-para-la-semifinal-del-premio-lvmh-2023\\\/#primaryimage\"},\"image\":{\"@id\":\"https:\\\/\\\/luxonomy.net\\\/es\\\/lvmh-da-a-conocer-la-lista-de-los-22-candidatos-preseleccionados-para-la-semifinal-del-premio-lvmh-2023\\\/#primaryimage\"},\"thumbnailUrl\":\"https:\\\/\\\/i0.wp.com\\\/luxonomy.net\\\/wp-content\\\/uploads\\\/2023\\\/02\\\/LVMH-da-a-conocer-la-lista-de-los-22-candidatos-preseleccionados-para-la-semifinal-del-Premio-LVMH-2023.png?fit=2000%2C1100&ssl=1\",\"datePublished\":\"2023-02-20T11:09:16+00:00\",\"dateModified\":\"2023-02-21T11:13:55+00:00\",\"breadcrumb\":{\"@id\":\"https:\\\/\\\/luxonomy.net\\\/es\\\/lvmh-da-a-conocer-la-lista-de-los-22-candidatos-preseleccionados-para-la-semifinal-del-premio-lvmh-2023\\\/#breadcrumb\"},\"inLanguage\":\"es\",\"potentialAction\":[{\"@type\":\"ReadAction\",\"target\":[\"https:\\\/\\\/luxonomy.net\\\/es\\\/lvmh-da-a-conocer-la-lista-de-los-22-candidatos-preseleccionados-para-la-semifinal-del-premio-lvmh-2023\\\/\"]}]},{\"@type\":\"ImageObject\",\"inLanguage\":\"es\",\"@id\":\"https:\\\/\\\/luxonomy.net\\\/es\\\/lvmh-da-a-conocer-la-lista-de-los-22-candidatos-preseleccionados-para-la-semifinal-del-premio-lvmh-2023\\\/#primaryimage\",\"url\":\"https:\\\/\\\/i0.wp.com\\\/luxonomy.net\\\/wp-content\\\/uploads\\\/2023\\\/02\\\/LVMH-da-a-conocer-la-lista-de-los-22-candidatos-preseleccionados-para-la-semifinal-del-Premio-LVMH-2023.png?fit=2000%2C1100&ssl=1\",\"contentUrl\":\"https:\\\/\\\/i0.wp.com\\\/luxonomy.net\\\/wp-content\\\/uploads\\\/2023\\\/02\\\/LVMH-da-a-conocer-la-lista-de-los-22-candidatos-preseleccionados-para-la-semifinal-del-Premio-LVMH-2023.png?fit=2000%2C1100&ssl=1\",\"width\":2000,\"height\":1100},{\"@type\":\"BreadcrumbList\",\"@id\":\"https:\\\/\\\/luxonomy.net\\\/es\\\/lvmh-da-a-conocer-la-lista-de-los-22-candidatos-preseleccionados-para-la-semifinal-del-premio-lvmh-2023\\\/#breadcrumb\",\"itemListElement\":[{\"@type\":\"ListItem\",\"position\":1,\"name\":\"Portada\",\"item\":\"https:\\\/\\\/luxonomy.net\\\/es\\\/\"},{\"@type\":\"ListItem\",\"position\":2,\"name\":\"LVMH da a conocer la lista de los 22 candidatos preseleccionados para la semifinal del Premio LVMH 2023\"}]},{\"@type\":\"WebSite\",\"@id\":\"https:\\\/\\\/luxonomy.net\\\/es\\\/#website\",\"url\":\"https:\\\/\\\/luxonomy.net\\\/es\\\/\",\"name\":\"LUXONOMY\",\"description\":\"The Economy of Fashion &amp; Luxury\",\"publisher\":{\"@id\":\"https:\\\/\\\/luxonomy.net\\\/es\\\/#organization\"},\"potentialAction\":[{\"@type\":\"SearchAction\",\"target\":{\"@type\":\"EntryPoint\",\"urlTemplate\":\"https:\\\/\\\/luxonomy.net\\\/es\\\/?s={search_term_string}\"},\"query-input\":{\"@type\":\"PropertyValueSpecification\",\"valueRequired\":true,\"valueName\":\"search_term_string\"}}],\"inLanguage\":\"es\"},{\"@type\":\"Organization\",\"@id\":\"https:\\\/\\\/luxonomy.net\\\/es\\\/#organization\",\"name\":\"LUXONOMY\",\"url\":\"https:\\\/\\\/luxonomy.net\\\/es\\\/\",\"logo\":{\"@type\":\"ImageObject\",\"inLanguage\":\"es\",\"@id\":\"https:\\\/\\\/luxonomy.net\\\/es\\\/#\\\/schema\\\/logo\\\/image\\\/\",\"url\":\"https:\\\/\\\/i2.wp.com\\\/luxonomy.net\\\/wp-content\\\/uploads\\\/2021\\\/09\\\/MOCKUP-TODOS-LUXONOMY.jpg?fit=1000%2C515&ssl=1\",\"contentUrl\":\"https:\\\/\\\/i2.wp.com\\\/luxonomy.net\\\/wp-content\\\/uploads\\\/2021\\\/09\\\/MOCKUP-TODOS-LUXONOMY.jpg?fit=1000%2C515&ssl=1\",\"width\":1000,\"height\":515,\"caption\":\"LUXONOMY\"},\"image\":{\"@id\":\"https:\\\/\\\/luxonomy.net\\\/es\\\/#\\\/schema\\\/logo\\\/image\\\/\"},\"sameAs\":[\"https:\\\/\\\/www.facebook.com\\\/luxonomy\",\"https:\\\/\\\/www.instagram.com\\\/luxonomy\\\/\",\"https:\\\/\\\/www.linkedin.com\\\/company\\\/luxonomy\\\/\"]},{\"@type\":\"Person\",\"@id\":\"https:\\\/\\\/luxonomy.net\\\/es\\\/#\\\/schema\\\/person\\\/ca588d8b741a1fdd9065289c8d98ee8c\",\"name\":\"LUXONOMY\",\"image\":{\"@type\":\"ImageObject\",\"inLanguage\":\"es\",\"@id\":\"https:\\\/\\\/luxonomy.net\\\/wp-content\\\/litespeed\\\/avatar\\\/a6436cdb14fdaf9c21808e63d0da2055.jpg?ver=1788366758\",\"url\":\"https:\\\/\\\/luxonomy.net\\\/wp-content\\\/litespeed\\\/avatar\\\/a6436cdb14fdaf9c21808e63d0da2055.jpg?ver=1788366758\",\"contentUrl\":\"https:\\\/\\\/luxonomy.net\\\/wp-content\\\/litespeed\\\/avatar\\\/a6436cdb14fdaf9c21808e63d0da2055.jpg?ver=1788366758\",\"caption\":\"LUXONOMY\"},\"sameAs\":[\"https:\\\/\"],\"url\":\"https:\\\/\\\/luxonomy.net\\\/es\\\/author\\\/luxonomy\\\/\"}]}<\/script>\n<!-- \/ Yoast SEO plugin. -->","yoast_head_json":{"title":"LVMH da a conocer la lista de los 22 candidatos preseleccionados para la semifinal del Premio LVMH 2023 | LUXONOMY","robots":{"index":"index","follow":"follow","max-snippet":"max-snippet:-1","max-image-preview":"max-image-preview:large","max-video-preview":"max-video-preview:-1"},"canonical":"https:\/\/luxonomy.net\/es\/lvmh-da-a-conocer-la-lista-de-los-22-candidatos-preseleccionados-para-la-semifinal-del-premio-lvmh-2023\/","og_locale":"es_ES","og_type":"article","og_title":"LVMH da a conocer la lista de los 22 candidatos preseleccionados para la semifinal del Premio LVMH 2023 | LUXONOMY","og_description":"En su d\u00e9cimo aniversario, el Premio LVMH para J\u00f3venes Dise\u00f1adores de Moda ha confirmado su \u00e9xito y alcance internacional: m\u00e1s de 2.400 candidatos se postularon para la edici\u00f3n de 2023, un n\u00famero r\u00e9cord de entradas de todo el mundo. Cuando se cerraron las inscripciones, 22 marcas j\u00f3venes fueron seleccionadas para la semifinal. Los dise\u00f1adores provienen&hellip;","og_url":"https:\/\/luxonomy.net\/es\/lvmh-da-a-conocer-la-lista-de-los-22-candidatos-preseleccionados-para-la-semifinal-del-premio-lvmh-2023\/","og_site_name":"LUXONOMY","article_publisher":"https:\/\/www.facebook.com\/luxonomy","article_published_time":"2023-02-20T11:09:16+00:00","article_modified_time":"2023-02-21T11:13:55+00:00","og_image":[{"width":1024,"height":563,"url":"https:\/\/luxonomy.net\/wp-content\/uploads\/2023\/02\/LVMH-da-a-conocer-la-lista-de-los-22-candidatos-preseleccionados-para-la-semifinal-del-Premio-LVMH-2023-1024x563.png","type":"image\/png"}],"author":"LUXONOMY","twitter_card":"summary_large_image","twitter_misc":{"Escrito por":"LUXONOMY","Tiempo de lectura":"9 minutos"},"schema":{"@context":"https:\/\/schema.org","@graph":[{"@type":"Article","@id":"https:\/\/luxonomy.net\/es\/lvmh-da-a-conocer-la-lista-de-los-22-candidatos-preseleccionados-para-la-semifinal-del-premio-lvmh-2023\/#article","isPartOf":{"@id":"https:\/\/luxonomy.net\/es\/lvmh-da-a-conocer-la-lista-de-los-22-candidatos-preseleccionados-para-la-semifinal-del-premio-lvmh-2023\/"},"author":{"name":"LUXONOMY","@id":"https:\/\/luxonomy.net\/es\/#\/schema\/person\/ca588d8b741a1fdd9065289c8d98ee8c"},"headline":"LVMH da a conocer la lista de los 22 candidatos preseleccionados para la semifinal del Premio LVMH 2023","datePublished":"2023-02-20T11:09:16+00:00","dateModified":"2023-02-21T11:13:55+00:00","mainEntityOfPage":{"@id":"https:\/\/luxonomy.net\/es\/lvmh-da-a-conocer-la-lista-de-los-22-candidatos-preseleccionados-para-la-semifinal-del-premio-lvmh-2023\/"},"wordCount":1950,"commentCount":0,"publisher":{"@id":"https:\/\/luxonomy.net\/es\/#organization"},"image":{"@id":"https:\/\/luxonomy.net\/es\/lvmh-da-a-conocer-la-lista-de-los-22-candidatos-preseleccionados-para-la-semifinal-del-premio-lvmh-2023\/#primaryimage"},"thumbnailUrl":"https:\/\/i0.wp.com\/luxonomy.net\/wp-content\/uploads\/2023\/02\/LVMH-da-a-conocer-la-lista-de-los-22-candidatos-preseleccionados-para-la-semifinal-del-Premio-LVMH-2023.png?fit=2000%2C1100&ssl=1","keywords":["Eventos","Premios LVMH"],"articleSection":["Eventos"],"inLanguage":"es","potentialAction":[{"@type":"CommentAction","name":"Comment","target":["https:\/\/luxonomy.net\/es\/lvmh-da-a-conocer-la-lista-de-los-22-candidatos-preseleccionados-para-la-semifinal-del-premio-lvmh-2023\/#respond"]}]},{"@type":"WebPage","@id":"https:\/\/luxonomy.net\/es\/lvmh-da-a-conocer-la-lista-de-los-22-candidatos-preseleccionados-para-la-semifinal-del-premio-lvmh-2023\/","url":"https:\/\/luxonomy.net\/es\/lvmh-da-a-conocer-la-lista-de-los-22-candidatos-preseleccionados-para-la-semifinal-del-premio-lvmh-2023\/","name":"LVMH da a conocer la lista de los 22 candidatos preseleccionados para la semifinal del Premio LVMH 2023 | LUXONOMY","isPartOf":{"@id":"https:\/\/luxonomy.net\/es\/#website"},"primaryImageOfPage":{"@id":"https:\/\/luxonomy.net\/es\/lvmh-da-a-conocer-la-lista-de-los-22-candidatos-preseleccionados-para-la-semifinal-del-premio-lvmh-2023\/#primaryimage"},"image":{"@id":"https:\/\/luxonomy.net\/es\/lvmh-da-a-conocer-la-lista-de-los-22-candidatos-preseleccionados-para-la-semifinal-del-premio-lvmh-2023\/#primaryimage"},"thumbnailUrl":"https:\/\/i0.wp.com\/luxonomy.net\/wp-content\/uploads\/2023\/02\/LVMH-da-a-conocer-la-lista-de-los-22-candidatos-preseleccionados-para-la-semifinal-del-Premio-LVMH-2023.png?fit=2000%2C1100&ssl=1","datePublished":"2023-02-20T11:09:16+00:00","dateModified":"2023-02-21T11:13:55+00:00","breadcrumb":{"@id":"https:\/\/luxonomy.net\/es\/lvmh-da-a-conocer-la-lista-de-los-22-candidatos-preseleccionados-para-la-semifinal-del-premio-lvmh-2023\/#breadcrumb"},"inLanguage":"es","potentialAction":[{"@type":"ReadAction","target":["https:\/\/luxonomy.net\/es\/lvmh-da-a-conocer-la-lista-de-los-22-candidatos-preseleccionados-para-la-semifinal-del-premio-lvmh-2023\/"]}]},{"@type":"ImageObject","inLanguage":"es","@id":"https:\/\/luxonomy.net\/es\/lvmh-da-a-conocer-la-lista-de-los-22-candidatos-preseleccionados-para-la-semifinal-del-premio-lvmh-2023\/#primaryimage","url":"https:\/\/i0.wp.com\/luxonomy.net\/wp-content\/uploads\/2023\/02\/LVMH-da-a-conocer-la-lista-de-los-22-candidatos-preseleccionados-para-la-semifinal-del-Premio-LVMH-2023.png?fit=2000%2C1100&ssl=1","contentUrl":"https:\/\/i0.wp.com\/luxonomy.net\/wp-content\/uploads\/2023\/02\/LVMH-da-a-conocer-la-lista-de-los-22-candidatos-preseleccionados-para-la-semifinal-del-Premio-LVMH-2023.png?fit=2000%2C1100&ssl=1","width":2000,"height":1100},{"@type":"BreadcrumbList","@id":"https:\/\/luxonomy.net\/es\/lvmh-da-a-conocer-la-lista-de-los-22-candidatos-preseleccionados-para-la-semifinal-del-premio-lvmh-2023\/#breadcrumb","itemListElement":[{"@type":"ListItem","position":1,"name":"Portada","item":"https:\/\/luxonomy.net\/es\/"},{"@type":"ListItem","position":2,"name":"LVMH da a conocer la lista de los 22 candidatos preseleccionados para la semifinal del Premio LVMH 2023"}]},{"@type":"WebSite","@id":"https:\/\/luxonomy.net\/es\/#website","url":"https:\/\/luxonomy.net\/es\/","name":"LUXONOMY","description":"The Economy of Fashion &amp; Luxury","publisher":{"@id":"https:\/\/luxonomy.net\/es\/#organization"},"potentialAction":[{"@type":"SearchAction","target":{"@type":"EntryPoint","urlTemplate":"https:\/\/luxonomy.net\/es\/?s={search_term_string}"},"query-input":{"@type":"PropertyValueSpecification","valueRequired":true,"valueName":"search_term_string"}}],"inLanguage":"es"},{"@type":"Organization","@id":"https:\/\/luxonomy.net\/es\/#organization","name":"LUXONOMY","url":"https:\/\/luxonomy.net\/es\/","logo":{"@type":"ImageObject","inLanguage":"es","@id":"https:\/\/luxonomy.net\/es\/#\/schema\/logo\/image\/","url":"https:\/\/i2.wp.com\/luxonomy.net\/wp-content\/uploads\/2021\/09\/MOCKUP-TODOS-LUXONOMY.jpg?fit=1000%2C515&ssl=1","contentUrl":"https:\/\/i2.wp.com\/luxonomy.net\/wp-content\/uploads\/2021\/09\/MOCKUP-TODOS-LUXONOMY.jpg?fit=1000%2C515&ssl=1","width":1000,"height":515,"caption":"LUXONOMY"},"image":{"@id":"https:\/\/luxonomy.net\/es\/#\/schema\/logo\/image\/"},"sameAs":["https:\/\/www.facebook.com\/luxonomy","https:\/\/www.instagram.com\/luxonomy\/","https:\/\/www.linkedin.com\/company\/luxonomy\/"]},{"@type":"Person","@id":"https:\/\/luxonomy.net\/es\/#\/schema\/person\/ca588d8b741a1fdd9065289c8d98ee8c","name":"LUXONOMY","image":{"@type":"ImageObject","inLanguage":"es","@id":"https:\/\/luxonomy.net\/wp-content\/litespeed\/avatar\/a6436cdb14fdaf9c21808e63d0da2055.jpg?ver=1788366758","url":"https:\/\/luxonomy.net\/wp-content\/litespeed\/avatar\/a6436cdb14fdaf9c21808e63d0da2055.jpg?ver=1788366758","contentUrl":"https:\/\/luxonomy.net\/wp-content\/litespeed\/avatar\/a6436cdb14fdaf9c21808e63d0da2055.jpg?ver=1788366758","caption":"LUXONOMY"},"sameAs":["https:\/"],"url":"https:\/\/luxonomy.net\/es\/author\/luxonomy\/"}]}},"jetpack_publicize_connections":[],"jetpack_shortlink":"https:\/\/wp.me\/paPhBa-8xO","jetpack_sharing_enabled":true,"jetpack_featured_media_url":"https:\/\/i0.wp.com\/luxonomy.net\/wp-content\/uploads\/2023\/02\/LVMH-da-a-conocer-la-lista-de-los-22-candidatos-preseleccionados-para-la-semifinal-del-Premio-LVMH-2023.png?fit=2000%2C1100&ssl=1","_links":{"self":[{"href":"https:\/\/luxonomy.net\/es\/wp-json\/wp\/v2\/posts\/32848","targetHints":{"allow":["GET"]}}],"collection":[{"href":"https:\/\/luxonomy.net\/es\/wp-json\/wp\/v2\/posts"}],"about":[{"href":"https:\/\/luxonomy.net\/es\/wp-json\/wp\/v2\/types\/post"}],"author":[{"embeddable":true,"href":"https:\/\/luxonomy.net\/es\/wp-json\/wp\/v2\/users\/1"}],"replies":[{"embeddable":true,"href":"https:\/\/luxonomy.net\/es\/wp-json\/wp\/v2\/comments?post=32848"}],"version-history":[{"count":1,"href":"https:\/\/luxonomy.net\/es\/wp-json\/wp\/v2\/posts\/32848\/revisions"}],"predecessor-version":[{"id":32851,"href":"https:\/\/luxonomy.net\/es\/wp-json\/wp\/v2\/posts\/32848\/revisions\/32851"}],"wp:featuredmedia":[{"embeddable":true,"href":"https:\/\/luxonomy.net\/es\/wp-json\/wp\/v2\/media\/32849"}],"wp:attachment":[{"href":"https:\/\/luxonomy.net\/es\/wp-json\/wp\/v2\/media?parent=32848"}],"wp:term":[{"taxonomy":"category","embeddable":true,"href":"https:\/\/luxonomy.net\/es\/wp-json\/wp\/v2\/categories?post=32848"},{"taxonomy":"post_tag","embeddable":true,"href":"https:\/\/luxonomy.net\/es\/wp-json\/wp\/v2\/tags?post=32848"},{"taxonomy":"thb-sponsors","embeddable":true,"href":"https:\/\/luxonomy.net\/es\/wp-json\/wp\/v2\/thb-sponsors?post=32848"}],"curies":[{"name":"wp","href":"https:\/\/api.w.org\/{rel}","templated":true}]}}