{"id":32560,"date":"2023-02-13T19:19:40","date_gmt":"2023-02-13T18:19:40","guid":{"rendered":"https:\/?p=32560"},"modified":"2023-02-13T19:19:40","modified_gmt":"2023-02-13T18:19:40","slug":"estos-son-los-10-eventos-internacionales-de-moda-y-lujo-que-no-puedes-perderte-este-ano","status":"publish","type":"post","link":"https:\/\/luxonomy.net\/es\/estos-son-los-10-eventos-internacionales-de-moda-y-lujo-que-no-puedes-perderte-este-ano\/","title":{"rendered":"Estos son los 10 eventos internacionales de moda y lujo que no puedes perderte este a\u00f1o"},"content":{"rendered":"<p>El <strong>mundo del lujo es un espacio en constante evoluci\u00f3n<\/strong>, con nuevas tendencias y marcas emergentes. Para <strong>mantenerse al tanto de las \u00faltimas novedades y tendencias<\/strong> en el mundo del lujo, es importante asistir a los eventos m\u00e1s importantes en la industria. <strong>Desde la Semana de la Moda de Nueva York hasta el Sal\u00f3n de la Joyer\u00eda de Hong Kong<\/strong>, estos eventos ofrecen una oportunidad \u00fanica para descubrir las \u00faltimas <strong>tendencias<\/strong>, conocer a los mejores <strong>expertos<\/strong> y <strong>marcas<\/strong> de lujo en su respectivo campo y <strong>ampliar tus conocimientos sobre la industria del lujo<\/strong>. En este art\u00edculo, te presentamos una <strong>lista de los 10 eventos m\u00e1s importantes en el mundo del lujo, con fechas e informaci\u00f3n adicional<\/strong> para que puedas asistir y ser parte de esta vibrante comunidad.<\/p>\n<ol>\n<li><strong>Semana de la Moda de Nueva York<\/strong>: del 7 al 15 de febrero de 2023. Puedes encontrar m\u00e1s informaci\u00f3n en la p\u00e1gina web oficial de la Semana de la Moda de Nueva York: <a href=\"https:\/\/nyfw.com\/\" target=\"_blank\" rel=\"noopener\">https:\/\/nyfw.com\/<\/a>La Semana de la Moda de Nueva York es uno de los eventos de moda m\u00e1s grandes del mundo, con desfiles de las marcas m\u00e1s importantes y una amplia variedad de eventos paralelos. Esta semana es importante para asistir ya que es una oportunidad \u00fanica para descubrir las \u00faltimas tendencias en moda, ver las colecciones m\u00e1s recientes y conectarse con otros amantes de la moda y el lujo.<\/li>\n<li><strong>Sal\u00f3n Internacional de la Alta Relojer\u00eda<\/strong>: del 14 al 17 de abril de 2023. Puedes encontrar m\u00e1s informaci\u00f3n en la p\u00e1gina web oficial de la Sal\u00f3n Internacional de la Alta Relojer\u00eda: <a href=\"https:\/\/www.hautehorlogerie.org\/\" target=\"_blank\" rel=\"noopener\">https:\/\/www.hautehorlogerie.org\/<\/a> Este evento anual re\u00fane a los mejores relojeros y marcas de lujo para mostrar sus creaciones m\u00e1s recientes. El Sal\u00f3n Internacional de la Alta Relojer\u00eda es importante para asistir porque es una oportunidad \u00fanica para ver las \u00faltimas tendencias en relojer\u00eda, conocer los dise\u00f1os m\u00e1s innovadores y hablar con los expertos en el campo.<\/li>\n<li><strong>Feria de la Joyer\u00eda de Basilea<\/strong>: del 22 al 25 de abril de 2023. Puedes encontrar m\u00e1s informaci\u00f3n en la p\u00e1gina web oficial de la Feria de la Joyer\u00eda de Basilea: <a href=\"https:\/\/www.baselworld.com\/\" target=\"_blank\" rel=\"noopener\">https:\/\/www.baselworld.com\/<\/a> La Feria de la Joyer\u00eda de Basilea es uno de los eventos m\u00e1s importantes en el mundo de la joyer\u00eda, con exposiciones de las marcas m\u00e1s prestigiosas y las \u00faltimas tendencias en dise\u00f1o.<\/li>\n<li><strong>Paris Fashion Week<\/strong>: del 2 al 10 de octubre de 2023. Puedes encontrar m\u00e1s informaci\u00f3n en la p\u00e1gina web oficial de la Semana de la Moda de Par\u00eds: <a href=\"https:\/\/modeaparis.com\/\" target=\"_blank\" rel=\"noopener\">https:\/\/modeaparis.com\/<\/a> La Semana de la Moda de Par\u00eds es uno de los eventos de moda m\u00e1s importantes del mundo, con desfiles de las marcas m\u00e1s prestigiosas y una amplia variedad de eventos paralelos. La Semana de la Moda de Par\u00eds es importante para asistir porque es una oportunidad \u00fanica para descubrir las \u00faltimas tendencias en moda, ver las colecciones m\u00e1s recientes y conectarse con otros amantes de la moda y el lujo.<\/li>\n<li><strong>Feria de la Moda de Mil\u00e1n<\/strong>: del 17 al 23 de septiembre de 2023. Puedes encontrar m\u00e1s informaci\u00f3n en la p\u00e1gina web oficial de la Feria de la Moda de Mil\u00e1n: <a href=\"https:\/\/www.milanofashionweek.it\/\" target=\"_blank\" rel=\"noopener\">https:\/\/www.milanofashionweek.it\/<\/a> La Feria de la Moda de Mil\u00e1n es uno de los eventos m\u00e1s grandes y importantes de la industria de la moda, con exposiciones de las marcas m\u00e1s importantes y una amplia variedad de eventos paralelos. La feria es importante para asistir porque es una oportunidad \u00fanica para ver las \u00faltimas tendencias en moda, conocer a los mejores dise\u00f1adores y marcas de lujo y hablar con expertos en el campo.<\/li>\n<li><strong>Sal\u00f3n de la Joyer\u00eda de Vicenza<\/strong>: fecha por confirmar en 2023. Puedes encontrar m\u00e1s informaci\u00f3n en la p\u00e1gina web oficial del Sal\u00f3n de la Joyer\u00eda de Vicenza: <a href=\"https:\/\/www.vicenzajewellery.com\/\" target=\"_blank\" rel=\"noopener\">https:\/\/www.vicenzajewellery.com\/<\/a>nes m\u00e1s recientes y discutir las \u00faltimas tendencias en dise\u00f1o. El Sal\u00f3n de la Joyer\u00eda de Vicenza es importante para asistir porque es una oportunidad \u00fanica para ver las \u00faltimas tendencias en joyer\u00eda, conocer a los mejores joyeros y marcas de lujo y hablar con expertos en el campo.<\/li>\n<li><strong>Semana de la Moda de Londres<\/strong>: del 16 al 20 de septiembre de 2023. Puedes encontrar m\u00e1s informaci\u00f3n en la p\u00e1gina web oficial de la Semana de la Moda de Londres: <a href=\"https:\/\/londonfashionweek.co.uk\/\" target=\"_blank\" rel=\"noopener\">https:\/\/londonfashionweek.co.uk\/<\/a>La Semana de la Moda de Londres es uno de los eventos de moda m\u00e1s importantes del Reino Unido, con desfiles de marcas emergentes y una amplia variedad de eventos paralelos. La Semana de la Moda de Londres es importante para asistir porque es una oportunidad \u00fanica para descubrir las \u00faltimas tendencias en moda, ver las colecciones m\u00e1s recientes de marcas emergentes y conectarse con otros amantes de la moda y el lujo.<\/li>\n<li><strong>Feria de la Moda de Tokio<\/strong>: del 11 al 14 de octubre de 2023. Puedes encontrar m\u00e1s informaci\u00f3n en la p\u00e1gina web oficial de la Feria de la Moda de Tokio: <a href=\"https:\/\/tokyofashionweek.com\/\" target=\"_blank\" rel=\"noopener\">https:\/\/tokyofashionweek.com\/<\/a>La Feria de la Moda de Tokio es uno de los eventos m\u00e1s grandes y importantes de la industria de la moda en Asia, con exposiciones de las marcas m\u00e1s importantes y una amplia variedad de eventos paralelos. La feria es importante para asistir porque es una oportunidad \u00fanica para ver las \u00faltimas tendencias en moda en Asia, conocer a los mejores dise\u00f1adores y marcas de lujo y hablar con expertos en el campo.<\/li>\n<li><strong>Sal\u00f3n de la Joyer\u00eda de Hong Kong<\/strong>: fecha por confirmar en 2023. Puedes encontrar m\u00e1s informaci\u00f3n en la p\u00e1gina web oficial del Sal\u00f3n de la Joyer\u00eda de Hong Kong: <a href=\"https:\/\/www.hktdc.com\/fair\/hkjewellery-en\/HKTDC-Hong-Kong-International-Jewellery-Show.html\" target=\"_blank\" rel=\"noopener\">https:\/\/www.hktdc.com\/fair\/hkjewellery-en\/HKTDC-Hong-Kong-International-Jewellery-Show.html<\/a> Este evento anual re\u00fane a los mejores joyeros y marcas de lujo de Asia para mostrar sus creaciones m\u00e1s recientes y discutir las \u00faltimas tendencias en dise\u00f1o. El Sal\u00f3n de la Joyer\u00eda de Hong Kong es importante para asistir porque es una oportunidad \u00fanica para ver las \u00faltimas tendencias en joyer\u00eda en Asia, conocer a los mejores joyeros y marcas de lujo y hablar con expertos en el campo.<\/li>\n<li><strong>Semana de la Moda de S\u00eddney<\/strong>: fecha por confirmar en 2023. Puedes encontrar m\u00e1s informaci\u00f3n en la p\u00e1gina web oficial de la Semana de la Moda de S\u00eddney: <a href=\"https:\/\/sydneyfashionweek.com.au\/\" target=\"_blank\" rel=\"noopener\">https:\/\/sydneyfashionweek.com.au\/<\/a> La Semana de la Moda de S\u00eddney es uno de los eventos de moda m\u00e1s importantes de Australia, con desfiles de marcas emergentes y una amplia variedad de eventos paralelos. La Semana de la Moda de S\u00eddney es importante para asistir porque es una oportunidad \u00fanica para descubrir las \u00faltimas tendencias en moda en Australia, ver las colecciones m\u00e1s recientes de marcas emergentes y conectarse con otros amantes de la moda y el lujo en el pa\u00eds.<\/li>\n<\/ol>\n","protected":false},"excerpt":{"rendered":"<p>El mundo del lujo es un espacio en constante evoluci\u00f3n, con nuevas tendencias y marcas emergentes. Para mantenerse al tanto de las \u00faltimas novedades y tendencias en el mundo del lujo, es importante asistir a los eventos m\u00e1s importantes en la industria. Desde la Semana de la Moda de Nueva York hasta el Sal\u00f3n de&hellip;<\/p>\n","protected":false},"author":13,"featured_media":32564,"comment_status":"open","ping_status":"open","sticky":false,"template":"","format":"standard","meta":{"_jetpack_newsletter_access":"","_jetpack_dont_email_post_to_subs":false,"_jetpack_newsletter_tier_id":0,"_jetpack_memberships_contains_paywalled_content":false,"_jetpack_feature_clip_id":0,"_jetpack_memberships_contains_paid_content":false,"footnotes":"","jetpack_publicize_message":"","jetpack_publicize_feature_enabled":true,"jetpack_social_post_already_shared":true,"jetpack_social_options":{"image_generator_settings":{"template":"edge","default_image_id":0,"font":"","enabled":false},"version":2},"jetpack_post_was_ever_published":false},"categories":[227],"tags":[228],"thb-sponsors":[],"class_list":["post-32560","post","type-post","status-publish","format-standard","has-post-thumbnail","hentry","category-eventos","tag-eventos"],"yoast_head":"<!-- This site is optimized with the Yoast SEO plugin v28.4 - https:\/\/yoast.com\/product\/yoast-seo-wordpress\/ -->\n<title>Estos son los 10 eventos internacionales de moda y lujo que no puedes perderte este a\u00f1o | LUXONOMY<\/title>\n<meta name=\"robots\" content=\"index, follow, max-snippet:-1, max-image-preview:large, max-video-preview:-1\" \/>\n<link rel=\"canonical\" href=\"https:\/\/luxonomy.net\/es\/estos-son-los-10-eventos-internacionales-de-moda-y-lujo-que-no-puedes-perderte-este-ano\/\" \/>\n<meta property=\"og:locale\" content=\"es_ES\" \/>\n<meta property=\"og:type\" content=\"article\" \/>\n<meta property=\"og:title\" content=\"Estos son los 10 eventos internacionales de moda y lujo que no puedes perderte este a\u00f1o | LUXONOMY\" \/>\n<meta property=\"og:description\" content=\"El mundo del lujo es un espacio en constante evoluci\u00f3n, con nuevas tendencias y marcas emergentes. Para mantenerse al tanto de las \u00faltimas novedades y tendencias en el mundo del lujo, es importante asistir a los eventos m\u00e1s importantes en la industria. Desde la Semana de la Moda de Nueva York hasta el Sal\u00f3n de&hellip;\" \/>\n<meta property=\"og:url\" content=\"https:\/\/luxonomy.net\/es\/estos-son-los-10-eventos-internacionales-de-moda-y-lujo-que-no-puedes-perderte-este-ano\/\" \/>\n<meta property=\"og:site_name\" content=\"LUXONOMY\" \/>\n<meta property=\"article:publisher\" content=\"https:\/\/www.facebook.com\/luxonomy\" \/>\n<meta property=\"article:published_time\" content=\"2023-02-13T18:19:40+00:00\" \/>\n<meta property=\"og:image\" content=\"https:\/\/i0.wp.com\/luxonomy.net\/wp-content\/uploads\/2023\/02\/DIORBaselworlddesign.jpg?fit=900%2C600&quality=89&ssl=1\" \/>\n\t<meta property=\"og:image:width\" content=\"900\" \/>\n\t<meta property=\"og:image:height\" content=\"600\" \/>\n\t<meta property=\"og:image:type\" content=\"image\/jpeg\" \/>\n<meta name=\"author\" content=\"Dara Bernardo\" \/>\n<meta name=\"twitter:card\" content=\"summary_large_image\" \/>\n<meta name=\"twitter:label1\" content=\"Escrito por\" \/>\n\t<meta name=\"twitter:data1\" content=\"Dara Bernardo\" \/>\n\t<meta name=\"twitter:label2\" content=\"Tiempo de lectura\" \/>\n\t<meta name=\"twitter:data2\" content=\"5 minutos\" \/>\n<script type=\"application\/ld+json\" class=\"yoast-schema-graph\">{\"@context\":\"https:\\\/\\\/schema.org\",\"@graph\":[{\"@type\":\"Article\",\"@id\":\"https:\\\/\\\/luxonomy.net\\\/es\\\/estos-son-los-10-eventos-internacionales-de-moda-y-lujo-que-no-puedes-perderte-este-ano\\\/#article\",\"isPartOf\":{\"@id\":\"https:\\\/\\\/luxonomy.net\\\/es\\\/estos-son-los-10-eventos-internacionales-de-moda-y-lujo-que-no-puedes-perderte-este-ano\\\/\"},\"author\":{\"name\":\"Dara Bernardo\",\"@id\":\"https:\\\/\\\/luxonomy.net\\\/es\\\/#\\\/schema\\\/person\\\/74504e9f212f80551761fb98f9925520\"},\"headline\":\"Estos son los 10 eventos internacionales de moda y lujo que no puedes perderte este a\u00f1o\",\"datePublished\":\"2023-02-13T18:19:40+00:00\",\"mainEntityOfPage\":{\"@id\":\"https:\\\/\\\/luxonomy.net\\\/es\\\/estos-son-los-10-eventos-internacionales-de-moda-y-lujo-que-no-puedes-perderte-este-ano\\\/\"},\"wordCount\":1198,\"commentCount\":0,\"publisher\":{\"@id\":\"https:\\\/\\\/luxonomy.net\\\/es\\\/#organization\"},\"image\":{\"@id\":\"https:\\\/\\\/luxonomy.net\\\/es\\\/estos-son-los-10-eventos-internacionales-de-moda-y-lujo-que-no-puedes-perderte-este-ano\\\/#primaryimage\"},\"thumbnailUrl\":\"https:\\\/\\\/i0.wp.com\\\/luxonomy.net\\\/wp-content\\\/uploads\\\/2023\\\/02\\\/DIORBaselworlddesign.jpg?fit=900%2C600&ssl=1\",\"keywords\":[\"Eventos\"],\"articleSection\":[\"Eventos\"],\"inLanguage\":\"es\",\"potentialAction\":[{\"@type\":\"CommentAction\",\"name\":\"Comment\",\"target\":[\"https:\\\/\\\/luxonomy.net\\\/es\\\/estos-son-los-10-eventos-internacionales-de-moda-y-lujo-que-no-puedes-perderte-este-ano\\\/#respond\"]}]},{\"@type\":\"WebPage\",\"@id\":\"https:\\\/\\\/luxonomy.net\\\/es\\\/estos-son-los-10-eventos-internacionales-de-moda-y-lujo-que-no-puedes-perderte-este-ano\\\/\",\"url\":\"https:\\\/\\\/luxonomy.net\\\/es\\\/estos-son-los-10-eventos-internacionales-de-moda-y-lujo-que-no-puedes-perderte-este-ano\\\/\",\"name\":\"Estos son los 10 eventos internacionales de moda y lujo que no puedes perderte este a\u00f1o | LUXONOMY\",\"isPartOf\":{\"@id\":\"https:\\\/\\\/luxonomy.net\\\/es\\\/#website\"},\"primaryImageOfPage\":{\"@id\":\"https:\\\/\\\/luxonomy.net\\\/es\\\/estos-son-los-10-eventos-internacionales-de-moda-y-lujo-que-no-puedes-perderte-este-ano\\\/#primaryimage\"},\"image\":{\"@id\":\"https:\\\/\\\/luxonomy.net\\\/es\\\/estos-son-los-10-eventos-internacionales-de-moda-y-lujo-que-no-puedes-perderte-este-ano\\\/#primaryimage\"},\"thumbnailUrl\":\"https:\\\/\\\/i0.wp.com\\\/luxonomy.net\\\/wp-content\\\/uploads\\\/2023\\\/02\\\/DIORBaselworlddesign.jpg?fit=900%2C600&ssl=1\",\"datePublished\":\"2023-02-13T18:19:40+00:00\",\"breadcrumb\":{\"@id\":\"https:\\\/\\\/luxonomy.net\\\/es\\\/estos-son-los-10-eventos-internacionales-de-moda-y-lujo-que-no-puedes-perderte-este-ano\\\/#breadcrumb\"},\"inLanguage\":\"es\",\"potentialAction\":[{\"@type\":\"ReadAction\",\"target\":[\"https:\\\/\\\/luxonomy.net\\\/es\\\/estos-son-los-10-eventos-internacionales-de-moda-y-lujo-que-no-puedes-perderte-este-ano\\\/\"]}]},{\"@type\":\"ImageObject\",\"inLanguage\":\"es\",\"@id\":\"https:\\\/\\\/luxonomy.net\\\/es\\\/estos-son-los-10-eventos-internacionales-de-moda-y-lujo-que-no-puedes-perderte-este-ano\\\/#primaryimage\",\"url\":\"https:\\\/\\\/i0.wp.com\\\/luxonomy.net\\\/wp-content\\\/uploads\\\/2023\\\/02\\\/DIORBaselworlddesign.jpg?fit=900%2C600&ssl=1\",\"contentUrl\":\"https:\\\/\\\/i0.wp.com\\\/luxonomy.net\\\/wp-content\\\/uploads\\\/2023\\\/02\\\/DIORBaselworlddesign.jpg?fit=900%2C600&ssl=1\",\"width\":900,\"height\":600},{\"@type\":\"BreadcrumbList\",\"@id\":\"https:\\\/\\\/luxonomy.net\\\/es\\\/estos-son-los-10-eventos-internacionales-de-moda-y-lujo-que-no-puedes-perderte-este-ano\\\/#breadcrumb\",\"itemListElement\":[{\"@type\":\"ListItem\",\"position\":1,\"name\":\"Portada\",\"item\":\"https:\\\/\\\/luxonomy.net\\\/es\\\/\"},{\"@type\":\"ListItem\",\"position\":2,\"name\":\"Estos son los 10 eventos internacionales de moda y lujo que no puedes perderte este a\u00f1o\"}]},{\"@type\":\"WebSite\",\"@id\":\"https:\\\/\\\/luxonomy.net\\\/es\\\/#website\",\"url\":\"https:\\\/\\\/luxonomy.net\\\/es\\\/\",\"name\":\"LUXONOMY\",\"description\":\"The Economy of Fashion &amp; Luxury\",\"publisher\":{\"@id\":\"https:\\\/\\\/luxonomy.net\\\/es\\\/#organization\"},\"potentialAction\":[{\"@type\":\"SearchAction\",\"target\":{\"@type\":\"EntryPoint\",\"urlTemplate\":\"https:\\\/\\\/luxonomy.net\\\/es\\\/?s={search_term_string}\"},\"query-input\":{\"@type\":\"PropertyValueSpecification\",\"valueRequired\":true,\"valueName\":\"search_term_string\"}}],\"inLanguage\":\"es\"},{\"@type\":\"Organization\",\"@id\":\"https:\\\/\\\/luxonomy.net\\\/es\\\/#organization\",\"name\":\"LUXONOMY\",\"url\":\"https:\\\/\\\/luxonomy.net\\\/es\\\/\",\"logo\":{\"@type\":\"ImageObject\",\"inLanguage\":\"es\",\"@id\":\"https:\\\/\\\/luxonomy.net\\\/es\\\/#\\\/schema\\\/logo\\\/image\\\/\",\"url\":\"https:\\\/\\\/i2.wp.com\\\/luxonomy.net\\\/wp-content\\\/uploads\\\/2021\\\/09\\\/MOCKUP-TODOS-LUXONOMY.jpg?fit=1000%2C515&ssl=1\",\"contentUrl\":\"https:\\\/\\\/i2.wp.com\\\/luxonomy.net\\\/wp-content\\\/uploads\\\/2021\\\/09\\\/MOCKUP-TODOS-LUXONOMY.jpg?fit=1000%2C515&ssl=1\",\"width\":1000,\"height\":515,\"caption\":\"LUXONOMY\"},\"image\":{\"@id\":\"https:\\\/\\\/luxonomy.net\\\/es\\\/#\\\/schema\\\/logo\\\/image\\\/\"},\"sameAs\":[\"https:\\\/\\\/www.facebook.com\\\/luxonomy\",\"https:\\\/\\\/www.instagram.com\\\/luxonomy\\\/\",\"https:\\\/\\\/www.linkedin.com\\\/company\\\/luxonomy\\\/\"]},{\"@type\":\"Person\",\"@id\":\"https:\\\/\\\/luxonomy.net\\\/es\\\/#\\\/schema\\\/person\\\/74504e9f212f80551761fb98f9925520\",\"name\":\"Dara Bernardo\",\"image\":{\"@type\":\"ImageObject\",\"inLanguage\":\"es\",\"@id\":\"https:\\\/\\\/luxonomy.net\\\/wp-content\\\/litespeed\\\/avatar\\\/6210219c821657e60e23828a44456840.jpg?ver=1787976301\",\"url\":\"https:\\\/\\\/luxonomy.net\\\/wp-content\\\/litespeed\\\/avatar\\\/6210219c821657e60e23828a44456840.jpg?ver=1787976301\",\"contentUrl\":\"https:\\\/\\\/luxonomy.net\\\/wp-content\\\/litespeed\\\/avatar\\\/6210219c821657e60e23828a44456840.jpg?ver=1787976301\",\"caption\":\"Dara Bernardo\"},\"description\":\"Managing Director at LUXONOMY\u2122 Group Middle East\",\"sameAs\":[\"mailto:dubai@investme.capital\"],\"url\":\"https:\\\/\\\/luxonomy.net\\\/es\\\/author\\\/dara-bernardo\\\/\"}]}<\/script>\n<!-- \/ Yoast SEO plugin. -->","yoast_head_json":{"title":"Estos son los 10 eventos internacionales de moda y lujo que no puedes perderte este a\u00f1o | LUXONOMY","robots":{"index":"index","follow":"follow","max-snippet":"max-snippet:-1","max-image-preview":"max-image-preview:large","max-video-preview":"max-video-preview:-1"},"canonical":"https:\/\/luxonomy.net\/es\/estos-son-los-10-eventos-internacionales-de-moda-y-lujo-que-no-puedes-perderte-este-ano\/","og_locale":"es_ES","og_type":"article","og_title":"Estos son los 10 eventos internacionales de moda y lujo que no puedes perderte este a\u00f1o | LUXONOMY","og_description":"El mundo del lujo es un espacio en constante evoluci\u00f3n, con nuevas tendencias y marcas emergentes. Para mantenerse al tanto de las \u00faltimas novedades y tendencias en el mundo del lujo, es importante asistir a los eventos m\u00e1s importantes en la industria. Desde la Semana de la Moda de Nueva York hasta el Sal\u00f3n de&hellip;","og_url":"https:\/\/luxonomy.net\/es\/estos-son-los-10-eventos-internacionales-de-moda-y-lujo-que-no-puedes-perderte-este-ano\/","og_site_name":"LUXONOMY","article_publisher":"https:\/\/www.facebook.com\/luxonomy","article_published_time":"2023-02-13T18:19:40+00:00","og_image":[{"width":900,"height":600,"url":"https:\/\/i0.wp.com\/luxonomy.net\/wp-content\/uploads\/2023\/02\/DIORBaselworlddesign.jpg?fit=900%2C600&quality=89&ssl=1","type":"image\/jpeg"}],"author":"Dara Bernardo","twitter_card":"summary_large_image","twitter_misc":{"Escrito por":"Dara Bernardo","Tiempo de lectura":"5 minutos"},"schema":{"@context":"https:\/\/schema.org","@graph":[{"@type":"Article","@id":"https:\/\/luxonomy.net\/es\/estos-son-los-10-eventos-internacionales-de-moda-y-lujo-que-no-puedes-perderte-este-ano\/#article","isPartOf":{"@id":"https:\/\/luxonomy.net\/es\/estos-son-los-10-eventos-internacionales-de-moda-y-lujo-que-no-puedes-perderte-este-ano\/"},"author":{"name":"Dara Bernardo","@id":"https:\/\/luxonomy.net\/es\/#\/schema\/person\/74504e9f212f80551761fb98f9925520"},"headline":"Estos son los 10 eventos internacionales de moda y lujo que no puedes perderte este a\u00f1o","datePublished":"2023-02-13T18:19:40+00:00","mainEntityOfPage":{"@id":"https:\/\/luxonomy.net\/es\/estos-son-los-10-eventos-internacionales-de-moda-y-lujo-que-no-puedes-perderte-este-ano\/"},"wordCount":1198,"commentCount":0,"publisher":{"@id":"https:\/\/luxonomy.net\/es\/#organization"},"image":{"@id":"https:\/\/luxonomy.net\/es\/estos-son-los-10-eventos-internacionales-de-moda-y-lujo-que-no-puedes-perderte-este-ano\/#primaryimage"},"thumbnailUrl":"https:\/\/i0.wp.com\/luxonomy.net\/wp-content\/uploads\/2023\/02\/DIORBaselworlddesign.jpg?fit=900%2C600&ssl=1","keywords":["Eventos"],"articleSection":["Eventos"],"inLanguage":"es","potentialAction":[{"@type":"CommentAction","name":"Comment","target":["https:\/\/luxonomy.net\/es\/estos-son-los-10-eventos-internacionales-de-moda-y-lujo-que-no-puedes-perderte-este-ano\/#respond"]}]},{"@type":"WebPage","@id":"https:\/\/luxonomy.net\/es\/estos-son-los-10-eventos-internacionales-de-moda-y-lujo-que-no-puedes-perderte-este-ano\/","url":"https:\/\/luxonomy.net\/es\/estos-son-los-10-eventos-internacionales-de-moda-y-lujo-que-no-puedes-perderte-este-ano\/","name":"Estos son los 10 eventos internacionales de moda y lujo que no puedes perderte este a\u00f1o | LUXONOMY","isPartOf":{"@id":"https:\/\/luxonomy.net\/es\/#website"},"primaryImageOfPage":{"@id":"https:\/\/luxonomy.net\/es\/estos-son-los-10-eventos-internacionales-de-moda-y-lujo-que-no-puedes-perderte-este-ano\/#primaryimage"},"image":{"@id":"https:\/\/luxonomy.net\/es\/estos-son-los-10-eventos-internacionales-de-moda-y-lujo-que-no-puedes-perderte-este-ano\/#primaryimage"},"thumbnailUrl":"https:\/\/i0.wp.com\/luxonomy.net\/wp-content\/uploads\/2023\/02\/DIORBaselworlddesign.jpg?fit=900%2C600&ssl=1","datePublished":"2023-02-13T18:19:40+00:00","breadcrumb":{"@id":"https:\/\/luxonomy.net\/es\/estos-son-los-10-eventos-internacionales-de-moda-y-lujo-que-no-puedes-perderte-este-ano\/#breadcrumb"},"inLanguage":"es","potentialAction":[{"@type":"ReadAction","target":["https:\/\/luxonomy.net\/es\/estos-son-los-10-eventos-internacionales-de-moda-y-lujo-que-no-puedes-perderte-este-ano\/"]}]},{"@type":"ImageObject","inLanguage":"es","@id":"https:\/\/luxonomy.net\/es\/estos-son-los-10-eventos-internacionales-de-moda-y-lujo-que-no-puedes-perderte-este-ano\/#primaryimage","url":"https:\/\/i0.wp.com\/luxonomy.net\/wp-content\/uploads\/2023\/02\/DIORBaselworlddesign.jpg?fit=900%2C600&ssl=1","contentUrl":"https:\/\/i0.wp.com\/luxonomy.net\/wp-content\/uploads\/2023\/02\/DIORBaselworlddesign.jpg?fit=900%2C600&ssl=1","width":900,"height":600},{"@type":"BreadcrumbList","@id":"https:\/\/luxonomy.net\/es\/estos-son-los-10-eventos-internacionales-de-moda-y-lujo-que-no-puedes-perderte-este-ano\/#breadcrumb","itemListElement":[{"@type":"ListItem","position":1,"name":"Portada","item":"https:\/\/luxonomy.net\/es\/"},{"@type":"ListItem","position":2,"name":"Estos son los 10 eventos internacionales de moda y lujo que no puedes perderte este a\u00f1o"}]},{"@type":"WebSite","@id":"https:\/\/luxonomy.net\/es\/#website","url":"https:\/\/luxonomy.net\/es\/","name":"LUXONOMY","description":"The Economy of Fashion &amp; Luxury","publisher":{"@id":"https:\/\/luxonomy.net\/es\/#organization"},"potentialAction":[{"@type":"SearchAction","target":{"@type":"EntryPoint","urlTemplate":"https:\/\/luxonomy.net\/es\/?s={search_term_string}"},"query-input":{"@type":"PropertyValueSpecification","valueRequired":true,"valueName":"search_term_string"}}],"inLanguage":"es"},{"@type":"Organization","@id":"https:\/\/luxonomy.net\/es\/#organization","name":"LUXONOMY","url":"https:\/\/luxonomy.net\/es\/","logo":{"@type":"ImageObject","inLanguage":"es","@id":"https:\/\/luxonomy.net\/es\/#\/schema\/logo\/image\/","url":"https:\/\/i2.wp.com\/luxonomy.net\/wp-content\/uploads\/2021\/09\/MOCKUP-TODOS-LUXONOMY.jpg?fit=1000%2C515&ssl=1","contentUrl":"https:\/\/i2.wp.com\/luxonomy.net\/wp-content\/uploads\/2021\/09\/MOCKUP-TODOS-LUXONOMY.jpg?fit=1000%2C515&ssl=1","width":1000,"height":515,"caption":"LUXONOMY"},"image":{"@id":"https:\/\/luxonomy.net\/es\/#\/schema\/logo\/image\/"},"sameAs":["https:\/\/www.facebook.com\/luxonomy","https:\/\/www.instagram.com\/luxonomy\/","https:\/\/www.linkedin.com\/company\/luxonomy\/"]},{"@type":"Person","@id":"https:\/\/luxonomy.net\/es\/#\/schema\/person\/74504e9f212f80551761fb98f9925520","name":"Dara Bernardo","image":{"@type":"ImageObject","inLanguage":"es","@id":"https:\/\/luxonomy.net\/wp-content\/litespeed\/avatar\/6210219c821657e60e23828a44456840.jpg?ver=1787976301","url":"https:\/\/luxonomy.net\/wp-content\/litespeed\/avatar\/6210219c821657e60e23828a44456840.jpg?ver=1787976301","contentUrl":"https:\/\/luxonomy.net\/wp-content\/litespeed\/avatar\/6210219c821657e60e23828a44456840.jpg?ver=1787976301","caption":"Dara Bernardo"},"description":"Managing Director at LUXONOMY\u2122 Group Middle East","sameAs":["mailto:dubai@investme.capital"],"url":"https:\/\/luxonomy.net\/es\/author\/dara-bernardo\/"}]}},"jetpack_publicize_connections":[],"jetpack_shortlink":"https:\/\/wp.me\/paPhBa-8ta","jetpack_sharing_enabled":true,"jetpack_featured_media_url":"https:\/\/i0.wp.com\/luxonomy.net\/wp-content\/uploads\/2023\/02\/DIORBaselworlddesign.jpg?fit=900%2C600&ssl=1","_links":{"self":[{"href":"https:\/\/luxonomy.net\/es\/wp-json\/wp\/v2\/posts\/32560","targetHints":{"allow":["GET"]}}],"collection":[{"href":"https:\/\/luxonomy.net\/es\/wp-json\/wp\/v2\/posts"}],"about":[{"href":"https:\/\/luxonomy.net\/es\/wp-json\/wp\/v2\/types\/post"}],"author":[{"embeddable":true,"href":"https:\/\/luxonomy.net\/es\/wp-json\/wp\/v2\/users\/13"}],"replies":[{"embeddable":true,"href":"https:\/\/luxonomy.net\/es\/wp-json\/wp\/v2\/comments?post=32560"}],"version-history":[{"count":4,"href":"https:\/\/luxonomy.net\/es\/wp-json\/wp\/v2\/posts\/32560\/revisions"}],"predecessor-version":[{"id":32566,"href":"https:\/\/luxonomy.net\/es\/wp-json\/wp\/v2\/posts\/32560\/revisions\/32566"}],"wp:featuredmedia":[{"embeddable":true,"href":"https:\/\/luxonomy.net\/es\/wp-json\/wp\/v2\/media\/32564"}],"wp:attachment":[{"href":"https:\/\/luxonomy.net\/es\/wp-json\/wp\/v2\/media?parent=32560"}],"wp:term":[{"taxonomy":"category","embeddable":true,"href":"https:\/\/luxonomy.net\/es\/wp-json\/wp\/v2\/categories?post=32560"},{"taxonomy":"post_tag","embeddable":true,"href":"https:\/\/luxonomy.net\/es\/wp-json\/wp\/v2\/tags?post=32560"},{"taxonomy":"thb-sponsors","embeddable":true,"href":"https:\/\/luxonomy.net\/es\/wp-json\/wp\/v2\/thb-sponsors?post=32560"}],"curies":[{"name":"wp","href":"https:\/\/api.w.org\/{rel}","templated":true}]}}