{"id":32517,"date":"2023-02-11T19:47:49","date_gmt":"2023-02-11T18:47:49","guid":{"rendered":"https:\/?p=32517"},"modified":"2023-02-11T19:48:59","modified_gmt":"2023-02-11T18:48:59","slug":"lexus-vehiculo-oficial-en-los-37o-premios-goya","status":"publish","type":"post","link":"https:\/\/luxonomy.net\/es\/lexus-vehiculo-oficial-en-los-37o-premios-goya\/","title":{"rendered":"Lexus, Veh\u00edculo Oficial en los 37\u00ba Premios Goya"},"content":{"rendered":"<p>Lexus tiene el honor de ser <strong>Veh\u00edculo Oficial de la 37\u00aa edici\u00f3n de la Gala de los Premios Goya<\/strong>, que se celebra <strong>hoy 11 de febrero en el Auditorio Andaluc\u00eda de Sevilla<\/strong>, ciudad a la que regresan los galardones despu\u00e9s de la gala de 2019.<\/p>\n<p>La participaci\u00f3n de Lexus como Veh\u00edculo Oficial se encuadra dentro de las actividades de lanzamiento del nuevo Lexus RX. Este modelo est\u00e1 ya <strong>expuesto en las puertas del Auditorio Andaluc\u00eda<\/strong>, para <strong>recibir a los asistentes a la ceremonia<\/strong>.<\/p>\n<p>Durante la gala, <strong>la marca colaborar\u00e1 con una flota de 25 veh\u00edculos para trasladar a las estrellas de la gran pantalla hasta la alfombra roja.<\/strong> Lexus realizar\u00e1 un espectacular despliegue de su gama de coches entre los cuales figuran los nuevos RX 500h, RX 450h+ y RX 350h.<\/p><div id=\"luxon-3561013833\" class=\"luxon-3er-parrafo luxon-entity-placement\" style=\"margin-top: 20px;margin-bottom: 20px;margin-left: auto;margin-right: auto;text-align: center;\"><a href=\"https:\/\/luxonomy.university\/course\/master-turismo-de-lujo\" target=\"_blank\" aria-label=\"master-turismo-lujo-2026-2027\"><img loading=\"lazy\" decoding=\"async\" src=\"https:\/\/i0.wp.com\/luxonomy.net\/wp-content\/uploads\/2020\/07\/master-turismo-lujo-2026-2027.jpg?fit=1672%2C941&#038;ssl=1\" alt=\"\"  srcset=\"https:\/\/i0.wp.com\/luxonomy.net\/wp-content\/uploads\/2020\/07\/master-turismo-lujo-2026-2027.jpg?w=1672&ssl=1 1672w, https:\/\/i0.wp.com\/luxonomy.net\/wp-content\/uploads\/2020\/07\/master-turismo-lujo-2026-2027.jpg?resize=300%2C169&ssl=1 300w, https:\/\/i0.wp.com\/luxonomy.net\/wp-content\/uploads\/2020\/07\/master-turismo-lujo-2026-2027.jpg?resize=1024%2C576&ssl=1 1024w, https:\/\/i0.wp.com\/luxonomy.net\/wp-content\/uploads\/2020\/07\/master-turismo-lujo-2026-2027.jpg?resize=768%2C432&ssl=1 768w, https:\/\/i0.wp.com\/luxonomy.net\/wp-content\/uploads\/2020\/07\/master-turismo-lujo-2026-2027.jpg?resize=1536%2C864&ssl=1 1536w, https:\/\/i0.wp.com\/luxonomy.net\/wp-content\/uploads\/2020\/07\/master-turismo-lujo-2026-2027.jpg?resize=370%2C208&ssl=1 370w, https:\/\/i0.wp.com\/luxonomy.net\/wp-content\/uploads\/2020\/07\/master-turismo-lujo-2026-2027.jpg?resize=800%2C450&ssl=1 800w, https:\/\/i0.wp.com\/luxonomy.net\/wp-content\/uploads\/2020\/07\/master-turismo-lujo-2026-2027.jpg?resize=20%2C11&ssl=1 20w, https:\/\/i0.wp.com\/luxonomy.net\/wp-content\/uploads\/2020\/07\/master-turismo-lujo-2026-2027.jpg?resize=740%2C416&ssl=1 740w, https:\/\/i0.wp.com\/luxonomy.net\/wp-content\/uploads\/2020\/07\/master-turismo-lujo-2026-2027.jpg?resize=1600%2C900&ssl=1 1600w, https:\/\/i0.wp.com\/luxonomy.net\/wp-content\/uploads\/2020\/07\/master-turismo-lujo-2026-2027.jpg?resize=1200%2C675&ssl=1 1200w, https:\/\/i0.wp.com\/luxonomy.net\/wp-content\/uploads\/2020\/07\/master-turismo-lujo-2026-2027.jpg?resize=85%2C48&ssl=1 85w\" sizes=\"(max-width: 1170px) 100vw, 1170px\" class=\"no-lazyload\" width=\"1672\" height=\"941\"   \/><\/a><\/div>\n<h3>LEXUS CON EL CINE<\/h3>\n<p>La asociaci\u00f3n entre la magia del cine y Lexus se forja por un deseo compartido de crear experiencias emocionales verdaderamente \u00fanicas e inolvidables, a trav\u00e9s de elementos que a veces son imperceptibles, pero que definen el car\u00e1cter distintivo del producto final: atenci\u00f3n al detalle, artesan\u00eda, innovaci\u00f3n y visi\u00f3n.<\/p>\n<p>El apoyo continuado de Lexus al \u201cs\u00e9ptimo arte\u201d es un reflejo de los valores compartidos entre los mundos del cine y del motor. Ambos se han inspirado desde siempre en el deseo de ampliar los horizontes de las personas a trav\u00e9s de los viajes, el tiempo y las nuevas experiencias. Del mismo modo que el cine ofrece un medio \u00fanico para crear momentos inolvidables, Lexus busca transmitir emociones a trav\u00e9s de su esp\u00edritu innovador y pionero.<\/p>\n","protected":false},"excerpt":{"rendered":"<p>Lexus tiene el honor de ser Veh\u00edculo Oficial de la 37\u00aa edici\u00f3n de la Gala de los Premios Goya, que se celebra hoy 11 de febrero en el Auditorio Andaluc\u00eda de Sevilla, ciudad a la que regresan los galardones despu\u00e9s de la gala de 2019. La participaci\u00f3n de Lexus como Veh\u00edculo Oficial se encuadra dentro&hellip;<\/p>\n","protected":false},"author":19,"featured_media":32519,"comment_status":"open","ping_status":"open","sticky":false,"template":"","format":"standard","meta":{"_jetpack_newsletter_access":"","_jetpack_dont_email_post_to_subs":false,"_jetpack_newsletter_tier_id":0,"_jetpack_memberships_contains_paywalled_content":false,"_jetpack_feature_clip_id":0,"_jetpack_memberships_contains_paid_content":false,"footnotes":"","jetpack_publicize_message":"Lexus, Veh\u00edculo Oficial en los 37\u00ba Premios Goya","jetpack_publicize_feature_enabled":true,"jetpack_social_post_already_shared":true,"jetpack_social_options":{"image_generator_settings":{"template":"edge","default_image_id":0,"font":"","enabled":false},"version":2},"jetpack_post_was_ever_published":false},"categories":[1297,227,296],"tags":[1035,228,295,222,868,365],"thb-sponsors":[],"class_list":["post-32517","post","type-post","status-publish","format-standard","has-post-thumbnail","hentry","category-arte-y-cultura-eventos","category-eventos","category-motor","tag-arte-y-cultura","tag-eventos","tag-lexus","tag-motor","tag-premios-goya","tag-sevilla"],"yoast_head":"<!-- This site is optimized with the Yoast SEO plugin v28.4 - https:\/\/yoast.com\/product\/yoast-seo-wordpress\/ -->\n<title>Lexus, Veh\u00edculo Oficial en los 37\u00ba Premios Goya | LUXONOMY<\/title>\n<meta name=\"robots\" content=\"index, follow, max-snippet:-1, max-image-preview:large, max-video-preview:-1\" \/>\n<link rel=\"canonical\" href=\"https:\/\/luxonomy.net\/es\/lexus-vehiculo-oficial-en-los-37o-premios-goya\/\" \/>\n<meta property=\"og:locale\" content=\"es_ES\" \/>\n<meta property=\"og:type\" content=\"article\" \/>\n<meta property=\"og:title\" content=\"Lexus, Veh\u00edculo Oficial en los 37\u00ba Premios Goya | LUXONOMY\" \/>\n<meta property=\"og:description\" content=\"Lexus tiene el honor de ser Veh\u00edculo Oficial de la 37\u00aa edici\u00f3n de la Gala de los Premios Goya, que se celebra hoy 11 de febrero en el Auditorio Andaluc\u00eda de Sevilla, ciudad a la que regresan los galardones despu\u00e9s de la gala de 2019. La participaci\u00f3n de Lexus como Veh\u00edculo Oficial se encuadra dentro&hellip;\" \/>\n<meta property=\"og:url\" content=\"https:\/\/luxonomy.net\/es\/lexus-vehiculo-oficial-en-los-37o-premios-goya\/\" \/>\n<meta property=\"og:site_name\" content=\"LUXONOMY\" \/>\n<meta property=\"article:publisher\" content=\"https:\/\/www.facebook.com\/luxonomy\" \/>\n<meta property=\"article:published_time\" content=\"2023-02-11T18:47:49+00:00\" \/>\n<meta property=\"article:modified_time\" content=\"2023-02-11T18:48:59+00:00\" \/>\n<meta property=\"og:image\" content=\"https:\/\/i0.wp.com\/luxonomy.net\/wp-content\/uploads\/2023\/02\/1676138909420.jpeg?fit=1024%2C683&quality=89&ssl=1\" \/>\n\t<meta property=\"og:image:width\" content=\"1024\" \/>\n\t<meta property=\"og:image:height\" content=\"683\" \/>\n\t<meta property=\"og:image:type\" content=\"image\/jpeg\" \/>\n<meta name=\"author\" content=\"Pablo Guti\u00e9rrez-Rav\u00e9 Villal\u00f3n\" \/>\n<meta name=\"twitter:card\" content=\"summary_large_image\" \/>\n<meta name=\"twitter:label1\" content=\"Escrito por\" \/>\n\t<meta name=\"twitter:data1\" content=\"Pablo Guti\u00e9rrez-Rav\u00e9 Villal\u00f3n\" \/>\n\t<meta name=\"twitter:label2\" content=\"Tiempo de lectura\" \/>\n\t<meta name=\"twitter:data2\" content=\"2 minutos\" \/>\n<script type=\"application\/ld+json\" class=\"yoast-schema-graph\">{\"@context\":\"https:\\\/\\\/schema.org\",\"@graph\":[{\"@type\":\"Article\",\"@id\":\"https:\\\/\\\/luxonomy.net\\\/es\\\/lexus-vehiculo-oficial-en-los-37o-premios-goya\\\/#article\",\"isPartOf\":{\"@id\":\"https:\\\/\\\/luxonomy.net\\\/es\\\/lexus-vehiculo-oficial-en-los-37o-premios-goya\\\/\"},\"author\":{\"name\":\"Pablo Guti\u00e9rrez-Rav\u00e9 Villal\u00f3n\",\"@id\":\"https:\\\/\\\/luxonomy.net\\\/es\\\/#\\\/schema\\\/person\\\/aca186356f30a813f61bbf19ba52c031\"},\"headline\":\"Lexus, Veh\u00edculo Oficial en los 37\u00ba Premios Goya\",\"datePublished\":\"2023-02-11T18:47:49+00:00\",\"dateModified\":\"2023-02-11T18:48:59+00:00\",\"mainEntityOfPage\":{\"@id\":\"https:\\\/\\\/luxonomy.net\\\/es\\\/lexus-vehiculo-oficial-en-los-37o-premios-goya\\\/\"},\"wordCount\":282,\"commentCount\":0,\"publisher\":{\"@id\":\"https:\\\/\\\/luxonomy.net\\\/es\\\/#organization\"},\"image\":{\"@id\":\"https:\\\/\\\/luxonomy.net\\\/es\\\/lexus-vehiculo-oficial-en-los-37o-premios-goya\\\/#primaryimage\"},\"thumbnailUrl\":\"https:\\\/\\\/i0.wp.com\\\/luxonomy.net\\\/wp-content\\\/uploads\\\/2023\\\/02\\\/1676138909420.jpeg?fit=1024%2C683&ssl=1\",\"keywords\":[\"Arte y Cultura\",\"Eventos\",\"Lexus\",\"motor\",\"Premios Goya\",\"Sevilla\"],\"articleSection\":[\"Arte y Cultura\",\"Eventos\",\"Motor\"],\"inLanguage\":\"es\",\"potentialAction\":[{\"@type\":\"CommentAction\",\"name\":\"Comment\",\"target\":[\"https:\\\/\\\/luxonomy.net\\\/es\\\/lexus-vehiculo-oficial-en-los-37o-premios-goya\\\/#respond\"]}]},{\"@type\":\"WebPage\",\"@id\":\"https:\\\/\\\/luxonomy.net\\\/es\\\/lexus-vehiculo-oficial-en-los-37o-premios-goya\\\/\",\"url\":\"https:\\\/\\\/luxonomy.net\\\/es\\\/lexus-vehiculo-oficial-en-los-37o-premios-goya\\\/\",\"name\":\"Lexus, Veh\u00edculo Oficial en los 37\u00ba Premios Goya | LUXONOMY\",\"isPartOf\":{\"@id\":\"https:\\\/\\\/luxonomy.net\\\/es\\\/#website\"},\"primaryImageOfPage\":{\"@id\":\"https:\\\/\\\/luxonomy.net\\\/es\\\/lexus-vehiculo-oficial-en-los-37o-premios-goya\\\/#primaryimage\"},\"image\":{\"@id\":\"https:\\\/\\\/luxonomy.net\\\/es\\\/lexus-vehiculo-oficial-en-los-37o-premios-goya\\\/#primaryimage\"},\"thumbnailUrl\":\"https:\\\/\\\/i0.wp.com\\\/luxonomy.net\\\/wp-content\\\/uploads\\\/2023\\\/02\\\/1676138909420.jpeg?fit=1024%2C683&ssl=1\",\"datePublished\":\"2023-02-11T18:47:49+00:00\",\"dateModified\":\"2023-02-11T18:48:59+00:00\",\"breadcrumb\":{\"@id\":\"https:\\\/\\\/luxonomy.net\\\/es\\\/lexus-vehiculo-oficial-en-los-37o-premios-goya\\\/#breadcrumb\"},\"inLanguage\":\"es\",\"potentialAction\":[{\"@type\":\"ReadAction\",\"target\":[\"https:\\\/\\\/luxonomy.net\\\/es\\\/lexus-vehiculo-oficial-en-los-37o-premios-goya\\\/\"]}]},{\"@type\":\"ImageObject\",\"inLanguage\":\"es\",\"@id\":\"https:\\\/\\\/luxonomy.net\\\/es\\\/lexus-vehiculo-oficial-en-los-37o-premios-goya\\\/#primaryimage\",\"url\":\"https:\\\/\\\/i0.wp.com\\\/luxonomy.net\\\/wp-content\\\/uploads\\\/2023\\\/02\\\/1676138909420.jpeg?fit=1024%2C683&ssl=1\",\"contentUrl\":\"https:\\\/\\\/i0.wp.com\\\/luxonomy.net\\\/wp-content\\\/uploads\\\/2023\\\/02\\\/1676138909420.jpeg?fit=1024%2C683&ssl=1\",\"width\":1024,\"height\":683},{\"@type\":\"BreadcrumbList\",\"@id\":\"https:\\\/\\\/luxonomy.net\\\/es\\\/lexus-vehiculo-oficial-en-los-37o-premios-goya\\\/#breadcrumb\",\"itemListElement\":[{\"@type\":\"ListItem\",\"position\":1,\"name\":\"Portada\",\"item\":\"https:\\\/\\\/luxonomy.net\\\/es\\\/\"},{\"@type\":\"ListItem\",\"position\":2,\"name\":\"Lexus, Veh\u00edculo Oficial en los 37\u00ba Premios Goya\"}]},{\"@type\":\"WebSite\",\"@id\":\"https:\\\/\\\/luxonomy.net\\\/es\\\/#website\",\"url\":\"https:\\\/\\\/luxonomy.net\\\/es\\\/\",\"name\":\"LUXONOMY\",\"description\":\"The Economy of Fashion &amp; Luxury\",\"publisher\":{\"@id\":\"https:\\\/\\\/luxonomy.net\\\/es\\\/#organization\"},\"potentialAction\":[{\"@type\":\"SearchAction\",\"target\":{\"@type\":\"EntryPoint\",\"urlTemplate\":\"https:\\\/\\\/luxonomy.net\\\/es\\\/?s={search_term_string}\"},\"query-input\":{\"@type\":\"PropertyValueSpecification\",\"valueRequired\":true,\"valueName\":\"search_term_string\"}}],\"inLanguage\":\"es\"},{\"@type\":\"Organization\",\"@id\":\"https:\\\/\\\/luxonomy.net\\\/es\\\/#organization\",\"name\":\"LUXONOMY\",\"url\":\"https:\\\/\\\/luxonomy.net\\\/es\\\/\",\"logo\":{\"@type\":\"ImageObject\",\"inLanguage\":\"es\",\"@id\":\"https:\\\/\\\/luxonomy.net\\\/es\\\/#\\\/schema\\\/logo\\\/image\\\/\",\"url\":\"https:\\\/\\\/i2.wp.com\\\/luxonomy.net\\\/wp-content\\\/uploads\\\/2021\\\/09\\\/MOCKUP-TODOS-LUXONOMY.jpg?fit=1000%2C515&ssl=1\",\"contentUrl\":\"https:\\\/\\\/i2.wp.com\\\/luxonomy.net\\\/wp-content\\\/uploads\\\/2021\\\/09\\\/MOCKUP-TODOS-LUXONOMY.jpg?fit=1000%2C515&ssl=1\",\"width\":1000,\"height\":515,\"caption\":\"LUXONOMY\"},\"image\":{\"@id\":\"https:\\\/\\\/luxonomy.net\\\/es\\\/#\\\/schema\\\/logo\\\/image\\\/\"},\"sameAs\":[\"https:\\\/\\\/www.facebook.com\\\/luxonomy\",\"https:\\\/\\\/www.instagram.com\\\/luxonomy\\\/\",\"https:\\\/\\\/www.linkedin.com\\\/company\\\/luxonomy\\\/\"]},{\"@type\":\"Person\",\"@id\":\"https:\\\/\\\/luxonomy.net\\\/es\\\/#\\\/schema\\\/person\\\/aca186356f30a813f61bbf19ba52c031\",\"name\":\"Pablo Guti\u00e9rrez-Rav\u00e9 Villal\u00f3n\",\"image\":{\"@type\":\"ImageObject\",\"inLanguage\":\"es\",\"@id\":\"https:\\\/\\\/luxonomy.net\\\/wp-content\\\/litespeed\\\/avatar\\\/b80839bcd1d7840754b71e72cad801ce.jpg?ver=1788213692\",\"url\":\"https:\\\/\\\/luxonomy.net\\\/wp-content\\\/litespeed\\\/avatar\\\/b80839bcd1d7840754b71e72cad801ce.jpg?ver=1788213692\",\"contentUrl\":\"https:\\\/\\\/luxonomy.net\\\/wp-content\\\/litespeed\\\/avatar\\\/b80839bcd1d7840754b71e72cad801ce.jpg?ver=1788213692\",\"caption\":\"Pablo Guti\u00e9rrez-Rav\u00e9 Villal\u00f3n\"},\"description\":\"president LUXONOMY\u2122 Group\",\"sameAs\":[\"https:\\\/\\\/www.linkedin.com\\\/in\\\/pablogutierrezrave\\\/\"],\"url\":\"https:\\\/\\\/luxonomy.net\\\/es\\\/author\\\/pablo\\\/\"}]}<\/script>\n<!-- \/ Yoast SEO plugin. -->","yoast_head_json":{"title":"Lexus, Veh\u00edculo Oficial en los 37\u00ba Premios Goya | LUXONOMY","robots":{"index":"index","follow":"follow","max-snippet":"max-snippet:-1","max-image-preview":"max-image-preview:large","max-video-preview":"max-video-preview:-1"},"canonical":"https:\/\/luxonomy.net\/es\/lexus-vehiculo-oficial-en-los-37o-premios-goya\/","og_locale":"es_ES","og_type":"article","og_title":"Lexus, Veh\u00edculo Oficial en los 37\u00ba Premios Goya | LUXONOMY","og_description":"Lexus tiene el honor de ser Veh\u00edculo Oficial de la 37\u00aa edici\u00f3n de la Gala de los Premios Goya, que se celebra hoy 11 de febrero en el Auditorio Andaluc\u00eda de Sevilla, ciudad a la que regresan los galardones despu\u00e9s de la gala de 2019. La participaci\u00f3n de Lexus como Veh\u00edculo Oficial se encuadra dentro&hellip;","og_url":"https:\/\/luxonomy.net\/es\/lexus-vehiculo-oficial-en-los-37o-premios-goya\/","og_site_name":"LUXONOMY","article_publisher":"https:\/\/www.facebook.com\/luxonomy","article_published_time":"2023-02-11T18:47:49+00:00","article_modified_time":"2023-02-11T18:48:59+00:00","og_image":[{"width":1024,"height":683,"url":"https:\/\/i0.wp.com\/luxonomy.net\/wp-content\/uploads\/2023\/02\/1676138909420.jpeg?fit=1024%2C683&quality=89&ssl=1","type":"image\/jpeg"}],"author":"Pablo Guti\u00e9rrez-Rav\u00e9 Villal\u00f3n","twitter_card":"summary_large_image","twitter_misc":{"Escrito por":"Pablo Guti\u00e9rrez-Rav\u00e9 Villal\u00f3n","Tiempo de lectura":"2 minutos"},"schema":{"@context":"https:\/\/schema.org","@graph":[{"@type":"Article","@id":"https:\/\/luxonomy.net\/es\/lexus-vehiculo-oficial-en-los-37o-premios-goya\/#article","isPartOf":{"@id":"https:\/\/luxonomy.net\/es\/lexus-vehiculo-oficial-en-los-37o-premios-goya\/"},"author":{"name":"Pablo Guti\u00e9rrez-Rav\u00e9 Villal\u00f3n","@id":"https:\/\/luxonomy.net\/es\/#\/schema\/person\/aca186356f30a813f61bbf19ba52c031"},"headline":"Lexus, Veh\u00edculo Oficial en los 37\u00ba Premios Goya","datePublished":"2023-02-11T18:47:49+00:00","dateModified":"2023-02-11T18:48:59+00:00","mainEntityOfPage":{"@id":"https:\/\/luxonomy.net\/es\/lexus-vehiculo-oficial-en-los-37o-premios-goya\/"},"wordCount":282,"commentCount":0,"publisher":{"@id":"https:\/\/luxonomy.net\/es\/#organization"},"image":{"@id":"https:\/\/luxonomy.net\/es\/lexus-vehiculo-oficial-en-los-37o-premios-goya\/#primaryimage"},"thumbnailUrl":"https:\/\/i0.wp.com\/luxonomy.net\/wp-content\/uploads\/2023\/02\/1676138909420.jpeg?fit=1024%2C683&ssl=1","keywords":["Arte y Cultura","Eventos","Lexus","motor","Premios Goya","Sevilla"],"articleSection":["Arte y Cultura","Eventos","Motor"],"inLanguage":"es","potentialAction":[{"@type":"CommentAction","name":"Comment","target":["https:\/\/luxonomy.net\/es\/lexus-vehiculo-oficial-en-los-37o-premios-goya\/#respond"]}]},{"@type":"WebPage","@id":"https:\/\/luxonomy.net\/es\/lexus-vehiculo-oficial-en-los-37o-premios-goya\/","url":"https:\/\/luxonomy.net\/es\/lexus-vehiculo-oficial-en-los-37o-premios-goya\/","name":"Lexus, Veh\u00edculo Oficial en los 37\u00ba Premios Goya | LUXONOMY","isPartOf":{"@id":"https:\/\/luxonomy.net\/es\/#website"},"primaryImageOfPage":{"@id":"https:\/\/luxonomy.net\/es\/lexus-vehiculo-oficial-en-los-37o-premios-goya\/#primaryimage"},"image":{"@id":"https:\/\/luxonomy.net\/es\/lexus-vehiculo-oficial-en-los-37o-premios-goya\/#primaryimage"},"thumbnailUrl":"https:\/\/i0.wp.com\/luxonomy.net\/wp-content\/uploads\/2023\/02\/1676138909420.jpeg?fit=1024%2C683&ssl=1","datePublished":"2023-02-11T18:47:49+00:00","dateModified":"2023-02-11T18:48:59+00:00","breadcrumb":{"@id":"https:\/\/luxonomy.net\/es\/lexus-vehiculo-oficial-en-los-37o-premios-goya\/#breadcrumb"},"inLanguage":"es","potentialAction":[{"@type":"ReadAction","target":["https:\/\/luxonomy.net\/es\/lexus-vehiculo-oficial-en-los-37o-premios-goya\/"]}]},{"@type":"ImageObject","inLanguage":"es","@id":"https:\/\/luxonomy.net\/es\/lexus-vehiculo-oficial-en-los-37o-premios-goya\/#primaryimage","url":"https:\/\/i0.wp.com\/luxonomy.net\/wp-content\/uploads\/2023\/02\/1676138909420.jpeg?fit=1024%2C683&ssl=1","contentUrl":"https:\/\/i0.wp.com\/luxonomy.net\/wp-content\/uploads\/2023\/02\/1676138909420.jpeg?fit=1024%2C683&ssl=1","width":1024,"height":683},{"@type":"BreadcrumbList","@id":"https:\/\/luxonomy.net\/es\/lexus-vehiculo-oficial-en-los-37o-premios-goya\/#breadcrumb","itemListElement":[{"@type":"ListItem","position":1,"name":"Portada","item":"https:\/\/luxonomy.net\/es\/"},{"@type":"ListItem","position":2,"name":"Lexus, Veh\u00edculo Oficial en los 37\u00ba Premios Goya"}]},{"@type":"WebSite","@id":"https:\/\/luxonomy.net\/es\/#website","url":"https:\/\/luxonomy.net\/es\/","name":"LUXONOMY","description":"The Economy of Fashion &amp; Luxury","publisher":{"@id":"https:\/\/luxonomy.net\/es\/#organization"},"potentialAction":[{"@type":"SearchAction","target":{"@type":"EntryPoint","urlTemplate":"https:\/\/luxonomy.net\/es\/?s={search_term_string}"},"query-input":{"@type":"PropertyValueSpecification","valueRequired":true,"valueName":"search_term_string"}}],"inLanguage":"es"},{"@type":"Organization","@id":"https:\/\/luxonomy.net\/es\/#organization","name":"LUXONOMY","url":"https:\/\/luxonomy.net\/es\/","logo":{"@type":"ImageObject","inLanguage":"es","@id":"https:\/\/luxonomy.net\/es\/#\/schema\/logo\/image\/","url":"https:\/\/i2.wp.com\/luxonomy.net\/wp-content\/uploads\/2021\/09\/MOCKUP-TODOS-LUXONOMY.jpg?fit=1000%2C515&ssl=1","contentUrl":"https:\/\/i2.wp.com\/luxonomy.net\/wp-content\/uploads\/2021\/09\/MOCKUP-TODOS-LUXONOMY.jpg?fit=1000%2C515&ssl=1","width":1000,"height":515,"caption":"LUXONOMY"},"image":{"@id":"https:\/\/luxonomy.net\/es\/#\/schema\/logo\/image\/"},"sameAs":["https:\/\/www.facebook.com\/luxonomy","https:\/\/www.instagram.com\/luxonomy\/","https:\/\/www.linkedin.com\/company\/luxonomy\/"]},{"@type":"Person","@id":"https:\/\/luxonomy.net\/es\/#\/schema\/person\/aca186356f30a813f61bbf19ba52c031","name":"Pablo Guti\u00e9rrez-Rav\u00e9 Villal\u00f3n","image":{"@type":"ImageObject","inLanguage":"es","@id":"https:\/\/luxonomy.net\/wp-content\/litespeed\/avatar\/b80839bcd1d7840754b71e72cad801ce.jpg?ver=1788213692","url":"https:\/\/luxonomy.net\/wp-content\/litespeed\/avatar\/b80839bcd1d7840754b71e72cad801ce.jpg?ver=1788213692","contentUrl":"https:\/\/luxonomy.net\/wp-content\/litespeed\/avatar\/b80839bcd1d7840754b71e72cad801ce.jpg?ver=1788213692","caption":"Pablo Guti\u00e9rrez-Rav\u00e9 Villal\u00f3n"},"description":"president LUXONOMY\u2122 Group","sameAs":["https:\/\/www.linkedin.com\/in\/pablogutierrezrave\/"],"url":"https:\/\/luxonomy.net\/es\/author\/pablo\/"}]}},"jetpack_publicize_connections":[],"jetpack_shortlink":"https:\/\/wp.me\/paPhBa-8st","jetpack_sharing_enabled":true,"jetpack_featured_media_url":"https:\/\/i0.wp.com\/luxonomy.net\/wp-content\/uploads\/2023\/02\/1676138909420.jpeg?fit=1024%2C683&ssl=1","_links":{"self":[{"href":"https:\/\/luxonomy.net\/es\/wp-json\/wp\/v2\/posts\/32517","targetHints":{"allow":["GET"]}}],"collection":[{"href":"https:\/\/luxonomy.net\/es\/wp-json\/wp\/v2\/posts"}],"about":[{"href":"https:\/\/luxonomy.net\/es\/wp-json\/wp\/v2\/types\/post"}],"author":[{"embeddable":true,"href":"https:\/\/luxonomy.net\/es\/wp-json\/wp\/v2\/users\/19"}],"replies":[{"embeddable":true,"href":"https:\/\/luxonomy.net\/es\/wp-json\/wp\/v2\/comments?post=32517"}],"version-history":[{"count":2,"href":"https:\/\/luxonomy.net\/es\/wp-json\/wp\/v2\/posts\/32517\/revisions"}],"predecessor-version":[{"id":32521,"href":"https:\/\/luxonomy.net\/es\/wp-json\/wp\/v2\/posts\/32517\/revisions\/32521"}],"wp:featuredmedia":[{"embeddable":true,"href":"https:\/\/luxonomy.net\/es\/wp-json\/wp\/v2\/media\/32519"}],"wp:attachment":[{"href":"https:\/\/luxonomy.net\/es\/wp-json\/wp\/v2\/media?parent=32517"}],"wp:term":[{"taxonomy":"category","embeddable":true,"href":"https:\/\/luxonomy.net\/es\/wp-json\/wp\/v2\/categories?post=32517"},{"taxonomy":"post_tag","embeddable":true,"href":"https:\/\/luxonomy.net\/es\/wp-json\/wp\/v2\/tags?post=32517"},{"taxonomy":"thb-sponsors","embeddable":true,"href":"https:\/\/luxonomy.net\/es\/wp-json\/wp\/v2\/thb-sponsors?post=32517"}],"curies":[{"name":"wp","href":"https:\/\/api.w.org\/{rel}","templated":true}]}}