{"id":32427,"date":"2023-02-08T14:33:06","date_gmt":"2023-02-08T13:33:06","guid":{"rendered":"https:\/?p=32427"},"modified":"2023-02-08T14:33:06","modified_gmt":"2023-02-08T13:33:06","slug":"esta-es-la-magnifica-mesa-de-debate-de-digital-para-women-luxonomy","status":"publish","type":"post","link":"https:\/\/luxonomy.net\/es\/esta-es-la-magnifica-mesa-de-debate-de-digital-para-women-luxonomy\/","title":{"rendered":"Esta es la magn\u00edfica mesa de debate de DIGITAL para WOMEN LUXONOMY"},"content":{"rendered":"<p><strong>WOMEN LUXONOMY\u2122 no es una acci\u00f3n publicitaria, es una acci\u00f3n humanitaria<\/strong>, un homenaje a la mujer a beneficio de la <strong>Asociaci\u00f3n c\u00e1ncer de p\u00e1ncreas<\/strong><\/p>\n<p>Estas <strong>5 mujeres EXTRAORDINARIAS forman parte de la primera de las mesas de debate<\/strong>:<\/p>\n<figure id=\"attachment_32420\" aria-describedby=\"caption-attachment-32420\" style=\"width: 300px\" class=\"wp-caption alignleft\"><img data-recalc-dims=\"1\" loading=\"lazy\" decoding=\"async\" data-attachment-id=\"32420\" data-permalink=\"https:\/\/luxonomy.net\/es\/women\/bisila-bokoko-women-1\/\" data-orig-file=\"https:\/\/i0.wp.com\/luxonomy.net\/wp-content\/uploads\/2023\/02\/Bisila-Bokoko-WOMEN-1.png?fit=1080%2C1080&amp;ssl=1\" data-orig-size=\"1080,1080\" data-comments-opened=\"1\" data-image-title=\"Bisila-Bokoko-WOMEN-1\" data-image-description=\"\" data-image-caption=\"&lt;p&gt;MODERADORA DE ESTA MESA DE DEBATE: Bisila Bokoko. Global Leadership &amp;#038; Diversity Expert: I advise business leaders and governments. On-Air TV Host.&lt;\/p&gt;\n\" data-large-file=\"https:\/\/i0.wp.com\/luxonomy.net\/wp-content\/uploads\/2023\/02\/Bisila-Bokoko-WOMEN-1.png?fit=1024%2C1024&amp;ssl=1\" class=\"wp-image-32420 size-medium\" src=\"https:\/\/i0.wp.com\/luxonomy.net\/wp-content\/uploads\/2023\/02\/Bisila-Bokoko-WOMEN-1-300x300.png?resize=300%2C300\" alt=\"\" width=\"300\" height=\"300\" srcset=\"https:\/\/i0.wp.com\/luxonomy.net\/wp-content\/uploads\/2023\/02\/Bisila-Bokoko-WOMEN-1.png?resize=300%2C300&amp;ssl=1 300w, https:\/\/i0.wp.com\/luxonomy.net\/wp-content\/uploads\/2023\/02\/Bisila-Bokoko-WOMEN-1.png?resize=150%2C150&amp;ssl=1 150w, https:\/\/i0.wp.com\/luxonomy.net\/wp-content\/uploads\/2023\/02\/Bisila-Bokoko-WOMEN-1.png?resize=180%2C180&amp;ssl=1 180w, https:\/\/i0.wp.com\/luxonomy.net\/wp-content\/uploads\/2023\/02\/Bisila-Bokoko-WOMEN-1.png?resize=90%2C90&amp;ssl=1 90w, https:\/\/i0.wp.com\/luxonomy.net\/wp-content\/uploads\/2023\/02\/Bisila-Bokoko-WOMEN-1.png?resize=20%2C20&amp;ssl=1 20w, https:\/\/i0.wp.com\/luxonomy.net\/wp-content\/uploads\/2023\/02\/Bisila-Bokoko-WOMEN-1.png?resize=100%2C100&amp;ssl=1 100w, https:\/\/i0.wp.com\/luxonomy.net\/wp-content\/uploads\/2023\/02\/Bisila-Bokoko-WOMEN-1.png?resize=24%2C24&amp;ssl=1 24w, https:\/\/i0.wp.com\/luxonomy.net\/wp-content\/uploads\/2023\/02\/Bisila-Bokoko-WOMEN-1.png?resize=48%2C48&amp;ssl=1 48w, https:\/\/i0.wp.com\/luxonomy.net\/wp-content\/uploads\/2023\/02\/Bisila-Bokoko-WOMEN-1.png?resize=96%2C96&amp;ssl=1 96w\" sizes=\"auto, (max-width: 300px) 100vw, 300px\" \/><figcaption id=\"caption-attachment-32420\" class=\"wp-caption-text\">MODERADORA DE ESTA MESA DE DEBATE: Bisila Bokoko. Global Leadership &amp; Diversity Expert: I advise business leaders and governments. On-Air TV Host.<\/figcaption><\/figure>\n<p><b>Bisila Bokoko, <\/b><span style=\"font-weight: 400;\">espan\u0303ola, de padres africanos, y americana de adopcio\u0301n, ciudadana del mundo y poliface\u0301tica.<\/span><\/p><div id=\"luxon-2987718224\" class=\"luxon-3er-parrafo luxon-entity-placement\" style=\"margin-top: 20px;margin-bottom: 20px;margin-left: auto;margin-right: auto;text-align: center;\"><a href=\"https:\/\/luxonomy.university\/course\/master-turismo-de-lujo\" target=\"_blank\" aria-label=\"master-turismo-lujo-2026-2027\"><img loading=\"lazy\" decoding=\"async\" src=\"https:\/\/i0.wp.com\/luxonomy.net\/wp-content\/uploads\/2020\/07\/master-turismo-lujo-2026-2027.jpg?fit=1672%2C941&#038;ssl=1\" alt=\"\"  srcset=\"https:\/\/i0.wp.com\/luxonomy.net\/wp-content\/uploads\/2020\/07\/master-turismo-lujo-2026-2027.jpg?w=1672&ssl=1 1672w, https:\/\/i0.wp.com\/luxonomy.net\/wp-content\/uploads\/2020\/07\/master-turismo-lujo-2026-2027.jpg?resize=300%2C169&ssl=1 300w, https:\/\/i0.wp.com\/luxonomy.net\/wp-content\/uploads\/2020\/07\/master-turismo-lujo-2026-2027.jpg?resize=1024%2C576&ssl=1 1024w, https:\/\/i0.wp.com\/luxonomy.net\/wp-content\/uploads\/2020\/07\/master-turismo-lujo-2026-2027.jpg?resize=768%2C432&ssl=1 768w, https:\/\/i0.wp.com\/luxonomy.net\/wp-content\/uploads\/2020\/07\/master-turismo-lujo-2026-2027.jpg?resize=1536%2C864&ssl=1 1536w, https:\/\/i0.wp.com\/luxonomy.net\/wp-content\/uploads\/2020\/07\/master-turismo-lujo-2026-2027.jpg?resize=370%2C208&ssl=1 370w, https:\/\/i0.wp.com\/luxonomy.net\/wp-content\/uploads\/2020\/07\/master-turismo-lujo-2026-2027.jpg?resize=800%2C450&ssl=1 800w, https:\/\/i0.wp.com\/luxonomy.net\/wp-content\/uploads\/2020\/07\/master-turismo-lujo-2026-2027.jpg?resize=20%2C11&ssl=1 20w, https:\/\/i0.wp.com\/luxonomy.net\/wp-content\/uploads\/2020\/07\/master-turismo-lujo-2026-2027.jpg?resize=740%2C416&ssl=1 740w, https:\/\/i0.wp.com\/luxonomy.net\/wp-content\/uploads\/2020\/07\/master-turismo-lujo-2026-2027.jpg?resize=1600%2C900&ssl=1 1600w, https:\/\/i0.wp.com\/luxonomy.net\/wp-content\/uploads\/2020\/07\/master-turismo-lujo-2026-2027.jpg?resize=1200%2C675&ssl=1 1200w, https:\/\/i0.wp.com\/luxonomy.net\/wp-content\/uploads\/2020\/07\/master-turismo-lujo-2026-2027.jpg?resize=85%2C48&ssl=1 85w\" sizes=\"(max-width: 1170px) 100vw, 1170px\" class=\"no-lazyload\" width=\"1672\" height=\"941\"   \/><\/a><\/div>\n<p><span style=\"font-weight: 400;\">Sus estudios en Relaciones Internacionales (The City College, NY) y Derecho (CEU) hacen de Bisila una defensora de las alianzas internacionales honestas basadas en valores universales como la paz, la e\u0301tica y el respeto.<\/span><\/p>\n<p><span style=\"font-weight: 400;\">\u201cEmbajadora global\u201d, mentora, empresaria y conferenciante. Est\u00e1 considerada una de las diez mujeres espan\u0303olas ma\u0301s influyentes en el mundo de los negocios americanos.<\/span><\/p>\n<p><span style=\"font-weight: 400;\">Fundadora y directora ejecutiva de BBES, una agencia de desarrollo empresarial con sede en Nueva York que representa, promueve y comercializa marcas a nivel internacional.<\/span><\/p>\n<p><span style=\"font-weight: 400;\">Fue directora ejecutiva de la Ca\u0301mara de Comercio Espan\u0303a- EE.UU. Lidera el African Literacy Project, una organizacio\u0301n internacional sin a\u0301nimo de lucro cuya misio\u0301n es promover la alfabetizacio\u0301n de los pueblos africanos por medio de bibliotecas.<\/span><\/p><div id=\"luxon-3161867334\" class=\"luxon-7-parrafo luxon-entity-placement\" style=\"margin-top: 20px;margin-bottom: 20px;margin-left: auto;margin-right: auto;text-align: center;\"><a href=\"https:\/\/theintelligence.institute\/course\/inteligencia-artificial-para-directivos\" target=\"_blank\" aria-label=\"CSIAD_empresas_THEI_horizontal_4x3_v5\"><img loading=\"lazy\" decoding=\"async\" src=\"https:\/\/i0.wp.com\/luxonomy.net\/wp-content\/uploads\/2025\/08\/CSIAD_empresas_THEI_horizontal_4x3_v5.png?fit=2000%2C1500&#038;ssl=1\" alt=\"\"  srcset=\"https:\/\/i0.wp.com\/luxonomy.net\/wp-content\/uploads\/2025\/08\/CSIAD_empresas_THEI_horizontal_4x3_v5.png?w=2000&ssl=1 2000w, https:\/\/i0.wp.com\/luxonomy.net\/wp-content\/uploads\/2025\/08\/CSIAD_empresas_THEI_horizontal_4x3_v5.png?resize=300%2C225&ssl=1 300w, https:\/\/i0.wp.com\/luxonomy.net\/wp-content\/uploads\/2025\/08\/CSIAD_empresas_THEI_horizontal_4x3_v5.png?resize=1024%2C768&ssl=1 1024w, https:\/\/i0.wp.com\/luxonomy.net\/wp-content\/uploads\/2025\/08\/CSIAD_empresas_THEI_horizontal_4x3_v5.png?resize=768%2C576&ssl=1 768w, https:\/\/i0.wp.com\/luxonomy.net\/wp-content\/uploads\/2025\/08\/CSIAD_empresas_THEI_horizontal_4x3_v5.png?resize=1536%2C1152&ssl=1 1536w, https:\/\/i0.wp.com\/luxonomy.net\/wp-content\/uploads\/2025\/08\/CSIAD_empresas_THEI_horizontal_4x3_v5.png?resize=370%2C278&ssl=1 370w, https:\/\/i0.wp.com\/luxonomy.net\/wp-content\/uploads\/2025\/08\/CSIAD_empresas_THEI_horizontal_4x3_v5.png?resize=800%2C600&ssl=1 800w, https:\/\/i0.wp.com\/luxonomy.net\/wp-content\/uploads\/2025\/08\/CSIAD_empresas_THEI_horizontal_4x3_v5.png?resize=20%2C15&ssl=1 20w, https:\/\/i0.wp.com\/luxonomy.net\/wp-content\/uploads\/2025\/08\/CSIAD_empresas_THEI_horizontal_4x3_v5.png?resize=740%2C555&ssl=1 740w, https:\/\/i0.wp.com\/luxonomy.net\/wp-content\/uploads\/2025\/08\/CSIAD_empresas_THEI_horizontal_4x3_v5.png?resize=1600%2C1200&ssl=1 1600w, https:\/\/i0.wp.com\/luxonomy.net\/wp-content\/uploads\/2025\/08\/CSIAD_empresas_THEI_horizontal_4x3_v5.png?resize=1200%2C900&ssl=1 1200w, https:\/\/i0.wp.com\/luxonomy.net\/wp-content\/uploads\/2025\/08\/CSIAD_empresas_THEI_horizontal_4x3_v5.png?resize=64%2C48&ssl=1 64w\" sizes=\"(max-width: 1170px) 100vw, 1170px\" class=\"no-lazyload\" width=\"2000\" height=\"1500\"   \/><\/a><\/div>\n<p><span style=\"font-weight: 400;\">Nombrada \u201cCitizen of the World\u201d por las Naciones Unidas en 2019 <\/span><\/p>\n<figure id=\"attachment_32176\" aria-describedby=\"caption-attachment-32176\" style=\"width: 300px\" class=\"wp-caption alignleft\"><img data-recalc-dims=\"1\" loading=\"lazy\" decoding=\"async\" data-attachment-id=\"32176\" data-permalink=\"https:\/\/luxonomy.net\/es\/women\/catalina_hoffmann_women\/\" data-orig-file=\"https:\/\/i0.wp.com\/luxonomy.net\/wp-content\/uploads\/2023\/01\/Catalina_Hoffmann_WOMEN.png?fit=1080%2C1080&amp;ssl=1\" data-orig-size=\"1080,1080\" data-comments-opened=\"1\" data-image-title=\"Catalina_Hoffmann_WOMEN\" data-image-description=\"\" data-image-caption=\"&lt;p&gt;Catalina Hoffmann Mu\u00f1oz-Seca. Creadora M\u00e9todo Neurofitness. Conferenciante. Escritora. Fundadora Hoffmann World y Vitalia Centros de D\u00eda y creadora del M\u00e9todo Hoffmann.&lt;\/p&gt;\n\" data-large-file=\"https:\/\/i0.wp.com\/luxonomy.net\/wp-content\/uploads\/2023\/01\/Catalina_Hoffmann_WOMEN.png?fit=1024%2C1024&amp;ssl=1\" class=\"wp-image-32176 size-medium\" src=\"https:\/\/i0.wp.com\/luxonomy.net\/wp-content\/uploads\/2023\/01\/Catalina_Hoffmann_WOMEN-300x300.png?resize=300%2C300\" alt=\"\" width=\"300\" height=\"300\" srcset=\"https:\/\/i0.wp.com\/luxonomy.net\/wp-content\/uploads\/2023\/01\/Catalina_Hoffmann_WOMEN.png?resize=300%2C300&amp;ssl=1 300w, https:\/\/i0.wp.com\/luxonomy.net\/wp-content\/uploads\/2023\/01\/Catalina_Hoffmann_WOMEN.png?resize=150%2C150&amp;ssl=1 150w, https:\/\/i0.wp.com\/luxonomy.net\/wp-content\/uploads\/2023\/01\/Catalina_Hoffmann_WOMEN.png?resize=180%2C180&amp;ssl=1 180w, https:\/\/i0.wp.com\/luxonomy.net\/wp-content\/uploads\/2023\/01\/Catalina_Hoffmann_WOMEN.png?resize=90%2C90&amp;ssl=1 90w, https:\/\/i0.wp.com\/luxonomy.net\/wp-content\/uploads\/2023\/01\/Catalina_Hoffmann_WOMEN.png?resize=20%2C20&amp;ssl=1 20w, https:\/\/i0.wp.com\/luxonomy.net\/wp-content\/uploads\/2023\/01\/Catalina_Hoffmann_WOMEN.png?resize=100%2C100&amp;ssl=1 100w, https:\/\/i0.wp.com\/luxonomy.net\/wp-content\/uploads\/2023\/01\/Catalina_Hoffmann_WOMEN.png?resize=24%2C24&amp;ssl=1 24w, https:\/\/i0.wp.com\/luxonomy.net\/wp-content\/uploads\/2023\/01\/Catalina_Hoffmann_WOMEN.png?resize=48%2C48&amp;ssl=1 48w, https:\/\/i0.wp.com\/luxonomy.net\/wp-content\/uploads\/2023\/01\/Catalina_Hoffmann_WOMEN.png?resize=96%2C96&amp;ssl=1 96w\" sizes=\"auto, (max-width: 300px) 100vw, 300px\" \/><figcaption id=\"caption-attachment-32176\" class=\"wp-caption-text\">Catalina Hoffmann Mu\u00f1oz-Seca. Creadora M\u00e9todo Neurofitness. Conferenciante. Escritora. Fundadora Hoffmann World y Vitalia Centros de D\u00eda y creadora del M\u00e9todo Hoffmann.<\/figcaption><\/figure>\n<p><strong>Catalina Hoffmann Mu\u00f1oz-Seca<\/strong><\/p>\n<p><span style=\"font-weight: 400;\">Catalina Hoffmann es terapeuta ocupacional y especialista en estimulaci\u00f3n cognitiva y entrenamiento cerebral. Lleva m\u00e1s de 20 a\u00f1os revolucionando el concepto del cuidado del cerebro. Es creadora del M\u00e9todo Hoffmann y el M\u00e9todo Neurofitness. El primero centrado en el campo del envejecimiento, se focaliza en rehabilitar mediante la actividad f\u00edsica, cognitiva y psicol\u00f3gica. El m\u00e9todo Neurofitness abarca cualquier etapa de la vida y se centra en entrenar el cerebro activando y creando nuevas rutas neuronales y ampliando la reserva cognitiva.<\/span><\/p>\n<p><span style=\"font-weight: 400;\">Escritora, conferenciante y divulgadora, es titulada del Programa de Desarrollo Directivo de IESE Business School de la Universidad de Navarra y diplomada en Terapia Ocupacional. Tambi\u00e9n imparte sesiones docentes anualmente en la Harvard Business School.<\/span><\/p>\n<p><span style=\"font-weight: 400;\">Premio Princesa de Girona al emprendedor del a\u00f1o 2013.<\/span><\/p>\n<p><span style=\"font-weight: 400;\">Incluida en la lista de las 25 mujeres m\u00e1s influyentes de Espa\u00f1a en 2020 en el ranking Merca2.<\/span><\/p>\n<p>a desarrollado su propia plataforma de formaci\u00f3n en su p\u00e1gina web www.catalinahoffmann.com, y en su Club Neurofitness ya son m\u00e1s de 8000 personas en todo el mundo las que cada d\u00eda entrenan su cerebro con sus t\u00e9cnicas.<\/p>\n<p>En sus redes sociales tiene m\u00e1s de doscientos mil seguidores y tambi\u00e9n es creadora de siete discos de m\u00fasica binarual, tiene su propio podcast y meditaciones.<\/p>\n<figure id=\"attachment_32292\" aria-describedby=\"caption-attachment-32292\" style=\"width: 300px\" class=\"wp-caption alignleft\"><img data-recalc-dims=\"1\" loading=\"lazy\" decoding=\"async\" data-attachment-id=\"32292\" data-permalink=\"https:\/\/luxonomy.net\/es\/women\/elena_alti_women\/\" data-orig-file=\"https:\/\/i0.wp.com\/luxonomy.net\/wp-content\/uploads\/2023\/02\/Elena_Alti_WOMEN.png?fit=1080%2C1080&amp;ssl=1\" data-orig-size=\"1080,1080\" data-comments-opened=\"1\" data-image-title=\"Elena_Alti_WOMEN\" data-image-description=\"\" data-image-caption=\"&lt;p&gt;Elena Alti. Directora de Marketing de Grupo Salinas (M\u00e9xico). 10 Women to Watch en Europa.&lt;\/p&gt;\n\" data-large-file=\"https:\/\/i0.wp.com\/luxonomy.net\/wp-content\/uploads\/2023\/02\/Elena_Alti_WOMEN.png?fit=1024%2C1024&amp;ssl=1\" class=\"wp-image-32292 size-medium\" src=\"https:\/\/i0.wp.com\/luxonomy.net\/wp-content\/uploads\/2023\/02\/Elena_Alti_WOMEN-300x300.png?resize=300%2C300\" alt=\"\" width=\"300\" height=\"300\" srcset=\"https:\/\/i0.wp.com\/luxonomy.net\/wp-content\/uploads\/2023\/02\/Elena_Alti_WOMEN.png?resize=300%2C300&amp;ssl=1 300w, https:\/\/i0.wp.com\/luxonomy.net\/wp-content\/uploads\/2023\/02\/Elena_Alti_WOMEN.png?resize=150%2C150&amp;ssl=1 150w, https:\/\/i0.wp.com\/luxonomy.net\/wp-content\/uploads\/2023\/02\/Elena_Alti_WOMEN.png?resize=180%2C180&amp;ssl=1 180w, https:\/\/i0.wp.com\/luxonomy.net\/wp-content\/uploads\/2023\/02\/Elena_Alti_WOMEN.png?resize=90%2C90&amp;ssl=1 90w, https:\/\/i0.wp.com\/luxonomy.net\/wp-content\/uploads\/2023\/02\/Elena_Alti_WOMEN.png?resize=20%2C20&amp;ssl=1 20w, https:\/\/i0.wp.com\/luxonomy.net\/wp-content\/uploads\/2023\/02\/Elena_Alti_WOMEN.png?resize=100%2C100&amp;ssl=1 100w, https:\/\/i0.wp.com\/luxonomy.net\/wp-content\/uploads\/2023\/02\/Elena_Alti_WOMEN.png?resize=24%2C24&amp;ssl=1 24w, https:\/\/i0.wp.com\/luxonomy.net\/wp-content\/uploads\/2023\/02\/Elena_Alti_WOMEN.png?resize=48%2C48&amp;ssl=1 48w, https:\/\/i0.wp.com\/luxonomy.net\/wp-content\/uploads\/2023\/02\/Elena_Alti_WOMEN.png?resize=96%2C96&amp;ssl=1 96w\" sizes=\"auto, (max-width: 300px) 100vw, 300px\" \/><figcaption id=\"caption-attachment-32292\" class=\"wp-caption-text\">Elena Alti. Directora de Marketing de Grupo Salinas (M\u00e9xico). 10 Women to Watch en Europa.<\/figcaption><\/figure>\n<p><strong>Elena Alti<\/strong><\/p>\n<p>Chief Marketing Officer a Grupo Salinas (M\u00e9xico). durante los \u00faltimos diez a\u00f1os, ha transcurrido en el grupo Santander, al que se uni\u00f3 en enero de 2012 como Directora de Marketing de Banco Santander y de Banesto. Estuvo al frente de esa responsabilidad hasta diciembre de 2015, cuando pas\u00f3 a ser Directora de Marketing Digital del grupo bancario.<\/p>\n<p>La trayectoria de Elena Alti ha transcurrido, en periodos diferenciados, primero en el terreno de la agencia y despu\u00e9s, en el del anunciante. Se inici\u00f3 en 1994, cuando se uni\u00f3 como Ejecutiva de Cuentas a Tiempo BBDO. Tres a\u00f1os m\u00e1s tarde pas\u00f3 a Ammirati Puris Lintas, donde trabaj\u00f3 hasta 1999 como Supervisora de Cuentas, vinculada especialmente a la de la automovil\u00edstica Rover.<\/p>\n<p>Su siguiente destino profesional fue McCann Erickson, en la que fue directora de un grupo de cuentas que inclu\u00eda las de Coca-Cola, Heineken, Siemens Mobile y UPS, entre otras, y a la que estuvo vinculada entre 1999 y 2005. Ese a\u00f1o se incorpor\u00f3 a SCPF, en cuya oficina de Madrid fue Directora de Servicios al Cliente para la cuenta de Vodafone hasta 2008.<\/p>\n<p>Fue entonces cuando se produjo el salto al campo del anunciante, pues Alti fich\u00f3 por el grupo hotelero NH con el puesto de Directora Corporativa de Comunicaci\u00f3n y Marca. M\u00e1s tarde, fue promovida al cargo de Vicepresidenta Corporativa de Marca, Marketing y Producto, con responsabilidad sobre estas \u00e1reas en los veinticinco pa\u00edses en los que operaba la compa\u00f1\u00eda.<\/p>\n<figure id=\"attachment_32424\" aria-describedby=\"caption-attachment-32424\" style=\"width: 300px\" class=\"wp-caption alignleft\"><img data-recalc-dims=\"1\" loading=\"lazy\" decoding=\"async\" data-attachment-id=\"32424\" data-permalink=\"https:\/\/luxonomy.net\/es\/women\/beatriz_gimenez_womenluxonomy\/\" data-orig-file=\"https:\/\/i0.wp.com\/luxonomy.net\/wp-content\/uploads\/2023\/02\/Beatriz_Gimenez_WOMENLUXONOMY.png?fit=1080%2C1080&amp;ssl=1\" data-orig-size=\"1080,1080\" data-comments-opened=\"1\" data-image-title=\"Beatriz_Gimenez_WOMENLUXONOMY\" data-image-description=\"\" data-image-caption=\"&lt;p&gt;Beatriz Gimenez. Directora de PayPal Iberia.&lt;\/p&gt;\n\" data-large-file=\"https:\/\/i0.wp.com\/luxonomy.net\/wp-content\/uploads\/2023\/02\/Beatriz_Gimenez_WOMENLUXONOMY.png?fit=1024%2C1024&amp;ssl=1\" class=\"wp-image-32424 size-medium\" src=\"https:\/\/i0.wp.com\/luxonomy.net\/wp-content\/uploads\/2023\/02\/Beatriz_Gimenez_WOMENLUXONOMY-300x300.png?resize=300%2C300\" alt=\"\" width=\"300\" height=\"300\" srcset=\"https:\/\/i0.wp.com\/luxonomy.net\/wp-content\/uploads\/2023\/02\/Beatriz_Gimenez_WOMENLUXONOMY.png?resize=300%2C300&amp;ssl=1 300w, https:\/\/i0.wp.com\/luxonomy.net\/wp-content\/uploads\/2023\/02\/Beatriz_Gimenez_WOMENLUXONOMY.png?resize=150%2C150&amp;ssl=1 150w, https:\/\/i0.wp.com\/luxonomy.net\/wp-content\/uploads\/2023\/02\/Beatriz_Gimenez_WOMENLUXONOMY.png?resize=180%2C180&amp;ssl=1 180w, https:\/\/i0.wp.com\/luxonomy.net\/wp-content\/uploads\/2023\/02\/Beatriz_Gimenez_WOMENLUXONOMY.png?resize=90%2C90&amp;ssl=1 90w, https:\/\/i0.wp.com\/luxonomy.net\/wp-content\/uploads\/2023\/02\/Beatriz_Gimenez_WOMENLUXONOMY.png?resize=20%2C20&amp;ssl=1 20w, https:\/\/i0.wp.com\/luxonomy.net\/wp-content\/uploads\/2023\/02\/Beatriz_Gimenez_WOMENLUXONOMY.png?resize=100%2C100&amp;ssl=1 100w, https:\/\/i0.wp.com\/luxonomy.net\/wp-content\/uploads\/2023\/02\/Beatriz_Gimenez_WOMENLUXONOMY.png?resize=24%2C24&amp;ssl=1 24w, https:\/\/i0.wp.com\/luxonomy.net\/wp-content\/uploads\/2023\/02\/Beatriz_Gimenez_WOMENLUXONOMY.png?resize=48%2C48&amp;ssl=1 48w, https:\/\/i0.wp.com\/luxonomy.net\/wp-content\/uploads\/2023\/02\/Beatriz_Gimenez_WOMENLUXONOMY.png?resize=96%2C96&amp;ssl=1 96w\" sizes=\"auto, (max-width: 300px) 100vw, 300px\" \/><figcaption id=\"caption-attachment-32424\" class=\"wp-caption-text\">Beatriz Gimenez. Directora de PayPal Iberia.<\/figcaption><\/figure>\n<p><strong>Beatriz Gimenez<\/strong><\/p>\n<p>Directora en Espa\u00f1a y Portugal de PayPal. Ha desarrollado casi toda su carrera entre Telef\u00f3nica y el grupo BBVA. Ha sido jefa de la Oficina de Transformaci\u00f3n Digital, jefa de Estrategia Global y jefa de Planificaci\u00f3n y An\u00e1lisis en Telef\u00f3nica Digital y Directora Global de Estrategia para Nuevos Negocios Digitales en BBVA.<\/p>\n<p>Beatriz Gim\u00e9nez es ingeniera en Telecomunicaciones por la Universidad Polit\u00e9cnica de Valencia e International MBA por IE. Antes de asumir a este cargo, se desempe\u00f1aba como Gerente Regional de Iberia en Tink, una plataforma de banca que permite a bancos, fintechs y startups desarrollar servicios financieros basados en datos.<\/p>\n<figure id=\"attachment_32416\" aria-describedby=\"caption-attachment-32416\" style=\"width: 300px\" class=\"wp-caption alignleft\"><img data-recalc-dims=\"1\" loading=\"lazy\" decoding=\"async\" data-attachment-id=\"32416\" data-permalink=\"https:\/\/luxonomy.net\/es\/women\/nora_rodriguez_women\/\" data-orig-file=\"https:\/\/i0.wp.com\/luxonomy.net\/wp-content\/uploads\/2023\/02\/Nora_Rodriguez_WOMEN.png?fit=1080%2C1080&amp;ssl=1\" data-orig-size=\"1080,1080\" data-comments-opened=\"1\" data-image-title=\"Nora_Rodriguez_WOMEN\" data-image-description=\"\" data-image-caption=\"&lt;p&gt;Founder &amp;#038; CEO Architects of Happiness, Espa\u00f1a. Nora Rodr\u00edguez es ensayista, Innovadora educativa, dise\u00f1adora de proyectos y programas para aumentar resiliencia individual y social. Mentora de l\u00edderes globales, conferenciante internacional, consultora  para Organismos internacionales y  Multilaterales.&lt;\/p&gt;\n\" data-large-file=\"https:\/\/i0.wp.com\/luxonomy.net\/wp-content\/uploads\/2023\/02\/Nora_Rodriguez_WOMEN.png?fit=1024%2C1024&amp;ssl=1\" class=\"wp-image-32416 size-medium\" src=\"https:\/\/i0.wp.com\/luxonomy.net\/wp-content\/uploads\/2023\/02\/Nora_Rodriguez_WOMEN-300x300.png?resize=300%2C300\" alt=\"\" width=\"300\" height=\"300\" srcset=\"https:\/\/i0.wp.com\/luxonomy.net\/wp-content\/uploads\/2023\/02\/Nora_Rodriguez_WOMEN.png?resize=300%2C300&amp;ssl=1 300w, https:\/\/i0.wp.com\/luxonomy.net\/wp-content\/uploads\/2023\/02\/Nora_Rodriguez_WOMEN.png?resize=150%2C150&amp;ssl=1 150w, https:\/\/i0.wp.com\/luxonomy.net\/wp-content\/uploads\/2023\/02\/Nora_Rodriguez_WOMEN.png?resize=180%2C180&amp;ssl=1 180w, https:\/\/i0.wp.com\/luxonomy.net\/wp-content\/uploads\/2023\/02\/Nora_Rodriguez_WOMEN.png?resize=90%2C90&amp;ssl=1 90w, https:\/\/i0.wp.com\/luxonomy.net\/wp-content\/uploads\/2023\/02\/Nora_Rodriguez_WOMEN.png?resize=20%2C20&amp;ssl=1 20w, https:\/\/i0.wp.com\/luxonomy.net\/wp-content\/uploads\/2023\/02\/Nora_Rodriguez_WOMEN.png?resize=100%2C100&amp;ssl=1 100w, https:\/\/i0.wp.com\/luxonomy.net\/wp-content\/uploads\/2023\/02\/Nora_Rodriguez_WOMEN.png?resize=24%2C24&amp;ssl=1 24w, https:\/\/i0.wp.com\/luxonomy.net\/wp-content\/uploads\/2023\/02\/Nora_Rodriguez_WOMEN.png?resize=48%2C48&amp;ssl=1 48w, https:\/\/i0.wp.com\/luxonomy.net\/wp-content\/uploads\/2023\/02\/Nora_Rodriguez_WOMEN.png?resize=96%2C96&amp;ssl=1 96w\" sizes=\"auto, (max-width: 300px) 100vw, 300px\" \/><figcaption id=\"caption-attachment-32416\" class=\"wp-caption-text\">Founder &amp; CEO Architects of Happiness, Espa\u00f1a. Nora Rodr\u00edguez es ensayista, Innovadora educativa, dise\u00f1adora de proyectos y programas para aumentar resiliencia individual y social. Mentora de l\u00edderes globales, conferenciante internacional, consultora para Organismos internacionales y Multilaterales.<\/figcaption><\/figure>\n<p><strong>Nora Rodr\u00edguez<\/strong><\/p>\n<p><span style=\"font-weight: 400;\">Founder &amp; CEO Architects of Happiness. Es innovadora educativa, dise\u00f1adora de proyectos y programas para aumentar resiliencia individual y social. Mentora de l\u00edderes globales, consultora\u00a0 para ONU Migraciones y la Comisi\u00f3n Iberoamericana de Mujeres, OEA.\u00a0\u00a0<\/span><\/p>\n<p><span style=\"font-weight: 400;\">Sus m\u00e1s de treinta ensayos han sido traducidos a diversas lenguas.\u00a0<\/span><\/p>\n<p><span style=\"font-weight: 400;\">Nora es una\u00a0 conferenciante internacional. Sus m\u00e1s de treinta a\u00f1os como defensora de los derechos de la\u00a0 infancia y el desarrollo del talento en ni\u00f1os vulnerables han convertido su\u00a0 TEDx en un modelo de referencia. En el 2018 form\u00f3 parte de la mesa de Innovaci\u00f3n Educativa en la Organizaci\u00f3n de las Naciones Unidas.<\/span><\/p>\n<p><span style=\"font-weight: 400;\">Como mentora de mujeres l\u00edderes ayuda a escalar los m\u00e1s de veinte estilos de liderazgo que se necesitan hoy en un mundo tecnol\u00f3gico para construir una paz global, promoviendo un liderazgo \u00e9tico con fundamentos cient\u00edficos.<\/span><\/p>\n<p><span style=\"font-weight: 400;\">En el \u00faltimo a\u00f1o, su trabajo como Consultora Internacional para\u00a0 ONU Migraciones desde USA for IOM con migrantes y refugiados fue presentado en la\u00a0 IX Cumbre de Presidentes de la Am\u00e9ricas, Los \u00c1ngeles 2022. Tambi\u00e9n es consultora para Pro-Mujer, aportando mentor\u00eda a mujeres emprendedoras en situaci\u00f3n de vulnerabilidad. Su labor como\u00a0 consultora y facilitadora de talleres para la Comisi\u00f3n Interamericana de Mujeres, Organizaci\u00f3n de Estados Americanos (OEA), en el marco de las \u201cIniciativas de Mentor\u00eda y redes para el liderazgo de las mujeres\u00a8 ha llegado a toda de Latinoam\u00e9rica y el Caribe.<\/span><\/p>\n<h3>El C\u00e1ncer de P\u00e1ncreas<\/h3>\n<p>Aproximadamente 62,210 personas (32,970 hombres y 29,240 mujeres) ser\u00e1n diagnosticadas con c\u00e1ncer de p\u00e1ncreas. Aproximadamente 49,830 personas (25,970 hombres y 23,860 mujeres) morir\u00e1n a causa de c\u00e1ncer de p\u00e1ncreas.<\/p>\n<p>Una enfermedad arrolladora que cada vez crece m\u00e1s y este a\u00f1o ha provocado el <strong>fallecimiento de la fundadora de LUXONOMY\u2122, Mar\u00eda Jos\u00e9 Flores De Santis<\/strong>. Todo el <strong>equipo de LUXONOMY\u2122 nos hemos propuesto luchar contra este c\u00e1ncer<\/strong> y apoyar a las personas afectadas por \u00e9l y la investigaci\u00f3n del mismo<\/p>\n<p>En vez de una carrera, <strong>en LUXONOMY\u2122 vamos a hacer algo que se nos da mejor: aportar conocimiento e innovaci\u00f3n.<\/strong><\/p>\n<p><strong>8 de marzo, WOMEN LUXONOMY\u2122: Un homenaje a la Mujer donde analizaremos &#8220;Digital, Tecnolog\u00eda y Sustentabilidad<\/strong>, tres mesas de debate cuyas protagonistas son mujeres pioneras y expertas del sector&#8221;, mientras apoyamos una causa solidaria muy importante.<\/p>\n<p>Desde la web del evento se ha a\u00f1adido un <strong>bot\u00f3n de donaciones<\/strong> para el estudio del c\u00e1ncer de p\u00e1ncreas que llega directamente a la Asociaci\u00f3n c\u00e1ncer de p\u00e1ncreas. Participa con el importe con el que puedas colaborar y ll\u00e9vate el <strong>CERTIFICADO DE PARTICIPACI\u00d3N<\/strong> m\u00e1s \u00fatil y bonito que hayas podido obtener en tu vida.<\/p>\n<p>Y <strong>si no puedes donar nada, no importa, tambi\u00e9n puedes asistir y obtener tu T\u00edtulo<\/strong>, es online, y si no puedes el 8 de marzo, quedar\u00e1 grabado y la p\u00e1gina activa un a\u00f1o entero. Es esta: https:\/women<\/p>\n<p><img loading=\"lazy\" decoding=\"async\" data-attachment-id=\"32404\" data-permalink=\"https:\/\/luxonomy.net\/es\/women\/mockup-of-a-smiling-woman-holding-an-a4-flyer-with-both-hands-27359-2\/\" data-orig-file=\"https:\/\/i0.wp.com\/luxonomy.net\/wp-content\/uploads\/2023\/02\/mockup-of-a-smiling-woman-holding-an-a4-flyer-with-both-hands-27359-2.png?fit=1440%2C2160&amp;ssl=1\" data-orig-size=\"1440,2160\" data-comments-opened=\"1\" data-image-title=\"mockup-of-a-smiling-woman-holding-an-a4-flyer-with-both-hands-27359\" data-image-description=\"\" data-image-caption=\"\" data-large-file=\"https:\/\/i0.wp.com\/luxonomy.net\/wp-content\/uploads\/2023\/02\/mockup-of-a-smiling-woman-holding-an-a4-flyer-with-both-hands-27359-2.png?fit=683%2C1024&amp;ssl=1\" class=\"alignright size-full wp-image-32404 lazyload\" src=\"data:image\/gif;base64,R0lGODlhAQABAAAAACH5BAEKAAEALAAAAAABAAEAAAICTAEAOw==\" data-src=\"http:\/\/luxonomy.net\/wp-content\/uploads\/2023\/02\/mockup-of-a-smiling-woman-holding-an-a4-flyer-with-both-hands-27359-2.png\" alt=\"\" width=\"1440\" height=\"2160\" data-sizes=\"auto\" data-srcset=\"https:\/\/i0.wp.com\/luxonomy.net\/wp-content\/uploads\/2023\/02\/mockup-of-a-smiling-woman-holding-an-a4-flyer-with-both-hands-27359-2.png?w=1440&amp;ssl=1 1440w, https:\/\/i0.wp.com\/luxonomy.net\/wp-content\/uploads\/2023\/02\/mockup-of-a-smiling-woman-holding-an-a4-flyer-with-both-hands-27359-2.png?resize=200%2C300&amp;ssl=1 200w, https:\/\/i0.wp.com\/luxonomy.net\/wp-content\/uploads\/2023\/02\/mockup-of-a-smiling-woman-holding-an-a4-flyer-with-both-hands-27359-2.png?resize=683%2C1024&amp;ssl=1 683w, https:\/\/i0.wp.com\/luxonomy.net\/wp-content\/uploads\/2023\/02\/mockup-of-a-smiling-woman-holding-an-a4-flyer-with-both-hands-27359-2.png?resize=768%2C1152&amp;ssl=1 768w, https:\/\/i0.wp.com\/luxonomy.net\/wp-content\/uploads\/2023\/02\/mockup-of-a-smiling-woman-holding-an-a4-flyer-with-both-hands-27359-2.png?resize=1024%2C1536&amp;ssl=1 1024w, https:\/\/i0.wp.com\/luxonomy.net\/wp-content\/uploads\/2023\/02\/mockup-of-a-smiling-woman-holding-an-a4-flyer-with-both-hands-27359-2.png?resize=1365%2C2048&amp;ssl=1 1365w, https:\/\/i0.wp.com\/luxonomy.net\/wp-content\/uploads\/2023\/02\/mockup-of-a-smiling-woman-holding-an-a4-flyer-with-both-hands-27359-2.png?resize=370%2C555&amp;ssl=1 370w, https:\/\/i0.wp.com\/luxonomy.net\/wp-content\/uploads\/2023\/02\/mockup-of-a-smiling-woman-holding-an-a4-flyer-with-both-hands-27359-2.png?resize=800%2C1200&amp;ssl=1 800w, https:\/\/i0.wp.com\/luxonomy.net\/wp-content\/uploads\/2023\/02\/mockup-of-a-smiling-woman-holding-an-a4-flyer-with-both-hands-27359-2.png?resize=740%2C1110&amp;ssl=1 740w, https:\/\/i0.wp.com\/luxonomy.net\/wp-content\/uploads\/2023\/02\/mockup-of-a-smiling-woman-holding-an-a4-flyer-with-both-hands-27359-2.png?resize=20%2C30&amp;ssl=1 20w, https:\/\/i0.wp.com\/luxonomy.net\/wp-content\/uploads\/2023\/02\/mockup-of-a-smiling-woman-holding-an-a4-flyer-with-both-hands-27359-2.png?resize=600%2C900&amp;ssl=1 600w, https:\/\/i0.wp.com\/luxonomy.net\/wp-content\/uploads\/2023\/02\/mockup-of-a-smiling-woman-holding-an-a4-flyer-with-both-hands-27359-2.png?resize=32%2C48&amp;ssl=1 32w\" sizes=\"auto, (max-width: 1170px) 100vw, 1170px\" \/><\/p>\n","protected":false},"excerpt":{"rendered":"<p>WOMEN LUXONOMY\u2122 no es una acci\u00f3n publicitaria, es una acci\u00f3n humanitaria, un homenaje a la mujer a beneficio de la Asociaci\u00f3n c\u00e1ncer de p\u00e1ncreas Estas 5 mujeres EXTRAORDINARIAS forman parte de la primera de las mesas de debate: Bisila Bokoko, espan\u0303ola, de padres africanos, y americana de adopcio\u0301n, ciudadana del mundo y poliface\u0301tica. Sus estudios&hellip;<\/p>\n","protected":false},"author":10,"featured_media":32429,"comment_status":"open","ping_status":"open","sticky":false,"template":"","format":"standard","meta":{"_jetpack_newsletter_access":"","_jetpack_dont_email_post_to_subs":false,"_jetpack_newsletter_tier_id":0,"_jetpack_memberships_contains_paywalled_content":false,"_jetpack_feature_clip_id":0,"_jetpack_memberships_contains_paid_content":false,"footnotes":"","jetpack_publicize_message":"","jetpack_publicize_feature_enabled":true,"jetpack_social_post_already_shared":true,"jetpack_social_options":{"image_generator_settings":{"template":"edge","default_image_id":0,"font":"","enabled":false},"version":2},"jetpack_post_was_ever_published":false},"categories":[2050],"tags":[1479,1451],"thb-sponsors":[],"class_list":["post-32427","post","type-post","status-publish","format-standard","has-post-thumbnail","hentry","category-solidaridad","tag-solidaridad","tag-womenluxonomy"],"yoast_head":"<!-- This site is optimized with the Yoast SEO plugin v28.4 - https:\/\/yoast.com\/product\/yoast-seo-wordpress\/ -->\n<title>Esta es la magn\u00edfica mesa de debate de DIGITAL para WOMEN LUXONOMY | LUXONOMY<\/title>\n<meta name=\"robots\" content=\"index, follow, max-snippet:-1, max-image-preview:large, max-video-preview:-1\" \/>\n<link rel=\"canonical\" href=\"https:\/\/luxonomy.net\/es\/esta-es-la-magnifica-mesa-de-debate-de-digital-para-women-luxonomy\/\" \/>\n<meta property=\"og:locale\" content=\"es_ES\" \/>\n<meta property=\"og:type\" content=\"article\" \/>\n<meta property=\"og:title\" content=\"Esta es la magn\u00edfica mesa de debate de DIGITAL para WOMEN LUXONOMY | LUXONOMY\" \/>\n<meta property=\"og:description\" content=\"WOMEN LUXONOMY\u2122 no es una acci\u00f3n publicitaria, es una acci\u00f3n humanitaria, un homenaje a la mujer a beneficio de la Asociaci\u00f3n c\u00e1ncer de p\u00e1ncreas Estas 5 mujeres EXTRAORDINARIAS forman parte de la primera de las mesas de debate: Bisila Bokoko, espan\u0303ola, de padres africanos, y americana de adopcio\u0301n, ciudadana del mundo y poliface\u0301tica. Sus estudios&hellip;\" \/>\n<meta property=\"og:url\" content=\"https:\/\/luxonomy.net\/es\/esta-es-la-magnifica-mesa-de-debate-de-digital-para-women-luxonomy\/\" \/>\n<meta property=\"og:site_name\" content=\"LUXONOMY\" \/>\n<meta property=\"article:publisher\" content=\"https:\/\/www.facebook.com\/luxonomy\" \/>\n<meta property=\"article:published_time\" content=\"2023-02-08T13:33:06+00:00\" \/>\n<meta property=\"og:image\" content=\"https:\/\/i0.wp.com\/luxonomy.net\/wp-content\/uploads\/2023\/02\/DIGITAL_WOMEN_LUXONOMY-scaled.jpg?fit=2560%2C1814&quality=89&ssl=1\" \/>\n\t<meta property=\"og:image:width\" content=\"2560\" \/>\n\t<meta property=\"og:image:height\" content=\"1814\" \/>\n\t<meta property=\"og:image:type\" content=\"image\/jpeg\" \/>\n<meta name=\"author\" content=\"Chiara Gabardi\" \/>\n<meta name=\"twitter:card\" content=\"summary_large_image\" \/>\n<meta name=\"twitter:label1\" content=\"Escrito por\" \/>\n\t<meta name=\"twitter:data1\" content=\"Chiara Gabardi\" \/>\n\t<meta name=\"twitter:label2\" content=\"Tiempo de lectura\" \/>\n\t<meta name=\"twitter:data2\" content=\"8 minutos\" \/>\n<script type=\"application\/ld+json\" class=\"yoast-schema-graph\">{\"@context\":\"https:\\\/\\\/schema.org\",\"@graph\":[{\"@type\":\"Article\",\"@id\":\"https:\\\/\\\/luxonomy.net\\\/es\\\/esta-es-la-magnifica-mesa-de-debate-de-digital-para-women-luxonomy\\\/#article\",\"isPartOf\":{\"@id\":\"https:\\\/\\\/luxonomy.net\\\/es\\\/esta-es-la-magnifica-mesa-de-debate-de-digital-para-women-luxonomy\\\/\"},\"author\":{\"name\":\"Chiara Gabardi\",\"@id\":\"https:\\\/\\\/luxonomy.net\\\/es\\\/#\\\/schema\\\/person\\\/e5c97cb37fd115728030c51e21c67d89\"},\"headline\":\"Esta es la magn\u00edfica mesa de debate de DIGITAL para WOMEN LUXONOMY\",\"datePublished\":\"2023-02-08T13:33:06+00:00\",\"mainEntityOfPage\":{\"@id\":\"https:\\\/\\\/luxonomy.net\\\/es\\\/esta-es-la-magnifica-mesa-de-debate-de-digital-para-women-luxonomy\\\/\"},\"wordCount\":1440,\"commentCount\":0,\"publisher\":{\"@id\":\"https:\\\/\\\/luxonomy.net\\\/es\\\/#organization\"},\"image\":{\"@id\":\"https:\\\/\\\/luxonomy.net\\\/es\\\/esta-es-la-magnifica-mesa-de-debate-de-digital-para-women-luxonomy\\\/#primaryimage\"},\"thumbnailUrl\":\"https:\\\/\\\/i0.wp.com\\\/luxonomy.net\\\/wp-content\\\/uploads\\\/2023\\\/02\\\/DIGITAL_WOMEN_LUXONOMY-scaled.jpg?fit=2560%2C1814&ssl=1\",\"keywords\":[\"solidaridad\",\"women@Luxonomy\"],\"articleSection\":[\"Solidaridad\"],\"inLanguage\":\"es\",\"potentialAction\":[{\"@type\":\"CommentAction\",\"name\":\"Comment\",\"target\":[\"https:\\\/\\\/luxonomy.net\\\/es\\\/esta-es-la-magnifica-mesa-de-debate-de-digital-para-women-luxonomy\\\/#respond\"]}]},{\"@type\":\"WebPage\",\"@id\":\"https:\\\/\\\/luxonomy.net\\\/es\\\/esta-es-la-magnifica-mesa-de-debate-de-digital-para-women-luxonomy\\\/\",\"url\":\"https:\\\/\\\/luxonomy.net\\\/es\\\/esta-es-la-magnifica-mesa-de-debate-de-digital-para-women-luxonomy\\\/\",\"name\":\"Esta es la magn\u00edfica mesa de debate de DIGITAL para WOMEN LUXONOMY | LUXONOMY\",\"isPartOf\":{\"@id\":\"https:\\\/\\\/luxonomy.net\\\/es\\\/#website\"},\"primaryImageOfPage\":{\"@id\":\"https:\\\/\\\/luxonomy.net\\\/es\\\/esta-es-la-magnifica-mesa-de-debate-de-digital-para-women-luxonomy\\\/#primaryimage\"},\"image\":{\"@id\":\"https:\\\/\\\/luxonomy.net\\\/es\\\/esta-es-la-magnifica-mesa-de-debate-de-digital-para-women-luxonomy\\\/#primaryimage\"},\"thumbnailUrl\":\"https:\\\/\\\/i0.wp.com\\\/luxonomy.net\\\/wp-content\\\/uploads\\\/2023\\\/02\\\/DIGITAL_WOMEN_LUXONOMY-scaled.jpg?fit=2560%2C1814&ssl=1\",\"datePublished\":\"2023-02-08T13:33:06+00:00\",\"breadcrumb\":{\"@id\":\"https:\\\/\\\/luxonomy.net\\\/es\\\/esta-es-la-magnifica-mesa-de-debate-de-digital-para-women-luxonomy\\\/#breadcrumb\"},\"inLanguage\":\"es\",\"potentialAction\":[{\"@type\":\"ReadAction\",\"target\":[\"https:\\\/\\\/luxonomy.net\\\/es\\\/esta-es-la-magnifica-mesa-de-debate-de-digital-para-women-luxonomy\\\/\"]}]},{\"@type\":\"ImageObject\",\"inLanguage\":\"es\",\"@id\":\"https:\\\/\\\/luxonomy.net\\\/es\\\/esta-es-la-magnifica-mesa-de-debate-de-digital-para-women-luxonomy\\\/#primaryimage\",\"url\":\"https:\\\/\\\/i0.wp.com\\\/luxonomy.net\\\/wp-content\\\/uploads\\\/2023\\\/02\\\/DIGITAL_WOMEN_LUXONOMY-scaled.jpg?fit=2560%2C1814&ssl=1\",\"contentUrl\":\"https:\\\/\\\/i0.wp.com\\\/luxonomy.net\\\/wp-content\\\/uploads\\\/2023\\\/02\\\/DIGITAL_WOMEN_LUXONOMY-scaled.jpg?fit=2560%2C1814&ssl=1\",\"width\":2560,\"height\":1814},{\"@type\":\"BreadcrumbList\",\"@id\":\"https:\\\/\\\/luxonomy.net\\\/es\\\/esta-es-la-magnifica-mesa-de-debate-de-digital-para-women-luxonomy\\\/#breadcrumb\",\"itemListElement\":[{\"@type\":\"ListItem\",\"position\":1,\"name\":\"Portada\",\"item\":\"https:\\\/\\\/luxonomy.net\\\/es\\\/\"},{\"@type\":\"ListItem\",\"position\":2,\"name\":\"Esta es la magn\u00edfica mesa de debate de DIGITAL para WOMEN LUXONOMY\"}]},{\"@type\":\"WebSite\",\"@id\":\"https:\\\/\\\/luxonomy.net\\\/es\\\/#website\",\"url\":\"https:\\\/\\\/luxonomy.net\\\/es\\\/\",\"name\":\"LUXONOMY\",\"description\":\"The Economy of Fashion &amp; Luxury\",\"publisher\":{\"@id\":\"https:\\\/\\\/luxonomy.net\\\/es\\\/#organization\"},\"potentialAction\":[{\"@type\":\"SearchAction\",\"target\":{\"@type\":\"EntryPoint\",\"urlTemplate\":\"https:\\\/\\\/luxonomy.net\\\/es\\\/?s={search_term_string}\"},\"query-input\":{\"@type\":\"PropertyValueSpecification\",\"valueRequired\":true,\"valueName\":\"search_term_string\"}}],\"inLanguage\":\"es\"},{\"@type\":\"Organization\",\"@id\":\"https:\\\/\\\/luxonomy.net\\\/es\\\/#organization\",\"name\":\"LUXONOMY\",\"url\":\"https:\\\/\\\/luxonomy.net\\\/es\\\/\",\"logo\":{\"@type\":\"ImageObject\",\"inLanguage\":\"es\",\"@id\":\"https:\\\/\\\/luxonomy.net\\\/es\\\/#\\\/schema\\\/logo\\\/image\\\/\",\"url\":\"https:\\\/\\\/i2.wp.com\\\/luxonomy.net\\\/wp-content\\\/uploads\\\/2021\\\/09\\\/MOCKUP-TODOS-LUXONOMY.jpg?fit=1000%2C515&ssl=1\",\"contentUrl\":\"https:\\\/\\\/i2.wp.com\\\/luxonomy.net\\\/wp-content\\\/uploads\\\/2021\\\/09\\\/MOCKUP-TODOS-LUXONOMY.jpg?fit=1000%2C515&ssl=1\",\"width\":1000,\"height\":515,\"caption\":\"LUXONOMY\"},\"image\":{\"@id\":\"https:\\\/\\\/luxonomy.net\\\/es\\\/#\\\/schema\\\/logo\\\/image\\\/\"},\"sameAs\":[\"https:\\\/\\\/www.facebook.com\\\/luxonomy\",\"https:\\\/\\\/www.instagram.com\\\/luxonomy\\\/\",\"https:\\\/\\\/www.linkedin.com\\\/company\\\/luxonomy\\\/\"]},{\"@type\":\"Person\",\"@id\":\"https:\\\/\\\/luxonomy.net\\\/es\\\/#\\\/schema\\\/person\\\/e5c97cb37fd115728030c51e21c67d89\",\"name\":\"Chiara Gabardi\",\"image\":{\"@type\":\"ImageObject\",\"inLanguage\":\"es\",\"@id\":\"https:\\\/\\\/luxonomy.net\\\/wp-content\\\/litespeed\\\/avatar\\\/548640c4e2c34544e66c65ab1641a5d7.jpg?ver=1788581172\",\"url\":\"https:\\\/\\\/luxonomy.net\\\/wp-content\\\/litespeed\\\/avatar\\\/548640c4e2c34544e66c65ab1641a5d7.jpg?ver=1788581172\",\"contentUrl\":\"https:\\\/\\\/luxonomy.net\\\/wp-content\\\/litespeed\\\/avatar\\\/548640c4e2c34544e66c65ab1641a5d7.jpg?ver=1788581172\",\"caption\":\"Chiara Gabardi\"},\"description\":\"Editor at LUXONOMY\u2122 Group\",\"url\":\"https:\\\/\\\/luxonomy.net\\\/es\\\/author\\\/chiara-gabardi\\\/\"}]}<\/script>\n<!-- \/ Yoast SEO plugin. -->","yoast_head_json":{"title":"Esta es la magn\u00edfica mesa de debate de DIGITAL para WOMEN LUXONOMY | LUXONOMY","robots":{"index":"index","follow":"follow","max-snippet":"max-snippet:-1","max-image-preview":"max-image-preview:large","max-video-preview":"max-video-preview:-1"},"canonical":"https:\/\/luxonomy.net\/es\/esta-es-la-magnifica-mesa-de-debate-de-digital-para-women-luxonomy\/","og_locale":"es_ES","og_type":"article","og_title":"Esta es la magn\u00edfica mesa de debate de DIGITAL para WOMEN LUXONOMY | LUXONOMY","og_description":"WOMEN LUXONOMY\u2122 no es una acci\u00f3n publicitaria, es una acci\u00f3n humanitaria, un homenaje a la mujer a beneficio de la Asociaci\u00f3n c\u00e1ncer de p\u00e1ncreas Estas 5 mujeres EXTRAORDINARIAS forman parte de la primera de las mesas de debate: Bisila Bokoko, espan\u0303ola, de padres africanos, y americana de adopcio\u0301n, ciudadana del mundo y poliface\u0301tica. Sus estudios&hellip;","og_url":"https:\/\/luxonomy.net\/es\/esta-es-la-magnifica-mesa-de-debate-de-digital-para-women-luxonomy\/","og_site_name":"LUXONOMY","article_publisher":"https:\/\/www.facebook.com\/luxonomy","article_published_time":"2023-02-08T13:33:06+00:00","og_image":[{"width":2560,"height":1814,"url":"https:\/\/i0.wp.com\/luxonomy.net\/wp-content\/uploads\/2023\/02\/DIGITAL_WOMEN_LUXONOMY-scaled.jpg?fit=2560%2C1814&quality=89&ssl=1","type":"image\/jpeg"}],"author":"Chiara Gabardi","twitter_card":"summary_large_image","twitter_misc":{"Escrito por":"Chiara Gabardi","Tiempo de lectura":"8 minutos"},"schema":{"@context":"https:\/\/schema.org","@graph":[{"@type":"Article","@id":"https:\/\/luxonomy.net\/es\/esta-es-la-magnifica-mesa-de-debate-de-digital-para-women-luxonomy\/#article","isPartOf":{"@id":"https:\/\/luxonomy.net\/es\/esta-es-la-magnifica-mesa-de-debate-de-digital-para-women-luxonomy\/"},"author":{"name":"Chiara Gabardi","@id":"https:\/\/luxonomy.net\/es\/#\/schema\/person\/e5c97cb37fd115728030c51e21c67d89"},"headline":"Esta es la magn\u00edfica mesa de debate de DIGITAL para WOMEN LUXONOMY","datePublished":"2023-02-08T13:33:06+00:00","mainEntityOfPage":{"@id":"https:\/\/luxonomy.net\/es\/esta-es-la-magnifica-mesa-de-debate-de-digital-para-women-luxonomy\/"},"wordCount":1440,"commentCount":0,"publisher":{"@id":"https:\/\/luxonomy.net\/es\/#organization"},"image":{"@id":"https:\/\/luxonomy.net\/es\/esta-es-la-magnifica-mesa-de-debate-de-digital-para-women-luxonomy\/#primaryimage"},"thumbnailUrl":"https:\/\/i0.wp.com\/luxonomy.net\/wp-content\/uploads\/2023\/02\/DIGITAL_WOMEN_LUXONOMY-scaled.jpg?fit=2560%2C1814&ssl=1","keywords":["solidaridad","women@Luxonomy"],"articleSection":["Solidaridad"],"inLanguage":"es","potentialAction":[{"@type":"CommentAction","name":"Comment","target":["https:\/\/luxonomy.net\/es\/esta-es-la-magnifica-mesa-de-debate-de-digital-para-women-luxonomy\/#respond"]}]},{"@type":"WebPage","@id":"https:\/\/luxonomy.net\/es\/esta-es-la-magnifica-mesa-de-debate-de-digital-para-women-luxonomy\/","url":"https:\/\/luxonomy.net\/es\/esta-es-la-magnifica-mesa-de-debate-de-digital-para-women-luxonomy\/","name":"Esta es la magn\u00edfica mesa de debate de DIGITAL para WOMEN LUXONOMY | LUXONOMY","isPartOf":{"@id":"https:\/\/luxonomy.net\/es\/#website"},"primaryImageOfPage":{"@id":"https:\/\/luxonomy.net\/es\/esta-es-la-magnifica-mesa-de-debate-de-digital-para-women-luxonomy\/#primaryimage"},"image":{"@id":"https:\/\/luxonomy.net\/es\/esta-es-la-magnifica-mesa-de-debate-de-digital-para-women-luxonomy\/#primaryimage"},"thumbnailUrl":"https:\/\/i0.wp.com\/luxonomy.net\/wp-content\/uploads\/2023\/02\/DIGITAL_WOMEN_LUXONOMY-scaled.jpg?fit=2560%2C1814&ssl=1","datePublished":"2023-02-08T13:33:06+00:00","breadcrumb":{"@id":"https:\/\/luxonomy.net\/es\/esta-es-la-magnifica-mesa-de-debate-de-digital-para-women-luxonomy\/#breadcrumb"},"inLanguage":"es","potentialAction":[{"@type":"ReadAction","target":["https:\/\/luxonomy.net\/es\/esta-es-la-magnifica-mesa-de-debate-de-digital-para-women-luxonomy\/"]}]},{"@type":"ImageObject","inLanguage":"es","@id":"https:\/\/luxonomy.net\/es\/esta-es-la-magnifica-mesa-de-debate-de-digital-para-women-luxonomy\/#primaryimage","url":"https:\/\/i0.wp.com\/luxonomy.net\/wp-content\/uploads\/2023\/02\/DIGITAL_WOMEN_LUXONOMY-scaled.jpg?fit=2560%2C1814&ssl=1","contentUrl":"https:\/\/i0.wp.com\/luxonomy.net\/wp-content\/uploads\/2023\/02\/DIGITAL_WOMEN_LUXONOMY-scaled.jpg?fit=2560%2C1814&ssl=1","width":2560,"height":1814},{"@type":"BreadcrumbList","@id":"https:\/\/luxonomy.net\/es\/esta-es-la-magnifica-mesa-de-debate-de-digital-para-women-luxonomy\/#breadcrumb","itemListElement":[{"@type":"ListItem","position":1,"name":"Portada","item":"https:\/\/luxonomy.net\/es\/"},{"@type":"ListItem","position":2,"name":"Esta es la magn\u00edfica mesa de debate de DIGITAL para WOMEN LUXONOMY"}]},{"@type":"WebSite","@id":"https:\/\/luxonomy.net\/es\/#website","url":"https:\/\/luxonomy.net\/es\/","name":"LUXONOMY","description":"The Economy of Fashion &amp; Luxury","publisher":{"@id":"https:\/\/luxonomy.net\/es\/#organization"},"potentialAction":[{"@type":"SearchAction","target":{"@type":"EntryPoint","urlTemplate":"https:\/\/luxonomy.net\/es\/?s={search_term_string}"},"query-input":{"@type":"PropertyValueSpecification","valueRequired":true,"valueName":"search_term_string"}}],"inLanguage":"es"},{"@type":"Organization","@id":"https:\/\/luxonomy.net\/es\/#organization","name":"LUXONOMY","url":"https:\/\/luxonomy.net\/es\/","logo":{"@type":"ImageObject","inLanguage":"es","@id":"https:\/\/luxonomy.net\/es\/#\/schema\/logo\/image\/","url":"https:\/\/i2.wp.com\/luxonomy.net\/wp-content\/uploads\/2021\/09\/MOCKUP-TODOS-LUXONOMY.jpg?fit=1000%2C515&ssl=1","contentUrl":"https:\/\/i2.wp.com\/luxonomy.net\/wp-content\/uploads\/2021\/09\/MOCKUP-TODOS-LUXONOMY.jpg?fit=1000%2C515&ssl=1","width":1000,"height":515,"caption":"LUXONOMY"},"image":{"@id":"https:\/\/luxonomy.net\/es\/#\/schema\/logo\/image\/"},"sameAs":["https:\/\/www.facebook.com\/luxonomy","https:\/\/www.instagram.com\/luxonomy\/","https:\/\/www.linkedin.com\/company\/luxonomy\/"]},{"@type":"Person","@id":"https:\/\/luxonomy.net\/es\/#\/schema\/person\/e5c97cb37fd115728030c51e21c67d89","name":"Chiara Gabardi","image":{"@type":"ImageObject","inLanguage":"es","@id":"https:\/\/luxonomy.net\/wp-content\/litespeed\/avatar\/548640c4e2c34544e66c65ab1641a5d7.jpg?ver=1788581172","url":"https:\/\/luxonomy.net\/wp-content\/litespeed\/avatar\/548640c4e2c34544e66c65ab1641a5d7.jpg?ver=1788581172","contentUrl":"https:\/\/luxonomy.net\/wp-content\/litespeed\/avatar\/548640c4e2c34544e66c65ab1641a5d7.jpg?ver=1788581172","caption":"Chiara Gabardi"},"description":"Editor at LUXONOMY\u2122 Group","url":"https:\/\/luxonomy.net\/es\/author\/chiara-gabardi\/"}]}},"jetpack_publicize_connections":[],"jetpack_shortlink":"https:\/\/wp.me\/paPhBa-8r1","jetpack_sharing_enabled":true,"jetpack_featured_media_url":"https:\/\/i0.wp.com\/luxonomy.net\/wp-content\/uploads\/2023\/02\/DIGITAL_WOMEN_LUXONOMY-scaled.jpg?fit=2560%2C1814&ssl=1","_links":{"self":[{"href":"https:\/\/luxonomy.net\/es\/wp-json\/wp\/v2\/posts\/32427","targetHints":{"allow":["GET"]}}],"collection":[{"href":"https:\/\/luxonomy.net\/es\/wp-json\/wp\/v2\/posts"}],"about":[{"href":"https:\/\/luxonomy.net\/es\/wp-json\/wp\/v2\/types\/post"}],"author":[{"embeddable":true,"href":"https:\/\/luxonomy.net\/es\/wp-json\/wp\/v2\/users\/10"}],"replies":[{"embeddable":true,"href":"https:\/\/luxonomy.net\/es\/wp-json\/wp\/v2\/comments?post=32427"}],"version-history":[{"count":10,"href":"https:\/\/luxonomy.net\/es\/wp-json\/wp\/v2\/posts\/32427\/revisions"}],"predecessor-version":[{"id":32440,"href":"https:\/\/luxonomy.net\/es\/wp-json\/wp\/v2\/posts\/32427\/revisions\/32440"}],"wp:featuredmedia":[{"embeddable":true,"href":"https:\/\/luxonomy.net\/es\/wp-json\/wp\/v2\/media\/32429"}],"wp:attachment":[{"href":"https:\/\/luxonomy.net\/es\/wp-json\/wp\/v2\/media?parent=32427"}],"wp:term":[{"taxonomy":"category","embeddable":true,"href":"https:\/\/luxonomy.net\/es\/wp-json\/wp\/v2\/categories?post=32427"},{"taxonomy":"post_tag","embeddable":true,"href":"https:\/\/luxonomy.net\/es\/wp-json\/wp\/v2\/tags?post=32427"},{"taxonomy":"thb-sponsors","embeddable":true,"href":"https:\/\/luxonomy.net\/es\/wp-json\/wp\/v2\/thb-sponsors?post=32427"}],"curies":[{"name":"wp","href":"https:\/\/api.w.org\/{rel}","templated":true}]}}