{"id":32378,"date":"2023-02-03T17:52:43","date_gmt":"2023-02-03T16:52:43","guid":{"rendered":"https:\/?p=32378"},"modified":"2023-02-04T18:03:15","modified_gmt":"2023-02-04T17:03:15","slug":"grupo-lvmh-apoya-trabajando-con-cancer-una-iniciativa-de-la-fundacion-publicis","status":"publish","type":"post","link":"https:\/\/luxonomy.net\/es\/grupo-lvmh-apoya-trabajando-con-cancer-una-iniciativa-de-la-fundacion-publicis\/","title":{"rendered":"Grupo LVMH apoya \u201cTrabajando con C\u00e1ncer\u201d, una iniciativa de la Fundaci\u00f3n Publicis"},"content":{"rendered":"<p>Con motivo del D\u00eda Mundial contra el C\u00e1ncer el 4 de febrero, LVMH anuncia su compromiso con la iniciativa \u201cTrabajando con el C\u00e1ncer\u201d, la primera coalici\u00f3n internacional de empresas para defender una cultura corporativa m\u00e1s abierta, solidaria e inclusiva para los empleados con c\u00e1ncer (<a href=\"https:\/\/www.workingwithcancerpledge.com\/\" target=\"_blank\" rel=\"noopener\">lea sobre el compromiso aqu\u00ed<\/a>).<\/p>\n<p>La iniciativa tiene como objetivo acabar con el estigma del c\u00e1ncer en el lugar de trabajo y ha atra\u00eddo el apoyo de importantes empresas y organizaciones como el Institut Gustave Roussy y la asociaci\u00f3n Cancer@Work en Francia, el Memorial Sloan Kettering Cancer Center en los EE. UU. y Macmillan Cancer Support en el REINO UNIDO.<\/p>\n<p>El compromiso est\u00e1 totalmente en l\u00ednea con la pol\u00edtica de recursos humanos de LVMH, respaldada por Chantal Gaemperle, vicepresidenta ejecutiva de Recursos Humanos y Sinergias del Grupo. Sit\u00faa el apoyo y la atenci\u00f3n a los empleados en el centro de sus acciones, por ejemplo con el LVMH Heart Fund o las acciones de su Oficina de Inclusi\u00f3n de la Discapacidad.<\/p><div id=\"luxon-2944655416\" class=\"luxon-3er-parrafo luxon-entity-placement\" style=\"margin-top: 20px;margin-bottom: 20px;margin-left: auto;margin-right: auto;text-align: center;\"><a href=\"https:\/\/luxonomy.university\/course\/master-turismo-de-lujo\" target=\"_blank\" aria-label=\"master-turismo-lujo-2026-2027\"><img loading=\"lazy\" decoding=\"async\" src=\"https:\/\/i0.wp.com\/luxonomy.net\/wp-content\/uploads\/2020\/07\/master-turismo-lujo-2026-2027.jpg?fit=1672%2C941&#038;ssl=1\" alt=\"\"  srcset=\"https:\/\/i0.wp.com\/luxonomy.net\/wp-content\/uploads\/2020\/07\/master-turismo-lujo-2026-2027.jpg?w=1672&ssl=1 1672w, https:\/\/i0.wp.com\/luxonomy.net\/wp-content\/uploads\/2020\/07\/master-turismo-lujo-2026-2027.jpg?resize=300%2C169&ssl=1 300w, https:\/\/i0.wp.com\/luxonomy.net\/wp-content\/uploads\/2020\/07\/master-turismo-lujo-2026-2027.jpg?resize=1024%2C576&ssl=1 1024w, https:\/\/i0.wp.com\/luxonomy.net\/wp-content\/uploads\/2020\/07\/master-turismo-lujo-2026-2027.jpg?resize=768%2C432&ssl=1 768w, https:\/\/i0.wp.com\/luxonomy.net\/wp-content\/uploads\/2020\/07\/master-turismo-lujo-2026-2027.jpg?resize=1536%2C864&ssl=1 1536w, https:\/\/i0.wp.com\/luxonomy.net\/wp-content\/uploads\/2020\/07\/master-turismo-lujo-2026-2027.jpg?resize=370%2C208&ssl=1 370w, https:\/\/i0.wp.com\/luxonomy.net\/wp-content\/uploads\/2020\/07\/master-turismo-lujo-2026-2027.jpg?resize=800%2C450&ssl=1 800w, https:\/\/i0.wp.com\/luxonomy.net\/wp-content\/uploads\/2020\/07\/master-turismo-lujo-2026-2027.jpg?resize=20%2C11&ssl=1 20w, https:\/\/i0.wp.com\/luxonomy.net\/wp-content\/uploads\/2020\/07\/master-turismo-lujo-2026-2027.jpg?resize=740%2C416&ssl=1 740w, https:\/\/i0.wp.com\/luxonomy.net\/wp-content\/uploads\/2020\/07\/master-turismo-lujo-2026-2027.jpg?resize=1600%2C900&ssl=1 1600w, https:\/\/i0.wp.com\/luxonomy.net\/wp-content\/uploads\/2020\/07\/master-turismo-lujo-2026-2027.jpg?resize=1200%2C675&ssl=1 1200w, https:\/\/i0.wp.com\/luxonomy.net\/wp-content\/uploads\/2020\/07\/master-turismo-lujo-2026-2027.jpg?resize=85%2C48&ssl=1 85w\" sizes=\"(max-width: 1170px) 100vw, 1170px\" class=\"no-lazyload\" width=\"1672\" height=\"941\"   \/><\/a><\/div>\n<p>LVMH apoya a sus empleados cuando enfrentan desaf\u00edos relacionados con la salud en sus vidas personales y fomenta una cultura en la que todos se sienten escuchados, incluidos y libres para expresarse en un entorno seguro.<\/p>\n<p>\u201cNuestro apoyo a esta iniciativa fue inmediato, ya que hace eco de nuestros valores y nuestra pol\u00edtica de Recursos Humanos. Ayudar a nuestros empleados, especialmente en momentos en que son vulnerables a la enfermedad, y combatir el estigma asociado con ella es necesario y es parte de nuestro compromiso\u201d, comenta Chantal Gaemperle.<\/p>\n<p>El Grupo se ha comprometido a sensibilizar a todos los involucrados en la salud en el lugar de trabajo, a las partes interesadas de la Carta de Salud y Seguridad y a su comunidad de RSC, con el fin de fomentar el surgimiento de iniciativas locales relevantes en cada una de sus Maisons.<\/p>\n<h3>Acciones concretas:<\/h3>\n<ul>\n<li>Se comparti\u00f3 con los empleados de LVMH en todo el mundo un C\u00f3digo de Conducta que proh\u00edbe expl\u00edcitamente toda discriminaci\u00f3n relacionada con la salud en el lugar de trabajo. LVMH estableci\u00f3 un gobierno adecuado basado en un Comit\u00e9 de \u00c9tica y Desarrollo Sostenible como parte de su Junta Directiva para asegurar su aplicaci\u00f3n. El Grupo tambi\u00e9n form\u00f3 una red de funcionarios de \u00c9tica y Cumplimiento, desarroll\u00f3 un m\u00f3dulo de aprendizaje electr\u00f3nico y puso a disposici\u00f3n de todos un sistema de denuncia de irregularidades del Grupo.<\/li>\n<li>LVMH Disability Inclusion tiene como objetivo ayudar a las personas con discapacidades temporales o permanentes durante su enfermedad o despu\u00e9s, en caso de una discapacidad posterior, y comparte las mejores pr\u00e1cticas vigentes en todas nuestras Maisons.<\/li>\n<li>Todas las Maisons adoptaron una Carta de Salud y Seguridad en 2022, lo que demuestra su compromiso de desarrollar y mantener los m\u00e1s altos est\u00e1ndares en relaci\u00f3n con la salud, la seguridad y el bienestar en el trabajo.<\/li>\n<li>El Fondo del Coraz\u00f3n de LVMH lanzado a nivel mundial en junio de 2021 para brindar asistencia tangible a los empleados que enfrentan accidentes en sus vidas personales, sin importar su funci\u00f3n o en qu\u00e9 parte del mundo se encuentren. El fondo ofrece a sus empleados apoyo social y psicol\u00f3gico adecuado a su situaci\u00f3n a trav\u00e9s de sesiones de orientaci\u00f3n personalizadas con un psic\u00f3logo cl\u00ednico, as\u00ed como asistencia administrativa en caso de necesidad. Tambi\u00e9n se puede dar un apoyo econ\u00f3mico de hasta 5.000 \u20ac por persona y a\u00f1o a sus empleados que se enfrenten a una situaci\u00f3n personal extraordinaria y urgente de car\u00e1cter grave e inesperado. LVMH se ha comprometido con una campa\u00f1a de comunicaci\u00f3n espec\u00edfica para concienciar a todos sus empleados en los a\u00f1os 80 pa\u00edses donde opera el Grupo, inform\u00e1ndoles que el LVMH Heart Fund puede ayudar a sus empleados con c\u00e1ncer u otras enfermedades cr\u00f3nicas.<\/li>\n<\/ul>\n","protected":false},"excerpt":{"rendered":"<p>Con motivo del D\u00eda Mundial contra el C\u00e1ncer el 4 de febrero, LVMH anuncia su compromiso con la iniciativa \u201cTrabajando con el C\u00e1ncer\u201d, la primera coalici\u00f3n internacional de empresas para defender una cultura corporativa m\u00e1s abierta, solidaria e inclusiva para los empleados con c\u00e1ncer (lea sobre el compromiso aqu\u00ed). La iniciativa tiene como objetivo acabar&hellip;<\/p>\n","protected":false},"author":13,"featured_media":32376,"comment_status":"open","ping_status":"open","sticky":false,"template":"","format":"standard","meta":{"_jetpack_newsletter_access":"","_jetpack_dont_email_post_to_subs":false,"_jetpack_newsletter_tier_id":0,"_jetpack_memberships_contains_paywalled_content":false,"_jetpack_feature_clip_id":0,"_jetpack_memberships_contains_paid_content":false,"footnotes":"","jetpack_publicize_message":"","jetpack_publicize_feature_enabled":true,"jetpack_social_post_already_shared":true,"jetpack_social_options":{"image_generator_settings":{"template":"edge","default_image_id":0,"font":"","enabled":false},"version":2},"jetpack_post_was_ever_published":false},"categories":[2050],"tags":[185,585,1479],"thb-sponsors":[],"class_list":["post-32378","post","type-post","status-publish","format-standard","has-post-thumbnail","hentry","category-solidaridad","tag-cancer","tag-lvmh","tag-solidaridad"],"yoast_head":"<!-- This site is optimized with the Yoast SEO plugin v28.4 - https:\/\/yoast.com\/product\/yoast-seo-wordpress\/ -->\n<title>Grupo LVMH apoya \u201cTrabajando con C\u00e1ncer\u201d, una iniciativa de la Fundaci\u00f3n Publicis | LUXONOMY<\/title>\n<meta name=\"robots\" content=\"index, follow, max-snippet:-1, max-image-preview:large, max-video-preview:-1\" \/>\n<link rel=\"canonical\" href=\"https:\/\/luxonomy.net\/es\/grupo-lvmh-apoya-trabajando-con-cancer-una-iniciativa-de-la-fundacion-publicis\/\" \/>\n<meta property=\"og:locale\" content=\"es_ES\" \/>\n<meta property=\"og:type\" content=\"article\" \/>\n<meta property=\"og:title\" content=\"Grupo LVMH apoya \u201cTrabajando con C\u00e1ncer\u201d, una iniciativa de la Fundaci\u00f3n Publicis | LUXONOMY\" \/>\n<meta property=\"og:description\" content=\"Con motivo del D\u00eda Mundial contra el C\u00e1ncer el 4 de febrero, LVMH anuncia su compromiso con la iniciativa \u201cTrabajando con el C\u00e1ncer\u201d, la primera coalici\u00f3n internacional de empresas para defender una cultura corporativa m\u00e1s abierta, solidaria e inclusiva para los empleados con c\u00e1ncer (lea sobre el compromiso aqu\u00ed). La iniciativa tiene como objetivo acabar&hellip;\" \/>\n<meta property=\"og:url\" content=\"https:\/\/luxonomy.net\/es\/grupo-lvmh-apoya-trabajando-con-cancer-una-iniciativa-de-la-fundacion-publicis\/\" \/>\n<meta property=\"og:site_name\" content=\"LUXONOMY\" \/>\n<meta property=\"article:publisher\" content=\"https:\/\/www.facebook.com\/luxonomy\" \/>\n<meta property=\"article:published_time\" content=\"2023-02-03T16:52:43+00:00\" \/>\n<meta property=\"article:modified_time\" content=\"2023-02-04T17:03:15+00:00\" \/>\n<meta property=\"og:image\" content=\"https:\/\/i0.wp.com\/luxonomy.net\/wp-content\/uploads\/2023\/02\/Working-with-Cancer.png?fit=1964%2C1100&quality=80&ssl=1\" \/>\n\t<meta property=\"og:image:width\" content=\"1964\" \/>\n\t<meta property=\"og:image:height\" content=\"1100\" \/>\n\t<meta property=\"og:image:type\" content=\"image\/png\" \/>\n<meta name=\"author\" content=\"Dara Bernardo\" \/>\n<meta name=\"twitter:card\" content=\"summary_large_image\" \/>\n<meta name=\"twitter:label1\" content=\"Escrito por\" \/>\n\t<meta name=\"twitter:data1\" content=\"Dara Bernardo\" \/>\n\t<meta name=\"twitter:label2\" content=\"Tiempo de lectura\" \/>\n\t<meta name=\"twitter:data2\" content=\"3 minutos\" \/>\n<script type=\"application\/ld+json\" class=\"yoast-schema-graph\">{\"@context\":\"https:\\\/\\\/schema.org\",\"@graph\":[{\"@type\":\"Article\",\"@id\":\"https:\\\/\\\/luxonomy.net\\\/es\\\/grupo-lvmh-apoya-trabajando-con-cancer-una-iniciativa-de-la-fundacion-publicis\\\/#article\",\"isPartOf\":{\"@id\":\"https:\\\/\\\/luxonomy.net\\\/es\\\/grupo-lvmh-apoya-trabajando-con-cancer-una-iniciativa-de-la-fundacion-publicis\\\/\"},\"author\":{\"name\":\"Dara Bernardo\",\"@id\":\"https:\\\/\\\/luxonomy.net\\\/es\\\/#\\\/schema\\\/person\\\/e67bcb5ec87034adece86099e3e2fc35\"},\"headline\":\"Grupo LVMH apoya \u201cTrabajando con C\u00e1ncer\u201d, una iniciativa de la Fundaci\u00f3n Publicis\",\"datePublished\":\"2023-02-03T16:52:43+00:00\",\"dateModified\":\"2023-02-04T17:03:15+00:00\",\"mainEntityOfPage\":{\"@id\":\"https:\\\/\\\/luxonomy.net\\\/es\\\/grupo-lvmh-apoya-trabajando-con-cancer-una-iniciativa-de-la-fundacion-publicis\\\/\"},\"wordCount\":674,\"commentCount\":0,\"publisher\":{\"@id\":\"https:\\\/\\\/luxonomy.net\\\/es\\\/#organization\"},\"image\":{\"@id\":\"https:\\\/\\\/luxonomy.net\\\/es\\\/grupo-lvmh-apoya-trabajando-con-cancer-una-iniciativa-de-la-fundacion-publicis\\\/#primaryimage\"},\"thumbnailUrl\":\"https:\\\/\\\/i0.wp.com\\\/luxonomy.net\\\/wp-content\\\/uploads\\\/2023\\\/02\\\/Working-with-Cancer.png?fit=1964%2C1100&ssl=1\",\"keywords\":[\"c\u00e1ncer\",\"LVMH\",\"solidaridad\"],\"articleSection\":[\"Solidaridad\"],\"inLanguage\":\"es\",\"potentialAction\":[{\"@type\":\"CommentAction\",\"name\":\"Comment\",\"target\":[\"https:\\\/\\\/luxonomy.net\\\/es\\\/grupo-lvmh-apoya-trabajando-con-cancer-una-iniciativa-de-la-fundacion-publicis\\\/#respond\"]}]},{\"@type\":\"WebPage\",\"@id\":\"https:\\\/\\\/luxonomy.net\\\/es\\\/grupo-lvmh-apoya-trabajando-con-cancer-una-iniciativa-de-la-fundacion-publicis\\\/\",\"url\":\"https:\\\/\\\/luxonomy.net\\\/es\\\/grupo-lvmh-apoya-trabajando-con-cancer-una-iniciativa-de-la-fundacion-publicis\\\/\",\"name\":\"Grupo LVMH apoya \u201cTrabajando con C\u00e1ncer\u201d, una iniciativa de la Fundaci\u00f3n Publicis | LUXONOMY\",\"isPartOf\":{\"@id\":\"https:\\\/\\\/luxonomy.net\\\/es\\\/#website\"},\"primaryImageOfPage\":{\"@id\":\"https:\\\/\\\/luxonomy.net\\\/es\\\/grupo-lvmh-apoya-trabajando-con-cancer-una-iniciativa-de-la-fundacion-publicis\\\/#primaryimage\"},\"image\":{\"@id\":\"https:\\\/\\\/luxonomy.net\\\/es\\\/grupo-lvmh-apoya-trabajando-con-cancer-una-iniciativa-de-la-fundacion-publicis\\\/#primaryimage\"},\"thumbnailUrl\":\"https:\\\/\\\/i0.wp.com\\\/luxonomy.net\\\/wp-content\\\/uploads\\\/2023\\\/02\\\/Working-with-Cancer.png?fit=1964%2C1100&ssl=1\",\"datePublished\":\"2023-02-03T16:52:43+00:00\",\"dateModified\":\"2023-02-04T17:03:15+00:00\",\"breadcrumb\":{\"@id\":\"https:\\\/\\\/luxonomy.net\\\/es\\\/grupo-lvmh-apoya-trabajando-con-cancer-una-iniciativa-de-la-fundacion-publicis\\\/#breadcrumb\"},\"inLanguage\":\"es\",\"potentialAction\":[{\"@type\":\"ReadAction\",\"target\":[\"https:\\\/\\\/luxonomy.net\\\/es\\\/grupo-lvmh-apoya-trabajando-con-cancer-una-iniciativa-de-la-fundacion-publicis\\\/\"]}]},{\"@type\":\"ImageObject\",\"inLanguage\":\"es\",\"@id\":\"https:\\\/\\\/luxonomy.net\\\/es\\\/grupo-lvmh-apoya-trabajando-con-cancer-una-iniciativa-de-la-fundacion-publicis\\\/#primaryimage\",\"url\":\"https:\\\/\\\/i0.wp.com\\\/luxonomy.net\\\/wp-content\\\/uploads\\\/2023\\\/02\\\/Working-with-Cancer.png?fit=1964%2C1100&ssl=1\",\"contentUrl\":\"https:\\\/\\\/i0.wp.com\\\/luxonomy.net\\\/wp-content\\\/uploads\\\/2023\\\/02\\\/Working-with-Cancer.png?fit=1964%2C1100&ssl=1\",\"width\":1964,\"height\":1100},{\"@type\":\"BreadcrumbList\",\"@id\":\"https:\\\/\\\/luxonomy.net\\\/es\\\/grupo-lvmh-apoya-trabajando-con-cancer-una-iniciativa-de-la-fundacion-publicis\\\/#breadcrumb\",\"itemListElement\":[{\"@type\":\"ListItem\",\"position\":1,\"name\":\"Portada\",\"item\":\"https:\\\/\\\/luxonomy.net\\\/es\\\/\"},{\"@type\":\"ListItem\",\"position\":2,\"name\":\"Grupo LVMH apoya \u201cTrabajando con C\u00e1ncer\u201d, una iniciativa de la Fundaci\u00f3n Publicis\"}]},{\"@type\":\"WebSite\",\"@id\":\"https:\\\/\\\/luxonomy.net\\\/es\\\/#website\",\"url\":\"https:\\\/\\\/luxonomy.net\\\/es\\\/\",\"name\":\"LUXONOMY\",\"description\":\"The Economy of Fashion &amp; Luxury\",\"publisher\":{\"@id\":\"https:\\\/\\\/luxonomy.net\\\/es\\\/#organization\"},\"potentialAction\":[{\"@type\":\"SearchAction\",\"target\":{\"@type\":\"EntryPoint\",\"urlTemplate\":\"https:\\\/\\\/luxonomy.net\\\/es\\\/?s={search_term_string}\"},\"query-input\":{\"@type\":\"PropertyValueSpecification\",\"valueRequired\":true,\"valueName\":\"search_term_string\"}}],\"inLanguage\":\"es\"},{\"@type\":\"Organization\",\"@id\":\"https:\\\/\\\/luxonomy.net\\\/es\\\/#organization\",\"name\":\"LUXONOMY\",\"url\":\"https:\\\/\\\/luxonomy.net\\\/es\\\/\",\"logo\":{\"@type\":\"ImageObject\",\"inLanguage\":\"es\",\"@id\":\"https:\\\/\\\/luxonomy.net\\\/es\\\/#\\\/schema\\\/logo\\\/image\\\/\",\"url\":\"https:\\\/\\\/i2.wp.com\\\/luxonomy.net\\\/wp-content\\\/uploads\\\/2021\\\/09\\\/MOCKUP-TODOS-LUXONOMY.jpg?fit=1000%2C515&ssl=1\",\"contentUrl\":\"https:\\\/\\\/i2.wp.com\\\/luxonomy.net\\\/wp-content\\\/uploads\\\/2021\\\/09\\\/MOCKUP-TODOS-LUXONOMY.jpg?fit=1000%2C515&ssl=1\",\"width\":1000,\"height\":515,\"caption\":\"LUXONOMY\"},\"image\":{\"@id\":\"https:\\\/\\\/luxonomy.net\\\/es\\\/#\\\/schema\\\/logo\\\/image\\\/\"},\"sameAs\":[\"https:\\\/\\\/www.facebook.com\\\/luxonomy\",\"https:\\\/\\\/www.instagram.com\\\/luxonomy\\\/\",\"https:\\\/\\\/www.linkedin.com\\\/company\\\/luxonomy\\\/\"]},{\"@type\":\"Person\",\"@id\":\"https:\\\/\\\/luxonomy.net\\\/es\\\/#\\\/schema\\\/person\\\/e67bcb5ec87034adece86099e3e2fc35\",\"name\":\"Dara Bernardo\",\"image\":{\"@type\":\"ImageObject\",\"inLanguage\":\"es\",\"@id\":\"https:\\\/\\\/luxonomy.net\\\/wp-content\\\/litespeed\\\/avatar\\\/6210219c821657e60e23828a44456840.jpg?ver=1788581693\",\"url\":\"https:\\\/\\\/luxonomy.net\\\/wp-content\\\/litespeed\\\/avatar\\\/6210219c821657e60e23828a44456840.jpg?ver=1788581693\",\"contentUrl\":\"https:\\\/\\\/luxonomy.net\\\/wp-content\\\/litespeed\\\/avatar\\\/6210219c821657e60e23828a44456840.jpg?ver=1788581693\",\"caption\":\"Dara Bernardo\"},\"description\":\"Managing Director at LUXONOMY\u2122 Group Middle East\",\"sameAs\":[\"mailto:dubai@investme.capital\"],\"url\":\"https:\\\/\\\/luxonomy.net\\\/es\\\/author\\\/dara-bernardo\\\/\"}]}<\/script>\n<!-- \/ Yoast SEO plugin. -->","yoast_head_json":{"title":"Grupo LVMH apoya \u201cTrabajando con C\u00e1ncer\u201d, una iniciativa de la Fundaci\u00f3n Publicis | LUXONOMY","robots":{"index":"index","follow":"follow","max-snippet":"max-snippet:-1","max-image-preview":"max-image-preview:large","max-video-preview":"max-video-preview:-1"},"canonical":"https:\/\/luxonomy.net\/es\/grupo-lvmh-apoya-trabajando-con-cancer-una-iniciativa-de-la-fundacion-publicis\/","og_locale":"es_ES","og_type":"article","og_title":"Grupo LVMH apoya \u201cTrabajando con C\u00e1ncer\u201d, una iniciativa de la Fundaci\u00f3n Publicis | LUXONOMY","og_description":"Con motivo del D\u00eda Mundial contra el C\u00e1ncer el 4 de febrero, LVMH anuncia su compromiso con la iniciativa \u201cTrabajando con el C\u00e1ncer\u201d, la primera coalici\u00f3n internacional de empresas para defender una cultura corporativa m\u00e1s abierta, solidaria e inclusiva para los empleados con c\u00e1ncer (lea sobre el compromiso aqu\u00ed). La iniciativa tiene como objetivo acabar&hellip;","og_url":"https:\/\/luxonomy.net\/es\/grupo-lvmh-apoya-trabajando-con-cancer-una-iniciativa-de-la-fundacion-publicis\/","og_site_name":"LUXONOMY","article_publisher":"https:\/\/www.facebook.com\/luxonomy","article_published_time":"2023-02-03T16:52:43+00:00","article_modified_time":"2023-02-04T17:03:15+00:00","og_image":[{"width":1964,"height":1100,"url":"https:\/\/i0.wp.com\/luxonomy.net\/wp-content\/uploads\/2023\/02\/Working-with-Cancer.png?fit=1964%2C1100&quality=80&ssl=1","type":"image\/png"}],"author":"Dara Bernardo","twitter_card":"summary_large_image","twitter_misc":{"Escrito por":"Dara Bernardo","Tiempo de lectura":"3 minutos"},"schema":{"@context":"https:\/\/schema.org","@graph":[{"@type":"Article","@id":"https:\/\/luxonomy.net\/es\/grupo-lvmh-apoya-trabajando-con-cancer-una-iniciativa-de-la-fundacion-publicis\/#article","isPartOf":{"@id":"https:\/\/luxonomy.net\/es\/grupo-lvmh-apoya-trabajando-con-cancer-una-iniciativa-de-la-fundacion-publicis\/"},"author":{"name":"Dara Bernardo","@id":"https:\/\/luxonomy.net\/es\/#\/schema\/person\/e67bcb5ec87034adece86099e3e2fc35"},"headline":"Grupo LVMH apoya \u201cTrabajando con C\u00e1ncer\u201d, una iniciativa de la Fundaci\u00f3n Publicis","datePublished":"2023-02-03T16:52:43+00:00","dateModified":"2023-02-04T17:03:15+00:00","mainEntityOfPage":{"@id":"https:\/\/luxonomy.net\/es\/grupo-lvmh-apoya-trabajando-con-cancer-una-iniciativa-de-la-fundacion-publicis\/"},"wordCount":674,"commentCount":0,"publisher":{"@id":"https:\/\/luxonomy.net\/es\/#organization"},"image":{"@id":"https:\/\/luxonomy.net\/es\/grupo-lvmh-apoya-trabajando-con-cancer-una-iniciativa-de-la-fundacion-publicis\/#primaryimage"},"thumbnailUrl":"https:\/\/i0.wp.com\/luxonomy.net\/wp-content\/uploads\/2023\/02\/Working-with-Cancer.png?fit=1964%2C1100&ssl=1","keywords":["c\u00e1ncer","LVMH","solidaridad"],"articleSection":["Solidaridad"],"inLanguage":"es","potentialAction":[{"@type":"CommentAction","name":"Comment","target":["https:\/\/luxonomy.net\/es\/grupo-lvmh-apoya-trabajando-con-cancer-una-iniciativa-de-la-fundacion-publicis\/#respond"]}]},{"@type":"WebPage","@id":"https:\/\/luxonomy.net\/es\/grupo-lvmh-apoya-trabajando-con-cancer-una-iniciativa-de-la-fundacion-publicis\/","url":"https:\/\/luxonomy.net\/es\/grupo-lvmh-apoya-trabajando-con-cancer-una-iniciativa-de-la-fundacion-publicis\/","name":"Grupo LVMH apoya \u201cTrabajando con C\u00e1ncer\u201d, una iniciativa de la Fundaci\u00f3n Publicis | LUXONOMY","isPartOf":{"@id":"https:\/\/luxonomy.net\/es\/#website"},"primaryImageOfPage":{"@id":"https:\/\/luxonomy.net\/es\/grupo-lvmh-apoya-trabajando-con-cancer-una-iniciativa-de-la-fundacion-publicis\/#primaryimage"},"image":{"@id":"https:\/\/luxonomy.net\/es\/grupo-lvmh-apoya-trabajando-con-cancer-una-iniciativa-de-la-fundacion-publicis\/#primaryimage"},"thumbnailUrl":"https:\/\/i0.wp.com\/luxonomy.net\/wp-content\/uploads\/2023\/02\/Working-with-Cancer.png?fit=1964%2C1100&ssl=1","datePublished":"2023-02-03T16:52:43+00:00","dateModified":"2023-02-04T17:03:15+00:00","breadcrumb":{"@id":"https:\/\/luxonomy.net\/es\/grupo-lvmh-apoya-trabajando-con-cancer-una-iniciativa-de-la-fundacion-publicis\/#breadcrumb"},"inLanguage":"es","potentialAction":[{"@type":"ReadAction","target":["https:\/\/luxonomy.net\/es\/grupo-lvmh-apoya-trabajando-con-cancer-una-iniciativa-de-la-fundacion-publicis\/"]}]},{"@type":"ImageObject","inLanguage":"es","@id":"https:\/\/luxonomy.net\/es\/grupo-lvmh-apoya-trabajando-con-cancer-una-iniciativa-de-la-fundacion-publicis\/#primaryimage","url":"https:\/\/i0.wp.com\/luxonomy.net\/wp-content\/uploads\/2023\/02\/Working-with-Cancer.png?fit=1964%2C1100&ssl=1","contentUrl":"https:\/\/i0.wp.com\/luxonomy.net\/wp-content\/uploads\/2023\/02\/Working-with-Cancer.png?fit=1964%2C1100&ssl=1","width":1964,"height":1100},{"@type":"BreadcrumbList","@id":"https:\/\/luxonomy.net\/es\/grupo-lvmh-apoya-trabajando-con-cancer-una-iniciativa-de-la-fundacion-publicis\/#breadcrumb","itemListElement":[{"@type":"ListItem","position":1,"name":"Portada","item":"https:\/\/luxonomy.net\/es\/"},{"@type":"ListItem","position":2,"name":"Grupo LVMH apoya \u201cTrabajando con C\u00e1ncer\u201d, una iniciativa de la Fundaci\u00f3n Publicis"}]},{"@type":"WebSite","@id":"https:\/\/luxonomy.net\/es\/#website","url":"https:\/\/luxonomy.net\/es\/","name":"LUXONOMY","description":"The Economy of Fashion &amp; Luxury","publisher":{"@id":"https:\/\/luxonomy.net\/es\/#organization"},"potentialAction":[{"@type":"SearchAction","target":{"@type":"EntryPoint","urlTemplate":"https:\/\/luxonomy.net\/es\/?s={search_term_string}"},"query-input":{"@type":"PropertyValueSpecification","valueRequired":true,"valueName":"search_term_string"}}],"inLanguage":"es"},{"@type":"Organization","@id":"https:\/\/luxonomy.net\/es\/#organization","name":"LUXONOMY","url":"https:\/\/luxonomy.net\/es\/","logo":{"@type":"ImageObject","inLanguage":"es","@id":"https:\/\/luxonomy.net\/es\/#\/schema\/logo\/image\/","url":"https:\/\/i2.wp.com\/luxonomy.net\/wp-content\/uploads\/2021\/09\/MOCKUP-TODOS-LUXONOMY.jpg?fit=1000%2C515&ssl=1","contentUrl":"https:\/\/i2.wp.com\/luxonomy.net\/wp-content\/uploads\/2021\/09\/MOCKUP-TODOS-LUXONOMY.jpg?fit=1000%2C515&ssl=1","width":1000,"height":515,"caption":"LUXONOMY"},"image":{"@id":"https:\/\/luxonomy.net\/es\/#\/schema\/logo\/image\/"},"sameAs":["https:\/\/www.facebook.com\/luxonomy","https:\/\/www.instagram.com\/luxonomy\/","https:\/\/www.linkedin.com\/company\/luxonomy\/"]},{"@type":"Person","@id":"https:\/\/luxonomy.net\/es\/#\/schema\/person\/e67bcb5ec87034adece86099e3e2fc35","name":"Dara Bernardo","image":{"@type":"ImageObject","inLanguage":"es","@id":"https:\/\/luxonomy.net\/wp-content\/litespeed\/avatar\/6210219c821657e60e23828a44456840.jpg?ver=1788581693","url":"https:\/\/luxonomy.net\/wp-content\/litespeed\/avatar\/6210219c821657e60e23828a44456840.jpg?ver=1788581693","contentUrl":"https:\/\/luxonomy.net\/wp-content\/litespeed\/avatar\/6210219c821657e60e23828a44456840.jpg?ver=1788581693","caption":"Dara Bernardo"},"description":"Managing Director at LUXONOMY\u2122 Group Middle East","sameAs":["mailto:dubai@investme.capital"],"url":"https:\/\/luxonomy.net\/es\/author\/dara-bernardo\/"}]}},"jetpack_publicize_connections":[],"jetpack_shortlink":"https:\/\/wp.me\/paPhBa-8qe","jetpack_sharing_enabled":true,"jetpack_featured_media_url":"https:\/\/i0.wp.com\/luxonomy.net\/wp-content\/uploads\/2023\/02\/Working-with-Cancer.png?fit=1964%2C1100&ssl=1","_links":{"self":[{"href":"https:\/\/luxonomy.net\/es\/wp-json\/wp\/v2\/posts\/32378","targetHints":{"allow":["GET"]}}],"collection":[{"href":"https:\/\/luxonomy.net\/es\/wp-json\/wp\/v2\/posts"}],"about":[{"href":"https:\/\/luxonomy.net\/es\/wp-json\/wp\/v2\/types\/post"}],"author":[{"embeddable":true,"href":"https:\/\/luxonomy.net\/es\/wp-json\/wp\/v2\/users\/13"}],"replies":[{"embeddable":true,"href":"https:\/\/luxonomy.net\/es\/wp-json\/wp\/v2\/comments?post=32378"}],"version-history":[{"count":2,"href":"https:\/\/luxonomy.net\/es\/wp-json\/wp\/v2\/posts\/32378\/revisions"}],"predecessor-version":[{"id":32380,"href":"https:\/\/luxonomy.net\/es\/wp-json\/wp\/v2\/posts\/32378\/revisions\/32380"}],"wp:featuredmedia":[{"embeddable":true,"href":"https:\/\/luxonomy.net\/es\/wp-json\/wp\/v2\/media\/32376"}],"wp:attachment":[{"href":"https:\/\/luxonomy.net\/es\/wp-json\/wp\/v2\/media?parent=32378"}],"wp:term":[{"taxonomy":"category","embeddable":true,"href":"https:\/\/luxonomy.net\/es\/wp-json\/wp\/v2\/categories?post=32378"},{"taxonomy":"post_tag","embeddable":true,"href":"https:\/\/luxonomy.net\/es\/wp-json\/wp\/v2\/tags?post=32378"},{"taxonomy":"thb-sponsors","embeddable":true,"href":"https:\/\/luxonomy.net\/es\/wp-json\/wp\/v2\/thb-sponsors?post=32378"}],"curies":[{"name":"wp","href":"https:\/\/api.w.org\/{rel}","templated":true}]}}