{"id":32272,"date":"2023-02-02T16:29:41","date_gmt":"2023-02-02T15:29:41","guid":{"rendered":"https:\/?p=32272"},"modified":"2023-02-02T16:29:41","modified_gmt":"2023-02-02T15:29:41","slug":"la-proxima-edicion-de-arcomadrid-2023-contara-con-el-nuevo-lexus-rx-como-vehiculo-oficial","status":"publish","type":"post","link":"https:\/\/luxonomy.net\/es\/la-proxima-edicion-de-arcomadrid-2023-contara-con-el-nuevo-lexus-rx-como-vehiculo-oficial\/","title":{"rendered":"La pr\u00f3xima edici\u00f3n de ARCOmadrid 2023 contar\u00e1 con el nuevo Lexus RX como Veh\u00edculo Oficial"},"content":{"rendered":"<p>La reconocida Feria Internacional de Arte Contempor\u00e1neo de Espa\u00f1a, que se celebra desde 1982, constituye una de las principales plataformas del mercado del arte y se celebrar\u00e1 del 22 al 26 de febrero en IFEMA Madrid.<\/p>\n<p>La participaci\u00f3n de Lexus como partner oficial de ARCOmadrid 2023 por cuarto a\u00f1o consecutivo, es una nueva demostraci\u00f3n de la vinculaci\u00f3n de la marca con disciplinas m\u00e1s all\u00e1 de la automoci\u00f3n como son la cultura, el arte y el dise\u00f1o, con el fin de unir Lexus con las experiencias de las personas.<\/p>\n<h3>ESPACIO LEXUS EN ARCOMADRID2023<\/h3>\n<p>La participaci\u00f3n de Lexus en ARCOmadrid 2023, tambi\u00e9n contar\u00e1 en esta edici\u00f3n con un stand de la marca donde expondr\u00e1 diversas intervenciones art\u00edsticas sobre dos de los modelos m\u00e1s importantes de su gama, el Lexus UX y el Lexus NX, que permanecer\u00e1n expuestos al p\u00fablico durante toda la feria.<\/p><div id=\"luxon-2252851918\" class=\"luxon-3er-parrafo luxon-entity-placement\" style=\"margin-top: 20px;margin-bottom: 20px;margin-left: auto;margin-right: auto;text-align: center;\"><a href=\"https:\/\/luxonomy.university\/course\/master-turismo-de-lujo\" target=\"_blank\" aria-label=\"master-turismo-lujo-2026-2027\"><img loading=\"lazy\" decoding=\"async\" src=\"https:\/\/i0.wp.com\/luxonomy.net\/wp-content\/uploads\/2020\/07\/master-turismo-lujo-2026-2027.jpg?fit=1672%2C941&#038;ssl=1\" alt=\"\"  srcset=\"https:\/\/i0.wp.com\/luxonomy.net\/wp-content\/uploads\/2020\/07\/master-turismo-lujo-2026-2027.jpg?w=1672&ssl=1 1672w, https:\/\/i0.wp.com\/luxonomy.net\/wp-content\/uploads\/2020\/07\/master-turismo-lujo-2026-2027.jpg?resize=300%2C169&ssl=1 300w, https:\/\/i0.wp.com\/luxonomy.net\/wp-content\/uploads\/2020\/07\/master-turismo-lujo-2026-2027.jpg?resize=1024%2C576&ssl=1 1024w, https:\/\/i0.wp.com\/luxonomy.net\/wp-content\/uploads\/2020\/07\/master-turismo-lujo-2026-2027.jpg?resize=768%2C432&ssl=1 768w, https:\/\/i0.wp.com\/luxonomy.net\/wp-content\/uploads\/2020\/07\/master-turismo-lujo-2026-2027.jpg?resize=1536%2C864&ssl=1 1536w, https:\/\/i0.wp.com\/luxonomy.net\/wp-content\/uploads\/2020\/07\/master-turismo-lujo-2026-2027.jpg?resize=370%2C208&ssl=1 370w, https:\/\/i0.wp.com\/luxonomy.net\/wp-content\/uploads\/2020\/07\/master-turismo-lujo-2026-2027.jpg?resize=800%2C450&ssl=1 800w, https:\/\/i0.wp.com\/luxonomy.net\/wp-content\/uploads\/2020\/07\/master-turismo-lujo-2026-2027.jpg?resize=20%2C11&ssl=1 20w, https:\/\/i0.wp.com\/luxonomy.net\/wp-content\/uploads\/2020\/07\/master-turismo-lujo-2026-2027.jpg?resize=740%2C416&ssl=1 740w, https:\/\/i0.wp.com\/luxonomy.net\/wp-content\/uploads\/2020\/07\/master-turismo-lujo-2026-2027.jpg?resize=1600%2C900&ssl=1 1600w, https:\/\/i0.wp.com\/luxonomy.net\/wp-content\/uploads\/2020\/07\/master-turismo-lujo-2026-2027.jpg?resize=1200%2C675&ssl=1 1200w, https:\/\/i0.wp.com\/luxonomy.net\/wp-content\/uploads\/2020\/07\/master-turismo-lujo-2026-2027.jpg?resize=85%2C48&ssl=1 85w\" sizes=\"(max-width: 1170px) 100vw, 1170px\" class=\"no-lazyload\" width=\"1672\" height=\"941\"   \/><\/a><\/div>\n<p>Adem\u00e1s, Lexus participar\u00e1 por tercer a\u00f1o consecutivo como mecenas del Premio Lexus al Mejor Stand y Contenido Art\u00edstico, que se entregar\u00e1 en la galer\u00eda seleccionada durante la feria.<\/p>\n<p>Durante ARCOmadrid 2023, la marca realizar\u00e1 un gran despliegue de su flota de coches h\u00edbridos e h\u00edbridos enchufables, para desplazar a los invitados a la Feria. Todos los veh\u00edculos empleados cuentan con lo \u00faltimo en tecnolog\u00eda electrificada, lo que har\u00e1 que los trayectos a ARCOmadrid sean extremadamente placenteros.<\/p>\n","protected":false},"excerpt":{"rendered":"<p>La reconocida Feria Internacional de Arte Contempor\u00e1neo de Espa\u00f1a, que se celebra desde 1982, constituye una de las principales plataformas del mercado del arte y se celebrar\u00e1 del 22 al 26 de febrero en IFEMA Madrid. La participaci\u00f3n de Lexus como partner oficial de ARCOmadrid 2023 por cuarto a\u00f1o consecutivo, es una nueva demostraci\u00f3n de&hellip;<\/p>\n","protected":false},"author":1,"featured_media":32273,"comment_status":"open","ping_status":"open","sticky":false,"template":"","format":"standard","meta":{"_jetpack_newsletter_access":"","_jetpack_dont_email_post_to_subs":false,"_jetpack_newsletter_tier_id":0,"_jetpack_memberships_contains_paywalled_content":false,"_jetpack_feature_clip_id":0,"_jetpack_memberships_contains_paid_content":false,"footnotes":"","jetpack_publicize_message":"","jetpack_publicize_feature_enabled":true,"jetpack_social_post_already_shared":true,"jetpack_social_options":{"image_generator_settings":{"template":"edge","default_image_id":0,"font":"","enabled":false},"version":2},"jetpack_post_was_ever_published":false},"categories":[1297,296],"tags":[2075,1032,2076,1298,1299,295,222],"thb-sponsors":[1206],"class_list":["post-32272","post","type-post","status-publish","format-standard","has-post-thumbnail","hentry","category-arte-y-cultura-eventos","category-motor","tag-arco","tag-arcomadrid","tag-arcomadrid2023","tag-arte","tag-cultura","tag-lexus","tag-motor"],"yoast_head":"<!-- This site is optimized with the Yoast SEO plugin v28.4 - https:\/\/yoast.com\/product\/yoast-seo-wordpress\/ -->\n<title>La pr\u00f3xima edici\u00f3n de ARCOmadrid 2023 contar\u00e1 con el nuevo Lexus RX como Veh\u00edculo Oficial | LUXONOMY<\/title>\n<meta name=\"robots\" content=\"index, follow, max-snippet:-1, max-image-preview:large, max-video-preview:-1\" \/>\n<link rel=\"canonical\" href=\"https:\/\/luxonomy.net\/es\/la-proxima-edicion-de-arcomadrid-2023-contara-con-el-nuevo-lexus-rx-como-vehiculo-oficial\/\" \/>\n<meta property=\"og:locale\" content=\"es_ES\" \/>\n<meta property=\"og:type\" content=\"article\" \/>\n<meta property=\"og:title\" content=\"La pr\u00f3xima edici\u00f3n de ARCOmadrid 2023 contar\u00e1 con el nuevo Lexus RX como Veh\u00edculo Oficial | LUXONOMY\" \/>\n<meta property=\"og:description\" content=\"La reconocida Feria Internacional de Arte Contempor\u00e1neo de Espa\u00f1a, que se celebra desde 1982, constituye una de las principales plataformas del mercado del arte y se celebrar\u00e1 del 22 al 26 de febrero en IFEMA Madrid. La participaci\u00f3n de Lexus como partner oficial de ARCOmadrid 2023 por cuarto a\u00f1o consecutivo, es una nueva demostraci\u00f3n de&hellip;\" \/>\n<meta property=\"og:url\" content=\"https:\/\/luxonomy.net\/es\/la-proxima-edicion-de-arcomadrid-2023-contara-con-el-nuevo-lexus-rx-como-vehiculo-oficial\/\" \/>\n<meta property=\"og:site_name\" content=\"LUXONOMY\" \/>\n<meta property=\"article:publisher\" content=\"https:\/\/www.facebook.com\/luxonomy\" \/>\n<meta property=\"article:published_time\" content=\"2023-02-02T15:29:41+00:00\" \/>\n<meta property=\"og:image\" content=\"https:\/\/luxonomy.net\/wp-content\/uploads\/2023\/02\/Captura-de-pantalla-2023-02-02-a-las-16.25.32-1024x573.png\" \/>\n\t<meta property=\"og:image:width\" content=\"1024\" \/>\n\t<meta property=\"og:image:height\" content=\"573\" \/>\n\t<meta property=\"og:image:type\" content=\"image\/png\" \/>\n<meta name=\"author\" content=\"LUXONOMY\" \/>\n<meta name=\"twitter:card\" content=\"summary_large_image\" \/>\n<meta name=\"twitter:label1\" content=\"Escrito por\" \/>\n\t<meta name=\"twitter:data1\" content=\"LUXONOMY\" \/>\n\t<meta name=\"twitter:label2\" content=\"Tiempo de lectura\" \/>\n\t<meta name=\"twitter:data2\" content=\"1 minuto\" \/>\n<script type=\"application\/ld+json\" class=\"yoast-schema-graph\">{\"@context\":\"https:\\\/\\\/schema.org\",\"@graph\":[{\"@type\":\"Article\",\"@id\":\"https:\\\/\\\/luxonomy.net\\\/es\\\/la-proxima-edicion-de-arcomadrid-2023-contara-con-el-nuevo-lexus-rx-como-vehiculo-oficial\\\/#article\",\"isPartOf\":{\"@id\":\"https:\\\/\\\/luxonomy.net\\\/es\\\/la-proxima-edicion-de-arcomadrid-2023-contara-con-el-nuevo-lexus-rx-como-vehiculo-oficial\\\/\"},\"author\":{\"name\":\"LUXONOMY\",\"@id\":\"https:\\\/\\\/luxonomy.net\\\/es\\\/#\\\/schema\\\/person\\\/ca588d8b741a1fdd9065289c8d98ee8c\"},\"headline\":\"La pr\u00f3xima edici\u00f3n de ARCOmadrid 2023 contar\u00e1 con el nuevo Lexus RX como Veh\u00edculo Oficial\",\"datePublished\":\"2023-02-02T15:29:41+00:00\",\"mainEntityOfPage\":{\"@id\":\"https:\\\/\\\/luxonomy.net\\\/es\\\/la-proxima-edicion-de-arcomadrid-2023-contara-con-el-nuevo-lexus-rx-como-vehiculo-oficial\\\/\"},\"wordCount\":252,\"commentCount\":0,\"publisher\":{\"@id\":\"https:\\\/\\\/luxonomy.net\\\/es\\\/#organization\"},\"image\":{\"@id\":\"https:\\\/\\\/luxonomy.net\\\/es\\\/la-proxima-edicion-de-arcomadrid-2023-contara-con-el-nuevo-lexus-rx-como-vehiculo-oficial\\\/#primaryimage\"},\"thumbnailUrl\":\"https:\\\/\\\/i0.wp.com\\\/luxonomy.net\\\/wp-content\\\/uploads\\\/2023\\\/02\\\/Captura-de-pantalla-2023-02-02-a-las-16.25.32.png?fit=1742%2C974&ssl=1\",\"keywords\":[\"ARCO\",\"ARCOmadrid\",\"ARCOMADRID2023\",\"arte\",\"cultura\",\"Lexus\",\"motor\"],\"articleSection\":[\"Arte y Cultura\",\"Motor\"],\"inLanguage\":\"es\",\"potentialAction\":[{\"@type\":\"CommentAction\",\"name\":\"Comment\",\"target\":[\"https:\\\/\\\/luxonomy.net\\\/es\\\/la-proxima-edicion-de-arcomadrid-2023-contara-con-el-nuevo-lexus-rx-como-vehiculo-oficial\\\/#respond\"]}]},{\"@type\":\"WebPage\",\"@id\":\"https:\\\/\\\/luxonomy.net\\\/es\\\/la-proxima-edicion-de-arcomadrid-2023-contara-con-el-nuevo-lexus-rx-como-vehiculo-oficial\\\/\",\"url\":\"https:\\\/\\\/luxonomy.net\\\/es\\\/la-proxima-edicion-de-arcomadrid-2023-contara-con-el-nuevo-lexus-rx-como-vehiculo-oficial\\\/\",\"name\":\"La pr\u00f3xima edici\u00f3n de ARCOmadrid 2023 contar\u00e1 con el nuevo Lexus RX como Veh\u00edculo Oficial | LUXONOMY\",\"isPartOf\":{\"@id\":\"https:\\\/\\\/luxonomy.net\\\/es\\\/#website\"},\"primaryImageOfPage\":{\"@id\":\"https:\\\/\\\/luxonomy.net\\\/es\\\/la-proxima-edicion-de-arcomadrid-2023-contara-con-el-nuevo-lexus-rx-como-vehiculo-oficial\\\/#primaryimage\"},\"image\":{\"@id\":\"https:\\\/\\\/luxonomy.net\\\/es\\\/la-proxima-edicion-de-arcomadrid-2023-contara-con-el-nuevo-lexus-rx-como-vehiculo-oficial\\\/#primaryimage\"},\"thumbnailUrl\":\"https:\\\/\\\/i0.wp.com\\\/luxonomy.net\\\/wp-content\\\/uploads\\\/2023\\\/02\\\/Captura-de-pantalla-2023-02-02-a-las-16.25.32.png?fit=1742%2C974&ssl=1\",\"datePublished\":\"2023-02-02T15:29:41+00:00\",\"breadcrumb\":{\"@id\":\"https:\\\/\\\/luxonomy.net\\\/es\\\/la-proxima-edicion-de-arcomadrid-2023-contara-con-el-nuevo-lexus-rx-como-vehiculo-oficial\\\/#breadcrumb\"},\"inLanguage\":\"es\",\"potentialAction\":[{\"@type\":\"ReadAction\",\"target\":[\"https:\\\/\\\/luxonomy.net\\\/es\\\/la-proxima-edicion-de-arcomadrid-2023-contara-con-el-nuevo-lexus-rx-como-vehiculo-oficial\\\/\"]}]},{\"@type\":\"ImageObject\",\"inLanguage\":\"es\",\"@id\":\"https:\\\/\\\/luxonomy.net\\\/es\\\/la-proxima-edicion-de-arcomadrid-2023-contara-con-el-nuevo-lexus-rx-como-vehiculo-oficial\\\/#primaryimage\",\"url\":\"https:\\\/\\\/i0.wp.com\\\/luxonomy.net\\\/wp-content\\\/uploads\\\/2023\\\/02\\\/Captura-de-pantalla-2023-02-02-a-las-16.25.32.png?fit=1742%2C974&ssl=1\",\"contentUrl\":\"https:\\\/\\\/i0.wp.com\\\/luxonomy.net\\\/wp-content\\\/uploads\\\/2023\\\/02\\\/Captura-de-pantalla-2023-02-02-a-las-16.25.32.png?fit=1742%2C974&ssl=1\",\"width\":1742,\"height\":974},{\"@type\":\"BreadcrumbList\",\"@id\":\"https:\\\/\\\/luxonomy.net\\\/es\\\/la-proxima-edicion-de-arcomadrid-2023-contara-con-el-nuevo-lexus-rx-como-vehiculo-oficial\\\/#breadcrumb\",\"itemListElement\":[{\"@type\":\"ListItem\",\"position\":1,\"name\":\"Portada\",\"item\":\"https:\\\/\\\/luxonomy.net\\\/es\\\/\"},{\"@type\":\"ListItem\",\"position\":2,\"name\":\"La pr\u00f3xima edici\u00f3n de ARCOmadrid 2023 contar\u00e1 con el nuevo Lexus RX como Veh\u00edculo Oficial\"}]},{\"@type\":\"WebSite\",\"@id\":\"https:\\\/\\\/luxonomy.net\\\/es\\\/#website\",\"url\":\"https:\\\/\\\/luxonomy.net\\\/es\\\/\",\"name\":\"LUXONOMY\",\"description\":\"The Economy of Fashion &amp; Luxury\",\"publisher\":{\"@id\":\"https:\\\/\\\/luxonomy.net\\\/es\\\/#organization\"},\"potentialAction\":[{\"@type\":\"SearchAction\",\"target\":{\"@type\":\"EntryPoint\",\"urlTemplate\":\"https:\\\/\\\/luxonomy.net\\\/es\\\/?s={search_term_string}\"},\"query-input\":{\"@type\":\"PropertyValueSpecification\",\"valueRequired\":true,\"valueName\":\"search_term_string\"}}],\"inLanguage\":\"es\"},{\"@type\":\"Organization\",\"@id\":\"https:\\\/\\\/luxonomy.net\\\/es\\\/#organization\",\"name\":\"LUXONOMY\",\"url\":\"https:\\\/\\\/luxonomy.net\\\/es\\\/\",\"logo\":{\"@type\":\"ImageObject\",\"inLanguage\":\"es\",\"@id\":\"https:\\\/\\\/luxonomy.net\\\/es\\\/#\\\/schema\\\/logo\\\/image\\\/\",\"url\":\"https:\\\/\\\/i2.wp.com\\\/luxonomy.net\\\/wp-content\\\/uploads\\\/2021\\\/09\\\/MOCKUP-TODOS-LUXONOMY.jpg?fit=1000%2C515&ssl=1\",\"contentUrl\":\"https:\\\/\\\/i2.wp.com\\\/luxonomy.net\\\/wp-content\\\/uploads\\\/2021\\\/09\\\/MOCKUP-TODOS-LUXONOMY.jpg?fit=1000%2C515&ssl=1\",\"width\":1000,\"height\":515,\"caption\":\"LUXONOMY\"},\"image\":{\"@id\":\"https:\\\/\\\/luxonomy.net\\\/es\\\/#\\\/schema\\\/logo\\\/image\\\/\"},\"sameAs\":[\"https:\\\/\\\/www.facebook.com\\\/luxonomy\",\"https:\\\/\\\/www.instagram.com\\\/luxonomy\\\/\",\"https:\\\/\\\/www.linkedin.com\\\/company\\\/luxonomy\\\/\"]},{\"@type\":\"Person\",\"@id\":\"https:\\\/\\\/luxonomy.net\\\/es\\\/#\\\/schema\\\/person\\\/ca588d8b741a1fdd9065289c8d98ee8c\",\"name\":\"LUXONOMY\",\"image\":{\"@type\":\"ImageObject\",\"inLanguage\":\"es\",\"@id\":\"https:\\\/\\\/luxonomy.net\\\/wp-content\\\/litespeed\\\/avatar\\\/a6436cdb14fdaf9c21808e63d0da2055.jpg?ver=1788366758\",\"url\":\"https:\\\/\\\/luxonomy.net\\\/wp-content\\\/litespeed\\\/avatar\\\/a6436cdb14fdaf9c21808e63d0da2055.jpg?ver=1788366758\",\"contentUrl\":\"https:\\\/\\\/luxonomy.net\\\/wp-content\\\/litespeed\\\/avatar\\\/a6436cdb14fdaf9c21808e63d0da2055.jpg?ver=1788366758\",\"caption\":\"LUXONOMY\"},\"sameAs\":[\"https:\\\/\"],\"url\":\"https:\\\/\\\/luxonomy.net\\\/es\\\/author\\\/luxonomy\\\/\"}]}<\/script>\n<!-- \/ Yoast SEO plugin. -->","yoast_head_json":{"title":"La pr\u00f3xima edici\u00f3n de ARCOmadrid 2023 contar\u00e1 con el nuevo Lexus RX como Veh\u00edculo Oficial | LUXONOMY","robots":{"index":"index","follow":"follow","max-snippet":"max-snippet:-1","max-image-preview":"max-image-preview:large","max-video-preview":"max-video-preview:-1"},"canonical":"https:\/\/luxonomy.net\/es\/la-proxima-edicion-de-arcomadrid-2023-contara-con-el-nuevo-lexus-rx-como-vehiculo-oficial\/","og_locale":"es_ES","og_type":"article","og_title":"La pr\u00f3xima edici\u00f3n de ARCOmadrid 2023 contar\u00e1 con el nuevo Lexus RX como Veh\u00edculo Oficial | LUXONOMY","og_description":"La reconocida Feria Internacional de Arte Contempor\u00e1neo de Espa\u00f1a, que se celebra desde 1982, constituye una de las principales plataformas del mercado del arte y se celebrar\u00e1 del 22 al 26 de febrero en IFEMA Madrid. La participaci\u00f3n de Lexus como partner oficial de ARCOmadrid 2023 por cuarto a\u00f1o consecutivo, es una nueva demostraci\u00f3n de&hellip;","og_url":"https:\/\/luxonomy.net\/es\/la-proxima-edicion-de-arcomadrid-2023-contara-con-el-nuevo-lexus-rx-como-vehiculo-oficial\/","og_site_name":"LUXONOMY","article_publisher":"https:\/\/www.facebook.com\/luxonomy","article_published_time":"2023-02-02T15:29:41+00:00","og_image":[{"width":1024,"height":573,"url":"https:\/\/luxonomy.net\/wp-content\/uploads\/2023\/02\/Captura-de-pantalla-2023-02-02-a-las-16.25.32-1024x573.png","type":"image\/png"}],"author":"LUXONOMY","twitter_card":"summary_large_image","twitter_misc":{"Escrito por":"LUXONOMY","Tiempo de lectura":"1 minuto"},"schema":{"@context":"https:\/\/schema.org","@graph":[{"@type":"Article","@id":"https:\/\/luxonomy.net\/es\/la-proxima-edicion-de-arcomadrid-2023-contara-con-el-nuevo-lexus-rx-como-vehiculo-oficial\/#article","isPartOf":{"@id":"https:\/\/luxonomy.net\/es\/la-proxima-edicion-de-arcomadrid-2023-contara-con-el-nuevo-lexus-rx-como-vehiculo-oficial\/"},"author":{"name":"LUXONOMY","@id":"https:\/\/luxonomy.net\/es\/#\/schema\/person\/ca588d8b741a1fdd9065289c8d98ee8c"},"headline":"La pr\u00f3xima edici\u00f3n de ARCOmadrid 2023 contar\u00e1 con el nuevo Lexus RX como Veh\u00edculo Oficial","datePublished":"2023-02-02T15:29:41+00:00","mainEntityOfPage":{"@id":"https:\/\/luxonomy.net\/es\/la-proxima-edicion-de-arcomadrid-2023-contara-con-el-nuevo-lexus-rx-como-vehiculo-oficial\/"},"wordCount":252,"commentCount":0,"publisher":{"@id":"https:\/\/luxonomy.net\/es\/#organization"},"image":{"@id":"https:\/\/luxonomy.net\/es\/la-proxima-edicion-de-arcomadrid-2023-contara-con-el-nuevo-lexus-rx-como-vehiculo-oficial\/#primaryimage"},"thumbnailUrl":"https:\/\/i0.wp.com\/luxonomy.net\/wp-content\/uploads\/2023\/02\/Captura-de-pantalla-2023-02-02-a-las-16.25.32.png?fit=1742%2C974&ssl=1","keywords":["ARCO","ARCOmadrid","ARCOMADRID2023","arte","cultura","Lexus","motor"],"articleSection":["Arte y Cultura","Motor"],"inLanguage":"es","potentialAction":[{"@type":"CommentAction","name":"Comment","target":["https:\/\/luxonomy.net\/es\/la-proxima-edicion-de-arcomadrid-2023-contara-con-el-nuevo-lexus-rx-como-vehiculo-oficial\/#respond"]}]},{"@type":"WebPage","@id":"https:\/\/luxonomy.net\/es\/la-proxima-edicion-de-arcomadrid-2023-contara-con-el-nuevo-lexus-rx-como-vehiculo-oficial\/","url":"https:\/\/luxonomy.net\/es\/la-proxima-edicion-de-arcomadrid-2023-contara-con-el-nuevo-lexus-rx-como-vehiculo-oficial\/","name":"La pr\u00f3xima edici\u00f3n de ARCOmadrid 2023 contar\u00e1 con el nuevo Lexus RX como Veh\u00edculo Oficial | LUXONOMY","isPartOf":{"@id":"https:\/\/luxonomy.net\/es\/#website"},"primaryImageOfPage":{"@id":"https:\/\/luxonomy.net\/es\/la-proxima-edicion-de-arcomadrid-2023-contara-con-el-nuevo-lexus-rx-como-vehiculo-oficial\/#primaryimage"},"image":{"@id":"https:\/\/luxonomy.net\/es\/la-proxima-edicion-de-arcomadrid-2023-contara-con-el-nuevo-lexus-rx-como-vehiculo-oficial\/#primaryimage"},"thumbnailUrl":"https:\/\/i0.wp.com\/luxonomy.net\/wp-content\/uploads\/2023\/02\/Captura-de-pantalla-2023-02-02-a-las-16.25.32.png?fit=1742%2C974&ssl=1","datePublished":"2023-02-02T15:29:41+00:00","breadcrumb":{"@id":"https:\/\/luxonomy.net\/es\/la-proxima-edicion-de-arcomadrid-2023-contara-con-el-nuevo-lexus-rx-como-vehiculo-oficial\/#breadcrumb"},"inLanguage":"es","potentialAction":[{"@type":"ReadAction","target":["https:\/\/luxonomy.net\/es\/la-proxima-edicion-de-arcomadrid-2023-contara-con-el-nuevo-lexus-rx-como-vehiculo-oficial\/"]}]},{"@type":"ImageObject","inLanguage":"es","@id":"https:\/\/luxonomy.net\/es\/la-proxima-edicion-de-arcomadrid-2023-contara-con-el-nuevo-lexus-rx-como-vehiculo-oficial\/#primaryimage","url":"https:\/\/i0.wp.com\/luxonomy.net\/wp-content\/uploads\/2023\/02\/Captura-de-pantalla-2023-02-02-a-las-16.25.32.png?fit=1742%2C974&ssl=1","contentUrl":"https:\/\/i0.wp.com\/luxonomy.net\/wp-content\/uploads\/2023\/02\/Captura-de-pantalla-2023-02-02-a-las-16.25.32.png?fit=1742%2C974&ssl=1","width":1742,"height":974},{"@type":"BreadcrumbList","@id":"https:\/\/luxonomy.net\/es\/la-proxima-edicion-de-arcomadrid-2023-contara-con-el-nuevo-lexus-rx-como-vehiculo-oficial\/#breadcrumb","itemListElement":[{"@type":"ListItem","position":1,"name":"Portada","item":"https:\/\/luxonomy.net\/es\/"},{"@type":"ListItem","position":2,"name":"La pr\u00f3xima edici\u00f3n de ARCOmadrid 2023 contar\u00e1 con el nuevo Lexus RX como Veh\u00edculo Oficial"}]},{"@type":"WebSite","@id":"https:\/\/luxonomy.net\/es\/#website","url":"https:\/\/luxonomy.net\/es\/","name":"LUXONOMY","description":"The Economy of Fashion &amp; Luxury","publisher":{"@id":"https:\/\/luxonomy.net\/es\/#organization"},"potentialAction":[{"@type":"SearchAction","target":{"@type":"EntryPoint","urlTemplate":"https:\/\/luxonomy.net\/es\/?s={search_term_string}"},"query-input":{"@type":"PropertyValueSpecification","valueRequired":true,"valueName":"search_term_string"}}],"inLanguage":"es"},{"@type":"Organization","@id":"https:\/\/luxonomy.net\/es\/#organization","name":"LUXONOMY","url":"https:\/\/luxonomy.net\/es\/","logo":{"@type":"ImageObject","inLanguage":"es","@id":"https:\/\/luxonomy.net\/es\/#\/schema\/logo\/image\/","url":"https:\/\/i2.wp.com\/luxonomy.net\/wp-content\/uploads\/2021\/09\/MOCKUP-TODOS-LUXONOMY.jpg?fit=1000%2C515&ssl=1","contentUrl":"https:\/\/i2.wp.com\/luxonomy.net\/wp-content\/uploads\/2021\/09\/MOCKUP-TODOS-LUXONOMY.jpg?fit=1000%2C515&ssl=1","width":1000,"height":515,"caption":"LUXONOMY"},"image":{"@id":"https:\/\/luxonomy.net\/es\/#\/schema\/logo\/image\/"},"sameAs":["https:\/\/www.facebook.com\/luxonomy","https:\/\/www.instagram.com\/luxonomy\/","https:\/\/www.linkedin.com\/company\/luxonomy\/"]},{"@type":"Person","@id":"https:\/\/luxonomy.net\/es\/#\/schema\/person\/ca588d8b741a1fdd9065289c8d98ee8c","name":"LUXONOMY","image":{"@type":"ImageObject","inLanguage":"es","@id":"https:\/\/luxonomy.net\/wp-content\/litespeed\/avatar\/a6436cdb14fdaf9c21808e63d0da2055.jpg?ver=1788366758","url":"https:\/\/luxonomy.net\/wp-content\/litespeed\/avatar\/a6436cdb14fdaf9c21808e63d0da2055.jpg?ver=1788366758","contentUrl":"https:\/\/luxonomy.net\/wp-content\/litespeed\/avatar\/a6436cdb14fdaf9c21808e63d0da2055.jpg?ver=1788366758","caption":"LUXONOMY"},"sameAs":["https:\/"],"url":"https:\/\/luxonomy.net\/es\/author\/luxonomy\/"}]}},"jetpack_publicize_connections":[],"jetpack_shortlink":"https:\/\/wp.me\/paPhBa-8ow","jetpack_sharing_enabled":true,"jetpack_featured_media_url":"https:\/\/i0.wp.com\/luxonomy.net\/wp-content\/uploads\/2023\/02\/Captura-de-pantalla-2023-02-02-a-las-16.25.32.png?fit=1742%2C974&ssl=1","_links":{"self":[{"href":"https:\/\/luxonomy.net\/es\/wp-json\/wp\/v2\/posts\/32272","targetHints":{"allow":["GET"]}}],"collection":[{"href":"https:\/\/luxonomy.net\/es\/wp-json\/wp\/v2\/posts"}],"about":[{"href":"https:\/\/luxonomy.net\/es\/wp-json\/wp\/v2\/types\/post"}],"author":[{"embeddable":true,"href":"https:\/\/luxonomy.net\/es\/wp-json\/wp\/v2\/users\/1"}],"replies":[{"embeddable":true,"href":"https:\/\/luxonomy.net\/es\/wp-json\/wp\/v2\/comments?post=32272"}],"version-history":[{"count":1,"href":"https:\/\/luxonomy.net\/es\/wp-json\/wp\/v2\/posts\/32272\/revisions"}],"predecessor-version":[{"id":32275,"href":"https:\/\/luxonomy.net\/es\/wp-json\/wp\/v2\/posts\/32272\/revisions\/32275"}],"wp:featuredmedia":[{"embeddable":true,"href":"https:\/\/luxonomy.net\/es\/wp-json\/wp\/v2\/media\/32273"}],"wp:attachment":[{"href":"https:\/\/luxonomy.net\/es\/wp-json\/wp\/v2\/media?parent=32272"}],"wp:term":[{"taxonomy":"category","embeddable":true,"href":"https:\/\/luxonomy.net\/es\/wp-json\/wp\/v2\/categories?post=32272"},{"taxonomy":"post_tag","embeddable":true,"href":"https:\/\/luxonomy.net\/es\/wp-json\/wp\/v2\/tags?post=32272"},{"taxonomy":"thb-sponsors","embeddable":true,"href":"https:\/\/luxonomy.net\/es\/wp-json\/wp\/v2\/thb-sponsors?post=32272"}],"curies":[{"name":"wp","href":"https:\/\/api.w.org\/{rel}","templated":true}]}}