{"id":32212,"date":"2023-02-01T12:03:50","date_gmt":"2023-02-01T11:03:50","guid":{"rendered":"https:\/?p=32212"},"modified":"2023-02-01T12:17:54","modified_gmt":"2023-02-01T11:17:54","slug":"maha-ezzeddine-cofundadora-y-disenadora-de-myriapora-nos-deja-un-emocionante-testimonio-de-su-apoyo-a-esta-causa-benefica-como-mujer-y-empresaria","status":"publish","type":"post","link":"https:\/\/luxonomy.net\/es\/maha-ezzeddine-cofundadora-y-disenadora-de-myriapora-nos-deja-un-emocionante-testimonio-de-su-apoyo-a-esta-causa-benefica-como-mujer-y-empresaria\/","title":{"rendered":"MAHA EZZEDDINE, cofundadora y dise\u00f1adora de Myriapora, nos deja un emocionante testimonio de su apoyo a esta causa ben\u00e9fica como mujer y empresaria."},"content":{"rendered":"<p>El 8 de marzo celebraremos \u201cWOMEN LUXONOMY\u2122 Un homenaje a la Mujer\u201d a beneficio de la Asociaci\u00f3n c\u00e1ncer de p\u00e1ncreas. El C\u00e1ncer de P\u00e1ncreas es una enfermedad arrolladora que cada vez crece m\u00e1s y el a\u00f1o pasado ha provocado el fallecimiento de la fundadora de LUXONOMY\u2122, Mar\u00eda Jos\u00e9 Flores De Santis. En LUXONOMY\u2122 nos hemos propuesto luchar contra este c\u00e1ncer y apoyar a las personas afectadas por \u00e9l y la investigaci\u00f3n del mismo.<\/p>\n<p>100% online y con asistencia gratuita, con entrega de Certificado de Participaci\u00f3n, se establecer\u00e1n coloquios o mesas redondas con algunas de las directivas m\u00e1s importantes del sector de la moda y el lujo.<\/p>\n<p>Aproximadamente 62,210 personas (32,970 hombres y 29,240 mujeres) ser\u00e1n diagnosticadas con c\u00e1ncer de p\u00e1ncreas. Aproximadamente 49,830 personas (25,970 hombres y 23,860 mujeres) morir\u00e1n a causa de c\u00e1ncer de p\u00e1ncreas.<\/p><div id=\"luxon-2852412310\" class=\"luxon-3er-parrafo luxon-entity-placement\" style=\"margin-top: 20px;margin-bottom: 20px;margin-left: auto;margin-right: auto;text-align: center;\"><a href=\"https:\/\/luxonomy.university\/course\/master-turismo-de-lujo\" target=\"_blank\" aria-label=\"master-turismo-lujo-2026-2027\"><img loading=\"lazy\" decoding=\"async\" src=\"https:\/\/i0.wp.com\/luxonomy.net\/wp-content\/uploads\/2020\/07\/master-turismo-lujo-2026-2027.jpg?fit=1672%2C941&#038;ssl=1\" alt=\"\"  srcset=\"https:\/\/i0.wp.com\/luxonomy.net\/wp-content\/uploads\/2020\/07\/master-turismo-lujo-2026-2027.jpg?w=1672&ssl=1 1672w, https:\/\/i0.wp.com\/luxonomy.net\/wp-content\/uploads\/2020\/07\/master-turismo-lujo-2026-2027.jpg?resize=300%2C169&ssl=1 300w, https:\/\/i0.wp.com\/luxonomy.net\/wp-content\/uploads\/2020\/07\/master-turismo-lujo-2026-2027.jpg?resize=1024%2C576&ssl=1 1024w, https:\/\/i0.wp.com\/luxonomy.net\/wp-content\/uploads\/2020\/07\/master-turismo-lujo-2026-2027.jpg?resize=768%2C432&ssl=1 768w, https:\/\/i0.wp.com\/luxonomy.net\/wp-content\/uploads\/2020\/07\/master-turismo-lujo-2026-2027.jpg?resize=1536%2C864&ssl=1 1536w, https:\/\/i0.wp.com\/luxonomy.net\/wp-content\/uploads\/2020\/07\/master-turismo-lujo-2026-2027.jpg?resize=370%2C208&ssl=1 370w, https:\/\/i0.wp.com\/luxonomy.net\/wp-content\/uploads\/2020\/07\/master-turismo-lujo-2026-2027.jpg?resize=800%2C450&ssl=1 800w, https:\/\/i0.wp.com\/luxonomy.net\/wp-content\/uploads\/2020\/07\/master-turismo-lujo-2026-2027.jpg?resize=20%2C11&ssl=1 20w, https:\/\/i0.wp.com\/luxonomy.net\/wp-content\/uploads\/2020\/07\/master-turismo-lujo-2026-2027.jpg?resize=740%2C416&ssl=1 740w, https:\/\/i0.wp.com\/luxonomy.net\/wp-content\/uploads\/2020\/07\/master-turismo-lujo-2026-2027.jpg?resize=1600%2C900&ssl=1 1600w, https:\/\/i0.wp.com\/luxonomy.net\/wp-content\/uploads\/2020\/07\/master-turismo-lujo-2026-2027.jpg?resize=1200%2C675&ssl=1 1200w, https:\/\/i0.wp.com\/luxonomy.net\/wp-content\/uploads\/2020\/07\/master-turismo-lujo-2026-2027.jpg?resize=85%2C48&ssl=1 85w\" sizes=\"(max-width: 1170px) 100vw, 1170px\" class=\"no-lazyload\" width=\"1672\" height=\"941\"   \/><\/a><\/div>\n<p>MAHA EZZEDDINE, cofundadora y dise\u00f1adora de Myriapora, nos deja un emocionante testimonio de su apoyo a esta causa ben\u00e9fica como mujer y empresaria.<\/p>\n<p>\u00danete a WOMEN LUXONOMY\u2122 <a href=\"https:\/women\/\">https:\/women\/<\/a><\/p>\n","protected":false},"excerpt":{"rendered":"<p>El 8 de marzo celebraremos \u201cWOMEN LUXONOMY\u2122 Un homenaje a la Mujer\u201d a beneficio de la Asociaci\u00f3n c\u00e1ncer de p\u00e1ncreas. El C\u00e1ncer de P\u00e1ncreas es una enfermedad arrolladora que cada vez crece m\u00e1s y el a\u00f1o pasado ha provocado el fallecimiento de la fundadora de LUXONOMY\u2122, Mar\u00eda Jos\u00e9 Flores De Santis. En LUXONOMY\u2122 nos hemos&hellip;<\/p>\n","protected":false},"author":1,"featured_media":32211,"comment_status":"open","ping_status":"open","sticky":false,"template":"","format":"video","meta":{"_jetpack_newsletter_access":"","_jetpack_dont_email_post_to_subs":false,"_jetpack_newsletter_tier_id":0,"_jetpack_memberships_contains_paywalled_content":false,"_jetpack_feature_clip_id":0,"_jetpack_memberships_contains_paid_content":false,"footnotes":"","jetpack_publicize_message":"","jetpack_publicize_feature_enabled":true,"jetpack_social_post_already_shared":true,"jetpack_social_options":{"image_generator_settings":{"template":"edge","default_image_id":0,"font":"","enabled":false},"version":2},"jetpack_post_was_ever_published":false},"categories":[2050],"tags":[2070,1479,1451],"thb-sponsors":[],"class_list":["post-32212","post","type-post","status-publish","format-video","has-post-thumbnail","hentry","category-solidaridad","tag-maha-ezzedine-2","tag-solidaridad","tag-womenluxonomy","post_format-post-format-video"],"yoast_head":"<!-- This site is optimized with the Yoast SEO plugin v28.4 - https:\/\/yoast.com\/product\/yoast-seo-wordpress\/ -->\n<title>MAHA EZZEDDINE, cofundadora y dise\u00f1adora de Myriapora, nos deja un emocionante testimonio de su apoyo a esta causa ben\u00e9fica como mujer y empresaria. | LUXONOMY<\/title>\n<meta name=\"robots\" content=\"index, follow, max-snippet:-1, max-image-preview:large, max-video-preview:-1\" \/>\n<link rel=\"canonical\" href=\"https:\/\/luxonomy.net\/es\/maha-ezzeddine-cofundadora-y-disenadora-de-myriapora-nos-deja-un-emocionante-testimonio-de-su-apoyo-a-esta-causa-benefica-como-mujer-y-empresaria\/\" \/>\n<meta property=\"og:locale\" content=\"es_ES\" \/>\n<meta property=\"og:type\" content=\"article\" \/>\n<meta property=\"og:title\" content=\"MAHA EZZEDDINE, cofundadora y dise\u00f1adora de Myriapora, nos deja un emocionante testimonio de su apoyo a esta causa ben\u00e9fica como mujer y empresaria. | LUXONOMY\" \/>\n<meta property=\"og:description\" content=\"El 8 de marzo celebraremos \u201cWOMEN LUXONOMY\u2122 Un homenaje a la Mujer\u201d a beneficio de la Asociaci\u00f3n c\u00e1ncer de p\u00e1ncreas. El C\u00e1ncer de P\u00e1ncreas es una enfermedad arrolladora que cada vez crece m\u00e1s y el a\u00f1o pasado ha provocado el fallecimiento de la fundadora de LUXONOMY\u2122, Mar\u00eda Jos\u00e9 Flores De Santis. En LUXONOMY\u2122 nos hemos&hellip;\" \/>\n<meta property=\"og:url\" content=\"https:\/\/luxonomy.net\/es\/maha-ezzeddine-cofundadora-y-disenadora-de-myriapora-nos-deja-un-emocionante-testimonio-de-su-apoyo-a-esta-causa-benefica-como-mujer-y-empresaria\/\" \/>\n<meta property=\"og:site_name\" content=\"LUXONOMY\" \/>\n<meta property=\"article:publisher\" content=\"https:\/\/www.facebook.com\/luxonomy\" \/>\n<meta property=\"article:published_time\" content=\"2023-02-01T11:03:50+00:00\" \/>\n<meta property=\"article:modified_time\" content=\"2023-02-01T11:17:54+00:00\" \/>\n<meta property=\"og:image\" content=\"https:\/\/i0.wp.com\/luxonomy.net\/wp-content\/uploads\/2023\/02\/Captura-de-pantalla-2023-02-01-a-las-12.03.03.png?fit=1918%2C1078&quality=80&ssl=1\" \/>\n\t<meta property=\"og:image:width\" content=\"1918\" \/>\n\t<meta property=\"og:image:height\" content=\"1078\" \/>\n\t<meta property=\"og:image:type\" content=\"image\/png\" \/>\n<meta name=\"author\" content=\"LUXONOMY\" \/>\n<meta name=\"twitter:card\" content=\"summary_large_image\" \/>\n<meta name=\"twitter:label1\" content=\"Escrito por\" \/>\n\t<meta name=\"twitter:data1\" content=\"LUXONOMY\" \/>\n\t<meta name=\"twitter:label2\" content=\"Tiempo de lectura\" \/>\n\t<meta name=\"twitter:data2\" content=\"1 minuto\" \/>\n<script type=\"application\/ld+json\" class=\"yoast-schema-graph\">{\"@context\":\"https:\\\/\\\/schema.org\",\"@graph\":[{\"@type\":\"Article\",\"@id\":\"https:\\\/\\\/luxonomy.net\\\/es\\\/maha-ezzeddine-cofundadora-y-disenadora-de-myriapora-nos-deja-un-emocionante-testimonio-de-su-apoyo-a-esta-causa-benefica-como-mujer-y-empresaria\\\/#article\",\"isPartOf\":{\"@id\":\"https:\\\/\\\/luxonomy.net\\\/es\\\/maha-ezzeddine-cofundadora-y-disenadora-de-myriapora-nos-deja-un-emocionante-testimonio-de-su-apoyo-a-esta-causa-benefica-como-mujer-y-empresaria\\\/\"},\"author\":{\"name\":\"LUXONOMY\",\"@id\":\"https:\\\/\\\/luxonomy.net\\\/es\\\/#\\\/schema\\\/person\\\/c5b6009a752bcc03b6b0a35b41e0ce40\"},\"headline\":\"MAHA EZZEDDINE, cofundadora y dise\u00f1adora de Myriapora, nos deja un emocionante testimonio de su apoyo a esta causa ben\u00e9fica como mujer y empresaria.\",\"datePublished\":\"2023-02-01T11:03:50+00:00\",\"dateModified\":\"2023-02-01T11:17:54+00:00\",\"mainEntityOfPage\":{\"@id\":\"https:\\\/\\\/luxonomy.net\\\/es\\\/maha-ezzeddine-cofundadora-y-disenadora-de-myriapora-nos-deja-un-emocionante-testimonio-de-su-apoyo-a-esta-causa-benefica-como-mujer-y-empresaria\\\/\"},\"wordCount\":202,\"commentCount\":0,\"publisher\":{\"@id\":\"https:\\\/\\\/luxonomy.net\\\/es\\\/#organization\"},\"image\":{\"@id\":\"https:\\\/\\\/luxonomy.net\\\/es\\\/maha-ezzeddine-cofundadora-y-disenadora-de-myriapora-nos-deja-un-emocionante-testimonio-de-su-apoyo-a-esta-causa-benefica-como-mujer-y-empresaria\\\/#primaryimage\"},\"thumbnailUrl\":\"https:\\\/\\\/i0.wp.com\\\/luxonomy.net\\\/wp-content\\\/uploads\\\/2023\\\/02\\\/Captura-de-pantalla-2023-02-01-a-las-12.03.03.png?fit=1918%2C1078&ssl=1\",\"keywords\":[\"Maha Ezzedine\",\"solidaridad\",\"women@Luxonomy\"],\"articleSection\":[\"Solidaridad\"],\"inLanguage\":\"es\",\"potentialAction\":[{\"@type\":\"CommentAction\",\"name\":\"Comment\",\"target\":[\"https:\\\/\\\/luxonomy.net\\\/es\\\/maha-ezzeddine-cofundadora-y-disenadora-de-myriapora-nos-deja-un-emocionante-testimonio-de-su-apoyo-a-esta-causa-benefica-como-mujer-y-empresaria\\\/#respond\"]}]},{\"@type\":\"WebPage\",\"@id\":\"https:\\\/\\\/luxonomy.net\\\/es\\\/maha-ezzeddine-cofundadora-y-disenadora-de-myriapora-nos-deja-un-emocionante-testimonio-de-su-apoyo-a-esta-causa-benefica-como-mujer-y-empresaria\\\/\",\"url\":\"https:\\\/\\\/luxonomy.net\\\/es\\\/maha-ezzeddine-cofundadora-y-disenadora-de-myriapora-nos-deja-un-emocionante-testimonio-de-su-apoyo-a-esta-causa-benefica-como-mujer-y-empresaria\\\/\",\"name\":\"MAHA EZZEDDINE, cofundadora y dise\u00f1adora de Myriapora, nos deja un emocionante testimonio de su apoyo a esta causa ben\u00e9fica como mujer y empresaria. | LUXONOMY\",\"isPartOf\":{\"@id\":\"https:\\\/\\\/luxonomy.net\\\/es\\\/#website\"},\"primaryImageOfPage\":{\"@id\":\"https:\\\/\\\/luxonomy.net\\\/es\\\/maha-ezzeddine-cofundadora-y-disenadora-de-myriapora-nos-deja-un-emocionante-testimonio-de-su-apoyo-a-esta-causa-benefica-como-mujer-y-empresaria\\\/#primaryimage\"},\"image\":{\"@id\":\"https:\\\/\\\/luxonomy.net\\\/es\\\/maha-ezzeddine-cofundadora-y-disenadora-de-myriapora-nos-deja-un-emocionante-testimonio-de-su-apoyo-a-esta-causa-benefica-como-mujer-y-empresaria\\\/#primaryimage\"},\"thumbnailUrl\":\"https:\\\/\\\/i0.wp.com\\\/luxonomy.net\\\/wp-content\\\/uploads\\\/2023\\\/02\\\/Captura-de-pantalla-2023-02-01-a-las-12.03.03.png?fit=1918%2C1078&ssl=1\",\"datePublished\":\"2023-02-01T11:03:50+00:00\",\"dateModified\":\"2023-02-01T11:17:54+00:00\",\"breadcrumb\":{\"@id\":\"https:\\\/\\\/luxonomy.net\\\/es\\\/maha-ezzeddine-cofundadora-y-disenadora-de-myriapora-nos-deja-un-emocionante-testimonio-de-su-apoyo-a-esta-causa-benefica-como-mujer-y-empresaria\\\/#breadcrumb\"},\"inLanguage\":\"es\",\"potentialAction\":[{\"@type\":\"ReadAction\",\"target\":[\"https:\\\/\\\/luxonomy.net\\\/es\\\/maha-ezzeddine-cofundadora-y-disenadora-de-myriapora-nos-deja-un-emocionante-testimonio-de-su-apoyo-a-esta-causa-benefica-como-mujer-y-empresaria\\\/\"]}]},{\"@type\":\"ImageObject\",\"inLanguage\":\"es\",\"@id\":\"https:\\\/\\\/luxonomy.net\\\/es\\\/maha-ezzeddine-cofundadora-y-disenadora-de-myriapora-nos-deja-un-emocionante-testimonio-de-su-apoyo-a-esta-causa-benefica-como-mujer-y-empresaria\\\/#primaryimage\",\"url\":\"https:\\\/\\\/i0.wp.com\\\/luxonomy.net\\\/wp-content\\\/uploads\\\/2023\\\/02\\\/Captura-de-pantalla-2023-02-01-a-las-12.03.03.png?fit=1918%2C1078&ssl=1\",\"contentUrl\":\"https:\\\/\\\/i0.wp.com\\\/luxonomy.net\\\/wp-content\\\/uploads\\\/2023\\\/02\\\/Captura-de-pantalla-2023-02-01-a-las-12.03.03.png?fit=1918%2C1078&ssl=1\",\"width\":1918,\"height\":1078},{\"@type\":\"BreadcrumbList\",\"@id\":\"https:\\\/\\\/luxonomy.net\\\/es\\\/maha-ezzeddine-cofundadora-y-disenadora-de-myriapora-nos-deja-un-emocionante-testimonio-de-su-apoyo-a-esta-causa-benefica-como-mujer-y-empresaria\\\/#breadcrumb\",\"itemListElement\":[{\"@type\":\"ListItem\",\"position\":1,\"name\":\"Portada\",\"item\":\"https:\\\/\\\/luxonomy.net\\\/es\\\/\"},{\"@type\":\"ListItem\",\"position\":2,\"name\":\"MAHA EZZEDDINE, cofundadora y dise\u00f1adora de Myriapora, nos deja un emocionante testimonio de su apoyo a esta causa ben\u00e9fica como mujer y empresaria.\"}]},{\"@type\":\"WebSite\",\"@id\":\"https:\\\/\\\/luxonomy.net\\\/es\\\/#website\",\"url\":\"https:\\\/\\\/luxonomy.net\\\/es\\\/\",\"name\":\"LUXONOMY\",\"description\":\"The Economy of Fashion &amp; Luxury\",\"publisher\":{\"@id\":\"https:\\\/\\\/luxonomy.net\\\/es\\\/#organization\"},\"potentialAction\":[{\"@type\":\"SearchAction\",\"target\":{\"@type\":\"EntryPoint\",\"urlTemplate\":\"https:\\\/\\\/luxonomy.net\\\/es\\\/?s={search_term_string}\"},\"query-input\":{\"@type\":\"PropertyValueSpecification\",\"valueRequired\":true,\"valueName\":\"search_term_string\"}}],\"inLanguage\":\"es\"},{\"@type\":\"Organization\",\"@id\":\"https:\\\/\\\/luxonomy.net\\\/es\\\/#organization\",\"name\":\"LUXONOMY\",\"url\":\"https:\\\/\\\/luxonomy.net\\\/es\\\/\",\"logo\":{\"@type\":\"ImageObject\",\"inLanguage\":\"es\",\"@id\":\"https:\\\/\\\/luxonomy.net\\\/es\\\/#\\\/schema\\\/logo\\\/image\\\/\",\"url\":\"https:\\\/\\\/i2.wp.com\\\/luxonomy.net\\\/wp-content\\\/uploads\\\/2021\\\/09\\\/MOCKUP-TODOS-LUXONOMY.jpg?fit=1000%2C515&ssl=1\",\"contentUrl\":\"https:\\\/\\\/i2.wp.com\\\/luxonomy.net\\\/wp-content\\\/uploads\\\/2021\\\/09\\\/MOCKUP-TODOS-LUXONOMY.jpg?fit=1000%2C515&ssl=1\",\"width\":1000,\"height\":515,\"caption\":\"LUXONOMY\"},\"image\":{\"@id\":\"https:\\\/\\\/luxonomy.net\\\/es\\\/#\\\/schema\\\/logo\\\/image\\\/\"},\"sameAs\":[\"https:\\\/\\\/www.facebook.com\\\/luxonomy\",\"https:\\\/\\\/www.instagram.com\\\/luxonomy\\\/\",\"https:\\\/\\\/www.linkedin.com\\\/company\\\/luxonomy\\\/\"]},{\"@type\":\"Person\",\"@id\":\"https:\\\/\\\/luxonomy.net\\\/es\\\/#\\\/schema\\\/person\\\/c5b6009a752bcc03b6b0a35b41e0ce40\",\"name\":\"LUXONOMY\",\"image\":{\"@type\":\"ImageObject\",\"inLanguage\":\"es\",\"@id\":\"https:\\\/\\\/luxonomy.net\\\/wp-content\\\/litespeed\\\/avatar\\\/a6436cdb14fdaf9c21808e63d0da2055.jpg?ver=1788366758\",\"url\":\"https:\\\/\\\/luxonomy.net\\\/wp-content\\\/litespeed\\\/avatar\\\/a6436cdb14fdaf9c21808e63d0da2055.jpg?ver=1788366758\",\"contentUrl\":\"https:\\\/\\\/luxonomy.net\\\/wp-content\\\/litespeed\\\/avatar\\\/a6436cdb14fdaf9c21808e63d0da2055.jpg?ver=1788366758\",\"caption\":\"LUXONOMY\"},\"sameAs\":[\"https:\\\/\"],\"url\":\"https:\\\/\\\/luxonomy.net\\\/es\\\/author\\\/luxonomy\\\/\"}]}<\/script>\n<!-- \/ Yoast SEO plugin. -->","yoast_head_json":{"title":"MAHA EZZEDDINE, cofundadora y dise\u00f1adora de Myriapora, nos deja un emocionante testimonio de su apoyo a esta causa ben\u00e9fica como mujer y empresaria. | LUXONOMY","robots":{"index":"index","follow":"follow","max-snippet":"max-snippet:-1","max-image-preview":"max-image-preview:large","max-video-preview":"max-video-preview:-1"},"canonical":"https:\/\/luxonomy.net\/es\/maha-ezzeddine-cofundadora-y-disenadora-de-myriapora-nos-deja-un-emocionante-testimonio-de-su-apoyo-a-esta-causa-benefica-como-mujer-y-empresaria\/","og_locale":"es_ES","og_type":"article","og_title":"MAHA EZZEDDINE, cofundadora y dise\u00f1adora de Myriapora, nos deja un emocionante testimonio de su apoyo a esta causa ben\u00e9fica como mujer y empresaria. | LUXONOMY","og_description":"El 8 de marzo celebraremos \u201cWOMEN LUXONOMY\u2122 Un homenaje a la Mujer\u201d a beneficio de la Asociaci\u00f3n c\u00e1ncer de p\u00e1ncreas. El C\u00e1ncer de P\u00e1ncreas es una enfermedad arrolladora que cada vez crece m\u00e1s y el a\u00f1o pasado ha provocado el fallecimiento de la fundadora de LUXONOMY\u2122, Mar\u00eda Jos\u00e9 Flores De Santis. En LUXONOMY\u2122 nos hemos&hellip;","og_url":"https:\/\/luxonomy.net\/es\/maha-ezzeddine-cofundadora-y-disenadora-de-myriapora-nos-deja-un-emocionante-testimonio-de-su-apoyo-a-esta-causa-benefica-como-mujer-y-empresaria\/","og_site_name":"LUXONOMY","article_publisher":"https:\/\/www.facebook.com\/luxonomy","article_published_time":"2023-02-01T11:03:50+00:00","article_modified_time":"2023-02-01T11:17:54+00:00","og_image":[{"width":1918,"height":1078,"url":"https:\/\/i0.wp.com\/luxonomy.net\/wp-content\/uploads\/2023\/02\/Captura-de-pantalla-2023-02-01-a-las-12.03.03.png?fit=1918%2C1078&quality=80&ssl=1","type":"image\/png"}],"author":"LUXONOMY","twitter_card":"summary_large_image","twitter_misc":{"Escrito por":"LUXONOMY","Tiempo de lectura":"1 minuto"},"schema":{"@context":"https:\/\/schema.org","@graph":[{"@type":"Article","@id":"https:\/\/luxonomy.net\/es\/maha-ezzeddine-cofundadora-y-disenadora-de-myriapora-nos-deja-un-emocionante-testimonio-de-su-apoyo-a-esta-causa-benefica-como-mujer-y-empresaria\/#article","isPartOf":{"@id":"https:\/\/luxonomy.net\/es\/maha-ezzeddine-cofundadora-y-disenadora-de-myriapora-nos-deja-un-emocionante-testimonio-de-su-apoyo-a-esta-causa-benefica-como-mujer-y-empresaria\/"},"author":{"name":"LUXONOMY","@id":"https:\/\/luxonomy.net\/es\/#\/schema\/person\/c5b6009a752bcc03b6b0a35b41e0ce40"},"headline":"MAHA EZZEDDINE, cofundadora y dise\u00f1adora de Myriapora, nos deja un emocionante testimonio de su apoyo a esta causa ben\u00e9fica como mujer y empresaria.","datePublished":"2023-02-01T11:03:50+00:00","dateModified":"2023-02-01T11:17:54+00:00","mainEntityOfPage":{"@id":"https:\/\/luxonomy.net\/es\/maha-ezzeddine-cofundadora-y-disenadora-de-myriapora-nos-deja-un-emocionante-testimonio-de-su-apoyo-a-esta-causa-benefica-como-mujer-y-empresaria\/"},"wordCount":202,"commentCount":0,"publisher":{"@id":"https:\/\/luxonomy.net\/es\/#organization"},"image":{"@id":"https:\/\/luxonomy.net\/es\/maha-ezzeddine-cofundadora-y-disenadora-de-myriapora-nos-deja-un-emocionante-testimonio-de-su-apoyo-a-esta-causa-benefica-como-mujer-y-empresaria\/#primaryimage"},"thumbnailUrl":"https:\/\/i0.wp.com\/luxonomy.net\/wp-content\/uploads\/2023\/02\/Captura-de-pantalla-2023-02-01-a-las-12.03.03.png?fit=1918%2C1078&ssl=1","keywords":["Maha Ezzedine","solidaridad","women@Luxonomy"],"articleSection":["Solidaridad"],"inLanguage":"es","potentialAction":[{"@type":"CommentAction","name":"Comment","target":["https:\/\/luxonomy.net\/es\/maha-ezzeddine-cofundadora-y-disenadora-de-myriapora-nos-deja-un-emocionante-testimonio-de-su-apoyo-a-esta-causa-benefica-como-mujer-y-empresaria\/#respond"]}]},{"@type":"WebPage","@id":"https:\/\/luxonomy.net\/es\/maha-ezzeddine-cofundadora-y-disenadora-de-myriapora-nos-deja-un-emocionante-testimonio-de-su-apoyo-a-esta-causa-benefica-como-mujer-y-empresaria\/","url":"https:\/\/luxonomy.net\/es\/maha-ezzeddine-cofundadora-y-disenadora-de-myriapora-nos-deja-un-emocionante-testimonio-de-su-apoyo-a-esta-causa-benefica-como-mujer-y-empresaria\/","name":"MAHA EZZEDDINE, cofundadora y dise\u00f1adora de Myriapora, nos deja un emocionante testimonio de su apoyo a esta causa ben\u00e9fica como mujer y empresaria. | LUXONOMY","isPartOf":{"@id":"https:\/\/luxonomy.net\/es\/#website"},"primaryImageOfPage":{"@id":"https:\/\/luxonomy.net\/es\/maha-ezzeddine-cofundadora-y-disenadora-de-myriapora-nos-deja-un-emocionante-testimonio-de-su-apoyo-a-esta-causa-benefica-como-mujer-y-empresaria\/#primaryimage"},"image":{"@id":"https:\/\/luxonomy.net\/es\/maha-ezzeddine-cofundadora-y-disenadora-de-myriapora-nos-deja-un-emocionante-testimonio-de-su-apoyo-a-esta-causa-benefica-como-mujer-y-empresaria\/#primaryimage"},"thumbnailUrl":"https:\/\/i0.wp.com\/luxonomy.net\/wp-content\/uploads\/2023\/02\/Captura-de-pantalla-2023-02-01-a-las-12.03.03.png?fit=1918%2C1078&ssl=1","datePublished":"2023-02-01T11:03:50+00:00","dateModified":"2023-02-01T11:17:54+00:00","breadcrumb":{"@id":"https:\/\/luxonomy.net\/es\/maha-ezzeddine-cofundadora-y-disenadora-de-myriapora-nos-deja-un-emocionante-testimonio-de-su-apoyo-a-esta-causa-benefica-como-mujer-y-empresaria\/#breadcrumb"},"inLanguage":"es","potentialAction":[{"@type":"ReadAction","target":["https:\/\/luxonomy.net\/es\/maha-ezzeddine-cofundadora-y-disenadora-de-myriapora-nos-deja-un-emocionante-testimonio-de-su-apoyo-a-esta-causa-benefica-como-mujer-y-empresaria\/"]}]},{"@type":"ImageObject","inLanguage":"es","@id":"https:\/\/luxonomy.net\/es\/maha-ezzeddine-cofundadora-y-disenadora-de-myriapora-nos-deja-un-emocionante-testimonio-de-su-apoyo-a-esta-causa-benefica-como-mujer-y-empresaria\/#primaryimage","url":"https:\/\/i0.wp.com\/luxonomy.net\/wp-content\/uploads\/2023\/02\/Captura-de-pantalla-2023-02-01-a-las-12.03.03.png?fit=1918%2C1078&ssl=1","contentUrl":"https:\/\/i0.wp.com\/luxonomy.net\/wp-content\/uploads\/2023\/02\/Captura-de-pantalla-2023-02-01-a-las-12.03.03.png?fit=1918%2C1078&ssl=1","width":1918,"height":1078},{"@type":"BreadcrumbList","@id":"https:\/\/luxonomy.net\/es\/maha-ezzeddine-cofundadora-y-disenadora-de-myriapora-nos-deja-un-emocionante-testimonio-de-su-apoyo-a-esta-causa-benefica-como-mujer-y-empresaria\/#breadcrumb","itemListElement":[{"@type":"ListItem","position":1,"name":"Portada","item":"https:\/\/luxonomy.net\/es\/"},{"@type":"ListItem","position":2,"name":"MAHA EZZEDDINE, cofundadora y dise\u00f1adora de Myriapora, nos deja un emocionante testimonio de su apoyo a esta causa ben\u00e9fica como mujer y empresaria."}]},{"@type":"WebSite","@id":"https:\/\/luxonomy.net\/es\/#website","url":"https:\/\/luxonomy.net\/es\/","name":"LUXONOMY","description":"The Economy of Fashion &amp; Luxury","publisher":{"@id":"https:\/\/luxonomy.net\/es\/#organization"},"potentialAction":[{"@type":"SearchAction","target":{"@type":"EntryPoint","urlTemplate":"https:\/\/luxonomy.net\/es\/?s={search_term_string}"},"query-input":{"@type":"PropertyValueSpecification","valueRequired":true,"valueName":"search_term_string"}}],"inLanguage":"es"},{"@type":"Organization","@id":"https:\/\/luxonomy.net\/es\/#organization","name":"LUXONOMY","url":"https:\/\/luxonomy.net\/es\/","logo":{"@type":"ImageObject","inLanguage":"es","@id":"https:\/\/luxonomy.net\/es\/#\/schema\/logo\/image\/","url":"https:\/\/i2.wp.com\/luxonomy.net\/wp-content\/uploads\/2021\/09\/MOCKUP-TODOS-LUXONOMY.jpg?fit=1000%2C515&ssl=1","contentUrl":"https:\/\/i2.wp.com\/luxonomy.net\/wp-content\/uploads\/2021\/09\/MOCKUP-TODOS-LUXONOMY.jpg?fit=1000%2C515&ssl=1","width":1000,"height":515,"caption":"LUXONOMY"},"image":{"@id":"https:\/\/luxonomy.net\/es\/#\/schema\/logo\/image\/"},"sameAs":["https:\/\/www.facebook.com\/luxonomy","https:\/\/www.instagram.com\/luxonomy\/","https:\/\/www.linkedin.com\/company\/luxonomy\/"]},{"@type":"Person","@id":"https:\/\/luxonomy.net\/es\/#\/schema\/person\/c5b6009a752bcc03b6b0a35b41e0ce40","name":"LUXONOMY","image":{"@type":"ImageObject","inLanguage":"es","@id":"https:\/\/luxonomy.net\/wp-content\/litespeed\/avatar\/a6436cdb14fdaf9c21808e63d0da2055.jpg?ver=1788366758","url":"https:\/\/luxonomy.net\/wp-content\/litespeed\/avatar\/a6436cdb14fdaf9c21808e63d0da2055.jpg?ver=1788366758","contentUrl":"https:\/\/luxonomy.net\/wp-content\/litespeed\/avatar\/a6436cdb14fdaf9c21808e63d0da2055.jpg?ver=1788366758","caption":"LUXONOMY"},"sameAs":["https:\/"],"url":"https:\/\/luxonomy.net\/es\/author\/luxonomy\/"}]}},"jetpack_publicize_connections":[],"jetpack_shortlink":"https:\/\/wp.me\/paPhBa-8ny","jetpack_sharing_enabled":true,"jetpack_featured_media_url":"https:\/\/i0.wp.com\/luxonomy.net\/wp-content\/uploads\/2023\/02\/Captura-de-pantalla-2023-02-01-a-las-12.03.03.png?fit=1918%2C1078&ssl=1","_links":{"self":[{"href":"https:\/\/luxonomy.net\/es\/wp-json\/wp\/v2\/posts\/32212","targetHints":{"allow":["GET"]}}],"collection":[{"href":"https:\/\/luxonomy.net\/es\/wp-json\/wp\/v2\/posts"}],"about":[{"href":"https:\/\/luxonomy.net\/es\/wp-json\/wp\/v2\/types\/post"}],"author":[{"embeddable":true,"href":"https:\/\/luxonomy.net\/es\/wp-json\/wp\/v2\/users\/1"}],"replies":[{"embeddable":true,"href":"https:\/\/luxonomy.net\/es\/wp-json\/wp\/v2\/comments?post=32212"}],"version-history":[{"count":2,"href":"https:\/\/luxonomy.net\/es\/wp-json\/wp\/v2\/posts\/32212\/revisions"}],"predecessor-version":[{"id":32214,"href":"https:\/\/luxonomy.net\/es\/wp-json\/wp\/v2\/posts\/32212\/revisions\/32214"}],"wp:featuredmedia":[{"embeddable":true,"href":"https:\/\/luxonomy.net\/es\/wp-json\/wp\/v2\/media\/32211"}],"wp:attachment":[{"href":"https:\/\/luxonomy.net\/es\/wp-json\/wp\/v2\/media?parent=32212"}],"wp:term":[{"taxonomy":"category","embeddable":true,"href":"https:\/\/luxonomy.net\/es\/wp-json\/wp\/v2\/categories?post=32212"},{"taxonomy":"post_tag","embeddable":true,"href":"https:\/\/luxonomy.net\/es\/wp-json\/wp\/v2\/tags?post=32212"},{"taxonomy":"thb-sponsors","embeddable":true,"href":"https:\/\/luxonomy.net\/es\/wp-json\/wp\/v2\/thb-sponsors?post=32212"}],"curies":[{"name":"wp","href":"https:\/\/api.w.org\/{rel}","templated":true}]}}