{"id":31847,"date":"2023-01-22T15:18:54","date_gmt":"2023-01-22T14:18:54","guid":{"rendered":"https:\/?p=31847"},"modified":"2023-01-22T15:34:06","modified_gmt":"2023-01-22T14:34:06","slug":"semana-de-la-moda-hombre-otono-invierno-2023-24-resumenes-de-las-pasarelas-de-milan-a-paris","status":"publish","type":"post","link":"https:\/\/luxonomy.net\/es\/semana-de-la-moda-hombre-otono-invierno-2023-24-resumenes-de-las-pasarelas-de-milan-a-paris\/","title":{"rendered":"Semana de la Moda Hombre Oto\u00f1o\/Invierno 2023-24: res\u00famenes de las pasarelas de Mil\u00e1n a Par\u00eds"},"content":{"rendered":"<h3>Fendi<\/h3>\n<p>Dise\u00f1ada por Silvia Venturini Fendi, Directora Art\u00edstica de Accesorios y Moda Masculina, la colecci\u00f3n es una fusi\u00f3n perfecta de comodidad sofisticada, opulencia relajada y la elegancia de lo inesperado. El dise\u00f1ador envi\u00f3 un vestuario marcado por el clasicismo, con piezas trampantojo que juegan con la asimetr\u00eda y el volumen. Expresando una artesan\u00eda exquisita, la Maison celebra su materialidad distintiva con cachemir de doble cara, cueros de ingenier\u00eda y sedas jacquard. La paleta sobria ondula entre tonos de gris, avena, sombra tostada, moca, malva, lavanda, azul marino y negro. El motivo Fendi astuccio se reinventa como Fendi Shadow, un logotipo m\u00e1s grande que la vida tejido en bufandas de mohair. Para accesorios, el Peekaboo evoluciona con audaces herrajes de correa met\u00e1licos y un bolso Baguette completamente de cuero con un acabado de ante o cuero granulado.<\/p>\n<figure id=\"attachment_31833\" aria-describedby=\"caption-attachment-31833\" style=\"width: 1535px\" class=\"wp-caption alignright\"><img loading=\"lazy\" decoding=\"async\" class=\"size-full wp-image-31833 lazyload\" src=\"data:image\/gif;base64,R0lGODlhAQABAAAAACH5BAEKAAEALAAAAAABAAEAAAICTAEAOw==\" data-src=\"http:\/\/luxonomy.net\/wp-content\/uploads\/2023\/01\/55-a.jpg\" alt=\"\" width=\"1535\" height=\"2303\" data-sizes=\"auto\" data-srcset=\"https:\/\/i0.wp.com\/luxonomy.net\/wp-content\/uploads\/2023\/01\/55-a.jpg?w=1535&amp;ssl=1 1535w, https:\/\/i0.wp.com\/luxonomy.net\/wp-content\/uploads\/2023\/01\/55-a.jpg?resize=200%2C300&amp;ssl=1 200w, https:\/\/i0.wp.com\/luxonomy.net\/wp-content\/uploads\/2023\/01\/55-a.jpg?resize=683%2C1024&amp;ssl=1 683w, https:\/\/i0.wp.com\/luxonomy.net\/wp-content\/uploads\/2023\/01\/55-a.jpg?resize=768%2C1152&amp;ssl=1 768w, https:\/\/i0.wp.com\/luxonomy.net\/wp-content\/uploads\/2023\/01\/55-a.jpg?resize=1024%2C1536&amp;ssl=1 1024w, https:\/\/i0.wp.com\/luxonomy.net\/wp-content\/uploads\/2023\/01\/55-a.jpg?resize=1365%2C2048&amp;ssl=1 1365w, https:\/\/i0.wp.com\/luxonomy.net\/wp-content\/uploads\/2023\/01\/55-a.jpg?resize=370%2C555&amp;ssl=1 370w, https:\/\/i0.wp.com\/luxonomy.net\/wp-content\/uploads\/2023\/01\/55-a.jpg?resize=800%2C1200&amp;ssl=1 800w, https:\/\/i0.wp.com\/luxonomy.net\/wp-content\/uploads\/2023\/01\/55-a.jpg?resize=740%2C1110&amp;ssl=1 740w, https:\/\/i0.wp.com\/luxonomy.net\/wp-content\/uploads\/2023\/01\/55-a.jpg?resize=20%2C30&amp;ssl=1 20w, https:\/\/i0.wp.com\/luxonomy.net\/wp-content\/uploads\/2023\/01\/55-a.jpg?resize=600%2C900&amp;ssl=1 600w, https:\/\/i0.wp.com\/luxonomy.net\/wp-content\/uploads\/2023\/01\/55-a.jpg?resize=32%2C48&amp;ssl=1 32w\" sizes=\"auto, (max-width: 1170px) 100vw, 1170px\" \/><figcaption id=\"caption-attachment-31833\" class=\"wp-caption-text\">\u00a9 Givenchy<\/figcaption><\/figure>\n<div style=\"width: 720px;\" class=\"wp-video\"><video class=\"wp-video-shortcode\" id=\"video-31847-1\" width=\"720\" height=\"900\" preload=\"metadata\" controls=\"controls\"><source type=\"video\/mp4\" src=\"http:\/\/luxonomy.net\/wp-content\/uploads\/2023\/01\/ssstwitter.com_1674397487979.mp4?_=1\" \/><\/video><\/div>\n<h3>Givenchy<\/h3>\n<p>Para su colecci\u00f3n masculina Oto\u00f1o-Invierno 2023-24, la casa parisina present\u00f3 un vestuario cl\u00e1sico en evoluci\u00f3n. El director art\u00edstico Matthew M. Williams destaca un enfoque tradicional de la moda masculina adaptado a una cultura de vestir basada en ideas individuales de formalidad, facilidad y confianza. La colecci\u00f3n replantea la sastrer\u00eda, incluidos cuatro trajes negros creados en el taller de Alta Costura con costuras sin dobladillo que se deshacen. Un estudio de vol\u00famenes contin\u00faa con looks en capas creados con sudaderas recortadas o jerseys. Una deconstrucci\u00f3n de la ropa de trabajo se expresa en pantalones cargo transformados en faldas o faldas escocesas. Esta nueva masculinidad toma forma en una variedad de materiales (mezclilla, nailon recubierto de poliuretano, piel de oveja invertida, tweed) con una paleta de colores que va desde el ne\u00f3n hasta los pasteles.<\/p>\n<div style=\"width: 720px;\" class=\"wp-video\"><video class=\"wp-video-shortcode\" id=\"video-31847-2\" width=\"720\" height=\"720\" preload=\"metadata\" controls=\"controls\"><source type=\"video\/mp4\" src=\"http:\/\/luxonomy.net\/wp-content\/uploads\/2023\/01\/ssstwitter.com_1674397734740.mp4?_=2\" \/><\/video><\/div>\n<figure id=\"attachment_31835\" aria-describedby=\"caption-attachment-31835\" style=\"width: 1080px\" class=\"wp-caption alignright\"><img loading=\"lazy\" decoding=\"async\" class=\"size-full wp-image-31835 lazyload\" src=\"data:image\/gif;base64,R0lGODlhAQABAAAAACH5BAEKAAEALAAAAAABAAEAAAICTAEAOw==\" data-src=\"http:\/\/luxonomy.net\/wp-content\/uploads\/2023\/01\/giv_235dh_rtw_detail_56.jpg\" alt=\"\" width=\"1080\" height=\"1350\" data-sizes=\"auto\" data-srcset=\"https:\/\/i0.wp.com\/luxonomy.net\/wp-content\/uploads\/2023\/01\/giv_235dh_rtw_detail_56.jpg?w=1080&amp;ssl=1 1080w, https:\/\/i0.wp.com\/luxonomy.net\/wp-content\/uploads\/2023\/01\/giv_235dh_rtw_detail_56.jpg?resize=240%2C300&amp;ssl=1 240w, https:\/\/i0.wp.com\/luxonomy.net\/wp-content\/uploads\/2023\/01\/giv_235dh_rtw_detail_56.jpg?resize=819%2C1024&amp;ssl=1 819w, https:\/\/i0.wp.com\/luxonomy.net\/wp-content\/uploads\/2023\/01\/giv_235dh_rtw_detail_56.jpg?resize=768%2C960&amp;ssl=1 768w, https:\/\/i0.wp.com\/luxonomy.net\/wp-content\/uploads\/2023\/01\/giv_235dh_rtw_detail_56.jpg?resize=370%2C463&amp;ssl=1 370w, https:\/\/i0.wp.com\/luxonomy.net\/wp-content\/uploads\/2023\/01\/giv_235dh_rtw_detail_56.jpg?resize=800%2C1000&amp;ssl=1 800w, https:\/\/i0.wp.com\/luxonomy.net\/wp-content\/uploads\/2023\/01\/giv_235dh_rtw_detail_56.jpg?resize=740%2C925&amp;ssl=1 740w, https:\/\/i0.wp.com\/luxonomy.net\/wp-content\/uploads\/2023\/01\/giv_235dh_rtw_detail_56.jpg?resize=20%2C25&amp;ssl=1 20w, https:\/\/i0.wp.com\/luxonomy.net\/wp-content\/uploads\/2023\/01\/giv_235dh_rtw_detail_56.jpg?resize=600%2C750&amp;ssl=1 600w, https:\/\/i0.wp.com\/luxonomy.net\/wp-content\/uploads\/2023\/01\/giv_235dh_rtw_detail_56.jpg?resize=38%2C48&amp;ssl=1 38w\" sizes=\"auto, (max-width: 1080px) 100vw, 1080px\" \/><figcaption id=\"caption-attachment-31835\" class=\"wp-caption-text\">\u00a9 Givenchy<\/figcaption><\/figure>\n","protected":false},"excerpt":{"rendered":"<p>Fendi Dise\u00f1ada por Silvia Venturini Fendi, Directora Art\u00edstica de Accesorios y Moda Masculina, la colecci\u00f3n es una fusi\u00f3n perfecta de comodidad sofisticada, opulencia relajada y la elegancia de lo inesperado. El dise\u00f1ador envi\u00f3 un vestuario marcado por el clasicismo, con piezas trampantojo que juegan con la asimetr\u00eda y el volumen. Expresando una artesan\u00eda exquisita, la&hellip;<\/p>\n","protected":false},"author":11,"featured_media":31832,"comment_status":"open","ping_status":"open","sticky":false,"template":"","format":"standard","meta":{"_jetpack_newsletter_access":"","_jetpack_dont_email_post_to_subs":false,"_jetpack_newsletter_tier_id":0,"_jetpack_memberships_contains_paywalled_content":false,"_jetpack_feature_clip_id":0,"_jetpack_memberships_contains_paid_content":false,"footnotes":"","jetpack_publicize_message":"","jetpack_publicize_feature_enabled":true,"jetpack_social_post_already_shared":true,"jetpack_social_options":{"image_generator_settings":{"template":"edge","default_image_id":0,"font":"","enabled":false},"version":2},"jetpack_post_was_ever_published":false},"categories":[227,534],"tags":[759,798,586,2044],"thb-sponsors":[],"class_list":["post-31847","post","type-post","status-publish","format-standard","has-post-thumbnail","hentry","category-eventos","category-moda","tag-fendi","tag-givenchy","tag-moda","tag-semana-de-la-moda-hombre-otono-invierno-2023-24"],"yoast_head":"<!-- This site is optimized with the Yoast SEO plugin v28.4 - https:\/\/yoast.com\/product\/yoast-seo-wordpress\/ -->\n<title>Semana de la Moda Hombre Oto\u00f1o\/Invierno 2023-24: res\u00famenes de las pasarelas de Mil\u00e1n a Par\u00eds | LUXONOMY<\/title>\n<meta name=\"robots\" content=\"index, follow, max-snippet:-1, max-image-preview:large, max-video-preview:-1\" \/>\n<link rel=\"canonical\" href=\"https:\/\/luxonomy.net\/es\/semana-de-la-moda-hombre-otono-invierno-2023-24-resumenes-de-las-pasarelas-de-milan-a-paris\/\" \/>\n<meta property=\"og:locale\" content=\"es_ES\" \/>\n<meta property=\"og:type\" content=\"article\" \/>\n<meta property=\"og:title\" content=\"Semana de la Moda Hombre Oto\u00f1o\/Invierno 2023-24: res\u00famenes de las pasarelas de Mil\u00e1n a Par\u00eds | LUXONOMY\" \/>\n<meta property=\"og:description\" content=\"Fendi Dise\u00f1ada por Silvia Venturini Fendi, Directora Art\u00edstica de Accesorios y Moda Masculina, la colecci\u00f3n es una fusi\u00f3n perfecta de comodidad sofisticada, opulencia relajada y la elegancia de lo inesperado. El dise\u00f1ador envi\u00f3 un vestuario marcado por el clasicismo, con piezas trampantojo que juegan con la asimetr\u00eda y el volumen. Expresando una artesan\u00eda exquisita, la&hellip;\" \/>\n<meta property=\"og:url\" content=\"https:\/\/luxonomy.net\/es\/semana-de-la-moda-hombre-otono-invierno-2023-24-resumenes-de-las-pasarelas-de-milan-a-paris\/\" \/>\n<meta property=\"og:site_name\" content=\"LUXONOMY\" \/>\n<meta property=\"article:publisher\" content=\"https:\/\/www.facebook.com\/luxonomy\" \/>\n<meta property=\"article:published_time\" content=\"2023-01-22T14:18:54+00:00\" \/>\n<meta property=\"article:modified_time\" content=\"2023-01-22T14:34:06+00:00\" \/>\n<meta property=\"og:image\" content=\"https:\/\/luxonomy.net\/wp-content\/uploads\/2023\/01\/Mens-Fashion-Week-FallWinter-2023-24-runway-recaps-from-Milan-to-Paris-1024x563.png\" \/>\n\t<meta property=\"og:image:width\" content=\"1024\" \/>\n\t<meta property=\"og:image:height\" content=\"563\" \/>\n\t<meta property=\"og:image:type\" content=\"image\/png\" \/>\n<meta name=\"author\" content=\"Kristi Ellis\" \/>\n<meta name=\"twitter:card\" content=\"summary_large_image\" \/>\n<meta name=\"twitter:label1\" content=\"Escrito por\" \/>\n\t<meta name=\"twitter:data1\" content=\"Kristi Ellis\" \/>\n\t<meta name=\"twitter:label2\" content=\"Tiempo de lectura\" \/>\n\t<meta name=\"twitter:data2\" content=\"2 minutos\" \/>\n<script type=\"application\/ld+json\" class=\"yoast-schema-graph\">{\"@context\":\"https:\\\/\\\/schema.org\",\"@graph\":[{\"@type\":\"Article\",\"@id\":\"https:\\\/\\\/luxonomy.net\\\/es\\\/semana-de-la-moda-hombre-otono-invierno-2023-24-resumenes-de-las-pasarelas-de-milan-a-paris\\\/#article\",\"isPartOf\":{\"@id\":\"https:\\\/\\\/luxonomy.net\\\/es\\\/semana-de-la-moda-hombre-otono-invierno-2023-24-resumenes-de-las-pasarelas-de-milan-a-paris\\\/\"},\"author\":{\"name\":\"Kristi Ellis\",\"@id\":\"https:\\\/\\\/luxonomy.net\\\/es\\\/#\\\/schema\\\/person\\\/1a813e5ec518f582af236d6344aa6c01\"},\"headline\":\"Semana de la Moda Hombre Oto\u00f1o\\\/Invierno 2023-24: res\u00famenes de las pasarelas de Mil\u00e1n a Par\u00eds\",\"datePublished\":\"2023-01-22T14:18:54+00:00\",\"dateModified\":\"2023-01-22T14:34:06+00:00\",\"mainEntityOfPage\":{\"@id\":\"https:\\\/\\\/luxonomy.net\\\/es\\\/semana-de-la-moda-hombre-otono-invierno-2023-24-resumenes-de-las-pasarelas-de-milan-a-paris\\\/\"},\"wordCount\":353,\"commentCount\":0,\"publisher\":{\"@id\":\"https:\\\/\\\/luxonomy.net\\\/es\\\/#organization\"},\"image\":{\"@id\":\"https:\\\/\\\/luxonomy.net\\\/es\\\/semana-de-la-moda-hombre-otono-invierno-2023-24-resumenes-de-las-pasarelas-de-milan-a-paris\\\/#primaryimage\"},\"thumbnailUrl\":\"https:\\\/\\\/i0.wp.com\\\/luxonomy.net\\\/wp-content\\\/uploads\\\/2023\\\/01\\\/Mens-Fashion-Week-FallWinter-2023-24-runway-recaps-from-Milan-to-Paris.png?fit=2000%2C1100&ssl=1\",\"keywords\":[\"Fendi\",\"Givenchy\",\"Moda\",\"Semana de la Moda Hombre Oto\u00f1o\\\/Invierno 2023-24\"],\"articleSection\":[\"Eventos\",\"Moda\"],\"inLanguage\":\"es\",\"potentialAction\":[{\"@type\":\"CommentAction\",\"name\":\"Comment\",\"target\":[\"https:\\\/\\\/luxonomy.net\\\/es\\\/semana-de-la-moda-hombre-otono-invierno-2023-24-resumenes-de-las-pasarelas-de-milan-a-paris\\\/#respond\"]}]},{\"@type\":\"WebPage\",\"@id\":\"https:\\\/\\\/luxonomy.net\\\/es\\\/semana-de-la-moda-hombre-otono-invierno-2023-24-resumenes-de-las-pasarelas-de-milan-a-paris\\\/\",\"url\":\"https:\\\/\\\/luxonomy.net\\\/es\\\/semana-de-la-moda-hombre-otono-invierno-2023-24-resumenes-de-las-pasarelas-de-milan-a-paris\\\/\",\"name\":\"Semana de la Moda Hombre Oto\u00f1o\\\/Invierno 2023-24: res\u00famenes de las pasarelas de Mil\u00e1n a Par\u00eds | LUXONOMY\",\"isPartOf\":{\"@id\":\"https:\\\/\\\/luxonomy.net\\\/es\\\/#website\"},\"primaryImageOfPage\":{\"@id\":\"https:\\\/\\\/luxonomy.net\\\/es\\\/semana-de-la-moda-hombre-otono-invierno-2023-24-resumenes-de-las-pasarelas-de-milan-a-paris\\\/#primaryimage\"},\"image\":{\"@id\":\"https:\\\/\\\/luxonomy.net\\\/es\\\/semana-de-la-moda-hombre-otono-invierno-2023-24-resumenes-de-las-pasarelas-de-milan-a-paris\\\/#primaryimage\"},\"thumbnailUrl\":\"https:\\\/\\\/i0.wp.com\\\/luxonomy.net\\\/wp-content\\\/uploads\\\/2023\\\/01\\\/Mens-Fashion-Week-FallWinter-2023-24-runway-recaps-from-Milan-to-Paris.png?fit=2000%2C1100&ssl=1\",\"datePublished\":\"2023-01-22T14:18:54+00:00\",\"dateModified\":\"2023-01-22T14:34:06+00:00\",\"breadcrumb\":{\"@id\":\"https:\\\/\\\/luxonomy.net\\\/es\\\/semana-de-la-moda-hombre-otono-invierno-2023-24-resumenes-de-las-pasarelas-de-milan-a-paris\\\/#breadcrumb\"},\"inLanguage\":\"es\",\"potentialAction\":[{\"@type\":\"ReadAction\",\"target\":[\"https:\\\/\\\/luxonomy.net\\\/es\\\/semana-de-la-moda-hombre-otono-invierno-2023-24-resumenes-de-las-pasarelas-de-milan-a-paris\\\/\"]}]},{\"@type\":\"ImageObject\",\"inLanguage\":\"es\",\"@id\":\"https:\\\/\\\/luxonomy.net\\\/es\\\/semana-de-la-moda-hombre-otono-invierno-2023-24-resumenes-de-las-pasarelas-de-milan-a-paris\\\/#primaryimage\",\"url\":\"https:\\\/\\\/i0.wp.com\\\/luxonomy.net\\\/wp-content\\\/uploads\\\/2023\\\/01\\\/Mens-Fashion-Week-FallWinter-2023-24-runway-recaps-from-Milan-to-Paris.png?fit=2000%2C1100&ssl=1\",\"contentUrl\":\"https:\\\/\\\/i0.wp.com\\\/luxonomy.net\\\/wp-content\\\/uploads\\\/2023\\\/01\\\/Mens-Fashion-Week-FallWinter-2023-24-runway-recaps-from-Milan-to-Paris.png?fit=2000%2C1100&ssl=1\",\"width\":2000,\"height\":1100},{\"@type\":\"BreadcrumbList\",\"@id\":\"https:\\\/\\\/luxonomy.net\\\/es\\\/semana-de-la-moda-hombre-otono-invierno-2023-24-resumenes-de-las-pasarelas-de-milan-a-paris\\\/#breadcrumb\",\"itemListElement\":[{\"@type\":\"ListItem\",\"position\":1,\"name\":\"Portada\",\"item\":\"https:\\\/\\\/luxonomy.net\\\/es\\\/\"},{\"@type\":\"ListItem\",\"position\":2,\"name\":\"Semana de la Moda Hombre Oto\u00f1o\\\/Invierno 2023-24: res\u00famenes de las pasarelas de Mil\u00e1n a Par\u00eds\"}]},{\"@type\":\"WebSite\",\"@id\":\"https:\\\/\\\/luxonomy.net\\\/es\\\/#website\",\"url\":\"https:\\\/\\\/luxonomy.net\\\/es\\\/\",\"name\":\"LUXONOMY\",\"description\":\"The Economy of Fashion &amp; Luxury\",\"publisher\":{\"@id\":\"https:\\\/\\\/luxonomy.net\\\/es\\\/#organization\"},\"potentialAction\":[{\"@type\":\"SearchAction\",\"target\":{\"@type\":\"EntryPoint\",\"urlTemplate\":\"https:\\\/\\\/luxonomy.net\\\/es\\\/?s={search_term_string}\"},\"query-input\":{\"@type\":\"PropertyValueSpecification\",\"valueRequired\":true,\"valueName\":\"search_term_string\"}}],\"inLanguage\":\"es\"},{\"@type\":\"Organization\",\"@id\":\"https:\\\/\\\/luxonomy.net\\\/es\\\/#organization\",\"name\":\"LUXONOMY\",\"url\":\"https:\\\/\\\/luxonomy.net\\\/es\\\/\",\"logo\":{\"@type\":\"ImageObject\",\"inLanguage\":\"es\",\"@id\":\"https:\\\/\\\/luxonomy.net\\\/es\\\/#\\\/schema\\\/logo\\\/image\\\/\",\"url\":\"https:\\\/\\\/i2.wp.com\\\/luxonomy.net\\\/wp-content\\\/uploads\\\/2021\\\/09\\\/MOCKUP-TODOS-LUXONOMY.jpg?fit=1000%2C515&ssl=1\",\"contentUrl\":\"https:\\\/\\\/i2.wp.com\\\/luxonomy.net\\\/wp-content\\\/uploads\\\/2021\\\/09\\\/MOCKUP-TODOS-LUXONOMY.jpg?fit=1000%2C515&ssl=1\",\"width\":1000,\"height\":515,\"caption\":\"LUXONOMY\"},\"image\":{\"@id\":\"https:\\\/\\\/luxonomy.net\\\/es\\\/#\\\/schema\\\/logo\\\/image\\\/\"},\"sameAs\":[\"https:\\\/\\\/www.facebook.com\\\/luxonomy\",\"https:\\\/\\\/www.instagram.com\\\/luxonomy\\\/\",\"https:\\\/\\\/www.linkedin.com\\\/company\\\/luxonomy\\\/\"]},{\"@type\":\"Person\",\"@id\":\"https:\\\/\\\/luxonomy.net\\\/es\\\/#\\\/schema\\\/person\\\/1a813e5ec518f582af236d6344aa6c01\",\"name\":\"Kristi Ellis\",\"image\":{\"@type\":\"ImageObject\",\"inLanguage\":\"es\",\"@id\":\"https:\\\/\\\/luxonomy.net\\\/wp-content\\\/litespeed\\\/avatar\\\/ae0c58256b980352bba3c97a8f9abe32.jpg?ver=1788580188\",\"url\":\"https:\\\/\\\/luxonomy.net\\\/wp-content\\\/litespeed\\\/avatar\\\/ae0c58256b980352bba3c97a8f9abe32.jpg?ver=1788580188\",\"contentUrl\":\"https:\\\/\\\/luxonomy.net\\\/wp-content\\\/litespeed\\\/avatar\\\/ae0c58256b980352bba3c97a8f9abe32.jpg?ver=1788580188\",\"caption\":\"Kristi Ellis\"},\"url\":\"https:\\\/\\\/luxonomy.net\\\/es\\\/author\\\/kristi-ellis\\\/\"}]}<\/script>\n<!-- \/ Yoast SEO plugin. -->","yoast_head_json":{"title":"Semana de la Moda Hombre Oto\u00f1o\/Invierno 2023-24: res\u00famenes de las pasarelas de Mil\u00e1n a Par\u00eds | LUXONOMY","robots":{"index":"index","follow":"follow","max-snippet":"max-snippet:-1","max-image-preview":"max-image-preview:large","max-video-preview":"max-video-preview:-1"},"canonical":"https:\/\/luxonomy.net\/es\/semana-de-la-moda-hombre-otono-invierno-2023-24-resumenes-de-las-pasarelas-de-milan-a-paris\/","og_locale":"es_ES","og_type":"article","og_title":"Semana de la Moda Hombre Oto\u00f1o\/Invierno 2023-24: res\u00famenes de las pasarelas de Mil\u00e1n a Par\u00eds | LUXONOMY","og_description":"Fendi Dise\u00f1ada por Silvia Venturini Fendi, Directora Art\u00edstica de Accesorios y Moda Masculina, la colecci\u00f3n es una fusi\u00f3n perfecta de comodidad sofisticada, opulencia relajada y la elegancia de lo inesperado. El dise\u00f1ador envi\u00f3 un vestuario marcado por el clasicismo, con piezas trampantojo que juegan con la asimetr\u00eda y el volumen. Expresando una artesan\u00eda exquisita, la&hellip;","og_url":"https:\/\/luxonomy.net\/es\/semana-de-la-moda-hombre-otono-invierno-2023-24-resumenes-de-las-pasarelas-de-milan-a-paris\/","og_site_name":"LUXONOMY","article_publisher":"https:\/\/www.facebook.com\/luxonomy","article_published_time":"2023-01-22T14:18:54+00:00","article_modified_time":"2023-01-22T14:34:06+00:00","og_image":[{"width":1024,"height":563,"url":"https:\/\/luxonomy.net\/wp-content\/uploads\/2023\/01\/Mens-Fashion-Week-FallWinter-2023-24-runway-recaps-from-Milan-to-Paris-1024x563.png","type":"image\/png"}],"author":"Kristi Ellis","twitter_card":"summary_large_image","twitter_misc":{"Escrito por":"Kristi Ellis","Tiempo de lectura":"2 minutos"},"schema":{"@context":"https:\/\/schema.org","@graph":[{"@type":"Article","@id":"https:\/\/luxonomy.net\/es\/semana-de-la-moda-hombre-otono-invierno-2023-24-resumenes-de-las-pasarelas-de-milan-a-paris\/#article","isPartOf":{"@id":"https:\/\/luxonomy.net\/es\/semana-de-la-moda-hombre-otono-invierno-2023-24-resumenes-de-las-pasarelas-de-milan-a-paris\/"},"author":{"name":"Kristi Ellis","@id":"https:\/\/luxonomy.net\/es\/#\/schema\/person\/1a813e5ec518f582af236d6344aa6c01"},"headline":"Semana de la Moda Hombre Oto\u00f1o\/Invierno 2023-24: res\u00famenes de las pasarelas de Mil\u00e1n a Par\u00eds","datePublished":"2023-01-22T14:18:54+00:00","dateModified":"2023-01-22T14:34:06+00:00","mainEntityOfPage":{"@id":"https:\/\/luxonomy.net\/es\/semana-de-la-moda-hombre-otono-invierno-2023-24-resumenes-de-las-pasarelas-de-milan-a-paris\/"},"wordCount":353,"commentCount":0,"publisher":{"@id":"https:\/\/luxonomy.net\/es\/#organization"},"image":{"@id":"https:\/\/luxonomy.net\/es\/semana-de-la-moda-hombre-otono-invierno-2023-24-resumenes-de-las-pasarelas-de-milan-a-paris\/#primaryimage"},"thumbnailUrl":"https:\/\/i0.wp.com\/luxonomy.net\/wp-content\/uploads\/2023\/01\/Mens-Fashion-Week-FallWinter-2023-24-runway-recaps-from-Milan-to-Paris.png?fit=2000%2C1100&ssl=1","keywords":["Fendi","Givenchy","Moda","Semana de la Moda Hombre Oto\u00f1o\/Invierno 2023-24"],"articleSection":["Eventos","Moda"],"inLanguage":"es","potentialAction":[{"@type":"CommentAction","name":"Comment","target":["https:\/\/luxonomy.net\/es\/semana-de-la-moda-hombre-otono-invierno-2023-24-resumenes-de-las-pasarelas-de-milan-a-paris\/#respond"]}]},{"@type":"WebPage","@id":"https:\/\/luxonomy.net\/es\/semana-de-la-moda-hombre-otono-invierno-2023-24-resumenes-de-las-pasarelas-de-milan-a-paris\/","url":"https:\/\/luxonomy.net\/es\/semana-de-la-moda-hombre-otono-invierno-2023-24-resumenes-de-las-pasarelas-de-milan-a-paris\/","name":"Semana de la Moda Hombre Oto\u00f1o\/Invierno 2023-24: res\u00famenes de las pasarelas de Mil\u00e1n a Par\u00eds | LUXONOMY","isPartOf":{"@id":"https:\/\/luxonomy.net\/es\/#website"},"primaryImageOfPage":{"@id":"https:\/\/luxonomy.net\/es\/semana-de-la-moda-hombre-otono-invierno-2023-24-resumenes-de-las-pasarelas-de-milan-a-paris\/#primaryimage"},"image":{"@id":"https:\/\/luxonomy.net\/es\/semana-de-la-moda-hombre-otono-invierno-2023-24-resumenes-de-las-pasarelas-de-milan-a-paris\/#primaryimage"},"thumbnailUrl":"https:\/\/i0.wp.com\/luxonomy.net\/wp-content\/uploads\/2023\/01\/Mens-Fashion-Week-FallWinter-2023-24-runway-recaps-from-Milan-to-Paris.png?fit=2000%2C1100&ssl=1","datePublished":"2023-01-22T14:18:54+00:00","dateModified":"2023-01-22T14:34:06+00:00","breadcrumb":{"@id":"https:\/\/luxonomy.net\/es\/semana-de-la-moda-hombre-otono-invierno-2023-24-resumenes-de-las-pasarelas-de-milan-a-paris\/#breadcrumb"},"inLanguage":"es","potentialAction":[{"@type":"ReadAction","target":["https:\/\/luxonomy.net\/es\/semana-de-la-moda-hombre-otono-invierno-2023-24-resumenes-de-las-pasarelas-de-milan-a-paris\/"]}]},{"@type":"ImageObject","inLanguage":"es","@id":"https:\/\/luxonomy.net\/es\/semana-de-la-moda-hombre-otono-invierno-2023-24-resumenes-de-las-pasarelas-de-milan-a-paris\/#primaryimage","url":"https:\/\/i0.wp.com\/luxonomy.net\/wp-content\/uploads\/2023\/01\/Mens-Fashion-Week-FallWinter-2023-24-runway-recaps-from-Milan-to-Paris.png?fit=2000%2C1100&ssl=1","contentUrl":"https:\/\/i0.wp.com\/luxonomy.net\/wp-content\/uploads\/2023\/01\/Mens-Fashion-Week-FallWinter-2023-24-runway-recaps-from-Milan-to-Paris.png?fit=2000%2C1100&ssl=1","width":2000,"height":1100},{"@type":"BreadcrumbList","@id":"https:\/\/luxonomy.net\/es\/semana-de-la-moda-hombre-otono-invierno-2023-24-resumenes-de-las-pasarelas-de-milan-a-paris\/#breadcrumb","itemListElement":[{"@type":"ListItem","position":1,"name":"Portada","item":"https:\/\/luxonomy.net\/es\/"},{"@type":"ListItem","position":2,"name":"Semana de la Moda Hombre Oto\u00f1o\/Invierno 2023-24: res\u00famenes de las pasarelas de Mil\u00e1n a Par\u00eds"}]},{"@type":"WebSite","@id":"https:\/\/luxonomy.net\/es\/#website","url":"https:\/\/luxonomy.net\/es\/","name":"LUXONOMY","description":"The Economy of Fashion &amp; Luxury","publisher":{"@id":"https:\/\/luxonomy.net\/es\/#organization"},"potentialAction":[{"@type":"SearchAction","target":{"@type":"EntryPoint","urlTemplate":"https:\/\/luxonomy.net\/es\/?s={search_term_string}"},"query-input":{"@type":"PropertyValueSpecification","valueRequired":true,"valueName":"search_term_string"}}],"inLanguage":"es"},{"@type":"Organization","@id":"https:\/\/luxonomy.net\/es\/#organization","name":"LUXONOMY","url":"https:\/\/luxonomy.net\/es\/","logo":{"@type":"ImageObject","inLanguage":"es","@id":"https:\/\/luxonomy.net\/es\/#\/schema\/logo\/image\/","url":"https:\/\/i2.wp.com\/luxonomy.net\/wp-content\/uploads\/2021\/09\/MOCKUP-TODOS-LUXONOMY.jpg?fit=1000%2C515&ssl=1","contentUrl":"https:\/\/i2.wp.com\/luxonomy.net\/wp-content\/uploads\/2021\/09\/MOCKUP-TODOS-LUXONOMY.jpg?fit=1000%2C515&ssl=1","width":1000,"height":515,"caption":"LUXONOMY"},"image":{"@id":"https:\/\/luxonomy.net\/es\/#\/schema\/logo\/image\/"},"sameAs":["https:\/\/www.facebook.com\/luxonomy","https:\/\/www.instagram.com\/luxonomy\/","https:\/\/www.linkedin.com\/company\/luxonomy\/"]},{"@type":"Person","@id":"https:\/\/luxonomy.net\/es\/#\/schema\/person\/1a813e5ec518f582af236d6344aa6c01","name":"Kristi Ellis","image":{"@type":"ImageObject","inLanguage":"es","@id":"https:\/\/luxonomy.net\/wp-content\/litespeed\/avatar\/ae0c58256b980352bba3c97a8f9abe32.jpg?ver=1788580188","url":"https:\/\/luxonomy.net\/wp-content\/litespeed\/avatar\/ae0c58256b980352bba3c97a8f9abe32.jpg?ver=1788580188","contentUrl":"https:\/\/luxonomy.net\/wp-content\/litespeed\/avatar\/ae0c58256b980352bba3c97a8f9abe32.jpg?ver=1788580188","caption":"Kristi Ellis"},"url":"https:\/\/luxonomy.net\/es\/author\/kristi-ellis\/"}]}},"jetpack_publicize_connections":[],"jetpack_shortlink":"https:\/\/wp.me\/paPhBa-8hF","jetpack_sharing_enabled":true,"jetpack_featured_media_url":"https:\/\/i0.wp.com\/luxonomy.net\/wp-content\/uploads\/2023\/01\/Mens-Fashion-Week-FallWinter-2023-24-runway-recaps-from-Milan-to-Paris.png?fit=2000%2C1100&ssl=1","_links":{"self":[{"href":"https:\/\/luxonomy.net\/es\/wp-json\/wp\/v2\/posts\/31847","targetHints":{"allow":["GET"]}}],"collection":[{"href":"https:\/\/luxonomy.net\/es\/wp-json\/wp\/v2\/posts"}],"about":[{"href":"https:\/\/luxonomy.net\/es\/wp-json\/wp\/v2\/types\/post"}],"author":[{"embeddable":true,"href":"https:\/\/luxonomy.net\/es\/wp-json\/wp\/v2\/users\/11"}],"replies":[{"embeddable":true,"href":"https:\/\/luxonomy.net\/es\/wp-json\/wp\/v2\/comments?post=31847"}],"version-history":[{"count":2,"href":"https:\/\/luxonomy.net\/es\/wp-json\/wp\/v2\/posts\/31847\/revisions"}],"predecessor-version":[{"id":31849,"href":"https:\/\/luxonomy.net\/es\/wp-json\/wp\/v2\/posts\/31847\/revisions\/31849"}],"wp:featuredmedia":[{"embeddable":true,"href":"https:\/\/luxonomy.net\/es\/wp-json\/wp\/v2\/media\/31832"}],"wp:attachment":[{"href":"https:\/\/luxonomy.net\/es\/wp-json\/wp\/v2\/media?parent=31847"}],"wp:term":[{"taxonomy":"category","embeddable":true,"href":"https:\/\/luxonomy.net\/es\/wp-json\/wp\/v2\/categories?post=31847"},{"taxonomy":"post_tag","embeddable":true,"href":"https:\/\/luxonomy.net\/es\/wp-json\/wp\/v2\/tags?post=31847"},{"taxonomy":"thb-sponsors","embeddable":true,"href":"https:\/\/luxonomy.net\/es\/wp-json\/wp\/v2\/thb-sponsors?post=31847"}],"curies":[{"name":"wp","href":"https:\/\/api.w.org\/{rel}","templated":true}]}}