{"id":31662,"date":"2023-01-17T16:36:49","date_gmt":"2023-01-17T15:36:49","guid":{"rendered":"https:\/?p=31662"},"modified":"2023-01-17T16:36:49","modified_gmt":"2023-01-17T15:36:49","slug":"fendi-y-tiffany-co-de-la-mano-para-un-homenaje-excepcional-al-bolso-fendi-baguette","status":"publish","type":"post","link":"https:\/\/luxonomy.net\/es\/fendi-y-tiffany-co-de-la-mano-para-un-homenaje-excepcional-al-bolso-fendi-baguette\/","title":{"rendered":"Fendi y Tiffany &#038; Co. &#8216;de la mano&#8217; para un homenaje excepcional al bolso Fendi Baguette"},"content":{"rendered":"<p>Durante la Semana de la Moda de Nueva York en septiembre pasado, Fendi present\u00f3 un desfile especial para festejar el 25 aniversario de la bolsa Baguette . Creado en 1997 por Silvia Venturini Fendi, este ic\u00f3nico bolso se convirti\u00f3 en un fen\u00f3meno cultural y revolucion\u00f3 la industria de la moda. Ahora Fendi se ha asociado con la joyer\u00eda Tiffany &amp; Co. para crear una obra maestra de artesan\u00eda \u00fanica en su clase en plata esterlina.<\/p>\n<p>Esta creaci\u00f3n es excepcional en m\u00faltiples niveles. Para empezar, es parte de la ambiciosa iniciativa &#8216;mano a mano&#8217; de Fendi para homenajear a los artesanos locales cuyo arte experto transforma la baguette en un objeto de arte con todas las de la ley. Adem\u00e1s, esta colaboraci\u00f3n es la primera asociaci\u00f3n &#8216;mano a mano&#8217; fuera de Italia, ya que Fendi se une a una casa que cuenta con su propia rica tradici\u00f3n de artesan\u00eda sublime y comparte un compromiso con el exquisito savoir-faire.<\/p>\n<p><img loading=\"lazy\" decoding=\"async\" data-attachment-id=\"31665\" data-permalink=\"https:\/\/luxonomy.net\/es\/fendi-y-tiffany-co-de-la-mano-para-un-homenaje-excepcional-al-bolso-fendi-baguette\/11_fendi-baguette-25-years-show_tiffanyco-baguette-hand-in-hand_making-of-680x1020\/\" data-orig-file=\"https:\/\/i0.wp.com\/luxonomy.net\/wp-content\/uploads\/2023\/01\/11_fendi-baguette-25-years-show_tiffanyco-baguette-hand-in-hand_making-of-680x1020-1.jpg?fit=680%2C1020&amp;ssl=1\" data-orig-size=\"680,1020\" data-comments-opened=\"1\" data-image-title=\"11_fendi-baguette-25-years-show_tiffanyco-baguette-hand-in-hand_making-of-680&amp;#215;1020\" data-image-description=\"\" data-image-caption=\"\" data-large-file=\"https:\/\/i0.wp.com\/luxonomy.net\/wp-content\/uploads\/2023\/01\/11_fendi-baguette-25-years-show_tiffanyco-baguette-hand-in-hand_making-of-680x1020-1.jpg?fit=680%2C1020&amp;ssl=1\" class=\"aligncenter size-full wp-image-31665 lazyload\" src=\"data:image\/gif;base64,R0lGODlhAQABAAAAACH5BAEKAAEALAAAAAABAAEAAAICTAEAOw==\" data-src=\"http:\/\/luxonomy.net\/wp-content\/uploads\/2023\/01\/11_fendi-baguette-25-years-show_tiffanyco-baguette-hand-in-hand_making-of-680x1020-1.jpg\" alt=\"\" width=\"680\" height=\"1020\" data-sizes=\"auto\" data-srcset=\"https:\/\/i0.wp.com\/luxonomy.net\/wp-content\/uploads\/2023\/01\/11_fendi-baguette-25-years-show_tiffanyco-baguette-hand-in-hand_making-of-680x1020-1.jpg?w=680&amp;ssl=1 680w, https:\/\/i0.wp.com\/luxonomy.net\/wp-content\/uploads\/2023\/01\/11_fendi-baguette-25-years-show_tiffanyco-baguette-hand-in-hand_making-of-680x1020-1.jpg?resize=200%2C300&amp;ssl=1 200w, https:\/\/i0.wp.com\/luxonomy.net\/wp-content\/uploads\/2023\/01\/11_fendi-baguette-25-years-show_tiffanyco-baguette-hand-in-hand_making-of-680x1020-1.jpg?resize=370%2C555&amp;ssl=1 370w, https:\/\/i0.wp.com\/luxonomy.net\/wp-content\/uploads\/2023\/01\/11_fendi-baguette-25-years-show_tiffanyco-baguette-hand-in-hand_making-of-680x1020-1.jpg?resize=20%2C30&amp;ssl=1 20w, https:\/\/i0.wp.com\/luxonomy.net\/wp-content\/uploads\/2023\/01\/11_fendi-baguette-25-years-show_tiffanyco-baguette-hand-in-hand_making-of-680x1020-1.jpg?resize=600%2C900&amp;ssl=1 600w, https:\/\/i0.wp.com\/luxonomy.net\/wp-content\/uploads\/2023\/01\/11_fendi-baguette-25-years-show_tiffanyco-baguette-hand-in-hand_making-of-680x1020-1.jpg?resize=32%2C48&amp;ssl=1 32w\" sizes=\"auto, (max-width: 680px) 100vw, 680px\" \/><\/p>\n<p>Con un peso de 5,2 libras (2356 gramos), la pieza \u00fanica est\u00e1 grabada con un patr\u00f3n floral de lirios, la flor nacional de Italia, y rosas, la flor emblem\u00e1tica del estado de Nueva York. Fabricada con una t\u00e9cnica tradicional de orfebrer\u00eda llamada &#8220;persecuci\u00f3n&#8221;, la obra maestra de plata es un homenaje tanto al ic\u00f3nico bolso de Fendi como al legado de artesan\u00eda exquisita de Tiffany &amp; Co. Creado por expertos &#8216;Makers&#8217; en el taller del joyero estadounidense, el bolso tard\u00f3 unas 250 horas en fabricarse durante cuatro meses.<\/p><div id=\"luxon-2372384594\" class=\"luxon-3er-parrafo luxon-entity-placement\" style=\"margin-top: 20px;margin-bottom: 20px;margin-left: auto;margin-right: auto;text-align: center;\"><a href=\"https:\/\/luxonomy.university\/course\/master-turismo-de-lujo\" target=\"_blank\" aria-label=\"master-turismo-lujo-2026-2027\"><img loading=\"lazy\" decoding=\"async\" src=\"https:\/\/i0.wp.com\/luxonomy.net\/wp-content\/uploads\/2020\/07\/master-turismo-lujo-2026-2027.jpg?fit=1672%2C941&#038;ssl=1\" alt=\"\"  srcset=\"https:\/\/i0.wp.com\/luxonomy.net\/wp-content\/uploads\/2020\/07\/master-turismo-lujo-2026-2027.jpg?w=1672&ssl=1 1672w, https:\/\/i0.wp.com\/luxonomy.net\/wp-content\/uploads\/2020\/07\/master-turismo-lujo-2026-2027.jpg?resize=300%2C169&ssl=1 300w, https:\/\/i0.wp.com\/luxonomy.net\/wp-content\/uploads\/2020\/07\/master-turismo-lujo-2026-2027.jpg?resize=1024%2C576&ssl=1 1024w, https:\/\/i0.wp.com\/luxonomy.net\/wp-content\/uploads\/2020\/07\/master-turismo-lujo-2026-2027.jpg?resize=768%2C432&ssl=1 768w, https:\/\/i0.wp.com\/luxonomy.net\/wp-content\/uploads\/2020\/07\/master-turismo-lujo-2026-2027.jpg?resize=1536%2C864&ssl=1 1536w, https:\/\/i0.wp.com\/luxonomy.net\/wp-content\/uploads\/2020\/07\/master-turismo-lujo-2026-2027.jpg?resize=370%2C208&ssl=1 370w, https:\/\/i0.wp.com\/luxonomy.net\/wp-content\/uploads\/2020\/07\/master-turismo-lujo-2026-2027.jpg?resize=800%2C450&ssl=1 800w, https:\/\/i0.wp.com\/luxonomy.net\/wp-content\/uploads\/2020\/07\/master-turismo-lujo-2026-2027.jpg?resize=20%2C11&ssl=1 20w, https:\/\/i0.wp.com\/luxonomy.net\/wp-content\/uploads\/2020\/07\/master-turismo-lujo-2026-2027.jpg?resize=740%2C416&ssl=1 740w, https:\/\/i0.wp.com\/luxonomy.net\/wp-content\/uploads\/2020\/07\/master-turismo-lujo-2026-2027.jpg?resize=1600%2C900&ssl=1 1600w, https:\/\/i0.wp.com\/luxonomy.net\/wp-content\/uploads\/2020\/07\/master-turismo-lujo-2026-2027.jpg?resize=1200%2C675&ssl=1 1200w, https:\/\/i0.wp.com\/luxonomy.net\/wp-content\/uploads\/2020\/07\/master-turismo-lujo-2026-2027.jpg?resize=85%2C48&ssl=1 85w\" sizes=\"(max-width: 1170px) 100vw, 1170px\" class=\"no-lazyload\" width=\"1672\" height=\"941\"   \/><\/a><\/div>\n<p><img loading=\"lazy\" decoding=\"async\" data-attachment-id=\"31667\" data-permalink=\"https:\/\/luxonomy.net\/es\/fendi-y-tiffany-co-de-la-mano-para-un-homenaje-excepcional-al-bolso-fendi-baguette\/09_fendi-baguette-25-years-show_tiffanyco-baguette-hand-in-hand_making-of-680x1020\/\" data-orig-file=\"https:\/\/i0.wp.com\/luxonomy.net\/wp-content\/uploads\/2023\/01\/09_fendi-baguette-25-years-show_tiffanyco-baguette-hand-in-hand_making-of-680x1020-1.jpg?fit=680%2C1020&amp;ssl=1\" data-orig-size=\"680,1020\" data-comments-opened=\"1\" data-image-title=\"09_fendi-baguette-25-years-show_tiffanyco-baguette-hand-in-hand_making-of-680&amp;#215;1020\" data-image-description=\"\" data-image-caption=\"\" data-large-file=\"https:\/\/i0.wp.com\/luxonomy.net\/wp-content\/uploads\/2023\/01\/09_fendi-baguette-25-years-show_tiffanyco-baguette-hand-in-hand_making-of-680x1020-1.jpg?fit=680%2C1020&amp;ssl=1\" class=\"aligncenter size-full wp-image-31667 lazyload\" src=\"data:image\/gif;base64,R0lGODlhAQABAAAAACH5BAEKAAEALAAAAAABAAEAAAICTAEAOw==\" data-src=\"http:\/\/luxonomy.net\/wp-content\/uploads\/2023\/01\/09_fendi-baguette-25-years-show_tiffanyco-baguette-hand-in-hand_making-of-680x1020-1.jpg\" alt=\"\" width=\"680\" height=\"1020\" data-sizes=\"auto\" data-srcset=\"https:\/\/i0.wp.com\/luxonomy.net\/wp-content\/uploads\/2023\/01\/09_fendi-baguette-25-years-show_tiffanyco-baguette-hand-in-hand_making-of-680x1020-1.jpg?w=680&amp;ssl=1 680w, https:\/\/i0.wp.com\/luxonomy.net\/wp-content\/uploads\/2023\/01\/09_fendi-baguette-25-years-show_tiffanyco-baguette-hand-in-hand_making-of-680x1020-1.jpg?resize=200%2C300&amp;ssl=1 200w, https:\/\/i0.wp.com\/luxonomy.net\/wp-content\/uploads\/2023\/01\/09_fendi-baguette-25-years-show_tiffanyco-baguette-hand-in-hand_making-of-680x1020-1.jpg?resize=370%2C555&amp;ssl=1 370w, https:\/\/i0.wp.com\/luxonomy.net\/wp-content\/uploads\/2023\/01\/09_fendi-baguette-25-years-show_tiffanyco-baguette-hand-in-hand_making-of-680x1020-1.jpg?resize=20%2C30&amp;ssl=1 20w, https:\/\/i0.wp.com\/luxonomy.net\/wp-content\/uploads\/2023\/01\/09_fendi-baguette-25-years-show_tiffanyco-baguette-hand-in-hand_making-of-680x1020-1.jpg?resize=600%2C900&amp;ssl=1 600w, https:\/\/i0.wp.com\/luxonomy.net\/wp-content\/uploads\/2023\/01\/09_fendi-baguette-25-years-show_tiffanyco-baguette-hand-in-hand_making-of-680x1020-1.jpg?resize=32%2C48&amp;ssl=1 32w\" sizes=\"auto, (max-width: 680px) 100vw, 680px\" \/><\/p>\n<p>Esta creaci\u00f3n de joyer\u00eda \u00fanica se une a una colecci\u00f3n c\u00e1psula dedicada de bolsos Tiffany Baguette en cuero, diamantes y sat\u00e9n de seda , que evocan otro \u00edcono, Tiffany Blue Box.<\/p>\n<p>Visite <a href=\"https:\/\/www.tiffany.com\/accessories\/shop\/tiffany-baguette-tiffany-x-fendi\/\" target=\"_blank\" rel=\"noopener\">Tiffany Baguette<\/a> para obtener m\u00e1s informaci\u00f3n sobre esta excepcional colecci\u00f3n.<\/p>\n","protected":false},"excerpt":{"rendered":"<p>Durante la Semana de la Moda de Nueva York en septiembre pasado, Fendi present\u00f3 un desfile especial para festejar el 25 aniversario de la bolsa Baguette . Creado en 1997 por Silvia Venturini Fendi, este ic\u00f3nico bolso se convirti\u00f3 en un fen\u00f3meno cultural y revolucion\u00f3 la industria de la moda. Ahora Fendi se ha asociado&hellip;<\/p>\n","protected":false},"author":11,"featured_media":31663,"comment_status":"open","ping_status":"open","sticky":false,"template":"","format":"standard","meta":{"_jetpack_newsletter_access":"","_jetpack_dont_email_post_to_subs":false,"_jetpack_newsletter_tier_id":0,"_jetpack_memberships_contains_paywalled_content":false,"_jetpack_feature_clip_id":0,"_jetpack_memberships_contains_paid_content":false,"footnotes":"","jetpack_publicize_message":"","jetpack_publicize_feature_enabled":true,"jetpack_social_post_already_shared":true,"jetpack_social_options":{"image_generator_settings":{"template":"edge","default_image_id":0,"font":"","enabled":false},"version":2},"jetpack_post_was_ever_published":false},"categories":[534],"tags":[759,585,586,679],"thb-sponsors":[1183],"class_list":["post-31662","post","type-post","status-publish","format-standard","has-post-thumbnail","hentry","category-moda","tag-fendi","tag-lvmh","tag-moda","tag-tiffany"],"yoast_head":"<!-- This site is optimized with the Yoast SEO plugin v28.3 - https:\/\/yoast.com\/product\/yoast-seo-wordpress\/ -->\n<title>Fendi y Tiffany &amp; Co. &#039;de la mano&#039; para un homenaje excepcional al bolso Fendi Baguette | LUXONOMY<\/title>\n<meta name=\"robots\" content=\"index, follow, max-snippet:-1, max-image-preview:large, max-video-preview:-1\" \/>\n<link rel=\"canonical\" href=\"https:\/\/luxonomy.net\/es\/fendi-y-tiffany-co-de-la-mano-para-un-homenaje-excepcional-al-bolso-fendi-baguette\/\" \/>\n<meta property=\"og:locale\" content=\"es_ES\" \/>\n<meta property=\"og:type\" content=\"article\" \/>\n<meta property=\"og:title\" content=\"Fendi y Tiffany &amp; Co. &#039;de la mano&#039; para un homenaje excepcional al bolso Fendi Baguette | LUXONOMY\" \/>\n<meta property=\"og:description\" content=\"Durante la Semana de la Moda de Nueva York en septiembre pasado, Fendi present\u00f3 un desfile especial para festejar el 25 aniversario de la bolsa Baguette . Creado en 1997 por Silvia Venturini Fendi, este ic\u00f3nico bolso se convirti\u00f3 en un fen\u00f3meno cultural y revolucion\u00f3 la industria de la moda. Ahora Fendi se ha asociado&hellip;\" \/>\n<meta property=\"og:url\" content=\"https:\/\/luxonomy.net\/es\/fendi-y-tiffany-co-de-la-mano-para-un-homenaje-excepcional-al-bolso-fendi-baguette\/\" \/>\n<meta property=\"og:site_name\" content=\"LUXONOMY\" \/>\n<meta property=\"article:publisher\" content=\"https:\/\/www.facebook.com\/luxonomy\" \/>\n<meta property=\"article:published_time\" content=\"2023-01-17T15:36:49+00:00\" \/>\n<meta property=\"og:image\" content=\"https:\/\/i0.wp.com\/luxonomy.net\/wp-content\/uploads\/2023\/01\/Fendi-y-Tiffany-Co.-de-la-mano-para-un-homenaje-excepcional-al-bolso-Fendi-Baguette.png?fit=2000%2C1100&quality=80&ssl=1\" \/>\n\t<meta property=\"og:image:width\" content=\"2000\" \/>\n\t<meta property=\"og:image:height\" content=\"1100\" \/>\n\t<meta property=\"og:image:type\" content=\"image\/png\" \/>\n<meta name=\"author\" content=\"Kristi Ellis\" \/>\n<meta name=\"twitter:card\" content=\"summary_large_image\" \/>\n<meta name=\"twitter:label1\" content=\"Escrito por\" \/>\n\t<meta name=\"twitter:data1\" content=\"Kristi Ellis\" \/>\n\t<meta name=\"twitter:label2\" content=\"Tiempo de lectura\" \/>\n\t<meta name=\"twitter:data2\" content=\"2 minutos\" \/>\n<script type=\"application\/ld+json\" class=\"yoast-schema-graph\">{\"@context\":\"https:\\\/\\\/schema.org\",\"@graph\":[{\"@type\":\"Article\",\"@id\":\"https:\\\/\\\/luxonomy.net\\\/es\\\/fendi-y-tiffany-co-de-la-mano-para-un-homenaje-excepcional-al-bolso-fendi-baguette\\\/#article\",\"isPartOf\":{\"@id\":\"https:\\\/\\\/luxonomy.net\\\/es\\\/fendi-y-tiffany-co-de-la-mano-para-un-homenaje-excepcional-al-bolso-fendi-baguette\\\/\"},\"author\":{\"name\":\"Kristi Ellis\",\"@id\":\"https:\\\/\\\/luxonomy.net\\\/es\\\/#\\\/schema\\\/person\\\/1a813e5ec518f582af236d6344aa6c01\"},\"headline\":\"Fendi y Tiffany &#038; Co. &#8216;de la mano&#8217; para un homenaje excepcional al bolso Fendi Baguette\",\"datePublished\":\"2023-01-17T15:36:49+00:00\",\"mainEntityOfPage\":{\"@id\":\"https:\\\/\\\/luxonomy.net\\\/es\\\/fendi-y-tiffany-co-de-la-mano-para-un-homenaje-excepcional-al-bolso-fendi-baguette\\\/\"},\"wordCount\":321,\"commentCount\":0,\"publisher\":{\"@id\":\"https:\\\/\\\/luxonomy.net\\\/es\\\/#organization\"},\"image\":{\"@id\":\"https:\\\/\\\/luxonomy.net\\\/es\\\/fendi-y-tiffany-co-de-la-mano-para-un-homenaje-excepcional-al-bolso-fendi-baguette\\\/#primaryimage\"},\"thumbnailUrl\":\"https:\\\/\\\/i0.wp.com\\\/luxonomy.net\\\/wp-content\\\/uploads\\\/2023\\\/01\\\/Fendi-y-Tiffany-Co.-de-la-mano-para-un-homenaje-excepcional-al-bolso-Fendi-Baguette.png?fit=2000%2C1100&ssl=1\",\"keywords\":[\"Fendi\",\"LVMH\",\"Moda\",\"Tiffany\"],\"articleSection\":[\"Moda\"],\"inLanguage\":\"es\",\"potentialAction\":[{\"@type\":\"CommentAction\",\"name\":\"Comment\",\"target\":[\"https:\\\/\\\/luxonomy.net\\\/es\\\/fendi-y-tiffany-co-de-la-mano-para-un-homenaje-excepcional-al-bolso-fendi-baguette\\\/#respond\"]}]},{\"@type\":\"WebPage\",\"@id\":\"https:\\\/\\\/luxonomy.net\\\/es\\\/fendi-y-tiffany-co-de-la-mano-para-un-homenaje-excepcional-al-bolso-fendi-baguette\\\/\",\"url\":\"https:\\\/\\\/luxonomy.net\\\/es\\\/fendi-y-tiffany-co-de-la-mano-para-un-homenaje-excepcional-al-bolso-fendi-baguette\\\/\",\"name\":\"Fendi y Tiffany & Co. 'de la mano' para un homenaje excepcional al bolso Fendi Baguette | LUXONOMY\",\"isPartOf\":{\"@id\":\"https:\\\/\\\/luxonomy.net\\\/es\\\/#website\"},\"primaryImageOfPage\":{\"@id\":\"https:\\\/\\\/luxonomy.net\\\/es\\\/fendi-y-tiffany-co-de-la-mano-para-un-homenaje-excepcional-al-bolso-fendi-baguette\\\/#primaryimage\"},\"image\":{\"@id\":\"https:\\\/\\\/luxonomy.net\\\/es\\\/fendi-y-tiffany-co-de-la-mano-para-un-homenaje-excepcional-al-bolso-fendi-baguette\\\/#primaryimage\"},\"thumbnailUrl\":\"https:\\\/\\\/i0.wp.com\\\/luxonomy.net\\\/wp-content\\\/uploads\\\/2023\\\/01\\\/Fendi-y-Tiffany-Co.-de-la-mano-para-un-homenaje-excepcional-al-bolso-Fendi-Baguette.png?fit=2000%2C1100&ssl=1\",\"datePublished\":\"2023-01-17T15:36:49+00:00\",\"breadcrumb\":{\"@id\":\"https:\\\/\\\/luxonomy.net\\\/es\\\/fendi-y-tiffany-co-de-la-mano-para-un-homenaje-excepcional-al-bolso-fendi-baguette\\\/#breadcrumb\"},\"inLanguage\":\"es\",\"potentialAction\":[{\"@type\":\"ReadAction\",\"target\":[\"https:\\\/\\\/luxonomy.net\\\/es\\\/fendi-y-tiffany-co-de-la-mano-para-un-homenaje-excepcional-al-bolso-fendi-baguette\\\/\"]}]},{\"@type\":\"ImageObject\",\"inLanguage\":\"es\",\"@id\":\"https:\\\/\\\/luxonomy.net\\\/es\\\/fendi-y-tiffany-co-de-la-mano-para-un-homenaje-excepcional-al-bolso-fendi-baguette\\\/#primaryimage\",\"url\":\"https:\\\/\\\/i0.wp.com\\\/luxonomy.net\\\/wp-content\\\/uploads\\\/2023\\\/01\\\/Fendi-y-Tiffany-Co.-de-la-mano-para-un-homenaje-excepcional-al-bolso-Fendi-Baguette.png?fit=2000%2C1100&ssl=1\",\"contentUrl\":\"https:\\\/\\\/i0.wp.com\\\/luxonomy.net\\\/wp-content\\\/uploads\\\/2023\\\/01\\\/Fendi-y-Tiffany-Co.-de-la-mano-para-un-homenaje-excepcional-al-bolso-Fendi-Baguette.png?fit=2000%2C1100&ssl=1\",\"width\":2000,\"height\":1100},{\"@type\":\"BreadcrumbList\",\"@id\":\"https:\\\/\\\/luxonomy.net\\\/es\\\/fendi-y-tiffany-co-de-la-mano-para-un-homenaje-excepcional-al-bolso-fendi-baguette\\\/#breadcrumb\",\"itemListElement\":[{\"@type\":\"ListItem\",\"position\":1,\"name\":\"Portada\",\"item\":\"https:\\\/\\\/luxonomy.net\\\/es\\\/\"},{\"@type\":\"ListItem\",\"position\":2,\"name\":\"Fendi y Tiffany &#038; Co. &#8216;de la mano&#8217; para un homenaje excepcional al bolso Fendi Baguette\"}]},{\"@type\":\"WebSite\",\"@id\":\"https:\\\/\\\/luxonomy.net\\\/es\\\/#website\",\"url\":\"https:\\\/\\\/luxonomy.net\\\/es\\\/\",\"name\":\"LUXONOMY\",\"description\":\"The Economy of Fashion &amp; Luxury\",\"publisher\":{\"@id\":\"https:\\\/\\\/luxonomy.net\\\/es\\\/#organization\"},\"potentialAction\":[{\"@type\":\"SearchAction\",\"target\":{\"@type\":\"EntryPoint\",\"urlTemplate\":\"https:\\\/\\\/luxonomy.net\\\/es\\\/?s={search_term_string}\"},\"query-input\":{\"@type\":\"PropertyValueSpecification\",\"valueRequired\":true,\"valueName\":\"search_term_string\"}}],\"inLanguage\":\"es\"},{\"@type\":\"Organization\",\"@id\":\"https:\\\/\\\/luxonomy.net\\\/es\\\/#organization\",\"name\":\"LUXONOMY\",\"url\":\"https:\\\/\\\/luxonomy.net\\\/es\\\/\",\"logo\":{\"@type\":\"ImageObject\",\"inLanguage\":\"es\",\"@id\":\"https:\\\/\\\/luxonomy.net\\\/es\\\/#\\\/schema\\\/logo\\\/image\\\/\",\"url\":\"https:\\\/\\\/i2.wp.com\\\/luxonomy.net\\\/wp-content\\\/uploads\\\/2021\\\/09\\\/MOCKUP-TODOS-LUXONOMY.jpg?fit=1000%2C515&ssl=1\",\"contentUrl\":\"https:\\\/\\\/i2.wp.com\\\/luxonomy.net\\\/wp-content\\\/uploads\\\/2021\\\/09\\\/MOCKUP-TODOS-LUXONOMY.jpg?fit=1000%2C515&ssl=1\",\"width\":1000,\"height\":515,\"caption\":\"LUXONOMY\"},\"image\":{\"@id\":\"https:\\\/\\\/luxonomy.net\\\/es\\\/#\\\/schema\\\/logo\\\/image\\\/\"},\"sameAs\":[\"https:\\\/\\\/www.facebook.com\\\/luxonomy\",\"https:\\\/\\\/www.instagram.com\\\/luxonomy\\\/\",\"https:\\\/\\\/www.linkedin.com\\\/company\\\/luxonomy\\\/\"]},{\"@type\":\"Person\",\"@id\":\"https:\\\/\\\/luxonomy.net\\\/es\\\/#\\\/schema\\\/person\\\/1a813e5ec518f582af236d6344aa6c01\",\"name\":\"Kristi Ellis\",\"image\":{\"@type\":\"ImageObject\",\"inLanguage\":\"es\",\"@id\":\"https:\\\/\\\/luxonomy.net\\\/wp-content\\\/litespeed\\\/avatar\\\/ae0c58256b980352bba3c97a8f9abe32.jpg?ver=1787975034\",\"url\":\"https:\\\/\\\/luxonomy.net\\\/wp-content\\\/litespeed\\\/avatar\\\/ae0c58256b980352bba3c97a8f9abe32.jpg?ver=1787975034\",\"contentUrl\":\"https:\\\/\\\/luxonomy.net\\\/wp-content\\\/litespeed\\\/avatar\\\/ae0c58256b980352bba3c97a8f9abe32.jpg?ver=1787975034\",\"caption\":\"Kristi Ellis\"},\"url\":\"https:\\\/\\\/luxonomy.net\\\/es\\\/author\\\/kristi-ellis\\\/\"}]}<\/script>\n<!-- \/ Yoast SEO plugin. -->","yoast_head_json":{"title":"Fendi y Tiffany & Co. 'de la mano' para un homenaje excepcional al bolso Fendi Baguette | LUXONOMY","robots":{"index":"index","follow":"follow","max-snippet":"max-snippet:-1","max-image-preview":"max-image-preview:large","max-video-preview":"max-video-preview:-1"},"canonical":"https:\/\/luxonomy.net\/es\/fendi-y-tiffany-co-de-la-mano-para-un-homenaje-excepcional-al-bolso-fendi-baguette\/","og_locale":"es_ES","og_type":"article","og_title":"Fendi y Tiffany & Co. 'de la mano' para un homenaje excepcional al bolso Fendi Baguette | LUXONOMY","og_description":"Durante la Semana de la Moda de Nueva York en septiembre pasado, Fendi present\u00f3 un desfile especial para festejar el 25 aniversario de la bolsa Baguette . Creado en 1997 por Silvia Venturini Fendi, este ic\u00f3nico bolso se convirti\u00f3 en un fen\u00f3meno cultural y revolucion\u00f3 la industria de la moda. Ahora Fendi se ha asociado&hellip;","og_url":"https:\/\/luxonomy.net\/es\/fendi-y-tiffany-co-de-la-mano-para-un-homenaje-excepcional-al-bolso-fendi-baguette\/","og_site_name":"LUXONOMY","article_publisher":"https:\/\/www.facebook.com\/luxonomy","article_published_time":"2023-01-17T15:36:49+00:00","og_image":[{"width":2000,"height":1100,"url":"https:\/\/i0.wp.com\/luxonomy.net\/wp-content\/uploads\/2023\/01\/Fendi-y-Tiffany-Co.-de-la-mano-para-un-homenaje-excepcional-al-bolso-Fendi-Baguette.png?fit=2000%2C1100&quality=80&ssl=1","type":"image\/png"}],"author":"Kristi Ellis","twitter_card":"summary_large_image","twitter_misc":{"Escrito por":"Kristi Ellis","Tiempo de lectura":"2 minutos"},"schema":{"@context":"https:\/\/schema.org","@graph":[{"@type":"Article","@id":"https:\/\/luxonomy.net\/es\/fendi-y-tiffany-co-de-la-mano-para-un-homenaje-excepcional-al-bolso-fendi-baguette\/#article","isPartOf":{"@id":"https:\/\/luxonomy.net\/es\/fendi-y-tiffany-co-de-la-mano-para-un-homenaje-excepcional-al-bolso-fendi-baguette\/"},"author":{"name":"Kristi Ellis","@id":"https:\/\/luxonomy.net\/es\/#\/schema\/person\/1a813e5ec518f582af236d6344aa6c01"},"headline":"Fendi y Tiffany &#038; Co. &#8216;de la mano&#8217; para un homenaje excepcional al bolso Fendi Baguette","datePublished":"2023-01-17T15:36:49+00:00","mainEntityOfPage":{"@id":"https:\/\/luxonomy.net\/es\/fendi-y-tiffany-co-de-la-mano-para-un-homenaje-excepcional-al-bolso-fendi-baguette\/"},"wordCount":321,"commentCount":0,"publisher":{"@id":"https:\/\/luxonomy.net\/es\/#organization"},"image":{"@id":"https:\/\/luxonomy.net\/es\/fendi-y-tiffany-co-de-la-mano-para-un-homenaje-excepcional-al-bolso-fendi-baguette\/#primaryimage"},"thumbnailUrl":"https:\/\/i0.wp.com\/luxonomy.net\/wp-content\/uploads\/2023\/01\/Fendi-y-Tiffany-Co.-de-la-mano-para-un-homenaje-excepcional-al-bolso-Fendi-Baguette.png?fit=2000%2C1100&ssl=1","keywords":["Fendi","LVMH","Moda","Tiffany"],"articleSection":["Moda"],"inLanguage":"es","potentialAction":[{"@type":"CommentAction","name":"Comment","target":["https:\/\/luxonomy.net\/es\/fendi-y-tiffany-co-de-la-mano-para-un-homenaje-excepcional-al-bolso-fendi-baguette\/#respond"]}]},{"@type":"WebPage","@id":"https:\/\/luxonomy.net\/es\/fendi-y-tiffany-co-de-la-mano-para-un-homenaje-excepcional-al-bolso-fendi-baguette\/","url":"https:\/\/luxonomy.net\/es\/fendi-y-tiffany-co-de-la-mano-para-un-homenaje-excepcional-al-bolso-fendi-baguette\/","name":"Fendi y Tiffany & Co. 'de la mano' para un homenaje excepcional al bolso Fendi Baguette | LUXONOMY","isPartOf":{"@id":"https:\/\/luxonomy.net\/es\/#website"},"primaryImageOfPage":{"@id":"https:\/\/luxonomy.net\/es\/fendi-y-tiffany-co-de-la-mano-para-un-homenaje-excepcional-al-bolso-fendi-baguette\/#primaryimage"},"image":{"@id":"https:\/\/luxonomy.net\/es\/fendi-y-tiffany-co-de-la-mano-para-un-homenaje-excepcional-al-bolso-fendi-baguette\/#primaryimage"},"thumbnailUrl":"https:\/\/i0.wp.com\/luxonomy.net\/wp-content\/uploads\/2023\/01\/Fendi-y-Tiffany-Co.-de-la-mano-para-un-homenaje-excepcional-al-bolso-Fendi-Baguette.png?fit=2000%2C1100&ssl=1","datePublished":"2023-01-17T15:36:49+00:00","breadcrumb":{"@id":"https:\/\/luxonomy.net\/es\/fendi-y-tiffany-co-de-la-mano-para-un-homenaje-excepcional-al-bolso-fendi-baguette\/#breadcrumb"},"inLanguage":"es","potentialAction":[{"@type":"ReadAction","target":["https:\/\/luxonomy.net\/es\/fendi-y-tiffany-co-de-la-mano-para-un-homenaje-excepcional-al-bolso-fendi-baguette\/"]}]},{"@type":"ImageObject","inLanguage":"es","@id":"https:\/\/luxonomy.net\/es\/fendi-y-tiffany-co-de-la-mano-para-un-homenaje-excepcional-al-bolso-fendi-baguette\/#primaryimage","url":"https:\/\/i0.wp.com\/luxonomy.net\/wp-content\/uploads\/2023\/01\/Fendi-y-Tiffany-Co.-de-la-mano-para-un-homenaje-excepcional-al-bolso-Fendi-Baguette.png?fit=2000%2C1100&ssl=1","contentUrl":"https:\/\/i0.wp.com\/luxonomy.net\/wp-content\/uploads\/2023\/01\/Fendi-y-Tiffany-Co.-de-la-mano-para-un-homenaje-excepcional-al-bolso-Fendi-Baguette.png?fit=2000%2C1100&ssl=1","width":2000,"height":1100},{"@type":"BreadcrumbList","@id":"https:\/\/luxonomy.net\/es\/fendi-y-tiffany-co-de-la-mano-para-un-homenaje-excepcional-al-bolso-fendi-baguette\/#breadcrumb","itemListElement":[{"@type":"ListItem","position":1,"name":"Portada","item":"https:\/\/luxonomy.net\/es\/"},{"@type":"ListItem","position":2,"name":"Fendi y Tiffany &#038; Co. &#8216;de la mano&#8217; para un homenaje excepcional al bolso Fendi Baguette"}]},{"@type":"WebSite","@id":"https:\/\/luxonomy.net\/es\/#website","url":"https:\/\/luxonomy.net\/es\/","name":"LUXONOMY","description":"The Economy of Fashion &amp; Luxury","publisher":{"@id":"https:\/\/luxonomy.net\/es\/#organization"},"potentialAction":[{"@type":"SearchAction","target":{"@type":"EntryPoint","urlTemplate":"https:\/\/luxonomy.net\/es\/?s={search_term_string}"},"query-input":{"@type":"PropertyValueSpecification","valueRequired":true,"valueName":"search_term_string"}}],"inLanguage":"es"},{"@type":"Organization","@id":"https:\/\/luxonomy.net\/es\/#organization","name":"LUXONOMY","url":"https:\/\/luxonomy.net\/es\/","logo":{"@type":"ImageObject","inLanguage":"es","@id":"https:\/\/luxonomy.net\/es\/#\/schema\/logo\/image\/","url":"https:\/\/i2.wp.com\/luxonomy.net\/wp-content\/uploads\/2021\/09\/MOCKUP-TODOS-LUXONOMY.jpg?fit=1000%2C515&ssl=1","contentUrl":"https:\/\/i2.wp.com\/luxonomy.net\/wp-content\/uploads\/2021\/09\/MOCKUP-TODOS-LUXONOMY.jpg?fit=1000%2C515&ssl=1","width":1000,"height":515,"caption":"LUXONOMY"},"image":{"@id":"https:\/\/luxonomy.net\/es\/#\/schema\/logo\/image\/"},"sameAs":["https:\/\/www.facebook.com\/luxonomy","https:\/\/www.instagram.com\/luxonomy\/","https:\/\/www.linkedin.com\/company\/luxonomy\/"]},{"@type":"Person","@id":"https:\/\/luxonomy.net\/es\/#\/schema\/person\/1a813e5ec518f582af236d6344aa6c01","name":"Kristi Ellis","image":{"@type":"ImageObject","inLanguage":"es","@id":"https:\/\/luxonomy.net\/wp-content\/litespeed\/avatar\/ae0c58256b980352bba3c97a8f9abe32.jpg?ver=1787975034","url":"https:\/\/luxonomy.net\/wp-content\/litespeed\/avatar\/ae0c58256b980352bba3c97a8f9abe32.jpg?ver=1787975034","contentUrl":"https:\/\/luxonomy.net\/wp-content\/litespeed\/avatar\/ae0c58256b980352bba3c97a8f9abe32.jpg?ver=1787975034","caption":"Kristi Ellis"},"url":"https:\/\/luxonomy.net\/es\/author\/kristi-ellis\/"}]}},"jetpack_publicize_connections":[],"jetpack_shortlink":"https:\/\/wp.me\/paPhBa-8eG","jetpack_sharing_enabled":true,"jetpack_featured_media_url":"https:\/\/i0.wp.com\/luxonomy.net\/wp-content\/uploads\/2023\/01\/Fendi-y-Tiffany-Co.-de-la-mano-para-un-homenaje-excepcional-al-bolso-Fendi-Baguette.png?fit=2000%2C1100&ssl=1","_links":{"self":[{"href":"https:\/\/luxonomy.net\/es\/wp-json\/wp\/v2\/posts\/31662","targetHints":{"allow":["GET"]}}],"collection":[{"href":"https:\/\/luxonomy.net\/es\/wp-json\/wp\/v2\/posts"}],"about":[{"href":"https:\/\/luxonomy.net\/es\/wp-json\/wp\/v2\/types\/post"}],"author":[{"embeddable":true,"href":"https:\/\/luxonomy.net\/es\/wp-json\/wp\/v2\/users\/11"}],"replies":[{"embeddable":true,"href":"https:\/\/luxonomy.net\/es\/wp-json\/wp\/v2\/comments?post=31662"}],"version-history":[{"count":1,"href":"https:\/\/luxonomy.net\/es\/wp-json\/wp\/v2\/posts\/31662\/revisions"}],"predecessor-version":[{"id":31669,"href":"https:\/\/luxonomy.net\/es\/wp-json\/wp\/v2\/posts\/31662\/revisions\/31669"}],"wp:featuredmedia":[{"embeddable":true,"href":"https:\/\/luxonomy.net\/es\/wp-json\/wp\/v2\/media\/31663"}],"wp:attachment":[{"href":"https:\/\/luxonomy.net\/es\/wp-json\/wp\/v2\/media?parent=31662"}],"wp:term":[{"taxonomy":"category","embeddable":true,"href":"https:\/\/luxonomy.net\/es\/wp-json\/wp\/v2\/categories?post=31662"},{"taxonomy":"post_tag","embeddable":true,"href":"https:\/\/luxonomy.net\/es\/wp-json\/wp\/v2\/tags?post=31662"},{"taxonomy":"thb-sponsors","embeddable":true,"href":"https:\/\/luxonomy.net\/es\/wp-json\/wp\/v2\/thb-sponsors?post=31662"}],"curies":[{"name":"wp","href":"https:\/\/api.w.org\/{rel}","templated":true}]}}