{"id":31409,"date":"2023-01-12T10:56:28","date_gmt":"2023-01-12T09:56:28","guid":{"rendered":"https:\/?p=31409"},"modified":"2023-01-12T10:56:28","modified_gmt":"2023-01-12T09:56:28","slug":"silbon-ficha-a-la-exdirectora-de-marketing-de-suarez-andrea-de-juan","status":"publish","type":"post","link":"https:\/\/luxonomy.net\/es\/silbon-ficha-a-la-exdirectora-de-marketing-de-suarez-andrea-de-juan\/","title":{"rendered":"Silbon ficha a la exdirectora de marketing de Suarez, Andrea de Juan"},"content":{"rendered":"<p>El comienzo de a\u00f1o llega a Silbon con nuevo fichaje para reforzar la plantilla de la firma cordobesa que terminaba con \u00e9xito 2022, tanto a nivel expansivo llegando a los cincuenta establecimientos propios, como en cuanto a ventas, consiguiendo una facturaci\u00f3n de treinta millones de euros. Ante esta escalada, la firma de moda cordobesa ha reforzado plantilla con la contrataci\u00f3n como directora de marketing de Andrea de Juan, quien ven\u00eda de ocupar este mismo cargo en la joyer\u00eda Suarez.<\/p>\n<p>De Juan aterriza en Silbon en una situaci\u00f3n de crecimiento y a fin de \u201cafianzar estrategias de marketing y comunicaci\u00f3n para seguir la estela ascendente que vive la marca cordobesa\u201d. Un momento que para la ejecutiva supone la oportunidad de \u201cformar parte de un proyecto en pleno crecimiento con un gran potencial\u201d.<\/p>\n<p>Una entrada en la compa\u00f1\u00eda tras un cierre exitoso de a\u00f1o y que supone, seg\u00fan explican, \u201cun fichaje clave para diversificar la marca e implementar nuevas estrategias\u201d. \u201cMi objetivo principal es apoyar al equipo en la construcci\u00f3n de la marca y conectarla con el mayor n\u00famero de personas a trav\u00e9s de todas las herramientas de marketing y comunicaci\u00f3n\u201d.<\/p><div id=\"luxon-233899751\" class=\"luxon-3er-parrafo luxon-entity-placement\" style=\"margin-top: 20px;margin-bottom: 20px;margin-left: auto;margin-right: auto;text-align: center;\"><a href=\"https:\/\/luxonomy.university\/course\/master-turismo-de-lujo\" target=\"_blank\" aria-label=\"master-turismo-lujo-2026-2027\"><img loading=\"lazy\" decoding=\"async\" src=\"https:\/\/i0.wp.com\/luxonomy.net\/wp-content\/uploads\/2020\/07\/master-turismo-lujo-2026-2027.jpg?fit=1672%2C941&#038;ssl=1\" alt=\"\"  srcset=\"https:\/\/i0.wp.com\/luxonomy.net\/wp-content\/uploads\/2020\/07\/master-turismo-lujo-2026-2027.jpg?w=1672&ssl=1 1672w, https:\/\/i0.wp.com\/luxonomy.net\/wp-content\/uploads\/2020\/07\/master-turismo-lujo-2026-2027.jpg?resize=300%2C169&ssl=1 300w, https:\/\/i0.wp.com\/luxonomy.net\/wp-content\/uploads\/2020\/07\/master-turismo-lujo-2026-2027.jpg?resize=1024%2C576&ssl=1 1024w, https:\/\/i0.wp.com\/luxonomy.net\/wp-content\/uploads\/2020\/07\/master-turismo-lujo-2026-2027.jpg?resize=768%2C432&ssl=1 768w, https:\/\/i0.wp.com\/luxonomy.net\/wp-content\/uploads\/2020\/07\/master-turismo-lujo-2026-2027.jpg?resize=1536%2C864&ssl=1 1536w, https:\/\/i0.wp.com\/luxonomy.net\/wp-content\/uploads\/2020\/07\/master-turismo-lujo-2026-2027.jpg?resize=370%2C208&ssl=1 370w, https:\/\/i0.wp.com\/luxonomy.net\/wp-content\/uploads\/2020\/07\/master-turismo-lujo-2026-2027.jpg?resize=800%2C450&ssl=1 800w, https:\/\/i0.wp.com\/luxonomy.net\/wp-content\/uploads\/2020\/07\/master-turismo-lujo-2026-2027.jpg?resize=20%2C11&ssl=1 20w, https:\/\/i0.wp.com\/luxonomy.net\/wp-content\/uploads\/2020\/07\/master-turismo-lujo-2026-2027.jpg?resize=740%2C416&ssl=1 740w, https:\/\/i0.wp.com\/luxonomy.net\/wp-content\/uploads\/2020\/07\/master-turismo-lujo-2026-2027.jpg?resize=1600%2C900&ssl=1 1600w, https:\/\/i0.wp.com\/luxonomy.net\/wp-content\/uploads\/2020\/07\/master-turismo-lujo-2026-2027.jpg?resize=1200%2C675&ssl=1 1200w, https:\/\/i0.wp.com\/luxonomy.net\/wp-content\/uploads\/2020\/07\/master-turismo-lujo-2026-2027.jpg?resize=85%2C48&ssl=1 85w\" sizes=\"(max-width: 1170px) 100vw, 1170px\" class=\"no-lazyload\" width=\"1672\" height=\"941\"   \/><\/a><\/div>\n<p>La nueva directiva de Silbon ha trabajado 19 a\u00f1os en Suarez, siendo los \u00faltimos diez a\u00f1os directora de Marketing y Comunicaci\u00f3n de la firma. Su incorporaci\u00f3n a Silbon supone un reto, adem\u00e1s de un cambio del sector de la joyer\u00eda al de la moda \u201cquer\u00eda continuar trabajando en una marca espa\u00f1ola y buscaba un proyecto que llevase el emprendimiento en su ADN, ya que este diferencial te permite seguir creando, innovando, sorprendiendo&#8230;elementos que considero clave en Marketing\u201d, ha asegurado de Juan.<\/p>\n<p>Igualmente, dentro de su curr\u00edculum destaca su participaci\u00f3n en la creaci\u00f3n y lanzamiento en 2010 de la firma Aristocrazy, siendo directora de Comunicaci\u00f3n en sus inicios. Anteriormente, Andrea de Juan, quien comenzara su carrera en la multinacional Ogilvy, continuaba como ejecutiva gestionando cuentas como Telef\u00f3nica, Guerlain o gestando el lanzamiento de Terra.<\/p>\n<p>As\u00ed, esta ejecutiva madrile\u00f1a formada en Publicidad y RRPP, Master en Direcci\u00f3n Comercial y Marketing coge el tim\u00f3n de un departamento anteriormente ocupado por Carlos Galluzzo quien pasa a ser Brand Manager de la empresa cordobesa en la que lleva m\u00e1s de cuatro a\u00f1os de relaci\u00f3n contractual.<\/p>\n<p>En paralelo, la nueva directiva va a compaginar su puesto en Silbon con el de directora del master de marketing de moda en la Universidad Internacional de la Rioja (UNIR) evidenciando una completa formaci\u00f3n y experiencia desde donde poder aportar \u201cuna visi\u00f3n estrat\u00e9gica global y la b\u00fasqueda constante de la diferenciaci\u00f3n\u201d.<\/p><div id=\"luxon-1464338993\" class=\"luxon-7-parrafo luxon-entity-placement\" style=\"margin-top: 20px;margin-bottom: 20px;margin-left: auto;margin-right: auto;text-align: center;\"><a href=\"https:\/\/theintelligence.institute\/course\/inteligencia-artificial-para-directivos\" target=\"_blank\" aria-label=\"CSIAD_empresas_THEI_horizontal_4x3_v5\"><img loading=\"lazy\" decoding=\"async\" src=\"https:\/\/i0.wp.com\/luxonomy.net\/wp-content\/uploads\/2025\/08\/CSIAD_empresas_THEI_horizontal_4x3_v5.png?fit=2000%2C1500&#038;ssl=1\" alt=\"\"  srcset=\"https:\/\/i0.wp.com\/luxonomy.net\/wp-content\/uploads\/2025\/08\/CSIAD_empresas_THEI_horizontal_4x3_v5.png?w=2000&ssl=1 2000w, https:\/\/i0.wp.com\/luxonomy.net\/wp-content\/uploads\/2025\/08\/CSIAD_empresas_THEI_horizontal_4x3_v5.png?resize=300%2C225&ssl=1 300w, https:\/\/i0.wp.com\/luxonomy.net\/wp-content\/uploads\/2025\/08\/CSIAD_empresas_THEI_horizontal_4x3_v5.png?resize=1024%2C768&ssl=1 1024w, https:\/\/i0.wp.com\/luxonomy.net\/wp-content\/uploads\/2025\/08\/CSIAD_empresas_THEI_horizontal_4x3_v5.png?resize=768%2C576&ssl=1 768w, https:\/\/i0.wp.com\/luxonomy.net\/wp-content\/uploads\/2025\/08\/CSIAD_empresas_THEI_horizontal_4x3_v5.png?resize=1536%2C1152&ssl=1 1536w, https:\/\/i0.wp.com\/luxonomy.net\/wp-content\/uploads\/2025\/08\/CSIAD_empresas_THEI_horizontal_4x3_v5.png?resize=370%2C278&ssl=1 370w, https:\/\/i0.wp.com\/luxonomy.net\/wp-content\/uploads\/2025\/08\/CSIAD_empresas_THEI_horizontal_4x3_v5.png?resize=800%2C600&ssl=1 800w, https:\/\/i0.wp.com\/luxonomy.net\/wp-content\/uploads\/2025\/08\/CSIAD_empresas_THEI_horizontal_4x3_v5.png?resize=20%2C15&ssl=1 20w, https:\/\/i0.wp.com\/luxonomy.net\/wp-content\/uploads\/2025\/08\/CSIAD_empresas_THEI_horizontal_4x3_v5.png?resize=740%2C555&ssl=1 740w, https:\/\/i0.wp.com\/luxonomy.net\/wp-content\/uploads\/2025\/08\/CSIAD_empresas_THEI_horizontal_4x3_v5.png?resize=1600%2C1200&ssl=1 1600w, https:\/\/i0.wp.com\/luxonomy.net\/wp-content\/uploads\/2025\/08\/CSIAD_empresas_THEI_horizontal_4x3_v5.png?resize=1200%2C900&ssl=1 1200w, https:\/\/i0.wp.com\/luxonomy.net\/wp-content\/uploads\/2025\/08\/CSIAD_empresas_THEI_horizontal_4x3_v5.png?resize=64%2C48&ssl=1 64w\" sizes=\"(max-width: 1170px) 100vw, 1170px\" class=\"no-lazyload\" width=\"2000\" height=\"1500\"   \/><\/a><\/div>\n<p>Silbon inici\u00f3 su andadura hace catorce a\u00f1os con el hombre como protagonista. En 2018 se abr\u00eda al guardarropa infantil, en 2021, al de la mujer y llega a 2023 con Oxygen la l\u00ednea vers\u00e1til m\u00e1s comprometida con el medioambiente. Adem\u00e1s, el pasado ejercicio se destacaba por las primeras aperturas de tienda en el Metaverso y establecimientos y cornes ECI exclusivos Woman. En total cincuenta puntos de venta f\u00edsicos, una plantilla que supera los doscientos trabajadores y la inauguraci\u00f3n de \u2018Silbon Bar\u2019, el primer establecimiento dedicado a la restauraci\u00f3n.<\/p>\n<p>La empresa, que nac\u00eda en C\u00f3rdoba en 2009 con una inversi\u00f3n inicial de tres mil euros de partida y treinta chaquetas a la venta cerraba 2022 con una facturaci\u00f3n bruta de treinta millones de euros; cinco millones de euros por encima de los veinticinco millones previstos en septiembre, superando en doce millones la cifra de cierre del ejercicio anterior y convirti\u00e9ndose en la marca \u2018preppy\u2019 de moda nacional con mayor crecimiento en 2022.Tras su expansi\u00f3n en Espa\u00f1a, el grupo tiene previsto poner el foco en el extranjero en 2023.<\/p>\n","protected":false},"excerpt":{"rendered":"<p>El comienzo de a\u00f1o llega a Silbon con nuevo fichaje para reforzar la plantilla de la firma cordobesa que terminaba con \u00e9xito 2022, tanto a nivel expansivo llegando a los cincuenta establecimientos propios, como en cuanto a ventas, consiguiendo una facturaci\u00f3n de treinta millones de euros. Ante esta escalada, la firma de moda cordobesa ha&hellip;<\/p>\n","protected":false},"author":1,"featured_media":31410,"comment_status":"open","ping_status":"open","sticky":false,"template":"","format":"standard","meta":{"_jetpack_newsletter_access":"","_jetpack_dont_email_post_to_subs":false,"_jetpack_newsletter_tier_id":0,"_jetpack_memberships_contains_paywalled_content":false,"_jetpack_feature_clip_id":0,"_jetpack_memberships_contains_paid_content":false,"footnotes":"","jetpack_publicize_message":"","jetpack_publicize_feature_enabled":true,"jetpack_social_post_already_shared":true,"jetpack_social_options":{"image_generator_settings":{"template":"edge","default_image_id":0,"font":"","enabled":false},"version":2},"jetpack_post_was_ever_published":false},"categories":[1672,534],"tags":[635,1179,586],"thb-sponsors":[],"class_list":["post-31409","post","type-post","status-publish","format-standard","has-post-thumbnail","hentry","category-actualidad","category-moda","tag-actualidad","tag-empleo","tag-moda"],"yoast_head":"<!-- This site is optimized with the Yoast SEO plugin v28.4 - https:\/\/yoast.com\/product\/yoast-seo-wordpress\/ -->\n<title>Silbon ficha a la exdirectora de marketing de Suarez, Andrea de Juan | LUXONOMY<\/title>\n<meta name=\"robots\" content=\"index, follow, max-snippet:-1, max-image-preview:large, max-video-preview:-1\" \/>\n<link rel=\"canonical\" href=\"https:\/\/luxonomy.net\/es\/silbon-ficha-a-la-exdirectora-de-marketing-de-suarez-andrea-de-juan\/\" \/>\n<meta property=\"og:locale\" content=\"es_ES\" \/>\n<meta property=\"og:type\" content=\"article\" \/>\n<meta property=\"og:title\" content=\"Silbon ficha a la exdirectora de marketing de Suarez, Andrea de Juan | LUXONOMY\" \/>\n<meta property=\"og:description\" content=\"El comienzo de a\u00f1o llega a Silbon con nuevo fichaje para reforzar la plantilla de la firma cordobesa que terminaba con \u00e9xito 2022, tanto a nivel expansivo llegando a los cincuenta establecimientos propios, como en cuanto a ventas, consiguiendo una facturaci\u00f3n de treinta millones de euros. Ante esta escalada, la firma de moda cordobesa ha&hellip;\" \/>\n<meta property=\"og:url\" content=\"https:\/\/luxonomy.net\/es\/silbon-ficha-a-la-exdirectora-de-marketing-de-suarez-andrea-de-juan\/\" \/>\n<meta property=\"og:site_name\" content=\"LUXONOMY\" \/>\n<meta property=\"article:publisher\" content=\"https:\/\/www.facebook.com\/luxonomy\" \/>\n<meta property=\"article:published_time\" content=\"2023-01-12T09:56:28+00:00\" \/>\n<meta property=\"og:image\" content=\"https:\/\/i0.wp.com\/luxonomy.net\/wp-content\/uploads\/2023\/01\/Andrea-de-Juan-CMO-Silbon.jpeg?fit=820%2C1024&quality=89&ssl=1\" \/>\n\t<meta property=\"og:image:width\" content=\"820\" \/>\n\t<meta property=\"og:image:height\" content=\"1024\" \/>\n\t<meta property=\"og:image:type\" content=\"image\/jpeg\" \/>\n<meta name=\"author\" content=\"LUXONOMY\" \/>\n<meta name=\"twitter:card\" content=\"summary_large_image\" \/>\n<meta name=\"twitter:label1\" content=\"Escrito por\" \/>\n\t<meta name=\"twitter:data1\" content=\"LUXONOMY\" \/>\n\t<meta name=\"twitter:label2\" content=\"Tiempo de lectura\" \/>\n\t<meta name=\"twitter:data2\" content=\"3 minutos\" \/>\n<script type=\"application\/ld+json\" class=\"yoast-schema-graph\">{\"@context\":\"https:\\\/\\\/schema.org\",\"@graph\":[{\"@type\":\"Article\",\"@id\":\"https:\\\/\\\/luxonomy.net\\\/es\\\/silbon-ficha-a-la-exdirectora-de-marketing-de-suarez-andrea-de-juan\\\/#article\",\"isPartOf\":{\"@id\":\"https:\\\/\\\/luxonomy.net\\\/es\\\/silbon-ficha-a-la-exdirectora-de-marketing-de-suarez-andrea-de-juan\\\/\"},\"author\":{\"name\":\"LUXONOMY\",\"@id\":\"https:\\\/\\\/luxonomy.net\\\/es\\\/#\\\/schema\\\/person\\\/c5b6009a752bcc03b6b0a35b41e0ce40\"},\"headline\":\"Silbon ficha a la exdirectora de marketing de Suarez, Andrea de Juan\",\"datePublished\":\"2023-01-12T09:56:28+00:00\",\"mainEntityOfPage\":{\"@id\":\"https:\\\/\\\/luxonomy.net\\\/es\\\/silbon-ficha-a-la-exdirectora-de-marketing-de-suarez-andrea-de-juan\\\/\"},\"wordCount\":655,\"commentCount\":0,\"publisher\":{\"@id\":\"https:\\\/\\\/luxonomy.net\\\/es\\\/#organization\"},\"image\":{\"@id\":\"https:\\\/\\\/luxonomy.net\\\/es\\\/silbon-ficha-a-la-exdirectora-de-marketing-de-suarez-andrea-de-juan\\\/#primaryimage\"},\"thumbnailUrl\":\"https:\\\/\\\/i0.wp.com\\\/luxonomy.net\\\/wp-content\\\/uploads\\\/2023\\\/01\\\/Andrea-de-Juan-CMO-Silbon.jpeg?fit=820%2C1024&ssl=1\",\"keywords\":[\"actualidad\",\"empleo\",\"Moda\"],\"articleSection\":[\"Actualidad\",\"Moda\"],\"inLanguage\":\"es\",\"potentialAction\":[{\"@type\":\"CommentAction\",\"name\":\"Comment\",\"target\":[\"https:\\\/\\\/luxonomy.net\\\/es\\\/silbon-ficha-a-la-exdirectora-de-marketing-de-suarez-andrea-de-juan\\\/#respond\"]}]},{\"@type\":\"WebPage\",\"@id\":\"https:\\\/\\\/luxonomy.net\\\/es\\\/silbon-ficha-a-la-exdirectora-de-marketing-de-suarez-andrea-de-juan\\\/\",\"url\":\"https:\\\/\\\/luxonomy.net\\\/es\\\/silbon-ficha-a-la-exdirectora-de-marketing-de-suarez-andrea-de-juan\\\/\",\"name\":\"Silbon ficha a la exdirectora de marketing de Suarez, Andrea de Juan | LUXONOMY\",\"isPartOf\":{\"@id\":\"https:\\\/\\\/luxonomy.net\\\/es\\\/#website\"},\"primaryImageOfPage\":{\"@id\":\"https:\\\/\\\/luxonomy.net\\\/es\\\/silbon-ficha-a-la-exdirectora-de-marketing-de-suarez-andrea-de-juan\\\/#primaryimage\"},\"image\":{\"@id\":\"https:\\\/\\\/luxonomy.net\\\/es\\\/silbon-ficha-a-la-exdirectora-de-marketing-de-suarez-andrea-de-juan\\\/#primaryimage\"},\"thumbnailUrl\":\"https:\\\/\\\/i0.wp.com\\\/luxonomy.net\\\/wp-content\\\/uploads\\\/2023\\\/01\\\/Andrea-de-Juan-CMO-Silbon.jpeg?fit=820%2C1024&ssl=1\",\"datePublished\":\"2023-01-12T09:56:28+00:00\",\"breadcrumb\":{\"@id\":\"https:\\\/\\\/luxonomy.net\\\/es\\\/silbon-ficha-a-la-exdirectora-de-marketing-de-suarez-andrea-de-juan\\\/#breadcrumb\"},\"inLanguage\":\"es\",\"potentialAction\":[{\"@type\":\"ReadAction\",\"target\":[\"https:\\\/\\\/luxonomy.net\\\/es\\\/silbon-ficha-a-la-exdirectora-de-marketing-de-suarez-andrea-de-juan\\\/\"]}]},{\"@type\":\"ImageObject\",\"inLanguage\":\"es\",\"@id\":\"https:\\\/\\\/luxonomy.net\\\/es\\\/silbon-ficha-a-la-exdirectora-de-marketing-de-suarez-andrea-de-juan\\\/#primaryimage\",\"url\":\"https:\\\/\\\/i0.wp.com\\\/luxonomy.net\\\/wp-content\\\/uploads\\\/2023\\\/01\\\/Andrea-de-Juan-CMO-Silbon.jpeg?fit=820%2C1024&ssl=1\",\"contentUrl\":\"https:\\\/\\\/i0.wp.com\\\/luxonomy.net\\\/wp-content\\\/uploads\\\/2023\\\/01\\\/Andrea-de-Juan-CMO-Silbon.jpeg?fit=820%2C1024&ssl=1\",\"width\":820,\"height\":1024},{\"@type\":\"BreadcrumbList\",\"@id\":\"https:\\\/\\\/luxonomy.net\\\/es\\\/silbon-ficha-a-la-exdirectora-de-marketing-de-suarez-andrea-de-juan\\\/#breadcrumb\",\"itemListElement\":[{\"@type\":\"ListItem\",\"position\":1,\"name\":\"Portada\",\"item\":\"https:\\\/\\\/luxonomy.net\\\/es\\\/\"},{\"@type\":\"ListItem\",\"position\":2,\"name\":\"Silbon ficha a la exdirectora de marketing de Suarez, Andrea de Juan\"}]},{\"@type\":\"WebSite\",\"@id\":\"https:\\\/\\\/luxonomy.net\\\/es\\\/#website\",\"url\":\"https:\\\/\\\/luxonomy.net\\\/es\\\/\",\"name\":\"LUXONOMY\",\"description\":\"The Economy of Fashion &amp; Luxury\",\"publisher\":{\"@id\":\"https:\\\/\\\/luxonomy.net\\\/es\\\/#organization\"},\"potentialAction\":[{\"@type\":\"SearchAction\",\"target\":{\"@type\":\"EntryPoint\",\"urlTemplate\":\"https:\\\/\\\/luxonomy.net\\\/es\\\/?s={search_term_string}\"},\"query-input\":{\"@type\":\"PropertyValueSpecification\",\"valueRequired\":true,\"valueName\":\"search_term_string\"}}],\"inLanguage\":\"es\"},{\"@type\":\"Organization\",\"@id\":\"https:\\\/\\\/luxonomy.net\\\/es\\\/#organization\",\"name\":\"LUXONOMY\",\"url\":\"https:\\\/\\\/luxonomy.net\\\/es\\\/\",\"logo\":{\"@type\":\"ImageObject\",\"inLanguage\":\"es\",\"@id\":\"https:\\\/\\\/luxonomy.net\\\/es\\\/#\\\/schema\\\/logo\\\/image\\\/\",\"url\":\"https:\\\/\\\/i2.wp.com\\\/luxonomy.net\\\/wp-content\\\/uploads\\\/2021\\\/09\\\/MOCKUP-TODOS-LUXONOMY.jpg?fit=1000%2C515&ssl=1\",\"contentUrl\":\"https:\\\/\\\/i2.wp.com\\\/luxonomy.net\\\/wp-content\\\/uploads\\\/2021\\\/09\\\/MOCKUP-TODOS-LUXONOMY.jpg?fit=1000%2C515&ssl=1\",\"width\":1000,\"height\":515,\"caption\":\"LUXONOMY\"},\"image\":{\"@id\":\"https:\\\/\\\/luxonomy.net\\\/es\\\/#\\\/schema\\\/logo\\\/image\\\/\"},\"sameAs\":[\"https:\\\/\\\/www.facebook.com\\\/luxonomy\",\"https:\\\/\\\/www.instagram.com\\\/luxonomy\\\/\",\"https:\\\/\\\/www.linkedin.com\\\/company\\\/luxonomy\\\/\"]},{\"@type\":\"Person\",\"@id\":\"https:\\\/\\\/luxonomy.net\\\/es\\\/#\\\/schema\\\/person\\\/c5b6009a752bcc03b6b0a35b41e0ce40\",\"name\":\"LUXONOMY\",\"image\":{\"@type\":\"ImageObject\",\"inLanguage\":\"es\",\"@id\":\"https:\\\/\\\/luxonomy.net\\\/wp-content\\\/litespeed\\\/avatar\\\/a6436cdb14fdaf9c21808e63d0da2055.jpg?ver=1788366758\",\"url\":\"https:\\\/\\\/luxonomy.net\\\/wp-content\\\/litespeed\\\/avatar\\\/a6436cdb14fdaf9c21808e63d0da2055.jpg?ver=1788366758\",\"contentUrl\":\"https:\\\/\\\/luxonomy.net\\\/wp-content\\\/litespeed\\\/avatar\\\/a6436cdb14fdaf9c21808e63d0da2055.jpg?ver=1788366758\",\"caption\":\"LUXONOMY\"},\"sameAs\":[\"https:\\\/\"],\"url\":\"https:\\\/\\\/luxonomy.net\\\/es\\\/author\\\/luxonomy\\\/\"}]}<\/script>\n<!-- \/ Yoast SEO plugin. -->","yoast_head_json":{"title":"Silbon ficha a la exdirectora de marketing de Suarez, Andrea de Juan | LUXONOMY","robots":{"index":"index","follow":"follow","max-snippet":"max-snippet:-1","max-image-preview":"max-image-preview:large","max-video-preview":"max-video-preview:-1"},"canonical":"https:\/\/luxonomy.net\/es\/silbon-ficha-a-la-exdirectora-de-marketing-de-suarez-andrea-de-juan\/","og_locale":"es_ES","og_type":"article","og_title":"Silbon ficha a la exdirectora de marketing de Suarez, Andrea de Juan | LUXONOMY","og_description":"El comienzo de a\u00f1o llega a Silbon con nuevo fichaje para reforzar la plantilla de la firma cordobesa que terminaba con \u00e9xito 2022, tanto a nivel expansivo llegando a los cincuenta establecimientos propios, como en cuanto a ventas, consiguiendo una facturaci\u00f3n de treinta millones de euros. Ante esta escalada, la firma de moda cordobesa ha&hellip;","og_url":"https:\/\/luxonomy.net\/es\/silbon-ficha-a-la-exdirectora-de-marketing-de-suarez-andrea-de-juan\/","og_site_name":"LUXONOMY","article_publisher":"https:\/\/www.facebook.com\/luxonomy","article_published_time":"2023-01-12T09:56:28+00:00","og_image":[{"width":820,"height":1024,"url":"https:\/\/i0.wp.com\/luxonomy.net\/wp-content\/uploads\/2023\/01\/Andrea-de-Juan-CMO-Silbon.jpeg?fit=820%2C1024&quality=89&ssl=1","type":"image\/jpeg"}],"author":"LUXONOMY","twitter_card":"summary_large_image","twitter_misc":{"Escrito por":"LUXONOMY","Tiempo de lectura":"3 minutos"},"schema":{"@context":"https:\/\/schema.org","@graph":[{"@type":"Article","@id":"https:\/\/luxonomy.net\/es\/silbon-ficha-a-la-exdirectora-de-marketing-de-suarez-andrea-de-juan\/#article","isPartOf":{"@id":"https:\/\/luxonomy.net\/es\/silbon-ficha-a-la-exdirectora-de-marketing-de-suarez-andrea-de-juan\/"},"author":{"name":"LUXONOMY","@id":"https:\/\/luxonomy.net\/es\/#\/schema\/person\/c5b6009a752bcc03b6b0a35b41e0ce40"},"headline":"Silbon ficha a la exdirectora de marketing de Suarez, Andrea de Juan","datePublished":"2023-01-12T09:56:28+00:00","mainEntityOfPage":{"@id":"https:\/\/luxonomy.net\/es\/silbon-ficha-a-la-exdirectora-de-marketing-de-suarez-andrea-de-juan\/"},"wordCount":655,"commentCount":0,"publisher":{"@id":"https:\/\/luxonomy.net\/es\/#organization"},"image":{"@id":"https:\/\/luxonomy.net\/es\/silbon-ficha-a-la-exdirectora-de-marketing-de-suarez-andrea-de-juan\/#primaryimage"},"thumbnailUrl":"https:\/\/i0.wp.com\/luxonomy.net\/wp-content\/uploads\/2023\/01\/Andrea-de-Juan-CMO-Silbon.jpeg?fit=820%2C1024&ssl=1","keywords":["actualidad","empleo","Moda"],"articleSection":["Actualidad","Moda"],"inLanguage":"es","potentialAction":[{"@type":"CommentAction","name":"Comment","target":["https:\/\/luxonomy.net\/es\/silbon-ficha-a-la-exdirectora-de-marketing-de-suarez-andrea-de-juan\/#respond"]}]},{"@type":"WebPage","@id":"https:\/\/luxonomy.net\/es\/silbon-ficha-a-la-exdirectora-de-marketing-de-suarez-andrea-de-juan\/","url":"https:\/\/luxonomy.net\/es\/silbon-ficha-a-la-exdirectora-de-marketing-de-suarez-andrea-de-juan\/","name":"Silbon ficha a la exdirectora de marketing de Suarez, Andrea de Juan | LUXONOMY","isPartOf":{"@id":"https:\/\/luxonomy.net\/es\/#website"},"primaryImageOfPage":{"@id":"https:\/\/luxonomy.net\/es\/silbon-ficha-a-la-exdirectora-de-marketing-de-suarez-andrea-de-juan\/#primaryimage"},"image":{"@id":"https:\/\/luxonomy.net\/es\/silbon-ficha-a-la-exdirectora-de-marketing-de-suarez-andrea-de-juan\/#primaryimage"},"thumbnailUrl":"https:\/\/i0.wp.com\/luxonomy.net\/wp-content\/uploads\/2023\/01\/Andrea-de-Juan-CMO-Silbon.jpeg?fit=820%2C1024&ssl=1","datePublished":"2023-01-12T09:56:28+00:00","breadcrumb":{"@id":"https:\/\/luxonomy.net\/es\/silbon-ficha-a-la-exdirectora-de-marketing-de-suarez-andrea-de-juan\/#breadcrumb"},"inLanguage":"es","potentialAction":[{"@type":"ReadAction","target":["https:\/\/luxonomy.net\/es\/silbon-ficha-a-la-exdirectora-de-marketing-de-suarez-andrea-de-juan\/"]}]},{"@type":"ImageObject","inLanguage":"es","@id":"https:\/\/luxonomy.net\/es\/silbon-ficha-a-la-exdirectora-de-marketing-de-suarez-andrea-de-juan\/#primaryimage","url":"https:\/\/i0.wp.com\/luxonomy.net\/wp-content\/uploads\/2023\/01\/Andrea-de-Juan-CMO-Silbon.jpeg?fit=820%2C1024&ssl=1","contentUrl":"https:\/\/i0.wp.com\/luxonomy.net\/wp-content\/uploads\/2023\/01\/Andrea-de-Juan-CMO-Silbon.jpeg?fit=820%2C1024&ssl=1","width":820,"height":1024},{"@type":"BreadcrumbList","@id":"https:\/\/luxonomy.net\/es\/silbon-ficha-a-la-exdirectora-de-marketing-de-suarez-andrea-de-juan\/#breadcrumb","itemListElement":[{"@type":"ListItem","position":1,"name":"Portada","item":"https:\/\/luxonomy.net\/es\/"},{"@type":"ListItem","position":2,"name":"Silbon ficha a la exdirectora de marketing de Suarez, Andrea de Juan"}]},{"@type":"WebSite","@id":"https:\/\/luxonomy.net\/es\/#website","url":"https:\/\/luxonomy.net\/es\/","name":"LUXONOMY","description":"The Economy of Fashion &amp; Luxury","publisher":{"@id":"https:\/\/luxonomy.net\/es\/#organization"},"potentialAction":[{"@type":"SearchAction","target":{"@type":"EntryPoint","urlTemplate":"https:\/\/luxonomy.net\/es\/?s={search_term_string}"},"query-input":{"@type":"PropertyValueSpecification","valueRequired":true,"valueName":"search_term_string"}}],"inLanguage":"es"},{"@type":"Organization","@id":"https:\/\/luxonomy.net\/es\/#organization","name":"LUXONOMY","url":"https:\/\/luxonomy.net\/es\/","logo":{"@type":"ImageObject","inLanguage":"es","@id":"https:\/\/luxonomy.net\/es\/#\/schema\/logo\/image\/","url":"https:\/\/i2.wp.com\/luxonomy.net\/wp-content\/uploads\/2021\/09\/MOCKUP-TODOS-LUXONOMY.jpg?fit=1000%2C515&ssl=1","contentUrl":"https:\/\/i2.wp.com\/luxonomy.net\/wp-content\/uploads\/2021\/09\/MOCKUP-TODOS-LUXONOMY.jpg?fit=1000%2C515&ssl=1","width":1000,"height":515,"caption":"LUXONOMY"},"image":{"@id":"https:\/\/luxonomy.net\/es\/#\/schema\/logo\/image\/"},"sameAs":["https:\/\/www.facebook.com\/luxonomy","https:\/\/www.instagram.com\/luxonomy\/","https:\/\/www.linkedin.com\/company\/luxonomy\/"]},{"@type":"Person","@id":"https:\/\/luxonomy.net\/es\/#\/schema\/person\/c5b6009a752bcc03b6b0a35b41e0ce40","name":"LUXONOMY","image":{"@type":"ImageObject","inLanguage":"es","@id":"https:\/\/luxonomy.net\/wp-content\/litespeed\/avatar\/a6436cdb14fdaf9c21808e63d0da2055.jpg?ver=1788366758","url":"https:\/\/luxonomy.net\/wp-content\/litespeed\/avatar\/a6436cdb14fdaf9c21808e63d0da2055.jpg?ver=1788366758","contentUrl":"https:\/\/luxonomy.net\/wp-content\/litespeed\/avatar\/a6436cdb14fdaf9c21808e63d0da2055.jpg?ver=1788366758","caption":"LUXONOMY"},"sameAs":["https:\/"],"url":"https:\/\/luxonomy.net\/es\/author\/luxonomy\/"}]}},"jetpack_publicize_connections":[],"jetpack_shortlink":"https:\/\/wp.me\/paPhBa-8aB","jetpack_sharing_enabled":true,"jetpack_featured_media_url":"https:\/\/i0.wp.com\/luxonomy.net\/wp-content\/uploads\/2023\/01\/Andrea-de-Juan-CMO-Silbon.jpeg?fit=820%2C1024&ssl=1","_links":{"self":[{"href":"https:\/\/luxonomy.net\/es\/wp-json\/wp\/v2\/posts\/31409","targetHints":{"allow":["GET"]}}],"collection":[{"href":"https:\/\/luxonomy.net\/es\/wp-json\/wp\/v2\/posts"}],"about":[{"href":"https:\/\/luxonomy.net\/es\/wp-json\/wp\/v2\/types\/post"}],"author":[{"embeddable":true,"href":"https:\/\/luxonomy.net\/es\/wp-json\/wp\/v2\/users\/1"}],"replies":[{"embeddable":true,"href":"https:\/\/luxonomy.net\/es\/wp-json\/wp\/v2\/comments?post=31409"}],"version-history":[{"count":1,"href":"https:\/\/luxonomy.net\/es\/wp-json\/wp\/v2\/posts\/31409\/revisions"}],"predecessor-version":[{"id":31412,"href":"https:\/\/luxonomy.net\/es\/wp-json\/wp\/v2\/posts\/31409\/revisions\/31412"}],"wp:featuredmedia":[{"embeddable":true,"href":"https:\/\/luxonomy.net\/es\/wp-json\/wp\/v2\/media\/31410"}],"wp:attachment":[{"href":"https:\/\/luxonomy.net\/es\/wp-json\/wp\/v2\/media?parent=31409"}],"wp:term":[{"taxonomy":"category","embeddable":true,"href":"https:\/\/luxonomy.net\/es\/wp-json\/wp\/v2\/categories?post=31409"},{"taxonomy":"post_tag","embeddable":true,"href":"https:\/\/luxonomy.net\/es\/wp-json\/wp\/v2\/tags?post=31409"},{"taxonomy":"thb-sponsors","embeddable":true,"href":"https:\/\/luxonomy.net\/es\/wp-json\/wp\/v2\/thb-sponsors?post=31409"}],"curies":[{"name":"wp","href":"https:\/\/api.w.org\/{rel}","templated":true}]}}