{"id":31298,"date":"2023-01-08T15:47:17","date_gmt":"2023-01-08T14:47:17","guid":{"rendered":"https:\/?p=31298"},"modified":"2023-01-13T10:50:47","modified_gmt":"2023-01-13T09:50:47","slug":"proximos-eventos-luxonomy","status":"publish","type":"post","link":"https:\/\/luxonomy.net\/es\/proximos-eventos-luxonomy\/","title":{"rendered":"Pr\u00f3ximos eventos LUXONOMY"},"content":{"rendered":"<p>PR\u00d3XIMOS EVENTOS LUXONOMY\u2122<br \/>\n&#8211;<strong>12 enero.<\/strong> <strong>Di\u00e1logos LUXONOMY-ESIC<\/strong> con Ana Rodr\u00edguez Nogueiras <strong>CEO de Lladr\u00f3, S.A.<\/strong> Certificado de participaci\u00f3n. \u201cECO-LUJO, PROCESO ARTESANAL E INTERNACIONALIZACI\u00d3N\u201d. <strong><a href=\"https:\/live\/\">INSCRIPCIONES.<\/a><\/strong><br \/>\n&#8211;<strong>18 enero<\/strong>. <strong>Clase privada Alumni<\/strong> con Pablo Guti\u00e9rrez-Rav\u00e9\u00a0<strong>CEO de LUXONOMY.\u00a0<\/strong>\u201cC\u00f3mo crear una sede de tu empresa, una oficina, o una tienda en el Metaverso.\u201d <strong><a href=\"https:\/clase-privada-como-crear-una-sede-de-tu-empresa-una-oficina-o-una-tienda-en-el-metaverso\/\">INSCRIPCIONES<\/a><\/strong>.<br \/>\n&#8211;<strong>24 enero<\/strong>. <strong>Clase privada Alumni<\/strong> con Pablo L\u00f3pez <strong>CEO y co-founder de SILBON. <a href=\"https:\/clase-privada-alumni-con-pablo-lopez-ceo-y-co-fundador-de-silbon\/\">INSCRIPCIONES<\/a>.<\/strong><br \/>\n&#8211;<strong>9 febrero<\/strong>. <strong>Di\u00e1logos LUXONOMY-ESIC<\/strong> con Tom\u00e1s Vill\u00e9n <strong>CEO de Porsche Ib\u00e9rica<\/strong> Certificado de participaci\u00f3n. \u201cLA MAYOR TRANSFORMACI\u00d3N DE LA HISTORIA DE LA AUTOMOCI\u00d3N\u201d. <strong><a href=\"https:\/live\/\">INSCRIPCIONES<\/a>.<\/strong><\/p>\n<p>INSCRIPCIONES desde <a href=\"https:\">https:<\/a> en la pesta\u00f1a EVENTOS.<\/p>\n<p><a href=\"https:\/unirme\/\"><strong>Suscr\u00edbete al newsletter<\/strong><\/a> y mantente al d\u00eda del futuro de la moda y el lujo.<\/p><div id=\"luxon-2109831919\" class=\"luxon-3er-parrafo luxon-entity-placement\" style=\"margin-top: 20px;margin-bottom: 20px;margin-left: auto;margin-right: auto;text-align: center;\"><a href=\"https:\/\/luxonomy.university\/course\/master-turismo-de-lujo\" target=\"_blank\" aria-label=\"master-turismo-lujo-2026-2027\"><img loading=\"lazy\" decoding=\"async\" src=\"https:\/\/i0.wp.com\/luxonomy.net\/wp-content\/uploads\/2020\/07\/master-turismo-lujo-2026-2027.jpg?fit=1672%2C941&#038;ssl=1\" alt=\"\"  srcset=\"https:\/\/i0.wp.com\/luxonomy.net\/wp-content\/uploads\/2020\/07\/master-turismo-lujo-2026-2027.jpg?w=1672&ssl=1 1672w, https:\/\/i0.wp.com\/luxonomy.net\/wp-content\/uploads\/2020\/07\/master-turismo-lujo-2026-2027.jpg?resize=300%2C169&ssl=1 300w, https:\/\/i0.wp.com\/luxonomy.net\/wp-content\/uploads\/2020\/07\/master-turismo-lujo-2026-2027.jpg?resize=1024%2C576&ssl=1 1024w, https:\/\/i0.wp.com\/luxonomy.net\/wp-content\/uploads\/2020\/07\/master-turismo-lujo-2026-2027.jpg?resize=768%2C432&ssl=1 768w, https:\/\/i0.wp.com\/luxonomy.net\/wp-content\/uploads\/2020\/07\/master-turismo-lujo-2026-2027.jpg?resize=1536%2C864&ssl=1 1536w, https:\/\/i0.wp.com\/luxonomy.net\/wp-content\/uploads\/2020\/07\/master-turismo-lujo-2026-2027.jpg?resize=370%2C208&ssl=1 370w, https:\/\/i0.wp.com\/luxonomy.net\/wp-content\/uploads\/2020\/07\/master-turismo-lujo-2026-2027.jpg?resize=800%2C450&ssl=1 800w, https:\/\/i0.wp.com\/luxonomy.net\/wp-content\/uploads\/2020\/07\/master-turismo-lujo-2026-2027.jpg?resize=20%2C11&ssl=1 20w, https:\/\/i0.wp.com\/luxonomy.net\/wp-content\/uploads\/2020\/07\/master-turismo-lujo-2026-2027.jpg?resize=740%2C416&ssl=1 740w, https:\/\/i0.wp.com\/luxonomy.net\/wp-content\/uploads\/2020\/07\/master-turismo-lujo-2026-2027.jpg?resize=1600%2C900&ssl=1 1600w, https:\/\/i0.wp.com\/luxonomy.net\/wp-content\/uploads\/2020\/07\/master-turismo-lujo-2026-2027.jpg?resize=1200%2C675&ssl=1 1200w, https:\/\/i0.wp.com\/luxonomy.net\/wp-content\/uploads\/2020\/07\/master-turismo-lujo-2026-2027.jpg?resize=85%2C48&ssl=1 85w\" sizes=\"(max-width: 1170px) 100vw, 1170px\" class=\"no-lazyload\" width=\"1672\" height=\"941\"   \/><\/a><\/div>\n","protected":false},"excerpt":{"rendered":"<p>PR\u00d3XIMOS EVENTOS LUXONOMY\u2122 &#8211;12 enero. Di\u00e1logos LUXONOMY-ESIC con Ana Rodr\u00edguez Nogueiras CEO de Lladr\u00f3, S.A. Certificado de participaci\u00f3n. \u201cECO-LUJO, PROCESO ARTESANAL E INTERNACIONALIZACI\u00d3N\u201d. INSCRIPCIONES. &#8211;18 enero. Clase privada Alumni con Pablo Guti\u00e9rrez-Rav\u00e9\u00a0CEO de LUXONOMY.\u00a0\u201cC\u00f3mo crear una sede de tu empresa, una oficina, o una tienda en el Metaverso.\u201d INSCRIPCIONES. &#8211;24 enero. Clase privada Alumni con&hellip;<\/p>\n","protected":false},"author":1,"featured_media":31299,"comment_status":"open","ping_status":"open","sticky":false,"template":"","format":"standard","meta":{"_jetpack_newsletter_access":"","_jetpack_dont_email_post_to_subs":false,"_jetpack_newsletter_tier_id":0,"_jetpack_memberships_contains_paywalled_content":false,"_jetpack_feature_clip_id":0,"_jetpack_memberships_contains_paid_content":false,"footnotes":"","jetpack_publicize_message":"","jetpack_publicize_feature_enabled":true,"jetpack_social_post_already_shared":true,"jetpack_social_options":{"image_generator_settings":{"template":"edge","default_image_id":0,"font":"","enabled":false},"version":2},"jetpack_post_was_ever_published":false},"categories":[227],"tags":[228],"thb-sponsors":[],"class_list":["post-31298","post","type-post","status-publish","format-standard","has-post-thumbnail","hentry","category-eventos","tag-eventos"],"yoast_head":"<!-- This site is optimized with the Yoast SEO plugin v28.4 - https:\/\/yoast.com\/product\/yoast-seo-wordpress\/ -->\n<title>Pr\u00f3ximos eventos LUXONOMY | LUXONOMY<\/title>\n<meta name=\"robots\" content=\"index, follow, max-snippet:-1, max-image-preview:large, max-video-preview:-1\" \/>\n<link rel=\"canonical\" href=\"https:\/\/luxonomy.net\/es\/proximos-eventos-luxonomy\/\" \/>\n<meta property=\"og:locale\" content=\"es_ES\" \/>\n<meta property=\"og:type\" content=\"article\" \/>\n<meta property=\"og:title\" content=\"Pr\u00f3ximos eventos LUXONOMY | LUXONOMY\" \/>\n<meta property=\"og:description\" content=\"PR\u00d3XIMOS EVENTOS LUXONOMY\u2122 &#8211;12 enero. Di\u00e1logos LUXONOMY-ESIC con Ana Rodr\u00edguez Nogueiras CEO de Lladr\u00f3, S.A. Certificado de participaci\u00f3n. \u201cECO-LUJO, PROCESO ARTESANAL E INTERNACIONALIZACI\u00d3N\u201d. INSCRIPCIONES. &#8211;18 enero. Clase privada Alumni con Pablo Guti\u00e9rrez-Rav\u00e9\u00a0CEO de LUXONOMY.\u00a0\u201cC\u00f3mo crear una sede de tu empresa, una oficina, o una tienda en el Metaverso.\u201d INSCRIPCIONES. &#8211;24 enero. Clase privada Alumni con&hellip;\" \/>\n<meta property=\"og:url\" content=\"https:\/\/luxonomy.net\/es\/proximos-eventos-luxonomy\/\" \/>\n<meta property=\"og:site_name\" content=\"LUXONOMY\" \/>\n<meta property=\"article:publisher\" content=\"https:\/\/www.facebook.com\/luxonomy\" \/>\n<meta property=\"article:published_time\" content=\"2023-01-08T14:47:17+00:00\" \/>\n<meta property=\"article:modified_time\" content=\"2023-01-13T09:50:47+00:00\" \/>\n<meta property=\"og:image\" content=\"https:\/\/i0.wp.com\/luxonomy.net\/wp-content\/uploads\/2023\/01\/WhatsApp-Image-2023-01-08-at-15.38.23.jpeg?fit=1024%2C684&quality=89&ssl=1\" \/>\n\t<meta property=\"og:image:width\" content=\"1024\" \/>\n\t<meta property=\"og:image:height\" content=\"684\" \/>\n\t<meta property=\"og:image:type\" content=\"image\/jpeg\" \/>\n<meta name=\"author\" content=\"LUXONOMY\" \/>\n<meta name=\"twitter:card\" content=\"summary_large_image\" \/>\n<meta name=\"twitter:label1\" content=\"Escrito por\" \/>\n\t<meta name=\"twitter:data1\" content=\"LUXONOMY\" \/>\n\t<meta name=\"twitter:label2\" content=\"Tiempo de lectura\" \/>\n\t<meta name=\"twitter:data2\" content=\"1 minuto\" \/>\n<script type=\"application\/ld+json\" class=\"yoast-schema-graph\">{\"@context\":\"https:\\\/\\\/schema.org\",\"@graph\":[{\"@type\":\"Article\",\"@id\":\"https:\\\/\\\/luxonomy.net\\\/es\\\/proximos-eventos-luxonomy\\\/#article\",\"isPartOf\":{\"@id\":\"https:\\\/\\\/luxonomy.net\\\/es\\\/proximos-eventos-luxonomy\\\/\"},\"author\":{\"name\":\"LUXONOMY\",\"@id\":\"https:\\\/\\\/luxonomy.net\\\/es\\\/#\\\/schema\\\/person\\\/ca588d8b741a1fdd9065289c8d98ee8c\"},\"headline\":\"Pr\u00f3ximos eventos LUXONOMY\",\"datePublished\":\"2023-01-08T14:47:17+00:00\",\"dateModified\":\"2023-01-13T09:50:47+00:00\",\"mainEntityOfPage\":{\"@id\":\"https:\\\/\\\/luxonomy.net\\\/es\\\/proximos-eventos-luxonomy\\\/\"},\"wordCount\":134,\"commentCount\":0,\"publisher\":{\"@id\":\"https:\\\/\\\/luxonomy.net\\\/es\\\/#organization\"},\"image\":{\"@id\":\"https:\\\/\\\/luxonomy.net\\\/es\\\/proximos-eventos-luxonomy\\\/#primaryimage\"},\"thumbnailUrl\":\"https:\\\/\\\/i0.wp.com\\\/luxonomy.net\\\/wp-content\\\/uploads\\\/2023\\\/01\\\/WhatsApp-Image-2023-01-08-at-15.38.23.jpeg?fit=1024%2C684&ssl=1\",\"keywords\":[\"Eventos\"],\"articleSection\":[\"Eventos\"],\"inLanguage\":\"es\",\"potentialAction\":[{\"@type\":\"CommentAction\",\"name\":\"Comment\",\"target\":[\"https:\\\/\\\/luxonomy.net\\\/es\\\/proximos-eventos-luxonomy\\\/#respond\"]}]},{\"@type\":\"WebPage\",\"@id\":\"https:\\\/\\\/luxonomy.net\\\/es\\\/proximos-eventos-luxonomy\\\/\",\"url\":\"https:\\\/\\\/luxonomy.net\\\/es\\\/proximos-eventos-luxonomy\\\/\",\"name\":\"Pr\u00f3ximos eventos LUXONOMY | LUXONOMY\",\"isPartOf\":{\"@id\":\"https:\\\/\\\/luxonomy.net\\\/es\\\/#website\"},\"primaryImageOfPage\":{\"@id\":\"https:\\\/\\\/luxonomy.net\\\/es\\\/proximos-eventos-luxonomy\\\/#primaryimage\"},\"image\":{\"@id\":\"https:\\\/\\\/luxonomy.net\\\/es\\\/proximos-eventos-luxonomy\\\/#primaryimage\"},\"thumbnailUrl\":\"https:\\\/\\\/i0.wp.com\\\/luxonomy.net\\\/wp-content\\\/uploads\\\/2023\\\/01\\\/WhatsApp-Image-2023-01-08-at-15.38.23.jpeg?fit=1024%2C684&ssl=1\",\"datePublished\":\"2023-01-08T14:47:17+00:00\",\"dateModified\":\"2023-01-13T09:50:47+00:00\",\"breadcrumb\":{\"@id\":\"https:\\\/\\\/luxonomy.net\\\/es\\\/proximos-eventos-luxonomy\\\/#breadcrumb\"},\"inLanguage\":\"es\",\"potentialAction\":[{\"@type\":\"ReadAction\",\"target\":[\"https:\\\/\\\/luxonomy.net\\\/es\\\/proximos-eventos-luxonomy\\\/\"]}]},{\"@type\":\"ImageObject\",\"inLanguage\":\"es\",\"@id\":\"https:\\\/\\\/luxonomy.net\\\/es\\\/proximos-eventos-luxonomy\\\/#primaryimage\",\"url\":\"https:\\\/\\\/i0.wp.com\\\/luxonomy.net\\\/wp-content\\\/uploads\\\/2023\\\/01\\\/WhatsApp-Image-2023-01-08-at-15.38.23.jpeg?fit=1024%2C684&ssl=1\",\"contentUrl\":\"https:\\\/\\\/i0.wp.com\\\/luxonomy.net\\\/wp-content\\\/uploads\\\/2023\\\/01\\\/WhatsApp-Image-2023-01-08-at-15.38.23.jpeg?fit=1024%2C684&ssl=1\",\"width\":1024,\"height\":684},{\"@type\":\"BreadcrumbList\",\"@id\":\"https:\\\/\\\/luxonomy.net\\\/es\\\/proximos-eventos-luxonomy\\\/#breadcrumb\",\"itemListElement\":[{\"@type\":\"ListItem\",\"position\":1,\"name\":\"Portada\",\"item\":\"https:\\\/\\\/luxonomy.net\\\/es\\\/\"},{\"@type\":\"ListItem\",\"position\":2,\"name\":\"Pr\u00f3ximos eventos LUXONOMY\"}]},{\"@type\":\"WebSite\",\"@id\":\"https:\\\/\\\/luxonomy.net\\\/es\\\/#website\",\"url\":\"https:\\\/\\\/luxonomy.net\\\/es\\\/\",\"name\":\"LUXONOMY\",\"description\":\"The Economy of Fashion &amp; Luxury\",\"publisher\":{\"@id\":\"https:\\\/\\\/luxonomy.net\\\/es\\\/#organization\"},\"potentialAction\":[{\"@type\":\"SearchAction\",\"target\":{\"@type\":\"EntryPoint\",\"urlTemplate\":\"https:\\\/\\\/luxonomy.net\\\/es\\\/?s={search_term_string}\"},\"query-input\":{\"@type\":\"PropertyValueSpecification\",\"valueRequired\":true,\"valueName\":\"search_term_string\"}}],\"inLanguage\":\"es\"},{\"@type\":\"Organization\",\"@id\":\"https:\\\/\\\/luxonomy.net\\\/es\\\/#organization\",\"name\":\"LUXONOMY\",\"url\":\"https:\\\/\\\/luxonomy.net\\\/es\\\/\",\"logo\":{\"@type\":\"ImageObject\",\"inLanguage\":\"es\",\"@id\":\"https:\\\/\\\/luxonomy.net\\\/es\\\/#\\\/schema\\\/logo\\\/image\\\/\",\"url\":\"https:\\\/\\\/i2.wp.com\\\/luxonomy.net\\\/wp-content\\\/uploads\\\/2021\\\/09\\\/MOCKUP-TODOS-LUXONOMY.jpg?fit=1000%2C515&ssl=1\",\"contentUrl\":\"https:\\\/\\\/i2.wp.com\\\/luxonomy.net\\\/wp-content\\\/uploads\\\/2021\\\/09\\\/MOCKUP-TODOS-LUXONOMY.jpg?fit=1000%2C515&ssl=1\",\"width\":1000,\"height\":515,\"caption\":\"LUXONOMY\"},\"image\":{\"@id\":\"https:\\\/\\\/luxonomy.net\\\/es\\\/#\\\/schema\\\/logo\\\/image\\\/\"},\"sameAs\":[\"https:\\\/\\\/www.facebook.com\\\/luxonomy\",\"https:\\\/\\\/www.instagram.com\\\/luxonomy\\\/\",\"https:\\\/\\\/www.linkedin.com\\\/company\\\/luxonomy\\\/\"]},{\"@type\":\"Person\",\"@id\":\"https:\\\/\\\/luxonomy.net\\\/es\\\/#\\\/schema\\\/person\\\/ca588d8b741a1fdd9065289c8d98ee8c\",\"name\":\"LUXONOMY\",\"image\":{\"@type\":\"ImageObject\",\"inLanguage\":\"es\",\"@id\":\"https:\\\/\\\/luxonomy.net\\\/wp-content\\\/litespeed\\\/avatar\\\/a6436cdb14fdaf9c21808e63d0da2055.jpg?ver=1788366758\",\"url\":\"https:\\\/\\\/luxonomy.net\\\/wp-content\\\/litespeed\\\/avatar\\\/a6436cdb14fdaf9c21808e63d0da2055.jpg?ver=1788366758\",\"contentUrl\":\"https:\\\/\\\/luxonomy.net\\\/wp-content\\\/litespeed\\\/avatar\\\/a6436cdb14fdaf9c21808e63d0da2055.jpg?ver=1788366758\",\"caption\":\"LUXONOMY\"},\"sameAs\":[\"https:\\\/\"],\"url\":\"https:\\\/\\\/luxonomy.net\\\/es\\\/author\\\/luxonomy\\\/\"}]}<\/script>\n<!-- \/ Yoast SEO plugin. -->","yoast_head_json":{"title":"Pr\u00f3ximos eventos LUXONOMY | LUXONOMY","robots":{"index":"index","follow":"follow","max-snippet":"max-snippet:-1","max-image-preview":"max-image-preview:large","max-video-preview":"max-video-preview:-1"},"canonical":"https:\/\/luxonomy.net\/es\/proximos-eventos-luxonomy\/","og_locale":"es_ES","og_type":"article","og_title":"Pr\u00f3ximos eventos LUXONOMY | LUXONOMY","og_description":"PR\u00d3XIMOS EVENTOS LUXONOMY\u2122 &#8211;12 enero. Di\u00e1logos LUXONOMY-ESIC con Ana Rodr\u00edguez Nogueiras CEO de Lladr\u00f3, S.A. Certificado de participaci\u00f3n. \u201cECO-LUJO, PROCESO ARTESANAL E INTERNACIONALIZACI\u00d3N\u201d. INSCRIPCIONES. &#8211;18 enero. Clase privada Alumni con Pablo Guti\u00e9rrez-Rav\u00e9\u00a0CEO de LUXONOMY.\u00a0\u201cC\u00f3mo crear una sede de tu empresa, una oficina, o una tienda en el Metaverso.\u201d INSCRIPCIONES. &#8211;24 enero. Clase privada Alumni con&hellip;","og_url":"https:\/\/luxonomy.net\/es\/proximos-eventos-luxonomy\/","og_site_name":"LUXONOMY","article_publisher":"https:\/\/www.facebook.com\/luxonomy","article_published_time":"2023-01-08T14:47:17+00:00","article_modified_time":"2023-01-13T09:50:47+00:00","og_image":[{"width":1024,"height":684,"url":"https:\/\/i0.wp.com\/luxonomy.net\/wp-content\/uploads\/2023\/01\/WhatsApp-Image-2023-01-08-at-15.38.23.jpeg?fit=1024%2C684&quality=89&ssl=1","type":"image\/jpeg"}],"author":"LUXONOMY","twitter_card":"summary_large_image","twitter_misc":{"Escrito por":"LUXONOMY","Tiempo de lectura":"1 minuto"},"schema":{"@context":"https:\/\/schema.org","@graph":[{"@type":"Article","@id":"https:\/\/luxonomy.net\/es\/proximos-eventos-luxonomy\/#article","isPartOf":{"@id":"https:\/\/luxonomy.net\/es\/proximos-eventos-luxonomy\/"},"author":{"name":"LUXONOMY","@id":"https:\/\/luxonomy.net\/es\/#\/schema\/person\/ca588d8b741a1fdd9065289c8d98ee8c"},"headline":"Pr\u00f3ximos eventos LUXONOMY","datePublished":"2023-01-08T14:47:17+00:00","dateModified":"2023-01-13T09:50:47+00:00","mainEntityOfPage":{"@id":"https:\/\/luxonomy.net\/es\/proximos-eventos-luxonomy\/"},"wordCount":134,"commentCount":0,"publisher":{"@id":"https:\/\/luxonomy.net\/es\/#organization"},"image":{"@id":"https:\/\/luxonomy.net\/es\/proximos-eventos-luxonomy\/#primaryimage"},"thumbnailUrl":"https:\/\/i0.wp.com\/luxonomy.net\/wp-content\/uploads\/2023\/01\/WhatsApp-Image-2023-01-08-at-15.38.23.jpeg?fit=1024%2C684&ssl=1","keywords":["Eventos"],"articleSection":["Eventos"],"inLanguage":"es","potentialAction":[{"@type":"CommentAction","name":"Comment","target":["https:\/\/luxonomy.net\/es\/proximos-eventos-luxonomy\/#respond"]}]},{"@type":"WebPage","@id":"https:\/\/luxonomy.net\/es\/proximos-eventos-luxonomy\/","url":"https:\/\/luxonomy.net\/es\/proximos-eventos-luxonomy\/","name":"Pr\u00f3ximos eventos LUXONOMY | LUXONOMY","isPartOf":{"@id":"https:\/\/luxonomy.net\/es\/#website"},"primaryImageOfPage":{"@id":"https:\/\/luxonomy.net\/es\/proximos-eventos-luxonomy\/#primaryimage"},"image":{"@id":"https:\/\/luxonomy.net\/es\/proximos-eventos-luxonomy\/#primaryimage"},"thumbnailUrl":"https:\/\/i0.wp.com\/luxonomy.net\/wp-content\/uploads\/2023\/01\/WhatsApp-Image-2023-01-08-at-15.38.23.jpeg?fit=1024%2C684&ssl=1","datePublished":"2023-01-08T14:47:17+00:00","dateModified":"2023-01-13T09:50:47+00:00","breadcrumb":{"@id":"https:\/\/luxonomy.net\/es\/proximos-eventos-luxonomy\/#breadcrumb"},"inLanguage":"es","potentialAction":[{"@type":"ReadAction","target":["https:\/\/luxonomy.net\/es\/proximos-eventos-luxonomy\/"]}]},{"@type":"ImageObject","inLanguage":"es","@id":"https:\/\/luxonomy.net\/es\/proximos-eventos-luxonomy\/#primaryimage","url":"https:\/\/i0.wp.com\/luxonomy.net\/wp-content\/uploads\/2023\/01\/WhatsApp-Image-2023-01-08-at-15.38.23.jpeg?fit=1024%2C684&ssl=1","contentUrl":"https:\/\/i0.wp.com\/luxonomy.net\/wp-content\/uploads\/2023\/01\/WhatsApp-Image-2023-01-08-at-15.38.23.jpeg?fit=1024%2C684&ssl=1","width":1024,"height":684},{"@type":"BreadcrumbList","@id":"https:\/\/luxonomy.net\/es\/proximos-eventos-luxonomy\/#breadcrumb","itemListElement":[{"@type":"ListItem","position":1,"name":"Portada","item":"https:\/\/luxonomy.net\/es\/"},{"@type":"ListItem","position":2,"name":"Pr\u00f3ximos eventos LUXONOMY"}]},{"@type":"WebSite","@id":"https:\/\/luxonomy.net\/es\/#website","url":"https:\/\/luxonomy.net\/es\/","name":"LUXONOMY","description":"The Economy of Fashion &amp; Luxury","publisher":{"@id":"https:\/\/luxonomy.net\/es\/#organization"},"potentialAction":[{"@type":"SearchAction","target":{"@type":"EntryPoint","urlTemplate":"https:\/\/luxonomy.net\/es\/?s={search_term_string}"},"query-input":{"@type":"PropertyValueSpecification","valueRequired":true,"valueName":"search_term_string"}}],"inLanguage":"es"},{"@type":"Organization","@id":"https:\/\/luxonomy.net\/es\/#organization","name":"LUXONOMY","url":"https:\/\/luxonomy.net\/es\/","logo":{"@type":"ImageObject","inLanguage":"es","@id":"https:\/\/luxonomy.net\/es\/#\/schema\/logo\/image\/","url":"https:\/\/i2.wp.com\/luxonomy.net\/wp-content\/uploads\/2021\/09\/MOCKUP-TODOS-LUXONOMY.jpg?fit=1000%2C515&ssl=1","contentUrl":"https:\/\/i2.wp.com\/luxonomy.net\/wp-content\/uploads\/2021\/09\/MOCKUP-TODOS-LUXONOMY.jpg?fit=1000%2C515&ssl=1","width":1000,"height":515,"caption":"LUXONOMY"},"image":{"@id":"https:\/\/luxonomy.net\/es\/#\/schema\/logo\/image\/"},"sameAs":["https:\/\/www.facebook.com\/luxonomy","https:\/\/www.instagram.com\/luxonomy\/","https:\/\/www.linkedin.com\/company\/luxonomy\/"]},{"@type":"Person","@id":"https:\/\/luxonomy.net\/es\/#\/schema\/person\/ca588d8b741a1fdd9065289c8d98ee8c","name":"LUXONOMY","image":{"@type":"ImageObject","inLanguage":"es","@id":"https:\/\/luxonomy.net\/wp-content\/litespeed\/avatar\/a6436cdb14fdaf9c21808e63d0da2055.jpg?ver=1788366758","url":"https:\/\/luxonomy.net\/wp-content\/litespeed\/avatar\/a6436cdb14fdaf9c21808e63d0da2055.jpg?ver=1788366758","contentUrl":"https:\/\/luxonomy.net\/wp-content\/litespeed\/avatar\/a6436cdb14fdaf9c21808e63d0da2055.jpg?ver=1788366758","caption":"LUXONOMY"},"sameAs":["https:\/"],"url":"https:\/\/luxonomy.net\/es\/author\/luxonomy\/"}]}},"jetpack_publicize_connections":[],"jetpack_shortlink":"https:\/\/wp.me\/paPhBa-88O","jetpack_sharing_enabled":true,"jetpack_featured_media_url":"https:\/\/i0.wp.com\/luxonomy.net\/wp-content\/uploads\/2023\/01\/WhatsApp-Image-2023-01-08-at-15.38.23.jpeg?fit=1024%2C684&ssl=1","_links":{"self":[{"href":"https:\/\/luxonomy.net\/es\/wp-json\/wp\/v2\/posts\/31298","targetHints":{"allow":["GET"]}}],"collection":[{"href":"https:\/\/luxonomy.net\/es\/wp-json\/wp\/v2\/posts"}],"about":[{"href":"https:\/\/luxonomy.net\/es\/wp-json\/wp\/v2\/types\/post"}],"author":[{"embeddable":true,"href":"https:\/\/luxonomy.net\/es\/wp-json\/wp\/v2\/users\/1"}],"replies":[{"embeddable":true,"href":"https:\/\/luxonomy.net\/es\/wp-json\/wp\/v2\/comments?post=31298"}],"version-history":[{"count":2,"href":"https:\/\/luxonomy.net\/es\/wp-json\/wp\/v2\/posts\/31298\/revisions"}],"predecessor-version":[{"id":31453,"href":"https:\/\/luxonomy.net\/es\/wp-json\/wp\/v2\/posts\/31298\/revisions\/31453"}],"wp:featuredmedia":[{"embeddable":true,"href":"https:\/\/luxonomy.net\/es\/wp-json\/wp\/v2\/media\/31299"}],"wp:attachment":[{"href":"https:\/\/luxonomy.net\/es\/wp-json\/wp\/v2\/media?parent=31298"}],"wp:term":[{"taxonomy":"category","embeddable":true,"href":"https:\/\/luxonomy.net\/es\/wp-json\/wp\/v2\/categories?post=31298"},{"taxonomy":"post_tag","embeddable":true,"href":"https:\/\/luxonomy.net\/es\/wp-json\/wp\/v2\/tags?post=31298"},{"taxonomy":"thb-sponsors","embeddable":true,"href":"https:\/\/luxonomy.net\/es\/wp-json\/wp\/v2\/thb-sponsors?post=31298"}],"curies":[{"name":"wp","href":"https:\/\/api.w.org\/{rel}","templated":true}]}}