{"id":31143,"date":"2023-01-07T05:13:16","date_gmt":"2023-01-07T04:13:16","guid":{"rendered":"https:\/?p=31143"},"modified":"2023-05-22T14:17:00","modified_gmt":"2023-05-22T12:17:00","slug":"historia-del-lujo-dior","status":"publish","type":"post","link":"https:\/\/luxonomy.net\/es\/historia-del-lujo-dior\/","title":{"rendered":"Historia del Lujo: DIOR"},"content":{"rendered":"<p>Continuamos la secci\u00f3n <strong>&#8220;Historia del Lujo&#8221;<\/strong> con la firma<strong> Dior, <\/strong>una marca <strong>patrimonio nacional de Francia <\/strong>al frente de la cual han estado el propio <strong>Christian Dior, Yves Saint Laurent, Marc Bohan, Gianfranco Ferr\u00e9, John Galliano, Raf Simons o Maria Grazia Chiuri. <\/strong>Dior fue <strong>rescatada de la bancarrota <\/strong>en 1984, cuando es<strong> comprada por Bernard Arnault<\/strong>, propietario del conglomerado empresarial<strong> LVMH, por la cantidad simb\u00f3lica de un franco. Hoy en d\u00eda <\/strong>Dior cotiza en Par\u00eds y su capitalizaci\u00f3n de mercado actual llega a los<strong> 121.496 millones de d\u00f3lares y es una de las 10 marcas de lujo m\u00e1s valoradas del Mundo.<\/strong><\/p>\n<h3>Christian Dior<\/h3>\n<p>La Historia de la firma comienza con Christian Dior. Naci\u00f3 en Granville, Francia, en 1905. Era el mayor de cinco hijos de una familia adinerada. Despu\u00e9s de estudiar en el instituto de la ciudad, Dior se traslad\u00f3 a Par\u00eds para estudiar Ciencias Pol\u00edticas, pues la ilusi\u00f3n de su familia siempre fue que hiciera la carrera diplom\u00e1tica. Aunque inicialmente tuvo \u00e9xito como escritor y cr\u00edtico de arte, su verdadera pasi\u00f3n siempre fue la moda.<\/p>\n<p>En 1928, deja definitivamente los estudios y, con el dinero del negocio de fertilizantes de su padre, abre una peque\u00f1a galer\u00eda de arte en Par\u00eds, donde vende obras de artistas emergentes, entre ellos, Pablo Picasso. El crack de 1929 en Estados Unidos afect\u00f3 tanto a la empresa de su padre, que se arruin\u00f3, como a la galer\u00eda, que perdi\u00f3 muchos de sus compradores.<\/p><div id=\"luxon-2438785013\" class=\"luxon-3er-parrafo luxon-entity-placement\" style=\"margin-top: 20px;margin-bottom: 20px;margin-left: auto;margin-right: auto;text-align: center;\"><a href=\"https:\/\/luxonomy.university\/course\/master-turismo-de-lujo\" target=\"_blank\" aria-label=\"master-turismo-lujo-2026-2027\"><img loading=\"lazy\" decoding=\"async\" src=\"https:\/\/i0.wp.com\/luxonomy.net\/wp-content\/uploads\/2020\/07\/master-turismo-lujo-2026-2027.jpg?fit=1672%2C941&#038;ssl=1\" alt=\"\"  srcset=\"https:\/\/i0.wp.com\/luxonomy.net\/wp-content\/uploads\/2020\/07\/master-turismo-lujo-2026-2027.jpg?w=1672&ssl=1 1672w, https:\/\/i0.wp.com\/luxonomy.net\/wp-content\/uploads\/2020\/07\/master-turismo-lujo-2026-2027.jpg?resize=300%2C169&ssl=1 300w, https:\/\/i0.wp.com\/luxonomy.net\/wp-content\/uploads\/2020\/07\/master-turismo-lujo-2026-2027.jpg?resize=1024%2C576&ssl=1 1024w, https:\/\/i0.wp.com\/luxonomy.net\/wp-content\/uploads\/2020\/07\/master-turismo-lujo-2026-2027.jpg?resize=768%2C432&ssl=1 768w, https:\/\/i0.wp.com\/luxonomy.net\/wp-content\/uploads\/2020\/07\/master-turismo-lujo-2026-2027.jpg?resize=1536%2C864&ssl=1 1536w, https:\/\/i0.wp.com\/luxonomy.net\/wp-content\/uploads\/2020\/07\/master-turismo-lujo-2026-2027.jpg?resize=370%2C208&ssl=1 370w, https:\/\/i0.wp.com\/luxonomy.net\/wp-content\/uploads\/2020\/07\/master-turismo-lujo-2026-2027.jpg?resize=800%2C450&ssl=1 800w, https:\/\/i0.wp.com\/luxonomy.net\/wp-content\/uploads\/2020\/07\/master-turismo-lujo-2026-2027.jpg?resize=20%2C11&ssl=1 20w, https:\/\/i0.wp.com\/luxonomy.net\/wp-content\/uploads\/2020\/07\/master-turismo-lujo-2026-2027.jpg?resize=740%2C416&ssl=1 740w, https:\/\/i0.wp.com\/luxonomy.net\/wp-content\/uploads\/2020\/07\/master-turismo-lujo-2026-2027.jpg?resize=1600%2C900&ssl=1 1600w, https:\/\/i0.wp.com\/luxonomy.net\/wp-content\/uploads\/2020\/07\/master-turismo-lujo-2026-2027.jpg?resize=1200%2C675&ssl=1 1200w, https:\/\/i0.wp.com\/luxonomy.net\/wp-content\/uploads\/2020\/07\/master-turismo-lujo-2026-2027.jpg?resize=85%2C48&ssl=1 85w\" sizes=\"(max-width: 1170px) 100vw, 1170px\" class=\"no-lazyload\" width=\"1672\" height=\"941\"   \/><\/a><\/div>\n<p>Dior, un chico muy t\u00edmido, sensible y de maneras impecables, cierra la galer\u00eda, y conoce lo que es estar durmiendo en casa de amigos y conocidos hasta que logra encontrar trabajo en la casa de costura de Robert Piguet, una de las m\u00e1s famosas del momento, donde coincidir\u00e1 con Pierre Balmain.<\/p>\n<p>En 1941, Christian Dior empieza a trabajar en Lucien Lelong, otra de las grandes casas de costura, donde coincidir\u00e1 de nuevo con Pierre Balmain. All\u00ed permanecer\u00e1 hasta que, en 1946, funda su propia firma de alta costura, con la ayuda de un inversor llamado Marcel Boussac.<\/p>\n<p>Coco Chanel, que hab\u00eda liderado la moda y creado las tendencias de las d\u00e9cadas anteriores, hab\u00eda ca\u00eddo en desgracia tras la II Guerra Mundial, es acusada de colaborar con los nazis. Huyendo del esc\u00e1ndalo, la dise\u00f1adora se traslada a Suiza, donde vive durante una d\u00e9cada.<\/p>\n<p><img loading=\"lazy\" decoding=\"async\" data-attachment-id=\"31164\" data-permalink=\"https:\/\/luxonomy.net\/es\/historia-del-lujo-dior\/captura-de-pantalla-2023-01-07-a-las-15-25-44\/\" data-orig-file=\"https:\/\/i0.wp.com\/luxonomy.net\/wp-content\/uploads\/2023\/01\/Captura-de-pantalla-2023-01-07-a-las-15.25.44.png?fit=2086%2C1196&amp;ssl=1\" data-orig-size=\"2086,1196\" data-comments-opened=\"1\" data-image-title=\"Captura de pantalla 2023-01-07 a las 15.25.44\" data-image-description=\"\" data-image-caption=\"\" data-large-file=\"https:\/\/i0.wp.com\/luxonomy.net\/wp-content\/uploads\/2023\/01\/Captura-de-pantalla-2023-01-07-a-las-15.25.44.png?fit=1024%2C587&amp;ssl=1\" class=\"aligncenter size-full wp-image-31164 lazyload\" src=\"data:image\/gif;base64,R0lGODlhAQABAAAAACH5BAEKAAEALAAAAAABAAEAAAICTAEAOw==\" data-src=\"http:\/\/luxonomy.net\/wp-content\/uploads\/2023\/01\/Captura-de-pantalla-2023-01-07-a-las-15.25.44.png\" alt=\"\" width=\"2086\" height=\"1196\" data-sizes=\"auto\" data-srcset=\"https:\/\/i0.wp.com\/luxonomy.net\/wp-content\/uploads\/2023\/01\/Captura-de-pantalla-2023-01-07-a-las-15.25.44.png?w=2086&amp;ssl=1 2086w, https:\/\/i0.wp.com\/luxonomy.net\/wp-content\/uploads\/2023\/01\/Captura-de-pantalla-2023-01-07-a-las-15.25.44.png?resize=300%2C172&amp;ssl=1 300w, https:\/\/i0.wp.com\/luxonomy.net\/wp-content\/uploads\/2023\/01\/Captura-de-pantalla-2023-01-07-a-las-15.25.44.png?resize=1024%2C587&amp;ssl=1 1024w, https:\/\/i0.wp.com\/luxonomy.net\/wp-content\/uploads\/2023\/01\/Captura-de-pantalla-2023-01-07-a-las-15.25.44.png?resize=768%2C440&amp;ssl=1 768w, https:\/\/i0.wp.com\/luxonomy.net\/wp-content\/uploads\/2023\/01\/Captura-de-pantalla-2023-01-07-a-las-15.25.44.png?resize=1536%2C881&amp;ssl=1 1536w, https:\/\/i0.wp.com\/luxonomy.net\/wp-content\/uploads\/2023\/01\/Captura-de-pantalla-2023-01-07-a-las-15.25.44.png?resize=2048%2C1174&amp;ssl=1 2048w, https:\/\/i0.wp.com\/luxonomy.net\/wp-content\/uploads\/2023\/01\/Captura-de-pantalla-2023-01-07-a-las-15.25.44.png?resize=370%2C212&amp;ssl=1 370w, https:\/\/i0.wp.com\/luxonomy.net\/wp-content\/uploads\/2023\/01\/Captura-de-pantalla-2023-01-07-a-las-15.25.44.png?resize=800%2C459&amp;ssl=1 800w, https:\/\/i0.wp.com\/luxonomy.net\/wp-content\/uploads\/2023\/01\/Captura-de-pantalla-2023-01-07-a-las-15.25.44.png?resize=20%2C11&amp;ssl=1 20w, https:\/\/i0.wp.com\/luxonomy.net\/wp-content\/uploads\/2023\/01\/Captura-de-pantalla-2023-01-07-a-las-15.25.44.png?resize=740%2C424&amp;ssl=1 740w, https:\/\/i0.wp.com\/luxonomy.net\/wp-content\/uploads\/2023\/01\/Captura-de-pantalla-2023-01-07-a-las-15.25.44.png?resize=1600%2C917&amp;ssl=1 1600w, https:\/\/i0.wp.com\/luxonomy.net\/wp-content\/uploads\/2023\/01\/Captura-de-pantalla-2023-01-07-a-las-15.25.44.png?resize=600%2C344&amp;ssl=1 600w, https:\/\/i0.wp.com\/luxonomy.net\/wp-content\/uploads\/2023\/01\/Captura-de-pantalla-2023-01-07-a-las-15.25.44.png?resize=84%2C48&amp;ssl=1 84w\" sizes=\"auto, (max-width: 1170px) 100vw, 1170px\" \/><\/p>\n<p>En 1946, Dior fund\u00f3 su propia marca de moda, y su primer desfile de alta costura se convirti\u00f3 en un \u00e9xito instant\u00e1neo y sent\u00f3 las bases para el enorme \u00e9xito de su marca en los a\u00f1os siguientes.<\/p><div id=\"luxon-1701333785\" class=\"luxon-7-parrafo luxon-entity-placement\" style=\"margin-top: 20px;margin-bottom: 20px;margin-left: auto;margin-right: auto;text-align: center;\"><a href=\"https:\/\/theintelligence.institute\/course\/inteligencia-artificial-para-directivos\" target=\"_blank\" aria-label=\"CSIAD_empresas_THEI_horizontal_4x3_v5\"><img loading=\"lazy\" decoding=\"async\" src=\"https:\/\/i0.wp.com\/luxonomy.net\/wp-content\/uploads\/2025\/08\/CSIAD_empresas_THEI_horizontal_4x3_v5.png?fit=2000%2C1500&#038;ssl=1\" alt=\"\"  srcset=\"https:\/\/i0.wp.com\/luxonomy.net\/wp-content\/uploads\/2025\/08\/CSIAD_empresas_THEI_horizontal_4x3_v5.png?w=2000&ssl=1 2000w, https:\/\/i0.wp.com\/luxonomy.net\/wp-content\/uploads\/2025\/08\/CSIAD_empresas_THEI_horizontal_4x3_v5.png?resize=300%2C225&ssl=1 300w, https:\/\/i0.wp.com\/luxonomy.net\/wp-content\/uploads\/2025\/08\/CSIAD_empresas_THEI_horizontal_4x3_v5.png?resize=1024%2C768&ssl=1 1024w, https:\/\/i0.wp.com\/luxonomy.net\/wp-content\/uploads\/2025\/08\/CSIAD_empresas_THEI_horizontal_4x3_v5.png?resize=768%2C576&ssl=1 768w, https:\/\/i0.wp.com\/luxonomy.net\/wp-content\/uploads\/2025\/08\/CSIAD_empresas_THEI_horizontal_4x3_v5.png?resize=1536%2C1152&ssl=1 1536w, https:\/\/i0.wp.com\/luxonomy.net\/wp-content\/uploads\/2025\/08\/CSIAD_empresas_THEI_horizontal_4x3_v5.png?resize=370%2C278&ssl=1 370w, https:\/\/i0.wp.com\/luxonomy.net\/wp-content\/uploads\/2025\/08\/CSIAD_empresas_THEI_horizontal_4x3_v5.png?resize=800%2C600&ssl=1 800w, https:\/\/i0.wp.com\/luxonomy.net\/wp-content\/uploads\/2025\/08\/CSIAD_empresas_THEI_horizontal_4x3_v5.png?resize=20%2C15&ssl=1 20w, https:\/\/i0.wp.com\/luxonomy.net\/wp-content\/uploads\/2025\/08\/CSIAD_empresas_THEI_horizontal_4x3_v5.png?resize=740%2C555&ssl=1 740w, https:\/\/i0.wp.com\/luxonomy.net\/wp-content\/uploads\/2025\/08\/CSIAD_empresas_THEI_horizontal_4x3_v5.png?resize=1600%2C1200&ssl=1 1600w, https:\/\/i0.wp.com\/luxonomy.net\/wp-content\/uploads\/2025\/08\/CSIAD_empresas_THEI_horizontal_4x3_v5.png?resize=1200%2C900&ssl=1 1200w, https:\/\/i0.wp.com\/luxonomy.net\/wp-content\/uploads\/2025\/08\/CSIAD_empresas_THEI_horizontal_4x3_v5.png?resize=64%2C48&ssl=1 64w\" sizes=\"(max-width: 1170px) 100vw, 1170px\" class=\"no-lazyload\" width=\"2000\" height=\"1500\"   \/><\/a><\/div>\n<p>Boussac, industrial del algod\u00f3n, con gran olfato, ve la oportunidad que supone el &#8216;exilio&#8217; de Coco Chanel y apuesta por el joven dise\u00f1ador. Ser\u00e1 el comienzo de una carrera fulgurante, en la que Christian Dior se convertir\u00e1 en el mejor embajador de la moda francesa, convirtiendo de nuevo Par\u00eds en la capital de la moda mundial.<\/p>\n<p>Guiado por su gran intuici\u00f3n, Christian Dior comprende que, una vez finalizada la II Guerra Mundial, la sociedad estaba necesitada de alegr\u00eda y celebraciones y, por tanto, de fiestas. Visionario, supo ver que a \u00e9pocas de escasez, austeridad, restricciones y pesimismo siguen otras de abundancia opulencia, exceso y optimismo.<\/p>\n<p>Y, despu\u00e9s de a\u00f1os de modelos sobrios, \u00fatiles para trabajar o para el ej\u00e9rcito, en colores grises o marrones y confeccionados con pocos metros de tejidos r\u00edgidos, gruesos y \u00e1speros (destinados a proteger del fr\u00edo y a durar en los armarios), Dior comprende que lo que su clientela iba a demandar eran vestidos para so\u00f1ar, disfrutar de la vida y olvidar la tristeza y las p\u00e9rdidas del crack y de la guerra.<\/p>\n<p>As\u00ed, en 1947 presenta su primera colecci\u00f3n, que bautiza como Corolle (en espa\u00f1ol, corla, el conunto de p\u00e9talos que forman la flor), en la que dar\u00e1 forma a esos sue\u00f1os y fantas\u00eda. Y, al mismo tiempo que crea la nueva est\u00e9tica de los a\u00f1os 50, establecer\u00e1 el diferente rumbo de la moda en los a\u00f1os venideros.<\/p>\n<p>Christian Dior presenta una colecci\u00f3n basada en el lujo, que contrasta con la humildad de a\u00f1os anteriores. Sus vestidos marcan la silueta de la mujer, marcando el pecho y ci\u00f1endo hombros y cintura. Y las voluminosas faldas de vuelo, largas hasta media pierna, confeccionadas al bies y con forros de tul, necesitar\u00e1n metros y metros de tela.<\/p>\n<p>Estableciendo el nombre de la casa como la etiqueta m\u00e1s carism\u00e1tica de la moda de todos los tiempos, fue famoso por crear los populares &#8216;vestidos New Look&#8217; con vuelos y faldas sinuosas que marcaron tendencia en la moda del siglo XX.<\/p>\n<p>La firma abre sucursal en Nueva York y, en 1949, despu\u00e9s de dos a\u00f1os del New Look, presenta su primer perfume: Miss Dior, dedicado a su querida hermana Catherine. &#8220;El perfume de una mujer dice m\u00e1s sobre ella que su letra&#8221;, asegurar\u00e1 despu\u00e9s.<\/p>\n<p>Se inicia aqu\u00ed lo que ser\u00e1 la segunda pasi\u00f3n de Christian Dior: la creaci\u00f3n de perfumes inspirados en el jard\u00edn de su casa familiar en Granville. Las flores tambi\u00e9n inspirar\u00e1n muchos dise\u00f1os de los estampados de los vestidos y el estampado floral se convertir\u00e1 en marca de la casa.<\/p>\n<p>Christian Dior muri\u00f3 de un ataque card\u00edaco el 24 de octubre de 1957, mientras estaba disfrutando de unos d\u00edas de descanso en el Grand Hotel &amp; La Pace de Montecatini Terme, uno de los destinos m\u00e1s populares en Italia para el turismo balneario. Ten\u00eda 52 a\u00f1os y un impero en franquicias y distribuidores por todo el mundo.<\/p>\n<h3>Yves Saint Laurent<\/h3>\n<p>Saint Laurent se uni\u00f3 a Dior en 1954, a\u00f1os despu\u00e9s de que el propio Dior fundara su marca. Saint Laurent trabaj\u00f3 como dise\u00f1ador jefe de alta costura para Dior desde la muerte de Christian Dior, y su estilo a menudo se considera una continuaci\u00f3n del trabajo de Dior. Sin embargo, Saint Laurent tambi\u00e9n dej\u00f3 su propia huella en la marca, y es conocido por sus dise\u00f1os innovadores y modernos.<\/p>\n<figure id=\"attachment_31167\" aria-describedby=\"caption-attachment-31167\" style=\"width: 1024px\" class=\"wp-caption aligncenter\"><img data-recalc-dims=\"1\" loading=\"lazy\" decoding=\"async\" data-attachment-id=\"31167\" data-permalink=\"https:\/\/luxonomy.net\/es\/historia-del-lujo-dior\/saint-laurent-en-dior-los-dias-de-gloria\/\" data-orig-file=\"https:\/\/i0.wp.com\/luxonomy.net\/wp-content\/uploads\/2023\/01\/saint-laurent-en-dior-los-dias-de-gloria.jpg?fit=1024%2C828&amp;ssl=1\" data-orig-size=\"1024,828\" data-comments-opened=\"1\" data-image-title=\"saint-laurent-en-dior-los-dias-de-gloria\" data-image-description=\"\" data-image-caption=\"&lt;p&gt;Yves Saint Laurent trabaj\u00f3 como dise\u00f1ador jefe de alta costura para Dior desde la muerte de Christian Dior&lt;\/p&gt;\n\" data-large-file=\"https:\/\/i0.wp.com\/luxonomy.net\/wp-content\/uploads\/2023\/01\/saint-laurent-en-dior-los-dias-de-gloria.jpg?fit=1024%2C828&amp;ssl=1\" class=\"size-full wp-image-31167\" src=\"https:\/\/i0.wp.com\/luxonomy.net\/wp-content\/uploads\/2023\/01\/saint-laurent-en-dior-los-dias-de-gloria.jpg?resize=1024%2C828\" alt=\"\" width=\"1024\" height=\"828\" srcset=\"https:\/\/i0.wp.com\/luxonomy.net\/wp-content\/uploads\/2023\/01\/saint-laurent-en-dior-los-dias-de-gloria.jpg?w=1024&amp;ssl=1 1024w, https:\/\/i0.wp.com\/luxonomy.net\/wp-content\/uploads\/2023\/01\/saint-laurent-en-dior-los-dias-de-gloria.jpg?resize=300%2C243&amp;ssl=1 300w, https:\/\/i0.wp.com\/luxonomy.net\/wp-content\/uploads\/2023\/01\/saint-laurent-en-dior-los-dias-de-gloria.jpg?resize=768%2C621&amp;ssl=1 768w, https:\/\/i0.wp.com\/luxonomy.net\/wp-content\/uploads\/2023\/01\/saint-laurent-en-dior-los-dias-de-gloria.jpg?resize=370%2C299&amp;ssl=1 370w, https:\/\/i0.wp.com\/luxonomy.net\/wp-content\/uploads\/2023\/01\/saint-laurent-en-dior-los-dias-de-gloria.jpg?resize=800%2C647&amp;ssl=1 800w, https:\/\/i0.wp.com\/luxonomy.net\/wp-content\/uploads\/2023\/01\/saint-laurent-en-dior-los-dias-de-gloria.jpg?resize=20%2C16&amp;ssl=1 20w, https:\/\/i0.wp.com\/luxonomy.net\/wp-content\/uploads\/2023\/01\/saint-laurent-en-dior-los-dias-de-gloria.jpg?resize=740%2C598&amp;ssl=1 740w, https:\/\/i0.wp.com\/luxonomy.net\/wp-content\/uploads\/2023\/01\/saint-laurent-en-dior-los-dias-de-gloria.jpg?resize=600%2C485&amp;ssl=1 600w, https:\/\/i0.wp.com\/luxonomy.net\/wp-content\/uploads\/2023\/01\/saint-laurent-en-dior-los-dias-de-gloria.jpg?resize=59%2C48&amp;ssl=1 59w\" sizes=\"auto, (max-width: 1024px) 100vw, 1024px\" \/><figcaption id=\"caption-attachment-31167\" class=\"wp-caption-text\">Yves Saint Laurent trabaj\u00f3 como dise\u00f1ador jefe de alta costura para Dior desde la muerte de Christian Dior<\/figcaption><\/figure>\n<p>Yves Saint Laurent ya anticipa los aires de cambio y revoluci\u00f3n que traer\u00edan los a\u00f1os sesenta. El jovenc\u00edsimo dise\u00f1ador debe abandonar la maison para hacer el servicio militar y presenta su \u00faltima colecci\u00f3n con el t\u00edtulo \u201c\u00a1Abajo el Ritz, viva la calle!\u201d.<\/p>\n<p>Saint Laurent dej\u00f3 Dior en 1960 para fundar su propia marca de moda, Yves Saint Laurent Couture House.<\/p>\n<h3>Marc Bohan<\/h3>\n<p>Marc Bohan ha sido el dise\u00f1ador que m\u00e1s tiempo ha trabajado como dise\u00f1ador jefe de la marca Christian Dior -durante m\u00e1s de 30 a\u00f1os-. Bohan se uni\u00f3 a Dior en 1960, despu\u00e9s de que Yves Saint Laurent dejara la marca. Durante su tiempo en Dior, Bohan se convirti\u00f3 en conocido por sus dise\u00f1os elegantes y sofisticados, y por su habilidad para adaptar los estilos cl\u00e1sicos de la marca a las tendencias contempor\u00e1neas.<\/p>\n<figure id=\"attachment_31170\" aria-describedby=\"caption-attachment-31170\" style=\"width: 2030px\" class=\"wp-caption aligncenter\"><img data-recalc-dims=\"1\" loading=\"lazy\" decoding=\"async\" data-attachment-id=\"31170\" data-permalink=\"https:\/\/luxonomy.net\/es\/historia-del-lujo-dior\/captura-de-pantalla-2023-01-07-a-las-15-33-31\/\" data-orig-file=\"https:\/\/i0.wp.com\/luxonomy.net\/wp-content\/uploads\/2023\/01\/Captura-de-pantalla-2023-01-07-a-las-15.33.31.png?fit=2030%2C1350&amp;ssl=1\" data-orig-size=\"2030,1350\" data-comments-opened=\"1\" data-image-title=\"Captura de pantalla 2023-01-07 a las 15.33.31\" data-image-description=\"\" data-image-caption=\"&lt;p&gt;El libro &amp;#8216;Dior by Marc Bohan&amp;#8217; explora 30 a\u00f1os de dise\u00f1o al frente de la marca &lt;\/p&gt;\n\" data-large-file=\"https:\/\/i0.wp.com\/luxonomy.net\/wp-content\/uploads\/2023\/01\/Captura-de-pantalla-2023-01-07-a-las-15.33.31.png?fit=1024%2C681&amp;ssl=1\" class=\"size-full wp-image-31170\" src=\"https:\/\/i0.wp.com\/luxonomy.net\/wp-content\/uploads\/2023\/01\/Captura-de-pantalla-2023-01-07-a-las-15.33.31.png?resize=1170%2C778\" alt=\"\" width=\"1170\" height=\"778\" srcset=\"https:\/\/i0.wp.com\/luxonomy.net\/wp-content\/uploads\/2023\/01\/Captura-de-pantalla-2023-01-07-a-las-15.33.31.png?w=2030&amp;ssl=1 2030w, https:\/\/i0.wp.com\/luxonomy.net\/wp-content\/uploads\/2023\/01\/Captura-de-pantalla-2023-01-07-a-las-15.33.31.png?resize=300%2C200&amp;ssl=1 300w, https:\/\/i0.wp.com\/luxonomy.net\/wp-content\/uploads\/2023\/01\/Captura-de-pantalla-2023-01-07-a-las-15.33.31.png?resize=1024%2C681&amp;ssl=1 1024w, https:\/\/i0.wp.com\/luxonomy.net\/wp-content\/uploads\/2023\/01\/Captura-de-pantalla-2023-01-07-a-las-15.33.31.png?resize=768%2C511&amp;ssl=1 768w, https:\/\/i0.wp.com\/luxonomy.net\/wp-content\/uploads\/2023\/01\/Captura-de-pantalla-2023-01-07-a-las-15.33.31.png?resize=1536%2C1021&amp;ssl=1 1536w, https:\/\/i0.wp.com\/luxonomy.net\/wp-content\/uploads\/2023\/01\/Captura-de-pantalla-2023-01-07-a-las-15.33.31.png?resize=370%2C246&amp;ssl=1 370w, https:\/\/i0.wp.com\/luxonomy.net\/wp-content\/uploads\/2023\/01\/Captura-de-pantalla-2023-01-07-a-las-15.33.31.png?resize=800%2C532&amp;ssl=1 800w, https:\/\/i0.wp.com\/luxonomy.net\/wp-content\/uploads\/2023\/01\/Captura-de-pantalla-2023-01-07-a-las-15.33.31.png?resize=20%2C13&amp;ssl=1 20w, https:\/\/i0.wp.com\/luxonomy.net\/wp-content\/uploads\/2023\/01\/Captura-de-pantalla-2023-01-07-a-las-15.33.31.png?resize=740%2C492&amp;ssl=1 740w, https:\/\/i0.wp.com\/luxonomy.net\/wp-content\/uploads\/2023\/01\/Captura-de-pantalla-2023-01-07-a-las-15.33.31.png?resize=1600%2C1064&amp;ssl=1 1600w, https:\/\/i0.wp.com\/luxonomy.net\/wp-content\/uploads\/2023\/01\/Captura-de-pantalla-2023-01-07-a-las-15.33.31.png?resize=600%2C399&amp;ssl=1 600w, https:\/\/i0.wp.com\/luxonomy.net\/wp-content\/uploads\/2023\/01\/Captura-de-pantalla-2023-01-07-a-las-15.33.31.png?resize=72%2C48&amp;ssl=1 72w\" sizes=\"auto, (max-width: 1170px) 100vw, 1170px\" \/><figcaption id=\"caption-attachment-31170\" class=\"wp-caption-text\">El libro &#8216;Dior by Marc Bohan&#8217; explora 30 a\u00f1os de dise\u00f1o al frente de la marca<\/figcaption><\/figure>\n<p>Vivi\u00f3 la bancarrota de Dior en 1984, cuando es comprada por Bernard Arnault, propietario del conglomerado empresarial LVMH, por la cantidad simb\u00f3lica de un franco.<\/p>\n<p>Bohan dej\u00f3 Dior en 1989, pero su legado en la marca sigue siendo evidente en la actualidad.<\/p>\n<h3>Gianfranco Ferr\u00e9<\/h3>\n<p>En 1989 hac\u00eda falta ya un relevo generacional y est\u00e9tico y Gianfranco Ferr\u00e9 es nombrado director creativo de la firma. La llegada de un italiano a la m\u00edtica casa de costura francesa fue un aut\u00e9ntico esc\u00e1ndalo, pues la marca era percibida como parte del patrimonio nacional galo.<\/p>\n<p><img loading=\"lazy\" decoding=\"async\" data-attachment-id=\"31175\" data-permalink=\"https:\/\/luxonomy.net\/es\/historia-del-lujo-dior\/gianfranco-ferre\/\" data-orig-file=\"https:\/\/i0.wp.com\/luxonomy.net\/wp-content\/uploads\/2023\/01\/Gianfranco-Ferre.jpg?fit=625%2C417&amp;ssl=1\" data-orig-size=\"625,417\" data-comments-opened=\"1\" data-image-title=\"Gianfranco Ferre\u0301\" data-image-description=\"\" data-image-caption=\"\" data-large-file=\"https:\/\/i0.wp.com\/luxonomy.net\/wp-content\/uploads\/2023\/01\/Gianfranco-Ferre.jpg?fit=625%2C417&amp;ssl=1\" class=\"aligncenter size-full wp-image-31175 lazyload\" src=\"data:image\/gif;base64,R0lGODlhAQABAAAAACH5BAEKAAEALAAAAAABAAEAAAICTAEAOw==\" data-src=\"http:\/\/luxonomy.net\/wp-content\/uploads\/2023\/01\/Gianfranco-Ferre.jpg\" alt=\"\" width=\"625\" height=\"417\" data-sizes=\"auto\" data-srcset=\"https:\/\/i0.wp.com\/luxonomy.net\/wp-content\/uploads\/2023\/01\/Gianfranco-Ferre.jpg?w=625&amp;ssl=1 625w, https:\/\/i0.wp.com\/luxonomy.net\/wp-content\/uploads\/2023\/01\/Gianfranco-Ferre.jpg?resize=300%2C200&amp;ssl=1 300w, https:\/\/i0.wp.com\/luxonomy.net\/wp-content\/uploads\/2023\/01\/Gianfranco-Ferre.jpg?resize=370%2C247&amp;ssl=1 370w, https:\/\/i0.wp.com\/luxonomy.net\/wp-content\/uploads\/2023\/01\/Gianfranco-Ferre.jpg?resize=20%2C13&amp;ssl=1 20w, https:\/\/i0.wp.com\/luxonomy.net\/wp-content\/uploads\/2023\/01\/Gianfranco-Ferre.jpg?resize=600%2C400&amp;ssl=1 600w, https:\/\/i0.wp.com\/luxonomy.net\/wp-content\/uploads\/2023\/01\/Gianfranco-Ferre.jpg?resize=72%2C48&amp;ssl=1 72w\" sizes=\"auto, (max-width: 625px) 100vw, 625px\" \/><\/p>\n<p>Ferr\u00e9 ten\u00eda un estilo muy distinto al de Bohan, y sus dise\u00f1os a menudo se caracterizaban por su minimalismo y geometr\u00eda. Durante su tiempo en Dior, Ferr\u00e9 trat\u00f3 de modernizar la marca y llevarla en una nueva direcci\u00f3n, pero su estilo no siempre fue bien recibido por la cr\u00edtica y los consumidores. Ferr\u00e9 dej\u00f3 Dior en 1997.<\/p>\n<h3>John Galliano<\/h3>\n<p>Es entonces cuando el gibraltare\u00f1o John Galliano abandona Givenchy (tambi\u00e9n propiedad del grupo LVMH) y se hace cargo de la direcci\u00f3n creativa de Dior, actualizando el New Look de Christian Dior con espectaculares trajes de gala, ce\u00f1id\u00edsimos cors\u00e9s y el anticipo de lo que ser\u00e1 el glamour en el siglo XXI.<\/p>\n<p><img loading=\"lazy\" decoding=\"async\" data-attachment-id=\"31179\" data-permalink=\"https:\/\/luxonomy.net\/es\/historia-del-lujo-dior\/captura-de-pantalla-2023-01-07-a-las-15-46-58\/\" data-orig-file=\"https:\/\/i0.wp.com\/luxonomy.net\/wp-content\/uploads\/2023\/01\/Captura-de-pantalla-2023-01-07-a-las-15.46.58.png?fit=1592%2C1064&amp;ssl=1\" data-orig-size=\"1592,1064\" data-comments-opened=\"1\" data-image-title=\"Captura de pantalla 2023-01-07 a las 15.46.58\" data-image-description=\"\" data-image-caption=\"\" data-large-file=\"https:\/\/i0.wp.com\/luxonomy.net\/wp-content\/uploads\/2023\/01\/Captura-de-pantalla-2023-01-07-a-las-15.46.58.png?fit=1024%2C684&amp;ssl=1\" class=\"aligncenter size-full wp-image-31179 lazyload\" src=\"data:image\/gif;base64,R0lGODlhAQABAAAAACH5BAEKAAEALAAAAAABAAEAAAICTAEAOw==\" data-src=\"http:\/\/luxonomy.net\/wp-content\/uploads\/2023\/01\/Captura-de-pantalla-2023-01-07-a-las-15.46.58.png\" alt=\"\" width=\"1592\" height=\"1064\" data-sizes=\"auto\" data-srcset=\"https:\/\/i0.wp.com\/luxonomy.net\/wp-content\/uploads\/2023\/01\/Captura-de-pantalla-2023-01-07-a-las-15.46.58.png?w=1592&amp;ssl=1 1592w, https:\/\/i0.wp.com\/luxonomy.net\/wp-content\/uploads\/2023\/01\/Captura-de-pantalla-2023-01-07-a-las-15.46.58.png?resize=300%2C201&amp;ssl=1 300w, https:\/\/i0.wp.com\/luxonomy.net\/wp-content\/uploads\/2023\/01\/Captura-de-pantalla-2023-01-07-a-las-15.46.58.png?resize=1024%2C684&amp;ssl=1 1024w, https:\/\/i0.wp.com\/luxonomy.net\/wp-content\/uploads\/2023\/01\/Captura-de-pantalla-2023-01-07-a-las-15.46.58.png?resize=768%2C513&amp;ssl=1 768w, https:\/\/i0.wp.com\/luxonomy.net\/wp-content\/uploads\/2023\/01\/Captura-de-pantalla-2023-01-07-a-las-15.46.58.png?resize=1536%2C1027&amp;ssl=1 1536w, https:\/\/i0.wp.com\/luxonomy.net\/wp-content\/uploads\/2023\/01\/Captura-de-pantalla-2023-01-07-a-las-15.46.58.png?resize=370%2C247&amp;ssl=1 370w, https:\/\/i0.wp.com\/luxonomy.net\/wp-content\/uploads\/2023\/01\/Captura-de-pantalla-2023-01-07-a-las-15.46.58.png?resize=800%2C535&amp;ssl=1 800w, https:\/\/i0.wp.com\/luxonomy.net\/wp-content\/uploads\/2023\/01\/Captura-de-pantalla-2023-01-07-a-las-15.46.58.png?resize=20%2C13&amp;ssl=1 20w, https:\/\/i0.wp.com\/luxonomy.net\/wp-content\/uploads\/2023\/01\/Captura-de-pantalla-2023-01-07-a-las-15.46.58.png?resize=740%2C495&amp;ssl=1 740w, https:\/\/i0.wp.com\/luxonomy.net\/wp-content\/uploads\/2023\/01\/Captura-de-pantalla-2023-01-07-a-las-15.46.58.png?resize=600%2C401&amp;ssl=1 600w, https:\/\/i0.wp.com\/luxonomy.net\/wp-content\/uploads\/2023\/01\/Captura-de-pantalla-2023-01-07-a-las-15.46.58.png?resize=72%2C48&amp;ssl=1 72w\" sizes=\"auto, (max-width: 1170px) 100vw, 1170px\" \/><\/p>\n<p>Los desfiles de Galliano sorprender\u00e1n por su creatividad, barroquismo y la mezcla de historias y culturas. Ser\u00e1n a\u00f1os de sorpresas y \u00e9xitos que finalizar\u00e1n en 2011, cuando es grabado en un bar realizando unas declaraciones antisemitas que provocan su provocan despido fulminante.<\/p>\n<h3>Raf Simons<\/h3>\n<p>Durante un a\u00f1o, la maison buscar\u00e1 sucesor y en 2012 Raf Simons es nombrado director creativo. El dise\u00f1ador belga, que hab\u00eda llamado la atenci\u00f3n de la prensa especializada por su trabajo al frente de la firma Jil Sander y, al frente de una marca de alta costura, no solo no defraudar\u00e1 sino que la llevar\u00e1 a la modernizaci\u00f3n y al triunfo comercial.<\/p>\n<p><img loading=\"lazy\" decoding=\"async\" data-attachment-id=\"31182\" data-permalink=\"https:\/\/luxonomy.net\/es\/historia-del-lujo-dior\/captura-de-pantalla-2023-01-07-a-las-15-52-05\/\" data-orig-file=\"https:\/\/i0.wp.com\/luxonomy.net\/wp-content\/uploads\/2023\/01\/Captura-de-pantalla-2023-01-07-a-las-15.52.05.png?fit=1724%2C970&amp;ssl=1\" data-orig-size=\"1724,970\" data-comments-opened=\"1\" data-image-title=\"Captura de pantalla 2023-01-07 a las 15.52.05\" data-image-description=\"\" data-image-caption=\"\" data-large-file=\"https:\/\/i0.wp.com\/luxonomy.net\/wp-content\/uploads\/2023\/01\/Captura-de-pantalla-2023-01-07-a-las-15.52.05.png?fit=1024%2C576&amp;ssl=1\" class=\"aligncenter size-full wp-image-31182 lazyload\" src=\"data:image\/gif;base64,R0lGODlhAQABAAAAACH5BAEKAAEALAAAAAABAAEAAAICTAEAOw==\" data-src=\"http:\/\/luxonomy.net\/wp-content\/uploads\/2023\/01\/Captura-de-pantalla-2023-01-07-a-las-15.52.05.png\" alt=\"\" width=\"1724\" height=\"970\" data-sizes=\"auto\" data-srcset=\"https:\/\/i0.wp.com\/luxonomy.net\/wp-content\/uploads\/2023\/01\/Captura-de-pantalla-2023-01-07-a-las-15.52.05.png?w=1724&amp;ssl=1 1724w, https:\/\/i0.wp.com\/luxonomy.net\/wp-content\/uploads\/2023\/01\/Captura-de-pantalla-2023-01-07-a-las-15.52.05.png?resize=300%2C169&amp;ssl=1 300w, https:\/\/i0.wp.com\/luxonomy.net\/wp-content\/uploads\/2023\/01\/Captura-de-pantalla-2023-01-07-a-las-15.52.05.png?resize=1024%2C576&amp;ssl=1 1024w, https:\/\/i0.wp.com\/luxonomy.net\/wp-content\/uploads\/2023\/01\/Captura-de-pantalla-2023-01-07-a-las-15.52.05.png?resize=768%2C432&amp;ssl=1 768w, https:\/\/i0.wp.com\/luxonomy.net\/wp-content\/uploads\/2023\/01\/Captura-de-pantalla-2023-01-07-a-las-15.52.05.png?resize=1536%2C864&amp;ssl=1 1536w, https:\/\/i0.wp.com\/luxonomy.net\/wp-content\/uploads\/2023\/01\/Captura-de-pantalla-2023-01-07-a-las-15.52.05.png?resize=370%2C208&amp;ssl=1 370w, https:\/\/i0.wp.com\/luxonomy.net\/wp-content\/uploads\/2023\/01\/Captura-de-pantalla-2023-01-07-a-las-15.52.05.png?resize=800%2C450&amp;ssl=1 800w, https:\/\/i0.wp.com\/luxonomy.net\/wp-content\/uploads\/2023\/01\/Captura-de-pantalla-2023-01-07-a-las-15.52.05.png?resize=20%2C11&amp;ssl=1 20w, https:\/\/i0.wp.com\/luxonomy.net\/wp-content\/uploads\/2023\/01\/Captura-de-pantalla-2023-01-07-a-las-15.52.05.png?resize=740%2C416&amp;ssl=1 740w, https:\/\/i0.wp.com\/luxonomy.net\/wp-content\/uploads\/2023\/01\/Captura-de-pantalla-2023-01-07-a-las-15.52.05.png?resize=1600%2C900&amp;ssl=1 1600w, https:\/\/i0.wp.com\/luxonomy.net\/wp-content\/uploads\/2023\/01\/Captura-de-pantalla-2023-01-07-a-las-15.52.05.png?resize=600%2C338&amp;ssl=1 600w, https:\/\/i0.wp.com\/luxonomy.net\/wp-content\/uploads\/2023\/01\/Captura-de-pantalla-2023-01-07-a-las-15.52.05.png?resize=85%2C48&amp;ssl=1 85w\" sizes=\"auto, (max-width: 1170px) 100vw, 1170px\" \/><\/p>\n<p>En 2015, despu\u00e9s de tres a\u00f1os y medio, anuncia su marcha por &#8220;motivos personales&#8221; y para centrarse en su propia marca; asegur\u00f3 sentirse agotado porque el ritmo impuesto por la moda no dejaba tiempo para pensar, para crear ni para innovar. le sustituyen interinamente dos de sus colaboradores, Serge Ruffieux &amp; Lucie Meier.<\/p>\n<h3>Maria Grazia Chiuri<\/h3>\n<p>A pesar de la sorpresa que supuso la renuncia de Simons, y tras seis meses de rumores sobre posibles candidatos, el grupo LVMH encontr\u00f3 a quien lo reemplazar\u00eda haciendo, de paso, historia. Maria Grazia Chiuri se convierte en 2016 en la primera mujer nombrada directora creativa de la marca tras casi siete d\u00e9cadas de vida de la maison.<\/p>\n<p><img loading=\"lazy\" decoding=\"async\" data-attachment-id=\"31184\" data-permalink=\"https:\/\/luxonomy.net\/es\/historia-del-lujo-dior\/maria-grazia-chiuri\/\" data-orig-file=\"https:\/\/i0.wp.com\/luxonomy.net\/wp-content\/uploads\/2023\/01\/Maria-Grazia-Chiuri.jpeg?fit=2048%2C1152&amp;ssl=1\" data-orig-size=\"2048,1152\" data-comments-opened=\"1\" data-image-title=\"Maria Grazia Chiuri\" data-image-description=\"\" data-image-caption=\"\" data-large-file=\"https:\/\/i0.wp.com\/luxonomy.net\/wp-content\/uploads\/2023\/01\/Maria-Grazia-Chiuri.jpeg?fit=1024%2C576&amp;ssl=1\" class=\"aligncenter size-full wp-image-31184 lazyload\" src=\"data:image\/gif;base64,R0lGODlhAQABAAAAACH5BAEKAAEALAAAAAABAAEAAAICTAEAOw==\" data-src=\"http:\/\/luxonomy.net\/wp-content\/uploads\/2023\/01\/Maria-Grazia-Chiuri.jpeg\" alt=\"\" width=\"2048\" height=\"1152\" data-sizes=\"auto\" data-srcset=\"https:\/\/i0.wp.com\/luxonomy.net\/wp-content\/uploads\/2023\/01\/Maria-Grazia-Chiuri.jpeg?w=2048&amp;ssl=1 2048w, https:\/\/i0.wp.com\/luxonomy.net\/wp-content\/uploads\/2023\/01\/Maria-Grazia-Chiuri.jpeg?resize=300%2C169&amp;ssl=1 300w, https:\/\/i0.wp.com\/luxonomy.net\/wp-content\/uploads\/2023\/01\/Maria-Grazia-Chiuri.jpeg?resize=1024%2C576&amp;ssl=1 1024w, https:\/\/i0.wp.com\/luxonomy.net\/wp-content\/uploads\/2023\/01\/Maria-Grazia-Chiuri.jpeg?resize=768%2C432&amp;ssl=1 768w, https:\/\/i0.wp.com\/luxonomy.net\/wp-content\/uploads\/2023\/01\/Maria-Grazia-Chiuri.jpeg?resize=1536%2C864&amp;ssl=1 1536w, https:\/\/i0.wp.com\/luxonomy.net\/wp-content\/uploads\/2023\/01\/Maria-Grazia-Chiuri.jpeg?resize=370%2C208&amp;ssl=1 370w, https:\/\/i0.wp.com\/luxonomy.net\/wp-content\/uploads\/2023\/01\/Maria-Grazia-Chiuri.jpeg?resize=800%2C450&amp;ssl=1 800w, https:\/\/i0.wp.com\/luxonomy.net\/wp-content\/uploads\/2023\/01\/Maria-Grazia-Chiuri.jpeg?resize=20%2C11&amp;ssl=1 20w, https:\/\/i0.wp.com\/luxonomy.net\/wp-content\/uploads\/2023\/01\/Maria-Grazia-Chiuri.jpeg?resize=740%2C416&amp;ssl=1 740w, https:\/\/i0.wp.com\/luxonomy.net\/wp-content\/uploads\/2023\/01\/Maria-Grazia-Chiuri.jpeg?resize=1600%2C900&amp;ssl=1 1600w, https:\/\/i0.wp.com\/luxonomy.net\/wp-content\/uploads\/2023\/01\/Maria-Grazia-Chiuri.jpeg?resize=600%2C338&amp;ssl=1 600w, https:\/\/i0.wp.com\/luxonomy.net\/wp-content\/uploads\/2023\/01\/Maria-Grazia-Chiuri.jpeg?resize=85%2C48&amp;ssl=1 85w\" sizes=\"auto, (max-width: 1170px) 100vw, 1170px\" \/><\/p>\n<p>La italiana, que ven\u00eda de hacer t\u00e1ndem con Pierpaolo Piccoli Chiuri en Valentino, tom\u00f3 las riendas de las colecciones de alta costura femenina, de pr\u00eat-\u00e0-porter y de accesorios. Desde entonces, son c\u00e9lebres sus desfiles con mensajes feministas.<\/p>\n<p>Como el famoso &#8220;We should all be feminists&#8221; (Todos deber\u00edamos ser feministas) que estamp\u00f3 en una camiseta y fue un \u00e9xito de ventas iniciando una \u00e9poca en la que la moda se ve como otro medio para comunicar mensajes.<\/p>\n<p>En junio de 2022 Dior convirti\u00f3 a Sevilla en la capital internacional de la alta costura, con una espectacular puesta en escena en la Plaza de Espa\u00f1a. Para Maria Grazia Chiuri, la colecci\u00f3n Dior Crucero 2023 fue un viaje de descubrimiento y reflexi\u00f3n en torno al icono de esta colecci\u00f3n que era La Capitana, el apodo atribuido a Carmen Amaya. Expres\u00f3 como nadie el alma de Espa\u00f1a y, a\u00fan hoy, encarna una feminidad consciente y plural.<\/p>\n<div class=\"flex-video widescreen vimeo\"><iframe loading=\"lazy\" title=\"Dior Crucero 2023 en directo desde Sevilla\" src=\"https:\/\/player.vimeo.com\/video\/721383451?h=6bf700c78e&amp;dnt=1&amp;app_id=122963\" width=\"1170\" height=\"658\" frameborder=\"0\" allow=\"autoplay; fullscreen; picture-in-picture\" allowfullscreen><\/iframe><\/div>\n<p>Tambi\u00e9n ha logrado aumentar la facturaci\u00f3n de la marca, lo que augura un futuro para la firma que ha cumplido 76 a\u00f1os y ya calienta motores para la celebraci\u00f3n de su 80\u00ba aniversario en 2026. Ser\u00e1 una ocasi\u00f3n para recordar al hombre que dio nombre a la marca.<\/p>\n<p>Aquel que revolucion\u00f3 la moda sin haberlo pretendido y que nunca ansi\u00f3 fama ni gloria, solo poder hacer lo que le apasionaba: \u201cSiendo natural y sincero, a menudo se pueden crear revoluciones sin haberlas buscado\u201d, afirm\u00f3.<\/p>\n<p>En estas casi ocho d\u00e9cadas, la firma, como otras muchas cuyos fundadores hace muchos a\u00f1os que fallecieron, ha acortado su nombre y pasado de ser Christian Dior a ser simplemente Dior, pero el mito permanece.<\/p>\n<p>Dior es conocida no solo por sus dise\u00f1os de alta costura y moda pr\u00eat-\u00e0-porter, sino tambi\u00e9n por sus l\u00edneas de accesorios, perfumes y maquillaje. Algunos de los dise\u00f1os m\u00e1s conocidos de Dior incluyen el &#8220;New Look&#8221;, un estilo de vestido que se caracterizaba por su cintura ajustada y faldas con volantes, y el &#8220;Bar suit&#8221;, un conjunto de chaqueta y pantal\u00f3n elegante y sofisticado. En cuanto a los bolsos, algunos de los m\u00e1s conocidos de Dior son el &#8220;Lady Dior&#8221;, el &#8220;Diorama&#8221; y el &#8220;J&#8217;Adior&#8221;. En cuanto a perfumes, algunos de los m\u00e1s conocidos de Dior son &#8220;Miss Dior&#8221;, &#8220;Dior Homme&#8221; y &#8220;J&#8217;Adore&#8221;.<\/p>\n<p>Ha sido utilizada por muchas celebridades y personalidades importantes a lo largo de los a\u00f1os. Algunas de ellas son Jennifer Lawrence, Charlize Theron, Marion Cotillard, Natalie Portman, Scarlett Johansson, Jennifer Aniston, Victoria Beckham y Kate Middleton, entre otras. Adem\u00e1s, la firma Dior ha sido utilizada en muchas pel\u00edculas y eventos de alfombra roja, y sus dise\u00f1os han sido llevados por numerosas actrices y modelos famosas en eventos de moda y premios.<\/p>\n<p><strong>Hoy en d\u00eda <\/strong>Dior cotiza en Par\u00eds y su capitalizaci\u00f3n de mercado actual llega a los<strong> 121.496 millones de d\u00f3lares y es una de las 10 marcas de lujo m\u00e1s valoradas del Mundo.<\/strong><\/p>\n","protected":false},"excerpt":{"rendered":"<p>Continuamos la secci\u00f3n &#8220;Historia del Lujo&#8221; con la firma Dior, una marca patrimonio nacional de Francia al frente de la cual han estado el propio Christian Dior, Yves Saint Laurent, Marc Bohan, Gianfranco Ferr\u00e9, John Galliano, Raf Simons o Maria Grazia Chiuri. Dior fue rescatada de la bancarrota en 1984, cuando es comprada por Bernard&hellip;<\/p>\n","protected":false},"author":19,"featured_media":31189,"comment_status":"open","ping_status":"open","sticky":false,"template":"","format":"standard","meta":{"_jetpack_newsletter_access":"","_jetpack_dont_email_post_to_subs":false,"_jetpack_newsletter_tier_id":0,"_jetpack_memberships_contains_paywalled_content":false,"_jetpack_feature_clip_id":0,"_jetpack_memberships_contains_paid_content":false,"footnotes":"","jetpack_publicize_message":"","jetpack_publicize_feature_enabled":true,"jetpack_social_post_already_shared":true,"jetpack_social_options":{"image_generator_settings":{"template":"edge","default_image_id":0,"font":"","enabled":false},"version":2},"jetpack_post_was_ever_published":false},"categories":[4228,534],"tags":[749,699,1983,1979,1984,1982,586,1985,1981],"thb-sponsors":[],"class_list":["post-31143","post","type-post","status-publish","format-standard","has-post-thumbnail","hentry","category-historia-de-la-moda-y-el-lujo","category-moda","tag-christian-dior","tag-dior","tag-gianfranco-ferre","tag-historia-del-lujo","tag-john-galliano","tag-marc-bohan","tag-moda","tag-raf-simons","tag-yves-saint-laurent"],"yoast_head":"<!-- This site is optimized with the Yoast SEO plugin v28.4 - https:\/\/yoast.com\/product\/yoast-seo-wordpress\/ -->\n<title>Historia del Lujo: DIOR | LUXONOMY<\/title>\n<meta name=\"robots\" content=\"index, follow, max-snippet:-1, max-image-preview:large, max-video-preview:-1\" \/>\n<link rel=\"canonical\" href=\"https:\/\/luxonomy.net\/es\/historia-del-lujo-dior\/\" \/>\n<meta property=\"og:locale\" content=\"es_ES\" \/>\n<meta property=\"og:type\" content=\"article\" \/>\n<meta property=\"og:title\" content=\"Historia del Lujo: DIOR | LUXONOMY\" \/>\n<meta property=\"og:description\" content=\"Continuamos la secci\u00f3n &#8220;Historia del Lujo&#8221; con la firma Dior, una marca patrimonio nacional de Francia al frente de la cual han estado el propio Christian Dior, Yves Saint Laurent, Marc Bohan, Gianfranco Ferr\u00e9, John Galliano, Raf Simons o Maria Grazia Chiuri. Dior fue rescatada de la bancarrota en 1984, cuando es comprada por Bernard&hellip;\" \/>\n<meta property=\"og:url\" content=\"https:\/\/luxonomy.net\/es\/historia-del-lujo-dior\/\" \/>\n<meta property=\"og:site_name\" content=\"LUXONOMY\" \/>\n<meta property=\"article:publisher\" content=\"https:\/\/www.facebook.com\/luxonomy\" \/>\n<meta property=\"article:published_time\" content=\"2023-01-07T04:13:16+00:00\" \/>\n<meta property=\"article:modified_time\" content=\"2023-05-22T12:17:00+00:00\" \/>\n<meta property=\"og:image\" content=\"https:\/\/i0.wp.com\/luxonomy.net\/wp-content\/uploads\/2023\/01\/Dior-History.jpg?fit=834%2C500&quality=89&ssl=1\" \/>\n\t<meta property=\"og:image:width\" content=\"834\" \/>\n\t<meta property=\"og:image:height\" content=\"500\" \/>\n\t<meta property=\"og:image:type\" content=\"image\/jpeg\" \/>\n<meta name=\"author\" content=\"Pablo Guti\u00e9rrez-Rav\u00e9 Villal\u00f3n\" \/>\n<meta name=\"twitter:card\" content=\"summary_large_image\" \/>\n<meta name=\"twitter:label1\" content=\"Escrito por\" \/>\n\t<meta name=\"twitter:data1\" content=\"Pablo Guti\u00e9rrez-Rav\u00e9 Villal\u00f3n\" \/>\n\t<meta name=\"twitter:label2\" content=\"Tiempo de lectura\" \/>\n\t<meta name=\"twitter:data2\" content=\"11 minutos\" \/>\n<script type=\"application\/ld+json\" class=\"yoast-schema-graph\">{\"@context\":\"https:\\\/\\\/schema.org\",\"@graph\":[{\"@type\":\"Article\",\"@id\":\"https:\\\/\\\/luxonomy.net\\\/es\\\/historia-del-lujo-dior\\\/#article\",\"isPartOf\":{\"@id\":\"https:\\\/\\\/luxonomy.net\\\/es\\\/historia-del-lujo-dior\\\/\"},\"author\":{\"name\":\"Pablo Guti\u00e9rrez-Rav\u00e9 Villal\u00f3n\",\"@id\":\"https:\\\/\\\/luxonomy.net\\\/es\\\/#\\\/schema\\\/person\\\/946f96026a12fb240997712bcc85943b\"},\"headline\":\"Historia del Lujo: DIOR\",\"datePublished\":\"2023-01-07T04:13:16+00:00\",\"dateModified\":\"2023-05-22T12:17:00+00:00\",\"mainEntityOfPage\":{\"@id\":\"https:\\\/\\\/luxonomy.net\\\/es\\\/historia-del-lujo-dior\\\/\"},\"wordCount\":2191,\"commentCount\":0,\"publisher\":{\"@id\":\"https:\\\/\\\/luxonomy.net\\\/es\\\/#organization\"},\"image\":{\"@id\":\"https:\\\/\\\/luxonomy.net\\\/es\\\/historia-del-lujo-dior\\\/#primaryimage\"},\"thumbnailUrl\":\"https:\\\/\\\/i0.wp.com\\\/luxonomy.net\\\/wp-content\\\/uploads\\\/2023\\\/01\\\/Dior-History.jpg?fit=834%2C500&ssl=1\",\"keywords\":[\"Christian Dior\",\"Dior\",\"Gianfranco Ferr\u00e9\",\"historia del lujo\",\"John Galliano\",\"Marc Bohan\",\"Moda\",\"Raf Simons\",\"Yves Saint Laurent\"],\"articleSection\":[\"Historia de la Moda y el Lujo\",\"Moda\"],\"inLanguage\":\"es\",\"potentialAction\":[{\"@type\":\"CommentAction\",\"name\":\"Comment\",\"target\":[\"https:\\\/\\\/luxonomy.net\\\/es\\\/historia-del-lujo-dior\\\/#respond\"]}]},{\"@type\":\"WebPage\",\"@id\":\"https:\\\/\\\/luxonomy.net\\\/es\\\/historia-del-lujo-dior\\\/\",\"url\":\"https:\\\/\\\/luxonomy.net\\\/es\\\/historia-del-lujo-dior\\\/\",\"name\":\"Historia del Lujo: DIOR | LUXONOMY\",\"isPartOf\":{\"@id\":\"https:\\\/\\\/luxonomy.net\\\/es\\\/#website\"},\"primaryImageOfPage\":{\"@id\":\"https:\\\/\\\/luxonomy.net\\\/es\\\/historia-del-lujo-dior\\\/#primaryimage\"},\"image\":{\"@id\":\"https:\\\/\\\/luxonomy.net\\\/es\\\/historia-del-lujo-dior\\\/#primaryimage\"},\"thumbnailUrl\":\"https:\\\/\\\/i0.wp.com\\\/luxonomy.net\\\/wp-content\\\/uploads\\\/2023\\\/01\\\/Dior-History.jpg?fit=834%2C500&ssl=1\",\"datePublished\":\"2023-01-07T04:13:16+00:00\",\"dateModified\":\"2023-05-22T12:17:00+00:00\",\"breadcrumb\":{\"@id\":\"https:\\\/\\\/luxonomy.net\\\/es\\\/historia-del-lujo-dior\\\/#breadcrumb\"},\"inLanguage\":\"es\",\"potentialAction\":[{\"@type\":\"ReadAction\",\"target\":[\"https:\\\/\\\/luxonomy.net\\\/es\\\/historia-del-lujo-dior\\\/\"]}]},{\"@type\":\"ImageObject\",\"inLanguage\":\"es\",\"@id\":\"https:\\\/\\\/luxonomy.net\\\/es\\\/historia-del-lujo-dior\\\/#primaryimage\",\"url\":\"https:\\\/\\\/i0.wp.com\\\/luxonomy.net\\\/wp-content\\\/uploads\\\/2023\\\/01\\\/Dior-History.jpg?fit=834%2C500&ssl=1\",\"contentUrl\":\"https:\\\/\\\/i0.wp.com\\\/luxonomy.net\\\/wp-content\\\/uploads\\\/2023\\\/01\\\/Dior-History.jpg?fit=834%2C500&ssl=1\",\"width\":834,\"height\":500},{\"@type\":\"BreadcrumbList\",\"@id\":\"https:\\\/\\\/luxonomy.net\\\/es\\\/historia-del-lujo-dior\\\/#breadcrumb\",\"itemListElement\":[{\"@type\":\"ListItem\",\"position\":1,\"name\":\"Portada\",\"item\":\"https:\\\/\\\/luxonomy.net\\\/es\\\/\"},{\"@type\":\"ListItem\",\"position\":2,\"name\":\"Historia del Lujo: DIOR\"}]},{\"@type\":\"WebSite\",\"@id\":\"https:\\\/\\\/luxonomy.net\\\/es\\\/#website\",\"url\":\"https:\\\/\\\/luxonomy.net\\\/es\\\/\",\"name\":\"LUXONOMY\",\"description\":\"The Economy of Fashion &amp; Luxury\",\"publisher\":{\"@id\":\"https:\\\/\\\/luxonomy.net\\\/es\\\/#organization\"},\"potentialAction\":[{\"@type\":\"SearchAction\",\"target\":{\"@type\":\"EntryPoint\",\"urlTemplate\":\"https:\\\/\\\/luxonomy.net\\\/es\\\/?s={search_term_string}\"},\"query-input\":{\"@type\":\"PropertyValueSpecification\",\"valueRequired\":true,\"valueName\":\"search_term_string\"}}],\"inLanguage\":\"es\"},{\"@type\":\"Organization\",\"@id\":\"https:\\\/\\\/luxonomy.net\\\/es\\\/#organization\",\"name\":\"LUXONOMY\",\"url\":\"https:\\\/\\\/luxonomy.net\\\/es\\\/\",\"logo\":{\"@type\":\"ImageObject\",\"inLanguage\":\"es\",\"@id\":\"https:\\\/\\\/luxonomy.net\\\/es\\\/#\\\/schema\\\/logo\\\/image\\\/\",\"url\":\"https:\\\/\\\/i2.wp.com\\\/luxonomy.net\\\/wp-content\\\/uploads\\\/2021\\\/09\\\/MOCKUP-TODOS-LUXONOMY.jpg?fit=1000%2C515&ssl=1\",\"contentUrl\":\"https:\\\/\\\/i2.wp.com\\\/luxonomy.net\\\/wp-content\\\/uploads\\\/2021\\\/09\\\/MOCKUP-TODOS-LUXONOMY.jpg?fit=1000%2C515&ssl=1\",\"width\":1000,\"height\":515,\"caption\":\"LUXONOMY\"},\"image\":{\"@id\":\"https:\\\/\\\/luxonomy.net\\\/es\\\/#\\\/schema\\\/logo\\\/image\\\/\"},\"sameAs\":[\"https:\\\/\\\/www.facebook.com\\\/luxonomy\",\"https:\\\/\\\/www.instagram.com\\\/luxonomy\\\/\",\"https:\\\/\\\/www.linkedin.com\\\/company\\\/luxonomy\\\/\"]},{\"@type\":\"Person\",\"@id\":\"https:\\\/\\\/luxonomy.net\\\/es\\\/#\\\/schema\\\/person\\\/946f96026a12fb240997712bcc85943b\",\"name\":\"Pablo Guti\u00e9rrez-Rav\u00e9 Villal\u00f3n\",\"image\":{\"@type\":\"ImageObject\",\"inLanguage\":\"es\",\"@id\":\"https:\\\/\\\/luxonomy.net\\\/wp-content\\\/litespeed\\\/avatar\\\/b80839bcd1d7840754b71e72cad801ce.jpg?ver=1788213692\",\"url\":\"https:\\\/\\\/luxonomy.net\\\/wp-content\\\/litespeed\\\/avatar\\\/b80839bcd1d7840754b71e72cad801ce.jpg?ver=1788213692\",\"contentUrl\":\"https:\\\/\\\/luxonomy.net\\\/wp-content\\\/litespeed\\\/avatar\\\/b80839bcd1d7840754b71e72cad801ce.jpg?ver=1788213692\",\"caption\":\"Pablo Guti\u00e9rrez-Rav\u00e9 Villal\u00f3n\"},\"description\":\"president LUXONOMY\u2122 Group\",\"sameAs\":[\"https:\\\/\\\/www.linkedin.com\\\/in\\\/pablogutierrezrave\\\/\"],\"url\":\"https:\\\/\\\/luxonomy.net\\\/es\\\/author\\\/pablo\\\/\"}]}<\/script>\n<!-- \/ Yoast SEO plugin. -->","yoast_head_json":{"title":"Historia del Lujo: DIOR | LUXONOMY","robots":{"index":"index","follow":"follow","max-snippet":"max-snippet:-1","max-image-preview":"max-image-preview:large","max-video-preview":"max-video-preview:-1"},"canonical":"https:\/\/luxonomy.net\/es\/historia-del-lujo-dior\/","og_locale":"es_ES","og_type":"article","og_title":"Historia del Lujo: DIOR | LUXONOMY","og_description":"Continuamos la secci\u00f3n &#8220;Historia del Lujo&#8221; con la firma Dior, una marca patrimonio nacional de Francia al frente de la cual han estado el propio Christian Dior, Yves Saint Laurent, Marc Bohan, Gianfranco Ferr\u00e9, John Galliano, Raf Simons o Maria Grazia Chiuri. Dior fue rescatada de la bancarrota en 1984, cuando es comprada por Bernard&hellip;","og_url":"https:\/\/luxonomy.net\/es\/historia-del-lujo-dior\/","og_site_name":"LUXONOMY","article_publisher":"https:\/\/www.facebook.com\/luxonomy","article_published_time":"2023-01-07T04:13:16+00:00","article_modified_time":"2023-05-22T12:17:00+00:00","og_image":[{"width":834,"height":500,"url":"https:\/\/i0.wp.com\/luxonomy.net\/wp-content\/uploads\/2023\/01\/Dior-History.jpg?fit=834%2C500&quality=89&ssl=1","type":"image\/jpeg"}],"author":"Pablo Guti\u00e9rrez-Rav\u00e9 Villal\u00f3n","twitter_card":"summary_large_image","twitter_misc":{"Escrito por":"Pablo Guti\u00e9rrez-Rav\u00e9 Villal\u00f3n","Tiempo de lectura":"11 minutos"},"schema":{"@context":"https:\/\/schema.org","@graph":[{"@type":"Article","@id":"https:\/\/luxonomy.net\/es\/historia-del-lujo-dior\/#article","isPartOf":{"@id":"https:\/\/luxonomy.net\/es\/historia-del-lujo-dior\/"},"author":{"name":"Pablo Guti\u00e9rrez-Rav\u00e9 Villal\u00f3n","@id":"https:\/\/luxonomy.net\/es\/#\/schema\/person\/946f96026a12fb240997712bcc85943b"},"headline":"Historia del Lujo: DIOR","datePublished":"2023-01-07T04:13:16+00:00","dateModified":"2023-05-22T12:17:00+00:00","mainEntityOfPage":{"@id":"https:\/\/luxonomy.net\/es\/historia-del-lujo-dior\/"},"wordCount":2191,"commentCount":0,"publisher":{"@id":"https:\/\/luxonomy.net\/es\/#organization"},"image":{"@id":"https:\/\/luxonomy.net\/es\/historia-del-lujo-dior\/#primaryimage"},"thumbnailUrl":"https:\/\/i0.wp.com\/luxonomy.net\/wp-content\/uploads\/2023\/01\/Dior-History.jpg?fit=834%2C500&ssl=1","keywords":["Christian Dior","Dior","Gianfranco Ferr\u00e9","historia del lujo","John Galliano","Marc Bohan","Moda","Raf Simons","Yves Saint Laurent"],"articleSection":["Historia de la Moda y el Lujo","Moda"],"inLanguage":"es","potentialAction":[{"@type":"CommentAction","name":"Comment","target":["https:\/\/luxonomy.net\/es\/historia-del-lujo-dior\/#respond"]}]},{"@type":"WebPage","@id":"https:\/\/luxonomy.net\/es\/historia-del-lujo-dior\/","url":"https:\/\/luxonomy.net\/es\/historia-del-lujo-dior\/","name":"Historia del Lujo: DIOR | LUXONOMY","isPartOf":{"@id":"https:\/\/luxonomy.net\/es\/#website"},"primaryImageOfPage":{"@id":"https:\/\/luxonomy.net\/es\/historia-del-lujo-dior\/#primaryimage"},"image":{"@id":"https:\/\/luxonomy.net\/es\/historia-del-lujo-dior\/#primaryimage"},"thumbnailUrl":"https:\/\/i0.wp.com\/luxonomy.net\/wp-content\/uploads\/2023\/01\/Dior-History.jpg?fit=834%2C500&ssl=1","datePublished":"2023-01-07T04:13:16+00:00","dateModified":"2023-05-22T12:17:00+00:00","breadcrumb":{"@id":"https:\/\/luxonomy.net\/es\/historia-del-lujo-dior\/#breadcrumb"},"inLanguage":"es","potentialAction":[{"@type":"ReadAction","target":["https:\/\/luxonomy.net\/es\/historia-del-lujo-dior\/"]}]},{"@type":"ImageObject","inLanguage":"es","@id":"https:\/\/luxonomy.net\/es\/historia-del-lujo-dior\/#primaryimage","url":"https:\/\/i0.wp.com\/luxonomy.net\/wp-content\/uploads\/2023\/01\/Dior-History.jpg?fit=834%2C500&ssl=1","contentUrl":"https:\/\/i0.wp.com\/luxonomy.net\/wp-content\/uploads\/2023\/01\/Dior-History.jpg?fit=834%2C500&ssl=1","width":834,"height":500},{"@type":"BreadcrumbList","@id":"https:\/\/luxonomy.net\/es\/historia-del-lujo-dior\/#breadcrumb","itemListElement":[{"@type":"ListItem","position":1,"name":"Portada","item":"https:\/\/luxonomy.net\/es\/"},{"@type":"ListItem","position":2,"name":"Historia del Lujo: DIOR"}]},{"@type":"WebSite","@id":"https:\/\/luxonomy.net\/es\/#website","url":"https:\/\/luxonomy.net\/es\/","name":"LUXONOMY","description":"The Economy of Fashion &amp; Luxury","publisher":{"@id":"https:\/\/luxonomy.net\/es\/#organization"},"potentialAction":[{"@type":"SearchAction","target":{"@type":"EntryPoint","urlTemplate":"https:\/\/luxonomy.net\/es\/?s={search_term_string}"},"query-input":{"@type":"PropertyValueSpecification","valueRequired":true,"valueName":"search_term_string"}}],"inLanguage":"es"},{"@type":"Organization","@id":"https:\/\/luxonomy.net\/es\/#organization","name":"LUXONOMY","url":"https:\/\/luxonomy.net\/es\/","logo":{"@type":"ImageObject","inLanguage":"es","@id":"https:\/\/luxonomy.net\/es\/#\/schema\/logo\/image\/","url":"https:\/\/i2.wp.com\/luxonomy.net\/wp-content\/uploads\/2021\/09\/MOCKUP-TODOS-LUXONOMY.jpg?fit=1000%2C515&ssl=1","contentUrl":"https:\/\/i2.wp.com\/luxonomy.net\/wp-content\/uploads\/2021\/09\/MOCKUP-TODOS-LUXONOMY.jpg?fit=1000%2C515&ssl=1","width":1000,"height":515,"caption":"LUXONOMY"},"image":{"@id":"https:\/\/luxonomy.net\/es\/#\/schema\/logo\/image\/"},"sameAs":["https:\/\/www.facebook.com\/luxonomy","https:\/\/www.instagram.com\/luxonomy\/","https:\/\/www.linkedin.com\/company\/luxonomy\/"]},{"@type":"Person","@id":"https:\/\/luxonomy.net\/es\/#\/schema\/person\/946f96026a12fb240997712bcc85943b","name":"Pablo Guti\u00e9rrez-Rav\u00e9 Villal\u00f3n","image":{"@type":"ImageObject","inLanguage":"es","@id":"https:\/\/luxonomy.net\/wp-content\/litespeed\/avatar\/b80839bcd1d7840754b71e72cad801ce.jpg?ver=1788213692","url":"https:\/\/luxonomy.net\/wp-content\/litespeed\/avatar\/b80839bcd1d7840754b71e72cad801ce.jpg?ver=1788213692","contentUrl":"https:\/\/luxonomy.net\/wp-content\/litespeed\/avatar\/b80839bcd1d7840754b71e72cad801ce.jpg?ver=1788213692","caption":"Pablo Guti\u00e9rrez-Rav\u00e9 Villal\u00f3n"},"description":"president LUXONOMY\u2122 Group","sameAs":["https:\/\/www.linkedin.com\/in\/pablogutierrezrave\/"],"url":"https:\/\/luxonomy.net\/es\/author\/pablo\/"}]}},"jetpack_publicize_connections":[],"jetpack_shortlink":"https:\/\/wp.me\/paPhBa-86j","jetpack_sharing_enabled":true,"jetpack_featured_media_url":"https:\/\/i0.wp.com\/luxonomy.net\/wp-content\/uploads\/2023\/01\/Dior-History.jpg?fit=834%2C500&ssl=1","_links":{"self":[{"href":"https:\/\/luxonomy.net\/es\/wp-json\/wp\/v2\/posts\/31143","targetHints":{"allow":["GET"]}}],"collection":[{"href":"https:\/\/luxonomy.net\/es\/wp-json\/wp\/v2\/posts"}],"about":[{"href":"https:\/\/luxonomy.net\/es\/wp-json\/wp\/v2\/types\/post"}],"author":[{"embeddable":true,"href":"https:\/\/luxonomy.net\/es\/wp-json\/wp\/v2\/users\/19"}],"replies":[{"embeddable":true,"href":"https:\/\/luxonomy.net\/es\/wp-json\/wp\/v2\/comments?post=31143"}],"version-history":[{"count":23,"href":"https:\/\/luxonomy.net\/es\/wp-json\/wp\/v2\/posts\/31143\/revisions"}],"predecessor-version":[{"id":31194,"href":"https:\/\/luxonomy.net\/es\/wp-json\/wp\/v2\/posts\/31143\/revisions\/31194"}],"wp:featuredmedia":[{"embeddable":true,"href":"https:\/\/luxonomy.net\/es\/wp-json\/wp\/v2\/media\/31189"}],"wp:attachment":[{"href":"https:\/\/luxonomy.net\/es\/wp-json\/wp\/v2\/media?parent=31143"}],"wp:term":[{"taxonomy":"category","embeddable":true,"href":"https:\/\/luxonomy.net\/es\/wp-json\/wp\/v2\/categories?post=31143"},{"taxonomy":"post_tag","embeddable":true,"href":"https:\/\/luxonomy.net\/es\/wp-json\/wp\/v2\/tags?post=31143"},{"taxonomy":"thb-sponsors","embeddable":true,"href":"https:\/\/luxonomy.net\/es\/wp-json\/wp\/v2\/thb-sponsors?post=31143"}],"curies":[{"name":"wp","href":"https:\/\/api.w.org\/{rel}","templated":true}]}}