{"id":30982,"date":"2022-12-27T13:09:07","date_gmt":"2022-12-27T12:09:07","guid":{"rendered":"https:\/?p=30982"},"modified":"2022-12-30T13:27:48","modified_gmt":"2022-12-30T12:27:48","slug":"el-lujo-crecera-hasta-un-8-pese-al-temor-a-la-recesion","status":"publish","type":"post","link":"https:\/\/luxonomy.net\/es\/el-lujo-crecera-hasta-un-8-pese-al-temor-a-la-recesion\/","title":{"rendered":"El lujo crecer\u00e1 hasta un 8% pese al temor a la recesi\u00f3n"},"content":{"rendered":"<p>Un estudio sugiere que los compradores seguir\u00e1n derrochando en bienes de lujo a pesar de una posible recesi\u00f3n mundial, impulsando el sector de 353 mil millones de euros a un crecimiento de \u201cal menos\u201d 3 a 8 por ciento el pr\u00f3ximo a\u00f1o.<\/p>\n<p>El pron\u00f3stico conjunto de los analistas de Bain &amp; Co. y Altagamma se basa en otro a\u00f1o fuerte para los art\u00edculos de lujo, con un aumento de las ventas de\u00a015 por ciento a tipos de cambio constantes entre 2021 y 2022, frente a la creciente inflaci\u00f3n y el despliegue de los confinamientos debido al covid-19 en China; sin embargo, la mayor parte de ese crecimiento\u00a0\u2014alrededor del 60 por ciento\u2014\u00a0fue alimentado por el aumento de los precios de los bolsos y otros art\u00edculos de lujo b\u00e1sicos, de acuerdo con el informe.<\/p>\n<p>Los ejecutivos de las principales compa\u00f1\u00edas de lujo se mostraron cautelosamente optimistas en las recientes presentaciones de resultados. El l\u00edder del sector, LVMH, registr\u00f3 un aumento de las ventas de\u00a019 por ciento interanual en el tercer trimestre, mientras que Kering, propietaria de Gucci, y su rival Herm\u00e8s registraron alza de\u00a014 por ciento.<\/p><div id=\"luxon-609135052\" class=\"luxon-3er-parrafo luxon-entity-placement\" style=\"margin-top: 20px;margin-bottom: 20px;margin-left: auto;margin-right: auto;text-align: center;\"><a href=\"https:\/\/luxonomy.university\/course\/master-turismo-de-lujo\" target=\"_blank\" aria-label=\"master-turismo-lujo-2026-2027\"><img loading=\"lazy\" decoding=\"async\" src=\"https:\/\/i0.wp.com\/luxonomy.net\/wp-content\/uploads\/2020\/07\/master-turismo-lujo-2026-2027.jpg?fit=1672%2C941&#038;ssl=1\" alt=\"\"  srcset=\"https:\/\/i0.wp.com\/luxonomy.net\/wp-content\/uploads\/2020\/07\/master-turismo-lujo-2026-2027.jpg?w=1672&ssl=1 1672w, https:\/\/i0.wp.com\/luxonomy.net\/wp-content\/uploads\/2020\/07\/master-turismo-lujo-2026-2027.jpg?resize=300%2C169&ssl=1 300w, https:\/\/i0.wp.com\/luxonomy.net\/wp-content\/uploads\/2020\/07\/master-turismo-lujo-2026-2027.jpg?resize=1024%2C576&ssl=1 1024w, https:\/\/i0.wp.com\/luxonomy.net\/wp-content\/uploads\/2020\/07\/master-turismo-lujo-2026-2027.jpg?resize=768%2C432&ssl=1 768w, https:\/\/i0.wp.com\/luxonomy.net\/wp-content\/uploads\/2020\/07\/master-turismo-lujo-2026-2027.jpg?resize=1536%2C864&ssl=1 1536w, https:\/\/i0.wp.com\/luxonomy.net\/wp-content\/uploads\/2020\/07\/master-turismo-lujo-2026-2027.jpg?resize=370%2C208&ssl=1 370w, https:\/\/i0.wp.com\/luxonomy.net\/wp-content\/uploads\/2020\/07\/master-turismo-lujo-2026-2027.jpg?resize=800%2C450&ssl=1 800w, https:\/\/i0.wp.com\/luxonomy.net\/wp-content\/uploads\/2020\/07\/master-turismo-lujo-2026-2027.jpg?resize=20%2C11&ssl=1 20w, https:\/\/i0.wp.com\/luxonomy.net\/wp-content\/uploads\/2020\/07\/master-turismo-lujo-2026-2027.jpg?resize=740%2C416&ssl=1 740w, https:\/\/i0.wp.com\/luxonomy.net\/wp-content\/uploads\/2020\/07\/master-turismo-lujo-2026-2027.jpg?resize=1600%2C900&ssl=1 1600w, https:\/\/i0.wp.com\/luxonomy.net\/wp-content\/uploads\/2020\/07\/master-turismo-lujo-2026-2027.jpg?resize=1200%2C675&ssl=1 1200w, https:\/\/i0.wp.com\/luxonomy.net\/wp-content\/uploads\/2020\/07\/master-turismo-lujo-2026-2027.jpg?resize=85%2C48&ssl=1 85w\" sizes=\"(max-width: 1170px) 100vw, 1170px\" class=\"no-lazyload\" width=\"1672\" height=\"941\"   \/><\/a><\/div>\n[perfectpullquote align=&#8221;full&#8221; bordertop=&#8221;false&#8221; cite=&#8221;&#8221; link=&#8221;&#8221; color=&#8221;&#8221; class=&#8221;&#8221; size=&#8221;&#8221;]\u201cTodav\u00eda no se materializa (una recesi\u00f3n econ\u00f3mica) en su totalidad\u2026 si es que alguna vez lo hace\u201d, dijo Jean Jacques Guiony, director financiero de LVMH, en una llamada con inversionistas el mes pasado.[\/perfectpullquote]\n<p>Aunque el lujo no es \u201ca prueba de recesiones\u201d, est\u00e1 mejor situado para sortear las crisis financieras que durante los a\u00f1os 2008 y 2009, declar\u00f3 a Financial Times Claudia D\u2019Arpizio, socia de Bain &amp; Co.<\/p>\n<p>Esto se debe a que las ventas se concentran ahora en las personas ultrarricas, cuyos ingresos disponibles probablemente no se vean afectados por una recesi\u00f3n econ\u00f3mica. De hecho, 2 por ciento de las personas que m\u00e1s gastan representan ahora 40 por ciento de las ventas, en comparaci\u00f3n con 35 por ciento en 2009, indic\u00f3 D\u2019Arpizio.<\/p>\n[perfectpullquote align=&#8221;full&#8221; bordertop=&#8221;false&#8221; cite=&#8221;&#8221; link=&#8221;&#8221; color=&#8221;&#8221; class=&#8221;&#8221; size=&#8221;&#8221;]\u201cEstos clientes fueron una gran palanca de resiliencia y no necesariamente compran en las tiendas; son m\u00e1s partidarios de los eventos privados, de las compras personales. Las marcas pueden trabajar con ellos incluso cuando las tiendas est\u00e1n cerradas\u201d, a\u00f1adi\u00f3.[\/perfectpullquote]\n<p>Los vientos favorables de la pandemia tambi\u00e9n compensaron la ca\u00edda de la confianza en la econom\u00eda mundial. El covid-19 hizo que los consumidores estuvieran \u201cm\u00e1s acostumbrados a un entorno (econ\u00f3mico) turbulento\u201d. Adem\u00e1s, el ahorro adicional derivado de la pandemia\u00a0\u2014por valor de 3 billones de euros a escala mundial\u2014 tambi\u00e9n fomenta las compras de lujo, ya que los clientes buscan renovar sus guardarropas, se\u00f1al\u00f3 D\u2019Arpizio. Y, a diferencia de 2008-2009, los consumidores no se averg\u00fcenzan de mostrar sus compras de lujo.<\/p>\n<p>Aunque el mercado chino de\u00a0lujo todav\u00eda no se recupera de la pandemia, si se relaja su pol\u00edtica de covid cero y las restricciones a los viajes, las ventas de lujo pueden alcanzar el extremo superior del pron\u00f3stico de crecimiento de Bain, de entre 6 y 8 por ciento, el pr\u00f3ximo a\u00f1o. La semana pasada, Pek\u00edn redujo sus requisitos de cuarentena por coronavirus para los contactos cercanos y los viajeros internacionales, aunque su postura de covid cero se mantiene firme.<\/p><div id=\"luxon-2124390914\" class=\"luxon-7-parrafo luxon-entity-placement\" style=\"margin-top: 20px;margin-bottom: 20px;margin-left: auto;margin-right: auto;text-align: center;\"><a href=\"https:\/\/theintelligence.institute\/course\/inteligencia-artificial-para-directivos\" target=\"_blank\" aria-label=\"CSIAD_empresas_THEI_horizontal_4x3_v5\"><img loading=\"lazy\" decoding=\"async\" src=\"https:\/\/i0.wp.com\/luxonomy.net\/wp-content\/uploads\/2025\/08\/CSIAD_empresas_THEI_horizontal_4x3_v5.png?fit=2000%2C1500&#038;ssl=1\" alt=\"\"  srcset=\"https:\/\/i0.wp.com\/luxonomy.net\/wp-content\/uploads\/2025\/08\/CSIAD_empresas_THEI_horizontal_4x3_v5.png?w=2000&ssl=1 2000w, https:\/\/i0.wp.com\/luxonomy.net\/wp-content\/uploads\/2025\/08\/CSIAD_empresas_THEI_horizontal_4x3_v5.png?resize=300%2C225&ssl=1 300w, https:\/\/i0.wp.com\/luxonomy.net\/wp-content\/uploads\/2025\/08\/CSIAD_empresas_THEI_horizontal_4x3_v5.png?resize=1024%2C768&ssl=1 1024w, https:\/\/i0.wp.com\/luxonomy.net\/wp-content\/uploads\/2025\/08\/CSIAD_empresas_THEI_horizontal_4x3_v5.png?resize=768%2C576&ssl=1 768w, https:\/\/i0.wp.com\/luxonomy.net\/wp-content\/uploads\/2025\/08\/CSIAD_empresas_THEI_horizontal_4x3_v5.png?resize=1536%2C1152&ssl=1 1536w, https:\/\/i0.wp.com\/luxonomy.net\/wp-content\/uploads\/2025\/08\/CSIAD_empresas_THEI_horizontal_4x3_v5.png?resize=370%2C278&ssl=1 370w, https:\/\/i0.wp.com\/luxonomy.net\/wp-content\/uploads\/2025\/08\/CSIAD_empresas_THEI_horizontal_4x3_v5.png?resize=800%2C600&ssl=1 800w, https:\/\/i0.wp.com\/luxonomy.net\/wp-content\/uploads\/2025\/08\/CSIAD_empresas_THEI_horizontal_4x3_v5.png?resize=20%2C15&ssl=1 20w, https:\/\/i0.wp.com\/luxonomy.net\/wp-content\/uploads\/2025\/08\/CSIAD_empresas_THEI_horizontal_4x3_v5.png?resize=740%2C555&ssl=1 740w, https:\/\/i0.wp.com\/luxonomy.net\/wp-content\/uploads\/2025\/08\/CSIAD_empresas_THEI_horizontal_4x3_v5.png?resize=1600%2C1200&ssl=1 1600w, https:\/\/i0.wp.com\/luxonomy.net\/wp-content\/uploads\/2025\/08\/CSIAD_empresas_THEI_horizontal_4x3_v5.png?resize=1200%2C900&ssl=1 1200w, https:\/\/i0.wp.com\/luxonomy.net\/wp-content\/uploads\/2025\/08\/CSIAD_empresas_THEI_horizontal_4x3_v5.png?resize=64%2C48&ssl=1 64w\" sizes=\"(max-width: 1170px) 100vw, 1170px\" class=\"no-lazyload\" width=\"2000\" height=\"1500\"   \/><\/a><\/div>\n<p>Los compradores j\u00f3venes tambi\u00e9n van a desempe\u00f1ar un papel importante, ya que se prev\u00e9 que la Generaci\u00f3n Z \u2014los nacidos entre 1997 y 2012\u2014\u00a0representar\u00e1 alrededor de un tercio de las compras en sector de lujo a finales de la d\u00e9cada.<\/p>\n<p>Estos j\u00f3venes compradores est\u00e1n ingresando al mercado antes que sus predecesores millennials, comprando sus primeros art\u00edculos de lujo alrededor de los 15 a\u00f1os, en comparaci\u00f3n con 18 o 20 a\u00f1os, lo que Bain atribuye a las fuertes estrategias de comunicaci\u00f3n digital de las marcas y a la expansi\u00f3n de categor\u00edas de productos, como tenis y ropa informal, relevantes para los adolescentes. A diferencia de las generaciones anteriores, que sol\u00edan rechazar las marcas preferidas por sus padres, a los j\u00f3venes les gustan las mismas marcas de lujo que a los compradores de m\u00e1s edad, lo que representa m\u00e1s buenas noticias para los l\u00edderes del sector.<\/p>\n","protected":false},"excerpt":{"rendered":"<p>Un estudio sugiere que los compradores seguir\u00e1n derrochando en bienes de lujo a pesar de una posible recesi\u00f3n mundial, impulsando el sector de 353 mil millones de euros a un crecimiento de \u201cal menos\u201d 3 a 8 por ciento el pr\u00f3ximo a\u00f1o. El pron\u00f3stico conjunto de los analistas de Bain &amp; Co. y Altagamma se&hellip;<\/p>\n","protected":false},"author":1,"featured_media":30985,"comment_status":"open","ping_status":"open","sticky":false,"template":"","format":"standard","meta":{"_jetpack_newsletter_access":"","_jetpack_dont_email_post_to_subs":false,"_jetpack_newsletter_tier_id":0,"_jetpack_memberships_contains_paywalled_content":false,"_jetpack_feature_clip_id":0,"_jetpack_memberships_contains_paid_content":false,"footnotes":"","jetpack_publicize_message":"El lujo crecer\u00e1 hasta un 8% pese al temor a la recesi\u00f3n\r\n\r\nUn estudio sugiere que los compradores seguir\u00e1n derrochando en bienes de lujo a pesar de una posible recesi\u00f3n mundial, impulsando el sector de 353 mil millones de euros a un crecimiento de \u201cal menos\u201d 3 a 8 por ciento el pr\u00f3ximo a\u00f1o.\r\n\r\n#econom\u00eda #lujo #LUXONOMY","jetpack_publicize_feature_enabled":true,"jetpack_social_post_already_shared":true,"jetpack_social_options":{"image_generator_settings":{"template":"edge","default_image_id":0,"font":"","enabled":false},"version":2},"jetpack_post_was_ever_published":false},"categories":[1672,1128],"tags":[635,552],"thb-sponsors":[],"class_list":["post-30982","post","type-post","status-publish","format-standard","has-post-thumbnail","hentry","category-actualidad","category-economia","tag-actualidad","tag-economia"],"yoast_head":"<!-- This site is optimized with the Yoast SEO plugin v28.4 - https:\/\/yoast.com\/product\/yoast-seo-wordpress\/ -->\n<title>El lujo crecer\u00e1 hasta un 8% pese al temor a la recesi\u00f3n | LUXONOMY<\/title>\n<meta name=\"robots\" content=\"index, follow, max-snippet:-1, max-image-preview:large, max-video-preview:-1\" \/>\n<link rel=\"canonical\" href=\"https:\/\/luxonomy.net\/es\/el-lujo-crecera-hasta-un-8-pese-al-temor-a-la-recesion\/\" \/>\n<meta property=\"og:locale\" content=\"es_ES\" \/>\n<meta property=\"og:type\" content=\"article\" \/>\n<meta property=\"og:title\" content=\"El lujo crecer\u00e1 hasta un 8% pese al temor a la recesi\u00f3n | LUXONOMY\" \/>\n<meta property=\"og:description\" content=\"Un estudio sugiere que los compradores seguir\u00e1n derrochando en bienes de lujo a pesar de una posible recesi\u00f3n mundial, impulsando el sector de 353 mil millones de euros a un crecimiento de \u201cal menos\u201d 3 a 8 por ciento el pr\u00f3ximo a\u00f1o. El pron\u00f3stico conjunto de los analistas de Bain &amp; Co. y Altagamma se&hellip;\" \/>\n<meta property=\"og:url\" content=\"https:\/\/luxonomy.net\/es\/el-lujo-crecera-hasta-un-8-pese-al-temor-a-la-recesion\/\" \/>\n<meta property=\"og:site_name\" content=\"LUXONOMY\" \/>\n<meta property=\"article:publisher\" content=\"https:\/\/www.facebook.com\/luxonomy\" \/>\n<meta property=\"article:published_time\" content=\"2022-12-27T12:09:07+00:00\" \/>\n<meta property=\"article:modified_time\" content=\"2022-12-30T12:27:48+00:00\" \/>\n<meta property=\"og:image\" content=\"https:\/\/i0.wp.com\/luxonomy.net\/wp-content\/uploads\/2022\/12\/lujo-1.jpg?fit=796%2C516&quality=89&ssl=1\" \/>\n\t<meta property=\"og:image:width\" content=\"796\" \/>\n\t<meta property=\"og:image:height\" content=\"516\" \/>\n\t<meta property=\"og:image:type\" content=\"image\/jpeg\" \/>\n<meta name=\"author\" content=\"LUXONOMY\" \/>\n<meta name=\"twitter:card\" content=\"summary_large_image\" \/>\n<meta name=\"twitter:label1\" content=\"Escrito por\" \/>\n\t<meta name=\"twitter:data1\" content=\"LUXONOMY\" \/>\n\t<meta name=\"twitter:label2\" content=\"Tiempo de lectura\" \/>\n\t<meta name=\"twitter:data2\" content=\"4 minutos\" \/>\n<script type=\"application\/ld+json\" class=\"yoast-schema-graph\">{\"@context\":\"https:\\\/\\\/schema.org\",\"@graph\":[{\"@type\":\"Article\",\"@id\":\"https:\\\/\\\/luxonomy.net\\\/es\\\/el-lujo-crecera-hasta-un-8-pese-al-temor-a-la-recesion\\\/#article\",\"isPartOf\":{\"@id\":\"https:\\\/\\\/luxonomy.net\\\/es\\\/el-lujo-crecera-hasta-un-8-pese-al-temor-a-la-recesion\\\/\"},\"author\":{\"name\":\"LUXONOMY\",\"@id\":\"https:\\\/\\\/luxonomy.net\\\/es\\\/#\\\/schema\\\/person\\\/ca588d8b741a1fdd9065289c8d98ee8c\"},\"headline\":\"El lujo crecer\u00e1 hasta un 8% pese al temor a la recesi\u00f3n\",\"datePublished\":\"2022-12-27T12:09:07+00:00\",\"dateModified\":\"2022-12-30T12:27:48+00:00\",\"mainEntityOfPage\":{\"@id\":\"https:\\\/\\\/luxonomy.net\\\/es\\\/el-lujo-crecera-hasta-un-8-pese-al-temor-a-la-recesion\\\/\"},\"wordCount\":729,\"commentCount\":0,\"publisher\":{\"@id\":\"https:\\\/\\\/luxonomy.net\\\/es\\\/#organization\"},\"image\":{\"@id\":\"https:\\\/\\\/luxonomy.net\\\/es\\\/el-lujo-crecera-hasta-un-8-pese-al-temor-a-la-recesion\\\/#primaryimage\"},\"thumbnailUrl\":\"https:\\\/\\\/i0.wp.com\\\/luxonomy.net\\\/wp-content\\\/uploads\\\/2022\\\/12\\\/lujo-1.jpg?fit=796%2C516&ssl=1\",\"keywords\":[\"actualidad\",\"econom\u00eda\"],\"articleSection\":[\"Actualidad\",\"Econom\u00eda\"],\"inLanguage\":\"es\",\"potentialAction\":[{\"@type\":\"CommentAction\",\"name\":\"Comment\",\"target\":[\"https:\\\/\\\/luxonomy.net\\\/es\\\/el-lujo-crecera-hasta-un-8-pese-al-temor-a-la-recesion\\\/#respond\"]}]},{\"@type\":\"WebPage\",\"@id\":\"https:\\\/\\\/luxonomy.net\\\/es\\\/el-lujo-crecera-hasta-un-8-pese-al-temor-a-la-recesion\\\/\",\"url\":\"https:\\\/\\\/luxonomy.net\\\/es\\\/el-lujo-crecera-hasta-un-8-pese-al-temor-a-la-recesion\\\/\",\"name\":\"El lujo crecer\u00e1 hasta un 8% pese al temor a la recesi\u00f3n | LUXONOMY\",\"isPartOf\":{\"@id\":\"https:\\\/\\\/luxonomy.net\\\/es\\\/#website\"},\"primaryImageOfPage\":{\"@id\":\"https:\\\/\\\/luxonomy.net\\\/es\\\/el-lujo-crecera-hasta-un-8-pese-al-temor-a-la-recesion\\\/#primaryimage\"},\"image\":{\"@id\":\"https:\\\/\\\/luxonomy.net\\\/es\\\/el-lujo-crecera-hasta-un-8-pese-al-temor-a-la-recesion\\\/#primaryimage\"},\"thumbnailUrl\":\"https:\\\/\\\/i0.wp.com\\\/luxonomy.net\\\/wp-content\\\/uploads\\\/2022\\\/12\\\/lujo-1.jpg?fit=796%2C516&ssl=1\",\"datePublished\":\"2022-12-27T12:09:07+00:00\",\"dateModified\":\"2022-12-30T12:27:48+00:00\",\"breadcrumb\":{\"@id\":\"https:\\\/\\\/luxonomy.net\\\/es\\\/el-lujo-crecera-hasta-un-8-pese-al-temor-a-la-recesion\\\/#breadcrumb\"},\"inLanguage\":\"es\",\"potentialAction\":[{\"@type\":\"ReadAction\",\"target\":[\"https:\\\/\\\/luxonomy.net\\\/es\\\/el-lujo-crecera-hasta-un-8-pese-al-temor-a-la-recesion\\\/\"]}]},{\"@type\":\"ImageObject\",\"inLanguage\":\"es\",\"@id\":\"https:\\\/\\\/luxonomy.net\\\/es\\\/el-lujo-crecera-hasta-un-8-pese-al-temor-a-la-recesion\\\/#primaryimage\",\"url\":\"https:\\\/\\\/i0.wp.com\\\/luxonomy.net\\\/wp-content\\\/uploads\\\/2022\\\/12\\\/lujo-1.jpg?fit=796%2C516&ssl=1\",\"contentUrl\":\"https:\\\/\\\/i0.wp.com\\\/luxonomy.net\\\/wp-content\\\/uploads\\\/2022\\\/12\\\/lujo-1.jpg?fit=796%2C516&ssl=1\",\"width\":796,\"height\":516},{\"@type\":\"BreadcrumbList\",\"@id\":\"https:\\\/\\\/luxonomy.net\\\/es\\\/el-lujo-crecera-hasta-un-8-pese-al-temor-a-la-recesion\\\/#breadcrumb\",\"itemListElement\":[{\"@type\":\"ListItem\",\"position\":1,\"name\":\"Portada\",\"item\":\"https:\\\/\\\/luxonomy.net\\\/es\\\/\"},{\"@type\":\"ListItem\",\"position\":2,\"name\":\"El lujo crecer\u00e1 hasta un 8% pese al temor a la recesi\u00f3n\"}]},{\"@type\":\"WebSite\",\"@id\":\"https:\\\/\\\/luxonomy.net\\\/es\\\/#website\",\"url\":\"https:\\\/\\\/luxonomy.net\\\/es\\\/\",\"name\":\"LUXONOMY\",\"description\":\"The Economy of Fashion &amp; Luxury\",\"publisher\":{\"@id\":\"https:\\\/\\\/luxonomy.net\\\/es\\\/#organization\"},\"potentialAction\":[{\"@type\":\"SearchAction\",\"target\":{\"@type\":\"EntryPoint\",\"urlTemplate\":\"https:\\\/\\\/luxonomy.net\\\/es\\\/?s={search_term_string}\"},\"query-input\":{\"@type\":\"PropertyValueSpecification\",\"valueRequired\":true,\"valueName\":\"search_term_string\"}}],\"inLanguage\":\"es\"},{\"@type\":\"Organization\",\"@id\":\"https:\\\/\\\/luxonomy.net\\\/es\\\/#organization\",\"name\":\"LUXONOMY\",\"url\":\"https:\\\/\\\/luxonomy.net\\\/es\\\/\",\"logo\":{\"@type\":\"ImageObject\",\"inLanguage\":\"es\",\"@id\":\"https:\\\/\\\/luxonomy.net\\\/es\\\/#\\\/schema\\\/logo\\\/image\\\/\",\"url\":\"https:\\\/\\\/i2.wp.com\\\/luxonomy.net\\\/wp-content\\\/uploads\\\/2021\\\/09\\\/MOCKUP-TODOS-LUXONOMY.jpg?fit=1000%2C515&ssl=1\",\"contentUrl\":\"https:\\\/\\\/i2.wp.com\\\/luxonomy.net\\\/wp-content\\\/uploads\\\/2021\\\/09\\\/MOCKUP-TODOS-LUXONOMY.jpg?fit=1000%2C515&ssl=1\",\"width\":1000,\"height\":515,\"caption\":\"LUXONOMY\"},\"image\":{\"@id\":\"https:\\\/\\\/luxonomy.net\\\/es\\\/#\\\/schema\\\/logo\\\/image\\\/\"},\"sameAs\":[\"https:\\\/\\\/www.facebook.com\\\/luxonomy\",\"https:\\\/\\\/www.instagram.com\\\/luxonomy\\\/\",\"https:\\\/\\\/www.linkedin.com\\\/company\\\/luxonomy\\\/\"]},{\"@type\":\"Person\",\"@id\":\"https:\\\/\\\/luxonomy.net\\\/es\\\/#\\\/schema\\\/person\\\/ca588d8b741a1fdd9065289c8d98ee8c\",\"name\":\"LUXONOMY\",\"image\":{\"@type\":\"ImageObject\",\"inLanguage\":\"es\",\"@id\":\"https:\\\/\\\/luxonomy.net\\\/wp-content\\\/litespeed\\\/avatar\\\/a6436cdb14fdaf9c21808e63d0da2055.jpg?ver=1788366758\",\"url\":\"https:\\\/\\\/luxonomy.net\\\/wp-content\\\/litespeed\\\/avatar\\\/a6436cdb14fdaf9c21808e63d0da2055.jpg?ver=1788366758\",\"contentUrl\":\"https:\\\/\\\/luxonomy.net\\\/wp-content\\\/litespeed\\\/avatar\\\/a6436cdb14fdaf9c21808e63d0da2055.jpg?ver=1788366758\",\"caption\":\"LUXONOMY\"},\"sameAs\":[\"https:\\\/\"],\"url\":\"https:\\\/\\\/luxonomy.net\\\/es\\\/author\\\/luxonomy\\\/\"}]}<\/script>\n<!-- \/ Yoast SEO plugin. -->","yoast_head_json":{"title":"El lujo crecer\u00e1 hasta un 8% pese al temor a la recesi\u00f3n | LUXONOMY","robots":{"index":"index","follow":"follow","max-snippet":"max-snippet:-1","max-image-preview":"max-image-preview:large","max-video-preview":"max-video-preview:-1"},"canonical":"https:\/\/luxonomy.net\/es\/el-lujo-crecera-hasta-un-8-pese-al-temor-a-la-recesion\/","og_locale":"es_ES","og_type":"article","og_title":"El lujo crecer\u00e1 hasta un 8% pese al temor a la recesi\u00f3n | LUXONOMY","og_description":"Un estudio sugiere que los compradores seguir\u00e1n derrochando en bienes de lujo a pesar de una posible recesi\u00f3n mundial, impulsando el sector de 353 mil millones de euros a un crecimiento de \u201cal menos\u201d 3 a 8 por ciento el pr\u00f3ximo a\u00f1o. El pron\u00f3stico conjunto de los analistas de Bain &amp; Co. y Altagamma se&hellip;","og_url":"https:\/\/luxonomy.net\/es\/el-lujo-crecera-hasta-un-8-pese-al-temor-a-la-recesion\/","og_site_name":"LUXONOMY","article_publisher":"https:\/\/www.facebook.com\/luxonomy","article_published_time":"2022-12-27T12:09:07+00:00","article_modified_time":"2022-12-30T12:27:48+00:00","og_image":[{"width":796,"height":516,"url":"https:\/\/i0.wp.com\/luxonomy.net\/wp-content\/uploads\/2022\/12\/lujo-1.jpg?fit=796%2C516&quality=89&ssl=1","type":"image\/jpeg"}],"author":"LUXONOMY","twitter_card":"summary_large_image","twitter_misc":{"Escrito por":"LUXONOMY","Tiempo de lectura":"4 minutos"},"schema":{"@context":"https:\/\/schema.org","@graph":[{"@type":"Article","@id":"https:\/\/luxonomy.net\/es\/el-lujo-crecera-hasta-un-8-pese-al-temor-a-la-recesion\/#article","isPartOf":{"@id":"https:\/\/luxonomy.net\/es\/el-lujo-crecera-hasta-un-8-pese-al-temor-a-la-recesion\/"},"author":{"name":"LUXONOMY","@id":"https:\/\/luxonomy.net\/es\/#\/schema\/person\/ca588d8b741a1fdd9065289c8d98ee8c"},"headline":"El lujo crecer\u00e1 hasta un 8% pese al temor a la recesi\u00f3n","datePublished":"2022-12-27T12:09:07+00:00","dateModified":"2022-12-30T12:27:48+00:00","mainEntityOfPage":{"@id":"https:\/\/luxonomy.net\/es\/el-lujo-crecera-hasta-un-8-pese-al-temor-a-la-recesion\/"},"wordCount":729,"commentCount":0,"publisher":{"@id":"https:\/\/luxonomy.net\/es\/#organization"},"image":{"@id":"https:\/\/luxonomy.net\/es\/el-lujo-crecera-hasta-un-8-pese-al-temor-a-la-recesion\/#primaryimage"},"thumbnailUrl":"https:\/\/i0.wp.com\/luxonomy.net\/wp-content\/uploads\/2022\/12\/lujo-1.jpg?fit=796%2C516&ssl=1","keywords":["actualidad","econom\u00eda"],"articleSection":["Actualidad","Econom\u00eda"],"inLanguage":"es","potentialAction":[{"@type":"CommentAction","name":"Comment","target":["https:\/\/luxonomy.net\/es\/el-lujo-crecera-hasta-un-8-pese-al-temor-a-la-recesion\/#respond"]}]},{"@type":"WebPage","@id":"https:\/\/luxonomy.net\/es\/el-lujo-crecera-hasta-un-8-pese-al-temor-a-la-recesion\/","url":"https:\/\/luxonomy.net\/es\/el-lujo-crecera-hasta-un-8-pese-al-temor-a-la-recesion\/","name":"El lujo crecer\u00e1 hasta un 8% pese al temor a la recesi\u00f3n | LUXONOMY","isPartOf":{"@id":"https:\/\/luxonomy.net\/es\/#website"},"primaryImageOfPage":{"@id":"https:\/\/luxonomy.net\/es\/el-lujo-crecera-hasta-un-8-pese-al-temor-a-la-recesion\/#primaryimage"},"image":{"@id":"https:\/\/luxonomy.net\/es\/el-lujo-crecera-hasta-un-8-pese-al-temor-a-la-recesion\/#primaryimage"},"thumbnailUrl":"https:\/\/i0.wp.com\/luxonomy.net\/wp-content\/uploads\/2022\/12\/lujo-1.jpg?fit=796%2C516&ssl=1","datePublished":"2022-12-27T12:09:07+00:00","dateModified":"2022-12-30T12:27:48+00:00","breadcrumb":{"@id":"https:\/\/luxonomy.net\/es\/el-lujo-crecera-hasta-un-8-pese-al-temor-a-la-recesion\/#breadcrumb"},"inLanguage":"es","potentialAction":[{"@type":"ReadAction","target":["https:\/\/luxonomy.net\/es\/el-lujo-crecera-hasta-un-8-pese-al-temor-a-la-recesion\/"]}]},{"@type":"ImageObject","inLanguage":"es","@id":"https:\/\/luxonomy.net\/es\/el-lujo-crecera-hasta-un-8-pese-al-temor-a-la-recesion\/#primaryimage","url":"https:\/\/i0.wp.com\/luxonomy.net\/wp-content\/uploads\/2022\/12\/lujo-1.jpg?fit=796%2C516&ssl=1","contentUrl":"https:\/\/i0.wp.com\/luxonomy.net\/wp-content\/uploads\/2022\/12\/lujo-1.jpg?fit=796%2C516&ssl=1","width":796,"height":516},{"@type":"BreadcrumbList","@id":"https:\/\/luxonomy.net\/es\/el-lujo-crecera-hasta-un-8-pese-al-temor-a-la-recesion\/#breadcrumb","itemListElement":[{"@type":"ListItem","position":1,"name":"Portada","item":"https:\/\/luxonomy.net\/es\/"},{"@type":"ListItem","position":2,"name":"El lujo crecer\u00e1 hasta un 8% pese al temor a la recesi\u00f3n"}]},{"@type":"WebSite","@id":"https:\/\/luxonomy.net\/es\/#website","url":"https:\/\/luxonomy.net\/es\/","name":"LUXONOMY","description":"The Economy of Fashion &amp; Luxury","publisher":{"@id":"https:\/\/luxonomy.net\/es\/#organization"},"potentialAction":[{"@type":"SearchAction","target":{"@type":"EntryPoint","urlTemplate":"https:\/\/luxonomy.net\/es\/?s={search_term_string}"},"query-input":{"@type":"PropertyValueSpecification","valueRequired":true,"valueName":"search_term_string"}}],"inLanguage":"es"},{"@type":"Organization","@id":"https:\/\/luxonomy.net\/es\/#organization","name":"LUXONOMY","url":"https:\/\/luxonomy.net\/es\/","logo":{"@type":"ImageObject","inLanguage":"es","@id":"https:\/\/luxonomy.net\/es\/#\/schema\/logo\/image\/","url":"https:\/\/i2.wp.com\/luxonomy.net\/wp-content\/uploads\/2021\/09\/MOCKUP-TODOS-LUXONOMY.jpg?fit=1000%2C515&ssl=1","contentUrl":"https:\/\/i2.wp.com\/luxonomy.net\/wp-content\/uploads\/2021\/09\/MOCKUP-TODOS-LUXONOMY.jpg?fit=1000%2C515&ssl=1","width":1000,"height":515,"caption":"LUXONOMY"},"image":{"@id":"https:\/\/luxonomy.net\/es\/#\/schema\/logo\/image\/"},"sameAs":["https:\/\/www.facebook.com\/luxonomy","https:\/\/www.instagram.com\/luxonomy\/","https:\/\/www.linkedin.com\/company\/luxonomy\/"]},{"@type":"Person","@id":"https:\/\/luxonomy.net\/es\/#\/schema\/person\/ca588d8b741a1fdd9065289c8d98ee8c","name":"LUXONOMY","image":{"@type":"ImageObject","inLanguage":"es","@id":"https:\/\/luxonomy.net\/wp-content\/litespeed\/avatar\/a6436cdb14fdaf9c21808e63d0da2055.jpg?ver=1788366758","url":"https:\/\/luxonomy.net\/wp-content\/litespeed\/avatar\/a6436cdb14fdaf9c21808e63d0da2055.jpg?ver=1788366758","contentUrl":"https:\/\/luxonomy.net\/wp-content\/litespeed\/avatar\/a6436cdb14fdaf9c21808e63d0da2055.jpg?ver=1788366758","caption":"LUXONOMY"},"sameAs":["https:\/"],"url":"https:\/\/luxonomy.net\/es\/author\/luxonomy\/"}]}},"jetpack_publicize_connections":[],"jetpack_shortlink":"https:\/\/wp.me\/paPhBa-83I","jetpack_sharing_enabled":true,"jetpack_featured_media_url":"https:\/\/i0.wp.com\/luxonomy.net\/wp-content\/uploads\/2022\/12\/lujo-1.jpg?fit=796%2C516&ssl=1","_links":{"self":[{"href":"https:\/\/luxonomy.net\/es\/wp-json\/wp\/v2\/posts\/30982","targetHints":{"allow":["GET"]}}],"collection":[{"href":"https:\/\/luxonomy.net\/es\/wp-json\/wp\/v2\/posts"}],"about":[{"href":"https:\/\/luxonomy.net\/es\/wp-json\/wp\/v2\/types\/post"}],"author":[{"embeddable":true,"href":"https:\/\/luxonomy.net\/es\/wp-json\/wp\/v2\/users\/1"}],"replies":[{"embeddable":true,"href":"https:\/\/luxonomy.net\/es\/wp-json\/wp\/v2\/comments?post=30982"}],"version-history":[{"count":1,"href":"https:\/\/luxonomy.net\/es\/wp-json\/wp\/v2\/posts\/30982\/revisions"}],"predecessor-version":[{"id":30987,"href":"https:\/\/luxonomy.net\/es\/wp-json\/wp\/v2\/posts\/30982\/revisions\/30987"}],"wp:featuredmedia":[{"embeddable":true,"href":"https:\/\/luxonomy.net\/es\/wp-json\/wp\/v2\/media\/30985"}],"wp:attachment":[{"href":"https:\/\/luxonomy.net\/es\/wp-json\/wp\/v2\/media?parent=30982"}],"wp:term":[{"taxonomy":"category","embeddable":true,"href":"https:\/\/luxonomy.net\/es\/wp-json\/wp\/v2\/categories?post=30982"},{"taxonomy":"post_tag","embeddable":true,"href":"https:\/\/luxonomy.net\/es\/wp-json\/wp\/v2\/tags?post=30982"},{"taxonomy":"thb-sponsors","embeddable":true,"href":"https:\/\/luxonomy.net\/es\/wp-json\/wp\/v2\/thb-sponsors?post=30982"}],"curies":[{"name":"wp","href":"https:\/\/api.w.org\/{rel}","templated":true}]}}