{"id":30612,"date":"2022-12-15T23:23:27","date_gmt":"2022-12-15T22:23:27","guid":{"rendered":"https:\/?p=30612"},"modified":"2022-12-15T23:23:27","modified_gmt":"2022-12-15T22:23:27","slug":"louis-vuitton-y-el-pastelero-maxime-frederic-presentan-lv-dream-un-nuevo-destino-cultural-y-culinario-en-paris","status":"publish","type":"post","link":"https:\/\/luxonomy.net\/es\/louis-vuitton-y-el-pastelero-maxime-frederic-presentan-lv-dream-un-nuevo-destino-cultural-y-culinario-en-paris\/","title":{"rendered":"Louis Vuitton y el pastelero Maxime Fr\u00e9d\u00e9ric presentan LV DREAM, un nuevo destino cultural y culinario en Par\u00eds"},"content":{"rendered":"<p>Louis Vuitton contin\u00faa expandiendo su universo con una combinaci\u00f3n excepcional de inmersi\u00f3n cultural con un interludio culinario. El conjunto continuo de colaboraciones art\u00edsticas innovadoras de la Maison da la bienvenida a LV DREAM, una amplia exhibici\u00f3n y tienda de regalos ubicada en los hist\u00f3ricos antiguos grandes almacenes La Belle Jardini\u00e8re, que cuenta con una cafeter\u00eda y una tienda de chocolates en el coraz\u00f3n de la capital francesa.<\/p>\n<p>La hist\u00f3rica casa de art\u00edculos de cuero rinde homenaje a m\u00e1s de 160 a\u00f1os de intercambios creativos e invita a Maxime Fr\u00e9d\u00e9ric a una nueva y emocionante colaboraci\u00f3n. El joven pastelero ganador de estrellas de Cheval Blanc Paris, conocido por sus exquisitas creaciones de chocolate, perfeccion\u00f3 su oficio en algunos de los hoteles palacio m\u00e1s prestigiosos de Par\u00eds.<\/p>\n<p>Del 12 de diciembre de 2022 al 15 de noviembre de 2023, LV Dream propone un descubrimiento inmersivo de las colaboraciones art\u00edsticas de Louis Vuitton, tanto pasadas como presentes. Las nueve salas tem\u00e1ticas de la exposici\u00f3n incluyen &#8220;Louis Vuitton: visto por&#8230;&#8221;, &#8220;El mundo de Vuitton seg\u00fan Rei&#8221; y &#8220;Marroquiner\u00eda a la moda&#8221;, que embarcan a los visitantes en una experiencia interactiva. La experiencia contin\u00faa en el nivel superior, donde los visitantes pueden descubrir el Maxime Fr\u00e9d\u00e9ric en Louis Vuitton Caf\u00e9 and Chocolaterie y disfrutar de deliciosas creaciones del chef, inspiradas en los c\u00f3digos de Louis Vuitton. Adem\u00e1s, una espaciosa tienda de regalos propone una selecci\u00f3n de peque\u00f1a marroquiner\u00eda, complementos, perfumes y libros.<\/p><div id=\"luxon-403468410\" class=\"luxon-3er-parrafo luxon-entity-placement\" style=\"margin-top: 20px;margin-bottom: 20px;margin-left: auto;margin-right: auto;text-align: center;\"><a href=\"https:\/\/luxonomy.university\/course\/master-turismo-de-lujo\" target=\"_blank\" aria-label=\"master-turismo-lujo-2026-2027\"><img loading=\"lazy\" decoding=\"async\" src=\"https:\/\/i0.wp.com\/luxonomy.net\/wp-content\/uploads\/2020\/07\/master-turismo-lujo-2026-2027.jpg?fit=1672%2C941&#038;ssl=1\" alt=\"\"  srcset=\"https:\/\/i0.wp.com\/luxonomy.net\/wp-content\/uploads\/2020\/07\/master-turismo-lujo-2026-2027.jpg?w=1672&ssl=1 1672w, https:\/\/i0.wp.com\/luxonomy.net\/wp-content\/uploads\/2020\/07\/master-turismo-lujo-2026-2027.jpg?resize=300%2C169&ssl=1 300w, https:\/\/i0.wp.com\/luxonomy.net\/wp-content\/uploads\/2020\/07\/master-turismo-lujo-2026-2027.jpg?resize=1024%2C576&ssl=1 1024w, https:\/\/i0.wp.com\/luxonomy.net\/wp-content\/uploads\/2020\/07\/master-turismo-lujo-2026-2027.jpg?resize=768%2C432&ssl=1 768w, https:\/\/i0.wp.com\/luxonomy.net\/wp-content\/uploads\/2020\/07\/master-turismo-lujo-2026-2027.jpg?resize=1536%2C864&ssl=1 1536w, https:\/\/i0.wp.com\/luxonomy.net\/wp-content\/uploads\/2020\/07\/master-turismo-lujo-2026-2027.jpg?resize=370%2C208&ssl=1 370w, https:\/\/i0.wp.com\/luxonomy.net\/wp-content\/uploads\/2020\/07\/master-turismo-lujo-2026-2027.jpg?resize=800%2C450&ssl=1 800w, https:\/\/i0.wp.com\/luxonomy.net\/wp-content\/uploads\/2020\/07\/master-turismo-lujo-2026-2027.jpg?resize=20%2C11&ssl=1 20w, https:\/\/i0.wp.com\/luxonomy.net\/wp-content\/uploads\/2020\/07\/master-turismo-lujo-2026-2027.jpg?resize=740%2C416&ssl=1 740w, https:\/\/i0.wp.com\/luxonomy.net\/wp-content\/uploads\/2020\/07\/master-turismo-lujo-2026-2027.jpg?resize=1600%2C900&ssl=1 1600w, https:\/\/i0.wp.com\/luxonomy.net\/wp-content\/uploads\/2020\/07\/master-turismo-lujo-2026-2027.jpg?resize=1200%2C675&ssl=1 1200w, https:\/\/i0.wp.com\/luxonomy.net\/wp-content\/uploads\/2020\/07\/master-turismo-lujo-2026-2027.jpg?resize=85%2C48&ssl=1 85w\" sizes=\"(max-width: 1170px) 100vw, 1170px\" class=\"no-lazyload\" width=\"1672\" height=\"941\"   \/><\/a><\/div>\n<p>Las reservas para la exposici\u00f3n LV DREAM est\u00e1n disponibles a trav\u00e9s de <a href=\"https:\/\/fr.louisvuitton.com\/fra-fr\/magazine\/articles\/lv-dream\">louisvuitton.com<\/a><\/p>\n","protected":false},"excerpt":{"rendered":"<p>Louis Vuitton contin\u00faa expandiendo su universo con una combinaci\u00f3n excepcional de inmersi\u00f3n cultural con un interludio culinario. El conjunto continuo de colaboraciones art\u00edsticas innovadoras de la Maison da la bienvenida a LV DREAM, una amplia exhibici\u00f3n y tienda de regalos ubicada en los hist\u00f3ricos antiguos grandes almacenes La Belle Jardini\u00e8re, que cuenta con una cafeter\u00eda&hellip;<\/p>\n","protected":false},"author":11,"featured_media":30613,"comment_status":"open","ping_status":"open","sticky":false,"template":"","format":"standard","meta":{"_jetpack_newsletter_access":"","_jetpack_dont_email_post_to_subs":false,"_jetpack_newsletter_tier_id":0,"_jetpack_memberships_contains_paywalled_content":false,"_jetpack_feature_clip_id":0,"_jetpack_memberships_contains_paid_content":false,"footnotes":"","jetpack_publicize_message":"Louis Vuitton y el pastelero Maxime Fr\u00e9d\u00e9ric presentan LV DREAM, un nuevo destino cultural y culinario en Par\u00eds\r\n\r\nLouis Vuitton contin\u00faa expandiendo su universo con una combinaci\u00f3n excepcional de inmersi\u00f3n cultural con un interludio culinario. El conjunto continuo de colaboraciones art\u00edsticas innovadoras de la Maison da la bienvenida a LV DREAM, una amplia exhibici\u00f3n y tienda de regalos ubicada en los hist\u00f3ricos antiguos grandes almacenes La Belle Jardini\u00e8re, que cuenta con una cafeter\u00eda y una tienda de chocolates en el coraz\u00f3n de la capital francesa.\r\n\r\n#LVMH #LUXONOMY #LouisVuitton","jetpack_publicize_feature_enabled":true,"jetpack_social_post_already_shared":true,"jetpack_social_options":{"image_generator_settings":{"template":"edge","default_image_id":0,"font":"","enabled":false},"version":2},"jetpack_post_was_ever_published":false},"categories":[510],"tags":[248,660,585],"thb-sponsors":[],"class_list":["post-30612","post","type-post","status-publish","format-standard","has-post-thumbnail","hentry","category-gourmet","tag-gourmet","tag-louis-vuitton","tag-lvmh"],"yoast_head":"<!-- This site is optimized with the Yoast SEO plugin v28.4 - https:\/\/yoast.com\/product\/yoast-seo-wordpress\/ -->\n<title>Louis Vuitton y el pastelero Maxime Fr\u00e9d\u00e9ric presentan LV DREAM, un nuevo destino cultural y culinario en Par\u00eds | LUXONOMY<\/title>\n<meta name=\"robots\" content=\"index, follow, max-snippet:-1, max-image-preview:large, max-video-preview:-1\" \/>\n<link rel=\"canonical\" href=\"https:\/\/luxonomy.net\/es\/louis-vuitton-y-el-pastelero-maxime-frederic-presentan-lv-dream-un-nuevo-destino-cultural-y-culinario-en-paris\/\" \/>\n<meta property=\"og:locale\" content=\"es_ES\" \/>\n<meta property=\"og:type\" content=\"article\" \/>\n<meta property=\"og:title\" content=\"Louis Vuitton y el pastelero Maxime Fr\u00e9d\u00e9ric presentan LV DREAM, un nuevo destino cultural y culinario en Par\u00eds | LUXONOMY\" \/>\n<meta property=\"og:description\" content=\"Louis Vuitton contin\u00faa expandiendo su universo con una combinaci\u00f3n excepcional de inmersi\u00f3n cultural con un interludio culinario. El conjunto continuo de colaboraciones art\u00edsticas innovadoras de la Maison da la bienvenida a LV DREAM, una amplia exhibici\u00f3n y tienda de regalos ubicada en los hist\u00f3ricos antiguos grandes almacenes La Belle Jardini\u00e8re, que cuenta con una cafeter\u00eda&hellip;\" \/>\n<meta property=\"og:url\" content=\"https:\/\/luxonomy.net\/es\/louis-vuitton-y-el-pastelero-maxime-frederic-presentan-lv-dream-un-nuevo-destino-cultural-y-culinario-en-paris\/\" \/>\n<meta property=\"og:site_name\" content=\"LUXONOMY\" \/>\n<meta property=\"article:publisher\" content=\"https:\/\/www.facebook.com\/luxonomy\" \/>\n<meta property=\"article:published_time\" content=\"2022-12-15T22:23:27+00:00\" \/>\n<meta property=\"og:image\" content=\"https:\/\/luxonomy.net\/wp-content\/uploads\/2022\/12\/Louis-Vuitton-y-el-pastelero-Maxime-Frederic-presentan-LV-DREAM-un-nuevo-destino-cultural-y-culinario-en-Paris-1024x563.png\" \/>\n\t<meta property=\"og:image:width\" content=\"1024\" \/>\n\t<meta property=\"og:image:height\" content=\"563\" \/>\n\t<meta property=\"og:image:type\" content=\"image\/png\" \/>\n<meta name=\"author\" content=\"Kristi Ellis\" \/>\n<meta name=\"twitter:card\" content=\"summary_large_image\" \/>\n<meta name=\"twitter:label1\" content=\"Escrito por\" \/>\n\t<meta name=\"twitter:data1\" content=\"Kristi Ellis\" \/>\n\t<meta name=\"twitter:label2\" content=\"Tiempo de lectura\" \/>\n\t<meta name=\"twitter:data2\" content=\"2 minutos\" \/>\n<script type=\"application\/ld+json\" class=\"yoast-schema-graph\">{\"@context\":\"https:\\\/\\\/schema.org\",\"@graph\":[{\"@type\":\"Article\",\"@id\":\"https:\\\/\\\/luxonomy.net\\\/es\\\/louis-vuitton-y-el-pastelero-maxime-frederic-presentan-lv-dream-un-nuevo-destino-cultural-y-culinario-en-paris\\\/#article\",\"isPartOf\":{\"@id\":\"https:\\\/\\\/luxonomy.net\\\/es\\\/louis-vuitton-y-el-pastelero-maxime-frederic-presentan-lv-dream-un-nuevo-destino-cultural-y-culinario-en-paris\\\/\"},\"author\":{\"name\":\"Kristi Ellis\",\"@id\":\"https:\\\/\\\/luxonomy.net\\\/es\\\/#\\\/schema\\\/person\\\/1a813e5ec518f582af236d6344aa6c01\"},\"headline\":\"Louis Vuitton y el pastelero Maxime Fr\u00e9d\u00e9ric presentan LV DREAM, un nuevo destino cultural y culinario en Par\u00eds\",\"datePublished\":\"2022-12-15T22:23:27+00:00\",\"mainEntityOfPage\":{\"@id\":\"https:\\\/\\\/luxonomy.net\\\/es\\\/louis-vuitton-y-el-pastelero-maxime-frederic-presentan-lv-dream-un-nuevo-destino-cultural-y-culinario-en-paris\\\/\"},\"wordCount\":301,\"commentCount\":0,\"publisher\":{\"@id\":\"https:\\\/\\\/luxonomy.net\\\/es\\\/#organization\"},\"image\":{\"@id\":\"https:\\\/\\\/luxonomy.net\\\/es\\\/louis-vuitton-y-el-pastelero-maxime-frederic-presentan-lv-dream-un-nuevo-destino-cultural-y-culinario-en-paris\\\/#primaryimage\"},\"thumbnailUrl\":\"https:\\\/\\\/i0.wp.com\\\/luxonomy.net\\\/wp-content\\\/uploads\\\/2022\\\/12\\\/Louis-Vuitton-y-el-pastelero-Maxime-Frederic-presentan-LV-DREAM-un-nuevo-destino-cultural-y-culinario-en-Paris.png?fit=2000%2C1100&ssl=1\",\"keywords\":[\"gourmet\",\"Louis Vuitton\",\"LVMH\"],\"articleSection\":[\"Gourmet\"],\"inLanguage\":\"es\",\"potentialAction\":[{\"@type\":\"CommentAction\",\"name\":\"Comment\",\"target\":[\"https:\\\/\\\/luxonomy.net\\\/es\\\/louis-vuitton-y-el-pastelero-maxime-frederic-presentan-lv-dream-un-nuevo-destino-cultural-y-culinario-en-paris\\\/#respond\"]}]},{\"@type\":\"WebPage\",\"@id\":\"https:\\\/\\\/luxonomy.net\\\/es\\\/louis-vuitton-y-el-pastelero-maxime-frederic-presentan-lv-dream-un-nuevo-destino-cultural-y-culinario-en-paris\\\/\",\"url\":\"https:\\\/\\\/luxonomy.net\\\/es\\\/louis-vuitton-y-el-pastelero-maxime-frederic-presentan-lv-dream-un-nuevo-destino-cultural-y-culinario-en-paris\\\/\",\"name\":\"Louis Vuitton y el pastelero Maxime Fr\u00e9d\u00e9ric presentan LV DREAM, un nuevo destino cultural y culinario en Par\u00eds | LUXONOMY\",\"isPartOf\":{\"@id\":\"https:\\\/\\\/luxonomy.net\\\/es\\\/#website\"},\"primaryImageOfPage\":{\"@id\":\"https:\\\/\\\/luxonomy.net\\\/es\\\/louis-vuitton-y-el-pastelero-maxime-frederic-presentan-lv-dream-un-nuevo-destino-cultural-y-culinario-en-paris\\\/#primaryimage\"},\"image\":{\"@id\":\"https:\\\/\\\/luxonomy.net\\\/es\\\/louis-vuitton-y-el-pastelero-maxime-frederic-presentan-lv-dream-un-nuevo-destino-cultural-y-culinario-en-paris\\\/#primaryimage\"},\"thumbnailUrl\":\"https:\\\/\\\/i0.wp.com\\\/luxonomy.net\\\/wp-content\\\/uploads\\\/2022\\\/12\\\/Louis-Vuitton-y-el-pastelero-Maxime-Frederic-presentan-LV-DREAM-un-nuevo-destino-cultural-y-culinario-en-Paris.png?fit=2000%2C1100&ssl=1\",\"datePublished\":\"2022-12-15T22:23:27+00:00\",\"breadcrumb\":{\"@id\":\"https:\\\/\\\/luxonomy.net\\\/es\\\/louis-vuitton-y-el-pastelero-maxime-frederic-presentan-lv-dream-un-nuevo-destino-cultural-y-culinario-en-paris\\\/#breadcrumb\"},\"inLanguage\":\"es\",\"potentialAction\":[{\"@type\":\"ReadAction\",\"target\":[\"https:\\\/\\\/luxonomy.net\\\/es\\\/louis-vuitton-y-el-pastelero-maxime-frederic-presentan-lv-dream-un-nuevo-destino-cultural-y-culinario-en-paris\\\/\"]}]},{\"@type\":\"ImageObject\",\"inLanguage\":\"es\",\"@id\":\"https:\\\/\\\/luxonomy.net\\\/es\\\/louis-vuitton-y-el-pastelero-maxime-frederic-presentan-lv-dream-un-nuevo-destino-cultural-y-culinario-en-paris\\\/#primaryimage\",\"url\":\"https:\\\/\\\/i0.wp.com\\\/luxonomy.net\\\/wp-content\\\/uploads\\\/2022\\\/12\\\/Louis-Vuitton-y-el-pastelero-Maxime-Frederic-presentan-LV-DREAM-un-nuevo-destino-cultural-y-culinario-en-Paris.png?fit=2000%2C1100&ssl=1\",\"contentUrl\":\"https:\\\/\\\/i0.wp.com\\\/luxonomy.net\\\/wp-content\\\/uploads\\\/2022\\\/12\\\/Louis-Vuitton-y-el-pastelero-Maxime-Frederic-presentan-LV-DREAM-un-nuevo-destino-cultural-y-culinario-en-Paris.png?fit=2000%2C1100&ssl=1\",\"width\":2000,\"height\":1100},{\"@type\":\"BreadcrumbList\",\"@id\":\"https:\\\/\\\/luxonomy.net\\\/es\\\/louis-vuitton-y-el-pastelero-maxime-frederic-presentan-lv-dream-un-nuevo-destino-cultural-y-culinario-en-paris\\\/#breadcrumb\",\"itemListElement\":[{\"@type\":\"ListItem\",\"position\":1,\"name\":\"Portada\",\"item\":\"https:\\\/\\\/luxonomy.net\\\/es\\\/\"},{\"@type\":\"ListItem\",\"position\":2,\"name\":\"Louis Vuitton y el pastelero Maxime Fr\u00e9d\u00e9ric presentan LV DREAM, un nuevo destino cultural y culinario en Par\u00eds\"}]},{\"@type\":\"WebSite\",\"@id\":\"https:\\\/\\\/luxonomy.net\\\/es\\\/#website\",\"url\":\"https:\\\/\\\/luxonomy.net\\\/es\\\/\",\"name\":\"LUXONOMY\",\"description\":\"The Economy of Fashion &amp; Luxury\",\"publisher\":{\"@id\":\"https:\\\/\\\/luxonomy.net\\\/es\\\/#organization\"},\"potentialAction\":[{\"@type\":\"SearchAction\",\"target\":{\"@type\":\"EntryPoint\",\"urlTemplate\":\"https:\\\/\\\/luxonomy.net\\\/es\\\/?s={search_term_string}\"},\"query-input\":{\"@type\":\"PropertyValueSpecification\",\"valueRequired\":true,\"valueName\":\"search_term_string\"}}],\"inLanguage\":\"es\"},{\"@type\":\"Organization\",\"@id\":\"https:\\\/\\\/luxonomy.net\\\/es\\\/#organization\",\"name\":\"LUXONOMY\",\"url\":\"https:\\\/\\\/luxonomy.net\\\/es\\\/\",\"logo\":{\"@type\":\"ImageObject\",\"inLanguage\":\"es\",\"@id\":\"https:\\\/\\\/luxonomy.net\\\/es\\\/#\\\/schema\\\/logo\\\/image\\\/\",\"url\":\"https:\\\/\\\/i2.wp.com\\\/luxonomy.net\\\/wp-content\\\/uploads\\\/2021\\\/09\\\/MOCKUP-TODOS-LUXONOMY.jpg?fit=1000%2C515&ssl=1\",\"contentUrl\":\"https:\\\/\\\/i2.wp.com\\\/luxonomy.net\\\/wp-content\\\/uploads\\\/2021\\\/09\\\/MOCKUP-TODOS-LUXONOMY.jpg?fit=1000%2C515&ssl=1\",\"width\":1000,\"height\":515,\"caption\":\"LUXONOMY\"},\"image\":{\"@id\":\"https:\\\/\\\/luxonomy.net\\\/es\\\/#\\\/schema\\\/logo\\\/image\\\/\"},\"sameAs\":[\"https:\\\/\\\/www.facebook.com\\\/luxonomy\",\"https:\\\/\\\/www.instagram.com\\\/luxonomy\\\/\",\"https:\\\/\\\/www.linkedin.com\\\/company\\\/luxonomy\\\/\"]},{\"@type\":\"Person\",\"@id\":\"https:\\\/\\\/luxonomy.net\\\/es\\\/#\\\/schema\\\/person\\\/1a813e5ec518f582af236d6344aa6c01\",\"name\":\"Kristi Ellis\",\"image\":{\"@type\":\"ImageObject\",\"inLanguage\":\"es\",\"@id\":\"https:\\\/\\\/luxonomy.net\\\/wp-content\\\/litespeed\\\/avatar\\\/ae0c58256b980352bba3c97a8f9abe32.jpg?ver=1787975034\",\"url\":\"https:\\\/\\\/luxonomy.net\\\/wp-content\\\/litespeed\\\/avatar\\\/ae0c58256b980352bba3c97a8f9abe32.jpg?ver=1787975034\",\"contentUrl\":\"https:\\\/\\\/luxonomy.net\\\/wp-content\\\/litespeed\\\/avatar\\\/ae0c58256b980352bba3c97a8f9abe32.jpg?ver=1787975034\",\"caption\":\"Kristi Ellis\"},\"url\":\"https:\\\/\\\/luxonomy.net\\\/es\\\/author\\\/kristi-ellis\\\/\"}]}<\/script>\n<!-- \/ Yoast SEO plugin. -->","yoast_head_json":{"title":"Louis Vuitton y el pastelero Maxime Fr\u00e9d\u00e9ric presentan LV DREAM, un nuevo destino cultural y culinario en Par\u00eds | LUXONOMY","robots":{"index":"index","follow":"follow","max-snippet":"max-snippet:-1","max-image-preview":"max-image-preview:large","max-video-preview":"max-video-preview:-1"},"canonical":"https:\/\/luxonomy.net\/es\/louis-vuitton-y-el-pastelero-maxime-frederic-presentan-lv-dream-un-nuevo-destino-cultural-y-culinario-en-paris\/","og_locale":"es_ES","og_type":"article","og_title":"Louis Vuitton y el pastelero Maxime Fr\u00e9d\u00e9ric presentan LV DREAM, un nuevo destino cultural y culinario en Par\u00eds | LUXONOMY","og_description":"Louis Vuitton contin\u00faa expandiendo su universo con una combinaci\u00f3n excepcional de inmersi\u00f3n cultural con un interludio culinario. El conjunto continuo de colaboraciones art\u00edsticas innovadoras de la Maison da la bienvenida a LV DREAM, una amplia exhibici\u00f3n y tienda de regalos ubicada en los hist\u00f3ricos antiguos grandes almacenes La Belle Jardini\u00e8re, que cuenta con una cafeter\u00eda&hellip;","og_url":"https:\/\/luxonomy.net\/es\/louis-vuitton-y-el-pastelero-maxime-frederic-presentan-lv-dream-un-nuevo-destino-cultural-y-culinario-en-paris\/","og_site_name":"LUXONOMY","article_publisher":"https:\/\/www.facebook.com\/luxonomy","article_published_time":"2022-12-15T22:23:27+00:00","og_image":[{"width":1024,"height":563,"url":"https:\/\/luxonomy.net\/wp-content\/uploads\/2022\/12\/Louis-Vuitton-y-el-pastelero-Maxime-Frederic-presentan-LV-DREAM-un-nuevo-destino-cultural-y-culinario-en-Paris-1024x563.png","type":"image\/png"}],"author":"Kristi Ellis","twitter_card":"summary_large_image","twitter_misc":{"Escrito por":"Kristi Ellis","Tiempo de lectura":"2 minutos"},"schema":{"@context":"https:\/\/schema.org","@graph":[{"@type":"Article","@id":"https:\/\/luxonomy.net\/es\/louis-vuitton-y-el-pastelero-maxime-frederic-presentan-lv-dream-un-nuevo-destino-cultural-y-culinario-en-paris\/#article","isPartOf":{"@id":"https:\/\/luxonomy.net\/es\/louis-vuitton-y-el-pastelero-maxime-frederic-presentan-lv-dream-un-nuevo-destino-cultural-y-culinario-en-paris\/"},"author":{"name":"Kristi Ellis","@id":"https:\/\/luxonomy.net\/es\/#\/schema\/person\/1a813e5ec518f582af236d6344aa6c01"},"headline":"Louis Vuitton y el pastelero Maxime Fr\u00e9d\u00e9ric presentan LV DREAM, un nuevo destino cultural y culinario en Par\u00eds","datePublished":"2022-12-15T22:23:27+00:00","mainEntityOfPage":{"@id":"https:\/\/luxonomy.net\/es\/louis-vuitton-y-el-pastelero-maxime-frederic-presentan-lv-dream-un-nuevo-destino-cultural-y-culinario-en-paris\/"},"wordCount":301,"commentCount":0,"publisher":{"@id":"https:\/\/luxonomy.net\/es\/#organization"},"image":{"@id":"https:\/\/luxonomy.net\/es\/louis-vuitton-y-el-pastelero-maxime-frederic-presentan-lv-dream-un-nuevo-destino-cultural-y-culinario-en-paris\/#primaryimage"},"thumbnailUrl":"https:\/\/i0.wp.com\/luxonomy.net\/wp-content\/uploads\/2022\/12\/Louis-Vuitton-y-el-pastelero-Maxime-Frederic-presentan-LV-DREAM-un-nuevo-destino-cultural-y-culinario-en-Paris.png?fit=2000%2C1100&ssl=1","keywords":["gourmet","Louis Vuitton","LVMH"],"articleSection":["Gourmet"],"inLanguage":"es","potentialAction":[{"@type":"CommentAction","name":"Comment","target":["https:\/\/luxonomy.net\/es\/louis-vuitton-y-el-pastelero-maxime-frederic-presentan-lv-dream-un-nuevo-destino-cultural-y-culinario-en-paris\/#respond"]}]},{"@type":"WebPage","@id":"https:\/\/luxonomy.net\/es\/louis-vuitton-y-el-pastelero-maxime-frederic-presentan-lv-dream-un-nuevo-destino-cultural-y-culinario-en-paris\/","url":"https:\/\/luxonomy.net\/es\/louis-vuitton-y-el-pastelero-maxime-frederic-presentan-lv-dream-un-nuevo-destino-cultural-y-culinario-en-paris\/","name":"Louis Vuitton y el pastelero Maxime Fr\u00e9d\u00e9ric presentan LV DREAM, un nuevo destino cultural y culinario en Par\u00eds | LUXONOMY","isPartOf":{"@id":"https:\/\/luxonomy.net\/es\/#website"},"primaryImageOfPage":{"@id":"https:\/\/luxonomy.net\/es\/louis-vuitton-y-el-pastelero-maxime-frederic-presentan-lv-dream-un-nuevo-destino-cultural-y-culinario-en-paris\/#primaryimage"},"image":{"@id":"https:\/\/luxonomy.net\/es\/louis-vuitton-y-el-pastelero-maxime-frederic-presentan-lv-dream-un-nuevo-destino-cultural-y-culinario-en-paris\/#primaryimage"},"thumbnailUrl":"https:\/\/i0.wp.com\/luxonomy.net\/wp-content\/uploads\/2022\/12\/Louis-Vuitton-y-el-pastelero-Maxime-Frederic-presentan-LV-DREAM-un-nuevo-destino-cultural-y-culinario-en-Paris.png?fit=2000%2C1100&ssl=1","datePublished":"2022-12-15T22:23:27+00:00","breadcrumb":{"@id":"https:\/\/luxonomy.net\/es\/louis-vuitton-y-el-pastelero-maxime-frederic-presentan-lv-dream-un-nuevo-destino-cultural-y-culinario-en-paris\/#breadcrumb"},"inLanguage":"es","potentialAction":[{"@type":"ReadAction","target":["https:\/\/luxonomy.net\/es\/louis-vuitton-y-el-pastelero-maxime-frederic-presentan-lv-dream-un-nuevo-destino-cultural-y-culinario-en-paris\/"]}]},{"@type":"ImageObject","inLanguage":"es","@id":"https:\/\/luxonomy.net\/es\/louis-vuitton-y-el-pastelero-maxime-frederic-presentan-lv-dream-un-nuevo-destino-cultural-y-culinario-en-paris\/#primaryimage","url":"https:\/\/i0.wp.com\/luxonomy.net\/wp-content\/uploads\/2022\/12\/Louis-Vuitton-y-el-pastelero-Maxime-Frederic-presentan-LV-DREAM-un-nuevo-destino-cultural-y-culinario-en-Paris.png?fit=2000%2C1100&ssl=1","contentUrl":"https:\/\/i0.wp.com\/luxonomy.net\/wp-content\/uploads\/2022\/12\/Louis-Vuitton-y-el-pastelero-Maxime-Frederic-presentan-LV-DREAM-un-nuevo-destino-cultural-y-culinario-en-Paris.png?fit=2000%2C1100&ssl=1","width":2000,"height":1100},{"@type":"BreadcrumbList","@id":"https:\/\/luxonomy.net\/es\/louis-vuitton-y-el-pastelero-maxime-frederic-presentan-lv-dream-un-nuevo-destino-cultural-y-culinario-en-paris\/#breadcrumb","itemListElement":[{"@type":"ListItem","position":1,"name":"Portada","item":"https:\/\/luxonomy.net\/es\/"},{"@type":"ListItem","position":2,"name":"Louis Vuitton y el pastelero Maxime Fr\u00e9d\u00e9ric presentan LV DREAM, un nuevo destino cultural y culinario en Par\u00eds"}]},{"@type":"WebSite","@id":"https:\/\/luxonomy.net\/es\/#website","url":"https:\/\/luxonomy.net\/es\/","name":"LUXONOMY","description":"The Economy of Fashion &amp; Luxury","publisher":{"@id":"https:\/\/luxonomy.net\/es\/#organization"},"potentialAction":[{"@type":"SearchAction","target":{"@type":"EntryPoint","urlTemplate":"https:\/\/luxonomy.net\/es\/?s={search_term_string}"},"query-input":{"@type":"PropertyValueSpecification","valueRequired":true,"valueName":"search_term_string"}}],"inLanguage":"es"},{"@type":"Organization","@id":"https:\/\/luxonomy.net\/es\/#organization","name":"LUXONOMY","url":"https:\/\/luxonomy.net\/es\/","logo":{"@type":"ImageObject","inLanguage":"es","@id":"https:\/\/luxonomy.net\/es\/#\/schema\/logo\/image\/","url":"https:\/\/i2.wp.com\/luxonomy.net\/wp-content\/uploads\/2021\/09\/MOCKUP-TODOS-LUXONOMY.jpg?fit=1000%2C515&ssl=1","contentUrl":"https:\/\/i2.wp.com\/luxonomy.net\/wp-content\/uploads\/2021\/09\/MOCKUP-TODOS-LUXONOMY.jpg?fit=1000%2C515&ssl=1","width":1000,"height":515,"caption":"LUXONOMY"},"image":{"@id":"https:\/\/luxonomy.net\/es\/#\/schema\/logo\/image\/"},"sameAs":["https:\/\/www.facebook.com\/luxonomy","https:\/\/www.instagram.com\/luxonomy\/","https:\/\/www.linkedin.com\/company\/luxonomy\/"]},{"@type":"Person","@id":"https:\/\/luxonomy.net\/es\/#\/schema\/person\/1a813e5ec518f582af236d6344aa6c01","name":"Kristi Ellis","image":{"@type":"ImageObject","inLanguage":"es","@id":"https:\/\/luxonomy.net\/wp-content\/litespeed\/avatar\/ae0c58256b980352bba3c97a8f9abe32.jpg?ver=1787975034","url":"https:\/\/luxonomy.net\/wp-content\/litespeed\/avatar\/ae0c58256b980352bba3c97a8f9abe32.jpg?ver=1787975034","contentUrl":"https:\/\/luxonomy.net\/wp-content\/litespeed\/avatar\/ae0c58256b980352bba3c97a8f9abe32.jpg?ver=1787975034","caption":"Kristi Ellis"},"url":"https:\/\/luxonomy.net\/es\/author\/kristi-ellis\/"}]}},"jetpack_publicize_connections":[],"jetpack_shortlink":"https:\/\/wp.me\/paPhBa-7XK","jetpack_sharing_enabled":true,"jetpack_featured_media_url":"https:\/\/i0.wp.com\/luxonomy.net\/wp-content\/uploads\/2022\/12\/Louis-Vuitton-y-el-pastelero-Maxime-Frederic-presentan-LV-DREAM-un-nuevo-destino-cultural-y-culinario-en-Paris.png?fit=2000%2C1100&ssl=1","_links":{"self":[{"href":"https:\/\/luxonomy.net\/es\/wp-json\/wp\/v2\/posts\/30612","targetHints":{"allow":["GET"]}}],"collection":[{"href":"https:\/\/luxonomy.net\/es\/wp-json\/wp\/v2\/posts"}],"about":[{"href":"https:\/\/luxonomy.net\/es\/wp-json\/wp\/v2\/types\/post"}],"author":[{"embeddable":true,"href":"https:\/\/luxonomy.net\/es\/wp-json\/wp\/v2\/users\/11"}],"replies":[{"embeddable":true,"href":"https:\/\/luxonomy.net\/es\/wp-json\/wp\/v2\/comments?post=30612"}],"version-history":[{"count":4,"href":"https:\/\/luxonomy.net\/es\/wp-json\/wp\/v2\/posts\/30612\/revisions"}],"predecessor-version":[{"id":30618,"href":"https:\/\/luxonomy.net\/es\/wp-json\/wp\/v2\/posts\/30612\/revisions\/30618"}],"wp:featuredmedia":[{"embeddable":true,"href":"https:\/\/luxonomy.net\/es\/wp-json\/wp\/v2\/media\/30613"}],"wp:attachment":[{"href":"https:\/\/luxonomy.net\/es\/wp-json\/wp\/v2\/media?parent=30612"}],"wp:term":[{"taxonomy":"category","embeddable":true,"href":"https:\/\/luxonomy.net\/es\/wp-json\/wp\/v2\/categories?post=30612"},{"taxonomy":"post_tag","embeddable":true,"href":"https:\/\/luxonomy.net\/es\/wp-json\/wp\/v2\/tags?post=30612"},{"taxonomy":"thb-sponsors","embeddable":true,"href":"https:\/\/luxonomy.net\/es\/wp-json\/wp\/v2\/thb-sponsors?post=30612"}],"curies":[{"name":"wp","href":"https:\/\/api.w.org\/{rel}","templated":true}]}}