{"id":30236,"date":"2022-11-23T17:23:17","date_gmt":"2022-11-23T16:23:17","guid":{"rendered":"https:\/?p=30236"},"modified":"2022-11-26T14:19:58","modified_gmt":"2022-11-26T13:19:58","slug":"alessandro-michele-deja-gucci","status":"publish","type":"post","link":"https:\/\/luxonomy.net\/es\/alessandro-michele-deja-gucci\/","title":{"rendered":"Alessandro Michele deja Gucci"},"content":{"rendered":"<p>En la mayor reorganizaci\u00f3n creativa de una marca de moda desde la pandemia de Covid-19, Gucci anunci\u00f3 el mi\u00e9rcoles que Alessandro Michele, su director creativo, dejaba la empresa.<\/p>\n<p>Michele, de 49 a\u00f1os, dise\u00f1ador nacido en Roma que asumi\u00f3 el cargo principal en 2015, hab\u00eda sido fundamental en la transformaci\u00f3n de Gucci, aparentemente de la noche a la ma\u00f1ana, de un s\u00edmbolo que se desvanec\u00eda del glamour de los a\u00f1os 2000 a un proveedor de inclusi\u00f3n exc\u00e9ntrica que encarnaba la conversaci\u00f3n cultural m\u00e1s amplia en torno a g\u00e9nero, identidad sexual y raza.<\/p>\n<p>Su nueva visi\u00f3n de la marca se extendi\u00f3 por la industria de la moda y gener\u00f3 decenas de miles de millones de d\u00f3lares para Kering, el conglomerado de lujo franc\u00e9s que tambi\u00e9n es propietario de Saint Laurent y Balenciaga, entre otras marcas. Sin embargo, fue Gucci el responsable de la mayor parte de las ganancias del grupo, con casi 10.000 millones de euros en ingresos en 2021, y fue Michele y el director ejecutivo de Gucci, Marco Bizzarri, a quienes se les atribuy\u00f3 el \u00e9xito.<\/p><div id=\"luxon-3109981981\" class=\"luxon-3er-parrafo luxon-entity-placement\" style=\"margin-top: 20px;margin-bottom: 20px;margin-left: auto;margin-right: auto;text-align: center;\"><a href=\"https:\/\/luxonomy.university\/course\/master-turismo-de-lujo\" target=\"_blank\" aria-label=\"master-turismo-lujo-2026-2027\"><img loading=\"lazy\" decoding=\"async\" src=\"https:\/\/i0.wp.com\/luxonomy.net\/wp-content\/uploads\/2020\/07\/master-turismo-lujo-2026-2027.jpg?fit=1672%2C941&#038;ssl=1\" alt=\"\"  srcset=\"https:\/\/i0.wp.com\/luxonomy.net\/wp-content\/uploads\/2020\/07\/master-turismo-lujo-2026-2027.jpg?w=1672&ssl=1 1672w, https:\/\/i0.wp.com\/luxonomy.net\/wp-content\/uploads\/2020\/07\/master-turismo-lujo-2026-2027.jpg?resize=300%2C169&ssl=1 300w, https:\/\/i0.wp.com\/luxonomy.net\/wp-content\/uploads\/2020\/07\/master-turismo-lujo-2026-2027.jpg?resize=1024%2C576&ssl=1 1024w, https:\/\/i0.wp.com\/luxonomy.net\/wp-content\/uploads\/2020\/07\/master-turismo-lujo-2026-2027.jpg?resize=768%2C432&ssl=1 768w, https:\/\/i0.wp.com\/luxonomy.net\/wp-content\/uploads\/2020\/07\/master-turismo-lujo-2026-2027.jpg?resize=1536%2C864&ssl=1 1536w, https:\/\/i0.wp.com\/luxonomy.net\/wp-content\/uploads\/2020\/07\/master-turismo-lujo-2026-2027.jpg?resize=370%2C208&ssl=1 370w, https:\/\/i0.wp.com\/luxonomy.net\/wp-content\/uploads\/2020\/07\/master-turismo-lujo-2026-2027.jpg?resize=800%2C450&ssl=1 800w, https:\/\/i0.wp.com\/luxonomy.net\/wp-content\/uploads\/2020\/07\/master-turismo-lujo-2026-2027.jpg?resize=20%2C11&ssl=1 20w, https:\/\/i0.wp.com\/luxonomy.net\/wp-content\/uploads\/2020\/07\/master-turismo-lujo-2026-2027.jpg?resize=740%2C416&ssl=1 740w, https:\/\/i0.wp.com\/luxonomy.net\/wp-content\/uploads\/2020\/07\/master-turismo-lujo-2026-2027.jpg?resize=1600%2C900&ssl=1 1600w, https:\/\/i0.wp.com\/luxonomy.net\/wp-content\/uploads\/2020\/07\/master-turismo-lujo-2026-2027.jpg?resize=1200%2C675&ssl=1 1200w, https:\/\/i0.wp.com\/luxonomy.net\/wp-content\/uploads\/2020\/07\/master-turismo-lujo-2026-2027.jpg?resize=85%2C48&ssl=1 85w\" sizes=\"(max-width: 1170px) 100vw, 1170px\" class=\"no-lazyload\" width=\"1672\" height=\"941\"   \/><\/a><\/div>\n<p>Al menos mientras fuera un \u00e9xito. \u00daltimamente, sin embargo, el otrora imparable crecimiento hab\u00eda comenzado a desacelerarse. Y aunque Michele hab\u00eda tratado de expandir el alcance de Gucci a trav\u00e9s de restaurantes, el metaverso y las colaboraciones con Adidas y Harry Styles, la oferta b\u00e1sica comenz\u00f3 a provocar bostezos en lugar de deseo. El mi\u00e9rcoles, 20 a\u00f1os despu\u00e9s de unirse a la empresa, Gucci confirm\u00f3 en un comunicado que Michele se retiraba y dejar\u00eda la empresa.<\/p>\n<p>\u201cHay momentos en que los caminos se separan debido a las diferentes perspectivas que cada uno de nosotros puede tener\u201d, dijo Michele en una declaraci\u00f3n caracter\u00edsticamente florida que tambi\u00e9n agradeci\u00f3 a los empleados de Gucci. \u201cHoy finaliza para m\u00ed un viaje extraordinario, de m\u00e1s de veinte a\u00f1os, dentro de una empresa a la que he dedicado incansablemente todo mi amor y pasi\u00f3n creativa.\u201d<\/p>\n<p>El presidente y director ejecutivo de Kering, Francois-Henri Pinault, agreg\u00f3 que &#8220;el camino que Gucci y Alessandro recorrieron juntos a lo largo de los a\u00f1os es \u00fanico y seguir\u00e1 siendo un momento destacado en la historia de la casa&#8221;.<\/p>\n<p>El equipo de dise\u00f1o de Gucci continuar\u00e1 produciendo colecciones hasta que se anuncie un sucesor, seg\u00fan el comunicado.<\/p><div id=\"luxon-979862566\" class=\"luxon-7-parrafo luxon-entity-placement\" style=\"margin-top: 20px;margin-bottom: 20px;margin-left: auto;margin-right: auto;text-align: center;\"><a href=\"https:\/\/theintelligence.institute\/course\/inteligencia-artificial-para-directivos\" target=\"_blank\" aria-label=\"CSIAD_empresas_THEI_horizontal_4x3_v5\"><img loading=\"lazy\" decoding=\"async\" src=\"https:\/\/i0.wp.com\/luxonomy.net\/wp-content\/uploads\/2025\/08\/CSIAD_empresas_THEI_horizontal_4x3_v5.png?fit=2000%2C1500&#038;ssl=1\" alt=\"\"  srcset=\"https:\/\/i0.wp.com\/luxonomy.net\/wp-content\/uploads\/2025\/08\/CSIAD_empresas_THEI_horizontal_4x3_v5.png?w=2000&ssl=1 2000w, https:\/\/i0.wp.com\/luxonomy.net\/wp-content\/uploads\/2025\/08\/CSIAD_empresas_THEI_horizontal_4x3_v5.png?resize=300%2C225&ssl=1 300w, https:\/\/i0.wp.com\/luxonomy.net\/wp-content\/uploads\/2025\/08\/CSIAD_empresas_THEI_horizontal_4x3_v5.png?resize=1024%2C768&ssl=1 1024w, https:\/\/i0.wp.com\/luxonomy.net\/wp-content\/uploads\/2025\/08\/CSIAD_empresas_THEI_horizontal_4x3_v5.png?resize=768%2C576&ssl=1 768w, https:\/\/i0.wp.com\/luxonomy.net\/wp-content\/uploads\/2025\/08\/CSIAD_empresas_THEI_horizontal_4x3_v5.png?resize=1536%2C1152&ssl=1 1536w, https:\/\/i0.wp.com\/luxonomy.net\/wp-content\/uploads\/2025\/08\/CSIAD_empresas_THEI_horizontal_4x3_v5.png?resize=370%2C278&ssl=1 370w, https:\/\/i0.wp.com\/luxonomy.net\/wp-content\/uploads\/2025\/08\/CSIAD_empresas_THEI_horizontal_4x3_v5.png?resize=800%2C600&ssl=1 800w, https:\/\/i0.wp.com\/luxonomy.net\/wp-content\/uploads\/2025\/08\/CSIAD_empresas_THEI_horizontal_4x3_v5.png?resize=20%2C15&ssl=1 20w, https:\/\/i0.wp.com\/luxonomy.net\/wp-content\/uploads\/2025\/08\/CSIAD_empresas_THEI_horizontal_4x3_v5.png?resize=740%2C555&ssl=1 740w, https:\/\/i0.wp.com\/luxonomy.net\/wp-content\/uploads\/2025\/08\/CSIAD_empresas_THEI_horizontal_4x3_v5.png?resize=1600%2C1200&ssl=1 1600w, https:\/\/i0.wp.com\/luxonomy.net\/wp-content\/uploads\/2025\/08\/CSIAD_empresas_THEI_horizontal_4x3_v5.png?resize=1200%2C900&ssl=1 1200w, https:\/\/i0.wp.com\/luxonomy.net\/wp-content\/uploads\/2025\/08\/CSIAD_empresas_THEI_horizontal_4x3_v5.png?resize=64%2C48&ssl=1 64w\" sizes=\"(max-width: 1170px) 100vw, 1170px\" class=\"no-lazyload\" width=\"2000\" height=\"1500\"   \/><\/a><\/div>\n<p>Las especulaciones sobre su partida, que fueron informadas anteriormente por Women&#8217;s Wear Daily, provocaron un impulso inicial en el precio de las acciones de Kering cuando los mercados abrieron el mi\u00e9rcoles, y los analistas se\u00f1alaron que un nuevo dise\u00f1ador podr\u00eda ayudar a reactivar las ventas.<\/p>\n<p>\u201cGucci est\u00e1 sufriendo de fatiga de marca, y los consumidores que compraron temprano, particularmente los chinos, se aburrieron primero\u201d, dijo Luca Solca, de la firma de investigaci\u00f3n Sanford C. Bernstein, en una nota a los inversores, destacando la importancia de China para el lujo occidental. mercado y Gucci en particular (con el pa\u00eds responsable de m\u00e1s de un tercio de todas las ventas).<\/p>\n<p>\u201cPara volver a acelerar, necesita abrir un nuevo cap\u00edtulo creativo\u201d, dijo. \u201cDeber\u00edamos dar cr\u00e9dito a Kering por saber lo que est\u00e1n haciendo, dado que revivieron de manera sistem\u00e1tica y exitosa marcas desvanecidas en el pasado\u201d.<\/p>\n<p>La permanencia del Sr. Michele en Gucci es un buen ejemplo. Se uni\u00f3 a la marca en 2002 como dise\u00f1ador de accesorios y era casi completamente desconocido fuera de la empresa cuando el Sr. Bizzarri lo nombr\u00f3 director creativo, lo que le dio rienda suelta no solo a los productos, sino tambi\u00e9n a las tiendas, las campa\u00f1as y las comunicaciones.<\/p>\n<p>Su est\u00e9tica de urraca, que oscilaba libremente entre per\u00edodos de tiempo, puntos de referencia y concepciones de la belleza, parec\u00eda perfectamente calibrada para la era de las redes sociales m\u00e1s democr\u00e1ticas. Sus desfiles eran una mezcolanza de cosas \u2014joyas, anteojos, bolsos y ropa\u2014 que celebraban el car\u00e1cter por encima de la elegancia. Su largo cabello y barba le daban el porte de un gur\u00fa de la contracultura (su propensi\u00f3n a citar a Michel Foucault y Roland Barthes en sus notas de desfiles ayud\u00f3), y la moda pr\u00e1cticamente lo trat\u00f3 como tal, especialmente una vez que los n\u00fameros comenzaron a aumentar.<\/p>\n<p>Hace un a\u00f1o realiz\u00f3 su primer show en vivo desde que comenz\u00f3 la pandemia en medio de Hollywood Boulevard, con la asistencia de Gwyneth Paltrow, Dakota Johnson y Billie Eilish (quienes sol\u00edan usar Gucci en p\u00fablico) y Jared Leto en la pasarela. Su desfile m\u00e1s reciente en la Semana de la Moda de Mil\u00e1n, una oda a los gemelos id\u00e9nticos, fue uno de los m\u00e1s anunciados de la temporada.<\/p>\n<p>Pero el cambio inesperado y poco sentimental en la parte superior se ha convertido en una especie de patr\u00f3n en Kering. Esta es la tercera vez que el Sr. Pinault hace un cambio repentino en la direcci\u00f3n de su marca principal. La primera vez fue en 2004, cuando se separ\u00f3 de Tom Ford y Domenico De Sole y la segunda, en 2014, cuando despidi\u00f3 a la dise\u00f1adora Frida Giannini y al director ejecutivo, Patrizio di Marco.<\/p>\n<p>Sorprendi\u00f3 notablemente al mundo de la moda cuando nombr\u00f3 al dise\u00f1ador emergente Demna como director art\u00edstico de la reverenciada Balenciaga en 2015 (que result\u00f3 ser una decisi\u00f3n prof\u00e9tica) y luego volvi\u00f3 a sorprenderlo el a\u00f1o pasado cuando anunci\u00f3 la sorpresiva partida de Daniel Lee en Bottega Veneta. despu\u00e9s de una carrera exitosa, aunque solo sea de tres a\u00f1os.<\/p>\n<p>La salida del Sr. Michele tambi\u00e9n sigue a un juego renovado de sillas musicales en la industria de la moda de lujo, que a\u00fan se est\u00e1 recuperando de las consecuencias de la pandemia de Covid en sus\u00a0ventas y cadenas de suministro.<\/p>\n<p>En septiembre, Burberry anunci\u00f3 que el Sr. Lee ser\u00eda su nuevo director creativo, en sustituci\u00f3n de Riccardo Tisci. \u00c9l, a su vez, hab\u00eda sido reemplazado en Bottega Veneta por su director de dise\u00f1o, la estrella en ascenso Matthieu Blazy. Este mes, Tom Ford vendi\u00f3 su marca hom\u00f3nima a Est\u00e9e Lauder. Y luego Raf Simons, el dise\u00f1ador belga y codirector creativo de Prada junto con Miuccia Prada, dijo que estaba cerrando su peque\u00f1a pero muy influyente marca hom\u00f3nima despu\u00e9s de 27 a\u00f1os, se\u00f1alando los desaf\u00edos para los nombres independientes. Siguen aumentando los rumores de que Phoebe Philo, la ex dise\u00f1adora de Celine, presentar\u00e1 una nueva marca en alg\u00fan momento del pr\u00f3ximo a\u00f1o.<\/p>\n<p>Ahora la atenci\u00f3n se centrar\u00e1 en lo que suceder\u00e1 a continuaci\u00f3n con Gucci (cu\u00e1ntos cambios vertiginosos vendr\u00e1n a continuaci\u00f3n) y si el Sr. Bizzarri tambi\u00e9n se ir\u00e1. La marca tiene previsto revelar su pr\u00f3xima colecci\u00f3n masculina en Mil\u00e1n en enero. Como siempre, el espect\u00e1culo continuar\u00e1.<\/p>\n","protected":false},"excerpt":{"rendered":"<p>En la mayor reorganizaci\u00f3n creativa de una marca de moda desde la pandemia de Covid-19, Gucci anunci\u00f3 el mi\u00e9rcoles que Alessandro Michele, su director creativo, dejaba la empresa. Michele, de 49 a\u00f1os, dise\u00f1ador nacido en Roma que asumi\u00f3 el cargo principal en 2015, hab\u00eda sido fundamental en la transformaci\u00f3n de Gucci, aparentemente de la noche&hellip;<\/p>\n","protected":false},"author":10,"featured_media":30229,"comment_status":"open","ping_status":"open","sticky":false,"template":"","format":"standard","meta":{"_jetpack_newsletter_access":"","_jetpack_dont_email_post_to_subs":false,"_jetpack_newsletter_tier_id":0,"_jetpack_memberships_contains_paywalled_content":false,"_jetpack_feature_clip_id":0,"_jetpack_memberships_contains_paid_content":false,"footnotes":"","jetpack_publicize_message":"Alessandro Michele deja Gucci","jetpack_publicize_feature_enabled":true,"jetpack_social_post_already_shared":true,"jetpack_social_options":{"image_generator_settings":{"template":"edge","default_image_id":0,"font":"","enabled":false},"version":2},"jetpack_post_was_ever_published":false},"categories":[1672,534],"tags":[635,1586,586],"thb-sponsors":[],"class_list":["post-30236","post","type-post","status-publish","format-standard","has-post-thumbnail","hentry","category-actualidad","category-moda","tag-actualidad","tag-alessandro-michele","tag-moda"],"yoast_head":"<!-- This site is optimized with the Yoast SEO plugin v28.4 - https:\/\/yoast.com\/product\/yoast-seo-wordpress\/ -->\n<title>Alessandro Michele deja Gucci | LUXONOMY<\/title>\n<meta name=\"robots\" content=\"index, follow, max-snippet:-1, max-image-preview:large, max-video-preview:-1\" \/>\n<link rel=\"canonical\" href=\"https:\/\/luxonomy.net\/es\/alessandro-michele-deja-gucci\/\" \/>\n<meta property=\"og:locale\" content=\"es_ES\" \/>\n<meta property=\"og:type\" content=\"article\" \/>\n<meta property=\"og:title\" content=\"Alessandro Michele deja Gucci | LUXONOMY\" \/>\n<meta property=\"og:description\" content=\"En la mayor reorganizaci\u00f3n creativa de una marca de moda desde la pandemia de Covid-19, Gucci anunci\u00f3 el mi\u00e9rcoles que Alessandro Michele, su director creativo, dejaba la empresa. Michele, de 49 a\u00f1os, dise\u00f1ador nacido en Roma que asumi\u00f3 el cargo principal en 2015, hab\u00eda sido fundamental en la transformaci\u00f3n de Gucci, aparentemente de la noche&hellip;\" \/>\n<meta property=\"og:url\" content=\"https:\/\/luxonomy.net\/es\/alessandro-michele-deja-gucci\/\" \/>\n<meta property=\"og:site_name\" content=\"LUXONOMY\" \/>\n<meta property=\"article:publisher\" content=\"https:\/\/www.facebook.com\/luxonomy\" \/>\n<meta property=\"article:published_time\" content=\"2022-11-23T16:23:17+00:00\" \/>\n<meta property=\"article:modified_time\" content=\"2022-11-26T13:19:58+00:00\" \/>\n<meta property=\"og:image\" content=\"https:\/\/luxonomy.net\/wp-content\/uploads\/2022\/11\/Captura-de-pantalla-2022-11-25-a-las-17.28.43-1024x706.png\" \/>\n\t<meta property=\"og:image:width\" content=\"1024\" \/>\n\t<meta property=\"og:image:height\" content=\"706\" \/>\n\t<meta property=\"og:image:type\" content=\"image\/png\" \/>\n<meta name=\"author\" content=\"Chiara Gabardi\" \/>\n<meta name=\"twitter:card\" content=\"summary_large_image\" \/>\n<meta name=\"twitter:label1\" content=\"Escrito por\" \/>\n\t<meta name=\"twitter:data1\" content=\"Chiara Gabardi\" \/>\n\t<meta name=\"twitter:label2\" content=\"Tiempo de lectura\" \/>\n\t<meta name=\"twitter:data2\" content=\"5 minutos\" \/>\n<script type=\"application\/ld+json\" class=\"yoast-schema-graph\">{\"@context\":\"https:\\\/\\\/schema.org\",\"@graph\":[{\"@type\":\"Article\",\"@id\":\"https:\\\/\\\/luxonomy.net\\\/es\\\/alessandro-michele-deja-gucci\\\/#article\",\"isPartOf\":{\"@id\":\"https:\\\/\\\/luxonomy.net\\\/es\\\/alessandro-michele-deja-gucci\\\/\"},\"author\":{\"name\":\"Chiara Gabardi\",\"@id\":\"https:\\\/\\\/luxonomy.net\\\/es\\\/#\\\/schema\\\/person\\\/9d526ffe93a0cc9cecc91760f49da3ef\"},\"headline\":\"Alessandro Michele deja Gucci\",\"datePublished\":\"2022-11-23T16:23:17+00:00\",\"dateModified\":\"2022-11-26T13:19:58+00:00\",\"mainEntityOfPage\":{\"@id\":\"https:\\\/\\\/luxonomy.net\\\/es\\\/alessandro-michele-deja-gucci\\\/\"},\"wordCount\":1176,\"commentCount\":0,\"publisher\":{\"@id\":\"https:\\\/\\\/luxonomy.net\\\/es\\\/#organization\"},\"image\":{\"@id\":\"https:\\\/\\\/luxonomy.net\\\/es\\\/alessandro-michele-deja-gucci\\\/#primaryimage\"},\"thumbnailUrl\":\"https:\\\/\\\/i0.wp.com\\\/luxonomy.net\\\/wp-content\\\/uploads\\\/2022\\\/11\\\/Captura-de-pantalla-2022-11-25-a-las-17.28.43.png?fit=1730%2C1192&ssl=1\",\"keywords\":[\"actualidad\",\"Alessandro Michele\",\"Moda\"],\"articleSection\":[\"Actualidad\",\"Moda\"],\"inLanguage\":\"es\",\"potentialAction\":[{\"@type\":\"CommentAction\",\"name\":\"Comment\",\"target\":[\"https:\\\/\\\/luxonomy.net\\\/es\\\/alessandro-michele-deja-gucci\\\/#respond\"]}]},{\"@type\":\"WebPage\",\"@id\":\"https:\\\/\\\/luxonomy.net\\\/es\\\/alessandro-michele-deja-gucci\\\/\",\"url\":\"https:\\\/\\\/luxonomy.net\\\/es\\\/alessandro-michele-deja-gucci\\\/\",\"name\":\"Alessandro Michele deja Gucci | LUXONOMY\",\"isPartOf\":{\"@id\":\"https:\\\/\\\/luxonomy.net\\\/es\\\/#website\"},\"primaryImageOfPage\":{\"@id\":\"https:\\\/\\\/luxonomy.net\\\/es\\\/alessandro-michele-deja-gucci\\\/#primaryimage\"},\"image\":{\"@id\":\"https:\\\/\\\/luxonomy.net\\\/es\\\/alessandro-michele-deja-gucci\\\/#primaryimage\"},\"thumbnailUrl\":\"https:\\\/\\\/i0.wp.com\\\/luxonomy.net\\\/wp-content\\\/uploads\\\/2022\\\/11\\\/Captura-de-pantalla-2022-11-25-a-las-17.28.43.png?fit=1730%2C1192&ssl=1\",\"datePublished\":\"2022-11-23T16:23:17+00:00\",\"dateModified\":\"2022-11-26T13:19:58+00:00\",\"breadcrumb\":{\"@id\":\"https:\\\/\\\/luxonomy.net\\\/es\\\/alessandro-michele-deja-gucci\\\/#breadcrumb\"},\"inLanguage\":\"es\",\"potentialAction\":[{\"@type\":\"ReadAction\",\"target\":[\"https:\\\/\\\/luxonomy.net\\\/es\\\/alessandro-michele-deja-gucci\\\/\"]}]},{\"@type\":\"ImageObject\",\"inLanguage\":\"es\",\"@id\":\"https:\\\/\\\/luxonomy.net\\\/es\\\/alessandro-michele-deja-gucci\\\/#primaryimage\",\"url\":\"https:\\\/\\\/i0.wp.com\\\/luxonomy.net\\\/wp-content\\\/uploads\\\/2022\\\/11\\\/Captura-de-pantalla-2022-11-25-a-las-17.28.43.png?fit=1730%2C1192&ssl=1\",\"contentUrl\":\"https:\\\/\\\/i0.wp.com\\\/luxonomy.net\\\/wp-content\\\/uploads\\\/2022\\\/11\\\/Captura-de-pantalla-2022-11-25-a-las-17.28.43.png?fit=1730%2C1192&ssl=1\",\"width\":1730,\"height\":1192},{\"@type\":\"BreadcrumbList\",\"@id\":\"https:\\\/\\\/luxonomy.net\\\/es\\\/alessandro-michele-deja-gucci\\\/#breadcrumb\",\"itemListElement\":[{\"@type\":\"ListItem\",\"position\":1,\"name\":\"Portada\",\"item\":\"https:\\\/\\\/luxonomy.net\\\/es\\\/\"},{\"@type\":\"ListItem\",\"position\":2,\"name\":\"Alessandro Michele deja Gucci\"}]},{\"@type\":\"WebSite\",\"@id\":\"https:\\\/\\\/luxonomy.net\\\/es\\\/#website\",\"url\":\"https:\\\/\\\/luxonomy.net\\\/es\\\/\",\"name\":\"LUXONOMY\",\"description\":\"The Economy of Fashion &amp; Luxury\",\"publisher\":{\"@id\":\"https:\\\/\\\/luxonomy.net\\\/es\\\/#organization\"},\"potentialAction\":[{\"@type\":\"SearchAction\",\"target\":{\"@type\":\"EntryPoint\",\"urlTemplate\":\"https:\\\/\\\/luxonomy.net\\\/es\\\/?s={search_term_string}\"},\"query-input\":{\"@type\":\"PropertyValueSpecification\",\"valueRequired\":true,\"valueName\":\"search_term_string\"}}],\"inLanguage\":\"es\"},{\"@type\":\"Organization\",\"@id\":\"https:\\\/\\\/luxonomy.net\\\/es\\\/#organization\",\"name\":\"LUXONOMY\",\"url\":\"https:\\\/\\\/luxonomy.net\\\/es\\\/\",\"logo\":{\"@type\":\"ImageObject\",\"inLanguage\":\"es\",\"@id\":\"https:\\\/\\\/luxonomy.net\\\/es\\\/#\\\/schema\\\/logo\\\/image\\\/\",\"url\":\"https:\\\/\\\/i2.wp.com\\\/luxonomy.net\\\/wp-content\\\/uploads\\\/2021\\\/09\\\/MOCKUP-TODOS-LUXONOMY.jpg?fit=1000%2C515&ssl=1\",\"contentUrl\":\"https:\\\/\\\/i2.wp.com\\\/luxonomy.net\\\/wp-content\\\/uploads\\\/2021\\\/09\\\/MOCKUP-TODOS-LUXONOMY.jpg?fit=1000%2C515&ssl=1\",\"width\":1000,\"height\":515,\"caption\":\"LUXONOMY\"},\"image\":{\"@id\":\"https:\\\/\\\/luxonomy.net\\\/es\\\/#\\\/schema\\\/logo\\\/image\\\/\"},\"sameAs\":[\"https:\\\/\\\/www.facebook.com\\\/luxonomy\",\"https:\\\/\\\/www.instagram.com\\\/luxonomy\\\/\",\"https:\\\/\\\/www.linkedin.com\\\/company\\\/luxonomy\\\/\"]},{\"@type\":\"Person\",\"@id\":\"https:\\\/\\\/luxonomy.net\\\/es\\\/#\\\/schema\\\/person\\\/9d526ffe93a0cc9cecc91760f49da3ef\",\"name\":\"Chiara Gabardi\",\"image\":{\"@type\":\"ImageObject\",\"inLanguage\":\"es\",\"@id\":\"https:\\\/\\\/luxonomy.net\\\/wp-content\\\/litespeed\\\/avatar\\\/548640c4e2c34544e66c65ab1641a5d7.jpg?ver=1788581172\",\"url\":\"https:\\\/\\\/luxonomy.net\\\/wp-content\\\/litespeed\\\/avatar\\\/548640c4e2c34544e66c65ab1641a5d7.jpg?ver=1788581172\",\"contentUrl\":\"https:\\\/\\\/luxonomy.net\\\/wp-content\\\/litespeed\\\/avatar\\\/548640c4e2c34544e66c65ab1641a5d7.jpg?ver=1788581172\",\"caption\":\"Chiara Gabardi\"},\"description\":\"Editor at LUXONOMY\u2122 Group\",\"url\":\"https:\\\/\\\/luxonomy.net\\\/es\\\/author\\\/chiara-gabardi\\\/\"}]}<\/script>\n<!-- \/ Yoast SEO plugin. -->","yoast_head_json":{"title":"Alessandro Michele deja Gucci | LUXONOMY","robots":{"index":"index","follow":"follow","max-snippet":"max-snippet:-1","max-image-preview":"max-image-preview:large","max-video-preview":"max-video-preview:-1"},"canonical":"https:\/\/luxonomy.net\/es\/alessandro-michele-deja-gucci\/","og_locale":"es_ES","og_type":"article","og_title":"Alessandro Michele deja Gucci | LUXONOMY","og_description":"En la mayor reorganizaci\u00f3n creativa de una marca de moda desde la pandemia de Covid-19, Gucci anunci\u00f3 el mi\u00e9rcoles que Alessandro Michele, su director creativo, dejaba la empresa. Michele, de 49 a\u00f1os, dise\u00f1ador nacido en Roma que asumi\u00f3 el cargo principal en 2015, hab\u00eda sido fundamental en la transformaci\u00f3n de Gucci, aparentemente de la noche&hellip;","og_url":"https:\/\/luxonomy.net\/es\/alessandro-michele-deja-gucci\/","og_site_name":"LUXONOMY","article_publisher":"https:\/\/www.facebook.com\/luxonomy","article_published_time":"2022-11-23T16:23:17+00:00","article_modified_time":"2022-11-26T13:19:58+00:00","og_image":[{"width":1024,"height":706,"url":"https:\/\/luxonomy.net\/wp-content\/uploads\/2022\/11\/Captura-de-pantalla-2022-11-25-a-las-17.28.43-1024x706.png","type":"image\/png"}],"author":"Chiara Gabardi","twitter_card":"summary_large_image","twitter_misc":{"Escrito por":"Chiara Gabardi","Tiempo de lectura":"5 minutos"},"schema":{"@context":"https:\/\/schema.org","@graph":[{"@type":"Article","@id":"https:\/\/luxonomy.net\/es\/alessandro-michele-deja-gucci\/#article","isPartOf":{"@id":"https:\/\/luxonomy.net\/es\/alessandro-michele-deja-gucci\/"},"author":{"name":"Chiara Gabardi","@id":"https:\/\/luxonomy.net\/es\/#\/schema\/person\/9d526ffe93a0cc9cecc91760f49da3ef"},"headline":"Alessandro Michele deja Gucci","datePublished":"2022-11-23T16:23:17+00:00","dateModified":"2022-11-26T13:19:58+00:00","mainEntityOfPage":{"@id":"https:\/\/luxonomy.net\/es\/alessandro-michele-deja-gucci\/"},"wordCount":1176,"commentCount":0,"publisher":{"@id":"https:\/\/luxonomy.net\/es\/#organization"},"image":{"@id":"https:\/\/luxonomy.net\/es\/alessandro-michele-deja-gucci\/#primaryimage"},"thumbnailUrl":"https:\/\/i0.wp.com\/luxonomy.net\/wp-content\/uploads\/2022\/11\/Captura-de-pantalla-2022-11-25-a-las-17.28.43.png?fit=1730%2C1192&ssl=1","keywords":["actualidad","Alessandro Michele","Moda"],"articleSection":["Actualidad","Moda"],"inLanguage":"es","potentialAction":[{"@type":"CommentAction","name":"Comment","target":["https:\/\/luxonomy.net\/es\/alessandro-michele-deja-gucci\/#respond"]}]},{"@type":"WebPage","@id":"https:\/\/luxonomy.net\/es\/alessandro-michele-deja-gucci\/","url":"https:\/\/luxonomy.net\/es\/alessandro-michele-deja-gucci\/","name":"Alessandro Michele deja Gucci | LUXONOMY","isPartOf":{"@id":"https:\/\/luxonomy.net\/es\/#website"},"primaryImageOfPage":{"@id":"https:\/\/luxonomy.net\/es\/alessandro-michele-deja-gucci\/#primaryimage"},"image":{"@id":"https:\/\/luxonomy.net\/es\/alessandro-michele-deja-gucci\/#primaryimage"},"thumbnailUrl":"https:\/\/i0.wp.com\/luxonomy.net\/wp-content\/uploads\/2022\/11\/Captura-de-pantalla-2022-11-25-a-las-17.28.43.png?fit=1730%2C1192&ssl=1","datePublished":"2022-11-23T16:23:17+00:00","dateModified":"2022-11-26T13:19:58+00:00","breadcrumb":{"@id":"https:\/\/luxonomy.net\/es\/alessandro-michele-deja-gucci\/#breadcrumb"},"inLanguage":"es","potentialAction":[{"@type":"ReadAction","target":["https:\/\/luxonomy.net\/es\/alessandro-michele-deja-gucci\/"]}]},{"@type":"ImageObject","inLanguage":"es","@id":"https:\/\/luxonomy.net\/es\/alessandro-michele-deja-gucci\/#primaryimage","url":"https:\/\/i0.wp.com\/luxonomy.net\/wp-content\/uploads\/2022\/11\/Captura-de-pantalla-2022-11-25-a-las-17.28.43.png?fit=1730%2C1192&ssl=1","contentUrl":"https:\/\/i0.wp.com\/luxonomy.net\/wp-content\/uploads\/2022\/11\/Captura-de-pantalla-2022-11-25-a-las-17.28.43.png?fit=1730%2C1192&ssl=1","width":1730,"height":1192},{"@type":"BreadcrumbList","@id":"https:\/\/luxonomy.net\/es\/alessandro-michele-deja-gucci\/#breadcrumb","itemListElement":[{"@type":"ListItem","position":1,"name":"Portada","item":"https:\/\/luxonomy.net\/es\/"},{"@type":"ListItem","position":2,"name":"Alessandro Michele deja Gucci"}]},{"@type":"WebSite","@id":"https:\/\/luxonomy.net\/es\/#website","url":"https:\/\/luxonomy.net\/es\/","name":"LUXONOMY","description":"The Economy of Fashion &amp; Luxury","publisher":{"@id":"https:\/\/luxonomy.net\/es\/#organization"},"potentialAction":[{"@type":"SearchAction","target":{"@type":"EntryPoint","urlTemplate":"https:\/\/luxonomy.net\/es\/?s={search_term_string}"},"query-input":{"@type":"PropertyValueSpecification","valueRequired":true,"valueName":"search_term_string"}}],"inLanguage":"es"},{"@type":"Organization","@id":"https:\/\/luxonomy.net\/es\/#organization","name":"LUXONOMY","url":"https:\/\/luxonomy.net\/es\/","logo":{"@type":"ImageObject","inLanguage":"es","@id":"https:\/\/luxonomy.net\/es\/#\/schema\/logo\/image\/","url":"https:\/\/i2.wp.com\/luxonomy.net\/wp-content\/uploads\/2021\/09\/MOCKUP-TODOS-LUXONOMY.jpg?fit=1000%2C515&ssl=1","contentUrl":"https:\/\/i2.wp.com\/luxonomy.net\/wp-content\/uploads\/2021\/09\/MOCKUP-TODOS-LUXONOMY.jpg?fit=1000%2C515&ssl=1","width":1000,"height":515,"caption":"LUXONOMY"},"image":{"@id":"https:\/\/luxonomy.net\/es\/#\/schema\/logo\/image\/"},"sameAs":["https:\/\/www.facebook.com\/luxonomy","https:\/\/www.instagram.com\/luxonomy\/","https:\/\/www.linkedin.com\/company\/luxonomy\/"]},{"@type":"Person","@id":"https:\/\/luxonomy.net\/es\/#\/schema\/person\/9d526ffe93a0cc9cecc91760f49da3ef","name":"Chiara Gabardi","image":{"@type":"ImageObject","inLanguage":"es","@id":"https:\/\/luxonomy.net\/wp-content\/litespeed\/avatar\/548640c4e2c34544e66c65ab1641a5d7.jpg?ver=1788581172","url":"https:\/\/luxonomy.net\/wp-content\/litespeed\/avatar\/548640c4e2c34544e66c65ab1641a5d7.jpg?ver=1788581172","contentUrl":"https:\/\/luxonomy.net\/wp-content\/litespeed\/avatar\/548640c4e2c34544e66c65ab1641a5d7.jpg?ver=1788581172","caption":"Chiara Gabardi"},"description":"Editor at LUXONOMY\u2122 Group","url":"https:\/\/luxonomy.net\/es\/author\/chiara-gabardi\/"}]}},"jetpack_publicize_connections":[],"jetpack_shortlink":"https:\/\/wp.me\/paPhBa-7RG","jetpack_sharing_enabled":true,"jetpack_featured_media_url":"https:\/\/i0.wp.com\/luxonomy.net\/wp-content\/uploads\/2022\/11\/Captura-de-pantalla-2022-11-25-a-las-17.28.43.png?fit=1730%2C1192&ssl=1","_links":{"self":[{"href":"https:\/\/luxonomy.net\/es\/wp-json\/wp\/v2\/posts\/30236","targetHints":{"allow":["GET"]}}],"collection":[{"href":"https:\/\/luxonomy.net\/es\/wp-json\/wp\/v2\/posts"}],"about":[{"href":"https:\/\/luxonomy.net\/es\/wp-json\/wp\/v2\/types\/post"}],"author":[{"embeddable":true,"href":"https:\/\/luxonomy.net\/es\/wp-json\/wp\/v2\/users\/10"}],"replies":[{"embeddable":true,"href":"https:\/\/luxonomy.net\/es\/wp-json\/wp\/v2\/comments?post=30236"}],"version-history":[{"count":4,"href":"https:\/\/luxonomy.net\/es\/wp-json\/wp\/v2\/posts\/30236\/revisions"}],"predecessor-version":[{"id":30240,"href":"https:\/\/luxonomy.net\/es\/wp-json\/wp\/v2\/posts\/30236\/revisions\/30240"}],"wp:featuredmedia":[{"embeddable":true,"href":"https:\/\/luxonomy.net\/es\/wp-json\/wp\/v2\/media\/30229"}],"wp:attachment":[{"href":"https:\/\/luxonomy.net\/es\/wp-json\/wp\/v2\/media?parent=30236"}],"wp:term":[{"taxonomy":"category","embeddable":true,"href":"https:\/\/luxonomy.net\/es\/wp-json\/wp\/v2\/categories?post=30236"},{"taxonomy":"post_tag","embeddable":true,"href":"https:\/\/luxonomy.net\/es\/wp-json\/wp\/v2\/tags?post=30236"},{"taxonomy":"thb-sponsors","embeddable":true,"href":"https:\/\/luxonomy.net\/es\/wp-json\/wp\/v2\/thb-sponsors?post=30236"}],"curies":[{"name":"wp","href":"https:\/\/api.w.org\/{rel}","templated":true}]}}