{"id":29298,"date":"2022-10-13T13:50:49","date_gmt":"2022-10-13T11:50:49","guid":{"rendered":"https:\/?p=29298"},"modified":"2022-10-13T13:50:49","modified_gmt":"2022-10-13T11:50:49","slug":"no-hay-recesion-en-el-sector-del-lujo-las-ventas-de-dior-y-mercedes-se-disparan","status":"publish","type":"post","link":"https:\/\/luxonomy.net\/es\/no-hay-recesion-en-el-sector-del-lujo-las-ventas-de-dior-y-mercedes-se-disparan\/","title":{"rendered":"No hay recesi\u00f3n en el sector del lujo: las ventas de Dior y Mercedes se disparan"},"content":{"rendered":"<p>El salto en las ventas reportado por LVMH, el propietario de Louis Vuitton y Christian Dior, sugiere que al menos un segmento de la econom\u00eda sigue siendo inmune a las crisis que asaltan a los minoristas: los art\u00edculos de lujo.<\/p>\n<p>Las oscilaciones de los mercados, el aumento de la inflaci\u00f3n y el aumento de la incertidumbre econ\u00f3mica no han impedido la demanda de bolsos, relojes, joyas y coches por parte de los m\u00e1s adinerados. As\u00ed lo demuestra el aumento del 22% de las ventas de moda y marroquiner\u00eda de LVMH en el \u00faltimo trimestre.<\/p>\n<p>\u201cEl alivio de salir vivo de la pandemia ha superado cualquier mala noticia, ya que los consumidores que pueden adoptan una actitud de \u2018carpe diem\u2019\u201d, dijo el analista de Bernstein Luca Solca en una nota a los clientes. \u201cNadie quiere ser la persona m\u00e1s rica del cementerio\u201d.<\/p><div id=\"luxon-2551036403\" class=\"luxon-3er-parrafo luxon-entity-placement\" style=\"margin-top: 20px;margin-bottom: 20px;margin-left: auto;margin-right: auto;text-align: center;\"><a href=\"https:\/\/luxonomy.university\/course\/master-turismo-de-lujo\" target=\"_blank\" aria-label=\"master-turismo-lujo-2026-2027\"><img loading=\"lazy\" decoding=\"async\" src=\"https:\/\/i0.wp.com\/luxonomy.net\/wp-content\/uploads\/2020\/07\/master-turismo-lujo-2026-2027.jpg?fit=1672%2C941&#038;ssl=1\" alt=\"\"  srcset=\"https:\/\/i0.wp.com\/luxonomy.net\/wp-content\/uploads\/2020\/07\/master-turismo-lujo-2026-2027.jpg?w=1672&ssl=1 1672w, https:\/\/i0.wp.com\/luxonomy.net\/wp-content\/uploads\/2020\/07\/master-turismo-lujo-2026-2027.jpg?resize=300%2C169&ssl=1 300w, https:\/\/i0.wp.com\/luxonomy.net\/wp-content\/uploads\/2020\/07\/master-turismo-lujo-2026-2027.jpg?resize=1024%2C576&ssl=1 1024w, https:\/\/i0.wp.com\/luxonomy.net\/wp-content\/uploads\/2020\/07\/master-turismo-lujo-2026-2027.jpg?resize=768%2C432&ssl=1 768w, https:\/\/i0.wp.com\/luxonomy.net\/wp-content\/uploads\/2020\/07\/master-turismo-lujo-2026-2027.jpg?resize=1536%2C864&ssl=1 1536w, https:\/\/i0.wp.com\/luxonomy.net\/wp-content\/uploads\/2020\/07\/master-turismo-lujo-2026-2027.jpg?resize=370%2C208&ssl=1 370w, https:\/\/i0.wp.com\/luxonomy.net\/wp-content\/uploads\/2020\/07\/master-turismo-lujo-2026-2027.jpg?resize=800%2C450&ssl=1 800w, https:\/\/i0.wp.com\/luxonomy.net\/wp-content\/uploads\/2020\/07\/master-turismo-lujo-2026-2027.jpg?resize=20%2C11&ssl=1 20w, https:\/\/i0.wp.com\/luxonomy.net\/wp-content\/uploads\/2020\/07\/master-turismo-lujo-2026-2027.jpg?resize=740%2C416&ssl=1 740w, https:\/\/i0.wp.com\/luxonomy.net\/wp-content\/uploads\/2020\/07\/master-turismo-lujo-2026-2027.jpg?resize=1600%2C900&ssl=1 1600w, https:\/\/i0.wp.com\/luxonomy.net\/wp-content\/uploads\/2020\/07\/master-turismo-lujo-2026-2027.jpg?resize=1200%2C675&ssl=1 1200w, https:\/\/i0.wp.com\/luxonomy.net\/wp-content\/uploads\/2020\/07\/master-turismo-lujo-2026-2027.jpg?resize=85%2C48&ssl=1 85w\" sizes=\"(max-width: 1170px) 100vw, 1170px\" class=\"no-lazyload\" width=\"1672\" height=\"941\"   \/><\/a><\/div>\n<p>Esa actitud ha hecho que se formen colas frente a las boutiques de Christian Dior y Chanel en Par\u00eds, Berl\u00edn y Londres, en escenas que recuerdan a la \u00e9poca anterior a la pandemia, cuando los turistas chinos aprovechaban los precios m\u00e1s bajos en Europa. S\u00f3lo que ahora, con los compradores chinos todav\u00eda ausentes en gran medida debido a las pol\u00edticas de Covid-19 de su pa\u00eds, son los estadounidenses con d\u00f3lares fuertes y los europeos los que hacen las compras.<\/p>\n<p>El persistente apetito por las marcas m\u00e1s codiciadas entre las personas adineradas ha trascendido los bolsos y las baratijas costosas y ha contribuido a elevar las ventas de autom\u00f3viles de Mercedes-Benz AG (MBGYY) en m\u00e1s de una quinta parte el pasado trimestre. La oferta p\u00fablica inicial de Porsche se benefici\u00f3 del cach\u00e9 de lujo de la marca, cuyo valor de mercado super\u00f3 al de su matriz, Volkswagen AG, tras la cotizaci\u00f3n. Las ventas de otros coches han ca\u00eddo.<\/p>\n<p>Jean-Jacques Guiony, director financiero de LVMH, dijo a los analistas que, en pasadas crisis, los clientes de lujo han reaccionado m\u00e1s a las crisis burs\u00e1tiles que a la ralentizaci\u00f3n del crecimiento econ\u00f3mico. A diferencia de los minoristas del mercado de masas, LVMH tiene la capacidad de trasladar los aumentos de costos a sus clientes ricos, dijo.<\/p>\n<p>Mientras tanto, el frenes\u00ed del gasto contin\u00faa. Sotheby\u2019s vendi\u00f3 a finales del mes pasado su bolso m\u00e1s caro, un Hermes Kelly de piel de cocodrilo, en una subasta en Par\u00eds, por 352.800 euros (US$341.862). (El r\u00e9cord de todos los tiempos lo sigue teniendo Christie\u2019s.) Habr\u00e1 otra oportunidad de poner a prueba el apetito de los ricos cuando Sotheby\u2019s celebre otra subasta de bolsos de lujo (que finalizar\u00e1 el jueves) en Hong Kong.<\/p><div id=\"luxon-2775242009\" class=\"luxon-7-parrafo luxon-entity-placement\" style=\"margin-top: 20px;margin-bottom: 20px;margin-left: auto;margin-right: auto;text-align: center;\"><a href=\"https:\/\/theintelligence.institute\/course\/inteligencia-artificial-para-directivos\" target=\"_blank\" aria-label=\"CSIAD_empresas_THEI_horizontal_4x3_v5\"><img loading=\"lazy\" decoding=\"async\" src=\"https:\/\/i0.wp.com\/luxonomy.net\/wp-content\/uploads\/2025\/08\/CSIAD_empresas_THEI_horizontal_4x3_v5.png?fit=2000%2C1500&#038;ssl=1\" alt=\"\"  srcset=\"https:\/\/i0.wp.com\/luxonomy.net\/wp-content\/uploads\/2025\/08\/CSIAD_empresas_THEI_horizontal_4x3_v5.png?w=2000&ssl=1 2000w, https:\/\/i0.wp.com\/luxonomy.net\/wp-content\/uploads\/2025\/08\/CSIAD_empresas_THEI_horizontal_4x3_v5.png?resize=300%2C225&ssl=1 300w, https:\/\/i0.wp.com\/luxonomy.net\/wp-content\/uploads\/2025\/08\/CSIAD_empresas_THEI_horizontal_4x3_v5.png?resize=1024%2C768&ssl=1 1024w, https:\/\/i0.wp.com\/luxonomy.net\/wp-content\/uploads\/2025\/08\/CSIAD_empresas_THEI_horizontal_4x3_v5.png?resize=768%2C576&ssl=1 768w, https:\/\/i0.wp.com\/luxonomy.net\/wp-content\/uploads\/2025\/08\/CSIAD_empresas_THEI_horizontal_4x3_v5.png?resize=1536%2C1152&ssl=1 1536w, https:\/\/i0.wp.com\/luxonomy.net\/wp-content\/uploads\/2025\/08\/CSIAD_empresas_THEI_horizontal_4x3_v5.png?resize=370%2C278&ssl=1 370w, https:\/\/i0.wp.com\/luxonomy.net\/wp-content\/uploads\/2025\/08\/CSIAD_empresas_THEI_horizontal_4x3_v5.png?resize=800%2C600&ssl=1 800w, https:\/\/i0.wp.com\/luxonomy.net\/wp-content\/uploads\/2025\/08\/CSIAD_empresas_THEI_horizontal_4x3_v5.png?resize=20%2C15&ssl=1 20w, https:\/\/i0.wp.com\/luxonomy.net\/wp-content\/uploads\/2025\/08\/CSIAD_empresas_THEI_horizontal_4x3_v5.png?resize=740%2C555&ssl=1 740w, https:\/\/i0.wp.com\/luxonomy.net\/wp-content\/uploads\/2025\/08\/CSIAD_empresas_THEI_horizontal_4x3_v5.png?resize=1600%2C1200&ssl=1 1600w, https:\/\/i0.wp.com\/luxonomy.net\/wp-content\/uploads\/2025\/08\/CSIAD_empresas_THEI_horizontal_4x3_v5.png?resize=1200%2C900&ssl=1 1200w, https:\/\/i0.wp.com\/luxonomy.net\/wp-content\/uploads\/2025\/08\/CSIAD_empresas_THEI_horizontal_4x3_v5.png?resize=64%2C48&ssl=1 64w\" sizes=\"(max-width: 1170px) 100vw, 1170px\" class=\"no-lazyload\" width=\"2000\" height=\"1500\"   \/><\/a><\/div>\n<p>La cuesti\u00f3n ahora es cu\u00e1nto tiempo puede durar este consumo conspicuo. Flavio Cereda, analista de Jefferies, dijo que, aunque los resultados de LVMH fueron positivos, todav\u00eda hay incertidumbre sobre la trayectoria a seguir.<\/p>\n","protected":false},"excerpt":{"rendered":"<p>El salto en las ventas reportado por LVMH, el propietario de Louis Vuitton y Christian Dior, sugiere que al menos un segmento de la econom\u00eda sigue siendo inmune a las crisis que asaltan a los minoristas: los art\u00edculos de lujo. Las oscilaciones de los mercados, el aumento de la inflaci\u00f3n y el aumento de la&hellip;<\/p>\n","protected":false},"author":10,"featured_media":29300,"comment_status":"open","ping_status":"open","sticky":false,"template":"","format":"standard","meta":{"_jetpack_newsletter_access":"","_jetpack_dont_email_post_to_subs":false,"_jetpack_newsletter_tier_id":0,"_jetpack_memberships_contains_paywalled_content":false,"_jetpack_feature_clip_id":0,"_jetpack_memberships_contains_paid_content":false,"footnotes":"","jetpack_publicize_message":"No hay recesi\u00f3n en el sector del lujo: las ventas de Dior y Mercedes se disparan\r\n\r\nEl salto en las ventas reportado por LVMH, el propietario de Louis Vuitton y Christian Dior, sugiere que al menos un segmento de la econom\u00eda sigue siendo inmune a las crisis que asaltan a los minoristas: los art\u00edculos de lujo.\r\n\r\nLas oscilaciones de los mercados, el aumento de la inflaci\u00f3n y el aumento de la incertidumbre econ\u00f3mica no han impedido la demanda de bolsos, relojes, joyas y coches por parte de los m\u00e1s adinerados. As\u00ed lo demuestra el aumento del 22% de las ventas de moda y marroquiner\u00eda de LVMH en el \u00faltimo trimestre.\r\n\r\n#econom\u00eda #lujo #luxonomy","jetpack_publicize_feature_enabled":true,"jetpack_social_post_already_shared":true,"jetpack_social_options":{"image_generator_settings":{"template":"edge","default_image_id":0,"font":"","enabled":false},"version":2},"jetpack_post_was_ever_published":false},"categories":[1128],"tags":[552],"thb-sponsors":[],"class_list":["post-29298","post","type-post","status-publish","format-standard","has-post-thumbnail","hentry","category-economia","tag-economia"],"yoast_head":"<!-- This site is optimized with the Yoast SEO plugin v28.4 - https:\/\/yoast.com\/product\/yoast-seo-wordpress\/ -->\n<title>No hay recesi\u00f3n en el sector del lujo: las ventas de Dior y Mercedes se disparan | LUXONOMY<\/title>\n<meta name=\"robots\" content=\"index, follow, max-snippet:-1, max-image-preview:large, max-video-preview:-1\" \/>\n<link rel=\"canonical\" href=\"https:\/\/luxonomy.net\/es\/no-hay-recesion-en-el-sector-del-lujo-las-ventas-de-dior-y-mercedes-se-disparan\/\" \/>\n<meta property=\"og:locale\" content=\"es_ES\" \/>\n<meta property=\"og:type\" content=\"article\" \/>\n<meta property=\"og:title\" content=\"No hay recesi\u00f3n en el sector del lujo: las ventas de Dior y Mercedes se disparan | LUXONOMY\" \/>\n<meta property=\"og:description\" content=\"El salto en las ventas reportado por LVMH, el propietario de Louis Vuitton y Christian Dior, sugiere que al menos un segmento de la econom\u00eda sigue siendo inmune a las crisis que asaltan a los minoristas: los art\u00edculos de lujo. Las oscilaciones de los mercados, el aumento de la inflaci\u00f3n y el aumento de la&hellip;\" \/>\n<meta property=\"og:url\" content=\"https:\/\/luxonomy.net\/es\/no-hay-recesion-en-el-sector-del-lujo-las-ventas-de-dior-y-mercedes-se-disparan\/\" \/>\n<meta property=\"og:site_name\" content=\"LUXONOMY\" \/>\n<meta property=\"article:publisher\" content=\"https:\/\/www.facebook.com\/luxonomy\" \/>\n<meta property=\"article:published_time\" content=\"2022-10-13T11:50:49+00:00\" \/>\n<meta property=\"og:image\" content=\"https:\/\/i0.wp.com\/luxonomy.net\/wp-content\/uploads\/2022\/10\/clientes-hacen-fila-para-entrar-en-una-tienda-de-lujo-Christian-Dior-SE-en-los-Campos-Eli%CC%81seos-en-Pari%CC%81s.jpg?fit=1440%2C961&quality=89&ssl=1\" \/>\n\t<meta property=\"og:image:width\" content=\"1440\" \/>\n\t<meta property=\"og:image:height\" content=\"961\" \/>\n\t<meta property=\"og:image:type\" content=\"image\/jpeg\" \/>\n<meta name=\"author\" content=\"Chiara Gabardi\" \/>\n<meta name=\"twitter:card\" content=\"summary_large_image\" \/>\n<meta name=\"twitter:label1\" content=\"Escrito por\" \/>\n\t<meta name=\"twitter:data1\" content=\"Chiara Gabardi\" \/>\n\t<meta name=\"twitter:label2\" content=\"Tiempo de lectura\" \/>\n\t<meta name=\"twitter:data2\" content=\"3 minutos\" \/>\n<script type=\"application\/ld+json\" class=\"yoast-schema-graph\">{\"@context\":\"https:\\\/\\\/schema.org\",\"@graph\":[{\"@type\":\"Article\",\"@id\":\"https:\\\/\\\/luxonomy.net\\\/es\\\/no-hay-recesion-en-el-sector-del-lujo-las-ventas-de-dior-y-mercedes-se-disparan\\\/#article\",\"isPartOf\":{\"@id\":\"https:\\\/\\\/luxonomy.net\\\/es\\\/no-hay-recesion-en-el-sector-del-lujo-las-ventas-de-dior-y-mercedes-se-disparan\\\/\"},\"author\":{\"name\":\"Chiara Gabardi\",\"@id\":\"https:\\\/\\\/luxonomy.net\\\/es\\\/#\\\/schema\\\/person\\\/9d526ffe93a0cc9cecc91760f49da3ef\"},\"headline\":\"No hay recesi\u00f3n en el sector del lujo: las ventas de Dior y Mercedes se disparan\",\"datePublished\":\"2022-10-13T11:50:49+00:00\",\"mainEntityOfPage\":{\"@id\":\"https:\\\/\\\/luxonomy.net\\\/es\\\/no-hay-recesion-en-el-sector-del-lujo-las-ventas-de-dior-y-mercedes-se-disparan\\\/\"},\"wordCount\":509,\"commentCount\":0,\"publisher\":{\"@id\":\"https:\\\/\\\/luxonomy.net\\\/es\\\/#organization\"},\"image\":{\"@id\":\"https:\\\/\\\/luxonomy.net\\\/es\\\/no-hay-recesion-en-el-sector-del-lujo-las-ventas-de-dior-y-mercedes-se-disparan\\\/#primaryimage\"},\"thumbnailUrl\":\"https:\\\/\\\/i0.wp.com\\\/luxonomy.net\\\/wp-content\\\/uploads\\\/2022\\\/10\\\/clientes-hacen-fila-para-entrar-en-una-tienda-de-lujo-Christian-Dior-SE-en-los-Campos-Eli%CC%81seos-en-Pari%CC%81s.jpg?fit=1440%2C961&ssl=1\",\"keywords\":[\"econom\u00eda\"],\"articleSection\":[\"Econom\u00eda\"],\"inLanguage\":\"es\",\"potentialAction\":[{\"@type\":\"CommentAction\",\"name\":\"Comment\",\"target\":[\"https:\\\/\\\/luxonomy.net\\\/es\\\/no-hay-recesion-en-el-sector-del-lujo-las-ventas-de-dior-y-mercedes-se-disparan\\\/#respond\"]}]},{\"@type\":\"WebPage\",\"@id\":\"https:\\\/\\\/luxonomy.net\\\/es\\\/no-hay-recesion-en-el-sector-del-lujo-las-ventas-de-dior-y-mercedes-se-disparan\\\/\",\"url\":\"https:\\\/\\\/luxonomy.net\\\/es\\\/no-hay-recesion-en-el-sector-del-lujo-las-ventas-de-dior-y-mercedes-se-disparan\\\/\",\"name\":\"No hay recesi\u00f3n en el sector del lujo: las ventas de Dior y Mercedes se disparan | LUXONOMY\",\"isPartOf\":{\"@id\":\"https:\\\/\\\/luxonomy.net\\\/es\\\/#website\"},\"primaryImageOfPage\":{\"@id\":\"https:\\\/\\\/luxonomy.net\\\/es\\\/no-hay-recesion-en-el-sector-del-lujo-las-ventas-de-dior-y-mercedes-se-disparan\\\/#primaryimage\"},\"image\":{\"@id\":\"https:\\\/\\\/luxonomy.net\\\/es\\\/no-hay-recesion-en-el-sector-del-lujo-las-ventas-de-dior-y-mercedes-se-disparan\\\/#primaryimage\"},\"thumbnailUrl\":\"https:\\\/\\\/i0.wp.com\\\/luxonomy.net\\\/wp-content\\\/uploads\\\/2022\\\/10\\\/clientes-hacen-fila-para-entrar-en-una-tienda-de-lujo-Christian-Dior-SE-en-los-Campos-Eli%CC%81seos-en-Pari%CC%81s.jpg?fit=1440%2C961&ssl=1\",\"datePublished\":\"2022-10-13T11:50:49+00:00\",\"breadcrumb\":{\"@id\":\"https:\\\/\\\/luxonomy.net\\\/es\\\/no-hay-recesion-en-el-sector-del-lujo-las-ventas-de-dior-y-mercedes-se-disparan\\\/#breadcrumb\"},\"inLanguage\":\"es\",\"potentialAction\":[{\"@type\":\"ReadAction\",\"target\":[\"https:\\\/\\\/luxonomy.net\\\/es\\\/no-hay-recesion-en-el-sector-del-lujo-las-ventas-de-dior-y-mercedes-se-disparan\\\/\"]}]},{\"@type\":\"ImageObject\",\"inLanguage\":\"es\",\"@id\":\"https:\\\/\\\/luxonomy.net\\\/es\\\/no-hay-recesion-en-el-sector-del-lujo-las-ventas-de-dior-y-mercedes-se-disparan\\\/#primaryimage\",\"url\":\"https:\\\/\\\/i0.wp.com\\\/luxonomy.net\\\/wp-content\\\/uploads\\\/2022\\\/10\\\/clientes-hacen-fila-para-entrar-en-una-tienda-de-lujo-Christian-Dior-SE-en-los-Campos-Eli%CC%81seos-en-Pari%CC%81s.jpg?fit=1440%2C961&ssl=1\",\"contentUrl\":\"https:\\\/\\\/i0.wp.com\\\/luxonomy.net\\\/wp-content\\\/uploads\\\/2022\\\/10\\\/clientes-hacen-fila-para-entrar-en-una-tienda-de-lujo-Christian-Dior-SE-en-los-Campos-Eli%CC%81seos-en-Pari%CC%81s.jpg?fit=1440%2C961&ssl=1\",\"width\":1440,\"height\":961},{\"@type\":\"BreadcrumbList\",\"@id\":\"https:\\\/\\\/luxonomy.net\\\/es\\\/no-hay-recesion-en-el-sector-del-lujo-las-ventas-de-dior-y-mercedes-se-disparan\\\/#breadcrumb\",\"itemListElement\":[{\"@type\":\"ListItem\",\"position\":1,\"name\":\"Portada\",\"item\":\"https:\\\/\\\/luxonomy.net\\\/es\\\/\"},{\"@type\":\"ListItem\",\"position\":2,\"name\":\"No hay recesi\u00f3n en el sector del lujo: las ventas de Dior y Mercedes se disparan\"}]},{\"@type\":\"WebSite\",\"@id\":\"https:\\\/\\\/luxonomy.net\\\/es\\\/#website\",\"url\":\"https:\\\/\\\/luxonomy.net\\\/es\\\/\",\"name\":\"LUXONOMY\",\"description\":\"The Economy of Fashion &amp; Luxury\",\"publisher\":{\"@id\":\"https:\\\/\\\/luxonomy.net\\\/es\\\/#organization\"},\"potentialAction\":[{\"@type\":\"SearchAction\",\"target\":{\"@type\":\"EntryPoint\",\"urlTemplate\":\"https:\\\/\\\/luxonomy.net\\\/es\\\/?s={search_term_string}\"},\"query-input\":{\"@type\":\"PropertyValueSpecification\",\"valueRequired\":true,\"valueName\":\"search_term_string\"}}],\"inLanguage\":\"es\"},{\"@type\":\"Organization\",\"@id\":\"https:\\\/\\\/luxonomy.net\\\/es\\\/#organization\",\"name\":\"LUXONOMY\",\"url\":\"https:\\\/\\\/luxonomy.net\\\/es\\\/\",\"logo\":{\"@type\":\"ImageObject\",\"inLanguage\":\"es\",\"@id\":\"https:\\\/\\\/luxonomy.net\\\/es\\\/#\\\/schema\\\/logo\\\/image\\\/\",\"url\":\"https:\\\/\\\/i2.wp.com\\\/luxonomy.net\\\/wp-content\\\/uploads\\\/2021\\\/09\\\/MOCKUP-TODOS-LUXONOMY.jpg?fit=1000%2C515&ssl=1\",\"contentUrl\":\"https:\\\/\\\/i2.wp.com\\\/luxonomy.net\\\/wp-content\\\/uploads\\\/2021\\\/09\\\/MOCKUP-TODOS-LUXONOMY.jpg?fit=1000%2C515&ssl=1\",\"width\":1000,\"height\":515,\"caption\":\"LUXONOMY\"},\"image\":{\"@id\":\"https:\\\/\\\/luxonomy.net\\\/es\\\/#\\\/schema\\\/logo\\\/image\\\/\"},\"sameAs\":[\"https:\\\/\\\/www.facebook.com\\\/luxonomy\",\"https:\\\/\\\/www.instagram.com\\\/luxonomy\\\/\",\"https:\\\/\\\/www.linkedin.com\\\/company\\\/luxonomy\\\/\"]},{\"@type\":\"Person\",\"@id\":\"https:\\\/\\\/luxonomy.net\\\/es\\\/#\\\/schema\\\/person\\\/9d526ffe93a0cc9cecc91760f49da3ef\",\"name\":\"Chiara Gabardi\",\"image\":{\"@type\":\"ImageObject\",\"inLanguage\":\"es\",\"@id\":\"https:\\\/\\\/luxonomy.net\\\/wp-content\\\/litespeed\\\/avatar\\\/548640c4e2c34544e66c65ab1641a5d7.jpg?ver=1787976300\",\"url\":\"https:\\\/\\\/luxonomy.net\\\/wp-content\\\/litespeed\\\/avatar\\\/548640c4e2c34544e66c65ab1641a5d7.jpg?ver=1787976300\",\"contentUrl\":\"https:\\\/\\\/luxonomy.net\\\/wp-content\\\/litespeed\\\/avatar\\\/548640c4e2c34544e66c65ab1641a5d7.jpg?ver=1787976300\",\"caption\":\"Chiara Gabardi\"},\"description\":\"Editor at LUXONOMY\u2122 Group\",\"url\":\"https:\\\/\\\/luxonomy.net\\\/es\\\/author\\\/chiara-gabardi\\\/\"}]}<\/script>\n<!-- \/ Yoast SEO plugin. -->","yoast_head_json":{"title":"No hay recesi\u00f3n en el sector del lujo: las ventas de Dior y Mercedes se disparan | LUXONOMY","robots":{"index":"index","follow":"follow","max-snippet":"max-snippet:-1","max-image-preview":"max-image-preview:large","max-video-preview":"max-video-preview:-1"},"canonical":"https:\/\/luxonomy.net\/es\/no-hay-recesion-en-el-sector-del-lujo-las-ventas-de-dior-y-mercedes-se-disparan\/","og_locale":"es_ES","og_type":"article","og_title":"No hay recesi\u00f3n en el sector del lujo: las ventas de Dior y Mercedes se disparan | LUXONOMY","og_description":"El salto en las ventas reportado por LVMH, el propietario de Louis Vuitton y Christian Dior, sugiere que al menos un segmento de la econom\u00eda sigue siendo inmune a las crisis que asaltan a los minoristas: los art\u00edculos de lujo. Las oscilaciones de los mercados, el aumento de la inflaci\u00f3n y el aumento de la&hellip;","og_url":"https:\/\/luxonomy.net\/es\/no-hay-recesion-en-el-sector-del-lujo-las-ventas-de-dior-y-mercedes-se-disparan\/","og_site_name":"LUXONOMY","article_publisher":"https:\/\/www.facebook.com\/luxonomy","article_published_time":"2022-10-13T11:50:49+00:00","og_image":[{"width":1440,"height":961,"url":"https:\/\/i0.wp.com\/luxonomy.net\/wp-content\/uploads\/2022\/10\/clientes-hacen-fila-para-entrar-en-una-tienda-de-lujo-Christian-Dior-SE-en-los-Campos-Eli%CC%81seos-en-Pari%CC%81s.jpg?fit=1440%2C961&quality=89&ssl=1","type":"image\/jpeg"}],"author":"Chiara Gabardi","twitter_card":"summary_large_image","twitter_misc":{"Escrito por":"Chiara Gabardi","Tiempo de lectura":"3 minutos"},"schema":{"@context":"https:\/\/schema.org","@graph":[{"@type":"Article","@id":"https:\/\/luxonomy.net\/es\/no-hay-recesion-en-el-sector-del-lujo-las-ventas-de-dior-y-mercedes-se-disparan\/#article","isPartOf":{"@id":"https:\/\/luxonomy.net\/es\/no-hay-recesion-en-el-sector-del-lujo-las-ventas-de-dior-y-mercedes-se-disparan\/"},"author":{"name":"Chiara Gabardi","@id":"https:\/\/luxonomy.net\/es\/#\/schema\/person\/9d526ffe93a0cc9cecc91760f49da3ef"},"headline":"No hay recesi\u00f3n en el sector del lujo: las ventas de Dior y Mercedes se disparan","datePublished":"2022-10-13T11:50:49+00:00","mainEntityOfPage":{"@id":"https:\/\/luxonomy.net\/es\/no-hay-recesion-en-el-sector-del-lujo-las-ventas-de-dior-y-mercedes-se-disparan\/"},"wordCount":509,"commentCount":0,"publisher":{"@id":"https:\/\/luxonomy.net\/es\/#organization"},"image":{"@id":"https:\/\/luxonomy.net\/es\/no-hay-recesion-en-el-sector-del-lujo-las-ventas-de-dior-y-mercedes-se-disparan\/#primaryimage"},"thumbnailUrl":"https:\/\/i0.wp.com\/luxonomy.net\/wp-content\/uploads\/2022\/10\/clientes-hacen-fila-para-entrar-en-una-tienda-de-lujo-Christian-Dior-SE-en-los-Campos-Eli%CC%81seos-en-Pari%CC%81s.jpg?fit=1440%2C961&ssl=1","keywords":["econom\u00eda"],"articleSection":["Econom\u00eda"],"inLanguage":"es","potentialAction":[{"@type":"CommentAction","name":"Comment","target":["https:\/\/luxonomy.net\/es\/no-hay-recesion-en-el-sector-del-lujo-las-ventas-de-dior-y-mercedes-se-disparan\/#respond"]}]},{"@type":"WebPage","@id":"https:\/\/luxonomy.net\/es\/no-hay-recesion-en-el-sector-del-lujo-las-ventas-de-dior-y-mercedes-se-disparan\/","url":"https:\/\/luxonomy.net\/es\/no-hay-recesion-en-el-sector-del-lujo-las-ventas-de-dior-y-mercedes-se-disparan\/","name":"No hay recesi\u00f3n en el sector del lujo: las ventas de Dior y Mercedes se disparan | LUXONOMY","isPartOf":{"@id":"https:\/\/luxonomy.net\/es\/#website"},"primaryImageOfPage":{"@id":"https:\/\/luxonomy.net\/es\/no-hay-recesion-en-el-sector-del-lujo-las-ventas-de-dior-y-mercedes-se-disparan\/#primaryimage"},"image":{"@id":"https:\/\/luxonomy.net\/es\/no-hay-recesion-en-el-sector-del-lujo-las-ventas-de-dior-y-mercedes-se-disparan\/#primaryimage"},"thumbnailUrl":"https:\/\/i0.wp.com\/luxonomy.net\/wp-content\/uploads\/2022\/10\/clientes-hacen-fila-para-entrar-en-una-tienda-de-lujo-Christian-Dior-SE-en-los-Campos-Eli%CC%81seos-en-Pari%CC%81s.jpg?fit=1440%2C961&ssl=1","datePublished":"2022-10-13T11:50:49+00:00","breadcrumb":{"@id":"https:\/\/luxonomy.net\/es\/no-hay-recesion-en-el-sector-del-lujo-las-ventas-de-dior-y-mercedes-se-disparan\/#breadcrumb"},"inLanguage":"es","potentialAction":[{"@type":"ReadAction","target":["https:\/\/luxonomy.net\/es\/no-hay-recesion-en-el-sector-del-lujo-las-ventas-de-dior-y-mercedes-se-disparan\/"]}]},{"@type":"ImageObject","inLanguage":"es","@id":"https:\/\/luxonomy.net\/es\/no-hay-recesion-en-el-sector-del-lujo-las-ventas-de-dior-y-mercedes-se-disparan\/#primaryimage","url":"https:\/\/i0.wp.com\/luxonomy.net\/wp-content\/uploads\/2022\/10\/clientes-hacen-fila-para-entrar-en-una-tienda-de-lujo-Christian-Dior-SE-en-los-Campos-Eli%CC%81seos-en-Pari%CC%81s.jpg?fit=1440%2C961&ssl=1","contentUrl":"https:\/\/i0.wp.com\/luxonomy.net\/wp-content\/uploads\/2022\/10\/clientes-hacen-fila-para-entrar-en-una-tienda-de-lujo-Christian-Dior-SE-en-los-Campos-Eli%CC%81seos-en-Pari%CC%81s.jpg?fit=1440%2C961&ssl=1","width":1440,"height":961},{"@type":"BreadcrumbList","@id":"https:\/\/luxonomy.net\/es\/no-hay-recesion-en-el-sector-del-lujo-las-ventas-de-dior-y-mercedes-se-disparan\/#breadcrumb","itemListElement":[{"@type":"ListItem","position":1,"name":"Portada","item":"https:\/\/luxonomy.net\/es\/"},{"@type":"ListItem","position":2,"name":"No hay recesi\u00f3n en el sector del lujo: las ventas de Dior y Mercedes se disparan"}]},{"@type":"WebSite","@id":"https:\/\/luxonomy.net\/es\/#website","url":"https:\/\/luxonomy.net\/es\/","name":"LUXONOMY","description":"The Economy of Fashion &amp; Luxury","publisher":{"@id":"https:\/\/luxonomy.net\/es\/#organization"},"potentialAction":[{"@type":"SearchAction","target":{"@type":"EntryPoint","urlTemplate":"https:\/\/luxonomy.net\/es\/?s={search_term_string}"},"query-input":{"@type":"PropertyValueSpecification","valueRequired":true,"valueName":"search_term_string"}}],"inLanguage":"es"},{"@type":"Organization","@id":"https:\/\/luxonomy.net\/es\/#organization","name":"LUXONOMY","url":"https:\/\/luxonomy.net\/es\/","logo":{"@type":"ImageObject","inLanguage":"es","@id":"https:\/\/luxonomy.net\/es\/#\/schema\/logo\/image\/","url":"https:\/\/i2.wp.com\/luxonomy.net\/wp-content\/uploads\/2021\/09\/MOCKUP-TODOS-LUXONOMY.jpg?fit=1000%2C515&ssl=1","contentUrl":"https:\/\/i2.wp.com\/luxonomy.net\/wp-content\/uploads\/2021\/09\/MOCKUP-TODOS-LUXONOMY.jpg?fit=1000%2C515&ssl=1","width":1000,"height":515,"caption":"LUXONOMY"},"image":{"@id":"https:\/\/luxonomy.net\/es\/#\/schema\/logo\/image\/"},"sameAs":["https:\/\/www.facebook.com\/luxonomy","https:\/\/www.instagram.com\/luxonomy\/","https:\/\/www.linkedin.com\/company\/luxonomy\/"]},{"@type":"Person","@id":"https:\/\/luxonomy.net\/es\/#\/schema\/person\/9d526ffe93a0cc9cecc91760f49da3ef","name":"Chiara Gabardi","image":{"@type":"ImageObject","inLanguage":"es","@id":"https:\/\/luxonomy.net\/wp-content\/litespeed\/avatar\/548640c4e2c34544e66c65ab1641a5d7.jpg?ver=1787976300","url":"https:\/\/luxonomy.net\/wp-content\/litespeed\/avatar\/548640c4e2c34544e66c65ab1641a5d7.jpg?ver=1787976300","contentUrl":"https:\/\/luxonomy.net\/wp-content\/litespeed\/avatar\/548640c4e2c34544e66c65ab1641a5d7.jpg?ver=1787976300","caption":"Chiara Gabardi"},"description":"Editor at LUXONOMY\u2122 Group","url":"https:\/\/luxonomy.net\/es\/author\/chiara-gabardi\/"}]}},"jetpack_publicize_connections":[],"jetpack_shortlink":"https:\/\/wp.me\/paPhBa-7Cy","jetpack_sharing_enabled":true,"jetpack_featured_media_url":"https:\/\/i0.wp.com\/luxonomy.net\/wp-content\/uploads\/2022\/10\/clientes-hacen-fila-para-entrar-en-una-tienda-de-lujo-Christian-Dior-SE-en-los-Campos-Eli%CC%81seos-en-Pari%CC%81s.jpg?fit=1440%2C961&ssl=1","_links":{"self":[{"href":"https:\/\/luxonomy.net\/es\/wp-json\/wp\/v2\/posts\/29298","targetHints":{"allow":["GET"]}}],"collection":[{"href":"https:\/\/luxonomy.net\/es\/wp-json\/wp\/v2\/posts"}],"about":[{"href":"https:\/\/luxonomy.net\/es\/wp-json\/wp\/v2\/types\/post"}],"author":[{"embeddable":true,"href":"https:\/\/luxonomy.net\/es\/wp-json\/wp\/v2\/users\/10"}],"replies":[{"embeddable":true,"href":"https:\/\/luxonomy.net\/es\/wp-json\/wp\/v2\/comments?post=29298"}],"version-history":[{"count":2,"href":"https:\/\/luxonomy.net\/es\/wp-json\/wp\/v2\/posts\/29298\/revisions"}],"predecessor-version":[{"id":29302,"href":"https:\/\/luxonomy.net\/es\/wp-json\/wp\/v2\/posts\/29298\/revisions\/29302"}],"wp:featuredmedia":[{"embeddable":true,"href":"https:\/\/luxonomy.net\/es\/wp-json\/wp\/v2\/media\/29300"}],"wp:attachment":[{"href":"https:\/\/luxonomy.net\/es\/wp-json\/wp\/v2\/media?parent=29298"}],"wp:term":[{"taxonomy":"category","embeddable":true,"href":"https:\/\/luxonomy.net\/es\/wp-json\/wp\/v2\/categories?post=29298"},{"taxonomy":"post_tag","embeddable":true,"href":"https:\/\/luxonomy.net\/es\/wp-json\/wp\/v2\/tags?post=29298"},{"taxonomy":"thb-sponsors","embeddable":true,"href":"https:\/\/luxonomy.net\/es\/wp-json\/wp\/v2\/thb-sponsors?post=29298"}],"curies":[{"name":"wp","href":"https:\/\/api.w.org\/{rel}","templated":true}]}}