{"id":29246,"date":"2022-10-09T14:59:05","date_gmt":"2022-10-09T12:59:05","guid":{"rendered":"https:\/?p=29246"},"modified":"2022-10-09T15:21:55","modified_gmt":"2022-10-09T13:21:55","slug":"vatican-mall-el-controvertido-centro-comercial-de-lujo-del-vaticano","status":"publish","type":"post","link":"https:\/\/luxonomy.net\/es\/vatican-mall-el-controvertido-centro-comercial-de-lujo-del-vaticano\/","title":{"rendered":"Vatican Mall el controvertido Centro Comercial de Lujo del Vaticano"},"content":{"rendered":"<p><strong>El debate est\u00e1 abierto.<\/strong> <strong>Vatican Mall<\/strong> abrir\u00e1 en <strong>noviembre<\/strong> en una propiedad del Vaticano y contar\u00e1 con <strong>decenas de tiendas de exclusivas marcas de lujo<\/strong>. Se trata de un proyecto ambicioso ubicado dentro de la<strong>\u00a0Terminal del Vaticano<\/strong>, adyacente a la <strong>Plaza de San Pedro<\/strong>.<\/p>\n<p>Muchos critican que a pocos metros de la plaza de San Pedro y donde cada noche duermen decenas de personas sin hogar <b>surja un centro comercial con \u00absolo las mejores marcas nacionales e internacionales<\/b>\u00bb y que garantiza que los productos estar\u00e1n \u00ablibres de impuestos\u00bb para los ciudadanos de fuera de la UE, seg\u00fan indica en su p\u00e1gina web.<\/p>\n<p>El s\u00edmbolo del centro comercial para atraer a los turistas no deja dudas:\u00a0<b>la silueta de la Bas\u00edlica de San Pedro<\/b>, con la columnata de Bernini, y una frase escrita que es un reclamo del Vaticano: Vatican Mall.<\/p><div id=\"luxon-1971292593\" class=\"luxon-3er-parrafo luxon-entity-placement\" style=\"margin-top: 20px;margin-bottom: 20px;margin-left: auto;margin-right: auto;text-align: center;\"><a href=\"https:\/\/luxonomy.university\/course\/master-turismo-de-lujo\" target=\"_blank\" aria-label=\"master-turismo-lujo-2026-2027\"><img loading=\"lazy\" decoding=\"async\" src=\"https:\/\/i0.wp.com\/luxonomy.net\/wp-content\/uploads\/2020\/07\/master-turismo-lujo-2026-2027.jpg?fit=1672%2C941&#038;ssl=1\" alt=\"\"  srcset=\"https:\/\/i0.wp.com\/luxonomy.net\/wp-content\/uploads\/2020\/07\/master-turismo-lujo-2026-2027.jpg?w=1672&ssl=1 1672w, https:\/\/i0.wp.com\/luxonomy.net\/wp-content\/uploads\/2020\/07\/master-turismo-lujo-2026-2027.jpg?resize=300%2C169&ssl=1 300w, https:\/\/i0.wp.com\/luxonomy.net\/wp-content\/uploads\/2020\/07\/master-turismo-lujo-2026-2027.jpg?resize=1024%2C576&ssl=1 1024w, https:\/\/i0.wp.com\/luxonomy.net\/wp-content\/uploads\/2020\/07\/master-turismo-lujo-2026-2027.jpg?resize=768%2C432&ssl=1 768w, https:\/\/i0.wp.com\/luxonomy.net\/wp-content\/uploads\/2020\/07\/master-turismo-lujo-2026-2027.jpg?resize=1536%2C864&ssl=1 1536w, https:\/\/i0.wp.com\/luxonomy.net\/wp-content\/uploads\/2020\/07\/master-turismo-lujo-2026-2027.jpg?resize=370%2C208&ssl=1 370w, https:\/\/i0.wp.com\/luxonomy.net\/wp-content\/uploads\/2020\/07\/master-turismo-lujo-2026-2027.jpg?resize=800%2C450&ssl=1 800w, https:\/\/i0.wp.com\/luxonomy.net\/wp-content\/uploads\/2020\/07\/master-turismo-lujo-2026-2027.jpg?resize=20%2C11&ssl=1 20w, https:\/\/i0.wp.com\/luxonomy.net\/wp-content\/uploads\/2020\/07\/master-turismo-lujo-2026-2027.jpg?resize=740%2C416&ssl=1 740w, https:\/\/i0.wp.com\/luxonomy.net\/wp-content\/uploads\/2020\/07\/master-turismo-lujo-2026-2027.jpg?resize=1600%2C900&ssl=1 1600w, https:\/\/i0.wp.com\/luxonomy.net\/wp-content\/uploads\/2020\/07\/master-turismo-lujo-2026-2027.jpg?resize=1200%2C675&ssl=1 1200w, https:\/\/i0.wp.com\/luxonomy.net\/wp-content\/uploads\/2020\/07\/master-turismo-lujo-2026-2027.jpg?resize=85%2C48&ssl=1 85w\" sizes=\"(max-width: 1170px) 100vw, 1170px\" class=\"no-lazyload\" width=\"1672\" height=\"941\"   \/><\/a><\/div>\n<p>Para este proyecto, aseguran los medios italianos, se ha contado con el aval del\u00a0<b>cardenal filipino Luis Antonio Tagle<\/b>, que tambi\u00e9n es presidente de\u00a0<b>Caritas Internationalis<\/b>\u00a0y prefecto de la ex\u00a0<b>Propaganda Fide<\/b>, actualmente englobada en el ministerio para la Evangelizaci\u00f3n, presidido por el papa, seg\u00fan la \u00faltima reforma.<\/p>\n<p>Desde la sociedad gestora del Centro Comercial <strong>Galak<\/strong> explican que la inauguraci\u00f3n est\u00e1 prevista para noviembre: ser\u00e1 uno de los alicientes tur\u00edsticos para el <strong>Jubileo<\/strong> que la Iglesia cat\u00f3lica celebrar\u00e1 en<strong> Roma en 2025<\/strong> y en el que se esperan millones de peregrinos.<\/p>\n<p>Seg\u00fan se describe en la <a href=\"https:\/\/www.vaticanmall.net\/\" target=\"_blank\" rel=\"noopener\"><strong>p\u00e1gina web<\/strong><\/a>, el centro comercial contar\u00e1 con \u00ab57 tiendas que acoger\u00e1n una selecci\u00f3n de marcas made in Italy e internacionales con un fuerte esp\u00edritu creativo y artesanal, desde la ropa hasta los accesorios y el calzado, pasando por la joyer\u00eda, las creaciones para el hogar, los cosm\u00e9ticos e incluso la comida y el vino en el pabell\u00f3n gastron\u00f3mico\u00bb.<\/p>\n","protected":false},"excerpt":{"rendered":"<p>El debate est\u00e1 abierto. Vatican Mall abrir\u00e1 en noviembre en una propiedad del Vaticano y contar\u00e1 con decenas de tiendas de exclusivas marcas de lujo. Se trata de un proyecto ambicioso ubicado dentro de la\u00a0Terminal del Vaticano, adyacente a la Plaza de San Pedro. Muchos critican que a pocos metros de la plaza de San&hellip;<\/p>\n","protected":false},"author":10,"featured_media":29248,"comment_status":"open","ping_status":"open","sticky":false,"template":"","format":"standard","meta":{"_jetpack_newsletter_access":"","_jetpack_dont_email_post_to_subs":false,"_jetpack_newsletter_tier_id":0,"_jetpack_memberships_contains_paywalled_content":false,"_jetpack_feature_clip_id":0,"_jetpack_memberships_contains_paid_content":false,"footnotes":"","jetpack_publicize_message":"Vatican Mall el controvertido Centro Comercial de Lujo del Vaticano\r\n\r\nEl debate est\u00e1 abierto. Vatican Mall abrir\u00e1 en noviembre en una propiedad del Vaticano y contar\u00e1 con decenas de tiendas de exclusivas marcas de lujo. Se trata de un proyecto ambicioso ubicado dentro de la\u00a0Terminal del Vaticano, adyacente a la Plaza de San Pedro.\r\n\r\n#econom\u00eda #lujo","jetpack_publicize_feature_enabled":true,"jetpack_social_post_already_shared":true,"jetpack_social_options":{"image_generator_settings":{"template":"edge","default_image_id":0,"font":"","enabled":false},"version":2},"jetpack_post_was_ever_published":false},"categories":[1672,1128],"tags":[635,552,1790],"thb-sponsors":[],"class_list":["post-29246","post","type-post","status-publish","format-standard","has-post-thumbnail","hentry","category-actualidad","category-economia","tag-actualidad","tag-economia","tag-vaticano"],"yoast_head":"<!-- This site is optimized with the Yoast SEO plugin v28.4 - https:\/\/yoast.com\/product\/yoast-seo-wordpress\/ -->\n<title>Vatican Mall el controvertido Centro Comercial de Lujo del Vaticano | LUXONOMY<\/title>\n<meta name=\"robots\" content=\"index, follow, max-snippet:-1, max-image-preview:large, max-video-preview:-1\" \/>\n<link rel=\"canonical\" href=\"https:\/\/luxonomy.net\/es\/vatican-mall-el-controvertido-centro-comercial-de-lujo-del-vaticano\/\" \/>\n<meta property=\"og:locale\" content=\"es_ES\" \/>\n<meta property=\"og:type\" content=\"article\" \/>\n<meta property=\"og:title\" content=\"Vatican Mall el controvertido Centro Comercial de Lujo del Vaticano | LUXONOMY\" \/>\n<meta property=\"og:description\" content=\"El debate est\u00e1 abierto. Vatican Mall abrir\u00e1 en noviembre en una propiedad del Vaticano y contar\u00e1 con decenas de tiendas de exclusivas marcas de lujo. Se trata de un proyecto ambicioso ubicado dentro de la\u00a0Terminal del Vaticano, adyacente a la Plaza de San Pedro. Muchos critican que a pocos metros de la plaza de San&hellip;\" \/>\n<meta property=\"og:url\" content=\"https:\/\/luxonomy.net\/es\/vatican-mall-el-controvertido-centro-comercial-de-lujo-del-vaticano\/\" \/>\n<meta property=\"og:site_name\" content=\"LUXONOMY\" \/>\n<meta property=\"article:publisher\" content=\"https:\/\/www.facebook.com\/luxonomy\" \/>\n<meta property=\"article:published_time\" content=\"2022-10-09T12:59:05+00:00\" \/>\n<meta property=\"article:modified_time\" content=\"2022-10-09T13:21:55+00:00\" \/>\n<meta property=\"og:image\" content=\"https:\/\/i0.wp.com\/luxonomy.net\/wp-content\/uploads\/2022\/10\/Vatican-Mall-el-controvertido-Centro-Comercial-de-Lujo-del-Vaticano.webp?fit=1200%2C630&quality=80&ssl=1\" \/>\n\t<meta property=\"og:image:width\" content=\"1200\" \/>\n\t<meta property=\"og:image:height\" content=\"630\" \/>\n\t<meta property=\"og:image:type\" content=\"image\/webp\" \/>\n<meta name=\"author\" content=\"Chiara Gabardi\" \/>\n<meta name=\"twitter:card\" content=\"summary_large_image\" \/>\n<meta name=\"twitter:label1\" content=\"Escrito por\" \/>\n\t<meta name=\"twitter:data1\" content=\"Chiara Gabardi\" \/>\n\t<meta name=\"twitter:label2\" content=\"Tiempo de lectura\" \/>\n\t<meta name=\"twitter:data2\" content=\"2 minutos\" \/>\n<script type=\"application\/ld+json\" class=\"yoast-schema-graph\">{\"@context\":\"https:\\\/\\\/schema.org\",\"@graph\":[{\"@type\":\"Article\",\"@id\":\"https:\\\/\\\/luxonomy.net\\\/es\\\/vatican-mall-el-controvertido-centro-comercial-de-lujo-del-vaticano\\\/#article\",\"isPartOf\":{\"@id\":\"https:\\\/\\\/luxonomy.net\\\/es\\\/vatican-mall-el-controvertido-centro-comercial-de-lujo-del-vaticano\\\/\"},\"author\":{\"name\":\"Chiara Gabardi\",\"@id\":\"https:\\\/\\\/luxonomy.net\\\/es\\\/#\\\/schema\\\/person\\\/9d526ffe93a0cc9cecc91760f49da3ef\"},\"headline\":\"Vatican Mall el controvertido Centro Comercial de Lujo del Vaticano\",\"datePublished\":\"2022-10-09T12:59:05+00:00\",\"dateModified\":\"2022-10-09T13:21:55+00:00\",\"mainEntityOfPage\":{\"@id\":\"https:\\\/\\\/luxonomy.net\\\/es\\\/vatican-mall-el-controvertido-centro-comercial-de-lujo-del-vaticano\\\/\"},\"wordCount\":324,\"commentCount\":0,\"publisher\":{\"@id\":\"https:\\\/\\\/luxonomy.net\\\/es\\\/#organization\"},\"image\":{\"@id\":\"https:\\\/\\\/luxonomy.net\\\/es\\\/vatican-mall-el-controvertido-centro-comercial-de-lujo-del-vaticano\\\/#primaryimage\"},\"thumbnailUrl\":\"https:\\\/\\\/i0.wp.com\\\/luxonomy.net\\\/wp-content\\\/uploads\\\/2022\\\/10\\\/Vatican-Mall-el-controvertido-Centro-Comercial-de-Lujo-del-Vaticano.webp?fit=1200%2C630&ssl=1\",\"keywords\":[\"actualidad\",\"econom\u00eda\",\"Vaticano\"],\"articleSection\":[\"Actualidad\",\"Econom\u00eda\"],\"inLanguage\":\"es\",\"potentialAction\":[{\"@type\":\"CommentAction\",\"name\":\"Comment\",\"target\":[\"https:\\\/\\\/luxonomy.net\\\/es\\\/vatican-mall-el-controvertido-centro-comercial-de-lujo-del-vaticano\\\/#respond\"]}]},{\"@type\":\"WebPage\",\"@id\":\"https:\\\/\\\/luxonomy.net\\\/es\\\/vatican-mall-el-controvertido-centro-comercial-de-lujo-del-vaticano\\\/\",\"url\":\"https:\\\/\\\/luxonomy.net\\\/es\\\/vatican-mall-el-controvertido-centro-comercial-de-lujo-del-vaticano\\\/\",\"name\":\"Vatican Mall el controvertido Centro Comercial de Lujo del Vaticano | LUXONOMY\",\"isPartOf\":{\"@id\":\"https:\\\/\\\/luxonomy.net\\\/es\\\/#website\"},\"primaryImageOfPage\":{\"@id\":\"https:\\\/\\\/luxonomy.net\\\/es\\\/vatican-mall-el-controvertido-centro-comercial-de-lujo-del-vaticano\\\/#primaryimage\"},\"image\":{\"@id\":\"https:\\\/\\\/luxonomy.net\\\/es\\\/vatican-mall-el-controvertido-centro-comercial-de-lujo-del-vaticano\\\/#primaryimage\"},\"thumbnailUrl\":\"https:\\\/\\\/i0.wp.com\\\/luxonomy.net\\\/wp-content\\\/uploads\\\/2022\\\/10\\\/Vatican-Mall-el-controvertido-Centro-Comercial-de-Lujo-del-Vaticano.webp?fit=1200%2C630&ssl=1\",\"datePublished\":\"2022-10-09T12:59:05+00:00\",\"dateModified\":\"2022-10-09T13:21:55+00:00\",\"breadcrumb\":{\"@id\":\"https:\\\/\\\/luxonomy.net\\\/es\\\/vatican-mall-el-controvertido-centro-comercial-de-lujo-del-vaticano\\\/#breadcrumb\"},\"inLanguage\":\"es\",\"potentialAction\":[{\"@type\":\"ReadAction\",\"target\":[\"https:\\\/\\\/luxonomy.net\\\/es\\\/vatican-mall-el-controvertido-centro-comercial-de-lujo-del-vaticano\\\/\"]}]},{\"@type\":\"ImageObject\",\"inLanguage\":\"es\",\"@id\":\"https:\\\/\\\/luxonomy.net\\\/es\\\/vatican-mall-el-controvertido-centro-comercial-de-lujo-del-vaticano\\\/#primaryimage\",\"url\":\"https:\\\/\\\/i0.wp.com\\\/luxonomy.net\\\/wp-content\\\/uploads\\\/2022\\\/10\\\/Vatican-Mall-el-controvertido-Centro-Comercial-de-Lujo-del-Vaticano.webp?fit=1200%2C630&ssl=1\",\"contentUrl\":\"https:\\\/\\\/i0.wp.com\\\/luxonomy.net\\\/wp-content\\\/uploads\\\/2022\\\/10\\\/Vatican-Mall-el-controvertido-Centro-Comercial-de-Lujo-del-Vaticano.webp?fit=1200%2C630&ssl=1\",\"width\":1200,\"height\":630},{\"@type\":\"BreadcrumbList\",\"@id\":\"https:\\\/\\\/luxonomy.net\\\/es\\\/vatican-mall-el-controvertido-centro-comercial-de-lujo-del-vaticano\\\/#breadcrumb\",\"itemListElement\":[{\"@type\":\"ListItem\",\"position\":1,\"name\":\"Portada\",\"item\":\"https:\\\/\\\/luxonomy.net\\\/es\\\/\"},{\"@type\":\"ListItem\",\"position\":2,\"name\":\"Vatican Mall el controvertido Centro Comercial de Lujo del Vaticano\"}]},{\"@type\":\"WebSite\",\"@id\":\"https:\\\/\\\/luxonomy.net\\\/es\\\/#website\",\"url\":\"https:\\\/\\\/luxonomy.net\\\/es\\\/\",\"name\":\"LUXONOMY\",\"description\":\"The Economy of Fashion &amp; Luxury\",\"publisher\":{\"@id\":\"https:\\\/\\\/luxonomy.net\\\/es\\\/#organization\"},\"potentialAction\":[{\"@type\":\"SearchAction\",\"target\":{\"@type\":\"EntryPoint\",\"urlTemplate\":\"https:\\\/\\\/luxonomy.net\\\/es\\\/?s={search_term_string}\"},\"query-input\":{\"@type\":\"PropertyValueSpecification\",\"valueRequired\":true,\"valueName\":\"search_term_string\"}}],\"inLanguage\":\"es\"},{\"@type\":\"Organization\",\"@id\":\"https:\\\/\\\/luxonomy.net\\\/es\\\/#organization\",\"name\":\"LUXONOMY\",\"url\":\"https:\\\/\\\/luxonomy.net\\\/es\\\/\",\"logo\":{\"@type\":\"ImageObject\",\"inLanguage\":\"es\",\"@id\":\"https:\\\/\\\/luxonomy.net\\\/es\\\/#\\\/schema\\\/logo\\\/image\\\/\",\"url\":\"https:\\\/\\\/i2.wp.com\\\/luxonomy.net\\\/wp-content\\\/uploads\\\/2021\\\/09\\\/MOCKUP-TODOS-LUXONOMY.jpg?fit=1000%2C515&ssl=1\",\"contentUrl\":\"https:\\\/\\\/i2.wp.com\\\/luxonomy.net\\\/wp-content\\\/uploads\\\/2021\\\/09\\\/MOCKUP-TODOS-LUXONOMY.jpg?fit=1000%2C515&ssl=1\",\"width\":1000,\"height\":515,\"caption\":\"LUXONOMY\"},\"image\":{\"@id\":\"https:\\\/\\\/luxonomy.net\\\/es\\\/#\\\/schema\\\/logo\\\/image\\\/\"},\"sameAs\":[\"https:\\\/\\\/www.facebook.com\\\/luxonomy\",\"https:\\\/\\\/www.instagram.com\\\/luxonomy\\\/\",\"https:\\\/\\\/www.linkedin.com\\\/company\\\/luxonomy\\\/\"]},{\"@type\":\"Person\",\"@id\":\"https:\\\/\\\/luxonomy.net\\\/es\\\/#\\\/schema\\\/person\\\/9d526ffe93a0cc9cecc91760f49da3ef\",\"name\":\"Chiara Gabardi\",\"image\":{\"@type\":\"ImageObject\",\"inLanguage\":\"es\",\"@id\":\"https:\\\/\\\/luxonomy.net\\\/wp-content\\\/litespeed\\\/avatar\\\/548640c4e2c34544e66c65ab1641a5d7.jpg?ver=1787976300\",\"url\":\"https:\\\/\\\/luxonomy.net\\\/wp-content\\\/litespeed\\\/avatar\\\/548640c4e2c34544e66c65ab1641a5d7.jpg?ver=1787976300\",\"contentUrl\":\"https:\\\/\\\/luxonomy.net\\\/wp-content\\\/litespeed\\\/avatar\\\/548640c4e2c34544e66c65ab1641a5d7.jpg?ver=1787976300\",\"caption\":\"Chiara Gabardi\"},\"description\":\"Editor at LUXONOMY\u2122 Group\",\"url\":\"https:\\\/\\\/luxonomy.net\\\/es\\\/author\\\/chiara-gabardi\\\/\"}]}<\/script>\n<!-- \/ Yoast SEO plugin. -->","yoast_head_json":{"title":"Vatican Mall el controvertido Centro Comercial de Lujo del Vaticano | LUXONOMY","robots":{"index":"index","follow":"follow","max-snippet":"max-snippet:-1","max-image-preview":"max-image-preview:large","max-video-preview":"max-video-preview:-1"},"canonical":"https:\/\/luxonomy.net\/es\/vatican-mall-el-controvertido-centro-comercial-de-lujo-del-vaticano\/","og_locale":"es_ES","og_type":"article","og_title":"Vatican Mall el controvertido Centro Comercial de Lujo del Vaticano | LUXONOMY","og_description":"El debate est\u00e1 abierto. Vatican Mall abrir\u00e1 en noviembre en una propiedad del Vaticano y contar\u00e1 con decenas de tiendas de exclusivas marcas de lujo. Se trata de un proyecto ambicioso ubicado dentro de la\u00a0Terminal del Vaticano, adyacente a la Plaza de San Pedro. Muchos critican que a pocos metros de la plaza de San&hellip;","og_url":"https:\/\/luxonomy.net\/es\/vatican-mall-el-controvertido-centro-comercial-de-lujo-del-vaticano\/","og_site_name":"LUXONOMY","article_publisher":"https:\/\/www.facebook.com\/luxonomy","article_published_time":"2022-10-09T12:59:05+00:00","article_modified_time":"2022-10-09T13:21:55+00:00","og_image":[{"width":1200,"height":630,"url":"https:\/\/i0.wp.com\/luxonomy.net\/wp-content\/uploads\/2022\/10\/Vatican-Mall-el-controvertido-Centro-Comercial-de-Lujo-del-Vaticano.webp?fit=1200%2C630&quality=80&ssl=1","type":"image\/webp"}],"author":"Chiara Gabardi","twitter_card":"summary_large_image","twitter_misc":{"Escrito por":"Chiara Gabardi","Tiempo de lectura":"2 minutos"},"schema":{"@context":"https:\/\/schema.org","@graph":[{"@type":"Article","@id":"https:\/\/luxonomy.net\/es\/vatican-mall-el-controvertido-centro-comercial-de-lujo-del-vaticano\/#article","isPartOf":{"@id":"https:\/\/luxonomy.net\/es\/vatican-mall-el-controvertido-centro-comercial-de-lujo-del-vaticano\/"},"author":{"name":"Chiara Gabardi","@id":"https:\/\/luxonomy.net\/es\/#\/schema\/person\/9d526ffe93a0cc9cecc91760f49da3ef"},"headline":"Vatican Mall el controvertido Centro Comercial de Lujo del Vaticano","datePublished":"2022-10-09T12:59:05+00:00","dateModified":"2022-10-09T13:21:55+00:00","mainEntityOfPage":{"@id":"https:\/\/luxonomy.net\/es\/vatican-mall-el-controvertido-centro-comercial-de-lujo-del-vaticano\/"},"wordCount":324,"commentCount":0,"publisher":{"@id":"https:\/\/luxonomy.net\/es\/#organization"},"image":{"@id":"https:\/\/luxonomy.net\/es\/vatican-mall-el-controvertido-centro-comercial-de-lujo-del-vaticano\/#primaryimage"},"thumbnailUrl":"https:\/\/i0.wp.com\/luxonomy.net\/wp-content\/uploads\/2022\/10\/Vatican-Mall-el-controvertido-Centro-Comercial-de-Lujo-del-Vaticano.webp?fit=1200%2C630&ssl=1","keywords":["actualidad","econom\u00eda","Vaticano"],"articleSection":["Actualidad","Econom\u00eda"],"inLanguage":"es","potentialAction":[{"@type":"CommentAction","name":"Comment","target":["https:\/\/luxonomy.net\/es\/vatican-mall-el-controvertido-centro-comercial-de-lujo-del-vaticano\/#respond"]}]},{"@type":"WebPage","@id":"https:\/\/luxonomy.net\/es\/vatican-mall-el-controvertido-centro-comercial-de-lujo-del-vaticano\/","url":"https:\/\/luxonomy.net\/es\/vatican-mall-el-controvertido-centro-comercial-de-lujo-del-vaticano\/","name":"Vatican Mall el controvertido Centro Comercial de Lujo del Vaticano | LUXONOMY","isPartOf":{"@id":"https:\/\/luxonomy.net\/es\/#website"},"primaryImageOfPage":{"@id":"https:\/\/luxonomy.net\/es\/vatican-mall-el-controvertido-centro-comercial-de-lujo-del-vaticano\/#primaryimage"},"image":{"@id":"https:\/\/luxonomy.net\/es\/vatican-mall-el-controvertido-centro-comercial-de-lujo-del-vaticano\/#primaryimage"},"thumbnailUrl":"https:\/\/i0.wp.com\/luxonomy.net\/wp-content\/uploads\/2022\/10\/Vatican-Mall-el-controvertido-Centro-Comercial-de-Lujo-del-Vaticano.webp?fit=1200%2C630&ssl=1","datePublished":"2022-10-09T12:59:05+00:00","dateModified":"2022-10-09T13:21:55+00:00","breadcrumb":{"@id":"https:\/\/luxonomy.net\/es\/vatican-mall-el-controvertido-centro-comercial-de-lujo-del-vaticano\/#breadcrumb"},"inLanguage":"es","potentialAction":[{"@type":"ReadAction","target":["https:\/\/luxonomy.net\/es\/vatican-mall-el-controvertido-centro-comercial-de-lujo-del-vaticano\/"]}]},{"@type":"ImageObject","inLanguage":"es","@id":"https:\/\/luxonomy.net\/es\/vatican-mall-el-controvertido-centro-comercial-de-lujo-del-vaticano\/#primaryimage","url":"https:\/\/i0.wp.com\/luxonomy.net\/wp-content\/uploads\/2022\/10\/Vatican-Mall-el-controvertido-Centro-Comercial-de-Lujo-del-Vaticano.webp?fit=1200%2C630&ssl=1","contentUrl":"https:\/\/i0.wp.com\/luxonomy.net\/wp-content\/uploads\/2022\/10\/Vatican-Mall-el-controvertido-Centro-Comercial-de-Lujo-del-Vaticano.webp?fit=1200%2C630&ssl=1","width":1200,"height":630},{"@type":"BreadcrumbList","@id":"https:\/\/luxonomy.net\/es\/vatican-mall-el-controvertido-centro-comercial-de-lujo-del-vaticano\/#breadcrumb","itemListElement":[{"@type":"ListItem","position":1,"name":"Portada","item":"https:\/\/luxonomy.net\/es\/"},{"@type":"ListItem","position":2,"name":"Vatican Mall el controvertido Centro Comercial de Lujo del Vaticano"}]},{"@type":"WebSite","@id":"https:\/\/luxonomy.net\/es\/#website","url":"https:\/\/luxonomy.net\/es\/","name":"LUXONOMY","description":"The Economy of Fashion &amp; Luxury","publisher":{"@id":"https:\/\/luxonomy.net\/es\/#organization"},"potentialAction":[{"@type":"SearchAction","target":{"@type":"EntryPoint","urlTemplate":"https:\/\/luxonomy.net\/es\/?s={search_term_string}"},"query-input":{"@type":"PropertyValueSpecification","valueRequired":true,"valueName":"search_term_string"}}],"inLanguage":"es"},{"@type":"Organization","@id":"https:\/\/luxonomy.net\/es\/#organization","name":"LUXONOMY","url":"https:\/\/luxonomy.net\/es\/","logo":{"@type":"ImageObject","inLanguage":"es","@id":"https:\/\/luxonomy.net\/es\/#\/schema\/logo\/image\/","url":"https:\/\/i2.wp.com\/luxonomy.net\/wp-content\/uploads\/2021\/09\/MOCKUP-TODOS-LUXONOMY.jpg?fit=1000%2C515&ssl=1","contentUrl":"https:\/\/i2.wp.com\/luxonomy.net\/wp-content\/uploads\/2021\/09\/MOCKUP-TODOS-LUXONOMY.jpg?fit=1000%2C515&ssl=1","width":1000,"height":515,"caption":"LUXONOMY"},"image":{"@id":"https:\/\/luxonomy.net\/es\/#\/schema\/logo\/image\/"},"sameAs":["https:\/\/www.facebook.com\/luxonomy","https:\/\/www.instagram.com\/luxonomy\/","https:\/\/www.linkedin.com\/company\/luxonomy\/"]},{"@type":"Person","@id":"https:\/\/luxonomy.net\/es\/#\/schema\/person\/9d526ffe93a0cc9cecc91760f49da3ef","name":"Chiara Gabardi","image":{"@type":"ImageObject","inLanguage":"es","@id":"https:\/\/luxonomy.net\/wp-content\/litespeed\/avatar\/548640c4e2c34544e66c65ab1641a5d7.jpg?ver=1787976300","url":"https:\/\/luxonomy.net\/wp-content\/litespeed\/avatar\/548640c4e2c34544e66c65ab1641a5d7.jpg?ver=1787976300","contentUrl":"https:\/\/luxonomy.net\/wp-content\/litespeed\/avatar\/548640c4e2c34544e66c65ab1641a5d7.jpg?ver=1787976300","caption":"Chiara Gabardi"},"description":"Editor at LUXONOMY\u2122 Group","url":"https:\/\/luxonomy.net\/es\/author\/chiara-gabardi\/"}]}},"jetpack_publicize_connections":[],"jetpack_shortlink":"https:\/\/wp.me\/paPhBa-7BI","jetpack_sharing_enabled":true,"jetpack_featured_media_url":"https:\/\/i0.wp.com\/luxonomy.net\/wp-content\/uploads\/2022\/10\/Vatican-Mall-el-controvertido-Centro-Comercial-de-Lujo-del-Vaticano.webp?fit=1200%2C630&ssl=1","_links":{"self":[{"href":"https:\/\/luxonomy.net\/es\/wp-json\/wp\/v2\/posts\/29246","targetHints":{"allow":["GET"]}}],"collection":[{"href":"https:\/\/luxonomy.net\/es\/wp-json\/wp\/v2\/posts"}],"about":[{"href":"https:\/\/luxonomy.net\/es\/wp-json\/wp\/v2\/types\/post"}],"author":[{"embeddable":true,"href":"https:\/\/luxonomy.net\/es\/wp-json\/wp\/v2\/users\/10"}],"replies":[{"embeddable":true,"href":"https:\/\/luxonomy.net\/es\/wp-json\/wp\/v2\/comments?post=29246"}],"version-history":[{"count":4,"href":"https:\/\/luxonomy.net\/es\/wp-json\/wp\/v2\/posts\/29246\/revisions"}],"predecessor-version":[{"id":29252,"href":"https:\/\/luxonomy.net\/es\/wp-json\/wp\/v2\/posts\/29246\/revisions\/29252"}],"wp:featuredmedia":[{"embeddable":true,"href":"https:\/\/luxonomy.net\/es\/wp-json\/wp\/v2\/media\/29248"}],"wp:attachment":[{"href":"https:\/\/luxonomy.net\/es\/wp-json\/wp\/v2\/media?parent=29246"}],"wp:term":[{"taxonomy":"category","embeddable":true,"href":"https:\/\/luxonomy.net\/es\/wp-json\/wp\/v2\/categories?post=29246"},{"taxonomy":"post_tag","embeddable":true,"href":"https:\/\/luxonomy.net\/es\/wp-json\/wp\/v2\/tags?post=29246"},{"taxonomy":"thb-sponsors","embeddable":true,"href":"https:\/\/luxonomy.net\/es\/wp-json\/wp\/v2\/thb-sponsors?post=29246"}],"curies":[{"name":"wp","href":"https:\/\/api.w.org\/{rel}","templated":true}]}}