{"id":29136,"date":"2022-10-04T13:52:05","date_gmt":"2022-10-04T11:52:05","guid":{"rendered":"https:\/?p=29136"},"modified":"2022-10-04T13:52:05","modified_gmt":"2022-10-04T11:52:05","slug":"la-fundacion-louis-vuitton-presenta-las-exposiciones-monet-mitchell","status":"publish","type":"post","link":"https:\/\/luxonomy.net\/es\/la-fundacion-louis-vuitton-presenta-las-exposiciones-monet-mitchell\/","title":{"rendered":"La Fundaci\u00f3n Louis Vuitton presenta las exposiciones Monet\u2013Mitchell"},"content":{"rendered":"<p><strong><span>La\u00a0<\/span><a href=\"https:\/\/www.lvmh.com\/group\/lvmh-commitments\/art-culture\/fondation-louis-vuitton-initiative-lvmh\/\" target=\"_blank\" rel=\"noopener\"><span>Fundaci\u00f3n Louis Vuitton<\/span><\/a><span>\u00a0inaugura el 5 de octubre las exposiciones \u201cMonet \u2013 Mitchell\u201d. Las exposiciones estar\u00e1n abiertas hasta el 27 de febrero de 2023. Este di\u00e1logo entre 35 obras de Claude Monet (1840-1926) y 25 obras (25 pinturas y 10 pasteles) de Joan Mitchell (1925-1992) se une a una exposici\u00f3n de 50 obras del artista estadounidense.\u00a0El resultado es un convincente di\u00e1logo po\u00e9tico y visual entre dos artistas excepcionales.<\/span><\/strong><\/p>\n<p><span>Organizado en colaboraci\u00f3n con el Mus\u00e9e Marmottan Monet, el di\u00e1logo escenifica un di\u00e1logo entre el per\u00edodo tard\u00edo (1914-1926) del icono impresionista y la obra de la artista estadounidense Joan Mitchell, una figura fundamental en la modernidad introducida por la escuela del expresionismo abstracto en los Estados Unidos.<\/span><\/p>\n<p><span>A trav\u00e9s de una selecci\u00f3n de pinturas emblem\u00e1ticas de los dos artistas, la exposici\u00f3n ofrece un viaje encantador que resuena con una retrospectiva del trabajo de Joan Mitchell, organizada en conjunto con el Museo de Arte Moderno de San Francisco y el Museo de Arte de Baltimore.<\/span><\/p><div id=\"luxon-1053031038\" class=\"luxon-3er-parrafo luxon-entity-placement\" style=\"margin-top: 20px;margin-bottom: 20px;margin-left: auto;margin-right: auto;text-align: center;\"><a href=\"https:\/\/luxonomy.university\/course\/master-turismo-de-lujo\" target=\"_blank\" aria-label=\"master-turismo-lujo-2026-2027\"><img loading=\"lazy\" decoding=\"async\" src=\"https:\/\/i0.wp.com\/luxonomy.net\/wp-content\/uploads\/2020\/07\/master-turismo-lujo-2026-2027.jpg?fit=1672%2C941&#038;ssl=1\" alt=\"\"  srcset=\"https:\/\/i0.wp.com\/luxonomy.net\/wp-content\/uploads\/2020\/07\/master-turismo-lujo-2026-2027.jpg?w=1672&ssl=1 1672w, https:\/\/i0.wp.com\/luxonomy.net\/wp-content\/uploads\/2020\/07\/master-turismo-lujo-2026-2027.jpg?resize=300%2C169&ssl=1 300w, https:\/\/i0.wp.com\/luxonomy.net\/wp-content\/uploads\/2020\/07\/master-turismo-lujo-2026-2027.jpg?resize=1024%2C576&ssl=1 1024w, https:\/\/i0.wp.com\/luxonomy.net\/wp-content\/uploads\/2020\/07\/master-turismo-lujo-2026-2027.jpg?resize=768%2C432&ssl=1 768w, https:\/\/i0.wp.com\/luxonomy.net\/wp-content\/uploads\/2020\/07\/master-turismo-lujo-2026-2027.jpg?resize=1536%2C864&ssl=1 1536w, https:\/\/i0.wp.com\/luxonomy.net\/wp-content\/uploads\/2020\/07\/master-turismo-lujo-2026-2027.jpg?resize=370%2C208&ssl=1 370w, https:\/\/i0.wp.com\/luxonomy.net\/wp-content\/uploads\/2020\/07\/master-turismo-lujo-2026-2027.jpg?resize=800%2C450&ssl=1 800w, https:\/\/i0.wp.com\/luxonomy.net\/wp-content\/uploads\/2020\/07\/master-turismo-lujo-2026-2027.jpg?resize=20%2C11&ssl=1 20w, https:\/\/i0.wp.com\/luxonomy.net\/wp-content\/uploads\/2020\/07\/master-turismo-lujo-2026-2027.jpg?resize=740%2C416&ssl=1 740w, https:\/\/i0.wp.com\/luxonomy.net\/wp-content\/uploads\/2020\/07\/master-turismo-lujo-2026-2027.jpg?resize=1600%2C900&ssl=1 1600w, https:\/\/i0.wp.com\/luxonomy.net\/wp-content\/uploads\/2020\/07\/master-turismo-lujo-2026-2027.jpg?resize=1200%2C675&ssl=1 1200w, https:\/\/i0.wp.com\/luxonomy.net\/wp-content\/uploads\/2020\/07\/master-turismo-lujo-2026-2027.jpg?resize=85%2C48&ssl=1 85w\" sizes=\"(max-width: 1170px) 100vw, 1170px\" class=\"no-lazyload\" width=\"1672\" height=\"941\"   \/><\/a><\/div>\n<p><span>Inspir\u00e1ndose en la naturaleza y los paisajes de \u00cele-de-France, la gran regi\u00f3n de Par\u00eds, Monet y Mitchell compartieron una aguda sensibilidad por la luz y los colores, cuya interacci\u00f3n figura en la esencia misma de su arte.\u00a0Observando de cerca la naturaleza y el paisaje, su jard\u00edn para Monet, las orillas del Sena para Mitchell desarrollaron un enfoque pict\u00f3rico que articularon en t\u00e9rminos similares, con Monet evocando \u201csensaci\u00f3n\u201d y Mitchell \u201csentimientos\u201d.\u00a0Trascendiendo una simple imitaci\u00f3n de la naturaleza, ambos artistas exploraron sensaciones, emociones y recuerdos a trav\u00e9s de una estudiada yuxtaposici\u00f3n de colores.<\/span><\/p>\n<p><span>La exposici\u00f3n culmina con dos conjuntos excepcionales.\u00a0<\/span><em><span>El tr\u00edptico Nen\u00fafares<\/span><\/em><span>\u00a0(\u00a0<\/span><em><span>Agapanthus<\/span><\/em><span>\u00a0) de Claude Monet\u00a0(circa 1915-1926) se exhibe en su totalidad por primera vez en Francia, mientras que diez obras maestras del ciclo de Joan Mitchell se han reunido de manera espectacular, varias d\u00e9cadas despu\u00e9s de que algunas de ellas se mostraran. en 1984.<\/span><\/p>\n<p><span>Inspirada desde su inauguraci\u00f3n en 2014 por el compromiso de servir al p\u00fablico, la Fondation Louis Vuitton sigue haciendo que el arte y la cultura sean accesibles al p\u00fablico m\u00e1s amplio posible.\u00a0Promoviendo activamente las artes tanto en Francia como a nivel internacional, la Fundaci\u00f3n organiza exposiciones temporales de arte moderno y contempor\u00e1neo, presenta obras de su propia colecci\u00f3n, encarga piezas espec\u00edficas del sitio a artistas y organiza eventos en todo el espectro de las artes y la cultura.<\/span><\/p>\n","protected":false},"excerpt":{"rendered":"<p>La\u00a0Fundaci\u00f3n Louis Vuitton\u00a0inaugura el 5 de octubre las exposiciones \u201cMonet \u2013 Mitchell\u201d. Las exposiciones estar\u00e1n abiertas hasta el 27 de febrero de 2023. Este di\u00e1logo entre 35 obras de Claude Monet (1840-1926) y 25 obras (25 pinturas y 10 pasteles) de Joan Mitchell (1925-1992) se une a una exposici\u00f3n de 50 obras del artista estadounidense.\u00a0El&hellip;<\/p>\n","protected":false},"author":10,"featured_media":29137,"comment_status":"open","ping_status":"open","sticky":false,"template":"","format":"standard","meta":{"_jetpack_newsletter_access":"","_jetpack_dont_email_post_to_subs":false,"_jetpack_newsletter_tier_id":0,"_jetpack_memberships_contains_paywalled_content":false,"_jetpack_feature_clip_id":0,"_jetpack_memberships_contains_paid_content":false,"footnotes":"","jetpack_publicize_message":"La Fundaci\u00f3n Louis Vuitton presenta las exposiciones Monet\u2013Mitchell\r\n\r\nLa\u00a0Fundaci\u00f3n Louis Vuitton\u00a0inaugura el 5 de octubre las exposiciones \u201cMonet \u2013 Mitchell\u201d. Las exposiciones estar\u00e1n abiertas hasta el 27 de febrero de 2023. Este di\u00e1logo entre 35 obras de Claude Monet (1840-1926) y 25 obras (25 pinturas y 10 pasteles) de Joan Mitchell (1925-1992) se une a una exposici\u00f3n de 50 obras del artista estadounidense.\u00a0El resultado es un convincente di\u00e1logo po\u00e9tico y visual entre dos artistas excepcionales.\r\n\r\n#arte #cultura #fundaci\u00f3nlouisvuitton #monet #mitchell","jetpack_publicize_feature_enabled":true,"jetpack_social_post_already_shared":true,"jetpack_social_options":{"image_generator_settings":{"template":"edge","default_image_id":0,"font":"","enabled":false},"version":2},"jetpack_post_was_ever_published":false},"categories":[1297,227],"tags":[1298,1035,228,585],"thb-sponsors":[],"class_list":["post-29136","post","type-post","status-publish","format-standard","has-post-thumbnail","hentry","category-arte-y-cultura-eventos","category-eventos","tag-arte","tag-arte-y-cultura","tag-eventos","tag-lvmh"],"yoast_head":"<!-- This site is optimized with the Yoast SEO plugin v28.4 - https:\/\/yoast.com\/product\/yoast-seo-wordpress\/ -->\n<title>La Fundaci\u00f3n Louis Vuitton presenta las exposiciones Monet\u2013Mitchell | LUXONOMY<\/title>\n<meta name=\"robots\" content=\"index, follow, max-snippet:-1, max-image-preview:large, max-video-preview:-1\" \/>\n<link rel=\"canonical\" href=\"https:\/\/luxonomy.net\/es\/la-fundacion-louis-vuitton-presenta-las-exposiciones-monet-mitchell\/\" \/>\n<meta property=\"og:locale\" content=\"es_ES\" \/>\n<meta property=\"og:type\" content=\"article\" \/>\n<meta property=\"og:title\" content=\"La Fundaci\u00f3n Louis Vuitton presenta las exposiciones Monet\u2013Mitchell | LUXONOMY\" \/>\n<meta property=\"og:description\" content=\"La\u00a0Fundaci\u00f3n Louis Vuitton\u00a0inaugura el 5 de octubre las exposiciones \u201cMonet \u2013 Mitchell\u201d. Las exposiciones estar\u00e1n abiertas hasta el 27 de febrero de 2023. Este di\u00e1logo entre 35 obras de Claude Monet (1840-1926) y 25 obras (25 pinturas y 10 pasteles) de Joan Mitchell (1925-1992) se une a una exposici\u00f3n de 50 obras del artista estadounidense.\u00a0El&hellip;\" \/>\n<meta property=\"og:url\" content=\"https:\/\/luxonomy.net\/es\/la-fundacion-louis-vuitton-presenta-las-exposiciones-monet-mitchell\/\" \/>\n<meta property=\"og:site_name\" content=\"LUXONOMY\" \/>\n<meta property=\"article:publisher\" content=\"https:\/\/www.facebook.com\/luxonomy\" \/>\n<meta property=\"article:published_time\" content=\"2022-10-04T11:52:05+00:00\" \/>\n<meta property=\"og:image\" content=\"https:\/\/i0.wp.com\/luxonomy.net\/wp-content\/uploads\/2022\/10\/La-Fondation-Louis-Vuitton-presenta-las-exposiciones-Monet%E2%80%93Mitchell.jpg?fit=960%2C640&quality=89&ssl=1\" \/>\n\t<meta property=\"og:image:width\" content=\"960\" \/>\n\t<meta property=\"og:image:height\" content=\"640\" \/>\n\t<meta property=\"og:image:type\" content=\"image\/jpeg\" \/>\n<meta name=\"author\" content=\"Chiara Gabardi\" \/>\n<meta name=\"twitter:card\" content=\"summary_large_image\" \/>\n<meta name=\"twitter:label1\" content=\"Escrito por\" \/>\n\t<meta name=\"twitter:data1\" content=\"Chiara Gabardi\" \/>\n\t<meta name=\"twitter:label2\" content=\"Tiempo de lectura\" \/>\n\t<meta name=\"twitter:data2\" content=\"2 minutos\" \/>\n<script type=\"application\/ld+json\" class=\"yoast-schema-graph\">{\"@context\":\"https:\\\/\\\/schema.org\",\"@graph\":[{\"@type\":\"Article\",\"@id\":\"https:\\\/\\\/luxonomy.net\\\/es\\\/la-fundacion-louis-vuitton-presenta-las-exposiciones-monet-mitchell\\\/#article\",\"isPartOf\":{\"@id\":\"https:\\\/\\\/luxonomy.net\\\/es\\\/la-fundacion-louis-vuitton-presenta-las-exposiciones-monet-mitchell\\\/\"},\"author\":{\"name\":\"Chiara Gabardi\",\"@id\":\"https:\\\/\\\/luxonomy.net\\\/es\\\/#\\\/schema\\\/person\\\/9d526ffe93a0cc9cecc91760f49da3ef\"},\"headline\":\"La Fundaci\u00f3n Louis Vuitton presenta las exposiciones Monet\u2013Mitchell\",\"datePublished\":\"2022-10-04T11:52:05+00:00\",\"mainEntityOfPage\":{\"@id\":\"https:\\\/\\\/luxonomy.net\\\/es\\\/la-fundacion-louis-vuitton-presenta-las-exposiciones-monet-mitchell\\\/\"},\"wordCount\":429,\"commentCount\":0,\"publisher\":{\"@id\":\"https:\\\/\\\/luxonomy.net\\\/es\\\/#organization\"},\"image\":{\"@id\":\"https:\\\/\\\/luxonomy.net\\\/es\\\/la-fundacion-louis-vuitton-presenta-las-exposiciones-monet-mitchell\\\/#primaryimage\"},\"thumbnailUrl\":\"https:\\\/\\\/i0.wp.com\\\/luxonomy.net\\\/wp-content\\\/uploads\\\/2022\\\/10\\\/La-Fondation-Louis-Vuitton-presenta-las-exposiciones-Monet%E2%80%93Mitchell.jpg?fit=960%2C640&ssl=1\",\"keywords\":[\"arte\",\"Arte y Cultura\",\"Eventos\",\"LVMH\"],\"articleSection\":[\"Arte y Cultura\",\"Eventos\"],\"inLanguage\":\"es\",\"potentialAction\":[{\"@type\":\"CommentAction\",\"name\":\"Comment\",\"target\":[\"https:\\\/\\\/luxonomy.net\\\/es\\\/la-fundacion-louis-vuitton-presenta-las-exposiciones-monet-mitchell\\\/#respond\"]}]},{\"@type\":\"WebPage\",\"@id\":\"https:\\\/\\\/luxonomy.net\\\/es\\\/la-fundacion-louis-vuitton-presenta-las-exposiciones-monet-mitchell\\\/\",\"url\":\"https:\\\/\\\/luxonomy.net\\\/es\\\/la-fundacion-louis-vuitton-presenta-las-exposiciones-monet-mitchell\\\/\",\"name\":\"La Fundaci\u00f3n Louis Vuitton presenta las exposiciones Monet\u2013Mitchell | LUXONOMY\",\"isPartOf\":{\"@id\":\"https:\\\/\\\/luxonomy.net\\\/es\\\/#website\"},\"primaryImageOfPage\":{\"@id\":\"https:\\\/\\\/luxonomy.net\\\/es\\\/la-fundacion-louis-vuitton-presenta-las-exposiciones-monet-mitchell\\\/#primaryimage\"},\"image\":{\"@id\":\"https:\\\/\\\/luxonomy.net\\\/es\\\/la-fundacion-louis-vuitton-presenta-las-exposiciones-monet-mitchell\\\/#primaryimage\"},\"thumbnailUrl\":\"https:\\\/\\\/i0.wp.com\\\/luxonomy.net\\\/wp-content\\\/uploads\\\/2022\\\/10\\\/La-Fondation-Louis-Vuitton-presenta-las-exposiciones-Monet%E2%80%93Mitchell.jpg?fit=960%2C640&ssl=1\",\"datePublished\":\"2022-10-04T11:52:05+00:00\",\"breadcrumb\":{\"@id\":\"https:\\\/\\\/luxonomy.net\\\/es\\\/la-fundacion-louis-vuitton-presenta-las-exposiciones-monet-mitchell\\\/#breadcrumb\"},\"inLanguage\":\"es\",\"potentialAction\":[{\"@type\":\"ReadAction\",\"target\":[\"https:\\\/\\\/luxonomy.net\\\/es\\\/la-fundacion-louis-vuitton-presenta-las-exposiciones-monet-mitchell\\\/\"]}]},{\"@type\":\"ImageObject\",\"inLanguage\":\"es\",\"@id\":\"https:\\\/\\\/luxonomy.net\\\/es\\\/la-fundacion-louis-vuitton-presenta-las-exposiciones-monet-mitchell\\\/#primaryimage\",\"url\":\"https:\\\/\\\/i0.wp.com\\\/luxonomy.net\\\/wp-content\\\/uploads\\\/2022\\\/10\\\/La-Fondation-Louis-Vuitton-presenta-las-exposiciones-Monet%E2%80%93Mitchell.jpg?fit=960%2C640&ssl=1\",\"contentUrl\":\"https:\\\/\\\/i0.wp.com\\\/luxonomy.net\\\/wp-content\\\/uploads\\\/2022\\\/10\\\/La-Fondation-Louis-Vuitton-presenta-las-exposiciones-Monet%E2%80%93Mitchell.jpg?fit=960%2C640&ssl=1\",\"width\":960,\"height\":640},{\"@type\":\"BreadcrumbList\",\"@id\":\"https:\\\/\\\/luxonomy.net\\\/es\\\/la-fundacion-louis-vuitton-presenta-las-exposiciones-monet-mitchell\\\/#breadcrumb\",\"itemListElement\":[{\"@type\":\"ListItem\",\"position\":1,\"name\":\"Portada\",\"item\":\"https:\\\/\\\/luxonomy.net\\\/es\\\/\"},{\"@type\":\"ListItem\",\"position\":2,\"name\":\"La Fundaci\u00f3n Louis Vuitton presenta las exposiciones Monet\u2013Mitchell\"}]},{\"@type\":\"WebSite\",\"@id\":\"https:\\\/\\\/luxonomy.net\\\/es\\\/#website\",\"url\":\"https:\\\/\\\/luxonomy.net\\\/es\\\/\",\"name\":\"LUXONOMY\",\"description\":\"The Economy of Fashion &amp; Luxury\",\"publisher\":{\"@id\":\"https:\\\/\\\/luxonomy.net\\\/es\\\/#organization\"},\"potentialAction\":[{\"@type\":\"SearchAction\",\"target\":{\"@type\":\"EntryPoint\",\"urlTemplate\":\"https:\\\/\\\/luxonomy.net\\\/es\\\/?s={search_term_string}\"},\"query-input\":{\"@type\":\"PropertyValueSpecification\",\"valueRequired\":true,\"valueName\":\"search_term_string\"}}],\"inLanguage\":\"es\"},{\"@type\":\"Organization\",\"@id\":\"https:\\\/\\\/luxonomy.net\\\/es\\\/#organization\",\"name\":\"LUXONOMY\",\"url\":\"https:\\\/\\\/luxonomy.net\\\/es\\\/\",\"logo\":{\"@type\":\"ImageObject\",\"inLanguage\":\"es\",\"@id\":\"https:\\\/\\\/luxonomy.net\\\/es\\\/#\\\/schema\\\/logo\\\/image\\\/\",\"url\":\"https:\\\/\\\/i2.wp.com\\\/luxonomy.net\\\/wp-content\\\/uploads\\\/2021\\\/09\\\/MOCKUP-TODOS-LUXONOMY.jpg?fit=1000%2C515&ssl=1\",\"contentUrl\":\"https:\\\/\\\/i2.wp.com\\\/luxonomy.net\\\/wp-content\\\/uploads\\\/2021\\\/09\\\/MOCKUP-TODOS-LUXONOMY.jpg?fit=1000%2C515&ssl=1\",\"width\":1000,\"height\":515,\"caption\":\"LUXONOMY\"},\"image\":{\"@id\":\"https:\\\/\\\/luxonomy.net\\\/es\\\/#\\\/schema\\\/logo\\\/image\\\/\"},\"sameAs\":[\"https:\\\/\\\/www.facebook.com\\\/luxonomy\",\"https:\\\/\\\/www.instagram.com\\\/luxonomy\\\/\",\"https:\\\/\\\/www.linkedin.com\\\/company\\\/luxonomy\\\/\"]},{\"@type\":\"Person\",\"@id\":\"https:\\\/\\\/luxonomy.net\\\/es\\\/#\\\/schema\\\/person\\\/9d526ffe93a0cc9cecc91760f49da3ef\",\"name\":\"Chiara Gabardi\",\"image\":{\"@type\":\"ImageObject\",\"inLanguage\":\"es\",\"@id\":\"https:\\\/\\\/luxonomy.net\\\/wp-content\\\/litespeed\\\/avatar\\\/548640c4e2c34544e66c65ab1641a5d7.jpg?ver=1787976300\",\"url\":\"https:\\\/\\\/luxonomy.net\\\/wp-content\\\/litespeed\\\/avatar\\\/548640c4e2c34544e66c65ab1641a5d7.jpg?ver=1787976300\",\"contentUrl\":\"https:\\\/\\\/luxonomy.net\\\/wp-content\\\/litespeed\\\/avatar\\\/548640c4e2c34544e66c65ab1641a5d7.jpg?ver=1787976300\",\"caption\":\"Chiara Gabardi\"},\"description\":\"Editor at LUXONOMY\u2122 Group\",\"url\":\"https:\\\/\\\/luxonomy.net\\\/es\\\/author\\\/chiara-gabardi\\\/\"}]}<\/script>\n<!-- \/ Yoast SEO plugin. -->","yoast_head_json":{"title":"La Fundaci\u00f3n Louis Vuitton presenta las exposiciones Monet\u2013Mitchell | LUXONOMY","robots":{"index":"index","follow":"follow","max-snippet":"max-snippet:-1","max-image-preview":"max-image-preview:large","max-video-preview":"max-video-preview:-1"},"canonical":"https:\/\/luxonomy.net\/es\/la-fundacion-louis-vuitton-presenta-las-exposiciones-monet-mitchell\/","og_locale":"es_ES","og_type":"article","og_title":"La Fundaci\u00f3n Louis Vuitton presenta las exposiciones Monet\u2013Mitchell | LUXONOMY","og_description":"La\u00a0Fundaci\u00f3n Louis Vuitton\u00a0inaugura el 5 de octubre las exposiciones \u201cMonet \u2013 Mitchell\u201d. Las exposiciones estar\u00e1n abiertas hasta el 27 de febrero de 2023. Este di\u00e1logo entre 35 obras de Claude Monet (1840-1926) y 25 obras (25 pinturas y 10 pasteles) de Joan Mitchell (1925-1992) se une a una exposici\u00f3n de 50 obras del artista estadounidense.\u00a0El&hellip;","og_url":"https:\/\/luxonomy.net\/es\/la-fundacion-louis-vuitton-presenta-las-exposiciones-monet-mitchell\/","og_site_name":"LUXONOMY","article_publisher":"https:\/\/www.facebook.com\/luxonomy","article_published_time":"2022-10-04T11:52:05+00:00","og_image":[{"width":960,"height":640,"url":"https:\/\/i0.wp.com\/luxonomy.net\/wp-content\/uploads\/2022\/10\/La-Fondation-Louis-Vuitton-presenta-las-exposiciones-Monet%E2%80%93Mitchell.jpg?fit=960%2C640&quality=89&ssl=1","type":"image\/jpeg"}],"author":"Chiara Gabardi","twitter_card":"summary_large_image","twitter_misc":{"Escrito por":"Chiara Gabardi","Tiempo de lectura":"2 minutos"},"schema":{"@context":"https:\/\/schema.org","@graph":[{"@type":"Article","@id":"https:\/\/luxonomy.net\/es\/la-fundacion-louis-vuitton-presenta-las-exposiciones-monet-mitchell\/#article","isPartOf":{"@id":"https:\/\/luxonomy.net\/es\/la-fundacion-louis-vuitton-presenta-las-exposiciones-monet-mitchell\/"},"author":{"name":"Chiara Gabardi","@id":"https:\/\/luxonomy.net\/es\/#\/schema\/person\/9d526ffe93a0cc9cecc91760f49da3ef"},"headline":"La Fundaci\u00f3n Louis Vuitton presenta las exposiciones Monet\u2013Mitchell","datePublished":"2022-10-04T11:52:05+00:00","mainEntityOfPage":{"@id":"https:\/\/luxonomy.net\/es\/la-fundacion-louis-vuitton-presenta-las-exposiciones-monet-mitchell\/"},"wordCount":429,"commentCount":0,"publisher":{"@id":"https:\/\/luxonomy.net\/es\/#organization"},"image":{"@id":"https:\/\/luxonomy.net\/es\/la-fundacion-louis-vuitton-presenta-las-exposiciones-monet-mitchell\/#primaryimage"},"thumbnailUrl":"https:\/\/i0.wp.com\/luxonomy.net\/wp-content\/uploads\/2022\/10\/La-Fondation-Louis-Vuitton-presenta-las-exposiciones-Monet%E2%80%93Mitchell.jpg?fit=960%2C640&ssl=1","keywords":["arte","Arte y Cultura","Eventos","LVMH"],"articleSection":["Arte y Cultura","Eventos"],"inLanguage":"es","potentialAction":[{"@type":"CommentAction","name":"Comment","target":["https:\/\/luxonomy.net\/es\/la-fundacion-louis-vuitton-presenta-las-exposiciones-monet-mitchell\/#respond"]}]},{"@type":"WebPage","@id":"https:\/\/luxonomy.net\/es\/la-fundacion-louis-vuitton-presenta-las-exposiciones-monet-mitchell\/","url":"https:\/\/luxonomy.net\/es\/la-fundacion-louis-vuitton-presenta-las-exposiciones-monet-mitchell\/","name":"La Fundaci\u00f3n Louis Vuitton presenta las exposiciones Monet\u2013Mitchell | LUXONOMY","isPartOf":{"@id":"https:\/\/luxonomy.net\/es\/#website"},"primaryImageOfPage":{"@id":"https:\/\/luxonomy.net\/es\/la-fundacion-louis-vuitton-presenta-las-exposiciones-monet-mitchell\/#primaryimage"},"image":{"@id":"https:\/\/luxonomy.net\/es\/la-fundacion-louis-vuitton-presenta-las-exposiciones-monet-mitchell\/#primaryimage"},"thumbnailUrl":"https:\/\/i0.wp.com\/luxonomy.net\/wp-content\/uploads\/2022\/10\/La-Fondation-Louis-Vuitton-presenta-las-exposiciones-Monet%E2%80%93Mitchell.jpg?fit=960%2C640&ssl=1","datePublished":"2022-10-04T11:52:05+00:00","breadcrumb":{"@id":"https:\/\/luxonomy.net\/es\/la-fundacion-louis-vuitton-presenta-las-exposiciones-monet-mitchell\/#breadcrumb"},"inLanguage":"es","potentialAction":[{"@type":"ReadAction","target":["https:\/\/luxonomy.net\/es\/la-fundacion-louis-vuitton-presenta-las-exposiciones-monet-mitchell\/"]}]},{"@type":"ImageObject","inLanguage":"es","@id":"https:\/\/luxonomy.net\/es\/la-fundacion-louis-vuitton-presenta-las-exposiciones-monet-mitchell\/#primaryimage","url":"https:\/\/i0.wp.com\/luxonomy.net\/wp-content\/uploads\/2022\/10\/La-Fondation-Louis-Vuitton-presenta-las-exposiciones-Monet%E2%80%93Mitchell.jpg?fit=960%2C640&ssl=1","contentUrl":"https:\/\/i0.wp.com\/luxonomy.net\/wp-content\/uploads\/2022\/10\/La-Fondation-Louis-Vuitton-presenta-las-exposiciones-Monet%E2%80%93Mitchell.jpg?fit=960%2C640&ssl=1","width":960,"height":640},{"@type":"BreadcrumbList","@id":"https:\/\/luxonomy.net\/es\/la-fundacion-louis-vuitton-presenta-las-exposiciones-monet-mitchell\/#breadcrumb","itemListElement":[{"@type":"ListItem","position":1,"name":"Portada","item":"https:\/\/luxonomy.net\/es\/"},{"@type":"ListItem","position":2,"name":"La Fundaci\u00f3n Louis Vuitton presenta las exposiciones Monet\u2013Mitchell"}]},{"@type":"WebSite","@id":"https:\/\/luxonomy.net\/es\/#website","url":"https:\/\/luxonomy.net\/es\/","name":"LUXONOMY","description":"The Economy of Fashion &amp; Luxury","publisher":{"@id":"https:\/\/luxonomy.net\/es\/#organization"},"potentialAction":[{"@type":"SearchAction","target":{"@type":"EntryPoint","urlTemplate":"https:\/\/luxonomy.net\/es\/?s={search_term_string}"},"query-input":{"@type":"PropertyValueSpecification","valueRequired":true,"valueName":"search_term_string"}}],"inLanguage":"es"},{"@type":"Organization","@id":"https:\/\/luxonomy.net\/es\/#organization","name":"LUXONOMY","url":"https:\/\/luxonomy.net\/es\/","logo":{"@type":"ImageObject","inLanguage":"es","@id":"https:\/\/luxonomy.net\/es\/#\/schema\/logo\/image\/","url":"https:\/\/i2.wp.com\/luxonomy.net\/wp-content\/uploads\/2021\/09\/MOCKUP-TODOS-LUXONOMY.jpg?fit=1000%2C515&ssl=1","contentUrl":"https:\/\/i2.wp.com\/luxonomy.net\/wp-content\/uploads\/2021\/09\/MOCKUP-TODOS-LUXONOMY.jpg?fit=1000%2C515&ssl=1","width":1000,"height":515,"caption":"LUXONOMY"},"image":{"@id":"https:\/\/luxonomy.net\/es\/#\/schema\/logo\/image\/"},"sameAs":["https:\/\/www.facebook.com\/luxonomy","https:\/\/www.instagram.com\/luxonomy\/","https:\/\/www.linkedin.com\/company\/luxonomy\/"]},{"@type":"Person","@id":"https:\/\/luxonomy.net\/es\/#\/schema\/person\/9d526ffe93a0cc9cecc91760f49da3ef","name":"Chiara Gabardi","image":{"@type":"ImageObject","inLanguage":"es","@id":"https:\/\/luxonomy.net\/wp-content\/litespeed\/avatar\/548640c4e2c34544e66c65ab1641a5d7.jpg?ver=1787976300","url":"https:\/\/luxonomy.net\/wp-content\/litespeed\/avatar\/548640c4e2c34544e66c65ab1641a5d7.jpg?ver=1787976300","contentUrl":"https:\/\/luxonomy.net\/wp-content\/litespeed\/avatar\/548640c4e2c34544e66c65ab1641a5d7.jpg?ver=1787976300","caption":"Chiara Gabardi"},"description":"Editor at LUXONOMY\u2122 Group","url":"https:\/\/luxonomy.net\/es\/author\/chiara-gabardi\/"}]}},"jetpack_publicize_connections":[],"jetpack_shortlink":"https:\/\/wp.me\/paPhBa-7zW","jetpack_sharing_enabled":true,"jetpack_featured_media_url":"https:\/\/i0.wp.com\/luxonomy.net\/wp-content\/uploads\/2022\/10\/La-Fondation-Louis-Vuitton-presenta-las-exposiciones-Monet%E2%80%93Mitchell.jpg?fit=960%2C640&ssl=1","_links":{"self":[{"href":"https:\/\/luxonomy.net\/es\/wp-json\/wp\/v2\/posts\/29136","targetHints":{"allow":["GET"]}}],"collection":[{"href":"https:\/\/luxonomy.net\/es\/wp-json\/wp\/v2\/posts"}],"about":[{"href":"https:\/\/luxonomy.net\/es\/wp-json\/wp\/v2\/types\/post"}],"author":[{"embeddable":true,"href":"https:\/\/luxonomy.net\/es\/wp-json\/wp\/v2\/users\/10"}],"replies":[{"embeddable":true,"href":"https:\/\/luxonomy.net\/es\/wp-json\/wp\/v2\/comments?post=29136"}],"version-history":[{"count":3,"href":"https:\/\/luxonomy.net\/es\/wp-json\/wp\/v2\/posts\/29136\/revisions"}],"predecessor-version":[{"id":29141,"href":"https:\/\/luxonomy.net\/es\/wp-json\/wp\/v2\/posts\/29136\/revisions\/29141"}],"wp:featuredmedia":[{"embeddable":true,"href":"https:\/\/luxonomy.net\/es\/wp-json\/wp\/v2\/media\/29137"}],"wp:attachment":[{"href":"https:\/\/luxonomy.net\/es\/wp-json\/wp\/v2\/media?parent=29136"}],"wp:term":[{"taxonomy":"category","embeddable":true,"href":"https:\/\/luxonomy.net\/es\/wp-json\/wp\/v2\/categories?post=29136"},{"taxonomy":"post_tag","embeddable":true,"href":"https:\/\/luxonomy.net\/es\/wp-json\/wp\/v2\/tags?post=29136"},{"taxonomy":"thb-sponsors","embeddable":true,"href":"https:\/\/luxonomy.net\/es\/wp-json\/wp\/v2\/thb-sponsors?post=29136"}],"curies":[{"name":"wp","href":"https:\/\/api.w.org\/{rel}","templated":true}]}}