{"id":28591,"date":"2022-09-21T13:29:49","date_gmt":"2022-09-21T11:29:49","guid":{"rendered":"https:\/?p=28591"},"modified":"2022-09-21T16:53:25","modified_gmt":"2022-09-21T14:53:25","slug":"arranca-el-plan-europeo-para-prosperar-en-el-metaverso-personas-tecnologias-infraestructuras","status":"publish","type":"post","link":"https:\/\/luxonomy.net\/es\/arranca-el-plan-europeo-para-prosperar-en-el-metaverso-personas-tecnologias-infraestructuras\/","title":{"rendered":"Arranca el Plan Europeo para prosperar en el metaverso: personas, tecnolog\u00edas, infraestructuras."},"content":{"rendered":"<p>As\u00ed lo ha anunciado hace unos d\u00edas el Comisario Europeo de Mercado Interior, Thierry Breton, porque el metaverso es \u201c<em>uno de los m\u00e1s urgentes desaf\u00edos al que nos enfrentamos<\/em>\u201d.<\/p>\n<p>El Comisario desvela en su Blog I que el planteamiento de la Uni\u00f3n Europea para abordar el desarrollo del metaverso y, en general, de los mundos virtuales, pilota sobre tres pilares fundamentales: las <strong>personas<\/strong>, las <strong>tecnolog\u00edas<\/strong> y las <strong>infraestructuras.<\/strong><\/p>\n<p>En cuanto a las <strong>personas<\/strong>, se\u00f1ala el Comisario Europeo que los ciudadanos europeos deben poder sentirse tan seguros en los mundos virtuales como en el mundo real. En t\u00e9rminos similares a los que ya expres\u00f3 la UE hace unos meses, se trata de evitar asistir a un nuevo <em>far west <\/em>o a nuevos monopolios privados. El objetivo es configurar el metaverso integrando desde el primer momento los valores europeos, y lograr metaversos realmente seguros y pr\u00f3speros, donde ning\u00fan <em>player<\/em> privado disponga del acceso exclusivo al espacio p\u00fablico ni la posibilidad de fijar sus t\u00e9rminos y condiciones.<\/p>\n<p>Se ha creado la Coalici\u00f3n Industrial Realidad Virtual y Realidad Aumentada <em>\u201cVirtual and Augmented Reality Industrial Coalition\u201d <\/em>que agrupa a los actores clave de las <strong>tecnolog\u00edas<\/strong> del metaverso, otro de los grandes pilares del Plan Europeo. La Coalici\u00f3n cuenta ya con una hoja de ruta aprobada por m\u00e1s de cuarenta organizaciones europeas, incluyendo grandes, medianas y peque\u00f1as empresas, as\u00ed como universidades.<\/p>\n<p>El pr\u00f3ximo paso supondr\u00e1 un salto del que todos venimos hablando: de la realidad virtual a la aventura del recorrido por un mundo en el que transitemos indistintamente entre mundos reales y virtuales.<\/p>\n<p>Finalmente, el Comisario Europeo destaca la necesidad de contar con <strong>infraestructuras<\/strong> aptas para permitir la ejecuci\u00f3n exitosa de las transacciones comerciales virtuales, que son cada vez m\u00e1s numerosas: los nuevos sistemas de pago, los nuevos sistemas de identificaci\u00f3n, las nuevas f\u00f3rmulas de propiedad precisan de infraestructuras de conectividad. Y anuncia que, en Europa, todos los actores del mercado que se beneficien de esta transformaci\u00f3n deber\u00e1n contribuir, de forma justa y proporcionada, a los bienes, servicios e infraestructuras p\u00fablicas.<\/p>\n<p>A la vista de estas declaraciones no es dif\u00edcil colegir que este Plan Europeo cristalizar\u00e1 en la aparici\u00f3n de nuevas regulaciones y, probablemente, nuevos impuestos. Estaremos atentos a cualquier avance.<\/p>\n","protected":false},"excerpt":{"rendered":"<p>As\u00ed lo ha anunciado hace unos d\u00edas el Comisario Europeo de Mercado Interior, Thierry Breton, porque el metaverso es \u201cuno de los m\u00e1s urgentes desaf\u00edos al que nos enfrentamos\u201d. El Comisario desvela en su Blog I que el planteamiento de la Uni\u00f3n Europea para abordar el desarrollo del metaverso y, en general, de los mundos&hellip;<\/p>\n","protected":false},"author":22,"featured_media":28592,"comment_status":"open","ping_status":"open","sticky":false,"template":"","format":"standard","meta":{"_jetpack_newsletter_access":"","_jetpack_dont_email_post_to_subs":false,"_jetpack_newsletter_tier_id":0,"_jetpack_memberships_contains_paywalled_content":false,"_jetpack_feature_clip_id":0,"_jetpack_memberships_contains_paid_content":false,"footnotes":"","jetpack_publicize_message":"Arranca el Plan Europeo para prosperar en el metaverso: personas, tecnolog\u00edas, infraestructuras.\r\n\r\nAs\u00ed lo ha anunciado hace unos d\u00edas el Comisario Europeo de Mercado Interior, Thierry Breton, porque el metaverso es \u201cuno de los m\u00e1s urgentes desaf\u00edos al que nos enfrentamos\u201d.\r\n\r\nArt\u00edculo por Mar\u00eda Jes\u00fas Dehesa Abogado ONTIER MODA Y LUJO EUROPA LATAM USA\r\n\r\n#metaverso #derecho #metlaw #ontier","jetpack_publicize_feature_enabled":true,"jetpack_social_post_already_shared":true,"jetpack_social_options":{"image_generator_settings":{"template":"edge","default_image_id":0,"font":"","enabled":false},"version":2},"jetpack_post_was_ever_published":false},"categories":[1376],"tags":[1527,1262,1466,1363],"thb-sponsors":[1468],"class_list":["post-28591","post","type-post","status-publish","format-standard","has-post-thumbnail","hentry","category-metaverso","tag-derecho","tag-metaverso","tag-metlaw","tag-ontier"],"yoast_head":"<!-- This site is optimized with the Yoast SEO plugin v28.4 - https:\/\/yoast.com\/product\/yoast-seo-wordpress\/ -->\n<title>Arranca el Plan Europeo para prosperar en el metaverso: personas, tecnolog\u00edas, infraestructuras. | LUXONOMY<\/title>\n<meta name=\"robots\" content=\"index, follow, max-snippet:-1, max-image-preview:large, max-video-preview:-1\" \/>\n<link rel=\"canonical\" href=\"https:\/\/luxonomy.net\/es\/arranca-el-plan-europeo-para-prosperar-en-el-metaverso-personas-tecnologias-infraestructuras\/\" \/>\n<meta property=\"og:locale\" content=\"es_ES\" \/>\n<meta property=\"og:type\" content=\"article\" \/>\n<meta property=\"og:title\" content=\"Arranca el Plan Europeo para prosperar en el metaverso: personas, tecnolog\u00edas, infraestructuras. | LUXONOMY\" \/>\n<meta property=\"og:description\" content=\"As\u00ed lo ha anunciado hace unos d\u00edas el Comisario Europeo de Mercado Interior, Thierry Breton, porque el metaverso es \u201cuno de los m\u00e1s urgentes desaf\u00edos al que nos enfrentamos\u201d. El Comisario desvela en su Blog I que el planteamiento de la Uni\u00f3n Europea para abordar el desarrollo del metaverso y, en general, de los mundos&hellip;\" \/>\n<meta property=\"og:url\" content=\"https:\/\/luxonomy.net\/es\/arranca-el-plan-europeo-para-prosperar-en-el-metaverso-personas-tecnologias-infraestructuras\/\" \/>\n<meta property=\"og:site_name\" content=\"LUXONOMY\" \/>\n<meta property=\"article:publisher\" content=\"https:\/\/www.facebook.com\/luxonomy\" \/>\n<meta property=\"article:published_time\" content=\"2022-09-21T11:29:49+00:00\" \/>\n<meta property=\"article:modified_time\" content=\"2022-09-21T14:53:25+00:00\" \/>\n<meta property=\"og:image\" content=\"https:\/\/i0.wp.com\/luxonomy.net\/wp-content\/uploads\/2022\/09\/Plan-Europeo-para-prosperar-en-el-metaverso.jpg?fit=600%2C400&quality=89&ssl=1\" \/>\n\t<meta property=\"og:image:width\" content=\"600\" \/>\n\t<meta property=\"og:image:height\" content=\"400\" \/>\n\t<meta property=\"og:image:type\" content=\"image\/jpeg\" \/>\n<meta name=\"author\" content=\"Mar\u00eda Jes\u00fas Dehesa P\u00e9rez\" \/>\n<meta name=\"twitter:card\" content=\"summary_large_image\" \/>\n<meta name=\"twitter:label1\" content=\"Escrito por\" \/>\n\t<meta name=\"twitter:data1\" content=\"Mar\u00eda Jes\u00fas Dehesa P\u00e9rez\" \/>\n\t<meta name=\"twitter:label2\" content=\"Tiempo de lectura\" \/>\n\t<meta name=\"twitter:data2\" content=\"2 minutos\" \/>\n<script type=\"application\/ld+json\" class=\"yoast-schema-graph\">{\"@context\":\"https:\\\/\\\/schema.org\",\"@graph\":[{\"@type\":\"Article\",\"@id\":\"https:\\\/\\\/luxonomy.net\\\/es\\\/arranca-el-plan-europeo-para-prosperar-en-el-metaverso-personas-tecnologias-infraestructuras\\\/#article\",\"isPartOf\":{\"@id\":\"https:\\\/\\\/luxonomy.net\\\/es\\\/arranca-el-plan-europeo-para-prosperar-en-el-metaverso-personas-tecnologias-infraestructuras\\\/\"},\"author\":{\"name\":\"Mar\u00eda Jes\u00fas Dehesa P\u00e9rez\",\"@id\":\"https:\\\/\\\/luxonomy.net\\\/es\\\/#\\\/schema\\\/person\\\/561efbfa6400f5f10c3597f7ea876789\"},\"headline\":\"Arranca el Plan Europeo para prosperar en el metaverso: personas, tecnolog\u00edas, infraestructuras.\",\"datePublished\":\"2022-09-21T11:29:49+00:00\",\"dateModified\":\"2022-09-21T14:53:25+00:00\",\"mainEntityOfPage\":{\"@id\":\"https:\\\/\\\/luxonomy.net\\\/es\\\/arranca-el-plan-europeo-para-prosperar-en-el-metaverso-personas-tecnologias-infraestructuras\\\/\"},\"wordCount\":405,\"commentCount\":0,\"publisher\":{\"@id\":\"https:\\\/\\\/luxonomy.net\\\/es\\\/#organization\"},\"image\":{\"@id\":\"https:\\\/\\\/luxonomy.net\\\/es\\\/arranca-el-plan-europeo-para-prosperar-en-el-metaverso-personas-tecnologias-infraestructuras\\\/#primaryimage\"},\"thumbnailUrl\":\"https:\\\/\\\/i0.wp.com\\\/luxonomy.net\\\/wp-content\\\/uploads\\\/2022\\\/09\\\/Plan-Europeo-para-prosperar-en-el-metaverso.jpg?fit=600%2C400&ssl=1\",\"keywords\":[\"derecho\",\"metaverso\",\"metlaw\",\"Ontier\"],\"articleSection\":[\"Metaverso\"],\"inLanguage\":\"es\",\"potentialAction\":[{\"@type\":\"CommentAction\",\"name\":\"Comment\",\"target\":[\"https:\\\/\\\/luxonomy.net\\\/es\\\/arranca-el-plan-europeo-para-prosperar-en-el-metaverso-personas-tecnologias-infraestructuras\\\/#respond\"]}]},{\"@type\":\"WebPage\",\"@id\":\"https:\\\/\\\/luxonomy.net\\\/es\\\/arranca-el-plan-europeo-para-prosperar-en-el-metaverso-personas-tecnologias-infraestructuras\\\/\",\"url\":\"https:\\\/\\\/luxonomy.net\\\/es\\\/arranca-el-plan-europeo-para-prosperar-en-el-metaverso-personas-tecnologias-infraestructuras\\\/\",\"name\":\"Arranca el Plan Europeo para prosperar en el metaverso: personas, tecnolog\u00edas, infraestructuras. | LUXONOMY\",\"isPartOf\":{\"@id\":\"https:\\\/\\\/luxonomy.net\\\/es\\\/#website\"},\"primaryImageOfPage\":{\"@id\":\"https:\\\/\\\/luxonomy.net\\\/es\\\/arranca-el-plan-europeo-para-prosperar-en-el-metaverso-personas-tecnologias-infraestructuras\\\/#primaryimage\"},\"image\":{\"@id\":\"https:\\\/\\\/luxonomy.net\\\/es\\\/arranca-el-plan-europeo-para-prosperar-en-el-metaverso-personas-tecnologias-infraestructuras\\\/#primaryimage\"},\"thumbnailUrl\":\"https:\\\/\\\/i0.wp.com\\\/luxonomy.net\\\/wp-content\\\/uploads\\\/2022\\\/09\\\/Plan-Europeo-para-prosperar-en-el-metaverso.jpg?fit=600%2C400&ssl=1\",\"datePublished\":\"2022-09-21T11:29:49+00:00\",\"dateModified\":\"2022-09-21T14:53:25+00:00\",\"breadcrumb\":{\"@id\":\"https:\\\/\\\/luxonomy.net\\\/es\\\/arranca-el-plan-europeo-para-prosperar-en-el-metaverso-personas-tecnologias-infraestructuras\\\/#breadcrumb\"},\"inLanguage\":\"es\",\"potentialAction\":[{\"@type\":\"ReadAction\",\"target\":[\"https:\\\/\\\/luxonomy.net\\\/es\\\/arranca-el-plan-europeo-para-prosperar-en-el-metaverso-personas-tecnologias-infraestructuras\\\/\"]}]},{\"@type\":\"ImageObject\",\"inLanguage\":\"es\",\"@id\":\"https:\\\/\\\/luxonomy.net\\\/es\\\/arranca-el-plan-europeo-para-prosperar-en-el-metaverso-personas-tecnologias-infraestructuras\\\/#primaryimage\",\"url\":\"https:\\\/\\\/i0.wp.com\\\/luxonomy.net\\\/wp-content\\\/uploads\\\/2022\\\/09\\\/Plan-Europeo-para-prosperar-en-el-metaverso.jpg?fit=600%2C400&ssl=1\",\"contentUrl\":\"https:\\\/\\\/i0.wp.com\\\/luxonomy.net\\\/wp-content\\\/uploads\\\/2022\\\/09\\\/Plan-Europeo-para-prosperar-en-el-metaverso.jpg?fit=600%2C400&ssl=1\",\"width\":600,\"height\":400},{\"@type\":\"BreadcrumbList\",\"@id\":\"https:\\\/\\\/luxonomy.net\\\/es\\\/arranca-el-plan-europeo-para-prosperar-en-el-metaverso-personas-tecnologias-infraestructuras\\\/#breadcrumb\",\"itemListElement\":[{\"@type\":\"ListItem\",\"position\":1,\"name\":\"Portada\",\"item\":\"https:\\\/\\\/luxonomy.net\\\/es\\\/\"},{\"@type\":\"ListItem\",\"position\":2,\"name\":\"Arranca el Plan Europeo para prosperar en el metaverso: personas, tecnolog\u00edas, infraestructuras.\"}]},{\"@type\":\"WebSite\",\"@id\":\"https:\\\/\\\/luxonomy.net\\\/es\\\/#website\",\"url\":\"https:\\\/\\\/luxonomy.net\\\/es\\\/\",\"name\":\"LUXONOMY\",\"description\":\"The Economy of Fashion &amp; Luxury\",\"publisher\":{\"@id\":\"https:\\\/\\\/luxonomy.net\\\/es\\\/#organization\"},\"potentialAction\":[{\"@type\":\"SearchAction\",\"target\":{\"@type\":\"EntryPoint\",\"urlTemplate\":\"https:\\\/\\\/luxonomy.net\\\/es\\\/?s={search_term_string}\"},\"query-input\":{\"@type\":\"PropertyValueSpecification\",\"valueRequired\":true,\"valueName\":\"search_term_string\"}}],\"inLanguage\":\"es\"},{\"@type\":\"Organization\",\"@id\":\"https:\\\/\\\/luxonomy.net\\\/es\\\/#organization\",\"name\":\"LUXONOMY\",\"url\":\"https:\\\/\\\/luxonomy.net\\\/es\\\/\",\"logo\":{\"@type\":\"ImageObject\",\"inLanguage\":\"es\",\"@id\":\"https:\\\/\\\/luxonomy.net\\\/es\\\/#\\\/schema\\\/logo\\\/image\\\/\",\"url\":\"https:\\\/\\\/i2.wp.com\\\/luxonomy.net\\\/wp-content\\\/uploads\\\/2021\\\/09\\\/MOCKUP-TODOS-LUXONOMY.jpg?fit=1000%2C515&ssl=1\",\"contentUrl\":\"https:\\\/\\\/i2.wp.com\\\/luxonomy.net\\\/wp-content\\\/uploads\\\/2021\\\/09\\\/MOCKUP-TODOS-LUXONOMY.jpg?fit=1000%2C515&ssl=1\",\"width\":1000,\"height\":515,\"caption\":\"LUXONOMY\"},\"image\":{\"@id\":\"https:\\\/\\\/luxonomy.net\\\/es\\\/#\\\/schema\\\/logo\\\/image\\\/\"},\"sameAs\":[\"https:\\\/\\\/www.facebook.com\\\/luxonomy\",\"https:\\\/\\\/www.instagram.com\\\/luxonomy\\\/\",\"https:\\\/\\\/www.linkedin.com\\\/company\\\/luxonomy\\\/\"]},{\"@type\":\"Person\",\"@id\":\"https:\\\/\\\/luxonomy.net\\\/es\\\/#\\\/schema\\\/person\\\/561efbfa6400f5f10c3597f7ea876789\",\"name\":\"Mar\u00eda Jes\u00fas Dehesa P\u00e9rez\",\"image\":{\"@type\":\"ImageObject\",\"inLanguage\":\"es\",\"@id\":\"https:\\\/\\\/luxonomy.net\\\/wp-content\\\/litespeed\\\/avatar\\\/1daefa9908952ef2d7d83c4a4b788f1e.jpg?ver=1787985293\",\"url\":\"https:\\\/\\\/luxonomy.net\\\/wp-content\\\/litespeed\\\/avatar\\\/1daefa9908952ef2d7d83c4a4b788f1e.jpg?ver=1787985293\",\"contentUrl\":\"https:\\\/\\\/luxonomy.net\\\/wp-content\\\/litespeed\\\/avatar\\\/1daefa9908952ef2d7d83c4a4b788f1e.jpg?ver=1787985293\",\"caption\":\"Mar\u00eda Jes\u00fas Dehesa P\u00e9rez\"},\"description\":\"Responsable del departamento global de Moda&amp;Lujo de ONTIER. Es Licenciada en Derecho por la Universidad San Pablo CEU en Madrid, Master en Derecho Comunitario por la Universidad Pontificia de Comillas (ICADE). Colaborador docente ISDE (M\u00e1ster Corporate, M\u00f3dulo Experto M&amp;A), Universidad CEU San Pablo (Pr\u00e1ctico M&amp;A), Ilustre Colegio de Abogados de Madrid (Masters Centro de Estudios). Atesora m\u00e1s de 25 a\u00f1os de experiencia y pr\u00e1ctica profesional en la firma se centran en el Derecho Mercantil y Civil, y muy especialmente en el \u00e1mbito internacional habiendo prestado asesoramiento jur\u00eddico diverso a distintas empresas nacionales e internacionales en los \u00e1mbitos de Corporate y M&amp;A, financiaci\u00f3n, y contrataci\u00f3n internacional.\",\"sameAs\":[\"http:\\\/\\\/www.ontier.net\\\/\",\"https:\\\/\\\/www.linkedin.com\\\/in\\\/mjdehesa\\\/\"],\"url\":\"https:\\\/\\\/luxonomy.net\\\/es\\\/author\\\/mjdehesa\\\/\"}]}<\/script>\n<!-- \/ Yoast SEO plugin. -->","yoast_head_json":{"title":"Arranca el Plan Europeo para prosperar en el metaverso: personas, tecnolog\u00edas, infraestructuras. | LUXONOMY","robots":{"index":"index","follow":"follow","max-snippet":"max-snippet:-1","max-image-preview":"max-image-preview:large","max-video-preview":"max-video-preview:-1"},"canonical":"https:\/\/luxonomy.net\/es\/arranca-el-plan-europeo-para-prosperar-en-el-metaverso-personas-tecnologias-infraestructuras\/","og_locale":"es_ES","og_type":"article","og_title":"Arranca el Plan Europeo para prosperar en el metaverso: personas, tecnolog\u00edas, infraestructuras. | LUXONOMY","og_description":"As\u00ed lo ha anunciado hace unos d\u00edas el Comisario Europeo de Mercado Interior, Thierry Breton, porque el metaverso es \u201cuno de los m\u00e1s urgentes desaf\u00edos al que nos enfrentamos\u201d. El Comisario desvela en su Blog I que el planteamiento de la Uni\u00f3n Europea para abordar el desarrollo del metaverso y, en general, de los mundos&hellip;","og_url":"https:\/\/luxonomy.net\/es\/arranca-el-plan-europeo-para-prosperar-en-el-metaverso-personas-tecnologias-infraestructuras\/","og_site_name":"LUXONOMY","article_publisher":"https:\/\/www.facebook.com\/luxonomy","article_published_time":"2022-09-21T11:29:49+00:00","article_modified_time":"2022-09-21T14:53:25+00:00","og_image":[{"width":600,"height":400,"url":"https:\/\/i0.wp.com\/luxonomy.net\/wp-content\/uploads\/2022\/09\/Plan-Europeo-para-prosperar-en-el-metaverso.jpg?fit=600%2C400&quality=89&ssl=1","type":"image\/jpeg"}],"author":"Mar\u00eda Jes\u00fas Dehesa P\u00e9rez","twitter_card":"summary_large_image","twitter_misc":{"Escrito por":"Mar\u00eda Jes\u00fas Dehesa P\u00e9rez","Tiempo de lectura":"2 minutos"},"schema":{"@context":"https:\/\/schema.org","@graph":[{"@type":"Article","@id":"https:\/\/luxonomy.net\/es\/arranca-el-plan-europeo-para-prosperar-en-el-metaverso-personas-tecnologias-infraestructuras\/#article","isPartOf":{"@id":"https:\/\/luxonomy.net\/es\/arranca-el-plan-europeo-para-prosperar-en-el-metaverso-personas-tecnologias-infraestructuras\/"},"author":{"name":"Mar\u00eda Jes\u00fas Dehesa P\u00e9rez","@id":"https:\/\/luxonomy.net\/es\/#\/schema\/person\/561efbfa6400f5f10c3597f7ea876789"},"headline":"Arranca el Plan Europeo para prosperar en el metaverso: personas, tecnolog\u00edas, infraestructuras.","datePublished":"2022-09-21T11:29:49+00:00","dateModified":"2022-09-21T14:53:25+00:00","mainEntityOfPage":{"@id":"https:\/\/luxonomy.net\/es\/arranca-el-plan-europeo-para-prosperar-en-el-metaverso-personas-tecnologias-infraestructuras\/"},"wordCount":405,"commentCount":0,"publisher":{"@id":"https:\/\/luxonomy.net\/es\/#organization"},"image":{"@id":"https:\/\/luxonomy.net\/es\/arranca-el-plan-europeo-para-prosperar-en-el-metaverso-personas-tecnologias-infraestructuras\/#primaryimage"},"thumbnailUrl":"https:\/\/i0.wp.com\/luxonomy.net\/wp-content\/uploads\/2022\/09\/Plan-Europeo-para-prosperar-en-el-metaverso.jpg?fit=600%2C400&ssl=1","keywords":["derecho","metaverso","metlaw","Ontier"],"articleSection":["Metaverso"],"inLanguage":"es","potentialAction":[{"@type":"CommentAction","name":"Comment","target":["https:\/\/luxonomy.net\/es\/arranca-el-plan-europeo-para-prosperar-en-el-metaverso-personas-tecnologias-infraestructuras\/#respond"]}]},{"@type":"WebPage","@id":"https:\/\/luxonomy.net\/es\/arranca-el-plan-europeo-para-prosperar-en-el-metaverso-personas-tecnologias-infraestructuras\/","url":"https:\/\/luxonomy.net\/es\/arranca-el-plan-europeo-para-prosperar-en-el-metaverso-personas-tecnologias-infraestructuras\/","name":"Arranca el Plan Europeo para prosperar en el metaverso: personas, tecnolog\u00edas, infraestructuras. | LUXONOMY","isPartOf":{"@id":"https:\/\/luxonomy.net\/es\/#website"},"primaryImageOfPage":{"@id":"https:\/\/luxonomy.net\/es\/arranca-el-plan-europeo-para-prosperar-en-el-metaverso-personas-tecnologias-infraestructuras\/#primaryimage"},"image":{"@id":"https:\/\/luxonomy.net\/es\/arranca-el-plan-europeo-para-prosperar-en-el-metaverso-personas-tecnologias-infraestructuras\/#primaryimage"},"thumbnailUrl":"https:\/\/i0.wp.com\/luxonomy.net\/wp-content\/uploads\/2022\/09\/Plan-Europeo-para-prosperar-en-el-metaverso.jpg?fit=600%2C400&ssl=1","datePublished":"2022-09-21T11:29:49+00:00","dateModified":"2022-09-21T14:53:25+00:00","breadcrumb":{"@id":"https:\/\/luxonomy.net\/es\/arranca-el-plan-europeo-para-prosperar-en-el-metaverso-personas-tecnologias-infraestructuras\/#breadcrumb"},"inLanguage":"es","potentialAction":[{"@type":"ReadAction","target":["https:\/\/luxonomy.net\/es\/arranca-el-plan-europeo-para-prosperar-en-el-metaverso-personas-tecnologias-infraestructuras\/"]}]},{"@type":"ImageObject","inLanguage":"es","@id":"https:\/\/luxonomy.net\/es\/arranca-el-plan-europeo-para-prosperar-en-el-metaverso-personas-tecnologias-infraestructuras\/#primaryimage","url":"https:\/\/i0.wp.com\/luxonomy.net\/wp-content\/uploads\/2022\/09\/Plan-Europeo-para-prosperar-en-el-metaverso.jpg?fit=600%2C400&ssl=1","contentUrl":"https:\/\/i0.wp.com\/luxonomy.net\/wp-content\/uploads\/2022\/09\/Plan-Europeo-para-prosperar-en-el-metaverso.jpg?fit=600%2C400&ssl=1","width":600,"height":400},{"@type":"BreadcrumbList","@id":"https:\/\/luxonomy.net\/es\/arranca-el-plan-europeo-para-prosperar-en-el-metaverso-personas-tecnologias-infraestructuras\/#breadcrumb","itemListElement":[{"@type":"ListItem","position":1,"name":"Portada","item":"https:\/\/luxonomy.net\/es\/"},{"@type":"ListItem","position":2,"name":"Arranca el Plan Europeo para prosperar en el metaverso: personas, tecnolog\u00edas, infraestructuras."}]},{"@type":"WebSite","@id":"https:\/\/luxonomy.net\/es\/#website","url":"https:\/\/luxonomy.net\/es\/","name":"LUXONOMY","description":"The Economy of Fashion &amp; Luxury","publisher":{"@id":"https:\/\/luxonomy.net\/es\/#organization"},"potentialAction":[{"@type":"SearchAction","target":{"@type":"EntryPoint","urlTemplate":"https:\/\/luxonomy.net\/es\/?s={search_term_string}"},"query-input":{"@type":"PropertyValueSpecification","valueRequired":true,"valueName":"search_term_string"}}],"inLanguage":"es"},{"@type":"Organization","@id":"https:\/\/luxonomy.net\/es\/#organization","name":"LUXONOMY","url":"https:\/\/luxonomy.net\/es\/","logo":{"@type":"ImageObject","inLanguage":"es","@id":"https:\/\/luxonomy.net\/es\/#\/schema\/logo\/image\/","url":"https:\/\/i2.wp.com\/luxonomy.net\/wp-content\/uploads\/2021\/09\/MOCKUP-TODOS-LUXONOMY.jpg?fit=1000%2C515&ssl=1","contentUrl":"https:\/\/i2.wp.com\/luxonomy.net\/wp-content\/uploads\/2021\/09\/MOCKUP-TODOS-LUXONOMY.jpg?fit=1000%2C515&ssl=1","width":1000,"height":515,"caption":"LUXONOMY"},"image":{"@id":"https:\/\/luxonomy.net\/es\/#\/schema\/logo\/image\/"},"sameAs":["https:\/\/www.facebook.com\/luxonomy","https:\/\/www.instagram.com\/luxonomy\/","https:\/\/www.linkedin.com\/company\/luxonomy\/"]},{"@type":"Person","@id":"https:\/\/luxonomy.net\/es\/#\/schema\/person\/561efbfa6400f5f10c3597f7ea876789","name":"Mar\u00eda Jes\u00fas Dehesa P\u00e9rez","image":{"@type":"ImageObject","inLanguage":"es","@id":"https:\/\/luxonomy.net\/wp-content\/litespeed\/avatar\/1daefa9908952ef2d7d83c4a4b788f1e.jpg?ver=1787985293","url":"https:\/\/luxonomy.net\/wp-content\/litespeed\/avatar\/1daefa9908952ef2d7d83c4a4b788f1e.jpg?ver=1787985293","contentUrl":"https:\/\/luxonomy.net\/wp-content\/litespeed\/avatar\/1daefa9908952ef2d7d83c4a4b788f1e.jpg?ver=1787985293","caption":"Mar\u00eda Jes\u00fas Dehesa P\u00e9rez"},"description":"Responsable del departamento global de Moda&amp;Lujo de ONTIER. Es Licenciada en Derecho por la Universidad San Pablo CEU en Madrid, Master en Derecho Comunitario por la Universidad Pontificia de Comillas (ICADE). Colaborador docente ISDE (M\u00e1ster Corporate, M\u00f3dulo Experto M&amp;A), Universidad CEU San Pablo (Pr\u00e1ctico M&amp;A), Ilustre Colegio de Abogados de Madrid (Masters Centro de Estudios). Atesora m\u00e1s de 25 a\u00f1os de experiencia y pr\u00e1ctica profesional en la firma se centran en el Derecho Mercantil y Civil, y muy especialmente en el \u00e1mbito internacional habiendo prestado asesoramiento jur\u00eddico diverso a distintas empresas nacionales e internacionales en los \u00e1mbitos de Corporate y M&amp;A, financiaci\u00f3n, y contrataci\u00f3n internacional.","sameAs":["http:\/\/www.ontier.net\/","https:\/\/www.linkedin.com\/in\/mjdehesa\/"],"url":"https:\/\/luxonomy.net\/es\/author\/mjdehesa\/"}]}},"jetpack_publicize_connections":[],"jetpack_shortlink":"https:\/\/wp.me\/paPhBa-7r9","jetpack_sharing_enabled":true,"jetpack_featured_media_url":"https:\/\/i0.wp.com\/luxonomy.net\/wp-content\/uploads\/2022\/09\/Plan-Europeo-para-prosperar-en-el-metaverso.jpg?fit=600%2C400&ssl=1","_links":{"self":[{"href":"https:\/\/luxonomy.net\/es\/wp-json\/wp\/v2\/posts\/28591","targetHints":{"allow":["GET"]}}],"collection":[{"href":"https:\/\/luxonomy.net\/es\/wp-json\/wp\/v2\/posts"}],"about":[{"href":"https:\/\/luxonomy.net\/es\/wp-json\/wp\/v2\/types\/post"}],"author":[{"embeddable":true,"href":"https:\/\/luxonomy.net\/es\/wp-json\/wp\/v2\/users\/22"}],"replies":[{"embeddable":true,"href":"https:\/\/luxonomy.net\/es\/wp-json\/wp\/v2\/comments?post=28591"}],"version-history":[{"count":1,"href":"https:\/\/luxonomy.net\/es\/wp-json\/wp\/v2\/posts\/28591\/revisions"}],"predecessor-version":[{"id":28594,"href":"https:\/\/luxonomy.net\/es\/wp-json\/wp\/v2\/posts\/28591\/revisions\/28594"}],"wp:featuredmedia":[{"embeddable":true,"href":"https:\/\/luxonomy.net\/es\/wp-json\/wp\/v2\/media\/28592"}],"wp:attachment":[{"href":"https:\/\/luxonomy.net\/es\/wp-json\/wp\/v2\/media?parent=28591"}],"wp:term":[{"taxonomy":"category","embeddable":true,"href":"https:\/\/luxonomy.net\/es\/wp-json\/wp\/v2\/categories?post=28591"},{"taxonomy":"post_tag","embeddable":true,"href":"https:\/\/luxonomy.net\/es\/wp-json\/wp\/v2\/tags?post=28591"},{"taxonomy":"thb-sponsors","embeddable":true,"href":"https:\/\/luxonomy.net\/es\/wp-json\/wp\/v2\/thb-sponsors?post=28591"}],"curies":[{"name":"wp","href":"https:\/\/api.w.org\/{rel}","templated":true}]}}