{"id":28201,"date":"2022-09-16T11:34:00","date_gmt":"2022-09-16T09:34:00","guid":{"rendered":"https:\/?p=28201"},"modified":"2022-09-16T11:37:12","modified_gmt":"2022-09-16T09:37:12","slug":"fendi-celebra-el-25-o-aniversario-de-su-bolso-baguette-con-un-deslumbrante-desfile-de-moda-en-nueva-york","status":"publish","type":"post","link":"https:\/\/luxonomy.net\/es\/fendi-celebra-el-25-o-aniversario-de-su-bolso-baguette-con-un-deslumbrante-desfile-de-moda-en-nueva-york\/","title":{"rendered":"Fendi celebra el 25.\u00ba aniversario de su bolso Baguette con un deslumbrante desfile de moda en Nueva York"},"content":{"rendered":"<p><strong><a href=\"https:\/\/www.lvmh.com\/houses\/fashion-leather-goods\/fendi\/\" target=\"_blank\" rel=\"noopener\">Fendi<\/a>\u00a0celebr\u00f3 el 25 aniversario de su bolso Baguette con un desfile de moda muy especial durante la Semana de la Moda de Nueva York el 9 de septiembre. M\u00e1s que un aniversario, el desfile fue tanto un homenaje al ic\u00f3nico bolso como a la ciudad que ocupa su lugar especial en la historia. de la moda y la cultura pop se consolid\u00f3, Nueva York.<\/strong><\/p>\n<p>Inspirado en la historia del accesorio ic\u00f3nico y en el esp\u00edritu de un lugar igualmente ic\u00f3nico, el nuevo guardarropa interpreta la Baguette de m\u00faltiples maneras.\u00a0La ropa y los accesorios reflejan tanto al creador como al objeto inconfundible, adem\u00e1s, por supuesto, del inmenso placer del usuario.<\/p>\n<p>En sus diferentes iteraciones, la Baguette se vuelve utilitaria u ornamental gracias a juegos con formas y materiales.\u00a0Aparece en parkas y polainas, o cubre guantes, sombreros, faldas y su\u00e9teres, junto con nuevas y emocionantes versiones del bolso.<\/p><div id=\"luxon-3091432518\" class=\"luxon-3er-parrafo luxon-entity-placement\" style=\"margin-top: 20px;margin-bottom: 20px;margin-left: auto;margin-right: auto;text-align: center;\"><a href=\"https:\/\/luxonomy.university\/course\/master-turismo-de-lujo\" target=\"_blank\" aria-label=\"master-turismo-lujo-2026-2027\"><img loading=\"lazy\" decoding=\"async\" src=\"https:\/\/i0.wp.com\/luxonomy.net\/wp-content\/uploads\/2020\/07\/master-turismo-lujo-2026-2027.jpg?fit=1672%2C941&#038;ssl=1\" alt=\"\"  srcset=\"https:\/\/i0.wp.com\/luxonomy.net\/wp-content\/uploads\/2020\/07\/master-turismo-lujo-2026-2027.jpg?w=1672&ssl=1 1672w, https:\/\/i0.wp.com\/luxonomy.net\/wp-content\/uploads\/2020\/07\/master-turismo-lujo-2026-2027.jpg?resize=300%2C169&ssl=1 300w, https:\/\/i0.wp.com\/luxonomy.net\/wp-content\/uploads\/2020\/07\/master-turismo-lujo-2026-2027.jpg?resize=1024%2C576&ssl=1 1024w, https:\/\/i0.wp.com\/luxonomy.net\/wp-content\/uploads\/2020\/07\/master-turismo-lujo-2026-2027.jpg?resize=768%2C432&ssl=1 768w, https:\/\/i0.wp.com\/luxonomy.net\/wp-content\/uploads\/2020\/07\/master-turismo-lujo-2026-2027.jpg?resize=1536%2C864&ssl=1 1536w, https:\/\/i0.wp.com\/luxonomy.net\/wp-content\/uploads\/2020\/07\/master-turismo-lujo-2026-2027.jpg?resize=370%2C208&ssl=1 370w, https:\/\/i0.wp.com\/luxonomy.net\/wp-content\/uploads\/2020\/07\/master-turismo-lujo-2026-2027.jpg?resize=800%2C450&ssl=1 800w, https:\/\/i0.wp.com\/luxonomy.net\/wp-content\/uploads\/2020\/07\/master-turismo-lujo-2026-2027.jpg?resize=20%2C11&ssl=1 20w, https:\/\/i0.wp.com\/luxonomy.net\/wp-content\/uploads\/2020\/07\/master-turismo-lujo-2026-2027.jpg?resize=740%2C416&ssl=1 740w, https:\/\/i0.wp.com\/luxonomy.net\/wp-content\/uploads\/2020\/07\/master-turismo-lujo-2026-2027.jpg?resize=1600%2C900&ssl=1 1600w, https:\/\/i0.wp.com\/luxonomy.net\/wp-content\/uploads\/2020\/07\/master-turismo-lujo-2026-2027.jpg?resize=1200%2C675&ssl=1 1200w, https:\/\/i0.wp.com\/luxonomy.net\/wp-content\/uploads\/2020\/07\/master-turismo-lujo-2026-2027.jpg?resize=85%2C48&ssl=1 85w\" sizes=\"(max-width: 1170px) 100vw, 1170px\" class=\"no-lazyload\" width=\"1672\" height=\"941\"   \/><\/a><\/div>\n<p><img loading=\"lazy\" decoding=\"async\" data-attachment-id=\"28202\" data-permalink=\"https:\/\/luxonomy.net\/es\/fendi-celebra-el-25-o-aniversario-de-su-bolso-baguette-con-un-deslumbrante-desfile-de-moda-en-nueva-york\/fendi_25_baguette_corps_news-1024x1024\/\" data-orig-file=\"https:\/\/i0.wp.com\/luxonomy.net\/wp-content\/uploads\/2022\/09\/fendi_25_baguette_corps_news-1024x1024-1.jpg?fit=1024%2C1024&amp;ssl=1\" data-orig-size=\"1024,1024\" data-comments-opened=\"1\" data-image-title=\"fendi_25_baguette_corps_news-1024&amp;#215;1024\" data-image-description=\"\" data-image-caption=\"\" data-large-file=\"https:\/\/i0.wp.com\/luxonomy.net\/wp-content\/uploads\/2022\/09\/fendi_25_baguette_corps_news-1024x1024-1.jpg?fit=1024%2C1024&amp;ssl=1\" class=\"alignnone size-full wp-image-28202 lazyload\" src=\"data:image\/gif;base64,R0lGODlhAQABAAAAACH5BAEKAAEALAAAAAABAAEAAAICTAEAOw==\" data-src=\"http:\/\/luxonomy.net\/wp-content\/uploads\/2022\/09\/fendi_25_baguette_corps_news-1024x1024-1.jpg\" alt=\"\" width=\"1024\" height=\"1024\" data-sizes=\"auto\" data-srcset=\"https:\/\/i0.wp.com\/luxonomy.net\/wp-content\/uploads\/2022\/09\/fendi_25_baguette_corps_news-1024x1024-1.jpg?w=1024&amp;ssl=1 1024w, https:\/\/i0.wp.com\/luxonomy.net\/wp-content\/uploads\/2022\/09\/fendi_25_baguette_corps_news-1024x1024-1.jpg?resize=300%2C300&amp;ssl=1 300w, https:\/\/i0.wp.com\/luxonomy.net\/wp-content\/uploads\/2022\/09\/fendi_25_baguette_corps_news-1024x1024-1.jpg?resize=150%2C150&amp;ssl=1 150w, https:\/\/i0.wp.com\/luxonomy.net\/wp-content\/uploads\/2022\/09\/fendi_25_baguette_corps_news-1024x1024-1.jpg?resize=768%2C768&amp;ssl=1 768w, https:\/\/i0.wp.com\/luxonomy.net\/wp-content\/uploads\/2022\/09\/fendi_25_baguette_corps_news-1024x1024-1.jpg?resize=180%2C180&amp;ssl=1 180w, https:\/\/i0.wp.com\/luxonomy.net\/wp-content\/uploads\/2022\/09\/fendi_25_baguette_corps_news-1024x1024-1.jpg?resize=90%2C90&amp;ssl=1 90w, https:\/\/i0.wp.com\/luxonomy.net\/wp-content\/uploads\/2022\/09\/fendi_25_baguette_corps_news-1024x1024-1.jpg?resize=370%2C370&amp;ssl=1 370w, https:\/\/i0.wp.com\/luxonomy.net\/wp-content\/uploads\/2022\/09\/fendi_25_baguette_corps_news-1024x1024-1.jpg?resize=800%2C800&amp;ssl=1 800w, https:\/\/i0.wp.com\/luxonomy.net\/wp-content\/uploads\/2022\/09\/fendi_25_baguette_corps_news-1024x1024-1.jpg?resize=20%2C20&amp;ssl=1 20w, https:\/\/i0.wp.com\/luxonomy.net\/wp-content\/uploads\/2022\/09\/fendi_25_baguette_corps_news-1024x1024-1.jpg?resize=185%2C185&amp;ssl=1 185w, https:\/\/i0.wp.com\/luxonomy.net\/wp-content\/uploads\/2022\/09\/fendi_25_baguette_corps_news-1024x1024-1.jpg?resize=740%2C740&amp;ssl=1 740w, https:\/\/i0.wp.com\/luxonomy.net\/wp-content\/uploads\/2022\/09\/fendi_25_baguette_corps_news-1024x1024-1.jpg?resize=400%2C400&amp;ssl=1 400w, https:\/\/i0.wp.com\/luxonomy.net\/wp-content\/uploads\/2022\/09\/fendi_25_baguette_corps_news-1024x1024-1.jpg?resize=600%2C600&amp;ssl=1 600w, https:\/\/i0.wp.com\/luxonomy.net\/wp-content\/uploads\/2022\/09\/fendi_25_baguette_corps_news-1024x1024-1.jpg?resize=100%2C100&amp;ssl=1 100w, https:\/\/i0.wp.com\/luxonomy.net\/wp-content\/uploads\/2022\/09\/fendi_25_baguette_corps_news-1024x1024-1.jpg?resize=48%2C48&amp;ssl=1 48w\" sizes=\"auto, (max-width: 1024px) 100vw, 1024px\" \/><\/p>\n<div class=\"cell-8 cell-full-t prepend-2 append-2\">\n<div class=\"row--w-tools w-push\">\n<div class=\"inner inner--w\">\n<div class=\"b-text leader-giga b-first\">\n<div class=\"txt rte\">\n<p>Una sensaci\u00f3n de hiperlujo y glamour impregna las nuevas interpretaciones: las polainas est\u00e1n hechas de sat\u00e9n de seda y la parka es de cuero brillante, mientras que las lentejuelas estratificadas a\u00f1aden un encanto art d\u00e9co.<\/p>\n<p>Con esta colecci\u00f3n, la sofisticaci\u00f3n atemporal de la hist\u00f3rica casa de moda italiana vuelve a conectarse con un momento fundamental de su historia.<\/p>\n[perfectpullquote align=&#8221;full&#8221; bordertop=&#8221;false&#8221; cite=&#8221;&#8221; link=&#8221;&#8221; color=&#8221;&#8221; class=&#8221;&#8221; size=&#8221;&#8221;]\u201cFue un d\u00eda especial cuando dise\u00f1\u00e9 este bolso; las estrellas se alinearon. El hor\u00f3scopo dec\u00eda que era un d\u00eda Fendi\u201d.[\/perfectpullquote]\n<p>Silvia Venturini Fendi, Directora Art\u00edstica de Accesorios y Moda Masculina, Fendi<\/p>\n[perfectpullquote align=&#8221;full&#8221; bordertop=&#8221;false&#8221; cite=&#8221;&#8221; link=&#8221;&#8221; color=&#8221;&#8221; class=&#8221;&#8221; size=&#8221;&#8221;]\u201cNo quer\u00eda hacer una &#8216;colecci\u00f3n&#8217; tradicional para el aniversario. M\u00e1s bien es una celebraci\u00f3n de una \u00e9poca, del momento en que la Baguette se hizo famosa. Relaciono ese momento con una sensaci\u00f3n de libertad en exceso y diversi\u00f3n, ambas cualidades que posee la Baguette\u201d.[\/perfectpullquote]\n<p>Kim Jones, directora art\u00edstica de ropa de mujer, Fendi<\/p>\n<\/div>\n<\/div>\n<\/div>\n<\/div>\n<\/div>\n","protected":false},"excerpt":{"rendered":"<p>Fendi\u00a0celebr\u00f3 el 25 aniversario de su bolso Baguette con un desfile de moda muy especial durante la Semana de la Moda de Nueva York el 9 de septiembre. M\u00e1s que un aniversario, el desfile fue tanto un homenaje al ic\u00f3nico bolso como a la ciudad que ocupa su lugar especial en la historia. de la&hellip;<\/p>\n","protected":false},"author":11,"featured_media":28204,"comment_status":"open","ping_status":"open","sticky":false,"template":"","format":"standard","meta":{"_jetpack_newsletter_access":"","_jetpack_dont_email_post_to_subs":false,"_jetpack_newsletter_tier_id":0,"_jetpack_memberships_contains_paywalled_content":false,"_jetpack_feature_clip_id":0,"_jetpack_memberships_contains_paid_content":false,"footnotes":"","jetpack_publicize_message":"Fendi celebra el 25.\u00ba aniversario de su bolso Baguette con un deslumbrante desfile de moda en Nueva York","jetpack_publicize_feature_enabled":true,"jetpack_social_post_already_shared":true,"jetpack_social_options":{"image_generator_settings":{"template":"edge","default_image_id":0,"font":"","enabled":false},"version":2},"jetpack_post_was_ever_published":false},"categories":[1588,227,534],"tags":[759,586],"thb-sponsors":[],"class_list":["post-28201","post","type-post","status-publish","format-standard","has-post-thumbnail","hentry","category-desfiles","category-eventos","category-moda","tag-fendi","tag-moda"],"yoast_head":"<!-- This site is optimized with the Yoast SEO plugin v28.4 - https:\/\/yoast.com\/product\/yoast-seo-wordpress\/ -->\n<title>Fendi celebra el 25.\u00ba aniversario de su bolso Baguette con un deslumbrante desfile de moda en Nueva York | LUXONOMY<\/title>\n<meta name=\"robots\" content=\"index, follow, max-snippet:-1, max-image-preview:large, max-video-preview:-1\" \/>\n<link rel=\"canonical\" href=\"https:\/\/luxonomy.net\/es\/fendi-celebra-el-25-o-aniversario-de-su-bolso-baguette-con-un-deslumbrante-desfile-de-moda-en-nueva-york\/\" \/>\n<meta property=\"og:locale\" content=\"es_ES\" \/>\n<meta property=\"og:type\" content=\"article\" \/>\n<meta property=\"og:title\" content=\"Fendi celebra el 25.\u00ba aniversario de su bolso Baguette con un deslumbrante desfile de moda en Nueva York | LUXONOMY\" \/>\n<meta property=\"og:description\" content=\"Fendi\u00a0celebr\u00f3 el 25 aniversario de su bolso Baguette con un desfile de moda muy especial durante la Semana de la Moda de Nueva York el 9 de septiembre. M\u00e1s que un aniversario, el desfile fue tanto un homenaje al ic\u00f3nico bolso como a la ciudad que ocupa su lugar especial en la historia. de la&hellip;\" \/>\n<meta property=\"og:url\" content=\"https:\/\/luxonomy.net\/es\/fendi-celebra-el-25-o-aniversario-de-su-bolso-baguette-con-un-deslumbrante-desfile-de-moda-en-nueva-york\/\" \/>\n<meta property=\"og:site_name\" content=\"LUXONOMY\" \/>\n<meta property=\"article:publisher\" content=\"https:\/\/www.facebook.com\/luxonomy\" \/>\n<meta property=\"article:published_time\" content=\"2022-09-16T09:34:00+00:00\" \/>\n<meta property=\"article:modified_time\" content=\"2022-09-16T09:37:12+00:00\" \/>\n<meta property=\"og:image\" content=\"https:\/\/i0.wp.com\/luxonomy.net\/wp-content\/uploads\/2022\/09\/fendi_25_baguette_newscover-2000x1100-1.jpg?fit=2000%2C1100&quality=89&ssl=1\" \/>\n\t<meta property=\"og:image:width\" content=\"2000\" \/>\n\t<meta property=\"og:image:height\" content=\"1100\" \/>\n\t<meta property=\"og:image:type\" content=\"image\/jpeg\" \/>\n<meta name=\"author\" content=\"Kristi Ellis\" \/>\n<meta name=\"twitter:card\" content=\"summary_large_image\" \/>\n<meta name=\"twitter:label1\" content=\"Escrito por\" \/>\n\t<meta name=\"twitter:data1\" content=\"Kristi Ellis\" \/>\n\t<meta name=\"twitter:label2\" content=\"Tiempo de lectura\" \/>\n\t<meta name=\"twitter:data2\" content=\"2 minutos\" \/>\n<script type=\"application\/ld+json\" class=\"yoast-schema-graph\">{\"@context\":\"https:\\\/\\\/schema.org\",\"@graph\":[{\"@type\":\"Article\",\"@id\":\"https:\\\/\\\/luxonomy.net\\\/es\\\/fendi-celebra-el-25-o-aniversario-de-su-bolso-baguette-con-un-deslumbrante-desfile-de-moda-en-nueva-york\\\/#article\",\"isPartOf\":{\"@id\":\"https:\\\/\\\/luxonomy.net\\\/es\\\/fendi-celebra-el-25-o-aniversario-de-su-bolso-baguette-con-un-deslumbrante-desfile-de-moda-en-nueva-york\\\/\"},\"author\":{\"name\":\"Kristi Ellis\",\"@id\":\"https:\\\/\\\/luxonomy.net\\\/es\\\/#\\\/schema\\\/person\\\/1a813e5ec518f582af236d6344aa6c01\"},\"headline\":\"Fendi celebra el 25.\u00ba aniversario de su bolso Baguette con un deslumbrante desfile de moda en Nueva York\",\"datePublished\":\"2022-09-16T09:34:00+00:00\",\"dateModified\":\"2022-09-16T09:37:12+00:00\",\"mainEntityOfPage\":{\"@id\":\"https:\\\/\\\/luxonomy.net\\\/es\\\/fendi-celebra-el-25-o-aniversario-de-su-bolso-baguette-con-un-deslumbrante-desfile-de-moda-en-nueva-york\\\/\"},\"wordCount\":356,\"commentCount\":0,\"publisher\":{\"@id\":\"https:\\\/\\\/luxonomy.net\\\/es\\\/#organization\"},\"image\":{\"@id\":\"https:\\\/\\\/luxonomy.net\\\/es\\\/fendi-celebra-el-25-o-aniversario-de-su-bolso-baguette-con-un-deslumbrante-desfile-de-moda-en-nueva-york\\\/#primaryimage\"},\"thumbnailUrl\":\"https:\\\/\\\/i0.wp.com\\\/luxonomy.net\\\/wp-content\\\/uploads\\\/2022\\\/09\\\/fendi_25_baguette_newscover-2000x1100-1.jpg?fit=2000%2C1100&ssl=1\",\"keywords\":[\"Fendi\",\"Moda\"],\"articleSection\":[\"Desfiles\",\"Eventos\",\"Moda\"],\"inLanguage\":\"es\",\"potentialAction\":[{\"@type\":\"CommentAction\",\"name\":\"Comment\",\"target\":[\"https:\\\/\\\/luxonomy.net\\\/es\\\/fendi-celebra-el-25-o-aniversario-de-su-bolso-baguette-con-un-deslumbrante-desfile-de-moda-en-nueva-york\\\/#respond\"]}]},{\"@type\":\"WebPage\",\"@id\":\"https:\\\/\\\/luxonomy.net\\\/es\\\/fendi-celebra-el-25-o-aniversario-de-su-bolso-baguette-con-un-deslumbrante-desfile-de-moda-en-nueva-york\\\/\",\"url\":\"https:\\\/\\\/luxonomy.net\\\/es\\\/fendi-celebra-el-25-o-aniversario-de-su-bolso-baguette-con-un-deslumbrante-desfile-de-moda-en-nueva-york\\\/\",\"name\":\"Fendi celebra el 25.\u00ba aniversario de su bolso Baguette con un deslumbrante desfile de moda en Nueva York | LUXONOMY\",\"isPartOf\":{\"@id\":\"https:\\\/\\\/luxonomy.net\\\/es\\\/#website\"},\"primaryImageOfPage\":{\"@id\":\"https:\\\/\\\/luxonomy.net\\\/es\\\/fendi-celebra-el-25-o-aniversario-de-su-bolso-baguette-con-un-deslumbrante-desfile-de-moda-en-nueva-york\\\/#primaryimage\"},\"image\":{\"@id\":\"https:\\\/\\\/luxonomy.net\\\/es\\\/fendi-celebra-el-25-o-aniversario-de-su-bolso-baguette-con-un-deslumbrante-desfile-de-moda-en-nueva-york\\\/#primaryimage\"},\"thumbnailUrl\":\"https:\\\/\\\/i0.wp.com\\\/luxonomy.net\\\/wp-content\\\/uploads\\\/2022\\\/09\\\/fendi_25_baguette_newscover-2000x1100-1.jpg?fit=2000%2C1100&ssl=1\",\"datePublished\":\"2022-09-16T09:34:00+00:00\",\"dateModified\":\"2022-09-16T09:37:12+00:00\",\"breadcrumb\":{\"@id\":\"https:\\\/\\\/luxonomy.net\\\/es\\\/fendi-celebra-el-25-o-aniversario-de-su-bolso-baguette-con-un-deslumbrante-desfile-de-moda-en-nueva-york\\\/#breadcrumb\"},\"inLanguage\":\"es\",\"potentialAction\":[{\"@type\":\"ReadAction\",\"target\":[\"https:\\\/\\\/luxonomy.net\\\/es\\\/fendi-celebra-el-25-o-aniversario-de-su-bolso-baguette-con-un-deslumbrante-desfile-de-moda-en-nueva-york\\\/\"]}]},{\"@type\":\"ImageObject\",\"inLanguage\":\"es\",\"@id\":\"https:\\\/\\\/luxonomy.net\\\/es\\\/fendi-celebra-el-25-o-aniversario-de-su-bolso-baguette-con-un-deslumbrante-desfile-de-moda-en-nueva-york\\\/#primaryimage\",\"url\":\"https:\\\/\\\/i0.wp.com\\\/luxonomy.net\\\/wp-content\\\/uploads\\\/2022\\\/09\\\/fendi_25_baguette_newscover-2000x1100-1.jpg?fit=2000%2C1100&ssl=1\",\"contentUrl\":\"https:\\\/\\\/i0.wp.com\\\/luxonomy.net\\\/wp-content\\\/uploads\\\/2022\\\/09\\\/fendi_25_baguette_newscover-2000x1100-1.jpg?fit=2000%2C1100&ssl=1\",\"width\":2000,\"height\":1100},{\"@type\":\"BreadcrumbList\",\"@id\":\"https:\\\/\\\/luxonomy.net\\\/es\\\/fendi-celebra-el-25-o-aniversario-de-su-bolso-baguette-con-un-deslumbrante-desfile-de-moda-en-nueva-york\\\/#breadcrumb\",\"itemListElement\":[{\"@type\":\"ListItem\",\"position\":1,\"name\":\"Portada\",\"item\":\"https:\\\/\\\/luxonomy.net\\\/es\\\/\"},{\"@type\":\"ListItem\",\"position\":2,\"name\":\"Fendi celebra el 25.\u00ba aniversario de su bolso Baguette con un deslumbrante desfile de moda en Nueva York\"}]},{\"@type\":\"WebSite\",\"@id\":\"https:\\\/\\\/luxonomy.net\\\/es\\\/#website\",\"url\":\"https:\\\/\\\/luxonomy.net\\\/es\\\/\",\"name\":\"LUXONOMY\",\"description\":\"The Economy of Fashion &amp; Luxury\",\"publisher\":{\"@id\":\"https:\\\/\\\/luxonomy.net\\\/es\\\/#organization\"},\"potentialAction\":[{\"@type\":\"SearchAction\",\"target\":{\"@type\":\"EntryPoint\",\"urlTemplate\":\"https:\\\/\\\/luxonomy.net\\\/es\\\/?s={search_term_string}\"},\"query-input\":{\"@type\":\"PropertyValueSpecification\",\"valueRequired\":true,\"valueName\":\"search_term_string\"}}],\"inLanguage\":\"es\"},{\"@type\":\"Organization\",\"@id\":\"https:\\\/\\\/luxonomy.net\\\/es\\\/#organization\",\"name\":\"LUXONOMY\",\"url\":\"https:\\\/\\\/luxonomy.net\\\/es\\\/\",\"logo\":{\"@type\":\"ImageObject\",\"inLanguage\":\"es\",\"@id\":\"https:\\\/\\\/luxonomy.net\\\/es\\\/#\\\/schema\\\/logo\\\/image\\\/\",\"url\":\"https:\\\/\\\/i2.wp.com\\\/luxonomy.net\\\/wp-content\\\/uploads\\\/2021\\\/09\\\/MOCKUP-TODOS-LUXONOMY.jpg?fit=1000%2C515&ssl=1\",\"contentUrl\":\"https:\\\/\\\/i2.wp.com\\\/luxonomy.net\\\/wp-content\\\/uploads\\\/2021\\\/09\\\/MOCKUP-TODOS-LUXONOMY.jpg?fit=1000%2C515&ssl=1\",\"width\":1000,\"height\":515,\"caption\":\"LUXONOMY\"},\"image\":{\"@id\":\"https:\\\/\\\/luxonomy.net\\\/es\\\/#\\\/schema\\\/logo\\\/image\\\/\"},\"sameAs\":[\"https:\\\/\\\/www.facebook.com\\\/luxonomy\",\"https:\\\/\\\/www.instagram.com\\\/luxonomy\\\/\",\"https:\\\/\\\/www.linkedin.com\\\/company\\\/luxonomy\\\/\"]},{\"@type\":\"Person\",\"@id\":\"https:\\\/\\\/luxonomy.net\\\/es\\\/#\\\/schema\\\/person\\\/1a813e5ec518f582af236d6344aa6c01\",\"name\":\"Kristi Ellis\",\"image\":{\"@type\":\"ImageObject\",\"inLanguage\":\"es\",\"@id\":\"https:\\\/\\\/luxonomy.net\\\/wp-content\\\/litespeed\\\/avatar\\\/ae0c58256b980352bba3c97a8f9abe32.jpg?ver=1788580188\",\"url\":\"https:\\\/\\\/luxonomy.net\\\/wp-content\\\/litespeed\\\/avatar\\\/ae0c58256b980352bba3c97a8f9abe32.jpg?ver=1788580188\",\"contentUrl\":\"https:\\\/\\\/luxonomy.net\\\/wp-content\\\/litespeed\\\/avatar\\\/ae0c58256b980352bba3c97a8f9abe32.jpg?ver=1788580188\",\"caption\":\"Kristi Ellis\"},\"url\":\"https:\\\/\\\/luxonomy.net\\\/es\\\/author\\\/kristi-ellis\\\/\"}]}<\/script>\n<!-- \/ Yoast SEO plugin. -->","yoast_head_json":{"title":"Fendi celebra el 25.\u00ba aniversario de su bolso Baguette con un deslumbrante desfile de moda en Nueva York | LUXONOMY","robots":{"index":"index","follow":"follow","max-snippet":"max-snippet:-1","max-image-preview":"max-image-preview:large","max-video-preview":"max-video-preview:-1"},"canonical":"https:\/\/luxonomy.net\/es\/fendi-celebra-el-25-o-aniversario-de-su-bolso-baguette-con-un-deslumbrante-desfile-de-moda-en-nueva-york\/","og_locale":"es_ES","og_type":"article","og_title":"Fendi celebra el 25.\u00ba aniversario de su bolso Baguette con un deslumbrante desfile de moda en Nueva York | LUXONOMY","og_description":"Fendi\u00a0celebr\u00f3 el 25 aniversario de su bolso Baguette con un desfile de moda muy especial durante la Semana de la Moda de Nueva York el 9 de septiembre. M\u00e1s que un aniversario, el desfile fue tanto un homenaje al ic\u00f3nico bolso como a la ciudad que ocupa su lugar especial en la historia. de la&hellip;","og_url":"https:\/\/luxonomy.net\/es\/fendi-celebra-el-25-o-aniversario-de-su-bolso-baguette-con-un-deslumbrante-desfile-de-moda-en-nueva-york\/","og_site_name":"LUXONOMY","article_publisher":"https:\/\/www.facebook.com\/luxonomy","article_published_time":"2022-09-16T09:34:00+00:00","article_modified_time":"2022-09-16T09:37:12+00:00","og_image":[{"width":2000,"height":1100,"url":"https:\/\/i0.wp.com\/luxonomy.net\/wp-content\/uploads\/2022\/09\/fendi_25_baguette_newscover-2000x1100-1.jpg?fit=2000%2C1100&quality=89&ssl=1","type":"image\/jpeg"}],"author":"Kristi Ellis","twitter_card":"summary_large_image","twitter_misc":{"Escrito por":"Kristi Ellis","Tiempo de lectura":"2 minutos"},"schema":{"@context":"https:\/\/schema.org","@graph":[{"@type":"Article","@id":"https:\/\/luxonomy.net\/es\/fendi-celebra-el-25-o-aniversario-de-su-bolso-baguette-con-un-deslumbrante-desfile-de-moda-en-nueva-york\/#article","isPartOf":{"@id":"https:\/\/luxonomy.net\/es\/fendi-celebra-el-25-o-aniversario-de-su-bolso-baguette-con-un-deslumbrante-desfile-de-moda-en-nueva-york\/"},"author":{"name":"Kristi Ellis","@id":"https:\/\/luxonomy.net\/es\/#\/schema\/person\/1a813e5ec518f582af236d6344aa6c01"},"headline":"Fendi celebra el 25.\u00ba aniversario de su bolso Baguette con un deslumbrante desfile de moda en Nueva York","datePublished":"2022-09-16T09:34:00+00:00","dateModified":"2022-09-16T09:37:12+00:00","mainEntityOfPage":{"@id":"https:\/\/luxonomy.net\/es\/fendi-celebra-el-25-o-aniversario-de-su-bolso-baguette-con-un-deslumbrante-desfile-de-moda-en-nueva-york\/"},"wordCount":356,"commentCount":0,"publisher":{"@id":"https:\/\/luxonomy.net\/es\/#organization"},"image":{"@id":"https:\/\/luxonomy.net\/es\/fendi-celebra-el-25-o-aniversario-de-su-bolso-baguette-con-un-deslumbrante-desfile-de-moda-en-nueva-york\/#primaryimage"},"thumbnailUrl":"https:\/\/i0.wp.com\/luxonomy.net\/wp-content\/uploads\/2022\/09\/fendi_25_baguette_newscover-2000x1100-1.jpg?fit=2000%2C1100&ssl=1","keywords":["Fendi","Moda"],"articleSection":["Desfiles","Eventos","Moda"],"inLanguage":"es","potentialAction":[{"@type":"CommentAction","name":"Comment","target":["https:\/\/luxonomy.net\/es\/fendi-celebra-el-25-o-aniversario-de-su-bolso-baguette-con-un-deslumbrante-desfile-de-moda-en-nueva-york\/#respond"]}]},{"@type":"WebPage","@id":"https:\/\/luxonomy.net\/es\/fendi-celebra-el-25-o-aniversario-de-su-bolso-baguette-con-un-deslumbrante-desfile-de-moda-en-nueva-york\/","url":"https:\/\/luxonomy.net\/es\/fendi-celebra-el-25-o-aniversario-de-su-bolso-baguette-con-un-deslumbrante-desfile-de-moda-en-nueva-york\/","name":"Fendi celebra el 25.\u00ba aniversario de su bolso Baguette con un deslumbrante desfile de moda en Nueva York | LUXONOMY","isPartOf":{"@id":"https:\/\/luxonomy.net\/es\/#website"},"primaryImageOfPage":{"@id":"https:\/\/luxonomy.net\/es\/fendi-celebra-el-25-o-aniversario-de-su-bolso-baguette-con-un-deslumbrante-desfile-de-moda-en-nueva-york\/#primaryimage"},"image":{"@id":"https:\/\/luxonomy.net\/es\/fendi-celebra-el-25-o-aniversario-de-su-bolso-baguette-con-un-deslumbrante-desfile-de-moda-en-nueva-york\/#primaryimage"},"thumbnailUrl":"https:\/\/i0.wp.com\/luxonomy.net\/wp-content\/uploads\/2022\/09\/fendi_25_baguette_newscover-2000x1100-1.jpg?fit=2000%2C1100&ssl=1","datePublished":"2022-09-16T09:34:00+00:00","dateModified":"2022-09-16T09:37:12+00:00","breadcrumb":{"@id":"https:\/\/luxonomy.net\/es\/fendi-celebra-el-25-o-aniversario-de-su-bolso-baguette-con-un-deslumbrante-desfile-de-moda-en-nueva-york\/#breadcrumb"},"inLanguage":"es","potentialAction":[{"@type":"ReadAction","target":["https:\/\/luxonomy.net\/es\/fendi-celebra-el-25-o-aniversario-de-su-bolso-baguette-con-un-deslumbrante-desfile-de-moda-en-nueva-york\/"]}]},{"@type":"ImageObject","inLanguage":"es","@id":"https:\/\/luxonomy.net\/es\/fendi-celebra-el-25-o-aniversario-de-su-bolso-baguette-con-un-deslumbrante-desfile-de-moda-en-nueva-york\/#primaryimage","url":"https:\/\/i0.wp.com\/luxonomy.net\/wp-content\/uploads\/2022\/09\/fendi_25_baguette_newscover-2000x1100-1.jpg?fit=2000%2C1100&ssl=1","contentUrl":"https:\/\/i0.wp.com\/luxonomy.net\/wp-content\/uploads\/2022\/09\/fendi_25_baguette_newscover-2000x1100-1.jpg?fit=2000%2C1100&ssl=1","width":2000,"height":1100},{"@type":"BreadcrumbList","@id":"https:\/\/luxonomy.net\/es\/fendi-celebra-el-25-o-aniversario-de-su-bolso-baguette-con-un-deslumbrante-desfile-de-moda-en-nueva-york\/#breadcrumb","itemListElement":[{"@type":"ListItem","position":1,"name":"Portada","item":"https:\/\/luxonomy.net\/es\/"},{"@type":"ListItem","position":2,"name":"Fendi celebra el 25.\u00ba aniversario de su bolso Baguette con un deslumbrante desfile de moda en Nueva York"}]},{"@type":"WebSite","@id":"https:\/\/luxonomy.net\/es\/#website","url":"https:\/\/luxonomy.net\/es\/","name":"LUXONOMY","description":"The Economy of Fashion &amp; Luxury","publisher":{"@id":"https:\/\/luxonomy.net\/es\/#organization"},"potentialAction":[{"@type":"SearchAction","target":{"@type":"EntryPoint","urlTemplate":"https:\/\/luxonomy.net\/es\/?s={search_term_string}"},"query-input":{"@type":"PropertyValueSpecification","valueRequired":true,"valueName":"search_term_string"}}],"inLanguage":"es"},{"@type":"Organization","@id":"https:\/\/luxonomy.net\/es\/#organization","name":"LUXONOMY","url":"https:\/\/luxonomy.net\/es\/","logo":{"@type":"ImageObject","inLanguage":"es","@id":"https:\/\/luxonomy.net\/es\/#\/schema\/logo\/image\/","url":"https:\/\/i2.wp.com\/luxonomy.net\/wp-content\/uploads\/2021\/09\/MOCKUP-TODOS-LUXONOMY.jpg?fit=1000%2C515&ssl=1","contentUrl":"https:\/\/i2.wp.com\/luxonomy.net\/wp-content\/uploads\/2021\/09\/MOCKUP-TODOS-LUXONOMY.jpg?fit=1000%2C515&ssl=1","width":1000,"height":515,"caption":"LUXONOMY"},"image":{"@id":"https:\/\/luxonomy.net\/es\/#\/schema\/logo\/image\/"},"sameAs":["https:\/\/www.facebook.com\/luxonomy","https:\/\/www.instagram.com\/luxonomy\/","https:\/\/www.linkedin.com\/company\/luxonomy\/"]},{"@type":"Person","@id":"https:\/\/luxonomy.net\/es\/#\/schema\/person\/1a813e5ec518f582af236d6344aa6c01","name":"Kristi Ellis","image":{"@type":"ImageObject","inLanguage":"es","@id":"https:\/\/luxonomy.net\/wp-content\/litespeed\/avatar\/ae0c58256b980352bba3c97a8f9abe32.jpg?ver=1788580188","url":"https:\/\/luxonomy.net\/wp-content\/litespeed\/avatar\/ae0c58256b980352bba3c97a8f9abe32.jpg?ver=1788580188","contentUrl":"https:\/\/luxonomy.net\/wp-content\/litespeed\/avatar\/ae0c58256b980352bba3c97a8f9abe32.jpg?ver=1788580188","caption":"Kristi Ellis"},"url":"https:\/\/luxonomy.net\/es\/author\/kristi-ellis\/"}]}},"jetpack_publicize_connections":[],"jetpack_shortlink":"https:\/\/wp.me\/paPhBa-7kR","jetpack_sharing_enabled":true,"jetpack_featured_media_url":"https:\/\/i0.wp.com\/luxonomy.net\/wp-content\/uploads\/2022\/09\/fendi_25_baguette_newscover-2000x1100-1.jpg?fit=2000%2C1100&ssl=1","_links":{"self":[{"href":"https:\/\/luxonomy.net\/es\/wp-json\/wp\/v2\/posts\/28201","targetHints":{"allow":["GET"]}}],"collection":[{"href":"https:\/\/luxonomy.net\/es\/wp-json\/wp\/v2\/posts"}],"about":[{"href":"https:\/\/luxonomy.net\/es\/wp-json\/wp\/v2\/types\/post"}],"author":[{"embeddable":true,"href":"https:\/\/luxonomy.net\/es\/wp-json\/wp\/v2\/users\/11"}],"replies":[{"embeddable":true,"href":"https:\/\/luxonomy.net\/es\/wp-json\/wp\/v2\/comments?post=28201"}],"version-history":[{"count":2,"href":"https:\/\/luxonomy.net\/es\/wp-json\/wp\/v2\/posts\/28201\/revisions"}],"predecessor-version":[{"id":28207,"href":"https:\/\/luxonomy.net\/es\/wp-json\/wp\/v2\/posts\/28201\/revisions\/28207"}],"wp:featuredmedia":[{"embeddable":true,"href":"https:\/\/luxonomy.net\/es\/wp-json\/wp\/v2\/media\/28204"}],"wp:attachment":[{"href":"https:\/\/luxonomy.net\/es\/wp-json\/wp\/v2\/media?parent=28201"}],"wp:term":[{"taxonomy":"category","embeddable":true,"href":"https:\/\/luxonomy.net\/es\/wp-json\/wp\/v2\/categories?post=28201"},{"taxonomy":"post_tag","embeddable":true,"href":"https:\/\/luxonomy.net\/es\/wp-json\/wp\/v2\/tags?post=28201"},{"taxonomy":"thb-sponsors","embeddable":true,"href":"https:\/\/luxonomy.net\/es\/wp-json\/wp\/v2\/thb-sponsors?post=28201"}],"curies":[{"name":"wp","href":"https:\/\/api.w.org\/{rel}","templated":true}]}}