{"id":27593,"date":"2022-08-26T13:09:03","date_gmt":"2022-08-26T11:09:03","guid":{"rendered":"https:\/?p=27593"},"modified":"2022-08-26T14:27:51","modified_gmt":"2022-08-26T12:27:51","slug":"stella-mccartney-y-lvmh-anuncian-el-lanzamiento-de-stella-una-nueva-marca-de-belleza-de-lvmh","status":"publish","type":"post","link":"https:\/\/luxonomy.net\/es\/stella-mccartney-y-lvmh-anuncian-el-lanzamiento-de-stella-una-nueva-marca-de-belleza-de-lvmh\/","title":{"rendered":"Stella McCartney y LVMH anuncian el lanzamiento de STELLA, una nueva marca de belleza de LVMH"},"content":{"rendered":"<div class=\"cell-8 cell-full-t prepend-2 append-2\">\n<div class=\"row--w-tools w-push\">\n<div class=\"inner inner--w\">\n<div class=\"b-text leader-giga b-first\">\n<div class=\"txt rte\">\n<p><strong>Tras de una exitosa asociaci\u00f3n con LVMH que comenz\u00f3 en 2019, Stella McCartney ha colaborado con la divisi\u00f3n de belleza de LVMH para desarrollar su nueva l\u00ednea de cuidado de la piel, STELLA by Stella McCartney.<\/strong><\/p>\n<p>Despu\u00e9s de ser pionera en la industria de la moda de lujo consciente, la ambici\u00f3n de Stella es ofrecer una alternativa al cuidado de la piel de lujo, un Alter-Care\u2122.\u00a0Un nuevo enfoque que apoya el cuidado de nosotros mismos y de la Madre Tierra en perfecta armon\u00eda.\u00a0Arraigada en la naturaleza, con los principios veganos y libres de crueldad de Stella en su coraz\u00f3n, esta l\u00ednea de cuidado de la piel de &#8220;lujo consciente&#8221; es natural, eficaz y responsable.<\/p>\n<p>\u201c<em>Estoy encantada de que Stella McCartney, despu\u00e9s de ser pionera en una moda de lujo sostenible y responsable, ahora se asocie con LVMH, comprometida con cambiar los c\u00f3digos de los cosm\u00e9ticos, el empaque y los ingredientes.\u00a0El lanzamiento de STELLA de Stella McCartney resuena perfectamente con el compromiso de larga data del Grupo con la sostenibilidad y estamos orgullosos de apoyarlo<\/em>\u201d, dijo Antoine Arnault, Imagen y Medio Ambiente, LVMH.<\/p><div id=\"luxon-1209189408\" class=\"luxon-3er-parrafo luxon-entity-placement\" style=\"margin-top: 20px;margin-bottom: 20px;margin-left: auto;margin-right: auto;text-align: center;\"><a href=\"https:\/\/luxonomy.university\/course\/master-turismo-de-lujo\" target=\"_blank\" aria-label=\"master-turismo-lujo-2026-2027\"><img loading=\"lazy\" decoding=\"async\" src=\"https:\/\/i0.wp.com\/luxonomy.net\/wp-content\/uploads\/2020\/07\/master-turismo-lujo-2026-2027.jpg?fit=1672%2C941&#038;ssl=1\" alt=\"\"  srcset=\"https:\/\/i0.wp.com\/luxonomy.net\/wp-content\/uploads\/2020\/07\/master-turismo-lujo-2026-2027.jpg?w=1672&ssl=1 1672w, https:\/\/i0.wp.com\/luxonomy.net\/wp-content\/uploads\/2020\/07\/master-turismo-lujo-2026-2027.jpg?resize=300%2C169&ssl=1 300w, https:\/\/i0.wp.com\/luxonomy.net\/wp-content\/uploads\/2020\/07\/master-turismo-lujo-2026-2027.jpg?resize=1024%2C576&ssl=1 1024w, https:\/\/i0.wp.com\/luxonomy.net\/wp-content\/uploads\/2020\/07\/master-turismo-lujo-2026-2027.jpg?resize=768%2C432&ssl=1 768w, https:\/\/i0.wp.com\/luxonomy.net\/wp-content\/uploads\/2020\/07\/master-turismo-lujo-2026-2027.jpg?resize=1536%2C864&ssl=1 1536w, https:\/\/i0.wp.com\/luxonomy.net\/wp-content\/uploads\/2020\/07\/master-turismo-lujo-2026-2027.jpg?resize=370%2C208&ssl=1 370w, https:\/\/i0.wp.com\/luxonomy.net\/wp-content\/uploads\/2020\/07\/master-turismo-lujo-2026-2027.jpg?resize=800%2C450&ssl=1 800w, https:\/\/i0.wp.com\/luxonomy.net\/wp-content\/uploads\/2020\/07\/master-turismo-lujo-2026-2027.jpg?resize=20%2C11&ssl=1 20w, https:\/\/i0.wp.com\/luxonomy.net\/wp-content\/uploads\/2020\/07\/master-turismo-lujo-2026-2027.jpg?resize=740%2C416&ssl=1 740w, https:\/\/i0.wp.com\/luxonomy.net\/wp-content\/uploads\/2020\/07\/master-turismo-lujo-2026-2027.jpg?resize=1600%2C900&ssl=1 1600w, https:\/\/i0.wp.com\/luxonomy.net\/wp-content\/uploads\/2020\/07\/master-turismo-lujo-2026-2027.jpg?resize=1200%2C675&ssl=1 1200w, https:\/\/i0.wp.com\/luxonomy.net\/wp-content\/uploads\/2020\/07\/master-turismo-lujo-2026-2027.jpg?resize=85%2C48&ssl=1 85w\" sizes=\"(max-width: 1170px) 100vw, 1170px\" class=\"no-lazyload\" width=\"1672\" height=\"941\"   \/><\/a><\/div>\n<p><em>\u00a0\u201cComenzamos con una idea y, como no quer\u00edamos comprometernos (sobre resultados sobresalientes, el origen de nuestros ingredientes y, por supuesto, asegurarnos de minimizar nuestro impacto en la Madre Tierra), seguimos intent\u00e1ndolo.\u00a0Trabajamos duro durante casi tres a\u00f1os con LVMH en constante evoluci\u00f3n y apuntando a lo que sent\u00ed que era posible: arraigado en la naturaleza, un cuidado de la piel verdaderamente efectivo y responsable.\u00a0Es un cambio de juego y quiero compartirlo con todos.\u00a0Creo que el consumidor necesita saber que hay otra manera, que tiene una opci\u00f3n\u201d.\u00a0dijo Stella McCartney.<\/em><\/p>\n<p>Basada en la filosof\u00eda personal de Stella de usar &#8216;solo lo que necesitas&#8217;, la gama consta de tres productos esenciales: Reset Cleanser, Alter-Care Serum y Restore Cream.\u00a0La l\u00ednea es la culminaci\u00f3n de tres a\u00f1os de innovaci\u00f3n y exploraci\u00f3n con LVMH Recherche, la unidad de investigaci\u00f3n y desarrollo de belleza del grupo.\u00a0Ofreciendo impresionantes resultados cl\u00ednicamente probados, esta nueva gama ha sido formulada para trabajar en armon\u00eda con la piel, apoyando sus funciones clave de regeneraci\u00f3n y protecci\u00f3n.<\/p>\n<p>Cada etapa del ciclo de vida del producto ha sido desafiada para minimizar su impacto, desde los ingredientes hasta el empaque, desde las operaciones hasta el uso por parte del consumidor.\u00a0Todas las f\u00f3rmulas de los productos est\u00e1n hechas con al menos un 99 % de ingredientes de origen natural, y cada uno est\u00e1 disponible en una recarga ecol\u00f3gica \u00fanica.<\/p>\n<p>La l\u00ednea tiene un aroma excepcionalmente hermoso, &#8216;High Cliff&#8217;, creado en colaboraci\u00f3n con el renombrado perfumista Francis Kurkdjian, fundador y director art\u00edstico de Maison Francis Kurkdjian y director de creaci\u00f3n de perfumes de Parfums Christian Dior.<\/p><div id=\"luxon-871801485\" class=\"luxon-7-parrafo luxon-entity-placement\" style=\"margin-top: 20px;margin-bottom: 20px;margin-left: auto;margin-right: auto;text-align: center;\"><a href=\"https:\/\/theintelligence.institute\/course\/inteligencia-artificial-para-directivos\" target=\"_blank\" aria-label=\"CSIAD_empresas_THEI_horizontal_4x3_v5\"><img loading=\"lazy\" decoding=\"async\" src=\"https:\/\/i0.wp.com\/luxonomy.net\/wp-content\/uploads\/2025\/08\/CSIAD_empresas_THEI_horizontal_4x3_v5.png?fit=2000%2C1500&#038;ssl=1\" alt=\"\"  srcset=\"https:\/\/i0.wp.com\/luxonomy.net\/wp-content\/uploads\/2025\/08\/CSIAD_empresas_THEI_horizontal_4x3_v5.png?w=2000&ssl=1 2000w, https:\/\/i0.wp.com\/luxonomy.net\/wp-content\/uploads\/2025\/08\/CSIAD_empresas_THEI_horizontal_4x3_v5.png?resize=300%2C225&ssl=1 300w, https:\/\/i0.wp.com\/luxonomy.net\/wp-content\/uploads\/2025\/08\/CSIAD_empresas_THEI_horizontal_4x3_v5.png?resize=1024%2C768&ssl=1 1024w, https:\/\/i0.wp.com\/luxonomy.net\/wp-content\/uploads\/2025\/08\/CSIAD_empresas_THEI_horizontal_4x3_v5.png?resize=768%2C576&ssl=1 768w, https:\/\/i0.wp.com\/luxonomy.net\/wp-content\/uploads\/2025\/08\/CSIAD_empresas_THEI_horizontal_4x3_v5.png?resize=1536%2C1152&ssl=1 1536w, https:\/\/i0.wp.com\/luxonomy.net\/wp-content\/uploads\/2025\/08\/CSIAD_empresas_THEI_horizontal_4x3_v5.png?resize=370%2C278&ssl=1 370w, https:\/\/i0.wp.com\/luxonomy.net\/wp-content\/uploads\/2025\/08\/CSIAD_empresas_THEI_horizontal_4x3_v5.png?resize=800%2C600&ssl=1 800w, https:\/\/i0.wp.com\/luxonomy.net\/wp-content\/uploads\/2025\/08\/CSIAD_empresas_THEI_horizontal_4x3_v5.png?resize=20%2C15&ssl=1 20w, https:\/\/i0.wp.com\/luxonomy.net\/wp-content\/uploads\/2025\/08\/CSIAD_empresas_THEI_horizontal_4x3_v5.png?resize=740%2C555&ssl=1 740w, https:\/\/i0.wp.com\/luxonomy.net\/wp-content\/uploads\/2025\/08\/CSIAD_empresas_THEI_horizontal_4x3_v5.png?resize=1600%2C1200&ssl=1 1600w, https:\/\/i0.wp.com\/luxonomy.net\/wp-content\/uploads\/2025\/08\/CSIAD_empresas_THEI_horizontal_4x3_v5.png?resize=1200%2C900&ssl=1 1200w, https:\/\/i0.wp.com\/luxonomy.net\/wp-content\/uploads\/2025\/08\/CSIAD_empresas_THEI_horizontal_4x3_v5.png?resize=64%2C48&ssl=1 64w\" sizes=\"(max-width: 1170px) 100vw, 1170px\" class=\"no-lazyload\" width=\"2000\" height=\"1500\"   \/><\/a><\/div>\n<p>Todos los productos estar\u00e1n disponibles en\u00a0<a href=\"http:\/\/www.stellamccartneybeauty.com\/\" target=\"_blank\" rel=\"noopener\">www.stellamccartneybeauty.com<\/a><\/p>\n<p>ya trav\u00e9s de una selecci\u00f3n de minoristas y boutiques del Reino Unido, que incluyen: la tienda insignia de Stella McCartney UK en Old Bond Street desde principios de septiembre y Space NK desde mediados de septiembre.<\/p>\n<p>Stella McCartney ha optado por apoyar a la ONG conservacionista Wetlands International, comprometi\u00e9ndose a donar el 1% de las ventas netas del cuidado de la piel STELLA.<\/p>\n<\/div>\n<\/div>\n<\/div>\n<\/div>\n<\/div>\n","protected":false},"excerpt":{"rendered":"<p>Tras de una exitosa asociaci\u00f3n con LVMH que comenz\u00f3 en 2019, Stella McCartney ha colaborado con la divisi\u00f3n de belleza de LVMH para desarrollar su nueva l\u00ednea de cuidado de la piel, STELLA by Stella McCartney. Despu\u00e9s de ser pionera en la industria de la moda de lujo consciente, la ambici\u00f3n de Stella es ofrecer&hellip;<\/p>\n","protected":false},"author":11,"featured_media":27591,"comment_status":"open","ping_status":"open","sticky":false,"template":"","format":"standard","meta":{"_jetpack_newsletter_access":"","_jetpack_dont_email_post_to_subs":false,"_jetpack_newsletter_tier_id":0,"_jetpack_memberships_contains_paywalled_content":false,"_jetpack_feature_clip_id":0,"_jetpack_memberships_contains_paid_content":false,"footnotes":"","jetpack_publicize_message":"Stella McCartney y LVMH anuncian el lanzamiento de STELLA, una nueva marca de belleza de LVMH","jetpack_publicize_feature_enabled":true,"jetpack_social_post_already_shared":true,"jetpack_social_options":{"image_generator_settings":{"template":"edge","default_image_id":0,"font":"","enabled":false},"version":2},"jetpack_post_was_ever_published":false},"categories":[17],"tags":[313,585,395],"thb-sponsors":[],"class_list":["post-27593","post","type-post","status-publish","format-standard","has-post-thumbnail","hentry","category-belleza","tag-belleza","tag-lvmh","tag-stella-mccartney"],"yoast_head":"<!-- This site is optimized with the Yoast SEO plugin v28.4 - https:\/\/yoast.com\/product\/yoast-seo-wordpress\/ -->\n<title>Stella McCartney y LVMH anuncian el lanzamiento de STELLA, una nueva marca de belleza de LVMH | LUXONOMY<\/title>\n<meta name=\"robots\" content=\"index, follow, max-snippet:-1, max-image-preview:large, max-video-preview:-1\" \/>\n<link rel=\"canonical\" href=\"https:\/\/luxonomy.net\/es\/stella-mccartney-y-lvmh-anuncian-el-lanzamiento-de-stella-una-nueva-marca-de-belleza-de-lvmh\/\" \/>\n<meta property=\"og:locale\" content=\"es_ES\" \/>\n<meta property=\"og:type\" content=\"article\" \/>\n<meta property=\"og:title\" content=\"Stella McCartney y LVMH anuncian el lanzamiento de STELLA, una nueva marca de belleza de LVMH | LUXONOMY\" \/>\n<meta property=\"og:description\" content=\"Tras de una exitosa asociaci\u00f3n con LVMH que comenz\u00f3 en 2019, Stella McCartney ha colaborado con la divisi\u00f3n de belleza de LVMH para desarrollar su nueva l\u00ednea de cuidado de la piel, STELLA by Stella McCartney. Despu\u00e9s de ser pionera en la industria de la moda de lujo consciente, la ambici\u00f3n de Stella es ofrecer&hellip;\" \/>\n<meta property=\"og:url\" content=\"https:\/\/luxonomy.net\/es\/stella-mccartney-y-lvmh-anuncian-el-lanzamiento-de-stella-una-nueva-marca-de-belleza-de-lvmh\/\" \/>\n<meta property=\"og:site_name\" content=\"LUXONOMY\" \/>\n<meta property=\"article:publisher\" content=\"https:\/\/www.facebook.com\/luxonomy\" \/>\n<meta property=\"article:published_time\" content=\"2022-08-26T11:09:03+00:00\" \/>\n<meta property=\"article:modified_time\" content=\"2022-08-26T12:27:51+00:00\" \/>\n<meta property=\"og:image\" content=\"https:\/\/i0.wp.com\/luxonomy.net\/wp-content\/uploads\/2022\/08\/Stella-McCartney-and-LVMH-announce-the-launch-of-STELLA-a-new-LVMH-Beauty-Maison.jpg?fit=2000%2C1100&quality=89&ssl=1\" \/>\n\t<meta property=\"og:image:width\" content=\"2000\" \/>\n\t<meta property=\"og:image:height\" content=\"1100\" \/>\n\t<meta property=\"og:image:type\" content=\"image\/jpeg\" \/>\n<meta name=\"author\" content=\"Kristi Ellis\" \/>\n<meta name=\"twitter:card\" content=\"summary_large_image\" \/>\n<meta name=\"twitter:label1\" content=\"Escrito por\" \/>\n\t<meta name=\"twitter:data1\" content=\"Kristi Ellis\" \/>\n\t<meta name=\"twitter:label2\" content=\"Tiempo de lectura\" \/>\n\t<meta name=\"twitter:data2\" content=\"3 minutos\" \/>\n<script type=\"application\/ld+json\" class=\"yoast-schema-graph\">{\"@context\":\"https:\\\/\\\/schema.org\",\"@graph\":[{\"@type\":\"Article\",\"@id\":\"https:\\\/\\\/luxonomy.net\\\/es\\\/stella-mccartney-y-lvmh-anuncian-el-lanzamiento-de-stella-una-nueva-marca-de-belleza-de-lvmh\\\/#article\",\"isPartOf\":{\"@id\":\"https:\\\/\\\/luxonomy.net\\\/es\\\/stella-mccartney-y-lvmh-anuncian-el-lanzamiento-de-stella-una-nueva-marca-de-belleza-de-lvmh\\\/\"},\"author\":{\"name\":\"Kristi Ellis\",\"@id\":\"https:\\\/\\\/luxonomy.net\\\/es\\\/#\\\/schema\\\/person\\\/1a813e5ec518f582af236d6344aa6c01\"},\"headline\":\"Stella McCartney y LVMH anuncian el lanzamiento de STELLA, una nueva marca de belleza de LVMH\",\"datePublished\":\"2022-08-26T11:09:03+00:00\",\"dateModified\":\"2022-08-26T12:27:51+00:00\",\"mainEntityOfPage\":{\"@id\":\"https:\\\/\\\/luxonomy.net\\\/es\\\/stella-mccartney-y-lvmh-anuncian-el-lanzamiento-de-stella-una-nueva-marca-de-belleza-de-lvmh\\\/\"},\"wordCount\":572,\"commentCount\":0,\"publisher\":{\"@id\":\"https:\\\/\\\/luxonomy.net\\\/es\\\/#organization\"},\"image\":{\"@id\":\"https:\\\/\\\/luxonomy.net\\\/es\\\/stella-mccartney-y-lvmh-anuncian-el-lanzamiento-de-stella-una-nueva-marca-de-belleza-de-lvmh\\\/#primaryimage\"},\"thumbnailUrl\":\"https:\\\/\\\/i0.wp.com\\\/luxonomy.net\\\/wp-content\\\/uploads\\\/2022\\\/08\\\/Stella-McCartney-and-LVMH-announce-the-launch-of-STELLA-a-new-LVMH-Beauty-Maison.jpg?fit=2000%2C1100&ssl=1\",\"keywords\":[\"belleza\",\"LVMH\",\"Stella McCartney\"],\"articleSection\":[\"Belleza\"],\"inLanguage\":\"es\",\"potentialAction\":[{\"@type\":\"CommentAction\",\"name\":\"Comment\",\"target\":[\"https:\\\/\\\/luxonomy.net\\\/es\\\/stella-mccartney-y-lvmh-anuncian-el-lanzamiento-de-stella-una-nueva-marca-de-belleza-de-lvmh\\\/#respond\"]}]},{\"@type\":\"WebPage\",\"@id\":\"https:\\\/\\\/luxonomy.net\\\/es\\\/stella-mccartney-y-lvmh-anuncian-el-lanzamiento-de-stella-una-nueva-marca-de-belleza-de-lvmh\\\/\",\"url\":\"https:\\\/\\\/luxonomy.net\\\/es\\\/stella-mccartney-y-lvmh-anuncian-el-lanzamiento-de-stella-una-nueva-marca-de-belleza-de-lvmh\\\/\",\"name\":\"Stella McCartney y LVMH anuncian el lanzamiento de STELLA, una nueva marca de belleza de LVMH | LUXONOMY\",\"isPartOf\":{\"@id\":\"https:\\\/\\\/luxonomy.net\\\/es\\\/#website\"},\"primaryImageOfPage\":{\"@id\":\"https:\\\/\\\/luxonomy.net\\\/es\\\/stella-mccartney-y-lvmh-anuncian-el-lanzamiento-de-stella-una-nueva-marca-de-belleza-de-lvmh\\\/#primaryimage\"},\"image\":{\"@id\":\"https:\\\/\\\/luxonomy.net\\\/es\\\/stella-mccartney-y-lvmh-anuncian-el-lanzamiento-de-stella-una-nueva-marca-de-belleza-de-lvmh\\\/#primaryimage\"},\"thumbnailUrl\":\"https:\\\/\\\/i0.wp.com\\\/luxonomy.net\\\/wp-content\\\/uploads\\\/2022\\\/08\\\/Stella-McCartney-and-LVMH-announce-the-launch-of-STELLA-a-new-LVMH-Beauty-Maison.jpg?fit=2000%2C1100&ssl=1\",\"datePublished\":\"2022-08-26T11:09:03+00:00\",\"dateModified\":\"2022-08-26T12:27:51+00:00\",\"breadcrumb\":{\"@id\":\"https:\\\/\\\/luxonomy.net\\\/es\\\/stella-mccartney-y-lvmh-anuncian-el-lanzamiento-de-stella-una-nueva-marca-de-belleza-de-lvmh\\\/#breadcrumb\"},\"inLanguage\":\"es\",\"potentialAction\":[{\"@type\":\"ReadAction\",\"target\":[\"https:\\\/\\\/luxonomy.net\\\/es\\\/stella-mccartney-y-lvmh-anuncian-el-lanzamiento-de-stella-una-nueva-marca-de-belleza-de-lvmh\\\/\"]}]},{\"@type\":\"ImageObject\",\"inLanguage\":\"es\",\"@id\":\"https:\\\/\\\/luxonomy.net\\\/es\\\/stella-mccartney-y-lvmh-anuncian-el-lanzamiento-de-stella-una-nueva-marca-de-belleza-de-lvmh\\\/#primaryimage\",\"url\":\"https:\\\/\\\/i0.wp.com\\\/luxonomy.net\\\/wp-content\\\/uploads\\\/2022\\\/08\\\/Stella-McCartney-and-LVMH-announce-the-launch-of-STELLA-a-new-LVMH-Beauty-Maison.jpg?fit=2000%2C1100&ssl=1\",\"contentUrl\":\"https:\\\/\\\/i0.wp.com\\\/luxonomy.net\\\/wp-content\\\/uploads\\\/2022\\\/08\\\/Stella-McCartney-and-LVMH-announce-the-launch-of-STELLA-a-new-LVMH-Beauty-Maison.jpg?fit=2000%2C1100&ssl=1\",\"width\":2000,\"height\":1100},{\"@type\":\"BreadcrumbList\",\"@id\":\"https:\\\/\\\/luxonomy.net\\\/es\\\/stella-mccartney-y-lvmh-anuncian-el-lanzamiento-de-stella-una-nueva-marca-de-belleza-de-lvmh\\\/#breadcrumb\",\"itemListElement\":[{\"@type\":\"ListItem\",\"position\":1,\"name\":\"Portada\",\"item\":\"https:\\\/\\\/luxonomy.net\\\/es\\\/\"},{\"@type\":\"ListItem\",\"position\":2,\"name\":\"Stella McCartney y LVMH anuncian el lanzamiento de STELLA, una nueva marca de belleza de LVMH\"}]},{\"@type\":\"WebSite\",\"@id\":\"https:\\\/\\\/luxonomy.net\\\/es\\\/#website\",\"url\":\"https:\\\/\\\/luxonomy.net\\\/es\\\/\",\"name\":\"LUXONOMY\",\"description\":\"The Economy of Fashion &amp; Luxury\",\"publisher\":{\"@id\":\"https:\\\/\\\/luxonomy.net\\\/es\\\/#organization\"},\"potentialAction\":[{\"@type\":\"SearchAction\",\"target\":{\"@type\":\"EntryPoint\",\"urlTemplate\":\"https:\\\/\\\/luxonomy.net\\\/es\\\/?s={search_term_string}\"},\"query-input\":{\"@type\":\"PropertyValueSpecification\",\"valueRequired\":true,\"valueName\":\"search_term_string\"}}],\"inLanguage\":\"es\"},{\"@type\":\"Organization\",\"@id\":\"https:\\\/\\\/luxonomy.net\\\/es\\\/#organization\",\"name\":\"LUXONOMY\",\"url\":\"https:\\\/\\\/luxonomy.net\\\/es\\\/\",\"logo\":{\"@type\":\"ImageObject\",\"inLanguage\":\"es\",\"@id\":\"https:\\\/\\\/luxonomy.net\\\/es\\\/#\\\/schema\\\/logo\\\/image\\\/\",\"url\":\"https:\\\/\\\/i2.wp.com\\\/luxonomy.net\\\/wp-content\\\/uploads\\\/2021\\\/09\\\/MOCKUP-TODOS-LUXONOMY.jpg?fit=1000%2C515&ssl=1\",\"contentUrl\":\"https:\\\/\\\/i2.wp.com\\\/luxonomy.net\\\/wp-content\\\/uploads\\\/2021\\\/09\\\/MOCKUP-TODOS-LUXONOMY.jpg?fit=1000%2C515&ssl=1\",\"width\":1000,\"height\":515,\"caption\":\"LUXONOMY\"},\"image\":{\"@id\":\"https:\\\/\\\/luxonomy.net\\\/es\\\/#\\\/schema\\\/logo\\\/image\\\/\"},\"sameAs\":[\"https:\\\/\\\/www.facebook.com\\\/luxonomy\",\"https:\\\/\\\/www.instagram.com\\\/luxonomy\\\/\",\"https:\\\/\\\/www.linkedin.com\\\/company\\\/luxonomy\\\/\"]},{\"@type\":\"Person\",\"@id\":\"https:\\\/\\\/luxonomy.net\\\/es\\\/#\\\/schema\\\/person\\\/1a813e5ec518f582af236d6344aa6c01\",\"name\":\"Kristi Ellis\",\"image\":{\"@type\":\"ImageObject\",\"inLanguage\":\"es\",\"@id\":\"https:\\\/\\\/luxonomy.net\\\/wp-content\\\/litespeed\\\/avatar\\\/ae0c58256b980352bba3c97a8f9abe32.jpg?ver=1788580188\",\"url\":\"https:\\\/\\\/luxonomy.net\\\/wp-content\\\/litespeed\\\/avatar\\\/ae0c58256b980352bba3c97a8f9abe32.jpg?ver=1788580188\",\"contentUrl\":\"https:\\\/\\\/luxonomy.net\\\/wp-content\\\/litespeed\\\/avatar\\\/ae0c58256b980352bba3c97a8f9abe32.jpg?ver=1788580188\",\"caption\":\"Kristi Ellis\"},\"url\":\"https:\\\/\\\/luxonomy.net\\\/es\\\/author\\\/kristi-ellis\\\/\"}]}<\/script>\n<!-- \/ Yoast SEO plugin. -->","yoast_head_json":{"title":"Stella McCartney y LVMH anuncian el lanzamiento de STELLA, una nueva marca de belleza de LVMH | LUXONOMY","robots":{"index":"index","follow":"follow","max-snippet":"max-snippet:-1","max-image-preview":"max-image-preview:large","max-video-preview":"max-video-preview:-1"},"canonical":"https:\/\/luxonomy.net\/es\/stella-mccartney-y-lvmh-anuncian-el-lanzamiento-de-stella-una-nueva-marca-de-belleza-de-lvmh\/","og_locale":"es_ES","og_type":"article","og_title":"Stella McCartney y LVMH anuncian el lanzamiento de STELLA, una nueva marca de belleza de LVMH | LUXONOMY","og_description":"Tras de una exitosa asociaci\u00f3n con LVMH que comenz\u00f3 en 2019, Stella McCartney ha colaborado con la divisi\u00f3n de belleza de LVMH para desarrollar su nueva l\u00ednea de cuidado de la piel, STELLA by Stella McCartney. Despu\u00e9s de ser pionera en la industria de la moda de lujo consciente, la ambici\u00f3n de Stella es ofrecer&hellip;","og_url":"https:\/\/luxonomy.net\/es\/stella-mccartney-y-lvmh-anuncian-el-lanzamiento-de-stella-una-nueva-marca-de-belleza-de-lvmh\/","og_site_name":"LUXONOMY","article_publisher":"https:\/\/www.facebook.com\/luxonomy","article_published_time":"2022-08-26T11:09:03+00:00","article_modified_time":"2022-08-26T12:27:51+00:00","og_image":[{"width":2000,"height":1100,"url":"https:\/\/i0.wp.com\/luxonomy.net\/wp-content\/uploads\/2022\/08\/Stella-McCartney-and-LVMH-announce-the-launch-of-STELLA-a-new-LVMH-Beauty-Maison.jpg?fit=2000%2C1100&quality=89&ssl=1","type":"image\/jpeg"}],"author":"Kristi Ellis","twitter_card":"summary_large_image","twitter_misc":{"Escrito por":"Kristi Ellis","Tiempo de lectura":"3 minutos"},"schema":{"@context":"https:\/\/schema.org","@graph":[{"@type":"Article","@id":"https:\/\/luxonomy.net\/es\/stella-mccartney-y-lvmh-anuncian-el-lanzamiento-de-stella-una-nueva-marca-de-belleza-de-lvmh\/#article","isPartOf":{"@id":"https:\/\/luxonomy.net\/es\/stella-mccartney-y-lvmh-anuncian-el-lanzamiento-de-stella-una-nueva-marca-de-belleza-de-lvmh\/"},"author":{"name":"Kristi Ellis","@id":"https:\/\/luxonomy.net\/es\/#\/schema\/person\/1a813e5ec518f582af236d6344aa6c01"},"headline":"Stella McCartney y LVMH anuncian el lanzamiento de STELLA, una nueva marca de belleza de LVMH","datePublished":"2022-08-26T11:09:03+00:00","dateModified":"2022-08-26T12:27:51+00:00","mainEntityOfPage":{"@id":"https:\/\/luxonomy.net\/es\/stella-mccartney-y-lvmh-anuncian-el-lanzamiento-de-stella-una-nueva-marca-de-belleza-de-lvmh\/"},"wordCount":572,"commentCount":0,"publisher":{"@id":"https:\/\/luxonomy.net\/es\/#organization"},"image":{"@id":"https:\/\/luxonomy.net\/es\/stella-mccartney-y-lvmh-anuncian-el-lanzamiento-de-stella-una-nueva-marca-de-belleza-de-lvmh\/#primaryimage"},"thumbnailUrl":"https:\/\/i0.wp.com\/luxonomy.net\/wp-content\/uploads\/2022\/08\/Stella-McCartney-and-LVMH-announce-the-launch-of-STELLA-a-new-LVMH-Beauty-Maison.jpg?fit=2000%2C1100&ssl=1","keywords":["belleza","LVMH","Stella McCartney"],"articleSection":["Belleza"],"inLanguage":"es","potentialAction":[{"@type":"CommentAction","name":"Comment","target":["https:\/\/luxonomy.net\/es\/stella-mccartney-y-lvmh-anuncian-el-lanzamiento-de-stella-una-nueva-marca-de-belleza-de-lvmh\/#respond"]}]},{"@type":"WebPage","@id":"https:\/\/luxonomy.net\/es\/stella-mccartney-y-lvmh-anuncian-el-lanzamiento-de-stella-una-nueva-marca-de-belleza-de-lvmh\/","url":"https:\/\/luxonomy.net\/es\/stella-mccartney-y-lvmh-anuncian-el-lanzamiento-de-stella-una-nueva-marca-de-belleza-de-lvmh\/","name":"Stella McCartney y LVMH anuncian el lanzamiento de STELLA, una nueva marca de belleza de LVMH | LUXONOMY","isPartOf":{"@id":"https:\/\/luxonomy.net\/es\/#website"},"primaryImageOfPage":{"@id":"https:\/\/luxonomy.net\/es\/stella-mccartney-y-lvmh-anuncian-el-lanzamiento-de-stella-una-nueva-marca-de-belleza-de-lvmh\/#primaryimage"},"image":{"@id":"https:\/\/luxonomy.net\/es\/stella-mccartney-y-lvmh-anuncian-el-lanzamiento-de-stella-una-nueva-marca-de-belleza-de-lvmh\/#primaryimage"},"thumbnailUrl":"https:\/\/i0.wp.com\/luxonomy.net\/wp-content\/uploads\/2022\/08\/Stella-McCartney-and-LVMH-announce-the-launch-of-STELLA-a-new-LVMH-Beauty-Maison.jpg?fit=2000%2C1100&ssl=1","datePublished":"2022-08-26T11:09:03+00:00","dateModified":"2022-08-26T12:27:51+00:00","breadcrumb":{"@id":"https:\/\/luxonomy.net\/es\/stella-mccartney-y-lvmh-anuncian-el-lanzamiento-de-stella-una-nueva-marca-de-belleza-de-lvmh\/#breadcrumb"},"inLanguage":"es","potentialAction":[{"@type":"ReadAction","target":["https:\/\/luxonomy.net\/es\/stella-mccartney-y-lvmh-anuncian-el-lanzamiento-de-stella-una-nueva-marca-de-belleza-de-lvmh\/"]}]},{"@type":"ImageObject","inLanguage":"es","@id":"https:\/\/luxonomy.net\/es\/stella-mccartney-y-lvmh-anuncian-el-lanzamiento-de-stella-una-nueva-marca-de-belleza-de-lvmh\/#primaryimage","url":"https:\/\/i0.wp.com\/luxonomy.net\/wp-content\/uploads\/2022\/08\/Stella-McCartney-and-LVMH-announce-the-launch-of-STELLA-a-new-LVMH-Beauty-Maison.jpg?fit=2000%2C1100&ssl=1","contentUrl":"https:\/\/i0.wp.com\/luxonomy.net\/wp-content\/uploads\/2022\/08\/Stella-McCartney-and-LVMH-announce-the-launch-of-STELLA-a-new-LVMH-Beauty-Maison.jpg?fit=2000%2C1100&ssl=1","width":2000,"height":1100},{"@type":"BreadcrumbList","@id":"https:\/\/luxonomy.net\/es\/stella-mccartney-y-lvmh-anuncian-el-lanzamiento-de-stella-una-nueva-marca-de-belleza-de-lvmh\/#breadcrumb","itemListElement":[{"@type":"ListItem","position":1,"name":"Portada","item":"https:\/\/luxonomy.net\/es\/"},{"@type":"ListItem","position":2,"name":"Stella McCartney y LVMH anuncian el lanzamiento de STELLA, una nueva marca de belleza de LVMH"}]},{"@type":"WebSite","@id":"https:\/\/luxonomy.net\/es\/#website","url":"https:\/\/luxonomy.net\/es\/","name":"LUXONOMY","description":"The Economy of Fashion &amp; Luxury","publisher":{"@id":"https:\/\/luxonomy.net\/es\/#organization"},"potentialAction":[{"@type":"SearchAction","target":{"@type":"EntryPoint","urlTemplate":"https:\/\/luxonomy.net\/es\/?s={search_term_string}"},"query-input":{"@type":"PropertyValueSpecification","valueRequired":true,"valueName":"search_term_string"}}],"inLanguage":"es"},{"@type":"Organization","@id":"https:\/\/luxonomy.net\/es\/#organization","name":"LUXONOMY","url":"https:\/\/luxonomy.net\/es\/","logo":{"@type":"ImageObject","inLanguage":"es","@id":"https:\/\/luxonomy.net\/es\/#\/schema\/logo\/image\/","url":"https:\/\/i2.wp.com\/luxonomy.net\/wp-content\/uploads\/2021\/09\/MOCKUP-TODOS-LUXONOMY.jpg?fit=1000%2C515&ssl=1","contentUrl":"https:\/\/i2.wp.com\/luxonomy.net\/wp-content\/uploads\/2021\/09\/MOCKUP-TODOS-LUXONOMY.jpg?fit=1000%2C515&ssl=1","width":1000,"height":515,"caption":"LUXONOMY"},"image":{"@id":"https:\/\/luxonomy.net\/es\/#\/schema\/logo\/image\/"},"sameAs":["https:\/\/www.facebook.com\/luxonomy","https:\/\/www.instagram.com\/luxonomy\/","https:\/\/www.linkedin.com\/company\/luxonomy\/"]},{"@type":"Person","@id":"https:\/\/luxonomy.net\/es\/#\/schema\/person\/1a813e5ec518f582af236d6344aa6c01","name":"Kristi Ellis","image":{"@type":"ImageObject","inLanguage":"es","@id":"https:\/\/luxonomy.net\/wp-content\/litespeed\/avatar\/ae0c58256b980352bba3c97a8f9abe32.jpg?ver=1788580188","url":"https:\/\/luxonomy.net\/wp-content\/litespeed\/avatar\/ae0c58256b980352bba3c97a8f9abe32.jpg?ver=1788580188","contentUrl":"https:\/\/luxonomy.net\/wp-content\/litespeed\/avatar\/ae0c58256b980352bba3c97a8f9abe32.jpg?ver=1788580188","caption":"Kristi Ellis"},"url":"https:\/\/luxonomy.net\/es\/author\/kristi-ellis\/"}]}},"jetpack_publicize_connections":[],"jetpack_shortlink":"https:\/\/wp.me\/paPhBa-7b3","jetpack_sharing_enabled":true,"jetpack_featured_media_url":"https:\/\/i0.wp.com\/luxonomy.net\/wp-content\/uploads\/2022\/08\/Stella-McCartney-and-LVMH-announce-the-launch-of-STELLA-a-new-LVMH-Beauty-Maison.jpg?fit=2000%2C1100&ssl=1","_links":{"self":[{"href":"https:\/\/luxonomy.net\/es\/wp-json\/wp\/v2\/posts\/27593","targetHints":{"allow":["GET"]}}],"collection":[{"href":"https:\/\/luxonomy.net\/es\/wp-json\/wp\/v2\/posts"}],"about":[{"href":"https:\/\/luxonomy.net\/es\/wp-json\/wp\/v2\/types\/post"}],"author":[{"embeddable":true,"href":"https:\/\/luxonomy.net\/es\/wp-json\/wp\/v2\/users\/11"}],"replies":[{"embeddable":true,"href":"https:\/\/luxonomy.net\/es\/wp-json\/wp\/v2\/comments?post=27593"}],"version-history":[{"count":3,"href":"https:\/\/luxonomy.net\/es\/wp-json\/wp\/v2\/posts\/27593\/revisions"}],"predecessor-version":[{"id":27596,"href":"https:\/\/luxonomy.net\/es\/wp-json\/wp\/v2\/posts\/27593\/revisions\/27596"}],"wp:featuredmedia":[{"embeddable":true,"href":"https:\/\/luxonomy.net\/es\/wp-json\/wp\/v2\/media\/27591"}],"wp:attachment":[{"href":"https:\/\/luxonomy.net\/es\/wp-json\/wp\/v2\/media?parent=27593"}],"wp:term":[{"taxonomy":"category","embeddable":true,"href":"https:\/\/luxonomy.net\/es\/wp-json\/wp\/v2\/categories?post=27593"},{"taxonomy":"post_tag","embeddable":true,"href":"https:\/\/luxonomy.net\/es\/wp-json\/wp\/v2\/tags?post=27593"},{"taxonomy":"thb-sponsors","embeddable":true,"href":"https:\/\/luxonomy.net\/es\/wp-json\/wp\/v2\/thb-sponsors?post=27593"}],"curies":[{"name":"wp","href":"https:\/\/api.w.org\/{rel}","templated":true}]}}