{"id":23463,"date":"2022-08-22T13:40:47","date_gmt":"2022-08-22T11:40:47","guid":{"rendered":"https:\/?p=23463"},"modified":"2022-08-22T13:40:47","modified_gmt":"2022-08-22T11:40:47","slug":"land-rover-presenta-el-range-rover-sv-carmel-edicion-limitada","status":"publish","type":"post","link":"https:\/\/luxonomy.net\/es\/land-rover-presenta-el-range-rover-sv-carmel-edicion-limitada\/","title":{"rendered":"Land Rover presenta el Range Rover SV Carmel edici\u00f3n limitada"},"content":{"rendered":"<p>Entusiastas de los autom\u00f3viles de todo el mundo han aterrizado en Pebble Beach Concours d&#8217;Elegance para disfrutar de los \u00faltimos d\u00edas de la Semana del Autom\u00f3vil de Monterey. Casi todos los fabricantes de lujo participan en una serie de exhibiciones de autom\u00f3viles y eventos VIP para exhibir autom\u00f3viles nuevos y objetos de inter\u00e9s de autom\u00f3viles, y uno de los que est\u00e1 en la lista es Land Rover. El fabricante de autom\u00f3viles brit\u00e1nico tuvo un momento espectacular cuando present\u00f3 oficialmente su Range Rover SV Carmel Edition extremadamente limitado.<\/p>\n<p><img loading=\"lazy\" decoding=\"async\" data-attachment-id=\"23466\" data-permalink=\"https:\/\/luxonomy.net\/es\/land-rover-presenta-el-range-rover-sv-carmel-edicion-limitada\/range-rover-sv-carmel-edition\/\" data-orig-file=\"https:\/\/i0.wp.com\/luxonomy.net\/wp-content\/uploads\/2022\/08\/Range-Rover-SV-Carmel-Edition.jpeg?fit=1280%2C853&amp;ssl=1\" data-orig-size=\"1280,853\" data-comments-opened=\"1\" data-image-title=\"Range Rover SV Carmel Edition\" data-image-description=\"\" data-image-caption=\"\" data-large-file=\"https:\/\/i0.wp.com\/luxonomy.net\/wp-content\/uploads\/2022\/08\/Range-Rover-SV-Carmel-Edition.jpeg?fit=1024%2C682&amp;ssl=1\" class=\"aligncenter size-full wp-image-23466 lazyload\" src=\"data:image\/gif;base64,R0lGODlhAQABAAAAACH5BAEKAAEALAAAAAABAAEAAAICTAEAOw==\" data-src=\"http:\/\/luxonomy.net\/wp-content\/uploads\/2022\/08\/Range-Rover-SV-Carmel-Edition.jpeg\" alt=\"\" width=\"1280\" height=\"853\" data-sizes=\"auto\" data-srcset=\"https:\/\/i0.wp.com\/luxonomy.net\/wp-content\/uploads\/2022\/08\/Range-Rover-SV-Carmel-Edition.jpeg?w=1280&amp;ssl=1 1280w, https:\/\/i0.wp.com\/luxonomy.net\/wp-content\/uploads\/2022\/08\/Range-Rover-SV-Carmel-Edition.jpeg?resize=300%2C200&amp;ssl=1 300w, https:\/\/i0.wp.com\/luxonomy.net\/wp-content\/uploads\/2022\/08\/Range-Rover-SV-Carmel-Edition.jpeg?resize=1024%2C682&amp;ssl=1 1024w, https:\/\/i0.wp.com\/luxonomy.net\/wp-content\/uploads\/2022\/08\/Range-Rover-SV-Carmel-Edition.jpeg?resize=768%2C512&amp;ssl=1 768w, https:\/\/i0.wp.com\/luxonomy.net\/wp-content\/uploads\/2022\/08\/Range-Rover-SV-Carmel-Edition.jpeg?resize=370%2C247&amp;ssl=1 370w, https:\/\/i0.wp.com\/luxonomy.net\/wp-content\/uploads\/2022\/08\/Range-Rover-SV-Carmel-Edition.jpeg?resize=800%2C533&amp;ssl=1 800w, https:\/\/i0.wp.com\/luxonomy.net\/wp-content\/uploads\/2022\/08\/Range-Rover-SV-Carmel-Edition.jpeg?resize=20%2C13&amp;ssl=1 20w, https:\/\/i0.wp.com\/luxonomy.net\/wp-content\/uploads\/2022\/08\/Range-Rover-SV-Carmel-Edition.jpeg?resize=185%2C123&amp;ssl=1 185w, https:\/\/i0.wp.com\/luxonomy.net\/wp-content\/uploads\/2022\/08\/Range-Rover-SV-Carmel-Edition.jpeg?resize=740%2C493&amp;ssl=1 740w, https:\/\/i0.wp.com\/luxonomy.net\/wp-content\/uploads\/2022\/08\/Range-Rover-SV-Carmel-Edition.jpeg?resize=400%2C267&amp;ssl=1 400w, https:\/\/i0.wp.com\/luxonomy.net\/wp-content\/uploads\/2022\/08\/Range-Rover-SV-Carmel-Edition.jpeg?resize=72%2C48&amp;ssl=1 72w\" sizes=\"auto, (max-width: 1170px) 100vw, 1170px\" \/><\/p>\n<p>\u201cEl Range Rover SV Carmel Edition rinde homenaje a la belleza de la costa de Carmel\u201d, dice Joe Eberhardt, presidente y director ejecutivo de Jaguar Land Rover North America. \u201cNos complace presentar este veh\u00edculo ultraexclusivo a nuestros invitados en Range Rover House y mostrar la artesan\u00eda y los elementos de dise\u00f1o que hacen que esta edici\u00f3n sea tan especial\u201d.<\/p>\n<p>El Range Rover SV Carmel Edition tiene un precio de $ 345,000 USD y se ofrece exclusivamente a los clientes de Range Rover House. Adem\u00e1s, solo se han producido 17 unidades.<\/p><div id=\"luxon-802011213\" class=\"luxon-3er-parrafo luxon-entity-placement\" style=\"margin-top: 20px;margin-bottom: 20px;margin-left: auto;margin-right: auto;text-align: center;\"><a href=\"https:\/\/luxonomy.university\/course\/master-turismo-de-lujo\" target=\"_blank\" aria-label=\"master-turismo-lujo-2026-2027\"><img loading=\"lazy\" decoding=\"async\" src=\"https:\/\/i0.wp.com\/luxonomy.net\/wp-content\/uploads\/2020\/07\/master-turismo-lujo-2026-2027.jpg?fit=1672%2C941&#038;ssl=1\" alt=\"\"  srcset=\"https:\/\/i0.wp.com\/luxonomy.net\/wp-content\/uploads\/2020\/07\/master-turismo-lujo-2026-2027.jpg?w=1672&ssl=1 1672w, https:\/\/i0.wp.com\/luxonomy.net\/wp-content\/uploads\/2020\/07\/master-turismo-lujo-2026-2027.jpg?resize=300%2C169&ssl=1 300w, https:\/\/i0.wp.com\/luxonomy.net\/wp-content\/uploads\/2020\/07\/master-turismo-lujo-2026-2027.jpg?resize=1024%2C576&ssl=1 1024w, https:\/\/i0.wp.com\/luxonomy.net\/wp-content\/uploads\/2020\/07\/master-turismo-lujo-2026-2027.jpg?resize=768%2C432&ssl=1 768w, https:\/\/i0.wp.com\/luxonomy.net\/wp-content\/uploads\/2020\/07\/master-turismo-lujo-2026-2027.jpg?resize=1536%2C864&ssl=1 1536w, https:\/\/i0.wp.com\/luxonomy.net\/wp-content\/uploads\/2020\/07\/master-turismo-lujo-2026-2027.jpg?resize=370%2C208&ssl=1 370w, https:\/\/i0.wp.com\/luxonomy.net\/wp-content\/uploads\/2020\/07\/master-turismo-lujo-2026-2027.jpg?resize=800%2C450&ssl=1 800w, https:\/\/i0.wp.com\/luxonomy.net\/wp-content\/uploads\/2020\/07\/master-turismo-lujo-2026-2027.jpg?resize=20%2C11&ssl=1 20w, https:\/\/i0.wp.com\/luxonomy.net\/wp-content\/uploads\/2020\/07\/master-turismo-lujo-2026-2027.jpg?resize=740%2C416&ssl=1 740w, https:\/\/i0.wp.com\/luxonomy.net\/wp-content\/uploads\/2020\/07\/master-turismo-lujo-2026-2027.jpg?resize=1600%2C900&ssl=1 1600w, https:\/\/i0.wp.com\/luxonomy.net\/wp-content\/uploads\/2020\/07\/master-turismo-lujo-2026-2027.jpg?resize=1200%2C675&ssl=1 1200w, https:\/\/i0.wp.com\/luxonomy.net\/wp-content\/uploads\/2020\/07\/master-turismo-lujo-2026-2027.jpg?resize=85%2C48&ssl=1 85w\" sizes=\"(max-width: 1170px) 100vw, 1170px\" class=\"no-lazyload\" width=\"1672\" height=\"941\"   \/><\/a><\/div>\n<p><img loading=\"lazy\" decoding=\"async\" data-attachment-id=\"23468\" data-permalink=\"https:\/\/luxonomy.net\/es\/land-rover-presenta-el-range-rover-sv-carmel-edicion-limitada\/range-rover-sv-carmel-edition-2\/\" data-orig-file=\"https:\/\/i0.wp.com\/luxonomy.net\/wp-content\/uploads\/2022\/08\/Range-Rover-SV-Carmel-Edition-2.jpeg?fit=1280%2C853&amp;ssl=1\" data-orig-size=\"1280,853\" data-comments-opened=\"1\" data-image-title=\"Range Rover SV Carmel Edition 2\" data-image-description=\"\" data-image-caption=\"\" data-large-file=\"https:\/\/i0.wp.com\/luxonomy.net\/wp-content\/uploads\/2022\/08\/Range-Rover-SV-Carmel-Edition-2.jpeg?fit=1024%2C682&amp;ssl=1\" class=\"aligncenter size-full wp-image-23468 lazyload\" src=\"data:image\/gif;base64,R0lGODlhAQABAAAAACH5BAEKAAEALAAAAAABAAEAAAICTAEAOw==\" data-src=\"http:\/\/luxonomy.net\/wp-content\/uploads\/2022\/08\/Range-Rover-SV-Carmel-Edition-2.jpeg\" alt=\"\" width=\"1280\" height=\"853\" data-sizes=\"auto\" data-srcset=\"https:\/\/i0.wp.com\/luxonomy.net\/wp-content\/uploads\/2022\/08\/Range-Rover-SV-Carmel-Edition-2.jpeg?w=1280&amp;ssl=1 1280w, https:\/\/i0.wp.com\/luxonomy.net\/wp-content\/uploads\/2022\/08\/Range-Rover-SV-Carmel-Edition-2.jpeg?resize=300%2C200&amp;ssl=1 300w, https:\/\/i0.wp.com\/luxonomy.net\/wp-content\/uploads\/2022\/08\/Range-Rover-SV-Carmel-Edition-2.jpeg?resize=1024%2C682&amp;ssl=1 1024w, https:\/\/i0.wp.com\/luxonomy.net\/wp-content\/uploads\/2022\/08\/Range-Rover-SV-Carmel-Edition-2.jpeg?resize=768%2C512&amp;ssl=1 768w, https:\/\/i0.wp.com\/luxonomy.net\/wp-content\/uploads\/2022\/08\/Range-Rover-SV-Carmel-Edition-2.jpeg?resize=370%2C247&amp;ssl=1 370w, https:\/\/i0.wp.com\/luxonomy.net\/wp-content\/uploads\/2022\/08\/Range-Rover-SV-Carmel-Edition-2.jpeg?resize=800%2C533&amp;ssl=1 800w, https:\/\/i0.wp.com\/luxonomy.net\/wp-content\/uploads\/2022\/08\/Range-Rover-SV-Carmel-Edition-2.jpeg?resize=20%2C13&amp;ssl=1 20w, https:\/\/i0.wp.com\/luxonomy.net\/wp-content\/uploads\/2022\/08\/Range-Rover-SV-Carmel-Edition-2.jpeg?resize=185%2C123&amp;ssl=1 185w, https:\/\/i0.wp.com\/luxonomy.net\/wp-content\/uploads\/2022\/08\/Range-Rover-SV-Carmel-Edition-2.jpeg?resize=740%2C493&amp;ssl=1 740w, https:\/\/i0.wp.com\/luxonomy.net\/wp-content\/uploads\/2022\/08\/Range-Rover-SV-Carmel-Edition-2.jpeg?resize=400%2C267&amp;ssl=1 400w, https:\/\/i0.wp.com\/luxonomy.net\/wp-content\/uploads\/2022\/08\/Range-Rover-SV-Carmel-Edition-2.jpeg?resize=72%2C48&amp;ssl=1 72w\" sizes=\"auto, (max-width: 1170px) 100vw, 1170px\" \/><\/p>\n","protected":false},"excerpt":{"rendered":"<p>Entusiastas de los autom\u00f3viles de todo el mundo han aterrizado en Pebble Beach Concours d&#8217;Elegance para disfrutar de los \u00faltimos d\u00edas de la Semana del Autom\u00f3vil de Monterey. Casi todos los fabricantes de lujo participan en una serie de exhibiciones de autom\u00f3viles y eventos VIP para exhibir autom\u00f3viles nuevos y objetos de inter\u00e9s de autom\u00f3viles,&hellip;<\/p>\n","protected":false},"author":11,"featured_media":23464,"comment_status":"open","ping_status":"open","sticky":false,"template":"","format":"standard","meta":{"_jetpack_newsletter_access":"","_jetpack_dont_email_post_to_subs":false,"_jetpack_newsletter_tier_id":0,"_jetpack_memberships_contains_paywalled_content":false,"_jetpack_feature_clip_id":0,"_jetpack_memberships_contains_paid_content":false,"footnotes":"","jetpack_publicize_message":"Land Rover presenta el Range Rover SV Carmel edici\u00f3n limitada\r\n\r\nEl Range Rover SV Carmel Edition rinde homenaje a la belleza de la costa de Carmel.\r\n\r\nTiene un precio de $ 345,000 USD y se ofrece exclusivamente a los clientes de Range Rover House. \r\n\r\nSolo se han producido 17 unidades\r\n\r\n#rangerover #motor #luxonomy","jetpack_publicize_feature_enabled":true,"jetpack_social_post_already_shared":true,"jetpack_social_options":{"image_generator_settings":{"template":"edge","default_image_id":0,"font":"","enabled":false},"version":2},"jetpack_post_was_ever_published":false},"categories":[296],"tags":[1124,222,1240],"thb-sponsors":[],"class_list":["post-23463","post","type-post","status-publish","format-standard","has-post-thumbnail","hentry","category-motor","tag-land-rover","tag-motor","tag-range-rover"],"yoast_head":"<!-- This site is optimized with the Yoast SEO plugin v28.4 - https:\/\/yoast.com\/product\/yoast-seo-wordpress\/ -->\n<title>Land Rover presenta el Range Rover SV Carmel edici\u00f3n limitada | LUXONOMY<\/title>\n<meta name=\"robots\" content=\"index, follow, max-snippet:-1, max-image-preview:large, max-video-preview:-1\" \/>\n<link rel=\"canonical\" href=\"https:\/\/luxonomy.net\/es\/land-rover-presenta-el-range-rover-sv-carmel-edicion-limitada\/\" \/>\n<meta property=\"og:locale\" content=\"es_ES\" \/>\n<meta property=\"og:type\" content=\"article\" \/>\n<meta property=\"og:title\" content=\"Land Rover presenta el Range Rover SV Carmel edici\u00f3n limitada | LUXONOMY\" \/>\n<meta property=\"og:description\" content=\"Entusiastas de los autom\u00f3viles de todo el mundo han aterrizado en Pebble Beach Concours d&#8217;Elegance para disfrutar de los \u00faltimos d\u00edas de la Semana del Autom\u00f3vil de Monterey. Casi todos los fabricantes de lujo participan en una serie de exhibiciones de autom\u00f3viles y eventos VIP para exhibir autom\u00f3viles nuevos y objetos de inter\u00e9s de autom\u00f3viles,&hellip;\" \/>\n<meta property=\"og:url\" content=\"https:\/\/luxonomy.net\/es\/land-rover-presenta-el-range-rover-sv-carmel-edicion-limitada\/\" \/>\n<meta property=\"og:site_name\" content=\"LUXONOMY\" \/>\n<meta property=\"article:publisher\" content=\"https:\/\/www.facebook.com\/luxonomy\" \/>\n<meta property=\"article:published_time\" content=\"2022-08-22T11:40:47+00:00\" \/>\n<meta property=\"og:image\" content=\"https:\/\/i0.wp.com\/luxonomy.net\/wp-content\/uploads\/2022\/08\/Land-Rover-presenta-el-Range-Rover-SV-Carmel-edicio%CC%81n-limitada.jpeg?fit=2000%2C1600&quality=89&ssl=1\" \/>\n\t<meta property=\"og:image:width\" content=\"2000\" \/>\n\t<meta property=\"og:image:height\" content=\"1600\" \/>\n\t<meta property=\"og:image:type\" content=\"image\/jpeg\" \/>\n<meta name=\"author\" content=\"Kristi Ellis\" \/>\n<meta name=\"twitter:card\" content=\"summary_large_image\" \/>\n<meta name=\"twitter:label1\" content=\"Escrito por\" \/>\n\t<meta name=\"twitter:data1\" content=\"Kristi Ellis\" \/>\n\t<meta name=\"twitter:label2\" content=\"Tiempo de lectura\" \/>\n\t<meta name=\"twitter:data2\" content=\"2 minutos\" \/>\n<script type=\"application\/ld+json\" class=\"yoast-schema-graph\">{\"@context\":\"https:\\\/\\\/schema.org\",\"@graph\":[{\"@type\":\"Article\",\"@id\":\"https:\\\/\\\/luxonomy.net\\\/es\\\/land-rover-presenta-el-range-rover-sv-carmel-edicion-limitada\\\/#article\",\"isPartOf\":{\"@id\":\"https:\\\/\\\/luxonomy.net\\\/es\\\/land-rover-presenta-el-range-rover-sv-carmel-edicion-limitada\\\/\"},\"author\":{\"name\":\"Kristi Ellis\",\"@id\":\"https:\\\/\\\/luxonomy.net\\\/es\\\/#\\\/schema\\\/person\\\/1a813e5ec518f582af236d6344aa6c01\"},\"headline\":\"Land Rover presenta el Range Rover SV Carmel edici\u00f3n limitada\",\"datePublished\":\"2022-08-22T11:40:47+00:00\",\"mainEntityOfPage\":{\"@id\":\"https:\\\/\\\/luxonomy.net\\\/es\\\/land-rover-presenta-el-range-rover-sv-carmel-edicion-limitada\\\/\"},\"wordCount\":200,\"commentCount\":0,\"publisher\":{\"@id\":\"https:\\\/\\\/luxonomy.net\\\/es\\\/#organization\"},\"image\":{\"@id\":\"https:\\\/\\\/luxonomy.net\\\/es\\\/land-rover-presenta-el-range-rover-sv-carmel-edicion-limitada\\\/#primaryimage\"},\"thumbnailUrl\":\"https:\\\/\\\/i0.wp.com\\\/luxonomy.net\\\/wp-content\\\/uploads\\\/2022\\\/08\\\/Land-Rover-presenta-el-Range-Rover-SV-Carmel-edicio%CC%81n-limitada.jpeg?fit=2000%2C1600&ssl=1\",\"keywords\":[\"Land Rover\",\"motor\",\"Range Rover\"],\"articleSection\":[\"Motor\"],\"inLanguage\":\"es\",\"potentialAction\":[{\"@type\":\"CommentAction\",\"name\":\"Comment\",\"target\":[\"https:\\\/\\\/luxonomy.net\\\/es\\\/land-rover-presenta-el-range-rover-sv-carmel-edicion-limitada\\\/#respond\"]}]},{\"@type\":\"WebPage\",\"@id\":\"https:\\\/\\\/luxonomy.net\\\/es\\\/land-rover-presenta-el-range-rover-sv-carmel-edicion-limitada\\\/\",\"url\":\"https:\\\/\\\/luxonomy.net\\\/es\\\/land-rover-presenta-el-range-rover-sv-carmel-edicion-limitada\\\/\",\"name\":\"Land Rover presenta el Range Rover SV Carmel edici\u00f3n limitada | LUXONOMY\",\"isPartOf\":{\"@id\":\"https:\\\/\\\/luxonomy.net\\\/es\\\/#website\"},\"primaryImageOfPage\":{\"@id\":\"https:\\\/\\\/luxonomy.net\\\/es\\\/land-rover-presenta-el-range-rover-sv-carmel-edicion-limitada\\\/#primaryimage\"},\"image\":{\"@id\":\"https:\\\/\\\/luxonomy.net\\\/es\\\/land-rover-presenta-el-range-rover-sv-carmel-edicion-limitada\\\/#primaryimage\"},\"thumbnailUrl\":\"https:\\\/\\\/i0.wp.com\\\/luxonomy.net\\\/wp-content\\\/uploads\\\/2022\\\/08\\\/Land-Rover-presenta-el-Range-Rover-SV-Carmel-edicio%CC%81n-limitada.jpeg?fit=2000%2C1600&ssl=1\",\"datePublished\":\"2022-08-22T11:40:47+00:00\",\"breadcrumb\":{\"@id\":\"https:\\\/\\\/luxonomy.net\\\/es\\\/land-rover-presenta-el-range-rover-sv-carmel-edicion-limitada\\\/#breadcrumb\"},\"inLanguage\":\"es\",\"potentialAction\":[{\"@type\":\"ReadAction\",\"target\":[\"https:\\\/\\\/luxonomy.net\\\/es\\\/land-rover-presenta-el-range-rover-sv-carmel-edicion-limitada\\\/\"]}]},{\"@type\":\"ImageObject\",\"inLanguage\":\"es\",\"@id\":\"https:\\\/\\\/luxonomy.net\\\/es\\\/land-rover-presenta-el-range-rover-sv-carmel-edicion-limitada\\\/#primaryimage\",\"url\":\"https:\\\/\\\/i0.wp.com\\\/luxonomy.net\\\/wp-content\\\/uploads\\\/2022\\\/08\\\/Land-Rover-presenta-el-Range-Rover-SV-Carmel-edicio%CC%81n-limitada.jpeg?fit=2000%2C1600&ssl=1\",\"contentUrl\":\"https:\\\/\\\/i0.wp.com\\\/luxonomy.net\\\/wp-content\\\/uploads\\\/2022\\\/08\\\/Land-Rover-presenta-el-Range-Rover-SV-Carmel-edicio%CC%81n-limitada.jpeg?fit=2000%2C1600&ssl=1\",\"width\":2000,\"height\":1600},{\"@type\":\"BreadcrumbList\",\"@id\":\"https:\\\/\\\/luxonomy.net\\\/es\\\/land-rover-presenta-el-range-rover-sv-carmel-edicion-limitada\\\/#breadcrumb\",\"itemListElement\":[{\"@type\":\"ListItem\",\"position\":1,\"name\":\"Portada\",\"item\":\"https:\\\/\\\/luxonomy.net\\\/es\\\/\"},{\"@type\":\"ListItem\",\"position\":2,\"name\":\"Land Rover presenta el Range Rover SV Carmel edici\u00f3n limitada\"}]},{\"@type\":\"WebSite\",\"@id\":\"https:\\\/\\\/luxonomy.net\\\/es\\\/#website\",\"url\":\"https:\\\/\\\/luxonomy.net\\\/es\\\/\",\"name\":\"LUXONOMY\",\"description\":\"The Economy of Fashion &amp; Luxury\",\"publisher\":{\"@id\":\"https:\\\/\\\/luxonomy.net\\\/es\\\/#organization\"},\"potentialAction\":[{\"@type\":\"SearchAction\",\"target\":{\"@type\":\"EntryPoint\",\"urlTemplate\":\"https:\\\/\\\/luxonomy.net\\\/es\\\/?s={search_term_string}\"},\"query-input\":{\"@type\":\"PropertyValueSpecification\",\"valueRequired\":true,\"valueName\":\"search_term_string\"}}],\"inLanguage\":\"es\"},{\"@type\":\"Organization\",\"@id\":\"https:\\\/\\\/luxonomy.net\\\/es\\\/#organization\",\"name\":\"LUXONOMY\",\"url\":\"https:\\\/\\\/luxonomy.net\\\/es\\\/\",\"logo\":{\"@type\":\"ImageObject\",\"inLanguage\":\"es\",\"@id\":\"https:\\\/\\\/luxonomy.net\\\/es\\\/#\\\/schema\\\/logo\\\/image\\\/\",\"url\":\"https:\\\/\\\/i2.wp.com\\\/luxonomy.net\\\/wp-content\\\/uploads\\\/2021\\\/09\\\/MOCKUP-TODOS-LUXONOMY.jpg?fit=1000%2C515&ssl=1\",\"contentUrl\":\"https:\\\/\\\/i2.wp.com\\\/luxonomy.net\\\/wp-content\\\/uploads\\\/2021\\\/09\\\/MOCKUP-TODOS-LUXONOMY.jpg?fit=1000%2C515&ssl=1\",\"width\":1000,\"height\":515,\"caption\":\"LUXONOMY\"},\"image\":{\"@id\":\"https:\\\/\\\/luxonomy.net\\\/es\\\/#\\\/schema\\\/logo\\\/image\\\/\"},\"sameAs\":[\"https:\\\/\\\/www.facebook.com\\\/luxonomy\",\"https:\\\/\\\/www.instagram.com\\\/luxonomy\\\/\",\"https:\\\/\\\/www.linkedin.com\\\/company\\\/luxonomy\\\/\"]},{\"@type\":\"Person\",\"@id\":\"https:\\\/\\\/luxonomy.net\\\/es\\\/#\\\/schema\\\/person\\\/1a813e5ec518f582af236d6344aa6c01\",\"name\":\"Kristi Ellis\",\"image\":{\"@type\":\"ImageObject\",\"inLanguage\":\"es\",\"@id\":\"https:\\\/\\\/luxonomy.net\\\/wp-content\\\/litespeed\\\/avatar\\\/ae0c58256b980352bba3c97a8f9abe32.jpg?ver=1787975034\",\"url\":\"https:\\\/\\\/luxonomy.net\\\/wp-content\\\/litespeed\\\/avatar\\\/ae0c58256b980352bba3c97a8f9abe32.jpg?ver=1787975034\",\"contentUrl\":\"https:\\\/\\\/luxonomy.net\\\/wp-content\\\/litespeed\\\/avatar\\\/ae0c58256b980352bba3c97a8f9abe32.jpg?ver=1787975034\",\"caption\":\"Kristi Ellis\"},\"url\":\"https:\\\/\\\/luxonomy.net\\\/es\\\/author\\\/kristi-ellis\\\/\"}]}<\/script>\n<!-- \/ Yoast SEO plugin. -->","yoast_head_json":{"title":"Land Rover presenta el Range Rover SV Carmel edici\u00f3n limitada | LUXONOMY","robots":{"index":"index","follow":"follow","max-snippet":"max-snippet:-1","max-image-preview":"max-image-preview:large","max-video-preview":"max-video-preview:-1"},"canonical":"https:\/\/luxonomy.net\/es\/land-rover-presenta-el-range-rover-sv-carmel-edicion-limitada\/","og_locale":"es_ES","og_type":"article","og_title":"Land Rover presenta el Range Rover SV Carmel edici\u00f3n limitada | LUXONOMY","og_description":"Entusiastas de los autom\u00f3viles de todo el mundo han aterrizado en Pebble Beach Concours d&#8217;Elegance para disfrutar de los \u00faltimos d\u00edas de la Semana del Autom\u00f3vil de Monterey. Casi todos los fabricantes de lujo participan en una serie de exhibiciones de autom\u00f3viles y eventos VIP para exhibir autom\u00f3viles nuevos y objetos de inter\u00e9s de autom\u00f3viles,&hellip;","og_url":"https:\/\/luxonomy.net\/es\/land-rover-presenta-el-range-rover-sv-carmel-edicion-limitada\/","og_site_name":"LUXONOMY","article_publisher":"https:\/\/www.facebook.com\/luxonomy","article_published_time":"2022-08-22T11:40:47+00:00","og_image":[{"width":2000,"height":1600,"url":"https:\/\/i0.wp.com\/luxonomy.net\/wp-content\/uploads\/2022\/08\/Land-Rover-presenta-el-Range-Rover-SV-Carmel-edicio%CC%81n-limitada.jpeg?fit=2000%2C1600&quality=89&ssl=1","type":"image\/jpeg"}],"author":"Kristi Ellis","twitter_card":"summary_large_image","twitter_misc":{"Escrito por":"Kristi Ellis","Tiempo de lectura":"2 minutos"},"schema":{"@context":"https:\/\/schema.org","@graph":[{"@type":"Article","@id":"https:\/\/luxonomy.net\/es\/land-rover-presenta-el-range-rover-sv-carmel-edicion-limitada\/#article","isPartOf":{"@id":"https:\/\/luxonomy.net\/es\/land-rover-presenta-el-range-rover-sv-carmel-edicion-limitada\/"},"author":{"name":"Kristi Ellis","@id":"https:\/\/luxonomy.net\/es\/#\/schema\/person\/1a813e5ec518f582af236d6344aa6c01"},"headline":"Land Rover presenta el Range Rover SV Carmel edici\u00f3n limitada","datePublished":"2022-08-22T11:40:47+00:00","mainEntityOfPage":{"@id":"https:\/\/luxonomy.net\/es\/land-rover-presenta-el-range-rover-sv-carmel-edicion-limitada\/"},"wordCount":200,"commentCount":0,"publisher":{"@id":"https:\/\/luxonomy.net\/es\/#organization"},"image":{"@id":"https:\/\/luxonomy.net\/es\/land-rover-presenta-el-range-rover-sv-carmel-edicion-limitada\/#primaryimage"},"thumbnailUrl":"https:\/\/i0.wp.com\/luxonomy.net\/wp-content\/uploads\/2022\/08\/Land-Rover-presenta-el-Range-Rover-SV-Carmel-edicio%CC%81n-limitada.jpeg?fit=2000%2C1600&ssl=1","keywords":["Land Rover","motor","Range Rover"],"articleSection":["Motor"],"inLanguage":"es","potentialAction":[{"@type":"CommentAction","name":"Comment","target":["https:\/\/luxonomy.net\/es\/land-rover-presenta-el-range-rover-sv-carmel-edicion-limitada\/#respond"]}]},{"@type":"WebPage","@id":"https:\/\/luxonomy.net\/es\/land-rover-presenta-el-range-rover-sv-carmel-edicion-limitada\/","url":"https:\/\/luxonomy.net\/es\/land-rover-presenta-el-range-rover-sv-carmel-edicion-limitada\/","name":"Land Rover presenta el Range Rover SV Carmel edici\u00f3n limitada | LUXONOMY","isPartOf":{"@id":"https:\/\/luxonomy.net\/es\/#website"},"primaryImageOfPage":{"@id":"https:\/\/luxonomy.net\/es\/land-rover-presenta-el-range-rover-sv-carmel-edicion-limitada\/#primaryimage"},"image":{"@id":"https:\/\/luxonomy.net\/es\/land-rover-presenta-el-range-rover-sv-carmel-edicion-limitada\/#primaryimage"},"thumbnailUrl":"https:\/\/i0.wp.com\/luxonomy.net\/wp-content\/uploads\/2022\/08\/Land-Rover-presenta-el-Range-Rover-SV-Carmel-edicio%CC%81n-limitada.jpeg?fit=2000%2C1600&ssl=1","datePublished":"2022-08-22T11:40:47+00:00","breadcrumb":{"@id":"https:\/\/luxonomy.net\/es\/land-rover-presenta-el-range-rover-sv-carmel-edicion-limitada\/#breadcrumb"},"inLanguage":"es","potentialAction":[{"@type":"ReadAction","target":["https:\/\/luxonomy.net\/es\/land-rover-presenta-el-range-rover-sv-carmel-edicion-limitada\/"]}]},{"@type":"ImageObject","inLanguage":"es","@id":"https:\/\/luxonomy.net\/es\/land-rover-presenta-el-range-rover-sv-carmel-edicion-limitada\/#primaryimage","url":"https:\/\/i0.wp.com\/luxonomy.net\/wp-content\/uploads\/2022\/08\/Land-Rover-presenta-el-Range-Rover-SV-Carmel-edicio%CC%81n-limitada.jpeg?fit=2000%2C1600&ssl=1","contentUrl":"https:\/\/i0.wp.com\/luxonomy.net\/wp-content\/uploads\/2022\/08\/Land-Rover-presenta-el-Range-Rover-SV-Carmel-edicio%CC%81n-limitada.jpeg?fit=2000%2C1600&ssl=1","width":2000,"height":1600},{"@type":"BreadcrumbList","@id":"https:\/\/luxonomy.net\/es\/land-rover-presenta-el-range-rover-sv-carmel-edicion-limitada\/#breadcrumb","itemListElement":[{"@type":"ListItem","position":1,"name":"Portada","item":"https:\/\/luxonomy.net\/es\/"},{"@type":"ListItem","position":2,"name":"Land Rover presenta el Range Rover SV Carmel edici\u00f3n limitada"}]},{"@type":"WebSite","@id":"https:\/\/luxonomy.net\/es\/#website","url":"https:\/\/luxonomy.net\/es\/","name":"LUXONOMY","description":"The Economy of Fashion &amp; Luxury","publisher":{"@id":"https:\/\/luxonomy.net\/es\/#organization"},"potentialAction":[{"@type":"SearchAction","target":{"@type":"EntryPoint","urlTemplate":"https:\/\/luxonomy.net\/es\/?s={search_term_string}"},"query-input":{"@type":"PropertyValueSpecification","valueRequired":true,"valueName":"search_term_string"}}],"inLanguage":"es"},{"@type":"Organization","@id":"https:\/\/luxonomy.net\/es\/#organization","name":"LUXONOMY","url":"https:\/\/luxonomy.net\/es\/","logo":{"@type":"ImageObject","inLanguage":"es","@id":"https:\/\/luxonomy.net\/es\/#\/schema\/logo\/image\/","url":"https:\/\/i2.wp.com\/luxonomy.net\/wp-content\/uploads\/2021\/09\/MOCKUP-TODOS-LUXONOMY.jpg?fit=1000%2C515&ssl=1","contentUrl":"https:\/\/i2.wp.com\/luxonomy.net\/wp-content\/uploads\/2021\/09\/MOCKUP-TODOS-LUXONOMY.jpg?fit=1000%2C515&ssl=1","width":1000,"height":515,"caption":"LUXONOMY"},"image":{"@id":"https:\/\/luxonomy.net\/es\/#\/schema\/logo\/image\/"},"sameAs":["https:\/\/www.facebook.com\/luxonomy","https:\/\/www.instagram.com\/luxonomy\/","https:\/\/www.linkedin.com\/company\/luxonomy\/"]},{"@type":"Person","@id":"https:\/\/luxonomy.net\/es\/#\/schema\/person\/1a813e5ec518f582af236d6344aa6c01","name":"Kristi Ellis","image":{"@type":"ImageObject","inLanguage":"es","@id":"https:\/\/luxonomy.net\/wp-content\/litespeed\/avatar\/ae0c58256b980352bba3c97a8f9abe32.jpg?ver=1787975034","url":"https:\/\/luxonomy.net\/wp-content\/litespeed\/avatar\/ae0c58256b980352bba3c97a8f9abe32.jpg?ver=1787975034","contentUrl":"https:\/\/luxonomy.net\/wp-content\/litespeed\/avatar\/ae0c58256b980352bba3c97a8f9abe32.jpg?ver=1787975034","caption":"Kristi Ellis"},"url":"https:\/\/luxonomy.net\/es\/author\/kristi-ellis\/"}]}},"jetpack_publicize_connections":[],"jetpack_shortlink":"https:\/\/wp.me\/paPhBa-66r","jetpack_sharing_enabled":true,"jetpack_featured_media_url":"https:\/\/i0.wp.com\/luxonomy.net\/wp-content\/uploads\/2022\/08\/Land-Rover-presenta-el-Range-Rover-SV-Carmel-edicio%CC%81n-limitada.jpeg?fit=2000%2C1600&ssl=1","_links":{"self":[{"href":"https:\/\/luxonomy.net\/es\/wp-json\/wp\/v2\/posts\/23463","targetHints":{"allow":["GET"]}}],"collection":[{"href":"https:\/\/luxonomy.net\/es\/wp-json\/wp\/v2\/posts"}],"about":[{"href":"https:\/\/luxonomy.net\/es\/wp-json\/wp\/v2\/types\/post"}],"author":[{"embeddable":true,"href":"https:\/\/luxonomy.net\/es\/wp-json\/wp\/v2\/users\/11"}],"replies":[{"embeddable":true,"href":"https:\/\/luxonomy.net\/es\/wp-json\/wp\/v2\/comments?post=23463"}],"version-history":[{"count":3,"href":"https:\/\/luxonomy.net\/es\/wp-json\/wp\/v2\/posts\/23463\/revisions"}],"predecessor-version":[{"id":23469,"href":"https:\/\/luxonomy.net\/es\/wp-json\/wp\/v2\/posts\/23463\/revisions\/23469"}],"wp:featuredmedia":[{"embeddable":true,"href":"https:\/\/luxonomy.net\/es\/wp-json\/wp\/v2\/media\/23464"}],"wp:attachment":[{"href":"https:\/\/luxonomy.net\/es\/wp-json\/wp\/v2\/media?parent=23463"}],"wp:term":[{"taxonomy":"category","embeddable":true,"href":"https:\/\/luxonomy.net\/es\/wp-json\/wp\/v2\/categories?post=23463"},{"taxonomy":"post_tag","embeddable":true,"href":"https:\/\/luxonomy.net\/es\/wp-json\/wp\/v2\/tags?post=23463"},{"taxonomy":"thb-sponsors","embeddable":true,"href":"https:\/\/luxonomy.net\/es\/wp-json\/wp\/v2\/thb-sponsors?post=23463"}],"curies":[{"name":"wp","href":"https:\/\/api.w.org\/{rel}","templated":true}]}}