{"id":23413,"date":"2022-08-21T12:56:24","date_gmt":"2022-08-21T10:56:24","guid":{"rendered":"https:\/?p=23413"},"modified":"2022-08-23T21:01:50","modified_gmt":"2022-08-23T19:01:50","slug":"hay-que-repensar-la-relacion-del-lujo-con-los-consumidores-negros","status":"publish","type":"post","link":"https:\/\/luxonomy.net\/es\/hay-que-repensar-la-relacion-del-lujo-con-los-consumidores-negros\/","title":{"rendered":"Hay que repensar la relaci\u00f3n del lujo con los consumidores negros"},"content":{"rendered":"<p>Los afroamericanos han sido durante mucho tiempo \u00e1vidos compradores de bienes de alta gama. Ahora sus expectativas est\u00e1n cambiando, con importantes implicaciones para las marcas.<\/p>\n<p>Durante la pandemia, la editora de moda Danielle Prescod se mud\u00f3 de la ciudad de Nueva York a Nueva Orleans, Luisiana, un estado de EE. UU. con una gran poblaci\u00f3n negra, y a menudo citado como el lugar de nacimiento del jazz. Sin embargo, Prescod, autora del pr\u00f3ximo libro, \u201cToken Black Girl\u201d, no pasa mucho tiempo comprando all\u00ed. En parte porque la selecci\u00f3n es limitada en comparaci\u00f3n con Nueva York y su conocimiento de la moda a menudo supera a los que trabajan en las tiendas, pero tambi\u00e9n porque no cree que la mayor\u00eda de los vendedores sean particularmente hospitalarios con los consumidores negros. Su centro comercial de lujo local est\u00e1 \u201cconstantemente desierto\u201d, dijo.<\/p>\n<p>Eso cambi\u00f3 durante el Essence Fest de este a\u00f1o, el festival anual de m\u00fasica y cultura de la revista Black women&#8217;s lifestyle , que tuvo lugar durante el primer fin de semana de julio y atrajo a m\u00e1s de 80.000 personas.<\/p><div id=\"luxon-814332752\" class=\"luxon-3er-parrafo luxon-entity-placement\" style=\"margin-top: 20px;margin-bottom: 20px;margin-left: auto;margin-right: auto;text-align: center;\"><a href=\"https:\/\/luxonomy.university\/course\/master-turismo-de-lujo\" target=\"_blank\" aria-label=\"master-turismo-lujo-2026-2027\"><img loading=\"lazy\" decoding=\"async\" src=\"https:\/\/i0.wp.com\/luxonomy.net\/wp-content\/uploads\/2020\/07\/master-turismo-lujo-2026-2027.jpg?fit=1672%2C941&#038;ssl=1\" alt=\"\"  srcset=\"https:\/\/i0.wp.com\/luxonomy.net\/wp-content\/uploads\/2020\/07\/master-turismo-lujo-2026-2027.jpg?w=1672&ssl=1 1672w, https:\/\/i0.wp.com\/luxonomy.net\/wp-content\/uploads\/2020\/07\/master-turismo-lujo-2026-2027.jpg?resize=300%2C169&ssl=1 300w, https:\/\/i0.wp.com\/luxonomy.net\/wp-content\/uploads\/2020\/07\/master-turismo-lujo-2026-2027.jpg?resize=1024%2C576&ssl=1 1024w, https:\/\/i0.wp.com\/luxonomy.net\/wp-content\/uploads\/2020\/07\/master-turismo-lujo-2026-2027.jpg?resize=768%2C432&ssl=1 768w, https:\/\/i0.wp.com\/luxonomy.net\/wp-content\/uploads\/2020\/07\/master-turismo-lujo-2026-2027.jpg?resize=1536%2C864&ssl=1 1536w, https:\/\/i0.wp.com\/luxonomy.net\/wp-content\/uploads\/2020\/07\/master-turismo-lujo-2026-2027.jpg?resize=370%2C208&ssl=1 370w, https:\/\/i0.wp.com\/luxonomy.net\/wp-content\/uploads\/2020\/07\/master-turismo-lujo-2026-2027.jpg?resize=800%2C450&ssl=1 800w, https:\/\/i0.wp.com\/luxonomy.net\/wp-content\/uploads\/2020\/07\/master-turismo-lujo-2026-2027.jpg?resize=20%2C11&ssl=1 20w, https:\/\/i0.wp.com\/luxonomy.net\/wp-content\/uploads\/2020\/07\/master-turismo-lujo-2026-2027.jpg?resize=740%2C416&ssl=1 740w, https:\/\/i0.wp.com\/luxonomy.net\/wp-content\/uploads\/2020\/07\/master-turismo-lujo-2026-2027.jpg?resize=1600%2C900&ssl=1 1600w, https:\/\/i0.wp.com\/luxonomy.net\/wp-content\/uploads\/2020\/07\/master-turismo-lujo-2026-2027.jpg?resize=1200%2C675&ssl=1 1200w, https:\/\/i0.wp.com\/luxonomy.net\/wp-content\/uploads\/2020\/07\/master-turismo-lujo-2026-2027.jpg?resize=85%2C48&ssl=1 85w\" sizes=\"(max-width: 1170px) 100vw, 1170px\" class=\"no-lazyload\" width=\"1672\" height=\"941\"   \/><\/a><\/div>\n<p>\u201cSaks [Fifth Avenue] estaba muy, muy concurrido\u201d, dijo, y se\u00f1al\u00f3 que hab\u00eda guardias de seguridad fuera de Louis Vuitton para ayudar a manejar las multitudes.<\/p>\n<p>A pesar de que hubo una gran cantidad de consumidores negros que gastaron en lujo durante el evento, no hubo un patrocinador de moda importante. (Coachella, el festival musical del desierto de California al que Prescod asisti\u00f3 solo unos meses antes, tuvo varios). De hecho, la situaci\u00f3n en Essence Fest resume casi perfectamente la relaci\u00f3n existente desde hace mucho tiempo entre las marcas de lujo y los consumidores negros.<\/p>\n<p>La industria ha pasado d\u00e9cadas ignorando principalmente a este grupo como clientes mientras se apropiaba de la cultura negra, desde la m\u00fasica y los deportes hasta la moda y la belleza. Sin embargo, en los \u00faltimos a\u00f1os, en respuesta a la presi\u00f3n de los accionistas y los consumidores, sobre todo despu\u00e9s de las protestas de justicia social de 2020, algunas marcas han repensado su enfoque de la diversidad con respecto a los modelos que eligen, las personas influyentes con las que trabajan y el talento que designan dentro de sus equipos creativos y de gesti\u00f3n. Pero incluso cuando la inclusi\u00f3n se ha convertido en un enfoque m\u00e1s importante para la industria de la moda en general, muchas iniciativas para involucrar mejor a los compradores negros en los \u00faltimos dos a\u00f1os parecen torpes o superficiales.<\/p>\n<p>Aun as\u00ed, las marcas y los minoristas de alta gama han logrado atraer una porci\u00f3n cada vez mayor de las billeteras de los consumidores negros, como aquellos que hicieron fila para comprar durante el Essence Fest. Al no poner m\u00e1s creatividad y recursos en esa relaci\u00f3n, est\u00e1n dejando dinero sobre la mesa, dicen los expertos.<\/p><div id=\"luxon-4198665504\" class=\"luxon-7-parrafo luxon-entity-placement\" style=\"margin-top: 20px;margin-bottom: 20px;margin-left: auto;margin-right: auto;text-align: center;\"><a href=\"https:\/\/theintelligence.institute\/course\/inteligencia-artificial-para-directivos\" target=\"_blank\" aria-label=\"CSIAD_empresas_THEI_horizontal_4x3_v5\"><img loading=\"lazy\" decoding=\"async\" src=\"https:\/\/i0.wp.com\/luxonomy.net\/wp-content\/uploads\/2025\/08\/CSIAD_empresas_THEI_horizontal_4x3_v5.png?fit=2000%2C1500&#038;ssl=1\" alt=\"\"  srcset=\"https:\/\/i0.wp.com\/luxonomy.net\/wp-content\/uploads\/2025\/08\/CSIAD_empresas_THEI_horizontal_4x3_v5.png?w=2000&ssl=1 2000w, https:\/\/i0.wp.com\/luxonomy.net\/wp-content\/uploads\/2025\/08\/CSIAD_empresas_THEI_horizontal_4x3_v5.png?resize=300%2C225&ssl=1 300w, https:\/\/i0.wp.com\/luxonomy.net\/wp-content\/uploads\/2025\/08\/CSIAD_empresas_THEI_horizontal_4x3_v5.png?resize=1024%2C768&ssl=1 1024w, https:\/\/i0.wp.com\/luxonomy.net\/wp-content\/uploads\/2025\/08\/CSIAD_empresas_THEI_horizontal_4x3_v5.png?resize=768%2C576&ssl=1 768w, https:\/\/i0.wp.com\/luxonomy.net\/wp-content\/uploads\/2025\/08\/CSIAD_empresas_THEI_horizontal_4x3_v5.png?resize=1536%2C1152&ssl=1 1536w, https:\/\/i0.wp.com\/luxonomy.net\/wp-content\/uploads\/2025\/08\/CSIAD_empresas_THEI_horizontal_4x3_v5.png?resize=370%2C278&ssl=1 370w, https:\/\/i0.wp.com\/luxonomy.net\/wp-content\/uploads\/2025\/08\/CSIAD_empresas_THEI_horizontal_4x3_v5.png?resize=800%2C600&ssl=1 800w, https:\/\/i0.wp.com\/luxonomy.net\/wp-content\/uploads\/2025\/08\/CSIAD_empresas_THEI_horizontal_4x3_v5.png?resize=20%2C15&ssl=1 20w, https:\/\/i0.wp.com\/luxonomy.net\/wp-content\/uploads\/2025\/08\/CSIAD_empresas_THEI_horizontal_4x3_v5.png?resize=740%2C555&ssl=1 740w, https:\/\/i0.wp.com\/luxonomy.net\/wp-content\/uploads\/2025\/08\/CSIAD_empresas_THEI_horizontal_4x3_v5.png?resize=1600%2C1200&ssl=1 1600w, https:\/\/i0.wp.com\/luxonomy.net\/wp-content\/uploads\/2025\/08\/CSIAD_empresas_THEI_horizontal_4x3_v5.png?resize=1200%2C900&ssl=1 1200w, https:\/\/i0.wp.com\/luxonomy.net\/wp-content\/uploads\/2025\/08\/CSIAD_empresas_THEI_horizontal_4x3_v5.png?resize=64%2C48&ssl=1 64w\" sizes=\"(max-width: 1170px) 100vw, 1170px\" class=\"no-lazyload\" width=\"2000\" height=\"1500\"   \/><\/a><\/div>\n<p>\u201cExiste esta conciencia que est\u00e1 sucediendo, pero es de estas peque\u00f1as, peque\u00f1as maneras\u201d, dijo Amber Cabral, autora de \u201cAllies &amp; Advocates\u201d y estratega de diversidad que ha trabajado con Walmart y Gap, Inc. \u201cNo hay suficiente longevidad all\u00ed. Las empresas dicen: &#8216;Metemos el dedo del pie en el agua y veamos c\u00f3mo va&#8217;, y si en cuatro meses no han obtenido un retorno de la inversi\u00f3n, simplemente pueden retirarlo&#8221;.<\/p>\n<h3>Nuevas expectativas<\/h3>\n<p>M\u00e1s que nunca antes, los consumidores negros est\u00e1n ayudando a impulsar un crecimiento impresionante en el mercado de lujo estadounidense. Los grupos \u00e9tnicos no blancos representaron alrededor del 20 por ciento del gasto en lujo en el mercado estadounidense en 2019, una cifra que se prev\u00e9 que aumente entre el 25 y el 30 por ciento para 2025, seg\u00fan un informe de Bain.<\/p>\n<p>Varios factores han hecho que sea cada vez m\u00e1s dif\u00edcil para las empresas de lujo ignorar a los consumidores negros. A pesar de que las personas negras representan poco menos del 14 por ciento de la poblaci\u00f3n de los EE. UU. y tienen el ingreso familiar promedio m\u00e1s bajo de cualquier grupo racial, seg\u00fan el censo de los EE. UU., una encuesta de Nielsen encontr\u00f3 que tienen un 20 por ciento m\u00e1s de probabilidades que la poblaci\u00f3n general a \u201cpagar extra por un producto que es consistente con la imagen que quiero transmitir\u201d, y un 31 por ciento m\u00e1s probable que gaste $500 o m\u00e1s en un bolso.<\/p>\n<p>Los esfuerzos recientes realizados por algunas marcas para hablar con una base de clientes m\u00e1s diversa es una de las razones por las que los consumidores negros han estado dedicando una mayor parte de su billetera a las marcas de lujo, dijo Claudia D&#8217;Arpizio, socia de Bain &amp; Co. Los consumidores negros de lujo tambi\u00e9n tienden a ser m\u00e1s j\u00f3venes, y los j\u00f3venes est\u00e1n impulsando el crecimiento del lujo.<\/p>\n<p>\u201cAlgunas de las marcas est\u00e1n muy sorprendidas por los resultados de esta estrategia\u201d, dijo D&#8217;Arpizio. \u201cLos consumidores est\u00e1n reaccionando positivamente a esto, m\u00e1s que proporcionalmente a sus esfuerzos, para ser honesto\u201d.<\/p>\n","protected":false},"excerpt":{"rendered":"<p>Los afroamericanos han sido durante mucho tiempo \u00e1vidos compradores de bienes de alta gama. Ahora sus expectativas est\u00e1n cambiando, con importantes implicaciones para las marcas. Durante la pandemia, la editora de moda Danielle Prescod se mud\u00f3 de la ciudad de Nueva York a Nueva Orleans, Luisiana, un estado de EE. UU. con una gran poblaci\u00f3n&hellip;<\/p>\n","protected":false},"author":1,"featured_media":23414,"comment_status":"open","ping_status":"open","sticky":false,"template":"","format":"standard","meta":{"_jetpack_newsletter_access":"","_jetpack_dont_email_post_to_subs":false,"_jetpack_newsletter_tier_id":0,"_jetpack_memberships_contains_paywalled_content":false,"_jetpack_feature_clip_id":0,"_jetpack_memberships_contains_paid_content":false,"footnotes":"","jetpack_publicize_message":"Hay que repensar la relaci\u00f3n del lujo con los consumidores negros\r\n\r\n-Las marcas y los minoristas de gama alta han logrado atraer una parte cada vez mayor de las billeteras de los consumidores negros a pesar de los esfuerzos de diversidad que parecen torpes o superficiales.\r\n-Al no poner m\u00e1s creatividad y recursos en sus relaciones con los consumidores negros, las empresas de lujo est\u00e1n dejando dinero sobre la mesa.\r\n-Las estrategias de diversidad m\u00e1s aut\u00e9nticas y atractivas resultar\u00e1n de una mayor representaci\u00f3n del talento negro en las filas de las marcas de lujo y reflejar\u00e1n la riqueza de las identidades y experiencias negras.\r\n\r\n#luxonomy #noticias #lujo #actualidad","jetpack_publicize_feature_enabled":true,"jetpack_social_post_already_shared":true,"jetpack_social_options":{"image_generator_settings":{"template":"edge","default_image_id":0,"font":"","enabled":false},"version":2},"jetpack_post_was_ever_published":false},"categories":[1128],"tags":[],"thb-sponsors":[],"class_list":["post-23413","post","type-post","status-publish","format-standard","has-post-thumbnail","hentry","category-economia"],"yoast_head":"<!-- This site is optimized with the Yoast SEO plugin v28.4 - https:\/\/yoast.com\/product\/yoast-seo-wordpress\/ -->\n<title>Hay que repensar la relaci\u00f3n del lujo con los consumidores negros | LUXONOMY<\/title>\n<meta name=\"robots\" content=\"index, follow, max-snippet:-1, max-image-preview:large, max-video-preview:-1\" \/>\n<link rel=\"canonical\" href=\"https:\/\/luxonomy.net\/es\/hay-que-repensar-la-relacion-del-lujo-con-los-consumidores-negros\/\" \/>\n<meta property=\"og:locale\" content=\"es_ES\" \/>\n<meta property=\"og:type\" content=\"article\" \/>\n<meta property=\"og:title\" content=\"Hay que repensar la relaci\u00f3n del lujo con los consumidores negros | LUXONOMY\" \/>\n<meta property=\"og:description\" content=\"Los afroamericanos han sido durante mucho tiempo \u00e1vidos compradores de bienes de alta gama. Ahora sus expectativas est\u00e1n cambiando, con importantes implicaciones para las marcas. Durante la pandemia, la editora de moda Danielle Prescod se mud\u00f3 de la ciudad de Nueva York a Nueva Orleans, Luisiana, un estado de EE. UU. con una gran poblaci\u00f3n&hellip;\" \/>\n<meta property=\"og:url\" content=\"https:\/\/luxonomy.net\/es\/hay-que-repensar-la-relacion-del-lujo-con-los-consumidores-negros\/\" \/>\n<meta property=\"og:site_name\" content=\"LUXONOMY\" \/>\n<meta property=\"article:publisher\" content=\"https:\/\/www.facebook.com\/luxonomy\" \/>\n<meta property=\"article:published_time\" content=\"2022-08-21T10:56:24+00:00\" \/>\n<meta property=\"article:modified_time\" content=\"2022-08-23T19:01:50+00:00\" \/>\n<meta property=\"og:image\" content=\"https:\/\/i0.wp.com\/luxonomy.net\/wp-content\/uploads\/2022\/08\/Hay-que-repensar-la-relacio%CC%81n-del-lujo-con-los-consumidores-negros.jpg?fit=1800%2C1013&quality=89&ssl=1\" \/>\n\t<meta property=\"og:image:width\" content=\"1800\" \/>\n\t<meta property=\"og:image:height\" content=\"1013\" \/>\n\t<meta property=\"og:image:type\" content=\"image\/jpeg\" \/>\n<meta name=\"author\" content=\"LUXONOMY\" \/>\n<meta name=\"twitter:card\" content=\"summary_large_image\" \/>\n<meta name=\"twitter:label1\" content=\"Escrito por\" \/>\n\t<meta name=\"twitter:data1\" content=\"LUXONOMY\" \/>\n\t<meta name=\"twitter:label2\" content=\"Tiempo de lectura\" \/>\n\t<meta name=\"twitter:data2\" content=\"4 minutos\" \/>\n<script type=\"application\/ld+json\" class=\"yoast-schema-graph\">{\"@context\":\"https:\\\/\\\/schema.org\",\"@graph\":[{\"@type\":\"Article\",\"@id\":\"https:\\\/\\\/luxonomy.net\\\/es\\\/hay-que-repensar-la-relacion-del-lujo-con-los-consumidores-negros\\\/#article\",\"isPartOf\":{\"@id\":\"https:\\\/\\\/luxonomy.net\\\/es\\\/hay-que-repensar-la-relacion-del-lujo-con-los-consumidores-negros\\\/\"},\"author\":{\"name\":\"LUXONOMY\",\"@id\":\"https:\\\/\\\/luxonomy.net\\\/es\\\/#\\\/schema\\\/person\\\/ca588d8b741a1fdd9065289c8d98ee8c\"},\"headline\":\"Hay que repensar la relaci\u00f3n del lujo con los consumidores negros\",\"datePublished\":\"2022-08-21T10:56:24+00:00\",\"dateModified\":\"2022-08-23T19:01:50+00:00\",\"mainEntityOfPage\":{\"@id\":\"https:\\\/\\\/luxonomy.net\\\/es\\\/hay-que-repensar-la-relacion-del-lujo-con-los-consumidores-negros\\\/\"},\"wordCount\":860,\"commentCount\":0,\"publisher\":{\"@id\":\"https:\\\/\\\/luxonomy.net\\\/es\\\/#organization\"},\"image\":{\"@id\":\"https:\\\/\\\/luxonomy.net\\\/es\\\/hay-que-repensar-la-relacion-del-lujo-con-los-consumidores-negros\\\/#primaryimage\"},\"thumbnailUrl\":\"https:\\\/\\\/i0.wp.com\\\/luxonomy.net\\\/wp-content\\\/uploads\\\/2022\\\/08\\\/Hay-que-repensar-la-relacio%CC%81n-del-lujo-con-los-consumidores-negros.jpg?fit=1800%2C1013&ssl=1\",\"articleSection\":[\"Econom\u00eda\"],\"inLanguage\":\"es\",\"potentialAction\":[{\"@type\":\"CommentAction\",\"name\":\"Comment\",\"target\":[\"https:\\\/\\\/luxonomy.net\\\/es\\\/hay-que-repensar-la-relacion-del-lujo-con-los-consumidores-negros\\\/#respond\"]}]},{\"@type\":\"WebPage\",\"@id\":\"https:\\\/\\\/luxonomy.net\\\/es\\\/hay-que-repensar-la-relacion-del-lujo-con-los-consumidores-negros\\\/\",\"url\":\"https:\\\/\\\/luxonomy.net\\\/es\\\/hay-que-repensar-la-relacion-del-lujo-con-los-consumidores-negros\\\/\",\"name\":\"Hay que repensar la relaci\u00f3n del lujo con los consumidores negros | LUXONOMY\",\"isPartOf\":{\"@id\":\"https:\\\/\\\/luxonomy.net\\\/es\\\/#website\"},\"primaryImageOfPage\":{\"@id\":\"https:\\\/\\\/luxonomy.net\\\/es\\\/hay-que-repensar-la-relacion-del-lujo-con-los-consumidores-negros\\\/#primaryimage\"},\"image\":{\"@id\":\"https:\\\/\\\/luxonomy.net\\\/es\\\/hay-que-repensar-la-relacion-del-lujo-con-los-consumidores-negros\\\/#primaryimage\"},\"thumbnailUrl\":\"https:\\\/\\\/i0.wp.com\\\/luxonomy.net\\\/wp-content\\\/uploads\\\/2022\\\/08\\\/Hay-que-repensar-la-relacio%CC%81n-del-lujo-con-los-consumidores-negros.jpg?fit=1800%2C1013&ssl=1\",\"datePublished\":\"2022-08-21T10:56:24+00:00\",\"dateModified\":\"2022-08-23T19:01:50+00:00\",\"breadcrumb\":{\"@id\":\"https:\\\/\\\/luxonomy.net\\\/es\\\/hay-que-repensar-la-relacion-del-lujo-con-los-consumidores-negros\\\/#breadcrumb\"},\"inLanguage\":\"es\",\"potentialAction\":[{\"@type\":\"ReadAction\",\"target\":[\"https:\\\/\\\/luxonomy.net\\\/es\\\/hay-que-repensar-la-relacion-del-lujo-con-los-consumidores-negros\\\/\"]}]},{\"@type\":\"ImageObject\",\"inLanguage\":\"es\",\"@id\":\"https:\\\/\\\/luxonomy.net\\\/es\\\/hay-que-repensar-la-relacion-del-lujo-con-los-consumidores-negros\\\/#primaryimage\",\"url\":\"https:\\\/\\\/i0.wp.com\\\/luxonomy.net\\\/wp-content\\\/uploads\\\/2022\\\/08\\\/Hay-que-repensar-la-relacio%CC%81n-del-lujo-con-los-consumidores-negros.jpg?fit=1800%2C1013&ssl=1\",\"contentUrl\":\"https:\\\/\\\/i0.wp.com\\\/luxonomy.net\\\/wp-content\\\/uploads\\\/2022\\\/08\\\/Hay-que-repensar-la-relacio%CC%81n-del-lujo-con-los-consumidores-negros.jpg?fit=1800%2C1013&ssl=1\",\"width\":1800,\"height\":1013},{\"@type\":\"BreadcrumbList\",\"@id\":\"https:\\\/\\\/luxonomy.net\\\/es\\\/hay-que-repensar-la-relacion-del-lujo-con-los-consumidores-negros\\\/#breadcrumb\",\"itemListElement\":[{\"@type\":\"ListItem\",\"position\":1,\"name\":\"Portada\",\"item\":\"https:\\\/\\\/luxonomy.net\\\/es\\\/\"},{\"@type\":\"ListItem\",\"position\":2,\"name\":\"Hay que repensar la relaci\u00f3n del lujo con los consumidores negros\"}]},{\"@type\":\"WebSite\",\"@id\":\"https:\\\/\\\/luxonomy.net\\\/es\\\/#website\",\"url\":\"https:\\\/\\\/luxonomy.net\\\/es\\\/\",\"name\":\"LUXONOMY\",\"description\":\"The Economy of Fashion &amp; Luxury\",\"publisher\":{\"@id\":\"https:\\\/\\\/luxonomy.net\\\/es\\\/#organization\"},\"potentialAction\":[{\"@type\":\"SearchAction\",\"target\":{\"@type\":\"EntryPoint\",\"urlTemplate\":\"https:\\\/\\\/luxonomy.net\\\/es\\\/?s={search_term_string}\"},\"query-input\":{\"@type\":\"PropertyValueSpecification\",\"valueRequired\":true,\"valueName\":\"search_term_string\"}}],\"inLanguage\":\"es\"},{\"@type\":\"Organization\",\"@id\":\"https:\\\/\\\/luxonomy.net\\\/es\\\/#organization\",\"name\":\"LUXONOMY\",\"url\":\"https:\\\/\\\/luxonomy.net\\\/es\\\/\",\"logo\":{\"@type\":\"ImageObject\",\"inLanguage\":\"es\",\"@id\":\"https:\\\/\\\/luxonomy.net\\\/es\\\/#\\\/schema\\\/logo\\\/image\\\/\",\"url\":\"https:\\\/\\\/i2.wp.com\\\/luxonomy.net\\\/wp-content\\\/uploads\\\/2021\\\/09\\\/MOCKUP-TODOS-LUXONOMY.jpg?fit=1000%2C515&ssl=1\",\"contentUrl\":\"https:\\\/\\\/i2.wp.com\\\/luxonomy.net\\\/wp-content\\\/uploads\\\/2021\\\/09\\\/MOCKUP-TODOS-LUXONOMY.jpg?fit=1000%2C515&ssl=1\",\"width\":1000,\"height\":515,\"caption\":\"LUXONOMY\"},\"image\":{\"@id\":\"https:\\\/\\\/luxonomy.net\\\/es\\\/#\\\/schema\\\/logo\\\/image\\\/\"},\"sameAs\":[\"https:\\\/\\\/www.facebook.com\\\/luxonomy\",\"https:\\\/\\\/www.instagram.com\\\/luxonomy\\\/\",\"https:\\\/\\\/www.linkedin.com\\\/company\\\/luxonomy\\\/\"]},{\"@type\":\"Person\",\"@id\":\"https:\\\/\\\/luxonomy.net\\\/es\\\/#\\\/schema\\\/person\\\/ca588d8b741a1fdd9065289c8d98ee8c\",\"name\":\"LUXONOMY\",\"image\":{\"@type\":\"ImageObject\",\"inLanguage\":\"es\",\"@id\":\"https:\\\/\\\/luxonomy.net\\\/wp-content\\\/litespeed\\\/avatar\\\/a6436cdb14fdaf9c21808e63d0da2055.jpg?ver=1787761934\",\"url\":\"https:\\\/\\\/luxonomy.net\\\/wp-content\\\/litespeed\\\/avatar\\\/a6436cdb14fdaf9c21808e63d0da2055.jpg?ver=1787761934\",\"contentUrl\":\"https:\\\/\\\/luxonomy.net\\\/wp-content\\\/litespeed\\\/avatar\\\/a6436cdb14fdaf9c21808e63d0da2055.jpg?ver=1787761934\",\"caption\":\"LUXONOMY\"},\"sameAs\":[\"https:\\\/\"],\"url\":\"https:\\\/\\\/luxonomy.net\\\/es\\\/author\\\/luxonomy\\\/\"}]}<\/script>\n<!-- \/ Yoast SEO plugin. -->","yoast_head_json":{"title":"Hay que repensar la relaci\u00f3n del lujo con los consumidores negros | LUXONOMY","robots":{"index":"index","follow":"follow","max-snippet":"max-snippet:-1","max-image-preview":"max-image-preview:large","max-video-preview":"max-video-preview:-1"},"canonical":"https:\/\/luxonomy.net\/es\/hay-que-repensar-la-relacion-del-lujo-con-los-consumidores-negros\/","og_locale":"es_ES","og_type":"article","og_title":"Hay que repensar la relaci\u00f3n del lujo con los consumidores negros | LUXONOMY","og_description":"Los afroamericanos han sido durante mucho tiempo \u00e1vidos compradores de bienes de alta gama. Ahora sus expectativas est\u00e1n cambiando, con importantes implicaciones para las marcas. Durante la pandemia, la editora de moda Danielle Prescod se mud\u00f3 de la ciudad de Nueva York a Nueva Orleans, Luisiana, un estado de EE. UU. con una gran poblaci\u00f3n&hellip;","og_url":"https:\/\/luxonomy.net\/es\/hay-que-repensar-la-relacion-del-lujo-con-los-consumidores-negros\/","og_site_name":"LUXONOMY","article_publisher":"https:\/\/www.facebook.com\/luxonomy","article_published_time":"2022-08-21T10:56:24+00:00","article_modified_time":"2022-08-23T19:01:50+00:00","og_image":[{"width":1800,"height":1013,"url":"https:\/\/i0.wp.com\/luxonomy.net\/wp-content\/uploads\/2022\/08\/Hay-que-repensar-la-relacio%CC%81n-del-lujo-con-los-consumidores-negros.jpg?fit=1800%2C1013&quality=89&ssl=1","type":"image\/jpeg"}],"author":"LUXONOMY","twitter_card":"summary_large_image","twitter_misc":{"Escrito por":"LUXONOMY","Tiempo de lectura":"4 minutos"},"schema":{"@context":"https:\/\/schema.org","@graph":[{"@type":"Article","@id":"https:\/\/luxonomy.net\/es\/hay-que-repensar-la-relacion-del-lujo-con-los-consumidores-negros\/#article","isPartOf":{"@id":"https:\/\/luxonomy.net\/es\/hay-que-repensar-la-relacion-del-lujo-con-los-consumidores-negros\/"},"author":{"name":"LUXONOMY","@id":"https:\/\/luxonomy.net\/es\/#\/schema\/person\/ca588d8b741a1fdd9065289c8d98ee8c"},"headline":"Hay que repensar la relaci\u00f3n del lujo con los consumidores negros","datePublished":"2022-08-21T10:56:24+00:00","dateModified":"2022-08-23T19:01:50+00:00","mainEntityOfPage":{"@id":"https:\/\/luxonomy.net\/es\/hay-que-repensar-la-relacion-del-lujo-con-los-consumidores-negros\/"},"wordCount":860,"commentCount":0,"publisher":{"@id":"https:\/\/luxonomy.net\/es\/#organization"},"image":{"@id":"https:\/\/luxonomy.net\/es\/hay-que-repensar-la-relacion-del-lujo-con-los-consumidores-negros\/#primaryimage"},"thumbnailUrl":"https:\/\/i0.wp.com\/luxonomy.net\/wp-content\/uploads\/2022\/08\/Hay-que-repensar-la-relacio%CC%81n-del-lujo-con-los-consumidores-negros.jpg?fit=1800%2C1013&ssl=1","articleSection":["Econom\u00eda"],"inLanguage":"es","potentialAction":[{"@type":"CommentAction","name":"Comment","target":["https:\/\/luxonomy.net\/es\/hay-que-repensar-la-relacion-del-lujo-con-los-consumidores-negros\/#respond"]}]},{"@type":"WebPage","@id":"https:\/\/luxonomy.net\/es\/hay-que-repensar-la-relacion-del-lujo-con-los-consumidores-negros\/","url":"https:\/\/luxonomy.net\/es\/hay-que-repensar-la-relacion-del-lujo-con-los-consumidores-negros\/","name":"Hay que repensar la relaci\u00f3n del lujo con los consumidores negros | LUXONOMY","isPartOf":{"@id":"https:\/\/luxonomy.net\/es\/#website"},"primaryImageOfPage":{"@id":"https:\/\/luxonomy.net\/es\/hay-que-repensar-la-relacion-del-lujo-con-los-consumidores-negros\/#primaryimage"},"image":{"@id":"https:\/\/luxonomy.net\/es\/hay-que-repensar-la-relacion-del-lujo-con-los-consumidores-negros\/#primaryimage"},"thumbnailUrl":"https:\/\/i0.wp.com\/luxonomy.net\/wp-content\/uploads\/2022\/08\/Hay-que-repensar-la-relacio%CC%81n-del-lujo-con-los-consumidores-negros.jpg?fit=1800%2C1013&ssl=1","datePublished":"2022-08-21T10:56:24+00:00","dateModified":"2022-08-23T19:01:50+00:00","breadcrumb":{"@id":"https:\/\/luxonomy.net\/es\/hay-que-repensar-la-relacion-del-lujo-con-los-consumidores-negros\/#breadcrumb"},"inLanguage":"es","potentialAction":[{"@type":"ReadAction","target":["https:\/\/luxonomy.net\/es\/hay-que-repensar-la-relacion-del-lujo-con-los-consumidores-negros\/"]}]},{"@type":"ImageObject","inLanguage":"es","@id":"https:\/\/luxonomy.net\/es\/hay-que-repensar-la-relacion-del-lujo-con-los-consumidores-negros\/#primaryimage","url":"https:\/\/i0.wp.com\/luxonomy.net\/wp-content\/uploads\/2022\/08\/Hay-que-repensar-la-relacio%CC%81n-del-lujo-con-los-consumidores-negros.jpg?fit=1800%2C1013&ssl=1","contentUrl":"https:\/\/i0.wp.com\/luxonomy.net\/wp-content\/uploads\/2022\/08\/Hay-que-repensar-la-relacio%CC%81n-del-lujo-con-los-consumidores-negros.jpg?fit=1800%2C1013&ssl=1","width":1800,"height":1013},{"@type":"BreadcrumbList","@id":"https:\/\/luxonomy.net\/es\/hay-que-repensar-la-relacion-del-lujo-con-los-consumidores-negros\/#breadcrumb","itemListElement":[{"@type":"ListItem","position":1,"name":"Portada","item":"https:\/\/luxonomy.net\/es\/"},{"@type":"ListItem","position":2,"name":"Hay que repensar la relaci\u00f3n del lujo con los consumidores negros"}]},{"@type":"WebSite","@id":"https:\/\/luxonomy.net\/es\/#website","url":"https:\/\/luxonomy.net\/es\/","name":"LUXONOMY","description":"The Economy of Fashion &amp; Luxury","publisher":{"@id":"https:\/\/luxonomy.net\/es\/#organization"},"potentialAction":[{"@type":"SearchAction","target":{"@type":"EntryPoint","urlTemplate":"https:\/\/luxonomy.net\/es\/?s={search_term_string}"},"query-input":{"@type":"PropertyValueSpecification","valueRequired":true,"valueName":"search_term_string"}}],"inLanguage":"es"},{"@type":"Organization","@id":"https:\/\/luxonomy.net\/es\/#organization","name":"LUXONOMY","url":"https:\/\/luxonomy.net\/es\/","logo":{"@type":"ImageObject","inLanguage":"es","@id":"https:\/\/luxonomy.net\/es\/#\/schema\/logo\/image\/","url":"https:\/\/i2.wp.com\/luxonomy.net\/wp-content\/uploads\/2021\/09\/MOCKUP-TODOS-LUXONOMY.jpg?fit=1000%2C515&ssl=1","contentUrl":"https:\/\/i2.wp.com\/luxonomy.net\/wp-content\/uploads\/2021\/09\/MOCKUP-TODOS-LUXONOMY.jpg?fit=1000%2C515&ssl=1","width":1000,"height":515,"caption":"LUXONOMY"},"image":{"@id":"https:\/\/luxonomy.net\/es\/#\/schema\/logo\/image\/"},"sameAs":["https:\/\/www.facebook.com\/luxonomy","https:\/\/www.instagram.com\/luxonomy\/","https:\/\/www.linkedin.com\/company\/luxonomy\/"]},{"@type":"Person","@id":"https:\/\/luxonomy.net\/es\/#\/schema\/person\/ca588d8b741a1fdd9065289c8d98ee8c","name":"LUXONOMY","image":{"@type":"ImageObject","inLanguage":"es","@id":"https:\/\/luxonomy.net\/wp-content\/litespeed\/avatar\/a6436cdb14fdaf9c21808e63d0da2055.jpg?ver=1787761934","url":"https:\/\/luxonomy.net\/wp-content\/litespeed\/avatar\/a6436cdb14fdaf9c21808e63d0da2055.jpg?ver=1787761934","contentUrl":"https:\/\/luxonomy.net\/wp-content\/litespeed\/avatar\/a6436cdb14fdaf9c21808e63d0da2055.jpg?ver=1787761934","caption":"LUXONOMY"},"sameAs":["https:\/"],"url":"https:\/\/luxonomy.net\/es\/author\/luxonomy\/"}]}},"jetpack_publicize_connections":[],"jetpack_shortlink":"https:\/\/wp.me\/paPhBa-65D","jetpack_sharing_enabled":true,"jetpack_featured_media_url":"https:\/\/i0.wp.com\/luxonomy.net\/wp-content\/uploads\/2022\/08\/Hay-que-repensar-la-relacio%CC%81n-del-lujo-con-los-consumidores-negros.jpg?fit=1800%2C1013&ssl=1","_links":{"self":[{"href":"https:\/\/luxonomy.net\/es\/wp-json\/wp\/v2\/posts\/23413","targetHints":{"allow":["GET"]}}],"collection":[{"href":"https:\/\/luxonomy.net\/es\/wp-json\/wp\/v2\/posts"}],"about":[{"href":"https:\/\/luxonomy.net\/es\/wp-json\/wp\/v2\/types\/post"}],"author":[{"embeddable":true,"href":"https:\/\/luxonomy.net\/es\/wp-json\/wp\/v2\/users\/1"}],"replies":[{"embeddable":true,"href":"https:\/\/luxonomy.net\/es\/wp-json\/wp\/v2\/comments?post=23413"}],"version-history":[{"count":2,"href":"https:\/\/luxonomy.net\/es\/wp-json\/wp\/v2\/posts\/23413\/revisions"}],"predecessor-version":[{"id":23416,"href":"https:\/\/luxonomy.net\/es\/wp-json\/wp\/v2\/posts\/23413\/revisions\/23416"}],"wp:featuredmedia":[{"embeddable":true,"href":"https:\/\/luxonomy.net\/es\/wp-json\/wp\/v2\/media\/23414"}],"wp:attachment":[{"href":"https:\/\/luxonomy.net\/es\/wp-json\/wp\/v2\/media?parent=23413"}],"wp:term":[{"taxonomy":"category","embeddable":true,"href":"https:\/\/luxonomy.net\/es\/wp-json\/wp\/v2\/categories?post=23413"},{"taxonomy":"post_tag","embeddable":true,"href":"https:\/\/luxonomy.net\/es\/wp-json\/wp\/v2\/tags?post=23413"},{"taxonomy":"thb-sponsors","embeddable":true,"href":"https:\/\/luxonomy.net\/es\/wp-json\/wp\/v2\/thb-sponsors?post=23413"}],"curies":[{"name":"wp","href":"https:\/\/api.w.org\/{rel}","templated":true}]}}