{"id":23323,"date":"2022-08-09T14:02:22","date_gmt":"2022-08-09T12:02:22","guid":{"rendered":"https:\/?p=23323"},"modified":"2022-08-09T14:02:22","modified_gmt":"2022-08-09T12:02:22","slug":"monaco-yacht-show-se-centrara-este-ano-en-la-sostenibilidad","status":"publish","type":"post","link":"https:\/\/luxonomy.net\/es\/monaco-yacht-show-se-centrara-este-ano-en-la-sostenibilidad\/","title":{"rendered":"Monaco Yacht Show se centrar\u00e1 este a\u00f1o en la sostenibilidad"},"content":{"rendered":"<p>Monaco Yacht Show es la exhibici\u00f3n de superyates m\u00e1s prestigiosa del mundo. Un evento ic\u00f3nico, combina exclusividad, excelencia e innovaci\u00f3n. Este a\u00f1o ofrece una rigurosa selecci\u00f3n de expositores; con 500 grandes empresas del sector y 105 super y megayates destacados.<\/p>\n<p>Con una media de 33.000 participantes, el Monaco Yacht Show (MYS) ofrece una ocasi\u00f3n \u00fanica en el a\u00f1o para que los directivos de empresas de yates se re\u00fanan y descubran los \u00faltimos productos de alta tecnolog\u00eda y servicios de lujo. Teniendo lugar en Port Hercules del 28 de septiembre al 1 de octubre, contar\u00e1 con algunos de los superyates m\u00e1s grandes, como el superyate Ahpo de 115 m construido por L\u00fcrssen y el superyate de 65,4 m de Benetti, Triumph.<\/p>\n<p>Como parte del programa de desarrollo de tres a\u00f1os de MYS, la edici\u00f3n de este a\u00f1o incluir\u00e1 una nueva \u00e1rea de exhibici\u00f3n dedicada a soluciones de yates sostenibles. Se agregar\u00e1 un nuevo Sustainability Hub a la edici\u00f3n 2022 de la feria, marcando la segunda edici\u00f3n del programa &#8220;para promover los superyates entre una nueva generaci\u00f3n de clientes&#8221;.<\/p><div id=\"luxon-1045330356\" class=\"luxon-3er-parrafo luxon-entity-placement\" style=\"margin-top: 20px;margin-bottom: 20px;margin-left: auto;margin-right: auto;text-align: center;\"><a href=\"https:\/\/luxonomy.university\/course\/master-turismo-de-lujo\" target=\"_blank\" aria-label=\"master-turismo-lujo-2026-2027\"><img loading=\"lazy\" decoding=\"async\" src=\"https:\/\/i0.wp.com\/luxonomy.net\/wp-content\/uploads\/2020\/07\/master-turismo-lujo-2026-2027.jpg?fit=1672%2C941&#038;ssl=1\" alt=\"\"  srcset=\"https:\/\/i0.wp.com\/luxonomy.net\/wp-content\/uploads\/2020\/07\/master-turismo-lujo-2026-2027.jpg?w=1672&ssl=1 1672w, https:\/\/i0.wp.com\/luxonomy.net\/wp-content\/uploads\/2020\/07\/master-turismo-lujo-2026-2027.jpg?resize=300%2C169&ssl=1 300w, https:\/\/i0.wp.com\/luxonomy.net\/wp-content\/uploads\/2020\/07\/master-turismo-lujo-2026-2027.jpg?resize=1024%2C576&ssl=1 1024w, https:\/\/i0.wp.com\/luxonomy.net\/wp-content\/uploads\/2020\/07\/master-turismo-lujo-2026-2027.jpg?resize=768%2C432&ssl=1 768w, https:\/\/i0.wp.com\/luxonomy.net\/wp-content\/uploads\/2020\/07\/master-turismo-lujo-2026-2027.jpg?resize=1536%2C864&ssl=1 1536w, https:\/\/i0.wp.com\/luxonomy.net\/wp-content\/uploads\/2020\/07\/master-turismo-lujo-2026-2027.jpg?resize=370%2C208&ssl=1 370w, https:\/\/i0.wp.com\/luxonomy.net\/wp-content\/uploads\/2020\/07\/master-turismo-lujo-2026-2027.jpg?resize=800%2C450&ssl=1 800w, https:\/\/i0.wp.com\/luxonomy.net\/wp-content\/uploads\/2020\/07\/master-turismo-lujo-2026-2027.jpg?resize=20%2C11&ssl=1 20w, https:\/\/i0.wp.com\/luxonomy.net\/wp-content\/uploads\/2020\/07\/master-turismo-lujo-2026-2027.jpg?resize=740%2C416&ssl=1 740w, https:\/\/i0.wp.com\/luxonomy.net\/wp-content\/uploads\/2020\/07\/master-turismo-lujo-2026-2027.jpg?resize=1600%2C900&ssl=1 1600w, https:\/\/i0.wp.com\/luxonomy.net\/wp-content\/uploads\/2020\/07\/master-turismo-lujo-2026-2027.jpg?resize=1200%2C675&ssl=1 1200w, https:\/\/i0.wp.com\/luxonomy.net\/wp-content\/uploads\/2020\/07\/master-turismo-lujo-2026-2027.jpg?resize=85%2C48&ssl=1 85w\" sizes=\"(max-width: 1170px) 100vw, 1170px\" class=\"no-lazyload\" width=\"1672\" height=\"941\"   \/><\/a><\/div>\n<p>The Hub exhibir\u00e1 empresas especializadas en tecnolog\u00eda innovadora y probada dise\u00f1ada para reducir los efectos ambientales de los yates de lujo, desde el proceso de construcci\u00f3n hasta la propiedad y el alquiler. Los expositores han sido seleccionados por la Fundaci\u00f3n Water Revolution en colaboraci\u00f3n con los organizadores del evento para garantizar la calidad de los productos. El \u00e1rea del Sustainability Hub cubrir\u00e1 200 m\u00b2\/2153 pies\u00b2 dentro de Darse Sud, sirviendo como una incubadora para empresas que ofrecen soluciones innovadoras.<\/p>\n<p>Robert Van Tol, director ejecutivo de Water Revolution Foundation: \u201cLa creaci\u00f3n del Sustainability Hub es un logro crucial. El Monaco Yacht Show ha consolidado una vez m\u00e1s su posici\u00f3n de liderazgo en el campo, al tiempo que destaca la experiencia de la Fundaci\u00f3n Water Revolution en t\u00e9rminos de sostenibilidad. Por lo tanto, la nueva \u00e1rea de exhibici\u00f3n de la feria est\u00e1 dise\u00f1ada para mostrar formas de tecnolog\u00eda que traer\u00e1n mejoras concretas al mundo de la navegaci\u00f3n. Estamos haciendo todo lo posible para encontrar, verificar, promover y recompensar soluciones sostenibles, al tiempo que fomentamos su uso y generamos el cambio que tanto se necesita\u201d.<\/p>\n<p>Aparte de esto, tambi\u00e9n lanzaron su nueva \u00c1rea de Aventura. Combinando las antiguas exposiciones Car Deck de lujo y Tender &amp; Toys, se alojar\u00e1 en 2 sitios; Quai Antoine y Quai Jarlan. El \u00e1rea incluir\u00e1 una amplia gama de embarcaciones deportivas y de excursiones de un d\u00eda, as\u00ed como veh\u00edculos todoterreno y de lujo, juguetes acu\u00e1ticos, helic\u00f3pteros y dispositivos n\u00e1uticos, todos dise\u00f1ados para experiencias de navegaci\u00f3n de vanguardia. La exposici\u00f3n ampliada del \u00c1rea de aventuras para todas las actividades de aventura y ocio refleja la ambici\u00f3n del espect\u00e1culo de brindar a los visitantes la mejor experiencia de navegaci\u00f3n.<\/p>\n<p>\u201cHoy en d\u00eda, los clientes de vuelos ch\u00e1rter quieren conducir veh\u00edculos todo terreno hasta el Polo Norte, realizar excursiones submarinas, realizar paseos en tiernos paseos frente a la costa de islas solitarias, disfrutar de recorridos personalizados por sitios hist\u00f3ricos y culturales en destinos costeros, descubrir especies animales mientras respetando sus ecosistemas, e incluso participando en viajes de campo cient\u00edficos\u201d. El representante de Monaco Yacht Show declar\u00f3 en un comunicado de prensa.<\/p><div id=\"luxon-1615452902\" class=\"luxon-7-parrafo luxon-entity-placement\" style=\"margin-top: 20px;margin-bottom: 20px;margin-left: auto;margin-right: auto;text-align: center;\"><a href=\"https:\/\/theintelligence.institute\/course\/inteligencia-artificial-para-directivos\" target=\"_blank\" aria-label=\"CSIAD_empresas_THEI_horizontal_4x3_v5\"><img loading=\"lazy\" decoding=\"async\" src=\"https:\/\/i0.wp.com\/luxonomy.net\/wp-content\/uploads\/2025\/08\/CSIAD_empresas_THEI_horizontal_4x3_v5.png?fit=2000%2C1500&#038;ssl=1\" alt=\"\"  srcset=\"https:\/\/i0.wp.com\/luxonomy.net\/wp-content\/uploads\/2025\/08\/CSIAD_empresas_THEI_horizontal_4x3_v5.png?w=2000&ssl=1 2000w, https:\/\/i0.wp.com\/luxonomy.net\/wp-content\/uploads\/2025\/08\/CSIAD_empresas_THEI_horizontal_4x3_v5.png?resize=300%2C225&ssl=1 300w, https:\/\/i0.wp.com\/luxonomy.net\/wp-content\/uploads\/2025\/08\/CSIAD_empresas_THEI_horizontal_4x3_v5.png?resize=1024%2C768&ssl=1 1024w, https:\/\/i0.wp.com\/luxonomy.net\/wp-content\/uploads\/2025\/08\/CSIAD_empresas_THEI_horizontal_4x3_v5.png?resize=768%2C576&ssl=1 768w, https:\/\/i0.wp.com\/luxonomy.net\/wp-content\/uploads\/2025\/08\/CSIAD_empresas_THEI_horizontal_4x3_v5.png?resize=1536%2C1152&ssl=1 1536w, https:\/\/i0.wp.com\/luxonomy.net\/wp-content\/uploads\/2025\/08\/CSIAD_empresas_THEI_horizontal_4x3_v5.png?resize=370%2C278&ssl=1 370w, https:\/\/i0.wp.com\/luxonomy.net\/wp-content\/uploads\/2025\/08\/CSIAD_empresas_THEI_horizontal_4x3_v5.png?resize=800%2C600&ssl=1 800w, https:\/\/i0.wp.com\/luxonomy.net\/wp-content\/uploads\/2025\/08\/CSIAD_empresas_THEI_horizontal_4x3_v5.png?resize=20%2C15&ssl=1 20w, https:\/\/i0.wp.com\/luxonomy.net\/wp-content\/uploads\/2025\/08\/CSIAD_empresas_THEI_horizontal_4x3_v5.png?resize=740%2C555&ssl=1 740w, https:\/\/i0.wp.com\/luxonomy.net\/wp-content\/uploads\/2025\/08\/CSIAD_empresas_THEI_horizontal_4x3_v5.png?resize=1600%2C1200&ssl=1 1600w, https:\/\/i0.wp.com\/luxonomy.net\/wp-content\/uploads\/2025\/08\/CSIAD_empresas_THEI_horizontal_4x3_v5.png?resize=1200%2C900&ssl=1 1200w, https:\/\/i0.wp.com\/luxonomy.net\/wp-content\/uploads\/2025\/08\/CSIAD_empresas_THEI_horizontal_4x3_v5.png?resize=64%2C48&ssl=1 64w\" sizes=\"(max-width: 1170px) 100vw, 1170px\" class=\"no-lazyload\" width=\"2000\" height=\"1500\"   \/><\/a><\/div>\n<p>MYS tambi\u00e9n ha anunciado la sexta edici\u00f3n de Monaco Yacht Summit. Celebrado el martes 27 de septiembre de 2022 en el Monaco Yacht Club, el evento abordar\u00e1 preguntas pr\u00e1cticas sobre temas de alquiler, compra y construcci\u00f3n de yates frente a una audiencia precalificada de propietarios y fletadores de yates nuevos o experimentados.<\/p>\n<p>Al anunciar las nuevas exhibiciones tem\u00e1ticas, tiene como objetivo ayudar a la industria a redefinir la experiencia de navegar y refleja el impulso de la feria para dirigirse a la pr\u00f3xima generaci\u00f3n de clientes de superyates, as\u00ed como en respuesta al aumento en la demanda de exploradores para ir a cualquier lugar. yates por viajeros exigentes que buscan aventuras cada vez m\u00e1s emocionantes fuera de los caminos trillados. La nueva generaci\u00f3n desaf\u00eda los est\u00e1ndares n\u00e1uticos actuales, revolucionando el concepto de lujo con su visi\u00f3n epic\u00farea y su deseo de descubrir libremente nuevas experiencias.<\/p>\n","protected":false},"excerpt":{"rendered":"<p>Monaco Yacht Show es la exhibici\u00f3n de superyates m\u00e1s prestigiosa del mundo. Un evento ic\u00f3nico, combina exclusividad, excelencia e innovaci\u00f3n. Este a\u00f1o ofrece una rigurosa selecci\u00f3n de expositores; con 500 grandes empresas del sector y 105 super y megayates destacados. Con una media de 33.000 participantes, el Monaco Yacht Show (MYS) ofrece una ocasi\u00f3n \u00fanica&hellip;<\/p>\n","protected":false},"author":10,"featured_media":23324,"comment_status":"open","ping_status":"open","sticky":false,"template":"","format":"standard","meta":{"_jetpack_newsletter_access":"","_jetpack_dont_email_post_to_subs":false,"_jetpack_newsletter_tier_id":0,"_jetpack_memberships_contains_paywalled_content":false,"_jetpack_feature_clip_id":0,"_jetpack_memberships_contains_paid_content":false,"footnotes":"","jetpack_publicize_message":"Monaco Yacht Show se centrar\u00e1 este a\u00f1o en la sostenibilidad\r\n\r\nMonaco Yacht Show es la exhibici\u00f3n de superyates m\u00e1s prestigiosa del mundo. Un evento ic\u00f3nico, combina exclusividad, excelencia e innovaci\u00f3n. Este a\u00f1o ofrece una rigurosa selecci\u00f3n de expositores; con 500 grandes empresas del sector y 105 super y megayates destacados.\r\n\r\n#monacoyachtshow #luxonomy #luxury #news","jetpack_publicize_feature_enabled":true,"jetpack_social_post_already_shared":true,"jetpack_social_options":{"image_generator_settings":{"template":"edge","default_image_id":0,"font":"","enabled":false},"version":2},"jetpack_post_was_ever_published":false},"categories":[227,525],"tags":[228,1628,222,225],"thb-sponsors":[],"class_list":["post-23323","post","type-post","status-publish","format-standard","has-post-thumbnail","hentry","category-eventos","category-nautica","tag-eventos","tag-monaco-yacht-show","tag-motor","tag-nautica"],"yoast_head":"<!-- This site is optimized with the Yoast SEO plugin v28.4 - https:\/\/yoast.com\/product\/yoast-seo-wordpress\/ -->\n<title>Monaco Yacht Show se centrar\u00e1 este a\u00f1o en la sostenibilidad | LUXONOMY<\/title>\n<meta name=\"robots\" content=\"index, follow, max-snippet:-1, max-image-preview:large, max-video-preview:-1\" \/>\n<link rel=\"canonical\" href=\"https:\/\/luxonomy.net\/es\/monaco-yacht-show-se-centrara-este-ano-en-la-sostenibilidad\/\" \/>\n<meta property=\"og:locale\" content=\"es_ES\" \/>\n<meta property=\"og:type\" content=\"article\" \/>\n<meta property=\"og:title\" content=\"Monaco Yacht Show se centrar\u00e1 este a\u00f1o en la sostenibilidad | LUXONOMY\" \/>\n<meta property=\"og:description\" content=\"Monaco Yacht Show es la exhibici\u00f3n de superyates m\u00e1s prestigiosa del mundo. Un evento ic\u00f3nico, combina exclusividad, excelencia e innovaci\u00f3n. Este a\u00f1o ofrece una rigurosa selecci\u00f3n de expositores; con 500 grandes empresas del sector y 105 super y megayates destacados. Con una media de 33.000 participantes, el Monaco Yacht Show (MYS) ofrece una ocasi\u00f3n \u00fanica&hellip;\" \/>\n<meta property=\"og:url\" content=\"https:\/\/luxonomy.net\/es\/monaco-yacht-show-se-centrara-este-ano-en-la-sostenibilidad\/\" \/>\n<meta property=\"og:site_name\" content=\"LUXONOMY\" \/>\n<meta property=\"article:publisher\" content=\"https:\/\/www.facebook.com\/luxonomy\" \/>\n<meta property=\"article:published_time\" content=\"2022-08-09T12:02:22+00:00\" \/>\n<meta property=\"og:image\" content=\"https:\/\/i0.wp.com\/luxonomy.net\/wp-content\/uploads\/2022\/08\/Monaco-Yacht-Show.jpg?fit=1600%2C996&quality=89&ssl=1\" \/>\n\t<meta property=\"og:image:width\" content=\"1600\" \/>\n\t<meta property=\"og:image:height\" content=\"996\" \/>\n\t<meta property=\"og:image:type\" content=\"image\/jpeg\" \/>\n<meta name=\"author\" content=\"Chiara Gabardi\" \/>\n<meta name=\"twitter:card\" content=\"summary_large_image\" \/>\n<meta name=\"twitter:label1\" content=\"Escrito por\" \/>\n\t<meta name=\"twitter:data1\" content=\"Chiara Gabardi\" \/>\n\t<meta name=\"twitter:label2\" content=\"Tiempo de lectura\" \/>\n\t<meta name=\"twitter:data2\" content=\"4 minutos\" \/>\n<script type=\"application\/ld+json\" class=\"yoast-schema-graph\">{\"@context\":\"https:\\\/\\\/schema.org\",\"@graph\":[{\"@type\":\"Article\",\"@id\":\"https:\\\/\\\/luxonomy.net\\\/es\\\/monaco-yacht-show-se-centrara-este-ano-en-la-sostenibilidad\\\/#article\",\"isPartOf\":{\"@id\":\"https:\\\/\\\/luxonomy.net\\\/es\\\/monaco-yacht-show-se-centrara-este-ano-en-la-sostenibilidad\\\/\"},\"author\":{\"name\":\"Chiara Gabardi\",\"@id\":\"https:\\\/\\\/luxonomy.net\\\/es\\\/#\\\/schema\\\/person\\\/9d526ffe93a0cc9cecc91760f49da3ef\"},\"headline\":\"Monaco Yacht Show se centrar\u00e1 este a\u00f1o en la sostenibilidad\",\"datePublished\":\"2022-08-09T12:02:22+00:00\",\"mainEntityOfPage\":{\"@id\":\"https:\\\/\\\/luxonomy.net\\\/es\\\/monaco-yacht-show-se-centrara-este-ano-en-la-sostenibilidad\\\/\"},\"wordCount\":737,\"commentCount\":0,\"publisher\":{\"@id\":\"https:\\\/\\\/luxonomy.net\\\/es\\\/#organization\"},\"image\":{\"@id\":\"https:\\\/\\\/luxonomy.net\\\/es\\\/monaco-yacht-show-se-centrara-este-ano-en-la-sostenibilidad\\\/#primaryimage\"},\"thumbnailUrl\":\"https:\\\/\\\/i0.wp.com\\\/luxonomy.net\\\/wp-content\\\/uploads\\\/2022\\\/08\\\/Monaco-Yacht-Show.jpg?fit=1600%2C996&ssl=1\",\"keywords\":[\"Eventos\",\"Monaco Yacht Show\",\"motor\",\"na\u00fatica\"],\"articleSection\":[\"Eventos\",\"Na\u00fatica\"],\"inLanguage\":\"es\",\"potentialAction\":[{\"@type\":\"CommentAction\",\"name\":\"Comment\",\"target\":[\"https:\\\/\\\/luxonomy.net\\\/es\\\/monaco-yacht-show-se-centrara-este-ano-en-la-sostenibilidad\\\/#respond\"]}]},{\"@type\":\"WebPage\",\"@id\":\"https:\\\/\\\/luxonomy.net\\\/es\\\/monaco-yacht-show-se-centrara-este-ano-en-la-sostenibilidad\\\/\",\"url\":\"https:\\\/\\\/luxonomy.net\\\/es\\\/monaco-yacht-show-se-centrara-este-ano-en-la-sostenibilidad\\\/\",\"name\":\"Monaco Yacht Show se centrar\u00e1 este a\u00f1o en la sostenibilidad | LUXONOMY\",\"isPartOf\":{\"@id\":\"https:\\\/\\\/luxonomy.net\\\/es\\\/#website\"},\"primaryImageOfPage\":{\"@id\":\"https:\\\/\\\/luxonomy.net\\\/es\\\/monaco-yacht-show-se-centrara-este-ano-en-la-sostenibilidad\\\/#primaryimage\"},\"image\":{\"@id\":\"https:\\\/\\\/luxonomy.net\\\/es\\\/monaco-yacht-show-se-centrara-este-ano-en-la-sostenibilidad\\\/#primaryimage\"},\"thumbnailUrl\":\"https:\\\/\\\/i0.wp.com\\\/luxonomy.net\\\/wp-content\\\/uploads\\\/2022\\\/08\\\/Monaco-Yacht-Show.jpg?fit=1600%2C996&ssl=1\",\"datePublished\":\"2022-08-09T12:02:22+00:00\",\"breadcrumb\":{\"@id\":\"https:\\\/\\\/luxonomy.net\\\/es\\\/monaco-yacht-show-se-centrara-este-ano-en-la-sostenibilidad\\\/#breadcrumb\"},\"inLanguage\":\"es\",\"potentialAction\":[{\"@type\":\"ReadAction\",\"target\":[\"https:\\\/\\\/luxonomy.net\\\/es\\\/monaco-yacht-show-se-centrara-este-ano-en-la-sostenibilidad\\\/\"]}]},{\"@type\":\"ImageObject\",\"inLanguage\":\"es\",\"@id\":\"https:\\\/\\\/luxonomy.net\\\/es\\\/monaco-yacht-show-se-centrara-este-ano-en-la-sostenibilidad\\\/#primaryimage\",\"url\":\"https:\\\/\\\/i0.wp.com\\\/luxonomy.net\\\/wp-content\\\/uploads\\\/2022\\\/08\\\/Monaco-Yacht-Show.jpg?fit=1600%2C996&ssl=1\",\"contentUrl\":\"https:\\\/\\\/i0.wp.com\\\/luxonomy.net\\\/wp-content\\\/uploads\\\/2022\\\/08\\\/Monaco-Yacht-Show.jpg?fit=1600%2C996&ssl=1\",\"width\":1600,\"height\":996},{\"@type\":\"BreadcrumbList\",\"@id\":\"https:\\\/\\\/luxonomy.net\\\/es\\\/monaco-yacht-show-se-centrara-este-ano-en-la-sostenibilidad\\\/#breadcrumb\",\"itemListElement\":[{\"@type\":\"ListItem\",\"position\":1,\"name\":\"Portada\",\"item\":\"https:\\\/\\\/luxonomy.net\\\/es\\\/\"},{\"@type\":\"ListItem\",\"position\":2,\"name\":\"Monaco Yacht Show se centrar\u00e1 este a\u00f1o en la sostenibilidad\"}]},{\"@type\":\"WebSite\",\"@id\":\"https:\\\/\\\/luxonomy.net\\\/es\\\/#website\",\"url\":\"https:\\\/\\\/luxonomy.net\\\/es\\\/\",\"name\":\"LUXONOMY\",\"description\":\"The Economy of Fashion &amp; Luxury\",\"publisher\":{\"@id\":\"https:\\\/\\\/luxonomy.net\\\/es\\\/#organization\"},\"potentialAction\":[{\"@type\":\"SearchAction\",\"target\":{\"@type\":\"EntryPoint\",\"urlTemplate\":\"https:\\\/\\\/luxonomy.net\\\/es\\\/?s={search_term_string}\"},\"query-input\":{\"@type\":\"PropertyValueSpecification\",\"valueRequired\":true,\"valueName\":\"search_term_string\"}}],\"inLanguage\":\"es\"},{\"@type\":\"Organization\",\"@id\":\"https:\\\/\\\/luxonomy.net\\\/es\\\/#organization\",\"name\":\"LUXONOMY\",\"url\":\"https:\\\/\\\/luxonomy.net\\\/es\\\/\",\"logo\":{\"@type\":\"ImageObject\",\"inLanguage\":\"es\",\"@id\":\"https:\\\/\\\/luxonomy.net\\\/es\\\/#\\\/schema\\\/logo\\\/image\\\/\",\"url\":\"https:\\\/\\\/i2.wp.com\\\/luxonomy.net\\\/wp-content\\\/uploads\\\/2021\\\/09\\\/MOCKUP-TODOS-LUXONOMY.jpg?fit=1000%2C515&ssl=1\",\"contentUrl\":\"https:\\\/\\\/i2.wp.com\\\/luxonomy.net\\\/wp-content\\\/uploads\\\/2021\\\/09\\\/MOCKUP-TODOS-LUXONOMY.jpg?fit=1000%2C515&ssl=1\",\"width\":1000,\"height\":515,\"caption\":\"LUXONOMY\"},\"image\":{\"@id\":\"https:\\\/\\\/luxonomy.net\\\/es\\\/#\\\/schema\\\/logo\\\/image\\\/\"},\"sameAs\":[\"https:\\\/\\\/www.facebook.com\\\/luxonomy\",\"https:\\\/\\\/www.instagram.com\\\/luxonomy\\\/\",\"https:\\\/\\\/www.linkedin.com\\\/company\\\/luxonomy\\\/\"]},{\"@type\":\"Person\",\"@id\":\"https:\\\/\\\/luxonomy.net\\\/es\\\/#\\\/schema\\\/person\\\/9d526ffe93a0cc9cecc91760f49da3ef\",\"name\":\"Chiara Gabardi\",\"image\":{\"@type\":\"ImageObject\",\"inLanguage\":\"es\",\"@id\":\"https:\\\/\\\/luxonomy.net\\\/wp-content\\\/litespeed\\\/avatar\\\/548640c4e2c34544e66c65ab1641a5d7.jpg?ver=1787976300\",\"url\":\"https:\\\/\\\/luxonomy.net\\\/wp-content\\\/litespeed\\\/avatar\\\/548640c4e2c34544e66c65ab1641a5d7.jpg?ver=1787976300\",\"contentUrl\":\"https:\\\/\\\/luxonomy.net\\\/wp-content\\\/litespeed\\\/avatar\\\/548640c4e2c34544e66c65ab1641a5d7.jpg?ver=1787976300\",\"caption\":\"Chiara Gabardi\"},\"description\":\"Editor at LUXONOMY\u2122 Group\",\"url\":\"https:\\\/\\\/luxonomy.net\\\/es\\\/author\\\/chiara-gabardi\\\/\"}]}<\/script>\n<!-- \/ Yoast SEO plugin. -->","yoast_head_json":{"title":"Monaco Yacht Show se centrar\u00e1 este a\u00f1o en la sostenibilidad | LUXONOMY","robots":{"index":"index","follow":"follow","max-snippet":"max-snippet:-1","max-image-preview":"max-image-preview:large","max-video-preview":"max-video-preview:-1"},"canonical":"https:\/\/luxonomy.net\/es\/monaco-yacht-show-se-centrara-este-ano-en-la-sostenibilidad\/","og_locale":"es_ES","og_type":"article","og_title":"Monaco Yacht Show se centrar\u00e1 este a\u00f1o en la sostenibilidad | LUXONOMY","og_description":"Monaco Yacht Show es la exhibici\u00f3n de superyates m\u00e1s prestigiosa del mundo. Un evento ic\u00f3nico, combina exclusividad, excelencia e innovaci\u00f3n. Este a\u00f1o ofrece una rigurosa selecci\u00f3n de expositores; con 500 grandes empresas del sector y 105 super y megayates destacados. Con una media de 33.000 participantes, el Monaco Yacht Show (MYS) ofrece una ocasi\u00f3n \u00fanica&hellip;","og_url":"https:\/\/luxonomy.net\/es\/monaco-yacht-show-se-centrara-este-ano-en-la-sostenibilidad\/","og_site_name":"LUXONOMY","article_publisher":"https:\/\/www.facebook.com\/luxonomy","article_published_time":"2022-08-09T12:02:22+00:00","og_image":[{"width":1600,"height":996,"url":"https:\/\/i0.wp.com\/luxonomy.net\/wp-content\/uploads\/2022\/08\/Monaco-Yacht-Show.jpg?fit=1600%2C996&quality=89&ssl=1","type":"image\/jpeg"}],"author":"Chiara Gabardi","twitter_card":"summary_large_image","twitter_misc":{"Escrito por":"Chiara Gabardi","Tiempo de lectura":"4 minutos"},"schema":{"@context":"https:\/\/schema.org","@graph":[{"@type":"Article","@id":"https:\/\/luxonomy.net\/es\/monaco-yacht-show-se-centrara-este-ano-en-la-sostenibilidad\/#article","isPartOf":{"@id":"https:\/\/luxonomy.net\/es\/monaco-yacht-show-se-centrara-este-ano-en-la-sostenibilidad\/"},"author":{"name":"Chiara Gabardi","@id":"https:\/\/luxonomy.net\/es\/#\/schema\/person\/9d526ffe93a0cc9cecc91760f49da3ef"},"headline":"Monaco Yacht Show se centrar\u00e1 este a\u00f1o en la sostenibilidad","datePublished":"2022-08-09T12:02:22+00:00","mainEntityOfPage":{"@id":"https:\/\/luxonomy.net\/es\/monaco-yacht-show-se-centrara-este-ano-en-la-sostenibilidad\/"},"wordCount":737,"commentCount":0,"publisher":{"@id":"https:\/\/luxonomy.net\/es\/#organization"},"image":{"@id":"https:\/\/luxonomy.net\/es\/monaco-yacht-show-se-centrara-este-ano-en-la-sostenibilidad\/#primaryimage"},"thumbnailUrl":"https:\/\/i0.wp.com\/luxonomy.net\/wp-content\/uploads\/2022\/08\/Monaco-Yacht-Show.jpg?fit=1600%2C996&ssl=1","keywords":["Eventos","Monaco Yacht Show","motor","na\u00fatica"],"articleSection":["Eventos","Na\u00fatica"],"inLanguage":"es","potentialAction":[{"@type":"CommentAction","name":"Comment","target":["https:\/\/luxonomy.net\/es\/monaco-yacht-show-se-centrara-este-ano-en-la-sostenibilidad\/#respond"]}]},{"@type":"WebPage","@id":"https:\/\/luxonomy.net\/es\/monaco-yacht-show-se-centrara-este-ano-en-la-sostenibilidad\/","url":"https:\/\/luxonomy.net\/es\/monaco-yacht-show-se-centrara-este-ano-en-la-sostenibilidad\/","name":"Monaco Yacht Show se centrar\u00e1 este a\u00f1o en la sostenibilidad | LUXONOMY","isPartOf":{"@id":"https:\/\/luxonomy.net\/es\/#website"},"primaryImageOfPage":{"@id":"https:\/\/luxonomy.net\/es\/monaco-yacht-show-se-centrara-este-ano-en-la-sostenibilidad\/#primaryimage"},"image":{"@id":"https:\/\/luxonomy.net\/es\/monaco-yacht-show-se-centrara-este-ano-en-la-sostenibilidad\/#primaryimage"},"thumbnailUrl":"https:\/\/i0.wp.com\/luxonomy.net\/wp-content\/uploads\/2022\/08\/Monaco-Yacht-Show.jpg?fit=1600%2C996&ssl=1","datePublished":"2022-08-09T12:02:22+00:00","breadcrumb":{"@id":"https:\/\/luxonomy.net\/es\/monaco-yacht-show-se-centrara-este-ano-en-la-sostenibilidad\/#breadcrumb"},"inLanguage":"es","potentialAction":[{"@type":"ReadAction","target":["https:\/\/luxonomy.net\/es\/monaco-yacht-show-se-centrara-este-ano-en-la-sostenibilidad\/"]}]},{"@type":"ImageObject","inLanguage":"es","@id":"https:\/\/luxonomy.net\/es\/monaco-yacht-show-se-centrara-este-ano-en-la-sostenibilidad\/#primaryimage","url":"https:\/\/i0.wp.com\/luxonomy.net\/wp-content\/uploads\/2022\/08\/Monaco-Yacht-Show.jpg?fit=1600%2C996&ssl=1","contentUrl":"https:\/\/i0.wp.com\/luxonomy.net\/wp-content\/uploads\/2022\/08\/Monaco-Yacht-Show.jpg?fit=1600%2C996&ssl=1","width":1600,"height":996},{"@type":"BreadcrumbList","@id":"https:\/\/luxonomy.net\/es\/monaco-yacht-show-se-centrara-este-ano-en-la-sostenibilidad\/#breadcrumb","itemListElement":[{"@type":"ListItem","position":1,"name":"Portada","item":"https:\/\/luxonomy.net\/es\/"},{"@type":"ListItem","position":2,"name":"Monaco Yacht Show se centrar\u00e1 este a\u00f1o en la sostenibilidad"}]},{"@type":"WebSite","@id":"https:\/\/luxonomy.net\/es\/#website","url":"https:\/\/luxonomy.net\/es\/","name":"LUXONOMY","description":"The Economy of Fashion &amp; Luxury","publisher":{"@id":"https:\/\/luxonomy.net\/es\/#organization"},"potentialAction":[{"@type":"SearchAction","target":{"@type":"EntryPoint","urlTemplate":"https:\/\/luxonomy.net\/es\/?s={search_term_string}"},"query-input":{"@type":"PropertyValueSpecification","valueRequired":true,"valueName":"search_term_string"}}],"inLanguage":"es"},{"@type":"Organization","@id":"https:\/\/luxonomy.net\/es\/#organization","name":"LUXONOMY","url":"https:\/\/luxonomy.net\/es\/","logo":{"@type":"ImageObject","inLanguage":"es","@id":"https:\/\/luxonomy.net\/es\/#\/schema\/logo\/image\/","url":"https:\/\/i2.wp.com\/luxonomy.net\/wp-content\/uploads\/2021\/09\/MOCKUP-TODOS-LUXONOMY.jpg?fit=1000%2C515&ssl=1","contentUrl":"https:\/\/i2.wp.com\/luxonomy.net\/wp-content\/uploads\/2021\/09\/MOCKUP-TODOS-LUXONOMY.jpg?fit=1000%2C515&ssl=1","width":1000,"height":515,"caption":"LUXONOMY"},"image":{"@id":"https:\/\/luxonomy.net\/es\/#\/schema\/logo\/image\/"},"sameAs":["https:\/\/www.facebook.com\/luxonomy","https:\/\/www.instagram.com\/luxonomy\/","https:\/\/www.linkedin.com\/company\/luxonomy\/"]},{"@type":"Person","@id":"https:\/\/luxonomy.net\/es\/#\/schema\/person\/9d526ffe93a0cc9cecc91760f49da3ef","name":"Chiara Gabardi","image":{"@type":"ImageObject","inLanguage":"es","@id":"https:\/\/luxonomy.net\/wp-content\/litespeed\/avatar\/548640c4e2c34544e66c65ab1641a5d7.jpg?ver=1787976300","url":"https:\/\/luxonomy.net\/wp-content\/litespeed\/avatar\/548640c4e2c34544e66c65ab1641a5d7.jpg?ver=1787976300","contentUrl":"https:\/\/luxonomy.net\/wp-content\/litespeed\/avatar\/548640c4e2c34544e66c65ab1641a5d7.jpg?ver=1787976300","caption":"Chiara Gabardi"},"description":"Editor at LUXONOMY\u2122 Group","url":"https:\/\/luxonomy.net\/es\/author\/chiara-gabardi\/"}]}},"jetpack_publicize_connections":[],"jetpack_shortlink":"https:\/\/wp.me\/paPhBa-64b","jetpack_sharing_enabled":true,"jetpack_featured_media_url":"https:\/\/i0.wp.com\/luxonomy.net\/wp-content\/uploads\/2022\/08\/Monaco-Yacht-Show.jpg?fit=1600%2C996&ssl=1","_links":{"self":[{"href":"https:\/\/luxonomy.net\/es\/wp-json\/wp\/v2\/posts\/23323","targetHints":{"allow":["GET"]}}],"collection":[{"href":"https:\/\/luxonomy.net\/es\/wp-json\/wp\/v2\/posts"}],"about":[{"href":"https:\/\/luxonomy.net\/es\/wp-json\/wp\/v2\/types\/post"}],"author":[{"embeddable":true,"href":"https:\/\/luxonomy.net\/es\/wp-json\/wp\/v2\/users\/10"}],"replies":[{"embeddable":true,"href":"https:\/\/luxonomy.net\/es\/wp-json\/wp\/v2\/comments?post=23323"}],"version-history":[{"count":2,"href":"https:\/\/luxonomy.net\/es\/wp-json\/wp\/v2\/posts\/23323\/revisions"}],"predecessor-version":[{"id":23326,"href":"https:\/\/luxonomy.net\/es\/wp-json\/wp\/v2\/posts\/23323\/revisions\/23326"}],"wp:featuredmedia":[{"embeddable":true,"href":"https:\/\/luxonomy.net\/es\/wp-json\/wp\/v2\/media\/23324"}],"wp:attachment":[{"href":"https:\/\/luxonomy.net\/es\/wp-json\/wp\/v2\/media?parent=23323"}],"wp:term":[{"taxonomy":"category","embeddable":true,"href":"https:\/\/luxonomy.net\/es\/wp-json\/wp\/v2\/categories?post=23323"},{"taxonomy":"post_tag","embeddable":true,"href":"https:\/\/luxonomy.net\/es\/wp-json\/wp\/v2\/tags?post=23323"},{"taxonomy":"thb-sponsors","embeddable":true,"href":"https:\/\/luxonomy.net\/es\/wp-json\/wp\/v2\/thb-sponsors?post=23323"}],"curies":[{"name":"wp","href":"https:\/\/api.w.org\/{rel}","templated":true}]}}