{"id":23247,"date":"2022-07-29T10:12:58","date_gmt":"2022-07-29T08:12:58","guid":{"rendered":"https:\/?p=23247"},"modified":"2022-07-29T13:09:02","modified_gmt":"2022-07-29T11:09:02","slug":"fendi-abre-nueva-tienda-en-madrid-en-el-centro-comercial-castellana","status":"publish","type":"post","link":"https:\/\/luxonomy.net\/es\/fendi-abre-nueva-tienda-en-madrid-en-el-centro-comercial-castellana\/","title":{"rendered":"Fendi abre nueva tienda en Madrid, en el Centro Comercial Castellana"},"content":{"rendered":"<p>Fendi acaba de abrir su primer espacio comercial de gesti\u00f3n directa en Madrid. Huyendo del prestigioso distrito c\u00e9ntrico de la capital espa\u00f1ola, la marca italiana ha apostado por instalarse en el Centro Comercial Castellana, en la zona de Cuatro Caminos de la ciudad.<\/p>\n<p>Ocupando 140 m2. (1.507 pies cuadrados) en las instalaciones de El Corte Ingl\u00e9s, cuenta con un dise\u00f1o interior creado por el equipo de dise\u00f1o interno de la marca. La tienda tiene una fachada de azulejos de cer\u00e1mica blanca hechos a mano inspirados en materiales espa\u00f1oles y aplicados por el difunto Karl Lagerfeld (1933-2019) para la colecci\u00f3n Oto\u00f1o\/Invierno 2013 de Fendi y tambi\u00e9n se pueden encontrar en el interior como tel\u00f3n de fondo para estanter\u00edas.<\/p>\n<p>En el interior, se ha colocado en el centro una forma de n\u00facleo de cuatro lados, revestido de un llamativo m\u00e1rmol blanco y cemento puzol\u00e1nico. Las paredes circundantes est\u00e1n cubiertas con paneles de metal brillante que se unen con una variedad de muebles que incorporan el mismo material. Percheros elegantes en prendas de exhibici\u00f3n de acero color champ\u00e1n.<\/p><div id=\"luxon-1556294693\" class=\"luxon-3er-parrafo luxon-entity-placement\" style=\"margin-top: 20px;margin-bottom: 20px;margin-left: auto;margin-right: auto;text-align: center;\"><a href=\"https:\/\/luxonomy.university\/course\/master-turismo-de-lujo\" target=\"_blank\" aria-label=\"master-turismo-lujo-2026-2027\"><img loading=\"lazy\" decoding=\"async\" src=\"https:\/\/i0.wp.com\/luxonomy.net\/wp-content\/uploads\/2020\/07\/master-turismo-lujo-2026-2027.jpg?fit=1672%2C941&#038;ssl=1\" alt=\"\"  srcset=\"https:\/\/i0.wp.com\/luxonomy.net\/wp-content\/uploads\/2020\/07\/master-turismo-lujo-2026-2027.jpg?w=1672&ssl=1 1672w, https:\/\/i0.wp.com\/luxonomy.net\/wp-content\/uploads\/2020\/07\/master-turismo-lujo-2026-2027.jpg?resize=300%2C169&ssl=1 300w, https:\/\/i0.wp.com\/luxonomy.net\/wp-content\/uploads\/2020\/07\/master-turismo-lujo-2026-2027.jpg?resize=1024%2C576&ssl=1 1024w, https:\/\/i0.wp.com\/luxonomy.net\/wp-content\/uploads\/2020\/07\/master-turismo-lujo-2026-2027.jpg?resize=768%2C432&ssl=1 768w, https:\/\/i0.wp.com\/luxonomy.net\/wp-content\/uploads\/2020\/07\/master-turismo-lujo-2026-2027.jpg?resize=1536%2C864&ssl=1 1536w, https:\/\/i0.wp.com\/luxonomy.net\/wp-content\/uploads\/2020\/07\/master-turismo-lujo-2026-2027.jpg?resize=370%2C208&ssl=1 370w, https:\/\/i0.wp.com\/luxonomy.net\/wp-content\/uploads\/2020\/07\/master-turismo-lujo-2026-2027.jpg?resize=800%2C450&ssl=1 800w, https:\/\/i0.wp.com\/luxonomy.net\/wp-content\/uploads\/2020\/07\/master-turismo-lujo-2026-2027.jpg?resize=20%2C11&ssl=1 20w, https:\/\/i0.wp.com\/luxonomy.net\/wp-content\/uploads\/2020\/07\/master-turismo-lujo-2026-2027.jpg?resize=740%2C416&ssl=1 740w, https:\/\/i0.wp.com\/luxonomy.net\/wp-content\/uploads\/2020\/07\/master-turismo-lujo-2026-2027.jpg?resize=1600%2C900&ssl=1 1600w, https:\/\/i0.wp.com\/luxonomy.net\/wp-content\/uploads\/2020\/07\/master-turismo-lujo-2026-2027.jpg?resize=1200%2C675&ssl=1 1200w, https:\/\/i0.wp.com\/luxonomy.net\/wp-content\/uploads\/2020\/07\/master-turismo-lujo-2026-2027.jpg?resize=85%2C48&ssl=1 85w\" sizes=\"(max-width: 1170px) 100vw, 1170px\" class=\"no-lazyload\" width=\"1672\" height=\"941\"   \/><\/a><\/div>\n<p>La nueva boutique de Fendi ofrece ropa, accesorios, zapatos, bolsos, peque\u00f1os art\u00edculos de cuero y relojes de mujer de la marca.<\/p>\n<p>Fendi es propiedad de LVMH.<\/p>\n","protected":false},"excerpt":{"rendered":"<p>Fendi acaba de abrir su primer espacio comercial de gesti\u00f3n directa en Madrid. Huyendo del prestigioso distrito c\u00e9ntrico de la capital espa\u00f1ola, la marca italiana ha apostado por instalarse en el Centro Comercial Castellana, en la zona de Cuatro Caminos de la ciudad. Ocupando 140 m2. (1.507 pies cuadrados) en las instalaciones de El Corte&hellip;<\/p>\n","protected":false},"author":10,"featured_media":23249,"comment_status":"open","ping_status":"open","sticky":false,"template":"","format":"standard","meta":{"_jetpack_newsletter_access":"","_jetpack_dont_email_post_to_subs":false,"_jetpack_newsletter_tier_id":0,"_jetpack_memberships_contains_paywalled_content":false,"_jetpack_feature_clip_id":0,"_jetpack_memberships_contains_paid_content":false,"footnotes":"","jetpack_publicize_message":"Fendi abre nueva tienda en Madrid, en el Centro Comercial Castellana","jetpack_publicize_feature_enabled":true,"jetpack_social_post_already_shared":false,"jetpack_social_options":{"image_generator_settings":{"template":"edge","default_image_id":0,"font":"","enabled":false},"version":2},"jetpack_post_was_ever_published":false},"categories":[534,505],"tags":[759,585,728,586],"thb-sponsors":[],"class_list":["post-23247","post","type-post","status-publish","format-standard","has-post-thumbnail","hentry","category-moda","category-sin-categorizar","tag-fendi","tag-lvmh","tag-madrid","tag-moda"],"yoast_head":"<!-- This site is optimized with the Yoast SEO plugin v28.4 - https:\/\/yoast.com\/product\/yoast-seo-wordpress\/ -->\n<title>Fendi abre nueva tienda en Madrid, en el Centro Comercial Castellana | LUXONOMY<\/title>\n<meta name=\"robots\" content=\"index, follow, max-snippet:-1, max-image-preview:large, max-video-preview:-1\" \/>\n<link rel=\"canonical\" href=\"https:\/\/luxonomy.net\/es\/fendi-abre-nueva-tienda-en-madrid-en-el-centro-comercial-castellana\/\" \/>\n<meta property=\"og:locale\" content=\"es_ES\" \/>\n<meta property=\"og:type\" content=\"article\" \/>\n<meta property=\"og:title\" content=\"Fendi abre nueva tienda en Madrid, en el Centro Comercial Castellana | LUXONOMY\" \/>\n<meta property=\"og:description\" content=\"Fendi acaba de abrir su primer espacio comercial de gesti\u00f3n directa en Madrid. Huyendo del prestigioso distrito c\u00e9ntrico de la capital espa\u00f1ola, la marca italiana ha apostado por instalarse en el Centro Comercial Castellana, en la zona de Cuatro Caminos de la ciudad. Ocupando 140 m2. (1.507 pies cuadrados) en las instalaciones de El Corte&hellip;\" \/>\n<meta property=\"og:url\" content=\"https:\/\/luxonomy.net\/es\/fendi-abre-nueva-tienda-en-madrid-en-el-centro-comercial-castellana\/\" \/>\n<meta property=\"og:site_name\" content=\"LUXONOMY\" \/>\n<meta property=\"article:publisher\" content=\"https:\/\/www.facebook.com\/luxonomy\" \/>\n<meta property=\"article:published_time\" content=\"2022-07-29T08:12:58+00:00\" \/>\n<meta property=\"article:modified_time\" content=\"2022-07-29T11:09:02+00:00\" \/>\n<meta property=\"og:image\" content=\"https:\/\/i0.wp.com\/luxonomy.net\/wp-content\/uploads\/2022\/07\/Fendi-Madrid.jpg?fit=1500%2C932&quality=89&ssl=1\" \/>\n\t<meta property=\"og:image:width\" content=\"1500\" \/>\n\t<meta property=\"og:image:height\" content=\"932\" \/>\n\t<meta property=\"og:image:type\" content=\"image\/jpeg\" \/>\n<meta name=\"author\" content=\"Chiara Gabardi\" \/>\n<meta name=\"twitter:card\" content=\"summary_large_image\" \/>\n<meta name=\"twitter:label1\" content=\"Escrito por\" \/>\n\t<meta name=\"twitter:data1\" content=\"Chiara Gabardi\" \/>\n\t<meta name=\"twitter:label2\" content=\"Tiempo de lectura\" \/>\n\t<meta name=\"twitter:data2\" content=\"1 minuto\" \/>\n<script type=\"application\/ld+json\" class=\"yoast-schema-graph\">{\"@context\":\"https:\\\/\\\/schema.org\",\"@graph\":[{\"@type\":\"Article\",\"@id\":\"https:\\\/\\\/luxonomy.net\\\/es\\\/fendi-abre-nueva-tienda-en-madrid-en-el-centro-comercial-castellana\\\/#article\",\"isPartOf\":{\"@id\":\"https:\\\/\\\/luxonomy.net\\\/es\\\/fendi-abre-nueva-tienda-en-madrid-en-el-centro-comercial-castellana\\\/\"},\"author\":{\"name\":\"Chiara Gabardi\",\"@id\":\"https:\\\/\\\/luxonomy.net\\\/es\\\/#\\\/schema\\\/person\\\/9d526ffe93a0cc9cecc91760f49da3ef\"},\"headline\":\"Fendi abre nueva tienda en Madrid, en el Centro Comercial Castellana\",\"datePublished\":\"2022-07-29T08:12:58+00:00\",\"dateModified\":\"2022-07-29T11:09:02+00:00\",\"mainEntityOfPage\":{\"@id\":\"https:\\\/\\\/luxonomy.net\\\/es\\\/fendi-abre-nueva-tienda-en-madrid-en-el-centro-comercial-castellana\\\/\"},\"wordCount\":231,\"commentCount\":0,\"publisher\":{\"@id\":\"https:\\\/\\\/luxonomy.net\\\/es\\\/#organization\"},\"image\":{\"@id\":\"https:\\\/\\\/luxonomy.net\\\/es\\\/fendi-abre-nueva-tienda-en-madrid-en-el-centro-comercial-castellana\\\/#primaryimage\"},\"thumbnailUrl\":\"https:\\\/\\\/i0.wp.com\\\/luxonomy.net\\\/wp-content\\\/uploads\\\/2022\\\/07\\\/Fendi-Madrid.jpg?fit=1500%2C932&ssl=1\",\"keywords\":[\"Fendi\",\"LVMH\",\"Madrid\",\"Moda\"],\"articleSection\":[\"Moda\",\"Sin categorizar\"],\"inLanguage\":\"es\",\"potentialAction\":[{\"@type\":\"CommentAction\",\"name\":\"Comment\",\"target\":[\"https:\\\/\\\/luxonomy.net\\\/es\\\/fendi-abre-nueva-tienda-en-madrid-en-el-centro-comercial-castellana\\\/#respond\"]}]},{\"@type\":\"WebPage\",\"@id\":\"https:\\\/\\\/luxonomy.net\\\/es\\\/fendi-abre-nueva-tienda-en-madrid-en-el-centro-comercial-castellana\\\/\",\"url\":\"https:\\\/\\\/luxonomy.net\\\/es\\\/fendi-abre-nueva-tienda-en-madrid-en-el-centro-comercial-castellana\\\/\",\"name\":\"Fendi abre nueva tienda en Madrid, en el Centro Comercial Castellana | LUXONOMY\",\"isPartOf\":{\"@id\":\"https:\\\/\\\/luxonomy.net\\\/es\\\/#website\"},\"primaryImageOfPage\":{\"@id\":\"https:\\\/\\\/luxonomy.net\\\/es\\\/fendi-abre-nueva-tienda-en-madrid-en-el-centro-comercial-castellana\\\/#primaryimage\"},\"image\":{\"@id\":\"https:\\\/\\\/luxonomy.net\\\/es\\\/fendi-abre-nueva-tienda-en-madrid-en-el-centro-comercial-castellana\\\/#primaryimage\"},\"thumbnailUrl\":\"https:\\\/\\\/i0.wp.com\\\/luxonomy.net\\\/wp-content\\\/uploads\\\/2022\\\/07\\\/Fendi-Madrid.jpg?fit=1500%2C932&ssl=1\",\"datePublished\":\"2022-07-29T08:12:58+00:00\",\"dateModified\":\"2022-07-29T11:09:02+00:00\",\"breadcrumb\":{\"@id\":\"https:\\\/\\\/luxonomy.net\\\/es\\\/fendi-abre-nueva-tienda-en-madrid-en-el-centro-comercial-castellana\\\/#breadcrumb\"},\"inLanguage\":\"es\",\"potentialAction\":[{\"@type\":\"ReadAction\",\"target\":[\"https:\\\/\\\/luxonomy.net\\\/es\\\/fendi-abre-nueva-tienda-en-madrid-en-el-centro-comercial-castellana\\\/\"]}]},{\"@type\":\"ImageObject\",\"inLanguage\":\"es\",\"@id\":\"https:\\\/\\\/luxonomy.net\\\/es\\\/fendi-abre-nueva-tienda-en-madrid-en-el-centro-comercial-castellana\\\/#primaryimage\",\"url\":\"https:\\\/\\\/i0.wp.com\\\/luxonomy.net\\\/wp-content\\\/uploads\\\/2022\\\/07\\\/Fendi-Madrid.jpg?fit=1500%2C932&ssl=1\",\"contentUrl\":\"https:\\\/\\\/i0.wp.com\\\/luxonomy.net\\\/wp-content\\\/uploads\\\/2022\\\/07\\\/Fendi-Madrid.jpg?fit=1500%2C932&ssl=1\",\"width\":1500,\"height\":932},{\"@type\":\"BreadcrumbList\",\"@id\":\"https:\\\/\\\/luxonomy.net\\\/es\\\/fendi-abre-nueva-tienda-en-madrid-en-el-centro-comercial-castellana\\\/#breadcrumb\",\"itemListElement\":[{\"@type\":\"ListItem\",\"position\":1,\"name\":\"Portada\",\"item\":\"https:\\\/\\\/luxonomy.net\\\/es\\\/\"},{\"@type\":\"ListItem\",\"position\":2,\"name\":\"Fendi abre nueva tienda en Madrid, en el Centro Comercial Castellana\"}]},{\"@type\":\"WebSite\",\"@id\":\"https:\\\/\\\/luxonomy.net\\\/es\\\/#website\",\"url\":\"https:\\\/\\\/luxonomy.net\\\/es\\\/\",\"name\":\"LUXONOMY\",\"description\":\"The Economy of Fashion &amp; Luxury\",\"publisher\":{\"@id\":\"https:\\\/\\\/luxonomy.net\\\/es\\\/#organization\"},\"potentialAction\":[{\"@type\":\"SearchAction\",\"target\":{\"@type\":\"EntryPoint\",\"urlTemplate\":\"https:\\\/\\\/luxonomy.net\\\/es\\\/?s={search_term_string}\"},\"query-input\":{\"@type\":\"PropertyValueSpecification\",\"valueRequired\":true,\"valueName\":\"search_term_string\"}}],\"inLanguage\":\"es\"},{\"@type\":\"Organization\",\"@id\":\"https:\\\/\\\/luxonomy.net\\\/es\\\/#organization\",\"name\":\"LUXONOMY\",\"url\":\"https:\\\/\\\/luxonomy.net\\\/es\\\/\",\"logo\":{\"@type\":\"ImageObject\",\"inLanguage\":\"es\",\"@id\":\"https:\\\/\\\/luxonomy.net\\\/es\\\/#\\\/schema\\\/logo\\\/image\\\/\",\"url\":\"https:\\\/\\\/i2.wp.com\\\/luxonomy.net\\\/wp-content\\\/uploads\\\/2021\\\/09\\\/MOCKUP-TODOS-LUXONOMY.jpg?fit=1000%2C515&ssl=1\",\"contentUrl\":\"https:\\\/\\\/i2.wp.com\\\/luxonomy.net\\\/wp-content\\\/uploads\\\/2021\\\/09\\\/MOCKUP-TODOS-LUXONOMY.jpg?fit=1000%2C515&ssl=1\",\"width\":1000,\"height\":515,\"caption\":\"LUXONOMY\"},\"image\":{\"@id\":\"https:\\\/\\\/luxonomy.net\\\/es\\\/#\\\/schema\\\/logo\\\/image\\\/\"},\"sameAs\":[\"https:\\\/\\\/www.facebook.com\\\/luxonomy\",\"https:\\\/\\\/www.instagram.com\\\/luxonomy\\\/\",\"https:\\\/\\\/www.linkedin.com\\\/company\\\/luxonomy\\\/\"]},{\"@type\":\"Person\",\"@id\":\"https:\\\/\\\/luxonomy.net\\\/es\\\/#\\\/schema\\\/person\\\/9d526ffe93a0cc9cecc91760f49da3ef\",\"name\":\"Chiara Gabardi\",\"image\":{\"@type\":\"ImageObject\",\"inLanguage\":\"es\",\"@id\":\"https:\\\/\\\/luxonomy.net\\\/wp-content\\\/litespeed\\\/avatar\\\/548640c4e2c34544e66c65ab1641a5d7.jpg?ver=1787976300\",\"url\":\"https:\\\/\\\/luxonomy.net\\\/wp-content\\\/litespeed\\\/avatar\\\/548640c4e2c34544e66c65ab1641a5d7.jpg?ver=1787976300\",\"contentUrl\":\"https:\\\/\\\/luxonomy.net\\\/wp-content\\\/litespeed\\\/avatar\\\/548640c4e2c34544e66c65ab1641a5d7.jpg?ver=1787976300\",\"caption\":\"Chiara Gabardi\"},\"description\":\"Editor at LUXONOMY\u2122 Group\",\"url\":\"https:\\\/\\\/luxonomy.net\\\/es\\\/author\\\/chiara-gabardi\\\/\"}]}<\/script>\n<!-- \/ Yoast SEO plugin. -->","yoast_head_json":{"title":"Fendi abre nueva tienda en Madrid, en el Centro Comercial Castellana | LUXONOMY","robots":{"index":"index","follow":"follow","max-snippet":"max-snippet:-1","max-image-preview":"max-image-preview:large","max-video-preview":"max-video-preview:-1"},"canonical":"https:\/\/luxonomy.net\/es\/fendi-abre-nueva-tienda-en-madrid-en-el-centro-comercial-castellana\/","og_locale":"es_ES","og_type":"article","og_title":"Fendi abre nueva tienda en Madrid, en el Centro Comercial Castellana | LUXONOMY","og_description":"Fendi acaba de abrir su primer espacio comercial de gesti\u00f3n directa en Madrid. Huyendo del prestigioso distrito c\u00e9ntrico de la capital espa\u00f1ola, la marca italiana ha apostado por instalarse en el Centro Comercial Castellana, en la zona de Cuatro Caminos de la ciudad. Ocupando 140 m2. (1.507 pies cuadrados) en las instalaciones de El Corte&hellip;","og_url":"https:\/\/luxonomy.net\/es\/fendi-abre-nueva-tienda-en-madrid-en-el-centro-comercial-castellana\/","og_site_name":"LUXONOMY","article_publisher":"https:\/\/www.facebook.com\/luxonomy","article_published_time":"2022-07-29T08:12:58+00:00","article_modified_time":"2022-07-29T11:09:02+00:00","og_image":[{"width":1500,"height":932,"url":"https:\/\/i0.wp.com\/luxonomy.net\/wp-content\/uploads\/2022\/07\/Fendi-Madrid.jpg?fit=1500%2C932&quality=89&ssl=1","type":"image\/jpeg"}],"author":"Chiara Gabardi","twitter_card":"summary_large_image","twitter_misc":{"Escrito por":"Chiara Gabardi","Tiempo de lectura":"1 minuto"},"schema":{"@context":"https:\/\/schema.org","@graph":[{"@type":"Article","@id":"https:\/\/luxonomy.net\/es\/fendi-abre-nueva-tienda-en-madrid-en-el-centro-comercial-castellana\/#article","isPartOf":{"@id":"https:\/\/luxonomy.net\/es\/fendi-abre-nueva-tienda-en-madrid-en-el-centro-comercial-castellana\/"},"author":{"name":"Chiara Gabardi","@id":"https:\/\/luxonomy.net\/es\/#\/schema\/person\/9d526ffe93a0cc9cecc91760f49da3ef"},"headline":"Fendi abre nueva tienda en Madrid, en el Centro Comercial Castellana","datePublished":"2022-07-29T08:12:58+00:00","dateModified":"2022-07-29T11:09:02+00:00","mainEntityOfPage":{"@id":"https:\/\/luxonomy.net\/es\/fendi-abre-nueva-tienda-en-madrid-en-el-centro-comercial-castellana\/"},"wordCount":231,"commentCount":0,"publisher":{"@id":"https:\/\/luxonomy.net\/es\/#organization"},"image":{"@id":"https:\/\/luxonomy.net\/es\/fendi-abre-nueva-tienda-en-madrid-en-el-centro-comercial-castellana\/#primaryimage"},"thumbnailUrl":"https:\/\/i0.wp.com\/luxonomy.net\/wp-content\/uploads\/2022\/07\/Fendi-Madrid.jpg?fit=1500%2C932&ssl=1","keywords":["Fendi","LVMH","Madrid","Moda"],"articleSection":["Moda","Sin categorizar"],"inLanguage":"es","potentialAction":[{"@type":"CommentAction","name":"Comment","target":["https:\/\/luxonomy.net\/es\/fendi-abre-nueva-tienda-en-madrid-en-el-centro-comercial-castellana\/#respond"]}]},{"@type":"WebPage","@id":"https:\/\/luxonomy.net\/es\/fendi-abre-nueva-tienda-en-madrid-en-el-centro-comercial-castellana\/","url":"https:\/\/luxonomy.net\/es\/fendi-abre-nueva-tienda-en-madrid-en-el-centro-comercial-castellana\/","name":"Fendi abre nueva tienda en Madrid, en el Centro Comercial Castellana | LUXONOMY","isPartOf":{"@id":"https:\/\/luxonomy.net\/es\/#website"},"primaryImageOfPage":{"@id":"https:\/\/luxonomy.net\/es\/fendi-abre-nueva-tienda-en-madrid-en-el-centro-comercial-castellana\/#primaryimage"},"image":{"@id":"https:\/\/luxonomy.net\/es\/fendi-abre-nueva-tienda-en-madrid-en-el-centro-comercial-castellana\/#primaryimage"},"thumbnailUrl":"https:\/\/i0.wp.com\/luxonomy.net\/wp-content\/uploads\/2022\/07\/Fendi-Madrid.jpg?fit=1500%2C932&ssl=1","datePublished":"2022-07-29T08:12:58+00:00","dateModified":"2022-07-29T11:09:02+00:00","breadcrumb":{"@id":"https:\/\/luxonomy.net\/es\/fendi-abre-nueva-tienda-en-madrid-en-el-centro-comercial-castellana\/#breadcrumb"},"inLanguage":"es","potentialAction":[{"@type":"ReadAction","target":["https:\/\/luxonomy.net\/es\/fendi-abre-nueva-tienda-en-madrid-en-el-centro-comercial-castellana\/"]}]},{"@type":"ImageObject","inLanguage":"es","@id":"https:\/\/luxonomy.net\/es\/fendi-abre-nueva-tienda-en-madrid-en-el-centro-comercial-castellana\/#primaryimage","url":"https:\/\/i0.wp.com\/luxonomy.net\/wp-content\/uploads\/2022\/07\/Fendi-Madrid.jpg?fit=1500%2C932&ssl=1","contentUrl":"https:\/\/i0.wp.com\/luxonomy.net\/wp-content\/uploads\/2022\/07\/Fendi-Madrid.jpg?fit=1500%2C932&ssl=1","width":1500,"height":932},{"@type":"BreadcrumbList","@id":"https:\/\/luxonomy.net\/es\/fendi-abre-nueva-tienda-en-madrid-en-el-centro-comercial-castellana\/#breadcrumb","itemListElement":[{"@type":"ListItem","position":1,"name":"Portada","item":"https:\/\/luxonomy.net\/es\/"},{"@type":"ListItem","position":2,"name":"Fendi abre nueva tienda en Madrid, en el Centro Comercial Castellana"}]},{"@type":"WebSite","@id":"https:\/\/luxonomy.net\/es\/#website","url":"https:\/\/luxonomy.net\/es\/","name":"LUXONOMY","description":"The Economy of Fashion &amp; Luxury","publisher":{"@id":"https:\/\/luxonomy.net\/es\/#organization"},"potentialAction":[{"@type":"SearchAction","target":{"@type":"EntryPoint","urlTemplate":"https:\/\/luxonomy.net\/es\/?s={search_term_string}"},"query-input":{"@type":"PropertyValueSpecification","valueRequired":true,"valueName":"search_term_string"}}],"inLanguage":"es"},{"@type":"Organization","@id":"https:\/\/luxonomy.net\/es\/#organization","name":"LUXONOMY","url":"https:\/\/luxonomy.net\/es\/","logo":{"@type":"ImageObject","inLanguage":"es","@id":"https:\/\/luxonomy.net\/es\/#\/schema\/logo\/image\/","url":"https:\/\/i2.wp.com\/luxonomy.net\/wp-content\/uploads\/2021\/09\/MOCKUP-TODOS-LUXONOMY.jpg?fit=1000%2C515&ssl=1","contentUrl":"https:\/\/i2.wp.com\/luxonomy.net\/wp-content\/uploads\/2021\/09\/MOCKUP-TODOS-LUXONOMY.jpg?fit=1000%2C515&ssl=1","width":1000,"height":515,"caption":"LUXONOMY"},"image":{"@id":"https:\/\/luxonomy.net\/es\/#\/schema\/logo\/image\/"},"sameAs":["https:\/\/www.facebook.com\/luxonomy","https:\/\/www.instagram.com\/luxonomy\/","https:\/\/www.linkedin.com\/company\/luxonomy\/"]},{"@type":"Person","@id":"https:\/\/luxonomy.net\/es\/#\/schema\/person\/9d526ffe93a0cc9cecc91760f49da3ef","name":"Chiara Gabardi","image":{"@type":"ImageObject","inLanguage":"es","@id":"https:\/\/luxonomy.net\/wp-content\/litespeed\/avatar\/548640c4e2c34544e66c65ab1641a5d7.jpg?ver=1787976300","url":"https:\/\/luxonomy.net\/wp-content\/litespeed\/avatar\/548640c4e2c34544e66c65ab1641a5d7.jpg?ver=1787976300","contentUrl":"https:\/\/luxonomy.net\/wp-content\/litespeed\/avatar\/548640c4e2c34544e66c65ab1641a5d7.jpg?ver=1787976300","caption":"Chiara Gabardi"},"description":"Editor at LUXONOMY\u2122 Group","url":"https:\/\/luxonomy.net\/es\/author\/chiara-gabardi\/"}]}},"jetpack_publicize_connections":[],"jetpack_shortlink":"https:\/\/wp.me\/paPhBa-62X","jetpack_sharing_enabled":true,"jetpack_featured_media_url":"https:\/\/i0.wp.com\/luxonomy.net\/wp-content\/uploads\/2022\/07\/Fendi-Madrid.jpg?fit=1500%2C932&ssl=1","_links":{"self":[{"href":"https:\/\/luxonomy.net\/es\/wp-json\/wp\/v2\/posts\/23247","targetHints":{"allow":["GET"]}}],"collection":[{"href":"https:\/\/luxonomy.net\/es\/wp-json\/wp\/v2\/posts"}],"about":[{"href":"https:\/\/luxonomy.net\/es\/wp-json\/wp\/v2\/types\/post"}],"author":[{"embeddable":true,"href":"https:\/\/luxonomy.net\/es\/wp-json\/wp\/v2\/users\/10"}],"replies":[{"embeddable":true,"href":"https:\/\/luxonomy.net\/es\/wp-json\/wp\/v2\/comments?post=23247"}],"version-history":[{"count":3,"href":"https:\/\/luxonomy.net\/es\/wp-json\/wp\/v2\/posts\/23247\/revisions"}],"predecessor-version":[{"id":23252,"href":"https:\/\/luxonomy.net\/es\/wp-json\/wp\/v2\/posts\/23247\/revisions\/23252"}],"wp:featuredmedia":[{"embeddable":true,"href":"https:\/\/luxonomy.net\/es\/wp-json\/wp\/v2\/media\/23249"}],"wp:attachment":[{"href":"https:\/\/luxonomy.net\/es\/wp-json\/wp\/v2\/media?parent=23247"}],"wp:term":[{"taxonomy":"category","embeddable":true,"href":"https:\/\/luxonomy.net\/es\/wp-json\/wp\/v2\/categories?post=23247"},{"taxonomy":"post_tag","embeddable":true,"href":"https:\/\/luxonomy.net\/es\/wp-json\/wp\/v2\/tags?post=23247"},{"taxonomy":"thb-sponsors","embeddable":true,"href":"https:\/\/luxonomy.net\/es\/wp-json\/wp\/v2\/thb-sponsors?post=23247"}],"curies":[{"name":"wp","href":"https:\/\/api.w.org\/{rel}","templated":true}]}}