{"id":23234,"date":"2022-07-26T13:12:47","date_gmt":"2022-07-26T11:12:47","guid":{"rendered":"https:\/?p=23234"},"modified":"2022-07-26T13:12:47","modified_gmt":"2022-07-26T11:12:47","slug":"amancio-ortega-compra-un-rascacielos-en-nueva-york-por-500-millones","status":"publish","type":"post","link":"https:\/\/luxonomy.net\/es\/amancio-ortega-compra-un-rascacielos-en-nueva-york-por-500-millones\/","title":{"rendered":"Amancio Ortega compra un rascacielos en Nueva York por 500 millones"},"content":{"rendered":"<p>El edificio, en el n\u00famero 19 de Dutch Street, est\u00e1 formado por 64 plantas que acogen 500 apartamentos, con una superficie total de 30.600 metros cuadrados.<\/p>\n<p>El activo supone la mayor inversi\u00f3n del grupo en Estados Unidos y la primera en el \u00e1mbito residencial hasta la fecha. Teniendo en cuenta el importe, cada apartamento podr\u00eda costar un mill\u00f3n de euros por cada uno de los apartamentos del inmueble. La tasa de ocupaci\u00f3n actual del inmueble es del 98%. Seg\u00fan ha informado Pontegadea, la operaci\u00f3n podr\u00eda completarse en las pr\u00f3ximas semanas, se trata de un proceso de venta asesorado por Cushman&amp;Wakefield.<\/p>\n<p>Este edificio en Nueva York ser\u00eda una nueva adquisici\u00f3n del fundador de Inditex, que en lo que va de a\u00f1o ha comprado un edificio de oficinas en Glasgow (Escocia) por 200 millones de libras (unos 237 millones de euros), as\u00ed como el ic\u00f3nico rascacielos Royal Bank Plaza de Toronto (Canad\u00e1) por cerca de 1.150 millones de d\u00f3lares canadienses (m\u00e1s de 874 millones de euros).<\/p><div id=\"luxon-1701914658\" class=\"luxon-3er-parrafo luxon-entity-placement\" style=\"margin-top: 20px;margin-bottom: 20px;margin-left: auto;margin-right: auto;text-align: center;\"><a href=\"https:\/\/luxonomy.university\/course\/master-turismo-de-lujo\" target=\"_blank\" aria-label=\"master-turismo-lujo-2026-2027\"><img loading=\"lazy\" decoding=\"async\" src=\"https:\/\/i0.wp.com\/luxonomy.net\/wp-content\/uploads\/2020\/07\/master-turismo-lujo-2026-2027.jpg?fit=1672%2C941&#038;ssl=1\" alt=\"\"  srcset=\"https:\/\/i0.wp.com\/luxonomy.net\/wp-content\/uploads\/2020\/07\/master-turismo-lujo-2026-2027.jpg?w=1672&ssl=1 1672w, https:\/\/i0.wp.com\/luxonomy.net\/wp-content\/uploads\/2020\/07\/master-turismo-lujo-2026-2027.jpg?resize=300%2C169&ssl=1 300w, https:\/\/i0.wp.com\/luxonomy.net\/wp-content\/uploads\/2020\/07\/master-turismo-lujo-2026-2027.jpg?resize=1024%2C576&ssl=1 1024w, https:\/\/i0.wp.com\/luxonomy.net\/wp-content\/uploads\/2020\/07\/master-turismo-lujo-2026-2027.jpg?resize=768%2C432&ssl=1 768w, https:\/\/i0.wp.com\/luxonomy.net\/wp-content\/uploads\/2020\/07\/master-turismo-lujo-2026-2027.jpg?resize=1536%2C864&ssl=1 1536w, https:\/\/i0.wp.com\/luxonomy.net\/wp-content\/uploads\/2020\/07\/master-turismo-lujo-2026-2027.jpg?resize=370%2C208&ssl=1 370w, https:\/\/i0.wp.com\/luxonomy.net\/wp-content\/uploads\/2020\/07\/master-turismo-lujo-2026-2027.jpg?resize=800%2C450&ssl=1 800w, https:\/\/i0.wp.com\/luxonomy.net\/wp-content\/uploads\/2020\/07\/master-turismo-lujo-2026-2027.jpg?resize=20%2C11&ssl=1 20w, https:\/\/i0.wp.com\/luxonomy.net\/wp-content\/uploads\/2020\/07\/master-turismo-lujo-2026-2027.jpg?resize=740%2C416&ssl=1 740w, https:\/\/i0.wp.com\/luxonomy.net\/wp-content\/uploads\/2020\/07\/master-turismo-lujo-2026-2027.jpg?resize=1600%2C900&ssl=1 1600w, https:\/\/i0.wp.com\/luxonomy.net\/wp-content\/uploads\/2020\/07\/master-turismo-lujo-2026-2027.jpg?resize=1200%2C675&ssl=1 1200w, https:\/\/i0.wp.com\/luxonomy.net\/wp-content\/uploads\/2020\/07\/master-turismo-lujo-2026-2027.jpg?resize=85%2C48&ssl=1 85w\" sizes=\"(max-width: 1170px) 100vw, 1170px\" class=\"no-lazyload\" width=\"1672\" height=\"941\"   \/><\/a><\/div>\n<p>El fundador de Inditex invierte parte de los dividendos que recibe de la compa\u00f1\u00eda textil en el sector inmobiliario a trav\u00e9s de su firma de inversi\u00f3n Pontegadea Inmobiliaria.<\/p>\n<p>Ortega posee la mayor inmobiliaria espa\u00f1ola, centrada en la compra y gesti\u00f3n de grandes edificios, con una cartera de activos inmobiliarios integrada fundamentalmente por edificios de oficinas, no residenciales, situados en el centro de grandes ciudades en Espa\u00f1a, Reino Unido, Estados Unidos y Asia.<\/p>\n<p>As\u00ed es el rascacielos <a href=\"https:\/\/www.19dutch.com\/\" target=\"_blank\" rel=\"noopener\">https:\/\/www.19dutch.com\/\u00a0<\/a><\/p>\n","protected":false},"excerpt":{"rendered":"<p>El edificio, en el n\u00famero 19 de Dutch Street, est\u00e1 formado por 64 plantas que acogen 500 apartamentos, con una superficie total de 30.600 metros cuadrados. El activo supone la mayor inversi\u00f3n del grupo en Estados Unidos y la primera en el \u00e1mbito residencial hasta la fecha. Teniendo en cuenta el importe, cada apartamento podr\u00eda&hellip;<\/p>\n","protected":false},"author":14,"featured_media":23240,"comment_status":"open","ping_status":"open","sticky":false,"template":"","format":"standard","meta":{"_jetpack_newsletter_access":"","_jetpack_dont_email_post_to_subs":false,"_jetpack_newsletter_tier_id":0,"_jetpack_memberships_contains_paywalled_content":false,"_jetpack_feature_clip_id":0,"_jetpack_memberships_contains_paid_content":false,"footnotes":"","jetpack_publicize_message":"Amancio Ortega compra un rascacielos en Nueva York por 500 millones","jetpack_publicize_feature_enabled":true,"jetpack_social_post_already_shared":true,"jetpack_social_options":{"image_generator_settings":{"template":"edge","default_image_id":0,"font":"","enabled":false},"version":2},"jetpack_post_was_ever_published":false},"categories":[528,505],"tags":[1615,738,529],"thb-sponsors":[],"class_list":["post-23234","post","type-post","status-publish","format-standard","has-post-thumbnail","hentry","category-real-estate","category-sin-categorizar","tag-amancio-ortega","tag-nueva-york","tag-real-estate"],"yoast_head":"<!-- This site is optimized with the Yoast SEO plugin v28.4 - https:\/\/yoast.com\/product\/yoast-seo-wordpress\/ -->\n<title>Amancio Ortega compra un rascacielos en Nueva York por 500 millones | LUXONOMY<\/title>\n<meta name=\"robots\" content=\"index, follow, max-snippet:-1, max-image-preview:large, max-video-preview:-1\" \/>\n<link rel=\"canonical\" href=\"https:\/\/luxonomy.net\/es\/amancio-ortega-compra-un-rascacielos-en-nueva-york-por-500-millones\/\" \/>\n<meta property=\"og:locale\" content=\"es_ES\" \/>\n<meta property=\"og:type\" content=\"article\" \/>\n<meta property=\"og:title\" content=\"Amancio Ortega compra un rascacielos en Nueva York por 500 millones | LUXONOMY\" \/>\n<meta property=\"og:description\" content=\"El edificio, en el n\u00famero 19 de Dutch Street, est\u00e1 formado por 64 plantas que acogen 500 apartamentos, con una superficie total de 30.600 metros cuadrados. El activo supone la mayor inversi\u00f3n del grupo en Estados Unidos y la primera en el \u00e1mbito residencial hasta la fecha. Teniendo en cuenta el importe, cada apartamento podr\u00eda&hellip;\" \/>\n<meta property=\"og:url\" content=\"https:\/\/luxonomy.net\/es\/amancio-ortega-compra-un-rascacielos-en-nueva-york-por-500-millones\/\" \/>\n<meta property=\"og:site_name\" content=\"LUXONOMY\" \/>\n<meta property=\"article:publisher\" content=\"https:\/\/www.facebook.com\/luxonomy\" \/>\n<meta property=\"article:published_time\" content=\"2022-07-26T11:12:47+00:00\" \/>\n<meta property=\"og:image\" content=\"https:\/\/i0.wp.com\/luxonomy.net\/wp-content\/uploads\/2022\/07\/Amancio-Ortega-compra-un-rascacielos-de-viviendas-en-Nueva-York-por-500-millones.jpg?fit=800%2C409&quality=89&ssl=1\" \/>\n\t<meta property=\"og:image:width\" content=\"800\" \/>\n\t<meta property=\"og:image:height\" content=\"409\" \/>\n\t<meta property=\"og:image:type\" content=\"image\/jpeg\" \/>\n<meta name=\"author\" content=\"Pablo Rodriguez de Aguilar\" \/>\n<meta name=\"twitter:card\" content=\"summary_large_image\" \/>\n<meta name=\"twitter:label1\" content=\"Escrito por\" \/>\n\t<meta name=\"twitter:data1\" content=\"Pablo Rodriguez de Aguilar\" \/>\n\t<meta name=\"twitter:label2\" content=\"Tiempo de lectura\" \/>\n\t<meta name=\"twitter:data2\" content=\"2 minutos\" \/>\n<script type=\"application\/ld+json\" class=\"yoast-schema-graph\">{\"@context\":\"https:\\\/\\\/schema.org\",\"@graph\":[{\"@type\":\"Article\",\"@id\":\"https:\\\/\\\/luxonomy.net\\\/es\\\/amancio-ortega-compra-un-rascacielos-en-nueva-york-por-500-millones\\\/#article\",\"isPartOf\":{\"@id\":\"https:\\\/\\\/luxonomy.net\\\/es\\\/amancio-ortega-compra-un-rascacielos-en-nueva-york-por-500-millones\\\/\"},\"author\":{\"name\":\"Pablo Rodriguez de Aguilar\",\"@id\":\"https:\\\/\\\/luxonomy.net\\\/es\\\/#\\\/schema\\\/person\\\/fc021969ca4a106d7ea9a64800b05fa7\"},\"headline\":\"Amancio Ortega compra un rascacielos en Nueva York por 500 millones\",\"datePublished\":\"2022-07-26T11:12:47+00:00\",\"mainEntityOfPage\":{\"@id\":\"https:\\\/\\\/luxonomy.net\\\/es\\\/amancio-ortega-compra-un-rascacielos-en-nueva-york-por-500-millones\\\/\"},\"wordCount\":268,\"commentCount\":0,\"publisher\":{\"@id\":\"https:\\\/\\\/luxonomy.net\\\/es\\\/#organization\"},\"image\":{\"@id\":\"https:\\\/\\\/luxonomy.net\\\/es\\\/amancio-ortega-compra-un-rascacielos-en-nueva-york-por-500-millones\\\/#primaryimage\"},\"thumbnailUrl\":\"https:\\\/\\\/i0.wp.com\\\/luxonomy.net\\\/wp-content\\\/uploads\\\/2022\\\/07\\\/Amancio-Ortega-compra-un-rascacielos-de-viviendas-en-Nueva-York-por-500-millones.jpg?fit=800%2C409&ssl=1\",\"keywords\":[\"Amancio Ortega\",\"Nueva York\",\"Real Estate\"],\"articleSection\":[\"Real Estate\",\"Sin categorizar\"],\"inLanguage\":\"es\",\"potentialAction\":[{\"@type\":\"CommentAction\",\"name\":\"Comment\",\"target\":[\"https:\\\/\\\/luxonomy.net\\\/es\\\/amancio-ortega-compra-un-rascacielos-en-nueva-york-por-500-millones\\\/#respond\"]}]},{\"@type\":\"WebPage\",\"@id\":\"https:\\\/\\\/luxonomy.net\\\/es\\\/amancio-ortega-compra-un-rascacielos-en-nueva-york-por-500-millones\\\/\",\"url\":\"https:\\\/\\\/luxonomy.net\\\/es\\\/amancio-ortega-compra-un-rascacielos-en-nueva-york-por-500-millones\\\/\",\"name\":\"Amancio Ortega compra un rascacielos en Nueva York por 500 millones | LUXONOMY\",\"isPartOf\":{\"@id\":\"https:\\\/\\\/luxonomy.net\\\/es\\\/#website\"},\"primaryImageOfPage\":{\"@id\":\"https:\\\/\\\/luxonomy.net\\\/es\\\/amancio-ortega-compra-un-rascacielos-en-nueva-york-por-500-millones\\\/#primaryimage\"},\"image\":{\"@id\":\"https:\\\/\\\/luxonomy.net\\\/es\\\/amancio-ortega-compra-un-rascacielos-en-nueva-york-por-500-millones\\\/#primaryimage\"},\"thumbnailUrl\":\"https:\\\/\\\/i0.wp.com\\\/luxonomy.net\\\/wp-content\\\/uploads\\\/2022\\\/07\\\/Amancio-Ortega-compra-un-rascacielos-de-viviendas-en-Nueva-York-por-500-millones.jpg?fit=800%2C409&ssl=1\",\"datePublished\":\"2022-07-26T11:12:47+00:00\",\"breadcrumb\":{\"@id\":\"https:\\\/\\\/luxonomy.net\\\/es\\\/amancio-ortega-compra-un-rascacielos-en-nueva-york-por-500-millones\\\/#breadcrumb\"},\"inLanguage\":\"es\",\"potentialAction\":[{\"@type\":\"ReadAction\",\"target\":[\"https:\\\/\\\/luxonomy.net\\\/es\\\/amancio-ortega-compra-un-rascacielos-en-nueva-york-por-500-millones\\\/\"]}]},{\"@type\":\"ImageObject\",\"inLanguage\":\"es\",\"@id\":\"https:\\\/\\\/luxonomy.net\\\/es\\\/amancio-ortega-compra-un-rascacielos-en-nueva-york-por-500-millones\\\/#primaryimage\",\"url\":\"https:\\\/\\\/i0.wp.com\\\/luxonomy.net\\\/wp-content\\\/uploads\\\/2022\\\/07\\\/Amancio-Ortega-compra-un-rascacielos-de-viviendas-en-Nueva-York-por-500-millones.jpg?fit=800%2C409&ssl=1\",\"contentUrl\":\"https:\\\/\\\/i0.wp.com\\\/luxonomy.net\\\/wp-content\\\/uploads\\\/2022\\\/07\\\/Amancio-Ortega-compra-un-rascacielos-de-viviendas-en-Nueva-York-por-500-millones.jpg?fit=800%2C409&ssl=1\",\"width\":800,\"height\":409},{\"@type\":\"BreadcrumbList\",\"@id\":\"https:\\\/\\\/luxonomy.net\\\/es\\\/amancio-ortega-compra-un-rascacielos-en-nueva-york-por-500-millones\\\/#breadcrumb\",\"itemListElement\":[{\"@type\":\"ListItem\",\"position\":1,\"name\":\"Portada\",\"item\":\"https:\\\/\\\/luxonomy.net\\\/es\\\/\"},{\"@type\":\"ListItem\",\"position\":2,\"name\":\"Amancio Ortega compra un rascacielos en Nueva York por 500 millones\"}]},{\"@type\":\"WebSite\",\"@id\":\"https:\\\/\\\/luxonomy.net\\\/es\\\/#website\",\"url\":\"https:\\\/\\\/luxonomy.net\\\/es\\\/\",\"name\":\"LUXONOMY\",\"description\":\"The Economy of Fashion &amp; Luxury\",\"publisher\":{\"@id\":\"https:\\\/\\\/luxonomy.net\\\/es\\\/#organization\"},\"potentialAction\":[{\"@type\":\"SearchAction\",\"target\":{\"@type\":\"EntryPoint\",\"urlTemplate\":\"https:\\\/\\\/luxonomy.net\\\/es\\\/?s={search_term_string}\"},\"query-input\":{\"@type\":\"PropertyValueSpecification\",\"valueRequired\":true,\"valueName\":\"search_term_string\"}}],\"inLanguage\":\"es\"},{\"@type\":\"Organization\",\"@id\":\"https:\\\/\\\/luxonomy.net\\\/es\\\/#organization\",\"name\":\"LUXONOMY\",\"url\":\"https:\\\/\\\/luxonomy.net\\\/es\\\/\",\"logo\":{\"@type\":\"ImageObject\",\"inLanguage\":\"es\",\"@id\":\"https:\\\/\\\/luxonomy.net\\\/es\\\/#\\\/schema\\\/logo\\\/image\\\/\",\"url\":\"https:\\\/\\\/i2.wp.com\\\/luxonomy.net\\\/wp-content\\\/uploads\\\/2021\\\/09\\\/MOCKUP-TODOS-LUXONOMY.jpg?fit=1000%2C515&ssl=1\",\"contentUrl\":\"https:\\\/\\\/i2.wp.com\\\/luxonomy.net\\\/wp-content\\\/uploads\\\/2021\\\/09\\\/MOCKUP-TODOS-LUXONOMY.jpg?fit=1000%2C515&ssl=1\",\"width\":1000,\"height\":515,\"caption\":\"LUXONOMY\"},\"image\":{\"@id\":\"https:\\\/\\\/luxonomy.net\\\/es\\\/#\\\/schema\\\/logo\\\/image\\\/\"},\"sameAs\":[\"https:\\\/\\\/www.facebook.com\\\/luxonomy\",\"https:\\\/\\\/www.instagram.com\\\/luxonomy\\\/\",\"https:\\\/\\\/www.linkedin.com\\\/company\\\/luxonomy\\\/\"]},{\"@type\":\"Person\",\"@id\":\"https:\\\/\\\/luxonomy.net\\\/es\\\/#\\\/schema\\\/person\\\/fc021969ca4a106d7ea9a64800b05fa7\",\"name\":\"Pablo Rodriguez de Aguilar\",\"image\":{\"@type\":\"ImageObject\",\"inLanguage\":\"es\",\"@id\":\"https:\\\/\\\/luxonomy.net\\\/wp-content\\\/litespeed\\\/avatar\\\/d4cf5f3956bcabe0ce8ae95e4c6604f9.jpg?ver=1788140676\",\"url\":\"https:\\\/\\\/luxonomy.net\\\/wp-content\\\/litespeed\\\/avatar\\\/d4cf5f3956bcabe0ce8ae95e4c6604f9.jpg?ver=1788140676\",\"contentUrl\":\"https:\\\/\\\/luxonomy.net\\\/wp-content\\\/litespeed\\\/avatar\\\/d4cf5f3956bcabe0ce8ae95e4c6604f9.jpg?ver=1788140676\",\"caption\":\"Pablo Rodriguez de Aguilar\"},\"description\":\"Regional Sales Manager at LUXONOMY\u2122 Group America\",\"sameAs\":[\"mailto:info@salondellujo.com\"],\"url\":\"https:\\\/\\\/luxonomy.net\\\/es\\\/author\\\/pablo-rodriguez-de-aguilar\\\/\"}]}<\/script>\n<!-- \/ Yoast SEO plugin. -->","yoast_head_json":{"title":"Amancio Ortega compra un rascacielos en Nueva York por 500 millones | LUXONOMY","robots":{"index":"index","follow":"follow","max-snippet":"max-snippet:-1","max-image-preview":"max-image-preview:large","max-video-preview":"max-video-preview:-1"},"canonical":"https:\/\/luxonomy.net\/es\/amancio-ortega-compra-un-rascacielos-en-nueva-york-por-500-millones\/","og_locale":"es_ES","og_type":"article","og_title":"Amancio Ortega compra un rascacielos en Nueva York por 500 millones | LUXONOMY","og_description":"El edificio, en el n\u00famero 19 de Dutch Street, est\u00e1 formado por 64 plantas que acogen 500 apartamentos, con una superficie total de 30.600 metros cuadrados. El activo supone la mayor inversi\u00f3n del grupo en Estados Unidos y la primera en el \u00e1mbito residencial hasta la fecha. Teniendo en cuenta el importe, cada apartamento podr\u00eda&hellip;","og_url":"https:\/\/luxonomy.net\/es\/amancio-ortega-compra-un-rascacielos-en-nueva-york-por-500-millones\/","og_site_name":"LUXONOMY","article_publisher":"https:\/\/www.facebook.com\/luxonomy","article_published_time":"2022-07-26T11:12:47+00:00","og_image":[{"width":800,"height":409,"url":"https:\/\/i0.wp.com\/luxonomy.net\/wp-content\/uploads\/2022\/07\/Amancio-Ortega-compra-un-rascacielos-de-viviendas-en-Nueva-York-por-500-millones.jpg?fit=800%2C409&quality=89&ssl=1","type":"image\/jpeg"}],"author":"Pablo Rodriguez de Aguilar","twitter_card":"summary_large_image","twitter_misc":{"Escrito por":"Pablo Rodriguez de Aguilar","Tiempo de lectura":"2 minutos"},"schema":{"@context":"https:\/\/schema.org","@graph":[{"@type":"Article","@id":"https:\/\/luxonomy.net\/es\/amancio-ortega-compra-un-rascacielos-en-nueva-york-por-500-millones\/#article","isPartOf":{"@id":"https:\/\/luxonomy.net\/es\/amancio-ortega-compra-un-rascacielos-en-nueva-york-por-500-millones\/"},"author":{"name":"Pablo Rodriguez de Aguilar","@id":"https:\/\/luxonomy.net\/es\/#\/schema\/person\/fc021969ca4a106d7ea9a64800b05fa7"},"headline":"Amancio Ortega compra un rascacielos en Nueva York por 500 millones","datePublished":"2022-07-26T11:12:47+00:00","mainEntityOfPage":{"@id":"https:\/\/luxonomy.net\/es\/amancio-ortega-compra-un-rascacielos-en-nueva-york-por-500-millones\/"},"wordCount":268,"commentCount":0,"publisher":{"@id":"https:\/\/luxonomy.net\/es\/#organization"},"image":{"@id":"https:\/\/luxonomy.net\/es\/amancio-ortega-compra-un-rascacielos-en-nueva-york-por-500-millones\/#primaryimage"},"thumbnailUrl":"https:\/\/i0.wp.com\/luxonomy.net\/wp-content\/uploads\/2022\/07\/Amancio-Ortega-compra-un-rascacielos-de-viviendas-en-Nueva-York-por-500-millones.jpg?fit=800%2C409&ssl=1","keywords":["Amancio Ortega","Nueva York","Real Estate"],"articleSection":["Real Estate","Sin categorizar"],"inLanguage":"es","potentialAction":[{"@type":"CommentAction","name":"Comment","target":["https:\/\/luxonomy.net\/es\/amancio-ortega-compra-un-rascacielos-en-nueva-york-por-500-millones\/#respond"]}]},{"@type":"WebPage","@id":"https:\/\/luxonomy.net\/es\/amancio-ortega-compra-un-rascacielos-en-nueva-york-por-500-millones\/","url":"https:\/\/luxonomy.net\/es\/amancio-ortega-compra-un-rascacielos-en-nueva-york-por-500-millones\/","name":"Amancio Ortega compra un rascacielos en Nueva York por 500 millones | LUXONOMY","isPartOf":{"@id":"https:\/\/luxonomy.net\/es\/#website"},"primaryImageOfPage":{"@id":"https:\/\/luxonomy.net\/es\/amancio-ortega-compra-un-rascacielos-en-nueva-york-por-500-millones\/#primaryimage"},"image":{"@id":"https:\/\/luxonomy.net\/es\/amancio-ortega-compra-un-rascacielos-en-nueva-york-por-500-millones\/#primaryimage"},"thumbnailUrl":"https:\/\/i0.wp.com\/luxonomy.net\/wp-content\/uploads\/2022\/07\/Amancio-Ortega-compra-un-rascacielos-de-viviendas-en-Nueva-York-por-500-millones.jpg?fit=800%2C409&ssl=1","datePublished":"2022-07-26T11:12:47+00:00","breadcrumb":{"@id":"https:\/\/luxonomy.net\/es\/amancio-ortega-compra-un-rascacielos-en-nueva-york-por-500-millones\/#breadcrumb"},"inLanguage":"es","potentialAction":[{"@type":"ReadAction","target":["https:\/\/luxonomy.net\/es\/amancio-ortega-compra-un-rascacielos-en-nueva-york-por-500-millones\/"]}]},{"@type":"ImageObject","inLanguage":"es","@id":"https:\/\/luxonomy.net\/es\/amancio-ortega-compra-un-rascacielos-en-nueva-york-por-500-millones\/#primaryimage","url":"https:\/\/i0.wp.com\/luxonomy.net\/wp-content\/uploads\/2022\/07\/Amancio-Ortega-compra-un-rascacielos-de-viviendas-en-Nueva-York-por-500-millones.jpg?fit=800%2C409&ssl=1","contentUrl":"https:\/\/i0.wp.com\/luxonomy.net\/wp-content\/uploads\/2022\/07\/Amancio-Ortega-compra-un-rascacielos-de-viviendas-en-Nueva-York-por-500-millones.jpg?fit=800%2C409&ssl=1","width":800,"height":409},{"@type":"BreadcrumbList","@id":"https:\/\/luxonomy.net\/es\/amancio-ortega-compra-un-rascacielos-en-nueva-york-por-500-millones\/#breadcrumb","itemListElement":[{"@type":"ListItem","position":1,"name":"Portada","item":"https:\/\/luxonomy.net\/es\/"},{"@type":"ListItem","position":2,"name":"Amancio Ortega compra un rascacielos en Nueva York por 500 millones"}]},{"@type":"WebSite","@id":"https:\/\/luxonomy.net\/es\/#website","url":"https:\/\/luxonomy.net\/es\/","name":"LUXONOMY","description":"The Economy of Fashion &amp; Luxury","publisher":{"@id":"https:\/\/luxonomy.net\/es\/#organization"},"potentialAction":[{"@type":"SearchAction","target":{"@type":"EntryPoint","urlTemplate":"https:\/\/luxonomy.net\/es\/?s={search_term_string}"},"query-input":{"@type":"PropertyValueSpecification","valueRequired":true,"valueName":"search_term_string"}}],"inLanguage":"es"},{"@type":"Organization","@id":"https:\/\/luxonomy.net\/es\/#organization","name":"LUXONOMY","url":"https:\/\/luxonomy.net\/es\/","logo":{"@type":"ImageObject","inLanguage":"es","@id":"https:\/\/luxonomy.net\/es\/#\/schema\/logo\/image\/","url":"https:\/\/i2.wp.com\/luxonomy.net\/wp-content\/uploads\/2021\/09\/MOCKUP-TODOS-LUXONOMY.jpg?fit=1000%2C515&ssl=1","contentUrl":"https:\/\/i2.wp.com\/luxonomy.net\/wp-content\/uploads\/2021\/09\/MOCKUP-TODOS-LUXONOMY.jpg?fit=1000%2C515&ssl=1","width":1000,"height":515,"caption":"LUXONOMY"},"image":{"@id":"https:\/\/luxonomy.net\/es\/#\/schema\/logo\/image\/"},"sameAs":["https:\/\/www.facebook.com\/luxonomy","https:\/\/www.instagram.com\/luxonomy\/","https:\/\/www.linkedin.com\/company\/luxonomy\/"]},{"@type":"Person","@id":"https:\/\/luxonomy.net\/es\/#\/schema\/person\/fc021969ca4a106d7ea9a64800b05fa7","name":"Pablo Rodriguez de Aguilar","image":{"@type":"ImageObject","inLanguage":"es","@id":"https:\/\/luxonomy.net\/wp-content\/litespeed\/avatar\/d4cf5f3956bcabe0ce8ae95e4c6604f9.jpg?ver=1788140676","url":"https:\/\/luxonomy.net\/wp-content\/litespeed\/avatar\/d4cf5f3956bcabe0ce8ae95e4c6604f9.jpg?ver=1788140676","contentUrl":"https:\/\/luxonomy.net\/wp-content\/litespeed\/avatar\/d4cf5f3956bcabe0ce8ae95e4c6604f9.jpg?ver=1788140676","caption":"Pablo Rodriguez de Aguilar"},"description":"Regional Sales Manager at LUXONOMY\u2122 Group America","sameAs":["mailto:info@salondellujo.com"],"url":"https:\/\/luxonomy.net\/es\/author\/pablo-rodriguez-de-aguilar\/"}]}},"jetpack_publicize_connections":[],"jetpack_shortlink":"https:\/\/wp.me\/paPhBa-62K","jetpack_sharing_enabled":true,"jetpack_featured_media_url":"https:\/\/i0.wp.com\/luxonomy.net\/wp-content\/uploads\/2022\/07\/Amancio-Ortega-compra-un-rascacielos-de-viviendas-en-Nueva-York-por-500-millones.jpg?fit=800%2C409&ssl=1","_links":{"self":[{"href":"https:\/\/luxonomy.net\/es\/wp-json\/wp\/v2\/posts\/23234","targetHints":{"allow":["GET"]}}],"collection":[{"href":"https:\/\/luxonomy.net\/es\/wp-json\/wp\/v2\/posts"}],"about":[{"href":"https:\/\/luxonomy.net\/es\/wp-json\/wp\/v2\/types\/post"}],"author":[{"embeddable":true,"href":"https:\/\/luxonomy.net\/es\/wp-json\/wp\/v2\/users\/14"}],"replies":[{"embeddable":true,"href":"https:\/\/luxonomy.net\/es\/wp-json\/wp\/v2\/comments?post=23234"}],"version-history":[{"count":1,"href":"https:\/\/luxonomy.net\/es\/wp-json\/wp\/v2\/posts\/23234\/revisions"}],"predecessor-version":[{"id":23241,"href":"https:\/\/luxonomy.net\/es\/wp-json\/wp\/v2\/posts\/23234\/revisions\/23241"}],"wp:featuredmedia":[{"embeddable":true,"href":"https:\/\/luxonomy.net\/es\/wp-json\/wp\/v2\/media\/23240"}],"wp:attachment":[{"href":"https:\/\/luxonomy.net\/es\/wp-json\/wp\/v2\/media?parent=23234"}],"wp:term":[{"taxonomy":"category","embeddable":true,"href":"https:\/\/luxonomy.net\/es\/wp-json\/wp\/v2\/categories?post=23234"},{"taxonomy":"post_tag","embeddable":true,"href":"https:\/\/luxonomy.net\/es\/wp-json\/wp\/v2\/tags?post=23234"},{"taxonomy":"thb-sponsors","embeddable":true,"href":"https:\/\/luxonomy.net\/es\/wp-json\/wp\/v2\/thb-sponsors?post=23234"}],"curies":[{"name":"wp","href":"https:\/\/api.w.org\/{rel}","templated":true}]}}