{"id":22525,"date":"2022-06-19T14:32:13","date_gmt":"2022-06-19T12:32:13","guid":{"rendered":"https:\/?p=22525"},"modified":"2022-06-19T17:00:47","modified_gmt":"2022-06-19T15:00:47","slug":"balenciaga-prada-y-thom-browne-seran-las-primeras-marcas-en-la-tienda-virtual-de-moda-de-meta","status":"publish","type":"post","link":"https:\/\/luxonomy.net\/es\/balenciaga-prada-y-thom-browne-seran-las-primeras-marcas-en-la-tienda-virtual-de-moda-de-meta\/","title":{"rendered":"Balenciaga, Prada y Thom Browne ser\u00e1n las primeras marcas en la Tienda Virtual de Moda de Meta"},"content":{"rendered":"<p>Los usuarios podr\u00e1n comprar dise\u00f1os para usar con sus Meta avatares en Instagram, Facebook y Messenger. Imitando otros Metaversos, Zuckerberg desea vender ropa digital para vestir a los avatares.<\/p>\n<p>Mark Zuckerberg, CEO de Meta; ha anunciado que pronto surgir\u00e1 la Tienda de Avatares para el Metaverso, una nueva funci\u00f3n del programa digital donde podr\u00e1s comprar ropa virtual para vestir a tu avatar, imitando a varios juegos online.<\/p>\n<p>En un anuncio en vivo en Instagram el viernes, el fundador y director ejecutivo Mark Zuckerberg se uni\u00f3 a Eva Chen, vicepresidenta de asociaciones de moda y compras de Meta, para compartir las noticias y ofrecer un vistazo de c\u00f3mo ser\u00e1 la nueva moda de avatar de Meta. Chen mostr\u00f3 im\u00e1genes a la c\u00e1mara que mostraban el Meta avatar caricaturesco de Zuckerberg con diferentes estilos, incluido un traje de motocicleta Balenciaga, un anorak blanco y pantalones cortos de la Linea Rossa de Prada y uno de los trajes grises caracter\u00edsticos de Thom Browne.<\/p><div id=\"luxon-571018479\" class=\"luxon-3er-parrafo luxon-entity-placement\" style=\"margin-top: 20px;margin-bottom: 20px;margin-left: auto;margin-right: auto;text-align: center;\"><a href=\"https:\/\/luxonomy.university\/course\/master-turismo-de-lujo\" target=\"_blank\" aria-label=\"master-turismo-lujo-2026-2027\"><img loading=\"lazy\" decoding=\"async\" src=\"https:\/\/i0.wp.com\/luxonomy.net\/wp-content\/uploads\/2020\/07\/master-turismo-lujo-2026-2027.jpg?fit=1672%2C941&#038;ssl=1\" alt=\"\"  srcset=\"https:\/\/i0.wp.com\/luxonomy.net\/wp-content\/uploads\/2020\/07\/master-turismo-lujo-2026-2027.jpg?w=1672&ssl=1 1672w, https:\/\/i0.wp.com\/luxonomy.net\/wp-content\/uploads\/2020\/07\/master-turismo-lujo-2026-2027.jpg?resize=300%2C169&ssl=1 300w, https:\/\/i0.wp.com\/luxonomy.net\/wp-content\/uploads\/2020\/07\/master-turismo-lujo-2026-2027.jpg?resize=1024%2C576&ssl=1 1024w, https:\/\/i0.wp.com\/luxonomy.net\/wp-content\/uploads\/2020\/07\/master-turismo-lujo-2026-2027.jpg?resize=768%2C432&ssl=1 768w, https:\/\/i0.wp.com\/luxonomy.net\/wp-content\/uploads\/2020\/07\/master-turismo-lujo-2026-2027.jpg?resize=1536%2C864&ssl=1 1536w, https:\/\/i0.wp.com\/luxonomy.net\/wp-content\/uploads\/2020\/07\/master-turismo-lujo-2026-2027.jpg?resize=370%2C208&ssl=1 370w, https:\/\/i0.wp.com\/luxonomy.net\/wp-content\/uploads\/2020\/07\/master-turismo-lujo-2026-2027.jpg?resize=800%2C450&ssl=1 800w, https:\/\/i0.wp.com\/luxonomy.net\/wp-content\/uploads\/2020\/07\/master-turismo-lujo-2026-2027.jpg?resize=20%2C11&ssl=1 20w, https:\/\/i0.wp.com\/luxonomy.net\/wp-content\/uploads\/2020\/07\/master-turismo-lujo-2026-2027.jpg?resize=740%2C416&ssl=1 740w, https:\/\/i0.wp.com\/luxonomy.net\/wp-content\/uploads\/2020\/07\/master-turismo-lujo-2026-2027.jpg?resize=1600%2C900&ssl=1 1600w, https:\/\/i0.wp.com\/luxonomy.net\/wp-content\/uploads\/2020\/07\/master-turismo-lujo-2026-2027.jpg?resize=1200%2C675&ssl=1 1200w, https:\/\/i0.wp.com\/luxonomy.net\/wp-content\/uploads\/2020\/07\/master-turismo-lujo-2026-2027.jpg?resize=85%2C48&ssl=1 85w\" sizes=\"(max-width: 1170px) 100vw, 1170px\" class=\"no-lazyload\" width=\"1672\" height=\"941\"   \/><\/a><\/div>\n<p>Meta ha permitido a los usuarios crear sus propios avatares desde 2019 y ha implementado constantemente actualizaciones y nuevas funciones como los avatares 3D que present\u00f3 a principios de este a\u00f1o. Actualmente ofrece atuendos gratuitos para que los usuarios se dise\u00f1en a s\u00ed mismos digitalmente. El pr\u00f3ximo paso, dijo Zuckerberg hoy, ser\u00e1 un mercado que Meta est\u00e1 construyendo para que compren art\u00edculos de una variedad de dise\u00f1adores.<\/p>\n<p>Marcas como Balenciaga, Prada y Thom Browne ser\u00e1n accesibles en la tienda, pero Zuckerberg espera que otras firmas se a\u00f1adan a la iniciativa. Para esta transacci\u00f3n har\u00e1 falta pagar con dinero real, tal como muchos juegos por internet han hecho en los \u00faltimos a\u00f1os. Se espera que el avatar se pueda usar y mostrar en todas las plataformas de Meta; por lo tanto se podr\u00e1 el avatar con tu nueva ropa tanto en Facebook como en Instagram.<\/p>\n<p>Por ahora, se espera que salga pronto en Estados Unidos, Canad\u00e1 y M\u00e9xico, antes que el resto del mundo. Todav\u00eda no se ha revelado cu\u00e1nto costar\u00e1n los art\u00edculos.<\/p>\n<p>Zuckerberg ha enfatizado que la moda ser\u00e1 una parte importante de la fusi\u00f3n inmersiva de los mundos f\u00edsico y digital que est\u00e1 tratando de construir. Recientemente viaj\u00f3 a Mil\u00e1n para conseguir apoyo entre los l\u00edderes de la moda de Italia.<\/p><div id=\"luxon-3764913050\" class=\"luxon-7-parrafo luxon-entity-placement\" style=\"margin-top: 20px;margin-bottom: 20px;margin-left: auto;margin-right: auto;text-align: center;\"><a href=\"https:\/\/theintelligence.institute\/course\/inteligencia-artificial-para-directivos\" target=\"_blank\" aria-label=\"CSIAD_empresas_THEI_horizontal_4x3_v5\"><img loading=\"lazy\" decoding=\"async\" src=\"https:\/\/i0.wp.com\/luxonomy.net\/wp-content\/uploads\/2025\/08\/CSIAD_empresas_THEI_horizontal_4x3_v5.png?fit=2000%2C1500&#038;ssl=1\" alt=\"\"  srcset=\"https:\/\/i0.wp.com\/luxonomy.net\/wp-content\/uploads\/2025\/08\/CSIAD_empresas_THEI_horizontal_4x3_v5.png?w=2000&ssl=1 2000w, https:\/\/i0.wp.com\/luxonomy.net\/wp-content\/uploads\/2025\/08\/CSIAD_empresas_THEI_horizontal_4x3_v5.png?resize=300%2C225&ssl=1 300w, https:\/\/i0.wp.com\/luxonomy.net\/wp-content\/uploads\/2025\/08\/CSIAD_empresas_THEI_horizontal_4x3_v5.png?resize=1024%2C768&ssl=1 1024w, https:\/\/i0.wp.com\/luxonomy.net\/wp-content\/uploads\/2025\/08\/CSIAD_empresas_THEI_horizontal_4x3_v5.png?resize=768%2C576&ssl=1 768w, https:\/\/i0.wp.com\/luxonomy.net\/wp-content\/uploads\/2025\/08\/CSIAD_empresas_THEI_horizontal_4x3_v5.png?resize=1536%2C1152&ssl=1 1536w, https:\/\/i0.wp.com\/luxonomy.net\/wp-content\/uploads\/2025\/08\/CSIAD_empresas_THEI_horizontal_4x3_v5.png?resize=370%2C278&ssl=1 370w, https:\/\/i0.wp.com\/luxonomy.net\/wp-content\/uploads\/2025\/08\/CSIAD_empresas_THEI_horizontal_4x3_v5.png?resize=800%2C600&ssl=1 800w, https:\/\/i0.wp.com\/luxonomy.net\/wp-content\/uploads\/2025\/08\/CSIAD_empresas_THEI_horizontal_4x3_v5.png?resize=20%2C15&ssl=1 20w, https:\/\/i0.wp.com\/luxonomy.net\/wp-content\/uploads\/2025\/08\/CSIAD_empresas_THEI_horizontal_4x3_v5.png?resize=740%2C555&ssl=1 740w, https:\/\/i0.wp.com\/luxonomy.net\/wp-content\/uploads\/2025\/08\/CSIAD_empresas_THEI_horizontal_4x3_v5.png?resize=1600%2C1200&ssl=1 1600w, https:\/\/i0.wp.com\/luxonomy.net\/wp-content\/uploads\/2025\/08\/CSIAD_empresas_THEI_horizontal_4x3_v5.png?resize=1200%2C900&ssl=1 1200w, https:\/\/i0.wp.com\/luxonomy.net\/wp-content\/uploads\/2025\/08\/CSIAD_empresas_THEI_horizontal_4x3_v5.png?resize=64%2C48&ssl=1 64w\" sizes=\"(max-width: 1170px) 100vw, 1170px\" class=\"no-lazyload\" width=\"2000\" height=\"1500\"   \/><\/a><\/div>\n<p>Hasta el momento, las empresas de moda parecen abiertas a los avances.<\/p>\n<p>\u201cLa Web3 y Meta est\u00e1n brindando oportunidades sin precedentes para Balenciaga, nuestra audiencia y nuestros productos, abriendo nuevos territorios para el lujo\u201d, ha afirmado el CEO de Balenciaga, C\u00e9dric Charbit, en un comunicado.<\/p>\n","protected":false},"excerpt":{"rendered":"<p>Los usuarios podr\u00e1n comprar dise\u00f1os para usar con sus Meta avatares en Instagram, Facebook y Messenger. Imitando otros Metaversos, Zuckerberg desea vender ropa digital para vestir a los avatares. Mark Zuckerberg, CEO de Meta; ha anunciado que pronto surgir\u00e1 la Tienda de Avatares para el Metaverso, una nueva funci\u00f3n del programa digital donde podr\u00e1s comprar&hellip;<\/p>\n","protected":false},"author":1,"featured_media":22526,"comment_status":"open","ping_status":"open","sticky":false,"template":"","format":"standard","meta":{"_jetpack_newsletter_access":"","_jetpack_dont_email_post_to_subs":false,"_jetpack_newsletter_tier_id":0,"_jetpack_memberships_contains_paywalled_content":false,"_jetpack_feature_clip_id":0,"_jetpack_memberships_contains_paid_content":false,"footnotes":"","jetpack_publicize_message":"Balenciaga, Prada y Thom Browne ser\u00e1n las primeras marcas en la Tienda Virtual de Moda de Meta.\r\n\r\nLos usuarios podr\u00e1n comprar dise\u00f1os para usar con sus Meta avatares en Instagram, Facebook y Messenger. Imitando otros Metaversos, Zuckerberg desea vender ropa digital para vestir a los avatares.\r\n\r\n#luxonomy #Meta #moda #modavirtual","jetpack_publicize_feature_enabled":true,"jetpack_social_post_already_shared":true,"jetpack_social_options":{"image_generator_settings":{"template":"edge","default_image_id":0,"font":"","enabled":false},"version":2},"jetpack_post_was_ever_published":false},"categories":[1376,534],"tags":[1539,1262,586],"thb-sponsors":[],"class_list":["post-22525","post","type-post","status-publish","format-standard","has-post-thumbnail","hentry","category-metaverso","category-moda","tag-meta","tag-metaverso","tag-moda"],"yoast_head":"<!-- This site is optimized with the Yoast SEO plugin v28.4 - https:\/\/yoast.com\/product\/yoast-seo-wordpress\/ -->\n<title>Balenciaga, Prada y Thom Browne ser\u00e1n las primeras marcas en la Tienda Virtual de Moda de Meta | LUXONOMY<\/title>\n<meta name=\"robots\" content=\"index, follow, max-snippet:-1, max-image-preview:large, max-video-preview:-1\" \/>\n<link rel=\"canonical\" href=\"https:\/\/luxonomy.net\/es\/balenciaga-prada-y-thom-browne-seran-las-primeras-marcas-en-la-tienda-virtual-de-moda-de-meta\/\" \/>\n<meta property=\"og:locale\" content=\"es_ES\" \/>\n<meta property=\"og:type\" content=\"article\" \/>\n<meta property=\"og:title\" content=\"Balenciaga, Prada y Thom Browne ser\u00e1n las primeras marcas en la Tienda Virtual de Moda de Meta | LUXONOMY\" \/>\n<meta property=\"og:description\" content=\"Los usuarios podr\u00e1n comprar dise\u00f1os para usar con sus Meta avatares en Instagram, Facebook y Messenger. Imitando otros Metaversos, Zuckerberg desea vender ropa digital para vestir a los avatares. Mark Zuckerberg, CEO de Meta; ha anunciado que pronto surgir\u00e1 la Tienda de Avatares para el Metaverso, una nueva funci\u00f3n del programa digital donde podr\u00e1s comprar&hellip;\" \/>\n<meta property=\"og:url\" content=\"https:\/\/luxonomy.net\/es\/balenciaga-prada-y-thom-browne-seran-las-primeras-marcas-en-la-tienda-virtual-de-moda-de-meta\/\" \/>\n<meta property=\"og:site_name\" content=\"LUXONOMY\" \/>\n<meta property=\"article:publisher\" content=\"https:\/\/www.facebook.com\/luxonomy\" \/>\n<meta property=\"article:published_time\" content=\"2022-06-19T12:32:13+00:00\" \/>\n<meta property=\"article:modified_time\" content=\"2022-06-19T15:00:47+00:00\" \/>\n<meta property=\"og:image\" content=\"https:\/\/i0.wp.com\/luxonomy.net\/wp-content\/uploads\/2022\/06\/Balenciaga-Prada-y-Thom-Browne-sera%CC%81n-las-primeras-marcas-en-la-Tienda-Virtual-de-Moda-de-Meta.jpg?fit=1800%2C1013&quality=89&ssl=1\" \/>\n\t<meta property=\"og:image:width\" content=\"1800\" \/>\n\t<meta property=\"og:image:height\" content=\"1013\" \/>\n\t<meta property=\"og:image:type\" content=\"image\/jpeg\" \/>\n<meta name=\"author\" content=\"LUXONOMY\" \/>\n<meta name=\"twitter:card\" content=\"summary_large_image\" \/>\n<meta name=\"twitter:label1\" content=\"Escrito por\" \/>\n\t<meta name=\"twitter:data1\" content=\"LUXONOMY\" \/>\n\t<meta name=\"twitter:label2\" content=\"Tiempo de lectura\" \/>\n\t<meta name=\"twitter:data2\" content=\"2 minutos\" \/>\n<script type=\"application\/ld+json\" class=\"yoast-schema-graph\">{\"@context\":\"https:\\\/\\\/schema.org\",\"@graph\":[{\"@type\":\"Article\",\"@id\":\"https:\\\/\\\/luxonomy.net\\\/es\\\/balenciaga-prada-y-thom-browne-seran-las-primeras-marcas-en-la-tienda-virtual-de-moda-de-meta\\\/#article\",\"isPartOf\":{\"@id\":\"https:\\\/\\\/luxonomy.net\\\/es\\\/balenciaga-prada-y-thom-browne-seran-las-primeras-marcas-en-la-tienda-virtual-de-moda-de-meta\\\/\"},\"author\":{\"name\":\"LUXONOMY\",\"@id\":\"https:\\\/\\\/luxonomy.net\\\/es\\\/#\\\/schema\\\/person\\\/c5b6009a752bcc03b6b0a35b41e0ce40\"},\"headline\":\"Balenciaga, Prada y Thom Browne ser\u00e1n las primeras marcas en la Tienda Virtual de Moda de Meta\",\"datePublished\":\"2022-06-19T12:32:13+00:00\",\"dateModified\":\"2022-06-19T15:00:47+00:00\",\"mainEntityOfPage\":{\"@id\":\"https:\\\/\\\/luxonomy.net\\\/es\\\/balenciaga-prada-y-thom-browne-seran-las-primeras-marcas-en-la-tienda-virtual-de-moda-de-meta\\\/\"},\"wordCount\":462,\"commentCount\":0,\"publisher\":{\"@id\":\"https:\\\/\\\/luxonomy.net\\\/es\\\/#organization\"},\"image\":{\"@id\":\"https:\\\/\\\/luxonomy.net\\\/es\\\/balenciaga-prada-y-thom-browne-seran-las-primeras-marcas-en-la-tienda-virtual-de-moda-de-meta\\\/#primaryimage\"},\"thumbnailUrl\":\"https:\\\/\\\/i0.wp.com\\\/luxonomy.net\\\/wp-content\\\/uploads\\\/2022\\\/06\\\/Balenciaga-Prada-y-Thom-Browne-sera%CC%81n-las-primeras-marcas-en-la-Tienda-Virtual-de-Moda-de-Meta.jpg?fit=1800%2C1013&ssl=1\",\"keywords\":[\"Meta\",\"metaverso\",\"Moda\"],\"articleSection\":[\"Metaverso\",\"Moda\"],\"inLanguage\":\"es\",\"potentialAction\":[{\"@type\":\"CommentAction\",\"name\":\"Comment\",\"target\":[\"https:\\\/\\\/luxonomy.net\\\/es\\\/balenciaga-prada-y-thom-browne-seran-las-primeras-marcas-en-la-tienda-virtual-de-moda-de-meta\\\/#respond\"]}]},{\"@type\":\"WebPage\",\"@id\":\"https:\\\/\\\/luxonomy.net\\\/es\\\/balenciaga-prada-y-thom-browne-seran-las-primeras-marcas-en-la-tienda-virtual-de-moda-de-meta\\\/\",\"url\":\"https:\\\/\\\/luxonomy.net\\\/es\\\/balenciaga-prada-y-thom-browne-seran-las-primeras-marcas-en-la-tienda-virtual-de-moda-de-meta\\\/\",\"name\":\"Balenciaga, Prada y Thom Browne ser\u00e1n las primeras marcas en la Tienda Virtual de Moda de Meta | LUXONOMY\",\"isPartOf\":{\"@id\":\"https:\\\/\\\/luxonomy.net\\\/es\\\/#website\"},\"primaryImageOfPage\":{\"@id\":\"https:\\\/\\\/luxonomy.net\\\/es\\\/balenciaga-prada-y-thom-browne-seran-las-primeras-marcas-en-la-tienda-virtual-de-moda-de-meta\\\/#primaryimage\"},\"image\":{\"@id\":\"https:\\\/\\\/luxonomy.net\\\/es\\\/balenciaga-prada-y-thom-browne-seran-las-primeras-marcas-en-la-tienda-virtual-de-moda-de-meta\\\/#primaryimage\"},\"thumbnailUrl\":\"https:\\\/\\\/i0.wp.com\\\/luxonomy.net\\\/wp-content\\\/uploads\\\/2022\\\/06\\\/Balenciaga-Prada-y-Thom-Browne-sera%CC%81n-las-primeras-marcas-en-la-Tienda-Virtual-de-Moda-de-Meta.jpg?fit=1800%2C1013&ssl=1\",\"datePublished\":\"2022-06-19T12:32:13+00:00\",\"dateModified\":\"2022-06-19T15:00:47+00:00\",\"breadcrumb\":{\"@id\":\"https:\\\/\\\/luxonomy.net\\\/es\\\/balenciaga-prada-y-thom-browne-seran-las-primeras-marcas-en-la-tienda-virtual-de-moda-de-meta\\\/#breadcrumb\"},\"inLanguage\":\"es\",\"potentialAction\":[{\"@type\":\"ReadAction\",\"target\":[\"https:\\\/\\\/luxonomy.net\\\/es\\\/balenciaga-prada-y-thom-browne-seran-las-primeras-marcas-en-la-tienda-virtual-de-moda-de-meta\\\/\"]}]},{\"@type\":\"ImageObject\",\"inLanguage\":\"es\",\"@id\":\"https:\\\/\\\/luxonomy.net\\\/es\\\/balenciaga-prada-y-thom-browne-seran-las-primeras-marcas-en-la-tienda-virtual-de-moda-de-meta\\\/#primaryimage\",\"url\":\"https:\\\/\\\/i0.wp.com\\\/luxonomy.net\\\/wp-content\\\/uploads\\\/2022\\\/06\\\/Balenciaga-Prada-y-Thom-Browne-sera%CC%81n-las-primeras-marcas-en-la-Tienda-Virtual-de-Moda-de-Meta.jpg?fit=1800%2C1013&ssl=1\",\"contentUrl\":\"https:\\\/\\\/i0.wp.com\\\/luxonomy.net\\\/wp-content\\\/uploads\\\/2022\\\/06\\\/Balenciaga-Prada-y-Thom-Browne-sera%CC%81n-las-primeras-marcas-en-la-Tienda-Virtual-de-Moda-de-Meta.jpg?fit=1800%2C1013&ssl=1\",\"width\":1800,\"height\":1013},{\"@type\":\"BreadcrumbList\",\"@id\":\"https:\\\/\\\/luxonomy.net\\\/es\\\/balenciaga-prada-y-thom-browne-seran-las-primeras-marcas-en-la-tienda-virtual-de-moda-de-meta\\\/#breadcrumb\",\"itemListElement\":[{\"@type\":\"ListItem\",\"position\":1,\"name\":\"Portada\",\"item\":\"https:\\\/\\\/luxonomy.net\\\/es\\\/\"},{\"@type\":\"ListItem\",\"position\":2,\"name\":\"Balenciaga, Prada y Thom Browne ser\u00e1n las primeras marcas en la Tienda Virtual de Moda de Meta\"}]},{\"@type\":\"WebSite\",\"@id\":\"https:\\\/\\\/luxonomy.net\\\/es\\\/#website\",\"url\":\"https:\\\/\\\/luxonomy.net\\\/es\\\/\",\"name\":\"LUXONOMY\",\"description\":\"The Economy of Fashion &amp; Luxury\",\"publisher\":{\"@id\":\"https:\\\/\\\/luxonomy.net\\\/es\\\/#organization\"},\"potentialAction\":[{\"@type\":\"SearchAction\",\"target\":{\"@type\":\"EntryPoint\",\"urlTemplate\":\"https:\\\/\\\/luxonomy.net\\\/es\\\/?s={search_term_string}\"},\"query-input\":{\"@type\":\"PropertyValueSpecification\",\"valueRequired\":true,\"valueName\":\"search_term_string\"}}],\"inLanguage\":\"es\"},{\"@type\":\"Organization\",\"@id\":\"https:\\\/\\\/luxonomy.net\\\/es\\\/#organization\",\"name\":\"LUXONOMY\",\"url\":\"https:\\\/\\\/luxonomy.net\\\/es\\\/\",\"logo\":{\"@type\":\"ImageObject\",\"inLanguage\":\"es\",\"@id\":\"https:\\\/\\\/luxonomy.net\\\/es\\\/#\\\/schema\\\/logo\\\/image\\\/\",\"url\":\"https:\\\/\\\/i2.wp.com\\\/luxonomy.net\\\/wp-content\\\/uploads\\\/2021\\\/09\\\/MOCKUP-TODOS-LUXONOMY.jpg?fit=1000%2C515&ssl=1\",\"contentUrl\":\"https:\\\/\\\/i2.wp.com\\\/luxonomy.net\\\/wp-content\\\/uploads\\\/2021\\\/09\\\/MOCKUP-TODOS-LUXONOMY.jpg?fit=1000%2C515&ssl=1\",\"width\":1000,\"height\":515,\"caption\":\"LUXONOMY\"},\"image\":{\"@id\":\"https:\\\/\\\/luxonomy.net\\\/es\\\/#\\\/schema\\\/logo\\\/image\\\/\"},\"sameAs\":[\"https:\\\/\\\/www.facebook.com\\\/luxonomy\",\"https:\\\/\\\/www.instagram.com\\\/luxonomy\\\/\",\"https:\\\/\\\/www.linkedin.com\\\/company\\\/luxonomy\\\/\"]},{\"@type\":\"Person\",\"@id\":\"https:\\\/\\\/luxonomy.net\\\/es\\\/#\\\/schema\\\/person\\\/c5b6009a752bcc03b6b0a35b41e0ce40\",\"name\":\"LUXONOMY\",\"image\":{\"@type\":\"ImageObject\",\"inLanguage\":\"es\",\"@id\":\"https:\\\/\\\/luxonomy.net\\\/wp-content\\\/litespeed\\\/avatar\\\/a6436cdb14fdaf9c21808e63d0da2055.jpg?ver=1788366758\",\"url\":\"https:\\\/\\\/luxonomy.net\\\/wp-content\\\/litespeed\\\/avatar\\\/a6436cdb14fdaf9c21808e63d0da2055.jpg?ver=1788366758\",\"contentUrl\":\"https:\\\/\\\/luxonomy.net\\\/wp-content\\\/litespeed\\\/avatar\\\/a6436cdb14fdaf9c21808e63d0da2055.jpg?ver=1788366758\",\"caption\":\"LUXONOMY\"},\"sameAs\":[\"https:\\\/\"],\"url\":\"https:\\\/\\\/luxonomy.net\\\/es\\\/author\\\/luxonomy\\\/\"}]}<\/script>\n<!-- \/ Yoast SEO plugin. -->","yoast_head_json":{"title":"Balenciaga, Prada y Thom Browne ser\u00e1n las primeras marcas en la Tienda Virtual de Moda de Meta | LUXONOMY","robots":{"index":"index","follow":"follow","max-snippet":"max-snippet:-1","max-image-preview":"max-image-preview:large","max-video-preview":"max-video-preview:-1"},"canonical":"https:\/\/luxonomy.net\/es\/balenciaga-prada-y-thom-browne-seran-las-primeras-marcas-en-la-tienda-virtual-de-moda-de-meta\/","og_locale":"es_ES","og_type":"article","og_title":"Balenciaga, Prada y Thom Browne ser\u00e1n las primeras marcas en la Tienda Virtual de Moda de Meta | LUXONOMY","og_description":"Los usuarios podr\u00e1n comprar dise\u00f1os para usar con sus Meta avatares en Instagram, Facebook y Messenger. Imitando otros Metaversos, Zuckerberg desea vender ropa digital para vestir a los avatares. Mark Zuckerberg, CEO de Meta; ha anunciado que pronto surgir\u00e1 la Tienda de Avatares para el Metaverso, una nueva funci\u00f3n del programa digital donde podr\u00e1s comprar&hellip;","og_url":"https:\/\/luxonomy.net\/es\/balenciaga-prada-y-thom-browne-seran-las-primeras-marcas-en-la-tienda-virtual-de-moda-de-meta\/","og_site_name":"LUXONOMY","article_publisher":"https:\/\/www.facebook.com\/luxonomy","article_published_time":"2022-06-19T12:32:13+00:00","article_modified_time":"2022-06-19T15:00:47+00:00","og_image":[{"width":1800,"height":1013,"url":"https:\/\/i0.wp.com\/luxonomy.net\/wp-content\/uploads\/2022\/06\/Balenciaga-Prada-y-Thom-Browne-sera%CC%81n-las-primeras-marcas-en-la-Tienda-Virtual-de-Moda-de-Meta.jpg?fit=1800%2C1013&quality=89&ssl=1","type":"image\/jpeg"}],"author":"LUXONOMY","twitter_card":"summary_large_image","twitter_misc":{"Escrito por":"LUXONOMY","Tiempo de lectura":"2 minutos"},"schema":{"@context":"https:\/\/schema.org","@graph":[{"@type":"Article","@id":"https:\/\/luxonomy.net\/es\/balenciaga-prada-y-thom-browne-seran-las-primeras-marcas-en-la-tienda-virtual-de-moda-de-meta\/#article","isPartOf":{"@id":"https:\/\/luxonomy.net\/es\/balenciaga-prada-y-thom-browne-seran-las-primeras-marcas-en-la-tienda-virtual-de-moda-de-meta\/"},"author":{"name":"LUXONOMY","@id":"https:\/\/luxonomy.net\/es\/#\/schema\/person\/c5b6009a752bcc03b6b0a35b41e0ce40"},"headline":"Balenciaga, Prada y Thom Browne ser\u00e1n las primeras marcas en la Tienda Virtual de Moda de Meta","datePublished":"2022-06-19T12:32:13+00:00","dateModified":"2022-06-19T15:00:47+00:00","mainEntityOfPage":{"@id":"https:\/\/luxonomy.net\/es\/balenciaga-prada-y-thom-browne-seran-las-primeras-marcas-en-la-tienda-virtual-de-moda-de-meta\/"},"wordCount":462,"commentCount":0,"publisher":{"@id":"https:\/\/luxonomy.net\/es\/#organization"},"image":{"@id":"https:\/\/luxonomy.net\/es\/balenciaga-prada-y-thom-browne-seran-las-primeras-marcas-en-la-tienda-virtual-de-moda-de-meta\/#primaryimage"},"thumbnailUrl":"https:\/\/i0.wp.com\/luxonomy.net\/wp-content\/uploads\/2022\/06\/Balenciaga-Prada-y-Thom-Browne-sera%CC%81n-las-primeras-marcas-en-la-Tienda-Virtual-de-Moda-de-Meta.jpg?fit=1800%2C1013&ssl=1","keywords":["Meta","metaverso","Moda"],"articleSection":["Metaverso","Moda"],"inLanguage":"es","potentialAction":[{"@type":"CommentAction","name":"Comment","target":["https:\/\/luxonomy.net\/es\/balenciaga-prada-y-thom-browne-seran-las-primeras-marcas-en-la-tienda-virtual-de-moda-de-meta\/#respond"]}]},{"@type":"WebPage","@id":"https:\/\/luxonomy.net\/es\/balenciaga-prada-y-thom-browne-seran-las-primeras-marcas-en-la-tienda-virtual-de-moda-de-meta\/","url":"https:\/\/luxonomy.net\/es\/balenciaga-prada-y-thom-browne-seran-las-primeras-marcas-en-la-tienda-virtual-de-moda-de-meta\/","name":"Balenciaga, Prada y Thom Browne ser\u00e1n las primeras marcas en la Tienda Virtual de Moda de Meta | LUXONOMY","isPartOf":{"@id":"https:\/\/luxonomy.net\/es\/#website"},"primaryImageOfPage":{"@id":"https:\/\/luxonomy.net\/es\/balenciaga-prada-y-thom-browne-seran-las-primeras-marcas-en-la-tienda-virtual-de-moda-de-meta\/#primaryimage"},"image":{"@id":"https:\/\/luxonomy.net\/es\/balenciaga-prada-y-thom-browne-seran-las-primeras-marcas-en-la-tienda-virtual-de-moda-de-meta\/#primaryimage"},"thumbnailUrl":"https:\/\/i0.wp.com\/luxonomy.net\/wp-content\/uploads\/2022\/06\/Balenciaga-Prada-y-Thom-Browne-sera%CC%81n-las-primeras-marcas-en-la-Tienda-Virtual-de-Moda-de-Meta.jpg?fit=1800%2C1013&ssl=1","datePublished":"2022-06-19T12:32:13+00:00","dateModified":"2022-06-19T15:00:47+00:00","breadcrumb":{"@id":"https:\/\/luxonomy.net\/es\/balenciaga-prada-y-thom-browne-seran-las-primeras-marcas-en-la-tienda-virtual-de-moda-de-meta\/#breadcrumb"},"inLanguage":"es","potentialAction":[{"@type":"ReadAction","target":["https:\/\/luxonomy.net\/es\/balenciaga-prada-y-thom-browne-seran-las-primeras-marcas-en-la-tienda-virtual-de-moda-de-meta\/"]}]},{"@type":"ImageObject","inLanguage":"es","@id":"https:\/\/luxonomy.net\/es\/balenciaga-prada-y-thom-browne-seran-las-primeras-marcas-en-la-tienda-virtual-de-moda-de-meta\/#primaryimage","url":"https:\/\/i0.wp.com\/luxonomy.net\/wp-content\/uploads\/2022\/06\/Balenciaga-Prada-y-Thom-Browne-sera%CC%81n-las-primeras-marcas-en-la-Tienda-Virtual-de-Moda-de-Meta.jpg?fit=1800%2C1013&ssl=1","contentUrl":"https:\/\/i0.wp.com\/luxonomy.net\/wp-content\/uploads\/2022\/06\/Balenciaga-Prada-y-Thom-Browne-sera%CC%81n-las-primeras-marcas-en-la-Tienda-Virtual-de-Moda-de-Meta.jpg?fit=1800%2C1013&ssl=1","width":1800,"height":1013},{"@type":"BreadcrumbList","@id":"https:\/\/luxonomy.net\/es\/balenciaga-prada-y-thom-browne-seran-las-primeras-marcas-en-la-tienda-virtual-de-moda-de-meta\/#breadcrumb","itemListElement":[{"@type":"ListItem","position":1,"name":"Portada","item":"https:\/\/luxonomy.net\/es\/"},{"@type":"ListItem","position":2,"name":"Balenciaga, Prada y Thom Browne ser\u00e1n las primeras marcas en la Tienda Virtual de Moda de Meta"}]},{"@type":"WebSite","@id":"https:\/\/luxonomy.net\/es\/#website","url":"https:\/\/luxonomy.net\/es\/","name":"LUXONOMY","description":"The Economy of Fashion &amp; Luxury","publisher":{"@id":"https:\/\/luxonomy.net\/es\/#organization"},"potentialAction":[{"@type":"SearchAction","target":{"@type":"EntryPoint","urlTemplate":"https:\/\/luxonomy.net\/es\/?s={search_term_string}"},"query-input":{"@type":"PropertyValueSpecification","valueRequired":true,"valueName":"search_term_string"}}],"inLanguage":"es"},{"@type":"Organization","@id":"https:\/\/luxonomy.net\/es\/#organization","name":"LUXONOMY","url":"https:\/\/luxonomy.net\/es\/","logo":{"@type":"ImageObject","inLanguage":"es","@id":"https:\/\/luxonomy.net\/es\/#\/schema\/logo\/image\/","url":"https:\/\/i2.wp.com\/luxonomy.net\/wp-content\/uploads\/2021\/09\/MOCKUP-TODOS-LUXONOMY.jpg?fit=1000%2C515&ssl=1","contentUrl":"https:\/\/i2.wp.com\/luxonomy.net\/wp-content\/uploads\/2021\/09\/MOCKUP-TODOS-LUXONOMY.jpg?fit=1000%2C515&ssl=1","width":1000,"height":515,"caption":"LUXONOMY"},"image":{"@id":"https:\/\/luxonomy.net\/es\/#\/schema\/logo\/image\/"},"sameAs":["https:\/\/www.facebook.com\/luxonomy","https:\/\/www.instagram.com\/luxonomy\/","https:\/\/www.linkedin.com\/company\/luxonomy\/"]},{"@type":"Person","@id":"https:\/\/luxonomy.net\/es\/#\/schema\/person\/c5b6009a752bcc03b6b0a35b41e0ce40","name":"LUXONOMY","image":{"@type":"ImageObject","inLanguage":"es","@id":"https:\/\/luxonomy.net\/wp-content\/litespeed\/avatar\/a6436cdb14fdaf9c21808e63d0da2055.jpg?ver=1788366758","url":"https:\/\/luxonomy.net\/wp-content\/litespeed\/avatar\/a6436cdb14fdaf9c21808e63d0da2055.jpg?ver=1788366758","contentUrl":"https:\/\/luxonomy.net\/wp-content\/litespeed\/avatar\/a6436cdb14fdaf9c21808e63d0da2055.jpg?ver=1788366758","caption":"LUXONOMY"},"sameAs":["https:\/"],"url":"https:\/\/luxonomy.net\/es\/author\/luxonomy\/"}]}},"jetpack_publicize_connections":[],"jetpack_shortlink":"https:\/\/wp.me\/paPhBa-5Rj","jetpack_sharing_enabled":true,"jetpack_featured_media_url":"https:\/\/i0.wp.com\/luxonomy.net\/wp-content\/uploads\/2022\/06\/Balenciaga-Prada-y-Thom-Browne-sera%CC%81n-las-primeras-marcas-en-la-Tienda-Virtual-de-Moda-de-Meta.jpg?fit=1800%2C1013&ssl=1","_links":{"self":[{"href":"https:\/\/luxonomy.net\/es\/wp-json\/wp\/v2\/posts\/22525","targetHints":{"allow":["GET"]}}],"collection":[{"href":"https:\/\/luxonomy.net\/es\/wp-json\/wp\/v2\/posts"}],"about":[{"href":"https:\/\/luxonomy.net\/es\/wp-json\/wp\/v2\/types\/post"}],"author":[{"embeddable":true,"href":"https:\/\/luxonomy.net\/es\/wp-json\/wp\/v2\/users\/1"}],"replies":[{"embeddable":true,"href":"https:\/\/luxonomy.net\/es\/wp-json\/wp\/v2\/comments?post=22525"}],"version-history":[{"count":5,"href":"https:\/\/luxonomy.net\/es\/wp-json\/wp\/v2\/posts\/22525\/revisions"}],"predecessor-version":[{"id":22531,"href":"https:\/\/luxonomy.net\/es\/wp-json\/wp\/v2\/posts\/22525\/revisions\/22531"}],"wp:featuredmedia":[{"embeddable":true,"href":"https:\/\/luxonomy.net\/es\/wp-json\/wp\/v2\/media\/22526"}],"wp:attachment":[{"href":"https:\/\/luxonomy.net\/es\/wp-json\/wp\/v2\/media?parent=22525"}],"wp:term":[{"taxonomy":"category","embeddable":true,"href":"https:\/\/luxonomy.net\/es\/wp-json\/wp\/v2\/categories?post=22525"},{"taxonomy":"post_tag","embeddable":true,"href":"https:\/\/luxonomy.net\/es\/wp-json\/wp\/v2\/tags?post=22525"},{"taxonomy":"thb-sponsors","embeddable":true,"href":"https:\/\/luxonomy.net\/es\/wp-json\/wp\/v2\/thb-sponsors?post=22525"}],"curies":[{"name":"wp","href":"https:\/\/api.w.org\/{rel}","templated":true}]}}