{"id":22071,"date":"2022-05-27T14:08:46","date_gmt":"2022-05-27T12:08:46","guid":{"rendered":"https:\/?p=22071"},"modified":"2022-06-02T14:18:14","modified_gmt":"2022-06-02T12:18:14","slug":"balenciaga-x-adidas-el-luxury-streetwear-sigue-creciendo","status":"publish","type":"post","link":"https:\/\/luxonomy.net\/es\/balenciaga-x-adidas-el-luxury-streetwear-sigue-creciendo\/","title":{"rendered":"Balenciaga X Adidas: el Luxury Streetwear sigue creciendo"},"content":{"rendered":"<p>La casa de moda de lujo, fundada por el dise\u00f1ador Crist\u00f3bal Balenciaga, ha dado a conocer los atuendos que forman parte de su colecci\u00f3n Primavera 2023, la cual incluye Luxury Streetwear, como resultado de una colaboraci\u00f3n con Adidas, en donde se refleja el sello de ambas marcas.<\/p>\n<p>Esta alianza ha dado paso a una gran variedad de accesorios, tanto para hombres como para mujeres. En ella se incluyen tops, pantalones y sudaderas oversized, as\u00ed como calzados de grandes dimensiones. La presentaci\u00f3n de la l\u00ednea Primavera 2023 tuvo lugar en Wall Street, en el marco del New York Show de la firma de moda.<\/p>\n<p>De acuerdo con el sitio oficial de la casa de moda espa\u00f1ola, esta colaboraci\u00f3n se compone de ropa deportiva que forma parte del lenguaje creativo de la misma marca. Adem\u00e1s se\u00f1ala que la l\u00ednea \u2018pr\u00eat-\u00e0-porter (listo para llevar), zapatos, bolsos, joyas y accesorios\u2019 se caracteriza por incluir una insignia de deporte o un tr\u00e9bol sobre el nombre de su firma, con la letra que com\u00fanmente utiliza la marca deportiva.<\/p><div id=\"luxon-935864893\" class=\"luxon-3er-parrafo luxon-entity-placement\" style=\"margin-top: 20px;margin-bottom: 20px;margin-left: auto;margin-right: auto;text-align: center;\"><a href=\"https:\/\/luxonomy.university\/course\/master-turismo-de-lujo\" target=\"_blank\" aria-label=\"master-turismo-lujo-2026-2027\"><img loading=\"lazy\" decoding=\"async\" src=\"https:\/\/i0.wp.com\/luxonomy.net\/wp-content\/uploads\/2020\/07\/master-turismo-lujo-2026-2027.jpg?fit=1672%2C941&#038;ssl=1\" alt=\"\"  srcset=\"https:\/\/i0.wp.com\/luxonomy.net\/wp-content\/uploads\/2020\/07\/master-turismo-lujo-2026-2027.jpg?w=1672&ssl=1 1672w, https:\/\/i0.wp.com\/luxonomy.net\/wp-content\/uploads\/2020\/07\/master-turismo-lujo-2026-2027.jpg?resize=300%2C169&ssl=1 300w, https:\/\/i0.wp.com\/luxonomy.net\/wp-content\/uploads\/2020\/07\/master-turismo-lujo-2026-2027.jpg?resize=1024%2C576&ssl=1 1024w, https:\/\/i0.wp.com\/luxonomy.net\/wp-content\/uploads\/2020\/07\/master-turismo-lujo-2026-2027.jpg?resize=768%2C432&ssl=1 768w, https:\/\/i0.wp.com\/luxonomy.net\/wp-content\/uploads\/2020\/07\/master-turismo-lujo-2026-2027.jpg?resize=1536%2C864&ssl=1 1536w, https:\/\/i0.wp.com\/luxonomy.net\/wp-content\/uploads\/2020\/07\/master-turismo-lujo-2026-2027.jpg?resize=370%2C208&ssl=1 370w, https:\/\/i0.wp.com\/luxonomy.net\/wp-content\/uploads\/2020\/07\/master-turismo-lujo-2026-2027.jpg?resize=800%2C450&ssl=1 800w, https:\/\/i0.wp.com\/luxonomy.net\/wp-content\/uploads\/2020\/07\/master-turismo-lujo-2026-2027.jpg?resize=20%2C11&ssl=1 20w, https:\/\/i0.wp.com\/luxonomy.net\/wp-content\/uploads\/2020\/07\/master-turismo-lujo-2026-2027.jpg?resize=740%2C416&ssl=1 740w, https:\/\/i0.wp.com\/luxonomy.net\/wp-content\/uploads\/2020\/07\/master-turismo-lujo-2026-2027.jpg?resize=1600%2C900&ssl=1 1600w, https:\/\/i0.wp.com\/luxonomy.net\/wp-content\/uploads\/2020\/07\/master-turismo-lujo-2026-2027.jpg?resize=1200%2C675&ssl=1 1200w, https:\/\/i0.wp.com\/luxonomy.net\/wp-content\/uploads\/2020\/07\/master-turismo-lujo-2026-2027.jpg?resize=85%2C48&ssl=1 85w\" sizes=\"(max-width: 1170px) 100vw, 1170px\" class=\"no-lazyload\" width=\"1672\" height=\"941\"   \/><\/a><\/div>\n<p>El desfile Primavera 2023 tuvo lugar en la bolsa de valores de Nueva York, pero el escenario no cont\u00f3 con decoraci\u00f3n interior, se llev\u00f3 a cabo entre pantallas que dejaban ver diferentes gr\u00e1ficas y cifras. Adem\u00e1s, se tuvo la presencia de figuras como Kanye Weset, Parrel Williams y J. Balvin.<\/p>\n<p>Todas los modelos que portaron los atuendos Luxury Streetwear que forman parte de la colecci\u00f3n Primavera 2023 desfilaron con m\u00e1scaras de l\u00e1tex negro, para hacer referencia al BDSM de la industria de la moda y para criticar c\u00f3mo se ha perdido la identidad como consecuencia de la globalizaci\u00f3n.<\/p>\n","protected":false},"excerpt":{"rendered":"<p>La casa de moda de lujo, fundada por el dise\u00f1ador Crist\u00f3bal Balenciaga, ha dado a conocer los atuendos que forman parte de su colecci\u00f3n Primavera 2023, la cual incluye Luxury Streetwear, como resultado de una colaboraci\u00f3n con Adidas, en donde se refleja el sello de ambas marcas. Esta alianza ha dado paso a una gran&hellip;<\/p>\n","protected":false},"author":10,"featured_media":22074,"comment_status":"open","ping_status":"open","sticky":false,"template":"","format":"standard","meta":{"_jetpack_newsletter_access":"","_jetpack_dont_email_post_to_subs":false,"_jetpack_newsletter_tier_id":0,"_jetpack_memberships_contains_paywalled_content":false,"_jetpack_feature_clip_id":0,"_jetpack_memberships_contains_paid_content":false,"footnotes":"","jetpack_publicize_message":"Balenciaga X Adidas: el Luxury Streetwear sigue creciendo","jetpack_publicize_feature_enabled":true,"jetpack_social_post_already_shared":true,"jetpack_social_options":{"image_generator_settings":{"template":"edge","default_image_id":0,"font":"","enabled":false},"version":2},"jetpack_post_was_ever_published":false},"categories":[534],"tags":[753,969,586],"thb-sponsors":[],"class_list":["post-22071","post","type-post","status-publish","format-standard","has-post-thumbnail","hentry","category-moda","tag-adidas","tag-balenciaga","tag-moda"],"yoast_head":"<!-- This site is optimized with the Yoast SEO plugin v28.3 - https:\/\/yoast.com\/product\/yoast-seo-wordpress\/ -->\n<title>Balenciaga X Adidas: el Luxury Streetwear sigue creciendo | LUXONOMY<\/title>\n<meta name=\"robots\" content=\"index, follow, max-snippet:-1, max-image-preview:large, max-video-preview:-1\" \/>\n<link rel=\"canonical\" href=\"https:\/\/luxonomy.net\/es\/balenciaga-x-adidas-el-luxury-streetwear-sigue-creciendo\/\" \/>\n<meta property=\"og:locale\" content=\"es_ES\" \/>\n<meta property=\"og:type\" content=\"article\" \/>\n<meta property=\"og:title\" content=\"Balenciaga X Adidas: el Luxury Streetwear sigue creciendo | LUXONOMY\" \/>\n<meta property=\"og:description\" content=\"La casa de moda de lujo, fundada por el dise\u00f1ador Crist\u00f3bal Balenciaga, ha dado a conocer los atuendos que forman parte de su colecci\u00f3n Primavera 2023, la cual incluye Luxury Streetwear, como resultado de una colaboraci\u00f3n con Adidas, en donde se refleja el sello de ambas marcas. Esta alianza ha dado paso a una gran&hellip;\" \/>\n<meta property=\"og:url\" content=\"https:\/\/luxonomy.net\/es\/balenciaga-x-adidas-el-luxury-streetwear-sigue-creciendo\/\" \/>\n<meta property=\"og:site_name\" content=\"LUXONOMY\" \/>\n<meta property=\"article:publisher\" content=\"https:\/\/www.facebook.com\/luxonomy\" \/>\n<meta property=\"article:published_time\" content=\"2022-05-27T12:08:46+00:00\" \/>\n<meta property=\"article:modified_time\" content=\"2022-06-02T12:18:14+00:00\" \/>\n<meta property=\"og:image\" content=\"https:\/\/i0.wp.com\/luxonomy.net\/wp-content\/uploads\/2022\/05\/Captura-de-pantalla-2022-06-02-a-las-14.17.33.png?fit=1422%2C844&quality=80&ssl=1\" \/>\n\t<meta property=\"og:image:width\" content=\"1422\" \/>\n\t<meta property=\"og:image:height\" content=\"844\" \/>\n\t<meta property=\"og:image:type\" content=\"image\/png\" \/>\n<meta name=\"author\" content=\"Chiara Gabardi\" \/>\n<meta name=\"twitter:card\" content=\"summary_large_image\" \/>\n<meta name=\"twitter:label1\" content=\"Escrito por\" \/>\n\t<meta name=\"twitter:data1\" content=\"Chiara Gabardi\" \/>\n\t<meta name=\"twitter:label2\" content=\"Tiempo de lectura\" \/>\n\t<meta name=\"twitter:data2\" content=\"1 minuto\" \/>\n<script type=\"application\/ld+json\" class=\"yoast-schema-graph\">{\"@context\":\"https:\\\/\\\/schema.org\",\"@graph\":[{\"@type\":\"Article\",\"@id\":\"https:\\\/\\\/luxonomy.net\\\/es\\\/balenciaga-x-adidas-el-luxury-streetwear-sigue-creciendo\\\/#article\",\"isPartOf\":{\"@id\":\"https:\\\/\\\/luxonomy.net\\\/es\\\/balenciaga-x-adidas-el-luxury-streetwear-sigue-creciendo\\\/\"},\"author\":{\"name\":\"Chiara Gabardi\",\"@id\":\"https:\\\/\\\/luxonomy.net\\\/es\\\/#\\\/schema\\\/person\\\/9d526ffe93a0cc9cecc91760f49da3ef\"},\"headline\":\"Balenciaga X Adidas: el Luxury Streetwear sigue creciendo\",\"datePublished\":\"2022-05-27T12:08:46+00:00\",\"dateModified\":\"2022-06-02T12:18:14+00:00\",\"mainEntityOfPage\":{\"@id\":\"https:\\\/\\\/luxonomy.net\\\/es\\\/balenciaga-x-adidas-el-luxury-streetwear-sigue-creciendo\\\/\"},\"wordCount\":297,\"commentCount\":0,\"publisher\":{\"@id\":\"https:\\\/\\\/luxonomy.net\\\/es\\\/#organization\"},\"image\":{\"@id\":\"https:\\\/\\\/luxonomy.net\\\/es\\\/balenciaga-x-adidas-el-luxury-streetwear-sigue-creciendo\\\/#primaryimage\"},\"thumbnailUrl\":\"https:\\\/\\\/i0.wp.com\\\/luxonomy.net\\\/wp-content\\\/uploads\\\/2022\\\/05\\\/Captura-de-pantalla-2022-06-02-a-las-14.17.33.png?fit=1422%2C844&ssl=1\",\"keywords\":[\"Adidas\",\"Balenciaga\",\"Moda\"],\"articleSection\":[\"Moda\"],\"inLanguage\":\"es\",\"potentialAction\":[{\"@type\":\"CommentAction\",\"name\":\"Comment\",\"target\":[\"https:\\\/\\\/luxonomy.net\\\/es\\\/balenciaga-x-adidas-el-luxury-streetwear-sigue-creciendo\\\/#respond\"]}]},{\"@type\":\"WebPage\",\"@id\":\"https:\\\/\\\/luxonomy.net\\\/es\\\/balenciaga-x-adidas-el-luxury-streetwear-sigue-creciendo\\\/\",\"url\":\"https:\\\/\\\/luxonomy.net\\\/es\\\/balenciaga-x-adidas-el-luxury-streetwear-sigue-creciendo\\\/\",\"name\":\"Balenciaga X Adidas: el Luxury Streetwear sigue creciendo | LUXONOMY\",\"isPartOf\":{\"@id\":\"https:\\\/\\\/luxonomy.net\\\/es\\\/#website\"},\"primaryImageOfPage\":{\"@id\":\"https:\\\/\\\/luxonomy.net\\\/es\\\/balenciaga-x-adidas-el-luxury-streetwear-sigue-creciendo\\\/#primaryimage\"},\"image\":{\"@id\":\"https:\\\/\\\/luxonomy.net\\\/es\\\/balenciaga-x-adidas-el-luxury-streetwear-sigue-creciendo\\\/#primaryimage\"},\"thumbnailUrl\":\"https:\\\/\\\/i0.wp.com\\\/luxonomy.net\\\/wp-content\\\/uploads\\\/2022\\\/05\\\/Captura-de-pantalla-2022-06-02-a-las-14.17.33.png?fit=1422%2C844&ssl=1\",\"datePublished\":\"2022-05-27T12:08:46+00:00\",\"dateModified\":\"2022-06-02T12:18:14+00:00\",\"breadcrumb\":{\"@id\":\"https:\\\/\\\/luxonomy.net\\\/es\\\/balenciaga-x-adidas-el-luxury-streetwear-sigue-creciendo\\\/#breadcrumb\"},\"inLanguage\":\"es\",\"potentialAction\":[{\"@type\":\"ReadAction\",\"target\":[\"https:\\\/\\\/luxonomy.net\\\/es\\\/balenciaga-x-adidas-el-luxury-streetwear-sigue-creciendo\\\/\"]}]},{\"@type\":\"ImageObject\",\"inLanguage\":\"es\",\"@id\":\"https:\\\/\\\/luxonomy.net\\\/es\\\/balenciaga-x-adidas-el-luxury-streetwear-sigue-creciendo\\\/#primaryimage\",\"url\":\"https:\\\/\\\/i0.wp.com\\\/luxonomy.net\\\/wp-content\\\/uploads\\\/2022\\\/05\\\/Captura-de-pantalla-2022-06-02-a-las-14.17.33.png?fit=1422%2C844&ssl=1\",\"contentUrl\":\"https:\\\/\\\/i0.wp.com\\\/luxonomy.net\\\/wp-content\\\/uploads\\\/2022\\\/05\\\/Captura-de-pantalla-2022-06-02-a-las-14.17.33.png?fit=1422%2C844&ssl=1\",\"width\":1422,\"height\":844},{\"@type\":\"BreadcrumbList\",\"@id\":\"https:\\\/\\\/luxonomy.net\\\/es\\\/balenciaga-x-adidas-el-luxury-streetwear-sigue-creciendo\\\/#breadcrumb\",\"itemListElement\":[{\"@type\":\"ListItem\",\"position\":1,\"name\":\"Portada\",\"item\":\"https:\\\/\\\/luxonomy.net\\\/es\\\/\"},{\"@type\":\"ListItem\",\"position\":2,\"name\":\"Balenciaga X Adidas: el Luxury Streetwear sigue creciendo\"}]},{\"@type\":\"WebSite\",\"@id\":\"https:\\\/\\\/luxonomy.net\\\/es\\\/#website\",\"url\":\"https:\\\/\\\/luxonomy.net\\\/es\\\/\",\"name\":\"LUXONOMY\",\"description\":\"The Economy of Fashion &amp; Luxury\",\"publisher\":{\"@id\":\"https:\\\/\\\/luxonomy.net\\\/es\\\/#organization\"},\"potentialAction\":[{\"@type\":\"SearchAction\",\"target\":{\"@type\":\"EntryPoint\",\"urlTemplate\":\"https:\\\/\\\/luxonomy.net\\\/es\\\/?s={search_term_string}\"},\"query-input\":{\"@type\":\"PropertyValueSpecification\",\"valueRequired\":true,\"valueName\":\"search_term_string\"}}],\"inLanguage\":\"es\"},{\"@type\":\"Organization\",\"@id\":\"https:\\\/\\\/luxonomy.net\\\/es\\\/#organization\",\"name\":\"LUXONOMY\",\"url\":\"https:\\\/\\\/luxonomy.net\\\/es\\\/\",\"logo\":{\"@type\":\"ImageObject\",\"inLanguage\":\"es\",\"@id\":\"https:\\\/\\\/luxonomy.net\\\/es\\\/#\\\/schema\\\/logo\\\/image\\\/\",\"url\":\"https:\\\/\\\/i2.wp.com\\\/luxonomy.net\\\/wp-content\\\/uploads\\\/2021\\\/09\\\/MOCKUP-TODOS-LUXONOMY.jpg?fit=1000%2C515&ssl=1\",\"contentUrl\":\"https:\\\/\\\/i2.wp.com\\\/luxonomy.net\\\/wp-content\\\/uploads\\\/2021\\\/09\\\/MOCKUP-TODOS-LUXONOMY.jpg?fit=1000%2C515&ssl=1\",\"width\":1000,\"height\":515,\"caption\":\"LUXONOMY\"},\"image\":{\"@id\":\"https:\\\/\\\/luxonomy.net\\\/es\\\/#\\\/schema\\\/logo\\\/image\\\/\"},\"sameAs\":[\"https:\\\/\\\/www.facebook.com\\\/luxonomy\",\"https:\\\/\\\/www.instagram.com\\\/luxonomy\\\/\",\"https:\\\/\\\/www.linkedin.com\\\/company\\\/luxonomy\\\/\"]},{\"@type\":\"Person\",\"@id\":\"https:\\\/\\\/luxonomy.net\\\/es\\\/#\\\/schema\\\/person\\\/9d526ffe93a0cc9cecc91760f49da3ef\",\"name\":\"Chiara Gabardi\",\"image\":{\"@type\":\"ImageObject\",\"inLanguage\":\"es\",\"@id\":\"https:\\\/\\\/luxonomy.net\\\/wp-content\\\/litespeed\\\/avatar\\\/548640c4e2c34544e66c65ab1641a5d7.jpg?ver=1787976300\",\"url\":\"https:\\\/\\\/luxonomy.net\\\/wp-content\\\/litespeed\\\/avatar\\\/548640c4e2c34544e66c65ab1641a5d7.jpg?ver=1787976300\",\"contentUrl\":\"https:\\\/\\\/luxonomy.net\\\/wp-content\\\/litespeed\\\/avatar\\\/548640c4e2c34544e66c65ab1641a5d7.jpg?ver=1787976300\",\"caption\":\"Chiara Gabardi\"},\"description\":\"Editor at LUXONOMY\u2122 Group\",\"url\":\"https:\\\/\\\/luxonomy.net\\\/es\\\/author\\\/chiara-gabardi\\\/\"}]}<\/script>\n<!-- \/ Yoast SEO plugin. -->","yoast_head_json":{"title":"Balenciaga X Adidas: el Luxury Streetwear sigue creciendo | LUXONOMY","robots":{"index":"index","follow":"follow","max-snippet":"max-snippet:-1","max-image-preview":"max-image-preview:large","max-video-preview":"max-video-preview:-1"},"canonical":"https:\/\/luxonomy.net\/es\/balenciaga-x-adidas-el-luxury-streetwear-sigue-creciendo\/","og_locale":"es_ES","og_type":"article","og_title":"Balenciaga X Adidas: el Luxury Streetwear sigue creciendo | LUXONOMY","og_description":"La casa de moda de lujo, fundada por el dise\u00f1ador Crist\u00f3bal Balenciaga, ha dado a conocer los atuendos que forman parte de su colecci\u00f3n Primavera 2023, la cual incluye Luxury Streetwear, como resultado de una colaboraci\u00f3n con Adidas, en donde se refleja el sello de ambas marcas. Esta alianza ha dado paso a una gran&hellip;","og_url":"https:\/\/luxonomy.net\/es\/balenciaga-x-adidas-el-luxury-streetwear-sigue-creciendo\/","og_site_name":"LUXONOMY","article_publisher":"https:\/\/www.facebook.com\/luxonomy","article_published_time":"2022-05-27T12:08:46+00:00","article_modified_time":"2022-06-02T12:18:14+00:00","og_image":[{"width":1422,"height":844,"url":"https:\/\/i0.wp.com\/luxonomy.net\/wp-content\/uploads\/2022\/05\/Captura-de-pantalla-2022-06-02-a-las-14.17.33.png?fit=1422%2C844&quality=80&ssl=1","type":"image\/png"}],"author":"Chiara Gabardi","twitter_card":"summary_large_image","twitter_misc":{"Escrito por":"Chiara Gabardi","Tiempo de lectura":"1 minuto"},"schema":{"@context":"https:\/\/schema.org","@graph":[{"@type":"Article","@id":"https:\/\/luxonomy.net\/es\/balenciaga-x-adidas-el-luxury-streetwear-sigue-creciendo\/#article","isPartOf":{"@id":"https:\/\/luxonomy.net\/es\/balenciaga-x-adidas-el-luxury-streetwear-sigue-creciendo\/"},"author":{"name":"Chiara Gabardi","@id":"https:\/\/luxonomy.net\/es\/#\/schema\/person\/9d526ffe93a0cc9cecc91760f49da3ef"},"headline":"Balenciaga X Adidas: el Luxury Streetwear sigue creciendo","datePublished":"2022-05-27T12:08:46+00:00","dateModified":"2022-06-02T12:18:14+00:00","mainEntityOfPage":{"@id":"https:\/\/luxonomy.net\/es\/balenciaga-x-adidas-el-luxury-streetwear-sigue-creciendo\/"},"wordCount":297,"commentCount":0,"publisher":{"@id":"https:\/\/luxonomy.net\/es\/#organization"},"image":{"@id":"https:\/\/luxonomy.net\/es\/balenciaga-x-adidas-el-luxury-streetwear-sigue-creciendo\/#primaryimage"},"thumbnailUrl":"https:\/\/i0.wp.com\/luxonomy.net\/wp-content\/uploads\/2022\/05\/Captura-de-pantalla-2022-06-02-a-las-14.17.33.png?fit=1422%2C844&ssl=1","keywords":["Adidas","Balenciaga","Moda"],"articleSection":["Moda"],"inLanguage":"es","potentialAction":[{"@type":"CommentAction","name":"Comment","target":["https:\/\/luxonomy.net\/es\/balenciaga-x-adidas-el-luxury-streetwear-sigue-creciendo\/#respond"]}]},{"@type":"WebPage","@id":"https:\/\/luxonomy.net\/es\/balenciaga-x-adidas-el-luxury-streetwear-sigue-creciendo\/","url":"https:\/\/luxonomy.net\/es\/balenciaga-x-adidas-el-luxury-streetwear-sigue-creciendo\/","name":"Balenciaga X Adidas: el Luxury Streetwear sigue creciendo | LUXONOMY","isPartOf":{"@id":"https:\/\/luxonomy.net\/es\/#website"},"primaryImageOfPage":{"@id":"https:\/\/luxonomy.net\/es\/balenciaga-x-adidas-el-luxury-streetwear-sigue-creciendo\/#primaryimage"},"image":{"@id":"https:\/\/luxonomy.net\/es\/balenciaga-x-adidas-el-luxury-streetwear-sigue-creciendo\/#primaryimage"},"thumbnailUrl":"https:\/\/i0.wp.com\/luxonomy.net\/wp-content\/uploads\/2022\/05\/Captura-de-pantalla-2022-06-02-a-las-14.17.33.png?fit=1422%2C844&ssl=1","datePublished":"2022-05-27T12:08:46+00:00","dateModified":"2022-06-02T12:18:14+00:00","breadcrumb":{"@id":"https:\/\/luxonomy.net\/es\/balenciaga-x-adidas-el-luxury-streetwear-sigue-creciendo\/#breadcrumb"},"inLanguage":"es","potentialAction":[{"@type":"ReadAction","target":["https:\/\/luxonomy.net\/es\/balenciaga-x-adidas-el-luxury-streetwear-sigue-creciendo\/"]}]},{"@type":"ImageObject","inLanguage":"es","@id":"https:\/\/luxonomy.net\/es\/balenciaga-x-adidas-el-luxury-streetwear-sigue-creciendo\/#primaryimage","url":"https:\/\/i0.wp.com\/luxonomy.net\/wp-content\/uploads\/2022\/05\/Captura-de-pantalla-2022-06-02-a-las-14.17.33.png?fit=1422%2C844&ssl=1","contentUrl":"https:\/\/i0.wp.com\/luxonomy.net\/wp-content\/uploads\/2022\/05\/Captura-de-pantalla-2022-06-02-a-las-14.17.33.png?fit=1422%2C844&ssl=1","width":1422,"height":844},{"@type":"BreadcrumbList","@id":"https:\/\/luxonomy.net\/es\/balenciaga-x-adidas-el-luxury-streetwear-sigue-creciendo\/#breadcrumb","itemListElement":[{"@type":"ListItem","position":1,"name":"Portada","item":"https:\/\/luxonomy.net\/es\/"},{"@type":"ListItem","position":2,"name":"Balenciaga X Adidas: el Luxury Streetwear sigue creciendo"}]},{"@type":"WebSite","@id":"https:\/\/luxonomy.net\/es\/#website","url":"https:\/\/luxonomy.net\/es\/","name":"LUXONOMY","description":"The Economy of Fashion &amp; Luxury","publisher":{"@id":"https:\/\/luxonomy.net\/es\/#organization"},"potentialAction":[{"@type":"SearchAction","target":{"@type":"EntryPoint","urlTemplate":"https:\/\/luxonomy.net\/es\/?s={search_term_string}"},"query-input":{"@type":"PropertyValueSpecification","valueRequired":true,"valueName":"search_term_string"}}],"inLanguage":"es"},{"@type":"Organization","@id":"https:\/\/luxonomy.net\/es\/#organization","name":"LUXONOMY","url":"https:\/\/luxonomy.net\/es\/","logo":{"@type":"ImageObject","inLanguage":"es","@id":"https:\/\/luxonomy.net\/es\/#\/schema\/logo\/image\/","url":"https:\/\/i2.wp.com\/luxonomy.net\/wp-content\/uploads\/2021\/09\/MOCKUP-TODOS-LUXONOMY.jpg?fit=1000%2C515&ssl=1","contentUrl":"https:\/\/i2.wp.com\/luxonomy.net\/wp-content\/uploads\/2021\/09\/MOCKUP-TODOS-LUXONOMY.jpg?fit=1000%2C515&ssl=1","width":1000,"height":515,"caption":"LUXONOMY"},"image":{"@id":"https:\/\/luxonomy.net\/es\/#\/schema\/logo\/image\/"},"sameAs":["https:\/\/www.facebook.com\/luxonomy","https:\/\/www.instagram.com\/luxonomy\/","https:\/\/www.linkedin.com\/company\/luxonomy\/"]},{"@type":"Person","@id":"https:\/\/luxonomy.net\/es\/#\/schema\/person\/9d526ffe93a0cc9cecc91760f49da3ef","name":"Chiara Gabardi","image":{"@type":"ImageObject","inLanguage":"es","@id":"https:\/\/luxonomy.net\/wp-content\/litespeed\/avatar\/548640c4e2c34544e66c65ab1641a5d7.jpg?ver=1787976300","url":"https:\/\/luxonomy.net\/wp-content\/litespeed\/avatar\/548640c4e2c34544e66c65ab1641a5d7.jpg?ver=1787976300","contentUrl":"https:\/\/luxonomy.net\/wp-content\/litespeed\/avatar\/548640c4e2c34544e66c65ab1641a5d7.jpg?ver=1787976300","caption":"Chiara Gabardi"},"description":"Editor at LUXONOMY\u2122 Group","url":"https:\/\/luxonomy.net\/es\/author\/chiara-gabardi\/"}]}},"jetpack_publicize_connections":[],"jetpack_shortlink":"https:\/\/wp.me\/paPhBa-5JZ","jetpack_sharing_enabled":true,"jetpack_featured_media_url":"https:\/\/i0.wp.com\/luxonomy.net\/wp-content\/uploads\/2022\/05\/Captura-de-pantalla-2022-06-02-a-las-14.17.33.png?fit=1422%2C844&ssl=1","_links":{"self":[{"href":"https:\/\/luxonomy.net\/es\/wp-json\/wp\/v2\/posts\/22071","targetHints":{"allow":["GET"]}}],"collection":[{"href":"https:\/\/luxonomy.net\/es\/wp-json\/wp\/v2\/posts"}],"about":[{"href":"https:\/\/luxonomy.net\/es\/wp-json\/wp\/v2\/types\/post"}],"author":[{"embeddable":true,"href":"https:\/\/luxonomy.net\/es\/wp-json\/wp\/v2\/users\/10"}],"replies":[{"embeddable":true,"href":"https:\/\/luxonomy.net\/es\/wp-json\/wp\/v2\/comments?post=22071"}],"version-history":[{"count":1,"href":"https:\/\/luxonomy.net\/es\/wp-json\/wp\/v2\/posts\/22071\/revisions"}],"predecessor-version":[{"id":22073,"href":"https:\/\/luxonomy.net\/es\/wp-json\/wp\/v2\/posts\/22071\/revisions\/22073"}],"wp:featuredmedia":[{"embeddable":true,"href":"https:\/\/luxonomy.net\/es\/wp-json\/wp\/v2\/media\/22074"}],"wp:attachment":[{"href":"https:\/\/luxonomy.net\/es\/wp-json\/wp\/v2\/media?parent=22071"}],"wp:term":[{"taxonomy":"category","embeddable":true,"href":"https:\/\/luxonomy.net\/es\/wp-json\/wp\/v2\/categories?post=22071"},{"taxonomy":"post_tag","embeddable":true,"href":"https:\/\/luxonomy.net\/es\/wp-json\/wp\/v2\/tags?post=22071"},{"taxonomy":"thb-sponsors","embeddable":true,"href":"https:\/\/luxonomy.net\/es\/wp-json\/wp\/v2\/thb-sponsors?post=22071"}],"curies":[{"name":"wp","href":"https:\/\/api.w.org\/{rel}","templated":true}]}}