{"id":21595,"date":"2022-04-29T13:38:00","date_gmt":"2022-04-29T11:38:00","guid":{"rendered":"https:\/?p=21595"},"modified":"2022-04-29T13:38:00","modified_gmt":"2022-04-29T11:38:00","slug":"fendace-fendi-versace-estara-disponible-a-partir-del-12-de-mayo","status":"publish","type":"post","link":"https:\/\/luxonomy.net\/es\/fendace-fendi-versace-estara-disponible-a-partir-del-12-de-mayo\/","title":{"rendered":"Fendace (Fendi\/Versace) estar\u00e1 disponible a partir del 12 de mayo"},"content":{"rendered":"<p>La colecci\u00f3n, que vio la luz en la semana de la moda de Mil\u00e1n el pasado septiembre, estar\u00e1 a la venta el pr\u00f3ximo 12 de mayo. Steven Meisel y Alex Maxwell capturan su esp\u00edritu en unas im\u00e1genes protagonizadas por las supermodelos de ayer y de hoy.<\/p>\n<p>La pasada semana de la moda de Mil\u00e1n termin\u00f3 por todo lo alto. Un desfile secreto precedido por algunos rumores present\u00f3 &#8216;Fendace&#8217;, una uni\u00f3n entre Fendi y Versace que hizo historia. Si bien las colaboraciones entre distintas marcas de moda es el pan nuestro de cada d\u00eda desde hace algunas temporadas, era la primera vez que dos etiquetas de lujo de distintos grupos empresariales \u2013Fendi pertenece a LVMH y Versace a Capri Holdings\u2013 presentaba una colecci\u00f3n en la que sus logos y emblemas m\u00e1s reconocibles se superpon\u00edan y mezclaban.<\/p>\n<p>Ahora, ocho meses despu\u00e9s de aquello, sale a la luz la campa\u00f1a de la colecci\u00f3n, as\u00ed como la fecha en la que estar\u00e1 disponible en tiendas: 12 de mayo. Bajo la batuta de Steven Meisel, en el caso de las im\u00e1genes fijas, y de Alex Maxwell como vide\u00f3grafo, supermodelos de la talla de Kristen McMenamy, Adut Akech, Anja Rubik, Imaan Hammam o la inigualable Naomi Campbell encarnan el esp\u00edritu l\u00fadico de la uni\u00f3n. Esta \u00faltima, que tambi\u00e9n form\u00f3 parte del casting del desfile, asume el papel de portera de discoteca eligiendo qui\u00e9n pasa y qui\u00e9n no al exclusivo club Fendace.<\/p><div id=\"luxon-1438209013\" class=\"luxon-3er-parrafo luxon-entity-placement\" style=\"margin-top: 20px;margin-bottom: 20px;margin-left: auto;margin-right: auto;text-align: center;\"><a href=\"https:\/\/luxonomy.university\/course\/master-turismo-de-lujo\" target=\"_blank\" aria-label=\"master-turismo-lujo-2026-2027\"><img loading=\"lazy\" decoding=\"async\" src=\"https:\/\/i0.wp.com\/luxonomy.net\/wp-content\/uploads\/2020\/07\/master-turismo-lujo-2026-2027.jpg?fit=1672%2C941&#038;ssl=1\" alt=\"\"  srcset=\"https:\/\/i0.wp.com\/luxonomy.net\/wp-content\/uploads\/2020\/07\/master-turismo-lujo-2026-2027.jpg?w=1672&ssl=1 1672w, https:\/\/i0.wp.com\/luxonomy.net\/wp-content\/uploads\/2020\/07\/master-turismo-lujo-2026-2027.jpg?resize=300%2C169&ssl=1 300w, https:\/\/i0.wp.com\/luxonomy.net\/wp-content\/uploads\/2020\/07\/master-turismo-lujo-2026-2027.jpg?resize=1024%2C576&ssl=1 1024w, https:\/\/i0.wp.com\/luxonomy.net\/wp-content\/uploads\/2020\/07\/master-turismo-lujo-2026-2027.jpg?resize=768%2C432&ssl=1 768w, https:\/\/i0.wp.com\/luxonomy.net\/wp-content\/uploads\/2020\/07\/master-turismo-lujo-2026-2027.jpg?resize=1536%2C864&ssl=1 1536w, https:\/\/i0.wp.com\/luxonomy.net\/wp-content\/uploads\/2020\/07\/master-turismo-lujo-2026-2027.jpg?resize=370%2C208&ssl=1 370w, https:\/\/i0.wp.com\/luxonomy.net\/wp-content\/uploads\/2020\/07\/master-turismo-lujo-2026-2027.jpg?resize=800%2C450&ssl=1 800w, https:\/\/i0.wp.com\/luxonomy.net\/wp-content\/uploads\/2020\/07\/master-turismo-lujo-2026-2027.jpg?resize=20%2C11&ssl=1 20w, https:\/\/i0.wp.com\/luxonomy.net\/wp-content\/uploads\/2020\/07\/master-turismo-lujo-2026-2027.jpg?resize=740%2C416&ssl=1 740w, https:\/\/i0.wp.com\/luxonomy.net\/wp-content\/uploads\/2020\/07\/master-turismo-lujo-2026-2027.jpg?resize=1600%2C900&ssl=1 1600w, https:\/\/i0.wp.com\/luxonomy.net\/wp-content\/uploads\/2020\/07\/master-turismo-lujo-2026-2027.jpg?resize=1200%2C675&ssl=1 1200w, https:\/\/i0.wp.com\/luxonomy.net\/wp-content\/uploads\/2020\/07\/master-turismo-lujo-2026-2027.jpg?resize=85%2C48&ssl=1 85w\" sizes=\"(max-width: 1170px) 100vw, 1170px\" class=\"no-lazyload\" width=\"1672\" height=\"941\"   \/><\/a><\/div>\n<p>&#8220;Es un intercambio m\u00e1s que una colaboraci\u00f3n y, sobre todo, lo hicimos por amistad. [La campa\u00f1a] representa la belleza de la uni\u00f3n despu\u00e9s de este tiempo separados y una celebraci\u00f3n de las mujeres que tanto me han inspirado&#8221;, cuenta en el comunicado Kim Jones, director creativo de la divisi\u00f3n femenina de Fendi. Esas mujeres lucen en el clip, por supuesto, los looks y piezas m\u00e1s ic\u00f3nicos de una colaboraci\u00f3n que une los universos de ambas etiquetas.<\/p>\n<p>Las ic\u00f3nicas medusas y el estampado de pa\u00f1uelo de Versace se mezclan con la doble F que Karl Lagerfeld dise\u00f1\u00f3 en su momento para Fendi, e incluso, bolsos tan ic\u00f3nicos como el Peekaboo y Baguette se reinventan bajo los c\u00f3digos de la firma capitaneada por Donatella. Tal y como explicaron los dise\u00f1adores en su momento, Kim Jones y Silvia Venturini Fendi (al frente de las divisiones femenina y masculina de Fendi, respectivamente) se encargaron de dise\u00f1ar la parte correspondiente al universo deVersace y, Donatella, de reinterpretar Fendi. Un intercambio creativo cuyo m\u00e1ximo exponente son los accesorios que fusionan ambas etiquetas bajo el ya popular &#8216;Fendace&#8217;.<\/p>\n<p>La colecci\u00f3n se lanza el 12 de mayo y estar\u00e1 disponible al completo en distintas tiendas pop-ups localizadas en distintos puntos del globo. Adem\u00e1s, en las tiendas de Fendi podr\u00e1 adquirirse la parte de la colecci\u00f3n correspondiente a Versace by Fendi y, en la de Versace, la de Fendy by Versace. Los looks conjuntos con el logo &#8216;Fendace&#8217; se comercializar\u00e1n en los puntos de venta de ambas casas.<\/p>\n","protected":false},"excerpt":{"rendered":"<p>La colecci\u00f3n, que vio la luz en la semana de la moda de Mil\u00e1n el pasado septiembre, estar\u00e1 a la venta el pr\u00f3ximo 12 de mayo. Steven Meisel y Alex Maxwell capturan su esp\u00edritu en unas im\u00e1genes protagonizadas por las supermodelos de ayer y de hoy. La pasada semana de la moda de Mil\u00e1n termin\u00f3&hellip;<\/p>\n","protected":false},"author":10,"featured_media":21596,"comment_status":"open","ping_status":"open","sticky":false,"template":"","format":"standard","meta":{"_jetpack_newsletter_access":"","_jetpack_dont_email_post_to_subs":false,"_jetpack_newsletter_tier_id":0,"_jetpack_memberships_contains_paywalled_content":false,"_jetpack_feature_clip_id":0,"_jetpack_memberships_contains_paid_content":false,"footnotes":"","jetpack_publicize_message":"Fendace (Fendi\/Versace) estar\u00e1 disponible a partir del 12 de mayo.\r\n\r\nLa colecci\u00f3n, que vio la luz en la semana de la moda de Mil\u00e1n el pasado septiembre, estar\u00e1 a la venta el pr\u00f3ximo 12 de mayo. Steven Meisel y Alex Maxwell capturan su esp\u00edritu en unas im\u00e1genes protagonizadas por las supermodelos de ayer y de hoy.\r\n\r\n#luxonomy #fendi #versace #fendace #naomicampbell","jetpack_publicize_feature_enabled":true,"jetpack_social_post_already_shared":true,"jetpack_social_options":{"image_generator_settings":{"template":"edge","default_image_id":0,"font":"","enabled":false},"version":2},"jetpack_post_was_ever_published":false},"categories":[534],"tags":[1204,759,586,1203],"thb-sponsors":[],"class_list":["post-21595","post","type-post","status-publish","format-standard","has-post-thumbnail","hentry","category-moda","tag-fendace","tag-fendi","tag-moda","tag-versace"],"yoast_head":"<!-- This site is optimized with the Yoast SEO plugin v28.3 - https:\/\/yoast.com\/product\/yoast-seo-wordpress\/ -->\n<title>Fendace (Fendi\/Versace) estar\u00e1 disponible a partir del 12 de mayo | LUXONOMY<\/title>\n<meta name=\"robots\" content=\"index, follow, max-snippet:-1, max-image-preview:large, max-video-preview:-1\" \/>\n<link rel=\"canonical\" href=\"https:\/\/luxonomy.net\/es\/fendace-fendi-versace-estara-disponible-a-partir-del-12-de-mayo\/\" \/>\n<meta property=\"og:locale\" content=\"es_ES\" \/>\n<meta property=\"og:type\" content=\"article\" \/>\n<meta property=\"og:title\" content=\"Fendace (Fendi\/Versace) estar\u00e1 disponible a partir del 12 de mayo | LUXONOMY\" \/>\n<meta property=\"og:description\" content=\"La colecci\u00f3n, que vio la luz en la semana de la moda de Mil\u00e1n el pasado septiembre, estar\u00e1 a la venta el pr\u00f3ximo 12 de mayo. Steven Meisel y Alex Maxwell capturan su esp\u00edritu en unas im\u00e1genes protagonizadas por las supermodelos de ayer y de hoy. La pasada semana de la moda de Mil\u00e1n termin\u00f3&hellip;\" \/>\n<meta property=\"og:url\" content=\"https:\/\/luxonomy.net\/es\/fendace-fendi-versace-estara-disponible-a-partir-del-12-de-mayo\/\" \/>\n<meta property=\"og:site_name\" content=\"LUXONOMY\" \/>\n<meta property=\"article:publisher\" content=\"https:\/\/www.facebook.com\/luxonomy\" \/>\n<meta property=\"article:published_time\" content=\"2022-04-29T11:38:00+00:00\" \/>\n<meta property=\"og:image\" content=\"https:\/\/i0.wp.com\/luxonomy.net\/wp-content\/uploads\/2022\/04\/fendace-adv-campaign-fendi-by-versace-by-steven-meisel-1651145769-scaled.webp?fit=2560%2C1440&quality=80&ssl=1\" \/>\n\t<meta property=\"og:image:width\" content=\"2560\" \/>\n\t<meta property=\"og:image:height\" content=\"1440\" \/>\n\t<meta property=\"og:image:type\" content=\"image\/webp\" \/>\n<meta name=\"author\" content=\"Chiara Gabardi\" \/>\n<meta name=\"twitter:card\" content=\"summary_large_image\" \/>\n<meta name=\"twitter:label1\" content=\"Escrito por\" \/>\n\t<meta name=\"twitter:data1\" content=\"Chiara Gabardi\" \/>\n\t<meta name=\"twitter:label2\" content=\"Tiempo de lectura\" \/>\n\t<meta name=\"twitter:data2\" content=\"3 minutos\" \/>\n<script type=\"application\/ld+json\" class=\"yoast-schema-graph\">{\"@context\":\"https:\\\/\\\/schema.org\",\"@graph\":[{\"@type\":\"Article\",\"@id\":\"https:\\\/\\\/luxonomy.net\\\/es\\\/fendace-fendi-versace-estara-disponible-a-partir-del-12-de-mayo\\\/#article\",\"isPartOf\":{\"@id\":\"https:\\\/\\\/luxonomy.net\\\/es\\\/fendace-fendi-versace-estara-disponible-a-partir-del-12-de-mayo\\\/\"},\"author\":{\"name\":\"Chiara Gabardi\",\"@id\":\"https:\\\/\\\/luxonomy.net\\\/es\\\/#\\\/schema\\\/person\\\/9d526ffe93a0cc9cecc91760f49da3ef\"},\"headline\":\"Fendace (Fendi\\\/Versace) estar\u00e1 disponible a partir del 12 de mayo\",\"datePublished\":\"2022-04-29T11:38:00+00:00\",\"mainEntityOfPage\":{\"@id\":\"https:\\\/\\\/luxonomy.net\\\/es\\\/fendace-fendi-versace-estara-disponible-a-partir-del-12-de-mayo\\\/\"},\"wordCount\":534,\"commentCount\":0,\"publisher\":{\"@id\":\"https:\\\/\\\/luxonomy.net\\\/es\\\/#organization\"},\"image\":{\"@id\":\"https:\\\/\\\/luxonomy.net\\\/es\\\/fendace-fendi-versace-estara-disponible-a-partir-del-12-de-mayo\\\/#primaryimage\"},\"thumbnailUrl\":\"https:\\\/\\\/i0.wp.com\\\/luxonomy.net\\\/wp-content\\\/uploads\\\/2022\\\/04\\\/fendace-adv-campaign-fendi-by-versace-by-steven-meisel-1651145769-scaled.webp?fit=2560%2C1440&ssl=1\",\"keywords\":[\"Fendace\",\"Fendi\",\"Moda\",\"Versace\"],\"articleSection\":[\"Moda\"],\"inLanguage\":\"es\",\"potentialAction\":[{\"@type\":\"CommentAction\",\"name\":\"Comment\",\"target\":[\"https:\\\/\\\/luxonomy.net\\\/es\\\/fendace-fendi-versace-estara-disponible-a-partir-del-12-de-mayo\\\/#respond\"]}]},{\"@type\":\"WebPage\",\"@id\":\"https:\\\/\\\/luxonomy.net\\\/es\\\/fendace-fendi-versace-estara-disponible-a-partir-del-12-de-mayo\\\/\",\"url\":\"https:\\\/\\\/luxonomy.net\\\/es\\\/fendace-fendi-versace-estara-disponible-a-partir-del-12-de-mayo\\\/\",\"name\":\"Fendace (Fendi\\\/Versace) estar\u00e1 disponible a partir del 12 de mayo | LUXONOMY\",\"isPartOf\":{\"@id\":\"https:\\\/\\\/luxonomy.net\\\/es\\\/#website\"},\"primaryImageOfPage\":{\"@id\":\"https:\\\/\\\/luxonomy.net\\\/es\\\/fendace-fendi-versace-estara-disponible-a-partir-del-12-de-mayo\\\/#primaryimage\"},\"image\":{\"@id\":\"https:\\\/\\\/luxonomy.net\\\/es\\\/fendace-fendi-versace-estara-disponible-a-partir-del-12-de-mayo\\\/#primaryimage\"},\"thumbnailUrl\":\"https:\\\/\\\/i0.wp.com\\\/luxonomy.net\\\/wp-content\\\/uploads\\\/2022\\\/04\\\/fendace-adv-campaign-fendi-by-versace-by-steven-meisel-1651145769-scaled.webp?fit=2560%2C1440&ssl=1\",\"datePublished\":\"2022-04-29T11:38:00+00:00\",\"breadcrumb\":{\"@id\":\"https:\\\/\\\/luxonomy.net\\\/es\\\/fendace-fendi-versace-estara-disponible-a-partir-del-12-de-mayo\\\/#breadcrumb\"},\"inLanguage\":\"es\",\"potentialAction\":[{\"@type\":\"ReadAction\",\"target\":[\"https:\\\/\\\/luxonomy.net\\\/es\\\/fendace-fendi-versace-estara-disponible-a-partir-del-12-de-mayo\\\/\"]}]},{\"@type\":\"ImageObject\",\"inLanguage\":\"es\",\"@id\":\"https:\\\/\\\/luxonomy.net\\\/es\\\/fendace-fendi-versace-estara-disponible-a-partir-del-12-de-mayo\\\/#primaryimage\",\"url\":\"https:\\\/\\\/i0.wp.com\\\/luxonomy.net\\\/wp-content\\\/uploads\\\/2022\\\/04\\\/fendace-adv-campaign-fendi-by-versace-by-steven-meisel-1651145769-scaled.webp?fit=2560%2C1440&ssl=1\",\"contentUrl\":\"https:\\\/\\\/i0.wp.com\\\/luxonomy.net\\\/wp-content\\\/uploads\\\/2022\\\/04\\\/fendace-adv-campaign-fendi-by-versace-by-steven-meisel-1651145769-scaled.webp?fit=2560%2C1440&ssl=1\",\"width\":2560,\"height\":1440},{\"@type\":\"BreadcrumbList\",\"@id\":\"https:\\\/\\\/luxonomy.net\\\/es\\\/fendace-fendi-versace-estara-disponible-a-partir-del-12-de-mayo\\\/#breadcrumb\",\"itemListElement\":[{\"@type\":\"ListItem\",\"position\":1,\"name\":\"Portada\",\"item\":\"https:\\\/\\\/luxonomy.net\\\/es\\\/\"},{\"@type\":\"ListItem\",\"position\":2,\"name\":\"Fendace (Fendi\\\/Versace) estar\u00e1 disponible a partir del 12 de mayo\"}]},{\"@type\":\"WebSite\",\"@id\":\"https:\\\/\\\/luxonomy.net\\\/es\\\/#website\",\"url\":\"https:\\\/\\\/luxonomy.net\\\/es\\\/\",\"name\":\"LUXONOMY\",\"description\":\"The Economy of Fashion &amp; Luxury\",\"publisher\":{\"@id\":\"https:\\\/\\\/luxonomy.net\\\/es\\\/#organization\"},\"potentialAction\":[{\"@type\":\"SearchAction\",\"target\":{\"@type\":\"EntryPoint\",\"urlTemplate\":\"https:\\\/\\\/luxonomy.net\\\/es\\\/?s={search_term_string}\"},\"query-input\":{\"@type\":\"PropertyValueSpecification\",\"valueRequired\":true,\"valueName\":\"search_term_string\"}}],\"inLanguage\":\"es\"},{\"@type\":\"Organization\",\"@id\":\"https:\\\/\\\/luxonomy.net\\\/es\\\/#organization\",\"name\":\"LUXONOMY\",\"url\":\"https:\\\/\\\/luxonomy.net\\\/es\\\/\",\"logo\":{\"@type\":\"ImageObject\",\"inLanguage\":\"es\",\"@id\":\"https:\\\/\\\/luxonomy.net\\\/es\\\/#\\\/schema\\\/logo\\\/image\\\/\",\"url\":\"https:\\\/\\\/i2.wp.com\\\/luxonomy.net\\\/wp-content\\\/uploads\\\/2021\\\/09\\\/MOCKUP-TODOS-LUXONOMY.jpg?fit=1000%2C515&ssl=1\",\"contentUrl\":\"https:\\\/\\\/i2.wp.com\\\/luxonomy.net\\\/wp-content\\\/uploads\\\/2021\\\/09\\\/MOCKUP-TODOS-LUXONOMY.jpg?fit=1000%2C515&ssl=1\",\"width\":1000,\"height\":515,\"caption\":\"LUXONOMY\"},\"image\":{\"@id\":\"https:\\\/\\\/luxonomy.net\\\/es\\\/#\\\/schema\\\/logo\\\/image\\\/\"},\"sameAs\":[\"https:\\\/\\\/www.facebook.com\\\/luxonomy\",\"https:\\\/\\\/www.instagram.com\\\/luxonomy\\\/\",\"https:\\\/\\\/www.linkedin.com\\\/company\\\/luxonomy\\\/\"]},{\"@type\":\"Person\",\"@id\":\"https:\\\/\\\/luxonomy.net\\\/es\\\/#\\\/schema\\\/person\\\/9d526ffe93a0cc9cecc91760f49da3ef\",\"name\":\"Chiara Gabardi\",\"image\":{\"@type\":\"ImageObject\",\"inLanguage\":\"es\",\"@id\":\"https:\\\/\\\/luxonomy.net\\\/wp-content\\\/litespeed\\\/avatar\\\/548640c4e2c34544e66c65ab1641a5d7.jpg?ver=1787976300\",\"url\":\"https:\\\/\\\/luxonomy.net\\\/wp-content\\\/litespeed\\\/avatar\\\/548640c4e2c34544e66c65ab1641a5d7.jpg?ver=1787976300\",\"contentUrl\":\"https:\\\/\\\/luxonomy.net\\\/wp-content\\\/litespeed\\\/avatar\\\/548640c4e2c34544e66c65ab1641a5d7.jpg?ver=1787976300\",\"caption\":\"Chiara Gabardi\"},\"description\":\"Editor at LUXONOMY\u2122 Group\",\"url\":\"https:\\\/\\\/luxonomy.net\\\/es\\\/author\\\/chiara-gabardi\\\/\"}]}<\/script>\n<!-- \/ Yoast SEO plugin. -->","yoast_head_json":{"title":"Fendace (Fendi\/Versace) estar\u00e1 disponible a partir del 12 de mayo | LUXONOMY","robots":{"index":"index","follow":"follow","max-snippet":"max-snippet:-1","max-image-preview":"max-image-preview:large","max-video-preview":"max-video-preview:-1"},"canonical":"https:\/\/luxonomy.net\/es\/fendace-fendi-versace-estara-disponible-a-partir-del-12-de-mayo\/","og_locale":"es_ES","og_type":"article","og_title":"Fendace (Fendi\/Versace) estar\u00e1 disponible a partir del 12 de mayo | LUXONOMY","og_description":"La colecci\u00f3n, que vio la luz en la semana de la moda de Mil\u00e1n el pasado septiembre, estar\u00e1 a la venta el pr\u00f3ximo 12 de mayo. Steven Meisel y Alex Maxwell capturan su esp\u00edritu en unas im\u00e1genes protagonizadas por las supermodelos de ayer y de hoy. La pasada semana de la moda de Mil\u00e1n termin\u00f3&hellip;","og_url":"https:\/\/luxonomy.net\/es\/fendace-fendi-versace-estara-disponible-a-partir-del-12-de-mayo\/","og_site_name":"LUXONOMY","article_publisher":"https:\/\/www.facebook.com\/luxonomy","article_published_time":"2022-04-29T11:38:00+00:00","og_image":[{"width":2560,"height":1440,"url":"https:\/\/i0.wp.com\/luxonomy.net\/wp-content\/uploads\/2022\/04\/fendace-adv-campaign-fendi-by-versace-by-steven-meisel-1651145769-scaled.webp?fit=2560%2C1440&quality=80&ssl=1","type":"image\/webp"}],"author":"Chiara Gabardi","twitter_card":"summary_large_image","twitter_misc":{"Escrito por":"Chiara Gabardi","Tiempo de lectura":"3 minutos"},"schema":{"@context":"https:\/\/schema.org","@graph":[{"@type":"Article","@id":"https:\/\/luxonomy.net\/es\/fendace-fendi-versace-estara-disponible-a-partir-del-12-de-mayo\/#article","isPartOf":{"@id":"https:\/\/luxonomy.net\/es\/fendace-fendi-versace-estara-disponible-a-partir-del-12-de-mayo\/"},"author":{"name":"Chiara Gabardi","@id":"https:\/\/luxonomy.net\/es\/#\/schema\/person\/9d526ffe93a0cc9cecc91760f49da3ef"},"headline":"Fendace (Fendi\/Versace) estar\u00e1 disponible a partir del 12 de mayo","datePublished":"2022-04-29T11:38:00+00:00","mainEntityOfPage":{"@id":"https:\/\/luxonomy.net\/es\/fendace-fendi-versace-estara-disponible-a-partir-del-12-de-mayo\/"},"wordCount":534,"commentCount":0,"publisher":{"@id":"https:\/\/luxonomy.net\/es\/#organization"},"image":{"@id":"https:\/\/luxonomy.net\/es\/fendace-fendi-versace-estara-disponible-a-partir-del-12-de-mayo\/#primaryimage"},"thumbnailUrl":"https:\/\/i0.wp.com\/luxonomy.net\/wp-content\/uploads\/2022\/04\/fendace-adv-campaign-fendi-by-versace-by-steven-meisel-1651145769-scaled.webp?fit=2560%2C1440&ssl=1","keywords":["Fendace","Fendi","Moda","Versace"],"articleSection":["Moda"],"inLanguage":"es","potentialAction":[{"@type":"CommentAction","name":"Comment","target":["https:\/\/luxonomy.net\/es\/fendace-fendi-versace-estara-disponible-a-partir-del-12-de-mayo\/#respond"]}]},{"@type":"WebPage","@id":"https:\/\/luxonomy.net\/es\/fendace-fendi-versace-estara-disponible-a-partir-del-12-de-mayo\/","url":"https:\/\/luxonomy.net\/es\/fendace-fendi-versace-estara-disponible-a-partir-del-12-de-mayo\/","name":"Fendace (Fendi\/Versace) estar\u00e1 disponible a partir del 12 de mayo | LUXONOMY","isPartOf":{"@id":"https:\/\/luxonomy.net\/es\/#website"},"primaryImageOfPage":{"@id":"https:\/\/luxonomy.net\/es\/fendace-fendi-versace-estara-disponible-a-partir-del-12-de-mayo\/#primaryimage"},"image":{"@id":"https:\/\/luxonomy.net\/es\/fendace-fendi-versace-estara-disponible-a-partir-del-12-de-mayo\/#primaryimage"},"thumbnailUrl":"https:\/\/i0.wp.com\/luxonomy.net\/wp-content\/uploads\/2022\/04\/fendace-adv-campaign-fendi-by-versace-by-steven-meisel-1651145769-scaled.webp?fit=2560%2C1440&ssl=1","datePublished":"2022-04-29T11:38:00+00:00","breadcrumb":{"@id":"https:\/\/luxonomy.net\/es\/fendace-fendi-versace-estara-disponible-a-partir-del-12-de-mayo\/#breadcrumb"},"inLanguage":"es","potentialAction":[{"@type":"ReadAction","target":["https:\/\/luxonomy.net\/es\/fendace-fendi-versace-estara-disponible-a-partir-del-12-de-mayo\/"]}]},{"@type":"ImageObject","inLanguage":"es","@id":"https:\/\/luxonomy.net\/es\/fendace-fendi-versace-estara-disponible-a-partir-del-12-de-mayo\/#primaryimage","url":"https:\/\/i0.wp.com\/luxonomy.net\/wp-content\/uploads\/2022\/04\/fendace-adv-campaign-fendi-by-versace-by-steven-meisel-1651145769-scaled.webp?fit=2560%2C1440&ssl=1","contentUrl":"https:\/\/i0.wp.com\/luxonomy.net\/wp-content\/uploads\/2022\/04\/fendace-adv-campaign-fendi-by-versace-by-steven-meisel-1651145769-scaled.webp?fit=2560%2C1440&ssl=1","width":2560,"height":1440},{"@type":"BreadcrumbList","@id":"https:\/\/luxonomy.net\/es\/fendace-fendi-versace-estara-disponible-a-partir-del-12-de-mayo\/#breadcrumb","itemListElement":[{"@type":"ListItem","position":1,"name":"Portada","item":"https:\/\/luxonomy.net\/es\/"},{"@type":"ListItem","position":2,"name":"Fendace (Fendi\/Versace) estar\u00e1 disponible a partir del 12 de mayo"}]},{"@type":"WebSite","@id":"https:\/\/luxonomy.net\/es\/#website","url":"https:\/\/luxonomy.net\/es\/","name":"LUXONOMY","description":"The Economy of Fashion &amp; Luxury","publisher":{"@id":"https:\/\/luxonomy.net\/es\/#organization"},"potentialAction":[{"@type":"SearchAction","target":{"@type":"EntryPoint","urlTemplate":"https:\/\/luxonomy.net\/es\/?s={search_term_string}"},"query-input":{"@type":"PropertyValueSpecification","valueRequired":true,"valueName":"search_term_string"}}],"inLanguage":"es"},{"@type":"Organization","@id":"https:\/\/luxonomy.net\/es\/#organization","name":"LUXONOMY","url":"https:\/\/luxonomy.net\/es\/","logo":{"@type":"ImageObject","inLanguage":"es","@id":"https:\/\/luxonomy.net\/es\/#\/schema\/logo\/image\/","url":"https:\/\/i2.wp.com\/luxonomy.net\/wp-content\/uploads\/2021\/09\/MOCKUP-TODOS-LUXONOMY.jpg?fit=1000%2C515&ssl=1","contentUrl":"https:\/\/i2.wp.com\/luxonomy.net\/wp-content\/uploads\/2021\/09\/MOCKUP-TODOS-LUXONOMY.jpg?fit=1000%2C515&ssl=1","width":1000,"height":515,"caption":"LUXONOMY"},"image":{"@id":"https:\/\/luxonomy.net\/es\/#\/schema\/logo\/image\/"},"sameAs":["https:\/\/www.facebook.com\/luxonomy","https:\/\/www.instagram.com\/luxonomy\/","https:\/\/www.linkedin.com\/company\/luxonomy\/"]},{"@type":"Person","@id":"https:\/\/luxonomy.net\/es\/#\/schema\/person\/9d526ffe93a0cc9cecc91760f49da3ef","name":"Chiara Gabardi","image":{"@type":"ImageObject","inLanguage":"es","@id":"https:\/\/luxonomy.net\/wp-content\/litespeed\/avatar\/548640c4e2c34544e66c65ab1641a5d7.jpg?ver=1787976300","url":"https:\/\/luxonomy.net\/wp-content\/litespeed\/avatar\/548640c4e2c34544e66c65ab1641a5d7.jpg?ver=1787976300","contentUrl":"https:\/\/luxonomy.net\/wp-content\/litespeed\/avatar\/548640c4e2c34544e66c65ab1641a5d7.jpg?ver=1787976300","caption":"Chiara Gabardi"},"description":"Editor at LUXONOMY\u2122 Group","url":"https:\/\/luxonomy.net\/es\/author\/chiara-gabardi\/"}]}},"jetpack_publicize_connections":[],"jetpack_shortlink":"https:\/\/wp.me\/paPhBa-5Cj","jetpack_sharing_enabled":true,"jetpack_featured_media_url":"https:\/\/i0.wp.com\/luxonomy.net\/wp-content\/uploads\/2022\/04\/fendace-adv-campaign-fendi-by-versace-by-steven-meisel-1651145769-scaled.webp?fit=2560%2C1440&ssl=1","_links":{"self":[{"href":"https:\/\/luxonomy.net\/es\/wp-json\/wp\/v2\/posts\/21595","targetHints":{"allow":["GET"]}}],"collection":[{"href":"https:\/\/luxonomy.net\/es\/wp-json\/wp\/v2\/posts"}],"about":[{"href":"https:\/\/luxonomy.net\/es\/wp-json\/wp\/v2\/types\/post"}],"author":[{"embeddable":true,"href":"https:\/\/luxonomy.net\/es\/wp-json\/wp\/v2\/users\/10"}],"replies":[{"embeddable":true,"href":"https:\/\/luxonomy.net\/es\/wp-json\/wp\/v2\/comments?post=21595"}],"version-history":[{"count":1,"href":"https:\/\/luxonomy.net\/es\/wp-json\/wp\/v2\/posts\/21595\/revisions"}],"predecessor-version":[{"id":21597,"href":"https:\/\/luxonomy.net\/es\/wp-json\/wp\/v2\/posts\/21595\/revisions\/21597"}],"wp:featuredmedia":[{"embeddable":true,"href":"https:\/\/luxonomy.net\/es\/wp-json\/wp\/v2\/media\/21596"}],"wp:attachment":[{"href":"https:\/\/luxonomy.net\/es\/wp-json\/wp\/v2\/media?parent=21595"}],"wp:term":[{"taxonomy":"category","embeddable":true,"href":"https:\/\/luxonomy.net\/es\/wp-json\/wp\/v2\/categories?post=21595"},{"taxonomy":"post_tag","embeddable":true,"href":"https:\/\/luxonomy.net\/es\/wp-json\/wp\/v2\/tags?post=21595"},{"taxonomy":"thb-sponsors","embeddable":true,"href":"https:\/\/luxonomy.net\/es\/wp-json\/wp\/v2\/thb-sponsors?post=21595"}],"curies":[{"name":"wp","href":"https:\/\/api.w.org\/{rel}","templated":true}]}}