{"id":21578,"date":"2022-04-29T11:57:45","date_gmt":"2022-04-29T09:57:45","guid":{"rendered":"https:\/?p=21578"},"modified":"2022-04-29T12:01:40","modified_gmt":"2022-04-29T10:01:40","slug":"moda-y-tecnologia-hacia-una-relacion-sostenible-2","status":"publish","type":"post","link":"https:\/\/luxonomy.net\/es\/moda-y-tecnologia-hacia-una-relacion-sostenible-2\/","title":{"rendered":"Moda y Tecnolog\u00eda: hacia una relaci\u00f3n sostenible"},"content":{"rendered":"<p><strong>M\u00e1s de 7.500 personas<\/strong> asistieron ayer en <strong>directo<\/strong> al evento <strong>LUXONOMY LIVE &#8220;Moda y Tecnolog\u00eda: hacia una relaci\u00f3n sostenible&#8221;<\/strong> celebrado ayer <strong>simult\u00e1neamente en YouTube, Linkedin, Facebook, Twitter y Twitch<\/strong>.<\/p>\n<p>Con la participaci\u00f3n de Helena Bermudez de Castro (directora de comunicaci\u00f3n para Espa\u00f1a y Portugal de Chopard), Mar\u00eda Jes\u00fas Dehesa P\u00e9rez (Responsable del departamento global de Moda&amp;Lujo de ONTIER), Alvaro Barro (Responsable de Banking &amp; Finance de ONTIER) y Claudia Pievani (CEO &amp; Founder de Miomojo), durante no m\u00e1s de 45 minutos, pudimos descubrir algunas de las claves de la fabricaci\u00f3n \u00e9tica en joyer\u00eda, los beneficios de los bonos sostenibles, materiales innovadores en la fabricaci\u00f3n de moda&#8230;<\/p>\n<p>La semana que viene se entregar\u00e1 el Certificado de Participaci\u00f3n por LUXONOMY INSTITUTE a todas las personas que lo solicitaron previamente.<\/p><div id=\"luxon-154834813\" class=\"luxon-3er-parrafo luxon-entity-placement\" style=\"margin-top: 20px;margin-bottom: 20px;margin-left: auto;margin-right: auto;text-align: center;\"><a href=\"https:\/\/luxonomy.university\/course\/master-turismo-de-lujo\" target=\"_blank\" aria-label=\"master-turismo-lujo-2026-2027\"><img loading=\"lazy\" decoding=\"async\" src=\"https:\/\/i0.wp.com\/luxonomy.net\/wp-content\/uploads\/2020\/07\/master-turismo-lujo-2026-2027.jpg?fit=1672%2C941&#038;ssl=1\" alt=\"\"  srcset=\"https:\/\/i0.wp.com\/luxonomy.net\/wp-content\/uploads\/2020\/07\/master-turismo-lujo-2026-2027.jpg?w=1672&ssl=1 1672w, https:\/\/i0.wp.com\/luxonomy.net\/wp-content\/uploads\/2020\/07\/master-turismo-lujo-2026-2027.jpg?resize=300%2C169&ssl=1 300w, https:\/\/i0.wp.com\/luxonomy.net\/wp-content\/uploads\/2020\/07\/master-turismo-lujo-2026-2027.jpg?resize=1024%2C576&ssl=1 1024w, https:\/\/i0.wp.com\/luxonomy.net\/wp-content\/uploads\/2020\/07\/master-turismo-lujo-2026-2027.jpg?resize=768%2C432&ssl=1 768w, https:\/\/i0.wp.com\/luxonomy.net\/wp-content\/uploads\/2020\/07\/master-turismo-lujo-2026-2027.jpg?resize=1536%2C864&ssl=1 1536w, https:\/\/i0.wp.com\/luxonomy.net\/wp-content\/uploads\/2020\/07\/master-turismo-lujo-2026-2027.jpg?resize=370%2C208&ssl=1 370w, https:\/\/i0.wp.com\/luxonomy.net\/wp-content\/uploads\/2020\/07\/master-turismo-lujo-2026-2027.jpg?resize=800%2C450&ssl=1 800w, https:\/\/i0.wp.com\/luxonomy.net\/wp-content\/uploads\/2020\/07\/master-turismo-lujo-2026-2027.jpg?resize=20%2C11&ssl=1 20w, https:\/\/i0.wp.com\/luxonomy.net\/wp-content\/uploads\/2020\/07\/master-turismo-lujo-2026-2027.jpg?resize=740%2C416&ssl=1 740w, https:\/\/i0.wp.com\/luxonomy.net\/wp-content\/uploads\/2020\/07\/master-turismo-lujo-2026-2027.jpg?resize=1600%2C900&ssl=1 1600w, https:\/\/i0.wp.com\/luxonomy.net\/wp-content\/uploads\/2020\/07\/master-turismo-lujo-2026-2027.jpg?resize=1200%2C675&ssl=1 1200w, https:\/\/i0.wp.com\/luxonomy.net\/wp-content\/uploads\/2020\/07\/master-turismo-lujo-2026-2027.jpg?resize=85%2C48&ssl=1 85w\" sizes=\"(max-width: 1170px) 100vw, 1170px\" class=\"no-lazyload\" width=\"1672\" height=\"941\"   \/><\/a><\/div>\n<p>Al terminar se ha abierto desde <a href=\"https:\/\/luxuryfashionrevolution.com\" target=\"_blank\" rel=\"noopener\">luxuryfashionrevolution.com<\/a> un espacio online privado para poder comentar y contactar con los ponentes y todos los asistentes. Se ha creado para fomentar contactos, reuniones, negocios\u2026 de forma gratuita para todos, y todo el a\u00f1o.<\/p>\n","protected":false},"excerpt":{"rendered":"<p>M\u00e1s de 7.500 personas asistieron ayer en directo al evento LUXONOMY LIVE &#8220;Moda y Tecnolog\u00eda: hacia una relaci\u00f3n sostenible&#8221; celebrado ayer simult\u00e1neamente en YouTube, Linkedin, Facebook, Twitter y Twitch. Con la participaci\u00f3n de Helena Bermudez de Castro (directora de comunicaci\u00f3n para Espa\u00f1a y Portugal de Chopard), Mar\u00eda Jes\u00fas Dehesa P\u00e9rez (Responsable del departamento global de&hellip;<\/p>\n","protected":false},"author":1,"featured_media":21580,"comment_status":"open","ping_status":"open","sticky":false,"template":"","format":"video","meta":{"_jetpack_newsletter_access":"","_jetpack_dont_email_post_to_subs":false,"_jetpack_newsletter_tier_id":0,"_jetpack_memberships_contains_paywalled_content":false,"_jetpack_feature_clip_id":0,"_jetpack_memberships_contains_paid_content":false,"footnotes":"","jetpack_publicize_message":"Moda y Tecnolog\u00eda: hacia una relaci\u00f3n sostenible.\r\n\r\nM\u00e1s de 7.500 personas asistieron ayer en directo al evento LUXONOMY LIVE \"Moda y Tecnolog\u00eda: hacia una relaci\u00f3n sostenible\" celebrado ayer simult\u00e1neamente en YouTube, Linkedin, Facebook, Twitter y Twitch.\r\n\r\n#luxonomy #eventos #luxonomylive","jetpack_publicize_feature_enabled":true,"jetpack_social_post_already_shared":true,"jetpack_social_options":{"image_generator_settings":{"template":"edge","default_image_id":0,"font":"","enabled":false},"version":2},"jetpack_post_was_ever_published":false},"categories":[227],"tags":[228,1536],"thb-sponsors":[],"class_list":["post-21578","post","type-post","status-publish","format-video","has-post-thumbnail","hentry","category-eventos","tag-eventos","tag-luxonomy-live","post_format-post-format-video"],"yoast_head":"<!-- This site is optimized with the Yoast SEO plugin v28.4 - https:\/\/yoast.com\/product\/yoast-seo-wordpress\/ -->\n<title>Moda y Tecnolog\u00eda: hacia una relaci\u00f3n sostenible | LUXONOMY<\/title>\n<meta name=\"robots\" content=\"index, follow, max-snippet:-1, max-image-preview:large, max-video-preview:-1\" \/>\n<link rel=\"canonical\" href=\"https:\/\/luxonomy.net\/es\/moda-y-tecnologia-hacia-una-relacion-sostenible-2\/\" \/>\n<meta property=\"og:locale\" content=\"es_ES\" \/>\n<meta property=\"og:type\" content=\"article\" \/>\n<meta property=\"og:title\" content=\"Moda y Tecnolog\u00eda: hacia una relaci\u00f3n sostenible | LUXONOMY\" \/>\n<meta property=\"og:description\" content=\"M\u00e1s de 7.500 personas asistieron ayer en directo al evento LUXONOMY LIVE &#8220;Moda y Tecnolog\u00eda: hacia una relaci\u00f3n sostenible&#8221; celebrado ayer simult\u00e1neamente en YouTube, Linkedin, Facebook, Twitter y Twitch. Con la participaci\u00f3n de Helena Bermudez de Castro (directora de comunicaci\u00f3n para Espa\u00f1a y Portugal de Chopard), Mar\u00eda Jes\u00fas Dehesa P\u00e9rez (Responsable del departamento global de&hellip;\" \/>\n<meta property=\"og:url\" content=\"https:\/\/luxonomy.net\/es\/moda-y-tecnologia-hacia-una-relacion-sostenible-2\/\" \/>\n<meta property=\"og:site_name\" content=\"LUXONOMY\" \/>\n<meta property=\"article:publisher\" content=\"https:\/\/www.facebook.com\/luxonomy\" \/>\n<meta property=\"article:published_time\" content=\"2022-04-29T09:57:45+00:00\" \/>\n<meta property=\"article:modified_time\" content=\"2022-04-29T10:01:40+00:00\" \/>\n<meta property=\"og:image\" content=\"https:\/\/i0.wp.com\/luxonomy.net\/wp-content\/uploads\/2022\/04\/Captura-de-pantalla-2022-04-29-a-las-11.53.59.jpg?fit=900%2C505&quality=89&ssl=1\" \/>\n\t<meta property=\"og:image:width\" content=\"900\" \/>\n\t<meta property=\"og:image:height\" content=\"505\" \/>\n\t<meta property=\"og:image:type\" content=\"image\/jpeg\" \/>\n<meta name=\"author\" content=\"LUXONOMY\" \/>\n<meta name=\"twitter:card\" content=\"summary_large_image\" \/>\n<meta name=\"twitter:label1\" content=\"Escrito por\" \/>\n\t<meta name=\"twitter:data1\" content=\"LUXONOMY\" \/>\n\t<meta name=\"twitter:label2\" content=\"Tiempo de lectura\" \/>\n\t<meta name=\"twitter:data2\" content=\"1 minuto\" \/>\n<script type=\"application\/ld+json\" class=\"yoast-schema-graph\">{\"@context\":\"https:\\\/\\\/schema.org\",\"@graph\":[{\"@type\":\"Article\",\"@id\":\"https:\\\/\\\/luxonomy.net\\\/es\\\/moda-y-tecnologia-hacia-una-relacion-sostenible-2\\\/#article\",\"isPartOf\":{\"@id\":\"https:\\\/\\\/luxonomy.net\\\/es\\\/moda-y-tecnologia-hacia-una-relacion-sostenible-2\\\/\"},\"author\":{\"name\":\"LUXONOMY\",\"@id\":\"https:\\\/\\\/luxonomy.net\\\/es\\\/#\\\/schema\\\/person\\\/c5b6009a752bcc03b6b0a35b41e0ce40\"},\"headline\":\"Moda y Tecnolog\u00eda: hacia una relaci\u00f3n sostenible\",\"datePublished\":\"2022-04-29T09:57:45+00:00\",\"dateModified\":\"2022-04-29T10:01:40+00:00\",\"mainEntityOfPage\":{\"@id\":\"https:\\\/\\\/luxonomy.net\\\/es\\\/moda-y-tecnologia-hacia-una-relacion-sostenible-2\\\/\"},\"wordCount\":193,\"commentCount\":0,\"publisher\":{\"@id\":\"https:\\\/\\\/luxonomy.net\\\/es\\\/#organization\"},\"image\":{\"@id\":\"https:\\\/\\\/luxonomy.net\\\/es\\\/moda-y-tecnologia-hacia-una-relacion-sostenible-2\\\/#primaryimage\"},\"thumbnailUrl\":\"https:\\\/\\\/i0.wp.com\\\/luxonomy.net\\\/wp-content\\\/uploads\\\/2022\\\/04\\\/Captura-de-pantalla-2022-04-29-a-las-11.53.59.jpg?fit=900%2C505&ssl=1\",\"keywords\":[\"Eventos\",\"LUXONOMY LIVE\"],\"articleSection\":[\"Eventos\"],\"inLanguage\":\"es\",\"potentialAction\":[{\"@type\":\"CommentAction\",\"name\":\"Comment\",\"target\":[\"https:\\\/\\\/luxonomy.net\\\/es\\\/moda-y-tecnologia-hacia-una-relacion-sostenible-2\\\/#respond\"]}]},{\"@type\":\"WebPage\",\"@id\":\"https:\\\/\\\/luxonomy.net\\\/es\\\/moda-y-tecnologia-hacia-una-relacion-sostenible-2\\\/\",\"url\":\"https:\\\/\\\/luxonomy.net\\\/es\\\/moda-y-tecnologia-hacia-una-relacion-sostenible-2\\\/\",\"name\":\"Moda y Tecnolog\u00eda: hacia una relaci\u00f3n sostenible | LUXONOMY\",\"isPartOf\":{\"@id\":\"https:\\\/\\\/luxonomy.net\\\/es\\\/#website\"},\"primaryImageOfPage\":{\"@id\":\"https:\\\/\\\/luxonomy.net\\\/es\\\/moda-y-tecnologia-hacia-una-relacion-sostenible-2\\\/#primaryimage\"},\"image\":{\"@id\":\"https:\\\/\\\/luxonomy.net\\\/es\\\/moda-y-tecnologia-hacia-una-relacion-sostenible-2\\\/#primaryimage\"},\"thumbnailUrl\":\"https:\\\/\\\/i0.wp.com\\\/luxonomy.net\\\/wp-content\\\/uploads\\\/2022\\\/04\\\/Captura-de-pantalla-2022-04-29-a-las-11.53.59.jpg?fit=900%2C505&ssl=1\",\"datePublished\":\"2022-04-29T09:57:45+00:00\",\"dateModified\":\"2022-04-29T10:01:40+00:00\",\"breadcrumb\":{\"@id\":\"https:\\\/\\\/luxonomy.net\\\/es\\\/moda-y-tecnologia-hacia-una-relacion-sostenible-2\\\/#breadcrumb\"},\"inLanguage\":\"es\",\"potentialAction\":[{\"@type\":\"ReadAction\",\"target\":[\"https:\\\/\\\/luxonomy.net\\\/es\\\/moda-y-tecnologia-hacia-una-relacion-sostenible-2\\\/\"]}]},{\"@type\":\"ImageObject\",\"inLanguage\":\"es\",\"@id\":\"https:\\\/\\\/luxonomy.net\\\/es\\\/moda-y-tecnologia-hacia-una-relacion-sostenible-2\\\/#primaryimage\",\"url\":\"https:\\\/\\\/i0.wp.com\\\/luxonomy.net\\\/wp-content\\\/uploads\\\/2022\\\/04\\\/Captura-de-pantalla-2022-04-29-a-las-11.53.59.jpg?fit=900%2C505&ssl=1\",\"contentUrl\":\"https:\\\/\\\/i0.wp.com\\\/luxonomy.net\\\/wp-content\\\/uploads\\\/2022\\\/04\\\/Captura-de-pantalla-2022-04-29-a-las-11.53.59.jpg?fit=900%2C505&ssl=1\",\"width\":900,\"height\":505},{\"@type\":\"BreadcrumbList\",\"@id\":\"https:\\\/\\\/luxonomy.net\\\/es\\\/moda-y-tecnologia-hacia-una-relacion-sostenible-2\\\/#breadcrumb\",\"itemListElement\":[{\"@type\":\"ListItem\",\"position\":1,\"name\":\"Portada\",\"item\":\"https:\\\/\\\/luxonomy.net\\\/es\\\/\"},{\"@type\":\"ListItem\",\"position\":2,\"name\":\"Moda y Tecnolog\u00eda: hacia una relaci\u00f3n sostenible\"}]},{\"@type\":\"WebSite\",\"@id\":\"https:\\\/\\\/luxonomy.net\\\/es\\\/#website\",\"url\":\"https:\\\/\\\/luxonomy.net\\\/es\\\/\",\"name\":\"LUXONOMY\",\"description\":\"The Economy of Fashion &amp; Luxury\",\"publisher\":{\"@id\":\"https:\\\/\\\/luxonomy.net\\\/es\\\/#organization\"},\"potentialAction\":[{\"@type\":\"SearchAction\",\"target\":{\"@type\":\"EntryPoint\",\"urlTemplate\":\"https:\\\/\\\/luxonomy.net\\\/es\\\/?s={search_term_string}\"},\"query-input\":{\"@type\":\"PropertyValueSpecification\",\"valueRequired\":true,\"valueName\":\"search_term_string\"}}],\"inLanguage\":\"es\"},{\"@type\":\"Organization\",\"@id\":\"https:\\\/\\\/luxonomy.net\\\/es\\\/#organization\",\"name\":\"LUXONOMY\",\"url\":\"https:\\\/\\\/luxonomy.net\\\/es\\\/\",\"logo\":{\"@type\":\"ImageObject\",\"inLanguage\":\"es\",\"@id\":\"https:\\\/\\\/luxonomy.net\\\/es\\\/#\\\/schema\\\/logo\\\/image\\\/\",\"url\":\"https:\\\/\\\/i2.wp.com\\\/luxonomy.net\\\/wp-content\\\/uploads\\\/2021\\\/09\\\/MOCKUP-TODOS-LUXONOMY.jpg?fit=1000%2C515&ssl=1\",\"contentUrl\":\"https:\\\/\\\/i2.wp.com\\\/luxonomy.net\\\/wp-content\\\/uploads\\\/2021\\\/09\\\/MOCKUP-TODOS-LUXONOMY.jpg?fit=1000%2C515&ssl=1\",\"width\":1000,\"height\":515,\"caption\":\"LUXONOMY\"},\"image\":{\"@id\":\"https:\\\/\\\/luxonomy.net\\\/es\\\/#\\\/schema\\\/logo\\\/image\\\/\"},\"sameAs\":[\"https:\\\/\\\/www.facebook.com\\\/luxonomy\",\"https:\\\/\\\/www.instagram.com\\\/luxonomy\\\/\",\"https:\\\/\\\/www.linkedin.com\\\/company\\\/luxonomy\\\/\"]},{\"@type\":\"Person\",\"@id\":\"https:\\\/\\\/luxonomy.net\\\/es\\\/#\\\/schema\\\/person\\\/c5b6009a752bcc03b6b0a35b41e0ce40\",\"name\":\"LUXONOMY\",\"image\":{\"@type\":\"ImageObject\",\"inLanguage\":\"es\",\"@id\":\"https:\\\/\\\/luxonomy.net\\\/wp-content\\\/litespeed\\\/avatar\\\/a6436cdb14fdaf9c21808e63d0da2055.jpg?ver=1788366758\",\"url\":\"https:\\\/\\\/luxonomy.net\\\/wp-content\\\/litespeed\\\/avatar\\\/a6436cdb14fdaf9c21808e63d0da2055.jpg?ver=1788366758\",\"contentUrl\":\"https:\\\/\\\/luxonomy.net\\\/wp-content\\\/litespeed\\\/avatar\\\/a6436cdb14fdaf9c21808e63d0da2055.jpg?ver=1788366758\",\"caption\":\"LUXONOMY\"},\"sameAs\":[\"https:\\\/\"],\"url\":\"https:\\\/\\\/luxonomy.net\\\/es\\\/author\\\/luxonomy\\\/\"}]}<\/script>\n<!-- \/ Yoast SEO plugin. -->","yoast_head_json":{"title":"Moda y Tecnolog\u00eda: hacia una relaci\u00f3n sostenible | LUXONOMY","robots":{"index":"index","follow":"follow","max-snippet":"max-snippet:-1","max-image-preview":"max-image-preview:large","max-video-preview":"max-video-preview:-1"},"canonical":"https:\/\/luxonomy.net\/es\/moda-y-tecnologia-hacia-una-relacion-sostenible-2\/","og_locale":"es_ES","og_type":"article","og_title":"Moda y Tecnolog\u00eda: hacia una relaci\u00f3n sostenible | LUXONOMY","og_description":"M\u00e1s de 7.500 personas asistieron ayer en directo al evento LUXONOMY LIVE &#8220;Moda y Tecnolog\u00eda: hacia una relaci\u00f3n sostenible&#8221; celebrado ayer simult\u00e1neamente en YouTube, Linkedin, Facebook, Twitter y Twitch. Con la participaci\u00f3n de Helena Bermudez de Castro (directora de comunicaci\u00f3n para Espa\u00f1a y Portugal de Chopard), Mar\u00eda Jes\u00fas Dehesa P\u00e9rez (Responsable del departamento global de&hellip;","og_url":"https:\/\/luxonomy.net\/es\/moda-y-tecnologia-hacia-una-relacion-sostenible-2\/","og_site_name":"LUXONOMY","article_publisher":"https:\/\/www.facebook.com\/luxonomy","article_published_time":"2022-04-29T09:57:45+00:00","article_modified_time":"2022-04-29T10:01:40+00:00","og_image":[{"width":900,"height":505,"url":"https:\/\/i0.wp.com\/luxonomy.net\/wp-content\/uploads\/2022\/04\/Captura-de-pantalla-2022-04-29-a-las-11.53.59.jpg?fit=900%2C505&quality=89&ssl=1","type":"image\/jpeg"}],"author":"LUXONOMY","twitter_card":"summary_large_image","twitter_misc":{"Escrito por":"LUXONOMY","Tiempo de lectura":"1 minuto"},"schema":{"@context":"https:\/\/schema.org","@graph":[{"@type":"Article","@id":"https:\/\/luxonomy.net\/es\/moda-y-tecnologia-hacia-una-relacion-sostenible-2\/#article","isPartOf":{"@id":"https:\/\/luxonomy.net\/es\/moda-y-tecnologia-hacia-una-relacion-sostenible-2\/"},"author":{"name":"LUXONOMY","@id":"https:\/\/luxonomy.net\/es\/#\/schema\/person\/c5b6009a752bcc03b6b0a35b41e0ce40"},"headline":"Moda y Tecnolog\u00eda: hacia una relaci\u00f3n sostenible","datePublished":"2022-04-29T09:57:45+00:00","dateModified":"2022-04-29T10:01:40+00:00","mainEntityOfPage":{"@id":"https:\/\/luxonomy.net\/es\/moda-y-tecnologia-hacia-una-relacion-sostenible-2\/"},"wordCount":193,"commentCount":0,"publisher":{"@id":"https:\/\/luxonomy.net\/es\/#organization"},"image":{"@id":"https:\/\/luxonomy.net\/es\/moda-y-tecnologia-hacia-una-relacion-sostenible-2\/#primaryimage"},"thumbnailUrl":"https:\/\/i0.wp.com\/luxonomy.net\/wp-content\/uploads\/2022\/04\/Captura-de-pantalla-2022-04-29-a-las-11.53.59.jpg?fit=900%2C505&ssl=1","keywords":["Eventos","LUXONOMY LIVE"],"articleSection":["Eventos"],"inLanguage":"es","potentialAction":[{"@type":"CommentAction","name":"Comment","target":["https:\/\/luxonomy.net\/es\/moda-y-tecnologia-hacia-una-relacion-sostenible-2\/#respond"]}]},{"@type":"WebPage","@id":"https:\/\/luxonomy.net\/es\/moda-y-tecnologia-hacia-una-relacion-sostenible-2\/","url":"https:\/\/luxonomy.net\/es\/moda-y-tecnologia-hacia-una-relacion-sostenible-2\/","name":"Moda y Tecnolog\u00eda: hacia una relaci\u00f3n sostenible | LUXONOMY","isPartOf":{"@id":"https:\/\/luxonomy.net\/es\/#website"},"primaryImageOfPage":{"@id":"https:\/\/luxonomy.net\/es\/moda-y-tecnologia-hacia-una-relacion-sostenible-2\/#primaryimage"},"image":{"@id":"https:\/\/luxonomy.net\/es\/moda-y-tecnologia-hacia-una-relacion-sostenible-2\/#primaryimage"},"thumbnailUrl":"https:\/\/i0.wp.com\/luxonomy.net\/wp-content\/uploads\/2022\/04\/Captura-de-pantalla-2022-04-29-a-las-11.53.59.jpg?fit=900%2C505&ssl=1","datePublished":"2022-04-29T09:57:45+00:00","dateModified":"2022-04-29T10:01:40+00:00","breadcrumb":{"@id":"https:\/\/luxonomy.net\/es\/moda-y-tecnologia-hacia-una-relacion-sostenible-2\/#breadcrumb"},"inLanguage":"es","potentialAction":[{"@type":"ReadAction","target":["https:\/\/luxonomy.net\/es\/moda-y-tecnologia-hacia-una-relacion-sostenible-2\/"]}]},{"@type":"ImageObject","inLanguage":"es","@id":"https:\/\/luxonomy.net\/es\/moda-y-tecnologia-hacia-una-relacion-sostenible-2\/#primaryimage","url":"https:\/\/i0.wp.com\/luxonomy.net\/wp-content\/uploads\/2022\/04\/Captura-de-pantalla-2022-04-29-a-las-11.53.59.jpg?fit=900%2C505&ssl=1","contentUrl":"https:\/\/i0.wp.com\/luxonomy.net\/wp-content\/uploads\/2022\/04\/Captura-de-pantalla-2022-04-29-a-las-11.53.59.jpg?fit=900%2C505&ssl=1","width":900,"height":505},{"@type":"BreadcrumbList","@id":"https:\/\/luxonomy.net\/es\/moda-y-tecnologia-hacia-una-relacion-sostenible-2\/#breadcrumb","itemListElement":[{"@type":"ListItem","position":1,"name":"Portada","item":"https:\/\/luxonomy.net\/es\/"},{"@type":"ListItem","position":2,"name":"Moda y Tecnolog\u00eda: hacia una relaci\u00f3n sostenible"}]},{"@type":"WebSite","@id":"https:\/\/luxonomy.net\/es\/#website","url":"https:\/\/luxonomy.net\/es\/","name":"LUXONOMY","description":"The Economy of Fashion &amp; Luxury","publisher":{"@id":"https:\/\/luxonomy.net\/es\/#organization"},"potentialAction":[{"@type":"SearchAction","target":{"@type":"EntryPoint","urlTemplate":"https:\/\/luxonomy.net\/es\/?s={search_term_string}"},"query-input":{"@type":"PropertyValueSpecification","valueRequired":true,"valueName":"search_term_string"}}],"inLanguage":"es"},{"@type":"Organization","@id":"https:\/\/luxonomy.net\/es\/#organization","name":"LUXONOMY","url":"https:\/\/luxonomy.net\/es\/","logo":{"@type":"ImageObject","inLanguage":"es","@id":"https:\/\/luxonomy.net\/es\/#\/schema\/logo\/image\/","url":"https:\/\/i2.wp.com\/luxonomy.net\/wp-content\/uploads\/2021\/09\/MOCKUP-TODOS-LUXONOMY.jpg?fit=1000%2C515&ssl=1","contentUrl":"https:\/\/i2.wp.com\/luxonomy.net\/wp-content\/uploads\/2021\/09\/MOCKUP-TODOS-LUXONOMY.jpg?fit=1000%2C515&ssl=1","width":1000,"height":515,"caption":"LUXONOMY"},"image":{"@id":"https:\/\/luxonomy.net\/es\/#\/schema\/logo\/image\/"},"sameAs":["https:\/\/www.facebook.com\/luxonomy","https:\/\/www.instagram.com\/luxonomy\/","https:\/\/www.linkedin.com\/company\/luxonomy\/"]},{"@type":"Person","@id":"https:\/\/luxonomy.net\/es\/#\/schema\/person\/c5b6009a752bcc03b6b0a35b41e0ce40","name":"LUXONOMY","image":{"@type":"ImageObject","inLanguage":"es","@id":"https:\/\/luxonomy.net\/wp-content\/litespeed\/avatar\/a6436cdb14fdaf9c21808e63d0da2055.jpg?ver=1788366758","url":"https:\/\/luxonomy.net\/wp-content\/litespeed\/avatar\/a6436cdb14fdaf9c21808e63d0da2055.jpg?ver=1788366758","contentUrl":"https:\/\/luxonomy.net\/wp-content\/litespeed\/avatar\/a6436cdb14fdaf9c21808e63d0da2055.jpg?ver=1788366758","caption":"LUXONOMY"},"sameAs":["https:\/"],"url":"https:\/\/luxonomy.net\/es\/author\/luxonomy\/"}]}},"jetpack_publicize_connections":[],"jetpack_shortlink":"https:\/\/wp.me\/paPhBa-5C2","jetpack_sharing_enabled":true,"jetpack_featured_media_url":"https:\/\/i0.wp.com\/luxonomy.net\/wp-content\/uploads\/2022\/04\/Captura-de-pantalla-2022-04-29-a-las-11.53.59.jpg?fit=900%2C505&ssl=1","_links":{"self":[{"href":"https:\/\/luxonomy.net\/es\/wp-json\/wp\/v2\/posts\/21578","targetHints":{"allow":["GET"]}}],"collection":[{"href":"https:\/\/luxonomy.net\/es\/wp-json\/wp\/v2\/posts"}],"about":[{"href":"https:\/\/luxonomy.net\/es\/wp-json\/wp\/v2\/types\/post"}],"author":[{"embeddable":true,"href":"https:\/\/luxonomy.net\/es\/wp-json\/wp\/v2\/users\/1"}],"replies":[{"embeddable":true,"href":"https:\/\/luxonomy.net\/es\/wp-json\/wp\/v2\/comments?post=21578"}],"version-history":[{"count":3,"href":"https:\/\/luxonomy.net\/es\/wp-json\/wp\/v2\/posts\/21578\/revisions"}],"predecessor-version":[{"id":21583,"href":"https:\/\/luxonomy.net\/es\/wp-json\/wp\/v2\/posts\/21578\/revisions\/21583"}],"wp:featuredmedia":[{"embeddable":true,"href":"https:\/\/luxonomy.net\/es\/wp-json\/wp\/v2\/media\/21580"}],"wp:attachment":[{"href":"https:\/\/luxonomy.net\/es\/wp-json\/wp\/v2\/media?parent=21578"}],"wp:term":[{"taxonomy":"category","embeddable":true,"href":"https:\/\/luxonomy.net\/es\/wp-json\/wp\/v2\/categories?post=21578"},{"taxonomy":"post_tag","embeddable":true,"href":"https:\/\/luxonomy.net\/es\/wp-json\/wp\/v2\/tags?post=21578"},{"taxonomy":"thb-sponsors","embeddable":true,"href":"https:\/\/luxonomy.net\/es\/wp-json\/wp\/v2\/thb-sponsors?post=21578"}],"curies":[{"name":"wp","href":"https:\/\/api.w.org\/{rel}","templated":true}]}}