{"id":21538,"date":"2022-04-23T22:15:46","date_gmt":"2022-04-23T20:15:46","guid":{"rendered":"https:\/?p=21538"},"modified":"2022-04-26T22:20:49","modified_gmt":"2022-04-26T20:20:49","slug":"con-motivo-del-dia-de-la-tierra-giorgio-armani-presenta-la-web-armani-values","status":"publish","type":"post","link":"https:\/\/luxonomy.net\/es\/con-motivo-del-dia-de-la-tierra-giorgio-armani-presenta-la-web-armani-values\/","title":{"rendered":"Con motivo del D\u00eda de la Tierra, Giorgio Armani presenta la web Armani Values"},"content":{"rendered":"<p>Con motivo del D\u00eda de la Tierra, Giorgio Armani present\u00f3 su nuevo sitio web Armani Values: tanto una exploraci\u00f3n como un recorrido por los valores que siempre han sustentado la direcci\u00f3n estil\u00edstica y las decisiones empresariales del dise\u00f1ador, y que forman parte del ADN del Grupo. Valores vinculados a la moda y m\u00e1s all\u00e1 porque para Armani, la est\u00e9tica es el reflejo de la \u00e9tica y se toman decisiones responsables en todos los niveles: estrategia comercial, estructura corporativa, personal, gobierno y producci\u00f3n.<\/p>\n<p>Armani\/Values \u200b\u200bcuenta la historia del Grupo Armani a trav\u00e9s de importantes proyectos pasados, as\u00ed como proyectos presentes y futuros que est\u00e1n logrando un progreso tan fundamental, con un enfoque particular en el compromiso mostrado con respecto a la Responsabilidad Corporativa. Para el Grupo Armani, ser una marca que representa el sistema y la industria de la moda italiana significa crear productos \u00fanicos en los que la est\u00e9tica, la calidad y la innovaci\u00f3n se combinan con un sistema de valores s\u00f3lido que resistir\u00e1 el paso del tiempo y es respetuoso con todos los recursos que el Group se inspira, consciente de que el futuro de las pr\u00f3ximas generaciones depende de las decisiones que se tomen hoy.<\/p>\n<p>El sitio web pretende proporcionar una documentaci\u00f3n detallada de estos valores y ser un punto de referencia para cualquier persona interesada en noticias e informaci\u00f3n sobre el mundo Armani o sobre la historia del Grupo. Ofrece una visi\u00f3n amplia y completa. Con la claridad de prop\u00f3sito y el enfoque conciso que definen el l\u00e9xico de Armani, el contenido est\u00e1 organizado en una estructura racional con abundante informaci\u00f3n detallada, dividido en tres secciones principales: Personas, Planeta y Prosperidad, las cuales est\u00e1n precedidas por el Secci\u00f3n de introducci\u00f3n general. Un v\u00eddeo y un texto en la p\u00e1gina de inicio resumen y explican los distintos valores: consistencia, atemporalidad, fluidez, comodidad, empoderamiento, inclusi\u00f3n, sostenibilidad, disciplina, independencia, autenticidad y &#8216;menos es m\u00e1s&#8217;.<\/p><div id=\"luxon-3599965130\" class=\"luxon-3er-parrafo luxon-entity-placement\" style=\"margin-top: 20px;margin-bottom: 20px;margin-left: auto;margin-right: auto;text-align: center;\"><a href=\"https:\/\/luxonomy.university\/course\/master-turismo-de-lujo\" target=\"_blank\" aria-label=\"master-turismo-lujo-2026-2027\"><img loading=\"lazy\" decoding=\"async\" src=\"https:\/\/i0.wp.com\/luxonomy.net\/wp-content\/uploads\/2020\/07\/master-turismo-lujo-2026-2027.jpg?fit=1672%2C941&#038;ssl=1\" alt=\"\"  srcset=\"https:\/\/i0.wp.com\/luxonomy.net\/wp-content\/uploads\/2020\/07\/master-turismo-lujo-2026-2027.jpg?w=1672&ssl=1 1672w, https:\/\/i0.wp.com\/luxonomy.net\/wp-content\/uploads\/2020\/07\/master-turismo-lujo-2026-2027.jpg?resize=300%2C169&ssl=1 300w, https:\/\/i0.wp.com\/luxonomy.net\/wp-content\/uploads\/2020\/07\/master-turismo-lujo-2026-2027.jpg?resize=1024%2C576&ssl=1 1024w, https:\/\/i0.wp.com\/luxonomy.net\/wp-content\/uploads\/2020\/07\/master-turismo-lujo-2026-2027.jpg?resize=768%2C432&ssl=1 768w, https:\/\/i0.wp.com\/luxonomy.net\/wp-content\/uploads\/2020\/07\/master-turismo-lujo-2026-2027.jpg?resize=1536%2C864&ssl=1 1536w, https:\/\/i0.wp.com\/luxonomy.net\/wp-content\/uploads\/2020\/07\/master-turismo-lujo-2026-2027.jpg?resize=370%2C208&ssl=1 370w, https:\/\/i0.wp.com\/luxonomy.net\/wp-content\/uploads\/2020\/07\/master-turismo-lujo-2026-2027.jpg?resize=800%2C450&ssl=1 800w, https:\/\/i0.wp.com\/luxonomy.net\/wp-content\/uploads\/2020\/07\/master-turismo-lujo-2026-2027.jpg?resize=20%2C11&ssl=1 20w, https:\/\/i0.wp.com\/luxonomy.net\/wp-content\/uploads\/2020\/07\/master-turismo-lujo-2026-2027.jpg?resize=740%2C416&ssl=1 740w, https:\/\/i0.wp.com\/luxonomy.net\/wp-content\/uploads\/2020\/07\/master-turismo-lujo-2026-2027.jpg?resize=1600%2C900&ssl=1 1600w, https:\/\/i0.wp.com\/luxonomy.net\/wp-content\/uploads\/2020\/07\/master-turismo-lujo-2026-2027.jpg?resize=1200%2C675&ssl=1 1200w, https:\/\/i0.wp.com\/luxonomy.net\/wp-content\/uploads\/2020\/07\/master-turismo-lujo-2026-2027.jpg?resize=85%2C48&ssl=1 85w\" sizes=\"(max-width: 1170px) 100vw, 1170px\" class=\"no-lazyload\" width=\"1672\" height=\"941\"   \/><\/a><\/div>\n<p>The Overview presenta a todo el Grupo, desde sus tres marcas hasta el mundo del estilo de vida, incluidos Armani\/Silos, Hotels &amp; Resorts y restaurantes, con enlaces a los sitios web relevantes. Tambi\u00e9n incluye una l\u00ednea de tiempo completa que comienza desde la fundaci\u00f3n de la empresa en 1975, as\u00ed como todos los programas y compromisos adquiridos en temas como sustentabilidad, decisiones \u00e9ticas y acuerdos. Aqu\u00ed, los visitantes tambi\u00e9n pueden consultar el Informe de Sostenibilidad anual, con el que el Grupo Armani comunica sus principales logros en esta \u00e1rea, as\u00ed como los objetivos futuros, estrictamente integrados en la estrategia comercial.<\/p>\n<p>Un componente esencial del Grupo Armani es el capital humano, de ah\u00ed la secci\u00f3n dedicada a Personas, que ilustra un entorno de trabajo diversificado e inclusivo con \u00e9nfasis en el bienestar y las cualidades del individuo, mapeado a trav\u00e9s del n\u00famero de empleados, los lugares donde el grupo est\u00e1 presentes, las oficinas y las plantas productivas, as\u00ed como la capacitaci\u00f3n, el crecimiento y el enfoque en la diversidad, con enlace a la p\u00e1gina web de oportunidades laborales.<\/p>\n<p>Dar forma a un mundo m\u00e1s sostenible y seguro implica medidas y acciones concretas y todas ellas est\u00e1n reunidas en la secci\u00f3n Planeta. La secci\u00f3n describe las actividades e iniciativas apoyadas por el Grupo Armani en esta \u00e1rea, incluida la reforestaci\u00f3n y la conservaci\u00f3n de la biodiversidad, que son posibles gracias al trabajo que se dedica a los productos, el seguimiento de la cadena de suministro y los sitios de producci\u00f3n, la elecci\u00f3n de materiales, colaboraciones, e intervenciones locales.<\/p>\n<p>Y finalmente, Prosperidad es la secci\u00f3n que re\u00fane todos los proyectos de Giorgio Armani, ya sean locales o internacionales, que sostienen a las comunidades, el desarrollo del patrimonio social y cultural y la creaci\u00f3n de valor: iniciativas solidarias, apoyo a la investigaci\u00f3n y nuevos modelos de negocio, donaciones y promoci\u00f3n de nuevas generaciones de creativos, en la moda y m\u00e1s all\u00e1. Actividades que han visto al Grupo y a su fundador al frente a lo largo de los a\u00f1os, con importantes proyectos como Acqua for Life y con el apoyo a entidades como Opera di San Francesco, la Comunidad de Sant&#8217;Egidio, Save the Children, la Fundaci\u00f3n Veronesi, Humanitas y la Fundaci\u00f3n Teatro alla Scala.<\/p><div id=\"luxon-823870317\" class=\"luxon-7-parrafo luxon-entity-placement\" style=\"margin-top: 20px;margin-bottom: 20px;margin-left: auto;margin-right: auto;text-align: center;\"><a href=\"https:\/\/theintelligence.institute\/course\/inteligencia-artificial-para-directivos\" target=\"_blank\" aria-label=\"CSIAD_empresas_THEI_horizontal_4x3_v5\"><img loading=\"lazy\" decoding=\"async\" src=\"https:\/\/i0.wp.com\/luxonomy.net\/wp-content\/uploads\/2025\/08\/CSIAD_empresas_THEI_horizontal_4x3_v5.png?fit=2000%2C1500&#038;ssl=1\" alt=\"\"  srcset=\"https:\/\/i0.wp.com\/luxonomy.net\/wp-content\/uploads\/2025\/08\/CSIAD_empresas_THEI_horizontal_4x3_v5.png?w=2000&ssl=1 2000w, https:\/\/i0.wp.com\/luxonomy.net\/wp-content\/uploads\/2025\/08\/CSIAD_empresas_THEI_horizontal_4x3_v5.png?resize=300%2C225&ssl=1 300w, https:\/\/i0.wp.com\/luxonomy.net\/wp-content\/uploads\/2025\/08\/CSIAD_empresas_THEI_horizontal_4x3_v5.png?resize=1024%2C768&ssl=1 1024w, https:\/\/i0.wp.com\/luxonomy.net\/wp-content\/uploads\/2025\/08\/CSIAD_empresas_THEI_horizontal_4x3_v5.png?resize=768%2C576&ssl=1 768w, https:\/\/i0.wp.com\/luxonomy.net\/wp-content\/uploads\/2025\/08\/CSIAD_empresas_THEI_horizontal_4x3_v5.png?resize=1536%2C1152&ssl=1 1536w, https:\/\/i0.wp.com\/luxonomy.net\/wp-content\/uploads\/2025\/08\/CSIAD_empresas_THEI_horizontal_4x3_v5.png?resize=370%2C278&ssl=1 370w, https:\/\/i0.wp.com\/luxonomy.net\/wp-content\/uploads\/2025\/08\/CSIAD_empresas_THEI_horizontal_4x3_v5.png?resize=800%2C600&ssl=1 800w, https:\/\/i0.wp.com\/luxonomy.net\/wp-content\/uploads\/2025\/08\/CSIAD_empresas_THEI_horizontal_4x3_v5.png?resize=20%2C15&ssl=1 20w, https:\/\/i0.wp.com\/luxonomy.net\/wp-content\/uploads\/2025\/08\/CSIAD_empresas_THEI_horizontal_4x3_v5.png?resize=740%2C555&ssl=1 740w, https:\/\/i0.wp.com\/luxonomy.net\/wp-content\/uploads\/2025\/08\/CSIAD_empresas_THEI_horizontal_4x3_v5.png?resize=1600%2C1200&ssl=1 1600w, https:\/\/i0.wp.com\/luxonomy.net\/wp-content\/uploads\/2025\/08\/CSIAD_empresas_THEI_horizontal_4x3_v5.png?resize=1200%2C900&ssl=1 1200w, https:\/\/i0.wp.com\/luxonomy.net\/wp-content\/uploads\/2025\/08\/CSIAD_empresas_THEI_horizontal_4x3_v5.png?resize=64%2C48&ssl=1 64w\" sizes=\"(max-width: 1170px) 100vw, 1170px\" class=\"no-lazyload\" width=\"2000\" height=\"1500\"   \/><\/a><\/div>\n<p>\u201cCreo que como dise\u00f1ador y emprendedor tengo responsabilidades hacia otras personas, y siento que debo ser un ejemplo y ofrecer apoyo. Siempre me he mantenido fiel a valores aut\u00e9nticos y s\u00f3lidos en mi pr\u00e1ctica. Hago esto dise\u00f1ando objetos atemporales que son puros y minimalistas, inspirados en la idea de que menos es m\u00e1s y hechos para durar en el tiempo. Siempre me he preocupado por las personas y la comunidad, en la convicci\u00f3n de que una empresa no solo debe recibir sino tambi\u00e9n devolver.<\/p>\n<p>Y eso tambi\u00e9n se aplica a nuestro planeta, que debemos cuidar. Creo que la moda puede contribuir a la transformaci\u00f3n en curso de muchas maneras, y ese es mi compromiso. Los valores importan y para m\u00ed son absolutamente fundamentales. Con este sitio web, deseo compartir un deber esencial e imperativo: una invitaci\u00f3n para que todos construyamos un sistema m\u00e1s responsable\u201d, explic\u00f3 Giorgio Armani.<\/p>\n<p>Armani \/ Values \u200b\u200best\u00e1 online en <a href=\"https:\/\/armanivalues.com\/\" target=\"_blank\" rel=\"noopener\">armanivalues.com<\/a>. El sitio web ha sido optimizado para navegar en computadoras de escritorio, tablets y dispositivos m\u00f3viles<\/p>\n","protected":false},"excerpt":{"rendered":"<p>Con motivo del D\u00eda de la Tierra, Giorgio Armani present\u00f3 su nuevo sitio web Armani Values: tanto una exploraci\u00f3n como un recorrido por los valores que siempre han sustentado la direcci\u00f3n estil\u00edstica y las decisiones empresariales del dise\u00f1ador, y que forman parte del ADN del Grupo. Valores vinculados a la moda y m\u00e1s all\u00e1 porque&hellip;<\/p>\n","protected":false},"author":10,"featured_media":21539,"comment_status":"open","ping_status":"open","sticky":false,"template":"","format":"standard","meta":{"_jetpack_newsletter_access":"","_jetpack_dont_email_post_to_subs":false,"_jetpack_newsletter_tier_id":0,"_jetpack_memberships_contains_paywalled_content":false,"_jetpack_feature_clip_id":0,"_jetpack_memberships_contains_paid_content":false,"footnotes":"","jetpack_publicize_message":"Con motivo del D\u00eda de la Tierra, Giorgio Armani presenta la web Armani Values","jetpack_publicize_feature_enabled":true,"jetpack_social_post_already_shared":true,"jetpack_social_options":{"image_generator_settings":{"template":"edge","default_image_id":0,"font":"","enabled":false},"version":2},"jetpack_post_was_ever_published":false},"categories":[688],"tags":[1056,808,233],"thb-sponsors":[],"class_list":["post-21538","post","type-post","status-publish","format-standard","has-post-thumbnail","hentry","category-sostenibilidad","tag-armani","tag-ecolujo","tag-ecoluxury"],"yoast_head":"<!-- This site is optimized with the Yoast SEO plugin v28.4 - https:\/\/yoast.com\/product\/yoast-seo-wordpress\/ -->\n<title>Con motivo del D\u00eda de la Tierra, Giorgio Armani presenta la web Armani Values | LUXONOMY<\/title>\n<meta name=\"robots\" content=\"index, follow, max-snippet:-1, max-image-preview:large, max-video-preview:-1\" \/>\n<link rel=\"canonical\" href=\"https:\/\/luxonomy.net\/es\/con-motivo-del-dia-de-la-tierra-giorgio-armani-presenta-la-web-armani-values\/\" \/>\n<meta property=\"og:locale\" content=\"es_ES\" \/>\n<meta property=\"og:type\" content=\"article\" \/>\n<meta property=\"og:title\" content=\"Con motivo del D\u00eda de la Tierra, Giorgio Armani presenta la web Armani Values | LUXONOMY\" \/>\n<meta property=\"og:description\" content=\"Con motivo del D\u00eda de la Tierra, Giorgio Armani present\u00f3 su nuevo sitio web Armani Values: tanto una exploraci\u00f3n como un recorrido por los valores que siempre han sustentado la direcci\u00f3n estil\u00edstica y las decisiones empresariales del dise\u00f1ador, y que forman parte del ADN del Grupo. Valores vinculados a la moda y m\u00e1s all\u00e1 porque&hellip;\" \/>\n<meta property=\"og:url\" content=\"https:\/\/luxonomy.net\/es\/con-motivo-del-dia-de-la-tierra-giorgio-armani-presenta-la-web-armani-values\/\" \/>\n<meta property=\"og:site_name\" content=\"LUXONOMY\" \/>\n<meta property=\"article:publisher\" content=\"https:\/\/www.facebook.com\/luxonomy\" \/>\n<meta property=\"article:published_time\" content=\"2022-04-23T20:15:46+00:00\" \/>\n<meta property=\"article:modified_time\" content=\"2022-04-26T20:20:49+00:00\" \/>\n<meta property=\"og:image\" content=\"https:\/\/luxonomy.net\/wp-content\/uploads\/2022\/04\/Captura-de-pantalla-2022-04-26-a-las-22.18.15-1024x640.png\" \/>\n\t<meta property=\"og:image:width\" content=\"1024\" \/>\n\t<meta property=\"og:image:height\" content=\"640\" \/>\n\t<meta property=\"og:image:type\" content=\"image\/png\" \/>\n<meta name=\"author\" content=\"Chiara Gabardi\" \/>\n<meta name=\"twitter:card\" content=\"summary_large_image\" \/>\n<meta name=\"twitter:label1\" content=\"Escrito por\" \/>\n\t<meta name=\"twitter:data1\" content=\"Chiara Gabardi\" \/>\n\t<meta name=\"twitter:label2\" content=\"Tiempo de lectura\" \/>\n\t<meta name=\"twitter:data2\" content=\"5 minutos\" \/>\n<script type=\"application\/ld+json\" class=\"yoast-schema-graph\">{\"@context\":\"https:\\\/\\\/schema.org\",\"@graph\":[{\"@type\":\"Article\",\"@id\":\"https:\\\/\\\/luxonomy.net\\\/es\\\/con-motivo-del-dia-de-la-tierra-giorgio-armani-presenta-la-web-armani-values\\\/#article\",\"isPartOf\":{\"@id\":\"https:\\\/\\\/luxonomy.net\\\/es\\\/con-motivo-del-dia-de-la-tierra-giorgio-armani-presenta-la-web-armani-values\\\/\"},\"author\":{\"name\":\"Chiara Gabardi\",\"@id\":\"https:\\\/\\\/luxonomy.net\\\/es\\\/#\\\/schema\\\/person\\\/e5c97cb37fd115728030c51e21c67d89\"},\"headline\":\"Con motivo del D\u00eda de la Tierra, Giorgio Armani presenta la web Armani Values\",\"datePublished\":\"2022-04-23T20:15:46+00:00\",\"dateModified\":\"2022-04-26T20:20:49+00:00\",\"mainEntityOfPage\":{\"@id\":\"https:\\\/\\\/luxonomy.net\\\/es\\\/con-motivo-del-dia-de-la-tierra-giorgio-armani-presenta-la-web-armani-values\\\/\"},\"wordCount\":937,\"commentCount\":0,\"publisher\":{\"@id\":\"https:\\\/\\\/luxonomy.net\\\/es\\\/#organization\"},\"image\":{\"@id\":\"https:\\\/\\\/luxonomy.net\\\/es\\\/con-motivo-del-dia-de-la-tierra-giorgio-armani-presenta-la-web-armani-values\\\/#primaryimage\"},\"thumbnailUrl\":\"https:\\\/\\\/i0.wp.com\\\/luxonomy.net\\\/wp-content\\\/uploads\\\/2022\\\/04\\\/Captura-de-pantalla-2022-04-26-a-las-22.18.15.png?fit=2880%2C1800&ssl=1\",\"keywords\":[\"Armani\",\"Ecolujo\",\"ecoluxury\"],\"articleSection\":[\"Sostenibilidad\"],\"inLanguage\":\"es\",\"potentialAction\":[{\"@type\":\"CommentAction\",\"name\":\"Comment\",\"target\":[\"https:\\\/\\\/luxonomy.net\\\/es\\\/con-motivo-del-dia-de-la-tierra-giorgio-armani-presenta-la-web-armani-values\\\/#respond\"]}]},{\"@type\":\"WebPage\",\"@id\":\"https:\\\/\\\/luxonomy.net\\\/es\\\/con-motivo-del-dia-de-la-tierra-giorgio-armani-presenta-la-web-armani-values\\\/\",\"url\":\"https:\\\/\\\/luxonomy.net\\\/es\\\/con-motivo-del-dia-de-la-tierra-giorgio-armani-presenta-la-web-armani-values\\\/\",\"name\":\"Con motivo del D\u00eda de la Tierra, Giorgio Armani presenta la web Armani Values | LUXONOMY\",\"isPartOf\":{\"@id\":\"https:\\\/\\\/luxonomy.net\\\/es\\\/#website\"},\"primaryImageOfPage\":{\"@id\":\"https:\\\/\\\/luxonomy.net\\\/es\\\/con-motivo-del-dia-de-la-tierra-giorgio-armani-presenta-la-web-armani-values\\\/#primaryimage\"},\"image\":{\"@id\":\"https:\\\/\\\/luxonomy.net\\\/es\\\/con-motivo-del-dia-de-la-tierra-giorgio-armani-presenta-la-web-armani-values\\\/#primaryimage\"},\"thumbnailUrl\":\"https:\\\/\\\/i0.wp.com\\\/luxonomy.net\\\/wp-content\\\/uploads\\\/2022\\\/04\\\/Captura-de-pantalla-2022-04-26-a-las-22.18.15.png?fit=2880%2C1800&ssl=1\",\"datePublished\":\"2022-04-23T20:15:46+00:00\",\"dateModified\":\"2022-04-26T20:20:49+00:00\",\"breadcrumb\":{\"@id\":\"https:\\\/\\\/luxonomy.net\\\/es\\\/con-motivo-del-dia-de-la-tierra-giorgio-armani-presenta-la-web-armani-values\\\/#breadcrumb\"},\"inLanguage\":\"es\",\"potentialAction\":[{\"@type\":\"ReadAction\",\"target\":[\"https:\\\/\\\/luxonomy.net\\\/es\\\/con-motivo-del-dia-de-la-tierra-giorgio-armani-presenta-la-web-armani-values\\\/\"]}]},{\"@type\":\"ImageObject\",\"inLanguage\":\"es\",\"@id\":\"https:\\\/\\\/luxonomy.net\\\/es\\\/con-motivo-del-dia-de-la-tierra-giorgio-armani-presenta-la-web-armani-values\\\/#primaryimage\",\"url\":\"https:\\\/\\\/i0.wp.com\\\/luxonomy.net\\\/wp-content\\\/uploads\\\/2022\\\/04\\\/Captura-de-pantalla-2022-04-26-a-las-22.18.15.png?fit=2880%2C1800&ssl=1\",\"contentUrl\":\"https:\\\/\\\/i0.wp.com\\\/luxonomy.net\\\/wp-content\\\/uploads\\\/2022\\\/04\\\/Captura-de-pantalla-2022-04-26-a-las-22.18.15.png?fit=2880%2C1800&ssl=1\",\"width\":2880,\"height\":1800},{\"@type\":\"BreadcrumbList\",\"@id\":\"https:\\\/\\\/luxonomy.net\\\/es\\\/con-motivo-del-dia-de-la-tierra-giorgio-armani-presenta-la-web-armani-values\\\/#breadcrumb\",\"itemListElement\":[{\"@type\":\"ListItem\",\"position\":1,\"name\":\"Portada\",\"item\":\"https:\\\/\\\/luxonomy.net\\\/es\\\/\"},{\"@type\":\"ListItem\",\"position\":2,\"name\":\"Con motivo del D\u00eda de la Tierra, Giorgio Armani presenta la web Armani Values\"}]},{\"@type\":\"WebSite\",\"@id\":\"https:\\\/\\\/luxonomy.net\\\/es\\\/#website\",\"url\":\"https:\\\/\\\/luxonomy.net\\\/es\\\/\",\"name\":\"LUXONOMY\",\"description\":\"The Economy of Fashion &amp; Luxury\",\"publisher\":{\"@id\":\"https:\\\/\\\/luxonomy.net\\\/es\\\/#organization\"},\"potentialAction\":[{\"@type\":\"SearchAction\",\"target\":{\"@type\":\"EntryPoint\",\"urlTemplate\":\"https:\\\/\\\/luxonomy.net\\\/es\\\/?s={search_term_string}\"},\"query-input\":{\"@type\":\"PropertyValueSpecification\",\"valueRequired\":true,\"valueName\":\"search_term_string\"}}],\"inLanguage\":\"es\"},{\"@type\":\"Organization\",\"@id\":\"https:\\\/\\\/luxonomy.net\\\/es\\\/#organization\",\"name\":\"LUXONOMY\",\"url\":\"https:\\\/\\\/luxonomy.net\\\/es\\\/\",\"logo\":{\"@type\":\"ImageObject\",\"inLanguage\":\"es\",\"@id\":\"https:\\\/\\\/luxonomy.net\\\/es\\\/#\\\/schema\\\/logo\\\/image\\\/\",\"url\":\"https:\\\/\\\/i2.wp.com\\\/luxonomy.net\\\/wp-content\\\/uploads\\\/2021\\\/09\\\/MOCKUP-TODOS-LUXONOMY.jpg?fit=1000%2C515&ssl=1\",\"contentUrl\":\"https:\\\/\\\/i2.wp.com\\\/luxonomy.net\\\/wp-content\\\/uploads\\\/2021\\\/09\\\/MOCKUP-TODOS-LUXONOMY.jpg?fit=1000%2C515&ssl=1\",\"width\":1000,\"height\":515,\"caption\":\"LUXONOMY\"},\"image\":{\"@id\":\"https:\\\/\\\/luxonomy.net\\\/es\\\/#\\\/schema\\\/logo\\\/image\\\/\"},\"sameAs\":[\"https:\\\/\\\/www.facebook.com\\\/luxonomy\",\"https:\\\/\\\/www.instagram.com\\\/luxonomy\\\/\",\"https:\\\/\\\/www.linkedin.com\\\/company\\\/luxonomy\\\/\"]},{\"@type\":\"Person\",\"@id\":\"https:\\\/\\\/luxonomy.net\\\/es\\\/#\\\/schema\\\/person\\\/e5c97cb37fd115728030c51e21c67d89\",\"name\":\"Chiara Gabardi\",\"image\":{\"@type\":\"ImageObject\",\"inLanguage\":\"es\",\"@id\":\"https:\\\/\\\/luxonomy.net\\\/wp-content\\\/litespeed\\\/avatar\\\/548640c4e2c34544e66c65ab1641a5d7.jpg?ver=1788581172\",\"url\":\"https:\\\/\\\/luxonomy.net\\\/wp-content\\\/litespeed\\\/avatar\\\/548640c4e2c34544e66c65ab1641a5d7.jpg?ver=1788581172\",\"contentUrl\":\"https:\\\/\\\/luxonomy.net\\\/wp-content\\\/litespeed\\\/avatar\\\/548640c4e2c34544e66c65ab1641a5d7.jpg?ver=1788581172\",\"caption\":\"Chiara Gabardi\"},\"description\":\"Editor at LUXONOMY\u2122 Group\",\"url\":\"https:\\\/\\\/luxonomy.net\\\/es\\\/author\\\/chiara-gabardi\\\/\"}]}<\/script>\n<!-- \/ Yoast SEO plugin. -->","yoast_head_json":{"title":"Con motivo del D\u00eda de la Tierra, Giorgio Armani presenta la web Armani Values | LUXONOMY","robots":{"index":"index","follow":"follow","max-snippet":"max-snippet:-1","max-image-preview":"max-image-preview:large","max-video-preview":"max-video-preview:-1"},"canonical":"https:\/\/luxonomy.net\/es\/con-motivo-del-dia-de-la-tierra-giorgio-armani-presenta-la-web-armani-values\/","og_locale":"es_ES","og_type":"article","og_title":"Con motivo del D\u00eda de la Tierra, Giorgio Armani presenta la web Armani Values | LUXONOMY","og_description":"Con motivo del D\u00eda de la Tierra, Giorgio Armani present\u00f3 su nuevo sitio web Armani Values: tanto una exploraci\u00f3n como un recorrido por los valores que siempre han sustentado la direcci\u00f3n estil\u00edstica y las decisiones empresariales del dise\u00f1ador, y que forman parte del ADN del Grupo. Valores vinculados a la moda y m\u00e1s all\u00e1 porque&hellip;","og_url":"https:\/\/luxonomy.net\/es\/con-motivo-del-dia-de-la-tierra-giorgio-armani-presenta-la-web-armani-values\/","og_site_name":"LUXONOMY","article_publisher":"https:\/\/www.facebook.com\/luxonomy","article_published_time":"2022-04-23T20:15:46+00:00","article_modified_time":"2022-04-26T20:20:49+00:00","og_image":[{"width":1024,"height":640,"url":"https:\/\/luxonomy.net\/wp-content\/uploads\/2022\/04\/Captura-de-pantalla-2022-04-26-a-las-22.18.15-1024x640.png","type":"image\/png"}],"author":"Chiara Gabardi","twitter_card":"summary_large_image","twitter_misc":{"Escrito por":"Chiara Gabardi","Tiempo de lectura":"5 minutos"},"schema":{"@context":"https:\/\/schema.org","@graph":[{"@type":"Article","@id":"https:\/\/luxonomy.net\/es\/con-motivo-del-dia-de-la-tierra-giorgio-armani-presenta-la-web-armani-values\/#article","isPartOf":{"@id":"https:\/\/luxonomy.net\/es\/con-motivo-del-dia-de-la-tierra-giorgio-armani-presenta-la-web-armani-values\/"},"author":{"name":"Chiara Gabardi","@id":"https:\/\/luxonomy.net\/es\/#\/schema\/person\/e5c97cb37fd115728030c51e21c67d89"},"headline":"Con motivo del D\u00eda de la Tierra, Giorgio Armani presenta la web Armani Values","datePublished":"2022-04-23T20:15:46+00:00","dateModified":"2022-04-26T20:20:49+00:00","mainEntityOfPage":{"@id":"https:\/\/luxonomy.net\/es\/con-motivo-del-dia-de-la-tierra-giorgio-armani-presenta-la-web-armani-values\/"},"wordCount":937,"commentCount":0,"publisher":{"@id":"https:\/\/luxonomy.net\/es\/#organization"},"image":{"@id":"https:\/\/luxonomy.net\/es\/con-motivo-del-dia-de-la-tierra-giorgio-armani-presenta-la-web-armani-values\/#primaryimage"},"thumbnailUrl":"https:\/\/i0.wp.com\/luxonomy.net\/wp-content\/uploads\/2022\/04\/Captura-de-pantalla-2022-04-26-a-las-22.18.15.png?fit=2880%2C1800&ssl=1","keywords":["Armani","Ecolujo","ecoluxury"],"articleSection":["Sostenibilidad"],"inLanguage":"es","potentialAction":[{"@type":"CommentAction","name":"Comment","target":["https:\/\/luxonomy.net\/es\/con-motivo-del-dia-de-la-tierra-giorgio-armani-presenta-la-web-armani-values\/#respond"]}]},{"@type":"WebPage","@id":"https:\/\/luxonomy.net\/es\/con-motivo-del-dia-de-la-tierra-giorgio-armani-presenta-la-web-armani-values\/","url":"https:\/\/luxonomy.net\/es\/con-motivo-del-dia-de-la-tierra-giorgio-armani-presenta-la-web-armani-values\/","name":"Con motivo del D\u00eda de la Tierra, Giorgio Armani presenta la web Armani Values | LUXONOMY","isPartOf":{"@id":"https:\/\/luxonomy.net\/es\/#website"},"primaryImageOfPage":{"@id":"https:\/\/luxonomy.net\/es\/con-motivo-del-dia-de-la-tierra-giorgio-armani-presenta-la-web-armani-values\/#primaryimage"},"image":{"@id":"https:\/\/luxonomy.net\/es\/con-motivo-del-dia-de-la-tierra-giorgio-armani-presenta-la-web-armani-values\/#primaryimage"},"thumbnailUrl":"https:\/\/i0.wp.com\/luxonomy.net\/wp-content\/uploads\/2022\/04\/Captura-de-pantalla-2022-04-26-a-las-22.18.15.png?fit=2880%2C1800&ssl=1","datePublished":"2022-04-23T20:15:46+00:00","dateModified":"2022-04-26T20:20:49+00:00","breadcrumb":{"@id":"https:\/\/luxonomy.net\/es\/con-motivo-del-dia-de-la-tierra-giorgio-armani-presenta-la-web-armani-values\/#breadcrumb"},"inLanguage":"es","potentialAction":[{"@type":"ReadAction","target":["https:\/\/luxonomy.net\/es\/con-motivo-del-dia-de-la-tierra-giorgio-armani-presenta-la-web-armani-values\/"]}]},{"@type":"ImageObject","inLanguage":"es","@id":"https:\/\/luxonomy.net\/es\/con-motivo-del-dia-de-la-tierra-giorgio-armani-presenta-la-web-armani-values\/#primaryimage","url":"https:\/\/i0.wp.com\/luxonomy.net\/wp-content\/uploads\/2022\/04\/Captura-de-pantalla-2022-04-26-a-las-22.18.15.png?fit=2880%2C1800&ssl=1","contentUrl":"https:\/\/i0.wp.com\/luxonomy.net\/wp-content\/uploads\/2022\/04\/Captura-de-pantalla-2022-04-26-a-las-22.18.15.png?fit=2880%2C1800&ssl=1","width":2880,"height":1800},{"@type":"BreadcrumbList","@id":"https:\/\/luxonomy.net\/es\/con-motivo-del-dia-de-la-tierra-giorgio-armani-presenta-la-web-armani-values\/#breadcrumb","itemListElement":[{"@type":"ListItem","position":1,"name":"Portada","item":"https:\/\/luxonomy.net\/es\/"},{"@type":"ListItem","position":2,"name":"Con motivo del D\u00eda de la Tierra, Giorgio Armani presenta la web Armani Values"}]},{"@type":"WebSite","@id":"https:\/\/luxonomy.net\/es\/#website","url":"https:\/\/luxonomy.net\/es\/","name":"LUXONOMY","description":"The Economy of Fashion &amp; Luxury","publisher":{"@id":"https:\/\/luxonomy.net\/es\/#organization"},"potentialAction":[{"@type":"SearchAction","target":{"@type":"EntryPoint","urlTemplate":"https:\/\/luxonomy.net\/es\/?s={search_term_string}"},"query-input":{"@type":"PropertyValueSpecification","valueRequired":true,"valueName":"search_term_string"}}],"inLanguage":"es"},{"@type":"Organization","@id":"https:\/\/luxonomy.net\/es\/#organization","name":"LUXONOMY","url":"https:\/\/luxonomy.net\/es\/","logo":{"@type":"ImageObject","inLanguage":"es","@id":"https:\/\/luxonomy.net\/es\/#\/schema\/logo\/image\/","url":"https:\/\/i2.wp.com\/luxonomy.net\/wp-content\/uploads\/2021\/09\/MOCKUP-TODOS-LUXONOMY.jpg?fit=1000%2C515&ssl=1","contentUrl":"https:\/\/i2.wp.com\/luxonomy.net\/wp-content\/uploads\/2021\/09\/MOCKUP-TODOS-LUXONOMY.jpg?fit=1000%2C515&ssl=1","width":1000,"height":515,"caption":"LUXONOMY"},"image":{"@id":"https:\/\/luxonomy.net\/es\/#\/schema\/logo\/image\/"},"sameAs":["https:\/\/www.facebook.com\/luxonomy","https:\/\/www.instagram.com\/luxonomy\/","https:\/\/www.linkedin.com\/company\/luxonomy\/"]},{"@type":"Person","@id":"https:\/\/luxonomy.net\/es\/#\/schema\/person\/e5c97cb37fd115728030c51e21c67d89","name":"Chiara Gabardi","image":{"@type":"ImageObject","inLanguage":"es","@id":"https:\/\/luxonomy.net\/wp-content\/litespeed\/avatar\/548640c4e2c34544e66c65ab1641a5d7.jpg?ver=1788581172","url":"https:\/\/luxonomy.net\/wp-content\/litespeed\/avatar\/548640c4e2c34544e66c65ab1641a5d7.jpg?ver=1788581172","contentUrl":"https:\/\/luxonomy.net\/wp-content\/litespeed\/avatar\/548640c4e2c34544e66c65ab1641a5d7.jpg?ver=1788581172","caption":"Chiara Gabardi"},"description":"Editor at LUXONOMY\u2122 Group","url":"https:\/\/luxonomy.net\/es\/author\/chiara-gabardi\/"}]}},"jetpack_publicize_connections":[],"jetpack_shortlink":"https:\/\/wp.me\/paPhBa-5Bo","jetpack_sharing_enabled":true,"jetpack_featured_media_url":"https:\/\/i0.wp.com\/luxonomy.net\/wp-content\/uploads\/2022\/04\/Captura-de-pantalla-2022-04-26-a-las-22.18.15.png?fit=2880%2C1800&ssl=1","_links":{"self":[{"href":"https:\/\/luxonomy.net\/es\/wp-json\/wp\/v2\/posts\/21538","targetHints":{"allow":["GET"]}}],"collection":[{"href":"https:\/\/luxonomy.net\/es\/wp-json\/wp\/v2\/posts"}],"about":[{"href":"https:\/\/luxonomy.net\/es\/wp-json\/wp\/v2\/types\/post"}],"author":[{"embeddable":true,"href":"https:\/\/luxonomy.net\/es\/wp-json\/wp\/v2\/users\/10"}],"replies":[{"embeddable":true,"href":"https:\/\/luxonomy.net\/es\/wp-json\/wp\/v2\/comments?post=21538"}],"version-history":[{"count":2,"href":"https:\/\/luxonomy.net\/es\/wp-json\/wp\/v2\/posts\/21538\/revisions"}],"predecessor-version":[{"id":21541,"href":"https:\/\/luxonomy.net\/es\/wp-json\/wp\/v2\/posts\/21538\/revisions\/21541"}],"wp:featuredmedia":[{"embeddable":true,"href":"https:\/\/luxonomy.net\/es\/wp-json\/wp\/v2\/media\/21539"}],"wp:attachment":[{"href":"https:\/\/luxonomy.net\/es\/wp-json\/wp\/v2\/media?parent=21538"}],"wp:term":[{"taxonomy":"category","embeddable":true,"href":"https:\/\/luxonomy.net\/es\/wp-json\/wp\/v2\/categories?post=21538"},{"taxonomy":"post_tag","embeddable":true,"href":"https:\/\/luxonomy.net\/es\/wp-json\/wp\/v2\/tags?post=21538"},{"taxonomy":"thb-sponsors","embeddable":true,"href":"https:\/\/luxonomy.net\/es\/wp-json\/wp\/v2\/thb-sponsors?post=21538"}],"curies":[{"name":"wp","href":"https:\/\/api.w.org\/{rel}","templated":true}]}}