{"id":21093,"date":"2022-03-29T13:36:07","date_gmt":"2022-03-29T11:36:07","guid":{"rendered":"https:\/?p=21093"},"modified":"2022-03-29T13:36:07","modified_gmt":"2022-03-29T11:36:07","slug":"nuestra-valoracion-de-metaverse-fashion-week","status":"publish","type":"post","link":"https:\/\/luxonomy.net\/es\/nuestra-valoracion-de-metaverse-fashion-week\/","title":{"rendered":"Nuestra valoraci\u00f3n de Metaverse Fashion Week"},"content":{"rendered":"<p><strong>Metaverse Fashion Week prometi\u00f3 una oportunidad<\/strong> para que las marcas mostraran las posibilidades de la moda digital y se liberaran de las limitaciones de la realidad. En un mundo digital, la f\u00edsica y los cuerpos f\u00edsicos no tienen que aplicarse. En cambio, <strong>la realidad de las limitaciones t\u00e9cnicas obstaculiz\u00f3 la experiencia, que a menudo se percibi\u00f3 decepcionante<\/strong>.<\/p>\n<p>El evento dur\u00f3 <strong>del 23 al 27 de marzo y cont\u00f3 con desfiles y tiendas emergent<\/strong>es de una gran cantidad de grandes nombres de la moda del mundo real como <strong>Dolce &amp; Gabbana, Etro, Selfridges y Tommy Hilfiger<\/strong>, as\u00ed como ofertas de pioneros de la moda digital como <strong>Auroboros y DressX<\/strong>.<\/p>\n<p>El escenario de la semana fue <strong>Decentraland<\/strong>, un mundo virtual 3D basado en blockchain que se lanz\u00f3 al p\u00fablico en 2020 y ha crecido r\u00e1pidamente a <strong>m\u00e1s de 560 000 usuarios activos mensuales<\/strong>. El espacio ha florecido en medio del reciente auge de las criptomonedas, ya que los desarrolladores se apresuraron a comprar terrenos virtuales con la esperanza de construir distritos comerciales para vender bienes virtuales en forma de NFT. <strong>En febrero, el dise\u00f1ador Philipp Plein gast\u00f3 1,4 millones de d\u00f3lares en un terreno en Decentraland<\/strong>.<\/p><div id=\"luxon-3120570443\" class=\"luxon-3er-parrafo luxon-entity-placement\" style=\"margin-top: 20px;margin-bottom: 20px;margin-left: auto;margin-right: auto;text-align: center;\"><a href=\"https:\/\/luxonomy.university\/course\/master-turismo-de-lujo\" target=\"_blank\" aria-label=\"master-turismo-lujo-2026-2027\"><img loading=\"lazy\" decoding=\"async\" src=\"https:\/\/i0.wp.com\/luxonomy.net\/wp-content\/uploads\/2020\/07\/master-turismo-lujo-2026-2027.jpg?fit=1672%2C941&#038;ssl=1\" alt=\"\"  srcset=\"https:\/\/i0.wp.com\/luxonomy.net\/wp-content\/uploads\/2020\/07\/master-turismo-lujo-2026-2027.jpg?w=1672&ssl=1 1672w, https:\/\/i0.wp.com\/luxonomy.net\/wp-content\/uploads\/2020\/07\/master-turismo-lujo-2026-2027.jpg?resize=300%2C169&ssl=1 300w, https:\/\/i0.wp.com\/luxonomy.net\/wp-content\/uploads\/2020\/07\/master-turismo-lujo-2026-2027.jpg?resize=1024%2C576&ssl=1 1024w, https:\/\/i0.wp.com\/luxonomy.net\/wp-content\/uploads\/2020\/07\/master-turismo-lujo-2026-2027.jpg?resize=768%2C432&ssl=1 768w, https:\/\/i0.wp.com\/luxonomy.net\/wp-content\/uploads\/2020\/07\/master-turismo-lujo-2026-2027.jpg?resize=1536%2C864&ssl=1 1536w, https:\/\/i0.wp.com\/luxonomy.net\/wp-content\/uploads\/2020\/07\/master-turismo-lujo-2026-2027.jpg?resize=370%2C208&ssl=1 370w, https:\/\/i0.wp.com\/luxonomy.net\/wp-content\/uploads\/2020\/07\/master-turismo-lujo-2026-2027.jpg?resize=800%2C450&ssl=1 800w, https:\/\/i0.wp.com\/luxonomy.net\/wp-content\/uploads\/2020\/07\/master-turismo-lujo-2026-2027.jpg?resize=20%2C11&ssl=1 20w, https:\/\/i0.wp.com\/luxonomy.net\/wp-content\/uploads\/2020\/07\/master-turismo-lujo-2026-2027.jpg?resize=740%2C416&ssl=1 740w, https:\/\/i0.wp.com\/luxonomy.net\/wp-content\/uploads\/2020\/07\/master-turismo-lujo-2026-2027.jpg?resize=1600%2C900&ssl=1 1600w, https:\/\/i0.wp.com\/luxonomy.net\/wp-content\/uploads\/2020\/07\/master-turismo-lujo-2026-2027.jpg?resize=1200%2C675&ssl=1 1200w, https:\/\/i0.wp.com\/luxonomy.net\/wp-content\/uploads\/2020\/07\/master-turismo-lujo-2026-2027.jpg?resize=85%2C48&ssl=1 85w\" sizes=\"(max-width: 1170px) 100vw, 1170px\" class=\"no-lazyload\" width=\"1672\" height=\"941\"   \/><\/a><\/div>\n<p>La idea es que <strong>Decentraland y espacios similares sean un precursor del futuro metaverso m\u00e1s desarrollado<\/strong> que Mark Zuckerberg y otros han imaginado, donde pasamos la mayor parte de nuestro tiempo como avatares disfrazados en entornos virtuales que se superponen o brindan una alternativa al mundo real.<\/p>\n<p>Sin embargo, <strong>el metaverso rudimentario de hoy est\u00e1 muy lejos de esa visi\u00f3n, y sus limitaciones se vieron en Metaverse Fashion Week<\/strong>. El mayor inconveniente es que <strong>las im\u00e1genes son bastante b\u00e1sicas<\/strong>, en parte como un compromiso para permitir que la experiencia funcione sin problemas en la <strong>infraestructura actual de Internet<\/strong>, que deber\u00e1 <strong>avanzar mucho si alguna vez se crea un metaverso m\u00e1s inmersivo<\/strong>. Por ahora, no siempre es ideal para capturar detalles en prendas o presentarlas con la sofisticaci\u00f3n que usan las marcas en otros canales.<\/p>\n<p>Dicho esto, <strong>los primeros intentos son siempre una experiencia de aprendizaje<\/strong>, como reconoci\u00f3 el propio Decentraland.<\/p>\n<h3>Los desfiles pueden ser m\u00e1s efectivos<\/h3>\n<p>Algunas marcas, incluidas <strong>Dolce &amp; Gabbana y Etro<\/strong>, organizaron desfiles que siguieron el formato de espect\u00e1culos del mundo real, con modelos desfilando con la ropa de la marca, pero tambi\u00e9n intentaron adoptar el entorno digital. Las modelos de Dolce &amp; Gabbana ten\u00edan cara de gato mientras que las modelos de Etro levitaban en medio de la pasarela. Sin embargo, debido al estilo visual b\u00e1sico de Decentraland, <strong>la ropa en s\u00ed no ofrec\u00eda mucho en lo que concentrarse<\/strong>.<\/p><div id=\"luxon-263104701\" class=\"luxon-7-parrafo luxon-entity-placement\" style=\"margin-top: 20px;margin-bottom: 20px;margin-left: auto;margin-right: auto;text-align: center;\"><a href=\"https:\/\/theintelligence.institute\/course\/inteligencia-artificial-para-directivos\" target=\"_blank\" aria-label=\"CSIAD_empresas_THEI_horizontal_4x3_v5\"><img loading=\"lazy\" decoding=\"async\" src=\"https:\/\/i0.wp.com\/luxonomy.net\/wp-content\/uploads\/2025\/08\/CSIAD_empresas_THEI_horizontal_4x3_v5.png?fit=2000%2C1500&#038;ssl=1\" alt=\"\"  srcset=\"https:\/\/i0.wp.com\/luxonomy.net\/wp-content\/uploads\/2025\/08\/CSIAD_empresas_THEI_horizontal_4x3_v5.png?w=2000&ssl=1 2000w, https:\/\/i0.wp.com\/luxonomy.net\/wp-content\/uploads\/2025\/08\/CSIAD_empresas_THEI_horizontal_4x3_v5.png?resize=300%2C225&ssl=1 300w, https:\/\/i0.wp.com\/luxonomy.net\/wp-content\/uploads\/2025\/08\/CSIAD_empresas_THEI_horizontal_4x3_v5.png?resize=1024%2C768&ssl=1 1024w, https:\/\/i0.wp.com\/luxonomy.net\/wp-content\/uploads\/2025\/08\/CSIAD_empresas_THEI_horizontal_4x3_v5.png?resize=768%2C576&ssl=1 768w, https:\/\/i0.wp.com\/luxonomy.net\/wp-content\/uploads\/2025\/08\/CSIAD_empresas_THEI_horizontal_4x3_v5.png?resize=1536%2C1152&ssl=1 1536w, https:\/\/i0.wp.com\/luxonomy.net\/wp-content\/uploads\/2025\/08\/CSIAD_empresas_THEI_horizontal_4x3_v5.png?resize=370%2C278&ssl=1 370w, https:\/\/i0.wp.com\/luxonomy.net\/wp-content\/uploads\/2025\/08\/CSIAD_empresas_THEI_horizontal_4x3_v5.png?resize=800%2C600&ssl=1 800w, https:\/\/i0.wp.com\/luxonomy.net\/wp-content\/uploads\/2025\/08\/CSIAD_empresas_THEI_horizontal_4x3_v5.png?resize=20%2C15&ssl=1 20w, https:\/\/i0.wp.com\/luxonomy.net\/wp-content\/uploads\/2025\/08\/CSIAD_empresas_THEI_horizontal_4x3_v5.png?resize=740%2C555&ssl=1 740w, https:\/\/i0.wp.com\/luxonomy.net\/wp-content\/uploads\/2025\/08\/CSIAD_empresas_THEI_horizontal_4x3_v5.png?resize=1600%2C1200&ssl=1 1600w, https:\/\/i0.wp.com\/luxonomy.net\/wp-content\/uploads\/2025\/08\/CSIAD_empresas_THEI_horizontal_4x3_v5.png?resize=1200%2C900&ssl=1 1200w, https:\/\/i0.wp.com\/luxonomy.net\/wp-content\/uploads\/2025\/08\/CSIAD_empresas_THEI_horizontal_4x3_v5.png?resize=64%2C48&ssl=1 64w\" sizes=\"(max-width: 1170px) 100vw, 1170px\" class=\"no-lazyload\" width=\"2000\" height=\"1500\"   \/><\/a><\/div>\n<p><strong>Los entornos de juego son atractivos para los usuarios porque son interactivos, pero los desfiles son generalmente asuntos pasivos en los que la audiencia se queda parada y observa<\/strong>. En la ventana de chat disponible en Decentraland, los asistentes al show de Etro expresaron <strong>no sentirse impresionados y desearon que fuera m\u00e1s divertido y atractivo<\/strong>. <strong>El nombre de la marca tambi\u00e9n apareci\u00f3 solo al principio<\/strong>, y algunas personas que aparecieron despu\u00e9s no pod\u00edan decir qu\u00e9 estaban viendo.<\/p>\n<h3>Traducir la moda del mundo real es un desaf\u00edo<\/h3>\n<p>Etro es una etiqueta vibrante centrada en la impresi\u00f3n, pero <strong>sus puntos fuertes se perdieron en Decentraland<\/strong>. Un asistente al espect\u00e1culo describi\u00f3 su ropa, adaptada para el mundo virtual de su nueva colecci\u00f3n, como &#8220;<strong>sosa<\/strong>&#8220;, una descripci\u00f3n que rara vez se usa para su ropa f\u00edsica.<\/p>\n<p><strong>La moda funciona de manera diferente en el mundo virtual.<\/strong> Si bien hubo quienes vistieron a sus avatares con looks discretos, muchos de los asistentes a Metaverse Fashion Week optaron por ropa y avatares que eran deliberadamente extravagantes o irreales. Brillaban, o ten\u00edan alas, o le daban al usuario una piel azul o una televisi\u00f3n por cabeza.<\/p>\n<h3>La audiencia est\u00e1 dispuesta a gastar<\/h3>\n<p>La variedad de looks entre los asistentes fue una indicaci\u00f3n de <strong>cu\u00e1ntos usuarios est\u00e1n personalizando sus avatares m\u00e1s all\u00e1 de las opciones gratuitas disponibles<\/strong>. Decentraland indic\u00f3 que los usuarios gastaron 5,5 millones de d\u00f3lares en moda virtual en 2021.<\/p>\n<p><strong>Los 30 NFT de Tommy Hilfiger, que comprend\u00edan versiones digitales de tres art\u00edculos de su colecci\u00f3n de primavera, se agotaron en una hora.<\/strong> Cada uno cuesta <strong>20 man\u00e1<\/strong>, que es la moneda de Decentraland, o <strong>alrededor de 56 d\u00f3lares<\/strong> seg\u00fan la tasa de conversi\u00f3n actual. Tambi\u00e9n podr\u00edan cambiarse por versiones f\u00edsicas de las prendas si los usuarios quer\u00edan.<\/p>\n<p><strong>Otros elementos no provocaron la misma respuesta<\/strong>. Auroboros ofreci\u00f3 un traje negro con detalles en forma de escamas que costaba 700 man\u00e1, o aproximadamente 1.968 d\u00f3lares. Del stock de 100 disponibles, solo uno se ha vendido al momento de escribir este art\u00edculo. La marca dijo que su enfoque durante Metaverse Fashion Week fue m\u00e1s construir una conexi\u00f3n con su audiencia que vender grandes vol\u00famenes de productos.<\/p>\n<h3>Los espacios inmersivos y las im\u00e1genes 2D pueden funcionar juntos<\/h3>\n<p>Gran parte de Metaverse Fashion Week tuvo lugar en algunos lugares, incluido un <strong>distrito de lujo que recordaba a un centro comercial al aire libre<\/strong> donde los usuarios pod\u00edan pasear por las tiendas emergentes de las marcas. En su mayor\u00eda, se parec\u00edan a tiendas tradicionales, con instalaciones, logos en suelo y paredes y productos dispersos por todas partes. <strong>Pero se ve\u00edan como salas de exhibici\u00f3n inquietantemente vac\u00edas<\/strong>.<\/p>\n<p><strong>Auroboros adopt\u00f3 un enfoque m\u00e1s inmersivo<\/strong> que hizo un mejor trabajo al comunicar el punto de vista de la marca. En lugar de tratar de adaptar una tienda a Decentraland, construy\u00f3 su propio espacio, hasta un piso sumergido en agua y paredes brillantes.<\/p>\n<p><strong>Hubo un activo antiguo que funcion\u00f3 sorprendentemente bien en el mundo 3D: las im\u00e1genes 2D<\/strong>. A lo largo de las paredes en espiral del espacio de Auroboros hab\u00eda <strong>im\u00e1genes de su Instagram<\/strong>, mientras que <strong>Tommy Hilfiger erigi\u00f3 grandes vallas publicitarias con las im\u00e1genes de su campa\u00f1a.<\/strong> Aparecieron particularmente n\u00edtidos y llamativos contra el fondo 3D de baja resoluci\u00f3n de Decentraland.<\/p>\n<h3>\u00bfMetaverse Fashion Week como herramienta de marketing?<\/h3>\n<p>Si bien Decentraland tiene el estilo visual de un juego que podr\u00eda atraer principalmente a los ni\u00f1os, su p\u00fablico principal incluye muchos involucrados o interesados \u200b\u200ben las criptomonedas, una industria que ha estado generando compradores de lujo.<strong> Usuarios mayores de 30 a\u00f1os y con ingresos superiores a 100.000 d\u00f3lares<\/strong>, seg\u00fan Geeiq, una plataforma de datos que brinda informaci\u00f3n sobre asociaciones de juegos para clientes como <strong>Gucci y L&#8217;Or\u00e9al<\/strong>. Y los datos de Geeiq muestran que la marca con la que Decentraland comparte m\u00e1s seguidores en las redes sociales es Coinbase.<\/p>\n<p><strong>Para muchas marcas, el objetivo de participar en Metaverse Fashion Week puede ser solo probar y aprender, ya que los espacios virtuales como los juegos y los activos digitales como los NFT contin\u00faan atrayendo inter\u00e9s y dinero<\/strong>. Tendr\u00e1n que encontrar formas de hacerlo mientras <strong>conservan sus marcas cuidadosamente elaboradas<\/strong>.<\/p>\n<p><strong>Ese es el desaf\u00edo, particularmente en la industria de la moda<\/strong>, donde est\u00e1s tan en sinton\u00eda con la ejecuci\u00f3n de tus im\u00e1genes y tu marca y cada detalle. Esa es una barrera mental que probablemente muchas marcas tendr\u00e1n que aceptar a medida que todos comencemos a explorar y experimentar m\u00e1s en este espacio.<\/p>\n","protected":false},"excerpt":{"rendered":"<p>Metaverse Fashion Week prometi\u00f3 una oportunidad para que las marcas mostraran las posibilidades de la moda digital y se liberaran de las limitaciones de la realidad. En un mundo digital, la f\u00edsica y los cuerpos f\u00edsicos no tienen que aplicarse. En cambio, la realidad de las limitaciones t\u00e9cnicas obstaculiz\u00f3 la experiencia, que a menudo se&hellip;<\/p>\n","protected":false},"author":19,"featured_media":21094,"comment_status":"open","ping_status":"open","sticky":false,"template":"","format":"standard","meta":{"_jetpack_newsletter_access":"","_jetpack_dont_email_post_to_subs":false,"_jetpack_newsletter_tier_id":0,"_jetpack_memberships_contains_paywalled_content":false,"_jetpack_feature_clip_id":0,"_jetpack_memberships_contains_paid_content":false,"footnotes":"","jetpack_publicize_message":"Nuestra valoraci\u00f3n de Metaverse Fashion Week. 1. Las limitaciones t\u00e9cnicas a\u00fan presentan obst\u00e1culos para traducir im\u00e1genes de marca sofisticadas y moda del mundo real al \u00e1mbito virtual. 2. Es posible que las marcas que deseen conectarse con el p\u00fablico en espacios virtuales en 3D deban centrarse en experiencias m\u00e1s interactivas y atractivas. 3. Hay una audiencia dispuesta a gastar en dispositivos port\u00e1tiles digitales para sus avatares, si las marcas pueden encontrar formas de atraerlos. #luxomomy #metaversefashionweek","jetpack_publicize_feature_enabled":true,"jetpack_social_post_already_shared":true,"jetpack_social_options":{"image_generator_settings":{"template":"edge","default_image_id":0,"font":"","enabled":false},"version":2},"jetpack_post_was_ever_published":false},"categories":[1376,505],"tags":[1505,1262],"thb-sponsors":[],"class_list":["post-21093","post","type-post","status-publish","format-standard","has-post-thumbnail","hentry","category-metaverso","category-sin-categorizar","tag-metaverse-fashion-week","tag-metaverso"],"yoast_head":"<!-- This site is optimized with the Yoast SEO plugin v28.4 - https:\/\/yoast.com\/product\/yoast-seo-wordpress\/ -->\n<title>Nuestra valoraci\u00f3n de Metaverse Fashion Week | LUXONOMY<\/title>\n<meta name=\"robots\" content=\"index, follow, max-snippet:-1, max-image-preview:large, max-video-preview:-1\" \/>\n<link rel=\"canonical\" href=\"https:\/\/luxonomy.net\/es\/nuestra-valoracion-de-metaverse-fashion-week\/\" \/>\n<meta property=\"og:locale\" content=\"es_ES\" \/>\n<meta property=\"og:type\" content=\"article\" \/>\n<meta property=\"og:title\" content=\"Nuestra valoraci\u00f3n de Metaverse Fashion Week | LUXONOMY\" \/>\n<meta property=\"og:description\" content=\"Metaverse Fashion Week prometi\u00f3 una oportunidad para que las marcas mostraran las posibilidades de la moda digital y se liberaran de las limitaciones de la realidad. En un mundo digital, la f\u00edsica y los cuerpos f\u00edsicos no tienen que aplicarse. En cambio, la realidad de las limitaciones t\u00e9cnicas obstaculiz\u00f3 la experiencia, que a menudo se&hellip;\" \/>\n<meta property=\"og:url\" content=\"https:\/\/luxonomy.net\/es\/nuestra-valoracion-de-metaverse-fashion-week\/\" \/>\n<meta property=\"og:site_name\" content=\"LUXONOMY\" \/>\n<meta property=\"article:publisher\" content=\"https:\/\/www.facebook.com\/luxonomy\" \/>\n<meta property=\"article:published_time\" content=\"2022-03-29T11:36:07+00:00\" \/>\n<meta property=\"og:image\" content=\"https:\/\/i0.wp.com\/luxonomy.net\/wp-content\/uploads\/2022\/03\/Nuestra-valoracio%CC%81n-de-la-Metaverse-Fashion-Week.jpg?fit=1800%2C1013&quality=89&ssl=1\" \/>\n\t<meta property=\"og:image:width\" content=\"1800\" \/>\n\t<meta property=\"og:image:height\" content=\"1013\" \/>\n\t<meta property=\"og:image:type\" content=\"image\/jpeg\" \/>\n<meta name=\"author\" content=\"Pablo Guti\u00e9rrez-Rav\u00e9 Villal\u00f3n\" \/>\n<meta name=\"twitter:card\" content=\"summary_large_image\" \/>\n<meta name=\"twitter:label1\" content=\"Escrito por\" \/>\n\t<meta name=\"twitter:data1\" content=\"Pablo Guti\u00e9rrez-Rav\u00e9 Villal\u00f3n\" \/>\n\t<meta name=\"twitter:label2\" content=\"Tiempo de lectura\" \/>\n\t<meta name=\"twitter:data2\" content=\"6 minutos\" \/>\n<script type=\"application\/ld+json\" class=\"yoast-schema-graph\">{\"@context\":\"https:\\\/\\\/schema.org\",\"@graph\":[{\"@type\":\"Article\",\"@id\":\"https:\\\/\\\/luxonomy.net\\\/es\\\/nuestra-valoracion-de-metaverse-fashion-week\\\/#article\",\"isPartOf\":{\"@id\":\"https:\\\/\\\/luxonomy.net\\\/es\\\/nuestra-valoracion-de-metaverse-fashion-week\\\/\"},\"author\":{\"name\":\"Pablo Guti\u00e9rrez-Rav\u00e9 Villal\u00f3n\",\"@id\":\"https:\\\/\\\/luxonomy.net\\\/es\\\/#\\\/schema\\\/person\\\/aca186356f30a813f61bbf19ba52c031\"},\"headline\":\"Nuestra valoraci\u00f3n de Metaverse Fashion Week\",\"datePublished\":\"2022-03-29T11:36:07+00:00\",\"mainEntityOfPage\":{\"@id\":\"https:\\\/\\\/luxonomy.net\\\/es\\\/nuestra-valoracion-de-metaverse-fashion-week\\\/\"},\"wordCount\":1242,\"commentCount\":0,\"publisher\":{\"@id\":\"https:\\\/\\\/luxonomy.net\\\/es\\\/#organization\"},\"image\":{\"@id\":\"https:\\\/\\\/luxonomy.net\\\/es\\\/nuestra-valoracion-de-metaverse-fashion-week\\\/#primaryimage\"},\"thumbnailUrl\":\"https:\\\/\\\/i0.wp.com\\\/luxonomy.net\\\/wp-content\\\/uploads\\\/2022\\\/03\\\/Nuestra-valoracio%CC%81n-de-la-Metaverse-Fashion-Week.jpg?fit=1800%2C1013&ssl=1\",\"keywords\":[\"Metaverse Fashion Week\",\"metaverso\"],\"articleSection\":[\"Metaverso\",\"Sin categorizar\"],\"inLanguage\":\"es\",\"potentialAction\":[{\"@type\":\"CommentAction\",\"name\":\"Comment\",\"target\":[\"https:\\\/\\\/luxonomy.net\\\/es\\\/nuestra-valoracion-de-metaverse-fashion-week\\\/#respond\"]}]},{\"@type\":\"WebPage\",\"@id\":\"https:\\\/\\\/luxonomy.net\\\/es\\\/nuestra-valoracion-de-metaverse-fashion-week\\\/\",\"url\":\"https:\\\/\\\/luxonomy.net\\\/es\\\/nuestra-valoracion-de-metaverse-fashion-week\\\/\",\"name\":\"Nuestra valoraci\u00f3n de Metaverse Fashion Week | LUXONOMY\",\"isPartOf\":{\"@id\":\"https:\\\/\\\/luxonomy.net\\\/es\\\/#website\"},\"primaryImageOfPage\":{\"@id\":\"https:\\\/\\\/luxonomy.net\\\/es\\\/nuestra-valoracion-de-metaverse-fashion-week\\\/#primaryimage\"},\"image\":{\"@id\":\"https:\\\/\\\/luxonomy.net\\\/es\\\/nuestra-valoracion-de-metaverse-fashion-week\\\/#primaryimage\"},\"thumbnailUrl\":\"https:\\\/\\\/i0.wp.com\\\/luxonomy.net\\\/wp-content\\\/uploads\\\/2022\\\/03\\\/Nuestra-valoracio%CC%81n-de-la-Metaverse-Fashion-Week.jpg?fit=1800%2C1013&ssl=1\",\"datePublished\":\"2022-03-29T11:36:07+00:00\",\"breadcrumb\":{\"@id\":\"https:\\\/\\\/luxonomy.net\\\/es\\\/nuestra-valoracion-de-metaverse-fashion-week\\\/#breadcrumb\"},\"inLanguage\":\"es\",\"potentialAction\":[{\"@type\":\"ReadAction\",\"target\":[\"https:\\\/\\\/luxonomy.net\\\/es\\\/nuestra-valoracion-de-metaverse-fashion-week\\\/\"]}]},{\"@type\":\"ImageObject\",\"inLanguage\":\"es\",\"@id\":\"https:\\\/\\\/luxonomy.net\\\/es\\\/nuestra-valoracion-de-metaverse-fashion-week\\\/#primaryimage\",\"url\":\"https:\\\/\\\/i0.wp.com\\\/luxonomy.net\\\/wp-content\\\/uploads\\\/2022\\\/03\\\/Nuestra-valoracio%CC%81n-de-la-Metaverse-Fashion-Week.jpg?fit=1800%2C1013&ssl=1\",\"contentUrl\":\"https:\\\/\\\/i0.wp.com\\\/luxonomy.net\\\/wp-content\\\/uploads\\\/2022\\\/03\\\/Nuestra-valoracio%CC%81n-de-la-Metaverse-Fashion-Week.jpg?fit=1800%2C1013&ssl=1\",\"width\":1800,\"height\":1013},{\"@type\":\"BreadcrumbList\",\"@id\":\"https:\\\/\\\/luxonomy.net\\\/es\\\/nuestra-valoracion-de-metaverse-fashion-week\\\/#breadcrumb\",\"itemListElement\":[{\"@type\":\"ListItem\",\"position\":1,\"name\":\"Portada\",\"item\":\"https:\\\/\\\/luxonomy.net\\\/es\\\/\"},{\"@type\":\"ListItem\",\"position\":2,\"name\":\"Nuestra valoraci\u00f3n de Metaverse Fashion Week\"}]},{\"@type\":\"WebSite\",\"@id\":\"https:\\\/\\\/luxonomy.net\\\/es\\\/#website\",\"url\":\"https:\\\/\\\/luxonomy.net\\\/es\\\/\",\"name\":\"LUXONOMY\",\"description\":\"The Economy of Fashion &amp; Luxury\",\"publisher\":{\"@id\":\"https:\\\/\\\/luxonomy.net\\\/es\\\/#organization\"},\"potentialAction\":[{\"@type\":\"SearchAction\",\"target\":{\"@type\":\"EntryPoint\",\"urlTemplate\":\"https:\\\/\\\/luxonomy.net\\\/es\\\/?s={search_term_string}\"},\"query-input\":{\"@type\":\"PropertyValueSpecification\",\"valueRequired\":true,\"valueName\":\"search_term_string\"}}],\"inLanguage\":\"es\"},{\"@type\":\"Organization\",\"@id\":\"https:\\\/\\\/luxonomy.net\\\/es\\\/#organization\",\"name\":\"LUXONOMY\",\"url\":\"https:\\\/\\\/luxonomy.net\\\/es\\\/\",\"logo\":{\"@type\":\"ImageObject\",\"inLanguage\":\"es\",\"@id\":\"https:\\\/\\\/luxonomy.net\\\/es\\\/#\\\/schema\\\/logo\\\/image\\\/\",\"url\":\"https:\\\/\\\/i2.wp.com\\\/luxonomy.net\\\/wp-content\\\/uploads\\\/2021\\\/09\\\/MOCKUP-TODOS-LUXONOMY.jpg?fit=1000%2C515&ssl=1\",\"contentUrl\":\"https:\\\/\\\/i2.wp.com\\\/luxonomy.net\\\/wp-content\\\/uploads\\\/2021\\\/09\\\/MOCKUP-TODOS-LUXONOMY.jpg?fit=1000%2C515&ssl=1\",\"width\":1000,\"height\":515,\"caption\":\"LUXONOMY\"},\"image\":{\"@id\":\"https:\\\/\\\/luxonomy.net\\\/es\\\/#\\\/schema\\\/logo\\\/image\\\/\"},\"sameAs\":[\"https:\\\/\\\/www.facebook.com\\\/luxonomy\",\"https:\\\/\\\/www.instagram.com\\\/luxonomy\\\/\",\"https:\\\/\\\/www.linkedin.com\\\/company\\\/luxonomy\\\/\"]},{\"@type\":\"Person\",\"@id\":\"https:\\\/\\\/luxonomy.net\\\/es\\\/#\\\/schema\\\/person\\\/aca186356f30a813f61bbf19ba52c031\",\"name\":\"Pablo Guti\u00e9rrez-Rav\u00e9 Villal\u00f3n\",\"image\":{\"@type\":\"ImageObject\",\"inLanguage\":\"es\",\"@id\":\"https:\\\/\\\/luxonomy.net\\\/wp-content\\\/litespeed\\\/avatar\\\/b80839bcd1d7840754b71e72cad801ce.jpg?ver=1788213692\",\"url\":\"https:\\\/\\\/luxonomy.net\\\/wp-content\\\/litespeed\\\/avatar\\\/b80839bcd1d7840754b71e72cad801ce.jpg?ver=1788213692\",\"contentUrl\":\"https:\\\/\\\/luxonomy.net\\\/wp-content\\\/litespeed\\\/avatar\\\/b80839bcd1d7840754b71e72cad801ce.jpg?ver=1788213692\",\"caption\":\"Pablo Guti\u00e9rrez-Rav\u00e9 Villal\u00f3n\"},\"description\":\"president LUXONOMY\u2122 Group\",\"sameAs\":[\"https:\\\/\\\/www.linkedin.com\\\/in\\\/pablogutierrezrave\\\/\"],\"url\":\"https:\\\/\\\/luxonomy.net\\\/es\\\/author\\\/pablo\\\/\"}]}<\/script>\n<!-- \/ Yoast SEO plugin. -->","yoast_head_json":{"title":"Nuestra valoraci\u00f3n de Metaverse Fashion Week | LUXONOMY","robots":{"index":"index","follow":"follow","max-snippet":"max-snippet:-1","max-image-preview":"max-image-preview:large","max-video-preview":"max-video-preview:-1"},"canonical":"https:\/\/luxonomy.net\/es\/nuestra-valoracion-de-metaverse-fashion-week\/","og_locale":"es_ES","og_type":"article","og_title":"Nuestra valoraci\u00f3n de Metaverse Fashion Week | LUXONOMY","og_description":"Metaverse Fashion Week prometi\u00f3 una oportunidad para que las marcas mostraran las posibilidades de la moda digital y se liberaran de las limitaciones de la realidad. En un mundo digital, la f\u00edsica y los cuerpos f\u00edsicos no tienen que aplicarse. En cambio, la realidad de las limitaciones t\u00e9cnicas obstaculiz\u00f3 la experiencia, que a menudo se&hellip;","og_url":"https:\/\/luxonomy.net\/es\/nuestra-valoracion-de-metaverse-fashion-week\/","og_site_name":"LUXONOMY","article_publisher":"https:\/\/www.facebook.com\/luxonomy","article_published_time":"2022-03-29T11:36:07+00:00","og_image":[{"width":1800,"height":1013,"url":"https:\/\/i0.wp.com\/luxonomy.net\/wp-content\/uploads\/2022\/03\/Nuestra-valoracio%CC%81n-de-la-Metaverse-Fashion-Week.jpg?fit=1800%2C1013&quality=89&ssl=1","type":"image\/jpeg"}],"author":"Pablo Guti\u00e9rrez-Rav\u00e9 Villal\u00f3n","twitter_card":"summary_large_image","twitter_misc":{"Escrito por":"Pablo Guti\u00e9rrez-Rav\u00e9 Villal\u00f3n","Tiempo de lectura":"6 minutos"},"schema":{"@context":"https:\/\/schema.org","@graph":[{"@type":"Article","@id":"https:\/\/luxonomy.net\/es\/nuestra-valoracion-de-metaverse-fashion-week\/#article","isPartOf":{"@id":"https:\/\/luxonomy.net\/es\/nuestra-valoracion-de-metaverse-fashion-week\/"},"author":{"name":"Pablo Guti\u00e9rrez-Rav\u00e9 Villal\u00f3n","@id":"https:\/\/luxonomy.net\/es\/#\/schema\/person\/aca186356f30a813f61bbf19ba52c031"},"headline":"Nuestra valoraci\u00f3n de Metaverse Fashion Week","datePublished":"2022-03-29T11:36:07+00:00","mainEntityOfPage":{"@id":"https:\/\/luxonomy.net\/es\/nuestra-valoracion-de-metaverse-fashion-week\/"},"wordCount":1242,"commentCount":0,"publisher":{"@id":"https:\/\/luxonomy.net\/es\/#organization"},"image":{"@id":"https:\/\/luxonomy.net\/es\/nuestra-valoracion-de-metaverse-fashion-week\/#primaryimage"},"thumbnailUrl":"https:\/\/i0.wp.com\/luxonomy.net\/wp-content\/uploads\/2022\/03\/Nuestra-valoracio%CC%81n-de-la-Metaverse-Fashion-Week.jpg?fit=1800%2C1013&ssl=1","keywords":["Metaverse Fashion Week","metaverso"],"articleSection":["Metaverso","Sin categorizar"],"inLanguage":"es","potentialAction":[{"@type":"CommentAction","name":"Comment","target":["https:\/\/luxonomy.net\/es\/nuestra-valoracion-de-metaverse-fashion-week\/#respond"]}]},{"@type":"WebPage","@id":"https:\/\/luxonomy.net\/es\/nuestra-valoracion-de-metaverse-fashion-week\/","url":"https:\/\/luxonomy.net\/es\/nuestra-valoracion-de-metaverse-fashion-week\/","name":"Nuestra valoraci\u00f3n de Metaverse Fashion Week | LUXONOMY","isPartOf":{"@id":"https:\/\/luxonomy.net\/es\/#website"},"primaryImageOfPage":{"@id":"https:\/\/luxonomy.net\/es\/nuestra-valoracion-de-metaverse-fashion-week\/#primaryimage"},"image":{"@id":"https:\/\/luxonomy.net\/es\/nuestra-valoracion-de-metaverse-fashion-week\/#primaryimage"},"thumbnailUrl":"https:\/\/i0.wp.com\/luxonomy.net\/wp-content\/uploads\/2022\/03\/Nuestra-valoracio%CC%81n-de-la-Metaverse-Fashion-Week.jpg?fit=1800%2C1013&ssl=1","datePublished":"2022-03-29T11:36:07+00:00","breadcrumb":{"@id":"https:\/\/luxonomy.net\/es\/nuestra-valoracion-de-metaverse-fashion-week\/#breadcrumb"},"inLanguage":"es","potentialAction":[{"@type":"ReadAction","target":["https:\/\/luxonomy.net\/es\/nuestra-valoracion-de-metaverse-fashion-week\/"]}]},{"@type":"ImageObject","inLanguage":"es","@id":"https:\/\/luxonomy.net\/es\/nuestra-valoracion-de-metaverse-fashion-week\/#primaryimage","url":"https:\/\/i0.wp.com\/luxonomy.net\/wp-content\/uploads\/2022\/03\/Nuestra-valoracio%CC%81n-de-la-Metaverse-Fashion-Week.jpg?fit=1800%2C1013&ssl=1","contentUrl":"https:\/\/i0.wp.com\/luxonomy.net\/wp-content\/uploads\/2022\/03\/Nuestra-valoracio%CC%81n-de-la-Metaverse-Fashion-Week.jpg?fit=1800%2C1013&ssl=1","width":1800,"height":1013},{"@type":"BreadcrumbList","@id":"https:\/\/luxonomy.net\/es\/nuestra-valoracion-de-metaverse-fashion-week\/#breadcrumb","itemListElement":[{"@type":"ListItem","position":1,"name":"Portada","item":"https:\/\/luxonomy.net\/es\/"},{"@type":"ListItem","position":2,"name":"Nuestra valoraci\u00f3n de Metaverse Fashion Week"}]},{"@type":"WebSite","@id":"https:\/\/luxonomy.net\/es\/#website","url":"https:\/\/luxonomy.net\/es\/","name":"LUXONOMY","description":"The Economy of Fashion &amp; Luxury","publisher":{"@id":"https:\/\/luxonomy.net\/es\/#organization"},"potentialAction":[{"@type":"SearchAction","target":{"@type":"EntryPoint","urlTemplate":"https:\/\/luxonomy.net\/es\/?s={search_term_string}"},"query-input":{"@type":"PropertyValueSpecification","valueRequired":true,"valueName":"search_term_string"}}],"inLanguage":"es"},{"@type":"Organization","@id":"https:\/\/luxonomy.net\/es\/#organization","name":"LUXONOMY","url":"https:\/\/luxonomy.net\/es\/","logo":{"@type":"ImageObject","inLanguage":"es","@id":"https:\/\/luxonomy.net\/es\/#\/schema\/logo\/image\/","url":"https:\/\/i2.wp.com\/luxonomy.net\/wp-content\/uploads\/2021\/09\/MOCKUP-TODOS-LUXONOMY.jpg?fit=1000%2C515&ssl=1","contentUrl":"https:\/\/i2.wp.com\/luxonomy.net\/wp-content\/uploads\/2021\/09\/MOCKUP-TODOS-LUXONOMY.jpg?fit=1000%2C515&ssl=1","width":1000,"height":515,"caption":"LUXONOMY"},"image":{"@id":"https:\/\/luxonomy.net\/es\/#\/schema\/logo\/image\/"},"sameAs":["https:\/\/www.facebook.com\/luxonomy","https:\/\/www.instagram.com\/luxonomy\/","https:\/\/www.linkedin.com\/company\/luxonomy\/"]},{"@type":"Person","@id":"https:\/\/luxonomy.net\/es\/#\/schema\/person\/aca186356f30a813f61bbf19ba52c031","name":"Pablo Guti\u00e9rrez-Rav\u00e9 Villal\u00f3n","image":{"@type":"ImageObject","inLanguage":"es","@id":"https:\/\/luxonomy.net\/wp-content\/litespeed\/avatar\/b80839bcd1d7840754b71e72cad801ce.jpg?ver=1788213692","url":"https:\/\/luxonomy.net\/wp-content\/litespeed\/avatar\/b80839bcd1d7840754b71e72cad801ce.jpg?ver=1788213692","contentUrl":"https:\/\/luxonomy.net\/wp-content\/litespeed\/avatar\/b80839bcd1d7840754b71e72cad801ce.jpg?ver=1788213692","caption":"Pablo Guti\u00e9rrez-Rav\u00e9 Villal\u00f3n"},"description":"president LUXONOMY\u2122 Group","sameAs":["https:\/\/www.linkedin.com\/in\/pablogutierrezrave\/"],"url":"https:\/\/luxonomy.net\/es\/author\/pablo\/"}]}},"jetpack_publicize_connections":[],"jetpack_shortlink":"https:\/\/wp.me\/paPhBa-5ud","jetpack_sharing_enabled":true,"jetpack_featured_media_url":"https:\/\/i0.wp.com\/luxonomy.net\/wp-content\/uploads\/2022\/03\/Nuestra-valoracio%CC%81n-de-la-Metaverse-Fashion-Week.jpg?fit=1800%2C1013&ssl=1","_links":{"self":[{"href":"https:\/\/luxonomy.net\/es\/wp-json\/wp\/v2\/posts\/21093","targetHints":{"allow":["GET"]}}],"collection":[{"href":"https:\/\/luxonomy.net\/es\/wp-json\/wp\/v2\/posts"}],"about":[{"href":"https:\/\/luxonomy.net\/es\/wp-json\/wp\/v2\/types\/post"}],"author":[{"embeddable":true,"href":"https:\/\/luxonomy.net\/es\/wp-json\/wp\/v2\/users\/19"}],"replies":[{"embeddable":true,"href":"https:\/\/luxonomy.net\/es\/wp-json\/wp\/v2\/comments?post=21093"}],"version-history":[{"count":4,"href":"https:\/\/luxonomy.net\/es\/wp-json\/wp\/v2\/posts\/21093\/revisions"}],"predecessor-version":[{"id":21098,"href":"https:\/\/luxonomy.net\/es\/wp-json\/wp\/v2\/posts\/21093\/revisions\/21098"}],"wp:featuredmedia":[{"embeddable":true,"href":"https:\/\/luxonomy.net\/es\/wp-json\/wp\/v2\/media\/21094"}],"wp:attachment":[{"href":"https:\/\/luxonomy.net\/es\/wp-json\/wp\/v2\/media?parent=21093"}],"wp:term":[{"taxonomy":"category","embeddable":true,"href":"https:\/\/luxonomy.net\/es\/wp-json\/wp\/v2\/categories?post=21093"},{"taxonomy":"post_tag","embeddable":true,"href":"https:\/\/luxonomy.net\/es\/wp-json\/wp\/v2\/tags?post=21093"},{"taxonomy":"thb-sponsors","embeddable":true,"href":"https:\/\/luxonomy.net\/es\/wp-json\/wp\/v2\/thb-sponsors?post=21093"}],"curies":[{"name":"wp","href":"https:\/\/api.w.org\/{rel}","templated":true}]}}