{"id":21051,"date":"2022-03-27T14:13:34","date_gmt":"2022-03-27T12:13:34","guid":{"rendered":"https:\/?p=21051"},"modified":"2022-03-28T12:50:33","modified_gmt":"2022-03-28T10:50:33","slug":"maserati-grecale-mas-de-300-cv-para-el-primer-electrico-de-la-marca","status":"publish","type":"post","link":"https:\/\/luxonomy.net\/es\/maserati-grecale-mas-de-300-cv-para-el-primer-electrico-de-la-marca\/","title":{"rendered":"Maserati Grecale: m\u00e1s de 300 CV para el primer el\u00e9ctrico de la marca"},"content":{"rendered":"<p>Maserati se adentra en la electrificaci\u00f3n completa. Maserati Grecale ser\u00e1 el primer SUV completamente el\u00e9ctrico de los italianos. Hasta entonces llegan versiones de gasolina microhibridadas con 300 y 330 CV que tambi\u00e9n contar\u00e1n con pegatina ECO.<\/p>\n<p>Despu\u00e9s del Levante, Maserati sigue abri\u00e9ndose un camino entre los SUV de lujo. Esta vez lo har\u00e1 con un hermano peque\u00f1o compacto que ofrece hasta tres versiones, con diferentes acabados y potencias. El nuevo SUV tambi\u00e9n contar\u00e1 con una PrimaSerie Launch Edition, una edici\u00f3n limitada con detalles exclusivos.<\/p>\n<p>El Maserati Grecale ahonda en las l\u00edneas que ya vimos en el Levante pero con una versi\u00f3n reducida, compactada. Como no pod\u00eda ser de otra manera, se repiten las formas curvas y los elementos distintivos de todo deportivo de la firma: tridente (en la parrilla y en el pilar C) y sus branquias laterales.<\/p><div id=\"luxon-1950146529\" class=\"luxon-3er-parrafo luxon-entity-placement\" style=\"margin-top: 20px;margin-bottom: 20px;margin-left: auto;margin-right: auto;text-align: center;\"><a href=\"https:\/\/luxonomy.university\/course\/master-turismo-de-lujo\" target=\"_blank\" aria-label=\"master-turismo-lujo-2026-2027\"><img loading=\"lazy\" decoding=\"async\" src=\"https:\/\/i0.wp.com\/luxonomy.net\/wp-content\/uploads\/2020\/07\/master-turismo-lujo-2026-2027.jpg?fit=1672%2C941&#038;ssl=1\" alt=\"\"  srcset=\"https:\/\/i0.wp.com\/luxonomy.net\/wp-content\/uploads\/2020\/07\/master-turismo-lujo-2026-2027.jpg?w=1672&ssl=1 1672w, https:\/\/i0.wp.com\/luxonomy.net\/wp-content\/uploads\/2020\/07\/master-turismo-lujo-2026-2027.jpg?resize=300%2C169&ssl=1 300w, https:\/\/i0.wp.com\/luxonomy.net\/wp-content\/uploads\/2020\/07\/master-turismo-lujo-2026-2027.jpg?resize=1024%2C576&ssl=1 1024w, https:\/\/i0.wp.com\/luxonomy.net\/wp-content\/uploads\/2020\/07\/master-turismo-lujo-2026-2027.jpg?resize=768%2C432&ssl=1 768w, https:\/\/i0.wp.com\/luxonomy.net\/wp-content\/uploads\/2020\/07\/master-turismo-lujo-2026-2027.jpg?resize=1536%2C864&ssl=1 1536w, https:\/\/i0.wp.com\/luxonomy.net\/wp-content\/uploads\/2020\/07\/master-turismo-lujo-2026-2027.jpg?resize=370%2C208&ssl=1 370w, https:\/\/i0.wp.com\/luxonomy.net\/wp-content\/uploads\/2020\/07\/master-turismo-lujo-2026-2027.jpg?resize=800%2C450&ssl=1 800w, https:\/\/i0.wp.com\/luxonomy.net\/wp-content\/uploads\/2020\/07\/master-turismo-lujo-2026-2027.jpg?resize=20%2C11&ssl=1 20w, https:\/\/i0.wp.com\/luxonomy.net\/wp-content\/uploads\/2020\/07\/master-turismo-lujo-2026-2027.jpg?resize=740%2C416&ssl=1 740w, https:\/\/i0.wp.com\/luxonomy.net\/wp-content\/uploads\/2020\/07\/master-turismo-lujo-2026-2027.jpg?resize=1600%2C900&ssl=1 1600w, https:\/\/i0.wp.com\/luxonomy.net\/wp-content\/uploads\/2020\/07\/master-turismo-lujo-2026-2027.jpg?resize=1200%2C675&ssl=1 1200w, https:\/\/i0.wp.com\/luxonomy.net\/wp-content\/uploads\/2020\/07\/master-turismo-lujo-2026-2027.jpg?resize=85%2C48&ssl=1 85w\" sizes=\"(max-width: 1170px) 100vw, 1170px\" class=\"no-lazyload\" width=\"1672\" height=\"941\"   \/><\/a><\/div>\n<p><img loading=\"lazy\" decoding=\"async\" data-attachment-id=\"21053\" data-permalink=\"https:\/\/luxonomy.net\/es\/maserati-grecale-mas-de-300-cv-para-el-primer-electrico-de-la-marca\/maserati-grecale-2-1-1024x576\/\" data-orig-file=\"https:\/\/i0.wp.com\/luxonomy.net\/wp-content\/uploads\/2022\/03\/maserati-grecale-2-1-1024x576-1.jpg?fit=1024%2C576&amp;ssl=1\" data-orig-size=\"1024,576\" data-comments-opened=\"1\" data-image-title=\"maserati-grecale-2-1-1024&amp;#215;576\" data-image-description=\"\" data-image-caption=\"\" data-large-file=\"https:\/\/i0.wp.com\/luxonomy.net\/wp-content\/uploads\/2022\/03\/maserati-grecale-2-1-1024x576-1.jpg?fit=1024%2C576&amp;ssl=1\" class=\"aligncenter wp-image-21053 size-full lazyload\" src=\"data:image\/gif;base64,R0lGODlhAQABAAAAACH5BAEKAAEALAAAAAABAAEAAAICTAEAOw==\" data-src=\"http:\/\/luxonomy.net\/wp-content\/uploads\/2022\/03\/maserati-grecale-2-1-1024x576-1.jpg\" alt=\"\" width=\"1024\" height=\"576\" data-sizes=\"auto\" data-srcset=\"https:\/\/i0.wp.com\/luxonomy.net\/wp-content\/uploads\/2022\/03\/maserati-grecale-2-1-1024x576-1.jpg?w=1024&amp;ssl=1 1024w, https:\/\/i0.wp.com\/luxonomy.net\/wp-content\/uploads\/2022\/03\/maserati-grecale-2-1-1024x576-1.jpg?resize=300%2C169&amp;ssl=1 300w, https:\/\/i0.wp.com\/luxonomy.net\/wp-content\/uploads\/2022\/03\/maserati-grecale-2-1-1024x576-1.jpg?resize=768%2C432&amp;ssl=1 768w, https:\/\/i0.wp.com\/luxonomy.net\/wp-content\/uploads\/2022\/03\/maserati-grecale-2-1-1024x576-1.jpg?resize=370%2C208&amp;ssl=1 370w, https:\/\/i0.wp.com\/luxonomy.net\/wp-content\/uploads\/2022\/03\/maserati-grecale-2-1-1024x576-1.jpg?resize=800%2C450&amp;ssl=1 800w, https:\/\/i0.wp.com\/luxonomy.net\/wp-content\/uploads\/2022\/03\/maserati-grecale-2-1-1024x576-1.jpg?resize=20%2C11&amp;ssl=1 20w, https:\/\/i0.wp.com\/luxonomy.net\/wp-content\/uploads\/2022\/03\/maserati-grecale-2-1-1024x576-1.jpg?resize=185%2C104&amp;ssl=1 185w, https:\/\/i0.wp.com\/luxonomy.net\/wp-content\/uploads\/2022\/03\/maserati-grecale-2-1-1024x576-1.jpg?resize=740%2C416&amp;ssl=1 740w, https:\/\/i0.wp.com\/luxonomy.net\/wp-content\/uploads\/2022\/03\/maserati-grecale-2-1-1024x576-1.jpg?resize=400%2C225&amp;ssl=1 400w, https:\/\/i0.wp.com\/luxonomy.net\/wp-content\/uploads\/2022\/03\/maserati-grecale-2-1-1024x576-1.jpg?resize=85%2C48&amp;ssl=1 85w\" sizes=\"auto, (max-width: 1024px) 100vw, 1024px\" \/><\/p>\n<p>De momento, llega con tres versiones de gasolina, siendo las dos primeras opciones con microhibridaci\u00f3n que les permitir\u00e1 obtener la etiqueta ECO de la DGT. La versi\u00f3n tope de gama le corresponde a la denominada Trofeo, con un motor V6 de 3 litros y 530 CV. Abre la oferta la Grecale GT, con un cuatro cilindros de 300 CV. Entre medias, la Modena alcanza los 330 CV, repitiendo propulsor de cuatro cilindros.<\/p>\n<p>Terminar\u00e1 por completar la gama el Glecare Folgore, su versi\u00f3n completamente el\u00e9ctrica de la que, de momento, s\u00f3lo sabemos que tendr\u00e1 tecnolog\u00eda de 400 Voltios. Hasta ahora, los veh\u00edculos punteros en este sentido vienen equipados con tecnolog\u00eda de 800 Voltios, como el Porsche Taycan, el Hyundai Ioniq 5 o el Kia EV6.<\/p>\n<p>Por dentro, destaca la pantalla t\u00e1ctil m\u00e1s grande que se ha visto en un Maserati, con 12,3 pulgadas. A \u00e9sta, encargada de controlar el sistema multimedia como parece en las fotos, le acompa\u00f1ar\u00e1 una de 8,8 pulgadas para aglutinar algunos comandos adicionales referentes a las luces o la climatizaci\u00f3n. Las plazas traseras tambi\u00e9n contar\u00e1n con su propia pantalla t\u00e1ctil. Su tradicional reloj central pasa a ser digital.<\/p>\n<p>La experiencia de uso correr\u00e1 a cargo del sistema multimedia Maserati Intelligent Assistant (MIA), su sistema de infoentretenimiento de \u00faltima generaci\u00f3n, con Maserati Connect y basado en Android Automotive, con funci\u00f3n &#8220;Hey Maserati&#8221; para los comandos de voz. Se podr\u00e1 incluir el sistema de sonido envolvente Sonus faber 3D, con 14 o 21 altavoces, seg\u00fan el acabado elegido.<\/p><div id=\"luxon-4233539536\" class=\"luxon-7-parrafo luxon-entity-placement\" style=\"margin-top: 20px;margin-bottom: 20px;margin-left: auto;margin-right: auto;text-align: center;\"><a href=\"https:\/\/theintelligence.institute\/course\/inteligencia-artificial-para-directivos\" target=\"_blank\" aria-label=\"CSIAD_empresas_THEI_horizontal_4x3_v5\"><img loading=\"lazy\" decoding=\"async\" src=\"https:\/\/i0.wp.com\/luxonomy.net\/wp-content\/uploads\/2025\/08\/CSIAD_empresas_THEI_horizontal_4x3_v5.png?fit=2000%2C1500&#038;ssl=1\" alt=\"\"  srcset=\"https:\/\/i0.wp.com\/luxonomy.net\/wp-content\/uploads\/2025\/08\/CSIAD_empresas_THEI_horizontal_4x3_v5.png?w=2000&ssl=1 2000w, https:\/\/i0.wp.com\/luxonomy.net\/wp-content\/uploads\/2025\/08\/CSIAD_empresas_THEI_horizontal_4x3_v5.png?resize=300%2C225&ssl=1 300w, https:\/\/i0.wp.com\/luxonomy.net\/wp-content\/uploads\/2025\/08\/CSIAD_empresas_THEI_horizontal_4x3_v5.png?resize=1024%2C768&ssl=1 1024w, https:\/\/i0.wp.com\/luxonomy.net\/wp-content\/uploads\/2025\/08\/CSIAD_empresas_THEI_horizontal_4x3_v5.png?resize=768%2C576&ssl=1 768w, https:\/\/i0.wp.com\/luxonomy.net\/wp-content\/uploads\/2025\/08\/CSIAD_empresas_THEI_horizontal_4x3_v5.png?resize=1536%2C1152&ssl=1 1536w, https:\/\/i0.wp.com\/luxonomy.net\/wp-content\/uploads\/2025\/08\/CSIAD_empresas_THEI_horizontal_4x3_v5.png?resize=370%2C278&ssl=1 370w, https:\/\/i0.wp.com\/luxonomy.net\/wp-content\/uploads\/2025\/08\/CSIAD_empresas_THEI_horizontal_4x3_v5.png?resize=800%2C600&ssl=1 800w, https:\/\/i0.wp.com\/luxonomy.net\/wp-content\/uploads\/2025\/08\/CSIAD_empresas_THEI_horizontal_4x3_v5.png?resize=20%2C15&ssl=1 20w, https:\/\/i0.wp.com\/luxonomy.net\/wp-content\/uploads\/2025\/08\/CSIAD_empresas_THEI_horizontal_4x3_v5.png?resize=740%2C555&ssl=1 740w, https:\/\/i0.wp.com\/luxonomy.net\/wp-content\/uploads\/2025\/08\/CSIAD_empresas_THEI_horizontal_4x3_v5.png?resize=1600%2C1200&ssl=1 1600w, https:\/\/i0.wp.com\/luxonomy.net\/wp-content\/uploads\/2025\/08\/CSIAD_empresas_THEI_horizontal_4x3_v5.png?resize=1200%2C900&ssl=1 1200w, https:\/\/i0.wp.com\/luxonomy.net\/wp-content\/uploads\/2025\/08\/CSIAD_empresas_THEI_horizontal_4x3_v5.png?resize=64%2C48&ssl=1 64w\" sizes=\"(max-width: 1170px) 100vw, 1170px\" class=\"no-lazyload\" width=\"2000\" height=\"1500\"   \/><\/a><\/div>\n<p>A nivel din\u00e1mico, el Maserati Grecale contar\u00e1 con su Vehicle Dynamic Control Module (VDCM), el cual contar\u00e1 con los siguientes modos de conducci\u00f3n: Confort, GT, Sport, Corsa (exclusivo para la versi\u00f3n Trofeo) y Off-Road.<\/p>\n","protected":false},"excerpt":{"rendered":"<p>Maserati se adentra en la electrificaci\u00f3n completa. Maserati Grecale ser\u00e1 el primer SUV completamente el\u00e9ctrico de los italianos. Hasta entonces llegan versiones de gasolina microhibridadas con 300 y 330 CV que tambi\u00e9n contar\u00e1n con pegatina ECO. Despu\u00e9s del Levante, Maserati sigue abri\u00e9ndose un camino entre los SUV de lujo. Esta vez lo har\u00e1 con un&hellip;<\/p>\n","protected":false},"author":1,"featured_media":21052,"comment_status":"open","ping_status":"open","sticky":false,"template":"","format":"standard","meta":{"_jetpack_newsletter_access":"","_jetpack_dont_email_post_to_subs":false,"_jetpack_newsletter_tier_id":0,"_jetpack_memberships_contains_paywalled_content":false,"_jetpack_feature_clip_id":0,"_jetpack_memberships_contains_paid_content":false,"footnotes":"","jetpack_publicize_message":"Maserati Grecale: m\u00e1s de 300 CV para el primer el\u00e9ctrico de la marca. Maserati se adentra en la electrificaci\u00f3n completa. Maserati Grecale ser\u00e1 el primer SUV completamente el\u00e9ctrico de los italianos. Hasta entonces llegan versiones de gasolina microhibridadas con 300 y 330 CV que tambi\u00e9n contar\u00e1n con pegatina ECO. #Maserati #motor #ecolujo #ecoluxury","jetpack_publicize_feature_enabled":true,"jetpack_social_post_already_shared":true,"jetpack_social_options":{"image_generator_settings":{"template":"edge","default_image_id":0,"font":"","enabled":false},"version":2},"jetpack_post_was_ever_published":false},"categories":[296,688],"tags":[808,233,707,222],"thb-sponsors":[],"class_list":["post-21051","post","type-post","status-publish","format-standard","has-post-thumbnail","hentry","category-motor","category-sostenibilidad","tag-ecolujo","tag-ecoluxury","tag-maserati","tag-motor"],"yoast_head":"<!-- This site is optimized with the Yoast SEO plugin v28.4 - https:\/\/yoast.com\/product\/yoast-seo-wordpress\/ -->\n<title>Maserati Grecale: m\u00e1s de 300 CV para el primer el\u00e9ctrico de la marca | LUXONOMY<\/title>\n<meta name=\"robots\" content=\"index, follow, max-snippet:-1, max-image-preview:large, max-video-preview:-1\" \/>\n<link rel=\"canonical\" href=\"https:\/\/luxonomy.net\/es\/maserati-grecale-mas-de-300-cv-para-el-primer-electrico-de-la-marca\/\" \/>\n<meta property=\"og:locale\" content=\"es_ES\" \/>\n<meta property=\"og:type\" content=\"article\" \/>\n<meta property=\"og:title\" content=\"Maserati Grecale: m\u00e1s de 300 CV para el primer el\u00e9ctrico de la marca | LUXONOMY\" \/>\n<meta property=\"og:description\" content=\"Maserati se adentra en la electrificaci\u00f3n completa. Maserati Grecale ser\u00e1 el primer SUV completamente el\u00e9ctrico de los italianos. Hasta entonces llegan versiones de gasolina microhibridadas con 300 y 330 CV que tambi\u00e9n contar\u00e1n con pegatina ECO. Despu\u00e9s del Levante, Maserati sigue abri\u00e9ndose un camino entre los SUV de lujo. Esta vez lo har\u00e1 con un&hellip;\" \/>\n<meta property=\"og:url\" content=\"https:\/\/luxonomy.net\/es\/maserati-grecale-mas-de-300-cv-para-el-primer-electrico-de-la-marca\/\" \/>\n<meta property=\"og:site_name\" content=\"LUXONOMY\" \/>\n<meta property=\"article:publisher\" content=\"https:\/\/www.facebook.com\/luxonomy\" \/>\n<meta property=\"article:published_time\" content=\"2022-03-27T12:13:34+00:00\" \/>\n<meta property=\"article:modified_time\" content=\"2022-03-28T10:50:33+00:00\" \/>\n<meta property=\"og:image\" content=\"https:\/\/i0.wp.com\/luxonomy.net\/wp-content\/uploads\/2022\/03\/Maserati-Grecale-ma%CC%81s-de-300-CV-para-el-primer-ele%CC%81ctrico-de-la-marca.jpg?fit=1366%2C984&quality=89&ssl=1\" \/>\n\t<meta property=\"og:image:width\" content=\"1366\" \/>\n\t<meta property=\"og:image:height\" content=\"984\" \/>\n\t<meta property=\"og:image:type\" content=\"image\/jpeg\" \/>\n<meta name=\"author\" content=\"LUXONOMY\" \/>\n<meta name=\"twitter:card\" content=\"summary_large_image\" \/>\n<meta name=\"twitter:label1\" content=\"Escrito por\" \/>\n\t<meta name=\"twitter:data1\" content=\"LUXONOMY\" \/>\n\t<meta name=\"twitter:label2\" content=\"Tiempo de lectura\" \/>\n\t<meta name=\"twitter:data2\" content=\"3 minutos\" \/>\n<script type=\"application\/ld+json\" class=\"yoast-schema-graph\">{\"@context\":\"https:\\\/\\\/schema.org\",\"@graph\":[{\"@type\":\"Article\",\"@id\":\"https:\\\/\\\/luxonomy.net\\\/es\\\/maserati-grecale-mas-de-300-cv-para-el-primer-electrico-de-la-marca\\\/#article\",\"isPartOf\":{\"@id\":\"https:\\\/\\\/luxonomy.net\\\/es\\\/maserati-grecale-mas-de-300-cv-para-el-primer-electrico-de-la-marca\\\/\"},\"author\":{\"name\":\"LUXONOMY\",\"@id\":\"https:\\\/\\\/luxonomy.net\\\/es\\\/#\\\/schema\\\/person\\\/ca588d8b741a1fdd9065289c8d98ee8c\"},\"headline\":\"Maserati Grecale: m\u00e1s de 300 CV para el primer el\u00e9ctrico de la marca\",\"datePublished\":\"2022-03-27T12:13:34+00:00\",\"dateModified\":\"2022-03-28T10:50:33+00:00\",\"mainEntityOfPage\":{\"@id\":\"https:\\\/\\\/luxonomy.net\\\/es\\\/maserati-grecale-mas-de-300-cv-para-el-primer-electrico-de-la-marca\\\/\"},\"wordCount\":455,\"commentCount\":0,\"publisher\":{\"@id\":\"https:\\\/\\\/luxonomy.net\\\/es\\\/#organization\"},\"image\":{\"@id\":\"https:\\\/\\\/luxonomy.net\\\/es\\\/maserati-grecale-mas-de-300-cv-para-el-primer-electrico-de-la-marca\\\/#primaryimage\"},\"thumbnailUrl\":\"https:\\\/\\\/i0.wp.com\\\/luxonomy.net\\\/wp-content\\\/uploads\\\/2022\\\/03\\\/Maserati-Grecale-ma%CC%81s-de-300-CV-para-el-primer-ele%CC%81ctrico-de-la-marca.jpg?fit=1366%2C984&ssl=1\",\"keywords\":[\"Ecolujo\",\"ecoluxury\",\"Maserati\",\"motor\"],\"articleSection\":[\"Motor\",\"Sostenibilidad\"],\"inLanguage\":\"es\",\"potentialAction\":[{\"@type\":\"CommentAction\",\"name\":\"Comment\",\"target\":[\"https:\\\/\\\/luxonomy.net\\\/es\\\/maserati-grecale-mas-de-300-cv-para-el-primer-electrico-de-la-marca\\\/#respond\"]}]},{\"@type\":\"WebPage\",\"@id\":\"https:\\\/\\\/luxonomy.net\\\/es\\\/maserati-grecale-mas-de-300-cv-para-el-primer-electrico-de-la-marca\\\/\",\"url\":\"https:\\\/\\\/luxonomy.net\\\/es\\\/maserati-grecale-mas-de-300-cv-para-el-primer-electrico-de-la-marca\\\/\",\"name\":\"Maserati Grecale: m\u00e1s de 300 CV para el primer el\u00e9ctrico de la marca | LUXONOMY\",\"isPartOf\":{\"@id\":\"https:\\\/\\\/luxonomy.net\\\/es\\\/#website\"},\"primaryImageOfPage\":{\"@id\":\"https:\\\/\\\/luxonomy.net\\\/es\\\/maserati-grecale-mas-de-300-cv-para-el-primer-electrico-de-la-marca\\\/#primaryimage\"},\"image\":{\"@id\":\"https:\\\/\\\/luxonomy.net\\\/es\\\/maserati-grecale-mas-de-300-cv-para-el-primer-electrico-de-la-marca\\\/#primaryimage\"},\"thumbnailUrl\":\"https:\\\/\\\/i0.wp.com\\\/luxonomy.net\\\/wp-content\\\/uploads\\\/2022\\\/03\\\/Maserati-Grecale-ma%CC%81s-de-300-CV-para-el-primer-ele%CC%81ctrico-de-la-marca.jpg?fit=1366%2C984&ssl=1\",\"datePublished\":\"2022-03-27T12:13:34+00:00\",\"dateModified\":\"2022-03-28T10:50:33+00:00\",\"breadcrumb\":{\"@id\":\"https:\\\/\\\/luxonomy.net\\\/es\\\/maserati-grecale-mas-de-300-cv-para-el-primer-electrico-de-la-marca\\\/#breadcrumb\"},\"inLanguage\":\"es\",\"potentialAction\":[{\"@type\":\"ReadAction\",\"target\":[\"https:\\\/\\\/luxonomy.net\\\/es\\\/maserati-grecale-mas-de-300-cv-para-el-primer-electrico-de-la-marca\\\/\"]}]},{\"@type\":\"ImageObject\",\"inLanguage\":\"es\",\"@id\":\"https:\\\/\\\/luxonomy.net\\\/es\\\/maserati-grecale-mas-de-300-cv-para-el-primer-electrico-de-la-marca\\\/#primaryimage\",\"url\":\"https:\\\/\\\/i0.wp.com\\\/luxonomy.net\\\/wp-content\\\/uploads\\\/2022\\\/03\\\/Maserati-Grecale-ma%CC%81s-de-300-CV-para-el-primer-ele%CC%81ctrico-de-la-marca.jpg?fit=1366%2C984&ssl=1\",\"contentUrl\":\"https:\\\/\\\/i0.wp.com\\\/luxonomy.net\\\/wp-content\\\/uploads\\\/2022\\\/03\\\/Maserati-Grecale-ma%CC%81s-de-300-CV-para-el-primer-ele%CC%81ctrico-de-la-marca.jpg?fit=1366%2C984&ssl=1\",\"width\":1366,\"height\":984},{\"@type\":\"BreadcrumbList\",\"@id\":\"https:\\\/\\\/luxonomy.net\\\/es\\\/maserati-grecale-mas-de-300-cv-para-el-primer-electrico-de-la-marca\\\/#breadcrumb\",\"itemListElement\":[{\"@type\":\"ListItem\",\"position\":1,\"name\":\"Portada\",\"item\":\"https:\\\/\\\/luxonomy.net\\\/es\\\/\"},{\"@type\":\"ListItem\",\"position\":2,\"name\":\"Maserati Grecale: m\u00e1s de 300 CV para el primer el\u00e9ctrico de la marca\"}]},{\"@type\":\"WebSite\",\"@id\":\"https:\\\/\\\/luxonomy.net\\\/es\\\/#website\",\"url\":\"https:\\\/\\\/luxonomy.net\\\/es\\\/\",\"name\":\"LUXONOMY\",\"description\":\"The Economy of Fashion &amp; Luxury\",\"publisher\":{\"@id\":\"https:\\\/\\\/luxonomy.net\\\/es\\\/#organization\"},\"potentialAction\":[{\"@type\":\"SearchAction\",\"target\":{\"@type\":\"EntryPoint\",\"urlTemplate\":\"https:\\\/\\\/luxonomy.net\\\/es\\\/?s={search_term_string}\"},\"query-input\":{\"@type\":\"PropertyValueSpecification\",\"valueRequired\":true,\"valueName\":\"search_term_string\"}}],\"inLanguage\":\"es\"},{\"@type\":\"Organization\",\"@id\":\"https:\\\/\\\/luxonomy.net\\\/es\\\/#organization\",\"name\":\"LUXONOMY\",\"url\":\"https:\\\/\\\/luxonomy.net\\\/es\\\/\",\"logo\":{\"@type\":\"ImageObject\",\"inLanguage\":\"es\",\"@id\":\"https:\\\/\\\/luxonomy.net\\\/es\\\/#\\\/schema\\\/logo\\\/image\\\/\",\"url\":\"https:\\\/\\\/i2.wp.com\\\/luxonomy.net\\\/wp-content\\\/uploads\\\/2021\\\/09\\\/MOCKUP-TODOS-LUXONOMY.jpg?fit=1000%2C515&ssl=1\",\"contentUrl\":\"https:\\\/\\\/i2.wp.com\\\/luxonomy.net\\\/wp-content\\\/uploads\\\/2021\\\/09\\\/MOCKUP-TODOS-LUXONOMY.jpg?fit=1000%2C515&ssl=1\",\"width\":1000,\"height\":515,\"caption\":\"LUXONOMY\"},\"image\":{\"@id\":\"https:\\\/\\\/luxonomy.net\\\/es\\\/#\\\/schema\\\/logo\\\/image\\\/\"},\"sameAs\":[\"https:\\\/\\\/www.facebook.com\\\/luxonomy\",\"https:\\\/\\\/www.instagram.com\\\/luxonomy\\\/\",\"https:\\\/\\\/www.linkedin.com\\\/company\\\/luxonomy\\\/\"]},{\"@type\":\"Person\",\"@id\":\"https:\\\/\\\/luxonomy.net\\\/es\\\/#\\\/schema\\\/person\\\/ca588d8b741a1fdd9065289c8d98ee8c\",\"name\":\"LUXONOMY\",\"image\":{\"@type\":\"ImageObject\",\"inLanguage\":\"es\",\"@id\":\"https:\\\/\\\/luxonomy.net\\\/wp-content\\\/litespeed\\\/avatar\\\/a6436cdb14fdaf9c21808e63d0da2055.jpg?ver=1788366758\",\"url\":\"https:\\\/\\\/luxonomy.net\\\/wp-content\\\/litespeed\\\/avatar\\\/a6436cdb14fdaf9c21808e63d0da2055.jpg?ver=1788366758\",\"contentUrl\":\"https:\\\/\\\/luxonomy.net\\\/wp-content\\\/litespeed\\\/avatar\\\/a6436cdb14fdaf9c21808e63d0da2055.jpg?ver=1788366758\",\"caption\":\"LUXONOMY\"},\"sameAs\":[\"https:\\\/\"],\"url\":\"https:\\\/\\\/luxonomy.net\\\/es\\\/author\\\/luxonomy\\\/\"}]}<\/script>\n<!-- \/ Yoast SEO plugin. -->","yoast_head_json":{"title":"Maserati Grecale: m\u00e1s de 300 CV para el primer el\u00e9ctrico de la marca | LUXONOMY","robots":{"index":"index","follow":"follow","max-snippet":"max-snippet:-1","max-image-preview":"max-image-preview:large","max-video-preview":"max-video-preview:-1"},"canonical":"https:\/\/luxonomy.net\/es\/maserati-grecale-mas-de-300-cv-para-el-primer-electrico-de-la-marca\/","og_locale":"es_ES","og_type":"article","og_title":"Maserati Grecale: m\u00e1s de 300 CV para el primer el\u00e9ctrico de la marca | LUXONOMY","og_description":"Maserati se adentra en la electrificaci\u00f3n completa. Maserati Grecale ser\u00e1 el primer SUV completamente el\u00e9ctrico de los italianos. Hasta entonces llegan versiones de gasolina microhibridadas con 300 y 330 CV que tambi\u00e9n contar\u00e1n con pegatina ECO. Despu\u00e9s del Levante, Maserati sigue abri\u00e9ndose un camino entre los SUV de lujo. Esta vez lo har\u00e1 con un&hellip;","og_url":"https:\/\/luxonomy.net\/es\/maserati-grecale-mas-de-300-cv-para-el-primer-electrico-de-la-marca\/","og_site_name":"LUXONOMY","article_publisher":"https:\/\/www.facebook.com\/luxonomy","article_published_time":"2022-03-27T12:13:34+00:00","article_modified_time":"2022-03-28T10:50:33+00:00","og_image":[{"width":1366,"height":984,"url":"https:\/\/i0.wp.com\/luxonomy.net\/wp-content\/uploads\/2022\/03\/Maserati-Grecale-ma%CC%81s-de-300-CV-para-el-primer-ele%CC%81ctrico-de-la-marca.jpg?fit=1366%2C984&quality=89&ssl=1","type":"image\/jpeg"}],"author":"LUXONOMY","twitter_card":"summary_large_image","twitter_misc":{"Escrito por":"LUXONOMY","Tiempo de lectura":"3 minutos"},"schema":{"@context":"https:\/\/schema.org","@graph":[{"@type":"Article","@id":"https:\/\/luxonomy.net\/es\/maserati-grecale-mas-de-300-cv-para-el-primer-electrico-de-la-marca\/#article","isPartOf":{"@id":"https:\/\/luxonomy.net\/es\/maserati-grecale-mas-de-300-cv-para-el-primer-electrico-de-la-marca\/"},"author":{"name":"LUXONOMY","@id":"https:\/\/luxonomy.net\/es\/#\/schema\/person\/ca588d8b741a1fdd9065289c8d98ee8c"},"headline":"Maserati Grecale: m\u00e1s de 300 CV para el primer el\u00e9ctrico de la marca","datePublished":"2022-03-27T12:13:34+00:00","dateModified":"2022-03-28T10:50:33+00:00","mainEntityOfPage":{"@id":"https:\/\/luxonomy.net\/es\/maserati-grecale-mas-de-300-cv-para-el-primer-electrico-de-la-marca\/"},"wordCount":455,"commentCount":0,"publisher":{"@id":"https:\/\/luxonomy.net\/es\/#organization"},"image":{"@id":"https:\/\/luxonomy.net\/es\/maserati-grecale-mas-de-300-cv-para-el-primer-electrico-de-la-marca\/#primaryimage"},"thumbnailUrl":"https:\/\/i0.wp.com\/luxonomy.net\/wp-content\/uploads\/2022\/03\/Maserati-Grecale-ma%CC%81s-de-300-CV-para-el-primer-ele%CC%81ctrico-de-la-marca.jpg?fit=1366%2C984&ssl=1","keywords":["Ecolujo","ecoluxury","Maserati","motor"],"articleSection":["Motor","Sostenibilidad"],"inLanguage":"es","potentialAction":[{"@type":"CommentAction","name":"Comment","target":["https:\/\/luxonomy.net\/es\/maserati-grecale-mas-de-300-cv-para-el-primer-electrico-de-la-marca\/#respond"]}]},{"@type":"WebPage","@id":"https:\/\/luxonomy.net\/es\/maserati-grecale-mas-de-300-cv-para-el-primer-electrico-de-la-marca\/","url":"https:\/\/luxonomy.net\/es\/maserati-grecale-mas-de-300-cv-para-el-primer-electrico-de-la-marca\/","name":"Maserati Grecale: m\u00e1s de 300 CV para el primer el\u00e9ctrico de la marca | LUXONOMY","isPartOf":{"@id":"https:\/\/luxonomy.net\/es\/#website"},"primaryImageOfPage":{"@id":"https:\/\/luxonomy.net\/es\/maserati-grecale-mas-de-300-cv-para-el-primer-electrico-de-la-marca\/#primaryimage"},"image":{"@id":"https:\/\/luxonomy.net\/es\/maserati-grecale-mas-de-300-cv-para-el-primer-electrico-de-la-marca\/#primaryimage"},"thumbnailUrl":"https:\/\/i0.wp.com\/luxonomy.net\/wp-content\/uploads\/2022\/03\/Maserati-Grecale-ma%CC%81s-de-300-CV-para-el-primer-ele%CC%81ctrico-de-la-marca.jpg?fit=1366%2C984&ssl=1","datePublished":"2022-03-27T12:13:34+00:00","dateModified":"2022-03-28T10:50:33+00:00","breadcrumb":{"@id":"https:\/\/luxonomy.net\/es\/maserati-grecale-mas-de-300-cv-para-el-primer-electrico-de-la-marca\/#breadcrumb"},"inLanguage":"es","potentialAction":[{"@type":"ReadAction","target":["https:\/\/luxonomy.net\/es\/maserati-grecale-mas-de-300-cv-para-el-primer-electrico-de-la-marca\/"]}]},{"@type":"ImageObject","inLanguage":"es","@id":"https:\/\/luxonomy.net\/es\/maserati-grecale-mas-de-300-cv-para-el-primer-electrico-de-la-marca\/#primaryimage","url":"https:\/\/i0.wp.com\/luxonomy.net\/wp-content\/uploads\/2022\/03\/Maserati-Grecale-ma%CC%81s-de-300-CV-para-el-primer-ele%CC%81ctrico-de-la-marca.jpg?fit=1366%2C984&ssl=1","contentUrl":"https:\/\/i0.wp.com\/luxonomy.net\/wp-content\/uploads\/2022\/03\/Maserati-Grecale-ma%CC%81s-de-300-CV-para-el-primer-ele%CC%81ctrico-de-la-marca.jpg?fit=1366%2C984&ssl=1","width":1366,"height":984},{"@type":"BreadcrumbList","@id":"https:\/\/luxonomy.net\/es\/maserati-grecale-mas-de-300-cv-para-el-primer-electrico-de-la-marca\/#breadcrumb","itemListElement":[{"@type":"ListItem","position":1,"name":"Portada","item":"https:\/\/luxonomy.net\/es\/"},{"@type":"ListItem","position":2,"name":"Maserati Grecale: m\u00e1s de 300 CV para el primer el\u00e9ctrico de la marca"}]},{"@type":"WebSite","@id":"https:\/\/luxonomy.net\/es\/#website","url":"https:\/\/luxonomy.net\/es\/","name":"LUXONOMY","description":"The Economy of Fashion &amp; Luxury","publisher":{"@id":"https:\/\/luxonomy.net\/es\/#organization"},"potentialAction":[{"@type":"SearchAction","target":{"@type":"EntryPoint","urlTemplate":"https:\/\/luxonomy.net\/es\/?s={search_term_string}"},"query-input":{"@type":"PropertyValueSpecification","valueRequired":true,"valueName":"search_term_string"}}],"inLanguage":"es"},{"@type":"Organization","@id":"https:\/\/luxonomy.net\/es\/#organization","name":"LUXONOMY","url":"https:\/\/luxonomy.net\/es\/","logo":{"@type":"ImageObject","inLanguage":"es","@id":"https:\/\/luxonomy.net\/es\/#\/schema\/logo\/image\/","url":"https:\/\/i2.wp.com\/luxonomy.net\/wp-content\/uploads\/2021\/09\/MOCKUP-TODOS-LUXONOMY.jpg?fit=1000%2C515&ssl=1","contentUrl":"https:\/\/i2.wp.com\/luxonomy.net\/wp-content\/uploads\/2021\/09\/MOCKUP-TODOS-LUXONOMY.jpg?fit=1000%2C515&ssl=1","width":1000,"height":515,"caption":"LUXONOMY"},"image":{"@id":"https:\/\/luxonomy.net\/es\/#\/schema\/logo\/image\/"},"sameAs":["https:\/\/www.facebook.com\/luxonomy","https:\/\/www.instagram.com\/luxonomy\/","https:\/\/www.linkedin.com\/company\/luxonomy\/"]},{"@type":"Person","@id":"https:\/\/luxonomy.net\/es\/#\/schema\/person\/ca588d8b741a1fdd9065289c8d98ee8c","name":"LUXONOMY","image":{"@type":"ImageObject","inLanguage":"es","@id":"https:\/\/luxonomy.net\/wp-content\/litespeed\/avatar\/a6436cdb14fdaf9c21808e63d0da2055.jpg?ver=1788366758","url":"https:\/\/luxonomy.net\/wp-content\/litespeed\/avatar\/a6436cdb14fdaf9c21808e63d0da2055.jpg?ver=1788366758","contentUrl":"https:\/\/luxonomy.net\/wp-content\/litespeed\/avatar\/a6436cdb14fdaf9c21808e63d0da2055.jpg?ver=1788366758","caption":"LUXONOMY"},"sameAs":["https:\/"],"url":"https:\/\/luxonomy.net\/es\/author\/luxonomy\/"}]}},"jetpack_publicize_connections":[],"jetpack_shortlink":"https:\/\/wp.me\/paPhBa-5tx","jetpack_sharing_enabled":true,"jetpack_featured_media_url":"https:\/\/i0.wp.com\/luxonomy.net\/wp-content\/uploads\/2022\/03\/Maserati-Grecale-ma%CC%81s-de-300-CV-para-el-primer-ele%CC%81ctrico-de-la-marca.jpg?fit=1366%2C984&ssl=1","_links":{"self":[{"href":"https:\/\/luxonomy.net\/es\/wp-json\/wp\/v2\/posts\/21051","targetHints":{"allow":["GET"]}}],"collection":[{"href":"https:\/\/luxonomy.net\/es\/wp-json\/wp\/v2\/posts"}],"about":[{"href":"https:\/\/luxonomy.net\/es\/wp-json\/wp\/v2\/types\/post"}],"author":[{"embeddable":true,"href":"https:\/\/luxonomy.net\/es\/wp-json\/wp\/v2\/users\/1"}],"replies":[{"embeddable":true,"href":"https:\/\/luxonomy.net\/es\/wp-json\/wp\/v2\/comments?post=21051"}],"version-history":[{"count":1,"href":"https:\/\/luxonomy.net\/es\/wp-json\/wp\/v2\/posts\/21051\/revisions"}],"predecessor-version":[{"id":21054,"href":"https:\/\/luxonomy.net\/es\/wp-json\/wp\/v2\/posts\/21051\/revisions\/21054"}],"wp:featuredmedia":[{"embeddable":true,"href":"https:\/\/luxonomy.net\/es\/wp-json\/wp\/v2\/media\/21052"}],"wp:attachment":[{"href":"https:\/\/luxonomy.net\/es\/wp-json\/wp\/v2\/media?parent=21051"}],"wp:term":[{"taxonomy":"category","embeddable":true,"href":"https:\/\/luxonomy.net\/es\/wp-json\/wp\/v2\/categories?post=21051"},{"taxonomy":"post_tag","embeddable":true,"href":"https:\/\/luxonomy.net\/es\/wp-json\/wp\/v2\/tags?post=21051"},{"taxonomy":"thb-sponsors","embeddable":true,"href":"https:\/\/luxonomy.net\/es\/wp-json\/wp\/v2\/thb-sponsors?post=21051"}],"curies":[{"name":"wp","href":"https:\/\/api.w.org\/{rel}","templated":true}]}}