{"id":21042,"date":"2022-03-25T12:06:20","date_gmt":"2022-03-25T11:06:20","guid":{"rendered":"https:\/?p=21042"},"modified":"2022-08-31T12:13:55","modified_gmt":"2022-08-31T10:13:55","slug":"premio-lvmh-2022-para-jovenes-disenadores-de-moda-9a-edicion-lvmh-anuncia-la-lista-de-los-8-finalistas","status":"publish","type":"post","link":"https:\/\/luxonomy.net\/es\/premio-lvmh-2022-para-jovenes-disenadores-de-moda-9a-edicion-lvmh-anuncia-la-lista-de-los-8-finalistas\/","title":{"rendered":"Premio LVMH 2022 para j\u00f3venes dise\u00f1adores de moda, 9\u00aa edici\u00f3n: LVMH anuncia la lista de los 8 finalistas"},"content":{"rendered":"<p>La <strong>semifinal del Premio LVMH<\/strong> tuvo lugar del 4 al 9 de marzo de 2022. <strong>Diecinueve j\u00f3venes dise\u00f1adores seleccionados entre los 1.900 candidatos<\/strong> presentaron sus colecciones durante el showroom y en su plataforma digital, <a href=\"https:\/\/www.lvmhprize.com\/\" target=\"_blank\" rel=\"noopener\">lvmhprize.com<\/a><\/p>\n<p>El <strong>comit\u00e9 de Expertos del Premio<\/strong> y, por segunda vez, el p\u00fablico en general, <strong>seleccionaron ocho marcas que competir\u00e1n en la final.<\/strong><\/p>\n<p>Los dise\u00f1adores presentar\u00e1n sus colecciones al Jurado con motivo de la <strong>final en la Fundaci\u00f3n Louis Vuitton<\/strong>.<\/p><div id=\"luxon-3965347512\" class=\"luxon-3er-parrafo luxon-entity-placement\" style=\"margin-top: 20px;margin-bottom: 20px;margin-left: auto;margin-right: auto;text-align: center;\"><a href=\"https:\/\/luxonomy.university\/course\/master-turismo-de-lujo\" target=\"_blank\" aria-label=\"master-turismo-lujo-2026-2027\"><img loading=\"lazy\" decoding=\"async\" src=\"https:\/\/i0.wp.com\/luxonomy.net\/wp-content\/uploads\/2020\/07\/master-turismo-lujo-2026-2027.jpg?fit=1672%2C941&#038;ssl=1\" alt=\"\"  srcset=\"https:\/\/i0.wp.com\/luxonomy.net\/wp-content\/uploads\/2020\/07\/master-turismo-lujo-2026-2027.jpg?w=1672&ssl=1 1672w, https:\/\/i0.wp.com\/luxonomy.net\/wp-content\/uploads\/2020\/07\/master-turismo-lujo-2026-2027.jpg?resize=300%2C169&ssl=1 300w, https:\/\/i0.wp.com\/luxonomy.net\/wp-content\/uploads\/2020\/07\/master-turismo-lujo-2026-2027.jpg?resize=1024%2C576&ssl=1 1024w, https:\/\/i0.wp.com\/luxonomy.net\/wp-content\/uploads\/2020\/07\/master-turismo-lujo-2026-2027.jpg?resize=768%2C432&ssl=1 768w, https:\/\/i0.wp.com\/luxonomy.net\/wp-content\/uploads\/2020\/07\/master-turismo-lujo-2026-2027.jpg?resize=1536%2C864&ssl=1 1536w, https:\/\/i0.wp.com\/luxonomy.net\/wp-content\/uploads\/2020\/07\/master-turismo-lujo-2026-2027.jpg?resize=370%2C208&ssl=1 370w, https:\/\/i0.wp.com\/luxonomy.net\/wp-content\/uploads\/2020\/07\/master-turismo-lujo-2026-2027.jpg?resize=800%2C450&ssl=1 800w, https:\/\/i0.wp.com\/luxonomy.net\/wp-content\/uploads\/2020\/07\/master-turismo-lujo-2026-2027.jpg?resize=20%2C11&ssl=1 20w, https:\/\/i0.wp.com\/luxonomy.net\/wp-content\/uploads\/2020\/07\/master-turismo-lujo-2026-2027.jpg?resize=740%2C416&ssl=1 740w, https:\/\/i0.wp.com\/luxonomy.net\/wp-content\/uploads\/2020\/07\/master-turismo-lujo-2026-2027.jpg?resize=1600%2C900&ssl=1 1600w, https:\/\/i0.wp.com\/luxonomy.net\/wp-content\/uploads\/2020\/07\/master-turismo-lujo-2026-2027.jpg?resize=1200%2C675&ssl=1 1200w, https:\/\/i0.wp.com\/luxonomy.net\/wp-content\/uploads\/2020\/07\/master-turismo-lujo-2026-2027.jpg?resize=85%2C48&ssl=1 85w\" sizes=\"(max-width: 1170px) 100vw, 1170px\" class=\"no-lazyload\" width=\"1672\" height=\"941\"   \/><\/a><\/div>\n<p>El Jurado del Premio LVMH elegir\u00e1 entre los finalistas a los <strong>ganadores del Premio LVMH y del Premio Karl Lagerfeld<\/strong>.<\/p>\n<h3>Los ocho finalistas son:<\/h3>\n<p>ASHLYN by Ashlynn Park, Corea del Sur, ropa de mujer<\/p>\n<p>ERL by Eli Russell Linnetz, Estados Unidos, colecciones de ropa de mujer, ropa de hombre y sin g\u00e9nero<\/p>\n<p>KNWLS de Charlotte Knowles, Reino Unido y Alexandre Arsenault, Canad\u00e1, ropa de mujer<\/p><div id=\"luxon-579693609\" class=\"luxon-7-parrafo luxon-entity-placement\" style=\"margin-top: 20px;margin-bottom: 20px;margin-left: auto;margin-right: auto;text-align: center;\"><a href=\"https:\/\/theintelligence.institute\/course\/inteligencia-artificial-para-directivos\" target=\"_blank\" aria-label=\"CSIAD_empresas_THEI_horizontal_4x3_v5\"><img loading=\"lazy\" decoding=\"async\" src=\"https:\/\/i0.wp.com\/luxonomy.net\/wp-content\/uploads\/2025\/08\/CSIAD_empresas_THEI_horizontal_4x3_v5.png?fit=2000%2C1500&#038;ssl=1\" alt=\"\"  srcset=\"https:\/\/i0.wp.com\/luxonomy.net\/wp-content\/uploads\/2025\/08\/CSIAD_empresas_THEI_horizontal_4x3_v5.png?w=2000&ssl=1 2000w, https:\/\/i0.wp.com\/luxonomy.net\/wp-content\/uploads\/2025\/08\/CSIAD_empresas_THEI_horizontal_4x3_v5.png?resize=300%2C225&ssl=1 300w, https:\/\/i0.wp.com\/luxonomy.net\/wp-content\/uploads\/2025\/08\/CSIAD_empresas_THEI_horizontal_4x3_v5.png?resize=1024%2C768&ssl=1 1024w, https:\/\/i0.wp.com\/luxonomy.net\/wp-content\/uploads\/2025\/08\/CSIAD_empresas_THEI_horizontal_4x3_v5.png?resize=768%2C576&ssl=1 768w, https:\/\/i0.wp.com\/luxonomy.net\/wp-content\/uploads\/2025\/08\/CSIAD_empresas_THEI_horizontal_4x3_v5.png?resize=1536%2C1152&ssl=1 1536w, https:\/\/i0.wp.com\/luxonomy.net\/wp-content\/uploads\/2025\/08\/CSIAD_empresas_THEI_horizontal_4x3_v5.png?resize=370%2C278&ssl=1 370w, https:\/\/i0.wp.com\/luxonomy.net\/wp-content\/uploads\/2025\/08\/CSIAD_empresas_THEI_horizontal_4x3_v5.png?resize=800%2C600&ssl=1 800w, https:\/\/i0.wp.com\/luxonomy.net\/wp-content\/uploads\/2025\/08\/CSIAD_empresas_THEI_horizontal_4x3_v5.png?resize=20%2C15&ssl=1 20w, https:\/\/i0.wp.com\/luxonomy.net\/wp-content\/uploads\/2025\/08\/CSIAD_empresas_THEI_horizontal_4x3_v5.png?resize=740%2C555&ssl=1 740w, https:\/\/i0.wp.com\/luxonomy.net\/wp-content\/uploads\/2025\/08\/CSIAD_empresas_THEI_horizontal_4x3_v5.png?resize=1600%2C1200&ssl=1 1600w, https:\/\/i0.wp.com\/luxonomy.net\/wp-content\/uploads\/2025\/08\/CSIAD_empresas_THEI_horizontal_4x3_v5.png?resize=1200%2C900&ssl=1 1200w, https:\/\/i0.wp.com\/luxonomy.net\/wp-content\/uploads\/2025\/08\/CSIAD_empresas_THEI_horizontal_4x3_v5.png?resize=64%2C48&ssl=1 64w\" sizes=\"(max-width: 1170px) 100vw, 1170px\" class=\"no-lazyload\" width=\"2000\" height=\"1500\"   \/><\/a><\/div>\n<p>ROISIN PIERCE by R\u00f3is\u00edn Pierce, Irlanda, ropa de mujer<\/p>\n<p>RYUNOSUKEOKAZAKI de Ryunosuke Okazaki, Jap\u00f3n, colecciones sin g\u00e9nero<\/p>\n<p>SS DALEY de Steven Stokey Daley, Reino Unido, moda masculina<\/p>\n<p>TOKYO JAMES de Iniye Tokyo James, Nigeria, moda masculina<\/p>\n<p>WINNIE NEW YORK de Idris Balogun, Estados Unidos, moda masculina<\/p>\n<p>Delphine Arnault declara: \u201cLa semifinal, que tuvo lugar tanto en un showroom como en l\u00ednea, nos permiti\u00f3 descubrir el trabajo de los dise\u00f1adores preseleccionados. Me gustar\u00eda aplaudir su talento y su entusiasmo, y felicitarlos a todos. Disfrut\u00e9 especialmente interactuando con cada uno y me conquist\u00f3 su inventiva, su manera de celebrar el saber hacer y la artesan\u00eda, as\u00ed como su acercamiento a los temas ambientales.<\/p>\n<p>Me gustar\u00eda agradecer a los Expertos por su participaci\u00f3n, as\u00ed como al p\u00fablico que tambi\u00e9n vot\u00f3, por segundo a\u00f1o consecutivo: m\u00e1s de 62,000 personas fueron invitadas a elegir a su candidato favorito.<\/p>\n<p>Este a\u00f1o, los dise\u00f1adores que han llegado a la final del Premio LVMH proceden de Canad\u00e1, Irlanda, Jap\u00f3n, Nigeria, Corea del Sur, Reino Unido y Estados Unidos. Todo el jurado y yo estaremos encantados de conocerlos con motivo de la final en la Fundaci\u00f3n Louis Vuitton\u201d.<\/p>\n<h3>LOS GANADORES DE LAS EDICIONES ANTERIORES<\/h3>\n<p>Nensi Dojaka (ganador 2021)<\/p>\n<p>KidSuper, Lukhanyo Mdingi, Rui (Premio Karl Lagerfeld 2021)<\/p>\n<p>Ahluwalia, Casablanca, Chopova Lowena, Nicholas Daley, Peter Do, Sindiso Khumalo,<\/p>\n<p>Supriya Lele, Tomo Koizumi (finalistas 2020)<\/p>\n<p>Thebe Magugu (ganadora de 2019)<\/p>\n<p>Hed Mayner (Premio Karl Lagerfeld 2019)<\/p>\n<p>Doblete (ganador 2018)<\/p>\n<p>Rokh (Premio Especial 2018)<\/p>\n<p>Marine Serre (ganadora 2017)<\/p>\n<p>Kozaburo Akasaka (Premio Especial 2017)<\/p>\n<p>Grace Wales Bonner (ganadora de 2016)<\/p>\n<p>Vejas (Premio Especial 2016)<\/p>\n<p>Marques&#8217;Almeida (ganador 2015)<\/p>\n<p>Jacquemus (Premio Especial 2015)<\/p>\n<p>Thomas Tait (ganador de 2014)<\/p>\n<p>Hood by Air (Premio Especial 2014)<\/p>\n<p>Miuniku (Premio Especial 2014)<\/p>\n<h3>Lista de expertos<\/h3>\n<p>Emmanuelle Alt , estilista y consultora de moda<\/p>\n<p>Imran Amed , fundador y editor en jefe de The Business of Fashion<\/p>\n<p>Sarah Andelman , fundadora de Solo una idea<\/p>\n<p>Rami Atallah , cofundador y director ejecutivo de la plataforma global SSENSE<\/p>\n<p>Fabien Baron , director de arte y fundador de Baron &amp; Baron<\/p>\n<p>Tim Blanks , editor general de The Business of Fashion<\/p>\n<p>Derek Blasberg , director de asociaciones de moda y belleza de YouTube<\/p>\n<p>Alexandre de Betak , Fundador de Bureau Betak<\/p>\n<p>Fr\u00e9d\u00e9ric Bodenes , Director de Arte de Le Bon March\u00e9 Rive Gauche<\/p>\n<p>Carmen Busquets , Inversora en BoF, Farfetch, Net-\u00e0-Porter, Lyst, Moda Operandi<\/p>\n<p>Burak Cakmak , Decano de Moda de Parsons School of Design<\/p>\n<p>Marie Chaix , estilista<\/p>\n<p>Camille Charri\u00e8re , locutora, escritora y directora creativa<\/p>\n<p>Eva Chen , directora de asociaciones de moda en Instagram<\/p>\n<p>Anne-Sophie von Claer , directora editorial adjunta de Le Figaro<\/p>\n<p>Ben Cobb , editor de la revista ES<\/p>\n<p>Ronnie Cooke Newhouse , director art\u00edstico<\/p>\n<p>Caroline Daur , emprendedora digital<\/p>\n<p>Godfrey Deeny , editor en jefe internacional de Fashion Network<\/p>\n<p>Babeth Djian , editora en jefe de Num\u00e9ro<\/p>\n<p>Jo Ellison , editora de How to Spend It y editora adjunta de Financial Times Weekend<\/p>\n<p>Edward Enninful, OBE , editor en jefe de British Vogue y director editorial europeo<\/p>\n<p>Linda Fargo , vicepresidenta s\u00e9nior de Bergdorf Goodman<\/p>\n<p>Angelo Flaccavento , Periodista de moda<\/p>\n<p>Jo-Ann Furniss , Periodista y directora creativa<\/p>\n<p>Chantal Gaemperle , Vicepresidenta Ejecutiva de Recursos Humanos y Sinergias del Grupo LVMH<\/p>\n<p>Michel Gaubert , dise\u00f1ador de sonido<\/p>\n<p>Julie Gilhart , presidenta del Proyecto Ma\u00f1ana<\/p>\n<p>Ikram Goldman , Fundador de ikram<\/p>\n<p>Elizabeth Von Guttman , Cofundadora de la revista System y de Moda en Tech-ADA<\/p>\n<p>Jefferson Hack , cofundador y director editorial de Dazed Group<\/p>\n<p>Bella Hadid , modelo<\/p>\n<p>Amanda Harlech , consultora creativa<\/p>\n<p>Ashley Heath , directora editorial de Pop y Arena Homme+<\/p>\n<p>Laure H\u00e9riard Dubreuil , fundadora y directora creativa de The Webster<\/p>\n<p>Adrian Joffe , director ejecutivo de Dover Street Market International<\/p>\n<p>Sylvia Jorif , directora editorial de Vogue Francia<\/p>\n<p>Ibrahim Kamara , estilista y redactor jefe de la revista Dazed<\/p>\n<p>Natalie Kingham , asesora de moda<\/p>\n<p>Karlie Kloss , modelo y fil\u00e1ntropa<\/p>\n<p>Suzanne Koller , directora de moda de la revista M Le Monde<\/p>\n<p>Hirofumi Kurino, director creativo de United Arrows<\/p>\n<p>Susie Lau , Fundadora de StyleBubble y periodista<\/p>\n<p>Linda Loppa , Asesora de Estrategia y Visi\u00f3n en Polimoda Paris Platform<\/p>\n<p>Pat McGrath, DBE , maquilladora<\/p>\n<p>Kevin Ma , fundador y director ejecutivo de Hypebeast<\/p>\n<p>Sara Maino , Jefa de Proyectos Especiales Vogue Italia<\/p>\n<p>Pierre A. M&#8217;Pel\u00e9 , responsable de contenido editorial de GQ Francia<\/p>\n<p>Suzy Menkes , Periodista<\/p>\n<p>Sarah Mower , editora colaboradora de Vogue EE. UU.<\/p>\n<p>Samira Nasr , editora en jefe de Harper&#8217;s Bazaar EE. UU.<\/p>\n<p>Alexia Niedzielski , cofundadora de la revista System y de Fashion in Tech-ADA<\/p>\n<p>Mel Ottenberg , editor en jefe de la revista Interview<\/p>\n<p>Ezra Petronio , Editor y Director Creativo de Self Service y fot\u00f3grafo<\/p>\n<p>Fabio Piras , director del curso de MA Fashion en Central Saint Martins College of Art and Design<\/p>\n<p>Peter Philips , director creativo y de imagen de Christian Dior Makeup<\/p>\n<p>Lo\u00efc Prigent , Cineasta<\/p>\n<p>Gaia Repossi , directora creativa de Repossi<\/p>\n<p>Carine Roitfeld , fundadora de CR Fashion Book<\/p>\n<p>Lauren Santo Domingo , cofundadora y directora de marca de Moda Operandi<\/p>\n<p>Julia Sarr-Jamois , estilista y directora de moda de Vogue Reino Unido<\/p>\n<p>Marie-Am\u00e9lie Sauv\u00e9 , estilista, cofundadora y directora creativa de Mastermind<\/p>\n<p>Anne-Florence Schmitt , directora de Madame Figaro<\/p>\n<p>L\u00e9a Seydoux , Actriz<\/p>\n<p>Cindy Sherman , Artista<\/p>\n<p>Aimee Song , Influencer y fundadora de Song of Style<\/p>\n<p>Carla Sozzani , Fundadora de 10 Corso Como y Presidenta de la Fundaci\u00f3n Ala\u00efa<\/p>\n<p>Stefano Tonchi , Periodista, editor y comisario<\/p>\n<p>Eug\u00e9nie Trochu , responsable de contenido editorial de Vogue Francia<\/p>\n<p>Aizel Trudel , Fundadora de la Plataforma de Moda Aizel<\/p>\n<p>Natalia Vodianova , modelo y fil\u00e1ntropa<\/p>\n<p>Aleksandra Woroniecka , estilista y asesora de moda<\/p>\n<p>Margaret Zhang , editora en jefe de Vogue China<\/p>\n<h3>LVMH CELEBRA 25 A\u00d1OS IMPULSANDO A J\u00d3VENES DISE\u00d1ADORES DE MODA<\/h3>\n<p>Durante los 25 a\u00f1os transcurridos desde la fundaci\u00f3n de LVMH, las Casas del Grupo se han inspirado en la pasi\u00f3n por la creatividad y la innovaci\u00f3n, al mismo tiempo que alimentan un legado excepcional arraigado en un saber hacer honrado por el tiempo. Como explica Bernard Arnault: \u201cLa innovaci\u00f3n es m\u00e1s poderosa cuando surge de un patrimonio preservado\u201d.<\/p>\n<p>En oficios tan diversos como la moda, la joyer\u00eda, los perfumes, la marroquiner\u00eda, la vinificaci\u00f3n o la relojer\u00eda, las marcas y los dise\u00f1adores de LVMH destacan por su b\u00fasqueda de la excelencia y su pasi\u00f3n \u00fanica por la innovaci\u00f3n, la invenci\u00f3n y la creatividad.<\/p>\n<p>Debido a que tanto sus ra\u00edces como su futuro est\u00e1n \u00edntimamente ligados a la creatividad, LVMH y sus marcas siempre han alimentado activamente el talento creativo. La creatividad es uno de los valores fundamentales del Grupo, que gu\u00eda a todos sus equipos, desde los dise\u00f1adores hasta los narices y los maestros bodegueros. Este compromiso inspira a todas las casas de LVMH a apoyar activamente la creatividad en todas sus formas. Por ese motivo, la Fundaci\u00f3n Louis Vuitton para el arte contempor\u00e1neo se abri\u00f3 al p\u00fablico en octubre de 2014 en un suntuoso edificio creado por Frank Gehry, lo que se sum\u00f3 al patrocinio duradero de las artes por parte de LVMH.<\/p>\n<p>Motivado por esta &#8220;pasi\u00f3n por la creatividad&#8221;, LVMH ha apoyado durante muchos a\u00f1os el mundo de la moda a nivel mundial a trav\u00e9s de iniciativas filantr\u00f3picas corporativas, que incluyen:<\/p>\n<ul>\n<li>los Premios de la Moda ANDAM (Association Nationale de D\u00e9veloppement des Arts de la Mode)<\/li>\n<li>el Festival Internacional de Fotograf\u00eda y Moda de Hy\u00e8res<\/li>\n<li>Central Saint Martins College of Art and Design de Londres<\/li>\n<li>el fondo de inversi\u00f3n para j\u00f3venes dise\u00f1adores creado por el Ministerio franc\u00e9s de Cultura y Comunicaci\u00f3n.<\/li>\n<\/ul>\n<p>Esta misma pasi\u00f3n ha llevado al Grupo LVMH a lanzar el Premio LVMH para J\u00f3venes Dise\u00f1adores de Moda. Esta iniciativa ayuda a impulsar el impulso y el surgimiento de nuevos talentos que son esenciales para la vitalidad y diversidad del ecosistema de la moda, un rol que est\u00e1 perfectamente en sinton\u00eda con las responsabilidades del l\u00edder mundial en lujo.<\/p>\n","protected":false},"excerpt":{"rendered":"<p>La semifinal del Premio LVMH tuvo lugar del 4 al 9 de marzo de 2022. Diecinueve j\u00f3venes dise\u00f1adores seleccionados entre los 1.900 candidatos presentaron sus colecciones durante el showroom y en su plataforma digital, lvmhprize.com El comit\u00e9 de Expertos del Premio y, por segunda vez, el p\u00fablico en general, seleccionaron ocho marcas que competir\u00e1n en&hellip;<\/p>\n","protected":false},"author":1,"featured_media":21043,"comment_status":"open","ping_status":"open","sticky":false,"template":"","format":"standard","meta":{"_jetpack_newsletter_access":"","_jetpack_dont_email_post_to_subs":false,"_jetpack_newsletter_tier_id":0,"_jetpack_memberships_contains_paywalled_content":false,"_jetpack_feature_clip_id":0,"_jetpack_memberships_contains_paid_content":false,"footnotes":"","jetpack_publicize_message":"Premio LVMH 2022 para j\u00f3venes dise\u00f1adores de moda, 9\u00aa edici\u00f3n: LVMH anuncia la lista de los 8 finalistas","jetpack_publicize_feature_enabled":true,"jetpack_social_post_already_shared":true,"jetpack_social_options":{"image_generator_settings":{"template":"edge","default_image_id":0,"font":"","enabled":false},"version":2},"jetpack_post_was_ever_published":false},"categories":[227,1713],"tags":[585,1022],"thb-sponsors":[1183],"class_list":["post-21042","post","type-post","status-publish","format-standard","has-post-thumbnail","hentry","category-eventos","category-patrocinado","tag-lvmh","tag-premios-lvmh"],"yoast_head":"<!-- This site is optimized with the Yoast SEO plugin v28.4 - https:\/\/yoast.com\/product\/yoast-seo-wordpress\/ -->\n<title>Premio LVMH 2022 para j\u00f3venes dise\u00f1adores de moda, 9\u00aa edici\u00f3n: LVMH anuncia la lista de los 8 finalistas | LUXONOMY<\/title>\n<meta name=\"robots\" content=\"index, follow, max-snippet:-1, max-image-preview:large, max-video-preview:-1\" \/>\n<link rel=\"canonical\" href=\"https:\/\/luxonomy.net\/es\/premio-lvmh-2022-para-jovenes-disenadores-de-moda-9a-edicion-lvmh-anuncia-la-lista-de-los-8-finalistas\/\" \/>\n<meta property=\"og:locale\" content=\"es_ES\" \/>\n<meta property=\"og:type\" content=\"article\" \/>\n<meta property=\"og:title\" content=\"Premio LVMH 2022 para j\u00f3venes dise\u00f1adores de moda, 9\u00aa edici\u00f3n: LVMH anuncia la lista de los 8 finalistas | LUXONOMY\" \/>\n<meta property=\"og:description\" content=\"La semifinal del Premio LVMH tuvo lugar del 4 al 9 de marzo de 2022. Diecinueve j\u00f3venes dise\u00f1adores seleccionados entre los 1.900 candidatos presentaron sus colecciones durante el showroom y en su plataforma digital, lvmhprize.com El comit\u00e9 de Expertos del Premio y, por segunda vez, el p\u00fablico en general, seleccionaron ocho marcas que competir\u00e1n en&hellip;\" \/>\n<meta property=\"og:url\" content=\"https:\/\/luxonomy.net\/es\/premio-lvmh-2022-para-jovenes-disenadores-de-moda-9a-edicion-lvmh-anuncia-la-lista-de-los-8-finalistas\/\" \/>\n<meta property=\"og:site_name\" content=\"LUXONOMY\" \/>\n<meta property=\"article:publisher\" content=\"https:\/\/www.facebook.com\/luxonomy\" \/>\n<meta property=\"article:published_time\" content=\"2022-03-25T11:06:20+00:00\" \/>\n<meta property=\"article:modified_time\" content=\"2022-08-31T10:13:55+00:00\" \/>\n<meta property=\"og:image\" content=\"https:\/\/i0.wp.com\/luxonomy.net\/wp-content\/uploads\/2022\/03\/Premio-LVMH-2022-para-jo%CC%81venes-disen%CC%83adores-de-moda-9a-edicio%CC%81n-LVMH-anuncia-la-lista-de-los-8-finalistas.jpg?fit=2000%2C1100&quality=89&ssl=1\" \/>\n\t<meta property=\"og:image:width\" content=\"2000\" \/>\n\t<meta property=\"og:image:height\" content=\"1100\" \/>\n\t<meta property=\"og:image:type\" content=\"image\/jpeg\" \/>\n<meta name=\"author\" content=\"LUXONOMY\" \/>\n<meta name=\"twitter:card\" content=\"summary_large_image\" \/>\n<meta name=\"twitter:label1\" content=\"Escrito por\" \/>\n\t<meta name=\"twitter:data1\" content=\"LUXONOMY\" \/>\n\t<meta name=\"twitter:label2\" content=\"Tiempo de lectura\" \/>\n\t<meta name=\"twitter:data2\" content=\"7 minutos\" \/>\n<script type=\"application\/ld+json\" class=\"yoast-schema-graph\">{\"@context\":\"https:\\\/\\\/schema.org\",\"@graph\":[{\"@type\":\"Article\",\"@id\":\"https:\\\/\\\/luxonomy.net\\\/es\\\/premio-lvmh-2022-para-jovenes-disenadores-de-moda-9a-edicion-lvmh-anuncia-la-lista-de-los-8-finalistas\\\/#article\",\"isPartOf\":{\"@id\":\"https:\\\/\\\/luxonomy.net\\\/es\\\/premio-lvmh-2022-para-jovenes-disenadores-de-moda-9a-edicion-lvmh-anuncia-la-lista-de-los-8-finalistas\\\/\"},\"author\":{\"name\":\"LUXONOMY\",\"@id\":\"https:\\\/\\\/luxonomy.net\\\/es\\\/#\\\/schema\\\/person\\\/ca588d8b741a1fdd9065289c8d98ee8c\"},\"headline\":\"Premio LVMH 2022 para j\u00f3venes dise\u00f1adores de moda, 9\u00aa edici\u00f3n: LVMH anuncia la lista de los 8 finalistas\",\"datePublished\":\"2022-03-25T11:06:20+00:00\",\"dateModified\":\"2022-08-31T10:13:55+00:00\",\"mainEntityOfPage\":{\"@id\":\"https:\\\/\\\/luxonomy.net\\\/es\\\/premio-lvmh-2022-para-jovenes-disenadores-de-moda-9a-edicion-lvmh-anuncia-la-lista-de-los-8-finalistas\\\/\"},\"wordCount\":1466,\"commentCount\":0,\"publisher\":{\"@id\":\"https:\\\/\\\/luxonomy.net\\\/es\\\/#organization\"},\"image\":{\"@id\":\"https:\\\/\\\/luxonomy.net\\\/es\\\/premio-lvmh-2022-para-jovenes-disenadores-de-moda-9a-edicion-lvmh-anuncia-la-lista-de-los-8-finalistas\\\/#primaryimage\"},\"thumbnailUrl\":\"https:\\\/\\\/i0.wp.com\\\/luxonomy.net\\\/wp-content\\\/uploads\\\/2022\\\/03\\\/Premio-LVMH-2022-para-jo%CC%81venes-disen%CC%83adores-de-moda-9a-edicio%CC%81n-LVMH-anuncia-la-lista-de-los-8-finalistas.jpg?fit=2000%2C1100&ssl=1\",\"keywords\":[\"LVMH\",\"Premios LVMH\"],\"articleSection\":[\"Eventos\",\"PATROCINADO\"],\"inLanguage\":\"es\",\"potentialAction\":[{\"@type\":\"CommentAction\",\"name\":\"Comment\",\"target\":[\"https:\\\/\\\/luxonomy.net\\\/es\\\/premio-lvmh-2022-para-jovenes-disenadores-de-moda-9a-edicion-lvmh-anuncia-la-lista-de-los-8-finalistas\\\/#respond\"]}]},{\"@type\":\"WebPage\",\"@id\":\"https:\\\/\\\/luxonomy.net\\\/es\\\/premio-lvmh-2022-para-jovenes-disenadores-de-moda-9a-edicion-lvmh-anuncia-la-lista-de-los-8-finalistas\\\/\",\"url\":\"https:\\\/\\\/luxonomy.net\\\/es\\\/premio-lvmh-2022-para-jovenes-disenadores-de-moda-9a-edicion-lvmh-anuncia-la-lista-de-los-8-finalistas\\\/\",\"name\":\"Premio LVMH 2022 para j\u00f3venes dise\u00f1adores de moda, 9\u00aa edici\u00f3n: LVMH anuncia la lista de los 8 finalistas | LUXONOMY\",\"isPartOf\":{\"@id\":\"https:\\\/\\\/luxonomy.net\\\/es\\\/#website\"},\"primaryImageOfPage\":{\"@id\":\"https:\\\/\\\/luxonomy.net\\\/es\\\/premio-lvmh-2022-para-jovenes-disenadores-de-moda-9a-edicion-lvmh-anuncia-la-lista-de-los-8-finalistas\\\/#primaryimage\"},\"image\":{\"@id\":\"https:\\\/\\\/luxonomy.net\\\/es\\\/premio-lvmh-2022-para-jovenes-disenadores-de-moda-9a-edicion-lvmh-anuncia-la-lista-de-los-8-finalistas\\\/#primaryimage\"},\"thumbnailUrl\":\"https:\\\/\\\/i0.wp.com\\\/luxonomy.net\\\/wp-content\\\/uploads\\\/2022\\\/03\\\/Premio-LVMH-2022-para-jo%CC%81venes-disen%CC%83adores-de-moda-9a-edicio%CC%81n-LVMH-anuncia-la-lista-de-los-8-finalistas.jpg?fit=2000%2C1100&ssl=1\",\"datePublished\":\"2022-03-25T11:06:20+00:00\",\"dateModified\":\"2022-08-31T10:13:55+00:00\",\"breadcrumb\":{\"@id\":\"https:\\\/\\\/luxonomy.net\\\/es\\\/premio-lvmh-2022-para-jovenes-disenadores-de-moda-9a-edicion-lvmh-anuncia-la-lista-de-los-8-finalistas\\\/#breadcrumb\"},\"inLanguage\":\"es\",\"potentialAction\":[{\"@type\":\"ReadAction\",\"target\":[\"https:\\\/\\\/luxonomy.net\\\/es\\\/premio-lvmh-2022-para-jovenes-disenadores-de-moda-9a-edicion-lvmh-anuncia-la-lista-de-los-8-finalistas\\\/\"]}]},{\"@type\":\"ImageObject\",\"inLanguage\":\"es\",\"@id\":\"https:\\\/\\\/luxonomy.net\\\/es\\\/premio-lvmh-2022-para-jovenes-disenadores-de-moda-9a-edicion-lvmh-anuncia-la-lista-de-los-8-finalistas\\\/#primaryimage\",\"url\":\"https:\\\/\\\/i0.wp.com\\\/luxonomy.net\\\/wp-content\\\/uploads\\\/2022\\\/03\\\/Premio-LVMH-2022-para-jo%CC%81venes-disen%CC%83adores-de-moda-9a-edicio%CC%81n-LVMH-anuncia-la-lista-de-los-8-finalistas.jpg?fit=2000%2C1100&ssl=1\",\"contentUrl\":\"https:\\\/\\\/i0.wp.com\\\/luxonomy.net\\\/wp-content\\\/uploads\\\/2022\\\/03\\\/Premio-LVMH-2022-para-jo%CC%81venes-disen%CC%83adores-de-moda-9a-edicio%CC%81n-LVMH-anuncia-la-lista-de-los-8-finalistas.jpg?fit=2000%2C1100&ssl=1\",\"width\":2000,\"height\":1100},{\"@type\":\"BreadcrumbList\",\"@id\":\"https:\\\/\\\/luxonomy.net\\\/es\\\/premio-lvmh-2022-para-jovenes-disenadores-de-moda-9a-edicion-lvmh-anuncia-la-lista-de-los-8-finalistas\\\/#breadcrumb\",\"itemListElement\":[{\"@type\":\"ListItem\",\"position\":1,\"name\":\"Portada\",\"item\":\"https:\\\/\\\/luxonomy.net\\\/es\\\/\"},{\"@type\":\"ListItem\",\"position\":2,\"name\":\"Premio LVMH 2022 para j\u00f3venes dise\u00f1adores de moda, 9\u00aa edici\u00f3n: LVMH anuncia la lista de los 8 finalistas\"}]},{\"@type\":\"WebSite\",\"@id\":\"https:\\\/\\\/luxonomy.net\\\/es\\\/#website\",\"url\":\"https:\\\/\\\/luxonomy.net\\\/es\\\/\",\"name\":\"LUXONOMY\",\"description\":\"The Economy of Fashion &amp; Luxury\",\"publisher\":{\"@id\":\"https:\\\/\\\/luxonomy.net\\\/es\\\/#organization\"},\"potentialAction\":[{\"@type\":\"SearchAction\",\"target\":{\"@type\":\"EntryPoint\",\"urlTemplate\":\"https:\\\/\\\/luxonomy.net\\\/es\\\/?s={search_term_string}\"},\"query-input\":{\"@type\":\"PropertyValueSpecification\",\"valueRequired\":true,\"valueName\":\"search_term_string\"}}],\"inLanguage\":\"es\"},{\"@type\":\"Organization\",\"@id\":\"https:\\\/\\\/luxonomy.net\\\/es\\\/#organization\",\"name\":\"LUXONOMY\",\"url\":\"https:\\\/\\\/luxonomy.net\\\/es\\\/\",\"logo\":{\"@type\":\"ImageObject\",\"inLanguage\":\"es\",\"@id\":\"https:\\\/\\\/luxonomy.net\\\/es\\\/#\\\/schema\\\/logo\\\/image\\\/\",\"url\":\"https:\\\/\\\/i2.wp.com\\\/luxonomy.net\\\/wp-content\\\/uploads\\\/2021\\\/09\\\/MOCKUP-TODOS-LUXONOMY.jpg?fit=1000%2C515&ssl=1\",\"contentUrl\":\"https:\\\/\\\/i2.wp.com\\\/luxonomy.net\\\/wp-content\\\/uploads\\\/2021\\\/09\\\/MOCKUP-TODOS-LUXONOMY.jpg?fit=1000%2C515&ssl=1\",\"width\":1000,\"height\":515,\"caption\":\"LUXONOMY\"},\"image\":{\"@id\":\"https:\\\/\\\/luxonomy.net\\\/es\\\/#\\\/schema\\\/logo\\\/image\\\/\"},\"sameAs\":[\"https:\\\/\\\/www.facebook.com\\\/luxonomy\",\"https:\\\/\\\/www.instagram.com\\\/luxonomy\\\/\",\"https:\\\/\\\/www.linkedin.com\\\/company\\\/luxonomy\\\/\"]},{\"@type\":\"Person\",\"@id\":\"https:\\\/\\\/luxonomy.net\\\/es\\\/#\\\/schema\\\/person\\\/ca588d8b741a1fdd9065289c8d98ee8c\",\"name\":\"LUXONOMY\",\"image\":{\"@type\":\"ImageObject\",\"inLanguage\":\"es\",\"@id\":\"https:\\\/\\\/luxonomy.net\\\/wp-content\\\/litespeed\\\/avatar\\\/a6436cdb14fdaf9c21808e63d0da2055.jpg?ver=1788366758\",\"url\":\"https:\\\/\\\/luxonomy.net\\\/wp-content\\\/litespeed\\\/avatar\\\/a6436cdb14fdaf9c21808e63d0da2055.jpg?ver=1788366758\",\"contentUrl\":\"https:\\\/\\\/luxonomy.net\\\/wp-content\\\/litespeed\\\/avatar\\\/a6436cdb14fdaf9c21808e63d0da2055.jpg?ver=1788366758\",\"caption\":\"LUXONOMY\"},\"sameAs\":[\"https:\\\/\"],\"url\":\"https:\\\/\\\/luxonomy.net\\\/es\\\/author\\\/luxonomy\\\/\"}]}<\/script>\n<!-- \/ Yoast SEO plugin. -->","yoast_head_json":{"title":"Premio LVMH 2022 para j\u00f3venes dise\u00f1adores de moda, 9\u00aa edici\u00f3n: LVMH anuncia la lista de los 8 finalistas | LUXONOMY","robots":{"index":"index","follow":"follow","max-snippet":"max-snippet:-1","max-image-preview":"max-image-preview:large","max-video-preview":"max-video-preview:-1"},"canonical":"https:\/\/luxonomy.net\/es\/premio-lvmh-2022-para-jovenes-disenadores-de-moda-9a-edicion-lvmh-anuncia-la-lista-de-los-8-finalistas\/","og_locale":"es_ES","og_type":"article","og_title":"Premio LVMH 2022 para j\u00f3venes dise\u00f1adores de moda, 9\u00aa edici\u00f3n: LVMH anuncia la lista de los 8 finalistas | LUXONOMY","og_description":"La semifinal del Premio LVMH tuvo lugar del 4 al 9 de marzo de 2022. Diecinueve j\u00f3venes dise\u00f1adores seleccionados entre los 1.900 candidatos presentaron sus colecciones durante el showroom y en su plataforma digital, lvmhprize.com El comit\u00e9 de Expertos del Premio y, por segunda vez, el p\u00fablico en general, seleccionaron ocho marcas que competir\u00e1n en&hellip;","og_url":"https:\/\/luxonomy.net\/es\/premio-lvmh-2022-para-jovenes-disenadores-de-moda-9a-edicion-lvmh-anuncia-la-lista-de-los-8-finalistas\/","og_site_name":"LUXONOMY","article_publisher":"https:\/\/www.facebook.com\/luxonomy","article_published_time":"2022-03-25T11:06:20+00:00","article_modified_time":"2022-08-31T10:13:55+00:00","og_image":[{"width":2000,"height":1100,"url":"https:\/\/i0.wp.com\/luxonomy.net\/wp-content\/uploads\/2022\/03\/Premio-LVMH-2022-para-jo%CC%81venes-disen%CC%83adores-de-moda-9a-edicio%CC%81n-LVMH-anuncia-la-lista-de-los-8-finalistas.jpg?fit=2000%2C1100&quality=89&ssl=1","type":"image\/jpeg"}],"author":"LUXONOMY","twitter_card":"summary_large_image","twitter_misc":{"Escrito por":"LUXONOMY","Tiempo de lectura":"7 minutos"},"schema":{"@context":"https:\/\/schema.org","@graph":[{"@type":"Article","@id":"https:\/\/luxonomy.net\/es\/premio-lvmh-2022-para-jovenes-disenadores-de-moda-9a-edicion-lvmh-anuncia-la-lista-de-los-8-finalistas\/#article","isPartOf":{"@id":"https:\/\/luxonomy.net\/es\/premio-lvmh-2022-para-jovenes-disenadores-de-moda-9a-edicion-lvmh-anuncia-la-lista-de-los-8-finalistas\/"},"author":{"name":"LUXONOMY","@id":"https:\/\/luxonomy.net\/es\/#\/schema\/person\/ca588d8b741a1fdd9065289c8d98ee8c"},"headline":"Premio LVMH 2022 para j\u00f3venes dise\u00f1adores de moda, 9\u00aa edici\u00f3n: LVMH anuncia la lista de los 8 finalistas","datePublished":"2022-03-25T11:06:20+00:00","dateModified":"2022-08-31T10:13:55+00:00","mainEntityOfPage":{"@id":"https:\/\/luxonomy.net\/es\/premio-lvmh-2022-para-jovenes-disenadores-de-moda-9a-edicion-lvmh-anuncia-la-lista-de-los-8-finalistas\/"},"wordCount":1466,"commentCount":0,"publisher":{"@id":"https:\/\/luxonomy.net\/es\/#organization"},"image":{"@id":"https:\/\/luxonomy.net\/es\/premio-lvmh-2022-para-jovenes-disenadores-de-moda-9a-edicion-lvmh-anuncia-la-lista-de-los-8-finalistas\/#primaryimage"},"thumbnailUrl":"https:\/\/i0.wp.com\/luxonomy.net\/wp-content\/uploads\/2022\/03\/Premio-LVMH-2022-para-jo%CC%81venes-disen%CC%83adores-de-moda-9a-edicio%CC%81n-LVMH-anuncia-la-lista-de-los-8-finalistas.jpg?fit=2000%2C1100&ssl=1","keywords":["LVMH","Premios LVMH"],"articleSection":["Eventos","PATROCINADO"],"inLanguage":"es","potentialAction":[{"@type":"CommentAction","name":"Comment","target":["https:\/\/luxonomy.net\/es\/premio-lvmh-2022-para-jovenes-disenadores-de-moda-9a-edicion-lvmh-anuncia-la-lista-de-los-8-finalistas\/#respond"]}]},{"@type":"WebPage","@id":"https:\/\/luxonomy.net\/es\/premio-lvmh-2022-para-jovenes-disenadores-de-moda-9a-edicion-lvmh-anuncia-la-lista-de-los-8-finalistas\/","url":"https:\/\/luxonomy.net\/es\/premio-lvmh-2022-para-jovenes-disenadores-de-moda-9a-edicion-lvmh-anuncia-la-lista-de-los-8-finalistas\/","name":"Premio LVMH 2022 para j\u00f3venes dise\u00f1adores de moda, 9\u00aa edici\u00f3n: LVMH anuncia la lista de los 8 finalistas | LUXONOMY","isPartOf":{"@id":"https:\/\/luxonomy.net\/es\/#website"},"primaryImageOfPage":{"@id":"https:\/\/luxonomy.net\/es\/premio-lvmh-2022-para-jovenes-disenadores-de-moda-9a-edicion-lvmh-anuncia-la-lista-de-los-8-finalistas\/#primaryimage"},"image":{"@id":"https:\/\/luxonomy.net\/es\/premio-lvmh-2022-para-jovenes-disenadores-de-moda-9a-edicion-lvmh-anuncia-la-lista-de-los-8-finalistas\/#primaryimage"},"thumbnailUrl":"https:\/\/i0.wp.com\/luxonomy.net\/wp-content\/uploads\/2022\/03\/Premio-LVMH-2022-para-jo%CC%81venes-disen%CC%83adores-de-moda-9a-edicio%CC%81n-LVMH-anuncia-la-lista-de-los-8-finalistas.jpg?fit=2000%2C1100&ssl=1","datePublished":"2022-03-25T11:06:20+00:00","dateModified":"2022-08-31T10:13:55+00:00","breadcrumb":{"@id":"https:\/\/luxonomy.net\/es\/premio-lvmh-2022-para-jovenes-disenadores-de-moda-9a-edicion-lvmh-anuncia-la-lista-de-los-8-finalistas\/#breadcrumb"},"inLanguage":"es","potentialAction":[{"@type":"ReadAction","target":["https:\/\/luxonomy.net\/es\/premio-lvmh-2022-para-jovenes-disenadores-de-moda-9a-edicion-lvmh-anuncia-la-lista-de-los-8-finalistas\/"]}]},{"@type":"ImageObject","inLanguage":"es","@id":"https:\/\/luxonomy.net\/es\/premio-lvmh-2022-para-jovenes-disenadores-de-moda-9a-edicion-lvmh-anuncia-la-lista-de-los-8-finalistas\/#primaryimage","url":"https:\/\/i0.wp.com\/luxonomy.net\/wp-content\/uploads\/2022\/03\/Premio-LVMH-2022-para-jo%CC%81venes-disen%CC%83adores-de-moda-9a-edicio%CC%81n-LVMH-anuncia-la-lista-de-los-8-finalistas.jpg?fit=2000%2C1100&ssl=1","contentUrl":"https:\/\/i0.wp.com\/luxonomy.net\/wp-content\/uploads\/2022\/03\/Premio-LVMH-2022-para-jo%CC%81venes-disen%CC%83adores-de-moda-9a-edicio%CC%81n-LVMH-anuncia-la-lista-de-los-8-finalistas.jpg?fit=2000%2C1100&ssl=1","width":2000,"height":1100},{"@type":"BreadcrumbList","@id":"https:\/\/luxonomy.net\/es\/premio-lvmh-2022-para-jovenes-disenadores-de-moda-9a-edicion-lvmh-anuncia-la-lista-de-los-8-finalistas\/#breadcrumb","itemListElement":[{"@type":"ListItem","position":1,"name":"Portada","item":"https:\/\/luxonomy.net\/es\/"},{"@type":"ListItem","position":2,"name":"Premio LVMH 2022 para j\u00f3venes dise\u00f1adores de moda, 9\u00aa edici\u00f3n: LVMH anuncia la lista de los 8 finalistas"}]},{"@type":"WebSite","@id":"https:\/\/luxonomy.net\/es\/#website","url":"https:\/\/luxonomy.net\/es\/","name":"LUXONOMY","description":"The Economy of Fashion &amp; Luxury","publisher":{"@id":"https:\/\/luxonomy.net\/es\/#organization"},"potentialAction":[{"@type":"SearchAction","target":{"@type":"EntryPoint","urlTemplate":"https:\/\/luxonomy.net\/es\/?s={search_term_string}"},"query-input":{"@type":"PropertyValueSpecification","valueRequired":true,"valueName":"search_term_string"}}],"inLanguage":"es"},{"@type":"Organization","@id":"https:\/\/luxonomy.net\/es\/#organization","name":"LUXONOMY","url":"https:\/\/luxonomy.net\/es\/","logo":{"@type":"ImageObject","inLanguage":"es","@id":"https:\/\/luxonomy.net\/es\/#\/schema\/logo\/image\/","url":"https:\/\/i2.wp.com\/luxonomy.net\/wp-content\/uploads\/2021\/09\/MOCKUP-TODOS-LUXONOMY.jpg?fit=1000%2C515&ssl=1","contentUrl":"https:\/\/i2.wp.com\/luxonomy.net\/wp-content\/uploads\/2021\/09\/MOCKUP-TODOS-LUXONOMY.jpg?fit=1000%2C515&ssl=1","width":1000,"height":515,"caption":"LUXONOMY"},"image":{"@id":"https:\/\/luxonomy.net\/es\/#\/schema\/logo\/image\/"},"sameAs":["https:\/\/www.facebook.com\/luxonomy","https:\/\/www.instagram.com\/luxonomy\/","https:\/\/www.linkedin.com\/company\/luxonomy\/"]},{"@type":"Person","@id":"https:\/\/luxonomy.net\/es\/#\/schema\/person\/ca588d8b741a1fdd9065289c8d98ee8c","name":"LUXONOMY","image":{"@type":"ImageObject","inLanguage":"es","@id":"https:\/\/luxonomy.net\/wp-content\/litespeed\/avatar\/a6436cdb14fdaf9c21808e63d0da2055.jpg?ver=1788366758","url":"https:\/\/luxonomy.net\/wp-content\/litespeed\/avatar\/a6436cdb14fdaf9c21808e63d0da2055.jpg?ver=1788366758","contentUrl":"https:\/\/luxonomy.net\/wp-content\/litespeed\/avatar\/a6436cdb14fdaf9c21808e63d0da2055.jpg?ver=1788366758","caption":"LUXONOMY"},"sameAs":["https:\/"],"url":"https:\/\/luxonomy.net\/es\/author\/luxonomy\/"}]}},"jetpack_publicize_connections":[],"jetpack_shortlink":"https:\/\/wp.me\/paPhBa-5to","jetpack_sharing_enabled":true,"jetpack_featured_media_url":"https:\/\/i0.wp.com\/luxonomy.net\/wp-content\/uploads\/2022\/03\/Premio-LVMH-2022-para-jo%CC%81venes-disen%CC%83adores-de-moda-9a-edicio%CC%81n-LVMH-anuncia-la-lista-de-los-8-finalistas.jpg?fit=2000%2C1100&ssl=1","_links":{"self":[{"href":"https:\/\/luxonomy.net\/es\/wp-json\/wp\/v2\/posts\/21042","targetHints":{"allow":["GET"]}}],"collection":[{"href":"https:\/\/luxonomy.net\/es\/wp-json\/wp\/v2\/posts"}],"about":[{"href":"https:\/\/luxonomy.net\/es\/wp-json\/wp\/v2\/types\/post"}],"author":[{"embeddable":true,"href":"https:\/\/luxonomy.net\/es\/wp-json\/wp\/v2\/users\/1"}],"replies":[{"embeddable":true,"href":"https:\/\/luxonomy.net\/es\/wp-json\/wp\/v2\/comments?post=21042"}],"version-history":[{"count":2,"href":"https:\/\/luxonomy.net\/es\/wp-json\/wp\/v2\/posts\/21042\/revisions"}],"predecessor-version":[{"id":21045,"href":"https:\/\/luxonomy.net\/es\/wp-json\/wp\/v2\/posts\/21042\/revisions\/21045"}],"wp:featuredmedia":[{"embeddable":true,"href":"https:\/\/luxonomy.net\/es\/wp-json\/wp\/v2\/media\/21043"}],"wp:attachment":[{"href":"https:\/\/luxonomy.net\/es\/wp-json\/wp\/v2\/media?parent=21042"}],"wp:term":[{"taxonomy":"category","embeddable":true,"href":"https:\/\/luxonomy.net\/es\/wp-json\/wp\/v2\/categories?post=21042"},{"taxonomy":"post_tag","embeddable":true,"href":"https:\/\/luxonomy.net\/es\/wp-json\/wp\/v2\/tags?post=21042"},{"taxonomy":"thb-sponsors","embeddable":true,"href":"https:\/\/luxonomy.net\/es\/wp-json\/wp\/v2\/thb-sponsors?post=21042"}],"curies":[{"name":"wp","href":"https:\/\/api.w.org\/{rel}","templated":true}]}}