{"id":20997,"date":"2022-03-23T21:56:11","date_gmt":"2022-03-23T20:56:11","guid":{"rendered":"https:\/?p=20997"},"modified":"2022-03-23T21:56:11","modified_gmt":"2022-03-23T20:56:11","slug":"dior-se-asocia-con-parley-for-the-oceans-en-una-capsula-de-ropa-de-playa-para-hombre","status":"publish","type":"post","link":"https:\/\/luxonomy.net\/es\/dior-se-asocia-con-parley-for-the-oceans-en-una-capsula-de-ropa-de-playa-para-hombre\/","title":{"rendered":"DIOR se asocia con Parley for the Oceans en una c\u00e1psula de ropa de playa para hombre"},"content":{"rendered":"<p><strong>Dior<\/strong> destaca sus esfuerzos para hacer que sus <strong>colecciones de ropa masculina sean m\u00e1s sostenibles<\/strong> al asociarse con la <strong>organizaci\u00f3n medioambiental Parley for the Oceans<\/strong> en su l\u00ednea c\u00e1psula anual de ropa de playa.<\/p>\n<p>Algunos art\u00edculos de la colecci\u00f3n est\u00e1n <strong>confeccionados con hilos y telas elaborados con residuos pl\u00e1sticos marinos reciclados y artes de pesca recuperados de costas e islas de todo el mundo<\/strong>, especialmente Maldivas, Rep\u00fablica Dominicana y Sri Lanka, y transformados en materiales de alto rendimiento por Parley y sus red global.<\/p>\n<p>Kim Jones, director art\u00edstico de ropa masculina, dijo que comenz\u00f3 a trabajar para introducir telas m\u00e1s sostenibles tan pronto como lleg\u00f3 a Dior hace cuatro a\u00f1os. \u201cHacemos eso mucho. Es algo de lo que realmente no se habla, as\u00ed que dije, hagamos una colecci\u00f3n en la que podamos hablar de eso porque es importante\u201d, dijo durante una vista previa.<\/p><div id=\"luxon-3313645435\" class=\"luxon-3er-parrafo luxon-entity-placement\" style=\"margin-top: 20px;margin-bottom: 20px;margin-left: auto;margin-right: auto;text-align: center;\"><a href=\"https:\/\/luxonomy.university\/course\/master-turismo-de-lujo\" target=\"_blank\" aria-label=\"master-turismo-lujo-2026-2027\"><img loading=\"lazy\" decoding=\"async\" src=\"https:\/\/i0.wp.com\/luxonomy.net\/wp-content\/uploads\/2020\/07\/master-turismo-lujo-2026-2027.jpg?fit=1672%2C941&#038;ssl=1\" alt=\"\"  srcset=\"https:\/\/i0.wp.com\/luxonomy.net\/wp-content\/uploads\/2020\/07\/master-turismo-lujo-2026-2027.jpg?w=1672&ssl=1 1672w, https:\/\/i0.wp.com\/luxonomy.net\/wp-content\/uploads\/2020\/07\/master-turismo-lujo-2026-2027.jpg?resize=300%2C169&ssl=1 300w, https:\/\/i0.wp.com\/luxonomy.net\/wp-content\/uploads\/2020\/07\/master-turismo-lujo-2026-2027.jpg?resize=1024%2C576&ssl=1 1024w, https:\/\/i0.wp.com\/luxonomy.net\/wp-content\/uploads\/2020\/07\/master-turismo-lujo-2026-2027.jpg?resize=768%2C432&ssl=1 768w, https:\/\/i0.wp.com\/luxonomy.net\/wp-content\/uploads\/2020\/07\/master-turismo-lujo-2026-2027.jpg?resize=1536%2C864&ssl=1 1536w, https:\/\/i0.wp.com\/luxonomy.net\/wp-content\/uploads\/2020\/07\/master-turismo-lujo-2026-2027.jpg?resize=370%2C208&ssl=1 370w, https:\/\/i0.wp.com\/luxonomy.net\/wp-content\/uploads\/2020\/07\/master-turismo-lujo-2026-2027.jpg?resize=800%2C450&ssl=1 800w, https:\/\/i0.wp.com\/luxonomy.net\/wp-content\/uploads\/2020\/07\/master-turismo-lujo-2026-2027.jpg?resize=20%2C11&ssl=1 20w, https:\/\/i0.wp.com\/luxonomy.net\/wp-content\/uploads\/2020\/07\/master-turismo-lujo-2026-2027.jpg?resize=740%2C416&ssl=1 740w, https:\/\/i0.wp.com\/luxonomy.net\/wp-content\/uploads\/2020\/07\/master-turismo-lujo-2026-2027.jpg?resize=1600%2C900&ssl=1 1600w, https:\/\/i0.wp.com\/luxonomy.net\/wp-content\/uploads\/2020\/07\/master-turismo-lujo-2026-2027.jpg?resize=1200%2C675&ssl=1 1200w, https:\/\/i0.wp.com\/luxonomy.net\/wp-content\/uploads\/2020\/07\/master-turismo-lujo-2026-2027.jpg?resize=85%2C48&ssl=1 85w\" sizes=\"(max-width: 1170px) 100vw, 1170px\" class=\"no-lazyload\" width=\"1672\" height=\"941\"   \/><\/a><\/div>\n<p>La empresa matriz ha dicho que para 2030, todos sus nuevos productos deber\u00edan resultar del dise\u00f1o ecol\u00f3gico, que describi\u00f3 como producidos con una huella ambiental m\u00ednima, desde la extracci\u00f3n de materiales hasta su transformaci\u00f3n.<\/p>\n<p>\u201cHacemos una gran cantidad de sustentabilidad porque sabes cu\u00e1nto me preocupo por la naturaleza y el mundo, y donde no lo hago en el trabajo, lo hago en mi vida privada\u201d, dijo Jones, quien creci\u00f3 en la costa africana. continente y le apasiona preservar el medio ambiente y los animales raros.<\/p>\n<p>Los equipos de Dior utilizaron el poli\u00e9ster reciclado desarrollado por Parley para crear telas que incluyen un jacquard, un punto de malla y un lienzo t\u00e9cnico. Trabajando en una paleta de azules y ocres, tejieron patrones como el Oblique caracter\u00edstico de la casa, as\u00ed como un motivo gr\u00e1fico ondulado de los archivos, conocido como el Adri\u00e1tico.<\/p>\n<p>Aparece en art\u00edculos que incluyen una chaqueta camisera y pantalones cortos tipo cargo, as\u00ed como en accesorios como un portabotellas. La colecci\u00f3n para viajes presenta una gran cantidad de art\u00edculos casuales, que incluyen pantalones de popelina, un polo y chaquetas empacables que caben en una bolsa curva inspirada en el bolso Saddle.<\/p><div id=\"luxon-3333475544\" class=\"luxon-7-parrafo luxon-entity-placement\" style=\"margin-top: 20px;margin-bottom: 20px;margin-left: auto;margin-right: auto;text-align: center;\"><a href=\"https:\/\/theintelligence.institute\/course\/inteligencia-artificial-para-directivos\" target=\"_blank\" aria-label=\"CSIAD_empresas_THEI_horizontal_4x3_v5\"><img loading=\"lazy\" decoding=\"async\" src=\"https:\/\/i0.wp.com\/luxonomy.net\/wp-content\/uploads\/2025\/08\/CSIAD_empresas_THEI_horizontal_4x3_v5.png?fit=2000%2C1500&#038;ssl=1\" alt=\"\"  srcset=\"https:\/\/i0.wp.com\/luxonomy.net\/wp-content\/uploads\/2025\/08\/CSIAD_empresas_THEI_horizontal_4x3_v5.png?w=2000&ssl=1 2000w, https:\/\/i0.wp.com\/luxonomy.net\/wp-content\/uploads\/2025\/08\/CSIAD_empresas_THEI_horizontal_4x3_v5.png?resize=300%2C225&ssl=1 300w, https:\/\/i0.wp.com\/luxonomy.net\/wp-content\/uploads\/2025\/08\/CSIAD_empresas_THEI_horizontal_4x3_v5.png?resize=1024%2C768&ssl=1 1024w, https:\/\/i0.wp.com\/luxonomy.net\/wp-content\/uploads\/2025\/08\/CSIAD_empresas_THEI_horizontal_4x3_v5.png?resize=768%2C576&ssl=1 768w, https:\/\/i0.wp.com\/luxonomy.net\/wp-content\/uploads\/2025\/08\/CSIAD_empresas_THEI_horizontal_4x3_v5.png?resize=1536%2C1152&ssl=1 1536w, https:\/\/i0.wp.com\/luxonomy.net\/wp-content\/uploads\/2025\/08\/CSIAD_empresas_THEI_horizontal_4x3_v5.png?resize=370%2C278&ssl=1 370w, https:\/\/i0.wp.com\/luxonomy.net\/wp-content\/uploads\/2025\/08\/CSIAD_empresas_THEI_horizontal_4x3_v5.png?resize=800%2C600&ssl=1 800w, https:\/\/i0.wp.com\/luxonomy.net\/wp-content\/uploads\/2025\/08\/CSIAD_empresas_THEI_horizontal_4x3_v5.png?resize=20%2C15&ssl=1 20w, https:\/\/i0.wp.com\/luxonomy.net\/wp-content\/uploads\/2025\/08\/CSIAD_empresas_THEI_horizontal_4x3_v5.png?resize=740%2C555&ssl=1 740w, https:\/\/i0.wp.com\/luxonomy.net\/wp-content\/uploads\/2025\/08\/CSIAD_empresas_THEI_horizontal_4x3_v5.png?resize=1600%2C1200&ssl=1 1600w, https:\/\/i0.wp.com\/luxonomy.net\/wp-content\/uploads\/2025\/08\/CSIAD_empresas_THEI_horizontal_4x3_v5.png?resize=1200%2C900&ssl=1 1200w, https:\/\/i0.wp.com\/luxonomy.net\/wp-content\/uploads\/2025\/08\/CSIAD_empresas_THEI_horizontal_4x3_v5.png?resize=64%2C48&ssl=1 64w\" sizes=\"(max-width: 1170px) 100vw, 1170px\" class=\"no-lazyload\" width=\"2000\" height=\"1500\"   \/><\/a><\/div>\n<p>Mientras tanto, las zapatillas B23 vienen en una variaci\u00f3n de la tela Adriatic y cuentan con suelas de pl\u00e1stico de base biol\u00f3gica. La colecci\u00f3n estar\u00e1 disponible en las tiendas Dior que venden moda masculina a partir del 14 de abril.<\/p>\n<p>Cyrill Gutsch, fundador y director ejecutivo de Parley for the Oceans, dijo que la evidencia cient\u00edfica m\u00e1s reciente destaca la necesidad de una acci\u00f3n urgente en todos los sectores de la sociedad. \u201cCrear esta primera colecci\u00f3n con Dior es un llamado a la industria de la moda para revolucionar sus m\u00e9todos de producci\u00f3n\u201d, dijo en un comunicado.<\/p>\n<p>La colecci\u00f3n Dior respalda su programa de impacto Parley X10, que tiene como objetivo garantizar que se intercepte de la naturaleza 10 veces el equivalente de la huella de carbono y pl\u00e1stico de cada producto; financiar el desarrollo de materiales que puedan reemplazar el pl\u00e1stico a largo plazo y evitar el uso de pl\u00e1stico nuevo y virgen.<\/p>\n","protected":false},"excerpt":{"rendered":"<p>Dior destaca sus esfuerzos para hacer que sus colecciones de ropa masculina sean m\u00e1s sostenibles al asociarse con la organizaci\u00f3n medioambiental Parley for the Oceans en su l\u00ednea c\u00e1psula anual de ropa de playa. Algunos art\u00edculos de la colecci\u00f3n est\u00e1n confeccionados con hilos y telas elaborados con residuos pl\u00e1sticos marinos reciclados y artes de pesca&hellip;<\/p>\n","protected":false},"author":14,"featured_media":20998,"comment_status":"open","ping_status":"open","sticky":false,"template":"","format":"standard","meta":{"_jetpack_newsletter_access":"","_jetpack_dont_email_post_to_subs":false,"_jetpack_newsletter_tier_id":0,"_jetpack_memberships_contains_paywalled_content":false,"_jetpack_feature_clip_id":0,"_jetpack_memberships_contains_paid_content":false,"footnotes":"","jetpack_publicize_message":"DIOR se asocia con Parley for the Oceans en una c\u00e1psula de ropa de playa para hombre. Dior destaca sus esfuerzos para hacer que sus colecciones de ropa masculina sean m\u00e1s sostenibles al asociarse con la organizaci\u00f3n medioambiental Parley for the Oceans en su l\u00ednea c\u00e1psula anual de ropa de playa. Algunos art\u00edculos de la colecci\u00f3n est\u00e1n confeccionados con hilos y telas elaborados con residuos pl\u00e1sticos marinos reciclados y artes de pesca recuperados de costas e islas de todo el mundo, especialmente Maldivas, Rep\u00fablica Dominicana y Sri Lanka, y transformados en materiales de alto rendimiento por Parley y sus red global. #Dior #moda #ecolujo #ecoluxury","jetpack_publicize_feature_enabled":true,"jetpack_social_post_already_shared":true,"jetpack_social_options":{"image_generator_settings":{"template":"edge","default_image_id":0,"font":"","enabled":false},"version":2},"jetpack_post_was_ever_published":false},"categories":[534,688],"tags":[699,808,233,586],"thb-sponsors":[],"class_list":["post-20997","post","type-post","status-publish","format-standard","has-post-thumbnail","hentry","category-moda","category-sostenibilidad","tag-dior","tag-ecolujo","tag-ecoluxury","tag-moda"],"yoast_head":"<!-- This site is optimized with the Yoast SEO plugin v28.4 - https:\/\/yoast.com\/product\/yoast-seo-wordpress\/ -->\n<title>DIOR se asocia con Parley for the Oceans en una c\u00e1psula de ropa de playa para hombre | LUXONOMY<\/title>\n<meta name=\"robots\" content=\"index, follow, max-snippet:-1, max-image-preview:large, max-video-preview:-1\" \/>\n<link rel=\"canonical\" href=\"https:\/\/luxonomy.net\/es\/dior-se-asocia-con-parley-for-the-oceans-en-una-capsula-de-ropa-de-playa-para-hombre\/\" \/>\n<meta property=\"og:locale\" content=\"es_ES\" \/>\n<meta property=\"og:type\" content=\"article\" \/>\n<meta property=\"og:title\" content=\"DIOR se asocia con Parley for the Oceans en una c\u00e1psula de ropa de playa para hombre | LUXONOMY\" \/>\n<meta property=\"og:description\" content=\"Dior destaca sus esfuerzos para hacer que sus colecciones de ropa masculina sean m\u00e1s sostenibles al asociarse con la organizaci\u00f3n medioambiental Parley for the Oceans en su l\u00ednea c\u00e1psula anual de ropa de playa. Algunos art\u00edculos de la colecci\u00f3n est\u00e1n confeccionados con hilos y telas elaborados con residuos pl\u00e1sticos marinos reciclados y artes de pesca&hellip;\" \/>\n<meta property=\"og:url\" content=\"https:\/\/luxonomy.net\/es\/dior-se-asocia-con-parley-for-the-oceans-en-una-capsula-de-ropa-de-playa-para-hombre\/\" \/>\n<meta property=\"og:site_name\" content=\"LUXONOMY\" \/>\n<meta property=\"article:publisher\" content=\"https:\/\/www.facebook.com\/luxonomy\" \/>\n<meta property=\"article:published_time\" content=\"2022-03-23T20:56:11+00:00\" \/>\n<meta property=\"og:image\" content=\"https:\/\/i0.wp.com\/luxonomy.net\/wp-content\/uploads\/2022\/03\/DIOR-se-asocia-con-Parley-for-the-Oceans-en-una-ca%CC%81psula-de-ropa-de-playa-para-hombre.png?fit=917%2C515&quality=80&ssl=1\" \/>\n\t<meta property=\"og:image:width\" content=\"917\" \/>\n\t<meta property=\"og:image:height\" content=\"515\" \/>\n\t<meta property=\"og:image:type\" content=\"image\/png\" \/>\n<meta name=\"author\" content=\"Pablo Rodriguez de Aguilar\" \/>\n<meta name=\"twitter:card\" content=\"summary_large_image\" \/>\n<meta name=\"twitter:label1\" content=\"Escrito por\" \/>\n\t<meta name=\"twitter:data1\" content=\"Pablo Rodriguez de Aguilar\" \/>\n\t<meta name=\"twitter:label2\" content=\"Tiempo de lectura\" \/>\n\t<meta name=\"twitter:data2\" content=\"3 minutos\" \/>\n<script type=\"application\/ld+json\" class=\"yoast-schema-graph\">{\"@context\":\"https:\\\/\\\/schema.org\",\"@graph\":[{\"@type\":\"Article\",\"@id\":\"https:\\\/\\\/luxonomy.net\\\/es\\\/dior-se-asocia-con-parley-for-the-oceans-en-una-capsula-de-ropa-de-playa-para-hombre\\\/#article\",\"isPartOf\":{\"@id\":\"https:\\\/\\\/luxonomy.net\\\/es\\\/dior-se-asocia-con-parley-for-the-oceans-en-una-capsula-de-ropa-de-playa-para-hombre\\\/\"},\"author\":{\"name\":\"Pablo Rodriguez de Aguilar\",\"@id\":\"https:\\\/\\\/luxonomy.net\\\/es\\\/#\\\/schema\\\/person\\\/fc021969ca4a106d7ea9a64800b05fa7\"},\"headline\":\"DIOR se asocia con Parley for the Oceans en una c\u00e1psula de ropa de playa para hombre\",\"datePublished\":\"2022-03-23T20:56:11+00:00\",\"mainEntityOfPage\":{\"@id\":\"https:\\\/\\\/luxonomy.net\\\/es\\\/dior-se-asocia-con-parley-for-the-oceans-en-una-capsula-de-ropa-de-playa-para-hombre\\\/\"},\"wordCount\":547,\"commentCount\":0,\"publisher\":{\"@id\":\"https:\\\/\\\/luxonomy.net\\\/es\\\/#organization\"},\"image\":{\"@id\":\"https:\\\/\\\/luxonomy.net\\\/es\\\/dior-se-asocia-con-parley-for-the-oceans-en-una-capsula-de-ropa-de-playa-para-hombre\\\/#primaryimage\"},\"thumbnailUrl\":\"https:\\\/\\\/i0.wp.com\\\/luxonomy.net\\\/wp-content\\\/uploads\\\/2022\\\/03\\\/DIOR-se-asocia-con-Parley-for-the-Oceans-en-una-ca%CC%81psula-de-ropa-de-playa-para-hombre.png?fit=917%2C515&ssl=1\",\"keywords\":[\"Dior\",\"Ecolujo\",\"ecoluxury\",\"Moda\"],\"articleSection\":[\"Moda\",\"Sostenibilidad\"],\"inLanguage\":\"es\",\"potentialAction\":[{\"@type\":\"CommentAction\",\"name\":\"Comment\",\"target\":[\"https:\\\/\\\/luxonomy.net\\\/es\\\/dior-se-asocia-con-parley-for-the-oceans-en-una-capsula-de-ropa-de-playa-para-hombre\\\/#respond\"]}]},{\"@type\":\"WebPage\",\"@id\":\"https:\\\/\\\/luxonomy.net\\\/es\\\/dior-se-asocia-con-parley-for-the-oceans-en-una-capsula-de-ropa-de-playa-para-hombre\\\/\",\"url\":\"https:\\\/\\\/luxonomy.net\\\/es\\\/dior-se-asocia-con-parley-for-the-oceans-en-una-capsula-de-ropa-de-playa-para-hombre\\\/\",\"name\":\"DIOR se asocia con Parley for the Oceans en una c\u00e1psula de ropa de playa para hombre | LUXONOMY\",\"isPartOf\":{\"@id\":\"https:\\\/\\\/luxonomy.net\\\/es\\\/#website\"},\"primaryImageOfPage\":{\"@id\":\"https:\\\/\\\/luxonomy.net\\\/es\\\/dior-se-asocia-con-parley-for-the-oceans-en-una-capsula-de-ropa-de-playa-para-hombre\\\/#primaryimage\"},\"image\":{\"@id\":\"https:\\\/\\\/luxonomy.net\\\/es\\\/dior-se-asocia-con-parley-for-the-oceans-en-una-capsula-de-ropa-de-playa-para-hombre\\\/#primaryimage\"},\"thumbnailUrl\":\"https:\\\/\\\/i0.wp.com\\\/luxonomy.net\\\/wp-content\\\/uploads\\\/2022\\\/03\\\/DIOR-se-asocia-con-Parley-for-the-Oceans-en-una-ca%CC%81psula-de-ropa-de-playa-para-hombre.png?fit=917%2C515&ssl=1\",\"datePublished\":\"2022-03-23T20:56:11+00:00\",\"breadcrumb\":{\"@id\":\"https:\\\/\\\/luxonomy.net\\\/es\\\/dior-se-asocia-con-parley-for-the-oceans-en-una-capsula-de-ropa-de-playa-para-hombre\\\/#breadcrumb\"},\"inLanguage\":\"es\",\"potentialAction\":[{\"@type\":\"ReadAction\",\"target\":[\"https:\\\/\\\/luxonomy.net\\\/es\\\/dior-se-asocia-con-parley-for-the-oceans-en-una-capsula-de-ropa-de-playa-para-hombre\\\/\"]}]},{\"@type\":\"ImageObject\",\"inLanguage\":\"es\",\"@id\":\"https:\\\/\\\/luxonomy.net\\\/es\\\/dior-se-asocia-con-parley-for-the-oceans-en-una-capsula-de-ropa-de-playa-para-hombre\\\/#primaryimage\",\"url\":\"https:\\\/\\\/i0.wp.com\\\/luxonomy.net\\\/wp-content\\\/uploads\\\/2022\\\/03\\\/DIOR-se-asocia-con-Parley-for-the-Oceans-en-una-ca%CC%81psula-de-ropa-de-playa-para-hombre.png?fit=917%2C515&ssl=1\",\"contentUrl\":\"https:\\\/\\\/i0.wp.com\\\/luxonomy.net\\\/wp-content\\\/uploads\\\/2022\\\/03\\\/DIOR-se-asocia-con-Parley-for-the-Oceans-en-una-ca%CC%81psula-de-ropa-de-playa-para-hombre.png?fit=917%2C515&ssl=1\",\"width\":917,\"height\":515},{\"@type\":\"BreadcrumbList\",\"@id\":\"https:\\\/\\\/luxonomy.net\\\/es\\\/dior-se-asocia-con-parley-for-the-oceans-en-una-capsula-de-ropa-de-playa-para-hombre\\\/#breadcrumb\",\"itemListElement\":[{\"@type\":\"ListItem\",\"position\":1,\"name\":\"Portada\",\"item\":\"https:\\\/\\\/luxonomy.net\\\/es\\\/\"},{\"@type\":\"ListItem\",\"position\":2,\"name\":\"DIOR se asocia con Parley for the Oceans en una c\u00e1psula de ropa de playa para hombre\"}]},{\"@type\":\"WebSite\",\"@id\":\"https:\\\/\\\/luxonomy.net\\\/es\\\/#website\",\"url\":\"https:\\\/\\\/luxonomy.net\\\/es\\\/\",\"name\":\"LUXONOMY\",\"description\":\"The Economy of Fashion &amp; Luxury\",\"publisher\":{\"@id\":\"https:\\\/\\\/luxonomy.net\\\/es\\\/#organization\"},\"potentialAction\":[{\"@type\":\"SearchAction\",\"target\":{\"@type\":\"EntryPoint\",\"urlTemplate\":\"https:\\\/\\\/luxonomy.net\\\/es\\\/?s={search_term_string}\"},\"query-input\":{\"@type\":\"PropertyValueSpecification\",\"valueRequired\":true,\"valueName\":\"search_term_string\"}}],\"inLanguage\":\"es\"},{\"@type\":\"Organization\",\"@id\":\"https:\\\/\\\/luxonomy.net\\\/es\\\/#organization\",\"name\":\"LUXONOMY\",\"url\":\"https:\\\/\\\/luxonomy.net\\\/es\\\/\",\"logo\":{\"@type\":\"ImageObject\",\"inLanguage\":\"es\",\"@id\":\"https:\\\/\\\/luxonomy.net\\\/es\\\/#\\\/schema\\\/logo\\\/image\\\/\",\"url\":\"https:\\\/\\\/i2.wp.com\\\/luxonomy.net\\\/wp-content\\\/uploads\\\/2021\\\/09\\\/MOCKUP-TODOS-LUXONOMY.jpg?fit=1000%2C515&ssl=1\",\"contentUrl\":\"https:\\\/\\\/i2.wp.com\\\/luxonomy.net\\\/wp-content\\\/uploads\\\/2021\\\/09\\\/MOCKUP-TODOS-LUXONOMY.jpg?fit=1000%2C515&ssl=1\",\"width\":1000,\"height\":515,\"caption\":\"LUXONOMY\"},\"image\":{\"@id\":\"https:\\\/\\\/luxonomy.net\\\/es\\\/#\\\/schema\\\/logo\\\/image\\\/\"},\"sameAs\":[\"https:\\\/\\\/www.facebook.com\\\/luxonomy\",\"https:\\\/\\\/www.instagram.com\\\/luxonomy\\\/\",\"https:\\\/\\\/www.linkedin.com\\\/company\\\/luxonomy\\\/\"]},{\"@type\":\"Person\",\"@id\":\"https:\\\/\\\/luxonomy.net\\\/es\\\/#\\\/schema\\\/person\\\/fc021969ca4a106d7ea9a64800b05fa7\",\"name\":\"Pablo Rodriguez de Aguilar\",\"image\":{\"@type\":\"ImageObject\",\"inLanguage\":\"es\",\"@id\":\"https:\\\/\\\/luxonomy.net\\\/wp-content\\\/litespeed\\\/avatar\\\/d4cf5f3956bcabe0ce8ae95e4c6604f9.jpg?ver=1788140676\",\"url\":\"https:\\\/\\\/luxonomy.net\\\/wp-content\\\/litespeed\\\/avatar\\\/d4cf5f3956bcabe0ce8ae95e4c6604f9.jpg?ver=1788140676\",\"contentUrl\":\"https:\\\/\\\/luxonomy.net\\\/wp-content\\\/litespeed\\\/avatar\\\/d4cf5f3956bcabe0ce8ae95e4c6604f9.jpg?ver=1788140676\",\"caption\":\"Pablo Rodriguez de Aguilar\"},\"description\":\"Regional Sales Manager at LUXONOMY\u2122 Group America\",\"sameAs\":[\"mailto:info@salondellujo.com\"],\"url\":\"https:\\\/\\\/luxonomy.net\\\/es\\\/author\\\/pablo-rodriguez-de-aguilar\\\/\"}]}<\/script>\n<!-- \/ Yoast SEO plugin. -->","yoast_head_json":{"title":"DIOR se asocia con Parley for the Oceans en una c\u00e1psula de ropa de playa para hombre | LUXONOMY","robots":{"index":"index","follow":"follow","max-snippet":"max-snippet:-1","max-image-preview":"max-image-preview:large","max-video-preview":"max-video-preview:-1"},"canonical":"https:\/\/luxonomy.net\/es\/dior-se-asocia-con-parley-for-the-oceans-en-una-capsula-de-ropa-de-playa-para-hombre\/","og_locale":"es_ES","og_type":"article","og_title":"DIOR se asocia con Parley for the Oceans en una c\u00e1psula de ropa de playa para hombre | LUXONOMY","og_description":"Dior destaca sus esfuerzos para hacer que sus colecciones de ropa masculina sean m\u00e1s sostenibles al asociarse con la organizaci\u00f3n medioambiental Parley for the Oceans en su l\u00ednea c\u00e1psula anual de ropa de playa. Algunos art\u00edculos de la colecci\u00f3n est\u00e1n confeccionados con hilos y telas elaborados con residuos pl\u00e1sticos marinos reciclados y artes de pesca&hellip;","og_url":"https:\/\/luxonomy.net\/es\/dior-se-asocia-con-parley-for-the-oceans-en-una-capsula-de-ropa-de-playa-para-hombre\/","og_site_name":"LUXONOMY","article_publisher":"https:\/\/www.facebook.com\/luxonomy","article_published_time":"2022-03-23T20:56:11+00:00","og_image":[{"width":917,"height":515,"url":"https:\/\/i0.wp.com\/luxonomy.net\/wp-content\/uploads\/2022\/03\/DIOR-se-asocia-con-Parley-for-the-Oceans-en-una-ca%CC%81psula-de-ropa-de-playa-para-hombre.png?fit=917%2C515&quality=80&ssl=1","type":"image\/png"}],"author":"Pablo Rodriguez de Aguilar","twitter_card":"summary_large_image","twitter_misc":{"Escrito por":"Pablo Rodriguez de Aguilar","Tiempo de lectura":"3 minutos"},"schema":{"@context":"https:\/\/schema.org","@graph":[{"@type":"Article","@id":"https:\/\/luxonomy.net\/es\/dior-se-asocia-con-parley-for-the-oceans-en-una-capsula-de-ropa-de-playa-para-hombre\/#article","isPartOf":{"@id":"https:\/\/luxonomy.net\/es\/dior-se-asocia-con-parley-for-the-oceans-en-una-capsula-de-ropa-de-playa-para-hombre\/"},"author":{"name":"Pablo Rodriguez de Aguilar","@id":"https:\/\/luxonomy.net\/es\/#\/schema\/person\/fc021969ca4a106d7ea9a64800b05fa7"},"headline":"DIOR se asocia con Parley for the Oceans en una c\u00e1psula de ropa de playa para hombre","datePublished":"2022-03-23T20:56:11+00:00","mainEntityOfPage":{"@id":"https:\/\/luxonomy.net\/es\/dior-se-asocia-con-parley-for-the-oceans-en-una-capsula-de-ropa-de-playa-para-hombre\/"},"wordCount":547,"commentCount":0,"publisher":{"@id":"https:\/\/luxonomy.net\/es\/#organization"},"image":{"@id":"https:\/\/luxonomy.net\/es\/dior-se-asocia-con-parley-for-the-oceans-en-una-capsula-de-ropa-de-playa-para-hombre\/#primaryimage"},"thumbnailUrl":"https:\/\/i0.wp.com\/luxonomy.net\/wp-content\/uploads\/2022\/03\/DIOR-se-asocia-con-Parley-for-the-Oceans-en-una-ca%CC%81psula-de-ropa-de-playa-para-hombre.png?fit=917%2C515&ssl=1","keywords":["Dior","Ecolujo","ecoluxury","Moda"],"articleSection":["Moda","Sostenibilidad"],"inLanguage":"es","potentialAction":[{"@type":"CommentAction","name":"Comment","target":["https:\/\/luxonomy.net\/es\/dior-se-asocia-con-parley-for-the-oceans-en-una-capsula-de-ropa-de-playa-para-hombre\/#respond"]}]},{"@type":"WebPage","@id":"https:\/\/luxonomy.net\/es\/dior-se-asocia-con-parley-for-the-oceans-en-una-capsula-de-ropa-de-playa-para-hombre\/","url":"https:\/\/luxonomy.net\/es\/dior-se-asocia-con-parley-for-the-oceans-en-una-capsula-de-ropa-de-playa-para-hombre\/","name":"DIOR se asocia con Parley for the Oceans en una c\u00e1psula de ropa de playa para hombre | LUXONOMY","isPartOf":{"@id":"https:\/\/luxonomy.net\/es\/#website"},"primaryImageOfPage":{"@id":"https:\/\/luxonomy.net\/es\/dior-se-asocia-con-parley-for-the-oceans-en-una-capsula-de-ropa-de-playa-para-hombre\/#primaryimage"},"image":{"@id":"https:\/\/luxonomy.net\/es\/dior-se-asocia-con-parley-for-the-oceans-en-una-capsula-de-ropa-de-playa-para-hombre\/#primaryimage"},"thumbnailUrl":"https:\/\/i0.wp.com\/luxonomy.net\/wp-content\/uploads\/2022\/03\/DIOR-se-asocia-con-Parley-for-the-Oceans-en-una-ca%CC%81psula-de-ropa-de-playa-para-hombre.png?fit=917%2C515&ssl=1","datePublished":"2022-03-23T20:56:11+00:00","breadcrumb":{"@id":"https:\/\/luxonomy.net\/es\/dior-se-asocia-con-parley-for-the-oceans-en-una-capsula-de-ropa-de-playa-para-hombre\/#breadcrumb"},"inLanguage":"es","potentialAction":[{"@type":"ReadAction","target":["https:\/\/luxonomy.net\/es\/dior-se-asocia-con-parley-for-the-oceans-en-una-capsula-de-ropa-de-playa-para-hombre\/"]}]},{"@type":"ImageObject","inLanguage":"es","@id":"https:\/\/luxonomy.net\/es\/dior-se-asocia-con-parley-for-the-oceans-en-una-capsula-de-ropa-de-playa-para-hombre\/#primaryimage","url":"https:\/\/i0.wp.com\/luxonomy.net\/wp-content\/uploads\/2022\/03\/DIOR-se-asocia-con-Parley-for-the-Oceans-en-una-ca%CC%81psula-de-ropa-de-playa-para-hombre.png?fit=917%2C515&ssl=1","contentUrl":"https:\/\/i0.wp.com\/luxonomy.net\/wp-content\/uploads\/2022\/03\/DIOR-se-asocia-con-Parley-for-the-Oceans-en-una-ca%CC%81psula-de-ropa-de-playa-para-hombre.png?fit=917%2C515&ssl=1","width":917,"height":515},{"@type":"BreadcrumbList","@id":"https:\/\/luxonomy.net\/es\/dior-se-asocia-con-parley-for-the-oceans-en-una-capsula-de-ropa-de-playa-para-hombre\/#breadcrumb","itemListElement":[{"@type":"ListItem","position":1,"name":"Portada","item":"https:\/\/luxonomy.net\/es\/"},{"@type":"ListItem","position":2,"name":"DIOR se asocia con Parley for the Oceans en una c\u00e1psula de ropa de playa para hombre"}]},{"@type":"WebSite","@id":"https:\/\/luxonomy.net\/es\/#website","url":"https:\/\/luxonomy.net\/es\/","name":"LUXONOMY","description":"The Economy of Fashion &amp; Luxury","publisher":{"@id":"https:\/\/luxonomy.net\/es\/#organization"},"potentialAction":[{"@type":"SearchAction","target":{"@type":"EntryPoint","urlTemplate":"https:\/\/luxonomy.net\/es\/?s={search_term_string}"},"query-input":{"@type":"PropertyValueSpecification","valueRequired":true,"valueName":"search_term_string"}}],"inLanguage":"es"},{"@type":"Organization","@id":"https:\/\/luxonomy.net\/es\/#organization","name":"LUXONOMY","url":"https:\/\/luxonomy.net\/es\/","logo":{"@type":"ImageObject","inLanguage":"es","@id":"https:\/\/luxonomy.net\/es\/#\/schema\/logo\/image\/","url":"https:\/\/i2.wp.com\/luxonomy.net\/wp-content\/uploads\/2021\/09\/MOCKUP-TODOS-LUXONOMY.jpg?fit=1000%2C515&ssl=1","contentUrl":"https:\/\/i2.wp.com\/luxonomy.net\/wp-content\/uploads\/2021\/09\/MOCKUP-TODOS-LUXONOMY.jpg?fit=1000%2C515&ssl=1","width":1000,"height":515,"caption":"LUXONOMY"},"image":{"@id":"https:\/\/luxonomy.net\/es\/#\/schema\/logo\/image\/"},"sameAs":["https:\/\/www.facebook.com\/luxonomy","https:\/\/www.instagram.com\/luxonomy\/","https:\/\/www.linkedin.com\/company\/luxonomy\/"]},{"@type":"Person","@id":"https:\/\/luxonomy.net\/es\/#\/schema\/person\/fc021969ca4a106d7ea9a64800b05fa7","name":"Pablo Rodriguez de Aguilar","image":{"@type":"ImageObject","inLanguage":"es","@id":"https:\/\/luxonomy.net\/wp-content\/litespeed\/avatar\/d4cf5f3956bcabe0ce8ae95e4c6604f9.jpg?ver=1788140676","url":"https:\/\/luxonomy.net\/wp-content\/litespeed\/avatar\/d4cf5f3956bcabe0ce8ae95e4c6604f9.jpg?ver=1788140676","contentUrl":"https:\/\/luxonomy.net\/wp-content\/litespeed\/avatar\/d4cf5f3956bcabe0ce8ae95e4c6604f9.jpg?ver=1788140676","caption":"Pablo Rodriguez de Aguilar"},"description":"Regional Sales Manager at LUXONOMY\u2122 Group America","sameAs":["mailto:info@salondellujo.com"],"url":"https:\/\/luxonomy.net\/es\/author\/pablo-rodriguez-de-aguilar\/"}]}},"jetpack_publicize_connections":[],"jetpack_shortlink":"https:\/\/wp.me\/paPhBa-5sF","jetpack_sharing_enabled":true,"jetpack_featured_media_url":"https:\/\/i0.wp.com\/luxonomy.net\/wp-content\/uploads\/2022\/03\/DIOR-se-asocia-con-Parley-for-the-Oceans-en-una-ca%CC%81psula-de-ropa-de-playa-para-hombre.png?fit=917%2C515&ssl=1","_links":{"self":[{"href":"https:\/\/luxonomy.net\/es\/wp-json\/wp\/v2\/posts\/20997","targetHints":{"allow":["GET"]}}],"collection":[{"href":"https:\/\/luxonomy.net\/es\/wp-json\/wp\/v2\/posts"}],"about":[{"href":"https:\/\/luxonomy.net\/es\/wp-json\/wp\/v2\/types\/post"}],"author":[{"embeddable":true,"href":"https:\/\/luxonomy.net\/es\/wp-json\/wp\/v2\/users\/14"}],"replies":[{"embeddable":true,"href":"https:\/\/luxonomy.net\/es\/wp-json\/wp\/v2\/comments?post=20997"}],"version-history":[{"count":1,"href":"https:\/\/luxonomy.net\/es\/wp-json\/wp\/v2\/posts\/20997\/revisions"}],"predecessor-version":[{"id":20999,"href":"https:\/\/luxonomy.net\/es\/wp-json\/wp\/v2\/posts\/20997\/revisions\/20999"}],"wp:featuredmedia":[{"embeddable":true,"href":"https:\/\/luxonomy.net\/es\/wp-json\/wp\/v2\/media\/20998"}],"wp:attachment":[{"href":"https:\/\/luxonomy.net\/es\/wp-json\/wp\/v2\/media?parent=20997"}],"wp:term":[{"taxonomy":"category","embeddable":true,"href":"https:\/\/luxonomy.net\/es\/wp-json\/wp\/v2\/categories?post=20997"},{"taxonomy":"post_tag","embeddable":true,"href":"https:\/\/luxonomy.net\/es\/wp-json\/wp\/v2\/tags?post=20997"},{"taxonomy":"thb-sponsors","embeddable":true,"href":"https:\/\/luxonomy.net\/es\/wp-json\/wp\/v2\/thb-sponsors?post=20997"}],"curies":[{"name":"wp","href":"https:\/\/api.w.org\/{rel}","templated":true}]}}