{"id":20993,"date":"2022-03-23T16:14:24","date_gmt":"2022-03-23T15:14:24","guid":{"rendered":"https:\/?p=20993"},"modified":"2022-03-23T16:14:24","modified_gmt":"2022-03-23T15:14:24","slug":"todo-lo-que-necesitas-saber-sobre-metaverse-fashion-week","status":"publish","type":"post","link":"https:\/\/luxonomy.net\/es\/todo-lo-que-necesitas-saber-sobre-metaverse-fashion-week\/","title":{"rendered":"Todo lo que necesitas saber sobre Metaverse Fashion Week"},"content":{"rendered":"<p>El <strong>mundo social virtual Decentraland<\/strong> presenta la <strong>Metaverse Fashion<\/strong> <strong>Week<\/strong>, que tiene lugar del <strong>24 al 27 de marzo<\/strong>. Durante los <strong>cuatro d\u00edas<\/strong>, <strong>Decentraland<\/strong> acoger\u00e1 <strong>desfiles<\/strong>, experiencias de <strong>moda<\/strong>, tiendas <strong>pop-up<\/strong> y <strong>after parties<\/strong>, en las que se exhibir\u00e1n <strong>dise\u00f1os digitales y f\u00edsicos de grandes dise\u00f1adores<\/strong>.<\/p>\n<p><strong>La industria de la moda en su conjunto ha seguido aumentando su presencia en el metaverso durante los \u00faltimos<\/strong> <strong>a\u00f1os<\/strong>, y la celebraci\u00f3n la semana de la moda virtual demuestra la importancia que el mundo digital ha llegado a tener para los creadores.<\/p>\n<p>&#8220;La moda y la Alta Costura no son nuevas en el metaverso&#8221;, afirma el director creativo de la Fundaci\u00f3n Decentraland, Sam Hamilton, en un comunicado. &#8220;Decentraland ha estado a la vanguardia de la moda digital emergente desde el lanzamiento de la ropa tecnol\u00f3gica para sus avatares en 2020. Desde entonces, los creadores han estado explorando tanto los l\u00edmites t\u00e9cnicos como estil\u00edsticos de la ropa tecnol\u00f3gica de Decentraland, y han creado una econom\u00eda en auge con m\u00e1s de un mill\u00f3n de d\u00f3lares en ventas de ropa tecnol\u00f3gica para avatares el a\u00f1o pasado\u201d.<\/p><div id=\"luxon-3080188961\" class=\"luxon-3er-parrafo luxon-entity-placement\" style=\"margin-top: 20px;margin-bottom: 20px;margin-left: auto;margin-right: auto;text-align: center;\"><a href=\"https:\/\/luxonomy.university\/course\/master-turismo-de-lujo\" target=\"_blank\" aria-label=\"master-turismo-lujo-2026-2027\"><img loading=\"lazy\" decoding=\"async\" src=\"https:\/\/i0.wp.com\/luxonomy.net\/wp-content\/uploads\/2020\/07\/master-turismo-lujo-2026-2027.jpg?fit=1672%2C941&#038;ssl=1\" alt=\"\"  srcset=\"https:\/\/i0.wp.com\/luxonomy.net\/wp-content\/uploads\/2020\/07\/master-turismo-lujo-2026-2027.jpg?w=1672&ssl=1 1672w, https:\/\/i0.wp.com\/luxonomy.net\/wp-content\/uploads\/2020\/07\/master-turismo-lujo-2026-2027.jpg?resize=300%2C169&ssl=1 300w, https:\/\/i0.wp.com\/luxonomy.net\/wp-content\/uploads\/2020\/07\/master-turismo-lujo-2026-2027.jpg?resize=1024%2C576&ssl=1 1024w, https:\/\/i0.wp.com\/luxonomy.net\/wp-content\/uploads\/2020\/07\/master-turismo-lujo-2026-2027.jpg?resize=768%2C432&ssl=1 768w, https:\/\/i0.wp.com\/luxonomy.net\/wp-content\/uploads\/2020\/07\/master-turismo-lujo-2026-2027.jpg?resize=1536%2C864&ssl=1 1536w, https:\/\/i0.wp.com\/luxonomy.net\/wp-content\/uploads\/2020\/07\/master-turismo-lujo-2026-2027.jpg?resize=370%2C208&ssl=1 370w, https:\/\/i0.wp.com\/luxonomy.net\/wp-content\/uploads\/2020\/07\/master-turismo-lujo-2026-2027.jpg?resize=800%2C450&ssl=1 800w, https:\/\/i0.wp.com\/luxonomy.net\/wp-content\/uploads\/2020\/07\/master-turismo-lujo-2026-2027.jpg?resize=20%2C11&ssl=1 20w, https:\/\/i0.wp.com\/luxonomy.net\/wp-content\/uploads\/2020\/07\/master-turismo-lujo-2026-2027.jpg?resize=740%2C416&ssl=1 740w, https:\/\/i0.wp.com\/luxonomy.net\/wp-content\/uploads\/2020\/07\/master-turismo-lujo-2026-2027.jpg?resize=1600%2C900&ssl=1 1600w, https:\/\/i0.wp.com\/luxonomy.net\/wp-content\/uploads\/2020\/07\/master-turismo-lujo-2026-2027.jpg?resize=1200%2C675&ssl=1 1200w, https:\/\/i0.wp.com\/luxonomy.net\/wp-content\/uploads\/2020\/07\/master-turismo-lujo-2026-2027.jpg?resize=85%2C48&ssl=1 85w\" sizes=\"(max-width: 1170px) 100vw, 1170px\" class=\"no-lazyload\" width=\"1672\" height=\"941\"   \/><\/a><\/div>\n<h3>Activaciones del sector del lujo<\/h3>\n<p>En el nuevo Distrito de la Moda de Lujo de Decentraland, el marketplace de tokens no fungibles (NFT) UNXD, y Vogue Arabia presentar\u00e1n m\u00faltiples pasarelas de algunas de las marcas de moda m\u00e1s distinguidas del sector. Dolce &amp; Gabbana, Dundas y Etro ser\u00e1n algunas de las marcas que desfilar\u00e1n en la pasarela, as\u00ed como marcas de moda digital como The Fabricant y una selecci\u00f3n de nuevos dise\u00f1adores que har\u00e1n su debut virtual.<\/p>\n<p>Para iniciar el evento, Selfridges revelar\u00e1 su tienda insignia metaverso, junto a una experiencia inmersiva de Paco Rabanne y Victor Vasarely. El distrito comercial virtual ya alberga locales y activaciones de varias marcas notables, como Tommy Hilfiger, Elie Saab y Franck Muller, as\u00ed como tiendas que venden la colaboraci\u00f3n de DressX con Merts Otsamo y la l\u00ednea White Rabbit NFT de Nicholas Kirkwood. El modisto chino Guo Pei se sumar\u00e1 al evento, mostrando una experiencia sensorial en colaboraci\u00f3n con UNXD.<\/p>\n<h3>Una variedad de experiencias de inmersi\u00f3n, mercados y activaciones<\/h3>\n<p>Adem\u00e1s del amplio programa de desfiles y colecciones para comprar, las activaciones de Decentraland estar\u00e1n presentes en casi todo su mundo virtual. Se podr\u00e1 ver la experiencia Electric\/City de Charli Cohen, un mundo online inspirado en la colecci\u00f3n Pok\u00e9mon de la dise\u00f1adora, as\u00ed como el El Recinto Community de Metaparty, con miniv\u00eddeojuegos, y un museo pop-up de MetaTokio, con obras de fot\u00f3grafos de moda expuestas.<\/p>\n<p>Varias organizaciones digitales tambi\u00e9n han patrocinado a algunos dise\u00f1adores para que aparezcan en sus zonas espec\u00edficas. El mercado NFT Rarible patrocinar\u00e1 la Designers Street de Decentraland, que acoger\u00e1 una zona para los dise\u00f1adores emergentes de ropa streetwear e impulsar\u00e1 la venta de prendas exclusivas de marcas como The Fabricant, Perry Ellis, Fresh Couture y Placebo. Dragon City traer\u00e1 a su espacio virtual una selecci\u00f3n de dise\u00f1adores y marcas asi\u00e1ticas, mientras que la zona Metaloop by Kollectiff acoger\u00e1 desfiles de marcas como Cider, Anrealage y 8sian.<\/p><div id=\"luxon-3536925123\" class=\"luxon-7-parrafo luxon-entity-placement\" style=\"margin-top: 20px;margin-bottom: 20px;margin-left: auto;margin-right: auto;text-align: center;\"><a href=\"https:\/\/theintelligence.institute\/course\/inteligencia-artificial-para-directivos\" target=\"_blank\" aria-label=\"CSIAD_empresas_THEI_horizontal_4x3_v5\"><img loading=\"lazy\" decoding=\"async\" src=\"https:\/\/i0.wp.com\/luxonomy.net\/wp-content\/uploads\/2025\/08\/CSIAD_empresas_THEI_horizontal_4x3_v5.png?fit=2000%2C1500&#038;ssl=1\" alt=\"\"  srcset=\"https:\/\/i0.wp.com\/luxonomy.net\/wp-content\/uploads\/2025\/08\/CSIAD_empresas_THEI_horizontal_4x3_v5.png?w=2000&ssl=1 2000w, https:\/\/i0.wp.com\/luxonomy.net\/wp-content\/uploads\/2025\/08\/CSIAD_empresas_THEI_horizontal_4x3_v5.png?resize=300%2C225&ssl=1 300w, https:\/\/i0.wp.com\/luxonomy.net\/wp-content\/uploads\/2025\/08\/CSIAD_empresas_THEI_horizontal_4x3_v5.png?resize=1024%2C768&ssl=1 1024w, https:\/\/i0.wp.com\/luxonomy.net\/wp-content\/uploads\/2025\/08\/CSIAD_empresas_THEI_horizontal_4x3_v5.png?resize=768%2C576&ssl=1 768w, https:\/\/i0.wp.com\/luxonomy.net\/wp-content\/uploads\/2025\/08\/CSIAD_empresas_THEI_horizontal_4x3_v5.png?resize=1536%2C1152&ssl=1 1536w, https:\/\/i0.wp.com\/luxonomy.net\/wp-content\/uploads\/2025\/08\/CSIAD_empresas_THEI_horizontal_4x3_v5.png?resize=370%2C278&ssl=1 370w, https:\/\/i0.wp.com\/luxonomy.net\/wp-content\/uploads\/2025\/08\/CSIAD_empresas_THEI_horizontal_4x3_v5.png?resize=800%2C600&ssl=1 800w, https:\/\/i0.wp.com\/luxonomy.net\/wp-content\/uploads\/2025\/08\/CSIAD_empresas_THEI_horizontal_4x3_v5.png?resize=20%2C15&ssl=1 20w, https:\/\/i0.wp.com\/luxonomy.net\/wp-content\/uploads\/2025\/08\/CSIAD_empresas_THEI_horizontal_4x3_v5.png?resize=740%2C555&ssl=1 740w, https:\/\/i0.wp.com\/luxonomy.net\/wp-content\/uploads\/2025\/08\/CSIAD_empresas_THEI_horizontal_4x3_v5.png?resize=1600%2C1200&ssl=1 1600w, https:\/\/i0.wp.com\/luxonomy.net\/wp-content\/uploads\/2025\/08\/CSIAD_empresas_THEI_horizontal_4x3_v5.png?resize=1200%2C900&ssl=1 1200w, https:\/\/i0.wp.com\/luxonomy.net\/wp-content\/uploads\/2025\/08\/CSIAD_empresas_THEI_horizontal_4x3_v5.png?resize=64%2C48&ssl=1 64w\" sizes=\"(max-width: 1170px) 100vw, 1170px\" class=\"no-lazyload\" width=\"2000\" height=\"1500\"   \/><\/a><\/div>\n<p>El arte y el cine tambi\u00e9n tendr\u00e1n un papel destacado durante el evento y se alojar\u00e1n principalmente en la Galer\u00eda de Arte y Sala de Proyecci\u00f3n de CashLabs, en la que se celebrar\u00e1n varias exposiciones de artistas de renombre. Una sala de cine en el espacio virtual presentar\u00e1 pel\u00edculas de moda de marcas como Chanel y House of Lanvin, mientras que el equipo de CashLabs ofrecer\u00e1 varias charlas sobre moda a cargo de destacados expertos del sector.<\/p>\n<p>Por \u00faltimo, pero no por ello menos importante, las after-show parties (fiestas posteriores a los desfiles) de Dolce &amp; Gabbana, Faith Connexion y Faith Tribe x Blondish completar\u00e1n la propuesta, recordando el programa t\u00edpico de la Semana de la Moda.<\/p>\n","protected":false},"excerpt":{"rendered":"<p>El mundo social virtual Decentraland presenta la Metaverse Fashion Week, que tiene lugar del 24 al 27 de marzo. Durante los cuatro d\u00edas, Decentraland acoger\u00e1 desfiles, experiencias de moda, tiendas pop-up y after parties, en las que se exhibir\u00e1n dise\u00f1os digitales y f\u00edsicos de grandes dise\u00f1adores. La industria de la moda en su conjunto ha&hellip;<\/p>\n","protected":false},"author":19,"featured_media":20994,"comment_status":"open","ping_status":"open","sticky":false,"template":"","format":"standard","meta":{"_jetpack_newsletter_access":"","_jetpack_dont_email_post_to_subs":false,"_jetpack_newsletter_tier_id":0,"_jetpack_memberships_contains_paywalled_content":false,"_jetpack_feature_clip_id":0,"_jetpack_memberships_contains_paid_content":false,"footnotes":"","jetpack_publicize_message":"Todo lo que necesitas saber sobre Metaverse Fashion Week. El mundo social virtual Decentraland presenta la Metaverse Fashion Week, que tiene lugar del 24 al 27 de marzo. Durante los cuatro d\u00edas, Decentraland acoger\u00e1 desfiles, experiencias de moda, tiendas pop-up y after parties, en las que se exhibir\u00e1n dise\u00f1os digitales y f\u00edsicos de grandes dise\u00f1adores. #DECENTRALAND #EVENTOS #METAVERSEFASHIONWEEK #METAVERSO #MODA","jetpack_publicize_feature_enabled":true,"jetpack_social_post_already_shared":true,"jetpack_social_options":{"image_generator_settings":{"template":"edge","default_image_id":0,"font":"","enabled":false},"version":2},"jetpack_post_was_ever_published":false},"categories":[227,534],"tags":[1506,228,1505,1262,586],"thb-sponsors":[],"class_list":["post-20993","post","type-post","status-publish","format-standard","has-post-thumbnail","hentry","category-eventos","category-moda","tag-decentraland","tag-eventos","tag-metaverse-fashion-week","tag-metaverso","tag-moda"],"yoast_head":"<!-- This site is optimized with the Yoast SEO plugin v28.4 - https:\/\/yoast.com\/product\/yoast-seo-wordpress\/ -->\n<title>Todo lo que necesitas saber sobre Metaverse Fashion Week | LUXONOMY<\/title>\n<meta name=\"robots\" content=\"index, follow, max-snippet:-1, max-image-preview:large, max-video-preview:-1\" \/>\n<link rel=\"canonical\" href=\"https:\/\/luxonomy.net\/es\/todo-lo-que-necesitas-saber-sobre-metaverse-fashion-week\/\" \/>\n<meta property=\"og:locale\" content=\"es_ES\" \/>\n<meta property=\"og:type\" content=\"article\" \/>\n<meta property=\"og:title\" content=\"Todo lo que necesitas saber sobre Metaverse Fashion Week | LUXONOMY\" \/>\n<meta property=\"og:description\" content=\"El mundo social virtual Decentraland presenta la Metaverse Fashion Week, que tiene lugar del 24 al 27 de marzo. Durante los cuatro d\u00edas, Decentraland acoger\u00e1 desfiles, experiencias de moda, tiendas pop-up y after parties, en las que se exhibir\u00e1n dise\u00f1os digitales y f\u00edsicos de grandes dise\u00f1adores. La industria de la moda en su conjunto ha&hellip;\" \/>\n<meta property=\"og:url\" content=\"https:\/\/luxonomy.net\/es\/todo-lo-que-necesitas-saber-sobre-metaverse-fashion-week\/\" \/>\n<meta property=\"og:site_name\" content=\"LUXONOMY\" \/>\n<meta property=\"article:publisher\" content=\"https:\/\/www.facebook.com\/luxonomy\" \/>\n<meta property=\"article:published_time\" content=\"2022-03-23T15:14:24+00:00\" \/>\n<meta property=\"og:image\" content=\"https:\/\/i0.wp.com\/luxonomy.net\/wp-content\/uploads\/2022\/03\/Todo-lo-que-necesitas-saber-sobre-Metaverse-Fashion-Week-que-empieza-hoy.jpg?fit=1280%2C720&quality=89&ssl=1\" \/>\n\t<meta property=\"og:image:width\" content=\"1280\" \/>\n\t<meta property=\"og:image:height\" content=\"720\" \/>\n\t<meta property=\"og:image:type\" content=\"image\/jpeg\" \/>\n<meta name=\"author\" content=\"Pablo Guti\u00e9rrez-Rav\u00e9 Villal\u00f3n\" \/>\n<meta name=\"twitter:card\" content=\"summary_large_image\" \/>\n<meta name=\"twitter:label1\" content=\"Escrito por\" \/>\n\t<meta name=\"twitter:data1\" content=\"Pablo Guti\u00e9rrez-Rav\u00e9 Villal\u00f3n\" \/>\n\t<meta name=\"twitter:label2\" content=\"Tiempo de lectura\" \/>\n\t<meta name=\"twitter:data2\" content=\"3 minutos\" \/>\n<script type=\"application\/ld+json\" class=\"yoast-schema-graph\">{\"@context\":\"https:\\\/\\\/schema.org\",\"@graph\":[{\"@type\":\"Article\",\"@id\":\"https:\\\/\\\/luxonomy.net\\\/es\\\/todo-lo-que-necesitas-saber-sobre-metaverse-fashion-week\\\/#article\",\"isPartOf\":{\"@id\":\"https:\\\/\\\/luxonomy.net\\\/es\\\/todo-lo-que-necesitas-saber-sobre-metaverse-fashion-week\\\/\"},\"author\":{\"name\":\"Pablo Guti\u00e9rrez-Rav\u00e9 Villal\u00f3n\",\"@id\":\"https:\\\/\\\/luxonomy.net\\\/es\\\/#\\\/schema\\\/person\\\/aca186356f30a813f61bbf19ba52c031\"},\"headline\":\"Todo lo que necesitas saber sobre Metaverse Fashion Week\",\"datePublished\":\"2022-03-23T15:14:24+00:00\",\"mainEntityOfPage\":{\"@id\":\"https:\\\/\\\/luxonomy.net\\\/es\\\/todo-lo-que-necesitas-saber-sobre-metaverse-fashion-week\\\/\"},\"wordCount\":674,\"commentCount\":0,\"publisher\":{\"@id\":\"https:\\\/\\\/luxonomy.net\\\/es\\\/#organization\"},\"image\":{\"@id\":\"https:\\\/\\\/luxonomy.net\\\/es\\\/todo-lo-que-necesitas-saber-sobre-metaverse-fashion-week\\\/#primaryimage\"},\"thumbnailUrl\":\"https:\\\/\\\/i0.wp.com\\\/luxonomy.net\\\/wp-content\\\/uploads\\\/2022\\\/03\\\/Todo-lo-que-necesitas-saber-sobre-Metaverse-Fashion-Week-que-empieza-hoy.jpg?fit=1280%2C720&ssl=1\",\"keywords\":[\"Decentraland\",\"Eventos\",\"Metaverse Fashion Week\",\"metaverso\",\"Moda\"],\"articleSection\":[\"Eventos\",\"Moda\"],\"inLanguage\":\"es\",\"potentialAction\":[{\"@type\":\"CommentAction\",\"name\":\"Comment\",\"target\":[\"https:\\\/\\\/luxonomy.net\\\/es\\\/todo-lo-que-necesitas-saber-sobre-metaverse-fashion-week\\\/#respond\"]}]},{\"@type\":\"WebPage\",\"@id\":\"https:\\\/\\\/luxonomy.net\\\/es\\\/todo-lo-que-necesitas-saber-sobre-metaverse-fashion-week\\\/\",\"url\":\"https:\\\/\\\/luxonomy.net\\\/es\\\/todo-lo-que-necesitas-saber-sobre-metaverse-fashion-week\\\/\",\"name\":\"Todo lo que necesitas saber sobre Metaverse Fashion Week | LUXONOMY\",\"isPartOf\":{\"@id\":\"https:\\\/\\\/luxonomy.net\\\/es\\\/#website\"},\"primaryImageOfPage\":{\"@id\":\"https:\\\/\\\/luxonomy.net\\\/es\\\/todo-lo-que-necesitas-saber-sobre-metaverse-fashion-week\\\/#primaryimage\"},\"image\":{\"@id\":\"https:\\\/\\\/luxonomy.net\\\/es\\\/todo-lo-que-necesitas-saber-sobre-metaverse-fashion-week\\\/#primaryimage\"},\"thumbnailUrl\":\"https:\\\/\\\/i0.wp.com\\\/luxonomy.net\\\/wp-content\\\/uploads\\\/2022\\\/03\\\/Todo-lo-que-necesitas-saber-sobre-Metaverse-Fashion-Week-que-empieza-hoy.jpg?fit=1280%2C720&ssl=1\",\"datePublished\":\"2022-03-23T15:14:24+00:00\",\"breadcrumb\":{\"@id\":\"https:\\\/\\\/luxonomy.net\\\/es\\\/todo-lo-que-necesitas-saber-sobre-metaverse-fashion-week\\\/#breadcrumb\"},\"inLanguage\":\"es\",\"potentialAction\":[{\"@type\":\"ReadAction\",\"target\":[\"https:\\\/\\\/luxonomy.net\\\/es\\\/todo-lo-que-necesitas-saber-sobre-metaverse-fashion-week\\\/\"]}]},{\"@type\":\"ImageObject\",\"inLanguage\":\"es\",\"@id\":\"https:\\\/\\\/luxonomy.net\\\/es\\\/todo-lo-que-necesitas-saber-sobre-metaverse-fashion-week\\\/#primaryimage\",\"url\":\"https:\\\/\\\/i0.wp.com\\\/luxonomy.net\\\/wp-content\\\/uploads\\\/2022\\\/03\\\/Todo-lo-que-necesitas-saber-sobre-Metaverse-Fashion-Week-que-empieza-hoy.jpg?fit=1280%2C720&ssl=1\",\"contentUrl\":\"https:\\\/\\\/i0.wp.com\\\/luxonomy.net\\\/wp-content\\\/uploads\\\/2022\\\/03\\\/Todo-lo-que-necesitas-saber-sobre-Metaverse-Fashion-Week-que-empieza-hoy.jpg?fit=1280%2C720&ssl=1\",\"width\":1280,\"height\":720},{\"@type\":\"BreadcrumbList\",\"@id\":\"https:\\\/\\\/luxonomy.net\\\/es\\\/todo-lo-que-necesitas-saber-sobre-metaverse-fashion-week\\\/#breadcrumb\",\"itemListElement\":[{\"@type\":\"ListItem\",\"position\":1,\"name\":\"Portada\",\"item\":\"https:\\\/\\\/luxonomy.net\\\/es\\\/\"},{\"@type\":\"ListItem\",\"position\":2,\"name\":\"Todo lo que necesitas saber sobre Metaverse Fashion Week\"}]},{\"@type\":\"WebSite\",\"@id\":\"https:\\\/\\\/luxonomy.net\\\/es\\\/#website\",\"url\":\"https:\\\/\\\/luxonomy.net\\\/es\\\/\",\"name\":\"LUXONOMY\",\"description\":\"The Economy of Fashion &amp; Luxury\",\"publisher\":{\"@id\":\"https:\\\/\\\/luxonomy.net\\\/es\\\/#organization\"},\"potentialAction\":[{\"@type\":\"SearchAction\",\"target\":{\"@type\":\"EntryPoint\",\"urlTemplate\":\"https:\\\/\\\/luxonomy.net\\\/es\\\/?s={search_term_string}\"},\"query-input\":{\"@type\":\"PropertyValueSpecification\",\"valueRequired\":true,\"valueName\":\"search_term_string\"}}],\"inLanguage\":\"es\"},{\"@type\":\"Organization\",\"@id\":\"https:\\\/\\\/luxonomy.net\\\/es\\\/#organization\",\"name\":\"LUXONOMY\",\"url\":\"https:\\\/\\\/luxonomy.net\\\/es\\\/\",\"logo\":{\"@type\":\"ImageObject\",\"inLanguage\":\"es\",\"@id\":\"https:\\\/\\\/luxonomy.net\\\/es\\\/#\\\/schema\\\/logo\\\/image\\\/\",\"url\":\"https:\\\/\\\/i2.wp.com\\\/luxonomy.net\\\/wp-content\\\/uploads\\\/2021\\\/09\\\/MOCKUP-TODOS-LUXONOMY.jpg?fit=1000%2C515&ssl=1\",\"contentUrl\":\"https:\\\/\\\/i2.wp.com\\\/luxonomy.net\\\/wp-content\\\/uploads\\\/2021\\\/09\\\/MOCKUP-TODOS-LUXONOMY.jpg?fit=1000%2C515&ssl=1\",\"width\":1000,\"height\":515,\"caption\":\"LUXONOMY\"},\"image\":{\"@id\":\"https:\\\/\\\/luxonomy.net\\\/es\\\/#\\\/schema\\\/logo\\\/image\\\/\"},\"sameAs\":[\"https:\\\/\\\/www.facebook.com\\\/luxonomy\",\"https:\\\/\\\/www.instagram.com\\\/luxonomy\\\/\",\"https:\\\/\\\/www.linkedin.com\\\/company\\\/luxonomy\\\/\"]},{\"@type\":\"Person\",\"@id\":\"https:\\\/\\\/luxonomy.net\\\/es\\\/#\\\/schema\\\/person\\\/aca186356f30a813f61bbf19ba52c031\",\"name\":\"Pablo Guti\u00e9rrez-Rav\u00e9 Villal\u00f3n\",\"image\":{\"@type\":\"ImageObject\",\"inLanguage\":\"es\",\"@id\":\"https:\\\/\\\/luxonomy.net\\\/wp-content\\\/litespeed\\\/avatar\\\/b80839bcd1d7840754b71e72cad801ce.jpg?ver=1788213692\",\"url\":\"https:\\\/\\\/luxonomy.net\\\/wp-content\\\/litespeed\\\/avatar\\\/b80839bcd1d7840754b71e72cad801ce.jpg?ver=1788213692\",\"contentUrl\":\"https:\\\/\\\/luxonomy.net\\\/wp-content\\\/litespeed\\\/avatar\\\/b80839bcd1d7840754b71e72cad801ce.jpg?ver=1788213692\",\"caption\":\"Pablo Guti\u00e9rrez-Rav\u00e9 Villal\u00f3n\"},\"description\":\"president LUXONOMY\u2122 Group\",\"sameAs\":[\"https:\\\/\\\/www.linkedin.com\\\/in\\\/pablogutierrezrave\\\/\"],\"url\":\"https:\\\/\\\/luxonomy.net\\\/es\\\/author\\\/pablo\\\/\"}]}<\/script>\n<!-- \/ Yoast SEO plugin. -->","yoast_head_json":{"title":"Todo lo que necesitas saber sobre Metaverse Fashion Week | LUXONOMY","robots":{"index":"index","follow":"follow","max-snippet":"max-snippet:-1","max-image-preview":"max-image-preview:large","max-video-preview":"max-video-preview:-1"},"canonical":"https:\/\/luxonomy.net\/es\/todo-lo-que-necesitas-saber-sobre-metaverse-fashion-week\/","og_locale":"es_ES","og_type":"article","og_title":"Todo lo que necesitas saber sobre Metaverse Fashion Week | LUXONOMY","og_description":"El mundo social virtual Decentraland presenta la Metaverse Fashion Week, que tiene lugar del 24 al 27 de marzo. Durante los cuatro d\u00edas, Decentraland acoger\u00e1 desfiles, experiencias de moda, tiendas pop-up y after parties, en las que se exhibir\u00e1n dise\u00f1os digitales y f\u00edsicos de grandes dise\u00f1adores. La industria de la moda en su conjunto ha&hellip;","og_url":"https:\/\/luxonomy.net\/es\/todo-lo-que-necesitas-saber-sobre-metaverse-fashion-week\/","og_site_name":"LUXONOMY","article_publisher":"https:\/\/www.facebook.com\/luxonomy","article_published_time":"2022-03-23T15:14:24+00:00","og_image":[{"width":1280,"height":720,"url":"https:\/\/i0.wp.com\/luxonomy.net\/wp-content\/uploads\/2022\/03\/Todo-lo-que-necesitas-saber-sobre-Metaverse-Fashion-Week-que-empieza-hoy.jpg?fit=1280%2C720&quality=89&ssl=1","type":"image\/jpeg"}],"author":"Pablo Guti\u00e9rrez-Rav\u00e9 Villal\u00f3n","twitter_card":"summary_large_image","twitter_misc":{"Escrito por":"Pablo Guti\u00e9rrez-Rav\u00e9 Villal\u00f3n","Tiempo de lectura":"3 minutos"},"schema":{"@context":"https:\/\/schema.org","@graph":[{"@type":"Article","@id":"https:\/\/luxonomy.net\/es\/todo-lo-que-necesitas-saber-sobre-metaverse-fashion-week\/#article","isPartOf":{"@id":"https:\/\/luxonomy.net\/es\/todo-lo-que-necesitas-saber-sobre-metaverse-fashion-week\/"},"author":{"name":"Pablo Guti\u00e9rrez-Rav\u00e9 Villal\u00f3n","@id":"https:\/\/luxonomy.net\/es\/#\/schema\/person\/aca186356f30a813f61bbf19ba52c031"},"headline":"Todo lo que necesitas saber sobre Metaverse Fashion Week","datePublished":"2022-03-23T15:14:24+00:00","mainEntityOfPage":{"@id":"https:\/\/luxonomy.net\/es\/todo-lo-que-necesitas-saber-sobre-metaverse-fashion-week\/"},"wordCount":674,"commentCount":0,"publisher":{"@id":"https:\/\/luxonomy.net\/es\/#organization"},"image":{"@id":"https:\/\/luxonomy.net\/es\/todo-lo-que-necesitas-saber-sobre-metaverse-fashion-week\/#primaryimage"},"thumbnailUrl":"https:\/\/i0.wp.com\/luxonomy.net\/wp-content\/uploads\/2022\/03\/Todo-lo-que-necesitas-saber-sobre-Metaverse-Fashion-Week-que-empieza-hoy.jpg?fit=1280%2C720&ssl=1","keywords":["Decentraland","Eventos","Metaverse Fashion Week","metaverso","Moda"],"articleSection":["Eventos","Moda"],"inLanguage":"es","potentialAction":[{"@type":"CommentAction","name":"Comment","target":["https:\/\/luxonomy.net\/es\/todo-lo-que-necesitas-saber-sobre-metaverse-fashion-week\/#respond"]}]},{"@type":"WebPage","@id":"https:\/\/luxonomy.net\/es\/todo-lo-que-necesitas-saber-sobre-metaverse-fashion-week\/","url":"https:\/\/luxonomy.net\/es\/todo-lo-que-necesitas-saber-sobre-metaverse-fashion-week\/","name":"Todo lo que necesitas saber sobre Metaverse Fashion Week | LUXONOMY","isPartOf":{"@id":"https:\/\/luxonomy.net\/es\/#website"},"primaryImageOfPage":{"@id":"https:\/\/luxonomy.net\/es\/todo-lo-que-necesitas-saber-sobre-metaverse-fashion-week\/#primaryimage"},"image":{"@id":"https:\/\/luxonomy.net\/es\/todo-lo-que-necesitas-saber-sobre-metaverse-fashion-week\/#primaryimage"},"thumbnailUrl":"https:\/\/i0.wp.com\/luxonomy.net\/wp-content\/uploads\/2022\/03\/Todo-lo-que-necesitas-saber-sobre-Metaverse-Fashion-Week-que-empieza-hoy.jpg?fit=1280%2C720&ssl=1","datePublished":"2022-03-23T15:14:24+00:00","breadcrumb":{"@id":"https:\/\/luxonomy.net\/es\/todo-lo-que-necesitas-saber-sobre-metaverse-fashion-week\/#breadcrumb"},"inLanguage":"es","potentialAction":[{"@type":"ReadAction","target":["https:\/\/luxonomy.net\/es\/todo-lo-que-necesitas-saber-sobre-metaverse-fashion-week\/"]}]},{"@type":"ImageObject","inLanguage":"es","@id":"https:\/\/luxonomy.net\/es\/todo-lo-que-necesitas-saber-sobre-metaverse-fashion-week\/#primaryimage","url":"https:\/\/i0.wp.com\/luxonomy.net\/wp-content\/uploads\/2022\/03\/Todo-lo-que-necesitas-saber-sobre-Metaverse-Fashion-Week-que-empieza-hoy.jpg?fit=1280%2C720&ssl=1","contentUrl":"https:\/\/i0.wp.com\/luxonomy.net\/wp-content\/uploads\/2022\/03\/Todo-lo-que-necesitas-saber-sobre-Metaverse-Fashion-Week-que-empieza-hoy.jpg?fit=1280%2C720&ssl=1","width":1280,"height":720},{"@type":"BreadcrumbList","@id":"https:\/\/luxonomy.net\/es\/todo-lo-que-necesitas-saber-sobre-metaverse-fashion-week\/#breadcrumb","itemListElement":[{"@type":"ListItem","position":1,"name":"Portada","item":"https:\/\/luxonomy.net\/es\/"},{"@type":"ListItem","position":2,"name":"Todo lo que necesitas saber sobre Metaverse Fashion Week"}]},{"@type":"WebSite","@id":"https:\/\/luxonomy.net\/es\/#website","url":"https:\/\/luxonomy.net\/es\/","name":"LUXONOMY","description":"The Economy of Fashion &amp; Luxury","publisher":{"@id":"https:\/\/luxonomy.net\/es\/#organization"},"potentialAction":[{"@type":"SearchAction","target":{"@type":"EntryPoint","urlTemplate":"https:\/\/luxonomy.net\/es\/?s={search_term_string}"},"query-input":{"@type":"PropertyValueSpecification","valueRequired":true,"valueName":"search_term_string"}}],"inLanguage":"es"},{"@type":"Organization","@id":"https:\/\/luxonomy.net\/es\/#organization","name":"LUXONOMY","url":"https:\/\/luxonomy.net\/es\/","logo":{"@type":"ImageObject","inLanguage":"es","@id":"https:\/\/luxonomy.net\/es\/#\/schema\/logo\/image\/","url":"https:\/\/i2.wp.com\/luxonomy.net\/wp-content\/uploads\/2021\/09\/MOCKUP-TODOS-LUXONOMY.jpg?fit=1000%2C515&ssl=1","contentUrl":"https:\/\/i2.wp.com\/luxonomy.net\/wp-content\/uploads\/2021\/09\/MOCKUP-TODOS-LUXONOMY.jpg?fit=1000%2C515&ssl=1","width":1000,"height":515,"caption":"LUXONOMY"},"image":{"@id":"https:\/\/luxonomy.net\/es\/#\/schema\/logo\/image\/"},"sameAs":["https:\/\/www.facebook.com\/luxonomy","https:\/\/www.instagram.com\/luxonomy\/","https:\/\/www.linkedin.com\/company\/luxonomy\/"]},{"@type":"Person","@id":"https:\/\/luxonomy.net\/es\/#\/schema\/person\/aca186356f30a813f61bbf19ba52c031","name":"Pablo Guti\u00e9rrez-Rav\u00e9 Villal\u00f3n","image":{"@type":"ImageObject","inLanguage":"es","@id":"https:\/\/luxonomy.net\/wp-content\/litespeed\/avatar\/b80839bcd1d7840754b71e72cad801ce.jpg?ver=1788213692","url":"https:\/\/luxonomy.net\/wp-content\/litespeed\/avatar\/b80839bcd1d7840754b71e72cad801ce.jpg?ver=1788213692","contentUrl":"https:\/\/luxonomy.net\/wp-content\/litespeed\/avatar\/b80839bcd1d7840754b71e72cad801ce.jpg?ver=1788213692","caption":"Pablo Guti\u00e9rrez-Rav\u00e9 Villal\u00f3n"},"description":"president LUXONOMY\u2122 Group","sameAs":["https:\/\/www.linkedin.com\/in\/pablogutierrezrave\/"],"url":"https:\/\/luxonomy.net\/es\/author\/pablo\/"}]}},"jetpack_publicize_connections":[],"jetpack_shortlink":"https:\/\/wp.me\/paPhBa-5sB","jetpack_sharing_enabled":true,"jetpack_featured_media_url":"https:\/\/i0.wp.com\/luxonomy.net\/wp-content\/uploads\/2022\/03\/Todo-lo-que-necesitas-saber-sobre-Metaverse-Fashion-Week-que-empieza-hoy.jpg?fit=1280%2C720&ssl=1","_links":{"self":[{"href":"https:\/\/luxonomy.net\/es\/wp-json\/wp\/v2\/posts\/20993","targetHints":{"allow":["GET"]}}],"collection":[{"href":"https:\/\/luxonomy.net\/es\/wp-json\/wp\/v2\/posts"}],"about":[{"href":"https:\/\/luxonomy.net\/es\/wp-json\/wp\/v2\/types\/post"}],"author":[{"embeddable":true,"href":"https:\/\/luxonomy.net\/es\/wp-json\/wp\/v2\/users\/19"}],"replies":[{"embeddable":true,"href":"https:\/\/luxonomy.net\/es\/wp-json\/wp\/v2\/comments?post=20993"}],"version-history":[{"count":2,"href":"https:\/\/luxonomy.net\/es\/wp-json\/wp\/v2\/posts\/20993\/revisions"}],"predecessor-version":[{"id":20996,"href":"https:\/\/luxonomy.net\/es\/wp-json\/wp\/v2\/posts\/20993\/revisions\/20996"}],"wp:featuredmedia":[{"embeddable":true,"href":"https:\/\/luxonomy.net\/es\/wp-json\/wp\/v2\/media\/20994"}],"wp:attachment":[{"href":"https:\/\/luxonomy.net\/es\/wp-json\/wp\/v2\/media?parent=20993"}],"wp:term":[{"taxonomy":"category","embeddable":true,"href":"https:\/\/luxonomy.net\/es\/wp-json\/wp\/v2\/categories?post=20993"},{"taxonomy":"post_tag","embeddable":true,"href":"https:\/\/luxonomy.net\/es\/wp-json\/wp\/v2\/tags?post=20993"},{"taxonomy":"thb-sponsors","embeddable":true,"href":"https:\/\/luxonomy.net\/es\/wp-json\/wp\/v2\/thb-sponsors?post=20993"}],"curies":[{"name":"wp","href":"https:\/\/api.w.org\/{rel}","templated":true}]}}