{"id":20888,"date":"2022-03-20T13:37:06","date_gmt":"2022-03-20T12:37:06","guid":{"rendered":"https:\/?p=20888"},"modified":"2022-08-31T12:13:56","modified_gmt":"2022-08-31T10:13:56","slug":"lvmh-renueva-su-apoyo-a-la-fabrique-nomade","status":"publish","type":"post","link":"https:\/\/luxonomy.net\/es\/lvmh-renueva-su-apoyo-a-la-fabrique-nomade\/","title":{"rendered":"LVMH renueva su apoyo a La Fabrique NOMADE"},"content":{"rendered":"<p><strong>Grupo LVMH se complace en continuar su apoyo a la asociaci\u00f3n La Fabrique NOMADE por cuarto a\u00f1o consecutivo<\/strong>. Creada en 2016 por <strong>In\u00e8s Mesmar<\/strong>, <strong>La Fabrique NOMADE<\/strong> promueve la inclusi\u00f3n profesional de los artesanos de las bellas artes refugiados que viven en Francia, permiti\u00e9ndoles prosperar gracias a sus habilidades artesanales. Cada a\u00f1o, la asociaci\u00f3n lanza una colecci\u00f3n <strong>&#8220;Traits d&#8217;union&#8221;<\/strong> que brinda a estos talentos la oportunidad de mostrar su savoir-faire, con el apoyo de dise\u00f1adores y estilistas voluntarios. La inauguraci\u00f3n de este a\u00f1o tuvo lugar el <strong>10 de marzo<\/strong> en el taller de la asociaci\u00f3n en el Viaduc des Arts de Par\u00eds, al que asistieron <strong>Antoine Arnault, Director de Imagen y Medio Ambiente de Grupo LVMH<\/strong>, y la <strong>patrocinadora de La Fabrique NOMADE, Sonia Rolland<\/strong>.<\/p>\n<p>\u201cEstoy encantada de estar de vuelta en el taller de La Fabrique NOMADE para celebrar el lanzamiento de esta nueva colecci\u00f3n Traits d&#8217;union. Me gustar\u00eda dar las gracias a In\u00e8s Mesmar por el notable trabajo que ha realizado, as\u00ed como a Sonia Rolland por actuar como patrocinadora de esta magn\u00edfica asociaci\u00f3n. Sobre todo, quiero felicitar a todos los artesanos que forman parte de esta incre\u00edble aventura. Gracias por su compromiso, por su pasi\u00f3n y por su resiliencia. Estos son valores compartidos por el grupo LVMH, que se compromete a preservar el saber hacer y transmitir las habilidades \u00fanicas de estos oficios, y que promueve activamente la igualdad de oportunidades. Estos valores son la base de nuestro apoyo a La Fabrique NOMADE durante los \u00faltimos cuatro a\u00f1os y alimentan nuestra asociaci\u00f3n\u201d, afirm\u00f3 Antoine Arnault.<\/p>\n<p>Sonia Rolland present\u00f3 la sexta colecci\u00f3n cuyo tema, \u201cOnde\u201d (\u201cOla\u201d), fue elegido por los dise\u00f1adores Jos\u00e9 L\u00e9vy, Richard Descours y Matthias Schneider, ex director de Studio Repossi y ahora dise\u00f1ador de joyas de Louis Vuitton. Gracias a esta colaboraci\u00f3n, los artesanos de La Fabrique NOMADE de Sri Lanka, Guinea, Afganist\u00e1n, el Congo y Senegal crearon piezas \u00fanicas y contempor\u00e1neas que re\u00fanen m\u00faltiples culturas y un saber hacer tradicional excepcional de todo el mundo.<\/p><div id=\"luxon-3926916401\" class=\"luxon-3er-parrafo luxon-entity-placement\" style=\"margin-top: 20px;margin-bottom: 20px;margin-left: auto;margin-right: auto;text-align: center;\"><a href=\"https:\/\/luxonomy.university\/course\/master-turismo-de-lujo\" target=\"_blank\" aria-label=\"master-turismo-lujo-2026-2027\"><img loading=\"lazy\" decoding=\"async\" src=\"https:\/\/i0.wp.com\/luxonomy.net\/wp-content\/uploads\/2020\/07\/master-turismo-lujo-2026-2027.jpg?fit=1672%2C941&#038;ssl=1\" alt=\"\"  srcset=\"https:\/\/i0.wp.com\/luxonomy.net\/wp-content\/uploads\/2020\/07\/master-turismo-lujo-2026-2027.jpg?w=1672&ssl=1 1672w, https:\/\/i0.wp.com\/luxonomy.net\/wp-content\/uploads\/2020\/07\/master-turismo-lujo-2026-2027.jpg?resize=300%2C169&ssl=1 300w, https:\/\/i0.wp.com\/luxonomy.net\/wp-content\/uploads\/2020\/07\/master-turismo-lujo-2026-2027.jpg?resize=1024%2C576&ssl=1 1024w, https:\/\/i0.wp.com\/luxonomy.net\/wp-content\/uploads\/2020\/07\/master-turismo-lujo-2026-2027.jpg?resize=768%2C432&ssl=1 768w, https:\/\/i0.wp.com\/luxonomy.net\/wp-content\/uploads\/2020\/07\/master-turismo-lujo-2026-2027.jpg?resize=1536%2C864&ssl=1 1536w, https:\/\/i0.wp.com\/luxonomy.net\/wp-content\/uploads\/2020\/07\/master-turismo-lujo-2026-2027.jpg?resize=370%2C208&ssl=1 370w, https:\/\/i0.wp.com\/luxonomy.net\/wp-content\/uploads\/2020\/07\/master-turismo-lujo-2026-2027.jpg?resize=800%2C450&ssl=1 800w, https:\/\/i0.wp.com\/luxonomy.net\/wp-content\/uploads\/2020\/07\/master-turismo-lujo-2026-2027.jpg?resize=20%2C11&ssl=1 20w, https:\/\/i0.wp.com\/luxonomy.net\/wp-content\/uploads\/2020\/07\/master-turismo-lujo-2026-2027.jpg?resize=740%2C416&ssl=1 740w, https:\/\/i0.wp.com\/luxonomy.net\/wp-content\/uploads\/2020\/07\/master-turismo-lujo-2026-2027.jpg?resize=1600%2C900&ssl=1 1600w, https:\/\/i0.wp.com\/luxonomy.net\/wp-content\/uploads\/2020\/07\/master-turismo-lujo-2026-2027.jpg?resize=1200%2C675&ssl=1 1200w, https:\/\/i0.wp.com\/luxonomy.net\/wp-content\/uploads\/2020\/07\/master-turismo-lujo-2026-2027.jpg?resize=85%2C48&ssl=1 85w\" sizes=\"(max-width: 1170px) 100vw, 1170px\" class=\"no-lazyload\" width=\"1672\" height=\"941\"   \/><\/a><\/div>\n<p>La colecci\u00f3n &#8220;Onde&#8221; abarca ropa, joyas y objetos de arte y est\u00e1 disponible tanto en la tienda electr\u00f3nica de La Fabrique NOMADE como en la boutique del Viaduc des Arts, 1 bis Avenue Daumesnil en el distrito 12 de Par\u00eds. Todos los ingresos se destinan a apoyar las actividades de la asociaci\u00f3n.<\/p>\n<p>LVMH, que est\u00e1 profundamente comprometida con la preservaci\u00f3n y la transmisi\u00f3n de un saber hacer excepcional en los oficios artesanales, se enorgullece de las inversiones realizadas por sus Maisons, que han demostrado una vez m\u00e1s que el saber hacer es un lenguaje universal que trasciende fronteras.<\/p>\n<p>La asociaci\u00f3n entre LVMH y La Fabrique NOMADE incluye intercambios, capacitaci\u00f3n, filantrop\u00eda basada en habilidades, as\u00ed como oportunidades de empleo para algunos de los artesanos, colaboraciones con LVMH Maisons y promoci\u00f3n de sinergias con otras iniciativas del Grupo, beneficiando as\u00ed a todas las partes interesadas en esta asociaci\u00f3n. .<\/p>\n<p>Este a\u00f1o, la asociaci\u00f3n tambi\u00e9n permiti\u00f3 la creaci\u00f3n de una obra titulada &#8220;Conversaciones ex situ&#8221; del escultor J\u00e9r\u00e9my Gob\u00e9 con cinco artesanos de La Fabrique NOMADE, con el apoyo del programa M\u00e9tiers d&#8217;Excellence LVMH. Presentado en la feria internacional de arte contempor\u00e1neo FIAC en 2021, el trabajo pronto se mostrar\u00e1 en Homo Faber en Venecia, una exposici\u00f3n internacional sobre artesan\u00eda y R\u00e9v\u00e9lations en Par\u00eds.<\/p><div id=\"luxon-3598917383\" class=\"luxon-7-parrafo luxon-entity-placement\" style=\"margin-top: 20px;margin-bottom: 20px;margin-left: auto;margin-right: auto;text-align: center;\"><a href=\"https:\/\/theintelligence.institute\/course\/inteligencia-artificial-para-directivos\" target=\"_blank\" aria-label=\"CSIAD_empresas_THEI_horizontal_4x3_v5\"><img loading=\"lazy\" decoding=\"async\" src=\"https:\/\/i0.wp.com\/luxonomy.net\/wp-content\/uploads\/2025\/08\/CSIAD_empresas_THEI_horizontal_4x3_v5.png?fit=2000%2C1500&#038;ssl=1\" alt=\"\"  srcset=\"https:\/\/i0.wp.com\/luxonomy.net\/wp-content\/uploads\/2025\/08\/CSIAD_empresas_THEI_horizontal_4x3_v5.png?w=2000&ssl=1 2000w, https:\/\/i0.wp.com\/luxonomy.net\/wp-content\/uploads\/2025\/08\/CSIAD_empresas_THEI_horizontal_4x3_v5.png?resize=300%2C225&ssl=1 300w, https:\/\/i0.wp.com\/luxonomy.net\/wp-content\/uploads\/2025\/08\/CSIAD_empresas_THEI_horizontal_4x3_v5.png?resize=1024%2C768&ssl=1 1024w, https:\/\/i0.wp.com\/luxonomy.net\/wp-content\/uploads\/2025\/08\/CSIAD_empresas_THEI_horizontal_4x3_v5.png?resize=768%2C576&ssl=1 768w, https:\/\/i0.wp.com\/luxonomy.net\/wp-content\/uploads\/2025\/08\/CSIAD_empresas_THEI_horizontal_4x3_v5.png?resize=1536%2C1152&ssl=1 1536w, https:\/\/i0.wp.com\/luxonomy.net\/wp-content\/uploads\/2025\/08\/CSIAD_empresas_THEI_horizontal_4x3_v5.png?resize=370%2C278&ssl=1 370w, https:\/\/i0.wp.com\/luxonomy.net\/wp-content\/uploads\/2025\/08\/CSIAD_empresas_THEI_horizontal_4x3_v5.png?resize=800%2C600&ssl=1 800w, https:\/\/i0.wp.com\/luxonomy.net\/wp-content\/uploads\/2025\/08\/CSIAD_empresas_THEI_horizontal_4x3_v5.png?resize=20%2C15&ssl=1 20w, https:\/\/i0.wp.com\/luxonomy.net\/wp-content\/uploads\/2025\/08\/CSIAD_empresas_THEI_horizontal_4x3_v5.png?resize=740%2C555&ssl=1 740w, https:\/\/i0.wp.com\/luxonomy.net\/wp-content\/uploads\/2025\/08\/CSIAD_empresas_THEI_horizontal_4x3_v5.png?resize=1600%2C1200&ssl=1 1600w, https:\/\/i0.wp.com\/luxonomy.net\/wp-content\/uploads\/2025\/08\/CSIAD_empresas_THEI_horizontal_4x3_v5.png?resize=1200%2C900&ssl=1 1200w, https:\/\/i0.wp.com\/luxonomy.net\/wp-content\/uploads\/2025\/08\/CSIAD_empresas_THEI_horizontal_4x3_v5.png?resize=64%2C48&ssl=1 64w\" sizes=\"(max-width: 1170px) 100vw, 1170px\" class=\"no-lazyload\" width=\"2000\" height=\"1500\"   \/><\/a><\/div>\n","protected":false},"excerpt":{"rendered":"<p>Grupo LVMH se complace en continuar su apoyo a la asociaci\u00f3n La Fabrique NOMADE por cuarto a\u00f1o consecutivo. Creada en 2016 por In\u00e8s Mesmar, La Fabrique NOMADE promueve la inclusi\u00f3n profesional de los artesanos de las bellas artes refugiados que viven en Francia, permiti\u00e9ndoles prosperar gracias a sus habilidades artesanales. Cada a\u00f1o, la asociaci\u00f3n lanza&hellip;<\/p>\n","protected":false},"author":1,"featured_media":20889,"comment_status":"open","ping_status":"open","sticky":false,"template":"","format":"standard","meta":{"_jetpack_newsletter_access":"","_jetpack_dont_email_post_to_subs":false,"_jetpack_newsletter_tier_id":0,"_jetpack_memberships_contains_paywalled_content":false,"_jetpack_feature_clip_id":0,"_jetpack_memberships_contains_paid_content":false,"footnotes":"","jetpack_publicize_message":"LVMH renueva su apoyo a La Fabrique NOMADE","jetpack_publicize_feature_enabled":true,"jetpack_social_post_already_shared":true,"jetpack_social_options":{"image_generator_settings":{"template":"edge","default_image_id":0,"font":"","enabled":false},"version":2},"jetpack_post_was_ever_published":false},"categories":[227,1713,505],"tags":[228,1500,1499,585],"thb-sponsors":[1183],"class_list":["post-20888","post","type-post","status-publish","format-standard","has-post-thumbnail","hentry","category-eventos","category-patrocinado","category-sin-categorizar","tag-eventos","tag-ines-mesmar","tag-la-fabrique-nomade","tag-lvmh"],"yoast_head":"<!-- This site is optimized with the Yoast SEO plugin v28.4 - https:\/\/yoast.com\/product\/yoast-seo-wordpress\/ -->\n<title>LVMH renueva su apoyo a La Fabrique NOMADE | LUXONOMY<\/title>\n<meta name=\"robots\" content=\"index, follow, max-snippet:-1, max-image-preview:large, max-video-preview:-1\" \/>\n<link rel=\"canonical\" href=\"https:\/\/luxonomy.net\/es\/lvmh-renueva-su-apoyo-a-la-fabrique-nomade\/\" \/>\n<meta property=\"og:locale\" content=\"es_ES\" \/>\n<meta property=\"og:type\" content=\"article\" \/>\n<meta property=\"og:title\" content=\"LVMH renueva su apoyo a La Fabrique NOMADE | LUXONOMY\" \/>\n<meta property=\"og:description\" content=\"Grupo LVMH se complace en continuar su apoyo a la asociaci\u00f3n La Fabrique NOMADE por cuarto a\u00f1o consecutivo. Creada en 2016 por In\u00e8s Mesmar, La Fabrique NOMADE promueve la inclusi\u00f3n profesional de los artesanos de las bellas artes refugiados que viven en Francia, permiti\u00e9ndoles prosperar gracias a sus habilidades artesanales. Cada a\u00f1o, la asociaci\u00f3n lanza&hellip;\" \/>\n<meta property=\"og:url\" content=\"https:\/\/luxonomy.net\/es\/lvmh-renueva-su-apoyo-a-la-fabrique-nomade\/\" \/>\n<meta property=\"og:site_name\" content=\"LUXONOMY\" \/>\n<meta property=\"article:publisher\" content=\"https:\/\/www.facebook.com\/luxonomy\" \/>\n<meta property=\"article:published_time\" content=\"2022-03-20T12:37:06+00:00\" \/>\n<meta property=\"article:modified_time\" content=\"2022-08-31T10:13:56+00:00\" \/>\n<meta property=\"og:image\" content=\"https:\/\/i0.wp.com\/luxonomy.net\/wp-content\/uploads\/2022\/03\/LVMH-renueva-su-apoyo-a-La-Fabrique-NOMADE.jpg?fit=2000%2C1100&quality=89&ssl=1\" \/>\n\t<meta property=\"og:image:width\" content=\"2000\" \/>\n\t<meta property=\"og:image:height\" content=\"1100\" \/>\n\t<meta property=\"og:image:type\" content=\"image\/jpeg\" \/>\n<meta name=\"author\" content=\"LUXONOMY\" \/>\n<meta name=\"twitter:card\" content=\"summary_large_image\" \/>\n<meta name=\"twitter:label1\" content=\"Escrito por\" \/>\n\t<meta name=\"twitter:data1\" content=\"LUXONOMY\" \/>\n\t<meta name=\"twitter:label2\" content=\"Tiempo de lectura\" \/>\n\t<meta name=\"twitter:data2\" content=\"3 minutos\" \/>\n<script type=\"application\/ld+json\" class=\"yoast-schema-graph\">{\"@context\":\"https:\\\/\\\/schema.org\",\"@graph\":[{\"@type\":\"Article\",\"@id\":\"https:\\\/\\\/luxonomy.net\\\/es\\\/lvmh-renueva-su-apoyo-a-la-fabrique-nomade\\\/#article\",\"isPartOf\":{\"@id\":\"https:\\\/\\\/luxonomy.net\\\/es\\\/lvmh-renueva-su-apoyo-a-la-fabrique-nomade\\\/\"},\"author\":{\"name\":\"LUXONOMY\",\"@id\":\"https:\\\/\\\/luxonomy.net\\\/es\\\/#\\\/schema\\\/person\\\/ca588d8b741a1fdd9065289c8d98ee8c\"},\"headline\":\"LVMH renueva su apoyo a La Fabrique NOMADE\",\"datePublished\":\"2022-03-20T12:37:06+00:00\",\"dateModified\":\"2022-08-31T10:13:56+00:00\",\"mainEntityOfPage\":{\"@id\":\"https:\\\/\\\/luxonomy.net\\\/es\\\/lvmh-renueva-su-apoyo-a-la-fabrique-nomade\\\/\"},\"wordCount\":603,\"commentCount\":0,\"publisher\":{\"@id\":\"https:\\\/\\\/luxonomy.net\\\/es\\\/#organization\"},\"image\":{\"@id\":\"https:\\\/\\\/luxonomy.net\\\/es\\\/lvmh-renueva-su-apoyo-a-la-fabrique-nomade\\\/#primaryimage\"},\"thumbnailUrl\":\"https:\\\/\\\/i0.wp.com\\\/luxonomy.net\\\/wp-content\\\/uploads\\\/2022\\\/03\\\/LVMH-renueva-su-apoyo-a-La-Fabrique-NOMADE.jpg?fit=2000%2C1100&ssl=1\",\"keywords\":[\"Eventos\",\"In\u00e8s Mesmar\",\"La Fabrique NOMADE\",\"LVMH\"],\"articleSection\":[\"Eventos\",\"PATROCINADO\",\"Sin categorizar\"],\"inLanguage\":\"es\",\"potentialAction\":[{\"@type\":\"CommentAction\",\"name\":\"Comment\",\"target\":[\"https:\\\/\\\/luxonomy.net\\\/es\\\/lvmh-renueva-su-apoyo-a-la-fabrique-nomade\\\/#respond\"]}]},{\"@type\":\"WebPage\",\"@id\":\"https:\\\/\\\/luxonomy.net\\\/es\\\/lvmh-renueva-su-apoyo-a-la-fabrique-nomade\\\/\",\"url\":\"https:\\\/\\\/luxonomy.net\\\/es\\\/lvmh-renueva-su-apoyo-a-la-fabrique-nomade\\\/\",\"name\":\"LVMH renueva su apoyo a La Fabrique NOMADE | LUXONOMY\",\"isPartOf\":{\"@id\":\"https:\\\/\\\/luxonomy.net\\\/es\\\/#website\"},\"primaryImageOfPage\":{\"@id\":\"https:\\\/\\\/luxonomy.net\\\/es\\\/lvmh-renueva-su-apoyo-a-la-fabrique-nomade\\\/#primaryimage\"},\"image\":{\"@id\":\"https:\\\/\\\/luxonomy.net\\\/es\\\/lvmh-renueva-su-apoyo-a-la-fabrique-nomade\\\/#primaryimage\"},\"thumbnailUrl\":\"https:\\\/\\\/i0.wp.com\\\/luxonomy.net\\\/wp-content\\\/uploads\\\/2022\\\/03\\\/LVMH-renueva-su-apoyo-a-La-Fabrique-NOMADE.jpg?fit=2000%2C1100&ssl=1\",\"datePublished\":\"2022-03-20T12:37:06+00:00\",\"dateModified\":\"2022-08-31T10:13:56+00:00\",\"breadcrumb\":{\"@id\":\"https:\\\/\\\/luxonomy.net\\\/es\\\/lvmh-renueva-su-apoyo-a-la-fabrique-nomade\\\/#breadcrumb\"},\"inLanguage\":\"es\",\"potentialAction\":[{\"@type\":\"ReadAction\",\"target\":[\"https:\\\/\\\/luxonomy.net\\\/es\\\/lvmh-renueva-su-apoyo-a-la-fabrique-nomade\\\/\"]}]},{\"@type\":\"ImageObject\",\"inLanguage\":\"es\",\"@id\":\"https:\\\/\\\/luxonomy.net\\\/es\\\/lvmh-renueva-su-apoyo-a-la-fabrique-nomade\\\/#primaryimage\",\"url\":\"https:\\\/\\\/i0.wp.com\\\/luxonomy.net\\\/wp-content\\\/uploads\\\/2022\\\/03\\\/LVMH-renueva-su-apoyo-a-La-Fabrique-NOMADE.jpg?fit=2000%2C1100&ssl=1\",\"contentUrl\":\"https:\\\/\\\/i0.wp.com\\\/luxonomy.net\\\/wp-content\\\/uploads\\\/2022\\\/03\\\/LVMH-renueva-su-apoyo-a-La-Fabrique-NOMADE.jpg?fit=2000%2C1100&ssl=1\",\"width\":2000,\"height\":1100},{\"@type\":\"BreadcrumbList\",\"@id\":\"https:\\\/\\\/luxonomy.net\\\/es\\\/lvmh-renueva-su-apoyo-a-la-fabrique-nomade\\\/#breadcrumb\",\"itemListElement\":[{\"@type\":\"ListItem\",\"position\":1,\"name\":\"Portada\",\"item\":\"https:\\\/\\\/luxonomy.net\\\/es\\\/\"},{\"@type\":\"ListItem\",\"position\":2,\"name\":\"LVMH renueva su apoyo a La Fabrique NOMADE\"}]},{\"@type\":\"WebSite\",\"@id\":\"https:\\\/\\\/luxonomy.net\\\/es\\\/#website\",\"url\":\"https:\\\/\\\/luxonomy.net\\\/es\\\/\",\"name\":\"LUXONOMY\",\"description\":\"The Economy of Fashion &amp; Luxury\",\"publisher\":{\"@id\":\"https:\\\/\\\/luxonomy.net\\\/es\\\/#organization\"},\"potentialAction\":[{\"@type\":\"SearchAction\",\"target\":{\"@type\":\"EntryPoint\",\"urlTemplate\":\"https:\\\/\\\/luxonomy.net\\\/es\\\/?s={search_term_string}\"},\"query-input\":{\"@type\":\"PropertyValueSpecification\",\"valueRequired\":true,\"valueName\":\"search_term_string\"}}],\"inLanguage\":\"es\"},{\"@type\":\"Organization\",\"@id\":\"https:\\\/\\\/luxonomy.net\\\/es\\\/#organization\",\"name\":\"LUXONOMY\",\"url\":\"https:\\\/\\\/luxonomy.net\\\/es\\\/\",\"logo\":{\"@type\":\"ImageObject\",\"inLanguage\":\"es\",\"@id\":\"https:\\\/\\\/luxonomy.net\\\/es\\\/#\\\/schema\\\/logo\\\/image\\\/\",\"url\":\"https:\\\/\\\/i2.wp.com\\\/luxonomy.net\\\/wp-content\\\/uploads\\\/2021\\\/09\\\/MOCKUP-TODOS-LUXONOMY.jpg?fit=1000%2C515&ssl=1\",\"contentUrl\":\"https:\\\/\\\/i2.wp.com\\\/luxonomy.net\\\/wp-content\\\/uploads\\\/2021\\\/09\\\/MOCKUP-TODOS-LUXONOMY.jpg?fit=1000%2C515&ssl=1\",\"width\":1000,\"height\":515,\"caption\":\"LUXONOMY\"},\"image\":{\"@id\":\"https:\\\/\\\/luxonomy.net\\\/es\\\/#\\\/schema\\\/logo\\\/image\\\/\"},\"sameAs\":[\"https:\\\/\\\/www.facebook.com\\\/luxonomy\",\"https:\\\/\\\/www.instagram.com\\\/luxonomy\\\/\",\"https:\\\/\\\/www.linkedin.com\\\/company\\\/luxonomy\\\/\"]},{\"@type\":\"Person\",\"@id\":\"https:\\\/\\\/luxonomy.net\\\/es\\\/#\\\/schema\\\/person\\\/ca588d8b741a1fdd9065289c8d98ee8c\",\"name\":\"LUXONOMY\",\"image\":{\"@type\":\"ImageObject\",\"inLanguage\":\"es\",\"@id\":\"https:\\\/\\\/luxonomy.net\\\/wp-content\\\/litespeed\\\/avatar\\\/a6436cdb14fdaf9c21808e63d0da2055.jpg?ver=1788366758\",\"url\":\"https:\\\/\\\/luxonomy.net\\\/wp-content\\\/litespeed\\\/avatar\\\/a6436cdb14fdaf9c21808e63d0da2055.jpg?ver=1788366758\",\"contentUrl\":\"https:\\\/\\\/luxonomy.net\\\/wp-content\\\/litespeed\\\/avatar\\\/a6436cdb14fdaf9c21808e63d0da2055.jpg?ver=1788366758\",\"caption\":\"LUXONOMY\"},\"sameAs\":[\"https:\\\/\"],\"url\":\"https:\\\/\\\/luxonomy.net\\\/es\\\/author\\\/luxonomy\\\/\"}]}<\/script>\n<!-- \/ Yoast SEO plugin. -->","yoast_head_json":{"title":"LVMH renueva su apoyo a La Fabrique NOMADE | LUXONOMY","robots":{"index":"index","follow":"follow","max-snippet":"max-snippet:-1","max-image-preview":"max-image-preview:large","max-video-preview":"max-video-preview:-1"},"canonical":"https:\/\/luxonomy.net\/es\/lvmh-renueva-su-apoyo-a-la-fabrique-nomade\/","og_locale":"es_ES","og_type":"article","og_title":"LVMH renueva su apoyo a La Fabrique NOMADE | LUXONOMY","og_description":"Grupo LVMH se complace en continuar su apoyo a la asociaci\u00f3n La Fabrique NOMADE por cuarto a\u00f1o consecutivo. Creada en 2016 por In\u00e8s Mesmar, La Fabrique NOMADE promueve la inclusi\u00f3n profesional de los artesanos de las bellas artes refugiados que viven en Francia, permiti\u00e9ndoles prosperar gracias a sus habilidades artesanales. Cada a\u00f1o, la asociaci\u00f3n lanza&hellip;","og_url":"https:\/\/luxonomy.net\/es\/lvmh-renueva-su-apoyo-a-la-fabrique-nomade\/","og_site_name":"LUXONOMY","article_publisher":"https:\/\/www.facebook.com\/luxonomy","article_published_time":"2022-03-20T12:37:06+00:00","article_modified_time":"2022-08-31T10:13:56+00:00","og_image":[{"width":2000,"height":1100,"url":"https:\/\/i0.wp.com\/luxonomy.net\/wp-content\/uploads\/2022\/03\/LVMH-renueva-su-apoyo-a-La-Fabrique-NOMADE.jpg?fit=2000%2C1100&quality=89&ssl=1","type":"image\/jpeg"}],"author":"LUXONOMY","twitter_card":"summary_large_image","twitter_misc":{"Escrito por":"LUXONOMY","Tiempo de lectura":"3 minutos"},"schema":{"@context":"https:\/\/schema.org","@graph":[{"@type":"Article","@id":"https:\/\/luxonomy.net\/es\/lvmh-renueva-su-apoyo-a-la-fabrique-nomade\/#article","isPartOf":{"@id":"https:\/\/luxonomy.net\/es\/lvmh-renueva-su-apoyo-a-la-fabrique-nomade\/"},"author":{"name":"LUXONOMY","@id":"https:\/\/luxonomy.net\/es\/#\/schema\/person\/ca588d8b741a1fdd9065289c8d98ee8c"},"headline":"LVMH renueva su apoyo a La Fabrique NOMADE","datePublished":"2022-03-20T12:37:06+00:00","dateModified":"2022-08-31T10:13:56+00:00","mainEntityOfPage":{"@id":"https:\/\/luxonomy.net\/es\/lvmh-renueva-su-apoyo-a-la-fabrique-nomade\/"},"wordCount":603,"commentCount":0,"publisher":{"@id":"https:\/\/luxonomy.net\/es\/#organization"},"image":{"@id":"https:\/\/luxonomy.net\/es\/lvmh-renueva-su-apoyo-a-la-fabrique-nomade\/#primaryimage"},"thumbnailUrl":"https:\/\/i0.wp.com\/luxonomy.net\/wp-content\/uploads\/2022\/03\/LVMH-renueva-su-apoyo-a-La-Fabrique-NOMADE.jpg?fit=2000%2C1100&ssl=1","keywords":["Eventos","In\u00e8s Mesmar","La Fabrique NOMADE","LVMH"],"articleSection":["Eventos","PATROCINADO","Sin categorizar"],"inLanguage":"es","potentialAction":[{"@type":"CommentAction","name":"Comment","target":["https:\/\/luxonomy.net\/es\/lvmh-renueva-su-apoyo-a-la-fabrique-nomade\/#respond"]}]},{"@type":"WebPage","@id":"https:\/\/luxonomy.net\/es\/lvmh-renueva-su-apoyo-a-la-fabrique-nomade\/","url":"https:\/\/luxonomy.net\/es\/lvmh-renueva-su-apoyo-a-la-fabrique-nomade\/","name":"LVMH renueva su apoyo a La Fabrique NOMADE | LUXONOMY","isPartOf":{"@id":"https:\/\/luxonomy.net\/es\/#website"},"primaryImageOfPage":{"@id":"https:\/\/luxonomy.net\/es\/lvmh-renueva-su-apoyo-a-la-fabrique-nomade\/#primaryimage"},"image":{"@id":"https:\/\/luxonomy.net\/es\/lvmh-renueva-su-apoyo-a-la-fabrique-nomade\/#primaryimage"},"thumbnailUrl":"https:\/\/i0.wp.com\/luxonomy.net\/wp-content\/uploads\/2022\/03\/LVMH-renueva-su-apoyo-a-La-Fabrique-NOMADE.jpg?fit=2000%2C1100&ssl=1","datePublished":"2022-03-20T12:37:06+00:00","dateModified":"2022-08-31T10:13:56+00:00","breadcrumb":{"@id":"https:\/\/luxonomy.net\/es\/lvmh-renueva-su-apoyo-a-la-fabrique-nomade\/#breadcrumb"},"inLanguage":"es","potentialAction":[{"@type":"ReadAction","target":["https:\/\/luxonomy.net\/es\/lvmh-renueva-su-apoyo-a-la-fabrique-nomade\/"]}]},{"@type":"ImageObject","inLanguage":"es","@id":"https:\/\/luxonomy.net\/es\/lvmh-renueva-su-apoyo-a-la-fabrique-nomade\/#primaryimage","url":"https:\/\/i0.wp.com\/luxonomy.net\/wp-content\/uploads\/2022\/03\/LVMH-renueva-su-apoyo-a-La-Fabrique-NOMADE.jpg?fit=2000%2C1100&ssl=1","contentUrl":"https:\/\/i0.wp.com\/luxonomy.net\/wp-content\/uploads\/2022\/03\/LVMH-renueva-su-apoyo-a-La-Fabrique-NOMADE.jpg?fit=2000%2C1100&ssl=1","width":2000,"height":1100},{"@type":"BreadcrumbList","@id":"https:\/\/luxonomy.net\/es\/lvmh-renueva-su-apoyo-a-la-fabrique-nomade\/#breadcrumb","itemListElement":[{"@type":"ListItem","position":1,"name":"Portada","item":"https:\/\/luxonomy.net\/es\/"},{"@type":"ListItem","position":2,"name":"LVMH renueva su apoyo a La Fabrique NOMADE"}]},{"@type":"WebSite","@id":"https:\/\/luxonomy.net\/es\/#website","url":"https:\/\/luxonomy.net\/es\/","name":"LUXONOMY","description":"The Economy of Fashion &amp; Luxury","publisher":{"@id":"https:\/\/luxonomy.net\/es\/#organization"},"potentialAction":[{"@type":"SearchAction","target":{"@type":"EntryPoint","urlTemplate":"https:\/\/luxonomy.net\/es\/?s={search_term_string}"},"query-input":{"@type":"PropertyValueSpecification","valueRequired":true,"valueName":"search_term_string"}}],"inLanguage":"es"},{"@type":"Organization","@id":"https:\/\/luxonomy.net\/es\/#organization","name":"LUXONOMY","url":"https:\/\/luxonomy.net\/es\/","logo":{"@type":"ImageObject","inLanguage":"es","@id":"https:\/\/luxonomy.net\/es\/#\/schema\/logo\/image\/","url":"https:\/\/i2.wp.com\/luxonomy.net\/wp-content\/uploads\/2021\/09\/MOCKUP-TODOS-LUXONOMY.jpg?fit=1000%2C515&ssl=1","contentUrl":"https:\/\/i2.wp.com\/luxonomy.net\/wp-content\/uploads\/2021\/09\/MOCKUP-TODOS-LUXONOMY.jpg?fit=1000%2C515&ssl=1","width":1000,"height":515,"caption":"LUXONOMY"},"image":{"@id":"https:\/\/luxonomy.net\/es\/#\/schema\/logo\/image\/"},"sameAs":["https:\/\/www.facebook.com\/luxonomy","https:\/\/www.instagram.com\/luxonomy\/","https:\/\/www.linkedin.com\/company\/luxonomy\/"]},{"@type":"Person","@id":"https:\/\/luxonomy.net\/es\/#\/schema\/person\/ca588d8b741a1fdd9065289c8d98ee8c","name":"LUXONOMY","image":{"@type":"ImageObject","inLanguage":"es","@id":"https:\/\/luxonomy.net\/wp-content\/litespeed\/avatar\/a6436cdb14fdaf9c21808e63d0da2055.jpg?ver=1788366758","url":"https:\/\/luxonomy.net\/wp-content\/litespeed\/avatar\/a6436cdb14fdaf9c21808e63d0da2055.jpg?ver=1788366758","contentUrl":"https:\/\/luxonomy.net\/wp-content\/litespeed\/avatar\/a6436cdb14fdaf9c21808e63d0da2055.jpg?ver=1788366758","caption":"LUXONOMY"},"sameAs":["https:\/"],"url":"https:\/\/luxonomy.net\/es\/author\/luxonomy\/"}]}},"jetpack_publicize_connections":[],"jetpack_shortlink":"https:\/\/wp.me\/paPhBa-5qU","jetpack_sharing_enabled":true,"jetpack_featured_media_url":"https:\/\/i0.wp.com\/luxonomy.net\/wp-content\/uploads\/2022\/03\/LVMH-renueva-su-apoyo-a-La-Fabrique-NOMADE.jpg?fit=2000%2C1100&ssl=1","_links":{"self":[{"href":"https:\/\/luxonomy.net\/es\/wp-json\/wp\/v2\/posts\/20888","targetHints":{"allow":["GET"]}}],"collection":[{"href":"https:\/\/luxonomy.net\/es\/wp-json\/wp\/v2\/posts"}],"about":[{"href":"https:\/\/luxonomy.net\/es\/wp-json\/wp\/v2\/types\/post"}],"author":[{"embeddable":true,"href":"https:\/\/luxonomy.net\/es\/wp-json\/wp\/v2\/users\/1"}],"replies":[{"embeddable":true,"href":"https:\/\/luxonomy.net\/es\/wp-json\/wp\/v2\/comments?post=20888"}],"version-history":[{"count":1,"href":"https:\/\/luxonomy.net\/es\/wp-json\/wp\/v2\/posts\/20888\/revisions"}],"predecessor-version":[{"id":20890,"href":"https:\/\/luxonomy.net\/es\/wp-json\/wp\/v2\/posts\/20888\/revisions\/20890"}],"wp:featuredmedia":[{"embeddable":true,"href":"https:\/\/luxonomy.net\/es\/wp-json\/wp\/v2\/media\/20889"}],"wp:attachment":[{"href":"https:\/\/luxonomy.net\/es\/wp-json\/wp\/v2\/media?parent=20888"}],"wp:term":[{"taxonomy":"category","embeddable":true,"href":"https:\/\/luxonomy.net\/es\/wp-json\/wp\/v2\/categories?post=20888"},{"taxonomy":"post_tag","embeddable":true,"href":"https:\/\/luxonomy.net\/es\/wp-json\/wp\/v2\/tags?post=20888"},{"taxonomy":"thb-sponsors","embeddable":true,"href":"https:\/\/luxonomy.net\/es\/wp-json\/wp\/v2\/thb-sponsors?post=20888"}],"curies":[{"name":"wp","href":"https:\/\/api.w.org\/{rel}","templated":true}]}}