{"id":20394,"date":"2022-02-16T14:38:45","date_gmt":"2022-02-16T13:38:45","guid":{"rendered":"https:\/?p=20394"},"modified":"2022-02-16T14:38:45","modified_gmt":"2022-02-16T13:38:45","slug":"louis-vuitton-aumenta-sus-precios-a-nivel-mundial","status":"publish","type":"post","link":"https:\/\/luxonomy.net\/es\/louis-vuitton-aumenta-sus-precios-a-nivel-mundial\/","title":{"rendered":"Louis Vuitton aumenta sus precios a nivel mundial"},"content":{"rendered":"<p><strong>Louis Vuitton<\/strong>, la marca de moda de lujo m\u00e1s grande y con mejor resultados de <strong>LVMH<\/strong>, <strong>aumentar\u00e1 los precios a nivel mundial como resultado del aumento de los costos de fabricaci\u00f3n y transporte<\/strong>, ha informado a Reuters un portavoz de la compa\u00f1\u00eda francesa de art\u00edculos de lujo en China. <strong>Louis Vuitton, la marca de lujo m\u00e1s grande del mu<\/strong>ndo, se convertir\u00e1 en una de las primeras grandes marcas de la industria en <strong>aumentar ampliamente los precios este a\u00f1o para proteger sus m\u00e1rgenes a medida que se disparan los costos<\/strong>.<\/p>\n<p>Los aumentos de precios <strong>afectar\u00e1n a las tiendas Louis Vuitton en todo el mundo<\/strong> y cubrir\u00e1n art\u00edculos de cuero, accesorios de moda y perfumes, dijo el portavoz. No dio m\u00e1s detalles sobre la magnitud de las alzas, m\u00e1s all\u00e1 de decir que variar\u00edan seg\u00fan el producto.<\/p>\n<p>\u201cEl ajuste de precios tiene en cuenta los cambios en los costos de producci\u00f3n, las materias primas, el transporte y la inflaci\u00f3n\u201d, dijo la firma en un comunicado entregado a Reuters. Algunos blogueros en las redes sociales chinas dijeron que el precio de algunos modelos de bolsos como Capucines y Neverfull, ahora con un precio de 46.500 yuanes (7.323 d\u00f3lares) y 12.000 yuanes respectivamente, aumentar\u00eda un 20 por ciento o m\u00e1s en China, sin citar fuentes.<\/p><div id=\"luxon-76326829\" class=\"luxon-3er-parrafo luxon-entity-placement\" style=\"margin-top: 20px;margin-bottom: 20px;margin-left: auto;margin-right: auto;text-align: center;\"><a href=\"https:\/\/luxonomy.university\/course\/master-turismo-de-lujo\" target=\"_blank\" aria-label=\"master-turismo-lujo-2026-2027\"><img loading=\"lazy\" decoding=\"async\" src=\"https:\/\/i0.wp.com\/luxonomy.net\/wp-content\/uploads\/2020\/07\/master-turismo-lujo-2026-2027.jpg?fit=1672%2C941&#038;ssl=1\" alt=\"\"  srcset=\"https:\/\/i0.wp.com\/luxonomy.net\/wp-content\/uploads\/2020\/07\/master-turismo-lujo-2026-2027.jpg?w=1672&ssl=1 1672w, https:\/\/i0.wp.com\/luxonomy.net\/wp-content\/uploads\/2020\/07\/master-turismo-lujo-2026-2027.jpg?resize=300%2C169&ssl=1 300w, https:\/\/i0.wp.com\/luxonomy.net\/wp-content\/uploads\/2020\/07\/master-turismo-lujo-2026-2027.jpg?resize=1024%2C576&ssl=1 1024w, https:\/\/i0.wp.com\/luxonomy.net\/wp-content\/uploads\/2020\/07\/master-turismo-lujo-2026-2027.jpg?resize=768%2C432&ssl=1 768w, https:\/\/i0.wp.com\/luxonomy.net\/wp-content\/uploads\/2020\/07\/master-turismo-lujo-2026-2027.jpg?resize=1536%2C864&ssl=1 1536w, https:\/\/i0.wp.com\/luxonomy.net\/wp-content\/uploads\/2020\/07\/master-turismo-lujo-2026-2027.jpg?resize=370%2C208&ssl=1 370w, https:\/\/i0.wp.com\/luxonomy.net\/wp-content\/uploads\/2020\/07\/master-turismo-lujo-2026-2027.jpg?resize=800%2C450&ssl=1 800w, https:\/\/i0.wp.com\/luxonomy.net\/wp-content\/uploads\/2020\/07\/master-turismo-lujo-2026-2027.jpg?resize=20%2C11&ssl=1 20w, https:\/\/i0.wp.com\/luxonomy.net\/wp-content\/uploads\/2020\/07\/master-turismo-lujo-2026-2027.jpg?resize=740%2C416&ssl=1 740w, https:\/\/i0.wp.com\/luxonomy.net\/wp-content\/uploads\/2020\/07\/master-turismo-lujo-2026-2027.jpg?resize=1600%2C900&ssl=1 1600w, https:\/\/i0.wp.com\/luxonomy.net\/wp-content\/uploads\/2020\/07\/master-turismo-lujo-2026-2027.jpg?resize=1200%2C675&ssl=1 1200w, https:\/\/i0.wp.com\/luxonomy.net\/wp-content\/uploads\/2020\/07\/master-turismo-lujo-2026-2027.jpg?resize=85%2C48&ssl=1 85w\" sizes=\"(max-width: 1170px) 100vw, 1170px\" class=\"no-lazyload\" width=\"1672\" height=\"941\"   \/><\/a><\/div>\n<p>Al presentar ventas y ganancias r\u00e9cord para 2021 para la divisi\u00f3n de moda y art\u00edculos de cuero, liderada por Vuitton y Dior, el jefe multimillonario de LVMH, Bernard Arnault, dijo en enero que el grupo ten\u00eda suficiente margen de maniobra para aumentar los precios en un entorno inflacionario, pero tendr\u00eda que ser &#8220;razonable\u201d<\/p>\n<p>A lo largo de la pandemia de coronavirus, las empresas de art\u00edculos de lujo, han aprovechado de la creciente demanda de moda y accesorios de alta gama para impulsar sus marcas a\u00fan m\u00e1s en el mercado. Chanel aument\u00f3 los precios de algunos de sus bolsos tres veces el a\u00f1o pasado, con el popular bolso Classic Flap, que actualmente se vende a $ 8200, ahora cuesta $ 3000 o casi un 60 por ciento m\u00e1s que antes de la pandemia en 2019.<\/p>\n","protected":false},"excerpt":{"rendered":"<p>Louis Vuitton, la marca de moda de lujo m\u00e1s grande y con mejor resultados de LVMH, aumentar\u00e1 los precios a nivel mundial como resultado del aumento de los costos de fabricaci\u00f3n y transporte, ha informado a Reuters un portavoz de la compa\u00f1\u00eda francesa de art\u00edculos de lujo en China. Louis Vuitton, la marca de lujo&hellip;<\/p>\n","protected":false},"author":10,"featured_media":20395,"comment_status":"open","ping_status":"open","sticky":false,"template":"","format":"standard","meta":{"_jetpack_newsletter_access":"","_jetpack_dont_email_post_to_subs":false,"_jetpack_newsletter_tier_id":0,"_jetpack_memberships_contains_paywalled_content":false,"_jetpack_feature_clip_id":0,"_jetpack_memberships_contains_paid_content":false,"footnotes":"","jetpack_publicize_message":"Louis Vuitton aumenta sus precios a nivel mundial.\r\n\r\nLouis Vuitton, la marca de moda de lujo m\u00e1s grande y con mejor resultados de LVMH, aumentar\u00e1 los precios a nivel mundial como resultado del aumento de los costos de fabricaci\u00f3n y transporte en China.\r\n\r\nA lo largo de la pandemia de coronavirus, las empresas de art\u00edculos de lujo, han aprovechado de la creciente demanda de moda y accesorios de alta gama para impulsar sus marcas a\u00fan m\u00e1s en el mercado. Chanel aument\u00f3 los precios de algunos de sus bolsos tres veces el a\u00f1o pasado, con el popular bolso Classic Flap, que actualmente se vende a $ 8200, ahora cuesta $ 3000 o casi un 60 por ciento m\u00e1s que antes de la pandemia en 2019.\r\n\r\n#econom\u00eda #louisvuitton #LVMH #luxonomy","jetpack_publicize_feature_enabled":true,"jetpack_social_post_already_shared":true,"jetpack_social_options":{"image_generator_settings":{"template":"edge","default_image_id":0,"font":"","enabled":false},"version":2},"jetpack_post_was_ever_published":false},"categories":[1128],"tags":[552,660,1458,585],"thb-sponsors":[],"class_list":["post-20394","post","type-post","status-publish","format-standard","has-post-thumbnail","hentry","category-economia","tag-economia","tag-louis-vuitton","tag-lv","tag-lvmh"],"yoast_head":"<!-- This site is optimized with the Yoast SEO plugin v28.4 - https:\/\/yoast.com\/product\/yoast-seo-wordpress\/ -->\n<title>Louis Vuitton aumenta sus precios a nivel mundial | LUXONOMY<\/title>\n<meta name=\"robots\" content=\"index, follow, max-snippet:-1, max-image-preview:large, max-video-preview:-1\" \/>\n<link rel=\"canonical\" href=\"https:\/\/luxonomy.net\/es\/louis-vuitton-aumenta-sus-precios-a-nivel-mundial\/\" \/>\n<meta property=\"og:locale\" content=\"es_ES\" \/>\n<meta property=\"og:type\" content=\"article\" \/>\n<meta property=\"og:title\" content=\"Louis Vuitton aumenta sus precios a nivel mundial | LUXONOMY\" \/>\n<meta property=\"og:description\" content=\"Louis Vuitton, la marca de moda de lujo m\u00e1s grande y con mejor resultados de LVMH, aumentar\u00e1 los precios a nivel mundial como resultado del aumento de los costos de fabricaci\u00f3n y transporte, ha informado a Reuters un portavoz de la compa\u00f1\u00eda francesa de art\u00edculos de lujo en China. Louis Vuitton, la marca de lujo&hellip;\" \/>\n<meta property=\"og:url\" content=\"https:\/\/luxonomy.net\/es\/louis-vuitton-aumenta-sus-precios-a-nivel-mundial\/\" \/>\n<meta property=\"og:site_name\" content=\"LUXONOMY\" \/>\n<meta property=\"article:publisher\" content=\"https:\/\/www.facebook.com\/luxonomy\" \/>\n<meta property=\"article:published_time\" content=\"2022-02-16T13:38:45+00:00\" \/>\n<meta property=\"og:image\" content=\"https:\/\/i0.wp.com\/luxonomy.net\/wp-content\/uploads\/2022\/02\/Louis-Vuitton-aumenta-sus-precios-a-nivel-mundial.jpg?fit=1200%2C800&quality=89&ssl=1\" \/>\n\t<meta property=\"og:image:width\" content=\"1200\" \/>\n\t<meta property=\"og:image:height\" content=\"800\" \/>\n\t<meta property=\"og:image:type\" content=\"image\/jpeg\" \/>\n<meta name=\"author\" content=\"Chiara Gabardi\" \/>\n<meta name=\"twitter:card\" content=\"summary_large_image\" \/>\n<meta name=\"twitter:label1\" content=\"Escrito por\" \/>\n\t<meta name=\"twitter:data1\" content=\"Chiara Gabardi\" \/>\n\t<meta name=\"twitter:label2\" content=\"Tiempo de lectura\" \/>\n\t<meta name=\"twitter:data2\" content=\"2 minutos\" \/>\n<script type=\"application\/ld+json\" class=\"yoast-schema-graph\">{\"@context\":\"https:\\\/\\\/schema.org\",\"@graph\":[{\"@type\":\"Article\",\"@id\":\"https:\\\/\\\/luxonomy.net\\\/es\\\/louis-vuitton-aumenta-sus-precios-a-nivel-mundial\\\/#article\",\"isPartOf\":{\"@id\":\"https:\\\/\\\/luxonomy.net\\\/es\\\/louis-vuitton-aumenta-sus-precios-a-nivel-mundial\\\/\"},\"author\":{\"name\":\"Chiara Gabardi\",\"@id\":\"https:\\\/\\\/luxonomy.net\\\/es\\\/#\\\/schema\\\/person\\\/9d526ffe93a0cc9cecc91760f49da3ef\"},\"headline\":\"Louis Vuitton aumenta sus precios a nivel mundial\",\"datePublished\":\"2022-02-16T13:38:45+00:00\",\"mainEntityOfPage\":{\"@id\":\"https:\\\/\\\/luxonomy.net\\\/es\\\/louis-vuitton-aumenta-sus-precios-a-nivel-mundial\\\/\"},\"wordCount\":371,\"commentCount\":0,\"publisher\":{\"@id\":\"https:\\\/\\\/luxonomy.net\\\/es\\\/#organization\"},\"image\":{\"@id\":\"https:\\\/\\\/luxonomy.net\\\/es\\\/louis-vuitton-aumenta-sus-precios-a-nivel-mundial\\\/#primaryimage\"},\"thumbnailUrl\":\"https:\\\/\\\/i0.wp.com\\\/luxonomy.net\\\/wp-content\\\/uploads\\\/2022\\\/02\\\/Louis-Vuitton-aumenta-sus-precios-a-nivel-mundial.jpg?fit=1200%2C800&ssl=1\",\"keywords\":[\"econom\u00eda\",\"Louis Vuitton\",\"LV\",\"LVMH\"],\"articleSection\":[\"Econom\u00eda\"],\"inLanguage\":\"es\",\"potentialAction\":[{\"@type\":\"CommentAction\",\"name\":\"Comment\",\"target\":[\"https:\\\/\\\/luxonomy.net\\\/es\\\/louis-vuitton-aumenta-sus-precios-a-nivel-mundial\\\/#respond\"]}]},{\"@type\":\"WebPage\",\"@id\":\"https:\\\/\\\/luxonomy.net\\\/es\\\/louis-vuitton-aumenta-sus-precios-a-nivel-mundial\\\/\",\"url\":\"https:\\\/\\\/luxonomy.net\\\/es\\\/louis-vuitton-aumenta-sus-precios-a-nivel-mundial\\\/\",\"name\":\"Louis Vuitton aumenta sus precios a nivel mundial | LUXONOMY\",\"isPartOf\":{\"@id\":\"https:\\\/\\\/luxonomy.net\\\/es\\\/#website\"},\"primaryImageOfPage\":{\"@id\":\"https:\\\/\\\/luxonomy.net\\\/es\\\/louis-vuitton-aumenta-sus-precios-a-nivel-mundial\\\/#primaryimage\"},\"image\":{\"@id\":\"https:\\\/\\\/luxonomy.net\\\/es\\\/louis-vuitton-aumenta-sus-precios-a-nivel-mundial\\\/#primaryimage\"},\"thumbnailUrl\":\"https:\\\/\\\/i0.wp.com\\\/luxonomy.net\\\/wp-content\\\/uploads\\\/2022\\\/02\\\/Louis-Vuitton-aumenta-sus-precios-a-nivel-mundial.jpg?fit=1200%2C800&ssl=1\",\"datePublished\":\"2022-02-16T13:38:45+00:00\",\"breadcrumb\":{\"@id\":\"https:\\\/\\\/luxonomy.net\\\/es\\\/louis-vuitton-aumenta-sus-precios-a-nivel-mundial\\\/#breadcrumb\"},\"inLanguage\":\"es\",\"potentialAction\":[{\"@type\":\"ReadAction\",\"target\":[\"https:\\\/\\\/luxonomy.net\\\/es\\\/louis-vuitton-aumenta-sus-precios-a-nivel-mundial\\\/\"]}]},{\"@type\":\"ImageObject\",\"inLanguage\":\"es\",\"@id\":\"https:\\\/\\\/luxonomy.net\\\/es\\\/louis-vuitton-aumenta-sus-precios-a-nivel-mundial\\\/#primaryimage\",\"url\":\"https:\\\/\\\/i0.wp.com\\\/luxonomy.net\\\/wp-content\\\/uploads\\\/2022\\\/02\\\/Louis-Vuitton-aumenta-sus-precios-a-nivel-mundial.jpg?fit=1200%2C800&ssl=1\",\"contentUrl\":\"https:\\\/\\\/i0.wp.com\\\/luxonomy.net\\\/wp-content\\\/uploads\\\/2022\\\/02\\\/Louis-Vuitton-aumenta-sus-precios-a-nivel-mundial.jpg?fit=1200%2C800&ssl=1\",\"width\":1200,\"height\":800},{\"@type\":\"BreadcrumbList\",\"@id\":\"https:\\\/\\\/luxonomy.net\\\/es\\\/louis-vuitton-aumenta-sus-precios-a-nivel-mundial\\\/#breadcrumb\",\"itemListElement\":[{\"@type\":\"ListItem\",\"position\":1,\"name\":\"Portada\",\"item\":\"https:\\\/\\\/luxonomy.net\\\/es\\\/\"},{\"@type\":\"ListItem\",\"position\":2,\"name\":\"Louis Vuitton aumenta sus precios a nivel mundial\"}]},{\"@type\":\"WebSite\",\"@id\":\"https:\\\/\\\/luxonomy.net\\\/es\\\/#website\",\"url\":\"https:\\\/\\\/luxonomy.net\\\/es\\\/\",\"name\":\"LUXONOMY\",\"description\":\"The Economy of Fashion &amp; Luxury\",\"publisher\":{\"@id\":\"https:\\\/\\\/luxonomy.net\\\/es\\\/#organization\"},\"potentialAction\":[{\"@type\":\"SearchAction\",\"target\":{\"@type\":\"EntryPoint\",\"urlTemplate\":\"https:\\\/\\\/luxonomy.net\\\/es\\\/?s={search_term_string}\"},\"query-input\":{\"@type\":\"PropertyValueSpecification\",\"valueRequired\":true,\"valueName\":\"search_term_string\"}}],\"inLanguage\":\"es\"},{\"@type\":\"Organization\",\"@id\":\"https:\\\/\\\/luxonomy.net\\\/es\\\/#organization\",\"name\":\"LUXONOMY\",\"url\":\"https:\\\/\\\/luxonomy.net\\\/es\\\/\",\"logo\":{\"@type\":\"ImageObject\",\"inLanguage\":\"es\",\"@id\":\"https:\\\/\\\/luxonomy.net\\\/es\\\/#\\\/schema\\\/logo\\\/image\\\/\",\"url\":\"https:\\\/\\\/i2.wp.com\\\/luxonomy.net\\\/wp-content\\\/uploads\\\/2021\\\/09\\\/MOCKUP-TODOS-LUXONOMY.jpg?fit=1000%2C515&ssl=1\",\"contentUrl\":\"https:\\\/\\\/i2.wp.com\\\/luxonomy.net\\\/wp-content\\\/uploads\\\/2021\\\/09\\\/MOCKUP-TODOS-LUXONOMY.jpg?fit=1000%2C515&ssl=1\",\"width\":1000,\"height\":515,\"caption\":\"LUXONOMY\"},\"image\":{\"@id\":\"https:\\\/\\\/luxonomy.net\\\/es\\\/#\\\/schema\\\/logo\\\/image\\\/\"},\"sameAs\":[\"https:\\\/\\\/www.facebook.com\\\/luxonomy\",\"https:\\\/\\\/www.instagram.com\\\/luxonomy\\\/\",\"https:\\\/\\\/www.linkedin.com\\\/company\\\/luxonomy\\\/\"]},{\"@type\":\"Person\",\"@id\":\"https:\\\/\\\/luxonomy.net\\\/es\\\/#\\\/schema\\\/person\\\/9d526ffe93a0cc9cecc91760f49da3ef\",\"name\":\"Chiara Gabardi\",\"image\":{\"@type\":\"ImageObject\",\"inLanguage\":\"es\",\"@id\":\"https:\\\/\\\/luxonomy.net\\\/wp-content\\\/litespeed\\\/avatar\\\/548640c4e2c34544e66c65ab1641a5d7.jpg?ver=1788581172\",\"url\":\"https:\\\/\\\/luxonomy.net\\\/wp-content\\\/litespeed\\\/avatar\\\/548640c4e2c34544e66c65ab1641a5d7.jpg?ver=1788581172\",\"contentUrl\":\"https:\\\/\\\/luxonomy.net\\\/wp-content\\\/litespeed\\\/avatar\\\/548640c4e2c34544e66c65ab1641a5d7.jpg?ver=1788581172\",\"caption\":\"Chiara Gabardi\"},\"description\":\"Editor at LUXONOMY\u2122 Group\",\"url\":\"https:\\\/\\\/luxonomy.net\\\/es\\\/author\\\/chiara-gabardi\\\/\"}]}<\/script>\n<!-- \/ Yoast SEO plugin. -->","yoast_head_json":{"title":"Louis Vuitton aumenta sus precios a nivel mundial | LUXONOMY","robots":{"index":"index","follow":"follow","max-snippet":"max-snippet:-1","max-image-preview":"max-image-preview:large","max-video-preview":"max-video-preview:-1"},"canonical":"https:\/\/luxonomy.net\/es\/louis-vuitton-aumenta-sus-precios-a-nivel-mundial\/","og_locale":"es_ES","og_type":"article","og_title":"Louis Vuitton aumenta sus precios a nivel mundial | LUXONOMY","og_description":"Louis Vuitton, la marca de moda de lujo m\u00e1s grande y con mejor resultados de LVMH, aumentar\u00e1 los precios a nivel mundial como resultado del aumento de los costos de fabricaci\u00f3n y transporte, ha informado a Reuters un portavoz de la compa\u00f1\u00eda francesa de art\u00edculos de lujo en China. Louis Vuitton, la marca de lujo&hellip;","og_url":"https:\/\/luxonomy.net\/es\/louis-vuitton-aumenta-sus-precios-a-nivel-mundial\/","og_site_name":"LUXONOMY","article_publisher":"https:\/\/www.facebook.com\/luxonomy","article_published_time":"2022-02-16T13:38:45+00:00","og_image":[{"width":1200,"height":800,"url":"https:\/\/i0.wp.com\/luxonomy.net\/wp-content\/uploads\/2022\/02\/Louis-Vuitton-aumenta-sus-precios-a-nivel-mundial.jpg?fit=1200%2C800&quality=89&ssl=1","type":"image\/jpeg"}],"author":"Chiara Gabardi","twitter_card":"summary_large_image","twitter_misc":{"Escrito por":"Chiara Gabardi","Tiempo de lectura":"2 minutos"},"schema":{"@context":"https:\/\/schema.org","@graph":[{"@type":"Article","@id":"https:\/\/luxonomy.net\/es\/louis-vuitton-aumenta-sus-precios-a-nivel-mundial\/#article","isPartOf":{"@id":"https:\/\/luxonomy.net\/es\/louis-vuitton-aumenta-sus-precios-a-nivel-mundial\/"},"author":{"name":"Chiara Gabardi","@id":"https:\/\/luxonomy.net\/es\/#\/schema\/person\/9d526ffe93a0cc9cecc91760f49da3ef"},"headline":"Louis Vuitton aumenta sus precios a nivel mundial","datePublished":"2022-02-16T13:38:45+00:00","mainEntityOfPage":{"@id":"https:\/\/luxonomy.net\/es\/louis-vuitton-aumenta-sus-precios-a-nivel-mundial\/"},"wordCount":371,"commentCount":0,"publisher":{"@id":"https:\/\/luxonomy.net\/es\/#organization"},"image":{"@id":"https:\/\/luxonomy.net\/es\/louis-vuitton-aumenta-sus-precios-a-nivel-mundial\/#primaryimage"},"thumbnailUrl":"https:\/\/i0.wp.com\/luxonomy.net\/wp-content\/uploads\/2022\/02\/Louis-Vuitton-aumenta-sus-precios-a-nivel-mundial.jpg?fit=1200%2C800&ssl=1","keywords":["econom\u00eda","Louis Vuitton","LV","LVMH"],"articleSection":["Econom\u00eda"],"inLanguage":"es","potentialAction":[{"@type":"CommentAction","name":"Comment","target":["https:\/\/luxonomy.net\/es\/louis-vuitton-aumenta-sus-precios-a-nivel-mundial\/#respond"]}]},{"@type":"WebPage","@id":"https:\/\/luxonomy.net\/es\/louis-vuitton-aumenta-sus-precios-a-nivel-mundial\/","url":"https:\/\/luxonomy.net\/es\/louis-vuitton-aumenta-sus-precios-a-nivel-mundial\/","name":"Louis Vuitton aumenta sus precios a nivel mundial | LUXONOMY","isPartOf":{"@id":"https:\/\/luxonomy.net\/es\/#website"},"primaryImageOfPage":{"@id":"https:\/\/luxonomy.net\/es\/louis-vuitton-aumenta-sus-precios-a-nivel-mundial\/#primaryimage"},"image":{"@id":"https:\/\/luxonomy.net\/es\/louis-vuitton-aumenta-sus-precios-a-nivel-mundial\/#primaryimage"},"thumbnailUrl":"https:\/\/i0.wp.com\/luxonomy.net\/wp-content\/uploads\/2022\/02\/Louis-Vuitton-aumenta-sus-precios-a-nivel-mundial.jpg?fit=1200%2C800&ssl=1","datePublished":"2022-02-16T13:38:45+00:00","breadcrumb":{"@id":"https:\/\/luxonomy.net\/es\/louis-vuitton-aumenta-sus-precios-a-nivel-mundial\/#breadcrumb"},"inLanguage":"es","potentialAction":[{"@type":"ReadAction","target":["https:\/\/luxonomy.net\/es\/louis-vuitton-aumenta-sus-precios-a-nivel-mundial\/"]}]},{"@type":"ImageObject","inLanguage":"es","@id":"https:\/\/luxonomy.net\/es\/louis-vuitton-aumenta-sus-precios-a-nivel-mundial\/#primaryimage","url":"https:\/\/i0.wp.com\/luxonomy.net\/wp-content\/uploads\/2022\/02\/Louis-Vuitton-aumenta-sus-precios-a-nivel-mundial.jpg?fit=1200%2C800&ssl=1","contentUrl":"https:\/\/i0.wp.com\/luxonomy.net\/wp-content\/uploads\/2022\/02\/Louis-Vuitton-aumenta-sus-precios-a-nivel-mundial.jpg?fit=1200%2C800&ssl=1","width":1200,"height":800},{"@type":"BreadcrumbList","@id":"https:\/\/luxonomy.net\/es\/louis-vuitton-aumenta-sus-precios-a-nivel-mundial\/#breadcrumb","itemListElement":[{"@type":"ListItem","position":1,"name":"Portada","item":"https:\/\/luxonomy.net\/es\/"},{"@type":"ListItem","position":2,"name":"Louis Vuitton aumenta sus precios a nivel mundial"}]},{"@type":"WebSite","@id":"https:\/\/luxonomy.net\/es\/#website","url":"https:\/\/luxonomy.net\/es\/","name":"LUXONOMY","description":"The Economy of Fashion &amp; Luxury","publisher":{"@id":"https:\/\/luxonomy.net\/es\/#organization"},"potentialAction":[{"@type":"SearchAction","target":{"@type":"EntryPoint","urlTemplate":"https:\/\/luxonomy.net\/es\/?s={search_term_string}"},"query-input":{"@type":"PropertyValueSpecification","valueRequired":true,"valueName":"search_term_string"}}],"inLanguage":"es"},{"@type":"Organization","@id":"https:\/\/luxonomy.net\/es\/#organization","name":"LUXONOMY","url":"https:\/\/luxonomy.net\/es\/","logo":{"@type":"ImageObject","inLanguage":"es","@id":"https:\/\/luxonomy.net\/es\/#\/schema\/logo\/image\/","url":"https:\/\/i2.wp.com\/luxonomy.net\/wp-content\/uploads\/2021\/09\/MOCKUP-TODOS-LUXONOMY.jpg?fit=1000%2C515&ssl=1","contentUrl":"https:\/\/i2.wp.com\/luxonomy.net\/wp-content\/uploads\/2021\/09\/MOCKUP-TODOS-LUXONOMY.jpg?fit=1000%2C515&ssl=1","width":1000,"height":515,"caption":"LUXONOMY"},"image":{"@id":"https:\/\/luxonomy.net\/es\/#\/schema\/logo\/image\/"},"sameAs":["https:\/\/www.facebook.com\/luxonomy","https:\/\/www.instagram.com\/luxonomy\/","https:\/\/www.linkedin.com\/company\/luxonomy\/"]},{"@type":"Person","@id":"https:\/\/luxonomy.net\/es\/#\/schema\/person\/9d526ffe93a0cc9cecc91760f49da3ef","name":"Chiara Gabardi","image":{"@type":"ImageObject","inLanguage":"es","@id":"https:\/\/luxonomy.net\/wp-content\/litespeed\/avatar\/548640c4e2c34544e66c65ab1641a5d7.jpg?ver=1788581172","url":"https:\/\/luxonomy.net\/wp-content\/litespeed\/avatar\/548640c4e2c34544e66c65ab1641a5d7.jpg?ver=1788581172","contentUrl":"https:\/\/luxonomy.net\/wp-content\/litespeed\/avatar\/548640c4e2c34544e66c65ab1641a5d7.jpg?ver=1788581172","caption":"Chiara Gabardi"},"description":"Editor at LUXONOMY\u2122 Group","url":"https:\/\/luxonomy.net\/es\/author\/chiara-gabardi\/"}]}},"jetpack_publicize_connections":[],"jetpack_shortlink":"https:\/\/wp.me\/paPhBa-5iW","jetpack_sharing_enabled":true,"jetpack_featured_media_url":"https:\/\/i0.wp.com\/luxonomy.net\/wp-content\/uploads\/2022\/02\/Louis-Vuitton-aumenta-sus-precios-a-nivel-mundial.jpg?fit=1200%2C800&ssl=1","_links":{"self":[{"href":"https:\/\/luxonomy.net\/es\/wp-json\/wp\/v2\/posts\/20394","targetHints":{"allow":["GET"]}}],"collection":[{"href":"https:\/\/luxonomy.net\/es\/wp-json\/wp\/v2\/posts"}],"about":[{"href":"https:\/\/luxonomy.net\/es\/wp-json\/wp\/v2\/types\/post"}],"author":[{"embeddable":true,"href":"https:\/\/luxonomy.net\/es\/wp-json\/wp\/v2\/users\/10"}],"replies":[{"embeddable":true,"href":"https:\/\/luxonomy.net\/es\/wp-json\/wp\/v2\/comments?post=20394"}],"version-history":[{"count":2,"href":"https:\/\/luxonomy.net\/es\/wp-json\/wp\/v2\/posts\/20394\/revisions"}],"predecessor-version":[{"id":20397,"href":"https:\/\/luxonomy.net\/es\/wp-json\/wp\/v2\/posts\/20394\/revisions\/20397"}],"wp:featuredmedia":[{"embeddable":true,"href":"https:\/\/luxonomy.net\/es\/wp-json\/wp\/v2\/media\/20395"}],"wp:attachment":[{"href":"https:\/\/luxonomy.net\/es\/wp-json\/wp\/v2\/media?parent=20394"}],"wp:term":[{"taxonomy":"category","embeddable":true,"href":"https:\/\/luxonomy.net\/es\/wp-json\/wp\/v2\/categories?post=20394"},{"taxonomy":"post_tag","embeddable":true,"href":"https:\/\/luxonomy.net\/es\/wp-json\/wp\/v2\/tags?post=20394"},{"taxonomy":"thb-sponsors","embeddable":true,"href":"https:\/\/luxonomy.net\/es\/wp-json\/wp\/v2\/thb-sponsors?post=20394"}],"curies":[{"name":"wp","href":"https:\/\/api.w.org\/{rel}","templated":true}]}}