{"id":20299,"date":"2022-02-07T15:44:33","date_gmt":"2022-02-07T14:44:33","guid":{"rendered":"https:\/?p=20299"},"modified":"2022-02-07T15:44:33","modified_gmt":"2022-02-07T14:44:33","slug":"la-batalla-legal-del-metaverso-hermes-contra-el-creador-de-los-metabirkins","status":"publish","type":"post","link":"https:\/\/luxonomy.net\/es\/la-batalla-legal-del-metaverso-hermes-contra-el-creador-de-los-metabirkins\/","title":{"rendered":"La batalla legal del Metaverso: Herm\u00e8s contra el creador de los &#8220;MetaBirkins&#8221;"},"content":{"rendered":"<p>La <strong>batalla legal entre Herm\u00e8s y el creador de MetaBirkins<\/strong>, <strong>interpretaciones virtuales del famoso bolso<\/strong> vendido como <strong>tokens no fungibles (NFT)<\/strong>, se perfila como <strong>una de las grandes disputas de propiedad intelectual de la moda en la era de la cadena de bloques<\/strong>.<\/p>\n[perfectpullquote align=&#8221;full&#8221; bordertop=&#8221;false&#8221; cite=&#8221;&#8221; link=&#8221;&#8221; color=&#8221;&#8221; class=&#8221;&#8221; size=&#8221;&#8221;]Pero sea cual sea el resultado, a las marcas de lujo probablemente no les guste el precedente establecido.[\/perfectpullquote]\n<p>En su <strong>demanda presentada el 14 de enero<\/strong>, <strong>Herm\u00e8s argument\u00f3 que Mason Rothschild abus\u00f3 del nombre Birkin<\/strong> al <strong>vender una colecci\u00f3n de 100 NFT MetaBirkin en diciembre<\/strong>. Su caso es <strong>similar a muchos otros presentados por marcas de lujo<\/strong> contra presuntos falsificadores: la etiqueta afirma que Rothschild infringi\u00f3 y diluy\u00f3 la marca registrada de Herm\u00e8s, y que los consumidores podr\u00edan confundirse al pensar que Herm\u00e8s tiene alguna asociaci\u00f3n con los MetaBirkins.<\/p>\n<p>Los <strong>fundamentos tecnol\u00f3gicos de las NFT<\/strong> convierten lo que podr\u00eda haber sido un caso abierto y cerrado en algo mucho m\u00e1s complejo, dicen los expertos legales. <strong>Un NFT es una entrada de blockchain que apunta a un activo digital, como una imagen<\/strong>, que a su vez reside en un servidor separado. Es efectivamente un recibo que <strong>prueba la propiedad, en lugar de la imagen en s\u00ed.<\/strong><\/p><div id=\"luxon-1563467427\" class=\"luxon-3er-parrafo luxon-entity-placement\" style=\"margin-top: 20px;margin-bottom: 20px;margin-left: auto;margin-right: auto;text-align: center;\"><a href=\"https:\/\/luxonomy.university\/course\/master-turismo-de-lujo\" target=\"_blank\" aria-label=\"master-turismo-lujo-2026-2027\"><img loading=\"lazy\" decoding=\"async\" src=\"https:\/\/i0.wp.com\/luxonomy.net\/wp-content\/uploads\/2020\/07\/master-turismo-lujo-2026-2027.jpg?fit=1672%2C941&#038;ssl=1\" alt=\"\"  srcset=\"https:\/\/i0.wp.com\/luxonomy.net\/wp-content\/uploads\/2020\/07\/master-turismo-lujo-2026-2027.jpg?w=1672&ssl=1 1672w, https:\/\/i0.wp.com\/luxonomy.net\/wp-content\/uploads\/2020\/07\/master-turismo-lujo-2026-2027.jpg?resize=300%2C169&ssl=1 300w, https:\/\/i0.wp.com\/luxonomy.net\/wp-content\/uploads\/2020\/07\/master-turismo-lujo-2026-2027.jpg?resize=1024%2C576&ssl=1 1024w, https:\/\/i0.wp.com\/luxonomy.net\/wp-content\/uploads\/2020\/07\/master-turismo-lujo-2026-2027.jpg?resize=768%2C432&ssl=1 768w, https:\/\/i0.wp.com\/luxonomy.net\/wp-content\/uploads\/2020\/07\/master-turismo-lujo-2026-2027.jpg?resize=1536%2C864&ssl=1 1536w, https:\/\/i0.wp.com\/luxonomy.net\/wp-content\/uploads\/2020\/07\/master-turismo-lujo-2026-2027.jpg?resize=370%2C208&ssl=1 370w, https:\/\/i0.wp.com\/luxonomy.net\/wp-content\/uploads\/2020\/07\/master-turismo-lujo-2026-2027.jpg?resize=800%2C450&ssl=1 800w, https:\/\/i0.wp.com\/luxonomy.net\/wp-content\/uploads\/2020\/07\/master-turismo-lujo-2026-2027.jpg?resize=20%2C11&ssl=1 20w, https:\/\/i0.wp.com\/luxonomy.net\/wp-content\/uploads\/2020\/07\/master-turismo-lujo-2026-2027.jpg?resize=740%2C416&ssl=1 740w, https:\/\/i0.wp.com\/luxonomy.net\/wp-content\/uploads\/2020\/07\/master-turismo-lujo-2026-2027.jpg?resize=1600%2C900&ssl=1 1600w, https:\/\/i0.wp.com\/luxonomy.net\/wp-content\/uploads\/2020\/07\/master-turismo-lujo-2026-2027.jpg?resize=1200%2C675&ssl=1 1200w, https:\/\/i0.wp.com\/luxonomy.net\/wp-content\/uploads\/2020\/07\/master-turismo-lujo-2026-2027.jpg?resize=85%2C48&ssl=1 85w\" sizes=\"(max-width: 1170px) 100vw, 1170px\" class=\"no-lazyload\" width=\"1672\" height=\"941\"   \/><\/a><\/div>\n<p>Muchas personas asumen que, cuando se habla de una NFT, <strong>el contenido de la NFT est\u00e1 dentro del token, pero no lo est\u00e1<\/strong>, y como no lo est\u00e1, <strong>no hay reproducci\u00f3n no autorizada<\/strong>. Desde una perspectiva de propiedad intelectual estrictamente hablando, no creo que haya mucho apalancamiento.<\/p>\n<p><strong>Deja a Herm\u00e8s teniendo que apoyarse en otros argumentos<\/strong>. <strong>Incluso si finalmente gana en los tribunales, le resultar\u00e1 dif\u00edcil sacar de circulaci\u00f3n los NFT existentes<\/strong>: esos MetaBirkins seguir\u00e1n existiendo en la cadena de bloques. En todo caso, un drama legal prolongado podr\u00eda aumentar su valor entre los coleccionistas.<\/p>\n<p><strong>Rothschild <\/strong>dijo anteriormente que el nombre de <strong>MetaBirkins es lo suficientemente diferente como para no causar confusi\u00f3n<\/strong>. Tambi\u00e9n <strong>public\u00f3 descargos de responsabilidad en el sitio MetaBirkins y en otros lugares indicando que el proyecto no estaba asociado con Herm\u00e8s y Birkin<\/strong>, aunque en su demanda Herm\u00e8s los cit\u00f3 como ejemplos adicionales de infracci\u00f3n.<\/p>\n<p>La cuesti\u00f3n de <strong>c\u00f3mo los compradores pueden identificar un producto genuino de Herm\u00e8s<\/strong> es una de las razones por las que la empresa podr\u00eda no estar contenta con los MetaBirkins de Rothschild. Herm\u00e8s destaca la calidad de sus bolsos, desde el cuero que usa hasta la capacitaci\u00f3n que brinda a los artesanos que los cosen, como una caracter\u00edstica distintiva y la raz\u00f3n de la famosa oferta limitada de Birkins. <strong>Cuando se trata de bienes virtuales, estas distinciones desaparecen<\/strong>.<\/p><div id=\"luxon-3329415423\" class=\"luxon-7-parrafo luxon-entity-placement\" style=\"margin-top: 20px;margin-bottom: 20px;margin-left: auto;margin-right: auto;text-align: center;\"><a href=\"https:\/\/theintelligence.institute\/course\/inteligencia-artificial-para-directivos\" target=\"_blank\" aria-label=\"CSIAD_empresas_THEI_horizontal_4x3_v5\"><img loading=\"lazy\" decoding=\"async\" src=\"https:\/\/i0.wp.com\/luxonomy.net\/wp-content\/uploads\/2025\/08\/CSIAD_empresas_THEI_horizontal_4x3_v5.png?fit=2000%2C1500&#038;ssl=1\" alt=\"\"  srcset=\"https:\/\/i0.wp.com\/luxonomy.net\/wp-content\/uploads\/2025\/08\/CSIAD_empresas_THEI_horizontal_4x3_v5.png?w=2000&ssl=1 2000w, https:\/\/i0.wp.com\/luxonomy.net\/wp-content\/uploads\/2025\/08\/CSIAD_empresas_THEI_horizontal_4x3_v5.png?resize=300%2C225&ssl=1 300w, https:\/\/i0.wp.com\/luxonomy.net\/wp-content\/uploads\/2025\/08\/CSIAD_empresas_THEI_horizontal_4x3_v5.png?resize=1024%2C768&ssl=1 1024w, https:\/\/i0.wp.com\/luxonomy.net\/wp-content\/uploads\/2025\/08\/CSIAD_empresas_THEI_horizontal_4x3_v5.png?resize=768%2C576&ssl=1 768w, https:\/\/i0.wp.com\/luxonomy.net\/wp-content\/uploads\/2025\/08\/CSIAD_empresas_THEI_horizontal_4x3_v5.png?resize=1536%2C1152&ssl=1 1536w, https:\/\/i0.wp.com\/luxonomy.net\/wp-content\/uploads\/2025\/08\/CSIAD_empresas_THEI_horizontal_4x3_v5.png?resize=370%2C278&ssl=1 370w, https:\/\/i0.wp.com\/luxonomy.net\/wp-content\/uploads\/2025\/08\/CSIAD_empresas_THEI_horizontal_4x3_v5.png?resize=800%2C600&ssl=1 800w, https:\/\/i0.wp.com\/luxonomy.net\/wp-content\/uploads\/2025\/08\/CSIAD_empresas_THEI_horizontal_4x3_v5.png?resize=20%2C15&ssl=1 20w, https:\/\/i0.wp.com\/luxonomy.net\/wp-content\/uploads\/2025\/08\/CSIAD_empresas_THEI_horizontal_4x3_v5.png?resize=740%2C555&ssl=1 740w, https:\/\/i0.wp.com\/luxonomy.net\/wp-content\/uploads\/2025\/08\/CSIAD_empresas_THEI_horizontal_4x3_v5.png?resize=1600%2C1200&ssl=1 1600w, https:\/\/i0.wp.com\/luxonomy.net\/wp-content\/uploads\/2025\/08\/CSIAD_empresas_THEI_horizontal_4x3_v5.png?resize=1200%2C900&ssl=1 1200w, https:\/\/i0.wp.com\/luxonomy.net\/wp-content\/uploads\/2025\/08\/CSIAD_empresas_THEI_horizontal_4x3_v5.png?resize=64%2C48&ssl=1 64w\" sizes=\"(max-width: 1170px) 100vw, 1170px\" class=\"no-lazyload\" width=\"2000\" height=\"1500\"   \/><\/a><\/div>\n<p><strong>Esta es una batalla por la propiedad del lujo en el metaverso.<\/strong> En el mundo virtual no podemos confiar en afirmaciones de escasez y calidad de la misma manera, y hemos encontrado una manera de crear escasez artificial para lo que es esencialmente una imagen digital a trav\u00e9s de NFT.<\/p>\n<h3>\u00bfQu\u00e9 sucede si gana Herm\u00e8s?<\/h3>\n<p><strong>Herm\u00e8s ha exigido en su demanda que Rothschild entregue las ganancias de los MetaBirkins<\/strong>, as\u00ed como tambi\u00e9n pague los da\u00f1os y perjuicios y los costos legales de Herm\u00e8s. No solo eso, insiste en que Rothschild \u201centregue para su destrucci\u00f3n a Herm\u00e8s todos los productos y anuncios no autorizados en su poder o bajo su control\u201d que lleven sus marcas registradas.<\/p>\n<p><strong>Pero una vez que se crea una NFT, la entrada no se puede borrar de la cadena de bloques<\/strong>. La aproximaci\u00f3n m\u00e1s cercana podr\u00eda ser &#8220;quemar&#8221; el NFT, lo que significa transferirlo a una direcci\u00f3n inaccesible.<\/p>\n<p>Incluso si Herm\u00e8s se conforma con quemar cualquier MetaBirkin que pueda tener en sus manos, <strong>no est\u00e1 claro si un tribunal lo autorizar\u00eda<\/strong>.<\/p>\n<p>Para m\u00ed, el gran problema es que, desde una perspectiva anterior, ser\u00e1 <strong>peligroso decir que estos tokens deber\u00e1n destruirse porque est\u00e1n vinculados a algo en lugar de reproducirse realmente<\/strong>.<\/p>\n<p><strong>Herm\u00e8s tiene otras opciones.<\/strong> Un paso que ha dado con los MetaBirkins ya lanzados es <strong>pedirles a empresas como OpenSea, el mercado de NFT m\u00e1s grande, que los retiren de la venta<\/strong>. Aunque las cadenas de bloques est\u00e1n descentralizadas, lo que significa que <strong>no hay una autoridad que las supervise<\/strong>, las principales formas en que los titulares de NFT venden o ven sus art\u00edculos siguen siendo plataformas controladas centralmente.<\/p>\n<p><strong>OpenSea cumpli\u00f3, pero los MetaBirkins todav\u00eda figuran en otros mercados de NFT, como LooksRare<\/strong>. Su precio parece haber ca\u00eddo considerablemente: antes de que se retiraran los NFT de OpenSea, se cotizaban por casi 20.000 d\u00f3lares y uno se hab\u00eda vendido por aproximadamente 46.000 d\u00f3lares. En LooksRare, uno se vendi\u00f3 el 22 de enero por el equivalente a unos 3.600 d\u00f3lares.<\/p>\n<h3>Pero es posible que la notoriedad que obtienen de la lucha legal pueda impulsar su valor.<\/h3>\n<p>El <strong>simple hecho de saber que tiene uno de los primeros productos oficiales del mercado negro formal<\/strong>, desaprobado, litigado, pero no pueden tomarlo de su billetera, eso lo har\u00eda tener un valor importante serio.<\/p>\n<p>Si bien existe la <strong>posibilidad de que las partes lleguen a un acuerdo antes de que el caso llegue a juicio<\/strong>, el hecho de que Herm\u00e8s decidiera continuar con el caso es interesante en s\u00ed mismo.<\/p>\n<p>La <strong>principal defensa de Rothschild ha sido que sus NFT son arte original<\/strong>, y las marcas de lujo hist\u00f3ricamente han sido reacias a ser vistas como atacantes a los artistas. Herm\u00e8s, por ejemplo, no tom\u00f3 medidas contra un trabajo anterior de Rothschild relacionado con el nombre y la imagen de Birkin. En mayo pasado, colabor\u00f3 \u200b\u200bcon el artista Eric Ramirez para lanzar Baby Birkin, un sencillo NFT que muestra un feto gestando en una bolsa Birkin transparente y se vendi\u00f3 por 23.500 d\u00f3lares en el minorista en l\u00ednea Basic.Space .<\/p>\n<p>El mensaje de <strong>Herm\u00e8s<\/strong> es que no se molestar\u00e1 en perseguir obras \u00fanicas, <strong>sino que perseguir\u00e1 casos contra una serie de bienes virtuales<\/strong>.<\/p>\n<p>Veremos qu\u00e9 ocurre en la <strong>mayor batalla legal del Metaverso en el Lujo que sin duda crear\u00e1 un precedente.<\/strong><\/p>\n","protected":false},"excerpt":{"rendered":"<p>La batalla legal entre Herm\u00e8s y el creador de MetaBirkins, interpretaciones virtuales del famoso bolso vendido como tokens no fungibles (NFT), se perfila como una de las grandes disputas de propiedad intelectual de la moda en la era de la cadena de bloques. [perfectpullquote align=&#8221;full&#8221; bordertop=&#8221;false&#8221; cite=&#8221;&#8221; link=&#8221;&#8221; color=&#8221;&#8221; class=&#8221;&#8221; size=&#8221;&#8221;]Pero sea cual sea el&hellip;<\/p>\n","protected":false},"author":19,"featured_media":20300,"comment_status":"open","ping_status":"open","sticky":false,"template":"","format":"standard","meta":{"_jetpack_newsletter_access":"","_jetpack_dont_email_post_to_subs":false,"_jetpack_newsletter_tier_id":0,"_jetpack_memberships_contains_paywalled_content":false,"_jetpack_feature_clip_id":0,"_jetpack_memberships_contains_paid_content":false,"footnotes":"","jetpack_publicize_message":"La batalla legal del Metaverso: Herm\u00e8s contra el creador de los \"MetaBirkins\".\r\n\r\nLa batalla legal entre Herm\u00e8s y el creador de MetaBirkins, interpretaciones virtuales del famoso bolso vendido como tokens no fungibles (NFT), se perfila como una de las grandes disputas de propiedad intelectual de la moda en la era de la cadena de bloques.\r\n\r\nTe contamos todas las claves.\r\n\r\n#metaverso #hermes #birkin #metabirkins","jetpack_publicize_feature_enabled":true,"jetpack_social_post_already_shared":true,"jetpack_social_options":{"image_generator_settings":{"template":"edge","default_image_id":0,"font":"","enabled":false},"version":2},"jetpack_post_was_ever_published":false},"categories":[1376],"tags":[622,1447,1262,1377],"thb-sponsors":[],"class_list":["post-20299","post","type-post","status-publish","format-standard","has-post-thumbnail","hentry","category-metaverso","tag-hermes","tag-metabirkins","tag-metaverso","tag-nfts"],"yoast_head":"<!-- This site is optimized with the Yoast SEO plugin v28.4 - https:\/\/yoast.com\/product\/yoast-seo-wordpress\/ -->\n<title>La batalla legal del Metaverso: Herm\u00e8s contra el creador de los &quot;MetaBirkins&quot; | LUXONOMY<\/title>\n<meta name=\"robots\" content=\"index, follow, max-snippet:-1, max-image-preview:large, max-video-preview:-1\" \/>\n<link rel=\"canonical\" href=\"https:\/\/luxonomy.net\/es\/la-batalla-legal-del-metaverso-hermes-contra-el-creador-de-los-metabirkins\/\" \/>\n<meta property=\"og:locale\" content=\"es_ES\" \/>\n<meta property=\"og:type\" content=\"article\" \/>\n<meta property=\"og:title\" content=\"La batalla legal del Metaverso: Herm\u00e8s contra el creador de los &quot;MetaBirkins&quot; | LUXONOMY\" \/>\n<meta property=\"og:description\" content=\"La batalla legal entre Herm\u00e8s y el creador de MetaBirkins, interpretaciones virtuales del famoso bolso vendido como tokens no fungibles (NFT), se perfila como una de las grandes disputas de propiedad intelectual de la moda en la era de la cadena de bloques. [perfectpullquote align=&#8221;full&#8221; bordertop=&#8221;false&#8221; cite=&#8221;&#8221; link=&#8221;&#8221; color=&#8221;&#8221; class=&#8221;&#8221; size=&#8221;&#8221;]Pero sea cual sea el&hellip;\" \/>\n<meta property=\"og:url\" content=\"https:\/\/luxonomy.net\/es\/la-batalla-legal-del-metaverso-hermes-contra-el-creador-de-los-metabirkins\/\" \/>\n<meta property=\"og:site_name\" content=\"LUXONOMY\" \/>\n<meta property=\"article:publisher\" content=\"https:\/\/www.facebook.com\/luxonomy\" \/>\n<meta property=\"article:published_time\" content=\"2022-02-07T14:44:33+00:00\" \/>\n<meta property=\"og:image\" content=\"https:\/\/i0.wp.com\/luxonomy.net\/wp-content\/uploads\/2022\/02\/La-batalla-legal-entre-Herme%CC%80s-y-el-creador-de-los-22MetaBirkins22.jpg?fit=1800%2C1013&quality=89&ssl=1\" \/>\n\t<meta property=\"og:image:width\" content=\"1800\" \/>\n\t<meta property=\"og:image:height\" content=\"1013\" \/>\n\t<meta property=\"og:image:type\" content=\"image\/jpeg\" \/>\n<meta name=\"author\" content=\"Pablo Guti\u00e9rrez-Rav\u00e9 Villal\u00f3n\" \/>\n<meta name=\"twitter:card\" content=\"summary_large_image\" \/>\n<meta name=\"twitter:label1\" content=\"Escrito por\" \/>\n\t<meta name=\"twitter:data1\" content=\"Pablo Guti\u00e9rrez-Rav\u00e9 Villal\u00f3n\" \/>\n\t<meta name=\"twitter:label2\" content=\"Tiempo de lectura\" \/>\n\t<meta name=\"twitter:data2\" content=\"5 minutos\" \/>\n<script type=\"application\/ld+json\" class=\"yoast-schema-graph\">{\"@context\":\"https:\\\/\\\/schema.org\",\"@graph\":[{\"@type\":\"Article\",\"@id\":\"https:\\\/\\\/luxonomy.net\\\/es\\\/la-batalla-legal-del-metaverso-hermes-contra-el-creador-de-los-metabirkins\\\/#article\",\"isPartOf\":{\"@id\":\"https:\\\/\\\/luxonomy.net\\\/es\\\/la-batalla-legal-del-metaverso-hermes-contra-el-creador-de-los-metabirkins\\\/\"},\"author\":{\"name\":\"Pablo Guti\u00e9rrez-Rav\u00e9 Villal\u00f3n\",\"@id\":\"https:\\\/\\\/luxonomy.net\\\/es\\\/#\\\/schema\\\/person\\\/946f96026a12fb240997712bcc85943b\"},\"headline\":\"La batalla legal del Metaverso: Herm\u00e8s contra el creador de los &#8220;MetaBirkins&#8221;\",\"datePublished\":\"2022-02-07T14:44:33+00:00\",\"mainEntityOfPage\":{\"@id\":\"https:\\\/\\\/luxonomy.net\\\/es\\\/la-batalla-legal-del-metaverso-hermes-contra-el-creador-de-los-metabirkins\\\/\"},\"wordCount\":1053,\"commentCount\":0,\"publisher\":{\"@id\":\"https:\\\/\\\/luxonomy.net\\\/es\\\/#organization\"},\"image\":{\"@id\":\"https:\\\/\\\/luxonomy.net\\\/es\\\/la-batalla-legal-del-metaverso-hermes-contra-el-creador-de-los-metabirkins\\\/#primaryimage\"},\"thumbnailUrl\":\"https:\\\/\\\/i0.wp.com\\\/luxonomy.net\\\/wp-content\\\/uploads\\\/2022\\\/02\\\/La-batalla-legal-entre-Herme%CC%80s-y-el-creador-de-los-22MetaBirkins22.jpg?fit=1800%2C1013&ssl=1\",\"keywords\":[\"Herm\u00e8s\",\"MetaBirkins\",\"metaverso\",\"nfts\"],\"articleSection\":[\"Metaverso\"],\"inLanguage\":\"es\",\"potentialAction\":[{\"@type\":\"CommentAction\",\"name\":\"Comment\",\"target\":[\"https:\\\/\\\/luxonomy.net\\\/es\\\/la-batalla-legal-del-metaverso-hermes-contra-el-creador-de-los-metabirkins\\\/#respond\"]}]},{\"@type\":\"WebPage\",\"@id\":\"https:\\\/\\\/luxonomy.net\\\/es\\\/la-batalla-legal-del-metaverso-hermes-contra-el-creador-de-los-metabirkins\\\/\",\"url\":\"https:\\\/\\\/luxonomy.net\\\/es\\\/la-batalla-legal-del-metaverso-hermes-contra-el-creador-de-los-metabirkins\\\/\",\"name\":\"La batalla legal del Metaverso: Herm\u00e8s contra el creador de los \\\"MetaBirkins\\\" | LUXONOMY\",\"isPartOf\":{\"@id\":\"https:\\\/\\\/luxonomy.net\\\/es\\\/#website\"},\"primaryImageOfPage\":{\"@id\":\"https:\\\/\\\/luxonomy.net\\\/es\\\/la-batalla-legal-del-metaverso-hermes-contra-el-creador-de-los-metabirkins\\\/#primaryimage\"},\"image\":{\"@id\":\"https:\\\/\\\/luxonomy.net\\\/es\\\/la-batalla-legal-del-metaverso-hermes-contra-el-creador-de-los-metabirkins\\\/#primaryimage\"},\"thumbnailUrl\":\"https:\\\/\\\/i0.wp.com\\\/luxonomy.net\\\/wp-content\\\/uploads\\\/2022\\\/02\\\/La-batalla-legal-entre-Herme%CC%80s-y-el-creador-de-los-22MetaBirkins22.jpg?fit=1800%2C1013&ssl=1\",\"datePublished\":\"2022-02-07T14:44:33+00:00\",\"breadcrumb\":{\"@id\":\"https:\\\/\\\/luxonomy.net\\\/es\\\/la-batalla-legal-del-metaverso-hermes-contra-el-creador-de-los-metabirkins\\\/#breadcrumb\"},\"inLanguage\":\"es\",\"potentialAction\":[{\"@type\":\"ReadAction\",\"target\":[\"https:\\\/\\\/luxonomy.net\\\/es\\\/la-batalla-legal-del-metaverso-hermes-contra-el-creador-de-los-metabirkins\\\/\"]}]},{\"@type\":\"ImageObject\",\"inLanguage\":\"es\",\"@id\":\"https:\\\/\\\/luxonomy.net\\\/es\\\/la-batalla-legal-del-metaverso-hermes-contra-el-creador-de-los-metabirkins\\\/#primaryimage\",\"url\":\"https:\\\/\\\/i0.wp.com\\\/luxonomy.net\\\/wp-content\\\/uploads\\\/2022\\\/02\\\/La-batalla-legal-entre-Herme%CC%80s-y-el-creador-de-los-22MetaBirkins22.jpg?fit=1800%2C1013&ssl=1\",\"contentUrl\":\"https:\\\/\\\/i0.wp.com\\\/luxonomy.net\\\/wp-content\\\/uploads\\\/2022\\\/02\\\/La-batalla-legal-entre-Herme%CC%80s-y-el-creador-de-los-22MetaBirkins22.jpg?fit=1800%2C1013&ssl=1\",\"width\":1800,\"height\":1013},{\"@type\":\"BreadcrumbList\",\"@id\":\"https:\\\/\\\/luxonomy.net\\\/es\\\/la-batalla-legal-del-metaverso-hermes-contra-el-creador-de-los-metabirkins\\\/#breadcrumb\",\"itemListElement\":[{\"@type\":\"ListItem\",\"position\":1,\"name\":\"Portada\",\"item\":\"https:\\\/\\\/luxonomy.net\\\/es\\\/\"},{\"@type\":\"ListItem\",\"position\":2,\"name\":\"La batalla legal del Metaverso: Herm\u00e8s contra el creador de los &#8220;MetaBirkins&#8221;\"}]},{\"@type\":\"WebSite\",\"@id\":\"https:\\\/\\\/luxonomy.net\\\/es\\\/#website\",\"url\":\"https:\\\/\\\/luxonomy.net\\\/es\\\/\",\"name\":\"LUXONOMY\",\"description\":\"The Economy of Fashion &amp; Luxury\",\"publisher\":{\"@id\":\"https:\\\/\\\/luxonomy.net\\\/es\\\/#organization\"},\"potentialAction\":[{\"@type\":\"SearchAction\",\"target\":{\"@type\":\"EntryPoint\",\"urlTemplate\":\"https:\\\/\\\/luxonomy.net\\\/es\\\/?s={search_term_string}\"},\"query-input\":{\"@type\":\"PropertyValueSpecification\",\"valueRequired\":true,\"valueName\":\"search_term_string\"}}],\"inLanguage\":\"es\"},{\"@type\":\"Organization\",\"@id\":\"https:\\\/\\\/luxonomy.net\\\/es\\\/#organization\",\"name\":\"LUXONOMY\",\"url\":\"https:\\\/\\\/luxonomy.net\\\/es\\\/\",\"logo\":{\"@type\":\"ImageObject\",\"inLanguage\":\"es\",\"@id\":\"https:\\\/\\\/luxonomy.net\\\/es\\\/#\\\/schema\\\/logo\\\/image\\\/\",\"url\":\"https:\\\/\\\/i2.wp.com\\\/luxonomy.net\\\/wp-content\\\/uploads\\\/2021\\\/09\\\/MOCKUP-TODOS-LUXONOMY.jpg?fit=1000%2C515&ssl=1\",\"contentUrl\":\"https:\\\/\\\/i2.wp.com\\\/luxonomy.net\\\/wp-content\\\/uploads\\\/2021\\\/09\\\/MOCKUP-TODOS-LUXONOMY.jpg?fit=1000%2C515&ssl=1\",\"width\":1000,\"height\":515,\"caption\":\"LUXONOMY\"},\"image\":{\"@id\":\"https:\\\/\\\/luxonomy.net\\\/es\\\/#\\\/schema\\\/logo\\\/image\\\/\"},\"sameAs\":[\"https:\\\/\\\/www.facebook.com\\\/luxonomy\",\"https:\\\/\\\/www.instagram.com\\\/luxonomy\\\/\",\"https:\\\/\\\/www.linkedin.com\\\/company\\\/luxonomy\\\/\"]},{\"@type\":\"Person\",\"@id\":\"https:\\\/\\\/luxonomy.net\\\/es\\\/#\\\/schema\\\/person\\\/946f96026a12fb240997712bcc85943b\",\"name\":\"Pablo Guti\u00e9rrez-Rav\u00e9 Villal\u00f3n\",\"image\":{\"@type\":\"ImageObject\",\"inLanguage\":\"es\",\"@id\":\"https:\\\/\\\/luxonomy.net\\\/wp-content\\\/litespeed\\\/avatar\\\/b80839bcd1d7840754b71e72cad801ce.jpg?ver=1788213692\",\"url\":\"https:\\\/\\\/luxonomy.net\\\/wp-content\\\/litespeed\\\/avatar\\\/b80839bcd1d7840754b71e72cad801ce.jpg?ver=1788213692\",\"contentUrl\":\"https:\\\/\\\/luxonomy.net\\\/wp-content\\\/litespeed\\\/avatar\\\/b80839bcd1d7840754b71e72cad801ce.jpg?ver=1788213692\",\"caption\":\"Pablo Guti\u00e9rrez-Rav\u00e9 Villal\u00f3n\"},\"description\":\"president LUXONOMY\u2122 Group\",\"sameAs\":[\"https:\\\/\\\/www.linkedin.com\\\/in\\\/pablogutierrezrave\\\/\"],\"url\":\"https:\\\/\\\/luxonomy.net\\\/es\\\/author\\\/pablo\\\/\"}]}<\/script>\n<!-- \/ Yoast SEO plugin. -->","yoast_head_json":{"title":"La batalla legal del Metaverso: Herm\u00e8s contra el creador de los \"MetaBirkins\" | LUXONOMY","robots":{"index":"index","follow":"follow","max-snippet":"max-snippet:-1","max-image-preview":"max-image-preview:large","max-video-preview":"max-video-preview:-1"},"canonical":"https:\/\/luxonomy.net\/es\/la-batalla-legal-del-metaverso-hermes-contra-el-creador-de-los-metabirkins\/","og_locale":"es_ES","og_type":"article","og_title":"La batalla legal del Metaverso: Herm\u00e8s contra el creador de los \"MetaBirkins\" | LUXONOMY","og_description":"La batalla legal entre Herm\u00e8s y el creador de MetaBirkins, interpretaciones virtuales del famoso bolso vendido como tokens no fungibles (NFT), se perfila como una de las grandes disputas de propiedad intelectual de la moda en la era de la cadena de bloques. [perfectpullquote align=&#8221;full&#8221; bordertop=&#8221;false&#8221; cite=&#8221;&#8221; link=&#8221;&#8221; color=&#8221;&#8221; class=&#8221;&#8221; size=&#8221;&#8221;]Pero sea cual sea el&hellip;","og_url":"https:\/\/luxonomy.net\/es\/la-batalla-legal-del-metaverso-hermes-contra-el-creador-de-los-metabirkins\/","og_site_name":"LUXONOMY","article_publisher":"https:\/\/www.facebook.com\/luxonomy","article_published_time":"2022-02-07T14:44:33+00:00","og_image":[{"width":1800,"height":1013,"url":"https:\/\/i0.wp.com\/luxonomy.net\/wp-content\/uploads\/2022\/02\/La-batalla-legal-entre-Herme%CC%80s-y-el-creador-de-los-22MetaBirkins22.jpg?fit=1800%2C1013&quality=89&ssl=1","type":"image\/jpeg"}],"author":"Pablo Guti\u00e9rrez-Rav\u00e9 Villal\u00f3n","twitter_card":"summary_large_image","twitter_misc":{"Escrito por":"Pablo Guti\u00e9rrez-Rav\u00e9 Villal\u00f3n","Tiempo de lectura":"5 minutos"},"schema":{"@context":"https:\/\/schema.org","@graph":[{"@type":"Article","@id":"https:\/\/luxonomy.net\/es\/la-batalla-legal-del-metaverso-hermes-contra-el-creador-de-los-metabirkins\/#article","isPartOf":{"@id":"https:\/\/luxonomy.net\/es\/la-batalla-legal-del-metaverso-hermes-contra-el-creador-de-los-metabirkins\/"},"author":{"name":"Pablo Guti\u00e9rrez-Rav\u00e9 Villal\u00f3n","@id":"https:\/\/luxonomy.net\/es\/#\/schema\/person\/946f96026a12fb240997712bcc85943b"},"headline":"La batalla legal del Metaverso: Herm\u00e8s contra el creador de los &#8220;MetaBirkins&#8221;","datePublished":"2022-02-07T14:44:33+00:00","mainEntityOfPage":{"@id":"https:\/\/luxonomy.net\/es\/la-batalla-legal-del-metaverso-hermes-contra-el-creador-de-los-metabirkins\/"},"wordCount":1053,"commentCount":0,"publisher":{"@id":"https:\/\/luxonomy.net\/es\/#organization"},"image":{"@id":"https:\/\/luxonomy.net\/es\/la-batalla-legal-del-metaverso-hermes-contra-el-creador-de-los-metabirkins\/#primaryimage"},"thumbnailUrl":"https:\/\/i0.wp.com\/luxonomy.net\/wp-content\/uploads\/2022\/02\/La-batalla-legal-entre-Herme%CC%80s-y-el-creador-de-los-22MetaBirkins22.jpg?fit=1800%2C1013&ssl=1","keywords":["Herm\u00e8s","MetaBirkins","metaverso","nfts"],"articleSection":["Metaverso"],"inLanguage":"es","potentialAction":[{"@type":"CommentAction","name":"Comment","target":["https:\/\/luxonomy.net\/es\/la-batalla-legal-del-metaverso-hermes-contra-el-creador-de-los-metabirkins\/#respond"]}]},{"@type":"WebPage","@id":"https:\/\/luxonomy.net\/es\/la-batalla-legal-del-metaverso-hermes-contra-el-creador-de-los-metabirkins\/","url":"https:\/\/luxonomy.net\/es\/la-batalla-legal-del-metaverso-hermes-contra-el-creador-de-los-metabirkins\/","name":"La batalla legal del Metaverso: Herm\u00e8s contra el creador de los \"MetaBirkins\" | LUXONOMY","isPartOf":{"@id":"https:\/\/luxonomy.net\/es\/#website"},"primaryImageOfPage":{"@id":"https:\/\/luxonomy.net\/es\/la-batalla-legal-del-metaverso-hermes-contra-el-creador-de-los-metabirkins\/#primaryimage"},"image":{"@id":"https:\/\/luxonomy.net\/es\/la-batalla-legal-del-metaverso-hermes-contra-el-creador-de-los-metabirkins\/#primaryimage"},"thumbnailUrl":"https:\/\/i0.wp.com\/luxonomy.net\/wp-content\/uploads\/2022\/02\/La-batalla-legal-entre-Herme%CC%80s-y-el-creador-de-los-22MetaBirkins22.jpg?fit=1800%2C1013&ssl=1","datePublished":"2022-02-07T14:44:33+00:00","breadcrumb":{"@id":"https:\/\/luxonomy.net\/es\/la-batalla-legal-del-metaverso-hermes-contra-el-creador-de-los-metabirkins\/#breadcrumb"},"inLanguage":"es","potentialAction":[{"@type":"ReadAction","target":["https:\/\/luxonomy.net\/es\/la-batalla-legal-del-metaverso-hermes-contra-el-creador-de-los-metabirkins\/"]}]},{"@type":"ImageObject","inLanguage":"es","@id":"https:\/\/luxonomy.net\/es\/la-batalla-legal-del-metaverso-hermes-contra-el-creador-de-los-metabirkins\/#primaryimage","url":"https:\/\/i0.wp.com\/luxonomy.net\/wp-content\/uploads\/2022\/02\/La-batalla-legal-entre-Herme%CC%80s-y-el-creador-de-los-22MetaBirkins22.jpg?fit=1800%2C1013&ssl=1","contentUrl":"https:\/\/i0.wp.com\/luxonomy.net\/wp-content\/uploads\/2022\/02\/La-batalla-legal-entre-Herme%CC%80s-y-el-creador-de-los-22MetaBirkins22.jpg?fit=1800%2C1013&ssl=1","width":1800,"height":1013},{"@type":"BreadcrumbList","@id":"https:\/\/luxonomy.net\/es\/la-batalla-legal-del-metaverso-hermes-contra-el-creador-de-los-metabirkins\/#breadcrumb","itemListElement":[{"@type":"ListItem","position":1,"name":"Portada","item":"https:\/\/luxonomy.net\/es\/"},{"@type":"ListItem","position":2,"name":"La batalla legal del Metaverso: Herm\u00e8s contra el creador de los &#8220;MetaBirkins&#8221;"}]},{"@type":"WebSite","@id":"https:\/\/luxonomy.net\/es\/#website","url":"https:\/\/luxonomy.net\/es\/","name":"LUXONOMY","description":"The Economy of Fashion &amp; Luxury","publisher":{"@id":"https:\/\/luxonomy.net\/es\/#organization"},"potentialAction":[{"@type":"SearchAction","target":{"@type":"EntryPoint","urlTemplate":"https:\/\/luxonomy.net\/es\/?s={search_term_string}"},"query-input":{"@type":"PropertyValueSpecification","valueRequired":true,"valueName":"search_term_string"}}],"inLanguage":"es"},{"@type":"Organization","@id":"https:\/\/luxonomy.net\/es\/#organization","name":"LUXONOMY","url":"https:\/\/luxonomy.net\/es\/","logo":{"@type":"ImageObject","inLanguage":"es","@id":"https:\/\/luxonomy.net\/es\/#\/schema\/logo\/image\/","url":"https:\/\/i2.wp.com\/luxonomy.net\/wp-content\/uploads\/2021\/09\/MOCKUP-TODOS-LUXONOMY.jpg?fit=1000%2C515&ssl=1","contentUrl":"https:\/\/i2.wp.com\/luxonomy.net\/wp-content\/uploads\/2021\/09\/MOCKUP-TODOS-LUXONOMY.jpg?fit=1000%2C515&ssl=1","width":1000,"height":515,"caption":"LUXONOMY"},"image":{"@id":"https:\/\/luxonomy.net\/es\/#\/schema\/logo\/image\/"},"sameAs":["https:\/\/www.facebook.com\/luxonomy","https:\/\/www.instagram.com\/luxonomy\/","https:\/\/www.linkedin.com\/company\/luxonomy\/"]},{"@type":"Person","@id":"https:\/\/luxonomy.net\/es\/#\/schema\/person\/946f96026a12fb240997712bcc85943b","name":"Pablo Guti\u00e9rrez-Rav\u00e9 Villal\u00f3n","image":{"@type":"ImageObject","inLanguage":"es","@id":"https:\/\/luxonomy.net\/wp-content\/litespeed\/avatar\/b80839bcd1d7840754b71e72cad801ce.jpg?ver=1788213692","url":"https:\/\/luxonomy.net\/wp-content\/litespeed\/avatar\/b80839bcd1d7840754b71e72cad801ce.jpg?ver=1788213692","contentUrl":"https:\/\/luxonomy.net\/wp-content\/litespeed\/avatar\/b80839bcd1d7840754b71e72cad801ce.jpg?ver=1788213692","caption":"Pablo Guti\u00e9rrez-Rav\u00e9 Villal\u00f3n"},"description":"president LUXONOMY\u2122 Group","sameAs":["https:\/\/www.linkedin.com\/in\/pablogutierrezrave\/"],"url":"https:\/\/luxonomy.net\/es\/author\/pablo\/"}]}},"jetpack_publicize_connections":[],"jetpack_shortlink":"https:\/\/wp.me\/paPhBa-5hp","jetpack_sharing_enabled":true,"jetpack_featured_media_url":"https:\/\/i0.wp.com\/luxonomy.net\/wp-content\/uploads\/2022\/02\/La-batalla-legal-entre-Herme%CC%80s-y-el-creador-de-los-22MetaBirkins22.jpg?fit=1800%2C1013&ssl=1","_links":{"self":[{"href":"https:\/\/luxonomy.net\/es\/wp-json\/wp\/v2\/posts\/20299","targetHints":{"allow":["GET"]}}],"collection":[{"href":"https:\/\/luxonomy.net\/es\/wp-json\/wp\/v2\/posts"}],"about":[{"href":"https:\/\/luxonomy.net\/es\/wp-json\/wp\/v2\/types\/post"}],"author":[{"embeddable":true,"href":"https:\/\/luxonomy.net\/es\/wp-json\/wp\/v2\/users\/19"}],"replies":[{"embeddable":true,"href":"https:\/\/luxonomy.net\/es\/wp-json\/wp\/v2\/comments?post=20299"}],"version-history":[{"count":3,"href":"https:\/\/luxonomy.net\/es\/wp-json\/wp\/v2\/posts\/20299\/revisions"}],"predecessor-version":[{"id":20303,"href":"https:\/\/luxonomy.net\/es\/wp-json\/wp\/v2\/posts\/20299\/revisions\/20303"}],"wp:featuredmedia":[{"embeddable":true,"href":"https:\/\/luxonomy.net\/es\/wp-json\/wp\/v2\/media\/20300"}],"wp:attachment":[{"href":"https:\/\/luxonomy.net\/es\/wp-json\/wp\/v2\/media?parent=20299"}],"wp:term":[{"taxonomy":"category","embeddable":true,"href":"https:\/\/luxonomy.net\/es\/wp-json\/wp\/v2\/categories?post=20299"},{"taxonomy":"post_tag","embeddable":true,"href":"https:\/\/luxonomy.net\/es\/wp-json\/wp\/v2\/tags?post=20299"},{"taxonomy":"thb-sponsors","embeddable":true,"href":"https:\/\/luxonomy.net\/es\/wp-json\/wp\/v2\/thb-sponsors?post=20299"}],"curies":[{"name":"wp","href":"https:\/\/api.w.org\/{rel}","templated":true}]}}