{"id":19841,"date":"2022-01-04T15:51:48","date_gmt":"2022-01-04T14:51:48","guid":{"rendered":"https:\/?p=19841"},"modified":"2022-01-04T15:51:48","modified_gmt":"2022-01-04T14:51:48","slug":"mercedes-benz-vision-eqxx-1-000-kilometros-de-autonomia-electrica","status":"publish","type":"post","link":"https:\/\/luxonomy.net\/es\/mercedes-benz-vision-eqxx-1-000-kilometros-de-autonomia-electrica\/","title":{"rendered":"Mercedes-Benz Vision EQXX, 1.000 kil\u00f3metros de autonom\u00eda el\u00e9ctrica"},"content":{"rendered":"<p>Mercedes-Benz quiere apostar por la autonom\u00eda para diferenciarse de su competencia. El fabricante alem\u00e1n ha presentado este lunes, poco antes del inicio del CES 2022, el Vision EQXX. Se trata de un prototipo de coche el\u00e9ctrico altamente eficiente que, seg\u00fan la compa\u00f1\u00eda, podr\u00e1 recorrer 1.000 kil\u00f3metros con una sola carga.<\/p>\n<p>La compa\u00f1\u00eda asegura que el Vision EQXX podr\u00e1 alcanzar ese excepcional rango gracias a un consumo de menos de 10 kilovatios hora (kWh) por cada 100 kil\u00f3metros. Seg\u00fan la nota prensa de Mercedes-Benz, el mencionado consumo equivale a usar una secadora o un equipo de aire acondicionado durante tres horas.<\/p>\n<p><img loading=\"lazy\" decoding=\"async\" data-attachment-id=\"19844\" data-permalink=\"https:\/\/luxonomy.net\/es\/mercedes-benz-vision-eqxx-1-000-kilometros-de-autonomia-electrica\/mercedes-eqxx-rear\/\" data-orig-file=\"https:\/\/i0.wp.com\/luxonomy.net\/wp-content\/uploads\/2022\/01\/Mercedes-EQXX-Rear.jpg?fit=1600%2C800&amp;ssl=1\" data-orig-size=\"1600,800\" data-comments-opened=\"1\" data-image-title=\"Mercedes-EQXX-Rear\" data-image-description=\"\" data-image-caption=\"\" data-large-file=\"https:\/\/i0.wp.com\/luxonomy.net\/wp-content\/uploads\/2022\/01\/Mercedes-EQXX-Rear.jpg?fit=1024%2C512&amp;ssl=1\" class=\"aligncenter size-full wp-image-19844 lazyload\" src=\"data:image\/gif;base64,R0lGODlhAQABAAAAACH5BAEKAAEALAAAAAABAAEAAAICTAEAOw==\" data-src=\"http:\/\/luxonomy.net\/wp-content\/uploads\/2022\/01\/Mercedes-EQXX-Rear.jpg\" alt=\"\" width=\"1600\" height=\"800\" data-sizes=\"auto\" data-srcset=\"https:\/\/i0.wp.com\/luxonomy.net\/wp-content\/uploads\/2022\/01\/Mercedes-EQXX-Rear.jpg?w=1600&amp;ssl=1 1600w, https:\/\/i0.wp.com\/luxonomy.net\/wp-content\/uploads\/2022\/01\/Mercedes-EQXX-Rear.jpg?resize=300%2C150&amp;ssl=1 300w, https:\/\/i0.wp.com\/luxonomy.net\/wp-content\/uploads\/2022\/01\/Mercedes-EQXX-Rear.jpg?resize=1024%2C512&amp;ssl=1 1024w, https:\/\/i0.wp.com\/luxonomy.net\/wp-content\/uploads\/2022\/01\/Mercedes-EQXX-Rear.jpg?resize=768%2C384&amp;ssl=1 768w, https:\/\/i0.wp.com\/luxonomy.net\/wp-content\/uploads\/2022\/01\/Mercedes-EQXX-Rear.jpg?resize=1536%2C768&amp;ssl=1 1536w, https:\/\/i0.wp.com\/luxonomy.net\/wp-content\/uploads\/2022\/01\/Mercedes-EQXX-Rear.jpg?resize=370%2C185&amp;ssl=1 370w, https:\/\/i0.wp.com\/luxonomy.net\/wp-content\/uploads\/2022\/01\/Mercedes-EQXX-Rear.jpg?resize=800%2C400&amp;ssl=1 800w, https:\/\/i0.wp.com\/luxonomy.net\/wp-content\/uploads\/2022\/01\/Mercedes-EQXX-Rear.jpg?resize=185%2C93&amp;ssl=1 185w, https:\/\/i0.wp.com\/luxonomy.net\/wp-content\/uploads\/2022\/01\/Mercedes-EQXX-Rear.jpg?resize=740%2C370&amp;ssl=1 740w, https:\/\/i0.wp.com\/luxonomy.net\/wp-content\/uploads\/2022\/01\/Mercedes-EQXX-Rear.jpg?resize=20%2C10&amp;ssl=1 20w, https:\/\/i0.wp.com\/luxonomy.net\/wp-content\/uploads\/2022\/01\/Mercedes-EQXX-Rear.jpg?resize=400%2C200&amp;ssl=1 400w, https:\/\/i0.wp.com\/luxonomy.net\/wp-content\/uploads\/2022\/01\/Mercedes-EQXX-Rear.jpg?resize=600%2C300&amp;ssl=1 600w, https:\/\/i0.wp.com\/luxonomy.net\/wp-content\/uploads\/2022\/01\/Mercedes-EQXX-Rear.jpg?resize=96%2C48&amp;ssl=1 96w\" sizes=\"auto, (max-width: 1170px) 100vw, 1170px\" \/><\/p>\n<h3>Vision EQXX, una base para futuros coches de producci\u00f3n<\/h3>\n<p>En lugar de aumentar el tama\u00f1o de las bater\u00edas para conseguir m\u00e1s alcance, el equipo de desarrollo cre\u00f3 un paquete completamente nuevo. Las nuevas bater\u00edas tienen una densidad cercana a los 400 Wh\/L, son mucho m\u00e1s livianas y aprovechan mejor el espacio disponible en la plataforma.<\/p><div id=\"luxon-3600246327\" class=\"luxon-3er-parrafo luxon-entity-placement\" style=\"margin-top: 20px;margin-bottom: 20px;margin-left: auto;margin-right: auto;text-align: center;\"><a href=\"https:\/\/luxonomy.university\/course\/master-turismo-de-lujo\" target=\"_blank\" aria-label=\"master-turismo-lujo-2026-2027\"><img loading=\"lazy\" decoding=\"async\" src=\"https:\/\/i0.wp.com\/luxonomy.net\/wp-content\/uploads\/2020\/07\/master-turismo-lujo-2026-2027.jpg?fit=1672%2C941&#038;ssl=1\" alt=\"\"  srcset=\"https:\/\/i0.wp.com\/luxonomy.net\/wp-content\/uploads\/2020\/07\/master-turismo-lujo-2026-2027.jpg?w=1672&ssl=1 1672w, https:\/\/i0.wp.com\/luxonomy.net\/wp-content\/uploads\/2020\/07\/master-turismo-lujo-2026-2027.jpg?resize=300%2C169&ssl=1 300w, https:\/\/i0.wp.com\/luxonomy.net\/wp-content\/uploads\/2020\/07\/master-turismo-lujo-2026-2027.jpg?resize=1024%2C576&ssl=1 1024w, https:\/\/i0.wp.com\/luxonomy.net\/wp-content\/uploads\/2020\/07\/master-turismo-lujo-2026-2027.jpg?resize=768%2C432&ssl=1 768w, https:\/\/i0.wp.com\/luxonomy.net\/wp-content\/uploads\/2020\/07\/master-turismo-lujo-2026-2027.jpg?resize=1536%2C864&ssl=1 1536w, https:\/\/i0.wp.com\/luxonomy.net\/wp-content\/uploads\/2020\/07\/master-turismo-lujo-2026-2027.jpg?resize=370%2C208&ssl=1 370w, https:\/\/i0.wp.com\/luxonomy.net\/wp-content\/uploads\/2020\/07\/master-turismo-lujo-2026-2027.jpg?resize=800%2C450&ssl=1 800w, https:\/\/i0.wp.com\/luxonomy.net\/wp-content\/uploads\/2020\/07\/master-turismo-lujo-2026-2027.jpg?resize=20%2C11&ssl=1 20w, https:\/\/i0.wp.com\/luxonomy.net\/wp-content\/uploads\/2020\/07\/master-turismo-lujo-2026-2027.jpg?resize=740%2C416&ssl=1 740w, https:\/\/i0.wp.com\/luxonomy.net\/wp-content\/uploads\/2020\/07\/master-turismo-lujo-2026-2027.jpg?resize=1600%2C900&ssl=1 1600w, https:\/\/i0.wp.com\/luxonomy.net\/wp-content\/uploads\/2020\/07\/master-turismo-lujo-2026-2027.jpg?resize=1200%2C675&ssl=1 1200w, https:\/\/i0.wp.com\/luxonomy.net\/wp-content\/uploads\/2020\/07\/master-turismo-lujo-2026-2027.jpg?resize=85%2C48&ssl=1 85w\" sizes=\"(max-width: 1170px) 100vw, 1170px\" class=\"no-lazyload\" width=\"1672\" height=\"941\"   \/><\/a><\/div>\n<p>El Vision EQXX tambi\u00e9n contar\u00e1 con la ayuda de 117 c\u00e9lulas fotoel\u00e9ctricas instaladas en el techo. Seg\u00fan Mercedes, esta caracter\u00edsticas podr\u00eda agregar hasta 25 km de alcance en viajes de larga distancia, aunque, eso s\u00ed, en condiciones ideales.<\/p>\n<p><img loading=\"lazy\" decoding=\"async\" data-attachment-id=\"19845\" data-permalink=\"https:\/\/luxonomy.net\/es\/mercedes-benz-vision-eqxx-1-000-kilometros-de-autonomia-electrica\/mercedes-vision-eqxx-11\/\" data-orig-file=\"https:\/\/i0.wp.com\/luxonomy.net\/wp-content\/uploads\/2022\/01\/Mercedes-Vision-EQXX-11.jpg?fit=1600%2C1131&amp;ssl=1\" data-orig-size=\"1600,1131\" data-comments-opened=\"1\" data-image-title=\"Mercedes-Vision-EQXX-11\" data-image-description=\"\" data-image-caption=\"\" data-large-file=\"https:\/\/i0.wp.com\/luxonomy.net\/wp-content\/uploads\/2022\/01\/Mercedes-Vision-EQXX-11.jpg?fit=1024%2C724&amp;ssl=1\" class=\"aligncenter size-full wp-image-19845 lazyload\" src=\"data:image\/gif;base64,R0lGODlhAQABAAAAACH5BAEKAAEALAAAAAABAAEAAAICTAEAOw==\" data-src=\"http:\/\/luxonomy.net\/wp-content\/uploads\/2022\/01\/Mercedes-Vision-EQXX-11.jpg\" alt=\"\" width=\"1600\" height=\"1131\" data-sizes=\"auto\" data-srcset=\"https:\/\/i0.wp.com\/luxonomy.net\/wp-content\/uploads\/2022\/01\/Mercedes-Vision-EQXX-11.jpg?w=1600&amp;ssl=1 1600w, https:\/\/i0.wp.com\/luxonomy.net\/wp-content\/uploads\/2022\/01\/Mercedes-Vision-EQXX-11.jpg?resize=300%2C212&amp;ssl=1 300w, https:\/\/i0.wp.com\/luxonomy.net\/wp-content\/uploads\/2022\/01\/Mercedes-Vision-EQXX-11.jpg?resize=1024%2C724&amp;ssl=1 1024w, https:\/\/i0.wp.com\/luxonomy.net\/wp-content\/uploads\/2022\/01\/Mercedes-Vision-EQXX-11.jpg?resize=768%2C543&amp;ssl=1 768w, https:\/\/i0.wp.com\/luxonomy.net\/wp-content\/uploads\/2022\/01\/Mercedes-Vision-EQXX-11.jpg?resize=1536%2C1086&amp;ssl=1 1536w, https:\/\/i0.wp.com\/luxonomy.net\/wp-content\/uploads\/2022\/01\/Mercedes-Vision-EQXX-11.jpg?resize=370%2C262&amp;ssl=1 370w, https:\/\/i0.wp.com\/luxonomy.net\/wp-content\/uploads\/2022\/01\/Mercedes-Vision-EQXX-11.jpg?resize=800%2C566&amp;ssl=1 800w, https:\/\/i0.wp.com\/luxonomy.net\/wp-content\/uploads\/2022\/01\/Mercedes-Vision-EQXX-11.jpg?resize=185%2C131&amp;ssl=1 185w, https:\/\/i0.wp.com\/luxonomy.net\/wp-content\/uploads\/2022\/01\/Mercedes-Vision-EQXX-11.jpg?resize=740%2C523&amp;ssl=1 740w, https:\/\/i0.wp.com\/luxonomy.net\/wp-content\/uploads\/2022\/01\/Mercedes-Vision-EQXX-11.jpg?resize=20%2C14&amp;ssl=1 20w, https:\/\/i0.wp.com\/luxonomy.net\/wp-content\/uploads\/2022\/01\/Mercedes-Vision-EQXX-11.jpg?resize=400%2C283&amp;ssl=1 400w, https:\/\/i0.wp.com\/luxonomy.net\/wp-content\/uploads\/2022\/01\/Mercedes-Vision-EQXX-11.jpg?resize=600%2C424&amp;ssl=1 600w, https:\/\/i0.wp.com\/luxonomy.net\/wp-content\/uploads\/2022\/01\/Mercedes-Vision-EQXX-11.jpg?resize=68%2C48&amp;ssl=1 68w\" sizes=\"auto, (max-width: 1170px) 100vw, 1170px\" \/><\/p>\n<p>Los 1.750 kg de peso bruto del coche y sus l\u00edneas aerodin\u00e1micas (posee un coeficiente de arrastre de solo 0,17) tambi\u00e9n juegan a favor para llegar a los 1.000 kil\u00f3metros de autonom\u00eda. De esta forma, el Vision EQXX queda por encima de coches del mercado como la del Lucid Air (837 kil\u00f3metros) y la del Tesla Model S Long Range Plus (647 kil\u00f3metros).<\/p>\n<p><img loading=\"lazy\" decoding=\"async\" data-attachment-id=\"19847\" data-permalink=\"https:\/\/luxonomy.net\/es\/mercedes-benz-vision-eqxx-1-000-kilometros-de-autonomia-electrica\/mercedes-vision-eqxx\/\" data-orig-file=\"https:\/\/i0.wp.com\/luxonomy.net\/wp-content\/uploads\/2022\/01\/mercedes-vision-eqxx.jpg?fit=1920%2C1080&amp;ssl=1\" data-orig-size=\"1920,1080\" data-comments-opened=\"1\" data-image-title=\"mercedes-vision-eqxx\" data-image-description=\"\" data-image-caption=\"\" data-large-file=\"https:\/\/i0.wp.com\/luxonomy.net\/wp-content\/uploads\/2022\/01\/mercedes-vision-eqxx.jpg?fit=1024%2C576&amp;ssl=1\" class=\"aligncenter size-full wp-image-19847 lazyload\" src=\"data:image\/gif;base64,R0lGODlhAQABAAAAACH5BAEKAAEALAAAAAABAAEAAAICTAEAOw==\" data-src=\"http:\/\/luxonomy.net\/wp-content\/uploads\/2022\/01\/mercedes-vision-eqxx.jpg\" alt=\"\" width=\"1920\" height=\"1080\" data-sizes=\"auto\" data-srcset=\"https:\/\/i0.wp.com\/luxonomy.net\/wp-content\/uploads\/2022\/01\/mercedes-vision-eqxx.jpg?w=1920&amp;ssl=1 1920w, https:\/\/i0.wp.com\/luxonomy.net\/wp-content\/uploads\/2022\/01\/mercedes-vision-eqxx.jpg?resize=300%2C169&amp;ssl=1 300w, https:\/\/i0.wp.com\/luxonomy.net\/wp-content\/uploads\/2022\/01\/mercedes-vision-eqxx.jpg?resize=1024%2C576&amp;ssl=1 1024w, https:\/\/i0.wp.com\/luxonomy.net\/wp-content\/uploads\/2022\/01\/mercedes-vision-eqxx.jpg?resize=768%2C432&amp;ssl=1 768w, https:\/\/i0.wp.com\/luxonomy.net\/wp-content\/uploads\/2022\/01\/mercedes-vision-eqxx.jpg?resize=1536%2C864&amp;ssl=1 1536w, https:\/\/i0.wp.com\/luxonomy.net\/wp-content\/uploads\/2022\/01\/mercedes-vision-eqxx.jpg?resize=370%2C208&amp;ssl=1 370w, https:\/\/i0.wp.com\/luxonomy.net\/wp-content\/uploads\/2022\/01\/mercedes-vision-eqxx.jpg?resize=800%2C450&amp;ssl=1 800w, https:\/\/i0.wp.com\/luxonomy.net\/wp-content\/uploads\/2022\/01\/mercedes-vision-eqxx.jpg?resize=20%2C11&amp;ssl=1 20w, https:\/\/i0.wp.com\/luxonomy.net\/wp-content\/uploads\/2022\/01\/mercedes-vision-eqxx.jpg?resize=185%2C104&amp;ssl=1 185w, https:\/\/i0.wp.com\/luxonomy.net\/wp-content\/uploads\/2022\/01\/mercedes-vision-eqxx.jpg?resize=740%2C416&amp;ssl=1 740w, https:\/\/i0.wp.com\/luxonomy.net\/wp-content\/uploads\/2022\/01\/mercedes-vision-eqxx.jpg?resize=400%2C225&amp;ssl=1 400w, https:\/\/i0.wp.com\/luxonomy.net\/wp-content\/uploads\/2022\/01\/mercedes-vision-eqxx.jpg?resize=1600%2C900&amp;ssl=1 1600w, https:\/\/i0.wp.com\/luxonomy.net\/wp-content\/uploads\/2022\/01\/mercedes-vision-eqxx.jpg?resize=600%2C338&amp;ssl=1 600w, https:\/\/i0.wp.com\/luxonomy.net\/wp-content\/uploads\/2022\/01\/mercedes-vision-eqxx.jpg?resize=85%2C48&amp;ssl=1 85w\" sizes=\"auto, (max-width: 1170px) 100vw, 1170px\" \/><\/p>\n<p>Es preciso se\u00f1alar que la autonom\u00eda declarada por Mercedes-Benz es producto de una simulaci\u00f3n realizada por ordenador &#8220;en condiciones de tr\u00e1fico de la vida real&#8221;. La automotriz a\u00fan no ha probado al prototipo el coche en un escenario real, no obstante, eso suceder\u00e1 pronto. El Vision EQXX rodar\u00e1 por caminos con diferentes caracter\u00edsticas este verano.<\/p>\n<p>Por otra parte, el dise\u00f1o del Vision EQXX no pasa desapercibido. Las l\u00edneas exteriores como las interiores hablan de futuro. Por fuera destaca el plateado del acero de ultra alta resistencia y por dentro una enorme pantalla de 47.5 pulgadas que se extiende por todo el ancho del salpicadero del veh\u00edculo.<\/p><div id=\"luxon-146539263\" class=\"luxon-7-parrafo luxon-entity-placement\" style=\"margin-top: 20px;margin-bottom: 20px;margin-left: auto;margin-right: auto;text-align: center;\"><a href=\"https:\/\/theintelligence.institute\/course\/inteligencia-artificial-para-directivos\" target=\"_blank\" aria-label=\"CSIAD_empresas_THEI_horizontal_4x3_v5\"><img loading=\"lazy\" decoding=\"async\" src=\"https:\/\/i0.wp.com\/luxonomy.net\/wp-content\/uploads\/2025\/08\/CSIAD_empresas_THEI_horizontal_4x3_v5.png?fit=2000%2C1500&#038;ssl=1\" alt=\"\"  srcset=\"https:\/\/i0.wp.com\/luxonomy.net\/wp-content\/uploads\/2025\/08\/CSIAD_empresas_THEI_horizontal_4x3_v5.png?w=2000&ssl=1 2000w, https:\/\/i0.wp.com\/luxonomy.net\/wp-content\/uploads\/2025\/08\/CSIAD_empresas_THEI_horizontal_4x3_v5.png?resize=300%2C225&ssl=1 300w, https:\/\/i0.wp.com\/luxonomy.net\/wp-content\/uploads\/2025\/08\/CSIAD_empresas_THEI_horizontal_4x3_v5.png?resize=1024%2C768&ssl=1 1024w, https:\/\/i0.wp.com\/luxonomy.net\/wp-content\/uploads\/2025\/08\/CSIAD_empresas_THEI_horizontal_4x3_v5.png?resize=768%2C576&ssl=1 768w, https:\/\/i0.wp.com\/luxonomy.net\/wp-content\/uploads\/2025\/08\/CSIAD_empresas_THEI_horizontal_4x3_v5.png?resize=1536%2C1152&ssl=1 1536w, https:\/\/i0.wp.com\/luxonomy.net\/wp-content\/uploads\/2025\/08\/CSIAD_empresas_THEI_horizontal_4x3_v5.png?resize=370%2C278&ssl=1 370w, https:\/\/i0.wp.com\/luxonomy.net\/wp-content\/uploads\/2025\/08\/CSIAD_empresas_THEI_horizontal_4x3_v5.png?resize=800%2C600&ssl=1 800w, https:\/\/i0.wp.com\/luxonomy.net\/wp-content\/uploads\/2025\/08\/CSIAD_empresas_THEI_horizontal_4x3_v5.png?resize=20%2C15&ssl=1 20w, https:\/\/i0.wp.com\/luxonomy.net\/wp-content\/uploads\/2025\/08\/CSIAD_empresas_THEI_horizontal_4x3_v5.png?resize=740%2C555&ssl=1 740w, https:\/\/i0.wp.com\/luxonomy.net\/wp-content\/uploads\/2025\/08\/CSIAD_empresas_THEI_horizontal_4x3_v5.png?resize=1600%2C1200&ssl=1 1600w, https:\/\/i0.wp.com\/luxonomy.net\/wp-content\/uploads\/2025\/08\/CSIAD_empresas_THEI_horizontal_4x3_v5.png?resize=1200%2C900&ssl=1 1200w, https:\/\/i0.wp.com\/luxonomy.net\/wp-content\/uploads\/2025\/08\/CSIAD_empresas_THEI_horizontal_4x3_v5.png?resize=64%2C48&ssl=1 64w\" sizes=\"(max-width: 1170px) 100vw, 1170px\" class=\"no-lazyload\" width=\"2000\" height=\"1500\"   \/><\/a><\/div>\n<p><img loading=\"lazy\" decoding=\"async\" data-attachment-id=\"19843\" data-permalink=\"https:\/\/luxonomy.net\/es\/mercedes-benz-vision-eqxx-1-000-kilometros-de-autonomia-electrica\/mercedes-benz-vision-eqxx-1-000-kilometros-de-autonomia-electrica-2\/\" data-orig-file=\"https:\/\/i0.wp.com\/luxonomy.net\/wp-content\/uploads\/2022\/01\/Mercedes-Benz-Vision-EQXX-1.000-kilo%CC%81metros-de-autonomi%CC%81a-ele%CC%81ctrica-2.jpeg?fit=1366%2C910&amp;ssl=1\" data-orig-size=\"1366,910\" data-comments-opened=\"1\" data-image-title=\"Mercedes-Benz Vision EQXX, 1.000 kilo\u0301metros de autonomi\u0301a ele\u0301ctrica 2\" data-image-description=\"\" data-image-caption=\"\" data-large-file=\"https:\/\/i0.wp.com\/luxonomy.net\/wp-content\/uploads\/2022\/01\/Mercedes-Benz-Vision-EQXX-1.000-kilo%CC%81metros-de-autonomi%CC%81a-ele%CC%81ctrica-2.jpeg?fit=1024%2C682&amp;ssl=1\" class=\"aligncenter size-full wp-image-19843 lazyload\" src=\"data:image\/gif;base64,R0lGODlhAQABAAAAACH5BAEKAAEALAAAAAABAAEAAAICTAEAOw==\" data-src=\"http:\/\/luxonomy.net\/wp-content\/uploads\/2022\/01\/Mercedes-Benz-Vision-EQXX-1.000-kilo\u0301metros-de-autonomi\u0301a-ele\u0301ctrica-2.jpeg\" alt=\"\" width=\"1366\" height=\"910\" data-sizes=\"auto\" data-srcset=\"https:\/\/i0.wp.com\/luxonomy.net\/wp-content\/uploads\/2022\/01\/Mercedes-Benz-Vision-EQXX-1.000-kilo%CC%81metros-de-autonomi%CC%81a-ele%CC%81ctrica-2.jpeg?w=1366&amp;ssl=1 1366w, https:\/\/i0.wp.com\/luxonomy.net\/wp-content\/uploads\/2022\/01\/Mercedes-Benz-Vision-EQXX-1.000-kilo%CC%81metros-de-autonomi%CC%81a-ele%CC%81ctrica-2.jpeg?resize=300%2C200&amp;ssl=1 300w, https:\/\/i0.wp.com\/luxonomy.net\/wp-content\/uploads\/2022\/01\/Mercedes-Benz-Vision-EQXX-1.000-kilo%CC%81metros-de-autonomi%CC%81a-ele%CC%81ctrica-2.jpeg?resize=1024%2C682&amp;ssl=1 1024w, https:\/\/i0.wp.com\/luxonomy.net\/wp-content\/uploads\/2022\/01\/Mercedes-Benz-Vision-EQXX-1.000-kilo%CC%81metros-de-autonomi%CC%81a-ele%CC%81ctrica-2.jpeg?resize=768%2C512&amp;ssl=1 768w, https:\/\/i0.wp.com\/luxonomy.net\/wp-content\/uploads\/2022\/01\/Mercedes-Benz-Vision-EQXX-1.000-kilo%CC%81metros-de-autonomi%CC%81a-ele%CC%81ctrica-2.jpeg?resize=370%2C246&amp;ssl=1 370w, https:\/\/i0.wp.com\/luxonomy.net\/wp-content\/uploads\/2022\/01\/Mercedes-Benz-Vision-EQXX-1.000-kilo%CC%81metros-de-autonomi%CC%81a-ele%CC%81ctrica-2.jpeg?resize=800%2C533&amp;ssl=1 800w, https:\/\/i0.wp.com\/luxonomy.net\/wp-content\/uploads\/2022\/01\/Mercedes-Benz-Vision-EQXX-1.000-kilo%CC%81metros-de-autonomi%CC%81a-ele%CC%81ctrica-2.jpeg?resize=20%2C13&amp;ssl=1 20w, https:\/\/i0.wp.com\/luxonomy.net\/wp-content\/uploads\/2022\/01\/Mercedes-Benz-Vision-EQXX-1.000-kilo%CC%81metros-de-autonomi%CC%81a-ele%CC%81ctrica-2.jpeg?resize=185%2C123&amp;ssl=1 185w, https:\/\/i0.wp.com\/luxonomy.net\/wp-content\/uploads\/2022\/01\/Mercedes-Benz-Vision-EQXX-1.000-kilo%CC%81metros-de-autonomi%CC%81a-ele%CC%81ctrica-2.jpeg?resize=740%2C493&amp;ssl=1 740w, https:\/\/i0.wp.com\/luxonomy.net\/wp-content\/uploads\/2022\/01\/Mercedes-Benz-Vision-EQXX-1.000-kilo%CC%81metros-de-autonomi%CC%81a-ele%CC%81ctrica-2.jpeg?resize=400%2C266&amp;ssl=1 400w, https:\/\/i0.wp.com\/luxonomy.net\/wp-content\/uploads\/2022\/01\/Mercedes-Benz-Vision-EQXX-1.000-kilo%CC%81metros-de-autonomi%CC%81a-ele%CC%81ctrica-2.jpeg?resize=600%2C400&amp;ssl=1 600w, https:\/\/i0.wp.com\/luxonomy.net\/wp-content\/uploads\/2022\/01\/Mercedes-Benz-Vision-EQXX-1.000-kilo%CC%81metros-de-autonomi%CC%81a-ele%CC%81ctrica-2.jpeg?resize=72%2C48&amp;ssl=1 72w, https:\/\/i0.wp.com\/luxonomy.net\/wp-content\/uploads\/2022\/01\/Mercedes-Benz-Vision-EQXX-1.000-kilo%CC%81metros-de-autonomi%CC%81a-ele%CC%81ctrica-2.jpeg?resize=272%2C182&amp;ssl=1 272w\" sizes=\"auto, (max-width: 1170px) 100vw, 1170px\" \/><\/p>\n<p>En concreto, el Vision EQXX como tal no se convertir\u00e1 en un coche que veremos por las calles, pero es una gu\u00eda que sirve para comprender c\u00f3mo Mercedes-Benz imagina el futuro. La compa\u00f1\u00eda dice que muchas de las tecnolog\u00edas aplicadas a este veh\u00edculo se volcar\u00e1n en coches de producci\u00f3n en los pr\u00f3ximos dos o tres a\u00f1os.<\/p>\n<p>Lo cierto es que Mercedes-Benz no quiere quedarse atr\u00e1s en la carrera por el coche el\u00e9ctrico. El a\u00f1o pasado anunci\u00f3 sus planes de invertir m\u00e1s de 40 mil millones de euros hasta 2030 para impulsar el desarrollo y la fabricaci\u00f3n de nuevos coches el\u00e9ctricos y bater\u00edas.<\/p>\n","protected":false},"excerpt":{"rendered":"<p>Mercedes-Benz quiere apostar por la autonom\u00eda para diferenciarse de su competencia. El fabricante alem\u00e1n ha presentado este lunes, poco antes del inicio del CES 2022, el Vision EQXX. Se trata de un prototipo de coche el\u00e9ctrico altamente eficiente que, seg\u00fan la compa\u00f1\u00eda, podr\u00e1 recorrer 1.000 kil\u00f3metros con una sola carga. La compa\u00f1\u00eda asegura que el&hellip;<\/p>\n","protected":false},"author":1,"featured_media":19842,"comment_status":"open","ping_status":"open","sticky":false,"template":"","format":"standard","meta":{"_jetpack_newsletter_access":"","_jetpack_dont_email_post_to_subs":false,"_jetpack_newsletter_tier_id":0,"_jetpack_memberships_contains_paywalled_content":false,"_jetpack_feature_clip_id":0,"_jetpack_memberships_contains_paid_content":false,"footnotes":"","jetpack_publicize_message":"Mercedes-Benz Vision EQXX, 1.000 kil\u00f3metros de autonom\u00eda el\u00e9ctrica.\r\n\r\nMercedes-Benz quiere apostar por la autonom\u00eda para diferenciarse de su competencia. El fabricante alem\u00e1n ha presentado este lunes, poco antes del inicio del CES 2022, el Vision EQXX. Se trata de un prototipo de coche el\u00e9ctrico altamente eficiente que, seg\u00fan la compa\u00f1\u00eda, podr\u00e1 recorrer 1.000 kil\u00f3metros con una sola carga.\r\n\r\nEl Vision EQXX tambi\u00e9n contar\u00e1 con la ayuda de 117 c\u00e9lulas fotoel\u00e9ctricas instaladas en el techo. Seg\u00fan Mercedes, esta caracter\u00edsticas podr\u00eda agregar hasta 25 km de alcance en viajes de larga distancia, aunque, eso s\u00ed, en condiciones ideales.\r\n\r\n#MERCEDESBENZ\r\n#ECOLUJO\r\n#MOTOR\r\n#LUXONOMY","jetpack_publicize_feature_enabled":true,"jetpack_social_post_already_shared":true,"jetpack_social_options":{"image_generator_settings":{"template":"edge","default_image_id":0,"font":"","enabled":false},"version":2},"jetpack_post_was_ever_published":false},"categories":[296,688],"tags":[808,233,531,222],"thb-sponsors":[],"class_list":["post-19841","post","type-post","status-publish","format-standard","has-post-thumbnail","hentry","category-motor","category-sostenibilidad","tag-ecolujo","tag-ecoluxury","tag-mercedes-benz","tag-motor"],"yoast_head":"<!-- This site is optimized with the Yoast SEO plugin v28.4 - https:\/\/yoast.com\/product\/yoast-seo-wordpress\/ -->\n<title>Mercedes-Benz Vision EQXX, 1.000 kil\u00f3metros de autonom\u00eda el\u00e9ctrica | LUXONOMY<\/title>\n<meta name=\"robots\" content=\"index, follow, max-snippet:-1, max-image-preview:large, max-video-preview:-1\" \/>\n<link rel=\"canonical\" href=\"https:\/\/luxonomy.net\/es\/mercedes-benz-vision-eqxx-1-000-kilometros-de-autonomia-electrica\/\" \/>\n<meta property=\"og:locale\" content=\"es_ES\" \/>\n<meta property=\"og:type\" content=\"article\" \/>\n<meta property=\"og:title\" content=\"Mercedes-Benz Vision EQXX, 1.000 kil\u00f3metros de autonom\u00eda el\u00e9ctrica | LUXONOMY\" \/>\n<meta property=\"og:description\" content=\"Mercedes-Benz quiere apostar por la autonom\u00eda para diferenciarse de su competencia. El fabricante alem\u00e1n ha presentado este lunes, poco antes del inicio del CES 2022, el Vision EQXX. Se trata de un prototipo de coche el\u00e9ctrico altamente eficiente que, seg\u00fan la compa\u00f1\u00eda, podr\u00e1 recorrer 1.000 kil\u00f3metros con una sola carga. La compa\u00f1\u00eda asegura que el&hellip;\" \/>\n<meta property=\"og:url\" content=\"https:\/\/luxonomy.net\/es\/mercedes-benz-vision-eqxx-1-000-kilometros-de-autonomia-electrica\/\" \/>\n<meta property=\"og:site_name\" content=\"LUXONOMY\" \/>\n<meta property=\"article:publisher\" content=\"https:\/\/www.facebook.com\/luxonomy\" \/>\n<meta property=\"article:published_time\" content=\"2022-01-04T14:51:48+00:00\" \/>\n<meta property=\"og:image\" content=\"https:\/\/i0.wp.com\/luxonomy.net\/wp-content\/uploads\/2022\/01\/Mercedes-Benz-Vision-EQXX-1.000-kilo%CC%81metros-de-autonomi%CC%81a-ele%CC%81ctrica.jpeg?fit=935%2C608&quality=89&ssl=1\" \/>\n\t<meta property=\"og:image:width\" content=\"935\" \/>\n\t<meta property=\"og:image:height\" content=\"608\" \/>\n\t<meta property=\"og:image:type\" content=\"image\/jpeg\" \/>\n<meta name=\"author\" content=\"LUXONOMY\" \/>\n<meta name=\"twitter:card\" content=\"summary_large_image\" \/>\n<meta name=\"twitter:label1\" content=\"Escrito por\" \/>\n\t<meta name=\"twitter:data1\" content=\"LUXONOMY\" \/>\n\t<meta name=\"twitter:label2\" content=\"Tiempo de lectura\" \/>\n\t<meta name=\"twitter:data2\" content=\"3 minutos\" \/>\n<script type=\"application\/ld+json\" class=\"yoast-schema-graph\">{\"@context\":\"https:\\\/\\\/schema.org\",\"@graph\":[{\"@type\":\"Article\",\"@id\":\"https:\\\/\\\/luxonomy.net\\\/es\\\/mercedes-benz-vision-eqxx-1-000-kilometros-de-autonomia-electrica\\\/#article\",\"isPartOf\":{\"@id\":\"https:\\\/\\\/luxonomy.net\\\/es\\\/mercedes-benz-vision-eqxx-1-000-kilometros-de-autonomia-electrica\\\/\"},\"author\":{\"name\":\"LUXONOMY\",\"@id\":\"https:\\\/\\\/luxonomy.net\\\/es\\\/#\\\/schema\\\/person\\\/ca588d8b741a1fdd9065289c8d98ee8c\"},\"headline\":\"Mercedes-Benz Vision EQXX, 1.000 kil\u00f3metros de autonom\u00eda el\u00e9ctrica\",\"datePublished\":\"2022-01-04T14:51:48+00:00\",\"mainEntityOfPage\":{\"@id\":\"https:\\\/\\\/luxonomy.net\\\/es\\\/mercedes-benz-vision-eqxx-1-000-kilometros-de-autonomia-electrica\\\/\"},\"wordCount\":513,\"commentCount\":0,\"publisher\":{\"@id\":\"https:\\\/\\\/luxonomy.net\\\/es\\\/#organization\"},\"image\":{\"@id\":\"https:\\\/\\\/luxonomy.net\\\/es\\\/mercedes-benz-vision-eqxx-1-000-kilometros-de-autonomia-electrica\\\/#primaryimage\"},\"thumbnailUrl\":\"https:\\\/\\\/i0.wp.com\\\/luxonomy.net\\\/wp-content\\\/uploads\\\/2022\\\/01\\\/Mercedes-Benz-Vision-EQXX-1.000-kilo%CC%81metros-de-autonomi%CC%81a-ele%CC%81ctrica.jpeg?fit=935%2C608&ssl=1\",\"keywords\":[\"Ecolujo\",\"ecoluxury\",\"Mercedes-Benz\",\"motor\"],\"articleSection\":[\"Motor\",\"Sostenibilidad\"],\"inLanguage\":\"es\",\"potentialAction\":[{\"@type\":\"CommentAction\",\"name\":\"Comment\",\"target\":[\"https:\\\/\\\/luxonomy.net\\\/es\\\/mercedes-benz-vision-eqxx-1-000-kilometros-de-autonomia-electrica\\\/#respond\"]}]},{\"@type\":\"WebPage\",\"@id\":\"https:\\\/\\\/luxonomy.net\\\/es\\\/mercedes-benz-vision-eqxx-1-000-kilometros-de-autonomia-electrica\\\/\",\"url\":\"https:\\\/\\\/luxonomy.net\\\/es\\\/mercedes-benz-vision-eqxx-1-000-kilometros-de-autonomia-electrica\\\/\",\"name\":\"Mercedes-Benz Vision EQXX, 1.000 kil\u00f3metros de autonom\u00eda el\u00e9ctrica | LUXONOMY\",\"isPartOf\":{\"@id\":\"https:\\\/\\\/luxonomy.net\\\/es\\\/#website\"},\"primaryImageOfPage\":{\"@id\":\"https:\\\/\\\/luxonomy.net\\\/es\\\/mercedes-benz-vision-eqxx-1-000-kilometros-de-autonomia-electrica\\\/#primaryimage\"},\"image\":{\"@id\":\"https:\\\/\\\/luxonomy.net\\\/es\\\/mercedes-benz-vision-eqxx-1-000-kilometros-de-autonomia-electrica\\\/#primaryimage\"},\"thumbnailUrl\":\"https:\\\/\\\/i0.wp.com\\\/luxonomy.net\\\/wp-content\\\/uploads\\\/2022\\\/01\\\/Mercedes-Benz-Vision-EQXX-1.000-kilo%CC%81metros-de-autonomi%CC%81a-ele%CC%81ctrica.jpeg?fit=935%2C608&ssl=1\",\"datePublished\":\"2022-01-04T14:51:48+00:00\",\"breadcrumb\":{\"@id\":\"https:\\\/\\\/luxonomy.net\\\/es\\\/mercedes-benz-vision-eqxx-1-000-kilometros-de-autonomia-electrica\\\/#breadcrumb\"},\"inLanguage\":\"es\",\"potentialAction\":[{\"@type\":\"ReadAction\",\"target\":[\"https:\\\/\\\/luxonomy.net\\\/es\\\/mercedes-benz-vision-eqxx-1-000-kilometros-de-autonomia-electrica\\\/\"]}]},{\"@type\":\"ImageObject\",\"inLanguage\":\"es\",\"@id\":\"https:\\\/\\\/luxonomy.net\\\/es\\\/mercedes-benz-vision-eqxx-1-000-kilometros-de-autonomia-electrica\\\/#primaryimage\",\"url\":\"https:\\\/\\\/i0.wp.com\\\/luxonomy.net\\\/wp-content\\\/uploads\\\/2022\\\/01\\\/Mercedes-Benz-Vision-EQXX-1.000-kilo%CC%81metros-de-autonomi%CC%81a-ele%CC%81ctrica.jpeg?fit=935%2C608&ssl=1\",\"contentUrl\":\"https:\\\/\\\/i0.wp.com\\\/luxonomy.net\\\/wp-content\\\/uploads\\\/2022\\\/01\\\/Mercedes-Benz-Vision-EQXX-1.000-kilo%CC%81metros-de-autonomi%CC%81a-ele%CC%81ctrica.jpeg?fit=935%2C608&ssl=1\",\"width\":935,\"height\":608},{\"@type\":\"BreadcrumbList\",\"@id\":\"https:\\\/\\\/luxonomy.net\\\/es\\\/mercedes-benz-vision-eqxx-1-000-kilometros-de-autonomia-electrica\\\/#breadcrumb\",\"itemListElement\":[{\"@type\":\"ListItem\",\"position\":1,\"name\":\"Portada\",\"item\":\"https:\\\/\\\/luxonomy.net\\\/es\\\/\"},{\"@type\":\"ListItem\",\"position\":2,\"name\":\"Mercedes-Benz Vision EQXX, 1.000 kil\u00f3metros de autonom\u00eda el\u00e9ctrica\"}]},{\"@type\":\"WebSite\",\"@id\":\"https:\\\/\\\/luxonomy.net\\\/es\\\/#website\",\"url\":\"https:\\\/\\\/luxonomy.net\\\/es\\\/\",\"name\":\"LUXONOMY\",\"description\":\"The Economy of Fashion &amp; Luxury\",\"publisher\":{\"@id\":\"https:\\\/\\\/luxonomy.net\\\/es\\\/#organization\"},\"potentialAction\":[{\"@type\":\"SearchAction\",\"target\":{\"@type\":\"EntryPoint\",\"urlTemplate\":\"https:\\\/\\\/luxonomy.net\\\/es\\\/?s={search_term_string}\"},\"query-input\":{\"@type\":\"PropertyValueSpecification\",\"valueRequired\":true,\"valueName\":\"search_term_string\"}}],\"inLanguage\":\"es\"},{\"@type\":\"Organization\",\"@id\":\"https:\\\/\\\/luxonomy.net\\\/es\\\/#organization\",\"name\":\"LUXONOMY\",\"url\":\"https:\\\/\\\/luxonomy.net\\\/es\\\/\",\"logo\":{\"@type\":\"ImageObject\",\"inLanguage\":\"es\",\"@id\":\"https:\\\/\\\/luxonomy.net\\\/es\\\/#\\\/schema\\\/logo\\\/image\\\/\",\"url\":\"https:\\\/\\\/i2.wp.com\\\/luxonomy.net\\\/wp-content\\\/uploads\\\/2021\\\/09\\\/MOCKUP-TODOS-LUXONOMY.jpg?fit=1000%2C515&ssl=1\",\"contentUrl\":\"https:\\\/\\\/i2.wp.com\\\/luxonomy.net\\\/wp-content\\\/uploads\\\/2021\\\/09\\\/MOCKUP-TODOS-LUXONOMY.jpg?fit=1000%2C515&ssl=1\",\"width\":1000,\"height\":515,\"caption\":\"LUXONOMY\"},\"image\":{\"@id\":\"https:\\\/\\\/luxonomy.net\\\/es\\\/#\\\/schema\\\/logo\\\/image\\\/\"},\"sameAs\":[\"https:\\\/\\\/www.facebook.com\\\/luxonomy\",\"https:\\\/\\\/www.instagram.com\\\/luxonomy\\\/\",\"https:\\\/\\\/www.linkedin.com\\\/company\\\/luxonomy\\\/\"]},{\"@type\":\"Person\",\"@id\":\"https:\\\/\\\/luxonomy.net\\\/es\\\/#\\\/schema\\\/person\\\/ca588d8b741a1fdd9065289c8d98ee8c\",\"name\":\"LUXONOMY\",\"image\":{\"@type\":\"ImageObject\",\"inLanguage\":\"es\",\"@id\":\"https:\\\/\\\/luxonomy.net\\\/wp-content\\\/litespeed\\\/avatar\\\/a6436cdb14fdaf9c21808e63d0da2055.jpg?ver=1788366758\",\"url\":\"https:\\\/\\\/luxonomy.net\\\/wp-content\\\/litespeed\\\/avatar\\\/a6436cdb14fdaf9c21808e63d0da2055.jpg?ver=1788366758\",\"contentUrl\":\"https:\\\/\\\/luxonomy.net\\\/wp-content\\\/litespeed\\\/avatar\\\/a6436cdb14fdaf9c21808e63d0da2055.jpg?ver=1788366758\",\"caption\":\"LUXONOMY\"},\"sameAs\":[\"https:\\\/\"],\"url\":\"https:\\\/\\\/luxonomy.net\\\/es\\\/author\\\/luxonomy\\\/\"}]}<\/script>\n<!-- \/ Yoast SEO plugin. -->","yoast_head_json":{"title":"Mercedes-Benz Vision EQXX, 1.000 kil\u00f3metros de autonom\u00eda el\u00e9ctrica | LUXONOMY","robots":{"index":"index","follow":"follow","max-snippet":"max-snippet:-1","max-image-preview":"max-image-preview:large","max-video-preview":"max-video-preview:-1"},"canonical":"https:\/\/luxonomy.net\/es\/mercedes-benz-vision-eqxx-1-000-kilometros-de-autonomia-electrica\/","og_locale":"es_ES","og_type":"article","og_title":"Mercedes-Benz Vision EQXX, 1.000 kil\u00f3metros de autonom\u00eda el\u00e9ctrica | LUXONOMY","og_description":"Mercedes-Benz quiere apostar por la autonom\u00eda para diferenciarse de su competencia. El fabricante alem\u00e1n ha presentado este lunes, poco antes del inicio del CES 2022, el Vision EQXX. Se trata de un prototipo de coche el\u00e9ctrico altamente eficiente que, seg\u00fan la compa\u00f1\u00eda, podr\u00e1 recorrer 1.000 kil\u00f3metros con una sola carga. La compa\u00f1\u00eda asegura que el&hellip;","og_url":"https:\/\/luxonomy.net\/es\/mercedes-benz-vision-eqxx-1-000-kilometros-de-autonomia-electrica\/","og_site_name":"LUXONOMY","article_publisher":"https:\/\/www.facebook.com\/luxonomy","article_published_time":"2022-01-04T14:51:48+00:00","og_image":[{"width":935,"height":608,"url":"https:\/\/i0.wp.com\/luxonomy.net\/wp-content\/uploads\/2022\/01\/Mercedes-Benz-Vision-EQXX-1.000-kilo%CC%81metros-de-autonomi%CC%81a-ele%CC%81ctrica.jpeg?fit=935%2C608&quality=89&ssl=1","type":"image\/jpeg"}],"author":"LUXONOMY","twitter_card":"summary_large_image","twitter_misc":{"Escrito por":"LUXONOMY","Tiempo de lectura":"3 minutos"},"schema":{"@context":"https:\/\/schema.org","@graph":[{"@type":"Article","@id":"https:\/\/luxonomy.net\/es\/mercedes-benz-vision-eqxx-1-000-kilometros-de-autonomia-electrica\/#article","isPartOf":{"@id":"https:\/\/luxonomy.net\/es\/mercedes-benz-vision-eqxx-1-000-kilometros-de-autonomia-electrica\/"},"author":{"name":"LUXONOMY","@id":"https:\/\/luxonomy.net\/es\/#\/schema\/person\/ca588d8b741a1fdd9065289c8d98ee8c"},"headline":"Mercedes-Benz Vision EQXX, 1.000 kil\u00f3metros de autonom\u00eda el\u00e9ctrica","datePublished":"2022-01-04T14:51:48+00:00","mainEntityOfPage":{"@id":"https:\/\/luxonomy.net\/es\/mercedes-benz-vision-eqxx-1-000-kilometros-de-autonomia-electrica\/"},"wordCount":513,"commentCount":0,"publisher":{"@id":"https:\/\/luxonomy.net\/es\/#organization"},"image":{"@id":"https:\/\/luxonomy.net\/es\/mercedes-benz-vision-eqxx-1-000-kilometros-de-autonomia-electrica\/#primaryimage"},"thumbnailUrl":"https:\/\/i0.wp.com\/luxonomy.net\/wp-content\/uploads\/2022\/01\/Mercedes-Benz-Vision-EQXX-1.000-kilo%CC%81metros-de-autonomi%CC%81a-ele%CC%81ctrica.jpeg?fit=935%2C608&ssl=1","keywords":["Ecolujo","ecoluxury","Mercedes-Benz","motor"],"articleSection":["Motor","Sostenibilidad"],"inLanguage":"es","potentialAction":[{"@type":"CommentAction","name":"Comment","target":["https:\/\/luxonomy.net\/es\/mercedes-benz-vision-eqxx-1-000-kilometros-de-autonomia-electrica\/#respond"]}]},{"@type":"WebPage","@id":"https:\/\/luxonomy.net\/es\/mercedes-benz-vision-eqxx-1-000-kilometros-de-autonomia-electrica\/","url":"https:\/\/luxonomy.net\/es\/mercedes-benz-vision-eqxx-1-000-kilometros-de-autonomia-electrica\/","name":"Mercedes-Benz Vision EQXX, 1.000 kil\u00f3metros de autonom\u00eda el\u00e9ctrica | LUXONOMY","isPartOf":{"@id":"https:\/\/luxonomy.net\/es\/#website"},"primaryImageOfPage":{"@id":"https:\/\/luxonomy.net\/es\/mercedes-benz-vision-eqxx-1-000-kilometros-de-autonomia-electrica\/#primaryimage"},"image":{"@id":"https:\/\/luxonomy.net\/es\/mercedes-benz-vision-eqxx-1-000-kilometros-de-autonomia-electrica\/#primaryimage"},"thumbnailUrl":"https:\/\/i0.wp.com\/luxonomy.net\/wp-content\/uploads\/2022\/01\/Mercedes-Benz-Vision-EQXX-1.000-kilo%CC%81metros-de-autonomi%CC%81a-ele%CC%81ctrica.jpeg?fit=935%2C608&ssl=1","datePublished":"2022-01-04T14:51:48+00:00","breadcrumb":{"@id":"https:\/\/luxonomy.net\/es\/mercedes-benz-vision-eqxx-1-000-kilometros-de-autonomia-electrica\/#breadcrumb"},"inLanguage":"es","potentialAction":[{"@type":"ReadAction","target":["https:\/\/luxonomy.net\/es\/mercedes-benz-vision-eqxx-1-000-kilometros-de-autonomia-electrica\/"]}]},{"@type":"ImageObject","inLanguage":"es","@id":"https:\/\/luxonomy.net\/es\/mercedes-benz-vision-eqxx-1-000-kilometros-de-autonomia-electrica\/#primaryimage","url":"https:\/\/i0.wp.com\/luxonomy.net\/wp-content\/uploads\/2022\/01\/Mercedes-Benz-Vision-EQXX-1.000-kilo%CC%81metros-de-autonomi%CC%81a-ele%CC%81ctrica.jpeg?fit=935%2C608&ssl=1","contentUrl":"https:\/\/i0.wp.com\/luxonomy.net\/wp-content\/uploads\/2022\/01\/Mercedes-Benz-Vision-EQXX-1.000-kilo%CC%81metros-de-autonomi%CC%81a-ele%CC%81ctrica.jpeg?fit=935%2C608&ssl=1","width":935,"height":608},{"@type":"BreadcrumbList","@id":"https:\/\/luxonomy.net\/es\/mercedes-benz-vision-eqxx-1-000-kilometros-de-autonomia-electrica\/#breadcrumb","itemListElement":[{"@type":"ListItem","position":1,"name":"Portada","item":"https:\/\/luxonomy.net\/es\/"},{"@type":"ListItem","position":2,"name":"Mercedes-Benz Vision EQXX, 1.000 kil\u00f3metros de autonom\u00eda el\u00e9ctrica"}]},{"@type":"WebSite","@id":"https:\/\/luxonomy.net\/es\/#website","url":"https:\/\/luxonomy.net\/es\/","name":"LUXONOMY","description":"The Economy of Fashion &amp; Luxury","publisher":{"@id":"https:\/\/luxonomy.net\/es\/#organization"},"potentialAction":[{"@type":"SearchAction","target":{"@type":"EntryPoint","urlTemplate":"https:\/\/luxonomy.net\/es\/?s={search_term_string}"},"query-input":{"@type":"PropertyValueSpecification","valueRequired":true,"valueName":"search_term_string"}}],"inLanguage":"es"},{"@type":"Organization","@id":"https:\/\/luxonomy.net\/es\/#organization","name":"LUXONOMY","url":"https:\/\/luxonomy.net\/es\/","logo":{"@type":"ImageObject","inLanguage":"es","@id":"https:\/\/luxonomy.net\/es\/#\/schema\/logo\/image\/","url":"https:\/\/i2.wp.com\/luxonomy.net\/wp-content\/uploads\/2021\/09\/MOCKUP-TODOS-LUXONOMY.jpg?fit=1000%2C515&ssl=1","contentUrl":"https:\/\/i2.wp.com\/luxonomy.net\/wp-content\/uploads\/2021\/09\/MOCKUP-TODOS-LUXONOMY.jpg?fit=1000%2C515&ssl=1","width":1000,"height":515,"caption":"LUXONOMY"},"image":{"@id":"https:\/\/luxonomy.net\/es\/#\/schema\/logo\/image\/"},"sameAs":["https:\/\/www.facebook.com\/luxonomy","https:\/\/www.instagram.com\/luxonomy\/","https:\/\/www.linkedin.com\/company\/luxonomy\/"]},{"@type":"Person","@id":"https:\/\/luxonomy.net\/es\/#\/schema\/person\/ca588d8b741a1fdd9065289c8d98ee8c","name":"LUXONOMY","image":{"@type":"ImageObject","inLanguage":"es","@id":"https:\/\/luxonomy.net\/wp-content\/litespeed\/avatar\/a6436cdb14fdaf9c21808e63d0da2055.jpg?ver=1788366758","url":"https:\/\/luxonomy.net\/wp-content\/litespeed\/avatar\/a6436cdb14fdaf9c21808e63d0da2055.jpg?ver=1788366758","contentUrl":"https:\/\/luxonomy.net\/wp-content\/litespeed\/avatar\/a6436cdb14fdaf9c21808e63d0da2055.jpg?ver=1788366758","caption":"LUXONOMY"},"sameAs":["https:\/"],"url":"https:\/\/luxonomy.net\/es\/author\/luxonomy\/"}]}},"jetpack_publicize_connections":[],"jetpack_shortlink":"https:\/\/wp.me\/paPhBa-5a1","jetpack_sharing_enabled":true,"jetpack_featured_media_url":"https:\/\/i0.wp.com\/luxonomy.net\/wp-content\/uploads\/2022\/01\/Mercedes-Benz-Vision-EQXX-1.000-kilo%CC%81metros-de-autonomi%CC%81a-ele%CC%81ctrica.jpeg?fit=935%2C608&ssl=1","_links":{"self":[{"href":"https:\/\/luxonomy.net\/es\/wp-json\/wp\/v2\/posts\/19841","targetHints":{"allow":["GET"]}}],"collection":[{"href":"https:\/\/luxonomy.net\/es\/wp-json\/wp\/v2\/posts"}],"about":[{"href":"https:\/\/luxonomy.net\/es\/wp-json\/wp\/v2\/types\/post"}],"author":[{"embeddable":true,"href":"https:\/\/luxonomy.net\/es\/wp-json\/wp\/v2\/users\/1"}],"replies":[{"embeddable":true,"href":"https:\/\/luxonomy.net\/es\/wp-json\/wp\/v2\/comments?post=19841"}],"version-history":[{"count":1,"href":"https:\/\/luxonomy.net\/es\/wp-json\/wp\/v2\/posts\/19841\/revisions"}],"predecessor-version":[{"id":19848,"href":"https:\/\/luxonomy.net\/es\/wp-json\/wp\/v2\/posts\/19841\/revisions\/19848"}],"wp:featuredmedia":[{"embeddable":true,"href":"https:\/\/luxonomy.net\/es\/wp-json\/wp\/v2\/media\/19842"}],"wp:attachment":[{"href":"https:\/\/luxonomy.net\/es\/wp-json\/wp\/v2\/media?parent=19841"}],"wp:term":[{"taxonomy":"category","embeddable":true,"href":"https:\/\/luxonomy.net\/es\/wp-json\/wp\/v2\/categories?post=19841"},{"taxonomy":"post_tag","embeddable":true,"href":"https:\/\/luxonomy.net\/es\/wp-json\/wp\/v2\/tags?post=19841"},{"taxonomy":"thb-sponsors","embeddable":true,"href":"https:\/\/luxonomy.net\/es\/wp-json\/wp\/v2\/thb-sponsors?post=19841"}],"curies":[{"name":"wp","href":"https:\/\/api.w.org\/{rel}","templated":true}]}}