{"id":19178,"date":"2021-11-29T15:33:30","date_gmt":"2021-11-29T14:33:30","guid":{"rendered":"https:\/?p=19178"},"modified":"2021-11-29T15:33:30","modified_gmt":"2021-11-29T14:33:30","slug":"louis-vuitton-homenajeara-a-virgil-abloh-en-miami-manana-martes","status":"publish","type":"post","link":"https:\/\/luxonomy.net\/es\/louis-vuitton-homenajeara-a-virgil-abloh-en-miami-manana-martes\/","title":{"rendered":"Louis Vuitton homenajear\u00e1 a Virgil Abloh en Miami ma\u00f1ana martes"},"content":{"rendered":"<p><strong>En memoria de Virgil Abloh<\/strong>, <strong>Louis Vuitton rinde ma\u00f1ana homenaje<\/strong> a la vida y el legado de un genio creativo con la presentaci\u00f3n de su <strong>colecci\u00f3n Primavera-Verano 2022.<\/strong> La firma mostrar\u00e1 la <strong>\u00faltima colecci\u00f3n elaborada por Virgil Abloh<\/strong>, transformando el <strong>evento planeado en un homenaje al dise\u00f1ador<\/strong> que falleci\u00f3 repentinamente ayer domingo.<\/p>\n<p><strong>Abloh<\/strong>, hijo <strong>nacido en Estados Unidos de inmigrantes ghaneses<\/strong>, estudi\u00f3 <strong>arquitectura<\/strong> antes de convertirse en el <strong>dise\u00f1ador negro de m\u00e1s alto perfil de la moda<\/strong>, lo que simboliz\u00f3 la <strong>llegada del streetwear al reino del lujo<\/strong> cuando asumi\u00f3 la direcci\u00f3n creativa de los <strong>dise\u00f1os masculinos para Louis Vuitton en 2018<\/strong>.<\/p>\n<p>Los desfiles de moda de su marca italiana de ropa de calle de lujo <strong>Off-White<\/strong> fueron eventos famosos que atrajeron multitudes. <strong>Abloh era conocido por invitar a for\u00e1neos de la industria<\/strong>, mezclando estudiantes y patinadores con estrellas del mundo del dise\u00f1o, la m\u00fasica y los deportes, a presentaciones en pasarelas.<\/p><div id=\"luxon-1857182346\" class=\"luxon-3er-parrafo luxon-entity-placement\" style=\"margin-top: 20px;margin-bottom: 20px;margin-left: auto;margin-right: auto;text-align: center;\"><a href=\"https:\/\/luxonomy.university\/course\/master-turismo-de-lujo\" target=\"_blank\" aria-label=\"master-turismo-lujo-2026-2027\"><img loading=\"lazy\" decoding=\"async\" src=\"https:\/\/i0.wp.com\/luxonomy.net\/wp-content\/uploads\/2020\/07\/master-turismo-lujo-2026-2027.jpg?fit=1672%2C941&#038;ssl=1\" alt=\"\"  srcset=\"https:\/\/i0.wp.com\/luxonomy.net\/wp-content\/uploads\/2020\/07\/master-turismo-lujo-2026-2027.jpg?w=1672&ssl=1 1672w, https:\/\/i0.wp.com\/luxonomy.net\/wp-content\/uploads\/2020\/07\/master-turismo-lujo-2026-2027.jpg?resize=300%2C169&ssl=1 300w, https:\/\/i0.wp.com\/luxonomy.net\/wp-content\/uploads\/2020\/07\/master-turismo-lujo-2026-2027.jpg?resize=1024%2C576&ssl=1 1024w, https:\/\/i0.wp.com\/luxonomy.net\/wp-content\/uploads\/2020\/07\/master-turismo-lujo-2026-2027.jpg?resize=768%2C432&ssl=1 768w, https:\/\/i0.wp.com\/luxonomy.net\/wp-content\/uploads\/2020\/07\/master-turismo-lujo-2026-2027.jpg?resize=1536%2C864&ssl=1 1536w, https:\/\/i0.wp.com\/luxonomy.net\/wp-content\/uploads\/2020\/07\/master-turismo-lujo-2026-2027.jpg?resize=370%2C208&ssl=1 370w, https:\/\/i0.wp.com\/luxonomy.net\/wp-content\/uploads\/2020\/07\/master-turismo-lujo-2026-2027.jpg?resize=800%2C450&ssl=1 800w, https:\/\/i0.wp.com\/luxonomy.net\/wp-content\/uploads\/2020\/07\/master-turismo-lujo-2026-2027.jpg?resize=20%2C11&ssl=1 20w, https:\/\/i0.wp.com\/luxonomy.net\/wp-content\/uploads\/2020\/07\/master-turismo-lujo-2026-2027.jpg?resize=740%2C416&ssl=1 740w, https:\/\/i0.wp.com\/luxonomy.net\/wp-content\/uploads\/2020\/07\/master-turismo-lujo-2026-2027.jpg?resize=1600%2C900&ssl=1 1600w, https:\/\/i0.wp.com\/luxonomy.net\/wp-content\/uploads\/2020\/07\/master-turismo-lujo-2026-2027.jpg?resize=1200%2C675&ssl=1 1200w, https:\/\/i0.wp.com\/luxonomy.net\/wp-content\/uploads\/2020\/07\/master-turismo-lujo-2026-2027.jpg?resize=85%2C48&ssl=1 85w\" sizes=\"(max-width: 1170px) 100vw, 1170px\" class=\"no-lazyload\" width=\"1672\" height=\"941\"   \/><\/a><\/div>\n[perfectpullquote align=&#8221;full&#8221; bordertop=&#8221;false&#8221; cite=&#8221;&#8221; link=&#8221;&#8221; color=&#8221;&#8221; class=&#8221;&#8221; size=&#8221;&#8221;]&#8221;Todo lo que hago es por la versi\u00f3n de m\u00ed mismo de 17 a\u00f1os&#8221;, dec\u00eda a menudo, seg\u00fan lo transmitido por una publicaci\u00f3n de Instagram que anunciaba su fallecimiento en su cuenta.[\/perfectpullquote]\n","protected":false},"excerpt":{"rendered":"<p>En memoria de Virgil Abloh, Louis Vuitton rinde ma\u00f1ana homenaje a la vida y el legado de un genio creativo con la presentaci\u00f3n de su colecci\u00f3n Primavera-Verano 2022. La firma mostrar\u00e1 la \u00faltima colecci\u00f3n elaborada por Virgil Abloh, transformando el evento planeado en un homenaje al dise\u00f1ador que falleci\u00f3 repentinamente ayer domingo. Abloh, hijo nacido&hellip;<\/p>\n","protected":false},"author":14,"featured_media":19179,"comment_status":"open","ping_status":"open","sticky":false,"template":"","format":"standard","meta":{"_jetpack_newsletter_access":"","_jetpack_dont_email_post_to_subs":false,"_jetpack_newsletter_tier_id":0,"_jetpack_memberships_contains_paywalled_content":false,"_jetpack_feature_clip_id":0,"_jetpack_memberships_contains_paid_content":false,"footnotes":"","jetpack_publicize_message":"Louis Vuitton homenajear\u00e1 a Virgil Abloh en Miami ma\u00f1ana martes.\r\n\r\nEn memoria de Virgil Abloh, Louis Vuitton rinde ma\u00f1ana homenaje a la vida y el legado de un genio creativo con la presentaci\u00f3n de su colecci\u00f3n Primavera-Verano 2022. La firma mostrar\u00e1 la \u00faltima colecci\u00f3n elaborada por Virgil Abloh, transformando el evento planeado en un homenaje al dise\u00f1ador que falleci\u00f3 repentinamente ayer domingo.\r\n\r\n#luxonomy #virgilabloh #louisvuitton #miami","jetpack_publicize_feature_enabled":true,"jetpack_social_post_already_shared":true,"jetpack_social_options":{"image_generator_settings":{"template":"edge","default_image_id":0,"font":"","enabled":false},"version":2},"jetpack_post_was_ever_published":false},"categories":[284,320,321,505],"tags":[660,578,1060],"thb-sponsors":[],"class_list":["post-19178","post","type-post","status-publish","format-standard","has-post-thumbnail","hentry","category-america","category-estados-unidos","category-florida","category-sin-categorizar","tag-louis-vuitton","tag-miami","tag-virgil-abloh"],"yoast_head":"<!-- This site is optimized with the Yoast SEO plugin v28.4 - https:\/\/yoast.com\/product\/yoast-seo-wordpress\/ -->\n<title>Louis Vuitton homenajear\u00e1 a Virgil Abloh en Miami ma\u00f1ana martes | LUXONOMY<\/title>\n<meta name=\"robots\" content=\"index, follow, max-snippet:-1, max-image-preview:large, max-video-preview:-1\" \/>\n<link rel=\"canonical\" href=\"https:\/\/luxonomy.net\/es\/louis-vuitton-homenajeara-a-virgil-abloh-en-miami-manana-martes\/\" \/>\n<meta property=\"og:locale\" content=\"es_ES\" \/>\n<meta property=\"og:type\" content=\"article\" \/>\n<meta property=\"og:title\" content=\"Louis Vuitton homenajear\u00e1 a Virgil Abloh en Miami ma\u00f1ana martes | LUXONOMY\" \/>\n<meta property=\"og:description\" content=\"En memoria de Virgil Abloh, Louis Vuitton rinde ma\u00f1ana homenaje a la vida y el legado de un genio creativo con la presentaci\u00f3n de su colecci\u00f3n Primavera-Verano 2022. La firma mostrar\u00e1 la \u00faltima colecci\u00f3n elaborada por Virgil Abloh, transformando el evento planeado en un homenaje al dise\u00f1ador que falleci\u00f3 repentinamente ayer domingo. Abloh, hijo nacido&hellip;\" \/>\n<meta property=\"og:url\" content=\"https:\/\/luxonomy.net\/es\/louis-vuitton-homenajeara-a-virgil-abloh-en-miami-manana-martes\/\" \/>\n<meta property=\"og:site_name\" content=\"LUXONOMY\" \/>\n<meta property=\"article:publisher\" content=\"https:\/\/www.facebook.com\/luxonomy\" \/>\n<meta property=\"article:published_time\" content=\"2021-11-29T14:33:30+00:00\" \/>\n<meta property=\"og:image\" content=\"https:\/\/i0.wp.com\/luxonomy.net\/wp-content\/uploads\/2021\/11\/Virgil-Abloh.jpg?fit=768%2C503&quality=89&ssl=1\" \/>\n\t<meta property=\"og:image:width\" content=\"768\" \/>\n\t<meta property=\"og:image:height\" content=\"503\" \/>\n\t<meta property=\"og:image:type\" content=\"image\/jpeg\" \/>\n<meta name=\"author\" content=\"Pablo Rodriguez de Aguilar\" \/>\n<meta name=\"twitter:card\" content=\"summary_large_image\" \/>\n<meta name=\"twitter:label1\" content=\"Escrito por\" \/>\n\t<meta name=\"twitter:data1\" content=\"Pablo Rodriguez de Aguilar\" \/>\n\t<meta name=\"twitter:label2\" content=\"Tiempo de lectura\" \/>\n\t<meta name=\"twitter:data2\" content=\"1 minuto\" \/>\n<script type=\"application\/ld+json\" class=\"yoast-schema-graph\">{\"@context\":\"https:\\\/\\\/schema.org\",\"@graph\":[{\"@type\":\"Article\",\"@id\":\"https:\\\/\\\/luxonomy.net\\\/es\\\/louis-vuitton-homenajeara-a-virgil-abloh-en-miami-manana-martes\\\/#article\",\"isPartOf\":{\"@id\":\"https:\\\/\\\/luxonomy.net\\\/es\\\/louis-vuitton-homenajeara-a-virgil-abloh-en-miami-manana-martes\\\/\"},\"author\":{\"name\":\"Pablo Rodriguez de Aguilar\",\"@id\":\"https:\\\/\\\/luxonomy.net\\\/es\\\/#\\\/schema\\\/person\\\/fc021969ca4a106d7ea9a64800b05fa7\"},\"headline\":\"Louis Vuitton homenajear\u00e1 a Virgil Abloh en Miami ma\u00f1ana martes\",\"datePublished\":\"2021-11-29T14:33:30+00:00\",\"mainEntityOfPage\":{\"@id\":\"https:\\\/\\\/luxonomy.net\\\/es\\\/louis-vuitton-homenajeara-a-virgil-abloh-en-miami-manana-martes\\\/\"},\"wordCount\":220,\"commentCount\":0,\"publisher\":{\"@id\":\"https:\\\/\\\/luxonomy.net\\\/es\\\/#organization\"},\"image\":{\"@id\":\"https:\\\/\\\/luxonomy.net\\\/es\\\/louis-vuitton-homenajeara-a-virgil-abloh-en-miami-manana-martes\\\/#primaryimage\"},\"thumbnailUrl\":\"https:\\\/\\\/i0.wp.com\\\/luxonomy.net\\\/wp-content\\\/uploads\\\/2021\\\/11\\\/Virgil-Abloh.jpg?fit=768%2C503&ssl=1\",\"keywords\":[\"Louis Vuitton\",\"Miami\",\"Virgil Abloh\"],\"articleSection\":[\"Am\u00e9rica\",\"Estados Unidos\",\"Florida\",\"Sin categorizar\"],\"inLanguage\":\"es\",\"potentialAction\":[{\"@type\":\"CommentAction\",\"name\":\"Comment\",\"target\":[\"https:\\\/\\\/luxonomy.net\\\/es\\\/louis-vuitton-homenajeara-a-virgil-abloh-en-miami-manana-martes\\\/#respond\"]}]},{\"@type\":\"WebPage\",\"@id\":\"https:\\\/\\\/luxonomy.net\\\/es\\\/louis-vuitton-homenajeara-a-virgil-abloh-en-miami-manana-martes\\\/\",\"url\":\"https:\\\/\\\/luxonomy.net\\\/es\\\/louis-vuitton-homenajeara-a-virgil-abloh-en-miami-manana-martes\\\/\",\"name\":\"Louis Vuitton homenajear\u00e1 a Virgil Abloh en Miami ma\u00f1ana martes | LUXONOMY\",\"isPartOf\":{\"@id\":\"https:\\\/\\\/luxonomy.net\\\/es\\\/#website\"},\"primaryImageOfPage\":{\"@id\":\"https:\\\/\\\/luxonomy.net\\\/es\\\/louis-vuitton-homenajeara-a-virgil-abloh-en-miami-manana-martes\\\/#primaryimage\"},\"image\":{\"@id\":\"https:\\\/\\\/luxonomy.net\\\/es\\\/louis-vuitton-homenajeara-a-virgil-abloh-en-miami-manana-martes\\\/#primaryimage\"},\"thumbnailUrl\":\"https:\\\/\\\/i0.wp.com\\\/luxonomy.net\\\/wp-content\\\/uploads\\\/2021\\\/11\\\/Virgil-Abloh.jpg?fit=768%2C503&ssl=1\",\"datePublished\":\"2021-11-29T14:33:30+00:00\",\"breadcrumb\":{\"@id\":\"https:\\\/\\\/luxonomy.net\\\/es\\\/louis-vuitton-homenajeara-a-virgil-abloh-en-miami-manana-martes\\\/#breadcrumb\"},\"inLanguage\":\"es\",\"potentialAction\":[{\"@type\":\"ReadAction\",\"target\":[\"https:\\\/\\\/luxonomy.net\\\/es\\\/louis-vuitton-homenajeara-a-virgil-abloh-en-miami-manana-martes\\\/\"]}]},{\"@type\":\"ImageObject\",\"inLanguage\":\"es\",\"@id\":\"https:\\\/\\\/luxonomy.net\\\/es\\\/louis-vuitton-homenajeara-a-virgil-abloh-en-miami-manana-martes\\\/#primaryimage\",\"url\":\"https:\\\/\\\/i0.wp.com\\\/luxonomy.net\\\/wp-content\\\/uploads\\\/2021\\\/11\\\/Virgil-Abloh.jpg?fit=768%2C503&ssl=1\",\"contentUrl\":\"https:\\\/\\\/i0.wp.com\\\/luxonomy.net\\\/wp-content\\\/uploads\\\/2021\\\/11\\\/Virgil-Abloh.jpg?fit=768%2C503&ssl=1\",\"width\":768,\"height\":503},{\"@type\":\"BreadcrumbList\",\"@id\":\"https:\\\/\\\/luxonomy.net\\\/es\\\/louis-vuitton-homenajeara-a-virgil-abloh-en-miami-manana-martes\\\/#breadcrumb\",\"itemListElement\":[{\"@type\":\"ListItem\",\"position\":1,\"name\":\"Portada\",\"item\":\"https:\\\/\\\/luxonomy.net\\\/es\\\/\"},{\"@type\":\"ListItem\",\"position\":2,\"name\":\"Louis Vuitton homenajear\u00e1 a Virgil Abloh en Miami ma\u00f1ana martes\"}]},{\"@type\":\"WebSite\",\"@id\":\"https:\\\/\\\/luxonomy.net\\\/es\\\/#website\",\"url\":\"https:\\\/\\\/luxonomy.net\\\/es\\\/\",\"name\":\"LUXONOMY\",\"description\":\"The Economy of Fashion &amp; Luxury\",\"publisher\":{\"@id\":\"https:\\\/\\\/luxonomy.net\\\/es\\\/#organization\"},\"potentialAction\":[{\"@type\":\"SearchAction\",\"target\":{\"@type\":\"EntryPoint\",\"urlTemplate\":\"https:\\\/\\\/luxonomy.net\\\/es\\\/?s={search_term_string}\"},\"query-input\":{\"@type\":\"PropertyValueSpecification\",\"valueRequired\":true,\"valueName\":\"search_term_string\"}}],\"inLanguage\":\"es\"},{\"@type\":\"Organization\",\"@id\":\"https:\\\/\\\/luxonomy.net\\\/es\\\/#organization\",\"name\":\"LUXONOMY\",\"url\":\"https:\\\/\\\/luxonomy.net\\\/es\\\/\",\"logo\":{\"@type\":\"ImageObject\",\"inLanguage\":\"es\",\"@id\":\"https:\\\/\\\/luxonomy.net\\\/es\\\/#\\\/schema\\\/logo\\\/image\\\/\",\"url\":\"https:\\\/\\\/i2.wp.com\\\/luxonomy.net\\\/wp-content\\\/uploads\\\/2021\\\/09\\\/MOCKUP-TODOS-LUXONOMY.jpg?fit=1000%2C515&ssl=1\",\"contentUrl\":\"https:\\\/\\\/i2.wp.com\\\/luxonomy.net\\\/wp-content\\\/uploads\\\/2021\\\/09\\\/MOCKUP-TODOS-LUXONOMY.jpg?fit=1000%2C515&ssl=1\",\"width\":1000,\"height\":515,\"caption\":\"LUXONOMY\"},\"image\":{\"@id\":\"https:\\\/\\\/luxonomy.net\\\/es\\\/#\\\/schema\\\/logo\\\/image\\\/\"},\"sameAs\":[\"https:\\\/\\\/www.facebook.com\\\/luxonomy\",\"https:\\\/\\\/www.instagram.com\\\/luxonomy\\\/\",\"https:\\\/\\\/www.linkedin.com\\\/company\\\/luxonomy\\\/\"]},{\"@type\":\"Person\",\"@id\":\"https:\\\/\\\/luxonomy.net\\\/es\\\/#\\\/schema\\\/person\\\/fc021969ca4a106d7ea9a64800b05fa7\",\"name\":\"Pablo Rodriguez de Aguilar\",\"image\":{\"@type\":\"ImageObject\",\"inLanguage\":\"es\",\"@id\":\"https:\\\/\\\/luxonomy.net\\\/wp-content\\\/litespeed\\\/avatar\\\/d4cf5f3956bcabe0ce8ae95e4c6604f9.jpg?ver=1788140676\",\"url\":\"https:\\\/\\\/luxonomy.net\\\/wp-content\\\/litespeed\\\/avatar\\\/d4cf5f3956bcabe0ce8ae95e4c6604f9.jpg?ver=1788140676\",\"contentUrl\":\"https:\\\/\\\/luxonomy.net\\\/wp-content\\\/litespeed\\\/avatar\\\/d4cf5f3956bcabe0ce8ae95e4c6604f9.jpg?ver=1788140676\",\"caption\":\"Pablo Rodriguez de Aguilar\"},\"description\":\"Regional Sales Manager at LUXONOMY\u2122 Group America\",\"sameAs\":[\"mailto:info@salondellujo.com\"],\"url\":\"https:\\\/\\\/luxonomy.net\\\/es\\\/author\\\/pablo-rodriguez-de-aguilar\\\/\"}]}<\/script>\n<!-- \/ Yoast SEO plugin. -->","yoast_head_json":{"title":"Louis Vuitton homenajear\u00e1 a Virgil Abloh en Miami ma\u00f1ana martes | LUXONOMY","robots":{"index":"index","follow":"follow","max-snippet":"max-snippet:-1","max-image-preview":"max-image-preview:large","max-video-preview":"max-video-preview:-1"},"canonical":"https:\/\/luxonomy.net\/es\/louis-vuitton-homenajeara-a-virgil-abloh-en-miami-manana-martes\/","og_locale":"es_ES","og_type":"article","og_title":"Louis Vuitton homenajear\u00e1 a Virgil Abloh en Miami ma\u00f1ana martes | LUXONOMY","og_description":"En memoria de Virgil Abloh, Louis Vuitton rinde ma\u00f1ana homenaje a la vida y el legado de un genio creativo con la presentaci\u00f3n de su colecci\u00f3n Primavera-Verano 2022. La firma mostrar\u00e1 la \u00faltima colecci\u00f3n elaborada por Virgil Abloh, transformando el evento planeado en un homenaje al dise\u00f1ador que falleci\u00f3 repentinamente ayer domingo. Abloh, hijo nacido&hellip;","og_url":"https:\/\/luxonomy.net\/es\/louis-vuitton-homenajeara-a-virgil-abloh-en-miami-manana-martes\/","og_site_name":"LUXONOMY","article_publisher":"https:\/\/www.facebook.com\/luxonomy","article_published_time":"2021-11-29T14:33:30+00:00","og_image":[{"width":768,"height":503,"url":"https:\/\/i0.wp.com\/luxonomy.net\/wp-content\/uploads\/2021\/11\/Virgil-Abloh.jpg?fit=768%2C503&quality=89&ssl=1","type":"image\/jpeg"}],"author":"Pablo Rodriguez de Aguilar","twitter_card":"summary_large_image","twitter_misc":{"Escrito por":"Pablo Rodriguez de Aguilar","Tiempo de lectura":"1 minuto"},"schema":{"@context":"https:\/\/schema.org","@graph":[{"@type":"Article","@id":"https:\/\/luxonomy.net\/es\/louis-vuitton-homenajeara-a-virgil-abloh-en-miami-manana-martes\/#article","isPartOf":{"@id":"https:\/\/luxonomy.net\/es\/louis-vuitton-homenajeara-a-virgil-abloh-en-miami-manana-martes\/"},"author":{"name":"Pablo Rodriguez de Aguilar","@id":"https:\/\/luxonomy.net\/es\/#\/schema\/person\/fc021969ca4a106d7ea9a64800b05fa7"},"headline":"Louis Vuitton homenajear\u00e1 a Virgil Abloh en Miami ma\u00f1ana martes","datePublished":"2021-11-29T14:33:30+00:00","mainEntityOfPage":{"@id":"https:\/\/luxonomy.net\/es\/louis-vuitton-homenajeara-a-virgil-abloh-en-miami-manana-martes\/"},"wordCount":220,"commentCount":0,"publisher":{"@id":"https:\/\/luxonomy.net\/es\/#organization"},"image":{"@id":"https:\/\/luxonomy.net\/es\/louis-vuitton-homenajeara-a-virgil-abloh-en-miami-manana-martes\/#primaryimage"},"thumbnailUrl":"https:\/\/i0.wp.com\/luxonomy.net\/wp-content\/uploads\/2021\/11\/Virgil-Abloh.jpg?fit=768%2C503&ssl=1","keywords":["Louis Vuitton","Miami","Virgil Abloh"],"articleSection":["Am\u00e9rica","Estados Unidos","Florida","Sin categorizar"],"inLanguage":"es","potentialAction":[{"@type":"CommentAction","name":"Comment","target":["https:\/\/luxonomy.net\/es\/louis-vuitton-homenajeara-a-virgil-abloh-en-miami-manana-martes\/#respond"]}]},{"@type":"WebPage","@id":"https:\/\/luxonomy.net\/es\/louis-vuitton-homenajeara-a-virgil-abloh-en-miami-manana-martes\/","url":"https:\/\/luxonomy.net\/es\/louis-vuitton-homenajeara-a-virgil-abloh-en-miami-manana-martes\/","name":"Louis Vuitton homenajear\u00e1 a Virgil Abloh en Miami ma\u00f1ana martes | LUXONOMY","isPartOf":{"@id":"https:\/\/luxonomy.net\/es\/#website"},"primaryImageOfPage":{"@id":"https:\/\/luxonomy.net\/es\/louis-vuitton-homenajeara-a-virgil-abloh-en-miami-manana-martes\/#primaryimage"},"image":{"@id":"https:\/\/luxonomy.net\/es\/louis-vuitton-homenajeara-a-virgil-abloh-en-miami-manana-martes\/#primaryimage"},"thumbnailUrl":"https:\/\/i0.wp.com\/luxonomy.net\/wp-content\/uploads\/2021\/11\/Virgil-Abloh.jpg?fit=768%2C503&ssl=1","datePublished":"2021-11-29T14:33:30+00:00","breadcrumb":{"@id":"https:\/\/luxonomy.net\/es\/louis-vuitton-homenajeara-a-virgil-abloh-en-miami-manana-martes\/#breadcrumb"},"inLanguage":"es","potentialAction":[{"@type":"ReadAction","target":["https:\/\/luxonomy.net\/es\/louis-vuitton-homenajeara-a-virgil-abloh-en-miami-manana-martes\/"]}]},{"@type":"ImageObject","inLanguage":"es","@id":"https:\/\/luxonomy.net\/es\/louis-vuitton-homenajeara-a-virgil-abloh-en-miami-manana-martes\/#primaryimage","url":"https:\/\/i0.wp.com\/luxonomy.net\/wp-content\/uploads\/2021\/11\/Virgil-Abloh.jpg?fit=768%2C503&ssl=1","contentUrl":"https:\/\/i0.wp.com\/luxonomy.net\/wp-content\/uploads\/2021\/11\/Virgil-Abloh.jpg?fit=768%2C503&ssl=1","width":768,"height":503},{"@type":"BreadcrumbList","@id":"https:\/\/luxonomy.net\/es\/louis-vuitton-homenajeara-a-virgil-abloh-en-miami-manana-martes\/#breadcrumb","itemListElement":[{"@type":"ListItem","position":1,"name":"Portada","item":"https:\/\/luxonomy.net\/es\/"},{"@type":"ListItem","position":2,"name":"Louis Vuitton homenajear\u00e1 a Virgil Abloh en Miami ma\u00f1ana martes"}]},{"@type":"WebSite","@id":"https:\/\/luxonomy.net\/es\/#website","url":"https:\/\/luxonomy.net\/es\/","name":"LUXONOMY","description":"The Economy of Fashion &amp; Luxury","publisher":{"@id":"https:\/\/luxonomy.net\/es\/#organization"},"potentialAction":[{"@type":"SearchAction","target":{"@type":"EntryPoint","urlTemplate":"https:\/\/luxonomy.net\/es\/?s={search_term_string}"},"query-input":{"@type":"PropertyValueSpecification","valueRequired":true,"valueName":"search_term_string"}}],"inLanguage":"es"},{"@type":"Organization","@id":"https:\/\/luxonomy.net\/es\/#organization","name":"LUXONOMY","url":"https:\/\/luxonomy.net\/es\/","logo":{"@type":"ImageObject","inLanguage":"es","@id":"https:\/\/luxonomy.net\/es\/#\/schema\/logo\/image\/","url":"https:\/\/i2.wp.com\/luxonomy.net\/wp-content\/uploads\/2021\/09\/MOCKUP-TODOS-LUXONOMY.jpg?fit=1000%2C515&ssl=1","contentUrl":"https:\/\/i2.wp.com\/luxonomy.net\/wp-content\/uploads\/2021\/09\/MOCKUP-TODOS-LUXONOMY.jpg?fit=1000%2C515&ssl=1","width":1000,"height":515,"caption":"LUXONOMY"},"image":{"@id":"https:\/\/luxonomy.net\/es\/#\/schema\/logo\/image\/"},"sameAs":["https:\/\/www.facebook.com\/luxonomy","https:\/\/www.instagram.com\/luxonomy\/","https:\/\/www.linkedin.com\/company\/luxonomy\/"]},{"@type":"Person","@id":"https:\/\/luxonomy.net\/es\/#\/schema\/person\/fc021969ca4a106d7ea9a64800b05fa7","name":"Pablo Rodriguez de Aguilar","image":{"@type":"ImageObject","inLanguage":"es","@id":"https:\/\/luxonomy.net\/wp-content\/litespeed\/avatar\/d4cf5f3956bcabe0ce8ae95e4c6604f9.jpg?ver=1788140676","url":"https:\/\/luxonomy.net\/wp-content\/litespeed\/avatar\/d4cf5f3956bcabe0ce8ae95e4c6604f9.jpg?ver=1788140676","contentUrl":"https:\/\/luxonomy.net\/wp-content\/litespeed\/avatar\/d4cf5f3956bcabe0ce8ae95e4c6604f9.jpg?ver=1788140676","caption":"Pablo Rodriguez de Aguilar"},"description":"Regional Sales Manager at LUXONOMY\u2122 Group America","sameAs":["mailto:info@salondellujo.com"],"url":"https:\/\/luxonomy.net\/es\/author\/pablo-rodriguez-de-aguilar\/"}]}},"jetpack_publicize_connections":[],"jetpack_shortlink":"https:\/\/wp.me\/paPhBa-4Zk","jetpack_sharing_enabled":true,"jetpack_featured_media_url":"https:\/\/i0.wp.com\/luxonomy.net\/wp-content\/uploads\/2021\/11\/Virgil-Abloh.jpg?fit=768%2C503&ssl=1","_links":{"self":[{"href":"https:\/\/luxonomy.net\/es\/wp-json\/wp\/v2\/posts\/19178","targetHints":{"allow":["GET"]}}],"collection":[{"href":"https:\/\/luxonomy.net\/es\/wp-json\/wp\/v2\/posts"}],"about":[{"href":"https:\/\/luxonomy.net\/es\/wp-json\/wp\/v2\/types\/post"}],"author":[{"embeddable":true,"href":"https:\/\/luxonomy.net\/es\/wp-json\/wp\/v2\/users\/14"}],"replies":[{"embeddable":true,"href":"https:\/\/luxonomy.net\/es\/wp-json\/wp\/v2\/comments?post=19178"}],"version-history":[{"count":1,"href":"https:\/\/luxonomy.net\/es\/wp-json\/wp\/v2\/posts\/19178\/revisions"}],"predecessor-version":[{"id":19180,"href":"https:\/\/luxonomy.net\/es\/wp-json\/wp\/v2\/posts\/19178\/revisions\/19180"}],"wp:featuredmedia":[{"embeddable":true,"href":"https:\/\/luxonomy.net\/es\/wp-json\/wp\/v2\/media\/19179"}],"wp:attachment":[{"href":"https:\/\/luxonomy.net\/es\/wp-json\/wp\/v2\/media?parent=19178"}],"wp:term":[{"taxonomy":"category","embeddable":true,"href":"https:\/\/luxonomy.net\/es\/wp-json\/wp\/v2\/categories?post=19178"},{"taxonomy":"post_tag","embeddable":true,"href":"https:\/\/luxonomy.net\/es\/wp-json\/wp\/v2\/tags?post=19178"},{"taxonomy":"thb-sponsors","embeddable":true,"href":"https:\/\/luxonomy.net\/es\/wp-json\/wp\/v2\/thb-sponsors?post=19178"}],"curies":[{"name":"wp","href":"https:\/\/api.w.org\/{rel}","templated":true}]}}