{"id":19130,"date":"2021-11-28T16:29:21","date_gmt":"2021-11-28T15:29:21","guid":{"rendered":"https:\/?p=19130"},"modified":"2021-11-28T16:29:21","modified_gmt":"2021-11-28T15:29:21","slug":"el-consumo-de-lujo-aumentara-un-29-este-proximo-ano-2022","status":"publish","type":"post","link":"https:\/\/luxonomy.net\/es\/el-consumo-de-lujo-aumentara-un-29-este-proximo-ano-2022\/","title":{"rendered":"El consumo de lujo aumentar\u00e1 un 29% este pr\u00f3ximo a\u00f1o 2022"},"content":{"rendered":"<p>El <strong>mercado de lujo personal de accesorios de alta gama, art\u00edculos de cuero y ropa<\/strong> ha vuelto a niveles previos a la pandemia, y los compradores <strong>estadounidenses<\/strong> <strong>ha superado a los de China<\/strong> en la b\u00fasqueda de las \u00faltimas tendencias de moda, seg\u00fan un estudio publicado por la consultora <strong>Bain<\/strong>.<\/p>\n<p>Se pronostica que el gasto del consumidor global en art\u00edculos de lujo personales, incluida la \u00faltima tendencia de zapatillas o colaboraci\u00f3n de dise\u00f1o, <strong>aumentar\u00e1 un 29% este a\u00f1o 2022, a 283 mil millones de euros<\/strong> ($ 325 mil millones). Eso es un regreso a los niveles de 2019 y un cambio de rumbo de la penumbra de los cierres pand\u00e9micos de 2020 que cerraron las tiendas y detuvieron los viajes internacionales. Se espera que la recuperaci\u00f3n sea respaldada por una fuerte temporada de compras navide\u00f1as.<\/p>\n<p>Y aunque la <strong>tasa de crecimiento en China se ha ralentizado desde mediados de agosto,<\/strong> siguen siendo muy fuertes y ha habido una fuerte <strong>recuperaci\u00f3n en forma de V para los bienes personales<\/strong>.<\/p><div id=\"luxon-1883273236\" class=\"luxon-3er-parrafo luxon-entity-placement\" style=\"margin-top: 20px;margin-bottom: 20px;margin-left: auto;margin-right: auto;text-align: center;\"><a href=\"https:\/\/luxonomy.university\/course\/master-turismo-de-lujo\" target=\"_blank\" aria-label=\"master-turismo-lujo-2026-2027\"><img loading=\"lazy\" decoding=\"async\" src=\"https:\/\/i0.wp.com\/luxonomy.net\/wp-content\/uploads\/2020\/07\/master-turismo-lujo-2026-2027.jpg?fit=1672%2C941&#038;ssl=1\" alt=\"\"  srcset=\"https:\/\/i0.wp.com\/luxonomy.net\/wp-content\/uploads\/2020\/07\/master-turismo-lujo-2026-2027.jpg?w=1672&ssl=1 1672w, https:\/\/i0.wp.com\/luxonomy.net\/wp-content\/uploads\/2020\/07\/master-turismo-lujo-2026-2027.jpg?resize=300%2C169&ssl=1 300w, https:\/\/i0.wp.com\/luxonomy.net\/wp-content\/uploads\/2020\/07\/master-turismo-lujo-2026-2027.jpg?resize=1024%2C576&ssl=1 1024w, https:\/\/i0.wp.com\/luxonomy.net\/wp-content\/uploads\/2020\/07\/master-turismo-lujo-2026-2027.jpg?resize=768%2C432&ssl=1 768w, https:\/\/i0.wp.com\/luxonomy.net\/wp-content\/uploads\/2020\/07\/master-turismo-lujo-2026-2027.jpg?resize=1536%2C864&ssl=1 1536w, https:\/\/i0.wp.com\/luxonomy.net\/wp-content\/uploads\/2020\/07\/master-turismo-lujo-2026-2027.jpg?resize=370%2C208&ssl=1 370w, https:\/\/i0.wp.com\/luxonomy.net\/wp-content\/uploads\/2020\/07\/master-turismo-lujo-2026-2027.jpg?resize=800%2C450&ssl=1 800w, https:\/\/i0.wp.com\/luxonomy.net\/wp-content\/uploads\/2020\/07\/master-turismo-lujo-2026-2027.jpg?resize=20%2C11&ssl=1 20w, https:\/\/i0.wp.com\/luxonomy.net\/wp-content\/uploads\/2020\/07\/master-turismo-lujo-2026-2027.jpg?resize=740%2C416&ssl=1 740w, https:\/\/i0.wp.com\/luxonomy.net\/wp-content\/uploads\/2020\/07\/master-turismo-lujo-2026-2027.jpg?resize=1600%2C900&ssl=1 1600w, https:\/\/i0.wp.com\/luxonomy.net\/wp-content\/uploads\/2020\/07\/master-turismo-lujo-2026-2027.jpg?resize=1200%2C675&ssl=1 1200w, https:\/\/i0.wp.com\/luxonomy.net\/wp-content\/uploads\/2020\/07\/master-turismo-lujo-2026-2027.jpg?resize=85%2C48&ssl=1 85w\" sizes=\"(max-width: 1170px) 100vw, 1170px\" class=\"no-lazyload\" width=\"1672\" height=\"941\"   \/><\/a><\/div>\n<p>El mercado mundial de lujo m\u00e1s grande, que se extiende a <strong>viajes, cenas, bellas artes y muebles de alta gama<\/strong>, contin\u00faa <strong>rezagado<\/strong> en los niveles de 2019.<\/p>\n<p>Los consumidores han cambiado el gasto a <strong>muebles de alta calidad<\/strong>, ya que muchos han estado pasando tiempo en casa en lugar de viajar por el mundo, mientras que las restricciones de viaje han sido especialmente duras en hoteles de lujo, restaurantes finos y cruceros, todos los sectores que a\u00fan no se han recuperado por completo.<\/p>\n<p>Se espera que el <strong>lujo global alcance los 1,1 billones de euros (1,26 billones de d\u00f3lares) este a\u00f1o<\/strong>, aproximadamente un 10% por debajo de los niveles de 2019. El <strong>sector m\u00e1s afectado son los cruceros de lujo<\/strong>, con un gasto del 80% por debajo de los niveles previos a la pandemia y reducido incluso a partir de 2020.<\/p>\n<p>Con el turismo internacional a\u00fan obstaculizado, los consumidores han comenzado a <strong>captar sus nuevas tendencias de moda en casa<\/strong>, en lugar de impulsar las ventas libres de impuestos en el extranjero.<\/p><div id=\"luxon-3706064118\" class=\"luxon-7-parrafo luxon-entity-placement\" style=\"margin-top: 20px;margin-bottom: 20px;margin-left: auto;margin-right: auto;text-align: center;\"><a href=\"https:\/\/theintelligence.institute\/course\/inteligencia-artificial-para-directivos\" target=\"_blank\" aria-label=\"CSIAD_empresas_THEI_horizontal_4x3_v5\"><img loading=\"lazy\" decoding=\"async\" src=\"https:\/\/i0.wp.com\/luxonomy.net\/wp-content\/uploads\/2025\/08\/CSIAD_empresas_THEI_horizontal_4x3_v5.png?fit=2000%2C1500&#038;ssl=1\" alt=\"\"  srcset=\"https:\/\/i0.wp.com\/luxonomy.net\/wp-content\/uploads\/2025\/08\/CSIAD_empresas_THEI_horizontal_4x3_v5.png?w=2000&ssl=1 2000w, https:\/\/i0.wp.com\/luxonomy.net\/wp-content\/uploads\/2025\/08\/CSIAD_empresas_THEI_horizontal_4x3_v5.png?resize=300%2C225&ssl=1 300w, https:\/\/i0.wp.com\/luxonomy.net\/wp-content\/uploads\/2025\/08\/CSIAD_empresas_THEI_horizontal_4x3_v5.png?resize=1024%2C768&ssl=1 1024w, https:\/\/i0.wp.com\/luxonomy.net\/wp-content\/uploads\/2025\/08\/CSIAD_empresas_THEI_horizontal_4x3_v5.png?resize=768%2C576&ssl=1 768w, https:\/\/i0.wp.com\/luxonomy.net\/wp-content\/uploads\/2025\/08\/CSIAD_empresas_THEI_horizontal_4x3_v5.png?resize=1536%2C1152&ssl=1 1536w, https:\/\/i0.wp.com\/luxonomy.net\/wp-content\/uploads\/2025\/08\/CSIAD_empresas_THEI_horizontal_4x3_v5.png?resize=370%2C278&ssl=1 370w, https:\/\/i0.wp.com\/luxonomy.net\/wp-content\/uploads\/2025\/08\/CSIAD_empresas_THEI_horizontal_4x3_v5.png?resize=800%2C600&ssl=1 800w, https:\/\/i0.wp.com\/luxonomy.net\/wp-content\/uploads\/2025\/08\/CSIAD_empresas_THEI_horizontal_4x3_v5.png?resize=20%2C15&ssl=1 20w, https:\/\/i0.wp.com\/luxonomy.net\/wp-content\/uploads\/2025\/08\/CSIAD_empresas_THEI_horizontal_4x3_v5.png?resize=740%2C555&ssl=1 740w, https:\/\/i0.wp.com\/luxonomy.net\/wp-content\/uploads\/2025\/08\/CSIAD_empresas_THEI_horizontal_4x3_v5.png?resize=1600%2C1200&ssl=1 1600w, https:\/\/i0.wp.com\/luxonomy.net\/wp-content\/uploads\/2025\/08\/CSIAD_empresas_THEI_horizontal_4x3_v5.png?resize=1200%2C900&ssl=1 1200w, https:\/\/i0.wp.com\/luxonomy.net\/wp-content\/uploads\/2025\/08\/CSIAD_empresas_THEI_horizontal_4x3_v5.png?resize=64%2C48&ssl=1 64w\" sizes=\"(max-width: 1170px) 100vw, 1170px\" class=\"no-lazyload\" width=\"2000\" height=\"1500\"   \/><\/a><\/div>\n<p>Los consumidores <strong>estadounidenses<\/strong> <strong>han superado al menos temporalmente a los chinos como los que m\u00e1s gastan<\/strong>, representando <strong>un tercio de todas las ventas este a\u00f1o<\/strong>, en comparaci\u00f3n con alrededor del 23% de los compradores chinos, que estaban a la par con los europeos. Se espera que esa tendencia <strong>se invierta para 2025<\/strong>, con casi la <strong>mitad de todo el gasto de los consumidores chinos, poco m\u00e1s del 20% de los estadounidenses y el 18% de los europeos<\/strong>.<\/p>\n<p>El <strong>turismo<\/strong> <strong>se recuperar\u00e1 a fines del pr\u00f3ximo a\u00f1o hasta mediados de 2023<\/strong>, pero se espera que la pandemia haya establecido nuevos h\u00e1bitos, con compradores de lujo que <strong>gasten mucho en casa, no necesariamente en el extranjero<\/strong>.<\/p>\n[perfectpullquote align=&#8221;full&#8221; bordertop=&#8221;false&#8221; cite=&#8221;&#8221; link=&#8221;&#8221; color=&#8221;&#8221; class=&#8221;&#8221; size=&#8221;&#8221;]Se espera que los turistas regresen. No que sean tan relevantes como antes.[\/perfectpullquote]\n<p>La pandemia tambi\u00e9n ha <strong>acelerado el cambio a las compras online y reforzado el predominio de marcas m\u00e1s importantes en el mercado<\/strong>, al tiempo que fomenta el uso de colaboraciones y campa\u00f1as digitales para captar la atenci\u00f3n.<\/p>\n[perfectpullquote align=&#8221;full&#8221; bordertop=&#8221;false&#8221; cite=&#8221;&#8221; link=&#8221;&#8221; color=&#8221;&#8221; class=&#8221;&#8221; size=&#8221;&#8221;]La pandemia ha ampliado la brecha. Ahora vemos claros ganadores y perdedores. Las marcas m\u00e1s grandes tienen m\u00e1s m\u00fasculo.[\/perfectpullquote]\n<p>De esta manera, han aprovechado las conexiones entre conglomerados m\u00e1s grandes, como la <strong>uni\u00f3n de Gucci y Balenciaga<\/strong> entre las dos marcas propiedad del grupo franc\u00e9s <strong>Kering<\/strong>.<\/p>\n","protected":false},"excerpt":{"rendered":"<p>El mercado de lujo personal de accesorios de alta gama, art\u00edculos de cuero y ropa ha vuelto a niveles previos a la pandemia, y los compradores estadounidenses ha superado a los de China en la b\u00fasqueda de las \u00faltimas tendencias de moda, seg\u00fan un estudio publicado por la consultora Bain. Se pronostica que el gasto&hellip;<\/p>\n","protected":false},"author":19,"featured_media":19136,"comment_status":"open","ping_status":"open","sticky":false,"template":"","format":"standard","meta":{"_jetpack_newsletter_access":"","_jetpack_dont_email_post_to_subs":false,"_jetpack_newsletter_tier_id":0,"_jetpack_memberships_contains_paywalled_content":false,"_jetpack_feature_clip_id":0,"_jetpack_memberships_contains_paid_content":false,"footnotes":"","jetpack_publicize_message":"El consumo de lujo aumentar\u00e1 un 29% este pr\u00f3ximo a\u00f1o 2022.\r\n\r\nSe pronostica que el gasto del consumidor global en art\u00edculos de lujo personales, incluida la \u00faltima tendencia de zapatillas o colaboraci\u00f3n de dise\u00f1o, aumentar\u00e1 un 29% este a\u00f1o 2022, a 283 mil millones de euros ($ 325 mil millones).\r\n\r\nPor otra parte, los consumidores estadounidenses han superado al menos temporalmente a los chinos como los que m\u00e1s gastan, representando un tercio de todas las ventas este a\u00f1o, en comparaci\u00f3n con alrededor del 23% de los compradores chinos, que estaban a la par con los europeos. Se espera que esa tendencia se invierta para 2025, con casi la mitad de todo el gasto de los consumidores chinos, poco m\u00e1s del 20% de los estadounidenses y el 18% de los europeos.\r\n\r\n#luxonomy #economy #luxury #econom\u00eda #lujo","jetpack_publicize_feature_enabled":true,"jetpack_social_post_already_shared":true,"jetpack_social_options":{"image_generator_settings":{"template":"edge","default_image_id":0,"font":"","enabled":false},"version":2},"jetpack_post_was_ever_published":false},"categories":[1128],"tags":[552,773],"thb-sponsors":[],"class_list":["post-19130","post","type-post","status-publish","format-standard","has-post-thumbnail","hentry","category-economia","tag-economia","tag-informes"],"yoast_head":"<!-- This site is optimized with the Yoast SEO plugin v28.4 - https:\/\/yoast.com\/product\/yoast-seo-wordpress\/ -->\n<title>El consumo de lujo aumentar\u00e1 un 29% este pr\u00f3ximo a\u00f1o 2022 | LUXONOMY<\/title>\n<meta name=\"robots\" content=\"index, follow, max-snippet:-1, max-image-preview:large, max-video-preview:-1\" \/>\n<link rel=\"canonical\" href=\"https:\/\/luxonomy.net\/es\/el-consumo-de-lujo-aumentara-un-29-este-proximo-ano-2022\/\" \/>\n<meta property=\"og:locale\" content=\"es_ES\" \/>\n<meta property=\"og:type\" content=\"article\" \/>\n<meta property=\"og:title\" content=\"El consumo de lujo aumentar\u00e1 un 29% este pr\u00f3ximo a\u00f1o 2022 | LUXONOMY\" \/>\n<meta property=\"og:description\" content=\"El mercado de lujo personal de accesorios de alta gama, art\u00edculos de cuero y ropa ha vuelto a niveles previos a la pandemia, y los compradores estadounidenses ha superado a los de China en la b\u00fasqueda de las \u00faltimas tendencias de moda, seg\u00fan un estudio publicado por la consultora Bain. Se pronostica que el gasto&hellip;\" \/>\n<meta property=\"og:url\" content=\"https:\/\/luxonomy.net\/es\/el-consumo-de-lujo-aumentara-un-29-este-proximo-ano-2022\/\" \/>\n<meta property=\"og:site_name\" content=\"LUXONOMY\" \/>\n<meta property=\"article:publisher\" content=\"https:\/\/www.facebook.com\/luxonomy\" \/>\n<meta property=\"article:published_time\" content=\"2021-11-28T15:29:21+00:00\" \/>\n<meta property=\"og:image\" content=\"https:\/\/i0.wp.com\/luxonomy.net\/wp-content\/uploads\/2021\/11\/El-consumo-de-lujo-aumentara%CC%81-un-29-este-pro%CC%81ximo-an%CC%83o-2022.jpeg?fit=1200%2C675&quality=89&ssl=1\" \/>\n\t<meta property=\"og:image:width\" content=\"1200\" \/>\n\t<meta property=\"og:image:height\" content=\"675\" \/>\n\t<meta property=\"og:image:type\" content=\"image\/jpeg\" \/>\n<meta name=\"author\" content=\"Pablo Guti\u00e9rrez-Rav\u00e9 Villal\u00f3n\" \/>\n<meta name=\"twitter:card\" content=\"summary_large_image\" \/>\n<meta name=\"twitter:label1\" content=\"Escrito por\" \/>\n\t<meta name=\"twitter:data1\" content=\"Pablo Guti\u00e9rrez-Rav\u00e9 Villal\u00f3n\" \/>\n\t<meta name=\"twitter:label2\" content=\"Tiempo de lectura\" \/>\n\t<meta name=\"twitter:data2\" content=\"3 minutos\" \/>\n<script type=\"application\/ld+json\" class=\"yoast-schema-graph\">{\"@context\":\"https:\\\/\\\/schema.org\",\"@graph\":[{\"@type\":\"Article\",\"@id\":\"https:\\\/\\\/luxonomy.net\\\/es\\\/el-consumo-de-lujo-aumentara-un-29-este-proximo-ano-2022\\\/#article\",\"isPartOf\":{\"@id\":\"https:\\\/\\\/luxonomy.net\\\/es\\\/el-consumo-de-lujo-aumentara-un-29-este-proximo-ano-2022\\\/\"},\"author\":{\"name\":\"Pablo Guti\u00e9rrez-Rav\u00e9 Villal\u00f3n\",\"@id\":\"https:\\\/\\\/luxonomy.net\\\/es\\\/#\\\/schema\\\/person\\\/aca186356f30a813f61bbf19ba52c031\"},\"headline\":\"El consumo de lujo aumentar\u00e1 un 29% este pr\u00f3ximo a\u00f1o 2022\",\"datePublished\":\"2021-11-28T15:29:21+00:00\",\"mainEntityOfPage\":{\"@id\":\"https:\\\/\\\/luxonomy.net\\\/es\\\/el-consumo-de-lujo-aumentara-un-29-este-proximo-ano-2022\\\/\"},\"wordCount\":599,\"commentCount\":0,\"publisher\":{\"@id\":\"https:\\\/\\\/luxonomy.net\\\/es\\\/#organization\"},\"image\":{\"@id\":\"https:\\\/\\\/luxonomy.net\\\/es\\\/el-consumo-de-lujo-aumentara-un-29-este-proximo-ano-2022\\\/#primaryimage\"},\"thumbnailUrl\":\"https:\\\/\\\/i0.wp.com\\\/luxonomy.net\\\/wp-content\\\/uploads\\\/2021\\\/11\\\/El-consumo-de-lujo-aumentara%CC%81-un-29-este-pro%CC%81ximo-an%CC%83o-2022.jpeg?fit=1200%2C675&ssl=1\",\"keywords\":[\"econom\u00eda\",\"Informes\"],\"articleSection\":[\"Econom\u00eda\"],\"inLanguage\":\"es\",\"potentialAction\":[{\"@type\":\"CommentAction\",\"name\":\"Comment\",\"target\":[\"https:\\\/\\\/luxonomy.net\\\/es\\\/el-consumo-de-lujo-aumentara-un-29-este-proximo-ano-2022\\\/#respond\"]}]},{\"@type\":\"WebPage\",\"@id\":\"https:\\\/\\\/luxonomy.net\\\/es\\\/el-consumo-de-lujo-aumentara-un-29-este-proximo-ano-2022\\\/\",\"url\":\"https:\\\/\\\/luxonomy.net\\\/es\\\/el-consumo-de-lujo-aumentara-un-29-este-proximo-ano-2022\\\/\",\"name\":\"El consumo de lujo aumentar\u00e1 un 29% este pr\u00f3ximo a\u00f1o 2022 | LUXONOMY\",\"isPartOf\":{\"@id\":\"https:\\\/\\\/luxonomy.net\\\/es\\\/#website\"},\"primaryImageOfPage\":{\"@id\":\"https:\\\/\\\/luxonomy.net\\\/es\\\/el-consumo-de-lujo-aumentara-un-29-este-proximo-ano-2022\\\/#primaryimage\"},\"image\":{\"@id\":\"https:\\\/\\\/luxonomy.net\\\/es\\\/el-consumo-de-lujo-aumentara-un-29-este-proximo-ano-2022\\\/#primaryimage\"},\"thumbnailUrl\":\"https:\\\/\\\/i0.wp.com\\\/luxonomy.net\\\/wp-content\\\/uploads\\\/2021\\\/11\\\/El-consumo-de-lujo-aumentara%CC%81-un-29-este-pro%CC%81ximo-an%CC%83o-2022.jpeg?fit=1200%2C675&ssl=1\",\"datePublished\":\"2021-11-28T15:29:21+00:00\",\"breadcrumb\":{\"@id\":\"https:\\\/\\\/luxonomy.net\\\/es\\\/el-consumo-de-lujo-aumentara-un-29-este-proximo-ano-2022\\\/#breadcrumb\"},\"inLanguage\":\"es\",\"potentialAction\":[{\"@type\":\"ReadAction\",\"target\":[\"https:\\\/\\\/luxonomy.net\\\/es\\\/el-consumo-de-lujo-aumentara-un-29-este-proximo-ano-2022\\\/\"]}]},{\"@type\":\"ImageObject\",\"inLanguage\":\"es\",\"@id\":\"https:\\\/\\\/luxonomy.net\\\/es\\\/el-consumo-de-lujo-aumentara-un-29-este-proximo-ano-2022\\\/#primaryimage\",\"url\":\"https:\\\/\\\/i0.wp.com\\\/luxonomy.net\\\/wp-content\\\/uploads\\\/2021\\\/11\\\/El-consumo-de-lujo-aumentara%CC%81-un-29-este-pro%CC%81ximo-an%CC%83o-2022.jpeg?fit=1200%2C675&ssl=1\",\"contentUrl\":\"https:\\\/\\\/i0.wp.com\\\/luxonomy.net\\\/wp-content\\\/uploads\\\/2021\\\/11\\\/El-consumo-de-lujo-aumentara%CC%81-un-29-este-pro%CC%81ximo-an%CC%83o-2022.jpeg?fit=1200%2C675&ssl=1\",\"width\":1200,\"height\":675},{\"@type\":\"BreadcrumbList\",\"@id\":\"https:\\\/\\\/luxonomy.net\\\/es\\\/el-consumo-de-lujo-aumentara-un-29-este-proximo-ano-2022\\\/#breadcrumb\",\"itemListElement\":[{\"@type\":\"ListItem\",\"position\":1,\"name\":\"Portada\",\"item\":\"https:\\\/\\\/luxonomy.net\\\/es\\\/\"},{\"@type\":\"ListItem\",\"position\":2,\"name\":\"El consumo de lujo aumentar\u00e1 un 29% este pr\u00f3ximo a\u00f1o 2022\"}]},{\"@type\":\"WebSite\",\"@id\":\"https:\\\/\\\/luxonomy.net\\\/es\\\/#website\",\"url\":\"https:\\\/\\\/luxonomy.net\\\/es\\\/\",\"name\":\"LUXONOMY\",\"description\":\"The Economy of Fashion &amp; Luxury\",\"publisher\":{\"@id\":\"https:\\\/\\\/luxonomy.net\\\/es\\\/#organization\"},\"potentialAction\":[{\"@type\":\"SearchAction\",\"target\":{\"@type\":\"EntryPoint\",\"urlTemplate\":\"https:\\\/\\\/luxonomy.net\\\/es\\\/?s={search_term_string}\"},\"query-input\":{\"@type\":\"PropertyValueSpecification\",\"valueRequired\":true,\"valueName\":\"search_term_string\"}}],\"inLanguage\":\"es\"},{\"@type\":\"Organization\",\"@id\":\"https:\\\/\\\/luxonomy.net\\\/es\\\/#organization\",\"name\":\"LUXONOMY\",\"url\":\"https:\\\/\\\/luxonomy.net\\\/es\\\/\",\"logo\":{\"@type\":\"ImageObject\",\"inLanguage\":\"es\",\"@id\":\"https:\\\/\\\/luxonomy.net\\\/es\\\/#\\\/schema\\\/logo\\\/image\\\/\",\"url\":\"https:\\\/\\\/i2.wp.com\\\/luxonomy.net\\\/wp-content\\\/uploads\\\/2021\\\/09\\\/MOCKUP-TODOS-LUXONOMY.jpg?fit=1000%2C515&ssl=1\",\"contentUrl\":\"https:\\\/\\\/i2.wp.com\\\/luxonomy.net\\\/wp-content\\\/uploads\\\/2021\\\/09\\\/MOCKUP-TODOS-LUXONOMY.jpg?fit=1000%2C515&ssl=1\",\"width\":1000,\"height\":515,\"caption\":\"LUXONOMY\"},\"image\":{\"@id\":\"https:\\\/\\\/luxonomy.net\\\/es\\\/#\\\/schema\\\/logo\\\/image\\\/\"},\"sameAs\":[\"https:\\\/\\\/www.facebook.com\\\/luxonomy\",\"https:\\\/\\\/www.instagram.com\\\/luxonomy\\\/\",\"https:\\\/\\\/www.linkedin.com\\\/company\\\/luxonomy\\\/\"]},{\"@type\":\"Person\",\"@id\":\"https:\\\/\\\/luxonomy.net\\\/es\\\/#\\\/schema\\\/person\\\/aca186356f30a813f61bbf19ba52c031\",\"name\":\"Pablo Guti\u00e9rrez-Rav\u00e9 Villal\u00f3n\",\"image\":{\"@type\":\"ImageObject\",\"inLanguage\":\"es\",\"@id\":\"https:\\\/\\\/luxonomy.net\\\/wp-content\\\/litespeed\\\/avatar\\\/b80839bcd1d7840754b71e72cad801ce.jpg?ver=1788213692\",\"url\":\"https:\\\/\\\/luxonomy.net\\\/wp-content\\\/litespeed\\\/avatar\\\/b80839bcd1d7840754b71e72cad801ce.jpg?ver=1788213692\",\"contentUrl\":\"https:\\\/\\\/luxonomy.net\\\/wp-content\\\/litespeed\\\/avatar\\\/b80839bcd1d7840754b71e72cad801ce.jpg?ver=1788213692\",\"caption\":\"Pablo Guti\u00e9rrez-Rav\u00e9 Villal\u00f3n\"},\"description\":\"president LUXONOMY\u2122 Group\",\"sameAs\":[\"https:\\\/\\\/www.linkedin.com\\\/in\\\/pablogutierrezrave\\\/\"],\"url\":\"https:\\\/\\\/luxonomy.net\\\/es\\\/author\\\/pablo\\\/\"}]}<\/script>\n<!-- \/ Yoast SEO plugin. -->","yoast_head_json":{"title":"El consumo de lujo aumentar\u00e1 un 29% este pr\u00f3ximo a\u00f1o 2022 | LUXONOMY","robots":{"index":"index","follow":"follow","max-snippet":"max-snippet:-1","max-image-preview":"max-image-preview:large","max-video-preview":"max-video-preview:-1"},"canonical":"https:\/\/luxonomy.net\/es\/el-consumo-de-lujo-aumentara-un-29-este-proximo-ano-2022\/","og_locale":"es_ES","og_type":"article","og_title":"El consumo de lujo aumentar\u00e1 un 29% este pr\u00f3ximo a\u00f1o 2022 | LUXONOMY","og_description":"El mercado de lujo personal de accesorios de alta gama, art\u00edculos de cuero y ropa ha vuelto a niveles previos a la pandemia, y los compradores estadounidenses ha superado a los de China en la b\u00fasqueda de las \u00faltimas tendencias de moda, seg\u00fan un estudio publicado por la consultora Bain. Se pronostica que el gasto&hellip;","og_url":"https:\/\/luxonomy.net\/es\/el-consumo-de-lujo-aumentara-un-29-este-proximo-ano-2022\/","og_site_name":"LUXONOMY","article_publisher":"https:\/\/www.facebook.com\/luxonomy","article_published_time":"2021-11-28T15:29:21+00:00","og_image":[{"width":1200,"height":675,"url":"https:\/\/i0.wp.com\/luxonomy.net\/wp-content\/uploads\/2021\/11\/El-consumo-de-lujo-aumentara%CC%81-un-29-este-pro%CC%81ximo-an%CC%83o-2022.jpeg?fit=1200%2C675&quality=89&ssl=1","type":"image\/jpeg"}],"author":"Pablo Guti\u00e9rrez-Rav\u00e9 Villal\u00f3n","twitter_card":"summary_large_image","twitter_misc":{"Escrito por":"Pablo Guti\u00e9rrez-Rav\u00e9 Villal\u00f3n","Tiempo de lectura":"3 minutos"},"schema":{"@context":"https:\/\/schema.org","@graph":[{"@type":"Article","@id":"https:\/\/luxonomy.net\/es\/el-consumo-de-lujo-aumentara-un-29-este-proximo-ano-2022\/#article","isPartOf":{"@id":"https:\/\/luxonomy.net\/es\/el-consumo-de-lujo-aumentara-un-29-este-proximo-ano-2022\/"},"author":{"name":"Pablo Guti\u00e9rrez-Rav\u00e9 Villal\u00f3n","@id":"https:\/\/luxonomy.net\/es\/#\/schema\/person\/aca186356f30a813f61bbf19ba52c031"},"headline":"El consumo de lujo aumentar\u00e1 un 29% este pr\u00f3ximo a\u00f1o 2022","datePublished":"2021-11-28T15:29:21+00:00","mainEntityOfPage":{"@id":"https:\/\/luxonomy.net\/es\/el-consumo-de-lujo-aumentara-un-29-este-proximo-ano-2022\/"},"wordCount":599,"commentCount":0,"publisher":{"@id":"https:\/\/luxonomy.net\/es\/#organization"},"image":{"@id":"https:\/\/luxonomy.net\/es\/el-consumo-de-lujo-aumentara-un-29-este-proximo-ano-2022\/#primaryimage"},"thumbnailUrl":"https:\/\/i0.wp.com\/luxonomy.net\/wp-content\/uploads\/2021\/11\/El-consumo-de-lujo-aumentara%CC%81-un-29-este-pro%CC%81ximo-an%CC%83o-2022.jpeg?fit=1200%2C675&ssl=1","keywords":["econom\u00eda","Informes"],"articleSection":["Econom\u00eda"],"inLanguage":"es","potentialAction":[{"@type":"CommentAction","name":"Comment","target":["https:\/\/luxonomy.net\/es\/el-consumo-de-lujo-aumentara-un-29-este-proximo-ano-2022\/#respond"]}]},{"@type":"WebPage","@id":"https:\/\/luxonomy.net\/es\/el-consumo-de-lujo-aumentara-un-29-este-proximo-ano-2022\/","url":"https:\/\/luxonomy.net\/es\/el-consumo-de-lujo-aumentara-un-29-este-proximo-ano-2022\/","name":"El consumo de lujo aumentar\u00e1 un 29% este pr\u00f3ximo a\u00f1o 2022 | LUXONOMY","isPartOf":{"@id":"https:\/\/luxonomy.net\/es\/#website"},"primaryImageOfPage":{"@id":"https:\/\/luxonomy.net\/es\/el-consumo-de-lujo-aumentara-un-29-este-proximo-ano-2022\/#primaryimage"},"image":{"@id":"https:\/\/luxonomy.net\/es\/el-consumo-de-lujo-aumentara-un-29-este-proximo-ano-2022\/#primaryimage"},"thumbnailUrl":"https:\/\/i0.wp.com\/luxonomy.net\/wp-content\/uploads\/2021\/11\/El-consumo-de-lujo-aumentara%CC%81-un-29-este-pro%CC%81ximo-an%CC%83o-2022.jpeg?fit=1200%2C675&ssl=1","datePublished":"2021-11-28T15:29:21+00:00","breadcrumb":{"@id":"https:\/\/luxonomy.net\/es\/el-consumo-de-lujo-aumentara-un-29-este-proximo-ano-2022\/#breadcrumb"},"inLanguage":"es","potentialAction":[{"@type":"ReadAction","target":["https:\/\/luxonomy.net\/es\/el-consumo-de-lujo-aumentara-un-29-este-proximo-ano-2022\/"]}]},{"@type":"ImageObject","inLanguage":"es","@id":"https:\/\/luxonomy.net\/es\/el-consumo-de-lujo-aumentara-un-29-este-proximo-ano-2022\/#primaryimage","url":"https:\/\/i0.wp.com\/luxonomy.net\/wp-content\/uploads\/2021\/11\/El-consumo-de-lujo-aumentara%CC%81-un-29-este-pro%CC%81ximo-an%CC%83o-2022.jpeg?fit=1200%2C675&ssl=1","contentUrl":"https:\/\/i0.wp.com\/luxonomy.net\/wp-content\/uploads\/2021\/11\/El-consumo-de-lujo-aumentara%CC%81-un-29-este-pro%CC%81ximo-an%CC%83o-2022.jpeg?fit=1200%2C675&ssl=1","width":1200,"height":675},{"@type":"BreadcrumbList","@id":"https:\/\/luxonomy.net\/es\/el-consumo-de-lujo-aumentara-un-29-este-proximo-ano-2022\/#breadcrumb","itemListElement":[{"@type":"ListItem","position":1,"name":"Portada","item":"https:\/\/luxonomy.net\/es\/"},{"@type":"ListItem","position":2,"name":"El consumo de lujo aumentar\u00e1 un 29% este pr\u00f3ximo a\u00f1o 2022"}]},{"@type":"WebSite","@id":"https:\/\/luxonomy.net\/es\/#website","url":"https:\/\/luxonomy.net\/es\/","name":"LUXONOMY","description":"The Economy of Fashion &amp; Luxury","publisher":{"@id":"https:\/\/luxonomy.net\/es\/#organization"},"potentialAction":[{"@type":"SearchAction","target":{"@type":"EntryPoint","urlTemplate":"https:\/\/luxonomy.net\/es\/?s={search_term_string}"},"query-input":{"@type":"PropertyValueSpecification","valueRequired":true,"valueName":"search_term_string"}}],"inLanguage":"es"},{"@type":"Organization","@id":"https:\/\/luxonomy.net\/es\/#organization","name":"LUXONOMY","url":"https:\/\/luxonomy.net\/es\/","logo":{"@type":"ImageObject","inLanguage":"es","@id":"https:\/\/luxonomy.net\/es\/#\/schema\/logo\/image\/","url":"https:\/\/i2.wp.com\/luxonomy.net\/wp-content\/uploads\/2021\/09\/MOCKUP-TODOS-LUXONOMY.jpg?fit=1000%2C515&ssl=1","contentUrl":"https:\/\/i2.wp.com\/luxonomy.net\/wp-content\/uploads\/2021\/09\/MOCKUP-TODOS-LUXONOMY.jpg?fit=1000%2C515&ssl=1","width":1000,"height":515,"caption":"LUXONOMY"},"image":{"@id":"https:\/\/luxonomy.net\/es\/#\/schema\/logo\/image\/"},"sameAs":["https:\/\/www.facebook.com\/luxonomy","https:\/\/www.instagram.com\/luxonomy\/","https:\/\/www.linkedin.com\/company\/luxonomy\/"]},{"@type":"Person","@id":"https:\/\/luxonomy.net\/es\/#\/schema\/person\/aca186356f30a813f61bbf19ba52c031","name":"Pablo Guti\u00e9rrez-Rav\u00e9 Villal\u00f3n","image":{"@type":"ImageObject","inLanguage":"es","@id":"https:\/\/luxonomy.net\/wp-content\/litespeed\/avatar\/b80839bcd1d7840754b71e72cad801ce.jpg?ver=1788213692","url":"https:\/\/luxonomy.net\/wp-content\/litespeed\/avatar\/b80839bcd1d7840754b71e72cad801ce.jpg?ver=1788213692","contentUrl":"https:\/\/luxonomy.net\/wp-content\/litespeed\/avatar\/b80839bcd1d7840754b71e72cad801ce.jpg?ver=1788213692","caption":"Pablo Guti\u00e9rrez-Rav\u00e9 Villal\u00f3n"},"description":"president LUXONOMY\u2122 Group","sameAs":["https:\/\/www.linkedin.com\/in\/pablogutierrezrave\/"],"url":"https:\/\/luxonomy.net\/es\/author\/pablo\/"}]}},"jetpack_publicize_connections":[],"jetpack_shortlink":"https:\/\/wp.me\/paPhBa-4Yy","jetpack_sharing_enabled":true,"jetpack_featured_media_url":"https:\/\/i0.wp.com\/luxonomy.net\/wp-content\/uploads\/2021\/11\/El-consumo-de-lujo-aumentara%CC%81-un-29-este-pro%CC%81ximo-an%CC%83o-2022.jpeg?fit=1200%2C675&ssl=1","_links":{"self":[{"href":"https:\/\/luxonomy.net\/es\/wp-json\/wp\/v2\/posts\/19130","targetHints":{"allow":["GET"]}}],"collection":[{"href":"https:\/\/luxonomy.net\/es\/wp-json\/wp\/v2\/posts"}],"about":[{"href":"https:\/\/luxonomy.net\/es\/wp-json\/wp\/v2\/types\/post"}],"author":[{"embeddable":true,"href":"https:\/\/luxonomy.net\/es\/wp-json\/wp\/v2\/users\/19"}],"replies":[{"embeddable":true,"href":"https:\/\/luxonomy.net\/es\/wp-json\/wp\/v2\/comments?post=19130"}],"version-history":[{"count":6,"href":"https:\/\/luxonomy.net\/es\/wp-json\/wp\/v2\/posts\/19130\/revisions"}],"predecessor-version":[{"id":19137,"href":"https:\/\/luxonomy.net\/es\/wp-json\/wp\/v2\/posts\/19130\/revisions\/19137"}],"wp:featuredmedia":[{"embeddable":true,"href":"https:\/\/luxonomy.net\/es\/wp-json\/wp\/v2\/media\/19136"}],"wp:attachment":[{"href":"https:\/\/luxonomy.net\/es\/wp-json\/wp\/v2\/media?parent=19130"}],"wp:term":[{"taxonomy":"category","embeddable":true,"href":"https:\/\/luxonomy.net\/es\/wp-json\/wp\/v2\/categories?post=19130"},{"taxonomy":"post_tag","embeddable":true,"href":"https:\/\/luxonomy.net\/es\/wp-json\/wp\/v2\/tags?post=19130"},{"taxonomy":"thb-sponsors","embeddable":true,"href":"https:\/\/luxonomy.net\/es\/wp-json\/wp\/v2\/thb-sponsors?post=19130"}],"curies":[{"name":"wp","href":"https:\/\/api.w.org\/{rel}","templated":true}]}}