{"id":18521,"date":"2021-11-05T09:54:35","date_gmt":"2021-11-05T08:54:35","guid":{"rendered":"https:\/?p=18521"},"modified":"2021-11-06T15:59:17","modified_gmt":"2021-11-06T14:59:17","slug":"el-ceo-de-prada-preve-un-crecimiento-del-30-para-el-sector-del-lujo","status":"publish","type":"post","link":"https:\/\/luxonomy.net\/es\/el-ceo-de-prada-preve-un-crecimiento-del-30-para-el-sector-del-lujo\/","title":{"rendered":"El CEO de Prada prev\u00e9 un crecimiento del 30% para el sector del lujo"},"content":{"rendered":"<p><strong>La industria del lujo se fortalecer\u00e1 despu\u00e9s de Covid<\/strong>, con un <strong>crecimiento que se prev\u00e9 que alcance el 30% en 2025<\/strong>. La predicci\u00f3n fue hecha por <strong>Patrizio Bertelli, CEO de Prada Group<\/strong>, hablando en la inauguraci\u00f3n del tercer d\u00eda del <strong>Fashion Global Summit en Mil\u00e1n<\/strong>.<\/p>\n<p>Una racha de crecimiento que estar\u00e1 <strong>dominada por las grandes marcas del sector<\/strong>, mientras que a las m\u00e1s peque\u00f1as les resultar\u00e1 cada vez m\u00e1s dif\u00edcil seguir el ritmo:<\/p>\n[perfectpullquote align=&#8221;full&#8221; bordertop=&#8221;false&#8221; cite=&#8221;&#8221; link=&#8221;&#8221; color=&#8221;&#8221; class=&#8221;&#8221; size=&#8221;&#8221;]\u201cmuchas pymes tienen grandes capacidades y buenos productos pero no tienen la oportunidad de tener \u00e9xito porque los costes implican, por ejemplo, de las herramientas digitales y el comercio electr\u00f3nico, se han elevado demasiado. Las empresas m\u00e1s peque\u00f1as siempre tendr\u00e1n m\u00e1s problemas para encontrar una identidad y tendr\u00e1n que depender de nombres m\u00e1s grandes\u201d, dijo Bertelli.[\/perfectpullquote]\n[perfectpullquote align=&#8221;full&#8221; bordertop=&#8221;false&#8221; cite=&#8221;&#8221; link=&#8221;&#8221; color=&#8221;&#8221; class=&#8221;&#8221; size=&#8221;&#8221;]La pandemia ha acelerado el proceso de selecci\u00f3n natural, poniendo en riesgo la supervivencia de las innumerables peque\u00f1as empresas que forman la columna vertebral de la industria de la moda italiana, cuyo patrimonio cultural es fundamental para \u201cpreservar la identidad de las marcas que hoy han alcanzado niveles muy altos y requieren inversi\u00f3n considerable\u201d, a\u00f1adi\u00f3 Bertelli.[\/perfectpullquote]\n<p>Siempre que ha sido posible, el propio grupo Prada ha intervenido econ\u00f3micamente para adquirir participaciones minoritarias en peque\u00f1as empresas que a menudo representan el trabajo de toda una vida, a trav\u00e9s de las cuales los artesanos desarrollan su propio saber hacer.<\/p><div id=\"luxon-4016822608\" class=\"luxon-3er-parrafo luxon-entity-placement\" style=\"margin-top: 20px;margin-bottom: 20px;margin-left: auto;margin-right: auto;text-align: center;\"><a href=\"https:\/\/luxonomy.university\/course\/master-turismo-de-lujo\" target=\"_blank\" aria-label=\"master-turismo-lujo-2026-2027\"><img loading=\"lazy\" decoding=\"async\" src=\"https:\/\/i0.wp.com\/luxonomy.net\/wp-content\/uploads\/2020\/07\/master-turismo-lujo-2026-2027.jpg?fit=1672%2C941&#038;ssl=1\" alt=\"\"  srcset=\"https:\/\/i0.wp.com\/luxonomy.net\/wp-content\/uploads\/2020\/07\/master-turismo-lujo-2026-2027.jpg?w=1672&ssl=1 1672w, https:\/\/i0.wp.com\/luxonomy.net\/wp-content\/uploads\/2020\/07\/master-turismo-lujo-2026-2027.jpg?resize=300%2C169&ssl=1 300w, https:\/\/i0.wp.com\/luxonomy.net\/wp-content\/uploads\/2020\/07\/master-turismo-lujo-2026-2027.jpg?resize=1024%2C576&ssl=1 1024w, https:\/\/i0.wp.com\/luxonomy.net\/wp-content\/uploads\/2020\/07\/master-turismo-lujo-2026-2027.jpg?resize=768%2C432&ssl=1 768w, https:\/\/i0.wp.com\/luxonomy.net\/wp-content\/uploads\/2020\/07\/master-turismo-lujo-2026-2027.jpg?resize=1536%2C864&ssl=1 1536w, https:\/\/i0.wp.com\/luxonomy.net\/wp-content\/uploads\/2020\/07\/master-turismo-lujo-2026-2027.jpg?resize=370%2C208&ssl=1 370w, https:\/\/i0.wp.com\/luxonomy.net\/wp-content\/uploads\/2020\/07\/master-turismo-lujo-2026-2027.jpg?resize=800%2C450&ssl=1 800w, https:\/\/i0.wp.com\/luxonomy.net\/wp-content\/uploads\/2020\/07\/master-turismo-lujo-2026-2027.jpg?resize=20%2C11&ssl=1 20w, https:\/\/i0.wp.com\/luxonomy.net\/wp-content\/uploads\/2020\/07\/master-turismo-lujo-2026-2027.jpg?resize=740%2C416&ssl=1 740w, https:\/\/i0.wp.com\/luxonomy.net\/wp-content\/uploads\/2020\/07\/master-turismo-lujo-2026-2027.jpg?resize=1600%2C900&ssl=1 1600w, https:\/\/i0.wp.com\/luxonomy.net\/wp-content\/uploads\/2020\/07\/master-turismo-lujo-2026-2027.jpg?resize=1200%2C675&ssl=1 1200w, https:\/\/i0.wp.com\/luxonomy.net\/wp-content\/uploads\/2020\/07\/master-turismo-lujo-2026-2027.jpg?resize=85%2C48&ssl=1 85w\" sizes=\"(max-width: 1170px) 100vw, 1170px\" class=\"no-lazyload\" width=\"1672\" height=\"941\"   \/><\/a><\/div>\n[perfectpullquote align=&#8221;full&#8221; bordertop=&#8221;false&#8221; cite=&#8221;&#8221; link=&#8221;&#8221; color=&#8221;&#8221; class=&#8221;&#8221; size=&#8221;&#8221;]\u201cNecesitamos recompensar a estas personas, que luego pueden ver crecer su negocio a medida que ellos mismos se involucran en el desarrollo de productos dentro de un contexto corporativo m\u00e1s amplio\u201d, dijo.[\/perfectpullquote]\n<p>Una identidad que tambi\u00e9n debe cultivarse en los lugares de trabajo \u201cdonde pasamos la mayor parte de nuestros d\u00edas, para que los empleados se sientan involucrados con las marcas. En la d\u00e9cada de 1970, el concepto de f\u00e1brica se basaba en la dial\u00e9ctica jefe\/empleado, como resultado de lo cual surgieron muchos agravios justificados. Hoy en d\u00eda, esta dial\u00e9ctica ha cambiado y la gente tiende a involucrarse m\u00e1s en su trabajo \u201d.<\/p>\n<p>Por tanto, se necesita un esfuerzo colectivo para salir de la crisis econ\u00f3mica. \u201cEn los \u00faltimos a\u00f1os, hemos avanzado mucho con la noci\u00f3n de productos hechos en Italia, donde alguna vez pensamos que era suficiente aplicar una etiqueta en un producto, sin considerar todo el proceso\u201d, dijo Bertelli.<\/p>\n<p>Ha habido se\u00f1ales positivas, incluso desde el \u00e1mbito pol\u00edtico, en los \u00faltimos a\u00f1os, y Bertelli subray\u00f3 que el gobierno italiano \u201cse ha interesado m\u00e1s por la moda, una industria que representa una parte importante de las exportaciones y del PIB nacional. El gobierno puede ayudar en t\u00e9rminos de din\u00e1mica laboral, pero no en el frente industrial \u201d.<\/p>\n<p>Bertelli tiene ideas claras sobre las perspectivas del sector. &#8220;En los pr\u00f3ximos 10 a 20 a\u00f1os, la demanda de materiales de calidad y m\u00e1s productos de alta gama aumentar\u00e1, y todos los actores de la industria se beneficiar\u00e1n de ello, mientras que los hogares querr\u00e1n acceder a un modo de consumo diferente&#8221;.<\/p><div id=\"luxon-2963470987\" class=\"luxon-7-parrafo luxon-entity-placement\" style=\"margin-top: 20px;margin-bottom: 20px;margin-left: auto;margin-right: auto;text-align: center;\"><a href=\"https:\/\/theintelligence.institute\/course\/inteligencia-artificial-para-directivos\" target=\"_blank\" aria-label=\"CSIAD_empresas_THEI_horizontal_4x3_v5\"><img loading=\"lazy\" decoding=\"async\" src=\"https:\/\/i0.wp.com\/luxonomy.net\/wp-content\/uploads\/2025\/08\/CSIAD_empresas_THEI_horizontal_4x3_v5.png?fit=2000%2C1500&#038;ssl=1\" alt=\"\"  srcset=\"https:\/\/i0.wp.com\/luxonomy.net\/wp-content\/uploads\/2025\/08\/CSIAD_empresas_THEI_horizontal_4x3_v5.png?w=2000&ssl=1 2000w, https:\/\/i0.wp.com\/luxonomy.net\/wp-content\/uploads\/2025\/08\/CSIAD_empresas_THEI_horizontal_4x3_v5.png?resize=300%2C225&ssl=1 300w, https:\/\/i0.wp.com\/luxonomy.net\/wp-content\/uploads\/2025\/08\/CSIAD_empresas_THEI_horizontal_4x3_v5.png?resize=1024%2C768&ssl=1 1024w, https:\/\/i0.wp.com\/luxonomy.net\/wp-content\/uploads\/2025\/08\/CSIAD_empresas_THEI_horizontal_4x3_v5.png?resize=768%2C576&ssl=1 768w, https:\/\/i0.wp.com\/luxonomy.net\/wp-content\/uploads\/2025\/08\/CSIAD_empresas_THEI_horizontal_4x3_v5.png?resize=1536%2C1152&ssl=1 1536w, https:\/\/i0.wp.com\/luxonomy.net\/wp-content\/uploads\/2025\/08\/CSIAD_empresas_THEI_horizontal_4x3_v5.png?resize=370%2C278&ssl=1 370w, https:\/\/i0.wp.com\/luxonomy.net\/wp-content\/uploads\/2025\/08\/CSIAD_empresas_THEI_horizontal_4x3_v5.png?resize=800%2C600&ssl=1 800w, https:\/\/i0.wp.com\/luxonomy.net\/wp-content\/uploads\/2025\/08\/CSIAD_empresas_THEI_horizontal_4x3_v5.png?resize=20%2C15&ssl=1 20w, https:\/\/i0.wp.com\/luxonomy.net\/wp-content\/uploads\/2025\/08\/CSIAD_empresas_THEI_horizontal_4x3_v5.png?resize=740%2C555&ssl=1 740w, https:\/\/i0.wp.com\/luxonomy.net\/wp-content\/uploads\/2025\/08\/CSIAD_empresas_THEI_horizontal_4x3_v5.png?resize=1600%2C1200&ssl=1 1600w, https:\/\/i0.wp.com\/luxonomy.net\/wp-content\/uploads\/2025\/08\/CSIAD_empresas_THEI_horizontal_4x3_v5.png?resize=1200%2C900&ssl=1 1200w, https:\/\/i0.wp.com\/luxonomy.net\/wp-content\/uploads\/2025\/08\/CSIAD_empresas_THEI_horizontal_4x3_v5.png?resize=64%2C48&ssl=1 64w\" sizes=\"(max-width: 1170px) 100vw, 1170px\" class=\"no-lazyload\" width=\"2000\" height=\"1500\"   \/><\/a><\/div>\n<p>China estar\u00e1 en el coraz\u00f3n de esta evoluci\u00f3n, un pa\u00eds \u201cdonde los j\u00f3venes usan &#8216;en exceso&#8217; las nuevas tecnolog\u00edas, y en tres o cuatro a\u00f1os ya no existir\u00e1 una moneda, incluso en los mercados m\u00e1s pobres, porque la gente har\u00e1 pagos con sus tel\u00e9fonos.&#8221;<\/p>\n<p>La familia est\u00e1 en el coraz\u00f3n del mundo de Prada, dijo Bertelli, \u201cun mundo que naci\u00f3 como un viaje compartido con mi esposa Miuccia, que representa el 60% del proyecto, mientras que yo soy el 40% restante.<\/p>\n<p>La Prada de hoy es el fruto de nuestra audacia, de no pensar nunca en lo negativo y de tener siempre un enfoque positivo &#8220;. Cuando se le pregunt\u00f3 si en el futuro el grupo estar\u00e1 dirigido por su hijo Lorenzo, Bertelli dijo que \u201cdepender\u00e1 de \u00e9l\u201d, revelando que \u201cLorenzo es el jefe m\u00e1s cr\u00edtico de la empresa, y es mucho m\u00e1s exigente que yo. Tenemos una relaci\u00f3n casi contradictoria. Ahora est\u00e1 aprendiendo mucho y est\u00e1 trabajando duro para lograr este rol&#8221;.<\/p>\n<p>Prada, pionera en el comercio minorista de moda, abri\u00f3 su primera tienda mono-marca en 1983. \u201cPara 2011, el 80% de nuestra red minorista consist\u00eda en tiendas mono-marca, y actualmente hemos alcanzado el 90%. Pero el canal mayorista tambi\u00e9n ha evolucionado&#8221;.<\/p>\n<p>Finalmente, Bertelli reiter\u00f3 sus dudas sobre la posibilidad de crear un importante grupo de lujo italiano en el futuro. \u201cNuestro intento con Jil Sander y Helmut Lang pag\u00f3 el precio de dejar demasiada independencia en el funcionamiento diario del negocio, especialmente en los aspectos financieros y de distribuci\u00f3n. En Italia, la creaci\u00f3n de conglomerados es poco com\u00fan, porque el comportamiento individualista est\u00e1 muy extendido. Para montar un grupo en Italia, hay que trabajar con la uni\u00f3n y no con el predominio\u201d, concluy\u00f3 Bertelli.<\/p>\n","protected":false},"excerpt":{"rendered":"<p>La industria del lujo se fortalecer\u00e1 despu\u00e9s de Covid, con un crecimiento que se prev\u00e9 que alcance el 30% en 2025. La predicci\u00f3n fue hecha por Patrizio Bertelli, CEO de Prada Group, hablando en la inauguraci\u00f3n del tercer d\u00eda del Fashion Global Summit en Mil\u00e1n. Una racha de crecimiento que estar\u00e1 dominada por las grandes&hellip;<\/p>\n","protected":false},"author":10,"featured_media":18523,"comment_status":"open","ping_status":"open","sticky":false,"template":"","format":"standard","meta":{"_jetpack_newsletter_access":"","_jetpack_dont_email_post_to_subs":false,"_jetpack_newsletter_tier_id":0,"_jetpack_memberships_contains_paywalled_content":false,"_jetpack_feature_clip_id":0,"_jetpack_memberships_contains_paid_content":false,"footnotes":"","jetpack_publicize_message":"El CEO de Prada prev\u00e9 un crecimiento del 30% para el sector del lujo","jetpack_publicize_feature_enabled":true,"jetpack_social_post_already_shared":true,"jetpack_social_options":{"image_generator_settings":{"template":"edge","default_image_id":0,"font":"","enabled":false},"version":2},"jetpack_post_was_ever_published":false},"categories":[1128,505],"tags":[635,552,1282,1088],"thb-sponsors":[],"class_list":["post-18521","post","type-post","status-publish","format-standard","has-post-thumbnail","hentry","category-economia","category-sin-categorizar","tag-actualidad","tag-economia","tag-patrizio-bertelli","tag-prada"],"yoast_head":"<!-- This site is optimized with the Yoast SEO plugin v28.4 - https:\/\/yoast.com\/product\/yoast-seo-wordpress\/ -->\n<title>El CEO de Prada prev\u00e9 un crecimiento del 30% para el sector del lujo | LUXONOMY<\/title>\n<meta name=\"robots\" content=\"index, follow, max-snippet:-1, max-image-preview:large, max-video-preview:-1\" \/>\n<link rel=\"canonical\" href=\"https:\/\/luxonomy.net\/es\/el-ceo-de-prada-preve-un-crecimiento-del-30-para-el-sector-del-lujo\/\" \/>\n<meta property=\"og:locale\" content=\"es_ES\" \/>\n<meta property=\"og:type\" content=\"article\" \/>\n<meta property=\"og:title\" content=\"El CEO de Prada prev\u00e9 un crecimiento del 30% para el sector del lujo | LUXONOMY\" \/>\n<meta property=\"og:description\" content=\"La industria del lujo se fortalecer\u00e1 despu\u00e9s de Covid, con un crecimiento que se prev\u00e9 que alcance el 30% en 2025. La predicci\u00f3n fue hecha por Patrizio Bertelli, CEO de Prada Group, hablando en la inauguraci\u00f3n del tercer d\u00eda del Fashion Global Summit en Mil\u00e1n. Una racha de crecimiento que estar\u00e1 dominada por las grandes&hellip;\" \/>\n<meta property=\"og:url\" content=\"https:\/\/luxonomy.net\/es\/el-ceo-de-prada-preve-un-crecimiento-del-30-para-el-sector-del-lujo\/\" \/>\n<meta property=\"og:site_name\" content=\"LUXONOMY\" \/>\n<meta property=\"article:publisher\" content=\"https:\/\/www.facebook.com\/luxonomy\" \/>\n<meta property=\"article:published_time\" content=\"2021-11-05T08:54:35+00:00\" \/>\n<meta property=\"article:modified_time\" content=\"2021-11-06T14:59:17+00:00\" \/>\n<meta property=\"og:image\" content=\"https:\/\/i0.wp.com\/luxonomy.net\/wp-content\/uploads\/2021\/11\/El-CEO-de-Prada-preve%CC%81-un-crecimiento-del-30-para-el-sector-del-lujo.jpeg?fit=660%2C360&quality=89&ssl=1\" \/>\n\t<meta property=\"og:image:width\" content=\"660\" \/>\n\t<meta property=\"og:image:height\" content=\"360\" \/>\n\t<meta property=\"og:image:type\" content=\"image\/jpeg\" \/>\n<meta name=\"author\" content=\"Chiara Gabardi\" \/>\n<meta name=\"twitter:card\" content=\"summary_large_image\" \/>\n<meta name=\"twitter:label1\" content=\"Escrito por\" \/>\n\t<meta name=\"twitter:data1\" content=\"Chiara Gabardi\" \/>\n\t<meta name=\"twitter:label2\" content=\"Tiempo de lectura\" \/>\n\t<meta name=\"twitter:data2\" content=\"4 minutos\" \/>\n<script type=\"application\/ld+json\" class=\"yoast-schema-graph\">{\"@context\":\"https:\\\/\\\/schema.org\",\"@graph\":[{\"@type\":\"Article\",\"@id\":\"https:\\\/\\\/luxonomy.net\\\/es\\\/el-ceo-de-prada-preve-un-crecimiento-del-30-para-el-sector-del-lujo\\\/#article\",\"isPartOf\":{\"@id\":\"https:\\\/\\\/luxonomy.net\\\/es\\\/el-ceo-de-prada-preve-un-crecimiento-del-30-para-el-sector-del-lujo\\\/\"},\"author\":{\"name\":\"Chiara Gabardi\",\"@id\":\"https:\\\/\\\/luxonomy.net\\\/es\\\/#\\\/schema\\\/person\\\/9d526ffe93a0cc9cecc91760f49da3ef\"},\"headline\":\"El CEO de Prada prev\u00e9 un crecimiento del 30% para el sector del lujo\",\"datePublished\":\"2021-11-05T08:54:35+00:00\",\"dateModified\":\"2021-11-06T14:59:17+00:00\",\"mainEntityOfPage\":{\"@id\":\"https:\\\/\\\/luxonomy.net\\\/es\\\/el-ceo-de-prada-preve-un-crecimiento-del-30-para-el-sector-del-lujo\\\/\"},\"wordCount\":870,\"commentCount\":0,\"publisher\":{\"@id\":\"https:\\\/\\\/luxonomy.net\\\/es\\\/#organization\"},\"image\":{\"@id\":\"https:\\\/\\\/luxonomy.net\\\/es\\\/el-ceo-de-prada-preve-un-crecimiento-del-30-para-el-sector-del-lujo\\\/#primaryimage\"},\"thumbnailUrl\":\"https:\\\/\\\/i0.wp.com\\\/luxonomy.net\\\/wp-content\\\/uploads\\\/2021\\\/11\\\/El-CEO-de-Prada-preve%CC%81-un-crecimiento-del-30-para-el-sector-del-lujo.jpeg?fit=660%2C360&ssl=1\",\"keywords\":[\"actualidad\",\"econom\u00eda\",\"Patrizio Bertelli\",\"Prada\"],\"articleSection\":[\"Econom\u00eda\",\"Sin categorizar\"],\"inLanguage\":\"es\",\"potentialAction\":[{\"@type\":\"CommentAction\",\"name\":\"Comment\",\"target\":[\"https:\\\/\\\/luxonomy.net\\\/es\\\/el-ceo-de-prada-preve-un-crecimiento-del-30-para-el-sector-del-lujo\\\/#respond\"]}]},{\"@type\":\"WebPage\",\"@id\":\"https:\\\/\\\/luxonomy.net\\\/es\\\/el-ceo-de-prada-preve-un-crecimiento-del-30-para-el-sector-del-lujo\\\/\",\"url\":\"https:\\\/\\\/luxonomy.net\\\/es\\\/el-ceo-de-prada-preve-un-crecimiento-del-30-para-el-sector-del-lujo\\\/\",\"name\":\"El CEO de Prada prev\u00e9 un crecimiento del 30% para el sector del lujo | LUXONOMY\",\"isPartOf\":{\"@id\":\"https:\\\/\\\/luxonomy.net\\\/es\\\/#website\"},\"primaryImageOfPage\":{\"@id\":\"https:\\\/\\\/luxonomy.net\\\/es\\\/el-ceo-de-prada-preve-un-crecimiento-del-30-para-el-sector-del-lujo\\\/#primaryimage\"},\"image\":{\"@id\":\"https:\\\/\\\/luxonomy.net\\\/es\\\/el-ceo-de-prada-preve-un-crecimiento-del-30-para-el-sector-del-lujo\\\/#primaryimage\"},\"thumbnailUrl\":\"https:\\\/\\\/i0.wp.com\\\/luxonomy.net\\\/wp-content\\\/uploads\\\/2021\\\/11\\\/El-CEO-de-Prada-preve%CC%81-un-crecimiento-del-30-para-el-sector-del-lujo.jpeg?fit=660%2C360&ssl=1\",\"datePublished\":\"2021-11-05T08:54:35+00:00\",\"dateModified\":\"2021-11-06T14:59:17+00:00\",\"breadcrumb\":{\"@id\":\"https:\\\/\\\/luxonomy.net\\\/es\\\/el-ceo-de-prada-preve-un-crecimiento-del-30-para-el-sector-del-lujo\\\/#breadcrumb\"},\"inLanguage\":\"es\",\"potentialAction\":[{\"@type\":\"ReadAction\",\"target\":[\"https:\\\/\\\/luxonomy.net\\\/es\\\/el-ceo-de-prada-preve-un-crecimiento-del-30-para-el-sector-del-lujo\\\/\"]}]},{\"@type\":\"ImageObject\",\"inLanguage\":\"es\",\"@id\":\"https:\\\/\\\/luxonomy.net\\\/es\\\/el-ceo-de-prada-preve-un-crecimiento-del-30-para-el-sector-del-lujo\\\/#primaryimage\",\"url\":\"https:\\\/\\\/i0.wp.com\\\/luxonomy.net\\\/wp-content\\\/uploads\\\/2021\\\/11\\\/El-CEO-de-Prada-preve%CC%81-un-crecimiento-del-30-para-el-sector-del-lujo.jpeg?fit=660%2C360&ssl=1\",\"contentUrl\":\"https:\\\/\\\/i0.wp.com\\\/luxonomy.net\\\/wp-content\\\/uploads\\\/2021\\\/11\\\/El-CEO-de-Prada-preve%CC%81-un-crecimiento-del-30-para-el-sector-del-lujo.jpeg?fit=660%2C360&ssl=1\",\"width\":660,\"height\":360},{\"@type\":\"BreadcrumbList\",\"@id\":\"https:\\\/\\\/luxonomy.net\\\/es\\\/el-ceo-de-prada-preve-un-crecimiento-del-30-para-el-sector-del-lujo\\\/#breadcrumb\",\"itemListElement\":[{\"@type\":\"ListItem\",\"position\":1,\"name\":\"Portada\",\"item\":\"https:\\\/\\\/luxonomy.net\\\/es\\\/\"},{\"@type\":\"ListItem\",\"position\":2,\"name\":\"El CEO de Prada prev\u00e9 un crecimiento del 30% para el sector del lujo\"}]},{\"@type\":\"WebSite\",\"@id\":\"https:\\\/\\\/luxonomy.net\\\/es\\\/#website\",\"url\":\"https:\\\/\\\/luxonomy.net\\\/es\\\/\",\"name\":\"LUXONOMY\",\"description\":\"The Economy of Fashion &amp; Luxury\",\"publisher\":{\"@id\":\"https:\\\/\\\/luxonomy.net\\\/es\\\/#organization\"},\"potentialAction\":[{\"@type\":\"SearchAction\",\"target\":{\"@type\":\"EntryPoint\",\"urlTemplate\":\"https:\\\/\\\/luxonomy.net\\\/es\\\/?s={search_term_string}\"},\"query-input\":{\"@type\":\"PropertyValueSpecification\",\"valueRequired\":true,\"valueName\":\"search_term_string\"}}],\"inLanguage\":\"es\"},{\"@type\":\"Organization\",\"@id\":\"https:\\\/\\\/luxonomy.net\\\/es\\\/#organization\",\"name\":\"LUXONOMY\",\"url\":\"https:\\\/\\\/luxonomy.net\\\/es\\\/\",\"logo\":{\"@type\":\"ImageObject\",\"inLanguage\":\"es\",\"@id\":\"https:\\\/\\\/luxonomy.net\\\/es\\\/#\\\/schema\\\/logo\\\/image\\\/\",\"url\":\"https:\\\/\\\/i2.wp.com\\\/luxonomy.net\\\/wp-content\\\/uploads\\\/2021\\\/09\\\/MOCKUP-TODOS-LUXONOMY.jpg?fit=1000%2C515&ssl=1\",\"contentUrl\":\"https:\\\/\\\/i2.wp.com\\\/luxonomy.net\\\/wp-content\\\/uploads\\\/2021\\\/09\\\/MOCKUP-TODOS-LUXONOMY.jpg?fit=1000%2C515&ssl=1\",\"width\":1000,\"height\":515,\"caption\":\"LUXONOMY\"},\"image\":{\"@id\":\"https:\\\/\\\/luxonomy.net\\\/es\\\/#\\\/schema\\\/logo\\\/image\\\/\"},\"sameAs\":[\"https:\\\/\\\/www.facebook.com\\\/luxonomy\",\"https:\\\/\\\/www.instagram.com\\\/luxonomy\\\/\",\"https:\\\/\\\/www.linkedin.com\\\/company\\\/luxonomy\\\/\"]},{\"@type\":\"Person\",\"@id\":\"https:\\\/\\\/luxonomy.net\\\/es\\\/#\\\/schema\\\/person\\\/9d526ffe93a0cc9cecc91760f49da3ef\",\"name\":\"Chiara Gabardi\",\"image\":{\"@type\":\"ImageObject\",\"inLanguage\":\"es\",\"@id\":\"https:\\\/\\\/luxonomy.net\\\/wp-content\\\/litespeed\\\/avatar\\\/548640c4e2c34544e66c65ab1641a5d7.jpg?ver=1787976300\",\"url\":\"https:\\\/\\\/luxonomy.net\\\/wp-content\\\/litespeed\\\/avatar\\\/548640c4e2c34544e66c65ab1641a5d7.jpg?ver=1787976300\",\"contentUrl\":\"https:\\\/\\\/luxonomy.net\\\/wp-content\\\/litespeed\\\/avatar\\\/548640c4e2c34544e66c65ab1641a5d7.jpg?ver=1787976300\",\"caption\":\"Chiara Gabardi\"},\"description\":\"Editor at LUXONOMY\u2122 Group\",\"url\":\"https:\\\/\\\/luxonomy.net\\\/es\\\/author\\\/chiara-gabardi\\\/\"}]}<\/script>\n<!-- \/ Yoast SEO plugin. -->","yoast_head_json":{"title":"El CEO de Prada prev\u00e9 un crecimiento del 30% para el sector del lujo | LUXONOMY","robots":{"index":"index","follow":"follow","max-snippet":"max-snippet:-1","max-image-preview":"max-image-preview:large","max-video-preview":"max-video-preview:-1"},"canonical":"https:\/\/luxonomy.net\/es\/el-ceo-de-prada-preve-un-crecimiento-del-30-para-el-sector-del-lujo\/","og_locale":"es_ES","og_type":"article","og_title":"El CEO de Prada prev\u00e9 un crecimiento del 30% para el sector del lujo | LUXONOMY","og_description":"La industria del lujo se fortalecer\u00e1 despu\u00e9s de Covid, con un crecimiento que se prev\u00e9 que alcance el 30% en 2025. La predicci\u00f3n fue hecha por Patrizio Bertelli, CEO de Prada Group, hablando en la inauguraci\u00f3n del tercer d\u00eda del Fashion Global Summit en Mil\u00e1n. Una racha de crecimiento que estar\u00e1 dominada por las grandes&hellip;","og_url":"https:\/\/luxonomy.net\/es\/el-ceo-de-prada-preve-un-crecimiento-del-30-para-el-sector-del-lujo\/","og_site_name":"LUXONOMY","article_publisher":"https:\/\/www.facebook.com\/luxonomy","article_published_time":"2021-11-05T08:54:35+00:00","article_modified_time":"2021-11-06T14:59:17+00:00","og_image":[{"width":660,"height":360,"url":"https:\/\/i0.wp.com\/luxonomy.net\/wp-content\/uploads\/2021\/11\/El-CEO-de-Prada-preve%CC%81-un-crecimiento-del-30-para-el-sector-del-lujo.jpeg?fit=660%2C360&quality=89&ssl=1","type":"image\/jpeg"}],"author":"Chiara Gabardi","twitter_card":"summary_large_image","twitter_misc":{"Escrito por":"Chiara Gabardi","Tiempo de lectura":"4 minutos"},"schema":{"@context":"https:\/\/schema.org","@graph":[{"@type":"Article","@id":"https:\/\/luxonomy.net\/es\/el-ceo-de-prada-preve-un-crecimiento-del-30-para-el-sector-del-lujo\/#article","isPartOf":{"@id":"https:\/\/luxonomy.net\/es\/el-ceo-de-prada-preve-un-crecimiento-del-30-para-el-sector-del-lujo\/"},"author":{"name":"Chiara Gabardi","@id":"https:\/\/luxonomy.net\/es\/#\/schema\/person\/9d526ffe93a0cc9cecc91760f49da3ef"},"headline":"El CEO de Prada prev\u00e9 un crecimiento del 30% para el sector del lujo","datePublished":"2021-11-05T08:54:35+00:00","dateModified":"2021-11-06T14:59:17+00:00","mainEntityOfPage":{"@id":"https:\/\/luxonomy.net\/es\/el-ceo-de-prada-preve-un-crecimiento-del-30-para-el-sector-del-lujo\/"},"wordCount":870,"commentCount":0,"publisher":{"@id":"https:\/\/luxonomy.net\/es\/#organization"},"image":{"@id":"https:\/\/luxonomy.net\/es\/el-ceo-de-prada-preve-un-crecimiento-del-30-para-el-sector-del-lujo\/#primaryimage"},"thumbnailUrl":"https:\/\/i0.wp.com\/luxonomy.net\/wp-content\/uploads\/2021\/11\/El-CEO-de-Prada-preve%CC%81-un-crecimiento-del-30-para-el-sector-del-lujo.jpeg?fit=660%2C360&ssl=1","keywords":["actualidad","econom\u00eda","Patrizio Bertelli","Prada"],"articleSection":["Econom\u00eda","Sin categorizar"],"inLanguage":"es","potentialAction":[{"@type":"CommentAction","name":"Comment","target":["https:\/\/luxonomy.net\/es\/el-ceo-de-prada-preve-un-crecimiento-del-30-para-el-sector-del-lujo\/#respond"]}]},{"@type":"WebPage","@id":"https:\/\/luxonomy.net\/es\/el-ceo-de-prada-preve-un-crecimiento-del-30-para-el-sector-del-lujo\/","url":"https:\/\/luxonomy.net\/es\/el-ceo-de-prada-preve-un-crecimiento-del-30-para-el-sector-del-lujo\/","name":"El CEO de Prada prev\u00e9 un crecimiento del 30% para el sector del lujo | LUXONOMY","isPartOf":{"@id":"https:\/\/luxonomy.net\/es\/#website"},"primaryImageOfPage":{"@id":"https:\/\/luxonomy.net\/es\/el-ceo-de-prada-preve-un-crecimiento-del-30-para-el-sector-del-lujo\/#primaryimage"},"image":{"@id":"https:\/\/luxonomy.net\/es\/el-ceo-de-prada-preve-un-crecimiento-del-30-para-el-sector-del-lujo\/#primaryimage"},"thumbnailUrl":"https:\/\/i0.wp.com\/luxonomy.net\/wp-content\/uploads\/2021\/11\/El-CEO-de-Prada-preve%CC%81-un-crecimiento-del-30-para-el-sector-del-lujo.jpeg?fit=660%2C360&ssl=1","datePublished":"2021-11-05T08:54:35+00:00","dateModified":"2021-11-06T14:59:17+00:00","breadcrumb":{"@id":"https:\/\/luxonomy.net\/es\/el-ceo-de-prada-preve-un-crecimiento-del-30-para-el-sector-del-lujo\/#breadcrumb"},"inLanguage":"es","potentialAction":[{"@type":"ReadAction","target":["https:\/\/luxonomy.net\/es\/el-ceo-de-prada-preve-un-crecimiento-del-30-para-el-sector-del-lujo\/"]}]},{"@type":"ImageObject","inLanguage":"es","@id":"https:\/\/luxonomy.net\/es\/el-ceo-de-prada-preve-un-crecimiento-del-30-para-el-sector-del-lujo\/#primaryimage","url":"https:\/\/i0.wp.com\/luxonomy.net\/wp-content\/uploads\/2021\/11\/El-CEO-de-Prada-preve%CC%81-un-crecimiento-del-30-para-el-sector-del-lujo.jpeg?fit=660%2C360&ssl=1","contentUrl":"https:\/\/i0.wp.com\/luxonomy.net\/wp-content\/uploads\/2021\/11\/El-CEO-de-Prada-preve%CC%81-un-crecimiento-del-30-para-el-sector-del-lujo.jpeg?fit=660%2C360&ssl=1","width":660,"height":360},{"@type":"BreadcrumbList","@id":"https:\/\/luxonomy.net\/es\/el-ceo-de-prada-preve-un-crecimiento-del-30-para-el-sector-del-lujo\/#breadcrumb","itemListElement":[{"@type":"ListItem","position":1,"name":"Portada","item":"https:\/\/luxonomy.net\/es\/"},{"@type":"ListItem","position":2,"name":"El CEO de Prada prev\u00e9 un crecimiento del 30% para el sector del lujo"}]},{"@type":"WebSite","@id":"https:\/\/luxonomy.net\/es\/#website","url":"https:\/\/luxonomy.net\/es\/","name":"LUXONOMY","description":"The Economy of Fashion &amp; Luxury","publisher":{"@id":"https:\/\/luxonomy.net\/es\/#organization"},"potentialAction":[{"@type":"SearchAction","target":{"@type":"EntryPoint","urlTemplate":"https:\/\/luxonomy.net\/es\/?s={search_term_string}"},"query-input":{"@type":"PropertyValueSpecification","valueRequired":true,"valueName":"search_term_string"}}],"inLanguage":"es"},{"@type":"Organization","@id":"https:\/\/luxonomy.net\/es\/#organization","name":"LUXONOMY","url":"https:\/\/luxonomy.net\/es\/","logo":{"@type":"ImageObject","inLanguage":"es","@id":"https:\/\/luxonomy.net\/es\/#\/schema\/logo\/image\/","url":"https:\/\/i2.wp.com\/luxonomy.net\/wp-content\/uploads\/2021\/09\/MOCKUP-TODOS-LUXONOMY.jpg?fit=1000%2C515&ssl=1","contentUrl":"https:\/\/i2.wp.com\/luxonomy.net\/wp-content\/uploads\/2021\/09\/MOCKUP-TODOS-LUXONOMY.jpg?fit=1000%2C515&ssl=1","width":1000,"height":515,"caption":"LUXONOMY"},"image":{"@id":"https:\/\/luxonomy.net\/es\/#\/schema\/logo\/image\/"},"sameAs":["https:\/\/www.facebook.com\/luxonomy","https:\/\/www.instagram.com\/luxonomy\/","https:\/\/www.linkedin.com\/company\/luxonomy\/"]},{"@type":"Person","@id":"https:\/\/luxonomy.net\/es\/#\/schema\/person\/9d526ffe93a0cc9cecc91760f49da3ef","name":"Chiara Gabardi","image":{"@type":"ImageObject","inLanguage":"es","@id":"https:\/\/luxonomy.net\/wp-content\/litespeed\/avatar\/548640c4e2c34544e66c65ab1641a5d7.jpg?ver=1787976300","url":"https:\/\/luxonomy.net\/wp-content\/litespeed\/avatar\/548640c4e2c34544e66c65ab1641a5d7.jpg?ver=1787976300","contentUrl":"https:\/\/luxonomy.net\/wp-content\/litespeed\/avatar\/548640c4e2c34544e66c65ab1641a5d7.jpg?ver=1787976300","caption":"Chiara Gabardi"},"description":"Editor at LUXONOMY\u2122 Group","url":"https:\/\/luxonomy.net\/es\/author\/chiara-gabardi\/"}]}},"jetpack_publicize_connections":[],"jetpack_shortlink":"https:\/\/wp.me\/paPhBa-4OJ","jetpack_sharing_enabled":true,"jetpack_featured_media_url":"https:\/\/i0.wp.com\/luxonomy.net\/wp-content\/uploads\/2021\/11\/El-CEO-de-Prada-preve%CC%81-un-crecimiento-del-30-para-el-sector-del-lujo.jpeg?fit=660%2C360&ssl=1","_links":{"self":[{"href":"https:\/\/luxonomy.net\/es\/wp-json\/wp\/v2\/posts\/18521","targetHints":{"allow":["GET"]}}],"collection":[{"href":"https:\/\/luxonomy.net\/es\/wp-json\/wp\/v2\/posts"}],"about":[{"href":"https:\/\/luxonomy.net\/es\/wp-json\/wp\/v2\/types\/post"}],"author":[{"embeddable":true,"href":"https:\/\/luxonomy.net\/es\/wp-json\/wp\/v2\/users\/10"}],"replies":[{"embeddable":true,"href":"https:\/\/luxonomy.net\/es\/wp-json\/wp\/v2\/comments?post=18521"}],"version-history":[{"count":1,"href":"https:\/\/luxonomy.net\/es\/wp-json\/wp\/v2\/posts\/18521\/revisions"}],"predecessor-version":[{"id":18522,"href":"https:\/\/luxonomy.net\/es\/wp-json\/wp\/v2\/posts\/18521\/revisions\/18522"}],"wp:featuredmedia":[{"embeddable":true,"href":"https:\/\/luxonomy.net\/es\/wp-json\/wp\/v2\/media\/18523"}],"wp:attachment":[{"href":"https:\/\/luxonomy.net\/es\/wp-json\/wp\/v2\/media?parent=18521"}],"wp:term":[{"taxonomy":"category","embeddable":true,"href":"https:\/\/luxonomy.net\/es\/wp-json\/wp\/v2\/categories?post=18521"},{"taxonomy":"post_tag","embeddable":true,"href":"https:\/\/luxonomy.net\/es\/wp-json\/wp\/v2\/tags?post=18521"},{"taxonomy":"thb-sponsors","embeddable":true,"href":"https:\/\/luxonomy.net\/es\/wp-json\/wp\/v2\/thb-sponsors?post=18521"}],"curies":[{"name":"wp","href":"https:\/\/api.w.org\/{rel}","templated":true}]}}