{"id":18130,"date":"2021-10-27T14:32:35","date_gmt":"2021-10-27T12:32:35","guid":{"rendered":"https:\/?p=18130"},"modified":"2021-10-27T14:32:35","modified_gmt":"2021-10-27T12:32:35","slug":"el-consulado-de-mexico-celebrara-dia-de-muertos-en-miami","status":"publish","type":"post","link":"https:\/\/luxonomy.net\/es\/el-consulado-de-mexico-celebrara-dia-de-muertos-en-miami\/","title":{"rendered":"El Consulado de M\u00e9xico celebrar\u00e1 D\u00eda de Muertos en Miami"},"content":{"rendered":"<p>La ciudad Coral Gables realizar\u00e1 este evento con VisitMexico el 30 de octubre. El Consulado de M\u00e9xico en Miami, la ciudad de Coral Gables y VisitMexico llevar\u00e1n por segunda ocasi\u00f3n la tradici\u00f3n del D\u00eda de Muertos a este destino.<\/p>\n<p>El festival de D\u00eda de Muertos se realizar\u00e1 el pr\u00f3ximo 30 de octubre con una serie de eventos culturales y comunitarios, indic\u00f3 el c\u00f3nsul Jonathan Chait.<\/p>\n<p>Asimismo, en esta ocasi\u00f3n se contar\u00e1 con la presencia de varios artistas como Luis \u00c1ngel Jaramillo, quien interpreta la voz de Miguel en la pel\u00edcula \u201cCoco\u201d.<\/p><div id=\"luxon-3298190530\" class=\"luxon-3er-parrafo luxon-entity-placement\" style=\"margin-top: 20px;margin-bottom: 20px;margin-left: auto;margin-right: auto;text-align: center;\"><a href=\"https:\/\/luxonomy.university\/course\/master-turismo-de-lujo\" target=\"_blank\" aria-label=\"master-turismo-lujo-2026-2027\"><img loading=\"lazy\" decoding=\"async\" src=\"https:\/\/i0.wp.com\/luxonomy.net\/wp-content\/uploads\/2020\/07\/master-turismo-lujo-2026-2027.jpg?fit=1672%2C941&#038;ssl=1\" alt=\"\"  srcset=\"https:\/\/i0.wp.com\/luxonomy.net\/wp-content\/uploads\/2020\/07\/master-turismo-lujo-2026-2027.jpg?w=1672&ssl=1 1672w, https:\/\/i0.wp.com\/luxonomy.net\/wp-content\/uploads\/2020\/07\/master-turismo-lujo-2026-2027.jpg?resize=300%2C169&ssl=1 300w, https:\/\/i0.wp.com\/luxonomy.net\/wp-content\/uploads\/2020\/07\/master-turismo-lujo-2026-2027.jpg?resize=1024%2C576&ssl=1 1024w, https:\/\/i0.wp.com\/luxonomy.net\/wp-content\/uploads\/2020\/07\/master-turismo-lujo-2026-2027.jpg?resize=768%2C432&ssl=1 768w, https:\/\/i0.wp.com\/luxonomy.net\/wp-content\/uploads\/2020\/07\/master-turismo-lujo-2026-2027.jpg?resize=1536%2C864&ssl=1 1536w, https:\/\/i0.wp.com\/luxonomy.net\/wp-content\/uploads\/2020\/07\/master-turismo-lujo-2026-2027.jpg?resize=370%2C208&ssl=1 370w, https:\/\/i0.wp.com\/luxonomy.net\/wp-content\/uploads\/2020\/07\/master-turismo-lujo-2026-2027.jpg?resize=800%2C450&ssl=1 800w, https:\/\/i0.wp.com\/luxonomy.net\/wp-content\/uploads\/2020\/07\/master-turismo-lujo-2026-2027.jpg?resize=20%2C11&ssl=1 20w, https:\/\/i0.wp.com\/luxonomy.net\/wp-content\/uploads\/2020\/07\/master-turismo-lujo-2026-2027.jpg?resize=740%2C416&ssl=1 740w, https:\/\/i0.wp.com\/luxonomy.net\/wp-content\/uploads\/2020\/07\/master-turismo-lujo-2026-2027.jpg?resize=1600%2C900&ssl=1 1600w, https:\/\/i0.wp.com\/luxonomy.net\/wp-content\/uploads\/2020\/07\/master-turismo-lujo-2026-2027.jpg?resize=1200%2C675&ssl=1 1200w, https:\/\/i0.wp.com\/luxonomy.net\/wp-content\/uploads\/2020\/07\/master-turismo-lujo-2026-2027.jpg?resize=85%2C48&ssl=1 85w\" sizes=\"(max-width: 1170px) 100vw, 1170px\" class=\"no-lazyload\" width=\"1672\" height=\"941\"   \/><\/a><\/div>\n<p>Tambi\u00e9n se contar\u00e1 con la participaci\u00f3n del Mariachi \u201cMi M\u00e9xico\u201d, los grupos de danza \u201cAmeyal\u201d y \u201cBallet Folcl\u00f3rico Azteca\u201d.<\/p>\n<p><img loading=\"lazy\" decoding=\"async\" data-attachment-id=\"18132\" data-permalink=\"https:\/\/luxonomy.net\/es\/el-consulado-de-mexico-celebrara-dia-de-muertos-en-miami\/dia-de-muertos\/\" data-orig-file=\"https:\/\/i0.wp.com\/luxonomy.net\/wp-content\/uploads\/2021\/10\/DI%CC%81A-DE-MUERTOS.jpeg?fit=667%2C924&amp;ssl=1\" data-orig-size=\"667,924\" data-comments-opened=\"1\" data-image-title=\"DI\u0301A-DE-MUERTOS\" data-image-description=\"\" data-image-caption=\"\" data-large-file=\"https:\/\/i0.wp.com\/luxonomy.net\/wp-content\/uploads\/2021\/10\/DI%CC%81A-DE-MUERTOS.jpeg?fit=667%2C924&amp;ssl=1\" class=\"size-full wp-image-18132 aligncenter lazyload\" src=\"data:image\/gif;base64,R0lGODlhAQABAAAAACH5BAEKAAEALAAAAAABAAEAAAICTAEAOw==\" data-src=\"http:\/\/luxonomy.net\/wp-content\/uploads\/2021\/10\/DI\u0301A-DE-MUERTOS.jpeg\" alt=\"\" width=\"667\" height=\"924\" data-sizes=\"auto\" data-srcset=\"https:\/\/i0.wp.com\/luxonomy.net\/wp-content\/uploads\/2021\/10\/DI%CC%81A-DE-MUERTOS.jpeg?w=667&amp;ssl=1 667w, https:\/\/i0.wp.com\/luxonomy.net\/wp-content\/uploads\/2021\/10\/DI%CC%81A-DE-MUERTOS.jpeg?resize=217%2C300&amp;ssl=1 217w, https:\/\/i0.wp.com\/luxonomy.net\/wp-content\/uploads\/2021\/10\/DI%CC%81A-DE-MUERTOS.jpeg?resize=370%2C513&amp;ssl=1 370w, https:\/\/i0.wp.com\/luxonomy.net\/wp-content\/uploads\/2021\/10\/DI%CC%81A-DE-MUERTOS.jpeg?resize=185%2C256&amp;ssl=1 185w, https:\/\/i0.wp.com\/luxonomy.net\/wp-content\/uploads\/2021\/10\/DI%CC%81A-DE-MUERTOS.jpeg?resize=20%2C28&amp;ssl=1 20w, https:\/\/i0.wp.com\/luxonomy.net\/wp-content\/uploads\/2021\/10\/DI%CC%81A-DE-MUERTOS.jpeg?resize=400%2C554&amp;ssl=1 400w, https:\/\/i0.wp.com\/luxonomy.net\/wp-content\/uploads\/2021\/10\/DI%CC%81A-DE-MUERTOS.jpeg?resize=600%2C831&amp;ssl=1 600w, https:\/\/i0.wp.com\/luxonomy.net\/wp-content\/uploads\/2021\/10\/DI%CC%81A-DE-MUERTOS.jpeg?resize=35%2C48&amp;ssl=1 35w\" sizes=\"auto, (max-width: 667px) 100vw, 667px\" \/><\/p>\n<p>De igual forma se llevar\u00e1 a cabo un concurso de catrinas y diversas actividades infantiles alusivas al D\u00eda de Muertos, indic\u00f3 el alcalde de Miami, Vince Lago.<\/p>\n<p>As\u00ed como la presentaci\u00f3n de un segmento de Prehisp\u00e1nica, producci\u00f3n de Lori Delgado, y que viaja por primera ocasi\u00f3n fuera de M\u00e9xico.<\/p>\n<p>Esta puesta en escena narra la historia de nuestros ancestros mexicanos quienes trazaron el camino de la noble raza de bronce y presenta la riqueza cultural de M\u00e9xico.<\/p><div id=\"luxon-2708890770\" class=\"luxon-7-parrafo luxon-entity-placement\" style=\"margin-top: 20px;margin-bottom: 20px;margin-left: auto;margin-right: auto;text-align: center;\"><a href=\"https:\/\/theintelligence.institute\/course\/inteligencia-artificial-para-directivos\" target=\"_blank\" aria-label=\"CSIAD_empresas_THEI_horizontal_4x3_v5\"><img loading=\"lazy\" decoding=\"async\" src=\"https:\/\/i0.wp.com\/luxonomy.net\/wp-content\/uploads\/2025\/08\/CSIAD_empresas_THEI_horizontal_4x3_v5.png?fit=2000%2C1500&#038;ssl=1\" alt=\"\"  srcset=\"https:\/\/i0.wp.com\/luxonomy.net\/wp-content\/uploads\/2025\/08\/CSIAD_empresas_THEI_horizontal_4x3_v5.png?w=2000&ssl=1 2000w, https:\/\/i0.wp.com\/luxonomy.net\/wp-content\/uploads\/2025\/08\/CSIAD_empresas_THEI_horizontal_4x3_v5.png?resize=300%2C225&ssl=1 300w, https:\/\/i0.wp.com\/luxonomy.net\/wp-content\/uploads\/2025\/08\/CSIAD_empresas_THEI_horizontal_4x3_v5.png?resize=1024%2C768&ssl=1 1024w, https:\/\/i0.wp.com\/luxonomy.net\/wp-content\/uploads\/2025\/08\/CSIAD_empresas_THEI_horizontal_4x3_v5.png?resize=768%2C576&ssl=1 768w, https:\/\/i0.wp.com\/luxonomy.net\/wp-content\/uploads\/2025\/08\/CSIAD_empresas_THEI_horizontal_4x3_v5.png?resize=1536%2C1152&ssl=1 1536w, https:\/\/i0.wp.com\/luxonomy.net\/wp-content\/uploads\/2025\/08\/CSIAD_empresas_THEI_horizontal_4x3_v5.png?resize=370%2C278&ssl=1 370w, https:\/\/i0.wp.com\/luxonomy.net\/wp-content\/uploads\/2025\/08\/CSIAD_empresas_THEI_horizontal_4x3_v5.png?resize=800%2C600&ssl=1 800w, https:\/\/i0.wp.com\/luxonomy.net\/wp-content\/uploads\/2025\/08\/CSIAD_empresas_THEI_horizontal_4x3_v5.png?resize=20%2C15&ssl=1 20w, https:\/\/i0.wp.com\/luxonomy.net\/wp-content\/uploads\/2025\/08\/CSIAD_empresas_THEI_horizontal_4x3_v5.png?resize=740%2C555&ssl=1 740w, https:\/\/i0.wp.com\/luxonomy.net\/wp-content\/uploads\/2025\/08\/CSIAD_empresas_THEI_horizontal_4x3_v5.png?resize=1600%2C1200&ssl=1 1600w, https:\/\/i0.wp.com\/luxonomy.net\/wp-content\/uploads\/2025\/08\/CSIAD_empresas_THEI_horizontal_4x3_v5.png?resize=1200%2C900&ssl=1 1200w, https:\/\/i0.wp.com\/luxonomy.net\/wp-content\/uploads\/2025\/08\/CSIAD_empresas_THEI_horizontal_4x3_v5.png?resize=64%2C48&ssl=1 64w\" sizes=\"(max-width: 1170px) 100vw, 1170px\" class=\"no-lazyload\" width=\"2000\" height=\"1500\"   \/><\/a><\/div>\n<p>Con D\u00eda de Muertos, el Consulado General de M\u00e9xico difunde el significado de esta tradici\u00f3n mexicana y comparte su celebraci\u00f3n con Miami.<\/p>\n<p>Las actividades de esta fiesta se realizar\u00e1n en Giralda Plaza y Merrick Way desde las 16 hasta las 20 horas del 30 de octubre.<\/p>\n<p>La celebraci\u00f3n de D\u00eda de Muertos fue declarada como patrimonio inmaterial de la humanidad por la Unesco en 2008.<\/p>\n<p>Durante la celebraci\u00f3n se honra la memoria de aquellos seres queridos que fallecieron (tambi\u00e9n llamados fieles difuntos).<\/p>\n","protected":false},"excerpt":{"rendered":"<p>La ciudad Coral Gables realizar\u00e1 este evento con VisitMexico el 30 de octubre. El Consulado de M\u00e9xico en Miami, la ciudad de Coral Gables y VisitMexico llevar\u00e1n por segunda ocasi\u00f3n la tradici\u00f3n del D\u00eda de Muertos a este destino. El festival de D\u00eda de Muertos se realizar\u00e1 el pr\u00f3ximo 30 de octubre con una serie&hellip;<\/p>\n","protected":false},"author":14,"featured_media":18131,"comment_status":"open","ping_status":"open","sticky":false,"template":"","format":"standard","meta":{"_jetpack_newsletter_access":"","_jetpack_dont_email_post_to_subs":false,"_jetpack_newsletter_tier_id":0,"_jetpack_memberships_contains_paywalled_content":false,"_jetpack_feature_clip_id":0,"_jetpack_memberships_contains_paid_content":false,"footnotes":"","jetpack_publicize_message":"","jetpack_publicize_feature_enabled":true,"jetpack_social_post_already_shared":true,"jetpack_social_options":{"image_generator_settings":{"template":"edge","default_image_id":0,"font":"","enabled":false},"version":2},"jetpack_post_was_ever_published":false},"categories":[284,320,227,321,314],"tags":[228,323,309,578,1239],"thb-sponsors":[],"class_list":["post-18130","post","type-post","status-publish","format-standard","has-post-thumbnail","hentry","category-america","category-estados-unidos","category-eventos","category-florida","category-mexico","tag-eventos","tag-florida","tag-mexico","tag-miami","tag-visitmexico"],"yoast_head":"<!-- This site is optimized with the Yoast SEO plugin v28.4 - https:\/\/yoast.com\/product\/yoast-seo-wordpress\/ -->\n<title>El Consulado de M\u00e9xico celebrar\u00e1 D\u00eda de Muertos en Miami | LUXONOMY<\/title>\n<meta name=\"robots\" content=\"index, follow, max-snippet:-1, max-image-preview:large, max-video-preview:-1\" \/>\n<link rel=\"canonical\" href=\"https:\/\/luxonomy.net\/es\/el-consulado-de-mexico-celebrara-dia-de-muertos-en-miami\/\" \/>\n<meta property=\"og:locale\" content=\"es_ES\" \/>\n<meta property=\"og:type\" content=\"article\" \/>\n<meta property=\"og:title\" content=\"El Consulado de M\u00e9xico celebrar\u00e1 D\u00eda de Muertos en Miami | LUXONOMY\" \/>\n<meta property=\"og:description\" content=\"La ciudad Coral Gables realizar\u00e1 este evento con VisitMexico el 30 de octubre. El Consulado de M\u00e9xico en Miami, la ciudad de Coral Gables y VisitMexico llevar\u00e1n por segunda ocasi\u00f3n la tradici\u00f3n del D\u00eda de Muertos a este destino. El festival de D\u00eda de Muertos se realizar\u00e1 el pr\u00f3ximo 30 de octubre con una serie&hellip;\" \/>\n<meta property=\"og:url\" content=\"https:\/\/luxonomy.net\/es\/el-consulado-de-mexico-celebrara-dia-de-muertos-en-miami\/\" \/>\n<meta property=\"og:site_name\" content=\"LUXONOMY\" \/>\n<meta property=\"article:publisher\" content=\"https:\/\/www.facebook.com\/luxonomy\" \/>\n<meta property=\"article:published_time\" content=\"2021-10-27T12:32:35+00:00\" \/>\n<meta property=\"og:image\" content=\"https:\/\/i0.wp.com\/luxonomy.net\/wp-content\/uploads\/2021\/10\/Consulado-de-Me%CC%81xico-celebrara%CC%81-Di%CC%81a-de-Muertos-en-Miami.jpg?fit=1200%2C780&quality=89&ssl=1\" \/>\n\t<meta property=\"og:image:width\" content=\"1200\" \/>\n\t<meta property=\"og:image:height\" content=\"780\" \/>\n\t<meta property=\"og:image:type\" content=\"image\/jpeg\" \/>\n<meta name=\"author\" content=\"Pablo Rodriguez de Aguilar\" \/>\n<meta name=\"twitter:card\" content=\"summary_large_image\" \/>\n<meta name=\"twitter:label1\" content=\"Escrito por\" \/>\n\t<meta name=\"twitter:data1\" content=\"Pablo Rodriguez de Aguilar\" \/>\n\t<meta name=\"twitter:label2\" content=\"Tiempo de lectura\" \/>\n\t<meta name=\"twitter:data2\" content=\"2 minutos\" \/>\n<script type=\"application\/ld+json\" class=\"yoast-schema-graph\">{\"@context\":\"https:\\\/\\\/schema.org\",\"@graph\":[{\"@type\":\"Article\",\"@id\":\"https:\\\/\\\/luxonomy.net\\\/es\\\/el-consulado-de-mexico-celebrara-dia-de-muertos-en-miami\\\/#article\",\"isPartOf\":{\"@id\":\"https:\\\/\\\/luxonomy.net\\\/es\\\/el-consulado-de-mexico-celebrara-dia-de-muertos-en-miami\\\/\"},\"author\":{\"name\":\"Pablo Rodriguez de Aguilar\",\"@id\":\"https:\\\/\\\/luxonomy.net\\\/es\\\/#\\\/schema\\\/person\\\/fc021969ca4a106d7ea9a64800b05fa7\"},\"headline\":\"El Consulado de M\u00e9xico celebrar\u00e1 D\u00eda de Muertos en Miami\",\"datePublished\":\"2021-10-27T12:32:35+00:00\",\"mainEntityOfPage\":{\"@id\":\"https:\\\/\\\/luxonomy.net\\\/es\\\/el-consulado-de-mexico-celebrara-dia-de-muertos-en-miami\\\/\"},\"wordCount\":305,\"commentCount\":0,\"publisher\":{\"@id\":\"https:\\\/\\\/luxonomy.net\\\/es\\\/#organization\"},\"image\":{\"@id\":\"https:\\\/\\\/luxonomy.net\\\/es\\\/el-consulado-de-mexico-celebrara-dia-de-muertos-en-miami\\\/#primaryimage\"},\"thumbnailUrl\":\"https:\\\/\\\/i0.wp.com\\\/luxonomy.net\\\/wp-content\\\/uploads\\\/2021\\\/10\\\/Consulado-de-Me%CC%81xico-celebrara%CC%81-Di%CC%81a-de-Muertos-en-Miami.jpg?fit=1200%2C780&ssl=1\",\"keywords\":[\"Eventos\",\"Florida\",\"M\u00e9xico\",\"Miami\",\"VisitMexico\"],\"articleSection\":[\"Am\u00e9rica\",\"Estados Unidos\",\"Eventos\",\"Florida\",\"M\u00e9xico\"],\"inLanguage\":\"es\",\"potentialAction\":[{\"@type\":\"CommentAction\",\"name\":\"Comment\",\"target\":[\"https:\\\/\\\/luxonomy.net\\\/es\\\/el-consulado-de-mexico-celebrara-dia-de-muertos-en-miami\\\/#respond\"]}]},{\"@type\":\"WebPage\",\"@id\":\"https:\\\/\\\/luxonomy.net\\\/es\\\/el-consulado-de-mexico-celebrara-dia-de-muertos-en-miami\\\/\",\"url\":\"https:\\\/\\\/luxonomy.net\\\/es\\\/el-consulado-de-mexico-celebrara-dia-de-muertos-en-miami\\\/\",\"name\":\"El Consulado de M\u00e9xico celebrar\u00e1 D\u00eda de Muertos en Miami | LUXONOMY\",\"isPartOf\":{\"@id\":\"https:\\\/\\\/luxonomy.net\\\/es\\\/#website\"},\"primaryImageOfPage\":{\"@id\":\"https:\\\/\\\/luxonomy.net\\\/es\\\/el-consulado-de-mexico-celebrara-dia-de-muertos-en-miami\\\/#primaryimage\"},\"image\":{\"@id\":\"https:\\\/\\\/luxonomy.net\\\/es\\\/el-consulado-de-mexico-celebrara-dia-de-muertos-en-miami\\\/#primaryimage\"},\"thumbnailUrl\":\"https:\\\/\\\/i0.wp.com\\\/luxonomy.net\\\/wp-content\\\/uploads\\\/2021\\\/10\\\/Consulado-de-Me%CC%81xico-celebrara%CC%81-Di%CC%81a-de-Muertos-en-Miami.jpg?fit=1200%2C780&ssl=1\",\"datePublished\":\"2021-10-27T12:32:35+00:00\",\"breadcrumb\":{\"@id\":\"https:\\\/\\\/luxonomy.net\\\/es\\\/el-consulado-de-mexico-celebrara-dia-de-muertos-en-miami\\\/#breadcrumb\"},\"inLanguage\":\"es\",\"potentialAction\":[{\"@type\":\"ReadAction\",\"target\":[\"https:\\\/\\\/luxonomy.net\\\/es\\\/el-consulado-de-mexico-celebrara-dia-de-muertos-en-miami\\\/\"]}]},{\"@type\":\"ImageObject\",\"inLanguage\":\"es\",\"@id\":\"https:\\\/\\\/luxonomy.net\\\/es\\\/el-consulado-de-mexico-celebrara-dia-de-muertos-en-miami\\\/#primaryimage\",\"url\":\"https:\\\/\\\/i0.wp.com\\\/luxonomy.net\\\/wp-content\\\/uploads\\\/2021\\\/10\\\/Consulado-de-Me%CC%81xico-celebrara%CC%81-Di%CC%81a-de-Muertos-en-Miami.jpg?fit=1200%2C780&ssl=1\",\"contentUrl\":\"https:\\\/\\\/i0.wp.com\\\/luxonomy.net\\\/wp-content\\\/uploads\\\/2021\\\/10\\\/Consulado-de-Me%CC%81xico-celebrara%CC%81-Di%CC%81a-de-Muertos-en-Miami.jpg?fit=1200%2C780&ssl=1\",\"width\":1200,\"height\":780},{\"@type\":\"BreadcrumbList\",\"@id\":\"https:\\\/\\\/luxonomy.net\\\/es\\\/el-consulado-de-mexico-celebrara-dia-de-muertos-en-miami\\\/#breadcrumb\",\"itemListElement\":[{\"@type\":\"ListItem\",\"position\":1,\"name\":\"Portada\",\"item\":\"https:\\\/\\\/luxonomy.net\\\/es\\\/\"},{\"@type\":\"ListItem\",\"position\":2,\"name\":\"El Consulado de M\u00e9xico celebrar\u00e1 D\u00eda de Muertos en Miami\"}]},{\"@type\":\"WebSite\",\"@id\":\"https:\\\/\\\/luxonomy.net\\\/es\\\/#website\",\"url\":\"https:\\\/\\\/luxonomy.net\\\/es\\\/\",\"name\":\"LUXONOMY\",\"description\":\"The Economy of Fashion &amp; Luxury\",\"publisher\":{\"@id\":\"https:\\\/\\\/luxonomy.net\\\/es\\\/#organization\"},\"potentialAction\":[{\"@type\":\"SearchAction\",\"target\":{\"@type\":\"EntryPoint\",\"urlTemplate\":\"https:\\\/\\\/luxonomy.net\\\/es\\\/?s={search_term_string}\"},\"query-input\":{\"@type\":\"PropertyValueSpecification\",\"valueRequired\":true,\"valueName\":\"search_term_string\"}}],\"inLanguage\":\"es\"},{\"@type\":\"Organization\",\"@id\":\"https:\\\/\\\/luxonomy.net\\\/es\\\/#organization\",\"name\":\"LUXONOMY\",\"url\":\"https:\\\/\\\/luxonomy.net\\\/es\\\/\",\"logo\":{\"@type\":\"ImageObject\",\"inLanguage\":\"es\",\"@id\":\"https:\\\/\\\/luxonomy.net\\\/es\\\/#\\\/schema\\\/logo\\\/image\\\/\",\"url\":\"https:\\\/\\\/i2.wp.com\\\/luxonomy.net\\\/wp-content\\\/uploads\\\/2021\\\/09\\\/MOCKUP-TODOS-LUXONOMY.jpg?fit=1000%2C515&ssl=1\",\"contentUrl\":\"https:\\\/\\\/i2.wp.com\\\/luxonomy.net\\\/wp-content\\\/uploads\\\/2021\\\/09\\\/MOCKUP-TODOS-LUXONOMY.jpg?fit=1000%2C515&ssl=1\",\"width\":1000,\"height\":515,\"caption\":\"LUXONOMY\"},\"image\":{\"@id\":\"https:\\\/\\\/luxonomy.net\\\/es\\\/#\\\/schema\\\/logo\\\/image\\\/\"},\"sameAs\":[\"https:\\\/\\\/www.facebook.com\\\/luxonomy\",\"https:\\\/\\\/www.instagram.com\\\/luxonomy\\\/\",\"https:\\\/\\\/www.linkedin.com\\\/company\\\/luxonomy\\\/\"]},{\"@type\":\"Person\",\"@id\":\"https:\\\/\\\/luxonomy.net\\\/es\\\/#\\\/schema\\\/person\\\/fc021969ca4a106d7ea9a64800b05fa7\",\"name\":\"Pablo Rodriguez de Aguilar\",\"image\":{\"@type\":\"ImageObject\",\"inLanguage\":\"es\",\"@id\":\"https:\\\/\\\/luxonomy.net\\\/wp-content\\\/litespeed\\\/avatar\\\/d4cf5f3956bcabe0ce8ae95e4c6604f9.jpg?ver=1788140676\",\"url\":\"https:\\\/\\\/luxonomy.net\\\/wp-content\\\/litespeed\\\/avatar\\\/d4cf5f3956bcabe0ce8ae95e4c6604f9.jpg?ver=1788140676\",\"contentUrl\":\"https:\\\/\\\/luxonomy.net\\\/wp-content\\\/litespeed\\\/avatar\\\/d4cf5f3956bcabe0ce8ae95e4c6604f9.jpg?ver=1788140676\",\"caption\":\"Pablo Rodriguez de Aguilar\"},\"description\":\"Regional Sales Manager at LUXONOMY\u2122 Group America\",\"sameAs\":[\"mailto:info@salondellujo.com\"],\"url\":\"https:\\\/\\\/luxonomy.net\\\/es\\\/author\\\/pablo-rodriguez-de-aguilar\\\/\"}]}<\/script>\n<!-- \/ Yoast SEO plugin. -->","yoast_head_json":{"title":"El Consulado de M\u00e9xico celebrar\u00e1 D\u00eda de Muertos en Miami | LUXONOMY","robots":{"index":"index","follow":"follow","max-snippet":"max-snippet:-1","max-image-preview":"max-image-preview:large","max-video-preview":"max-video-preview:-1"},"canonical":"https:\/\/luxonomy.net\/es\/el-consulado-de-mexico-celebrara-dia-de-muertos-en-miami\/","og_locale":"es_ES","og_type":"article","og_title":"El Consulado de M\u00e9xico celebrar\u00e1 D\u00eda de Muertos en Miami | LUXONOMY","og_description":"La ciudad Coral Gables realizar\u00e1 este evento con VisitMexico el 30 de octubre. El Consulado de M\u00e9xico en Miami, la ciudad de Coral Gables y VisitMexico llevar\u00e1n por segunda ocasi\u00f3n la tradici\u00f3n del D\u00eda de Muertos a este destino. El festival de D\u00eda de Muertos se realizar\u00e1 el pr\u00f3ximo 30 de octubre con una serie&hellip;","og_url":"https:\/\/luxonomy.net\/es\/el-consulado-de-mexico-celebrara-dia-de-muertos-en-miami\/","og_site_name":"LUXONOMY","article_publisher":"https:\/\/www.facebook.com\/luxonomy","article_published_time":"2021-10-27T12:32:35+00:00","og_image":[{"width":1200,"height":780,"url":"https:\/\/i0.wp.com\/luxonomy.net\/wp-content\/uploads\/2021\/10\/Consulado-de-Me%CC%81xico-celebrara%CC%81-Di%CC%81a-de-Muertos-en-Miami.jpg?fit=1200%2C780&quality=89&ssl=1","type":"image\/jpeg"}],"author":"Pablo Rodriguez de Aguilar","twitter_card":"summary_large_image","twitter_misc":{"Escrito por":"Pablo Rodriguez de Aguilar","Tiempo de lectura":"2 minutos"},"schema":{"@context":"https:\/\/schema.org","@graph":[{"@type":"Article","@id":"https:\/\/luxonomy.net\/es\/el-consulado-de-mexico-celebrara-dia-de-muertos-en-miami\/#article","isPartOf":{"@id":"https:\/\/luxonomy.net\/es\/el-consulado-de-mexico-celebrara-dia-de-muertos-en-miami\/"},"author":{"name":"Pablo Rodriguez de Aguilar","@id":"https:\/\/luxonomy.net\/es\/#\/schema\/person\/fc021969ca4a106d7ea9a64800b05fa7"},"headline":"El Consulado de M\u00e9xico celebrar\u00e1 D\u00eda de Muertos en Miami","datePublished":"2021-10-27T12:32:35+00:00","mainEntityOfPage":{"@id":"https:\/\/luxonomy.net\/es\/el-consulado-de-mexico-celebrara-dia-de-muertos-en-miami\/"},"wordCount":305,"commentCount":0,"publisher":{"@id":"https:\/\/luxonomy.net\/es\/#organization"},"image":{"@id":"https:\/\/luxonomy.net\/es\/el-consulado-de-mexico-celebrara-dia-de-muertos-en-miami\/#primaryimage"},"thumbnailUrl":"https:\/\/i0.wp.com\/luxonomy.net\/wp-content\/uploads\/2021\/10\/Consulado-de-Me%CC%81xico-celebrara%CC%81-Di%CC%81a-de-Muertos-en-Miami.jpg?fit=1200%2C780&ssl=1","keywords":["Eventos","Florida","M\u00e9xico","Miami","VisitMexico"],"articleSection":["Am\u00e9rica","Estados Unidos","Eventos","Florida","M\u00e9xico"],"inLanguage":"es","potentialAction":[{"@type":"CommentAction","name":"Comment","target":["https:\/\/luxonomy.net\/es\/el-consulado-de-mexico-celebrara-dia-de-muertos-en-miami\/#respond"]}]},{"@type":"WebPage","@id":"https:\/\/luxonomy.net\/es\/el-consulado-de-mexico-celebrara-dia-de-muertos-en-miami\/","url":"https:\/\/luxonomy.net\/es\/el-consulado-de-mexico-celebrara-dia-de-muertos-en-miami\/","name":"El Consulado de M\u00e9xico celebrar\u00e1 D\u00eda de Muertos en Miami | LUXONOMY","isPartOf":{"@id":"https:\/\/luxonomy.net\/es\/#website"},"primaryImageOfPage":{"@id":"https:\/\/luxonomy.net\/es\/el-consulado-de-mexico-celebrara-dia-de-muertos-en-miami\/#primaryimage"},"image":{"@id":"https:\/\/luxonomy.net\/es\/el-consulado-de-mexico-celebrara-dia-de-muertos-en-miami\/#primaryimage"},"thumbnailUrl":"https:\/\/i0.wp.com\/luxonomy.net\/wp-content\/uploads\/2021\/10\/Consulado-de-Me%CC%81xico-celebrara%CC%81-Di%CC%81a-de-Muertos-en-Miami.jpg?fit=1200%2C780&ssl=1","datePublished":"2021-10-27T12:32:35+00:00","breadcrumb":{"@id":"https:\/\/luxonomy.net\/es\/el-consulado-de-mexico-celebrara-dia-de-muertos-en-miami\/#breadcrumb"},"inLanguage":"es","potentialAction":[{"@type":"ReadAction","target":["https:\/\/luxonomy.net\/es\/el-consulado-de-mexico-celebrara-dia-de-muertos-en-miami\/"]}]},{"@type":"ImageObject","inLanguage":"es","@id":"https:\/\/luxonomy.net\/es\/el-consulado-de-mexico-celebrara-dia-de-muertos-en-miami\/#primaryimage","url":"https:\/\/i0.wp.com\/luxonomy.net\/wp-content\/uploads\/2021\/10\/Consulado-de-Me%CC%81xico-celebrara%CC%81-Di%CC%81a-de-Muertos-en-Miami.jpg?fit=1200%2C780&ssl=1","contentUrl":"https:\/\/i0.wp.com\/luxonomy.net\/wp-content\/uploads\/2021\/10\/Consulado-de-Me%CC%81xico-celebrara%CC%81-Di%CC%81a-de-Muertos-en-Miami.jpg?fit=1200%2C780&ssl=1","width":1200,"height":780},{"@type":"BreadcrumbList","@id":"https:\/\/luxonomy.net\/es\/el-consulado-de-mexico-celebrara-dia-de-muertos-en-miami\/#breadcrumb","itemListElement":[{"@type":"ListItem","position":1,"name":"Portada","item":"https:\/\/luxonomy.net\/es\/"},{"@type":"ListItem","position":2,"name":"El Consulado de M\u00e9xico celebrar\u00e1 D\u00eda de Muertos en Miami"}]},{"@type":"WebSite","@id":"https:\/\/luxonomy.net\/es\/#website","url":"https:\/\/luxonomy.net\/es\/","name":"LUXONOMY","description":"The Economy of Fashion &amp; Luxury","publisher":{"@id":"https:\/\/luxonomy.net\/es\/#organization"},"potentialAction":[{"@type":"SearchAction","target":{"@type":"EntryPoint","urlTemplate":"https:\/\/luxonomy.net\/es\/?s={search_term_string}"},"query-input":{"@type":"PropertyValueSpecification","valueRequired":true,"valueName":"search_term_string"}}],"inLanguage":"es"},{"@type":"Organization","@id":"https:\/\/luxonomy.net\/es\/#organization","name":"LUXONOMY","url":"https:\/\/luxonomy.net\/es\/","logo":{"@type":"ImageObject","inLanguage":"es","@id":"https:\/\/luxonomy.net\/es\/#\/schema\/logo\/image\/","url":"https:\/\/i2.wp.com\/luxonomy.net\/wp-content\/uploads\/2021\/09\/MOCKUP-TODOS-LUXONOMY.jpg?fit=1000%2C515&ssl=1","contentUrl":"https:\/\/i2.wp.com\/luxonomy.net\/wp-content\/uploads\/2021\/09\/MOCKUP-TODOS-LUXONOMY.jpg?fit=1000%2C515&ssl=1","width":1000,"height":515,"caption":"LUXONOMY"},"image":{"@id":"https:\/\/luxonomy.net\/es\/#\/schema\/logo\/image\/"},"sameAs":["https:\/\/www.facebook.com\/luxonomy","https:\/\/www.instagram.com\/luxonomy\/","https:\/\/www.linkedin.com\/company\/luxonomy\/"]},{"@type":"Person","@id":"https:\/\/luxonomy.net\/es\/#\/schema\/person\/fc021969ca4a106d7ea9a64800b05fa7","name":"Pablo Rodriguez de Aguilar","image":{"@type":"ImageObject","inLanguage":"es","@id":"https:\/\/luxonomy.net\/wp-content\/litespeed\/avatar\/d4cf5f3956bcabe0ce8ae95e4c6604f9.jpg?ver=1788140676","url":"https:\/\/luxonomy.net\/wp-content\/litespeed\/avatar\/d4cf5f3956bcabe0ce8ae95e4c6604f9.jpg?ver=1788140676","contentUrl":"https:\/\/luxonomy.net\/wp-content\/litespeed\/avatar\/d4cf5f3956bcabe0ce8ae95e4c6604f9.jpg?ver=1788140676","caption":"Pablo Rodriguez de Aguilar"},"description":"Regional Sales Manager at LUXONOMY\u2122 Group America","sameAs":["mailto:info@salondellujo.com"],"url":"https:\/\/luxonomy.net\/es\/author\/pablo-rodriguez-de-aguilar\/"}]}},"jetpack_publicize_connections":[],"jetpack_shortlink":"https:\/\/wp.me\/paPhBa-4Iq","jetpack_sharing_enabled":true,"jetpack_featured_media_url":"https:\/\/i0.wp.com\/luxonomy.net\/wp-content\/uploads\/2021\/10\/Consulado-de-Me%CC%81xico-celebrara%CC%81-Di%CC%81a-de-Muertos-en-Miami.jpg?fit=1200%2C780&ssl=1","_links":{"self":[{"href":"https:\/\/luxonomy.net\/es\/wp-json\/wp\/v2\/posts\/18130","targetHints":{"allow":["GET"]}}],"collection":[{"href":"https:\/\/luxonomy.net\/es\/wp-json\/wp\/v2\/posts"}],"about":[{"href":"https:\/\/luxonomy.net\/es\/wp-json\/wp\/v2\/types\/post"}],"author":[{"embeddable":true,"href":"https:\/\/luxonomy.net\/es\/wp-json\/wp\/v2\/users\/14"}],"replies":[{"embeddable":true,"href":"https:\/\/luxonomy.net\/es\/wp-json\/wp\/v2\/comments?post=18130"}],"version-history":[{"count":1,"href":"https:\/\/luxonomy.net\/es\/wp-json\/wp\/v2\/posts\/18130\/revisions"}],"predecessor-version":[{"id":18133,"href":"https:\/\/luxonomy.net\/es\/wp-json\/wp\/v2\/posts\/18130\/revisions\/18133"}],"wp:featuredmedia":[{"embeddable":true,"href":"https:\/\/luxonomy.net\/es\/wp-json\/wp\/v2\/media\/18131"}],"wp:attachment":[{"href":"https:\/\/luxonomy.net\/es\/wp-json\/wp\/v2\/media?parent=18130"}],"wp:term":[{"taxonomy":"category","embeddable":true,"href":"https:\/\/luxonomy.net\/es\/wp-json\/wp\/v2\/categories?post=18130"},{"taxonomy":"post_tag","embeddable":true,"href":"https:\/\/luxonomy.net\/es\/wp-json\/wp\/v2\/tags?post=18130"},{"taxonomy":"thb-sponsors","embeddable":true,"href":"https:\/\/luxonomy.net\/es\/wp-json\/wp\/v2\/thb-sponsors?post=18130"}],"curies":[{"name":"wp","href":"https:\/\/api.w.org\/{rel}","templated":true}]}}