{"id":18099,"date":"2021-10-26T14:40:06","date_gmt":"2021-10-26T12:40:06","guid":{"rendered":"https:\/?p=18099"},"modified":"2021-10-26T14:40:06","modified_gmt":"2021-10-26T12:40:06","slug":"momad-recibe-el-premio-triangulo-de-la-moda-por-su-trabajo-en-la-recuperacion-de-ferias-de-industria-textil","status":"publish","type":"post","link":"https:\/\/luxonomy.net\/es\/momad-recibe-el-premio-triangulo-de-la-moda-por-su-trabajo-en-la-recuperacion-de-ferias-de-industria-textil\/","title":{"rendered":"Momad recibe el premio Tri\u00e1ngulo de la Moda por su trabajo en la recuperaci\u00f3n de ferias de industria textil"},"content":{"rendered":"<p>El Sal\u00f3n Internacional de Moda, Textil, Calzado y Accesorios (MOMAD) ha recibido el galard\u00f3n Tri\u00e1ngulo de la Moda por su labor en la realizaci\u00f3n de eventos dedicados al sector de &#8220;la moda y lifestyle en la ciudad de Madrid&#8221;, adem\u00e1s de poner en valor la implicaci\u00f3n en las ferias celebradas.<\/p>\n<p>Seg\u00fan ha explicado Ifema Madrid en un comunicado, el galard\u00f3n ha sido recogido por la directora de la feria, Julia Gonz\u00e1lez, en un evento celebrado en el Palacio de los Duques de Santo\u00f1a en el que tambi\u00e9n ha sido premiado el alcalde de Madrid, Jos\u00e9 Luis Mart\u00ednez Almeida, el director del programa de Flash Moda en TVE, Jes\u00fas Mar\u00eda Montes Fern\u00e1ndez y Flora Gonz\u00e1lez, presentadora de Informativos Telecinco.<\/p>\n<p>Gonz\u00e1lez ha valorado muy positivamente este reconocimiento y ha asegurado que &#8220;recibir este galard\u00f3n es una demostraci\u00f3n del esfuerzo que se ha realizado desde Ifema Madrid durante todos los meses de la pandemia y posteriores para poder llevar a cabo eventos en el sector&#8221;. &#8220;Estamos encantados de recibir este premio que nos anima a seguir trabajando para que las ferias crezcan del mismo modo que crece este sector&#8221;, ha incidido.<\/p><div id=\"luxon-3679698924\" class=\"luxon-3er-parrafo luxon-entity-placement\" style=\"margin-top: 20px;margin-bottom: 20px;margin-left: auto;margin-right: auto;text-align: center;\"><a href=\"https:\/\/luxonomy.university\/course\/master-turismo-de-lujo\" target=\"_blank\" aria-label=\"master-turismo-lujo-2026-2027\"><img loading=\"lazy\" decoding=\"async\" src=\"https:\/\/i0.wp.com\/luxonomy.net\/wp-content\/uploads\/2020\/07\/master-turismo-lujo-2026-2027.jpg?fit=1672%2C941&#038;ssl=1\" alt=\"\"  srcset=\"https:\/\/i0.wp.com\/luxonomy.net\/wp-content\/uploads\/2020\/07\/master-turismo-lujo-2026-2027.jpg?w=1672&ssl=1 1672w, https:\/\/i0.wp.com\/luxonomy.net\/wp-content\/uploads\/2020\/07\/master-turismo-lujo-2026-2027.jpg?resize=300%2C169&ssl=1 300w, https:\/\/i0.wp.com\/luxonomy.net\/wp-content\/uploads\/2020\/07\/master-turismo-lujo-2026-2027.jpg?resize=1024%2C576&ssl=1 1024w, https:\/\/i0.wp.com\/luxonomy.net\/wp-content\/uploads\/2020\/07\/master-turismo-lujo-2026-2027.jpg?resize=768%2C432&ssl=1 768w, https:\/\/i0.wp.com\/luxonomy.net\/wp-content\/uploads\/2020\/07\/master-turismo-lujo-2026-2027.jpg?resize=1536%2C864&ssl=1 1536w, https:\/\/i0.wp.com\/luxonomy.net\/wp-content\/uploads\/2020\/07\/master-turismo-lujo-2026-2027.jpg?resize=370%2C208&ssl=1 370w, https:\/\/i0.wp.com\/luxonomy.net\/wp-content\/uploads\/2020\/07\/master-turismo-lujo-2026-2027.jpg?resize=800%2C450&ssl=1 800w, https:\/\/i0.wp.com\/luxonomy.net\/wp-content\/uploads\/2020\/07\/master-turismo-lujo-2026-2027.jpg?resize=20%2C11&ssl=1 20w, https:\/\/i0.wp.com\/luxonomy.net\/wp-content\/uploads\/2020\/07\/master-turismo-lujo-2026-2027.jpg?resize=740%2C416&ssl=1 740w, https:\/\/i0.wp.com\/luxonomy.net\/wp-content\/uploads\/2020\/07\/master-turismo-lujo-2026-2027.jpg?resize=1600%2C900&ssl=1 1600w, https:\/\/i0.wp.com\/luxonomy.net\/wp-content\/uploads\/2020\/07\/master-turismo-lujo-2026-2027.jpg?resize=1200%2C675&ssl=1 1200w, https:\/\/i0.wp.com\/luxonomy.net\/wp-content\/uploads\/2020\/07\/master-turismo-lujo-2026-2027.jpg?resize=85%2C48&ssl=1 85w\" sizes=\"(max-width: 1170px) 100vw, 1170px\" class=\"no-lazyload\" width=\"1672\" height=\"941\"   \/><\/a><\/div>\n<p>El premio, entregado por el Tri\u00e1ngulo de la Moda, una asociaci\u00f3n que trabaja, desde hace m\u00e1s de diez a\u00f1os, por la promoci\u00f3n de la zona centro de Madrid y su actividad econ\u00f3mica con comerciantes y mayoristas.<\/p>\n","protected":false},"excerpt":{"rendered":"<p>El Sal\u00f3n Internacional de Moda, Textil, Calzado y Accesorios (MOMAD) ha recibido el galard\u00f3n Tri\u00e1ngulo de la Moda por su labor en la realizaci\u00f3n de eventos dedicados al sector de &#8220;la moda y lifestyle en la ciudad de Madrid&#8221;, adem\u00e1s de poner en valor la implicaci\u00f3n en las ferias celebradas. Seg\u00fan ha explicado Ifema Madrid&hellip;<\/p>\n","protected":false},"author":1,"featured_media":18100,"comment_status":"open","ping_status":"open","sticky":false,"template":"","format":"standard","meta":{"_jetpack_newsletter_access":"","_jetpack_dont_email_post_to_subs":false,"_jetpack_newsletter_tier_id":0,"_jetpack_memberships_contains_paywalled_content":false,"_jetpack_feature_clip_id":0,"_jetpack_memberships_contains_paid_content":false,"footnotes":"","jetpack_publicize_message":"Momad recibe el premio Tri\u00e1ngulo de la Moda por su trabajo en la recuperaci\u00f3n de ferias de industria textil.\r\n\r\nSeg\u00fan ha explicado Ifema Madrid en un comunicado, el galard\u00f3n ha sido recogido por la directora de la feria, Julia Gonz\u00e1lez, en un evento celebrado en el Palacio de los Duques de Santo\u00f1a en el que tambi\u00e9n ha sido premiado el alcalde de Madrid, Jos\u00e9 Luis Mart\u00ednez Almeida, el director del programa de Flash Moda en TVE, Jes\u00fas Mar\u00eda Montes Fern\u00e1ndez y Flora Gonz\u00e1lez, presentadora de Informativos Telecinco.\r\n\r\n#luxonomy #moda #momad #ifema","jetpack_publicize_feature_enabled":true,"jetpack_social_post_already_shared":true,"jetpack_social_options":{"image_generator_settings":{"template":"edge","default_image_id":0,"font":"","enabled":false},"version":2},"jetpack_post_was_ever_published":false},"categories":[227,534],"tags":[228,586],"thb-sponsors":[],"class_list":["post-18099","post","type-post","status-publish","format-standard","has-post-thumbnail","hentry","category-eventos","category-moda","tag-eventos","tag-moda"],"yoast_head":"<!-- This site is optimized with the Yoast SEO plugin v28.4 - https:\/\/yoast.com\/product\/yoast-seo-wordpress\/ -->\n<title>Momad recibe el premio Tri\u00e1ngulo de la Moda por su trabajo en la recuperaci\u00f3n de ferias de industria textil | LUXONOMY<\/title>\n<meta name=\"robots\" content=\"index, follow, max-snippet:-1, max-image-preview:large, max-video-preview:-1\" \/>\n<link rel=\"canonical\" href=\"https:\/\/luxonomy.net\/es\/momad-recibe-el-premio-triangulo-de-la-moda-por-su-trabajo-en-la-recuperacion-de-ferias-de-industria-textil\/\" \/>\n<meta property=\"og:locale\" content=\"es_ES\" \/>\n<meta property=\"og:type\" content=\"article\" \/>\n<meta property=\"og:title\" content=\"Momad recibe el premio Tri\u00e1ngulo de la Moda por su trabajo en la recuperaci\u00f3n de ferias de industria textil | LUXONOMY\" \/>\n<meta property=\"og:description\" content=\"El Sal\u00f3n Internacional de Moda, Textil, Calzado y Accesorios (MOMAD) ha recibido el galard\u00f3n Tri\u00e1ngulo de la Moda por su labor en la realizaci\u00f3n de eventos dedicados al sector de &#8220;la moda y lifestyle en la ciudad de Madrid&#8221;, adem\u00e1s de poner en valor la implicaci\u00f3n en las ferias celebradas. Seg\u00fan ha explicado Ifema Madrid&hellip;\" \/>\n<meta property=\"og:url\" content=\"https:\/\/luxonomy.net\/es\/momad-recibe-el-premio-triangulo-de-la-moda-por-su-trabajo-en-la-recuperacion-de-ferias-de-industria-textil\/\" \/>\n<meta property=\"og:site_name\" content=\"LUXONOMY\" \/>\n<meta property=\"article:publisher\" content=\"https:\/\/www.facebook.com\/luxonomy\" \/>\n<meta property=\"article:published_time\" content=\"2021-10-26T12:40:06+00:00\" \/>\n<meta property=\"og:image\" content=\"https:\/\/i0.wp.com\/luxonomy.net\/wp-content\/uploads\/2021\/10\/Captura-de-pantalla-2021-10-26-a-las-14.34.14.png?fit=686%2C549&quality=80&ssl=1\" \/>\n\t<meta property=\"og:image:width\" content=\"686\" \/>\n\t<meta property=\"og:image:height\" content=\"549\" \/>\n\t<meta property=\"og:image:type\" content=\"image\/png\" \/>\n<meta name=\"author\" content=\"LUXONOMY\" \/>\n<meta name=\"twitter:card\" content=\"summary_large_image\" \/>\n<meta name=\"twitter:label1\" content=\"Escrito por\" \/>\n\t<meta name=\"twitter:data1\" content=\"LUXONOMY\" \/>\n\t<meta name=\"twitter:label2\" content=\"Tiempo de lectura\" \/>\n\t<meta name=\"twitter:data2\" content=\"1 minuto\" \/>\n<script type=\"application\/ld+json\" class=\"yoast-schema-graph\">{\"@context\":\"https:\\\/\\\/schema.org\",\"@graph\":[{\"@type\":\"Article\",\"@id\":\"https:\\\/\\\/luxonomy.net\\\/es\\\/momad-recibe-el-premio-triangulo-de-la-moda-por-su-trabajo-en-la-recuperacion-de-ferias-de-industria-textil\\\/#article\",\"isPartOf\":{\"@id\":\"https:\\\/\\\/luxonomy.net\\\/es\\\/momad-recibe-el-premio-triangulo-de-la-moda-por-su-trabajo-en-la-recuperacion-de-ferias-de-industria-textil\\\/\"},\"author\":{\"name\":\"LUXONOMY\",\"@id\":\"https:\\\/\\\/luxonomy.net\\\/es\\\/#\\\/schema\\\/person\\\/ca588d8b741a1fdd9065289c8d98ee8c\"},\"headline\":\"Momad recibe el premio Tri\u00e1ngulo de la Moda por su trabajo en la recuperaci\u00f3n de ferias de industria textil\",\"datePublished\":\"2021-10-26T12:40:06+00:00\",\"mainEntityOfPage\":{\"@id\":\"https:\\\/\\\/luxonomy.net\\\/es\\\/momad-recibe-el-premio-triangulo-de-la-moda-por-su-trabajo-en-la-recuperacion-de-ferias-de-industria-textil\\\/\"},\"wordCount\":270,\"commentCount\":0,\"publisher\":{\"@id\":\"https:\\\/\\\/luxonomy.net\\\/es\\\/#organization\"},\"image\":{\"@id\":\"https:\\\/\\\/luxonomy.net\\\/es\\\/momad-recibe-el-premio-triangulo-de-la-moda-por-su-trabajo-en-la-recuperacion-de-ferias-de-industria-textil\\\/#primaryimage\"},\"thumbnailUrl\":\"https:\\\/\\\/i0.wp.com\\\/luxonomy.net\\\/wp-content\\\/uploads\\\/2021\\\/10\\\/Captura-de-pantalla-2021-10-26-a-las-14.34.14.png?fit=686%2C549&ssl=1\",\"keywords\":[\"Eventos\",\"Moda\"],\"articleSection\":[\"Eventos\",\"Moda\"],\"inLanguage\":\"es\",\"potentialAction\":[{\"@type\":\"CommentAction\",\"name\":\"Comment\",\"target\":[\"https:\\\/\\\/luxonomy.net\\\/es\\\/momad-recibe-el-premio-triangulo-de-la-moda-por-su-trabajo-en-la-recuperacion-de-ferias-de-industria-textil\\\/#respond\"]}]},{\"@type\":\"WebPage\",\"@id\":\"https:\\\/\\\/luxonomy.net\\\/es\\\/momad-recibe-el-premio-triangulo-de-la-moda-por-su-trabajo-en-la-recuperacion-de-ferias-de-industria-textil\\\/\",\"url\":\"https:\\\/\\\/luxonomy.net\\\/es\\\/momad-recibe-el-premio-triangulo-de-la-moda-por-su-trabajo-en-la-recuperacion-de-ferias-de-industria-textil\\\/\",\"name\":\"Momad recibe el premio Tri\u00e1ngulo de la Moda por su trabajo en la recuperaci\u00f3n de ferias de industria textil | LUXONOMY\",\"isPartOf\":{\"@id\":\"https:\\\/\\\/luxonomy.net\\\/es\\\/#website\"},\"primaryImageOfPage\":{\"@id\":\"https:\\\/\\\/luxonomy.net\\\/es\\\/momad-recibe-el-premio-triangulo-de-la-moda-por-su-trabajo-en-la-recuperacion-de-ferias-de-industria-textil\\\/#primaryimage\"},\"image\":{\"@id\":\"https:\\\/\\\/luxonomy.net\\\/es\\\/momad-recibe-el-premio-triangulo-de-la-moda-por-su-trabajo-en-la-recuperacion-de-ferias-de-industria-textil\\\/#primaryimage\"},\"thumbnailUrl\":\"https:\\\/\\\/i0.wp.com\\\/luxonomy.net\\\/wp-content\\\/uploads\\\/2021\\\/10\\\/Captura-de-pantalla-2021-10-26-a-las-14.34.14.png?fit=686%2C549&ssl=1\",\"datePublished\":\"2021-10-26T12:40:06+00:00\",\"breadcrumb\":{\"@id\":\"https:\\\/\\\/luxonomy.net\\\/es\\\/momad-recibe-el-premio-triangulo-de-la-moda-por-su-trabajo-en-la-recuperacion-de-ferias-de-industria-textil\\\/#breadcrumb\"},\"inLanguage\":\"es\",\"potentialAction\":[{\"@type\":\"ReadAction\",\"target\":[\"https:\\\/\\\/luxonomy.net\\\/es\\\/momad-recibe-el-premio-triangulo-de-la-moda-por-su-trabajo-en-la-recuperacion-de-ferias-de-industria-textil\\\/\"]}]},{\"@type\":\"ImageObject\",\"inLanguage\":\"es\",\"@id\":\"https:\\\/\\\/luxonomy.net\\\/es\\\/momad-recibe-el-premio-triangulo-de-la-moda-por-su-trabajo-en-la-recuperacion-de-ferias-de-industria-textil\\\/#primaryimage\",\"url\":\"https:\\\/\\\/i0.wp.com\\\/luxonomy.net\\\/wp-content\\\/uploads\\\/2021\\\/10\\\/Captura-de-pantalla-2021-10-26-a-las-14.34.14.png?fit=686%2C549&ssl=1\",\"contentUrl\":\"https:\\\/\\\/i0.wp.com\\\/luxonomy.net\\\/wp-content\\\/uploads\\\/2021\\\/10\\\/Captura-de-pantalla-2021-10-26-a-las-14.34.14.png?fit=686%2C549&ssl=1\",\"width\":686,\"height\":549},{\"@type\":\"BreadcrumbList\",\"@id\":\"https:\\\/\\\/luxonomy.net\\\/es\\\/momad-recibe-el-premio-triangulo-de-la-moda-por-su-trabajo-en-la-recuperacion-de-ferias-de-industria-textil\\\/#breadcrumb\",\"itemListElement\":[{\"@type\":\"ListItem\",\"position\":1,\"name\":\"Portada\",\"item\":\"https:\\\/\\\/luxonomy.net\\\/es\\\/\"},{\"@type\":\"ListItem\",\"position\":2,\"name\":\"Momad recibe el premio Tri\u00e1ngulo de la Moda por su trabajo en la recuperaci\u00f3n de ferias de industria textil\"}]},{\"@type\":\"WebSite\",\"@id\":\"https:\\\/\\\/luxonomy.net\\\/es\\\/#website\",\"url\":\"https:\\\/\\\/luxonomy.net\\\/es\\\/\",\"name\":\"LUXONOMY\",\"description\":\"The Economy of Fashion &amp; Luxury\",\"publisher\":{\"@id\":\"https:\\\/\\\/luxonomy.net\\\/es\\\/#organization\"},\"potentialAction\":[{\"@type\":\"SearchAction\",\"target\":{\"@type\":\"EntryPoint\",\"urlTemplate\":\"https:\\\/\\\/luxonomy.net\\\/es\\\/?s={search_term_string}\"},\"query-input\":{\"@type\":\"PropertyValueSpecification\",\"valueRequired\":true,\"valueName\":\"search_term_string\"}}],\"inLanguage\":\"es\"},{\"@type\":\"Organization\",\"@id\":\"https:\\\/\\\/luxonomy.net\\\/es\\\/#organization\",\"name\":\"LUXONOMY\",\"url\":\"https:\\\/\\\/luxonomy.net\\\/es\\\/\",\"logo\":{\"@type\":\"ImageObject\",\"inLanguage\":\"es\",\"@id\":\"https:\\\/\\\/luxonomy.net\\\/es\\\/#\\\/schema\\\/logo\\\/image\\\/\",\"url\":\"https:\\\/\\\/i2.wp.com\\\/luxonomy.net\\\/wp-content\\\/uploads\\\/2021\\\/09\\\/MOCKUP-TODOS-LUXONOMY.jpg?fit=1000%2C515&ssl=1\",\"contentUrl\":\"https:\\\/\\\/i2.wp.com\\\/luxonomy.net\\\/wp-content\\\/uploads\\\/2021\\\/09\\\/MOCKUP-TODOS-LUXONOMY.jpg?fit=1000%2C515&ssl=1\",\"width\":1000,\"height\":515,\"caption\":\"LUXONOMY\"},\"image\":{\"@id\":\"https:\\\/\\\/luxonomy.net\\\/es\\\/#\\\/schema\\\/logo\\\/image\\\/\"},\"sameAs\":[\"https:\\\/\\\/www.facebook.com\\\/luxonomy\",\"https:\\\/\\\/www.instagram.com\\\/luxonomy\\\/\",\"https:\\\/\\\/www.linkedin.com\\\/company\\\/luxonomy\\\/\"]},{\"@type\":\"Person\",\"@id\":\"https:\\\/\\\/luxonomy.net\\\/es\\\/#\\\/schema\\\/person\\\/ca588d8b741a1fdd9065289c8d98ee8c\",\"name\":\"LUXONOMY\",\"image\":{\"@type\":\"ImageObject\",\"inLanguage\":\"es\",\"@id\":\"https:\\\/\\\/luxonomy.net\\\/wp-content\\\/litespeed\\\/avatar\\\/a6436cdb14fdaf9c21808e63d0da2055.jpg?ver=1788366758\",\"url\":\"https:\\\/\\\/luxonomy.net\\\/wp-content\\\/litespeed\\\/avatar\\\/a6436cdb14fdaf9c21808e63d0da2055.jpg?ver=1788366758\",\"contentUrl\":\"https:\\\/\\\/luxonomy.net\\\/wp-content\\\/litespeed\\\/avatar\\\/a6436cdb14fdaf9c21808e63d0da2055.jpg?ver=1788366758\",\"caption\":\"LUXONOMY\"},\"sameAs\":[\"https:\\\/\"],\"url\":\"https:\\\/\\\/luxonomy.net\\\/es\\\/author\\\/luxonomy\\\/\"}]}<\/script>\n<!-- \/ Yoast SEO plugin. -->","yoast_head_json":{"title":"Momad recibe el premio Tri\u00e1ngulo de la Moda por su trabajo en la recuperaci\u00f3n de ferias de industria textil | LUXONOMY","robots":{"index":"index","follow":"follow","max-snippet":"max-snippet:-1","max-image-preview":"max-image-preview:large","max-video-preview":"max-video-preview:-1"},"canonical":"https:\/\/luxonomy.net\/es\/momad-recibe-el-premio-triangulo-de-la-moda-por-su-trabajo-en-la-recuperacion-de-ferias-de-industria-textil\/","og_locale":"es_ES","og_type":"article","og_title":"Momad recibe el premio Tri\u00e1ngulo de la Moda por su trabajo en la recuperaci\u00f3n de ferias de industria textil | LUXONOMY","og_description":"El Sal\u00f3n Internacional de Moda, Textil, Calzado y Accesorios (MOMAD) ha recibido el galard\u00f3n Tri\u00e1ngulo de la Moda por su labor en la realizaci\u00f3n de eventos dedicados al sector de &#8220;la moda y lifestyle en la ciudad de Madrid&#8221;, adem\u00e1s de poner en valor la implicaci\u00f3n en las ferias celebradas. Seg\u00fan ha explicado Ifema Madrid&hellip;","og_url":"https:\/\/luxonomy.net\/es\/momad-recibe-el-premio-triangulo-de-la-moda-por-su-trabajo-en-la-recuperacion-de-ferias-de-industria-textil\/","og_site_name":"LUXONOMY","article_publisher":"https:\/\/www.facebook.com\/luxonomy","article_published_time":"2021-10-26T12:40:06+00:00","og_image":[{"width":686,"height":549,"url":"https:\/\/i0.wp.com\/luxonomy.net\/wp-content\/uploads\/2021\/10\/Captura-de-pantalla-2021-10-26-a-las-14.34.14.png?fit=686%2C549&quality=80&ssl=1","type":"image\/png"}],"author":"LUXONOMY","twitter_card":"summary_large_image","twitter_misc":{"Escrito por":"LUXONOMY","Tiempo de lectura":"1 minuto"},"schema":{"@context":"https:\/\/schema.org","@graph":[{"@type":"Article","@id":"https:\/\/luxonomy.net\/es\/momad-recibe-el-premio-triangulo-de-la-moda-por-su-trabajo-en-la-recuperacion-de-ferias-de-industria-textil\/#article","isPartOf":{"@id":"https:\/\/luxonomy.net\/es\/momad-recibe-el-premio-triangulo-de-la-moda-por-su-trabajo-en-la-recuperacion-de-ferias-de-industria-textil\/"},"author":{"name":"LUXONOMY","@id":"https:\/\/luxonomy.net\/es\/#\/schema\/person\/ca588d8b741a1fdd9065289c8d98ee8c"},"headline":"Momad recibe el premio Tri\u00e1ngulo de la Moda por su trabajo en la recuperaci\u00f3n de ferias de industria textil","datePublished":"2021-10-26T12:40:06+00:00","mainEntityOfPage":{"@id":"https:\/\/luxonomy.net\/es\/momad-recibe-el-premio-triangulo-de-la-moda-por-su-trabajo-en-la-recuperacion-de-ferias-de-industria-textil\/"},"wordCount":270,"commentCount":0,"publisher":{"@id":"https:\/\/luxonomy.net\/es\/#organization"},"image":{"@id":"https:\/\/luxonomy.net\/es\/momad-recibe-el-premio-triangulo-de-la-moda-por-su-trabajo-en-la-recuperacion-de-ferias-de-industria-textil\/#primaryimage"},"thumbnailUrl":"https:\/\/i0.wp.com\/luxonomy.net\/wp-content\/uploads\/2021\/10\/Captura-de-pantalla-2021-10-26-a-las-14.34.14.png?fit=686%2C549&ssl=1","keywords":["Eventos","Moda"],"articleSection":["Eventos","Moda"],"inLanguage":"es","potentialAction":[{"@type":"CommentAction","name":"Comment","target":["https:\/\/luxonomy.net\/es\/momad-recibe-el-premio-triangulo-de-la-moda-por-su-trabajo-en-la-recuperacion-de-ferias-de-industria-textil\/#respond"]}]},{"@type":"WebPage","@id":"https:\/\/luxonomy.net\/es\/momad-recibe-el-premio-triangulo-de-la-moda-por-su-trabajo-en-la-recuperacion-de-ferias-de-industria-textil\/","url":"https:\/\/luxonomy.net\/es\/momad-recibe-el-premio-triangulo-de-la-moda-por-su-trabajo-en-la-recuperacion-de-ferias-de-industria-textil\/","name":"Momad recibe el premio Tri\u00e1ngulo de la Moda por su trabajo en la recuperaci\u00f3n de ferias de industria textil | LUXONOMY","isPartOf":{"@id":"https:\/\/luxonomy.net\/es\/#website"},"primaryImageOfPage":{"@id":"https:\/\/luxonomy.net\/es\/momad-recibe-el-premio-triangulo-de-la-moda-por-su-trabajo-en-la-recuperacion-de-ferias-de-industria-textil\/#primaryimage"},"image":{"@id":"https:\/\/luxonomy.net\/es\/momad-recibe-el-premio-triangulo-de-la-moda-por-su-trabajo-en-la-recuperacion-de-ferias-de-industria-textil\/#primaryimage"},"thumbnailUrl":"https:\/\/i0.wp.com\/luxonomy.net\/wp-content\/uploads\/2021\/10\/Captura-de-pantalla-2021-10-26-a-las-14.34.14.png?fit=686%2C549&ssl=1","datePublished":"2021-10-26T12:40:06+00:00","breadcrumb":{"@id":"https:\/\/luxonomy.net\/es\/momad-recibe-el-premio-triangulo-de-la-moda-por-su-trabajo-en-la-recuperacion-de-ferias-de-industria-textil\/#breadcrumb"},"inLanguage":"es","potentialAction":[{"@type":"ReadAction","target":["https:\/\/luxonomy.net\/es\/momad-recibe-el-premio-triangulo-de-la-moda-por-su-trabajo-en-la-recuperacion-de-ferias-de-industria-textil\/"]}]},{"@type":"ImageObject","inLanguage":"es","@id":"https:\/\/luxonomy.net\/es\/momad-recibe-el-premio-triangulo-de-la-moda-por-su-trabajo-en-la-recuperacion-de-ferias-de-industria-textil\/#primaryimage","url":"https:\/\/i0.wp.com\/luxonomy.net\/wp-content\/uploads\/2021\/10\/Captura-de-pantalla-2021-10-26-a-las-14.34.14.png?fit=686%2C549&ssl=1","contentUrl":"https:\/\/i0.wp.com\/luxonomy.net\/wp-content\/uploads\/2021\/10\/Captura-de-pantalla-2021-10-26-a-las-14.34.14.png?fit=686%2C549&ssl=1","width":686,"height":549},{"@type":"BreadcrumbList","@id":"https:\/\/luxonomy.net\/es\/momad-recibe-el-premio-triangulo-de-la-moda-por-su-trabajo-en-la-recuperacion-de-ferias-de-industria-textil\/#breadcrumb","itemListElement":[{"@type":"ListItem","position":1,"name":"Portada","item":"https:\/\/luxonomy.net\/es\/"},{"@type":"ListItem","position":2,"name":"Momad recibe el premio Tri\u00e1ngulo de la Moda por su trabajo en la recuperaci\u00f3n de ferias de industria textil"}]},{"@type":"WebSite","@id":"https:\/\/luxonomy.net\/es\/#website","url":"https:\/\/luxonomy.net\/es\/","name":"LUXONOMY","description":"The Economy of Fashion &amp; Luxury","publisher":{"@id":"https:\/\/luxonomy.net\/es\/#organization"},"potentialAction":[{"@type":"SearchAction","target":{"@type":"EntryPoint","urlTemplate":"https:\/\/luxonomy.net\/es\/?s={search_term_string}"},"query-input":{"@type":"PropertyValueSpecification","valueRequired":true,"valueName":"search_term_string"}}],"inLanguage":"es"},{"@type":"Organization","@id":"https:\/\/luxonomy.net\/es\/#organization","name":"LUXONOMY","url":"https:\/\/luxonomy.net\/es\/","logo":{"@type":"ImageObject","inLanguage":"es","@id":"https:\/\/luxonomy.net\/es\/#\/schema\/logo\/image\/","url":"https:\/\/i2.wp.com\/luxonomy.net\/wp-content\/uploads\/2021\/09\/MOCKUP-TODOS-LUXONOMY.jpg?fit=1000%2C515&ssl=1","contentUrl":"https:\/\/i2.wp.com\/luxonomy.net\/wp-content\/uploads\/2021\/09\/MOCKUP-TODOS-LUXONOMY.jpg?fit=1000%2C515&ssl=1","width":1000,"height":515,"caption":"LUXONOMY"},"image":{"@id":"https:\/\/luxonomy.net\/es\/#\/schema\/logo\/image\/"},"sameAs":["https:\/\/www.facebook.com\/luxonomy","https:\/\/www.instagram.com\/luxonomy\/","https:\/\/www.linkedin.com\/company\/luxonomy\/"]},{"@type":"Person","@id":"https:\/\/luxonomy.net\/es\/#\/schema\/person\/ca588d8b741a1fdd9065289c8d98ee8c","name":"LUXONOMY","image":{"@type":"ImageObject","inLanguage":"es","@id":"https:\/\/luxonomy.net\/wp-content\/litespeed\/avatar\/a6436cdb14fdaf9c21808e63d0da2055.jpg?ver=1788366758","url":"https:\/\/luxonomy.net\/wp-content\/litespeed\/avatar\/a6436cdb14fdaf9c21808e63d0da2055.jpg?ver=1788366758","contentUrl":"https:\/\/luxonomy.net\/wp-content\/litespeed\/avatar\/a6436cdb14fdaf9c21808e63d0da2055.jpg?ver=1788366758","caption":"LUXONOMY"},"sameAs":["https:\/"],"url":"https:\/\/luxonomy.net\/es\/author\/luxonomy\/"}]}},"jetpack_publicize_connections":[],"jetpack_shortlink":"https:\/\/wp.me\/paPhBa-4HV","jetpack_sharing_enabled":true,"jetpack_featured_media_url":"https:\/\/i0.wp.com\/luxonomy.net\/wp-content\/uploads\/2021\/10\/Captura-de-pantalla-2021-10-26-a-las-14.34.14.png?fit=686%2C549&ssl=1","_links":{"self":[{"href":"https:\/\/luxonomy.net\/es\/wp-json\/wp\/v2\/posts\/18099","targetHints":{"allow":["GET"]}}],"collection":[{"href":"https:\/\/luxonomy.net\/es\/wp-json\/wp\/v2\/posts"}],"about":[{"href":"https:\/\/luxonomy.net\/es\/wp-json\/wp\/v2\/types\/post"}],"author":[{"embeddable":true,"href":"https:\/\/luxonomy.net\/es\/wp-json\/wp\/v2\/users\/1"}],"replies":[{"embeddable":true,"href":"https:\/\/luxonomy.net\/es\/wp-json\/wp\/v2\/comments?post=18099"}],"version-history":[{"count":2,"href":"https:\/\/luxonomy.net\/es\/wp-json\/wp\/v2\/posts\/18099\/revisions"}],"predecessor-version":[{"id":18102,"href":"https:\/\/luxonomy.net\/es\/wp-json\/wp\/v2\/posts\/18099\/revisions\/18102"}],"wp:featuredmedia":[{"embeddable":true,"href":"https:\/\/luxonomy.net\/es\/wp-json\/wp\/v2\/media\/18100"}],"wp:attachment":[{"href":"https:\/\/luxonomy.net\/es\/wp-json\/wp\/v2\/media?parent=18099"}],"wp:term":[{"taxonomy":"category","embeddable":true,"href":"https:\/\/luxonomy.net\/es\/wp-json\/wp\/v2\/categories?post=18099"},{"taxonomy":"post_tag","embeddable":true,"href":"https:\/\/luxonomy.net\/es\/wp-json\/wp\/v2\/tags?post=18099"},{"taxonomy":"thb-sponsors","embeddable":true,"href":"https:\/\/luxonomy.net\/es\/wp-json\/wp\/v2\/thb-sponsors?post=18099"}],"curies":[{"name":"wp","href":"https:\/\/api.w.org\/{rel}","templated":true}]}}