{"id":18048,"date":"2021-10-25T11:55:31","date_gmt":"2021-10-25T09:55:31","guid":{"rendered":"https:\/?p=18048"},"modified":"2021-10-25T11:55:31","modified_gmt":"2021-10-25T09:55:31","slug":"versace-abre-nueva-tienda-en-san-diego-en-el-centro-comercial-fashion-valley","status":"publish","type":"post","link":"https:\/\/luxonomy.net\/es\/versace-abre-nueva-tienda-en-san-diego-en-el-centro-comercial-fashion-valley\/","title":{"rendered":"Versace abre nueva tienda en San Diego en el Centro Comercial Fashion Valley"},"content":{"rendered":"<p>Versace ha abierto una nueva boutique en San Diego, California en Fashion Valley Mall. La nueva boutique mono-marca captura la poderosa visi\u00f3n de la marca para el futuro, sin dejar de ser fiel a la est\u00e9tica caracter\u00edstica de Versace. La tienda ha sido dise\u00f1ada por Donatella Versace y Gwenael Nicolas.<\/p>\n<p>Al abrir las puertas adornadas con las exclusivas manijas doradas Virtus &#8220;V&#8221;, los visitantes ingresan a un espacio de glamoroso m\u00e1rmol blanco Venus con acabados en tono dorado pulido, pisos de madera de eucalipto, lujosas alfombras azules y asientos de terciopelo. La nueva tienda presenta el \u00faltimo concepto de dise\u00f1o minorista de la marca e incluye todas las categor\u00edas de productos de la marca, tanto para hombres como para mujeres: ropa, zapatos, accesorios, calzado, gafas, etc.<\/p>\n","protected":false},"excerpt":{"rendered":"<p>Versace ha abierto una nueva boutique en San Diego, California en Fashion Valley Mall. La nueva boutique mono-marca captura la poderosa visi\u00f3n de la marca para el futuro, sin dejar de ser fiel a la est\u00e9tica caracter\u00edstica de Versace. La tienda ha sido dise\u00f1ada por Donatella Versace y Gwenael Nicolas. Al abrir las puertas adornadas&hellip;<\/p>\n","protected":false},"author":14,"featured_media":18049,"comment_status":"open","ping_status":"open","sticky":false,"template":"","format":"standard","meta":{"_jetpack_newsletter_access":"","_jetpack_dont_email_post_to_subs":false,"_jetpack_newsletter_tier_id":0,"_jetpack_memberships_contains_paywalled_content":false,"_jetpack_feature_clip_id":0,"_jetpack_memberships_contains_paid_content":false,"footnotes":"","jetpack_publicize_message":"Versace abre nueva tienda en San Diego en el Centro Comercial Fashion Valley.\r\n\r\nLa nueva boutique mono-marca captura la poderosa visi\u00f3n de la marca para el futuro, sin dejar de ser fiel a la est\u00e9tica caracter\u00edstica de Versace. La tienda ha sido dise\u00f1ada por Donatella Versace y Gwenael Nicolas.\r\n\r\n#luxonomy #versace #sandiego #fashionvalley","jetpack_publicize_feature_enabled":true,"jetpack_social_post_already_shared":true,"jetpack_social_options":{"image_generator_settings":{"template":"edge","default_image_id":0,"font":"","enabled":false},"version":2},"jetpack_post_was_ever_published":false},"categories":[284,711,320,534],"tags":[1230,322,586,1231,1203],"thb-sponsors":[],"class_list":["post-18048","post","type-post","status-publish","format-standard","has-post-thumbnail","hentry","category-america","category-california","category-estados-unidos","category-moda","tag-california","tag-estados-unidos","tag-moda","tag-san-diego","tag-versace"],"yoast_head":"<!-- This site is optimized with the Yoast SEO plugin v28.4 - https:\/\/yoast.com\/product\/yoast-seo-wordpress\/ -->\n<title>Versace abre nueva tienda en San Diego en el Centro Comercial Fashion Valley | LUXONOMY<\/title>\n<meta name=\"robots\" content=\"index, follow, max-snippet:-1, max-image-preview:large, max-video-preview:-1\" \/>\n<link rel=\"canonical\" href=\"https:\/\/luxonomy.net\/es\/versace-abre-nueva-tienda-en-san-diego-en-el-centro-comercial-fashion-valley\/\" \/>\n<meta property=\"og:locale\" content=\"es_ES\" \/>\n<meta property=\"og:type\" content=\"article\" \/>\n<meta property=\"og:title\" content=\"Versace abre nueva tienda en San Diego en el Centro Comercial Fashion Valley | LUXONOMY\" \/>\n<meta property=\"og:description\" content=\"Versace ha abierto una nueva boutique en San Diego, California en Fashion Valley Mall. La nueva boutique mono-marca captura la poderosa visi\u00f3n de la marca para el futuro, sin dejar de ser fiel a la est\u00e9tica caracter\u00edstica de Versace. La tienda ha sido dise\u00f1ada por Donatella Versace y Gwenael Nicolas. Al abrir las puertas adornadas&hellip;\" \/>\n<meta property=\"og:url\" content=\"https:\/\/luxonomy.net\/es\/versace-abre-nueva-tienda-en-san-diego-en-el-centro-comercial-fashion-valley\/\" \/>\n<meta property=\"og:site_name\" content=\"LUXONOMY\" \/>\n<meta property=\"article:publisher\" content=\"https:\/\/www.facebook.com\/luxonomy\" \/>\n<meta property=\"article:published_time\" content=\"2021-10-25T09:55:31+00:00\" \/>\n<meta property=\"og:image\" content=\"https:\/\/i0.wp.com\/luxonomy.net\/wp-content\/uploads\/2021\/10\/Versace-abre-nueva-tienda-en-San-Diego-en-el-Centro-Comercial-Fashion-Valley.jpeg?fit=2048%2C1365&quality=89&ssl=1\" \/>\n\t<meta property=\"og:image:width\" content=\"2048\" \/>\n\t<meta property=\"og:image:height\" content=\"1365\" \/>\n\t<meta property=\"og:image:type\" content=\"image\/jpeg\" \/>\n<meta name=\"author\" content=\"Pablo Rodriguez de Aguilar\" \/>\n<meta name=\"twitter:card\" content=\"summary_large_image\" \/>\n<meta name=\"twitter:label1\" content=\"Escrito por\" \/>\n\t<meta name=\"twitter:data1\" content=\"Pablo Rodriguez de Aguilar\" \/>\n\t<meta name=\"twitter:label2\" content=\"Tiempo de lectura\" \/>\n\t<meta name=\"twitter:data2\" content=\"1 minuto\" \/>\n<script type=\"application\/ld+json\" class=\"yoast-schema-graph\">{\"@context\":\"https:\\\/\\\/schema.org\",\"@graph\":[{\"@type\":\"Article\",\"@id\":\"https:\\\/\\\/luxonomy.net\\\/es\\\/versace-abre-nueva-tienda-en-san-diego-en-el-centro-comercial-fashion-valley\\\/#article\",\"isPartOf\":{\"@id\":\"https:\\\/\\\/luxonomy.net\\\/es\\\/versace-abre-nueva-tienda-en-san-diego-en-el-centro-comercial-fashion-valley\\\/\"},\"author\":{\"name\":\"Pablo Rodriguez de Aguilar\",\"@id\":\"https:\\\/\\\/luxonomy.net\\\/es\\\/#\\\/schema\\\/person\\\/fc021969ca4a106d7ea9a64800b05fa7\"},\"headline\":\"Versace abre nueva tienda en San Diego en el Centro Comercial Fashion Valley\",\"datePublished\":\"2021-10-25T09:55:31+00:00\",\"mainEntityOfPage\":{\"@id\":\"https:\\\/\\\/luxonomy.net\\\/es\\\/versace-abre-nueva-tienda-en-san-diego-en-el-centro-comercial-fashion-valley\\\/\"},\"wordCount\":146,\"commentCount\":0,\"publisher\":{\"@id\":\"https:\\\/\\\/luxonomy.net\\\/es\\\/#organization\"},\"image\":{\"@id\":\"https:\\\/\\\/luxonomy.net\\\/es\\\/versace-abre-nueva-tienda-en-san-diego-en-el-centro-comercial-fashion-valley\\\/#primaryimage\"},\"thumbnailUrl\":\"https:\\\/\\\/i0.wp.com\\\/luxonomy.net\\\/wp-content\\\/uploads\\\/2021\\\/10\\\/Versace-abre-nueva-tienda-en-San-Diego-en-el-Centro-Comercial-Fashion-Valley.jpeg?fit=2048%2C1365&ssl=1\",\"keywords\":[\"California\",\"Estados Unidos\",\"Moda\",\"San Diego\",\"Versace\"],\"articleSection\":[\"Am\u00e9rica\",\"California\",\"Estados Unidos\",\"Moda\"],\"inLanguage\":\"es\",\"potentialAction\":[{\"@type\":\"CommentAction\",\"name\":\"Comment\",\"target\":[\"https:\\\/\\\/luxonomy.net\\\/es\\\/versace-abre-nueva-tienda-en-san-diego-en-el-centro-comercial-fashion-valley\\\/#respond\"]}]},{\"@type\":\"WebPage\",\"@id\":\"https:\\\/\\\/luxonomy.net\\\/es\\\/versace-abre-nueva-tienda-en-san-diego-en-el-centro-comercial-fashion-valley\\\/\",\"url\":\"https:\\\/\\\/luxonomy.net\\\/es\\\/versace-abre-nueva-tienda-en-san-diego-en-el-centro-comercial-fashion-valley\\\/\",\"name\":\"Versace abre nueva tienda en San Diego en el Centro Comercial Fashion Valley | LUXONOMY\",\"isPartOf\":{\"@id\":\"https:\\\/\\\/luxonomy.net\\\/es\\\/#website\"},\"primaryImageOfPage\":{\"@id\":\"https:\\\/\\\/luxonomy.net\\\/es\\\/versace-abre-nueva-tienda-en-san-diego-en-el-centro-comercial-fashion-valley\\\/#primaryimage\"},\"image\":{\"@id\":\"https:\\\/\\\/luxonomy.net\\\/es\\\/versace-abre-nueva-tienda-en-san-diego-en-el-centro-comercial-fashion-valley\\\/#primaryimage\"},\"thumbnailUrl\":\"https:\\\/\\\/i0.wp.com\\\/luxonomy.net\\\/wp-content\\\/uploads\\\/2021\\\/10\\\/Versace-abre-nueva-tienda-en-San-Diego-en-el-Centro-Comercial-Fashion-Valley.jpeg?fit=2048%2C1365&ssl=1\",\"datePublished\":\"2021-10-25T09:55:31+00:00\",\"breadcrumb\":{\"@id\":\"https:\\\/\\\/luxonomy.net\\\/es\\\/versace-abre-nueva-tienda-en-san-diego-en-el-centro-comercial-fashion-valley\\\/#breadcrumb\"},\"inLanguage\":\"es\",\"potentialAction\":[{\"@type\":\"ReadAction\",\"target\":[\"https:\\\/\\\/luxonomy.net\\\/es\\\/versace-abre-nueva-tienda-en-san-diego-en-el-centro-comercial-fashion-valley\\\/\"]}]},{\"@type\":\"ImageObject\",\"inLanguage\":\"es\",\"@id\":\"https:\\\/\\\/luxonomy.net\\\/es\\\/versace-abre-nueva-tienda-en-san-diego-en-el-centro-comercial-fashion-valley\\\/#primaryimage\",\"url\":\"https:\\\/\\\/i0.wp.com\\\/luxonomy.net\\\/wp-content\\\/uploads\\\/2021\\\/10\\\/Versace-abre-nueva-tienda-en-San-Diego-en-el-Centro-Comercial-Fashion-Valley.jpeg?fit=2048%2C1365&ssl=1\",\"contentUrl\":\"https:\\\/\\\/i0.wp.com\\\/luxonomy.net\\\/wp-content\\\/uploads\\\/2021\\\/10\\\/Versace-abre-nueva-tienda-en-San-Diego-en-el-Centro-Comercial-Fashion-Valley.jpeg?fit=2048%2C1365&ssl=1\",\"width\":2048,\"height\":1365},{\"@type\":\"BreadcrumbList\",\"@id\":\"https:\\\/\\\/luxonomy.net\\\/es\\\/versace-abre-nueva-tienda-en-san-diego-en-el-centro-comercial-fashion-valley\\\/#breadcrumb\",\"itemListElement\":[{\"@type\":\"ListItem\",\"position\":1,\"name\":\"Portada\",\"item\":\"https:\\\/\\\/luxonomy.net\\\/es\\\/\"},{\"@type\":\"ListItem\",\"position\":2,\"name\":\"Versace abre nueva tienda en San Diego en el Centro Comercial Fashion Valley\"}]},{\"@type\":\"WebSite\",\"@id\":\"https:\\\/\\\/luxonomy.net\\\/es\\\/#website\",\"url\":\"https:\\\/\\\/luxonomy.net\\\/es\\\/\",\"name\":\"LUXONOMY\",\"description\":\"The Economy of Fashion &amp; Luxury\",\"publisher\":{\"@id\":\"https:\\\/\\\/luxonomy.net\\\/es\\\/#organization\"},\"potentialAction\":[{\"@type\":\"SearchAction\",\"target\":{\"@type\":\"EntryPoint\",\"urlTemplate\":\"https:\\\/\\\/luxonomy.net\\\/es\\\/?s={search_term_string}\"},\"query-input\":{\"@type\":\"PropertyValueSpecification\",\"valueRequired\":true,\"valueName\":\"search_term_string\"}}],\"inLanguage\":\"es\"},{\"@type\":\"Organization\",\"@id\":\"https:\\\/\\\/luxonomy.net\\\/es\\\/#organization\",\"name\":\"LUXONOMY\",\"url\":\"https:\\\/\\\/luxonomy.net\\\/es\\\/\",\"logo\":{\"@type\":\"ImageObject\",\"inLanguage\":\"es\",\"@id\":\"https:\\\/\\\/luxonomy.net\\\/es\\\/#\\\/schema\\\/logo\\\/image\\\/\",\"url\":\"https:\\\/\\\/i2.wp.com\\\/luxonomy.net\\\/wp-content\\\/uploads\\\/2021\\\/09\\\/MOCKUP-TODOS-LUXONOMY.jpg?fit=1000%2C515&ssl=1\",\"contentUrl\":\"https:\\\/\\\/i2.wp.com\\\/luxonomy.net\\\/wp-content\\\/uploads\\\/2021\\\/09\\\/MOCKUP-TODOS-LUXONOMY.jpg?fit=1000%2C515&ssl=1\",\"width\":1000,\"height\":515,\"caption\":\"LUXONOMY\"},\"image\":{\"@id\":\"https:\\\/\\\/luxonomy.net\\\/es\\\/#\\\/schema\\\/logo\\\/image\\\/\"},\"sameAs\":[\"https:\\\/\\\/www.facebook.com\\\/luxonomy\",\"https:\\\/\\\/www.instagram.com\\\/luxonomy\\\/\",\"https:\\\/\\\/www.linkedin.com\\\/company\\\/luxonomy\\\/\"]},{\"@type\":\"Person\",\"@id\":\"https:\\\/\\\/luxonomy.net\\\/es\\\/#\\\/schema\\\/person\\\/fc021969ca4a106d7ea9a64800b05fa7\",\"name\":\"Pablo Rodriguez de Aguilar\",\"image\":{\"@type\":\"ImageObject\",\"inLanguage\":\"es\",\"@id\":\"https:\\\/\\\/luxonomy.net\\\/wp-content\\\/litespeed\\\/avatar\\\/d4cf5f3956bcabe0ce8ae95e4c6604f9.jpg?ver=1788140676\",\"url\":\"https:\\\/\\\/luxonomy.net\\\/wp-content\\\/litespeed\\\/avatar\\\/d4cf5f3956bcabe0ce8ae95e4c6604f9.jpg?ver=1788140676\",\"contentUrl\":\"https:\\\/\\\/luxonomy.net\\\/wp-content\\\/litespeed\\\/avatar\\\/d4cf5f3956bcabe0ce8ae95e4c6604f9.jpg?ver=1788140676\",\"caption\":\"Pablo Rodriguez de Aguilar\"},\"description\":\"Regional Sales Manager at LUXONOMY\u2122 Group America\",\"sameAs\":[\"mailto:info@salondellujo.com\"],\"url\":\"https:\\\/\\\/luxonomy.net\\\/es\\\/author\\\/pablo-rodriguez-de-aguilar\\\/\"}]}<\/script>\n<!-- \/ Yoast SEO plugin. -->","yoast_head_json":{"title":"Versace abre nueva tienda en San Diego en el Centro Comercial Fashion Valley | LUXONOMY","robots":{"index":"index","follow":"follow","max-snippet":"max-snippet:-1","max-image-preview":"max-image-preview:large","max-video-preview":"max-video-preview:-1"},"canonical":"https:\/\/luxonomy.net\/es\/versace-abre-nueva-tienda-en-san-diego-en-el-centro-comercial-fashion-valley\/","og_locale":"es_ES","og_type":"article","og_title":"Versace abre nueva tienda en San Diego en el Centro Comercial Fashion Valley | LUXONOMY","og_description":"Versace ha abierto una nueva boutique en San Diego, California en Fashion Valley Mall. La nueva boutique mono-marca captura la poderosa visi\u00f3n de la marca para el futuro, sin dejar de ser fiel a la est\u00e9tica caracter\u00edstica de Versace. La tienda ha sido dise\u00f1ada por Donatella Versace y Gwenael Nicolas. Al abrir las puertas adornadas&hellip;","og_url":"https:\/\/luxonomy.net\/es\/versace-abre-nueva-tienda-en-san-diego-en-el-centro-comercial-fashion-valley\/","og_site_name":"LUXONOMY","article_publisher":"https:\/\/www.facebook.com\/luxonomy","article_published_time":"2021-10-25T09:55:31+00:00","og_image":[{"width":2048,"height":1365,"url":"https:\/\/i0.wp.com\/luxonomy.net\/wp-content\/uploads\/2021\/10\/Versace-abre-nueva-tienda-en-San-Diego-en-el-Centro-Comercial-Fashion-Valley.jpeg?fit=2048%2C1365&quality=89&ssl=1","type":"image\/jpeg"}],"author":"Pablo Rodriguez de Aguilar","twitter_card":"summary_large_image","twitter_misc":{"Escrito por":"Pablo Rodriguez de Aguilar","Tiempo de lectura":"1 minuto"},"schema":{"@context":"https:\/\/schema.org","@graph":[{"@type":"Article","@id":"https:\/\/luxonomy.net\/es\/versace-abre-nueva-tienda-en-san-diego-en-el-centro-comercial-fashion-valley\/#article","isPartOf":{"@id":"https:\/\/luxonomy.net\/es\/versace-abre-nueva-tienda-en-san-diego-en-el-centro-comercial-fashion-valley\/"},"author":{"name":"Pablo Rodriguez de Aguilar","@id":"https:\/\/luxonomy.net\/es\/#\/schema\/person\/fc021969ca4a106d7ea9a64800b05fa7"},"headline":"Versace abre nueva tienda en San Diego en el Centro Comercial Fashion Valley","datePublished":"2021-10-25T09:55:31+00:00","mainEntityOfPage":{"@id":"https:\/\/luxonomy.net\/es\/versace-abre-nueva-tienda-en-san-diego-en-el-centro-comercial-fashion-valley\/"},"wordCount":146,"commentCount":0,"publisher":{"@id":"https:\/\/luxonomy.net\/es\/#organization"},"image":{"@id":"https:\/\/luxonomy.net\/es\/versace-abre-nueva-tienda-en-san-diego-en-el-centro-comercial-fashion-valley\/#primaryimage"},"thumbnailUrl":"https:\/\/i0.wp.com\/luxonomy.net\/wp-content\/uploads\/2021\/10\/Versace-abre-nueva-tienda-en-San-Diego-en-el-Centro-Comercial-Fashion-Valley.jpeg?fit=2048%2C1365&ssl=1","keywords":["California","Estados Unidos","Moda","San Diego","Versace"],"articleSection":["Am\u00e9rica","California","Estados Unidos","Moda"],"inLanguage":"es","potentialAction":[{"@type":"CommentAction","name":"Comment","target":["https:\/\/luxonomy.net\/es\/versace-abre-nueva-tienda-en-san-diego-en-el-centro-comercial-fashion-valley\/#respond"]}]},{"@type":"WebPage","@id":"https:\/\/luxonomy.net\/es\/versace-abre-nueva-tienda-en-san-diego-en-el-centro-comercial-fashion-valley\/","url":"https:\/\/luxonomy.net\/es\/versace-abre-nueva-tienda-en-san-diego-en-el-centro-comercial-fashion-valley\/","name":"Versace abre nueva tienda en San Diego en el Centro Comercial Fashion Valley | LUXONOMY","isPartOf":{"@id":"https:\/\/luxonomy.net\/es\/#website"},"primaryImageOfPage":{"@id":"https:\/\/luxonomy.net\/es\/versace-abre-nueva-tienda-en-san-diego-en-el-centro-comercial-fashion-valley\/#primaryimage"},"image":{"@id":"https:\/\/luxonomy.net\/es\/versace-abre-nueva-tienda-en-san-diego-en-el-centro-comercial-fashion-valley\/#primaryimage"},"thumbnailUrl":"https:\/\/i0.wp.com\/luxonomy.net\/wp-content\/uploads\/2021\/10\/Versace-abre-nueva-tienda-en-San-Diego-en-el-Centro-Comercial-Fashion-Valley.jpeg?fit=2048%2C1365&ssl=1","datePublished":"2021-10-25T09:55:31+00:00","breadcrumb":{"@id":"https:\/\/luxonomy.net\/es\/versace-abre-nueva-tienda-en-san-diego-en-el-centro-comercial-fashion-valley\/#breadcrumb"},"inLanguage":"es","potentialAction":[{"@type":"ReadAction","target":["https:\/\/luxonomy.net\/es\/versace-abre-nueva-tienda-en-san-diego-en-el-centro-comercial-fashion-valley\/"]}]},{"@type":"ImageObject","inLanguage":"es","@id":"https:\/\/luxonomy.net\/es\/versace-abre-nueva-tienda-en-san-diego-en-el-centro-comercial-fashion-valley\/#primaryimage","url":"https:\/\/i0.wp.com\/luxonomy.net\/wp-content\/uploads\/2021\/10\/Versace-abre-nueva-tienda-en-San-Diego-en-el-Centro-Comercial-Fashion-Valley.jpeg?fit=2048%2C1365&ssl=1","contentUrl":"https:\/\/i0.wp.com\/luxonomy.net\/wp-content\/uploads\/2021\/10\/Versace-abre-nueva-tienda-en-San-Diego-en-el-Centro-Comercial-Fashion-Valley.jpeg?fit=2048%2C1365&ssl=1","width":2048,"height":1365},{"@type":"BreadcrumbList","@id":"https:\/\/luxonomy.net\/es\/versace-abre-nueva-tienda-en-san-diego-en-el-centro-comercial-fashion-valley\/#breadcrumb","itemListElement":[{"@type":"ListItem","position":1,"name":"Portada","item":"https:\/\/luxonomy.net\/es\/"},{"@type":"ListItem","position":2,"name":"Versace abre nueva tienda en San Diego en el Centro Comercial Fashion Valley"}]},{"@type":"WebSite","@id":"https:\/\/luxonomy.net\/es\/#website","url":"https:\/\/luxonomy.net\/es\/","name":"LUXONOMY","description":"The Economy of Fashion &amp; Luxury","publisher":{"@id":"https:\/\/luxonomy.net\/es\/#organization"},"potentialAction":[{"@type":"SearchAction","target":{"@type":"EntryPoint","urlTemplate":"https:\/\/luxonomy.net\/es\/?s={search_term_string}"},"query-input":{"@type":"PropertyValueSpecification","valueRequired":true,"valueName":"search_term_string"}}],"inLanguage":"es"},{"@type":"Organization","@id":"https:\/\/luxonomy.net\/es\/#organization","name":"LUXONOMY","url":"https:\/\/luxonomy.net\/es\/","logo":{"@type":"ImageObject","inLanguage":"es","@id":"https:\/\/luxonomy.net\/es\/#\/schema\/logo\/image\/","url":"https:\/\/i2.wp.com\/luxonomy.net\/wp-content\/uploads\/2021\/09\/MOCKUP-TODOS-LUXONOMY.jpg?fit=1000%2C515&ssl=1","contentUrl":"https:\/\/i2.wp.com\/luxonomy.net\/wp-content\/uploads\/2021\/09\/MOCKUP-TODOS-LUXONOMY.jpg?fit=1000%2C515&ssl=1","width":1000,"height":515,"caption":"LUXONOMY"},"image":{"@id":"https:\/\/luxonomy.net\/es\/#\/schema\/logo\/image\/"},"sameAs":["https:\/\/www.facebook.com\/luxonomy","https:\/\/www.instagram.com\/luxonomy\/","https:\/\/www.linkedin.com\/company\/luxonomy\/"]},{"@type":"Person","@id":"https:\/\/luxonomy.net\/es\/#\/schema\/person\/fc021969ca4a106d7ea9a64800b05fa7","name":"Pablo Rodriguez de Aguilar","image":{"@type":"ImageObject","inLanguage":"es","@id":"https:\/\/luxonomy.net\/wp-content\/litespeed\/avatar\/d4cf5f3956bcabe0ce8ae95e4c6604f9.jpg?ver=1788140676","url":"https:\/\/luxonomy.net\/wp-content\/litespeed\/avatar\/d4cf5f3956bcabe0ce8ae95e4c6604f9.jpg?ver=1788140676","contentUrl":"https:\/\/luxonomy.net\/wp-content\/litespeed\/avatar\/d4cf5f3956bcabe0ce8ae95e4c6604f9.jpg?ver=1788140676","caption":"Pablo Rodriguez de Aguilar"},"description":"Regional Sales Manager at LUXONOMY\u2122 Group America","sameAs":["mailto:info@salondellujo.com"],"url":"https:\/\/luxonomy.net\/es\/author\/pablo-rodriguez-de-aguilar\/"}]}},"jetpack_publicize_connections":[],"jetpack_shortlink":"https:\/\/wp.me\/paPhBa-4H6","jetpack_sharing_enabled":true,"jetpack_featured_media_url":"https:\/\/i0.wp.com\/luxonomy.net\/wp-content\/uploads\/2021\/10\/Versace-abre-nueva-tienda-en-San-Diego-en-el-Centro-Comercial-Fashion-Valley.jpeg?fit=2048%2C1365&ssl=1","_links":{"self":[{"href":"https:\/\/luxonomy.net\/es\/wp-json\/wp\/v2\/posts\/18048","targetHints":{"allow":["GET"]}}],"collection":[{"href":"https:\/\/luxonomy.net\/es\/wp-json\/wp\/v2\/posts"}],"about":[{"href":"https:\/\/luxonomy.net\/es\/wp-json\/wp\/v2\/types\/post"}],"author":[{"embeddable":true,"href":"https:\/\/luxonomy.net\/es\/wp-json\/wp\/v2\/users\/14"}],"replies":[{"embeddable":true,"href":"https:\/\/luxonomy.net\/es\/wp-json\/wp\/v2\/comments?post=18048"}],"version-history":[{"count":1,"href":"https:\/\/luxonomy.net\/es\/wp-json\/wp\/v2\/posts\/18048\/revisions"}],"predecessor-version":[{"id":18050,"href":"https:\/\/luxonomy.net\/es\/wp-json\/wp\/v2\/posts\/18048\/revisions\/18050"}],"wp:featuredmedia":[{"embeddable":true,"href":"https:\/\/luxonomy.net\/es\/wp-json\/wp\/v2\/media\/18049"}],"wp:attachment":[{"href":"https:\/\/luxonomy.net\/es\/wp-json\/wp\/v2\/media?parent=18048"}],"wp:term":[{"taxonomy":"category","embeddable":true,"href":"https:\/\/luxonomy.net\/es\/wp-json\/wp\/v2\/categories?post=18048"},{"taxonomy":"post_tag","embeddable":true,"href":"https:\/\/luxonomy.net\/es\/wp-json\/wp\/v2\/tags?post=18048"},{"taxonomy":"thb-sponsors","embeddable":true,"href":"https:\/\/luxonomy.net\/es\/wp-json\/wp\/v2\/thb-sponsors?post=18048"}],"curies":[{"name":"wp","href":"https:\/\/api.w.org\/{rel}","templated":true}]}}