{"id":17913,"date":"2021-10-22T21:41:09","date_gmt":"2021-10-22T19:41:09","guid":{"rendered":"https:\/?p=17913"},"modified":"2021-10-22T21:43:31","modified_gmt":"2021-10-22T19:43:31","slug":"virgil-abloh-se-asocia-con-mercedes-benz-para-la-creacion-de-un-coche-electrico","status":"publish","type":"post","link":"https:\/\/luxonomy.net\/es\/virgil-abloh-se-asocia-con-mercedes-benz-para-la-creacion-de-un-coche-electrico\/","title":{"rendered":"Virgil Abloh se asocia con Mercedes-Benz para la creaci\u00f3n de un coche el\u00e9ctrico"},"content":{"rendered":"<p>Virgil Abloh, el talentoso dise\u00f1ador de la marca Off-White, ampl\u00eda su asociaci\u00f3n con la compa\u00f1\u00eda de autos de lujo Mercedes-Benz, la cual inici\u00f3 el a\u00f1o pasado. En esta ocasi\u00f3n, el acuerdo se centra en la marca Mercedes-Maybach, para la que crear\u00e1 un auto el\u00e9ctrico de exhibici\u00f3n en colaboraci\u00f3n con el director de dise\u00f1o de Mercedes-Benz, Gorden Wagener.<\/p>\n<p>Programado para ser presentado durante Art Basel Miami Beach el 1 de diciembre de 2021, el coche de exhibici\u00f3n busca ser &#8220;diferente a todo lo visto anteriormente en Mercedes-Benz&#8221;, como evidencia de las posibilidades que presenta el dise\u00f1o cuando &#8220;no est\u00e1 sujeto a planos existentes o especificaciones de producci\u00f3n&#8221;.<\/p>\n<p>La iniciativa de colaboraci\u00f3n, denominada &#8220;Project Maybach&#8221;, coincide con el centenario del lanzamiento del primer Maybach W3. El veh\u00edculo de exhibici\u00f3n resultante est\u00e1 destinado a servir como emblema de una nueva era de descubrimientos para la marca Mercedes-Maybach, que se ha convertido en s\u00edmbolo del m\u00e1s alto lujo automotriz.<\/p><div id=\"luxon-296154385\" class=\"luxon-3er-parrafo luxon-entity-placement\" style=\"margin-top: 20px;margin-bottom: 20px;margin-left: auto;margin-right: auto;text-align: center;\"><a href=\"https:\/\/luxonomy.university\/course\/master-turismo-de-lujo\" target=\"_blank\" aria-label=\"master-turismo-lujo-2026-2027\"><img loading=\"lazy\" decoding=\"async\" src=\"https:\/\/i0.wp.com\/luxonomy.net\/wp-content\/uploads\/2020\/07\/master-turismo-lujo-2026-2027.jpg?fit=1672%2C941&#038;ssl=1\" alt=\"\"  srcset=\"https:\/\/i0.wp.com\/luxonomy.net\/wp-content\/uploads\/2020\/07\/master-turismo-lujo-2026-2027.jpg?w=1672&ssl=1 1672w, https:\/\/i0.wp.com\/luxonomy.net\/wp-content\/uploads\/2020\/07\/master-turismo-lujo-2026-2027.jpg?resize=300%2C169&ssl=1 300w, https:\/\/i0.wp.com\/luxonomy.net\/wp-content\/uploads\/2020\/07\/master-turismo-lujo-2026-2027.jpg?resize=1024%2C576&ssl=1 1024w, https:\/\/i0.wp.com\/luxonomy.net\/wp-content\/uploads\/2020\/07\/master-turismo-lujo-2026-2027.jpg?resize=768%2C432&ssl=1 768w, https:\/\/i0.wp.com\/luxonomy.net\/wp-content\/uploads\/2020\/07\/master-turismo-lujo-2026-2027.jpg?resize=1536%2C864&ssl=1 1536w, https:\/\/i0.wp.com\/luxonomy.net\/wp-content\/uploads\/2020\/07\/master-turismo-lujo-2026-2027.jpg?resize=370%2C208&ssl=1 370w, https:\/\/i0.wp.com\/luxonomy.net\/wp-content\/uploads\/2020\/07\/master-turismo-lujo-2026-2027.jpg?resize=800%2C450&ssl=1 800w, https:\/\/i0.wp.com\/luxonomy.net\/wp-content\/uploads\/2020\/07\/master-turismo-lujo-2026-2027.jpg?resize=20%2C11&ssl=1 20w, https:\/\/i0.wp.com\/luxonomy.net\/wp-content\/uploads\/2020\/07\/master-turismo-lujo-2026-2027.jpg?resize=740%2C416&ssl=1 740w, https:\/\/i0.wp.com\/luxonomy.net\/wp-content\/uploads\/2020\/07\/master-turismo-lujo-2026-2027.jpg?resize=1600%2C900&ssl=1 1600w, https:\/\/i0.wp.com\/luxonomy.net\/wp-content\/uploads\/2020\/07\/master-turismo-lujo-2026-2027.jpg?resize=1200%2C675&ssl=1 1200w, https:\/\/i0.wp.com\/luxonomy.net\/wp-content\/uploads\/2020\/07\/master-turismo-lujo-2026-2027.jpg?resize=85%2C48&ssl=1 85w\" sizes=\"(max-width: 1170px) 100vw, 1170px\" class=\"no-lazyload\" width=\"1672\" height=\"941\"   \/><\/a><\/div>\n<p>&#8220;El legado de Maybach celebra la exploraci\u00f3n, impulsar la creatividad a nuevos lugares, vivir fuera del status quo&#8221;, explic\u00f3 Abloh en un comunicado.<\/p>\n<p>&#8220;En esta pr\u00f3xima fase, adoptaremos estos ideales y llevaremos la herencia de Mercedes-Maybach hacia el futuro, invitando a la pr\u00f3xima generaci\u00f3n a unirse en la adoraci\u00f3n de este \u00edcono&#8221;, sostuvo.<\/p>\n<p>Abloh, quien, adem\u00e1s de liderar su propia marca Off-White, se ha desempe\u00f1ado como director art\u00edstico de las l\u00edneas masculinas de Louis Vuitton desde 2018, ya hizo su magia en el ic\u00f3nico Mercedes-Benz G Class el a\u00f1o pasado. Ahora, al dise\u00f1ador, cuya formaci\u00f3n es en ingenier\u00eda civil y arquitectura, se le ha encomendado la tarea de unir su sensibilidad \u00fanica de la moda con el profundo conocimiento de Wagener sobre el dise\u00f1o de autom\u00f3viles de lujo para llevar la marca Mercedes-Maybach a la vanguardia de la conversaci\u00f3n cultural.<\/p>\n<p>&#8220;Con Project Maybach definimos el siguiente nivel de lujo&#8221;, dijo Wagener.<\/p><div id=\"luxon-2251703990\" class=\"luxon-7-parrafo luxon-entity-placement\" style=\"margin-top: 20px;margin-bottom: 20px;margin-left: auto;margin-right: auto;text-align: center;\"><a href=\"https:\/\/theintelligence.institute\/course\/inteligencia-artificial-para-directivos\" target=\"_blank\" aria-label=\"CSIAD_empresas_THEI_horizontal_4x3_v5\"><img loading=\"lazy\" decoding=\"async\" src=\"https:\/\/i0.wp.com\/luxonomy.net\/wp-content\/uploads\/2025\/08\/CSIAD_empresas_THEI_horizontal_4x3_v5.png?fit=2000%2C1500&#038;ssl=1\" alt=\"\"  srcset=\"https:\/\/i0.wp.com\/luxonomy.net\/wp-content\/uploads\/2025\/08\/CSIAD_empresas_THEI_horizontal_4x3_v5.png?w=2000&ssl=1 2000w, https:\/\/i0.wp.com\/luxonomy.net\/wp-content\/uploads\/2025\/08\/CSIAD_empresas_THEI_horizontal_4x3_v5.png?resize=300%2C225&ssl=1 300w, https:\/\/i0.wp.com\/luxonomy.net\/wp-content\/uploads\/2025\/08\/CSIAD_empresas_THEI_horizontal_4x3_v5.png?resize=1024%2C768&ssl=1 1024w, https:\/\/i0.wp.com\/luxonomy.net\/wp-content\/uploads\/2025\/08\/CSIAD_empresas_THEI_horizontal_4x3_v5.png?resize=768%2C576&ssl=1 768w, https:\/\/i0.wp.com\/luxonomy.net\/wp-content\/uploads\/2025\/08\/CSIAD_empresas_THEI_horizontal_4x3_v5.png?resize=1536%2C1152&ssl=1 1536w, https:\/\/i0.wp.com\/luxonomy.net\/wp-content\/uploads\/2025\/08\/CSIAD_empresas_THEI_horizontal_4x3_v5.png?resize=370%2C278&ssl=1 370w, https:\/\/i0.wp.com\/luxonomy.net\/wp-content\/uploads\/2025\/08\/CSIAD_empresas_THEI_horizontal_4x3_v5.png?resize=800%2C600&ssl=1 800w, https:\/\/i0.wp.com\/luxonomy.net\/wp-content\/uploads\/2025\/08\/CSIAD_empresas_THEI_horizontal_4x3_v5.png?resize=20%2C15&ssl=1 20w, https:\/\/i0.wp.com\/luxonomy.net\/wp-content\/uploads\/2025\/08\/CSIAD_empresas_THEI_horizontal_4x3_v5.png?resize=740%2C555&ssl=1 740w, https:\/\/i0.wp.com\/luxonomy.net\/wp-content\/uploads\/2025\/08\/CSIAD_empresas_THEI_horizontal_4x3_v5.png?resize=1600%2C1200&ssl=1 1600w, https:\/\/i0.wp.com\/luxonomy.net\/wp-content\/uploads\/2025\/08\/CSIAD_empresas_THEI_horizontal_4x3_v5.png?resize=1200%2C900&ssl=1 1200w, https:\/\/i0.wp.com\/luxonomy.net\/wp-content\/uploads\/2025\/08\/CSIAD_empresas_THEI_horizontal_4x3_v5.png?resize=64%2C48&ssl=1 64w\" sizes=\"(max-width: 1170px) 100vw, 1170px\" class=\"no-lazyload\" width=\"2000\" height=\"1500\"   \/><\/a><\/div>\n<p>\u201cDespu\u00e9s de 100 a\u00f1os, transformamos la marca en un futuro el\u00e9ctrico de lujo. Junto con Virgil, estamos escribiendo un nuevo libro de reglas para Mercedes-Maybach&#8221;, enfatiz\u00f3.<\/p>\n<p>La colaboraci\u00f3n regular de Abloh con Mercedes-Benz da continuidad a una rica tradici\u00f3n de asociaciones creativas entre empresas de moda y autom\u00f3viles de lujo que recientemente ha producido v\u00ednculos entre empresas como Bugatti y Herm\u00e8s, BMW y Kith, y Lamborghini y Supreme. <\/p>\n","protected":false},"excerpt":{"rendered":"<p>Virgil Abloh, el talentoso dise\u00f1ador de la marca Off-White, ampl\u00eda su asociaci\u00f3n con la compa\u00f1\u00eda de autos de lujo Mercedes-Benz, la cual inici\u00f3 el a\u00f1o pasado. En esta ocasi\u00f3n, el acuerdo se centra en la marca Mercedes-Maybach, para la que crear\u00e1 un auto el\u00e9ctrico de exhibici\u00f3n en colaboraci\u00f3n con el director de dise\u00f1o de Mercedes-Benz,&hellip;<\/p>\n","protected":false},"author":10,"featured_media":17918,"comment_status":"open","ping_status":"open","sticky":false,"template":"","format":"standard","meta":{"_jetpack_newsletter_access":"","_jetpack_dont_email_post_to_subs":false,"_jetpack_newsletter_tier_id":0,"_jetpack_memberships_contains_paywalled_content":false,"_jetpack_feature_clip_id":0,"_jetpack_memberships_contains_paid_content":false,"footnotes":"","jetpack_publicize_message":"","jetpack_publicize_feature_enabled":true,"jetpack_social_post_already_shared":true,"jetpack_social_options":{"image_generator_settings":{"template":"edge","default_image_id":0,"font":"","enabled":false},"version":2},"jetpack_post_was_ever_published":false},"categories":[534,296],"tags":[531,586,222,1060],"thb-sponsors":[],"class_list":["post-17913","post","type-post","status-publish","format-standard","has-post-thumbnail","hentry","category-moda","category-motor","tag-mercedes-benz","tag-moda","tag-motor","tag-virgil-abloh"],"yoast_head":"<!-- This site is optimized with the Yoast SEO plugin v28.4 - https:\/\/yoast.com\/product\/yoast-seo-wordpress\/ -->\n<title>Virgil Abloh se asocia con Mercedes-Benz para la creaci\u00f3n de un coche el\u00e9ctrico | LUXONOMY<\/title>\n<meta name=\"robots\" content=\"index, follow, max-snippet:-1, max-image-preview:large, max-video-preview:-1\" \/>\n<link rel=\"canonical\" href=\"https:\/\/luxonomy.net\/es\/virgil-abloh-se-asocia-con-mercedes-benz-para-la-creacion-de-un-coche-electrico\/\" \/>\n<meta property=\"og:locale\" content=\"es_ES\" \/>\n<meta property=\"og:type\" content=\"article\" \/>\n<meta property=\"og:title\" content=\"Virgil Abloh se asocia con Mercedes-Benz para la creaci\u00f3n de un coche el\u00e9ctrico | LUXONOMY\" \/>\n<meta property=\"og:description\" content=\"Virgil Abloh, el talentoso dise\u00f1ador de la marca Off-White, ampl\u00eda su asociaci\u00f3n con la compa\u00f1\u00eda de autos de lujo Mercedes-Benz, la cual inici\u00f3 el a\u00f1o pasado. En esta ocasi\u00f3n, el acuerdo se centra en la marca Mercedes-Maybach, para la que crear\u00e1 un auto el\u00e9ctrico de exhibici\u00f3n en colaboraci\u00f3n con el director de dise\u00f1o de Mercedes-Benz,&hellip;\" \/>\n<meta property=\"og:url\" content=\"https:\/\/luxonomy.net\/es\/virgil-abloh-se-asocia-con-mercedes-benz-para-la-creacion-de-un-coche-electrico\/\" \/>\n<meta property=\"og:site_name\" content=\"LUXONOMY\" \/>\n<meta property=\"article:publisher\" content=\"https:\/\/www.facebook.com\/luxonomy\" \/>\n<meta property=\"article:published_time\" content=\"2021-10-22T19:41:09+00:00\" \/>\n<meta property=\"article:modified_time\" content=\"2021-10-22T19:43:31+00:00\" \/>\n<meta property=\"og:image\" content=\"https:\/\/i0.wp.com\/luxonomy.net\/wp-content\/uploads\/2021\/10\/img_6004.jpg?fit=1600%2C1067&quality=89&ssl=1\" \/>\n\t<meta property=\"og:image:width\" content=\"1600\" \/>\n\t<meta property=\"og:image:height\" content=\"1067\" \/>\n\t<meta property=\"og:image:type\" content=\"image\/jpeg\" \/>\n<meta name=\"author\" content=\"Chiara Gabardi\" \/>\n<meta name=\"twitter:card\" content=\"summary_large_image\" \/>\n<meta name=\"twitter:label1\" content=\"Escrito por\" \/>\n\t<meta name=\"twitter:data1\" content=\"Chiara Gabardi\" \/>\n\t<meta name=\"twitter:label2\" content=\"Tiempo de lectura\" \/>\n\t<meta name=\"twitter:data2\" content=\"2 minutos\" \/>\n<script type=\"application\/ld+json\" class=\"yoast-schema-graph\">{\"@context\":\"https:\\\/\\\/schema.org\",\"@graph\":[{\"@type\":\"Article\",\"@id\":\"https:\\\/\\\/luxonomy.net\\\/es\\\/virgil-abloh-se-asocia-con-mercedes-benz-para-la-creacion-de-un-coche-electrico\\\/#article\",\"isPartOf\":{\"@id\":\"https:\\\/\\\/luxonomy.net\\\/es\\\/virgil-abloh-se-asocia-con-mercedes-benz-para-la-creacion-de-un-coche-electrico\\\/\"},\"author\":{\"name\":\"Chiara Gabardi\",\"@id\":\"https:\\\/\\\/luxonomy.net\\\/es\\\/#\\\/schema\\\/person\\\/9d526ffe93a0cc9cecc91760f49da3ef\"},\"headline\":\"Virgil Abloh se asocia con Mercedes-Benz para la creaci\u00f3n de un coche el\u00e9ctrico\",\"datePublished\":\"2021-10-22T19:41:09+00:00\",\"dateModified\":\"2021-10-22T19:43:31+00:00\",\"mainEntityOfPage\":{\"@id\":\"https:\\\/\\\/luxonomy.net\\\/es\\\/virgil-abloh-se-asocia-con-mercedes-benz-para-la-creacion-de-un-coche-electrico\\\/\"},\"wordCount\":428,\"commentCount\":0,\"publisher\":{\"@id\":\"https:\\\/\\\/luxonomy.net\\\/es\\\/#organization\"},\"image\":{\"@id\":\"https:\\\/\\\/luxonomy.net\\\/es\\\/virgil-abloh-se-asocia-con-mercedes-benz-para-la-creacion-de-un-coche-electrico\\\/#primaryimage\"},\"thumbnailUrl\":\"https:\\\/\\\/i0.wp.com\\\/luxonomy.net\\\/wp-content\\\/uploads\\\/2021\\\/10\\\/img_6004.jpg?fit=1600%2C1067&ssl=1\",\"keywords\":[\"Mercedes-Benz\",\"Moda\",\"motor\",\"Virgil Abloh\"],\"articleSection\":[\"Moda\",\"Motor\"],\"inLanguage\":\"es\",\"potentialAction\":[{\"@type\":\"CommentAction\",\"name\":\"Comment\",\"target\":[\"https:\\\/\\\/luxonomy.net\\\/es\\\/virgil-abloh-se-asocia-con-mercedes-benz-para-la-creacion-de-un-coche-electrico\\\/#respond\"]}]},{\"@type\":\"WebPage\",\"@id\":\"https:\\\/\\\/luxonomy.net\\\/es\\\/virgil-abloh-se-asocia-con-mercedes-benz-para-la-creacion-de-un-coche-electrico\\\/\",\"url\":\"https:\\\/\\\/luxonomy.net\\\/es\\\/virgil-abloh-se-asocia-con-mercedes-benz-para-la-creacion-de-un-coche-electrico\\\/\",\"name\":\"Virgil Abloh se asocia con Mercedes-Benz para la creaci\u00f3n de un coche el\u00e9ctrico | LUXONOMY\",\"isPartOf\":{\"@id\":\"https:\\\/\\\/luxonomy.net\\\/es\\\/#website\"},\"primaryImageOfPage\":{\"@id\":\"https:\\\/\\\/luxonomy.net\\\/es\\\/virgil-abloh-se-asocia-con-mercedes-benz-para-la-creacion-de-un-coche-electrico\\\/#primaryimage\"},\"image\":{\"@id\":\"https:\\\/\\\/luxonomy.net\\\/es\\\/virgil-abloh-se-asocia-con-mercedes-benz-para-la-creacion-de-un-coche-electrico\\\/#primaryimage\"},\"thumbnailUrl\":\"https:\\\/\\\/i0.wp.com\\\/luxonomy.net\\\/wp-content\\\/uploads\\\/2021\\\/10\\\/img_6004.jpg?fit=1600%2C1067&ssl=1\",\"datePublished\":\"2021-10-22T19:41:09+00:00\",\"dateModified\":\"2021-10-22T19:43:31+00:00\",\"breadcrumb\":{\"@id\":\"https:\\\/\\\/luxonomy.net\\\/es\\\/virgil-abloh-se-asocia-con-mercedes-benz-para-la-creacion-de-un-coche-electrico\\\/#breadcrumb\"},\"inLanguage\":\"es\",\"potentialAction\":[{\"@type\":\"ReadAction\",\"target\":[\"https:\\\/\\\/luxonomy.net\\\/es\\\/virgil-abloh-se-asocia-con-mercedes-benz-para-la-creacion-de-un-coche-electrico\\\/\"]}]},{\"@type\":\"ImageObject\",\"inLanguage\":\"es\",\"@id\":\"https:\\\/\\\/luxonomy.net\\\/es\\\/virgil-abloh-se-asocia-con-mercedes-benz-para-la-creacion-de-un-coche-electrico\\\/#primaryimage\",\"url\":\"https:\\\/\\\/i0.wp.com\\\/luxonomy.net\\\/wp-content\\\/uploads\\\/2021\\\/10\\\/img_6004.jpg?fit=1600%2C1067&ssl=1\",\"contentUrl\":\"https:\\\/\\\/i0.wp.com\\\/luxonomy.net\\\/wp-content\\\/uploads\\\/2021\\\/10\\\/img_6004.jpg?fit=1600%2C1067&ssl=1\",\"width\":1600,\"height\":1067},{\"@type\":\"BreadcrumbList\",\"@id\":\"https:\\\/\\\/luxonomy.net\\\/es\\\/virgil-abloh-se-asocia-con-mercedes-benz-para-la-creacion-de-un-coche-electrico\\\/#breadcrumb\",\"itemListElement\":[{\"@type\":\"ListItem\",\"position\":1,\"name\":\"Portada\",\"item\":\"https:\\\/\\\/luxonomy.net\\\/es\\\/\"},{\"@type\":\"ListItem\",\"position\":2,\"name\":\"Virgil Abloh se asocia con Mercedes-Benz para la creaci\u00f3n de un coche el\u00e9ctrico\"}]},{\"@type\":\"WebSite\",\"@id\":\"https:\\\/\\\/luxonomy.net\\\/es\\\/#website\",\"url\":\"https:\\\/\\\/luxonomy.net\\\/es\\\/\",\"name\":\"LUXONOMY\",\"description\":\"The Economy of Fashion &amp; Luxury\",\"publisher\":{\"@id\":\"https:\\\/\\\/luxonomy.net\\\/es\\\/#organization\"},\"potentialAction\":[{\"@type\":\"SearchAction\",\"target\":{\"@type\":\"EntryPoint\",\"urlTemplate\":\"https:\\\/\\\/luxonomy.net\\\/es\\\/?s={search_term_string}\"},\"query-input\":{\"@type\":\"PropertyValueSpecification\",\"valueRequired\":true,\"valueName\":\"search_term_string\"}}],\"inLanguage\":\"es\"},{\"@type\":\"Organization\",\"@id\":\"https:\\\/\\\/luxonomy.net\\\/es\\\/#organization\",\"name\":\"LUXONOMY\",\"url\":\"https:\\\/\\\/luxonomy.net\\\/es\\\/\",\"logo\":{\"@type\":\"ImageObject\",\"inLanguage\":\"es\",\"@id\":\"https:\\\/\\\/luxonomy.net\\\/es\\\/#\\\/schema\\\/logo\\\/image\\\/\",\"url\":\"https:\\\/\\\/i2.wp.com\\\/luxonomy.net\\\/wp-content\\\/uploads\\\/2021\\\/09\\\/MOCKUP-TODOS-LUXONOMY.jpg?fit=1000%2C515&ssl=1\",\"contentUrl\":\"https:\\\/\\\/i2.wp.com\\\/luxonomy.net\\\/wp-content\\\/uploads\\\/2021\\\/09\\\/MOCKUP-TODOS-LUXONOMY.jpg?fit=1000%2C515&ssl=1\",\"width\":1000,\"height\":515,\"caption\":\"LUXONOMY\"},\"image\":{\"@id\":\"https:\\\/\\\/luxonomy.net\\\/es\\\/#\\\/schema\\\/logo\\\/image\\\/\"},\"sameAs\":[\"https:\\\/\\\/www.facebook.com\\\/luxonomy\",\"https:\\\/\\\/www.instagram.com\\\/luxonomy\\\/\",\"https:\\\/\\\/www.linkedin.com\\\/company\\\/luxonomy\\\/\"]},{\"@type\":\"Person\",\"@id\":\"https:\\\/\\\/luxonomy.net\\\/es\\\/#\\\/schema\\\/person\\\/9d526ffe93a0cc9cecc91760f49da3ef\",\"name\":\"Chiara Gabardi\",\"image\":{\"@type\":\"ImageObject\",\"inLanguage\":\"es\",\"@id\":\"https:\\\/\\\/luxonomy.net\\\/wp-content\\\/litespeed\\\/avatar\\\/548640c4e2c34544e66c65ab1641a5d7.jpg?ver=1788581172\",\"url\":\"https:\\\/\\\/luxonomy.net\\\/wp-content\\\/litespeed\\\/avatar\\\/548640c4e2c34544e66c65ab1641a5d7.jpg?ver=1788581172\",\"contentUrl\":\"https:\\\/\\\/luxonomy.net\\\/wp-content\\\/litespeed\\\/avatar\\\/548640c4e2c34544e66c65ab1641a5d7.jpg?ver=1788581172\",\"caption\":\"Chiara Gabardi\"},\"description\":\"Editor at LUXONOMY\u2122 Group\",\"url\":\"https:\\\/\\\/luxonomy.net\\\/es\\\/author\\\/chiara-gabardi\\\/\"}]}<\/script>\n<!-- \/ Yoast SEO plugin. -->","yoast_head_json":{"title":"Virgil Abloh se asocia con Mercedes-Benz para la creaci\u00f3n de un coche el\u00e9ctrico | LUXONOMY","robots":{"index":"index","follow":"follow","max-snippet":"max-snippet:-1","max-image-preview":"max-image-preview:large","max-video-preview":"max-video-preview:-1"},"canonical":"https:\/\/luxonomy.net\/es\/virgil-abloh-se-asocia-con-mercedes-benz-para-la-creacion-de-un-coche-electrico\/","og_locale":"es_ES","og_type":"article","og_title":"Virgil Abloh se asocia con Mercedes-Benz para la creaci\u00f3n de un coche el\u00e9ctrico | LUXONOMY","og_description":"Virgil Abloh, el talentoso dise\u00f1ador de la marca Off-White, ampl\u00eda su asociaci\u00f3n con la compa\u00f1\u00eda de autos de lujo Mercedes-Benz, la cual inici\u00f3 el a\u00f1o pasado. En esta ocasi\u00f3n, el acuerdo se centra en la marca Mercedes-Maybach, para la que crear\u00e1 un auto el\u00e9ctrico de exhibici\u00f3n en colaboraci\u00f3n con el director de dise\u00f1o de Mercedes-Benz,&hellip;","og_url":"https:\/\/luxonomy.net\/es\/virgil-abloh-se-asocia-con-mercedes-benz-para-la-creacion-de-un-coche-electrico\/","og_site_name":"LUXONOMY","article_publisher":"https:\/\/www.facebook.com\/luxonomy","article_published_time":"2021-10-22T19:41:09+00:00","article_modified_time":"2021-10-22T19:43:31+00:00","og_image":[{"width":1600,"height":1067,"url":"https:\/\/i0.wp.com\/luxonomy.net\/wp-content\/uploads\/2021\/10\/img_6004.jpg?fit=1600%2C1067&quality=89&ssl=1","type":"image\/jpeg"}],"author":"Chiara Gabardi","twitter_card":"summary_large_image","twitter_misc":{"Escrito por":"Chiara Gabardi","Tiempo de lectura":"2 minutos"},"schema":{"@context":"https:\/\/schema.org","@graph":[{"@type":"Article","@id":"https:\/\/luxonomy.net\/es\/virgil-abloh-se-asocia-con-mercedes-benz-para-la-creacion-de-un-coche-electrico\/#article","isPartOf":{"@id":"https:\/\/luxonomy.net\/es\/virgil-abloh-se-asocia-con-mercedes-benz-para-la-creacion-de-un-coche-electrico\/"},"author":{"name":"Chiara Gabardi","@id":"https:\/\/luxonomy.net\/es\/#\/schema\/person\/9d526ffe93a0cc9cecc91760f49da3ef"},"headline":"Virgil Abloh se asocia con Mercedes-Benz para la creaci\u00f3n de un coche el\u00e9ctrico","datePublished":"2021-10-22T19:41:09+00:00","dateModified":"2021-10-22T19:43:31+00:00","mainEntityOfPage":{"@id":"https:\/\/luxonomy.net\/es\/virgil-abloh-se-asocia-con-mercedes-benz-para-la-creacion-de-un-coche-electrico\/"},"wordCount":428,"commentCount":0,"publisher":{"@id":"https:\/\/luxonomy.net\/es\/#organization"},"image":{"@id":"https:\/\/luxonomy.net\/es\/virgil-abloh-se-asocia-con-mercedes-benz-para-la-creacion-de-un-coche-electrico\/#primaryimage"},"thumbnailUrl":"https:\/\/i0.wp.com\/luxonomy.net\/wp-content\/uploads\/2021\/10\/img_6004.jpg?fit=1600%2C1067&ssl=1","keywords":["Mercedes-Benz","Moda","motor","Virgil Abloh"],"articleSection":["Moda","Motor"],"inLanguage":"es","potentialAction":[{"@type":"CommentAction","name":"Comment","target":["https:\/\/luxonomy.net\/es\/virgil-abloh-se-asocia-con-mercedes-benz-para-la-creacion-de-un-coche-electrico\/#respond"]}]},{"@type":"WebPage","@id":"https:\/\/luxonomy.net\/es\/virgil-abloh-se-asocia-con-mercedes-benz-para-la-creacion-de-un-coche-electrico\/","url":"https:\/\/luxonomy.net\/es\/virgil-abloh-se-asocia-con-mercedes-benz-para-la-creacion-de-un-coche-electrico\/","name":"Virgil Abloh se asocia con Mercedes-Benz para la creaci\u00f3n de un coche el\u00e9ctrico | LUXONOMY","isPartOf":{"@id":"https:\/\/luxonomy.net\/es\/#website"},"primaryImageOfPage":{"@id":"https:\/\/luxonomy.net\/es\/virgil-abloh-se-asocia-con-mercedes-benz-para-la-creacion-de-un-coche-electrico\/#primaryimage"},"image":{"@id":"https:\/\/luxonomy.net\/es\/virgil-abloh-se-asocia-con-mercedes-benz-para-la-creacion-de-un-coche-electrico\/#primaryimage"},"thumbnailUrl":"https:\/\/i0.wp.com\/luxonomy.net\/wp-content\/uploads\/2021\/10\/img_6004.jpg?fit=1600%2C1067&ssl=1","datePublished":"2021-10-22T19:41:09+00:00","dateModified":"2021-10-22T19:43:31+00:00","breadcrumb":{"@id":"https:\/\/luxonomy.net\/es\/virgil-abloh-se-asocia-con-mercedes-benz-para-la-creacion-de-un-coche-electrico\/#breadcrumb"},"inLanguage":"es","potentialAction":[{"@type":"ReadAction","target":["https:\/\/luxonomy.net\/es\/virgil-abloh-se-asocia-con-mercedes-benz-para-la-creacion-de-un-coche-electrico\/"]}]},{"@type":"ImageObject","inLanguage":"es","@id":"https:\/\/luxonomy.net\/es\/virgil-abloh-se-asocia-con-mercedes-benz-para-la-creacion-de-un-coche-electrico\/#primaryimage","url":"https:\/\/i0.wp.com\/luxonomy.net\/wp-content\/uploads\/2021\/10\/img_6004.jpg?fit=1600%2C1067&ssl=1","contentUrl":"https:\/\/i0.wp.com\/luxonomy.net\/wp-content\/uploads\/2021\/10\/img_6004.jpg?fit=1600%2C1067&ssl=1","width":1600,"height":1067},{"@type":"BreadcrumbList","@id":"https:\/\/luxonomy.net\/es\/virgil-abloh-se-asocia-con-mercedes-benz-para-la-creacion-de-un-coche-electrico\/#breadcrumb","itemListElement":[{"@type":"ListItem","position":1,"name":"Portada","item":"https:\/\/luxonomy.net\/es\/"},{"@type":"ListItem","position":2,"name":"Virgil Abloh se asocia con Mercedes-Benz para la creaci\u00f3n de un coche el\u00e9ctrico"}]},{"@type":"WebSite","@id":"https:\/\/luxonomy.net\/es\/#website","url":"https:\/\/luxonomy.net\/es\/","name":"LUXONOMY","description":"The Economy of Fashion &amp; Luxury","publisher":{"@id":"https:\/\/luxonomy.net\/es\/#organization"},"potentialAction":[{"@type":"SearchAction","target":{"@type":"EntryPoint","urlTemplate":"https:\/\/luxonomy.net\/es\/?s={search_term_string}"},"query-input":{"@type":"PropertyValueSpecification","valueRequired":true,"valueName":"search_term_string"}}],"inLanguage":"es"},{"@type":"Organization","@id":"https:\/\/luxonomy.net\/es\/#organization","name":"LUXONOMY","url":"https:\/\/luxonomy.net\/es\/","logo":{"@type":"ImageObject","inLanguage":"es","@id":"https:\/\/luxonomy.net\/es\/#\/schema\/logo\/image\/","url":"https:\/\/i2.wp.com\/luxonomy.net\/wp-content\/uploads\/2021\/09\/MOCKUP-TODOS-LUXONOMY.jpg?fit=1000%2C515&ssl=1","contentUrl":"https:\/\/i2.wp.com\/luxonomy.net\/wp-content\/uploads\/2021\/09\/MOCKUP-TODOS-LUXONOMY.jpg?fit=1000%2C515&ssl=1","width":1000,"height":515,"caption":"LUXONOMY"},"image":{"@id":"https:\/\/luxonomy.net\/es\/#\/schema\/logo\/image\/"},"sameAs":["https:\/\/www.facebook.com\/luxonomy","https:\/\/www.instagram.com\/luxonomy\/","https:\/\/www.linkedin.com\/company\/luxonomy\/"]},{"@type":"Person","@id":"https:\/\/luxonomy.net\/es\/#\/schema\/person\/9d526ffe93a0cc9cecc91760f49da3ef","name":"Chiara Gabardi","image":{"@type":"ImageObject","inLanguage":"es","@id":"https:\/\/luxonomy.net\/wp-content\/litespeed\/avatar\/548640c4e2c34544e66c65ab1641a5d7.jpg?ver=1788581172","url":"https:\/\/luxonomy.net\/wp-content\/litespeed\/avatar\/548640c4e2c34544e66c65ab1641a5d7.jpg?ver=1788581172","contentUrl":"https:\/\/luxonomy.net\/wp-content\/litespeed\/avatar\/548640c4e2c34544e66c65ab1641a5d7.jpg?ver=1788581172","caption":"Chiara Gabardi"},"description":"Editor at LUXONOMY\u2122 Group","url":"https:\/\/luxonomy.net\/es\/author\/chiara-gabardi\/"}]}},"jetpack_publicize_connections":[],"jetpack_shortlink":"https:\/\/wp.me\/paPhBa-4EV","jetpack_sharing_enabled":true,"jetpack_featured_media_url":"https:\/\/i0.wp.com\/luxonomy.net\/wp-content\/uploads\/2021\/10\/img_6004.jpg?fit=1600%2C1067&ssl=1","_links":{"self":[{"href":"https:\/\/luxonomy.net\/es\/wp-json\/wp\/v2\/posts\/17913","targetHints":{"allow":["GET"]}}],"collection":[{"href":"https:\/\/luxonomy.net\/es\/wp-json\/wp\/v2\/posts"}],"about":[{"href":"https:\/\/luxonomy.net\/es\/wp-json\/wp\/v2\/types\/post"}],"author":[{"embeddable":true,"href":"https:\/\/luxonomy.net\/es\/wp-json\/wp\/v2\/users\/10"}],"replies":[{"embeddable":true,"href":"https:\/\/luxonomy.net\/es\/wp-json\/wp\/v2\/comments?post=17913"}],"version-history":[{"count":3,"href":"https:\/\/luxonomy.net\/es\/wp-json\/wp\/v2\/posts\/17913\/revisions"}],"predecessor-version":[{"id":17916,"href":"https:\/\/luxonomy.net\/es\/wp-json\/wp\/v2\/posts\/17913\/revisions\/17916"}],"wp:featuredmedia":[{"embeddable":true,"href":"https:\/\/luxonomy.net\/es\/wp-json\/wp\/v2\/media\/17918"}],"wp:attachment":[{"href":"https:\/\/luxonomy.net\/es\/wp-json\/wp\/v2\/media?parent=17913"}],"wp:term":[{"taxonomy":"category","embeddable":true,"href":"https:\/\/luxonomy.net\/es\/wp-json\/wp\/v2\/categories?post=17913"},{"taxonomy":"post_tag","embeddable":true,"href":"https:\/\/luxonomy.net\/es\/wp-json\/wp\/v2\/tags?post=17913"},{"taxonomy":"thb-sponsors","embeddable":true,"href":"https:\/\/luxonomy.net\/es\/wp-json\/wp\/v2\/thb-sponsors?post=17913"}],"curies":[{"name":"wp","href":"https:\/\/api.w.org\/{rel}","templated":true}]}}