{"id":17897,"date":"2021-10-22T15:05:54","date_gmt":"2021-10-22T13:05:54","guid":{"rendered":"https:\/?p=17897"},"modified":"2021-10-22T15:07:43","modified_gmt":"2021-10-22T13:07:43","slug":"nace-laurel-asociacion-portuguesa-de-marcas-de-excelencia","status":"publish","type":"post","link":"https:\/\/luxonomy.net\/es\/nace-laurel-asociacion-portuguesa-de-marcas-de-excelencia\/","title":{"rendered":"Nace Laurel, Asociaci\u00f3n Portuguesa de Marcas de Excelencia"},"content":{"rendered":"<p>Laurel es una alianza que tiene como objetivo fortalecer y promover la importancia de la creaci\u00f3n, la calidad y el saber hacer nacional e\u00a0impulsar el reconocimiento internacional de marcas portuguesas de lujo y excelencia.<\/p>\n<p>El evento de lanzamiento tuvo lugar en el Ritz Four Seasons Lisboa en una conferencia sobre el presente y el futuro de las marcas portuguesas de excelencia, que cont\u00f3 con el fil\u00f3sofo franc\u00e9s Gilles Lipovetsy y el economista portugu\u00e9s S\u00e9rgio Rebelo.<\/p>\n<p>Adem\u00e1s de compartir experiencias entre asociados y asociaciones europeas afines, como el Comit\u00e9 Colbert, de Francia, el C\u00edrculo Fortuny, de Espa\u00f1a, o Altagamma, de Italia, Laurel quiere invertir fuertemente en formaci\u00f3n en \u00e1reas como la creaci\u00f3n y gesti\u00f3n de marca, propiedad industrial y derechos de autor, gesti\u00f3n de procesos de excelencia y lujo e internacionalizaci\u00f3n.<\/p><div id=\"luxon-440487521\" class=\"luxon-3er-parrafo luxon-entity-placement\" style=\"margin-top: 20px;margin-bottom: 20px;margin-left: auto;margin-right: auto;text-align: center;\"><a href=\"https:\/\/luxonomy.university\/course\/master-turismo-de-lujo\" target=\"_blank\" aria-label=\"master-turismo-lujo-2026-2027\"><img loading=\"lazy\" decoding=\"async\" src=\"https:\/\/i0.wp.com\/luxonomy.net\/wp-content\/uploads\/2020\/07\/master-turismo-lujo-2026-2027.jpg?fit=1672%2C941&#038;ssl=1\" alt=\"\"  srcset=\"https:\/\/i0.wp.com\/luxonomy.net\/wp-content\/uploads\/2020\/07\/master-turismo-lujo-2026-2027.jpg?w=1672&ssl=1 1672w, https:\/\/i0.wp.com\/luxonomy.net\/wp-content\/uploads\/2020\/07\/master-turismo-lujo-2026-2027.jpg?resize=300%2C169&ssl=1 300w, https:\/\/i0.wp.com\/luxonomy.net\/wp-content\/uploads\/2020\/07\/master-turismo-lujo-2026-2027.jpg?resize=1024%2C576&ssl=1 1024w, https:\/\/i0.wp.com\/luxonomy.net\/wp-content\/uploads\/2020\/07\/master-turismo-lujo-2026-2027.jpg?resize=768%2C432&ssl=1 768w, https:\/\/i0.wp.com\/luxonomy.net\/wp-content\/uploads\/2020\/07\/master-turismo-lujo-2026-2027.jpg?resize=1536%2C864&ssl=1 1536w, https:\/\/i0.wp.com\/luxonomy.net\/wp-content\/uploads\/2020\/07\/master-turismo-lujo-2026-2027.jpg?resize=370%2C208&ssl=1 370w, https:\/\/i0.wp.com\/luxonomy.net\/wp-content\/uploads\/2020\/07\/master-turismo-lujo-2026-2027.jpg?resize=800%2C450&ssl=1 800w, https:\/\/i0.wp.com\/luxonomy.net\/wp-content\/uploads\/2020\/07\/master-turismo-lujo-2026-2027.jpg?resize=20%2C11&ssl=1 20w, https:\/\/i0.wp.com\/luxonomy.net\/wp-content\/uploads\/2020\/07\/master-turismo-lujo-2026-2027.jpg?resize=740%2C416&ssl=1 740w, https:\/\/i0.wp.com\/luxonomy.net\/wp-content\/uploads\/2020\/07\/master-turismo-lujo-2026-2027.jpg?resize=1600%2C900&ssl=1 1600w, https:\/\/i0.wp.com\/luxonomy.net\/wp-content\/uploads\/2020\/07\/master-turismo-lujo-2026-2027.jpg?resize=1200%2C675&ssl=1 1200w, https:\/\/i0.wp.com\/luxonomy.net\/wp-content\/uploads\/2020\/07\/master-turismo-lujo-2026-2027.jpg?resize=85%2C48&ssl=1 85w\" sizes=\"(max-width: 1170px) 100vw, 1170px\" class=\"no-lazyload\" width=\"1672\" height=\"941\"   \/><\/a><\/div>\n<p>La alianza tambi\u00e9n promete a los miembros el acceso a una red privilegiada de contactos, una presencia estructurada en los medios, el desarrollo de alianzas comerciales y oportunidades de expansi\u00f3n internacional, la creaci\u00f3n de una plataforma de venta directa y una voz m\u00e1s fuerte en el campo pol\u00edtico.<\/p>\n<p>La creaci\u00f3n de un observatorio de marcas portuguesas de lujo y excelencia es uno de los objetivos de Laurel para el lujo y la excelencia y establecer el Premio Laurel, para distinguir anualmente una marca nacional.<\/p>\n<p><img loading=\"lazy\" decoding=\"async\" data-attachment-id=\"17900\" data-permalink=\"https:\/\/luxonomy.net\/es\/nace-laurel-asociacion-portuguesa-de-marcas-de-excelencia\/francisco-carvalheira\/\" data-orig-file=\"https:\/\/i0.wp.com\/luxonomy.net\/wp-content\/uploads\/2021\/10\/FRANCISCO-CARVALHEIRA.png?fit=532%2C580&amp;ssl=1\" data-orig-size=\"532,580\" data-comments-opened=\"1\" data-image-title=\"FRANCISCO CARVALHEIRA\" data-image-description=\"\" data-image-caption=\"\" data-large-file=\"https:\/\/i0.wp.com\/luxonomy.net\/wp-content\/uploads\/2021\/10\/FRANCISCO-CARVALHEIRA.png?fit=532%2C580&amp;ssl=1\" class=\"alignleft wp-image-17900 size-medium lazyload\" src=\"data:image\/gif;base64,R0lGODlhAQABAAAAACH5BAEKAAEALAAAAAABAAEAAAICTAEAOw==\" data-src=\"http:\/\/luxonomy.net\/wp-content\/uploads\/2021\/10\/FRANCISCO-CARVALHEIRA-275x300.png\" alt=\"\" width=\"275\" height=\"300\" data-sizes=\"auto\" data-srcset=\"https:\/\/i0.wp.com\/luxonomy.net\/wp-content\/uploads\/2021\/10\/FRANCISCO-CARVALHEIRA.png?resize=275%2C300&amp;ssl=1 275w, https:\/\/i0.wp.com\/luxonomy.net\/wp-content\/uploads\/2021\/10\/FRANCISCO-CARVALHEIRA.png?resize=185%2C202&amp;ssl=1 185w, https:\/\/i0.wp.com\/luxonomy.net\/wp-content\/uploads\/2021\/10\/FRANCISCO-CARVALHEIRA.png?resize=20%2C22&amp;ssl=1 20w, https:\/\/i0.wp.com\/luxonomy.net\/wp-content\/uploads\/2021\/10\/FRANCISCO-CARVALHEIRA.png?resize=44%2C48&amp;ssl=1 44w\" sizes=\"auto, (max-width: 275px) 100vw, 275px\" \/>\u201cPara hacer este camino hacia la excelencia, se necesitan dos cosas: tiempo y capacidad para invertir. Son las dos piernas las que hacen una marca, sin las cuales ella no puede caminar. Lo barato y lo bueno no existe \u201d, apunta Francisco Carvalheira, quien durante las \u00faltimas dos d\u00e9cadas ha estado vinculado a la aviaci\u00f3n ejecutiva. \u201cTodos los d\u00edas recibo ejemplos de cosas fant\u00e1sticas que hacemos en Portugal, pero nadie las conoce. Tenemos un potencial brutal, 600 a\u00f1os de historia para hacer cosas y tenemos que aprovecharlo. Un pa\u00eds que no se preocupa por el pasado tampoco construye el futuro &#8220;.<\/p>\n<p>M\u00e1s informaci\u00f3n en <a href=\"https:\/\/laurel.org.pt\" target=\"_blank\" rel=\"noopener\">https:\/\/laurel.org.pt<\/a><\/p><div id=\"luxon-740258537\" class=\"luxon-7-parrafo luxon-entity-placement\" style=\"margin-top: 20px;margin-bottom: 20px;margin-left: auto;margin-right: auto;text-align: center;\"><a href=\"https:\/\/theintelligence.institute\/course\/inteligencia-artificial-para-directivos\" target=\"_blank\" aria-label=\"CSIAD_empresas_THEI_horizontal_4x3_v5\"><img loading=\"lazy\" decoding=\"async\" src=\"https:\/\/i0.wp.com\/luxonomy.net\/wp-content\/uploads\/2025\/08\/CSIAD_empresas_THEI_horizontal_4x3_v5.png?fit=2000%2C1500&#038;ssl=1\" alt=\"\"  srcset=\"https:\/\/i0.wp.com\/luxonomy.net\/wp-content\/uploads\/2025\/08\/CSIAD_empresas_THEI_horizontal_4x3_v5.png?w=2000&ssl=1 2000w, https:\/\/i0.wp.com\/luxonomy.net\/wp-content\/uploads\/2025\/08\/CSIAD_empresas_THEI_horizontal_4x3_v5.png?resize=300%2C225&ssl=1 300w, https:\/\/i0.wp.com\/luxonomy.net\/wp-content\/uploads\/2025\/08\/CSIAD_empresas_THEI_horizontal_4x3_v5.png?resize=1024%2C768&ssl=1 1024w, https:\/\/i0.wp.com\/luxonomy.net\/wp-content\/uploads\/2025\/08\/CSIAD_empresas_THEI_horizontal_4x3_v5.png?resize=768%2C576&ssl=1 768w, https:\/\/i0.wp.com\/luxonomy.net\/wp-content\/uploads\/2025\/08\/CSIAD_empresas_THEI_horizontal_4x3_v5.png?resize=1536%2C1152&ssl=1 1536w, https:\/\/i0.wp.com\/luxonomy.net\/wp-content\/uploads\/2025\/08\/CSIAD_empresas_THEI_horizontal_4x3_v5.png?resize=370%2C278&ssl=1 370w, https:\/\/i0.wp.com\/luxonomy.net\/wp-content\/uploads\/2025\/08\/CSIAD_empresas_THEI_horizontal_4x3_v5.png?resize=800%2C600&ssl=1 800w, https:\/\/i0.wp.com\/luxonomy.net\/wp-content\/uploads\/2025\/08\/CSIAD_empresas_THEI_horizontal_4x3_v5.png?resize=20%2C15&ssl=1 20w, https:\/\/i0.wp.com\/luxonomy.net\/wp-content\/uploads\/2025\/08\/CSIAD_empresas_THEI_horizontal_4x3_v5.png?resize=740%2C555&ssl=1 740w, https:\/\/i0.wp.com\/luxonomy.net\/wp-content\/uploads\/2025\/08\/CSIAD_empresas_THEI_horizontal_4x3_v5.png?resize=1600%2C1200&ssl=1 1600w, https:\/\/i0.wp.com\/luxonomy.net\/wp-content\/uploads\/2025\/08\/CSIAD_empresas_THEI_horizontal_4x3_v5.png?resize=1200%2C900&ssl=1 1200w, https:\/\/i0.wp.com\/luxonomy.net\/wp-content\/uploads\/2025\/08\/CSIAD_empresas_THEI_horizontal_4x3_v5.png?resize=64%2C48&ssl=1 64w\" sizes=\"(max-width: 1170px) 100vw, 1170px\" class=\"no-lazyload\" width=\"2000\" height=\"1500\"   \/><\/a><\/div>\n","protected":false},"excerpt":{"rendered":"<p>Laurel es una alianza que tiene como objetivo fortalecer y promover la importancia de la creaci\u00f3n, la calidad y el saber hacer nacional e\u00a0impulsar el reconocimiento internacional de marcas portuguesas de lujo y excelencia. El evento de lanzamiento tuvo lugar en el Ritz Four Seasons Lisboa en una conferencia sobre el presente y el futuro&hellip;<\/p>\n","protected":false},"author":1,"featured_media":17898,"comment_status":"open","ping_status":"open","sticky":false,"template":"","format":"standard","meta":{"_jetpack_newsletter_access":"","_jetpack_dont_email_post_to_subs":false,"_jetpack_newsletter_tier_id":0,"_jetpack_memberships_contains_paywalled_content":false,"_jetpack_feature_clip_id":0,"_jetpack_memberships_contains_paid_content":false,"footnotes":"","jetpack_publicize_message":"","jetpack_publicize_feature_enabled":true,"jetpack_social_post_already_shared":true,"jetpack_social_options":{"image_generator_settings":{"template":"edge","default_image_id":0,"font":"","enabled":false},"version":2},"jetpack_post_was_ever_published":false},"categories":[376,227,496,505],"tags":[635,1114,228,1220,1219,907],"thb-sponsors":[],"class_list":["post-17897","post","type-post","status-publish","format-standard","has-post-thumbnail","hentry","category-europa","category-eventos","category-portugal","category-sin-categorizar","tag-actualidad","tag-europa","tag-eventos","tag-francisco-carvalheira","tag-laurel","tag-portugal"],"yoast_head":"<!-- This site is optimized with the Yoast SEO plugin v28.4 - https:\/\/yoast.com\/product\/yoast-seo-wordpress\/ -->\n<title>Nace Laurel, Asociaci\u00f3n Portuguesa de Marcas de Excelencia | LUXONOMY<\/title>\n<meta name=\"robots\" content=\"index, follow, max-snippet:-1, max-image-preview:large, max-video-preview:-1\" \/>\n<link rel=\"canonical\" href=\"https:\/\/luxonomy.net\/es\/nace-laurel-asociacion-portuguesa-de-marcas-de-excelencia\/\" \/>\n<meta property=\"og:locale\" content=\"es_ES\" \/>\n<meta property=\"og:type\" content=\"article\" \/>\n<meta property=\"og:title\" content=\"Nace Laurel, Asociaci\u00f3n Portuguesa de Marcas de Excelencia | LUXONOMY\" \/>\n<meta property=\"og:description\" content=\"Laurel es una alianza que tiene como objetivo fortalecer y promover la importancia de la creaci\u00f3n, la calidad y el saber hacer nacional e\u00a0impulsar el reconocimiento internacional de marcas portuguesas de lujo y excelencia. El evento de lanzamiento tuvo lugar en el Ritz Four Seasons Lisboa en una conferencia sobre el presente y el futuro&hellip;\" \/>\n<meta property=\"og:url\" content=\"https:\/\/luxonomy.net\/es\/nace-laurel-asociacion-portuguesa-de-marcas-de-excelencia\/\" \/>\n<meta property=\"og:site_name\" content=\"LUXONOMY\" \/>\n<meta property=\"article:publisher\" content=\"https:\/\/www.facebook.com\/luxonomy\" \/>\n<meta property=\"article:published_time\" content=\"2021-10-22T13:05:54+00:00\" \/>\n<meta property=\"article:modified_time\" content=\"2021-10-22T13:07:43+00:00\" \/>\n<meta property=\"og:image\" content=\"https:\/\/i0.wp.com\/luxonomy.net\/wp-content\/uploads\/2021\/10\/laurel.jpg?fit=800%2C450&quality=89&ssl=1\" \/>\n\t<meta property=\"og:image:width\" content=\"800\" \/>\n\t<meta property=\"og:image:height\" content=\"450\" \/>\n\t<meta property=\"og:image:type\" content=\"image\/jpeg\" \/>\n<meta name=\"author\" content=\"LUXONOMY\" \/>\n<meta name=\"twitter:card\" content=\"summary_large_image\" \/>\n<meta name=\"twitter:label1\" content=\"Escrito por\" \/>\n\t<meta name=\"twitter:data1\" content=\"LUXONOMY\" \/>\n\t<meta name=\"twitter:label2\" content=\"Tiempo de lectura\" \/>\n\t<meta name=\"twitter:data2\" content=\"2 minutos\" \/>\n<script type=\"application\/ld+json\" class=\"yoast-schema-graph\">{\"@context\":\"https:\\\/\\\/schema.org\",\"@graph\":[{\"@type\":\"Article\",\"@id\":\"https:\\\/\\\/luxonomy.net\\\/es\\\/nace-laurel-asociacion-portuguesa-de-marcas-de-excelencia\\\/#article\",\"isPartOf\":{\"@id\":\"https:\\\/\\\/luxonomy.net\\\/es\\\/nace-laurel-asociacion-portuguesa-de-marcas-de-excelencia\\\/\"},\"author\":{\"name\":\"LUXONOMY\",\"@id\":\"https:\\\/\\\/luxonomy.net\\\/es\\\/#\\\/schema\\\/person\\\/ca588d8b741a1fdd9065289c8d98ee8c\"},\"headline\":\"Nace Laurel, Asociaci\u00f3n Portuguesa de Marcas de Excelencia\",\"datePublished\":\"2021-10-22T13:05:54+00:00\",\"dateModified\":\"2021-10-22T13:07:43+00:00\",\"mainEntityOfPage\":{\"@id\":\"https:\\\/\\\/luxonomy.net\\\/es\\\/nace-laurel-asociacion-portuguesa-de-marcas-de-excelencia\\\/\"},\"wordCount\":356,\"commentCount\":0,\"publisher\":{\"@id\":\"https:\\\/\\\/luxonomy.net\\\/es\\\/#organization\"},\"image\":{\"@id\":\"https:\\\/\\\/luxonomy.net\\\/es\\\/nace-laurel-asociacion-portuguesa-de-marcas-de-excelencia\\\/#primaryimage\"},\"thumbnailUrl\":\"https:\\\/\\\/i0.wp.com\\\/luxonomy.net\\\/wp-content\\\/uploads\\\/2021\\\/10\\\/laurel.jpg?fit=800%2C450&ssl=1\",\"keywords\":[\"actualidad\",\"europa\",\"Eventos\",\"Francisco Carvalheira\",\"Laurel\",\"Portugal\"],\"articleSection\":[\"Europa\",\"Eventos\",\"Portugal\",\"Sin categorizar\"],\"inLanguage\":\"es\",\"potentialAction\":[{\"@type\":\"CommentAction\",\"name\":\"Comment\",\"target\":[\"https:\\\/\\\/luxonomy.net\\\/es\\\/nace-laurel-asociacion-portuguesa-de-marcas-de-excelencia\\\/#respond\"]}]},{\"@type\":\"WebPage\",\"@id\":\"https:\\\/\\\/luxonomy.net\\\/es\\\/nace-laurel-asociacion-portuguesa-de-marcas-de-excelencia\\\/\",\"url\":\"https:\\\/\\\/luxonomy.net\\\/es\\\/nace-laurel-asociacion-portuguesa-de-marcas-de-excelencia\\\/\",\"name\":\"Nace Laurel, Asociaci\u00f3n Portuguesa de Marcas de Excelencia | LUXONOMY\",\"isPartOf\":{\"@id\":\"https:\\\/\\\/luxonomy.net\\\/es\\\/#website\"},\"primaryImageOfPage\":{\"@id\":\"https:\\\/\\\/luxonomy.net\\\/es\\\/nace-laurel-asociacion-portuguesa-de-marcas-de-excelencia\\\/#primaryimage\"},\"image\":{\"@id\":\"https:\\\/\\\/luxonomy.net\\\/es\\\/nace-laurel-asociacion-portuguesa-de-marcas-de-excelencia\\\/#primaryimage\"},\"thumbnailUrl\":\"https:\\\/\\\/i0.wp.com\\\/luxonomy.net\\\/wp-content\\\/uploads\\\/2021\\\/10\\\/laurel.jpg?fit=800%2C450&ssl=1\",\"datePublished\":\"2021-10-22T13:05:54+00:00\",\"dateModified\":\"2021-10-22T13:07:43+00:00\",\"breadcrumb\":{\"@id\":\"https:\\\/\\\/luxonomy.net\\\/es\\\/nace-laurel-asociacion-portuguesa-de-marcas-de-excelencia\\\/#breadcrumb\"},\"inLanguage\":\"es\",\"potentialAction\":[{\"@type\":\"ReadAction\",\"target\":[\"https:\\\/\\\/luxonomy.net\\\/es\\\/nace-laurel-asociacion-portuguesa-de-marcas-de-excelencia\\\/\"]}]},{\"@type\":\"ImageObject\",\"inLanguage\":\"es\",\"@id\":\"https:\\\/\\\/luxonomy.net\\\/es\\\/nace-laurel-asociacion-portuguesa-de-marcas-de-excelencia\\\/#primaryimage\",\"url\":\"https:\\\/\\\/i0.wp.com\\\/luxonomy.net\\\/wp-content\\\/uploads\\\/2021\\\/10\\\/laurel.jpg?fit=800%2C450&ssl=1\",\"contentUrl\":\"https:\\\/\\\/i0.wp.com\\\/luxonomy.net\\\/wp-content\\\/uploads\\\/2021\\\/10\\\/laurel.jpg?fit=800%2C450&ssl=1\",\"width\":800,\"height\":450},{\"@type\":\"BreadcrumbList\",\"@id\":\"https:\\\/\\\/luxonomy.net\\\/es\\\/nace-laurel-asociacion-portuguesa-de-marcas-de-excelencia\\\/#breadcrumb\",\"itemListElement\":[{\"@type\":\"ListItem\",\"position\":1,\"name\":\"Portada\",\"item\":\"https:\\\/\\\/luxonomy.net\\\/es\\\/\"},{\"@type\":\"ListItem\",\"position\":2,\"name\":\"Nace Laurel, Asociaci\u00f3n Portuguesa de Marcas de Excelencia\"}]},{\"@type\":\"WebSite\",\"@id\":\"https:\\\/\\\/luxonomy.net\\\/es\\\/#website\",\"url\":\"https:\\\/\\\/luxonomy.net\\\/es\\\/\",\"name\":\"LUXONOMY\",\"description\":\"The Economy of Fashion &amp; Luxury\",\"publisher\":{\"@id\":\"https:\\\/\\\/luxonomy.net\\\/es\\\/#organization\"},\"potentialAction\":[{\"@type\":\"SearchAction\",\"target\":{\"@type\":\"EntryPoint\",\"urlTemplate\":\"https:\\\/\\\/luxonomy.net\\\/es\\\/?s={search_term_string}\"},\"query-input\":{\"@type\":\"PropertyValueSpecification\",\"valueRequired\":true,\"valueName\":\"search_term_string\"}}],\"inLanguage\":\"es\"},{\"@type\":\"Organization\",\"@id\":\"https:\\\/\\\/luxonomy.net\\\/es\\\/#organization\",\"name\":\"LUXONOMY\",\"url\":\"https:\\\/\\\/luxonomy.net\\\/es\\\/\",\"logo\":{\"@type\":\"ImageObject\",\"inLanguage\":\"es\",\"@id\":\"https:\\\/\\\/luxonomy.net\\\/es\\\/#\\\/schema\\\/logo\\\/image\\\/\",\"url\":\"https:\\\/\\\/i2.wp.com\\\/luxonomy.net\\\/wp-content\\\/uploads\\\/2021\\\/09\\\/MOCKUP-TODOS-LUXONOMY.jpg?fit=1000%2C515&ssl=1\",\"contentUrl\":\"https:\\\/\\\/i2.wp.com\\\/luxonomy.net\\\/wp-content\\\/uploads\\\/2021\\\/09\\\/MOCKUP-TODOS-LUXONOMY.jpg?fit=1000%2C515&ssl=1\",\"width\":1000,\"height\":515,\"caption\":\"LUXONOMY\"},\"image\":{\"@id\":\"https:\\\/\\\/luxonomy.net\\\/es\\\/#\\\/schema\\\/logo\\\/image\\\/\"},\"sameAs\":[\"https:\\\/\\\/www.facebook.com\\\/luxonomy\",\"https:\\\/\\\/www.instagram.com\\\/luxonomy\\\/\",\"https:\\\/\\\/www.linkedin.com\\\/company\\\/luxonomy\\\/\"]},{\"@type\":\"Person\",\"@id\":\"https:\\\/\\\/luxonomy.net\\\/es\\\/#\\\/schema\\\/person\\\/ca588d8b741a1fdd9065289c8d98ee8c\",\"name\":\"LUXONOMY\",\"image\":{\"@type\":\"ImageObject\",\"inLanguage\":\"es\",\"@id\":\"https:\\\/\\\/luxonomy.net\\\/wp-content\\\/litespeed\\\/avatar\\\/a6436cdb14fdaf9c21808e63d0da2055.jpg?ver=1788366758\",\"url\":\"https:\\\/\\\/luxonomy.net\\\/wp-content\\\/litespeed\\\/avatar\\\/a6436cdb14fdaf9c21808e63d0da2055.jpg?ver=1788366758\",\"contentUrl\":\"https:\\\/\\\/luxonomy.net\\\/wp-content\\\/litespeed\\\/avatar\\\/a6436cdb14fdaf9c21808e63d0da2055.jpg?ver=1788366758\",\"caption\":\"LUXONOMY\"},\"sameAs\":[\"https:\\\/\"],\"url\":\"https:\\\/\\\/luxonomy.net\\\/es\\\/author\\\/luxonomy\\\/\"}]}<\/script>\n<!-- \/ Yoast SEO plugin. -->","yoast_head_json":{"title":"Nace Laurel, Asociaci\u00f3n Portuguesa de Marcas de Excelencia | LUXONOMY","robots":{"index":"index","follow":"follow","max-snippet":"max-snippet:-1","max-image-preview":"max-image-preview:large","max-video-preview":"max-video-preview:-1"},"canonical":"https:\/\/luxonomy.net\/es\/nace-laurel-asociacion-portuguesa-de-marcas-de-excelencia\/","og_locale":"es_ES","og_type":"article","og_title":"Nace Laurel, Asociaci\u00f3n Portuguesa de Marcas de Excelencia | LUXONOMY","og_description":"Laurel es una alianza que tiene como objetivo fortalecer y promover la importancia de la creaci\u00f3n, la calidad y el saber hacer nacional e\u00a0impulsar el reconocimiento internacional de marcas portuguesas de lujo y excelencia. El evento de lanzamiento tuvo lugar en el Ritz Four Seasons Lisboa en una conferencia sobre el presente y el futuro&hellip;","og_url":"https:\/\/luxonomy.net\/es\/nace-laurel-asociacion-portuguesa-de-marcas-de-excelencia\/","og_site_name":"LUXONOMY","article_publisher":"https:\/\/www.facebook.com\/luxonomy","article_published_time":"2021-10-22T13:05:54+00:00","article_modified_time":"2021-10-22T13:07:43+00:00","og_image":[{"width":800,"height":450,"url":"https:\/\/i0.wp.com\/luxonomy.net\/wp-content\/uploads\/2021\/10\/laurel.jpg?fit=800%2C450&quality=89&ssl=1","type":"image\/jpeg"}],"author":"LUXONOMY","twitter_card":"summary_large_image","twitter_misc":{"Escrito por":"LUXONOMY","Tiempo de lectura":"2 minutos"},"schema":{"@context":"https:\/\/schema.org","@graph":[{"@type":"Article","@id":"https:\/\/luxonomy.net\/es\/nace-laurel-asociacion-portuguesa-de-marcas-de-excelencia\/#article","isPartOf":{"@id":"https:\/\/luxonomy.net\/es\/nace-laurel-asociacion-portuguesa-de-marcas-de-excelencia\/"},"author":{"name":"LUXONOMY","@id":"https:\/\/luxonomy.net\/es\/#\/schema\/person\/ca588d8b741a1fdd9065289c8d98ee8c"},"headline":"Nace Laurel, Asociaci\u00f3n Portuguesa de Marcas de Excelencia","datePublished":"2021-10-22T13:05:54+00:00","dateModified":"2021-10-22T13:07:43+00:00","mainEntityOfPage":{"@id":"https:\/\/luxonomy.net\/es\/nace-laurel-asociacion-portuguesa-de-marcas-de-excelencia\/"},"wordCount":356,"commentCount":0,"publisher":{"@id":"https:\/\/luxonomy.net\/es\/#organization"},"image":{"@id":"https:\/\/luxonomy.net\/es\/nace-laurel-asociacion-portuguesa-de-marcas-de-excelencia\/#primaryimage"},"thumbnailUrl":"https:\/\/i0.wp.com\/luxonomy.net\/wp-content\/uploads\/2021\/10\/laurel.jpg?fit=800%2C450&ssl=1","keywords":["actualidad","europa","Eventos","Francisco Carvalheira","Laurel","Portugal"],"articleSection":["Europa","Eventos","Portugal","Sin categorizar"],"inLanguage":"es","potentialAction":[{"@type":"CommentAction","name":"Comment","target":["https:\/\/luxonomy.net\/es\/nace-laurel-asociacion-portuguesa-de-marcas-de-excelencia\/#respond"]}]},{"@type":"WebPage","@id":"https:\/\/luxonomy.net\/es\/nace-laurel-asociacion-portuguesa-de-marcas-de-excelencia\/","url":"https:\/\/luxonomy.net\/es\/nace-laurel-asociacion-portuguesa-de-marcas-de-excelencia\/","name":"Nace Laurel, Asociaci\u00f3n Portuguesa de Marcas de Excelencia | LUXONOMY","isPartOf":{"@id":"https:\/\/luxonomy.net\/es\/#website"},"primaryImageOfPage":{"@id":"https:\/\/luxonomy.net\/es\/nace-laurel-asociacion-portuguesa-de-marcas-de-excelencia\/#primaryimage"},"image":{"@id":"https:\/\/luxonomy.net\/es\/nace-laurel-asociacion-portuguesa-de-marcas-de-excelencia\/#primaryimage"},"thumbnailUrl":"https:\/\/i0.wp.com\/luxonomy.net\/wp-content\/uploads\/2021\/10\/laurel.jpg?fit=800%2C450&ssl=1","datePublished":"2021-10-22T13:05:54+00:00","dateModified":"2021-10-22T13:07:43+00:00","breadcrumb":{"@id":"https:\/\/luxonomy.net\/es\/nace-laurel-asociacion-portuguesa-de-marcas-de-excelencia\/#breadcrumb"},"inLanguage":"es","potentialAction":[{"@type":"ReadAction","target":["https:\/\/luxonomy.net\/es\/nace-laurel-asociacion-portuguesa-de-marcas-de-excelencia\/"]}]},{"@type":"ImageObject","inLanguage":"es","@id":"https:\/\/luxonomy.net\/es\/nace-laurel-asociacion-portuguesa-de-marcas-de-excelencia\/#primaryimage","url":"https:\/\/i0.wp.com\/luxonomy.net\/wp-content\/uploads\/2021\/10\/laurel.jpg?fit=800%2C450&ssl=1","contentUrl":"https:\/\/i0.wp.com\/luxonomy.net\/wp-content\/uploads\/2021\/10\/laurel.jpg?fit=800%2C450&ssl=1","width":800,"height":450},{"@type":"BreadcrumbList","@id":"https:\/\/luxonomy.net\/es\/nace-laurel-asociacion-portuguesa-de-marcas-de-excelencia\/#breadcrumb","itemListElement":[{"@type":"ListItem","position":1,"name":"Portada","item":"https:\/\/luxonomy.net\/es\/"},{"@type":"ListItem","position":2,"name":"Nace Laurel, Asociaci\u00f3n Portuguesa de Marcas de Excelencia"}]},{"@type":"WebSite","@id":"https:\/\/luxonomy.net\/es\/#website","url":"https:\/\/luxonomy.net\/es\/","name":"LUXONOMY","description":"The Economy of Fashion &amp; Luxury","publisher":{"@id":"https:\/\/luxonomy.net\/es\/#organization"},"potentialAction":[{"@type":"SearchAction","target":{"@type":"EntryPoint","urlTemplate":"https:\/\/luxonomy.net\/es\/?s={search_term_string}"},"query-input":{"@type":"PropertyValueSpecification","valueRequired":true,"valueName":"search_term_string"}}],"inLanguage":"es"},{"@type":"Organization","@id":"https:\/\/luxonomy.net\/es\/#organization","name":"LUXONOMY","url":"https:\/\/luxonomy.net\/es\/","logo":{"@type":"ImageObject","inLanguage":"es","@id":"https:\/\/luxonomy.net\/es\/#\/schema\/logo\/image\/","url":"https:\/\/i2.wp.com\/luxonomy.net\/wp-content\/uploads\/2021\/09\/MOCKUP-TODOS-LUXONOMY.jpg?fit=1000%2C515&ssl=1","contentUrl":"https:\/\/i2.wp.com\/luxonomy.net\/wp-content\/uploads\/2021\/09\/MOCKUP-TODOS-LUXONOMY.jpg?fit=1000%2C515&ssl=1","width":1000,"height":515,"caption":"LUXONOMY"},"image":{"@id":"https:\/\/luxonomy.net\/es\/#\/schema\/logo\/image\/"},"sameAs":["https:\/\/www.facebook.com\/luxonomy","https:\/\/www.instagram.com\/luxonomy\/","https:\/\/www.linkedin.com\/company\/luxonomy\/"]},{"@type":"Person","@id":"https:\/\/luxonomy.net\/es\/#\/schema\/person\/ca588d8b741a1fdd9065289c8d98ee8c","name":"LUXONOMY","image":{"@type":"ImageObject","inLanguage":"es","@id":"https:\/\/luxonomy.net\/wp-content\/litespeed\/avatar\/a6436cdb14fdaf9c21808e63d0da2055.jpg?ver=1788366758","url":"https:\/\/luxonomy.net\/wp-content\/litespeed\/avatar\/a6436cdb14fdaf9c21808e63d0da2055.jpg?ver=1788366758","contentUrl":"https:\/\/luxonomy.net\/wp-content\/litespeed\/avatar\/a6436cdb14fdaf9c21808e63d0da2055.jpg?ver=1788366758","caption":"LUXONOMY"},"sameAs":["https:\/"],"url":"https:\/\/luxonomy.net\/es\/author\/luxonomy\/"}]}},"jetpack_publicize_connections":[],"jetpack_shortlink":"https:\/\/wp.me\/paPhBa-4EF","jetpack_sharing_enabled":true,"jetpack_featured_media_url":"https:\/\/i0.wp.com\/luxonomy.net\/wp-content\/uploads\/2021\/10\/laurel.jpg?fit=800%2C450&ssl=1","_links":{"self":[{"href":"https:\/\/luxonomy.net\/es\/wp-json\/wp\/v2\/posts\/17897","targetHints":{"allow":["GET"]}}],"collection":[{"href":"https:\/\/luxonomy.net\/es\/wp-json\/wp\/v2\/posts"}],"about":[{"href":"https:\/\/luxonomy.net\/es\/wp-json\/wp\/v2\/types\/post"}],"author":[{"embeddable":true,"href":"https:\/\/luxonomy.net\/es\/wp-json\/wp\/v2\/users\/1"}],"replies":[{"embeddable":true,"href":"https:\/\/luxonomy.net\/es\/wp-json\/wp\/v2\/comments?post=17897"}],"version-history":[{"count":2,"href":"https:\/\/luxonomy.net\/es\/wp-json\/wp\/v2\/posts\/17897\/revisions"}],"predecessor-version":[{"id":17901,"href":"https:\/\/luxonomy.net\/es\/wp-json\/wp\/v2\/posts\/17897\/revisions\/17901"}],"wp:featuredmedia":[{"embeddable":true,"href":"https:\/\/luxonomy.net\/es\/wp-json\/wp\/v2\/media\/17898"}],"wp:attachment":[{"href":"https:\/\/luxonomy.net\/es\/wp-json\/wp\/v2\/media?parent=17897"}],"wp:term":[{"taxonomy":"category","embeddable":true,"href":"https:\/\/luxonomy.net\/es\/wp-json\/wp\/v2\/categories?post=17897"},{"taxonomy":"post_tag","embeddable":true,"href":"https:\/\/luxonomy.net\/es\/wp-json\/wp\/v2\/tags?post=17897"},{"taxonomy":"thb-sponsors","embeddable":true,"href":"https:\/\/luxonomy.net\/es\/wp-json\/wp\/v2\/thb-sponsors?post=17897"}],"curies":[{"name":"wp","href":"https:\/\/api.w.org\/{rel}","templated":true}]}}